{"id":864,"date":"2025-04-14T18:40:15","date_gmt":"2025-04-14T18:40:15","guid":{"rendered":"https:\/\/1truenote.com\/?p=864"},"modified":"2025-05-19T23:22:47","modified_gmt":"2025-05-19T20:22:47","slug":"interiores-adaptativos-e-dinamicos","status":"publish","type":"post","link":"https:\/\/1truenote.com\/en\/interiores-adaptativos-e-dinamicos\/","title":{"rendered":"Interiores Adaptativos e Din\u00e2micos \u2014 Configura\u00e7\u00f5es Flex\u00edveis, Microarquitetura Urbana e Conforto Evolutivo"},"content":{"rendered":"<div class=\"fit_content\">\n                <div class=\"bd_toc_container\" data-fixedwidth=\"\">\n                    <div class=\"bd_toc_wrapper\" data-wrapperpadding=\"48px\">\n                        <div class=\"bd_toc_wrapper_item\">\n                            <div class=\"bd_toc_header active\" data-headerpadding=\"2px\">\n                                <div class=\"bd_toc_header_title\">\n                                    Sum\u00e1rio                                <\/div>\n                                <div class=\"bd_toc_switcher_hide_show_icon\">\n                                    <span class=\"bd_toc_arrow\"><\/span>                                <\/div>\n                            <\/div>\n                            <div class=\"bd_toc_content list-type-number\">\n                                <div class=\"bd_toc_content_list\">\n                                    <div class='bd_toc_content_list_item'>    <ul>\n      <li class=\"first\">\n        <a href=\"#o-espa\u00e7o-que-se-transforma-com-voc\u00ea-interiores-adaptativos-e-din\u00e2micos\">O espa\u00e7o que se transforma com voc\u00ea: Interiores adaptativos e din\u00e2micos<\/a>\n        <ul class=\"menu_level_2\">\n          <li class=\"first\">\n            <a href=\"#a-evolu\u00e7\u00e3o-da-vida-urbana-e-o-surgimento-da-microarquitetura\">A evolu\u00e7\u00e3o da vida urbana e o surgimento da microarquitetura<\/a>\n          <\/li>\n          <li>\n            <a href=\"#o-conceito-de-interiores-adaptativos-e-din\u00e2micos\">O conceito de interiores adaptativos e din\u00e2micos<\/a>\n          <\/li>\n          <li class=\"last\">\n            <a href=\"#prop\u00f3sito-deste-conte\u00fado\">Prop\u00f3sito deste conte\u00fado<\/a>\n          <\/li>\n        <\/ul>\n      <\/li>\n      <li>\n        <a href=\"#o-que-s\u00e3o-interiores-adaptativos-e-din\u00e2micos\">O que s\u00e3o interiores adaptativos e din\u00e2micos?<\/a>\n        <ul class=\"menu_level_2\">\n          <li class=\"first\">\n            <a href=\"#defini\u00e7\u00e3o-e-princ\u00edpios-do-design-adaptativo\">Defini\u00e7\u00e3o e princ\u00edpios do design adaptativo<\/a>\n          <\/li>\n          <li>\n            <a href=\"#como-a-dinamicidade-espacial-promove-funcionalidade-e-liberdade\">Como a dinamicidade espacial promove funcionalidade e liberdade<\/a>\n          <\/li>\n          <li class=\"last\">\n            <a href=\"#a-intersec\u00e7\u00e3o-entre-flexibilidade-ergonomia-e-bem-estar\">A intersec\u00e7\u00e3o entre flexibilidade, ergonomia e bem-estar<\/a>\n          <\/li>\n        <\/ul>\n      <\/li>\n      <li>\n        <a href=\"#configura\u00e7\u00f5es-flex\u00edveis-estrat\u00e9gias-que-transformam-o-uso-do-espa\u00e7o\">Configura\u00e7\u00f5es Flex\u00edveis: Estrat\u00e9gias que transformam o uso do espa\u00e7o<\/a>\n        <ul class=\"menu_level_2\">\n          <li class=\"first\">\n            <a href=\"#zonas-de-uso-m\u00faltiplo-integra\u00e7\u00e3o-inteligente-de-fun\u00e7\u00f5es\">Zonas de uso m\u00faltiplo: Integra\u00e7\u00e3o inteligente de fun\u00e7\u00f5es<\/a>\n          <\/li>\n          <li>\n            <a href=\"#mobili\u00e1rio-mut\u00e1vel-pe\u00e7as-que-se-adaptam-\u00e0s-necessidades\">Mobili\u00e1rio mut\u00e1vel: Pe\u00e7as que se adaptam \u00e0s necessidades<\/a>\n          <\/li>\n          <li class=\"last\">\n            <a href=\"#solu\u00e7\u00f5es-ocultas-e-retr\u00e1teis-maximizar-sem-poluir-visualmente\">Solu\u00e7\u00f5es ocultas e retr\u00e1teis: Maximizar sem poluir visualmente<\/a>\n          <\/li>\n        <\/ul>\n      <\/li>\n      <li>\n        <a href=\"#microarquitetura-urbana-a-nova-linguagem-dos-espa\u00e7os-compactos\">Microarquitetura Urbana: A nova linguagem dos espa\u00e7os compactos<\/a>\n        <ul class=\"menu_level_2\">\n          <li class=\"first\">\n            <a href=\"#tiny-houses-est\u00fadios-e-apartamentos-compactos-laborat\u00f3rios-de-inova\u00e7\u00e3o\">Tiny houses, est\u00fadios e apartamentos compactos: Laborat\u00f3rios de inova\u00e7\u00e3o<\/a>\n          <\/li>\n          <li>\n            <a href=\"#estruturas-modulares-e-constru\u00e7\u00e3o-inteligente\">Estruturas modulares e constru\u00e7\u00e3o inteligente<\/a>\n          <\/li>\n          <li class=\"last\">\n            <a href=\"#projetos-de-refer\u00eancia-em-microarquitetura-adaptativa\">Projetos de refer\u00eancia em microarquitetura adaptativa<\/a>\n          <\/li>\n        <\/ul>\n      <\/li>\n      <li>\n        <a href=\"#conforto-evolutivo-o-futuro-da-experi\u00eancia-de-morar\">Conforto Evolutivo: O futuro da experi\u00eancia de morar<\/a>\n        <ul class=\"menu_level_2\">\n          <li class=\"first\">\n            <a href=\"#como-o-espa\u00e7o-pode-evoluir-junto-com-o-estilo-de-vida-do-morador\">Como o espa\u00e7o pode evoluir junto com o estilo de vida do morador<\/a>\n          <\/li>\n          <li>\n            <a href=\"#sensibilidade-espacial-ilumina\u00e7\u00e3o-texturas-ac\u00fastica-e-ergonomia-adapt\u00e1veis\">Sensibilidade espacial: Ilumina\u00e7\u00e3o, texturas, ac\u00fastica e ergonomia adapt\u00e1veis<\/a>\n          <\/li>\n          <li class=\"last\">\n            <a href=\"#automa\u00e7\u00e3o-residencial-e-smart-homes-espa\u00e7os-que-sentem-e-reagem\">Automa\u00e7\u00e3o residencial e smart homes: Espa\u00e7os que sentem e reagem<\/a>\n          <\/li>\n        <\/ul>\n      <\/li>\n      <li>\n        <a href=\"#morar-\u00e9-evoluir-com-o-espa\u00e7o\">Morar \u00e9 evoluir com o espa\u00e7o<\/a>\n      <\/li>\n      <li>\n        <a href=\"#faq-perguntas-frequentes-sobre-interiores-adaptativos-e-din\u00e2micos\">FAQ \u2013 Perguntas Frequentes sobre Interiores Adaptativos e Din\u00e2micos<\/a>\n        <ul class=\"menu_level_2\">\n          <li class=\"first\">\n            <a href=\"#1-quais-s\u00e3o-os-maiores-benef\u00edcios-dos-interiores-adaptativos-em-microambientes\">1. Quais s\u00e3o os maiores benef\u00edcios dos interiores adaptativos em microambientes?<\/a>\n          <\/li>\n          <li>\n            <a href=\"#2-m\u00f3veis-multifuncionais-realmente-substituem-a-necessidade-de-espa\u00e7o-extra\">2. M\u00f3veis multifuncionais realmente substituem a necessidade de espa\u00e7o extra?<\/a>\n          <\/li>\n          <li>\n            <a href=\"#3-como-iniciar-um-projeto-de-configura\u00e7\u00e3o-flex\u00edvel-em-ambientes-pequenos\">3. Como iniciar um projeto de configura\u00e7\u00e3o flex\u00edvel em ambientes pequenos?<\/a>\n          <\/li>\n          <li>\n            <a href=\"#4-que-materiais-ou-tecnologias-potencializam-a-microarquitetura-urbana\">4. Que materiais ou tecnologias potencializam a microarquitetura urbana?<\/a>\n          <\/li>\n          <li class=\"last\">\n            <a href=\"#5-espa\u00e7os-adaptativos-aumentam-a-valoriza\u00e7\u00e3o-do-im\u00f3vel\">5. Espa\u00e7os adaptativos aumentam a valoriza\u00e7\u00e3o do im\u00f3vel?<\/a>\n          <\/li>\n        <\/ul>\n      <\/li>\n      <li class=\"last\">\n        <a href=\"#conclus\u00e3o-sobre-interiores-adaptativos-e-din\u00e2micos\">Conclus\u00e3o sobre Interiores Adaptativos e Din\u00e2micos<\/a>\n      <\/li>\n    <\/ul>\n<\/div>                                <\/div>\n                            <\/div>\n                        <\/div>\n                    <\/div>\n                    <div class=\"layout_toggle_button\">\n                        <span class=\"bd_toc_arrow\"><\/span>\n                    <\/div>\n                <\/div>\n            <\/div>\n\n    \n\n\n<h2 id='o-espa\u00e7o-que-se-transforma-com-voc\u00ea-interiores-adaptativos-e-din\u00e2micos'  class=\"wp-block-heading\"><strong>O espa\u00e7o que se transforma com voc\u00ea<\/strong>: Interiores adaptativos e din\u00e2micos<\/h2>\n\n\n\n<p>Vivemos em uma era onde o espa\u00e7o, assim como nossas rotinas e estilos de vida, precisa ser fluido, vers\u00e1til e em constante adapta\u00e7\u00e3o.<\/p>\n\n\n\n<p>Dentro desse cen\u00e1rio urbano contempor\u00e2neo, surgem os <strong>interiores adaptativos e din\u00e2micos \u2014 configura\u00e7\u00f5es flex\u00edveis, microarquitetura urbana e conforto evolutivo<\/strong> como resposta direta \u00e0s novas exig\u00eancias de habitar o mundo moderno.<\/p>\n\n\n\n<h3 id='a-evolu\u00e7\u00e3o-da-vida-urbana-e-o-surgimento-da-microarquitetura'  class=\"wp-block-heading\"><strong>A evolu\u00e7\u00e3o da vida urbana e o surgimento da microarquitetura<\/strong><\/h3>\n\n\n\n<p>O aumento das popula\u00e7\u00f5es urbanas, a redu\u00e7\u00e3o de \u00e1reas residenciais e a mudan\u00e7a dos padr\u00f5es de vida exigiram novas abordagens arquitet\u00f4nicas. A microarquitetura urbana \u2014 focada em otimizar pequenos espa\u00e7os \u2014 tornou-se n\u00e3o apenas uma tend\u00eancia, mas uma necessidade.<\/p>\n\n\n\n<p>Esses ambientes compactos desafiam arquitetos, designers e usu\u00e1rios a pensar em espa\u00e7os que sejam mais do que fixos: que evoluam, se adaptem e ofere\u00e7am uma nova qualidade de vida.<\/p>\n\n\n\n<hr class=\"wp-block-separator has-alpha-channel-opacity\"\/>\n\n\n\n<h3 id='o-conceito-de-interiores-adaptativos-e-din\u00e2micos'  class=\"wp-block-heading\"><strong>O conceito de interiores adaptativos e din\u00e2micos<\/strong><\/h3>\n\n\n\n<p>Diferente dos modelos tradicionais de ocupa\u00e7\u00e3o do espa\u00e7o, os <strong>interiores adaptativos e din\u00e2micos<\/strong> prop\u00f5em ambientes que:<\/p>\n\n\n\n<ul class=\"wp-block-list\">\n<li>Se reorganizam ao longo do dia.<\/li>\n\n\n\n<li>Incorporam m\u00faltiplas fun\u00e7\u00f5es em um mesmo volume.<\/li>\n\n\n\n<li>Dialogam com a rotina do usu\u00e1rio, antecipando suas necessidades.<\/li>\n<\/ul>\n\n\n\n<p>Essa flexibilidade \u00e9 o alicerce para criar microambientes que crescem, mudam e se moldam conforme os ciclos e transforma\u00e7\u00f5es de quem os habita.<\/p>\n\n\n\n<hr class=\"wp-block-separator has-alpha-channel-opacity\"\/>\n\n\n\n<h3 id='prop\u00f3sito-deste-conte\u00fado'  class=\"wp-block-heading\"><strong>Prop\u00f3sito deste conte\u00fado<\/strong><\/h3>\n\n\n\n<p>Neste artigo, voc\u00ea descobrir\u00e1:<\/p>\n\n\n\n<ul class=\"wp-block-list\">\n<li>O que s\u00e3o interiores adaptativos e din\u00e2micos e como funcionam na pr\u00e1tica.<\/li>\n\n\n\n<li>Estrat\u00e9gias para criar configura\u00e7\u00f5es flex\u00edveis eficientes e humanizadas.<\/li>\n\n\n\n<li>Como a microarquitetura urbana e o conceito de conforto evolutivo est\u00e3o redefinindo a experi\u00eancia de morar em espa\u00e7os compactos.<\/li>\n<\/ul>\n\n\n\n<p>Prepare-se para repensar a forma como interagimos com nossos ambientes.<br>Vamos explorar juntos um novo horizonte da arquitetura contempor\u00e2nea!<\/p>\n\n\n\n<hr class=\"wp-block-separator has-alpha-channel-opacity\"\/>\n\n\n\n<h2 id='o-que-s\u00e3o-interiores-adaptativos-e-din\u00e2micos'  class=\"wp-block-heading\"><strong>O que s\u00e3o interiores adaptativos e din\u00e2micos?<\/strong><\/h2>\n\n\n\n<p>Os <strong>interiores adaptativos e din\u00e2micos<\/strong> representam uma evolu\u00e7\u00e3o no modo de projetar e viver espa\u00e7os. Em vez de ambientes fixos e r\u00edgidos, surgem espa\u00e7os flex\u00edveis, capazes de se transformar conforme o tempo, a necessidade e o estilo de vida dos moradores.<\/p>\n\n\n\n<p>Essa abordagem entende o espa\u00e7o como algo <strong>vivo<\/strong>, mut\u00e1vel e em permanente di\u00e1logo com quem o ocupa.<\/p>\n\n\n\n<hr class=\"wp-block-separator has-alpha-channel-opacity\"\/>\n\n\n\n<h3 id='defini\u00e7\u00e3o-e-princ\u00edpios-do-design-adaptativo'  class=\"wp-block-heading\"><strong>Defini\u00e7\u00e3o e princ\u00edpios do design adaptativo<\/strong><\/h3>\n\n\n\n<p>No centro dos <strong>interiores adaptativos e din\u00e2micos<\/strong> est\u00e1 o princ\u00edpio da <strong>adaptabilidade cont\u00ednua<\/strong>:<\/p>\n\n\n\n<ul class=\"wp-block-list\">\n<li>O ambiente deve ser capaz de <strong>modificar sua configura\u00e7\u00e3o<\/strong> para atender diferentes fun\u00e7\u00f5es (trabalho, lazer, descanso).<\/li>\n\n\n\n<li>Elementos do mobili\u00e1rio, ilumina\u00e7\u00e3o e circula\u00e7\u00e3o devem ser <strong>male\u00e1veis<\/strong> e <strong>reconfigur\u00e1veis<\/strong>.<\/li>\n\n\n\n<li>O espa\u00e7o precisa responder <strong>tanto \u00e0s necessidades pr\u00e1ticas<\/strong> quanto <strong>\u00e0s mudan\u00e7as emocionais<\/strong> e <strong>comportamentais<\/strong> do usu\u00e1rio.<\/li>\n<\/ul>\n\n\n\n<p>Essa abordagem vai al\u00e9m da multifuncionalidade tradicional: ela prop\u00f5e espa\u00e7os que se reinventam junto com o tempo.<\/p>\n\n\n\n<hr class=\"wp-block-separator has-alpha-channel-opacity\"\/>\n\n\n\n<h3 id='como-a-dinamicidade-espacial-promove-funcionalidade-e-liberdade'  class=\"wp-block-heading\"><strong>Como a dinamicidade espacial promove funcionalidade e liberdade<\/strong><\/h3>\n\n\n\n<p>Em ambientes compactos, onde cada metro quadrado conta, a possibilidade de reconfigurar o espa\u00e7o traz:<\/p>\n\n\n\n<ul class=\"wp-block-list\">\n<li><strong>Maior sensa\u00e7\u00e3o de liberdade<\/strong>: o ambiente n\u00e3o limita, mas potencializa as atividades do dia a dia.<\/li>\n\n\n\n<li><strong>Maximiza\u00e7\u00e3o do uso do espa\u00e7o<\/strong>: a mesma \u00e1rea pode assumir m\u00faltiplas fun\u00e7\u00f5es sem comprometer o conforto.<\/li>\n\n\n\n<li><strong>Redu\u00e7\u00e3o de desperd\u00edcio de \u00e1rea<\/strong>: espa\u00e7os ociosos ou subutilizados s\u00e3o eliminados.<\/li>\n<\/ul>\n\n\n\n<p>Por isso, os <strong>interiores adaptativos e din\u00e2micos<\/strong> tornam-se a solu\u00e7\u00e3o perfeita para microambientes urbanos, est\u00fadios, lofts e tiny houses.<\/p>\n\n\n\n<hr class=\"wp-block-separator has-alpha-channel-opacity\"\/>\n\n\n\n<h3 id='a-intersec\u00e7\u00e3o-entre-flexibilidade-ergonomia-e-bem-estar'  class=\"wp-block-heading\"><strong>A intersec\u00e7\u00e3o entre flexibilidade, ergonomia e bem-estar<\/strong><\/h3>\n\n\n\n<p>O verdadeiro sucesso dos <strong>interiores adaptativos e din\u00e2micos<\/strong> n\u00e3o est\u00e1 apenas na est\u00e9tica ou no ganho de espa\u00e7o, mas na melhoria da <strong>qualidade de vida<\/strong>.<br><br><\/p>\n\n\n\n<p>Quando a flexibilidade espacial \u00e9 combinada com princ\u00edpios de ergonomia e bem-estar sensorial (como ilumina\u00e7\u00e3o natural, conforto t\u00e9rmico e ac\u00fastico), o resultado \u00e9 um ambiente que acolhe, respeita e potencializa a vida do morador.<\/p>\n\n\n\n<hr class=\"wp-block-separator has-alpha-channel-opacity\"\/>\n\n\n\n<h2 id='configura\u00e7\u00f5es-flex\u00edveis-estrat\u00e9gias-que-transformam-o-uso-do-espa\u00e7o'  class=\"wp-block-heading\"><strong>Configura\u00e7\u00f5es Flex\u00edveis: Estrat\u00e9gias que transformam o uso do espa\u00e7o<\/strong><\/h2>\n\n\n\n<p>Nos <strong>interiores adaptativos e din\u00e2micos<\/strong>, o conceito de espa\u00e7o r\u00edgido e hier\u00e1rquico d\u00e1 lugar \u00e0 liberdade de configura\u00e7\u00e3o.<\/p>\n\n\n\n<p>Ambientes pequenos ou multifuncionais precisam ser pensados para se adaptar com facilidade, permitindo que cada metro quadrado cumpra m\u00faltiplos pap\u00e9is conforme o momento e a necessidade.<\/p>\n\n\n\n<p>A seguir, exploramos as principais estrat\u00e9gias para aplicar configura\u00e7\u00f5es flex\u00edveis com sucesso.<\/p>\n\n\n\n<hr class=\"wp-block-separator has-alpha-channel-opacity\"\/>\n\n\n\n<h3 id='zonas-de-uso-m\u00faltiplo-integra\u00e7\u00e3o-inteligente-de-fun\u00e7\u00f5es'  class=\"wp-block-heading\"><strong>Zonas de uso m\u00faltiplo: Integra\u00e7\u00e3o inteligente de fun\u00e7\u00f5es<\/strong><\/h3>\n\n\n\n<p>Dividir um ambiente pequeno em zonas espec\u00edficas \u2014 trabalho, descanso, lazer \u2014 sem perder integra\u00e7\u00e3o \u00e9 um dos maiores desafios dos <strong>interiores adaptativos e din\u00e2micos<\/strong>.<\/p>\n\n\n\n<p><strong>T\u00e1ticas eficazes incluem:<\/strong><\/p>\n\n\n\n<ul class=\"wp-block-list\">\n<li>Usar tapetes, ilumina\u00e7\u00e3o diferenciada ou n\u00edveis de piso para delimitar zonas sutis.<\/li>\n\n\n\n<li>Criar &#8220;ilhas funcionais&#8221; m\u00f3veis, como bancadas ou divis\u00f3rias retr\u00e1teis.<\/li>\n\n\n\n<li>Priorizar layouts que permitam a r\u00e1pida convers\u00e3o do ambiente entre fun\u00e7\u00f5es (ex.: sala durante o dia, quarto \u00e0 noite).<\/li>\n<\/ul>\n\n\n\n<p>A integra\u00e7\u00e3o de fun\u00e7\u00f5es respeita a fluidez do espa\u00e7o, sem gerar conflitos de uso.<\/p>\n\n\n\n<hr class=\"wp-block-separator has-alpha-channel-opacity\"\/>\n\n\n\n<h3 id='mobili\u00e1rio-mut\u00e1vel-pe\u00e7as-que-se-adaptam-\u00e0s-necessidades'  class=\"wp-block-heading\"><strong>Mobili\u00e1rio mut\u00e1vel: Pe\u00e7as que se adaptam \u00e0s necessidades<\/strong><\/h3>\n\n\n\n<p>O mobili\u00e1rio \u00e9 protagonista nas configura\u00e7\u00f5es flex\u00edveis.<br>M\u00f3veis inteligentes s\u00e3o aqueles que conseguem se transformar ou &#8220;desaparecer&#8221; quando necess\u00e1rio.<\/p>\n\n\n\n<p><strong>Exemplos pr\u00e1ticos:<\/strong><\/p>\n\n\n\n<ul class=\"wp-block-list\">\n<li>Mesas dobr\u00e1veis que se recolhem na parede.<\/li>\n\n\n\n<li>Sof\u00e1s modulares que se reorganizam em diferentes layouts.<\/li>\n\n\n\n<li>Paredes m\u00f3veis ou deslizantes que ampliam ou reduzem espa\u00e7os de acordo com o uso.<\/li>\n<\/ul>\n\n\n\n<p>Esses elementos tornam os <strong>interiores adaptativos e din\u00e2micos<\/strong> extremamente eficientes, maximizando o aproveitamento real da \u00e1rea dispon\u00edvel.<\/p>\n\n\n\n<hr class=\"wp-block-separator has-alpha-channel-opacity\"\/>\n\n\n\n<h3 id='solu\u00e7\u00f5es-ocultas-e-retr\u00e1teis-maximizar-sem-poluir-visualmente'  class=\"wp-block-heading\"><strong>Solu\u00e7\u00f5es ocultas e retr\u00e1teis: Maximizar sem poluir visualmente<\/strong><\/h3>\n\n\n\n<p>Em microambientes, a organiza\u00e7\u00e3o sensorial \u00e9 t\u00e3o importante quanto a funcional.<br>Por isso, solu\u00e7\u00f5es ocultas ajudam a manter a sensa\u00e7\u00e3o de amplitude, mesmo com alto n\u00edvel de funcionalidade.<\/p>\n\n\n\n<p><strong>Aplica\u00e7\u00f5es pr\u00e1ticas:<\/strong><\/p>\n\n\n\n<ul class=\"wp-block-list\">\n<li>Camas embutidas que desaparecem durante o dia.<\/li>\n\n\n\n<li>Esta\u00e7\u00f5es de trabalho que se fecham em arm\u00e1rios discretos.<\/li>\n\n\n\n<li>Cozinhas compactas que se ocultam atr\u00e1s de pain\u00e9is.<\/li>\n<\/ul>\n\n\n\n<p>Esses recursos garantem que os <strong>interiores adaptativos e din\u00e2micos<\/strong> sejam t\u00e3o eficientes quanto esteticamente agrad\u00e1veis, promovendo conforto visual e mental.<\/p>\n\n\n\n<hr class=\"wp-block-separator has-alpha-channel-opacity\"\/>\n\n\n\n<p><strong>Dominar essas estrat\u00e9gias \u00e9 fundamental para projetar ambientes que n\u00e3o apenas acomodem a vida moderna, mas que evoluam com ela, garantindo funcionalidade, fluidez e bem-estar.<\/strong><\/p>\n\n\n\n<hr class=\"wp-block-separator has-alpha-channel-opacity\"\/>\n\n\n\n<figure class=\"wp-block-image size-large\"><img data-recalc-dims=\"1\" fetchpriority=\"high\" decoding=\"async\" width=\"1024\" height=\"683\" src=\"https:\/\/i0.wp.com\/1truenote.com\/wp-content\/uploads\/2025\/04\/ChatGPT-Image-14-de-abr.-de-2025-15_32_44.png?resize=1024%2C683&#038;ssl=1\" alt=\"Interiores Adaptativos e Din\u00e2micos \u2014 Configura\u00e7\u00f5es Flex\u00edveis, Microarquitetura Urbana e Conforto Evolutivo\" class=\"wp-image-867\" srcset=\"https:\/\/i0.wp.com\/1truenote.com\/wp-content\/uploads\/2025\/04\/ChatGPT-Image-14-de-abr.-de-2025-15_32_44.png?resize=1024%2C683&amp;ssl=1 1024w, https:\/\/i0.wp.com\/1truenote.com\/wp-content\/uploads\/2025\/04\/ChatGPT-Image-14-de-abr.-de-2025-15_32_44.png?resize=300%2C200&amp;ssl=1 300w, https:\/\/i0.wp.com\/1truenote.com\/wp-content\/uploads\/2025\/04\/ChatGPT-Image-14-de-abr.-de-2025-15_32_44.png?resize=768%2C512&amp;ssl=1 768w, https:\/\/i0.wp.com\/1truenote.com\/wp-content\/uploads\/2025\/04\/ChatGPT-Image-14-de-abr.-de-2025-15_32_44.png?w=1536&amp;ssl=1 1536w\" sizes=\"(max-width: 1024px) 100vw, 1024px\" \/><\/figure>\n\n\n\n<h2 id='microarquitetura-urbana-a-nova-linguagem-dos-espa\u00e7os-compactos'  class=\"wp-block-heading\"><strong>Microarquitetura Urbana: A nova linguagem dos espa\u00e7os compactos<\/strong><\/h2>\n\n\n\n<p>A ascens\u00e3o das cidades densas e o encarecimento do solo urbano impulsionaram o surgimento de uma nova disciplina dentro da arquitetura contempor\u00e2nea: a <strong>microarquitetura urbana<\/strong>.<br>Essa abordagem tem como base o aproveitamento m\u00e1ximo do espa\u00e7o sem comprometer o conforto, a est\u00e9tica ou a funcionalidade \u2014 pilares centrais dos <strong>interiores adaptativos e din\u00e2micos<\/strong>.<\/p>\n\n\n\n<hr class=\"wp-block-separator has-alpha-channel-opacity\"\/>\n\n\n\n<h3 id='tiny-houses-est\u00fadios-e-apartamentos-compactos-laborat\u00f3rios-de-inova\u00e7\u00e3o'  class=\"wp-block-heading\"><strong>Tiny houses, est\u00fadios e apartamentos compactos: Laborat\u00f3rios de inova\u00e7\u00e3o<\/strong><\/h3>\n\n\n\n<p>Microambientes urbanos, como studios de 20m\u00b2, tiny houses m\u00f3veis e apartamentos retrofitados, tornaram-se verdadeiros laborat\u00f3rios de inova\u00e7\u00e3o espacial.<\/p>\n\n\n\n<p><strong>Tend\u00eancias marcantes incluem:<\/strong><\/p>\n\n\n\n<ul class=\"wp-block-list\">\n<li>Plantas abertas e minimalistas, eliminando paredes desnecess\u00e1rias.<\/li>\n\n\n\n<li>M\u00f3veis embutidos, ocultos ou reconfigur\u00e1veis.<\/li>\n\n\n\n<li>Uso estrat\u00e9gico da luz natural para expandir sensorialmente o espa\u00e7o.<\/li>\n<\/ul>\n\n\n\n<p>Esses projetos demonstram como as limita\u00e7\u00f5es de \u00e1rea podem ser superadas com criatividade e intelig\u00eancia projetual.<\/p>\n\n\n\n<hr class=\"wp-block-separator has-alpha-channel-opacity\"\/>\n\n\n\n<h3 id='estruturas-modulares-e-constru\u00e7\u00e3o-inteligente'  class=\"wp-block-heading\"><strong>Estruturas modulares e constru\u00e7\u00e3o inteligente<\/strong><\/h3>\n\n\n\n<p>Outro elemento central na microarquitetura urbana \u00e9 o uso de m\u00f3dulos pr\u00e9-fabricados e estruturas inteligentes, capazes de acelerar a constru\u00e7\u00e3o e aumentar a flexibilidade.<\/p>\n\n\n\n<p><strong>Vantagens da constru\u00e7\u00e3o modular:<\/strong><\/p>\n\n\n\n<ul class=\"wp-block-list\">\n<li>Redu\u00e7\u00e3o de desperd\u00edcio de materiais.<\/li>\n\n\n\n<li>Facilidade de adapta\u00e7\u00e3o ou expans\u00e3o futura.<\/li>\n\n\n\n<li>Menor impacto ambiental e maior efici\u00eancia energ\u00e9tica.<\/li>\n<\/ul>\n\n\n\n<p>Essas solu\u00e7\u00f5es modul\u00e1veis s\u00e3o absolutamente compat\u00edveis com a filosofia dos <strong>interiores adaptativos e din\u00e2micos<\/strong>, permitindo que o espa\u00e7o seja moldado conforme as necessidades de seus habitantes.<\/p>\n\n\n\n<hr class=\"wp-block-separator has-alpha-channel-opacity\"\/>\n\n\n\n<h3 id='projetos-de-refer\u00eancia-em-microarquitetura-adaptativa'  class=\"wp-block-heading\"><strong>Projetos de refer\u00eancia em microarquitetura adaptativa<\/strong><\/h3>\n\n\n\n<p><strong>Exemplos inspiradores:<\/strong><\/p>\n\n\n\n<ul class=\"wp-block-list\">\n<li><strong>Apartamento Transformer, Hong Kong (Gary Chang):<\/strong> 32m\u00b2 com 24 configura\u00e7\u00f5es poss\u00edveis usando paredes deslizantes.<\/li>\n\n\n\n<li><strong>Microapartamento Graham Hill, Nova York:<\/strong> mobili\u00e1rio modular e zonas ocultas criam fun\u00e7\u00f5es completas em apenas 39m\u00b2.<\/li>\n\n\n\n<li><strong>Casa no Cont\u00eainer, T\u00f3quio:<\/strong> exemplo de microarquitetura modular compacta e altamente adaptativa.<\/li>\n<\/ul>\n\n\n\n<p>Esses projetos refor\u00e7am como o conceito de <strong>interiores adaptativos e din\u00e2micos<\/strong> \u00e9 o motor de uma nova maneira de habitar o espa\u00e7o urbano: inteligente, fluida e profundamente humana.<\/p>\n\n\n\n<hr class=\"wp-block-separator has-alpha-channel-opacity\"\/>\n\n\n\n<h2 id='conforto-evolutivo-o-futuro-da-experi\u00eancia-de-morar'  class=\"wp-block-heading\"><strong>Conforto Evolutivo: O futuro da experi\u00eancia de morar<\/strong><\/h2>\n\n\n\n<p>Nos <strong>interiores adaptativos e din\u00e2micos<\/strong>, conforto vai al\u00e9m da ergonomia tradicional.<br>Aqui, o espa\u00e7o precisa evoluir junto com a rotina, as necessidades emocionais e os ritmos naturais de quem o habita.<br>\u00c9 o que chamamos de <strong>conforto evolutivo<\/strong> \u2014 uma nova vis\u00e3o que transforma a experi\u00eancia de morar em algo vivo, responsivo e conectado.<\/p>\n\n\n\n<hr class=\"wp-block-separator has-alpha-channel-opacity\"\/>\n\n\n\n<h3 id='como-o-espa\u00e7o-pode-evoluir-junto-com-o-estilo-de-vida-do-morador'  class=\"wp-block-heading\"><strong>Como o espa\u00e7o pode evoluir junto com o estilo de vida do morador<\/strong><\/h3>\n\n\n\n<p>A vida contempor\u00e2nea \u00e9 marcada por mudan\u00e7as constantes: trabalho h\u00edbrido, novas configura\u00e7\u00f5es familiares, hobbies que exigem espa\u00e7o, momentos de recolhimento e expans\u00e3o.<br>Por isso, o ambiente f\u00edsico precisa acompanhar essas transforma\u00e7\u00f5es.<\/p>\n\n\n\n<p><strong>Caracter\u00edsticas do espa\u00e7o evolutivo:<\/strong><\/p>\n\n\n\n<ul class=\"wp-block-list\">\n<li>Capacidade de reconfigura\u00e7\u00e3o r\u00e1pida conforme a necessidade.<\/li>\n\n\n\n<li>Facilidade de adapta\u00e7\u00e3o para novas fun\u00e7\u00f5es, sem reformas invasivas.<\/li>\n\n\n\n<li>Modularidade que permite crescimento ou simplifica\u00e7\u00e3o ao longo do tempo.<\/li>\n<\/ul>\n\n\n\n<p>Nos melhores <strong>interiores adaptativos e din\u00e2micos<\/strong>, a casa deixa de ser um cen\u00e1rio fixo para se tornar um parceiro ativo do estilo de vida.<\/p>\n\n\n\n<hr class=\"wp-block-separator has-alpha-channel-opacity\"\/>\n\n\n\n<h3 id='sensibilidade-espacial-ilumina\u00e7\u00e3o-texturas-ac\u00fastica-e-ergonomia-adapt\u00e1veis'  class=\"wp-block-heading\"><strong>Sensibilidade espacial: Ilumina\u00e7\u00e3o, texturas, ac\u00fastica e ergonomia adapt\u00e1veis<\/strong><\/h3>\n\n\n\n<p>O conforto evolutivo tamb\u00e9m se apoia nos sentidos:<\/p>\n\n\n\n<ul class=\"wp-block-list\">\n<li><strong>Ilumina\u00e7\u00e3o:<\/strong> luzes ajust\u00e1veis em intensidade e temperatura, acompanhando ciclos naturais de energia e relaxamento.<\/li>\n\n\n\n<li><strong>Texturas:<\/strong> materiais naturais e reconfortantes que modulam a percep\u00e7\u00e3o t\u00e1til do espa\u00e7o.<\/li>\n\n\n\n<li><strong>Ac\u00fastica:<\/strong> prote\u00e7\u00e3o contra ru\u00eddos externos e controle sonoro interno, criando atmosferas espec\u00edficas para diferentes atividades.<\/li>\n\n\n\n<li><strong>Ergonomia adapt\u00e1vel:<\/strong> m\u00f3veis ajust\u00e1veis que respeitam diferentes posturas e necessidades corporais ao longo do dia.<\/li>\n<\/ul>\n\n\n\n<p>Esses elementos refinam a experi\u00eancia sensorial e emocional, integrando os espa\u00e7os ao cotidiano de maneira mais profunda.<\/p>\n\n\n\n<hr class=\"wp-block-separator has-alpha-channel-opacity\"\/>\n\n\n\n<h3 id='automa\u00e7\u00e3o-residencial-e-smart-homes-espa\u00e7os-que-sentem-e-reagem'  class=\"wp-block-heading\"><strong>Automa\u00e7\u00e3o residencial e smart homes: Espa\u00e7os que sentem e reagem<\/strong><\/h3>\n\n\n\n<p>A tecnologia tamb\u00e9m desempenha um papel crucial no conforto evolutivo:<\/p>\n\n\n\n<ul class=\"wp-block-list\">\n<li>Sistemas de automa\u00e7\u00e3o que ajustam luz, som, temperatura e seguran\u00e7a automaticamente.<\/li>\n\n\n\n<li>Casas conectadas que aprendem h\u00e1bitos e antecipam necessidades.<\/li>\n\n\n\n<li>Equipamentos inteligentes que otimizam o uso de recursos energ\u00e9ticos.<\/li>\n<\/ul>\n\n\n\n<p>Nos <strong>interiores adaptativos e din\u00e2micos<\/strong>, a tecnologia n\u00e3o \u00e9 um adorno, mas um suporte silencioso \u00e0 fluidez da vida.<\/p>\n\n\n\n<hr class=\"wp-block-separator has-alpha-channel-opacity\"\/>\n\n\n\n<p><strong>O conforto evolutivo redefine o morar: um espa\u00e7o que respira, sente, acolhe e cresce junto com seus habitantes \u2014 t\u00e3o din\u00e2mico quanto a vida contempor\u00e2nea exige.<\/strong><\/p>\n\n\n\n<hr class=\"wp-block-separator has-alpha-channel-opacity\"\/>\n\n\n\n<h2 id='morar-\u00e9-evoluir-com-o-espa\u00e7o'  class=\"wp-block-heading\"><strong>Morar \u00e9 evoluir com o espa\u00e7o<\/strong><\/h2>\n\n\n\n<p>A era dos espa\u00e7os r\u00edgidos e imut\u00e1veis est\u00e1 chegando ao fim.<br>Com os <strong>interiores adaptativos e din\u00e2micos<\/strong>, o morar se transforma em uma experi\u00eancia viva \u2014 onde cada metro quadrado \u00e9 desenhado para acompanhar os ritmos, desejos e evolu\u00e7\u00f5es da vida moderna.<\/p>\n\n\n\n<p>Projetar espa\u00e7os capazes de se adaptar, mudar e evoluir junto com seus habitantes \u00e9 mais do que uma tend\u00eancia: \u00e9 uma necessidade em um mundo que pede cada vez mais agilidade, sensibilidade e intelig\u00eancia.<\/p>\n\n\n\n<p><strong>Em ambientes flex\u00edveis, o conforto \u00e9 din\u00e2mico, o design \u00e9 humano e o futuro j\u00e1 come\u00e7ou.<\/strong> Vamos ao FAQ dos Interiores Adaptativos e Din\u00e2micos.<\/p>\n\n\n\n<hr class=\"wp-block-separator has-alpha-channel-opacity\"\/>\n\n\n\n<h2 id='faq-perguntas-frequentes-sobre-interiores-adaptativos-e-din\u00e2micos'  class=\"wp-block-heading\"><strong>FAQ \u2013 Perguntas Frequentes sobre Interiores Adaptativos e Din\u00e2micos<\/strong><\/h2>\n\n\n<div id=\"rank-math-faq\" class=\"rank-math-block\">\n<div class=\"rank-math-list\">\n<div id=\"faq-question-1747686053799\" class=\"rank-math-list-item\">\n<h3 id='1-quais-s\u00e3o-os-maiores-benef\u00edcios-dos-interiores-adaptativos-em-microambientes'  class=\"rank-math-question\"><strong>1. Quais s\u00e3o os maiores benef\u00edcios dos interiores adaptativos em microambientes?<\/strong><\/h3>\n<div class=\"rank-math-answer\">\n\n<p>Os <strong>interiores adaptativos e din\u00e2micos<\/strong> oferecem flexibilidade para que ambientes compactos assumam m\u00faltiplas fun\u00e7\u00f5es sem perder o conforto.<br \/>Eles aumentam a funcionalidade real, melhoram a circula\u00e7\u00e3o, reduzem a sensa\u00e7\u00e3o de aperto e se adaptam \u00e0 evolu\u00e7\u00e3o das necessidades do morador.<\/p>\n\n<\/div>\n<\/div>\n<div id=\"faq-question-1747686062406\" class=\"rank-math-list-item\">\n<h3 id='2-m\u00f3veis-multifuncionais-realmente-substituem-a-necessidade-de-espa\u00e7o-extra'  class=\"rank-math-question\"><strong>2. M\u00f3veis multifuncionais realmente substituem a necessidade de espa\u00e7o extra?<\/strong><\/h3>\n<div class=\"rank-math-answer\">\n\n<p>Sim, quando escolhidos e aplicados corretamente.<br \/>M\u00f3veis dobr\u00e1veis, retr\u00e1teis e modulares s\u00e3o pe\u00e7as-chave nos <strong>interiores adaptativos e din\u00e2micos<\/strong>, proporcionando versatilidade para transformar o ambiente sem necessidade de amplia\u00e7\u00e3o f\u00edsica.<\/p>\n\n<\/div>\n<\/div>\n<div id=\"faq-question-1747686075815\" class=\"rank-math-list-item\">\n<h3 id='3-como-iniciar-um-projeto-de-configura\u00e7\u00e3o-flex\u00edvel-em-ambientes-pequenos'  class=\"rank-math-question\"><strong>3. Como iniciar um projeto de configura\u00e7\u00e3o flex\u00edvel em ambientes pequenos?<\/strong><\/h3>\n<div class=\"rank-math-answer\">\n\n<p>O primeiro passo \u00e9 entender o estilo de vida do usu\u00e1rio: atividades di\u00e1rias, prioridades de uso e rotina.<br \/>A partir da\u00ed, o projeto foca na defini\u00e7\u00e3o de zonas h\u00edbridas e na escolha de m\u00f3veis e elementos arquitet\u00f4nicos adapt\u00e1veis \u2014 princ\u00edpios b\u00e1sicos dos <strong>interiores adaptativos e din\u00e2micos<\/strong>.<\/p>\n\n<\/div>\n<\/div>\n<div id=\"faq-question-1747686082865\" class=\"rank-math-list-item\">\n<h3 id='4-que-materiais-ou-tecnologias-potencializam-a-microarquitetura-urbana'  class=\"rank-math-question\"><strong>4. Que materiais ou tecnologias potencializam a microarquitetura urbana?<\/strong><\/h3>\n<div class=\"rank-math-answer\">\n\n<p>Materiais leves, estruturas modulares, vidros inteligentes, sistemas de automa\u00e7\u00e3o e m\u00f3veis de alta efici\u00eancia espacial s\u00e3o grandes aliados.<br \/>Esses elementos permitem que os <strong>interiores adaptativos e din\u00e2micos<\/strong> sejam flex\u00edveis, eficientes e sustent\u00e1veis.<\/p>\n\n<\/div>\n<\/div>\n<div id=\"faq-question-1747686095857\" class=\"rank-math-list-item\">\n<h3 id='5-espa\u00e7os-adaptativos-aumentam-a-valoriza\u00e7\u00e3o-do-im\u00f3vel'  class=\"rank-math-question\"><strong>5. Espa\u00e7os adaptativos aumentam a valoriza\u00e7\u00e3o do im\u00f3vel?<\/strong><\/h3>\n<div class=\"rank-math-answer\">\n\n<p>Sim.<br \/>Ambientes que demonstram intelig\u00eancia espacial, adaptabilidade e qualidade de vida t\u00eam maior valor de mercado, atraindo um p\u00fablico urbano contempor\u00e2neo em busca de praticidade, estilo e flexibilidade.<\/p>\n\n<\/div>\n<\/div>\n<\/div>\n<\/div>\n\n\n<h2 id='conclus\u00e3o-sobre-interiores-adaptativos-e-din\u00e2micos'  class=\"wp-block-heading\">Conclus\u00e3o sobre Interiores Adaptativos e Din\u00e2micos<\/h2>\n\n\n\n<p>Gostou do nosso artigo sobre Interiores Adaptativos e Din\u00e2micos? Voc\u00ea tamb\u00e9m pode conferir nosso artigo sobre <a href=\"https:\/\/1truenote.com\/en\/projetos-inteligentes-de-microambientes\/\">Projetos Inteligentes de Microambientes \u2014 Design Funcional, Otimiza\u00e7\u00e3o de Espa\u00e7o e Solu\u00e7\u00f5es Inovadoras<\/a>!<\/p>","protected":false},"excerpt":{"rendered":"<p>O espa\u00e7o que se transforma com voc\u00ea: Interiores adaptativos e din\u00e2micos Vivemos em uma era onde o espa\u00e7o, assim como&#8230;<\/p>","protected":false},"author":1,"featured_media":866,"comment_status":"open","ping_status":"open","sticky":false,"template":"","format":"standard","meta":{"_kad_post_transparent":"","_kad_post_title":"","_kad_post_layout":"","_kad_post_sidebar_id":"","_kad_post_content_style":"","_kad_post_vertical_padding":"","_kad_post_feature":"","_kad_post_feature_position":"","_kad_post_header":false,"_kad_post_footer":false,"_kad_post_classname":"","footnotes":"","jetpack_publicize_message":"","jetpack_publicize_feature_enabled":true,"jetpack_social_post_already_shared":false,"jetpack_social_options":{"image_generator_settings":{"template":"highway","default_image_id":0,"font":"","enabled":false},"version":2}},"categories":[16],"tags":[14],"class_list":["post-864","post","type-post","status-publish","format-standard","has-post-thumbnail","hentry","category-casa-e-jardim","tag-interiores-inovadores"],"jetpack_publicize_connections":[],"jetpack_featured_media_url":"https:\/\/i0.wp.com\/1truenote.com\/wp-content\/uploads\/2025\/04\/ChatGPT-Image-14-de-abr.-de-2025-15_30_03-1.png?fit=1536%2C1024&ssl=1","jetpack_sharing_enabled":true,"_links":{"self":[{"href":"https:\/\/1truenote.com\/en\/wp-json\/wp\/v2\/posts\/864","targetHints":{"allow":["GET"]}}],"collection":[{"href":"https:\/\/1truenote.com\/en\/wp-json\/wp\/v2\/posts"}],"about":[{"href":"https:\/\/1truenote.com\/en\/wp-json\/wp\/v2\/types\/post"}],"author":[{"embeddable":true,"href":"https:\/\/1truenote.com\/en\/wp-json\/wp\/v2\/users\/1"}],"replies":[{"embeddable":true,"href":"https:\/\/1truenote.com\/en\/wp-json\/wp\/v2\/comments?post=864"}],"version-history":[{"count":0,"href":"https:\/\/1truenote.com\/en\/wp-json\/wp\/v2\/posts\/864\/revisions"}],"wp:featuredmedia":[{"embeddable":true,"href":"https:\/\/1truenote.com\/en\/wp-json\/wp\/v2\/media\/866"}],"wp:attachment":[{"href":"https:\/\/1truenote.com\/en\/wp-json\/wp\/v2\/media?parent=864"}],"wp:term":[{"taxonomy":"category","embeddable":true,"href":"https:\/\/1truenote.com\/en\/wp-json\/wp\/v2\/categories?post=864"},{"taxonomy":"post_tag","embeddable":true,"href":"https:\/\/1truenote.com\/en\/wp-json\/wp\/v2\/tags?post=864"}],"curies":[{"name":"wp","href":"https:\/\/api.w.org\/{rel}","templated":true}]}}