{"id":857,"date":"2025-04-10T15:41:07","date_gmt":"2025-04-10T15:41:07","guid":{"rendered":"https:\/\/1truenote.com\/?p=857"},"modified":"2025-05-19T23:25:33","modified_gmt":"2025-05-19T20:25:33","slug":"projetos-inteligentes-de-microambientes","status":"publish","type":"post","link":"https:\/\/1truenote.com\/en\/projetos-inteligentes-de-microambientes\/","title":{"rendered":"Projetos Inteligentes de Microambientes \u2014 Design Funcional, Otimiza\u00e7\u00e3o de Espa\u00e7o e Solu\u00e7\u00f5es Inovadoras"},"content":{"rendered":"<div class=\"fit_content\">\n                <div class=\"bd_toc_container\" data-fixedwidth=\"\">\n                    <div class=\"bd_toc_wrapper\" data-wrapperpadding=\"48px\">\n                        <div class=\"bd_toc_wrapper_item\">\n                            <div class=\"bd_toc_header active\" data-headerpadding=\"2px\">\n                                <div class=\"bd_toc_header_title\">\n                                    Sum\u00e1rio                                <\/div>\n                                <div class=\"bd_toc_switcher_hide_show_icon\">\n                                    <span class=\"bd_toc_arrow\"><\/span>                                <\/div>\n                            <\/div>\n                            <div class=\"bd_toc_content list-type-number\">\n                                <div class=\"bd_toc_content_list\">\n                                    <div class='bd_toc_content_list_item'>    <ul>\n      <li class=\"first\">\n        <a href=\"#a-arte-de-viver-bem-em-espa\u00e7os-compactos-projetos-inteligentes-de-microambientes\">A Arte de Viver Bem em Espa\u00e7os Compactos: Projetos Inteligentes de Microambientes<\/a>\n        <ul class=\"menu_level_2\">\n          <li class=\"first\">\n            <a href=\"#o-novo-desafio-urbano-mais-qualidade-menos-metragem\">O novo desafio urbano: mais qualidade, menos metragem<\/a>\n          <\/li>\n          <li>\n            <a href=\"#a-import\u00e2ncia-dos-projetos-inteligentes-de-microambientes\">A import\u00e2ncia dos projetos inteligentes de microambientes<\/a>\n          <\/li>\n          <li class=\"last\">\n            <a href=\"#objetivo-deste-conte\u00fado\">Objetivo deste conte\u00fado<\/a>\n          <\/li>\n        <\/ul>\n      <\/li>\n      <li>\n        <a href=\"#design-funcional-criando-espa\u00e7os-que-trabalham-a-favor-do-morador\">Design Funcional: Criando Espa\u00e7os que Trabalham a Favor do Morador<\/a>\n        <ul class=\"menu_level_2\">\n          <li class=\"first\">\n            <a href=\"#layouts-inteligentes-circula\u00e7\u00e3o-fluidez-e-ergonomia\">Layouts inteligentes: circula\u00e7\u00e3o, fluidez e ergonomia<\/a>\n          <\/li>\n          <li>\n            <a href=\"#mobili\u00e1rio-multifuncional-pe\u00e7as-que-otimizam-a-experi\u00eancia-di\u00e1ria\">Mobili\u00e1rio multifuncional: pe\u00e7as que otimizam a experi\u00eancia di\u00e1ria<\/a>\n          <\/li>\n          <li class=\"last\">\n            <a href=\"#organiza\u00e7\u00e3o-sensorial-menos-est\u00edmulo-mais-conforto\">Organiza\u00e7\u00e3o sensorial: menos est\u00edmulo, mais conforto<\/a>\n          <\/li>\n        <\/ul>\n      <\/li>\n      <li>\n        <a href=\"#otimiza\u00e7\u00e3o-de-espa\u00e7o-estrat\u00e9gias-pr\u00e1ticas-que-fazem-a-diferen\u00e7a\">Otimiza\u00e7\u00e3o de Espa\u00e7o: Estrat\u00e9gias Pr\u00e1ticas que Fazem a Diferen\u00e7a<\/a>\n        <ul class=\"menu_level_2\">\n          <li class=\"first\">\n            <a href=\"#zonas-h\u00edbridas-integra\u00e7\u00e3o-inteligente-de-fun\u00e7\u00f5es\">Zonas h\u00edbridas: integra\u00e7\u00e3o inteligente de fun\u00e7\u00f5es<\/a>\n          <\/li>\n          <li>\n            <a href=\"#aproveitamento-vertical-expandindo-al\u00e9m-do-ch\u00e3o\">Aproveitamento vertical: expandindo al\u00e9m do ch\u00e3o<\/a>\n          <\/li>\n          <li class=\"last\">\n            <a href=\"#solu\u00e7\u00f5es-retr\u00e1teis-e-m\u00f3veis-modulares-flexibilidade-total\">Solu\u00e7\u00f5es retr\u00e1teis e m\u00f3veis modulares: flexibilidade total<\/a>\n          <\/li>\n        <\/ul>\n      <\/li>\n      <li>\n        <a href=\"#solu\u00e7\u00f5es-inovadoras-o-futuro-da-vida-em-microambientes\">Solu\u00e7\u00f5es Inovadoras: O Futuro da Vida em Microambientes<\/a>\n        <ul class=\"menu_level_2\">\n          <li class=\"first\">\n            <a href=\"#materiais-inteligentes-leveza-ac\u00fastica-e-efici\u00eancia-t\u00e9rmica\">Materiais inteligentes: leveza, ac\u00fastica e efici\u00eancia t\u00e9rmica<\/a>\n          <\/li>\n          <li>\n            <a href=\"#automatiza\u00e7\u00e3o-e-casas-conectadas-tecnologia-a-servi\u00e7o-da-praticidade\">Automatiza\u00e7\u00e3o e casas conectadas: tecnologia a servi\u00e7o da praticidade<\/a>\n          <\/li>\n          <li class=\"last\">\n            <a href=\"#design-biof\u00edlico-e-ilumina\u00e7\u00e3o-natural-expandindo-sensorialmente-o-espa\u00e7o\">Design biof\u00edlico e ilumina\u00e7\u00e3o natural: expandindo sensorialmente o espa\u00e7o<\/a>\n          <\/li>\n        <\/ul>\n      <\/li>\n      <li>\n        <a href=\"#casos-reais-e-inspira\u00e7\u00f5es-microprojetos-que-definem-tend\u00eancias\">Casos Reais e Inspira\u00e7\u00f5es: Microprojetos que Definem Tend\u00eancias<\/a>\n        <ul class=\"menu_level_2\">\n          <li class=\"first\">\n            <a href=\"#est\u00fadios-urbanos-otimizando-de-20m\u00b2-a-40m\u00b2-com-intelig\u00eancia\">Est\u00fadios urbanos: otimizando de 20m\u00b2 a 40m\u00b2 com intelig\u00eancia<\/a>\n          <\/li>\n          <li>\n            <a href=\"#tiny-houses-contempor\u00e2neas-efici\u00eancia-extrema-em-espa\u00e7os-m\u00f3veis\">Tiny Houses contempor\u00e2neas: efici\u00eancia extrema em espa\u00e7os m\u00f3veis<\/a>\n          <\/li>\n          <li class=\"last\">\n            <a href=\"#retrofit-de-apartamentos-antigos-reconfigurando-espa\u00e7os-obsoletos\">Retrofit de apartamentos antigos: reconfigurando espa\u00e7os obsoletos<\/a>\n          <\/li>\n        <\/ul>\n      <\/li>\n      <li>\n        <a href=\"#pequenos-espa\u00e7os-grandes-ideias\">Pequenos Espa\u00e7os, Grandes Ideias<\/a>\n      <\/li>\n      <li>\n        <a href=\"#faq-perguntas-frequentes-sobre-projetos-inteligentes-de-microambientes\">FAQ \u2013 Perguntas Frequentes sobre Projetos Inteligentes de Microambientes<\/a>\n        <ul class=\"menu_level_2\">\n          <li class=\"first\">\n            <a href=\"#1-qual-a-primeira-etapa-para-projetar-um-microambiente-funcional\">1. Qual a primeira etapa para projetar um microambiente funcional?<\/a>\n          <\/li>\n          <li>\n            <a href=\"#2-como-escolher-m\u00f3veis-multifuncionais-ideais-para-espa\u00e7os-pequenos\">2. Como escolher m\u00f3veis multifuncionais ideais para espa\u00e7os pequenos?<\/a>\n          <\/li>\n          <li>\n            <a href=\"#3-\u00e9-poss\u00edvel-criar-ambientes-integrados-sem-perder-privacidade\">3. \u00c9 poss\u00edvel criar ambientes integrados sem perder privacidade?<\/a>\n          <\/li>\n          <li>\n            <a href=\"#4-que-tecnologias-podem-ajudar-na-otimiza\u00e7\u00e3o-de-microambientes\">4. Que tecnologias podem ajudar na otimiza\u00e7\u00e3o de microambientes?<\/a>\n          <\/li>\n          <li class=\"last\">\n            <a href=\"#5-microambientes-bem-planejados-valorizam-o-im\u00f3vel-no-mercado\">5. Microambientes bem planejados valorizam o im\u00f3vel no mercado?<\/a>\n          <\/li>\n        <\/ul>\n      <\/li>\n      <li class=\"last\">\n        <a href=\"#conclus\u00e3o-sobre-projetos-inteligentes-de-microambientes\">Conclus\u00e3o sobre Projetos Inteligentes de Microambientes<\/a>\n      <\/li>\n    <\/ul>\n<\/div>                                <\/div>\n                            <\/div>\n                        <\/div>\n                    <\/div>\n                    <div class=\"layout_toggle_button\">\n                        <span class=\"bd_toc_arrow\"><\/span>\n                    <\/div>\n                <\/div>\n            <\/div>\n\n    \n\n\n<h2 id='a-arte-de-viver-bem-em-espa\u00e7os-compactos-projetos-inteligentes-de-microambientes'  class=\"wp-block-heading\"><strong>A Arte de Viver Bem em Espa\u00e7os Compactos<\/strong>: Projetos Inteligentes de Microambientes<\/h2>\n\n\n\n<p>A vida urbana moderna nos convida a repensar o conceito de morar. Com metragens cada vez mais reduzidas, surge a necessidade de criar <strong>projetos inteligentes de microambientes \u2014 design funcional, otimiza\u00e7\u00e3o de espa\u00e7o e solu\u00e7\u00f5es inovadoras<\/strong> que realmente transformem pequenos lares em verdadeiros ref\u00fagios de conforto, efici\u00eancia e estilo.<\/p>\n\n\n\n<h3 id='o-novo-desafio-urbano-mais-qualidade-menos-metragem'  class=\"wp-block-heading\"><strong>O novo desafio urbano: mais qualidade, menos metragem<\/strong><\/h3>\n\n\n\n<p>O crescimento acelerado das cidades trouxe consigo uma realidade inevit\u00e1vel: viver em espa\u00e7os compactos. Seja em est\u00fadios, lofts, tiny houses ou apartamentos retrofitados, a busca por solu\u00e7\u00f5es que maximizem o espa\u00e7o sem abrir m\u00e3o do bem-estar tornou-se uma prioridade.<\/p>\n\n\n\n<p>Morar bem em poucos metros quadrados n\u00e3o \u00e9 mais apenas uma op\u00e7\u00e3o econ\u00f4mica \u2014 \u00e9 uma escolha consciente de qualidade de vida, sustentabilidade e praticidade.<\/p>\n\n\n\n<hr class=\"wp-block-separator has-alpha-channel-opacity\"\/>\n\n\n\n<h3 id='a-import\u00e2ncia-dos-projetos-inteligentes-de-microambientes'  class=\"wp-block-heading\"><strong>A import\u00e2ncia dos projetos inteligentes de microambientes<\/strong><\/h3>\n\n\n\n<p>Espa\u00e7os compactos mal planejados geram sensa\u00e7\u00e3o de confinamento, estresse e desperd\u00edcio de potencial habitacional. Por outro lado, ambientes pequenos projetados com intelig\u00eancia:<\/p>\n\n\n\n<ul class=\"wp-block-list\">\n<li>Favorecem a circula\u00e7\u00e3o e a funcionalidade.<\/li>\n\n\n\n<li>Melhoram a organiza\u00e7\u00e3o e a efici\u00eancia cotidiana.<\/li>\n\n\n\n<li>Criam atmosferas que ampliam a sensa\u00e7\u00e3o de liberdade e acolhimento.<\/li>\n<\/ul>\n\n\n\n<p>\u00c9 nesse contexto que entram os <strong>projetos inteligentes de microambientes \u2014 design funcional, otimiza\u00e7\u00e3o de espa\u00e7o e solu\u00e7\u00f5es inovadoras<\/strong>, capazes de redefinir a experi\u00eancia de habitar.<\/p>\n\n\n\n<hr class=\"wp-block-separator has-alpha-channel-opacity\"\/>\n\n\n\n<h3 id='objetivo-deste-conte\u00fado'  class=\"wp-block-heading\"><strong>Objetivo deste conte\u00fado<\/strong><\/h3>\n\n\n\n<p>Neste artigo, vamos explorar:<\/p>\n\n\n\n<ul class=\"wp-block-list\">\n<li>Fundamentos de design funcional aplicados a microambientes.<\/li>\n\n\n\n<li>Estrat\u00e9gias pr\u00e1ticas para otimizar espa\u00e7os pequenos.<\/li>\n\n\n\n<li>As inova\u00e7\u00f5es mais recentes que est\u00e3o moldando o futuro da moradia inteligente.<\/li>\n<\/ul>\n\n\n\n<p>Se voc\u00ea deseja transformar pequenos espa\u00e7os em grandes experi\u00eancias, este guia foi feito para voc\u00ea. Vamos come\u00e7ar?<\/p>\n\n\n\n<hr class=\"wp-block-separator has-alpha-channel-opacity\"\/>\n\n\n\n<h2 id='design-funcional-criando-espa\u00e7os-que-trabalham-a-favor-do-morador'  class=\"wp-block-heading\"><strong>Design Funcional: Criando Espa\u00e7os que Trabalham a Favor do Morador<\/strong><\/h2>\n\n\n\n<p>Nos <strong>projetos inteligentes de microambientes<\/strong>, o design funcional \u00e9 o alicerce que transforma pequenos espa\u00e7os em ambientes verdadeiramente habit\u00e1veis, confort\u00e1veis e esteticamente agrad\u00e1veis. Cada elemento precisa ter uma fun\u00e7\u00e3o clara e, muitas vezes, m\u00faltiplos prop\u00f3sitos.<\/p>\n\n\n\n<h3 id='layouts-inteligentes-circula\u00e7\u00e3o-fluidez-e-ergonomia'  class=\"wp-block-heading\"><strong>Layouts inteligentes: circula\u00e7\u00e3o, fluidez e ergonomia<\/strong><\/h3>\n\n\n\n<p>Um layout eficiente valoriza a circula\u00e7\u00e3o fluida, sem obst\u00e1culos, permitindo que o morador se mova com liberdade, mesmo em \u00e1reas reduzidas.<br>Alguns princ\u00edpios essenciais:<\/p>\n\n\n\n<ul class=\"wp-block-list\">\n<li><strong>Fluxo natural:<\/strong> as zonas de passagem devem ser intuitivas, com no m\u00ednimo 60 a 80 cm de largura.<\/li>\n\n\n\n<li><strong>Zonas funcionais bem definidas:<\/strong> mesmo em espa\u00e7os integrados, \u00e1reas de descanso, trabalho e conviv\u00eancia devem ser organizadas com base em seu uso principal.<\/li>\n<\/ul>\n\n\n\n<p>Nos <strong>projetos inteligentes de microambientes<\/strong>, o planejamento do layout \u00e9 t\u00e3o importante quanto a escolha dos m\u00f3veis.<\/p>\n\n\n\n<hr class=\"wp-block-separator has-alpha-channel-opacity\"\/>\n\n\n\n<h3 id='mobili\u00e1rio-multifuncional-pe\u00e7as-que-otimizam-a-experi\u00eancia-di\u00e1ria'  class=\"wp-block-heading\"><strong>Mobili\u00e1rio multifuncional: pe\u00e7as que otimizam a experi\u00eancia di\u00e1ria<\/strong><\/h3>\n\n\n\n<p>M\u00f3veis que assumem mais de uma fun\u00e7\u00e3o s\u00e3o aliados indispens\u00e1veis. Em ambientes compactos, eles ampliam o uso sem comprometer o espa\u00e7o.<\/p>\n\n\n\n<p><strong>Exemplos de m\u00f3veis multifuncionais:<\/strong><\/p>\n\n\n\n<ul class=\"wp-block-list\">\n<li>Sof\u00e1-cama com ba\u00fa embutido.<\/li>\n\n\n\n<li>Mesas de jantar dobr\u00e1veis ou retr\u00e1teis.<\/li>\n\n\n\n<li>Estantes que se transformam em divis\u00f3rias de ambiente.<\/li>\n<\/ul>\n\n\n\n<p>Esses m\u00f3veis, pensados desde o in\u00edcio dos <strong>projetos inteligentes de microambientes<\/strong>, garantem mais flexibilidade e adaptabilidade ao dia a dia do morador.<\/p>\n\n\n\n<hr class=\"wp-block-separator has-alpha-channel-opacity\"\/>\n\n\n\n<h3 id='organiza\u00e7\u00e3o-sensorial-menos-est\u00edmulo-mais-conforto'  class=\"wp-block-heading\"><strong>Organiza\u00e7\u00e3o sensorial: menos est\u00edmulo, mais conforto<\/strong><\/h3>\n\n\n\n<p>A organiza\u00e7\u00e3o visual \u00e9 vital para o conforto em pequenos espa\u00e7os. Ambientes sobrecarregados visualmente geram estresse e sensa\u00e7\u00e3o de aperto.<\/p>\n\n\n\n<p><strong>Boas pr\u00e1ticas de organiza\u00e7\u00e3o sensorial:<\/strong><\/p>\n\n\n\n<ul class=\"wp-block-list\">\n<li>Escolher uma paleta de cores neutras ou suaves.<\/li>\n\n\n\n<li>Trabalhar texturas naturais e harmoniosas.<\/li>\n\n\n\n<li>Eliminar objetos decorativos em excesso, mantendo apenas pe\u00e7as com significado.<\/li>\n<\/ul>\n\n\n\n<p>Nos <strong>projetos inteligentes de microambientes<\/strong>, a est\u00e9tica deve ser funcional: tudo que est\u00e1 presente precisa contribuir para o bem-estar visual e emocional.<\/p>\n\n\n\n<hr class=\"wp-block-separator has-alpha-channel-opacity\"\/>\n\n\n\n<h2 id='otimiza\u00e7\u00e3o-de-espa\u00e7o-estrat\u00e9gias-pr\u00e1ticas-que-fazem-a-diferen\u00e7a'  class=\"wp-block-heading\"><strong>Otimiza\u00e7\u00e3o de Espa\u00e7o: Estrat\u00e9gias Pr\u00e1ticas que Fazem a Diferen\u00e7a<\/strong><\/h2>\n\n\n\n<p>Em <strong>projetos inteligentes de microambientes<\/strong>, otimizar o espa\u00e7o n\u00e3o \u00e9 apenas uma quest\u00e3o est\u00e9tica \u2014 \u00e9 essencial para garantir funcionalidade, conforto e qualidade de vida em poucos metros quadrados. Cada decis\u00e3o de design deve potencializar o ambiente, aproveitando todas as possibilidades sem gerar sensa\u00e7\u00e3o de confinamento.<\/p>\n\n\n\n<hr class=\"wp-block-separator has-alpha-channel-opacity\"\/>\n\n\n\n<h3 id='zonas-h\u00edbridas-integra\u00e7\u00e3o-inteligente-de-fun\u00e7\u00f5es'  class=\"wp-block-heading\"><strong>Zonas h\u00edbridas: integra\u00e7\u00e3o inteligente de fun\u00e7\u00f5es<\/strong><\/h3>\n\n\n\n<p>Microambientes ganham muito em efici\u00eancia quando \u00e1reas s\u00e3o desenhadas para atender mais de uma fun\u00e7\u00e3o.<br>Exemplos de integra\u00e7\u00e3o inteligente:<\/p>\n\n\n\n<ul class=\"wp-block-list\">\n<li><strong>Sala de estar + home office:<\/strong> uma \u00fanica bancada que serve como espa\u00e7o de trabalho e apoio para o living.<\/li>\n\n\n\n<li><strong>Quarto + espa\u00e7o fitness:<\/strong> cantos otimizados com equipamentos dobr\u00e1veis.<\/li>\n\n\n\n<li><strong>Cozinha + \u00e1rea de refei\u00e7\u00e3o:<\/strong> ilhas multifuncionais que funcionam como bancada de preparo e mesa de jantar.<\/li>\n<\/ul>\n\n\n\n<p>Nos <strong>projetos inteligentes de microambientes<\/strong>, a chave \u00e9 pensar em usos sobrepostos, sem perder a fluidez.<\/p>\n\n\n\n<hr class=\"wp-block-separator has-alpha-channel-opacity\"\/>\n\n\n\n<h3 id='aproveitamento-vertical-expandindo-al\u00e9m-do-ch\u00e3o'  class=\"wp-block-heading\"><strong>Aproveitamento vertical: expandindo al\u00e9m do ch\u00e3o<\/strong><\/h3>\n\n\n\n<p>Em espa\u00e7os reduzidos, olhar para cima \u00e9 fundamental.<br>A otimiza\u00e7\u00e3o vertical inclui:<\/p>\n\n\n\n<ul class=\"wp-block-list\">\n<li><strong>Prateleiras altas:<\/strong> aproveitando o espa\u00e7o acima das portas ou pr\u00f3ximo ao teto.<\/li>\n\n\n\n<li><strong>Mezaninos:<\/strong> ideais para dormit\u00f3rios em microlofts.<\/li>\n\n\n\n<li><strong>Arm\u00e1rios suspensos:<\/strong> liberando \u00e1rea \u00fatil no piso para circula\u00e7\u00e3o.<\/li>\n<\/ul>\n\n\n\n<p>Essas solu\u00e7\u00f5es, aplicadas em <strong>projetos inteligentes de microambientes<\/strong>, criam novas camadas de funcionalidade sem sacrificar a leveza do ambiente.<\/p>\n\n\n\n<hr class=\"wp-block-separator has-alpha-channel-opacity\"\/>\n\n\n\n<h3 id='solu\u00e7\u00f5es-retr\u00e1teis-e-m\u00f3veis-modulares-flexibilidade-total'  class=\"wp-block-heading\"><strong>Solu\u00e7\u00f5es retr\u00e1teis e m\u00f3veis modulares: flexibilidade total<\/strong><\/h3>\n\n\n\n<p>Flexibilidade \u00e9 a palavra de ordem em microambientes.<br>M\u00f3veis retr\u00e1teis e modulares permitem adaptar o espa\u00e7o conforme a necessidade, tornando-o din\u00e2mico ao longo do dia.<\/p>\n\n\n\n<p><strong>Exemplos de solu\u00e7\u00f5es flex\u00edveis:<\/strong><\/p>\n\n\n\n<ul class=\"wp-block-list\">\n<li>Camas embutidas que se recolhem na parede.<\/li>\n\n\n\n<li>Estantes modulares que podem ser reconfiguradas.<\/li>\n\n\n\n<li>Mesas e bancadas dobr\u00e1veis ocultas.<\/li>\n<\/ul>\n\n\n\n<p>Esses recursos oferecem liberdade de configura\u00e7\u00e3o e est\u00e3o no centro dos melhores <strong>projetos inteligentes de microambientes<\/strong> contempor\u00e2neos.<\/p>\n\n\n\n<hr class=\"wp-block-separator has-alpha-channel-opacity\"\/>\n\n\n\n<figure class=\"wp-block-image size-large\"><img data-recalc-dims=\"1\" fetchpriority=\"high\" decoding=\"async\" width=\"1024\" height=\"683\" src=\"https:\/\/i0.wp.com\/1truenote.com\/wp-content\/uploads\/2025\/04\/ChatGPT-Image-10-de-abr.-de-2025-12_29_51.png?resize=1024%2C683&#038;ssl=1\" alt=\"Projetos Inteligentes de Microambientes. Quarto bem iluminado, com sof\u00e1, com cama, m\u00f3veis e objetos.\" class=\"wp-image-859\" srcset=\"https:\/\/i0.wp.com\/1truenote.com\/wp-content\/uploads\/2025\/04\/ChatGPT-Image-10-de-abr.-de-2025-12_29_51.png?resize=1024%2C683&amp;ssl=1 1024w, https:\/\/i0.wp.com\/1truenote.com\/wp-content\/uploads\/2025\/04\/ChatGPT-Image-10-de-abr.-de-2025-12_29_51.png?resize=300%2C200&amp;ssl=1 300w, https:\/\/i0.wp.com\/1truenote.com\/wp-content\/uploads\/2025\/04\/ChatGPT-Image-10-de-abr.-de-2025-12_29_51.png?resize=768%2C512&amp;ssl=1 768w, https:\/\/i0.wp.com\/1truenote.com\/wp-content\/uploads\/2025\/04\/ChatGPT-Image-10-de-abr.-de-2025-12_29_51.png?w=1536&amp;ssl=1 1536w\" sizes=\"(max-width: 1024px) 100vw, 1024px\" \/><\/figure>\n\n\n\n<h2 id='solu\u00e7\u00f5es-inovadoras-o-futuro-da-vida-em-microambientes'  class=\"wp-block-heading\"><strong>Solu\u00e7\u00f5es Inovadoras: O Futuro da Vida em Microambientes<\/strong><\/h2>\n\n\n\n<p>O universo dos <strong>projetos inteligentes de microambientes<\/strong> est\u00e1 em constante evolu\u00e7\u00e3o, impulsionado pela busca por espa\u00e7os mais eficientes, confort\u00e1veis e adapt\u00e1veis ao estilo de vida contempor\u00e2neo.<br>Novas tecnologias, materiais e conceitos arquitet\u00f4nicos surgem a cada ano para transformar pequenos espa\u00e7os em grandes experi\u00eancias.<\/p>\n\n\n\n<hr class=\"wp-block-separator has-alpha-channel-opacity\"\/>\n\n\n\n<h3 id='materiais-inteligentes-leveza-ac\u00fastica-e-efici\u00eancia-t\u00e9rmica'  class=\"wp-block-heading\"><strong>Materiais inteligentes: leveza, ac\u00fastica e efici\u00eancia t\u00e9rmica<\/strong><\/h3>\n\n\n\n<p>A inova\u00e7\u00e3o em materiais tem um papel essencial na constru\u00e7\u00e3o de microambientes de alta performance:<\/p>\n\n\n\n<ul class=\"wp-block-list\">\n<li><strong>Pain\u00e9is leves de alta resist\u00eancia:<\/strong> que otimizam estrutura e espa\u00e7o interno.<\/li>\n\n\n\n<li><strong>Isolantes t\u00e9rmicos compactos:<\/strong> melhorando o conforto sem espessura extra.<\/li>\n\n\n\n<li><strong>Materiais ac\u00fasticos invis\u00edveis:<\/strong> que garantem privacidade mesmo em espa\u00e7os integrados.<\/li>\n<\/ul>\n\n\n\n<p>Nos <strong>projetos inteligentes de microambientes<\/strong>, a escolha de materiais inteligentes \u00e9 estrat\u00e9gica para ampliar o conforto e reduzir a necessidade de manuten\u00e7\u00e3o.<\/p>\n\n\n\n<hr class=\"wp-block-separator has-alpha-channel-opacity\"\/>\n\n\n\n<h3 id='automatiza\u00e7\u00e3o-e-casas-conectadas-tecnologia-a-servi\u00e7o-da-praticidade'  class=\"wp-block-heading\"><strong>Automatiza\u00e7\u00e3o e casas conectadas: tecnologia a servi\u00e7o da praticidade<\/strong><\/h3>\n\n\n\n<p>Em microespa\u00e7os, a automa\u00e7\u00e3o residencial maximiza o uso e o controle do ambiente:<\/p>\n\n\n\n<ul class=\"wp-block-list\">\n<li><strong>Luzes inteligentes:<\/strong> que ajustam intensidade e cor conforme o hor\u00e1rio ou necessidade de relaxamento.<\/li>\n\n\n\n<li><strong>Sistemas de climatiza\u00e7\u00e3o compactos e inteligentes:<\/strong> otimizando conforto t\u00e9rmico com baixo consumo de energia.<\/li>\n\n\n\n<li><strong>Assistentes de voz e hubs de controle:<\/strong> gerenciando ilumina\u00e7\u00e3o, som, seguran\u00e7a e eletrodom\u00e9sticos de forma integrada.<\/li>\n<\/ul>\n\n\n\n<p>A integra\u00e7\u00e3o de tecnologia \u00e9 um pilar dos novos <strong>projetos inteligentes de microambientes<\/strong>, elevando funcionalidade e conforto com discri\u00e7\u00e3o.<\/p>\n\n\n\n<hr class=\"wp-block-separator has-alpha-channel-opacity\"\/>\n\n\n\n<h3 id='design-biof\u00edlico-e-ilumina\u00e7\u00e3o-natural-expandindo-sensorialmente-o-espa\u00e7o'  class=\"wp-block-heading\"><strong>Design biof\u00edlico e ilumina\u00e7\u00e3o natural: expandindo sensorialmente o espa\u00e7o<\/strong><\/h3>\n\n\n\n<p>A conex\u00e3o com a natureza dentro de casa torna os microambientes mais acolhedores e saud\u00e1veis:<\/p>\n\n\n\n<ul class=\"wp-block-list\">\n<li><strong>Uso de plantas e jardins verticais:<\/strong> otimizando paredes e trazendo verde sem ocupar \u00e1rea \u00fatil.<\/li>\n\n\n\n<li><strong>Aproveitamento m\u00e1ximo da luz natural:<\/strong> por meio de claraboias, janelas estrat\u00e9gicas e cores claras nos interiores.<\/li>\n<\/ul>\n\n\n\n<p>Essas pr\u00e1ticas sensoriais refor\u00e7am o bem-estar, aumentando a sensa\u00e7\u00e3o de amplitude e aconchego nos pequenos espa\u00e7os.<\/p>\n\n\n\n<hr class=\"wp-block-separator has-alpha-channel-opacity\"\/>\n\n\n\n<p>Incorporar essas solu\u00e7\u00f5es inovadoras aos <strong>projetos inteligentes de microambientes<\/strong> \u00e9 construir n\u00e3o apenas lares, mas experi\u00eancias adaptadas ao futuro \u2014 onde cada detalhe importa, e cada cent\u00edmetro \u00e9 repleto de prop\u00f3sito.<\/p>\n\n\n\n<hr class=\"wp-block-separator has-alpha-channel-opacity\"\/>\n\n\n\n<h2 id='casos-reais-e-inspira\u00e7\u00f5es-microprojetos-que-definem-tend\u00eancias'  class=\"wp-block-heading\"><strong>Casos Reais e Inspira\u00e7\u00f5es: Microprojetos que Definem Tend\u00eancias<\/strong><\/h2>\n\n\n\n<p>Analisar exemplos concretos \u00e9 uma das formas mais eficazes de compreender como aplicar os conceitos de <strong>projetos inteligentes de microambientes<\/strong> na pr\u00e1tica. A criatividade, a inova\u00e7\u00e3o e a efici\u00eancia podem transformar poucos metros quadrados em lares completos, funcionais e surpreendentemente confort\u00e1veis.<\/p>\n\n\n\n<hr class=\"wp-block-separator has-alpha-channel-opacity\"\/>\n\n\n\n<h3 id='est\u00fadios-urbanos-otimizando-de-20m\u00b2-a-40m\u00b2-com-intelig\u00eancia'  class=\"wp-block-heading\"><strong>Est\u00fadios urbanos: otimizando de 20m\u00b2 a 40m\u00b2 com intelig\u00eancia<\/strong><\/h3>\n\n\n\n<p><strong>Case 1 \u2014 Est\u00fadio 28m\u00b2, S\u00e3o Paulo:<\/strong><\/p>\n\n\n\n<ul class=\"wp-block-list\">\n<li>Integra\u00e7\u00e3o total entre cozinha, sala e quarto.<\/li>\n\n\n\n<li>Cama retr\u00e1til embutida em arm\u00e1rio.<\/li>\n\n\n\n<li>Mesa de jantar dobr\u00e1vel para duas ou quatro pessoas.<\/li>\n\n\n\n<li>Uso de espelhos grandes para duplicar a percep\u00e7\u00e3o espacial.<\/li>\n<\/ul>\n\n\n\n<p>Neste projeto, a circula\u00e7\u00e3o livre e a multifuncionalidade dos m\u00f3veis permitem que um \u00fanico ambiente assuma diversas configura\u00e7\u00f5es conforme o momento do dia.<\/p>\n\n\n\n<hr class=\"wp-block-separator has-alpha-channel-opacity\"\/>\n\n\n\n<h3 id='tiny-houses-contempor\u00e2neas-efici\u00eancia-extrema-em-espa\u00e7os-m\u00f3veis'  class=\"wp-block-heading\"><strong>Tiny Houses contempor\u00e2neas: efici\u00eancia extrema em espa\u00e7os m\u00f3veis<\/strong><\/h3>\n\n\n\n<p><strong>Case 2 \u2014 Tiny House 18m\u00b2, Austr\u00e1lia:<\/strong><\/p>\n\n\n\n<ul class=\"wp-block-list\">\n<li>Mezanino para o dormit\u00f3rio, liberando o t\u00e9rreo para \u00e1reas sociais.<\/li>\n\n\n\n<li>Claraboias sobre o living para ilumina\u00e7\u00e3o e ventila\u00e7\u00e3o naturais.<\/li>\n\n\n\n<li>Cozinha compacta e funcional com eletrodom\u00e9sticos embutidos.<\/li>\n<\/ul>\n\n\n\n<p>Aqui, a verticaliza\u00e7\u00e3o e o aproveitamento inteligente da luz natural s\u00e3o os grandes aliados para maximizar a sensa\u00e7\u00e3o de espa\u00e7o.<\/p>\n\n\n\n<hr class=\"wp-block-separator has-alpha-channel-opacity\"\/>\n\n\n\n<h3 id='retrofit-de-apartamentos-antigos-reconfigurando-espa\u00e7os-obsoletos'  class=\"wp-block-heading\"><strong>Retrofit de apartamentos antigos: reconfigurando espa\u00e7os obsoletos<\/strong><\/h3>\n\n\n\n<p><strong>Case 3 \u2014 Retrofit de Apartamento 32m\u00b2, Lisboa:<\/strong><\/p>\n\n\n\n<ul class=\"wp-block-list\">\n<li>Remo\u00e7\u00e3o de paredes desnecess\u00e1rias para criar ambientes integrados.<\/li>\n\n\n\n<li>Inser\u00e7\u00e3o de m\u00f3dulos de madeira natural que funcionam como divis\u00f3rias m\u00f3veis.<\/li>\n\n\n\n<li>Introdu\u00e7\u00e3o de automatiza\u00e7\u00e3o residencial para controle clim\u00e1tico e ilumina\u00e7\u00e3o.<\/li>\n<\/ul>\n\n\n\n<p>Este tipo de interven\u00e7\u00e3o \u00e9 uma prova de que <strong>projetos inteligentes de microambientes<\/strong> n\u00e3o precisam, necessariamente, partir do zero: adaptar espa\u00e7os existentes \u00e9 uma oportunidade de reinven\u00e7\u00e3o urbana.<\/p>\n\n\n\n<hr class=\"wp-block-separator has-alpha-channel-opacity\"\/>\n\n\n\n<p>Esses exemplos mostram que n\u00e3o existem limites para a criatividade quando o objetivo \u00e9 criar pequenos grandes lares.<br><br><\/p>\n\n\n\n<p>Com estrat\u00e9gia, t\u00e9cnica e solu\u00e7\u00f5es inovadoras, <strong>projetos inteligentes de microambientes<\/strong> s\u00e3o capazes de entregar muito mais do que funcionalidade: eles entregam experi\u00eancias \u00fanicas de viver.<\/p>\n\n\n\n<hr class=\"wp-block-separator has-alpha-channel-opacity\"\/>\n\n\n\n<figure class=\"wp-block-image size-large\"><img data-recalc-dims=\"1\" decoding=\"async\" width=\"1024\" height=\"683\" src=\"https:\/\/i0.wp.com\/1truenote.com\/wp-content\/uploads\/2025\/04\/ChatGPT-Image-10-de-abr.-de-2025-12_39_32.png?resize=1024%2C683&#038;ssl=1\" alt=\"Apartamento compacto moderno com design minimalista, m\u00f3veis multifuncionais, tons neutros e plantas, iluminado por luz natural, representando projetos inteligentes de microambientes.\" class=\"wp-image-860\" srcset=\"https:\/\/i0.wp.com\/1truenote.com\/wp-content\/uploads\/2025\/04\/ChatGPT-Image-10-de-abr.-de-2025-12_39_32.png?resize=1024%2C683&amp;ssl=1 1024w, https:\/\/i0.wp.com\/1truenote.com\/wp-content\/uploads\/2025\/04\/ChatGPT-Image-10-de-abr.-de-2025-12_39_32.png?resize=300%2C200&amp;ssl=1 300w, https:\/\/i0.wp.com\/1truenote.com\/wp-content\/uploads\/2025\/04\/ChatGPT-Image-10-de-abr.-de-2025-12_39_32.png?resize=768%2C512&amp;ssl=1 768w, https:\/\/i0.wp.com\/1truenote.com\/wp-content\/uploads\/2025\/04\/ChatGPT-Image-10-de-abr.-de-2025-12_39_32.png?w=1536&amp;ssl=1 1536w\" sizes=\"(max-width: 1024px) 100vw, 1024px\" \/><\/figure>\n\n\n\n<h2 id='pequenos-espa\u00e7os-grandes-ideias'  class=\"wp-block-heading\"><strong>Pequenos Espa\u00e7os, Grandes Ideias<\/strong><\/h2>\n\n\n\n<p>O futuro da moradia passa, inevitavelmente, pela intelig\u00eancia no uso do espa\u00e7o. O que n\u00e3o pode faltar em projetos arquitet\u00f4nicos de microambientes?<br>Os <strong><a href=\"https:\/\/finger.ind.br\/blog\/projetos-inteligentes\/\" data-type=\"link\" data-id=\"https:\/\/finger.ind.br\/blog\/projetos-inteligentes\/\" target=\"_blank\" rel=\"noreferrer noopener\">projetos inteligentes de microambientes<\/a><\/strong> n\u00e3o s\u00e3o apenas solu\u00e7\u00f5es para \u00e1reas reduzidas: s\u00e3o respostas arquitet\u00f4nicas \u00e0s demandas de um estilo de vida mais din\u00e2mico, consciente e eficiente.<\/p>\n\n\n\n<p>Cada cent\u00edmetro pode ser planejado para proporcionar bem-estar, funcionalidade e beleza \u2014 transformando ambientes antes limitados em cen\u00e1rios ricos de possibilidades.<\/p>\n\n\n\n<p>A verdadeira inova\u00e7\u00e3o est\u00e1 em perceber que viver bem n\u00e3o depende do tamanho do espa\u00e7o, mas da qualidade das ideias que o moldam.<\/p>\n\n\n\n<p><strong>E em cada escolha estrat\u00e9gica, cada m\u00f3vel inteligente, cada feixe de luz bem aproveitado, estamos desenhando a nova arte de morar.<\/strong><\/p>\n\n\n\n<hr class=\"wp-block-separator has-alpha-channel-opacity\"\/>\n\n\n\n<h2 id='faq-perguntas-frequentes-sobre-projetos-inteligentes-de-microambientes'  class=\"wp-block-heading\"><strong>FAQ \u2013 Perguntas Frequentes sobre Projetos Inteligentes de Microambientes<\/strong><\/h2>\n\n\n<div id=\"rank-math-faq\" class=\"rank-math-block\">\n<div class=\"rank-math-list\">\n<div id=\"faq-question-1747686259957\" class=\"rank-math-list-item\">\n<h3 id='1-qual-a-primeira-etapa-para-projetar-um-microambiente-funcional'  class=\"rank-math-question\"><strong>1. Qual a primeira etapa para projetar um microambiente funcional?<\/strong><\/h3>\n<div class=\"rank-math-answer\">\n\n<p>O primeiro passo \u00e9 o <strong>levantamento de necessidades<\/strong>: entender como o morador utiliza o espa\u00e7o diariamente.<br \/>Nos <strong>projetos inteligentes de microambientes<\/strong>, o layout \u00e9 constru\u00eddo para atender essas fun\u00e7\u00f5es priorit\u00e1rias, priorizando fluidez, ergonomia e flexibilidade.<\/p>\n\n<\/div>\n<\/div>\n<div id=\"faq-question-1747686275781\" class=\"rank-math-list-item\">\n<h3 id='2-como-escolher-m\u00f3veis-multifuncionais-ideais-para-espa\u00e7os-pequenos'  class=\"rank-math-question\"><strong>2. Como escolher m\u00f3veis multifuncionais ideais para espa\u00e7os pequenos?<\/strong><\/h3>\n<div class=\"rank-math-answer\">\n\n<p>Priorize m\u00f3veis que tenham <strong>duas ou mais fun\u00e7\u00f5es<\/strong> claras e que n\u00e3o comprometam a circula\u00e7\u00e3o. Exemplos incluem sof\u00e1s-cama, mesas dobr\u00e1veis e estantes divis\u00f3rias \u2014 pe\u00e7as que maximizam o aproveitamento de \u00e1rea \u00fatil em <strong>projetos inteligentes de microambientes<\/strong>.<\/p>\n\n<\/div>\n<\/div>\n<div id=\"faq-question-1747686281700\" class=\"rank-math-list-item\">\n<h3 id='3-\u00e9-poss\u00edvel-criar-ambientes-integrados-sem-perder-privacidade'  class=\"rank-math-question\"><strong>3. \u00c9 poss\u00edvel criar ambientes integrados sem perder privacidade?<\/strong><\/h3>\n<div class=\"rank-math-answer\">\n\n<p>Sim!<br \/>O uso estrat\u00e9gico de biombos, cortinas, pain\u00e9is de correr e mudan\u00e7as de piso ou ilumina\u00e7\u00e3o pode delimitar ambientes, mantendo a integra\u00e7\u00e3o visual e preservando momentos de privacidade essenciais.<\/p>\n\n<\/div>\n<\/div>\n<div id=\"faq-question-1747686292347\" class=\"rank-math-list-item\">\n<h3 id='4-que-tecnologias-podem-ajudar-na-otimiza\u00e7\u00e3o-de-microambientes'  class=\"rank-math-question\"><strong>4. Que tecnologias podem ajudar na otimiza\u00e7\u00e3o de microambientes?<\/strong><\/h3>\n<div class=\"rank-math-answer\">\n\n<p>Sistemas de automa\u00e7\u00e3o residencial, m\u00f3veis retr\u00e1teis motorizados e ilumina\u00e7\u00e3o inteligente s\u00e3o aliados fundamentais. Eles potencializam o uso do espa\u00e7o e aumentam o conforto nos melhores <strong>projetos inteligentes de microambientes<\/strong>.<\/p>\n\n<\/div>\n<\/div>\n<div id=\"faq-question-1747686303752\" class=\"rank-math-list-item\">\n<h3 id='5-microambientes-bem-planejados-valorizam-o-im\u00f3vel-no-mercado'  class=\"rank-math-question\"><strong>5. Microambientes bem planejados valorizam o im\u00f3vel no mercado?<\/strong><\/h3>\n<div class=\"rank-math-answer\">\n\n<p>Sem d\u00favida.<br \/>Espa\u00e7os compactos que demonstram intelig\u00eancia de projeto, funcionalidade e est\u00e9tica atraem mais compradores e inquilinos, aumentando a valoriza\u00e7\u00e3o imobili\u00e1ria.<\/p>\n\n<\/div>\n<\/div>\n<\/div>\n<\/div>\n\n\n<h2 id='conclus\u00e3o-sobre-projetos-inteligentes-de-microambientes'  class=\"wp-block-heading\">Conclus\u00e3o sobre Projetos Inteligentes de Microambientes<\/h2>\n\n\n\n<p>Gostou do nosso artigo &#8220;Projetos Inteligentes de Microambientes \u2014 Design Funcional, Otimiza\u00e7\u00e3o de Espa\u00e7o e Solu\u00e7\u00f5es Inovadoras&#8221;? Voc\u00ea pode ler tamb\u00e9m nosso artigo sobre <a href=\"https:\/\/1truenote.com\/en\/10-plantas-de-microcasas-com-cozinha-funcional-em-curitiba\/\">10 Plantas de microcasas com cozinha funcional em Curitiba<\/a>!<\/p>","protected":false},"excerpt":{"rendered":"<p>A Arte de Viver Bem em Espa\u00e7os Compactos: Projetos Inteligentes de Microambientes A vida urbana moderna nos convida a repensar&#8230;<\/p>","protected":false},"author":1,"featured_media":858,"comment_status":"open","ping_status":"open","sticky":false,"template":"","format":"standard","meta":{"_kad_post_transparent":"","_kad_post_title":"","_kad_post_layout":"","_kad_post_sidebar_id":"","_kad_post_content_style":"","_kad_post_vertical_padding":"","_kad_post_feature":"","_kad_post_feature_position":"","_kad_post_header":false,"_kad_post_footer":false,"_kad_post_classname":"","footnotes":"","jetpack_publicize_message":"","jetpack_publicize_feature_enabled":true,"jetpack_social_post_already_shared":false,"jetpack_social_options":{"image_generator_settings":{"template":"highway","default_image_id":0,"font":"","enabled":false},"version":2}},"categories":[16],"tags":[12],"class_list":["post-857","post","type-post","status-publish","format-standard","has-post-thumbnail","hentry","category-casa-e-jardim","tag-projetos-inovadores"],"jetpack_publicize_connections":[],"jetpack_featured_media_url":"https:\/\/i0.wp.com\/1truenote.com\/wp-content\/uploads\/2025\/04\/ChatGPT-Image-10-de-abr.-de-2025-12_27_17.png?fit=1024%2C1024&ssl=1","jetpack_sharing_enabled":true,"_links":{"self":[{"href":"https:\/\/1truenote.com\/en\/wp-json\/wp\/v2\/posts\/857","targetHints":{"allow":["GET"]}}],"collection":[{"href":"https:\/\/1truenote.com\/en\/wp-json\/wp\/v2\/posts"}],"about":[{"href":"https:\/\/1truenote.com\/en\/wp-json\/wp\/v2\/types\/post"}],"author":[{"embeddable":true,"href":"https:\/\/1truenote.com\/en\/wp-json\/wp\/v2\/users\/1"}],"replies":[{"embeddable":true,"href":"https:\/\/1truenote.com\/en\/wp-json\/wp\/v2\/comments?post=857"}],"version-history":[{"count":0,"href":"https:\/\/1truenote.com\/en\/wp-json\/wp\/v2\/posts\/857\/revisions"}],"wp:featuredmedia":[{"embeddable":true,"href":"https:\/\/1truenote.com\/en\/wp-json\/wp\/v2\/media\/858"}],"wp:attachment":[{"href":"https:\/\/1truenote.com\/en\/wp-json\/wp\/v2\/media?parent=857"}],"wp:term":[{"taxonomy":"category","embeddable":true,"href":"https:\/\/1truenote.com\/en\/wp-json\/wp\/v2\/categories?post=857"},{"taxonomy":"post_tag","embeddable":true,"href":"https:\/\/1truenote.com\/en\/wp-json\/wp\/v2\/tags?post=857"}],"curies":[{"name":"wp","href":"https:\/\/api.w.org\/{rel}","templated":true}]}}