{"id":842,"date":"2025-04-08T15:07:58","date_gmt":"2025-04-08T15:07:58","guid":{"rendered":"https:\/\/1truenote.com\/?p=842"},"modified":"2025-05-19T23:27:53","modified_gmt":"2025-05-19T20:27:53","slug":"janelas-panoramicas-e-claraboias","status":"publish","type":"post","link":"https:\/\/1truenote.com\/en\/janelas-panoramicas-e-claraboias\/","title":{"rendered":"Janelas panor\u00e2micas e claraboias para iluminar ambientes compactos: Como transformar espa\u00e7os com luz natural"},"content":{"rendered":"<div class=\"fit_content\">\n                <div class=\"bd_toc_container\" data-fixedwidth=\"\">\n                    <div class=\"bd_toc_wrapper\" data-wrapperpadding=\"48px\">\n                        <div class=\"bd_toc_wrapper_item\">\n                            <div class=\"bd_toc_header active\" data-headerpadding=\"2px\">\n                                <div class=\"bd_toc_header_title\">\n                                    Sum\u00e1rio                                <\/div>\n                                <div class=\"bd_toc_switcher_hide_show_icon\">\n                                    <span class=\"bd_toc_arrow\"><\/span>                                <\/div>\n                            <\/div>\n                            <div class=\"bd_toc_content list-type-number\">\n                                <div class=\"bd_toc_content_list\">\n                                    <div class='bd_toc_content_list_item'>    <ul>\n      <li class=\"first\">\n        <a href=\"#a-luz-como-elemento-estruturante-em-espa\u00e7os-pequenos-janelas-panor\u00e2micas-e-claraboias\">A luz como elemento estruturante em espa\u00e7os pequenos: Janelas panor\u00e2micas e claraboias<\/a>\n        <ul class=\"menu_level_2\">\n          <li class=\"first\">\n            <a href=\"#a-import\u00e2ncia-da-luz-natural-em-ambientes-reduzidos\">A import\u00e2ncia da luz natural em ambientes reduzidos<\/a>\n          <\/li>\n          <li>\n            <a href=\"#a-luz-como-aliada-da-percep\u00e7\u00e3o-espacial\">A luz como aliada da percep\u00e7\u00e3o espacial<\/a>\n          <\/li>\n          <li class=\"last\">\n            <a href=\"#objetivo-deste-conte\u00fado\">Objetivo deste conte\u00fado<\/a>\n          <\/li>\n        <\/ul>\n      <\/li>\n      <li>\n        <a href=\"#porque-janelas-panor\u00e2micas-e-claraboias-s\u00e3o-solu\u00e7\u00f5es-inteligentes-para-espa\u00e7os-minimalistas\">Porque janelas panor\u00e2micas e claraboias s\u00e3o solu\u00e7\u00f5es inteligentes para espa\u00e7os minimalistas<\/a>\n        <ul class=\"menu_level_2\">\n          <li class=\"first\">\n            <a href=\"#amplia\u00e7\u00e3o-visual-a-luz-como-recurso-de-expans\u00e3o\">Amplia\u00e7\u00e3o visual: A luz como recurso de expans\u00e3o<\/a>\n            <ul class=\"menu_level_3\">\n              <li class=\"first last\">\n                <a href=\"#benef\u00edcios-visuais\">Benef\u00edcios visuais:<\/a>\n              <\/li>\n            <\/ul>\n          <\/li>\n          <li>\n            <a href=\"#economia-de-energia-ilumina\u00e7\u00e3o-natural-como-aliada\">Economia de energia: Ilumina\u00e7\u00e3o natural como aliada<\/a>\n          <\/li>\n          <li class=\"last\">\n            <a href=\"#conex\u00e3o-com-o-exterior-trazendo-a-natureza-para-dentro\">Conex\u00e3o com o exterior: Trazendo a natureza para dentro<\/a>\n          <\/li>\n        <\/ul>\n      <\/li>\n      <li>\n        <a href=\"#tipos-de-janelas-panor\u00e2micas-e-claraboias-para-microambientes-minimalistas\">Tipos de janelas panor\u00e2micas e claraboias para microambientes minimalistas<\/a>\n        <ul class=\"menu_level_2\">\n          <li class=\"first\">\n            <a href=\"#janelas-panor\u00e2micas-abertura-e-conex\u00e3o-visual\">Janelas panor\u00e2micas: Abertura e conex\u00e3o visual<\/a>\n          <\/li>\n          <li>\n            <a href=\"#claraboias-luz-vinda-de-cima-para-potencializar-a-sensa\u00e7\u00e3o-de-espa\u00e7o\">Claraboias: Luz vinda de cima para potencializar a sensa\u00e7\u00e3o de espa\u00e7o<\/a>\n          <\/li>\n          <li class=\"last\">\n            <a href=\"#como-escolher-o-modelo-ideal\">Como escolher o modelo ideal?<\/a>\n            <ul class=\"menu_level_3\">\n              <li class=\"first last\">\n                <a href=\"#dicas-r\u00e1pidas\">Dicas r\u00e1pidas:<\/a>\n              <\/li>\n            <\/ul>\n          <\/li>\n        <\/ul>\n      <\/li>\n      <li>\n        <a href=\"#cuidados-t\u00e9cnicos-instala\u00e7\u00e3o-segura-e-efici\u00eancia-energ\u00e9tica\">Cuidados t\u00e9cnicos: Instala\u00e7\u00e3o segura e efici\u00eancia energ\u00e9tica<\/a>\n        <ul class=\"menu_level_2\">\n          <li class=\"first\">\n            <a href=\"#orienta\u00e7\u00e3o-solar-e-posicionamento-estrat\u00e9gico\">Orienta\u00e7\u00e3o solar e posicionamento estrat\u00e9gico<\/a>\n            <ul class=\"menu_level_3\">\n              <li class=\"first last\">\n                <a href=\"#recomenda\u00e7\u00f5es-pr\u00e1ticas\">Recomenda\u00e7\u00f5es pr\u00e1ticas:<\/a>\n              <\/li>\n            <\/ul>\n          <\/li>\n          <li>\n            <a href=\"#isolamento-t\u00e9rmico-e-prote\u00e7\u00e3o-uv\">Isolamento t\u00e9rmico e prote\u00e7\u00e3o UV<\/a>\n            <ul class=\"menu_level_3\">\n              <li class=\"first last\">\n                <a href=\"#solu\u00e7\u00f5es-eficientes\">Solu\u00e7\u00f5es eficientes:<\/a>\n              <\/li>\n            <\/ul>\n          <\/li>\n          <li class=\"last\">\n            <a href=\"#normas-de-seguran\u00e7a-e-impermeabiliza\u00e7\u00e3o-correta\">Normas de seguran\u00e7a e impermeabiliza\u00e7\u00e3o correta<\/a>\n          <\/li>\n        <\/ul>\n      <\/li>\n      <li>\n        <a href=\"#design-integrado-como-harmonizar-luz-privacidade-e-estilo\">Design integrado: Como harmonizar luz, privacidade e estilo<\/a>\n        <ul class=\"menu_level_2\">\n          <li class=\"first\">\n            <a href=\"#cortinas-persianas-e-pel\u00edculas-controlando-a-luz-sem-perder-amplitude\">Cortinas, persianas e pel\u00edculas: controlando a luz sem perder amplitude<\/a>\n            <ul class=\"menu_level_3\">\n              <li class=\"first last\">\n                <a href=\"#principais-solu\u00e7\u00f5es\">Principais solu\u00e7\u00f5es:<\/a>\n              <\/li>\n            <\/ul>\n          <\/li>\n          <li>\n            <a href=\"#integrando-ilumina\u00e7\u00e3o-natural-ao-estilo-de-decora\u00e7\u00e3o\">Integrando ilumina\u00e7\u00e3o natural ao estilo de decora\u00e7\u00e3o<\/a>\n            <ul class=\"menu_level_3\">\n              <li class=\"first last\">\n                <a href=\"#dicas-pr\u00e1ticas\">Dicas pr\u00e1ticas:<\/a>\n              <\/li>\n            <\/ul>\n          <\/li>\n          <li class=\"last\">\n            <a href=\"#exemplos-de-projetos-bem-sucedidos\">Exemplos de projetos bem-sucedidos<\/a>\n          <\/li>\n        <\/ul>\n      <\/li>\n      <li>\n        <a href=\"#transforme-pequenos-espa\u00e7os-com-a-for\u00e7a-da-luz-natural\">Transforme pequenos espa\u00e7os com a for\u00e7a da luz natural<\/a>\n      <\/li>\n      <li>\n        <a href=\"#faq-perguntas-frequentes-sobre-janelas-panor\u00e2micas-e-claraboias-em-ambientes-compactos\">FAQ \u2013 Perguntas Frequentes sobre Janelas Panor\u00e2micas e Claraboias em Ambientes Compactos<\/a>\n        <ul class=\"menu_level_2\">\n          <li class=\"first\">\n            <a href=\"#1-janelas-panor\u00e2micas-deixam-o-ambiente-muito-quente-no-ver\u00e3o\">1. Janelas panor\u00e2micas deixam o ambiente muito quente no ver\u00e3o?<\/a>\n          <\/li>\n          <li>\n            <a href=\"#2-qual-o-tipo-de-claraboia-mais-indicado-para-est\u00fadios-e-lofts\">2. Qual o tipo de claraboia mais indicado para est\u00fadios e lofts?<\/a>\n          <\/li>\n          <li>\n            <a href=\"#3-\u00e9-poss\u00edvel-instalar-claraboias-em-casas-j\u00e1-constru\u00eddas\">3. \u00c9 poss\u00edvel instalar claraboias em casas j\u00e1 constru\u00eddas?<\/a>\n          <\/li>\n          <li>\n            <a href=\"#4-como-equilibrar-privacidade-e-ilumina\u00e7\u00e3o-natural-em-janelas-grandes\">4. Como equilibrar privacidade e ilumina\u00e7\u00e3o natural em janelas grandes?<\/a>\n          <\/li>\n          <li class=\"last\">\n            <a href=\"#5-janelas-e-claraboias-valorizam-o-im\u00f3vel-em-microambientes\">5. Janelas e claraboias valorizam o im\u00f3vel em microambientes?<\/a>\n          <\/li>\n        <\/ul>\n      <\/li>\n      <li class=\"last\">\n        <a href=\"#conclus\u00e3o-sobre-janelas-panor\u00e2micas-e-claraboias\">Conclus\u00e3o sobre Janelas panor\u00e2micas e claraboias<\/a>\n      <\/li>\n    <\/ul>\n<\/div>                                <\/div>\n                            <\/div>\n                        <\/div>\n                    <\/div>\n                    <div class=\"layout_toggle_button\">\n                        <span class=\"bd_toc_arrow\"><\/span>\n                    <\/div>\n                <\/div>\n            <\/div>\n\n    \n\n\n<h2 id='a-luz-como-elemento-estruturante-em-espa\u00e7os-pequenos-janelas-panor\u00e2micas-e-claraboias'  class=\"wp-block-heading\"><strong>A luz como elemento estruturante em espa\u00e7os pequenos<\/strong>: Janelas panor\u00e2micas e claraboias<\/h2>\n\n\n\n<p>Quando se trata de aproveitar cada cent\u00edmetro de um ambiente compacto, minimalista, poucos recursos s\u00e3o t\u00e3o poderosos quanto a luz natural. Apostar em <strong>janelas panor\u00e2micas e claraboias para iluminar ambientes compactos<\/strong> \u00e9 uma das estrat\u00e9gias mais eficazes para ampliar sensorialmente os espa\u00e7os, criar atmosferas acolhedoras e, ainda, valorizar o im\u00f3vel de forma inteligente. Vamos ao artigo!<\/p>\n\n\n\n<h3 id='a-import\u00e2ncia-da-luz-natural-em-ambientes-reduzidos'  class=\"wp-block-heading\"><strong>A import\u00e2ncia da luz natural em ambientes reduzidos<\/strong><\/h3>\n\n\n\n<p>Em espa\u00e7os pequenos, minimalistas, a falta de ilumina\u00e7\u00e3o adequada pode acentuar a sensa\u00e7\u00e3o de confinamento e reduzir a funcionalidade dos ambientes. Em contrapartida, a entrada generosa de luz natural:<\/p>\n\n\n\n<ul class=\"wp-block-list\">\n<li>Aumenta a percep\u00e7\u00e3o de amplitude.<\/li>\n\n\n\n<li>Melhora o bem-estar f\u00edsico e emocional dos moradores.<\/li>\n\n\n\n<li>Reduz a necessidade de ilumina\u00e7\u00e3o artificial durante o dia, promovendo economia de energia.<\/li>\n<\/ul>\n\n\n\n<p>A luz natural n\u00e3o apenas preenche o espa\u00e7o: Ela o transforma!<\/p>\n\n\n\n<h3 id='a-luz-como-aliada-da-percep\u00e7\u00e3o-espacial'  class=\"wp-block-heading\"><strong>A luz como aliada da percep\u00e7\u00e3o espacial<\/strong><\/h3>\n\n\n\n<p>Estudos de &#8220;neuroarquitetura&#8221; mostram que a exposi\u00e7\u00e3o \u00e0 luz natural aumenta a sensa\u00e7\u00e3o de liberdade, reduz o estresse e melhora a qualidade do sono. Em microambientes, integrar janelas panor\u00e2micas e claraboias estrategicamente \u00e9 uma solu\u00e7\u00e3o que vai al\u00e9m da est\u00e9tica: \u00e9 uma ferramenta de otimiza\u00e7\u00e3o funcional.<\/p>\n\n\n\n<h3 id='objetivo-deste-conte\u00fado'  class=\"wp-block-heading\"><strong>Objetivo deste conte\u00fado<\/strong><\/h3>\n\n\n\n<p>Neste artigo, voc\u00ea aprender\u00e1:<\/p>\n\n\n\n<ul class=\"wp-block-list\">\n<li>Porque <strong>janelas panor\u00e2micas e claraboias para iluminar ambientes compactos<\/strong> s\u00e3o solu\u00e7\u00f5es t\u00e9cnicas e sensoriais indispens\u00e1veis.<\/li>\n\n\n\n<li>Quais tipos de estruturas escolher para cada necessidade.<\/li>\n\n\n\n<li>Como instalar com seguran\u00e7a e integrar a ilumina\u00e7\u00e3o natural ao design do ambiente.<\/li>\n<\/ul>\n\n\n\n<p>Preparado para transformar espa\u00e7os compactos com o poder da luz? Vamos come\u00e7ar!<\/p>\n\n\n\n<hr class=\"wp-block-separator has-alpha-channel-opacity\"\/>\n\n\n\n<h2 id='porque-janelas-panor\u00e2micas-e-claraboias-s\u00e3o-solu\u00e7\u00f5es-inteligentes-para-espa\u00e7os-minimalistas'  class=\"wp-block-heading\"><strong>Porque janelas panor\u00e2micas e claraboias s\u00e3o solu\u00e7\u00f5es inteligentes para espa\u00e7os minimalistas<\/strong><\/h2>\n\n\n\n<p>Investir em <strong>janelas panor\u00e2micas e claraboias para iluminar ambientes compactos<\/strong> \u00e9 mais do que uma escolha est\u00e9tica: \u00e9 uma decis\u00e3o estrat\u00e9gica que impacta diretamente a funcionalidade, o bem-estar e a valoriza\u00e7\u00e3o do im\u00f3vel.<\/p>\n\n\n\n<h3 id='amplia\u00e7\u00e3o-visual-a-luz-como-recurso-de-expans\u00e3o'  class=\"wp-block-heading\"><strong>Amplia\u00e7\u00e3o visual: A luz como recurso de expans\u00e3o<\/strong><\/h3>\n\n\n\n<p>Em ambientes pequenos, a luz natural cria a ilus\u00e3o de maior metragem. A elimina\u00e7\u00e3o de sombras duras e a cria\u00e7\u00e3o de transi\u00e7\u00f5es suaves entre diferentes \u00e1reas ampliam a sensa\u00e7\u00e3o de continuidade e espa\u00e7o livre.<\/p>\n\n\n\n<h4 id='benef\u00edcios-visuais'  class=\"wp-block-heading\"><strong>Benef\u00edcios visuais:<\/strong><\/h4>\n\n\n\n<ul class=\"wp-block-list\">\n<li>Elimina\u00e7\u00e3o de cantos escuros.<\/li>\n\n\n\n<li>Sensa\u00e7\u00e3o de &#8220;respiro&#8221; e liberdade visual.<\/li>\n\n\n\n<li>Valoriza\u00e7\u00e3o das texturas e cores dos materiais internos.<\/li>\n<\/ul>\n\n\n\n<p>Assim, um espa\u00e7o compacto passa a transmitir leveza e amplitude, otimizando cada metro quadrado.<\/p>\n\n\n\n<hr class=\"wp-block-separator has-alpha-channel-opacity\"\/>\n\n\n\n<h3 id='economia-de-energia-ilumina\u00e7\u00e3o-natural-como-aliada'  class=\"wp-block-heading\"><strong>Economia de energia: Ilumina\u00e7\u00e3o natural como aliada<\/strong><\/h3>\n\n\n\n<p>Reduzir a depend\u00eancia da ilumina\u00e7\u00e3o artificial n\u00e3o \u00e9 apenas uma quest\u00e3o est\u00e9tica \u2014 \u00e9 tamb\u00e9m uma estrat\u00e9gia de efici\u00eancia energ\u00e9tica.<br>Com o uso inteligente de <strong>janelas panor\u00e2micas e claraboias para iluminar ambientes compactos<\/strong>, \u00e9 poss\u00edvel:<\/p>\n\n\n\n<ul class=\"wp-block-list\">\n<li>Aproveitar ao m\u00e1ximo a luz solar durante o dia.<\/li>\n\n\n\n<li>Diminuir o consumo de l\u00e2mpadas e equipamentos de climatiza\u00e7\u00e3o, pois a ventila\u00e7\u00e3o natural pode ser otimizada junto \u00e0 entrada de luz.<\/li>\n\n\n\n<li>Reduzir a pegada ecol\u00f3gica da resid\u00eancia, alinhando-se a pr\u00e1ticas sustent\u00e1veis.<\/li>\n<\/ul>\n\n\n\n<hr class=\"wp-block-separator has-alpha-channel-opacity\"\/>\n\n\n\n<h3 id='conex\u00e3o-com-o-exterior-trazendo-a-natureza-para-dentro'  class=\"wp-block-heading\"><strong>Conex\u00e3o com o exterior: Trazendo a natureza para dentro<\/strong><\/h3>\n\n\n\n<p>A luz natural conecta os moradores ao ambiente externo, reduzindo a sensa\u00e7\u00e3o de enclausuramento que espa\u00e7os pequenos podem provocar.<br>Ver o c\u00e9u, \u00e1rvores ou at\u00e9 mesmo o movimento das nuvens cria uma sensa\u00e7\u00e3o de fluidez e bem-estar emocional, refor\u00e7ando a ideia de que a casa \u00e9 um ref\u00fagio \u2014 n\u00e3o uma pris\u00e3o espacial.<\/p>\n\n\n\n<p>Esse tipo de integra\u00e7\u00e3o entre interior e exterior \u00e9 um dos grandes trunfos da arquitetura contempor\u00e2nea, especialmente para quem vive em microambientes.<\/p>\n\n\n\n<hr class=\"wp-block-separator has-alpha-channel-opacity\"\/>\n\n\n\n<h2 id='tipos-de-janelas-panor\u00e2micas-e-claraboias-para-microambientes-minimalistas'  class=\"wp-block-heading\"><strong>Tipos de janelas panor\u00e2micas e claraboias para microambientes minimalistas<\/strong><\/h2>\n\n\n\n<p>Escolher o modelo certo de <strong>janelas panor\u00e2micas e claraboias para iluminar ambientes compactos<\/strong> \u00e9 essencial para garantir que o espa\u00e7o n\u00e3o apenas receba mais luz natural, mas tamb\u00e9m mantenha o equil\u00edbrio t\u00e9rmico, a privacidade e a harmonia visual.<\/p>\n\n\n\n<p>Cada tipo de janela ou claraboia tem caracter\u00edsticas espec\u00edficas que se adaptam a diferentes estilos e necessidades de microambientes.<\/p>\n\n\n\n<hr class=\"wp-block-separator has-alpha-channel-opacity\"\/>\n\n\n\n<h3 id='janelas-panor\u00e2micas-abertura-e-conex\u00e3o-visual'  class=\"wp-block-heading\"><strong>Janelas panor\u00e2micas: Abertura e conex\u00e3o visual<\/strong><\/h3>\n\n\n\n<p><strong>1. Janelas de canto (corner windows):<\/strong><\/p>\n\n\n\n<ul class=\"wp-block-list\">\n<li>Ideal para maximizar a entrada de luz em duas paredes adjacentes.<\/li>\n\n\n\n<li>Elimina \u00e2ngulos mortos e cria um efeito de expans\u00e3o visual.<\/li>\n\n\n\n<li>Perfeita para <em>studios<\/em> e <em>lofts<\/em> compactos que buscam sensa\u00e7\u00e3o de amplitude.<\/li>\n<\/ul>\n\n\n\n<p><strong>2. Janelas de correr amplas:<\/strong><\/p>\n\n\n\n<ul class=\"wp-block-list\">\n<li>Permitem a abertura parcial ou total, otimizando ventila\u00e7\u00e3o cruzada.<\/li>\n\n\n\n<li>Solu\u00e7\u00e3o eficiente para integrar ambientes internos com varandas ou pequenos jardins.<\/li>\n<\/ul>\n\n\n\n<p><strong>3. Janelas frontais amplas:<\/strong><\/p>\n\n\n\n<ul class=\"wp-block-list\">\n<li>Colocadas em paredes principais, s\u00e3o protagonistas do ambiente.<\/li>\n\n\n\n<li>Recomendadas para \u00e1reas de estar ou cozinhas onde a luz cont\u00ednua \u00e9 desejada.<\/li>\n<\/ul>\n\n\n\n<hr class=\"wp-block-separator has-alpha-channel-opacity\"\/>\n\n\n\n<h3 id='claraboias-luz-vinda-de-cima-para-potencializar-a-sensa\u00e7\u00e3o-de-espa\u00e7o'  class=\"wp-block-heading\"><strong>Claraboias: Luz vinda de cima para potencializar a sensa\u00e7\u00e3o de espa\u00e7o<\/strong><\/h3>\n\n\n\n<p><strong>1. Claraboias fixas:<\/strong><\/p>\n\n\n\n<ul class=\"wp-block-list\">\n<li>N\u00e3o possuem sistema de abertura, apenas deixam a luz natural entrar.<\/li>\n\n\n\n<li>Ideais para banheiros, corredores ou closets compactos.<\/li>\n<\/ul>\n\n\n\n<p><strong>2. Claraboias basculantes:<\/strong><\/p>\n\n\n\n<ul class=\"wp-block-list\">\n<li>Permitem a abertura para ventila\u00e7\u00e3o controlada.<\/li>\n\n\n\n<li>Excelente op\u00e7\u00e3o para cozinhas e banheiros em microcasas, onde controlar a umidade \u00e9 fundamental.<\/li>\n<\/ul>\n\n\n\n<p><strong>3. Claraboias tubulares (tubelight):<\/strong><\/p>\n\n\n\n<ul class=\"wp-block-list\">\n<li>Capturam a luz solar no telhado e a distribuem para \u00e1reas internas atrav\u00e9s de tubos refletores.<\/li>\n\n\n\n<li>Solu\u00e7\u00e3o inovadora para ambientes internos sem acesso direto ao telhado, como corredores centrais ou closets.<\/li>\n<\/ul>\n\n\n\n<hr class=\"wp-block-separator has-alpha-channel-opacity\"\/>\n\n\n\n<h3 id='como-escolher-o-modelo-ideal'  class=\"wp-block-heading\"><strong>Como escolher o modelo ideal?<\/strong><\/h3>\n\n\n\n<h4 id='dicas-r\u00e1pidas'  class=\"wp-block-heading\"><strong>Dicas r\u00e1pidas:<\/strong><\/h4>\n\n\n\n<ul class=\"wp-block-list\">\n<li>Avalie a posi\u00e7\u00e3o solar da casa (norte, sul, leste, oeste).<\/li>\n\n\n\n<li>Considere o grau de privacidade necess\u00e1rio para o ambiente.<\/li>\n\n\n\n<li>Combine a escolha da janela ou claraboia com o estilo arquitet\u00f4nico e a proposta de decora\u00e7\u00e3o do espa\u00e7o.<\/li>\n<\/ul>\n\n\n\n<p>Aplicar os tipos corretos de <strong>janelas panor\u00e2micas e claraboias para iluminar ambientes compactos<\/strong> \u00e9 a chave para criar um espa\u00e7o funcional, acolhedor e esteticamente harmonioso.<\/p>\n\n\n\n<hr class=\"wp-block-separator has-alpha-channel-opacity\"\/>\n\n\n\n<h2 id='cuidados-t\u00e9cnicos-instala\u00e7\u00e3o-segura-e-efici\u00eancia-energ\u00e9tica'  class=\"wp-block-heading\"><strong>Cuidados t\u00e9cnicos: Instala\u00e7\u00e3o segura e efici\u00eancia energ\u00e9tica<\/strong><\/h2>\n\n\n\n<p>Ao planejar a instala\u00e7\u00e3o de <strong>janelas panor\u00e2micas e claraboias para iluminar ambientes compactos<\/strong>, n\u00e3o basta apenas pensar na est\u00e9tica ou na entrada de luz. Quest\u00f5es t\u00e9cnicas, como isolamento t\u00e9rmico, seguran\u00e7a e impermeabiliza\u00e7\u00e3o, s\u00e3o fundamentais para garantir conforto duradouro e evitar problemas estruturais.<\/p>\n\n\n\n<hr class=\"wp-block-separator has-alpha-channel-opacity\"\/>\n\n\n\n<h3 id='orienta\u00e7\u00e3o-solar-e-posicionamento-estrat\u00e9gico'  class=\"wp-block-heading\"><strong>Orienta\u00e7\u00e3o solar e posicionamento estrat\u00e9gico<\/strong><\/h3>\n\n\n\n<p>A posi\u00e7\u00e3o da janela ou claraboia em rela\u00e7\u00e3o ao percurso do sol influencia diretamente a qualidade da ilumina\u00e7\u00e3o e o conforto t\u00e9rmico.<\/p>\n\n\n\n<h4 id='recomenda\u00e7\u00f5es-pr\u00e1ticas'  class=\"wp-block-heading\"><strong>Recomenda\u00e7\u00f5es pr\u00e1ticas:<\/strong><\/h4>\n\n\n\n<ul class=\"wp-block-list\">\n<li><strong>Face Norte:<\/strong> Melhor aproveitamento da luz natural constante e suave (ideal para a maioria dos ambientes).<\/li>\n\n\n\n<li><strong>Face Leste:<\/strong> Excelente para quartos, capturando luz suave pela manh\u00e3.<\/li>\n\n\n\n<li><strong>Face Oeste:<\/strong> Luz mais intensa e quente no final da tarde (pode exigir prote\u00e7\u00e3o solar).<\/li>\n\n\n\n<li><strong>Face Sul:<\/strong> Menor incid\u00eancia solar direta, ideal para \u00e1reas que precisam de luz difusa.<\/li>\n<\/ul>\n\n\n\n<p><strong>Posicionar corretamente as janelas panor\u00e2micas e claraboias para iluminar ambientes compactos<\/strong> reduz a necessidade de climatiza\u00e7\u00e3o artificial e aumenta o conforto durante todas as esta\u00e7\u00f5es.<\/p>\n\n\n\n<hr class=\"wp-block-separator has-alpha-channel-opacity\"\/>\n\n\n\n<h3 id='isolamento-t\u00e9rmico-e-prote\u00e7\u00e3o-uv'  class=\"wp-block-heading\"><strong>Isolamento t\u00e9rmico e prote\u00e7\u00e3o UV<\/strong><\/h3>\n\n\n\n<p>Sem o tratamento adequado, grandes aberturas de vidro podem gerar:<\/p>\n\n\n\n<ul class=\"wp-block-list\">\n<li>Superaquecimento no ver\u00e3o.<\/li>\n\n\n\n<li>Perda de calor no inverno.<\/li>\n\n\n\n<li>Deteriora\u00e7\u00e3o de m\u00f3veis, tecidos e pisos devido \u00e0 radia\u00e7\u00e3o ultravioleta.<\/li>\n<\/ul>\n\n\n\n<h4 id='solu\u00e7\u00f5es-eficientes'  class=\"wp-block-heading\"><strong>Solu\u00e7\u00f5es eficientes:<\/strong><\/h4>\n\n\n\n<ul class=\"wp-block-list\">\n<li>Vidros duplos ou triplos (insulados) para isolamento t\u00e9rmico.<\/li>\n\n\n\n<li>Pel\u00edculas de prote\u00e7\u00e3o UV para reduzir danos solares.<\/li>\n\n\n\n<li>Persianas internas ou cortinas t\u00e9rmicas para controlar a entrada de calor.<\/li>\n<\/ul>\n\n\n\n<p>Esses recursos ajudam a manter uma temperatura interna agrad\u00e1vel e reduzem o consumo de energia para aquecimento e refrigera\u00e7\u00e3o.<\/p>\n\n\n\n<hr class=\"wp-block-separator has-alpha-channel-opacity\"\/>\n\n\n\n<h3 id='normas-de-seguran\u00e7a-e-impermeabiliza\u00e7\u00e3o-correta'  class=\"wp-block-heading\"><strong>Normas de seguran\u00e7a e impermeabiliza\u00e7\u00e3o correta<\/strong><\/h3>\n\n\n\n<p>A instala\u00e7\u00e3o de janelas e claraboias deve obedecer \u00e0s normas t\u00e9cnicas vigentes (como a NBR 10821 para esquadrias no Brasil). Al\u00e9m disso:<\/p>\n\n\n\n<ul class=\"wp-block-list\">\n<li>Utilizar esquadrias de qualidade, com perfis de alum\u00ednio ou PVC refor\u00e7ados.<\/li>\n\n\n\n<li>Garantir veda\u00e7\u00e3o adequada para impedir infiltra\u00e7\u00f5es de \u00e1gua.<\/li>\n\n\n\n<li>Prever sistemas de drenagem para claraboias basculantes.<\/li>\n<\/ul>\n\n\n\n<p>Esses cuidados t\u00e9cnicos garantem que o investimento em ilumina\u00e7\u00e3o natural seja duradouro e seguro, evitando futuras dores de cabe\u00e7a.<\/p>\n\n\n\n<hr class=\"wp-block-separator has-alpha-channel-opacity\"\/>\n\n\n\n<figure class=\"wp-block-image size-large\"><img data-recalc-dims=\"1\" fetchpriority=\"high\" decoding=\"async\" width=\"683\" height=\"1024\" src=\"https:\/\/i0.wp.com\/1truenote.com\/wp-content\/uploads\/2025\/04\/ChatGPT-Image-8-de-abr.-de-2025-11_52_55.png?resize=683%2C1024&#038;ssl=1\" alt=\"Sala de estar compacta e moderna com janela panor\u00e2mica do ch\u00e3o ao teto e claraboia retangular, mobiliada com sof\u00e1 cinza claro, mesa de centro em madeira clara e decora\u00e7\u00e3o minimalista em tons neutros, iluminada por luz natural abundante.\" class=\"wp-image-844\" srcset=\"https:\/\/i0.wp.com\/1truenote.com\/wp-content\/uploads\/2025\/04\/ChatGPT-Image-8-de-abr.-de-2025-11_52_55.png?resize=683%2C1024&amp;ssl=1 683w, https:\/\/i0.wp.com\/1truenote.com\/wp-content\/uploads\/2025\/04\/ChatGPT-Image-8-de-abr.-de-2025-11_52_55.png?resize=200%2C300&amp;ssl=1 200w, https:\/\/i0.wp.com\/1truenote.com\/wp-content\/uploads\/2025\/04\/ChatGPT-Image-8-de-abr.-de-2025-11_52_55.png?resize=768%2C1152&amp;ssl=1 768w, https:\/\/i0.wp.com\/1truenote.com\/wp-content\/uploads\/2025\/04\/ChatGPT-Image-8-de-abr.-de-2025-11_52_55.png?w=1024&amp;ssl=1 1024w\" sizes=\"(max-width: 683px) 100vw, 683px\" \/><\/figure>\n\n\n\n<h2 id='design-integrado-como-harmonizar-luz-privacidade-e-estilo'  class=\"wp-block-heading\"><strong>Design integrado: Como harmonizar luz, privacidade e estilo<\/strong><\/h2>\n\n\n\n<p>A instala\u00e7\u00e3o de <strong>janelas panor\u00e2micas e claraboias para iluminar ambientes compactos<\/strong> \u00e9 apenas o primeiro passo. Para que o ambiente se torne funcional, acolhedor e visualmente agrad\u00e1vel, \u00e9 preciso integrar a luz natural com solu\u00e7\u00f5es de privacidade e estilo que dialoguem com a proposta de cada espa\u00e7o.<\/p>\n\n\n\n<hr class=\"wp-block-separator has-alpha-channel-opacity\"\/>\n\n\n\n<h3 id='cortinas-persianas-e-pel\u00edculas-controlando-a-luz-sem-perderlitude'  class=\"wp-block-heading\"><strong>Cortinas, persianas e pel\u00edculas: controlando a luz sem perder amplitude<\/strong><\/h3>\n\n\n\n<p>A entrada generosa de luz precisa ser administrada de acordo com a necessidade de cada momento do dia, especialmente em espa\u00e7os pequenos onde cada nuance sensorial importa.<\/p>\n\n\n\n<h4 id='principais-solu\u00e7\u00f5es'  class=\"wp-block-heading\"><strong>Principais solu\u00e7\u00f5es:<\/strong><\/h4>\n\n\n\n<ul class=\"wp-block-list\">\n<li><strong>Cortinas transl\u00facidas:<\/strong> permitem a passagem de luz difusa, suavizando a ilumina\u00e7\u00e3o direta e preservando a sensa\u00e7\u00e3o de amplitude.<\/li>\n\n\n\n<li><strong>Persianas verticais ou horizontais:<\/strong> oferecem controle preciso da entrada de luz e podem ser recolhidas para liberar toda a vis\u00e3o externa.<\/li>\n\n\n\n<li><strong>Pel\u00edculas refletivas ou levemente fum\u00eas:<\/strong> reduzem a entrada de calor e protegem a privacidade sem comprometer a luminosidade.<\/li>\n<\/ul>\n\n\n\n<p>Esses elementos equilibram a privacidade com a maximiza\u00e7\u00e3o da luz, potencializando o efeito positivo das janelas panor\u00e2micas e claraboias.<\/p>\n\n\n\n<hr class=\"wp-block-separator has-alpha-channel-opacity\"\/>\n\n\n\n<h3 id='integrando-ilumina\u00e7\u00e3o-natural-ao-estilo-de-decora\u00e7\u00e3o'  class=\"wp-block-heading\"><strong>Integrando ilumina\u00e7\u00e3o natural ao estilo de decora\u00e7\u00e3o<\/strong><\/h3>\n\n\n\n<p>A ilumina\u00e7\u00e3o natural deve ser um elemento ativo do projeto de interiores, dialogando com m\u00f3veis, cores e texturas:<\/p>\n\n\n\n<h4 id='dicas-pr\u00e1ticas'  class=\"wp-block-heading\"><strong>Dicas pr\u00e1ticas:<\/strong><\/h4>\n\n\n\n<ul class=\"wp-block-list\">\n<li><strong>Minimalismo:<\/strong> em ambientes compactos, menos \u00e9 mais. Deixe que a luz natural seja a protagonista, combinando com mobili\u00e1rio de linhas limpas e tons neutros.<\/li>\n\n\n\n<li><strong>Estilo contempor\u00e2neo:<\/strong> valorize materiais naturais (como madeira clara, pedras e tecidos leves) que interagem positivamente com a luz ao longo do dia.<\/li>\n\n\n\n<li><strong>Estilo escandinavo:<\/strong> explore o branco e tons claros para refletir a luz e ampliar ainda mais a sensa\u00e7\u00e3o de espa\u00e7o.<\/li>\n<\/ul>\n\n\n\n<p>Incorporar a luz natural ao design refor\u00e7a a ideia de fluidez, conforto e expans\u00e3o espacial \u2014 elementos essenciais em microambientes.<\/p>\n\n\n\n<hr class=\"wp-block-separator has-alpha-channel-opacity\"\/>\n\n\n\n<h3 id='exemplos-de-projetos-bem-sucedidos'  class=\"wp-block-heading\"><strong>Exemplos de projetos bem-sucedidos<\/strong><\/h3>\n\n\n\n<p><strong>1. Studio urbano de 30m\u00b2:<\/strong><br>Instala\u00e7\u00e3o de janela de canto + claraboia tubular sobre a cozinha integrada, maximizando luz e ventila\u00e7\u00e3o cruzada.<\/p>\n\n\n\n<p><strong>2. Tiny house de madeira:<\/strong><br>Claraboia basculante sobre o quarto e janela panor\u00e2mica frontal na sala de estar, unindo privacidade controlada e vistas abertas para a natureza.<\/p>\n\n\n\n<p><strong>3. Apartamento <em>retrofitado<\/em>:<\/strong><br>Janelas panor\u00e2micas com pel\u00edculas t\u00e9rmicas e cortinas de linho, criando equil\u00edbrio perfeito entre luz natural intensa e conforto t\u00e9rmico.<\/p>\n\n\n\n<hr class=\"wp-block-separator has-alpha-channel-opacity\"\/>\n\n\n\n<h2 id='transforme-pequenos-espa\u00e7os-com-a-for\u00e7a-da-luz-natural'  class=\"wp-block-heading\"><strong>Transforme pequenos espa\u00e7os com a for\u00e7a da luz natural<\/strong><\/h2>\n\n\n\n<p>A luz natural \u00e9 uma aliada poderosa na arte de ampliar, valorizar e transformar microambientes.<br>Integrar <strong>janelas panor\u00e2micas e <a href=\"https:\/\/www.brasilit.com.br\/claraboia-o-que-e-tipos-e-vantagens\" data-type=\"link\" data-id=\"https:\/\/www.brasilit.com.br\/claraboia-o-que-e-tipos-e-vantagens\" target=\"_blank\" rel=\"noopener\">claraboias<\/a> para iluminar ambientes compactos<\/strong> \u00e9 mais do que uma tend\u00eancia: \u00e9 uma estrat\u00e9gia arquitet\u00f4nica que une est\u00e9tica, funcionalidade, economia de energia e bem-estar.<\/p>\n\n\n\n<p>Com escolhas inteligentes de modelos, aten\u00e7\u00e3o aos cuidados t\u00e9cnicos e integra\u00e7\u00e3o consciente ao design, \u00e9 poss\u00edvel criar espa\u00e7os pequenos que parecem infinitamente maiores \u2014 e muito mais vivos.<\/p>\n\n\n\n<p>Em cada feixe de luz que atravessa a casa, h\u00e1 uma oportunidade de reimaginar o espa\u00e7o e, junto com ele, o pr\u00f3prio modo de habitar. Vamos ao FAQ sobre <strong>janelas panor\u00e2micas e claraboias<\/strong>.<\/p>\n\n\n\n<hr class=\"wp-block-separator has-alpha-channel-opacity\"\/>\n\n\n\n<h2 id='faq-perguntas-frequentes-sobre-janelas-panor\u00e2micas-e-claraboias-em-ambientes-compactos'  class=\"wp-block-heading\"><strong>FAQ \u2013 Perguntas Frequentes sobre Janelas Panor\u00e2micas e Claraboias em Ambientes Compactos<\/strong><\/h2>\n\n\n<div id=\"rank-math-faq\" class=\"rank-math-block\">\n<div class=\"rank-math-list\">\n<div id=\"faq-question-1747686410088\" class=\"rank-math-list-item\">\n<h3 id='1-janelas-panor\u00e2micas-deixam-o-ambiente-muito-quente-no-ver\u00e3o'  class=\"rank-math-question\"><strong>1. Janelas panor\u00e2micas deixam o ambiente muito quente no ver\u00e3o?<\/strong><\/h3>\n<div class=\"rank-math-answer\">\n\n<p>Depende da orienta\u00e7\u00e3o solar e dos recursos de prote\u00e7\u00e3o utilizados.<br \/>O ideal \u00e9 instalar pel\u00edculas t\u00e9rmicas, cortinas blackout ou persianas que bloqueiem o excesso de calor sem comprometer a entrada de luz natural. Dessa forma, \u00e9 poss\u00edvel aproveitar os benef\u00edcios das <strong>janelas panor\u00e2micas e claraboias para iluminar ambientes compactos<\/strong> sem gerar desconforto t\u00e9rmico.<\/p>\n\n<\/div>\n<\/div>\n<div id=\"faq-question-1747686428249\" class=\"rank-math-list-item\">\n<h3 id='2-qual-o-tipo-de-claraboia-mais-indicado-para-est\u00fadios-e-lofts'  class=\"rank-math-question\"><strong>2. Qual o tipo de claraboia mais indicado para est\u00fadios e lofts?<\/strong><\/h3>\n<div class=\"rank-math-answer\">\n\n<p>Claraboias basculantes s\u00e3o \u00f3timas para est\u00fadios e lofts, pois al\u00e9m de iluminar, permitem a ventila\u00e7\u00e3o natural. J\u00e1 claraboias tubulares s\u00e3o indicadas para ambientes internos que n\u00e3o t\u00eam acesso direto ao telhado.<\/p>\n\n<\/div>\n<\/div>\n<div id=\"faq-question-1747686435016\" class=\"rank-math-list-item\">\n<h3 id='3-\u00e9-poss\u00edvel-instalar-claraboias-em-casas-j\u00e1-constru\u00eddas'  class=\"rank-math-question\"><strong>3. \u00c9 poss\u00edvel instalar claraboias em casas j\u00e1 constru\u00eddas?<\/strong><\/h3>\n<div class=\"rank-math-answer\">\n\n<p>Sim! Em muitos casos, \u00e9 poss\u00edvel adaptar a estrutura existente para receber uma claraboia, desde que seja feita uma avalia\u00e7\u00e3o t\u00e9cnica da laje ou do telhado para garantir a seguran\u00e7a e a impermeabiliza\u00e7\u00e3o correta.<\/p>\n\n<\/div>\n<\/div>\n<div id=\"faq-question-1747686448309\" class=\"rank-math-list-item\">\n<h3 id='4-como-equilibrar-privacidade-e-ilumina\u00e7\u00e3o-natural-em-janelas-grandes'  class=\"rank-math-question\"><strong>4. Como equilibrar privacidade e ilumina\u00e7\u00e3o natural em janelas grandes?<\/strong><\/h3>\n<div class=\"rank-math-answer\">\n\n<p>O uso de cortinas leves, persianas inteligentes ou pel\u00edculas semi-refletivas permite controlar a entrada de luz e preservar a privacidade, sem bloquear a sensa\u00e7\u00e3o de amplitude proporcionada pelas <strong>janelas panor\u00e2micas e claraboias para iluminar ambientes compactos<\/strong>.<\/p>\n\n<\/div>\n<\/div>\n<div id=\"faq-question-1747686456518\" class=\"rank-math-list-item\">\n<h3 id='5-janelas-e-claraboias-valorizam-o-im\u00f3vel-em-microambientes'  class=\"rank-math-question\"><strong>5. Janelas e claraboias valorizam o im\u00f3vel em microambientes?<\/strong><\/h3>\n<div class=\"rank-math-answer\">\n\n<p>Sim! Ambientes bem iluminados naturalmente t\u00eam maior valor de mercado, pois transmitem sensa\u00e7\u00e3o de espa\u00e7o, conforto e modernidade.<br \/>Investir em ilumina\u00e7\u00e3o natural \u00e9 um diferencial valorizado por arquitetos, compradores e locat\u00e1rios.<\/p>\n\n<\/div>\n<\/div>\n<\/div>\n<\/div>\n\n\n<h2 id='conclus\u00e3o-sobre-janelas-panor\u00e2micas-e-claraboias'  class=\"wp-block-heading\">Conclus\u00e3o sobre Janelas panor\u00e2micas e claraboias<\/h2>\n\n\n\n<p>Gostou do nosso artigo sobre &#8220;Janelas panor\u00e2micas e claraboias para iluminar ambientes compactos: Como transformar espa\u00e7os com luz natural&#8221;? Veja tamb\u00e9m o nosso artigo sobre <a href=\"https:\/\/1truenote.com\/en\/iluminacao-natural-e-artificial-em-ambientes-compactos\/\" data-type=\"link\" data-id=\"https:\/\/1truenote.com\/iluminacao-natural-e-artificial-em-ambientes-compactos\/\">ilumina\u00e7\u00e3o natural e artificial em ambientes compactos<\/a>!<\/p>","protected":false},"excerpt":{"rendered":"<p>A luz como elemento estruturante em espa\u00e7os pequenos: Janelas panor\u00e2micas e claraboias Quando se trata de aproveitar cada cent\u00edmetro de&#8230;<\/p>","protected":false},"author":1,"featured_media":843,"comment_status":"open","ping_status":"open","sticky":false,"template":"","format":"standard","meta":{"_kad_post_transparent":"","_kad_post_title":"","_kad_post_layout":"","_kad_post_sidebar_id":"","_kad_post_content_style":"","_kad_post_vertical_padding":"","_kad_post_feature":"","_kad_post_feature_position":"","_kad_post_header":false,"_kad_post_footer":false,"_kad_post_classname":"","footnotes":"","jetpack_publicize_message":"","jetpack_publicize_feature_enabled":true,"jetpack_social_post_already_shared":false,"jetpack_social_options":{"image_generator_settings":{"template":"highway","default_image_id":0,"font":"","enabled":false},"version":2}},"categories":[16],"tags":[13],"class_list":["post-842","post","type-post","status-publish","format-standard","has-post-thumbnail","hentry","category-casa-e-jardim","tag-minimalista"],"jetpack_publicize_connections":[],"jetpack_featured_media_url":"https:\/\/i0.wp.com\/1truenote.com\/wp-content\/uploads\/2025\/04\/ChatGPT-Image-8-de-abr.-de-2025-11_35_55-e1744123019214.png?fit=1024%2C684&ssl=1","jetpack_sharing_enabled":true,"_links":{"self":[{"href":"https:\/\/1truenote.com\/en\/wp-json\/wp\/v2\/posts\/842","targetHints":{"allow":["GET"]}}],"collection":[{"href":"https:\/\/1truenote.com\/en\/wp-json\/wp\/v2\/posts"}],"about":[{"href":"https:\/\/1truenote.com\/en\/wp-json\/wp\/v2\/types\/post"}],"author":[{"embeddable":true,"href":"https:\/\/1truenote.com\/en\/wp-json\/wp\/v2\/users\/1"}],"replies":[{"embeddable":true,"href":"https:\/\/1truenote.com\/en\/wp-json\/wp\/v2\/comments?post=842"}],"version-history":[{"count":0,"href":"https:\/\/1truenote.com\/en\/wp-json\/wp\/v2\/posts\/842\/revisions"}],"wp:featuredmedia":[{"embeddable":true,"href":"https:\/\/1truenote.com\/en\/wp-json\/wp\/v2\/media\/843"}],"wp:attachment":[{"href":"https:\/\/1truenote.com\/en\/wp-json\/wp\/v2\/media?parent=842"}],"wp:term":[{"taxonomy":"category","embeddable":true,"href":"https:\/\/1truenote.com\/en\/wp-json\/wp\/v2\/categories?post=842"},{"taxonomy":"post_tag","embeddable":true,"href":"https:\/\/1truenote.com\/en\/wp-json\/wp\/v2\/tags?post=842"}],"curies":[{"name":"wp","href":"https:\/\/api.w.org\/{rel}","templated":true}]}}