{"id":813,"date":"2025-04-05T06:07:00","date_gmt":"2025-04-05T06:07:00","guid":{"rendered":"https:\/\/1truenote.com\/?p=813"},"modified":"2025-04-21T17:12:28","modified_gmt":"2025-04-21T17:12:28","slug":"sensibilidade-espacial-e-conforto-noturno","status":"publish","type":"post","link":"https:\/\/1truenote.com\/en\/sensibilidade-espacial-e-conforto-noturno\/","title":{"rendered":"Sensibilidade espacial e conforto noturno em microambientes"},"content":{"rendered":"<div class=\"fit_content\">\n                <div class=\"bd_toc_container\" data-fixedwidth=\"\">\n                    <div class=\"bd_toc_wrapper\" data-wrapperpadding=\"48px\">\n                        <div class=\"bd_toc_wrapper_item\">\n                            <div class=\"bd_toc_header active\" data-headerpadding=\"2px\">\n                                <div class=\"bd_toc_header_title\">\n                                    Sum\u00e1rio                                <\/div>\n                                <div class=\"bd_toc_switcher_hide_show_icon\">\n                                    <span class=\"bd_toc_arrow\"><\/span>                                <\/div>\n                            <\/div>\n                            <div class=\"bd_toc_content list-type-number\">\n                                <div class=\"bd_toc_content_list\">\n                                    <div class='bd_toc_content_list_item'>    <ul>\n      <li class=\"first\">\n        <a href=\"#o-espa\u00e7o-sentido-antes-de-ser-visto-sensibilidade-espacial-e-conforto-noturno-em-microambientes\">O espa\u00e7o sentido antes de ser visto: Sensibilidade espacial e conforto noturno em microambientes<\/a>\n        <ul class=\"menu_level_2\">\n          <li class=\"first\">\n            <a href=\"#a-percep\u00e7\u00e3o-que-antecede-a-raz\u00e3o\">A percep\u00e7\u00e3o que antecede a raz\u00e3o<\/a>\n          <\/li>\n          <li>\n            <a href=\"#o-impacto-sensorial-no-descanso\">O impacto sensorial no descanso<\/a>\n          <\/li>\n          <li class=\"last\">\n            <a href=\"#objetivo-deste-conte\u00fado\">Objetivo deste conte\u00fado<\/a>\n          <\/li>\n        <\/ul>\n      <\/li>\n      <li>\n        <a href=\"#o-que-\u00e9-sensibilidade-espacial-e-como-ela-afeta-o-sono\">O que \u00e9 sensibilidade espacial e como ela afeta o Sono<\/a>\n        <ul class=\"menu_level_2\">\n          <li class=\"first\">\n            <a href=\"#al\u00e9m-das-medidas-espa\u00e7o-como-experi\u00eancia-sensorial\">Al\u00e9m das medidas: Espa\u00e7o como experi\u00eancia sensorial<\/a>\n          <\/li>\n          <li>\n            <a href=\"#a-fluidez-espacial-e-a-redu\u00e7\u00e3o-da-tens\u00e3o-mental\">A fluidez espacial e a redu\u00e7\u00e3o da tens\u00e3o mental<\/a>\n          <\/li>\n          <li class=\"last\">\n            <a href=\"#o-ambiente-como-extens\u00e3o-da-mente\">O ambiente como extens\u00e3o da mente<\/a>\n          <\/li>\n        <\/ul>\n      <\/li>\n      <li>\n        <a href=\"#microambientes-e-seus-desafios-para-o-conforto-noturno\">Microambientes e seus desafios para o conforto noturno<\/a>\n        <ul class=\"menu_level_2\">\n          <li class=\"first\">\n            <a href=\"#a-compacta\u00e7\u00e3o-como-fator-de-satura\u00e7\u00e3o-sensorial\">A compacta\u00e7\u00e3o como fator de satura\u00e7\u00e3o sensorial<\/a>\n          <\/li>\n          <li>\n            <a href=\"#a-sobreposi\u00e7\u00e3o-de-fun\u00e7\u00f5es-e-a-fragmenta\u00e7\u00e3o-emocional\">A sobreposi\u00e7\u00e3o de fun\u00e7\u00f5es e a fragmenta\u00e7\u00e3o emocional<\/a>\n          <\/li>\n          <li class=\"last\">\n            <a href=\"#a-necessidade-de-zonas-sensoriais-delimitadas\">A necessidade de zonas sensoriais delimitadas<\/a>\n          <\/li>\n        <\/ul>\n      <\/li>\n      <li>\n        <a href=\"#estrat\u00e9gias-para-aumentar-a-sensibilidade-espacial-e-o-conforto-em-pequenos-ambientes\">Estrat\u00e9gias para aumentar a sensibilidade espacial e o conforto em pequenos ambientes<\/a>\n        <ul class=\"menu_level_2\">\n          <li class=\"first\">\n            <a href=\"#1-layouts-fluidos-e-a-regra-dos-tr\u00eas-fluxos-visual-t\u00e1til-e-funcional\">1. Layouts fluidos e a regra dos tr\u00eas fluxos: Visual, t\u00e1til e funcional<\/a>\n          <\/li>\n          <li>\n            <a href=\"#2-materiais-cores-e-texturas-que-ampliam-a-sensa\u00e7\u00e3o-de-respiro\">2. Materiais, cores e texturas que ampliam a sensa\u00e7\u00e3o de respiro<\/a>\n          <\/li>\n          <li class=\"last\">\n            <a href=\"#3-ilumina\u00e7\u00e3o-e-sons-como-instrumentos-de-expans\u00e3o-sensorial\">3. Ilumina\u00e7\u00e3o e sons como instrumentos de expans\u00e3o sensorial<\/a>\n          <\/li>\n        <\/ul>\n      <\/li>\n      <li>\n        <a href=\"#criando-microref\u00fagios-como-pequenos-ajustes-geram-grandes-mudan\u00e7as-no-sono\">Criando microref\u00fagios: Como pequenos ajustes geram grandes mudan\u00e7as no sono<\/a>\n        <ul class=\"menu_level_2\">\n          <li class=\"first\">\n            <a href=\"#a-constru\u00e7\u00e3o-da-zona-de-desacelera\u00e7\u00e3o\">A constru\u00e7\u00e3o da &quot;zona de desacelera\u00e7\u00e3o&quot;<\/a>\n          <\/li>\n          <li>\n            <a href=\"#organiza\u00e7\u00e3o-m\u00ednima-para-m\u00e1xima-liberdade-mental\">Organiza\u00e7\u00e3o m\u00ednima para m\u00e1xima liberdade mental<\/a>\n          <\/li>\n          <li class=\"last\">\n            <a href=\"#pequenas-interven\u00e7\u00f5es-grandes-transforma\u00e7\u00f5es\">Pequenas interven\u00e7\u00f5es, grandes transforma\u00e7\u00f5es<\/a>\n          <\/li>\n        <\/ul>\n      <\/li>\n      <li>\n        <a href=\"#pequenos-espa\u00e7os-grandes-ref\u00fagios-a-arte-da-sensibilidade-espacial-no-descanso-contempor\u00e2neo\">Pequenos espa\u00e7os, grandes ref\u00fagios \u2014 A arte da sensibilidade espacial no descanso contempor\u00e2neo<\/a>\n      <\/li>\n      <li class=\"last\">\n        <a href=\"#faq-perguntas-frequentes-sobre-sensibilidade-espacial-e-conforto-noturno-em-microambientes\">FAQ \u2013 Perguntas Frequentes sobre Sensibilidade Espacial e Conforto Noturno em Microambientes<\/a>\n        <ul class=\"menu_level_2\">\n          <li class=\"first\">\n            <a href=\"#1-\u00e9-poss\u00edvel-melhorar-o-conforto-noturno-em-um-ambiente-pequeno-sem-reformas\">1. \u00c9 poss\u00edvel melhorar o conforto noturno em um ambiente pequeno sem reformas?<\/a>\n          <\/li>\n          <li>\n            <a href=\"#2-quais-texturas-s\u00e3o-recomendadas-para-promover-o-relaxamento-em-microespa\u00e7os\">2. Quais texturas s\u00e3o recomendadas para promover o relaxamento em microespa\u00e7os?<\/a>\n          <\/li>\n          <li>\n            <a href=\"#3-como-a-ilumina\u00e7\u00e3o-pode-modular-a-sensa\u00e7\u00e3o-de-amplitude-e-descanso\">3. Como a ilumina\u00e7\u00e3o pode modular a sensa\u00e7\u00e3o de amplitude e descanso?<\/a>\n          <\/li>\n          <li>\n            <a href=\"#4-devo-separar-espa\u00e7os-de-trabalho-e-descanso-em-microapartamentos\">4. Devo separar espa\u00e7os de trabalho e descanso em microapartamentos?<\/a>\n          <\/li>\n          <li class=\"last\">\n            <a href=\"#5-como-evitar-a-sobrecarga-sensorial-em-espa\u00e7os-pequenos\">5. Como evitar a sobrecarga sensorial em espa\u00e7os pequenos?<\/a>\n          <\/li>\n        <\/ul>\n      <\/li>\n    <\/ul>\n<\/div>                                <\/div>\n                            <\/div>\n                        <\/div>\n                    <\/div>\n                    <div class=\"layout_toggle_button\">\n                        <span class=\"bd_toc_arrow\"><\/span>\n                    <\/div>\n                <\/div>\n            <\/div>\n\n    \n\n\n<h2 id='o-espa\u00e7o-sentido-antes-de-ser-visto-sensibilidade-espacial-e-conforto-noturno-em-microambientes'  class=\"wp-block-heading\"><strong>O espa\u00e7o sentido antes de ser visto: Sensibilidade espacial e conforto noturno em microambientes<\/strong><\/h2>\n\n\n\n<p>O espa\u00e7o que habitamos \u00e9 muito mais do que paredes e m\u00f3veis \u2014 \u00e9 uma extens\u00e3o viva dos nossos sentidos. Em microambientes, onde cada cent\u00edmetro importa, a <strong>sensibilidade espacial e conforto noturno em microambientes<\/strong> torna-se um dos fatores mais determinantes para a qualidade do descanso.<\/p>\n\n\n\n<h3 id='a-percep\u00e7\u00e3o-que-antecede-a-raz\u00e3o'  class=\"wp-block-heading\"><strong>A percep\u00e7\u00e3o que antecede a raz\u00e3o<\/strong><\/h3>\n\n\n\n<p>Antes mesmo de avaliarmos racionalmente um espa\u00e7o, nossos sentidos captam sinais sutis: amplitude, fluidez, textura, luz e som. Em \u00e1reas reduzidas, essas percep\u00e7\u00f5es s\u00e3o ainda mais amplificadas, podendo gerar acolhimento e relaxamento \u2014 ou tens\u00e3o e desconforto.<\/p>\n\n\n\n<p>Quando falamos em sensibilidade espacial, estamos nos referindo \u00e0 capacidade de criar ambientes que conversam com o corpo de maneira intuitiva, favorecendo transi\u00e7\u00f5es suaves entre o estado de vig\u00edlia e o estado de repouso.<\/p>\n\n\n\n<h3 id='o-impacto-sensorial-no-descanso'  class=\"wp-block-heading\"><strong>O impacto sensorial no descanso<\/strong><\/h3>\n\n\n\n<p>Ambientes saturados, desorganizados ou mal iluminados enviam sinais confusos ao c\u00e9rebro, dificultando o desligamento mental necess\u00e1rio para uma noite de sono reparadora. J\u00e1 espa\u00e7os organizados, com fluidez visual e controle sensorial, funcionam como verdadeiros convites ao relaxamento.<\/p>\n\n\n\n<p>Em microambientes, onde a margem de erro \u00e9 pequena, compreender e aplicar princ\u00edpios de <strong>sensibilidade espacial e conforto noturno em microambientes<\/strong> pode fazer toda a diferen\u00e7a entre um sono leve e fragmentado e um descanso profundo e restaurador.<\/p>\n\n\n\n<h3 id='objetivo-deste-conte\u00fado'  class=\"wp-block-heading\"><strong>Objetivo deste conte\u00fado<\/strong><\/h3>\n\n\n\n<p>Neste artigo, vamos explorar como a percep\u00e7\u00e3o do espa\u00e7o pode ser moldada intencionalmente para favorecer o descanso, mesmo em \u00e1reas reduzidas. Voc\u00ea encontrar\u00e1 estrat\u00e9gias pr\u00e1ticas, exemplos aplic\u00e1veis e fundamentos sensoriais que transformar\u00e3o pequenos ambientes em grandes ref\u00fagios de bem-estar.<\/p>\n\n\n\n<hr class=\"wp-block-separator has-alpha-channel-opacity\"\/>\n\n\n\n<h2 id='o-que-\u00e9-sensibilidade-espacial-e-como-ela-afeta-o-sono'  class=\"wp-block-heading\"><strong>O que \u00e9 sensibilidade espacial e como ela afeta o Sono<\/strong><\/h2>\n\n\n\n<p>A <strong>sensibilidade espacial e conforto noturno em microambientes<\/strong> \u00e9 a habilidade de perceber e organizar o espa\u00e7o para que ele atenda \u00e0s necessidades f\u00edsicas e emocionais do corpo, especialmente nos momentos de transi\u00e7\u00e3o para o repouso.<\/p>\n\n\n\n<p>Em \u00e1reas compactas, onde limites f\u00edsicos s\u00e3o mais vis\u00edveis e tang\u00edveis, entender a sensibilidade espacial torna-se ainda mais essencial para criar ambientes que promovam relaxamento em vez de tens\u00e3o.<\/p>\n\n\n\n<h3 id='al\u00e9m-das-medidas-espa\u00e7o-como-experi\u00eancia-sensorial'  class=\"wp-block-heading\"><strong>Al\u00e9m das medidas: Espa\u00e7o como experi\u00eancia sensorial<\/strong><\/h3>\n\n\n\n<p>Sensibilidade espacial vai al\u00e9m das dimens\u00f5es e propor\u00e7\u00f5es. Trata-se de como o espa\u00e7o \u00e9 <strong>sentido<\/strong>:<\/p>\n\n\n\n<ul class=\"wp-block-list\">\n<li><strong>Vis\u00e3o:<\/strong> abertura de linhas, fluxo de cores, organiza\u00e7\u00e3o visual.<\/li>\n\n\n\n<li><strong>Tato:<\/strong> texturas que acalmam ou estimulam.<\/li>\n\n\n\n<li><strong>Audi\u00e7\u00e3o:<\/strong> sons que ecoam ou se dispersam.<\/li>\n\n\n\n<li><strong>Olfato:<\/strong> aromas que evocam calma ou inquietude.<\/li>\n<\/ul>\n\n\n\n<p>Quando os est\u00edmulos sensoriais est\u00e3o organizados de forma equilibrada, o corpo recebe sinais de seguran\u00e7a \u2014 condi\u00e7\u00e3o fundamental para a indu\u00e7\u00e3o ao sono profundo.<\/p>\n\n\n\n<h3 id='a-fluidez-espacial-e-a-redu\u00e7\u00e3o-da-tens\u00e3o-mental'  class=\"wp-block-heading\"><strong>A fluidez espacial e a redu\u00e7\u00e3o da tens\u00e3o mental<\/strong><\/h3>\n\n\n\n<p>Em microambientes, a fluidez \u00e9 vital: quanto mais f\u00e1cil for se deslocar e interpretar visualmente o ambiente, menos energia mental \u00e9 gasta para process\u00e1-lo. Isso gera uma sensa\u00e7\u00e3o de controle, acolhimento e pertencimento \u2014 bases emocionais para um sono reparador.<\/p>\n\n\n\n<p><strong>Elementos que refor\u00e7am fluidez:<\/strong><\/p>\n\n\n\n<ul class=\"wp-block-list\">\n<li>Circula\u00e7\u00f5es desimpedidas, mesmo que m\u00ednimas.<\/li>\n\n\n\n<li>Linhas horizontais cont\u00ednuas (como prateleiras e m\u00f3veis alinhados).<\/li>\n\n\n\n<li>Ilumina\u00e7\u00e3o que guia suavemente o olhar, sem pontos de luz agressivos.<\/li>\n<\/ul>\n\n\n\n<h3 id='o-ambiente-como-extens\u00e3o-da-mente'  class=\"wp-block-heading\"><strong>O ambiente como extens\u00e3o da mente<\/strong><\/h3>\n\n\n\n<p>Espa\u00e7os desorganizados ou ca\u00f3ticos amplificam a hiperatividade mental e aumentam a produ\u00e7\u00e3o de cortisol (horm\u00f4nio do estresse), enquanto ambientes coesos e sensorialmente suaves favorecem a produ\u00e7\u00e3o de melatonina (horm\u00f4nio do sono).<\/p>\n\n\n\n<p>Em microambientes, cada escolha \u2014 da disposi\u00e7\u00e3o do mobili\u00e1rio \u00e0 sele\u00e7\u00e3o de cores e texturas \u2014 impacta diretamente o ciclo circadiano e a qualidade do descanso.<\/p>\n\n\n\n<p>Por isso, dominar a <strong>sensibilidade espacial e conforto noturno em microambientes<\/strong> \u00e9, essencialmente, aprender a arquitetar experi\u00eancias que silenciam a mente e preparam o corpo para o sono.<\/p>\n\n\n\n<hr class=\"wp-block-separator has-alpha-channel-opacity\"\/>\n\n\n\n<h2 id='microambientes-e-seus-desafios-para-o-conforto-noturno'  class=\"wp-block-heading\"><strong>Microambientes e seus desafios para o conforto noturno<\/strong><\/h2>\n\n\n\n<p>Em um cen\u00e1rio urbano de espa\u00e7os cada vez menores, a aplica\u00e7\u00e3o inteligente da <strong>sensibilidade espacial e conforto noturno em microambientes<\/strong> torna-se essencial. No entanto, a compacta\u00e7\u00e3o traz consigo desafios sensoriais e emocionais que precisam ser enfrentados com estrat\u00e9gia e criatividade.<\/p>\n\n\n\n<h3 id='a-compacta\u00e7\u00e3o-como-fator-de-satura\u00e7\u00e3o-sensorial'  class=\"wp-block-heading\"><strong>A compacta\u00e7\u00e3o como fator de satura\u00e7\u00e3o sensorial<\/strong><\/h3>\n\n\n\n<p>Ambientes com \u00e1rea reduzida concentram mais fun\u00e7\u00f5es em menos espa\u00e7o: trabalhar, relaxar, cozinhar e dormir frequentemente acontecem no mesmo c\u00f4modo. Esse ac\u00famulo de est\u00edmulos visuais, auditivos e t\u00e1teis aumenta a carga cognitiva, dificultando o desligamento mental necess\u00e1rio para iniciar o sono.<\/p>\n\n\n\n<p><strong>Problemas comuns em microambientes:<\/strong><\/p>\n\n\n\n<ul class=\"wp-block-list\">\n<li>Falta de respiros visuais entre mobili\u00e1rios e objetos.<\/li>\n\n\n\n<li>Polui\u00e7\u00e3o sensorial por excesso de cores, texturas ou ru\u00eddos.<\/li>\n\n\n\n<li>Aus\u00eancia de distin\u00e7\u00e3o clara entre zonas de alta e baixa energia.<\/li>\n<\/ul>\n\n\n\n<p>Esses fatores criam um estado de alerta cont\u00ednuo no c\u00e9rebro, que impede o relaxamento profundo.<\/p>\n\n\n\n<h3 id='a-sobreposi\u00e7\u00e3o-de-fun\u00e7\u00f5es-e-a-fragmenta\u00e7\u00e3o-emocional'  class=\"wp-block-heading\"><strong>A sobreposi\u00e7\u00e3o de fun\u00e7\u00f5es e a fragmenta\u00e7\u00e3o emocional<\/strong><\/h3>\n\n\n\n<p>Quando o mesmo espa\u00e7o \u00e9 usado para m\u00faltiplas atividades sem separa\u00e7\u00e3o sensorial, o corpo e a mente recebem mensagens conflitantes. A aus\u00eancia de zonas espec\u00edficas para descanso faz com que o c\u00e9rebro permane\u00e7a em estado de vig\u00edlia, mesmo durante momentos de relaxamento.<\/p>\n\n\n\n<p><strong>Impactos diretos:<\/strong><\/p>\n\n\n\n<ul class=\"wp-block-list\">\n<li>Dificuldade em desacelerar mentalmente no final do dia.<\/li>\n\n\n\n<li>Sono fragmentado e menos restaurador.<\/li>\n\n\n\n<li>Aumento de irritabilidade e fadiga acumulada.<\/li>\n<\/ul>\n\n\n\n<h3 id='a-necessidade-de-zonas-sensoriais-delimitadas'  class=\"wp-block-heading\"><strong>A necessidade de zonas sensoriais delimitadas<\/strong><\/h3>\n\n\n\n<p>Em microambientes, n\u00e3o \u00e9 necess\u00e1rio construir paredes f\u00edsicas para separar fun\u00e7\u00f5es. Pequenas interven\u00e7\u00f5es \u2014 como mudan\u00e7as sutis de ilumina\u00e7\u00e3o, varia\u00e7\u00f5es de textura e organiza\u00e7\u00e3o visual \u2014 podem criar <strong>zonas de desacelera\u00e7\u00e3o<\/strong> que sinalizam ao c\u00e9rebro a chegada do momento de descanso.<\/p>\n\n\n\n<p>Integrar essas estrat\u00e9gias \u00e9 a chave para superar as limita\u00e7\u00f5es de espa\u00e7o e potencializar a <strong>sensibilidade espacial e conforto noturno em microambientes<\/strong>, garantindo que mesmo os menores ambientes ofere\u00e7am condi\u00e7\u00f5es ideais para um sono profundo e restaurador.<\/p>\n\n\n\n<hr class=\"wp-block-separator has-alpha-channel-opacity\"\/>\n\n\n\n<figure class=\"wp-block-image size-large\"><img data-recalc-dims=\"1\" fetchpriority=\"high\" decoding=\"async\" width=\"1024\" height=\"683\" src=\"https:\/\/i0.wp.com\/1truenote.com\/wp-content\/uploads\/2025\/04\/ChatGPT-Image-4-de-abr.-de-2025-15_15_12.png?resize=1024%2C683&#038;ssl=1\" alt=\"Sensibilidade espacial e conforto noturno em microambientes. Cama de solteiro em quarto pequeno com as luzes acesas.\" class=\"wp-image-815\" srcset=\"https:\/\/i0.wp.com\/1truenote.com\/wp-content\/uploads\/2025\/04\/ChatGPT-Image-4-de-abr.-de-2025-15_15_12.png?resize=1024%2C683&amp;ssl=1 1024w, https:\/\/i0.wp.com\/1truenote.com\/wp-content\/uploads\/2025\/04\/ChatGPT-Image-4-de-abr.-de-2025-15_15_12.png?resize=300%2C200&amp;ssl=1 300w, https:\/\/i0.wp.com\/1truenote.com\/wp-content\/uploads\/2025\/04\/ChatGPT-Image-4-de-abr.-de-2025-15_15_12.png?resize=768%2C512&amp;ssl=1 768w, https:\/\/i0.wp.com\/1truenote.com\/wp-content\/uploads\/2025\/04\/ChatGPT-Image-4-de-abr.-de-2025-15_15_12.png?w=1536&amp;ssl=1 1536w\" sizes=\"(max-width: 1024px) 100vw, 1024px\" \/><\/figure>\n\n\n\n<h2 id='estrat\u00e9gias-para-aumentar-a-sensibilidade-espacial-e-o-conforto-em-pequenos-ambientes'  class=\"wp-block-heading\"><strong>Estrat\u00e9gias para aumentar a sensibilidade espacial e o conforto em pequenos ambientes<\/strong><\/h2>\n\n\n\n<p>Compreender as limita\u00e7\u00f5es de espa\u00e7o \u00e9 apenas o primeiro passo. Para transformar microambientes em verdadeiros ref\u00fagios noturnos, \u00e9 necess\u00e1rio aplicar princ\u00edpios de <strong>sensibilidade espacial e conforto noturno em microambientes<\/strong> de maneira intencional e criativa.<\/p>\n\n\n\n<p>Aqui est\u00e3o as estrat\u00e9gias essenciais:<\/p>\n\n\n\n<h3 id='1-layouts-fluidos-e-a-regra-dos-tr\u00eas-fluxos-visual-t\u00e1til-e-funcional'  class=\"wp-block-heading\"><strong>1. Layouts fluidos e a regra dos tr\u00eas fluxos: Visual, t\u00e1til e funcional<\/strong><\/h3>\n\n\n\n<p>Um ambiente que favorece o sono precisa de circula\u00e7\u00e3o livre em tr\u00eas dimens\u00f5es:<\/p>\n\n\n\n<ul class=\"wp-block-list\">\n<li><strong>Fluxo visual:<\/strong> evite bloqueios visuais entre zonas de descanso; prefira m\u00f3veis baixos e linhas horizontais cont\u00ednuas.<\/li>\n\n\n\n<li><strong>Fluxo t\u00e1til:<\/strong> mantenha pisos livres de obst\u00e1culos e escolha materiais agrad\u00e1veis ao toque (tapetes macios, tecidos naturais).<\/li>\n\n\n\n<li><strong>Fluxo funcional:<\/strong> assegure percursos l\u00f3gicos e desimpedidos entre cama, ilumina\u00e7\u00e3o e \u00e1reas de circula\u00e7\u00e3o.<\/li>\n<\/ul>\n\n\n\n<p>A harmonia desses fluxos reduz a tens\u00e3o corporal e mental, preparando o sistema nervoso para a desacelera\u00e7\u00e3o.<\/p>\n\n\n\n<hr class=\"wp-block-separator has-alpha-channel-opacity\"\/>\n\n\n\n<h3 id='2-materiais-cores-e-texturas-queliam-a-sensa\u00e7\u00e3o-de-respiro'  class=\"wp-block-heading\"><strong>2. Materiais, cores e texturas que ampliam a sensa\u00e7\u00e3o de respiro<\/strong><\/h3>\n\n\n\n<p>Ambientes pequenos se beneficiam de escolhas sensoriais que ampliam subjetivamente a percep\u00e7\u00e3o de espa\u00e7o:<\/p>\n\n\n\n<ul class=\"wp-block-list\">\n<li><strong>Cores claras e neutras<\/strong> (tons areia, cinza-claro, azul suave) nas paredes e m\u00f3veis.<\/li>\n\n\n\n<li><strong>Texturas suaves<\/strong> em cortinas, roupas de cama e estofados, evitando materiais r\u00fasticos ou excessivamente brilhantes.<\/li>\n\n\n\n<li><strong>Superf\u00edcies foscas ou acetinadas<\/strong> que absorvem luz suavemente, evitando reflexos agressivos.<\/li>\n<\/ul>\n\n\n\n<p>Essas escolhas promovem calma visual e t\u00e1til, elementos fundamentais da <strong>sensibilidade espacial e conforto noturno em microambientes<\/strong>.<\/p>\n\n\n\n<hr class=\"wp-block-separator has-alpha-channel-opacity\"\/>\n\n\n\n<h3 id='3-ilumina\u00e7\u00e3o-e-sons-como-instrumentos-de-expans\u00e3o-sensorial'  class=\"wp-block-heading\"><strong>3. Ilumina\u00e7\u00e3o e sons como instrumentos de expans\u00e3o sensorial<\/strong><\/h3>\n\n\n\n<p>A luz e o som moldam diretamente a percep\u00e7\u00e3o espacial:<\/p>\n\n\n\n<ul class=\"wp-block-list\">\n<li><strong>Ilumina\u00e7\u00e3o indireta e difusa<\/strong>, como lumin\u00e1rias de ch\u00e3o e arandelas com dimmer, criam profundidade e suavizam limites f\u00edsicos.<\/li>\n\n\n\n<li><strong>Luz quente (2700K a 3000K)<\/strong> para zonas de descanso, respeitando o ritmo biol\u00f3gico do corpo.<\/li>\n\n\n\n<li><strong>Sons ambientais suaves<\/strong> (como ru\u00eddo branco, chuva leve ou m\u00fasica ambiente relaxante) ajudam a mascarar ru\u00eddos externos e criam uma atmosfera sonora coesa.<\/li>\n<\/ul>\n\n\n\n<p>A integra\u00e7\u00e3o consciente desses elementos transforma microambientes em experi\u00eancias imersivas de acolhimento.<\/p>\n\n\n\n<p>Aplicando essas estrat\u00e9gias, \u00e9 poss\u00edvel maximizar o potencial sensorial de qualquer espa\u00e7o, consolidando uma verdadeira atmosfera de conforto e fluidez, alinhada aos princ\u00edpios da <strong>sensibilidade espacial e conforto noturno em microambientes<\/strong>.<\/p>\n\n\n\n<hr class=\"wp-block-separator has-alpha-channel-opacity\"\/>\n\n\n\n<h2 id='criando-microref\u00fagios-como-pequenos-ajustes-geram-grandes-mudan\u00e7as-no-sono'  class=\"wp-block-heading\"><strong>Criando microref\u00fagios: Como pequenos ajustes geram grandes mudan\u00e7as no sono<\/strong><\/h2>\n\n\n\n<p>Em ambientes compactos, a cria\u00e7\u00e3o consciente de pequenos ref\u00fagios de descanso \u00e9 essencial para potencializar a <strong>sensibilidade espacial e conforto noturno em microambientes<\/strong>. A ideia \u00e9 transformar uma fra\u00e7\u00e3o do espa\u00e7o em um verdadeiro &#8220;santu\u00e1rio sensorial&#8221;, capaz de desacelerar corpo e mente ao final do dia.<\/p>\n\n\n\n<h3 id='a-constru\u00e7\u00e3o-da-zona-de-desacelera\u00e7\u00e3o'  class=\"wp-block-heading\"><strong>A constru\u00e7\u00e3o da &#8220;zona de desacelera\u00e7\u00e3o&#8221;<\/strong><\/h3>\n\n\n\n<p>Dentro do pr\u00f3prio quarto \u2014 ou at\u00e9 mesmo em um canto de um studio \u2014 \u00e9 poss\u00edvel demarcar uma microzona destinada apenas ao relaxamento.<\/p>\n\n\n\n<p>Elementos fundamentais para essa constru\u00e7\u00e3o:<\/p>\n\n\n\n<ul class=\"wp-block-list\">\n<li><strong>Ilumina\u00e7\u00e3o diferenciada:<\/strong> luz indireta e suave, de cor quente.<\/li>\n\n\n\n<li><strong>Superf\u00edcies acolhedoras:<\/strong> tapetes macios, tecidos agrad\u00e1veis e mobili\u00e1rio de toque confort\u00e1vel.<\/li>\n\n\n\n<li><strong>Isolamento sensorial:<\/strong> cortinas pesadas, biombos ou mesmo arranjos de plantas podem criar divis\u00f5es suaves.<\/li>\n<\/ul>\n\n\n\n<p>Esses elementos ajudam o c\u00e9rebro a reconhecer o espa\u00e7o como um territ\u00f3rio seguro e exclusivo para a desacelera\u00e7\u00e3o com <strong>sensibilidade espacial e conforto noturno em microambientes<\/strong>.<\/p>\n\n\n\n<hr class=\"wp-block-separator has-alpha-channel-opacity\"\/>\n\n\n\n<h3 id='organiza\u00e7\u00e3o-m\u00ednima-para-m\u00e1xima-liberdade-mental'  class=\"wp-block-heading\"><strong>Organiza\u00e7\u00e3o m\u00ednima para m\u00e1xima liberdade mental<\/strong><\/h3>\n\n\n\n<p>Ambientes polu\u00eddos visualmente sobrecarregam a mente. Um microref\u00fagio de descanso precisa ser <strong>livre de excessos<\/strong>, permitindo que o olhar encontre respiros e que a circula\u00e7\u00e3o de energia flua com facilidade.<\/p>\n\n\n\n<p><strong>Dicas pr\u00e1ticas:<\/strong><\/p>\n\n\n\n<ul class=\"wp-block-list\">\n<li>Limitar a quantidade de objetos \u00e0 vista no ambiente de descanso.<\/li>\n\n\n\n<li>Usar caixas organizadoras para armazenar itens n\u00e3o essenciais.<\/li>\n\n\n\n<li>Deixar superf\u00edcies, como criados-mudos e prateleiras, o mais limpas e neutras poss\u00edvel.<\/li>\n<\/ul>\n\n\n\n<p>Essa organiza\u00e7\u00e3o m\u00ednima contribui diretamente para o relaxamento mental \u2014 um dos pilares da <strong>sensibilidade espacial e conforto noturno em microambientes<\/strong>.<\/p>\n\n\n\n<hr class=\"wp-block-separator has-alpha-channel-opacity\"\/>\n\n\n\n<h3 id='pequenas-interven\u00e7\u00f5es-grandes-transforma\u00e7\u00f5es'  class=\"wp-block-heading\"><strong>Pequenas interven\u00e7\u00f5es, grandes transforma\u00e7\u00f5es<\/strong><\/h3>\n\n\n\n<p>Mudan\u00e7as pontuais t\u00eam grande impacto na percep\u00e7\u00e3o e na funcionalidade do ambiente:<\/p>\n\n\n\n<ul class=\"wp-block-list\">\n<li>Posicionar um difusor de aroma pr\u00f3ximo \u00e0 cabeceira da cama.<\/li>\n\n\n\n<li>Trocar uma ilumina\u00e7\u00e3o fria por uma l\u00e2mpada \u00e2mbar.<\/li>\n\n\n\n<li>Substituir cortinas transl\u00facidas por modelos blackout.<\/li>\n<\/ul>\n\n\n\n<p>Cada pequeno ajuste atua como um &#8220;sinal silencioso&#8221; que prepara corpo e mente para o descanso, transformando at\u00e9 mesmo o menor dos espa\u00e7os em um poderoso agente de recupera\u00e7\u00e3o e bem-estar.<\/p>\n\n\n\n<p>Investir nesses microref\u00fagios \u00e9 investir em qualidade de vida \u2014 e \u00e9 justamente essa aten\u00e7\u00e3o aos detalhes que faz da <strong>sensibilidade espacial e conforto noturno em microambientes<\/strong> uma verdadeira arte contempor\u00e2nea do habitar.<\/p>\n\n\n\n<hr class=\"wp-block-separator has-alpha-channel-opacity\"\/>\n\n\n\n<h2 id='pequenos-espa\u00e7os-grandes-ref\u00fagios-a-arte-da-sensibilidade-espacial-no-descanso-contempor\u00e2neo'  class=\"wp-block-heading\"><strong>Pequenos espa\u00e7os, grandes ref\u00fagios \u2014 A arte da sensibilidade espacial no descanso contempor\u00e2neo<\/strong><\/h2>\n\n\n\n<p>Em tempos de cidades densas e espa\u00e7os cada vez mais compactos, compreender e aplicar a <strong>sensibilidade espacial e conforto noturno em microambientes<\/strong> tornou-se uma habilidade fundamental para quem busca qualidade de vida real.<\/p>\n\n\n\n<p>N\u00e3o se trata apenas de maximizar metros quadrados \u2014 trata-se de expandir experi\u00eancias.<br>Criar microref\u00fagios de descanso, respeitar o fluxo natural dos sentidos, modular luzes e sons, reduzir est\u00edmulos: cada detalhe cuidadosamente pensado transforma ambientes comuns em ref\u00fagios de recupera\u00e7\u00e3o profunda.<\/p>\n\n\n\n<p>Quando o espa\u00e7o que habitamos respeita nossa biologia, o sono acontece naturalmente, restaurando corpo, mente e emo\u00e7\u00f5es.<br>E ao moldar os microambientes que nos acolhem \u00e0 noite, estamos, na verdade, construindo as bases invis\u00edveis dos nossos melhores dias. Vamos ao FAQ sobre <strong>sensibilidade espacial e conforto noturno em microambientes<\/strong>.<\/p>\n\n\n\n<hr class=\"wp-block-separator has-alpha-channel-opacity\"\/>\n\n\n\n<h2 id='faq-perguntas-frequentes-sobre-sensibilidade-espacial-e-conforto-noturno-em-microambientes'  class=\"wp-block-heading\"><strong>FAQ \u2013 Perguntas Frequentes sobre Sensibilidade Espacial e Conforto Noturno em Microambientes<\/strong><\/h2>\n\n\n\n<h3 id='1-\u00e9-poss\u00edvel-melhorar-o-conforto-noturno-em-um-ambiente-pequeno-sem-reformas'  class=\"wp-block-heading\"><strong>1. \u00c9 poss\u00edvel melhorar o conforto noturno em um ambiente pequeno sem reformas?<\/strong><\/h3>\n\n\n\n<p>Sim. Aplicar conceitos de <strong>sensibilidade espacial e conforto noturno em microambientes<\/strong> \u2014 como otimizar a ilumina\u00e7\u00e3o, utilizar m\u00f3veis multifuncionais, definir zonas de relaxamento e minimizar est\u00edmulos visuais \u2014 j\u00e1 traz benef\u00edcios imediatos para a qualidade do descanso.<\/p>\n\n\n\n<h3 id='2-quais-texturas-s\u00e3o-recomendadas-para-promover-o-relaxamento-em-microespa\u00e7os'  class=\"wp-block-heading\"><strong>2. Quais texturas s\u00e3o recomendadas para promover o relaxamento em microespa\u00e7os?<\/strong><\/h3>\n\n\n\n<p>Tecidos naturais como algod\u00e3o, linho e l\u00e3 leve s\u00e3o ideais. Tapetes macios, cortinas opacas e superf\u00edcies foscas ajudam a criar uma atmosfera acolhedora, essencial para estimular o relaxamento em ambientes compactos.<\/p>\n\n\n\n<h3 id='3-como-a-ilumina\u00e7\u00e3o-pode-modular-a-sensa\u00e7\u00e3o-delitude-e-descanso'  class=\"wp-block-heading\"><strong>3. Como a ilumina\u00e7\u00e3o pode modular a sensa\u00e7\u00e3o de amplitude e descanso?<\/strong><\/h3>\n\n\n\n<p>Luzes indiretas e regul\u00e1veis em tons quentes (2700K a 3000K) ampliam visualmente o espa\u00e7o e favorecem a produ\u00e7\u00e3o natural de melatonina. A ilumina\u00e7\u00e3o correta \u00e9 um dos principais aliados da <strong>sensibilidade espacial e conforto noturno em microambientes<\/strong>.<\/p>\n\n\n\n<h3 id='4-devo-separar-espa\u00e7os-de-trabalho-e-descanso-em-microapartamentos'  class=\"wp-block-heading\"><strong>4. Devo separar espa\u00e7os de trabalho e descanso em microapartamentos?<\/strong><\/h3>\n\n\n\n<p>Sempre que poss\u00edvel, sim. Mesmo separa\u00e7\u00f5es sensoriais sutis \u2014 como tapetes diferentes, ilumina\u00e7\u00e3o espec\u00edfica ou divis\u00f3rias leves \u2014 ajudam o c\u00e9rebro a distinguir momentos de vig\u00edlia dos momentos de relaxamento, favorecendo um sono de qualidade.<\/p>\n\n\n\n<h3 id='5-como-evitar-a-sobrecarga-sensorial-em-espa\u00e7os-pequenos'  class=\"wp-block-heading\"><strong>5. Como evitar a sobrecarga sensorial em espa\u00e7os pequenos?<\/strong><\/h3>\n\n\n\n<p>A chave \u00e9 a organiza\u00e7\u00e3o consciente: reduzir o n\u00famero de objetos vis\u00edveis, escolher paletas de cores neutras, trabalhar ilumina\u00e7\u00e3o difusa e utilizar texturas que remetem \u00e0 natureza. Menos est\u00edmulos significam menos tens\u00e3o e mais facilidade para induzir o sono.<\/p>\n\n\n\n<p>Curtiu nosso artigo sobre sensibilidade espacial e conforto noturno em microambientes? Voc\u00ea pode conferir tamb\u00e9m nosso artigo sobre <a href=\"https:\/\/1truenote.com\/en\/arquitetura-do-sono-em-espacos-contemporaneos\/\" data-type=\"link\" data-id=\"https:\/\/1truenote.com\/arquitetura-do-sono-em-espacos-contemporaneos\/\">arquitetura do sono em espa\u00e7os contempor\u00e2neos<\/a>!<\/p>","protected":false},"excerpt":{"rendered":"<p>O espa\u00e7o sentido antes de ser visto: Sensibilidade espacial e conforto noturno em microambientes O espa\u00e7o que habitamos \u00e9 muito&#8230;<\/p>","protected":false},"author":1,"featured_media":814,"comment_status":"open","ping_status":"open","sticky":false,"template":"","format":"standard","meta":{"_kad_post_transparent":"","_kad_post_title":"","_kad_post_layout":"","_kad_post_sidebar_id":"","_kad_post_content_style":"","_kad_post_vertical_padding":"","_kad_post_feature":"","_kad_post_feature_position":"","_kad_post_header":false,"_kad_post_footer":false,"_kad_post_classname":"","footnotes":"","jetpack_publicize_message":"","jetpack_publicize_feature_enabled":true,"jetpack_social_post_already_shared":false,"jetpack_social_options":{"image_generator_settings":{"template":"highway","default_image_id":0,"font":"","enabled":false},"version":2}},"categories":[16],"tags":[11],"class_list":["post-813","post","type-post","status-publish","format-standard","has-post-thumbnail","hentry","category-casa-e-jardim","tag-conforto-noturno"],"jetpack_publicize_connections":[],"jetpack_featured_media_url":"https:\/\/i0.wp.com\/1truenote.com\/wp-content\/uploads\/2025\/04\/ChatGPT-Image-4-de-abr.-de-2025-15_13_49-e1743790456280.png?fit=1024%2C683&ssl=1","jetpack_sharing_enabled":true,"_links":{"self":[{"href":"https:\/\/1truenote.com\/en\/wp-json\/wp\/v2\/posts\/813","targetHints":{"allow":["GET"]}}],"collection":[{"href":"https:\/\/1truenote.com\/en\/wp-json\/wp\/v2\/posts"}],"about":[{"href":"https:\/\/1truenote.com\/en\/wp-json\/wp\/v2\/types\/post"}],"author":[{"embeddable":true,"href":"https:\/\/1truenote.com\/en\/wp-json\/wp\/v2\/users\/1"}],"replies":[{"embeddable":true,"href":"https:\/\/1truenote.com\/en\/wp-json\/wp\/v2\/comments?post=813"}],"version-history":[{"count":0,"href":"https:\/\/1truenote.com\/en\/wp-json\/wp\/v2\/posts\/813\/revisions"}],"wp:featuredmedia":[{"embeddable":true,"href":"https:\/\/1truenote.com\/en\/wp-json\/wp\/v2\/media\/814"}],"wp:attachment":[{"href":"https:\/\/1truenote.com\/en\/wp-json\/wp\/v2\/media?parent=813"}],"wp:term":[{"taxonomy":"category","embeddable":true,"href":"https:\/\/1truenote.com\/en\/wp-json\/wp\/v2\/categories?post=813"},{"taxonomy":"post_tag","embeddable":true,"href":"https:\/\/1truenote.com\/en\/wp-json\/wp\/v2\/tags?post=813"}],"curies":[{"name":"wp","href":"https:\/\/api.w.org\/{rel}","templated":true}]}}