{"id":809,"date":"2025-04-04T17:42:05","date_gmt":"2025-04-04T17:42:05","guid":{"rendered":"https:\/\/1truenote.com\/?p=809"},"modified":"2025-04-21T17:12:30","modified_gmt":"2025-04-21T17:12:30","slug":"arquitetura-do-sono-em-espacos-contemporaneos","status":"publish","type":"post","link":"https:\/\/1truenote.com\/en\/arquitetura-do-sono-em-espacos-contemporaneos\/","title":{"rendered":"Arquitetura do sono em espa\u00e7os contempor\u00e2neos"},"content":{"rendered":"<div class=\"fit_content\">\n                <div class=\"bd_toc_container\" data-fixedwidth=\"\">\n                    <div class=\"bd_toc_wrapper\" data-wrapperpadding=\"48px\">\n                        <div class=\"bd_toc_wrapper_item\">\n                            <div class=\"bd_toc_header active\" data-headerpadding=\"2px\">\n                                <div class=\"bd_toc_header_title\">\n                                    Sum\u00e1rio                                <\/div>\n                                <div class=\"bd_toc_switcher_hide_show_icon\">\n                                    <span class=\"bd_toc_arrow\"><\/span>                                <\/div>\n                            <\/div>\n                            <div class=\"bd_toc_content list-type-number\">\n                                <div class=\"bd_toc_content_list\">\n                                    <div class='bd_toc_content_list_item'>    <ul>\n      <li class=\"first\">\n        <a href=\"#o-sono-como-pilar-da-arquitetura-humana-arquitetura-do-sono-em-espa\u00e7os-contempor\u00e2neos\">O Sono como pilar da arquitetura humana: Arquitetura do sono em espa\u00e7os contempor\u00e2neos<\/a>\n        <ul class=\"menu_level_2\">\n          <li class=\"first\">\n            <a href=\"#a-intera\u00e7\u00e3o-entre-espa\u00e7o-e-biologia\">A intera\u00e7\u00e3o entre espa\u00e7o e biologia<\/a>\n          <\/li>\n          <li>\n            <a href=\"#a-emerg\u00eancia-da-arquitetura-do-sono-como-disciplina\">A emerg\u00eancia da arquitetura do sono como disciplina<\/a>\n          <\/li>\n          <li class=\"last\">\n            <a href=\"#objetivo-deste-conte\u00fado\">Objetivo deste conte\u00fado<\/a>\n          <\/li>\n        <\/ul>\n      <\/li>\n      <li>\n        <a href=\"#fundamentos-da-arquitetura-do-sono-o-que-um-espa\u00e7o-precisa-para-induzir-o-descanso\">Fundamentos da arquitetura do sono: O que um espa\u00e7o precisa para induzir o descanso<\/a>\n        <ul class=\"menu_level_2\">\n          <li class=\"first\">\n            <a href=\"#ergonomia-do-descanso-base-f\u00edsica-para-o-relaxamento-profundo\">Ergonomia do descanso: Base f\u00edsica para o relaxamento profundo<\/a>\n          <\/li>\n          <li>\n            <a href=\"#controle-de-est\u00edmulos-luz-som-temperatura-e-cheiro\">Controle de est\u00edmulos: Luz, som, temperatura e cheiro<\/a>\n          <\/li>\n          <li class=\"last\">\n            <a href=\"#integra\u00e7\u00e3o-entre-est\u00e9tica-sensorial-e-funcionalidade-t\u00e9cnica\">Integra\u00e7\u00e3o entre est\u00e9tica sensorial e funcionalidade t\u00e9cnica<\/a>\n          <\/li>\n        <\/ul>\n      <\/li>\n      <li>\n        <a href=\"#espa\u00e7os-contempor\u00e2neos-e-seus-desafios-para-o-sono\">Espa\u00e7os contempor\u00e2neos e seus desafios para o sono<\/a>\n        <ul class=\"menu_level_2\">\n          <li class=\"first\">\n            <a href=\"#compacta\u00e7\u00e3o-espacial-o-novo-paradigma-do-morar\">Compacta\u00e7\u00e3o espacial: O novo paradigma do morar<\/a>\n          <\/li>\n          <li>\n            <a href=\"#hiperconectividade-o-inimigo-invis\u00edvel-do-descanso\">Hiperconectividade: O inimigo invis\u00edvel do descanso<\/a>\n          <\/li>\n          <li class=\"last\">\n            <a href=\"#a-import\u00e2ncia-da-descompress\u00e3o-espacial\">A import\u00e2ncia da descompress\u00e3o espacial<\/a>\n          <\/li>\n        <\/ul>\n      <\/li>\n      <li>\n        <a href=\"#estrat\u00e9gias-arquitet\u00f4nicas-para-promover-o-sono-profundo\">Estrat\u00e9gias arquitet\u00f4nicas para promover o sono profundo<\/a>\n        <ul class=\"menu_level_2\">\n          <li class=\"first\">\n            <a href=\"#zonas-silenciosas-projetando-a-ac\u00fastica-para-o-repouso\">Zonas silenciosas: Projetando a ac\u00fastica para o repouso<\/a>\n          <\/li>\n          <li>\n            <a href=\"#ilumina\u00e7\u00e3o-biol\u00f3gica-respeitando-o-ciclo-natural-do-corpo\">Ilumina\u00e7\u00e3o biol\u00f3gica: Respeitando o ciclo natural do corpo<\/a>\n          <\/li>\n          <li class=\"last\">\n            <a href=\"#materiais-e-texturas-que-acolhem-corpo-e-mente\">Materiais e texturas que acolhem corpo e mente<\/a>\n          <\/li>\n        <\/ul>\n      <\/li>\n      <li>\n        <a href=\"#o-futuro-da-arquitetura-do-sono-tend\u00eancias-e-inova\u00e7\u00f5es\">O futuro da arquitetura do sono: Tend\u00eancias e inova\u00e7\u00f5es<\/a>\n        <ul class=\"menu_level_2\">\n          <li class=\"first\">\n            <a href=\"#casas-biof\u00edlicas-reconex\u00e3o-com-a-natureza-para-restaurar-o-sono\">Casas biof\u00edlicas: reconex\u00e3o com a natureza para restaurar o sono<\/a>\n          <\/li>\n          <li>\n            <a href=\"#automa\u00e7\u00e3o-personalizada-ambientes-que-sabem-quando-relaxar\">Automa\u00e7\u00e3o personalizada: ambientes que &quot;sabem&quot; quando relaxar<\/a>\n          <\/li>\n          <li>\n            <a href=\"#espa\u00e7os-h\u00edbridos-que-respeitam-tempo-de-vig\u00edlia-e-descanso\">Espa\u00e7os h\u00edbridos que respeitam tempo de vig\u00edlia e descanso<\/a>\n          <\/li>\n          <li class=\"last\">\n            <a href=\"#neuroarquitetura-como-base-da-nova-gera\u00e7\u00e3o-de-projetos\">Neuroarquitetura como base da nova gera\u00e7\u00e3o de projetos<\/a>\n          <\/li>\n        <\/ul>\n      <\/li>\n      <li>\n        <a href=\"#arquitetura-do-sono-em-espa\u00e7os-contempor\u00e2neos\">Arquitetura do sono em espa\u00e7os contempor\u00e2neos<\/a>\n      <\/li>\n      <li class=\"last\">\n        <a href=\"#faq-perguntas-frequentes-sobre-arquitetura-do-sono-em-espa\u00e7os-contempor\u00e2neos\">FAQ \u2013 Perguntas Frequentes sobre Arquitetura do Sono em Espa\u00e7os Contempor\u00e2neos<\/a>\n        <ul class=\"menu_level_2\">\n          <li class=\"first\">\n            <a href=\"#1-como-a-arquitetura-pode-melhorar-a-qualidade-do-sono\">1. Como a arquitetura pode melhorar a qualidade do sono?<\/a>\n          <\/li>\n          <li>\n            <a href=\"#2-quais-elementos-s\u00e3o-essenciais-para-criar-um-ambiente-de-sono-ideal\">2. Quais elementos s\u00e3o essenciais para criar um ambiente de sono ideal?<\/a>\n          <\/li>\n          <li>\n            <a href=\"#3-\u00e9-poss\u00edvel-adaptar-um-ambiente-j\u00e1-existente-para-melhorar-o-sono\">3. \u00c9 poss\u00edvel adaptar um ambiente j\u00e1 existente para melhorar o sono?<\/a>\n          <\/li>\n          <li>\n            <a href=\"#4-a-tecnologia-atrapalha-ou-ajuda-na-arquitetura-do-sono\">4. A tecnologia atrapalha ou ajuda na arquitetura do sono?<\/a>\n          <\/li>\n          <li class=\"last\">\n            <a href=\"#5-neuroarquitetura-realmente-influencia-o-sono\">5. Neuroarquitetura realmente influencia o sono?<\/a>\n          <\/li>\n        <\/ul>\n      <\/li>\n    <\/ul>\n<\/div>                                <\/div>\n                            <\/div>\n                        <\/div>\n                    <\/div>\n                    <div class=\"layout_toggle_button\">\n                        <span class=\"bd_toc_arrow\"><\/span>\n                    <\/div>\n                <\/div>\n            <\/div>\n\n    \n\n\n<h2 id='o-sono-como-pilar-da-arquitetura-humana-arquitetura-do-sono-em-espa\u00e7os-contempor\u00e2neos'  class=\"wp-block-heading\"><strong>O Sono como pilar da arquitetura humana<\/strong>: <strong>Arquitetura do sono em espa\u00e7os contempor\u00e2neos<\/strong><\/h2>\n\n\n\n<p>O ambiente f\u00edsico que nos cerca exerce influ\u00eancia direta sobre a qualidade do nosso descanso. Em tempos de hiperconex\u00e3o, est\u00edmulos constantes e vida urbana acelerada, entender a <strong>arquitetura do sono em espa\u00e7os contempor\u00e2neos<\/strong> tornou-se uma necessidade vital para projetar ambientes que favore\u00e7am o bem-estar integral.<\/p>\n\n\n\n<h3 id='a-intera\u00e7\u00e3o-entre-espa\u00e7o-e-biologia'  class=\"wp-block-heading\"><strong>A intera\u00e7\u00e3o entre espa\u00e7o e biologia<\/strong><\/h3>\n\n\n\n<p>O sono \u00e9 regulado por mecanismos biol\u00f3gicos que s\u00e3o altamente sens\u00edveis a fatores externos como luz, temperatura, ru\u00eddo e sensa\u00e7\u00e3o t\u00e1til. Por isso, n\u00e3o basta mais decorar um quarto bonito: \u00e9 preciso desenhar espa\u00e7os que respeitem ritmos naturais, reduzam est\u00edmulos nocivos e incentivem a entrada gradual no ciclo de descanso profundo.<\/p>\n\n\n\n<p>A arquitetura contempor\u00e2nea, ao abra\u00e7ar essa vis\u00e3o mais sens\u00edvel, eleva o projeto residencial a um novo patamar: o de promover sa\u00fade f\u00edsica, emocional e cognitiva a partir do ambiente constru\u00eddo.<\/p>\n\n\n\n<h3 id='a-emerg\u00eancia-da-arquitetura-do-sono-como-disciplina'  class=\"wp-block-heading\"><strong>A emerg\u00eancia da arquitetura do sono como disciplina<\/strong><\/h3>\n\n\n\n<p>Nos \u00faltimos anos, arquitetos, designers de interiores e neurocientistas t\u00eam convergido esfor\u00e7os para criar o que se denomina &#8220;arquitetura do sono&#8221; \u2014 uma abordagem que une ergonomia, ci\u00eancia do sono, neuroarquitetura e design biof\u00edlico para compor espa\u00e7os verdadeiramente restauradores.<\/p>\n\n\n\n<p>Em vez de focar apenas em est\u00e9tica ou fun\u00e7\u00e3o, a arquitetura do sono busca criar ambientes que <strong>trabalham a favor dos ritmos humanos<\/strong>, especialmente em meio \u00e0s demandas contradit\u00f3rias da vida contempor\u00e2nea.<\/p>\n\n\n\n<h3 id='objetivo-deste-conte\u00fado'  class=\"wp-block-heading\"><strong>Objetivo deste conte\u00fado<\/strong><\/h3>\n\n\n\n<p>Neste artigo, vamos explorar os principais fundamentos da <strong>arquitetura do sono em espa\u00e7os contempor\u00e2neos<\/strong>, detalhar como projetar ambientes que favorecem o descanso pleno e discutir tend\u00eancias futuras que transformar\u00e3o a forma como habitamos nossos espa\u00e7os de descanso.<\/p>\n\n\n\n<p>Seja voc\u00ea um arquiteto, designer ou apenas algu\u00e9m buscando noites melhores, este conte\u00fado foi criado para entregar solu\u00e7\u00f5es t\u00e9cnicas, pr\u00e1ticas e profundamente humanas sobre a <strong>arquitetura do sono em espa\u00e7os contempor\u00e2neos<\/strong>.<\/p>\n\n\n\n<hr class=\"wp-block-separator has-alpha-channel-opacity\"\/>\n\n\n\n<h2 id='fundamentos-da-arquitetura-do-sono-o-que-um-espa\u00e7o-precisa-para-induzir-o-descanso'  class=\"wp-block-heading\"><strong>Fundamentos da arquitetura do sono: O que um espa\u00e7o precisa para induzir o descanso<\/strong><\/h2>\n\n\n\n<p>A verdadeira <strong>arquitetura do sono em espa\u00e7os contempor\u00e2neos<\/strong> n\u00e3o se limita a escolhas est\u00e9ticas: ela parte da ci\u00eancia do comportamento humano para construir ambientes que, de forma quase invis\u00edvel, preparam o corpo e a mente para o descanso.<\/p>\n\n\n\n<p>Para isso, \u00e9 necess\u00e1rio considerar tr\u00eas pilares fundamentais: ergonomia do descanso, controle de est\u00edmulos sensoriais e integra\u00e7\u00e3o entre fun\u00e7\u00e3o e est\u00e9tica.<\/p>\n\n\n\n<h3 id='ergonomia-do-descanso-base-f\u00edsica-para-o-relaxamento-profundo'  class=\"wp-block-heading\"><strong>Ergonomia do descanso: Base f\u00edsica para o relaxamento profundo<\/strong><\/h3>\n\n\n\n<p>A primeira camada \u00e9 a ergonomia. Camas mal dimensionadas, colch\u00f5es inadequados e circula\u00e7\u00f5es obstru\u00eddas impactam diretamente a arquitetura do sono.<\/p>\n\n\n\n<p><strong>Pontos cruciais:<\/strong><\/p>\n\n\n\n<ul class=\"wp-block-list\">\n<li><strong>Colch\u00f5es e travesseiros<\/strong> devem respeitar o alinhamento natural da coluna.<\/li>\n\n\n\n<li><strong>Altura da cama<\/strong> deve facilitar o deitar e levantar, com ergonomia para diferentes faixas et\u00e1rias.<\/li>\n\n\n\n<li><strong>Espa\u00e7os de circula\u00e7\u00e3o livre<\/strong> ao redor do leito devem ter pelo menos 60cm de largura, garantindo seguran\u00e7a e fluidez.<\/li>\n<\/ul>\n\n\n\n<p>Ergonomia no ambiente de descanso reduz o esfor\u00e7o f\u00edsico inconsciente, permitindo uma transi\u00e7\u00e3o mais r\u00e1pida para o estado de sono profundo.<\/p>\n\n\n\n<h3 id='controle-de-est\u00edmulos-luz-som-temperatura-e-cheiro'  class=\"wp-block-heading\"><strong>Controle de est\u00edmulos: Luz, som, temperatura e cheiro<\/strong><\/h3>\n\n\n\n<p>O c\u00e9rebro humano responde instintivamente aos est\u00edmulos do ambiente. Portanto, ambientes de sono devem minimizar excita\u00e7\u00f5es externas:<\/p>\n\n\n\n<ul class=\"wp-block-list\">\n<li><strong>Ilumina\u00e7\u00e3o:<\/strong> preferencialmente quente e regul\u00e1vel, simulando o p\u00f4r do sol natural.<\/li>\n\n\n\n<li><strong>Ac\u00fastica:<\/strong> isolamento de sons externos, uso de materiais absorventes e, se necess\u00e1rio, ru\u00eddo branco para mascarar ru\u00eddos imprevis\u00edveis.<\/li>\n\n\n\n<li><strong>Temperatura:<\/strong> manter o quarto entre 18\u00b0C e 22\u00b0C para favorecer os processos fisiol\u00f3gicos do sono.<\/li>\n\n\n\n<li><strong>Aromaterapia leve:<\/strong> ess\u00eancias naturais como lavanda ou camomila podem ser incorporadas com modera\u00e7\u00e3o para induzir ao relaxamento.<\/li>\n<\/ul>\n\n\n\n<p>Cada sentido deve ser cuidadosamente calibrado para induzir o corpo ao repouso, n\u00e3o ao estado de alerta.<\/p>\n\n\n\n<h3 id='integra\u00e7\u00e3o-entre-est\u00e9tica-sensorial-e-funcionalidade-t\u00e9cnica'  class=\"wp-block-heading\"><strong>Integra\u00e7\u00e3o entre est\u00e9tica sensorial e funcionalidade t\u00e9cnica<\/strong><\/h3>\n\n\n\n<p>Um quarto de sono ideal \u00e9 aquele em que funcionalidade e est\u00e9tica caminham juntas. N\u00e3o basta ter beleza visual: o ambiente precisa <strong>funcionar emocionalmente<\/strong> para seu prop\u00f3sito.<\/p>\n\n\n\n<p>Paletas de cores suaves, texturas agrad\u00e1veis ao toque, mobili\u00e1rio minimalista e ilumina\u00e7\u00e3o indireta criam atmosferas que naturalmente favorecem o desligamento mental e f\u00edsico.<\/p>\n\n\n\n<p>Quando todos esses elementos trabalham em harmonia, a <strong>arquitetura do sono em espa\u00e7os contempor\u00e2neos<\/strong> transcende o espa\u00e7o f\u00edsico e passa a moldar diretamente a experi\u00eancia humana.<\/p>\n\n\n\n<hr class=\"wp-block-separator has-alpha-channel-opacity\"\/>\n\n\n\n<figure class=\"wp-block-image size-full\"><img data-recalc-dims=\"1\" fetchpriority=\"high\" decoding=\"async\" width=\"1024\" height=\"1024\" src=\"https:\/\/i0.wp.com\/1truenote.com\/wp-content\/uploads\/2025\/04\/ChatGPT-Image-4-de-abr.-de-2025-14_38_34.png?resize=1024%2C1024&#038;ssl=1\" alt=\"Arquitetura do sono em espa\u00e7os contempor\u00e2neos. Mulher dormindo tranquilamente.\" class=\"wp-image-811\" srcset=\"https:\/\/i0.wp.com\/1truenote.com\/wp-content\/uploads\/2025\/04\/ChatGPT-Image-4-de-abr.-de-2025-14_38_34.png?w=1024&amp;ssl=1 1024w, https:\/\/i0.wp.com\/1truenote.com\/wp-content\/uploads\/2025\/04\/ChatGPT-Image-4-de-abr.-de-2025-14_38_34.png?resize=300%2C300&amp;ssl=1 300w, https:\/\/i0.wp.com\/1truenote.com\/wp-content\/uploads\/2025\/04\/ChatGPT-Image-4-de-abr.-de-2025-14_38_34.png?resize=150%2C150&amp;ssl=1 150w, https:\/\/i0.wp.com\/1truenote.com\/wp-content\/uploads\/2025\/04\/ChatGPT-Image-4-de-abr.-de-2025-14_38_34.png?resize=768%2C768&amp;ssl=1 768w, https:\/\/i0.wp.com\/1truenote.com\/wp-content\/uploads\/2025\/04\/ChatGPT-Image-4-de-abr.-de-2025-14_38_34.png?resize=600%2C600&amp;ssl=1 600w\" sizes=\"(max-width: 1024px) 100vw, 1024px\" \/><\/figure>\n\n\n\n<h2 id='espa\u00e7os-contempor\u00e2neos-e-seus-desafios-para-o-sono'  class=\"wp-block-heading\"><strong>Espa\u00e7os contempor\u00e2neos e seus desafios para o sono<\/strong><\/h2>\n\n\n\n<p>Projetar ambientes que induzam ao descanso pleno se tornou uma tarefa ainda mais desafiadora na realidade urbana atual. Em meio \u00e0 hiperconectividade, compacta\u00e7\u00e3o dos espa\u00e7os e multifuncionalidade crescente, a <strong>arquitetura do sono em espa\u00e7os contempor\u00e2neos<\/strong> precisa enfrentar obst\u00e1culos que nunca foram t\u00e3o complexos.<\/p>\n\n\n\n<h3 id='compacta\u00e7\u00e3o-espacial-o-novo-paradigma-do-morar'  class=\"wp-block-heading\"><strong>Compacta\u00e7\u00e3o espacial: O novo paradigma do morar<\/strong><\/h3>\n\n\n\n<p>As resid\u00eancias modernas, especialmente nos grandes centros urbanos, est\u00e3o cada vez menores. Studios e microapartamentos se tornaram comuns, exigindo que um mesmo ambiente acomode m\u00faltiplas fun\u00e7\u00f5es: trabalhar, cozinhar, relaxar e dormir.<\/p>\n\n\n\n<p>Essa multifuncionalidade, se n\u00e3o for bem resolvida, <strong>sobrecarrega os sentidos<\/strong> e dificulta a cria\u00e7\u00e3o de uma atmosfera prop\u00edcia ao sono.<\/p>\n\n\n\n<p><strong>Principais impactos da compacta\u00e7\u00e3o mal planejada:<\/strong><\/p>\n\n\n\n<ul class=\"wp-block-list\">\n<li>Redu\u00e7\u00e3o do espa\u00e7o de circula\u00e7\u00e3o e respiro visual.<\/li>\n\n\n\n<li>Conflito entre \u00e1reas de alta energia (como home office) e zonas de descanso.<\/li>\n\n\n\n<li>Ac\u00famulo de est\u00edmulos visuais e auditivos num \u00fanico ambiente.<\/li>\n<\/ul>\n\n\n\n<h3 id='hiperconectividade-o-inimigo-invis\u00edvel-do-descanso'  class=\"wp-block-heading\"><strong>Hiperconectividade: O inimigo invis\u00edvel do descanso<\/strong><\/h3>\n\n\n\n<p>O excesso de dispositivos eletr\u00f4nicos \u2014 smartphones, computadores, TVs e assistentes virtuais \u2014 altera o ciclo circadiano natural. A exposi\u00e7\u00e3o \u00e0 luz azul no per\u00edodo noturno inibe a produ\u00e7\u00e3o de melatonina, prejudicando o adormecimento.<\/p>\n\n\n\n<p>A <strong><strong>arquitetura do sono em espa\u00e7os contempor\u00e2neos<\/strong><\/strong> precisa <strong>prever:<\/strong><\/p>\n\n\n\n<ul class=\"wp-block-list\">\n<li>\u00c1reas livres de eletr\u00f4nicos.<\/li>\n\n\n\n<li>Controles inteligentes de ilumina\u00e7\u00e3o que respeitem o ritmo biol\u00f3gico.<\/li>\n\n\n\n<li>Solu\u00e7\u00f5es f\u00edsicas (como divis\u00f3rias leves ou cortinas) para delimitar zonas de descanso.<\/li>\n<\/ul>\n\n\n\n<h3 id='a-import\u00e2ncia-da-descompress\u00e3o-espacial'  class=\"wp-block-heading\"><strong>A import\u00e2ncia da descompress\u00e3o espacial<\/strong><\/h3>\n\n\n\n<p>Criar <strong>momentos de transi\u00e7\u00e3o<\/strong> entre o estado de vig\u00edlia ativa e o estado de descanso \u00e9 essencial para preparar a mente para o sono. Em espa\u00e7os compactos, isso pode ser alcan\u00e7ado por meio de:<\/p>\n\n\n\n<ul class=\"wp-block-list\">\n<li>Ilumina\u00e7\u00e3o gradual (com dimmers ou automa\u00e7\u00f5es).<\/li>\n\n\n\n<li>Mobili\u00e1rio que muda sua fun\u00e7\u00e3o ao longo do dia (como mesas que se recolhem, sof\u00e1s-camas, pain\u00e9is deslizantes).<\/li>\n\n\n\n<li>Pequenos rituais visuais e sensoriais que marquem o fim das atividades de alta energia.<\/li>\n<\/ul>\n\n\n\n<p>Superar esses desafios exige projetar <strong>n\u00e3o apenas espa\u00e7os<\/strong>, mas <strong>experi\u00eancias<\/strong> que respeitem os ritmos humanos \u2014 princ\u00edpio central da verdadeira <strong>arquitetura do sono em espa\u00e7os contempor\u00e2neos<\/strong>.<\/p>\n\n\n\n<hr class=\"wp-block-separator has-alpha-channel-opacity\"\/>\n\n\n\n<h2 id='estrat\u00e9gias-arquitet\u00f4nicas-para-promover-o-sono-profundo'  class=\"wp-block-heading\"><strong>Estrat\u00e9gias arquitet\u00f4nicas para promover o sono profundo<\/strong><\/h2>\n\n\n\n<p>A qualidade do sono \u00e9 moldada muito antes de fecharmos os olhos \u2014 ela come\u00e7a no pr\u00f3prio espa\u00e7o que habitamos. Na pr\u00e1tica da <strong>arquitetura do sono em espa\u00e7os contempor\u00e2neos<\/strong>, adotar estrat\u00e9gias espec\u00edficas \u00e9 fundamental para transformar ambientes comuns em santu\u00e1rios restauradores.<\/p>\n\n\n\n<h3 id='zonas-silenciosas-projetando-a-ac\u00fastica-para-o-repouso'  class=\"wp-block-heading\"><strong>Zonas silenciosas: Projetando a ac\u00fastica para o repouso<\/strong><\/h3>\n\n\n\n<p>O ru\u00eddo \u00e9 um dos maiores sabotadores do sono. Em \u00e1reas urbanas densas, criar espa\u00e7os silenciosos requer aten\u00e7\u00e3o redobrada \u00e0 ac\u00fastica:<\/p>\n\n\n\n<ul class=\"wp-block-list\">\n<li><strong>Paredes e portas ac\u00fasticas<\/strong> ou com refor\u00e7o de materiais absorventes.<\/li>\n\n\n\n<li><strong>Tapetes, cortinas grossas e cabeceiras estofadas<\/strong> para reduzir reverbera\u00e7\u00e3o.<\/li>\n\n\n\n<li><strong>Isolamento de equipamentos<\/strong> barulhentos, como aparelhos de ar-condicionado.<\/li>\n<\/ul>\n\n\n\n<p>Ambientes que respeitam o sil\u00eancio noturno favorecem a entrada mais r\u00e1pida nas fases profundas do sono, promovendo verdadeira regenera\u00e7\u00e3o.<\/p>\n\n\n\n<h3 id='ilumina\u00e7\u00e3o-biol\u00f3gica-respeitando-o-ciclo-natural-do-corpo'  class=\"wp-block-heading\"><strong>Ilumina\u00e7\u00e3o biol\u00f3gica: Respeitando o ciclo natural do corpo<\/strong><\/h3>\n\n\n\n<p>A luz \u00e9 o principal sincronizador do rel\u00f3gio biol\u00f3gico humano. Projetar um ambiente que favore\u00e7a a produ\u00e7\u00e3o natural de melatonina \u00e9 um dos alicerces da <strong>arquitetura do sono em espa\u00e7os contempor\u00e2neos<\/strong>.<\/p>\n\n\n\n<p><strong>Solu\u00e7\u00f5es pr\u00e1ticas:<\/strong><\/p>\n\n\n\n<ul class=\"wp-block-list\">\n<li><strong>Temperatura de cor quente<\/strong> (2700K a 3000K) nas l\u00e2mpadas de \u00e1reas de descanso.<\/li>\n\n\n\n<li><strong>Dimmers<\/strong> para permitir a redu\u00e7\u00e3o gradual da intensidade de luz no in\u00edcio da noite.<\/li>\n\n\n\n<li><strong>Bloqueadores de luz azul<\/strong> para telas eletr\u00f4nicas pr\u00f3ximas ao hor\u00e1rio de dormir.<\/li>\n<\/ul>\n\n\n\n<p>Al\u00e9m disso, maximizar a entrada de luz natural durante o dia ajuda a refor\u00e7ar o ciclo vig\u00edlia-sono de forma mais eficiente.<\/p>\n\n\n\n<h3 id='materiais-e-texturas-que-acolhem-corpo-e-mente'  class=\"wp-block-heading\"><strong>Materiais e texturas que acolhem corpo e mente<\/strong><\/h3>\n\n\n\n<p>O tato \u00e9 um sentido muitas vezes subestimado no design de interiores. Por\u00e9m, superf\u00edcies t\u00e1teis corretas t\u00eam impacto direto na sensa\u00e7\u00e3o de seguran\u00e7a e acolhimento.<\/p>\n\n\n\n<p><strong>Elementos que favorecem o sono:<\/strong><\/p>\n\n\n\n<ul class=\"wp-block-list\">\n<li><strong>Tecidos naturais<\/strong> (como algod\u00e3o, linho e l\u00e3 suave) em roupas de cama, cortinas e tapetes.<\/li>\n\n\n\n<li><strong>Superf\u00edcies mate ou semi-foscas<\/strong> que evitam brilhos excessivos.<\/li>\n\n\n\n<li><strong>Madeiras claras e texturas org\u00e2nicas<\/strong>, que remetem \u00e0 natureza e ao conforto ancestral.<\/li>\n<\/ul>\n\n\n\n<p>Esses materiais ajudam o corpo a relaxar instintivamente, preparando-o para uma noite de descanso regenerador.<\/p>\n\n\n\n<p>Integrando todas essas camadas \u2014 sil\u00eancio, ilumina\u00e7\u00e3o adequada, e texturas sensoriais \u2014, a <strong>arquitetura do sono em espa\u00e7os contempor\u00e2neos<\/strong> cria ambientes que favorecem n\u00e3o apenas o dormir, mas a sa\u00fade integral de quem os habita.<\/p>\n\n\n\n<hr class=\"wp-block-separator has-alpha-channel-opacity\"\/>\n\n\n\n<h2 id='o-futuro-da-arquitetura-do-sono-tend\u00eancias-e-inova\u00e7\u00f5es'  class=\"wp-block-heading\"><strong>O futuro da arquitetura do sono: Tend\u00eancias e inova\u00e7\u00f5es<\/strong><\/h2>\n\n\n\n<p>\u00c0 medida que a sociedade contempor\u00e2nea reconhece o sono como um pilar fundamental da sa\u00fade, a <strong>arquitetura do sono em espa\u00e7os contempor\u00e2neos<\/strong> avan\u00e7a para al\u00e9m do conforto b\u00e1sico, incorporando neuroci\u00eancia, automa\u00e7\u00e3o e design biof\u00edlico em suas abordagens.<\/p>\n\n\n\n<h3 id='casas-biof\u00edlicas-reconex\u00e3o-com-a-natureza-para-restaurar-o-sono'  class=\"wp-block-heading\"><strong>Casas biof\u00edlicas: reconex\u00e3o com a natureza para restaurar o sono<\/strong><\/h3>\n\n\n\n<p>A arquitetura biof\u00edlica, que integra elementos naturais ao ambiente constru\u00eddo, ganha destaque como estrat\u00e9gia poderosa para restaurar ritmos biol\u00f3gicos.<\/p>\n\n\n\n<p><strong>Tend\u00eancias em alta:<\/strong><\/p>\n\n\n\n<ul class=\"wp-block-list\">\n<li>Uso de <strong>luz natural controlada<\/strong> para sincronizar o ciclo circadiano.<\/li>\n\n\n\n<li>Inser\u00e7\u00e3o de <strong>jardins internos, paredes verdes e fontes de \u00e1gua<\/strong> em \u00e1reas de descanso.<\/li>\n\n\n\n<li>Materiais org\u00e2nicos e texturas naturais que geram sensa\u00e7\u00e3o de pertencimento e calma.<\/li>\n<\/ul>\n\n\n\n<p>Ao trazer a natureza para dentro, projetamos espa\u00e7os que estimulam padr\u00f5es ancestrais de relaxamento.<\/p>\n\n\n\n<h3 id='automa\u00e7\u00e3o-personalizada-ambientes-que-sabem-quando-relaxar'  class=\"wp-block-heading\"><strong>Automa\u00e7\u00e3o personalizada: ambientes que &#8220;sabem&#8221; quando relaxar<\/strong><\/h3>\n\n\n\n<p>Tecnologia aplicada de forma inteligente ser\u00e1 um diferencial no futuro da arquitetura do sono. A automa\u00e7\u00e3o residencial evolui para criar:<\/p>\n\n\n\n<ul class=\"wp-block-list\">\n<li><strong>Ilumina\u00e7\u00e3o din\u00e2mica<\/strong> que ajusta cor e intensidade conforme o hor\u00e1rio.<\/li>\n\n\n\n<li><strong>Sistemas de climatiza\u00e7\u00e3o<\/strong> que mant\u00eam a temperatura ideal para o descanso.<\/li>\n\n\n\n<li><strong>Cen\u00e1rios programados<\/strong> que ativam m\u00fasica ambiente, aromaterapia e redu\u00e7\u00e3o de est\u00edmulos visuais no in\u00edcio da noite.<\/li>\n<\/ul>\n\n\n\n<p>Ambientes que se adaptam automaticamente \u00e0s necessidades humanas eliminam barreiras inconscientes ao sono profundo.<\/p>\n\n\n\n<h3 id='espa\u00e7os-h\u00edbridos-que-respeitam-tempo-de-vig\u00edlia-e-descanso'  class=\"wp-block-heading\"><strong>Espa\u00e7os h\u00edbridos que respeitam tempo de vig\u00edlia e descanso<\/strong><\/h3>\n\n\n\n<p>Com o crescimento do home office e da multifuncionalidade dos lares, surgem novas exig\u00eancias para a separa\u00e7\u00e3o sensorial entre atividades:<\/p>\n\n\n\n<ul class=\"wp-block-list\">\n<li>Design de interiores que <strong>delimita zonas de alta energia<\/strong> e <strong>\u00e1reas de descompress\u00e3o<\/strong> sem precisar de divis\u00f3rias fixas.<\/li>\n\n\n\n<li>Uso de ilumina\u00e7\u00e3o, materiais e mobili\u00e1rio para transicionar naturalmente entre modos de atividade e relaxamento.<\/li>\n<\/ul>\n\n\n\n<p>Esses espa\u00e7os h\u00edbridos ser\u00e3o projetados para proteger a qualidade do sono em meio \u00e0s demandas da vida contempor\u00e2nea.<\/p>\n\n\n\n<h3 id='neuroarquitetura-como-base-da-nova-gera\u00e7\u00e3o-de-projetos'  class=\"wp-block-heading\"><strong>Neuroarquitetura como base da nova gera\u00e7\u00e3o de projetos<\/strong><\/h3>\n\n\n\n<p>A <strong>neuroarquitetura<\/strong> \u2014 estudo de como o ambiente f\u00edsico impacta o c\u00e9rebro e o comportamento \u2014 guiar\u00e1 o futuro da arquitetura do sono. Projetos ser\u00e3o cada vez mais embasados em evid\u00eancias cient\u00edficas sobre como a percep\u00e7\u00e3o sensorial e emocional molda os ciclos de descanso.<\/p>\n\n\n\n<p>Assim, a verdadeira <strong>arquitetura do sono em espa\u00e7os contempor\u00e2neos<\/strong> n\u00e3o apenas cria quartos ou resid\u00eancias: ela projeta experi\u00eancias restauradoras, moldando a sa\u00fade e a qualidade de vida em n\u00edveis profundos.<\/p>\n\n\n\n<hr class=\"wp-block-separator has-alpha-channel-opacity\"\/>\n\n\n\n<h2 id='arquitetura-do-sono-em-espa\u00e7os-contempor\u00e2neos'  class=\"wp-block-heading\"><strong>Arquitetura do sono em espa\u00e7os contempor\u00e2neos<\/strong><\/h2>\n\n\n\n<p>O futuro do design de interiores j\u00e1 come\u00e7ou \u2014 e ele \u00e9 profundamente humano.<br>Mais do que criar quartos bonitos ou lares funcionais, a verdadeira <strong>arquitetura do sono em espa\u00e7os contempor\u00e2neos<\/strong> projeta ambientes que respeitam o ritmo natural do corpo, protegem a sa\u00fade mental e elevam a experi\u00eancia de habitar.<\/p>\n\n\n\n<p>Em tempos de espa\u00e7os cada vez menores e rotinas mais intensas, projetar para o descanso tornou-se uma forma essencial de autocuidado.<br>Cada escolha \u2014 da ilumina\u00e7\u00e3o ao tecido, da disposi\u00e7\u00e3o do mobili\u00e1rio ao isolamento ac\u00fastico \u2014 pode ser uma ponte para noites mais restauradoras e dias mais produtivos.<\/p>\n\n\n\n<p>O sono \u00e9 o come\u00e7o silencioso de tudo: sa\u00fade, criatividade, equil\u00edbrio emocional.<br>E ao integrar ci\u00eancia, arte e inten\u00e7\u00e3o nos espa\u00e7os que nos acolhem, damos forma concreta a esse in\u00edcio \u2014 noite ap\u00f3s noite. Vamos ao FAQ sobre <strong>arquitetura do sono em espa\u00e7os contempor\u00e2neos<\/strong>.<\/p>\n\n\n\n<hr class=\"wp-block-separator has-alpha-channel-opacity\"\/>\n\n\n\n<h2 id='faq-perguntas-frequentes-sobre-arquitetura-do-sono-em-espa\u00e7os-contempor\u00e2neos'  class=\"wp-block-heading\"><strong>FAQ \u2013 Perguntas Frequentes sobre Arquitetura do Sono em Espa\u00e7os Contempor\u00e2neos<\/strong><\/h2>\n\n\n\n<h3 id='1-como-a-arquitetura-pode-melhorar-a-qualidade-do-sono'  class=\"wp-block-heading\"><strong>1. Como a arquitetura pode melhorar a qualidade do sono?<\/strong><\/h3>\n\n\n\n<p>A arquitetura influencia o sono controlando est\u00edmulos sensoriais \u2014 como luz, som, temperatura e toque \u2014 e moldando a forma como interagimos emocionalmente com o espa\u00e7o. A <strong>arquitetura do sono em espa\u00e7os contempor\u00e2neos<\/strong> foca em projetar ambientes que induzam ao descanso natural.<\/p>\n\n\n\n<h3 id='2-quais-elementos-s\u00e3o-essenciais-para-criar-um-ambiente-de-sono-ideal'  class=\"wp-block-heading\"><strong>2. Quais elementos s\u00e3o essenciais para criar um ambiente de sono ideal?<\/strong><\/h3>\n\n\n\n<p>Ilumina\u00e7\u00e3o regul\u00e1vel, isolamento ac\u00fastico, ventila\u00e7\u00e3o adequada, ergonomia do mobili\u00e1rio e texturas t\u00e1teis suaves s\u00e3o fundamentais. Esses elementos trabalham juntos para alinhar o ambiente ao ritmo biol\u00f3gico do corpo.<\/p>\n\n\n\n<h3 id='3-\u00e9-poss\u00edvel-adaptar-um-ambiente-j\u00e1-existente-para-melhorar-o-sono'  class=\"wp-block-heading\"><strong>3. \u00c9 poss\u00edvel adaptar um ambiente j\u00e1 existente para melhorar o sono?<\/strong><\/h3>\n\n\n\n<p>Sim! Pequenas interven\u00e7\u00f5es como instalar cortinas blackout, usar ilumina\u00e7\u00e3o quente com dimmer, reorganizar mobili\u00e1rio para melhorar a circula\u00e7\u00e3o e introduzir materiais naturais j\u00e1 trazem impactos positivos imediatos na qualidade do sono.<\/p>\n\n\n\n<h3 id='4-a-tecnologia-atrapalha-ou-ajuda-na-arquitetura-do-sono'  class=\"wp-block-heading\"><strong>4. A tecnologia atrapalha ou ajuda na arquitetura do sono?<\/strong><\/h3>\n\n\n\n<p>Depende do uso. Tecnologias mal aplicadas (como luz azul em excesso) prejudicam o descanso. Mas automa\u00e7\u00f5es inteligentes \u2014 que ajustam ilumina\u00e7\u00e3o, climatiza\u00e7\u00e3o e som ambiente \u2014 podem potencializar a efic\u00e1cia da <strong>arquitetura do sono em espa\u00e7os contempor\u00e2neos<\/strong>.<\/p>\n\n\n\n<h3 id='5-neuroarquitetura-realmente-influencia-o-sono'  class=\"wp-block-heading\"><strong>5. Neuroarquitetura realmente influencia o sono?<\/strong><\/h3>\n\n\n\n<p>Sim. A neuroarquitetura comprova que o ambiente f\u00edsico tem impacto direto nas emo\u00e7\u00f5es, nos ritmos circadianos e na qualidade do descanso. Projetar respeitando esses princ\u00edpios aumenta significativamente a efici\u00eancia do ambiente como ferramenta de bem-estar.<\/p>\n\n\n\n<p>Gostou do nosso conte\u00fado sobre arquitetura do sono em espa\u00e7os contempor\u00e2neos? Veja tamb\u00e9m nosso artigo sobre <a href=\"https:\/\/1truenote.com\/en\/dinamicas-de-espaco-interior-na-era-da-compacidade\/\" data-type=\"link\" data-id=\"https:\/\/1truenote.com\/dinamicas-de-espaco-interior-na-era-da-compacidade\/\">din\u00e2micas de espa\u00e7o interior na era da compacidade<\/a>.<\/p>","protected":false},"excerpt":{"rendered":"<p>O Sono como pilar da arquitetura humana: Arquitetura do sono em espa\u00e7os contempor\u00e2neos O ambiente f\u00edsico que nos cerca exerce&#8230;<\/p>","protected":false},"author":1,"featured_media":810,"comment_status":"open","ping_status":"open","sticky":false,"template":"","format":"standard","meta":{"_kad_post_transparent":"","_kad_post_title":"","_kad_post_layout":"","_kad_post_sidebar_id":"","_kad_post_content_style":"","_kad_post_vertical_padding":"","_kad_post_feature":"","_kad_post_feature_position":"","_kad_post_header":false,"_kad_post_footer":false,"_kad_post_classname":"","footnotes":"","jetpack_publicize_message":"","jetpack_publicize_feature_enabled":true,"jetpack_social_post_already_shared":false,"jetpack_social_options":{"image_generator_settings":{"template":"highway","default_image_id":0,"font":"","enabled":false},"version":2}},"categories":[16],"tags":[11],"class_list":["post-809","post","type-post","status-publish","format-standard","has-post-thumbnail","hentry","category-casa-e-jardim","tag-conforto-noturno"],"jetpack_publicize_connections":[],"jetpack_featured_media_url":"https:\/\/i0.wp.com\/1truenote.com\/wp-content\/uploads\/2025\/04\/ChatGPT-Image-4-de-abr.-de-2025-14_31_54.png?fit=1536%2C1024&ssl=1","jetpack_sharing_enabled":true,"_links":{"self":[{"href":"https:\/\/1truenote.com\/en\/wp-json\/wp\/v2\/posts\/809","targetHints":{"allow":["GET"]}}],"collection":[{"href":"https:\/\/1truenote.com\/en\/wp-json\/wp\/v2\/posts"}],"about":[{"href":"https:\/\/1truenote.com\/en\/wp-json\/wp\/v2\/types\/post"}],"author":[{"embeddable":true,"href":"https:\/\/1truenote.com\/en\/wp-json\/wp\/v2\/users\/1"}],"replies":[{"embeddable":true,"href":"https:\/\/1truenote.com\/en\/wp-json\/wp\/v2\/comments?post=809"}],"version-history":[{"count":0,"href":"https:\/\/1truenote.com\/en\/wp-json\/wp\/v2\/posts\/809\/revisions"}],"wp:featuredmedia":[{"embeddable":true,"href":"https:\/\/1truenote.com\/en\/wp-json\/wp\/v2\/media\/810"}],"wp:attachment":[{"href":"https:\/\/1truenote.com\/en\/wp-json\/wp\/v2\/media?parent=809"}],"wp:term":[{"taxonomy":"category","embeddable":true,"href":"https:\/\/1truenote.com\/en\/wp-json\/wp\/v2\/categories?post=809"},{"taxonomy":"post_tag","embeddable":true,"href":"https:\/\/1truenote.com\/en\/wp-json\/wp\/v2\/tags?post=809"}],"curies":[{"name":"wp","href":"https:\/\/api.w.org\/{rel}","templated":true}]}}