{"id":805,"date":"2025-04-04T17:11:02","date_gmt":"2025-04-04T17:11:02","guid":{"rendered":"https:\/\/1truenote.com\/?p=805"},"modified":"2025-04-21T17:12:50","modified_gmt":"2025-04-21T17:12:50","slug":"dinamicas-de-espaco-interior-na-era-da-compacidade","status":"publish","type":"post","link":"https:\/\/1truenote.com\/en\/dinamicas-de-espaco-interior-na-era-da-compacidade\/","title":{"rendered":"Din\u00e2micas de espa\u00e7o interior na era da compacidade"},"content":{"rendered":"<div class=\"fit_content\">\n                <div class=\"bd_toc_container\" data-fixedwidth=\"\">\n                    <div class=\"bd_toc_wrapper\" data-wrapperpadding=\"48px\">\n                        <div class=\"bd_toc_wrapper_item\">\n                            <div class=\"bd_toc_header active\" data-headerpadding=\"2px\">\n                                <div class=\"bd_toc_header_title\">\n                                    Sum\u00e1rio                                <\/div>\n                                <div class=\"bd_toc_switcher_hide_show_icon\">\n                                    <span class=\"bd_toc_arrow\"><\/span>                                <\/div>\n                            <\/div>\n                            <div class=\"bd_toc_content list-type-number\">\n                                <div class=\"bd_toc_content_list\">\n                                    <div class='bd_toc_content_list_item'>    <ul>\n      <li class=\"first\">\n        <a href=\"#a-nova-realidade-dos-espa\u00e7os-urbanos\">A Nova Realidade dos Espa\u00e7os Urbanos<\/a>\n        <ul class=\"menu_level_2\">\n          <li class=\"first\">\n            <a href=\"#a-transforma\u00e7\u00e3o-do-conceito-de-morar\">A transforma\u00e7\u00e3o do conceito de morar<\/a>\n          <\/li>\n          <li>\n            <a href=\"#a-l\u00f3gica-espacial-sob-press\u00e3o\">A l\u00f3gica espacial sob press\u00e3o<\/a>\n          <\/li>\n          <li class=\"last\">\n            <a href=\"#objetivo-deste-conte\u00fado\">Objetivo deste conte\u00fado<\/a>\n          <\/li>\n        <\/ul>\n      <\/li>\n      <li>\n        <a href=\"#entendendo-din\u00e2micas-de-espa\u00e7o-movimento-fluxo-e-fun\u00e7\u00e3o\">Entendendo Din\u00e2micas de Espa\u00e7o: Movimento, Fluxo e Fun\u00e7\u00e3o<\/a>\n        <ul class=\"menu_level_2\">\n          <li class=\"first\">\n            <a href=\"#o-que-s\u00e3o-din\u00e2micas-espaciais-no-contexto-residencial\">O que s\u00e3o din\u00e2micas espaciais no contexto residencial<\/a>\n          <\/li>\n          <li>\n            <a href=\"#ergonomia-e-aproveitamento-real-do-espa\u00e7o\">Ergonomia e aproveitamento real do espa\u00e7o<\/a>\n          <\/li>\n          <li class=\"last\">\n            <a href=\"#a-influ\u00eancia-do-design-nas-intera\u00e7\u00f5es-espaciais\">A influ\u00eancia do design nas intera\u00e7\u00f5es espaciais<\/a>\n          <\/li>\n        <\/ul>\n      <\/li>\n      <li>\n        <a href=\"#compacidade-e-criatividade-como-projetar-espa\u00e7os-que-se-expandam\">Compacidade e Criatividade: Como projetar espa\u00e7os que se expandam<\/a>\n        <ul class=\"menu_level_2\">\n          <li class=\"first\">\n            <a href=\"#solu\u00e7\u00f5es-arquitet\u00f4nicas-para-ampliar-a-percep\u00e7\u00e3o-de-espa\u00e7o\">Solu\u00e7\u00f5es arquitet\u00f4nicas para ampliar a percep\u00e7\u00e3o de espa\u00e7o<\/a>\n          <\/li>\n          <li>\n            <a href=\"#layouts-multifuncionais-e-m\u00f3veis-de-transforma\u00e7\u00e3o-inteligente\">Layouts multifuncionais e m\u00f3veis de transforma\u00e7\u00e3o inteligente<\/a>\n          <\/li>\n          <li class=\"last\">\n            <a href=\"#criar-zonas-din\u00e2micas-sem-fragmentar-o-espa\u00e7o\">Criar zonas din\u00e2micas sem fragmentar o espa\u00e7o<\/a>\n          <\/li>\n        <\/ul>\n      <\/li>\n      <li>\n        <a href=\"#a-era-p\u00f3s-compacidade-tend\u00eancias-futuras-em-design-interior\">A era p\u00f3s compacidade: Tend\u00eancias futuras em design interior<\/a>\n        <ul class=\"menu_level_2\">\n          <li class=\"first\">\n            <a href=\"#microliving-e-arquitetura-revers\u00edvel\">Microliving e arquitetura revers\u00edvel<\/a>\n          <\/li>\n          <li>\n            <a href=\"#espa\u00e7os-h\u00edbridos-casa-trabalho-e-lazer-no-mesmo-ambiente\">Espa\u00e7os h\u00edbridos: casa, trabalho e lazer no mesmo ambiente<\/a>\n          <\/li>\n          <li>\n            <a href=\"#design-biof\u00edlico-e-sa\u00fade-mental-no-centro-dos-projetos\">Design biof\u00edlico e sa\u00fade mental no centro dos projetos<\/a>\n          <\/li>\n          <li class=\"last\">\n            <a href=\"#modularidade-e-personaliza\u00e7\u00e3o-como-nova-norma\">Modularidade e personaliza\u00e7\u00e3o como nova norma<\/a>\n          <\/li>\n        <\/ul>\n      <\/li>\n      <li>\n        <a href=\"#entender-din\u00e2micas-de-espa\u00e7o-interior-na-era-da-compacidade-\u00e9-proporcionar-liberdade-em-meio-\u00e0s-limita\u00e7\u00f5es\">Entender din\u00e2micas de espa\u00e7o interior na era da compacidade \u00e9 proporcionar liberdade em meio \u00e0s limita\u00e7\u00f5es<\/a>\n      <\/li>\n      <li class=\"last\">\n        <a href=\"#faq-perguntas-frequentes-sobre-din\u00e2micas-de-espa\u00e7o-interior-na-era-da-compacidade\">FAQ \u2013 Perguntas Frequentes sobre Din\u00e2micas de Espa\u00e7o Interior na Era da Compacidade<\/a>\n        <ul class=\"menu_level_2\">\n          <li class=\"first\">\n            <a href=\"#1-como-posso-tornar-um-espa\u00e7o-pequeno-mais-funcional-sem-reformas-estruturais\">1. Como posso tornar um espa\u00e7o pequeno mais funcional sem reformas estruturais?<\/a>\n          <\/li>\n          <li>\n            <a href=\"#2-m\u00f3veis-embutidos-ou-m\u00f3veis-m\u00f3veis-o-que-funciona-melhor-em-espa\u00e7os-compactos\">2. M\u00f3veis embutidos ou m\u00f3veis, m\u00f3veis: o que funciona melhor em espa\u00e7os compactos?<\/a>\n          <\/li>\n          <li>\n            <a href=\"#3-como-a-ilumina\u00e7\u00e3o-pode-mudar-a-percep\u00e7\u00e3o-de-amplitude-em-ambientes-pequenos\">3. Como a ilumina\u00e7\u00e3o pode mudar a percep\u00e7\u00e3o de amplitude em ambientes pequenos?<\/a>\n          <\/li>\n          <li>\n            <a href=\"#4-quais-s\u00e3o-os-maiores-erros-em-projetos-de-interiores-para-espa\u00e7os-compactos\">4. Quais s\u00e3o os maiores erros em projetos de interiores para espa\u00e7os compactos?<\/a>\n          <\/li>\n          <li class=\"last\">\n            <a href=\"#5-existe-diferen\u00e7a-entre-microapartamento-e-espa\u00e7o-compacto-bem-projetado\">5. Existe diferen\u00e7a entre &quot;microapartamento&quot; e &quot;espa\u00e7o compacto bem projetado&quot;?<\/a>\n          <\/li>\n        <\/ul>\n      <\/li>\n    <\/ul>\n<\/div>                                <\/div>\n                            <\/div>\n                        <\/div>\n                    <\/div>\n                    <div class=\"layout_toggle_button\">\n                        <span class=\"bd_toc_arrow\"><\/span>\n                    <\/div>\n                <\/div>\n            <\/div>\n\n    \n\n\n<h2 id='a-nova-realidade-dos-espa\u00e7os-urbanos'  class=\"wp-block-heading\"><strong>A Nova Realidade dos Espa\u00e7os Urbanos<\/strong><\/h2>\n\n\n\n<p>O modo como habitamos mudou drasticamente nas \u00faltimas d\u00e9cadas. Com o adensamento populacional nas grandes cidades e a crescente valoriza\u00e7\u00e3o de localiza\u00e7\u00f5es estrat\u00e9gicas, os im\u00f3veis compactos tornaram-se a nova norma urbana. Nesse cen\u00e1rio, entender as <strong>din\u00e2micas de espa\u00e7o interior na era da compacidade<\/strong> deixou de ser um diferencial de projeto para se tornar uma necessidade b\u00e1sica para viver com qualidade.<\/p>\n\n\n\n<h3 id='a-transforma\u00e7\u00e3o-do-conceito-de-morar'  class=\"wp-block-heading\"><strong>A transforma\u00e7\u00e3o do conceito de morar<\/strong><\/h3>\n\n\n\n<p>A casa deixou de ser apenas um abrigo para se tornar um centro multifuncional: espa\u00e7o de descanso, trabalho, conviv\u00eancia e at\u00e9 mesmo lazer. Essa mudan\u00e7a exige que cada metro quadrado cumpra m\u00faltiplos pap\u00e9is de forma fluida, adapt\u00e1vel e confort\u00e1vel.<\/p>\n\n\n\n<p>Nesse novo paradigma, o design de interiores passou a se preocupar menos com a metragem bruta e mais com <strong>como o espa\u00e7o se comporta<\/strong>. Movimento, transi\u00e7\u00f5es e usos vari\u00e1veis se tornaram elementos centrais de projetos de interiores bem-sucedidos.<\/p>\n\n\n\n<h3 id='a-l\u00f3gica-espacial-sob-press\u00e3o'  class=\"wp-block-heading\"><strong>A l\u00f3gica espacial sob press\u00e3o<\/strong><\/h3>\n\n\n\n<p>Quanto menor o espa\u00e7o, maior a necessidade de intelig\u00eancia no seu uso. Circula\u00e7\u00f5es precisam ser fluidas, m\u00f3veis devem ser multifuncionais e a ergonomia deve garantir conforto em todos os pontos de intera\u00e7\u00e3o com o ambiente.<\/p>\n\n\n\n<p>Compreender as <strong>din\u00e2micas de espa\u00e7o interior na era da compacidade<\/strong> \u00e9 entender que o valor de um espa\u00e7o n\u00e3o est\u00e1 em seus metros quadrados, mas em sua capacidade de <strong>acomodar e ampliar a experi\u00eancia humana<\/strong>.<\/p>\n\n\n\n<h3 id='objetivo-deste-conte\u00fado'  class=\"wp-block-heading\"><strong>Objetivo deste conte\u00fado<\/strong><\/h3>\n\n\n\n<p>Neste artigo, vamos explorar profundamente como projetar e otimizar interiores compactos. Voc\u00ea vai aprender como o fluxo, o layout, a psicologia do espa\u00e7o e as tend\u00eancias emergentes moldam a nova forma de viver e interagir com ambientes pequenos \u2014 sem perder conforto, fun\u00e7\u00e3o ou est\u00e9tica.<\/p>\n\n\n\n<hr class=\"wp-block-separator has-alpha-channel-opacity\"\/>\n\n\n\n<figure class=\"wp-block-image size-full\"><img data-recalc-dims=\"1\" fetchpriority=\"high\" decoding=\"async\" width=\"1024\" height=\"1024\" src=\"https:\/\/i0.wp.com\/1truenote.com\/wp-content\/uploads\/2025\/04\/ChatGPT-Image-4-de-abr.-de-2025-14_08_52.png?resize=1024%2C1024&#038;ssl=1\" alt=\"Din\u00e2micas de espa\u00e7o interior na era da compacidade. Open-plan modern studio apartment with minimalist design, neutral palette, and seamless integration of living, sleeping, kitchen, and workspaces.\" class=\"wp-image-807\" srcset=\"https:\/\/i0.wp.com\/1truenote.com\/wp-content\/uploads\/2025\/04\/ChatGPT-Image-4-de-abr.-de-2025-14_08_52.png?w=1024&amp;ssl=1 1024w, https:\/\/i0.wp.com\/1truenote.com\/wp-content\/uploads\/2025\/04\/ChatGPT-Image-4-de-abr.-de-2025-14_08_52.png?resize=300%2C300&amp;ssl=1 300w, https:\/\/i0.wp.com\/1truenote.com\/wp-content\/uploads\/2025\/04\/ChatGPT-Image-4-de-abr.-de-2025-14_08_52.png?resize=150%2C150&amp;ssl=1 150w, https:\/\/i0.wp.com\/1truenote.com\/wp-content\/uploads\/2025\/04\/ChatGPT-Image-4-de-abr.-de-2025-14_08_52.png?resize=768%2C768&amp;ssl=1 768w, https:\/\/i0.wp.com\/1truenote.com\/wp-content\/uploads\/2025\/04\/ChatGPT-Image-4-de-abr.-de-2025-14_08_52.png?resize=600%2C600&amp;ssl=1 600w\" sizes=\"(max-width: 1024px) 100vw, 1024px\" \/><\/figure>\n\n\n\n<h2 id='entendendo-din\u00e2micas-de-espa\u00e7o-movimento-fluxo-e-fun\u00e7\u00e3o'  class=\"wp-block-heading\"><strong>Entendendo Din\u00e2micas de Espa\u00e7o: Movimento, Fluxo e Fun\u00e7\u00e3o<\/strong><\/h2>\n\n\n\n<p>Quando falamos em <strong>din\u00e2micas de espa\u00e7o interior na era da compacidade<\/strong>, estamos tratando da ci\u00eancia de como as pessoas se movem, interagem e percebem os ambientes em que vivem \u2014 especialmente quando esses ambientes s\u00e3o limitados em tamanho.<\/p>\n\n\n\n<h3 id='o-que-s\u00e3o-din\u00e2micas-espaciais-no-contexto-residencial'  class=\"wp-block-heading\"><strong>O que s\u00e3o din\u00e2micas espaciais no contexto residencial<\/strong><\/h3>\n\n\n\n<p>Din\u00e2mica espacial \u00e9 a forma como o espa\u00e7o permite, limita ou estimula o movimento humano. Em casas compactas, isso se torna ainda mais evidente: um m\u00f3vel mal posicionado ou uma circula\u00e7\u00e3o obstru\u00edda podem gerar n\u00e3o apenas desconforto f\u00edsico, mas tamb\u00e9m uma sensa\u00e7\u00e3o inconsciente de opress\u00e3o.<\/p>\n\n\n\n<p>Elementos como a largura dos corredores, a dist\u00e2ncia entre mobili\u00e1rios e o posicionamento de objetos do dia a dia precisam ser planejados de maneira quase cir\u00fargica para garantir fluidez e liberdade de movimento.<\/p>\n\n\n\n<h3 id='ergonomia-e-aproveitamento-real-do-espa\u00e7o'  class=\"wp-block-heading\"><strong>Ergonomia e aproveitamento real do espa\u00e7o<\/strong><\/h3>\n\n\n\n<p>A ergonomia residencial vai al\u00e9m da escolha de m\u00f3veis confort\u00e1veis. Ela envolve o estudo preciso das alturas, profundidades e dist\u00e2ncias m\u00ednimas para que cada a\u00e7\u00e3o cotidiana \u2014 sentar, deitar, cozinhar, trabalhar \u2014 possa acontecer sem esfor\u00e7o ou desconforto.<\/p>\n\n\n\n<p>Em projetos bem resolvidos, a ergonomia \u00e9 pensada de forma integrada \u00e0s <strong>din\u00e2micas de espa\u00e7o interior na era da compacidade<\/strong>, otimizando o ambiente para o fluxo natural de quem o habita.<\/p>\n\n\n\n<h3 id='a-influ\u00eancia-do-design-nas-intera\u00e7\u00f5es-espaciais'  class=\"wp-block-heading\"><strong>A influ\u00eancia do design nas intera\u00e7\u00f5es espaciais<\/strong><\/h3>\n\n\n\n<p>O design n\u00e3o cria apenas est\u00e9tica; ele molda comportamentos. Em espa\u00e7os compactos, a distribui\u00e7\u00e3o estrat\u00e9gica de fun\u00e7\u00f5es \u2014 como integrar cozinha e sala, ou transformar camas em sof\u00e1s \u2014 permite que o ambiente seja vivido de m\u00faltiplas formas ao longo do dia.<\/p>\n\n\n\n<p>Projetar para compacidade exige pensar no espa\u00e7o como algo vivo e mut\u00e1vel, que se adapta \u00e0s necessidades e ritmos de quem o ocupa.<\/p>\n\n\n\n<p>Compreender e aplicar essas no\u00e7\u00f5es de <strong>movimento, fluxo e fun\u00e7\u00e3o<\/strong> \u00e9 a base para qualquer projeto que deseje realmente explorar as <strong>din\u00e2micas de espa\u00e7o interior na era da compacidade<\/strong> com intelig\u00eancia e sensibilidade.<\/p>\n\n\n\n<hr class=\"wp-block-separator has-alpha-channel-opacity\"\/>\n\n\n\n<h2 id='compacidade-e-criatividade-como-projetar-espa\u00e7os-que-se-expandam'  class=\"wp-block-heading\"><strong>Compacidade e Criatividade: Como projetar espa\u00e7os que se expandam<\/strong><\/h2>\n\n\n\n<p>Na busca por viver bem em ambientes reduzidos, a criatividade tornou-se uma ferramenta fundamental. \u00c9 ela que permite transcender os limites f\u00edsicos e ampliar sensorialmente os espa\u00e7os. Dentro das <strong>din\u00e2micas de espa\u00e7o interior na era da compacidade<\/strong>, projetar espa\u00e7os que &#8220;se expandem&#8221; visual e funcionalmente \u00e9 mais uma quest\u00e3o de intelig\u00eancia estrat\u00e9gica do que de metros quadrados dispon\u00edveis.<\/p>\n\n\n\n<h3 id='solu\u00e7\u00f5es-arquitet\u00f4nicas-paraliar-a-percep\u00e7\u00e3o-de-espa\u00e7o'  class=\"wp-block-heading\"><strong>Solu\u00e7\u00f5es arquitet\u00f4nicas para ampliar a percep\u00e7\u00e3o de espa\u00e7o<\/strong><\/h3>\n\n\n\n<p>Ambientes compactos podem parecer muito maiores com o uso inteligente de:<\/p>\n\n\n\n<ul class=\"wp-block-list\">\n<li><strong>Linhas horizontais cont\u00ednuas<\/strong>, que alongam a sensa\u00e7\u00e3o visual.<\/li>\n\n\n\n<li><strong>Espelhos estrategicamente posicionados<\/strong>, duplicando luz e amplitude.<\/li>\n\n\n\n<li><strong>Materiais reflexivos e paletas de cores claras<\/strong>, que promovem a difus\u00e3o da luz.<\/li>\n\n\n\n<li><strong>Portas de correr<\/strong> e <strong>pain\u00e9is retr\u00e1teis<\/strong>, que eliminam a necessidade de \u00e1reas de abertura convencionais.<\/li>\n<\/ul>\n\n\n\n<p>Essas solu\u00e7\u00f5es n\u00e3o apenas maximizam o uso f\u00edsico, mas tamb\u00e9m transformam a experi\u00eancia de quem habita o espa\u00e7o.<\/p>\n\n\n\n<h3 id='layouts-multifuncionais-e-m\u00f3veis-de-transforma\u00e7\u00e3o-inteligente'  class=\"wp-block-heading\"><strong>Layouts multifuncionais e m\u00f3veis de transforma\u00e7\u00e3o inteligente<\/strong><\/h3>\n\n\n\n<p>Em um cen\u00e1rio de compacidade, o mobili\u00e1rio precisa ser mais do que est\u00e1tico \u2014 ele precisa <strong>responder<\/strong> \u00e0s mudan\u00e7as de uso ao longo do dia. Exemplos de mobili\u00e1rio din\u00e2mico:<\/p>\n\n\n\n<ul class=\"wp-block-list\">\n<li>Sof\u00e1s-camas embutidos em arm\u00e1rios.<\/li>\n\n\n\n<li>Mesas retr\u00e1teis que se escondem na parede.<\/li>\n\n\n\n<li>Bancadas deslizantes que servem tanto para refei\u00e7\u00f5es quanto para trabalho.<\/li>\n<\/ul>\n\n\n\n<p>Essas solu\u00e7\u00f5es permitem que ambientes compactos se adaptem, quase como organismos vivos, \u00e0s necessidades vari\u00e1veis dos moradores.<\/p>\n\n\n\n<h3 id='criar-zonas-din\u00e2micas-sem-fragmentar-o-espa\u00e7o'  class=\"wp-block-heading\"><strong>Criar zonas din\u00e2micas sem fragmentar o espa\u00e7o<\/strong><\/h3>\n\n\n\n<p>Uma das armadilhas comuns em espa\u00e7os pequenos \u00e9 o excesso de compartimenta\u00e7\u00e3o. Criar <strong>zonas flu\u00eddas<\/strong> \u2014 onde \u00e1reas de estar, trabalho e descanso coexistem de forma intuitiva \u2014 evita a sensa\u00e7\u00e3o de confinamento.<\/p>\n\n\n\n<p>O uso de <strong>mudan\u00e7as sutis de ilumina\u00e7\u00e3o<\/strong>, <strong>varia\u00e7\u00e3o de texturas<\/strong> ou <strong>elementos semitransparentes<\/strong> pode ajudar a definir fun\u00e7\u00f5es sem dividir agressivamente o espa\u00e7o.<\/p>\n\n\n\n<p>Projetar para expans\u00e3o sensorial e funcional \u00e9 o cora\u00e7\u00e3o da boa arquitetura de interiores contempor\u00e2nea. Dominar essas pr\u00e1ticas \u00e9 compreender, na pr\u00e1tica, as verdadeiras <strong>din\u00e2micas de espa\u00e7o interior na era da compacidade<\/strong>.<\/p>\n\n\n\n<hr class=\"wp-block-separator has-alpha-channel-opacity\"\/>\n\n\n\n<h2 id='a-era-p\u00f3s-compacidade-tend\u00eancias-futuras-em-design-interior'  class=\"wp-block-heading\"><strong>A era p\u00f3s compacidade: Tend\u00eancias futuras em design interior<\/strong><\/h2>\n\n\n\n<p>\u00c0 medida que entendemos cada vez melhor as <strong>din\u00e2micas de espa\u00e7o interior na era da compacidade<\/strong>, o design de interiores tamb\u00e9m evolui. N\u00e3o se trata apenas de adaptar ambientes pequenos \u2014 trata-se de antecipar como queremos viver, trabalhar e descansar em um mundo onde espa\u00e7o se torna um recurso t\u00e3o valioso quanto tempo.<\/p>\n\n\n\n<h3 id='microliving-e-arquitetura-revers\u00edvel'  class=\"wp-block-heading\"><strong>Microliving e arquitetura revers\u00edvel<\/strong><\/h3>\n\n\n\n<p>O conceito de <strong>microliving<\/strong> vai al\u00e9m de &#8220;viver pequeno&#8221; \u2014 ele prop\u00f5e viver <strong>eficientemente<\/strong>. Ambientes que se adaptam dinamicamente \u00e0s atividades do dia, sem necessidade de grandes interven\u00e7\u00f5es f\u00edsicas, ganham destaque:<\/p>\n\n\n\n<ul class=\"wp-block-list\">\n<li>M\u00f3veis reconfigur\u00e1veis que se transformam conforme o momento.<\/li>\n\n\n\n<li>Estruturas internas m\u00f3veis (como paredes deslizantes) que redefinem fun\u00e7\u00f5es espaciais.<\/li>\n<\/ul>\n\n\n\n<p>Essas solu\u00e7\u00f5es permitem uma nova forma de viver: mais flex\u00edvel, menos dependente de um layout fixo.<\/p>\n\n\n\n<h3 id='espa\u00e7os-h\u00edbridos-casa-trabalho-e-lazer-no-mesmo-ambiente'  class=\"wp-block-heading\"><strong>Espa\u00e7os h\u00edbridos: casa, trabalho e lazer no mesmo ambiente<\/strong><\/h3>\n\n\n\n<p>A pandemia acelerou a integra\u00e7\u00e3o de m\u00faltiplas fun\u00e7\u00f5es em um \u00fanico ambiente. Hoje, o design precisa prever:<\/p>\n\n\n\n<ul class=\"wp-block-list\">\n<li>Zonas silenciosas para foco e trabalho.<\/li>\n\n\n\n<li>\u00c1reas de relaxamento.<\/li>\n\n\n\n<li>Espa\u00e7os adapt\u00e1veis para atividades f\u00edsicas ou hobbies.<\/li>\n<\/ul>\n\n\n\n<p>O projeto ideal passa a ser aquele que <strong>muda com o usu\u00e1rio<\/strong> \u2014 n\u00e3o o contr\u00e1rio.<\/p>\n\n\n\n<h3 id='design-biof\u00edlico-e-sa\u00fade-mental-no-centro-dos-projetos'  class=\"wp-block-heading\"><strong>Design biof\u00edlico e sa\u00fade mental no centro dos projetos<\/strong><\/h3>\n\n\n\n<p>A incorpora\u00e7\u00e3o de elementos naturais (plantas, texturas org\u00e2nicas, ventila\u00e7\u00e3o cruzada) e a maximiza\u00e7\u00e3o da luz natural n\u00e3o s\u00e3o mais tend\u00eancias est\u00e9ticas: s\u00e3o respostas necess\u00e1rias \u00e0s exig\u00eancias de sa\u00fade emocional e f\u00edsica em ambientes de alta compacta\u00e7\u00e3o.<\/p>\n\n\n\n<p>Ambientes compactos, quando conectados \u00e0 natureza, promovem equil\u00edbrio e bem-estar mesmo nos contextos urbanos mais densos.<\/p>\n\n\n\n<h3 id='modularidade-e-personaliza\u00e7\u00e3o-como-nova-norma'  class=\"wp-block-heading\"><strong>Modularidade e personaliza\u00e7\u00e3o como nova norma<\/strong><\/h3>\n\n\n\n<p>M\u00f3veis, espa\u00e7os e at\u00e9 mesmo sistemas construtivos est\u00e3o sendo pensados para serem <strong>modulares e personaliz\u00e1veis<\/strong> \u2014 permitindo que cada indiv\u00edduo adapte o espa\u00e7o \u00e0s suas necessidades espec\u00edficas ao longo do tempo.<\/p>\n\n\n\n<p>A era da &#8220;casa est\u00e1tica&#8221; est\u00e1 sendo substitu\u00edda pela <strong>casa evolutiva<\/strong>. Ao compreender essas tend\u00eancias emergentes, conseguimos n\u00e3o apenas aplicar, mas tamb\u00e9m <strong>antecipar as din\u00e2micas de espa\u00e7o interior na era da compacidade<\/strong>, projetando ambientes mais humanos, resilientes e preparados para um futuro em que qualidade sempre superar\u00e1 quantidade.<\/p>\n\n\n\n<hr class=\"wp-block-separator has-alpha-channel-opacity\"\/>\n\n\n\n<h2 id='entender-din\u00e2micas-de-espa\u00e7o-interior-na-era-da-compacidade-\u00e9-proporcionar-liberdade-em-meio-\u00e0s-limita\u00e7\u00f5es'  class=\"wp-block-heading\"><strong>Entender din\u00e2micas de espa\u00e7o interior na era da compacidade \u00e9 proporcionar liberdade em meio \u00e0s limita\u00e7\u00f5es<\/strong><\/h2>\n\n\n\n<p>Viver em espa\u00e7os compactos n\u00e3o precisa ser uma experi\u00eancia restritiva. Pelo contr\u00e1rio: com intelig\u00eancia espacial, ergonomia aplicada e sensibilidade est\u00e9tica, pequenos ambientes podem proporcionar liberdade, bem-estar e alta funcionalidade.<\/p>\n\n\n\n<p>Ao dominar as <strong>din\u00e2micas de espa\u00e7o interior na era da compacidade<\/strong>, projetamos ambientes que respeitam o corpo, estimulam a mente e acolhem as emo\u00e7\u00f5es. Mais do que metros quadrados, trata-se de criar espa\u00e7os que se expandem na experi\u00eancia \u2014 elevando a qualidade de vida em qualquer contexto urbano.<\/p>\n\n\n\n<p>No futuro \u2014 que j\u00e1 come\u00e7a agora \u2014 n\u00e3o mediremos mais espa\u00e7os em \u00e1rea constru\u00edda, mas em <strong>potencial habitacional<\/strong>. E quem souber construir esse potencial ser\u00e1 capaz de viver grande, mesmo em poucos metros. Vamos ao FAQ sobre <strong>din\u00e2micas de espa\u00e7o interior na era da compacidade<\/strong>.<\/p>\n\n\n\n<hr class=\"wp-block-separator has-alpha-channel-opacity\"\/>\n\n\n\n<h2 id='faq-perguntas-frequentes-sobre-din\u00e2micas-de-espa\u00e7o-interior-na-era-da-compacidade'  class=\"wp-block-heading\"><strong>FAQ \u2013 Perguntas Frequentes sobre Din\u00e2micas de Espa\u00e7o Interior na Era da Compacidade<\/strong><\/h2>\n\n\n\n<h3 id='1-como-posso-tornar-um-espa\u00e7o-pequeno-mais-funcional-sem-reformas-estruturais'  class=\"wp-block-heading\"><strong>1. Como posso tornar um espa\u00e7o pequeno mais funcional sem reformas estruturais?<\/strong><\/h3>\n\n\n\n<p>Aposte em m\u00f3veis multifuncionais, layout inteligente (priorizando circula\u00e7\u00e3o) e cores claras que ampliam a percep\u00e7\u00e3o do ambiente. Aplicar princ\u00edpios das <strong>din\u00e2micas de espa\u00e7o interior na era da compacidade<\/strong> permite otimizar o uso sem grandes obras.<\/p>\n\n\n\n<h3 id='2-m\u00f3veis-embutidos-ou-m\u00f3veis-m\u00f3veis-o-que-funciona-melhor-em-espa\u00e7os-compactos'  class=\"wp-block-heading\"><strong>2. M\u00f3veis embutidos ou m\u00f3veis, m\u00f3veis: o que funciona melhor em espa\u00e7os compactos?<\/strong><\/h3>\n\n\n\n<p>Ambos t\u00eam seu lugar. M\u00f3veis embutidos maximizam o aproveitamento do espa\u00e7o fixo, enquanto m\u00f3veis m\u00f3veis oferecem flexibilidade e adapta\u00e7\u00e3o din\u00e2mica \u2014 uma abordagem cada vez mais necess\u00e1ria na <strong>era da compacidade<\/strong>.<\/p>\n\n\n\n<h3 id='3-como-a-ilumina\u00e7\u00e3o-pode-mudar-a-percep\u00e7\u00e3o-delitude-em-ambientes-pequenos'  class=\"wp-block-heading\"><strong>3. Como a ilumina\u00e7\u00e3o pode mudar a percep\u00e7\u00e3o de amplitude em ambientes pequenos?<\/strong><\/h3>\n\n\n\n<p>A ilumina\u00e7\u00e3o bem planejada, especialmente a luz indireta e control\u00e1vel, expande visualmente os limites dos ambientes. Espelhos posicionados junto a fontes de luz potencializam ainda mais essa expans\u00e3o, seguindo conceitos chave das <strong>din\u00e2micas de espa\u00e7o interior na era da compacidade<\/strong>.<\/p>\n\n\n\n<h3 id='4-quais-s\u00e3o-os-maiores-erros-em-projetos-de-interiores-para-espa\u00e7os-compactos'  class=\"wp-block-heading\"><strong>4. Quais s\u00e3o os maiores erros em projetos de interiores para espa\u00e7os compactos?<\/strong><\/h3>\n\n\n\n<ul class=\"wp-block-list\">\n<li>Superlota\u00e7\u00e3o de m\u00f3veis.<\/li>\n\n\n\n<li>Compartimenta\u00e7\u00e3o excessiva sem fluidez visual.<\/li>\n\n\n\n<li>Falta de respiros e \u00e1reas de circula\u00e7\u00e3o.<\/li>\n\n\n\n<li>Negligenciar ergonomia e fluxo natural de movimento.<\/li>\n<\/ul>\n\n\n\n<h3 id='5-existe-diferen\u00e7a-entre-microapartamento-e-espa\u00e7o-compacto-bem-projetado'  class=\"wp-block-heading\"><strong>5. Existe diferen\u00e7a entre &#8220;microapartamento&#8221; e &#8220;espa\u00e7o compacto bem projetado&#8221;?<\/strong><\/h3>\n\n\n\n<p>Sim. Um microapartamento mal planejado apenas limita. Um espa\u00e7o compacto bem projetado, por outro lado, <strong>multiplica possibilidades de uso<\/strong>, seguindo princ\u00edpios ergon\u00f4micos e estrat\u00e9gias inteligentes de distribui\u00e7\u00e3o \u2014 n\u00facleo das <strong>din\u00e2micas de espa\u00e7o interior na era da compacidade<\/strong>.<\/p>\n\n\n\n<p>Curtiu o artigo sobre <strong>din\u00e2micas de espa\u00e7o interior na era da compacidade<\/strong>? Voc\u00ea pode ler tamb\u00e9m nosso artigo &#8220;<a href=\"https:\/\/1truenote.com\/en\/conforto-noturno-em-ambientes-compactos\/\" data-type=\"link\" data-id=\"https:\/\/1truenote.com\/conforto-noturno-em-ambientes-compactos\/\">Conforto noturno em ambientes compactos: Estrat\u00e9gias, ergonomia e performance do sono<\/a>&#8220;.<\/p>","protected":false},"excerpt":{"rendered":"<p>A Nova Realidade dos Espa\u00e7os Urbanos O modo como habitamos mudou drasticamente nas \u00faltimas d\u00e9cadas. Com o adensamento populacional nas&#8230;<\/p>","protected":false},"author":1,"featured_media":806,"comment_status":"open","ping_status":"open","sticky":false,"template":"","format":"standard","meta":{"_kad_post_transparent":"","_kad_post_title":"","_kad_post_layout":"","_kad_post_sidebar_id":"","_kad_post_content_style":"","_kad_post_vertical_padding":"","_kad_post_feature":"","_kad_post_feature_position":"","_kad_post_header":false,"_kad_post_footer":false,"_kad_post_classname":"","footnotes":"","jetpack_publicize_message":"","jetpack_publicize_feature_enabled":true,"jetpack_social_post_already_shared":false,"jetpack_social_options":{"image_generator_settings":{"template":"highway","default_image_id":0,"font":"","enabled":false},"version":2}},"categories":[16],"tags":[14],"class_list":["post-805","post","type-post","status-publish","format-standard","has-post-thumbnail","hentry","category-casa-e-jardim","tag-interiores-inovadores"],"jetpack_publicize_connections":[],"jetpack_featured_media_url":"https:\/\/i0.wp.com\/1truenote.com\/wp-content\/uploads\/2025\/04\/ChatGPT-Image-4-de-abr.-de-2025-14_06_04.png?fit=1536%2C1024&ssl=1","jetpack_sharing_enabled":true,"_links":{"self":[{"href":"https:\/\/1truenote.com\/en\/wp-json\/wp\/v2\/posts\/805","targetHints":{"allow":["GET"]}}],"collection":[{"href":"https:\/\/1truenote.com\/en\/wp-json\/wp\/v2\/posts"}],"about":[{"href":"https:\/\/1truenote.com\/en\/wp-json\/wp\/v2\/types\/post"}],"author":[{"embeddable":true,"href":"https:\/\/1truenote.com\/en\/wp-json\/wp\/v2\/users\/1"}],"replies":[{"embeddable":true,"href":"https:\/\/1truenote.com\/en\/wp-json\/wp\/v2\/comments?post=805"}],"version-history":[{"count":0,"href":"https:\/\/1truenote.com\/en\/wp-json\/wp\/v2\/posts\/805\/revisions"}],"wp:featuredmedia":[{"embeddable":true,"href":"https:\/\/1truenote.com\/en\/wp-json\/wp\/v2\/media\/806"}],"wp:attachment":[{"href":"https:\/\/1truenote.com\/en\/wp-json\/wp\/v2\/media?parent=805"}],"wp:term":[{"taxonomy":"category","embeddable":true,"href":"https:\/\/1truenote.com\/en\/wp-json\/wp\/v2\/categories?post=805"},{"taxonomy":"post_tag","embeddable":true,"href":"https:\/\/1truenote.com\/en\/wp-json\/wp\/v2\/tags?post=805"}],"curies":[{"name":"wp","href":"https:\/\/api.w.org\/{rel}","templated":true}]}}