{"id":799,"date":"2025-04-03T19:22:24","date_gmt":"2025-04-03T19:22:24","guid":{"rendered":"https:\/\/1truenote.com\/?p=799"},"modified":"2025-04-21T17:12:31","modified_gmt":"2025-04-21T17:12:31","slug":"conforto-noturno-em-ambientes-compactos","status":"publish","type":"post","link":"https:\/\/1truenote.com\/en\/conforto-noturno-em-ambientes-compactos\/","title":{"rendered":"Conforto noturno em ambientes compactos: Estrat\u00e9gias, ergonomia e performance do sono"},"content":{"rendered":"<div class=\"fit_content\">\n                <div class=\"bd_toc_container\" data-fixedwidth=\"\">\n                    <div class=\"bd_toc_wrapper\" data-wrapperpadding=\"48px\">\n                        <div class=\"bd_toc_wrapper_item\">\n                            <div class=\"bd_toc_header active\" data-headerpadding=\"2px\">\n                                <div class=\"bd_toc_header_title\">\n                                    Sum\u00e1rio                                <\/div>\n                                <div class=\"bd_toc_switcher_hide_show_icon\">\n                                    <span class=\"bd_toc_arrow\"><\/span>                                <\/div>\n                            <\/div>\n                            <div class=\"bd_toc_content list-type-number\">\n                                <div class=\"bd_toc_content_list\">\n                                    <div class='bd_toc_content_list_item'>    <ul>\n      <li class=\"first\">\n        <a href=\"#dormir-bem-em-poucos-metros-quadrados\">Dormir Bem em Poucos Metros Quadrados<\/a>\n        <ul class=\"menu_level_2\">\n          <li class=\"first\">\n            <a href=\"#a-influ\u00eancia-do-ambiente-no-ciclo-do-sono\">A influ\u00eancia do ambiente no ciclo do sono<\/a>\n          <\/li>\n          <li>\n            <a href=\"#compactar-sem-comprometer-o-novo-conceito-de-conforto\">Compactar sem comprometer: o novo conceito de conforto<\/a>\n          <\/li>\n          <li class=\"last\">\n            <a href=\"#objetivo-deste-conte\u00fado\">Objetivo deste conte\u00fado<\/a>\n          <\/li>\n        <\/ul>\n      <\/li>\n      <li>\n        <a href=\"#ergonomia-do-sono-ponto-de-partida-para-conforto-noturno-em-ambientes-compactos\">Ergonomia do Sono: Ponto de Partida para Conforto Noturno em Ambientes Compactos<\/a>\n        <ul class=\"menu_level_2\">\n          <li class=\"first\">\n            <a href=\"#colch\u00e3o-base-e-travesseiro-o-trip\u00e9-do-alinhamento-postural\">Colch\u00e3o, base e travesseiro: o trip\u00e9 do alinhamento postural<\/a>\n          <\/li>\n          <li>\n            <a href=\"#altura-da-cama-e-fluidez-de-circula\u00e7\u00e3o\">Altura da cama e fluidez de circula\u00e7\u00e3o<\/a>\n          <\/li>\n          <li class=\"last\">\n            <a href=\"#m\u00f3veis-multifuncionais-e-cabeceiras-t\u00e9cnicas\">M\u00f3veis multifuncionais e cabeceiras t\u00e9cnicas<\/a>\n          <\/li>\n        <\/ul>\n      <\/li>\n      <li>\n        <a href=\"#estrat\u00e9gias-de-ilumina\u00e7\u00e3o-e-ac\u00fastica-para-conforto-noturno-em-ambientes-compactos\">Estrat\u00e9gias de Ilumina\u00e7\u00e3o e Ac\u00fastica para Conforto Noturno em Ambientes Compactos<\/a>\n        <ul class=\"menu_level_2\">\n          <li class=\"first\">\n            <a href=\"#controle-da-luz-ritmo-circadiano-em-primeiro-lugar\">Controle da luz: ritmo circadiano em primeiro lugar<\/a>\n          <\/li>\n          <li class=\"last\">\n            <a href=\"#ac\u00fastica-o-sil\u00eancio-como-ferramenta-de-descanso\">Ac\u00fastica: o sil\u00eancio como ferramenta de descanso<\/a>\n          <\/li>\n        <\/ul>\n      <\/li>\n      <li>\n        <a href=\"#microclima-noturno-temperatura-ventila\u00e7\u00e3o-e-qualidade-do-ar-no-conforto-noturno-em-ambientes-compactos\">Microclima Noturno: Temperatura, Ventila\u00e7\u00e3o e Qualidade do Ar no Conforto Noturno em Ambientes Compactos<\/a>\n        <ul class=\"menu_level_2\">\n          <li class=\"first\">\n            <a href=\"#temperatura-ideal-entre-18\u00b0c-e-22\u00b0c\">Temperatura ideal: entre 18\u00b0C e 22\u00b0C<\/a>\n          <\/li>\n          <li>\n            <a href=\"#ventila\u00e7\u00e3o-cruzada-e-controle-de-umidade\">Ventila\u00e7\u00e3o cruzada e controle de umidade<\/a>\n          <\/li>\n          <li class=\"last\">\n            <a href=\"#elementos-naturais-plantas-e-tecidos-respir\u00e1veis\">Elementos naturais: plantas e tecidos respir\u00e1veis<\/a>\n          <\/li>\n        <\/ul>\n      <\/li>\n      <li>\n        <a href=\"#elementos-sensoriais-e-est\u00e9ticos-toques-finais-para-conforto-noturno-em-ambientes-compactos\">Elementos Sensoriais e Est\u00e9ticos: Toques Finais para Conforto Noturno em Ambientes Compactos<\/a>\n        <ul class=\"menu_level_2\">\n          <li class=\"first\">\n            <a href=\"#tecidos-e-texturas-o-toque-certo-para-relaxar\">Tecidos e texturas: o toque certo para relaxar<\/a>\n          <\/li>\n          <li>\n            <a href=\"#paleta-de-cores-o-visual-como-calmante\">Paleta de cores: o visual como calmante<\/a>\n          <\/li>\n          <li class=\"last\">\n            <a href=\"#aromaterapia-e-est\u00edmulos-olfativos\">Aromaterapia e est\u00edmulos olfativos<\/a>\n          <\/li>\n        <\/ul>\n      <\/li>\n      <li>\n        <a href=\"#conforto-noturno-em-ambientes-compactos-vai-al\u00e9m-do-tamanho-\u00e9-estrat\u00e9gia-e-inten\u00e7\u00e3o\">Conforto Noturno em Ambientes Compactos Vai Al\u00e9m do Tamanho \u2014 \u00c9 Estrat\u00e9gia e Inten\u00e7\u00e3o<\/a>\n      <\/li>\n      <li class=\"last\">\n        <a href=\"#faq-d\u00favidas-frequentes-sobre-conforto-noturno-em-ambientes-compactos-estrat\u00e9gias-ergonomia-e-performance-do-sono\">FAQ \u2013 D\u00favidas Frequentes sobre Conforto Noturno em Ambientes Compactos: Estrat\u00e9gias, Ergonomia e Performance do Sono<\/a>\n        <ul class=\"menu_level_2\">\n          <li class=\"first\">\n            <a href=\"#1-qual-o-melhor-tipo-de-cama-para-espa\u00e7os-pequenos\">1. Qual o melhor tipo de cama para espa\u00e7os pequenos?<\/a>\n          <\/li>\n          <li>\n            <a href=\"#2-preciso-de-blackout-total-para-dormir-melhor\">2. Preciso de blackout total para dormir melhor?<\/a>\n          <\/li>\n          <li>\n            <a href=\"#3-\u00e9-poss\u00edvel-melhorar-a-ac\u00fastica-sem-obras\">3. \u00c9 poss\u00edvel melhorar a ac\u00fastica sem obras?<\/a>\n          <\/li>\n          <li>\n            <a href=\"#4-plantas-no-quarto-melhoram-a-qualidade-do-sono\">4. Plantas no quarto melhoram a qualidade do sono?<\/a>\n          <\/li>\n          <li class=\"last\">\n            <a href=\"#5-aromaterapia-realmente-funciona\">5. Aromaterapia realmente funciona?<\/a>\n          <\/li>\n        <\/ul>\n      <\/li>\n    <\/ul>\n<\/div>                                <\/div>\n                            <\/div>\n                        <\/div>\n                    <\/div>\n                    <div class=\"layout_toggle_button\">\n                        <span class=\"bd_toc_arrow\"><\/span>\n                    <\/div>\n                <\/div>\n            <\/div>\n\n    \n\n\n<h2 id='dormir-bem-em-poucos-metros-quadrados'  class=\"wp-block-heading\"><strong>Dormir Bem em Poucos Metros Quadrados<\/strong><\/h2>\n\n\n\n<p>Com o crescimento das moradias compactas, o desafio de manter o bem-estar em espa\u00e7os limitados tornou-se mais presente. Entre os aspectos mais impactados por essa redu\u00e7\u00e3o est\u00e1 a qualidade do descanso. Por isso, investir em <strong>conforto noturno em ambientes compactos: estrat\u00e9gias, ergonomia e performance do sono<\/strong> \u00e9 essencial para quem deseja manter sa\u00fade e funcionalidade mesmo em poucos metros quadrados.<\/p>\n\n\n\n<h3 id='a-influ\u00eancia-do-ambiente-no-ciclo-do-sono'  class=\"wp-block-heading\"><strong>A influ\u00eancia do ambiente no ciclo do sono<\/strong><\/h3>\n\n\n\n<p>Em espa\u00e7os reduzidos, os est\u00edmulos visuais, auditivos e t\u00e9rmicos tendem a ser mais intensos e pr\u00f3ximos. Isso afeta diretamente o ritmo circadiano, dificultando o relaxamento e prejudicando a transi\u00e7\u00e3o para as fases mais profundas do sono. Ambientes desorganizados, pouco ventilados ou com ilumina\u00e7\u00e3o inadequada se tornam barreiras invis\u00edveis para o descanso de qualidade.<\/p>\n\n\n\n<h3 id='compactar-sem-comprometer-o-novo-conceito-de-conforto'  class=\"wp-block-heading\"><strong>Compactar sem comprometer: o novo conceito de conforto<\/strong><\/h3>\n\n\n\n<p>Morar bem em espa\u00e7os compactos exige planejamento, especialmente quando falamos do quarto \u2014 um dos ambientes mais importantes da casa. Ergonomia, circula\u00e7\u00e3o, ac\u00fastica e temperatura precisam trabalhar juntos para favorecer um sono restaurador. E isso n\u00e3o requer luxo ou reformas complexas, mas sim <strong>estrat\u00e9gias t\u00e9cnicas acess\u00edveis<\/strong>, que considerem desde a escolha do colch\u00e3o at\u00e9 a disposi\u00e7\u00e3o dos m\u00f3veis.<\/p>\n\n\n\n<h3 id='objetivo-deste-conte\u00fado'  class=\"wp-block-heading\"><strong>Objetivo deste conte\u00fado<\/strong><\/h3>\n\n\n\n<p>Neste artigo, vamos apresentar orienta\u00e7\u00f5es detalhadas para melhorar o <strong>conforto noturno em ambientes compactos: estrat\u00e9gias, ergonomia e performance do sono<\/strong>. A proposta \u00e9 oferecer um guia completo, pr\u00e1tico e embasado, capaz de transformar pequenos espa\u00e7os em verdadeiros ref\u00fagios noturnos \u2014 com intelig\u00eancia, inten\u00e7\u00e3o e bem-estar.<\/p>\n\n\n\n<hr class=\"wp-block-separator has-alpha-channel-opacity\"\/>\n\n\n\n<h2 id='ergonomia-do-sono-ponto-de-partida-para-conforto-noturno-em-ambientes-compactos'  class=\"wp-block-heading\"><strong>Ergonomia do Sono: Ponto de Partida para Conforto Noturno em Ambientes Compactos<\/strong><\/h2>\n\n\n\n<p>Quando o espa\u00e7o \u00e9 limitado, cada cent\u00edmetro precisa funcionar a favor do bem-estar. Nesse contexto, aplicar princ\u00edpios de ergonomia ao ambiente de descanso \u00e9 um dos pilares centrais para garantir <strong>conforto noturno em ambientes compactos: estrat\u00e9gias, ergonomia e performance do sono<\/strong> com efici\u00eancia real.<\/p>\n\n\n\n<h3 id='colch\u00e3o-base-e-travesseiro-o-trip\u00e9-do-alinhamento-postural'  class=\"wp-block-heading\"><strong>Colch\u00e3o, base e travesseiro: o trip\u00e9 do alinhamento postural<\/strong><\/h3>\n\n\n\n<p>Mesmo em camas menores, a escolha do colch\u00e3o deve priorizar o suporte adequado \u00e0 curvatura natural da coluna. Modelos de densidade intermedi\u00e1ria ou com tecnologia de al\u00edvio de press\u00e3o (como viscoel\u00e1stico ou molas ensacadas) oferecem sustenta\u00e7\u00e3o e conforto simult\u00e2neos.<\/p>\n\n\n\n<p>Travesseiros ergon\u00f4micos tamb\u00e9m s\u00e3o essenciais \u2014 eles devem preencher o espa\u00e7o entre a cabe\u00e7a e o ombro, mantendo o pesco\u00e7o alinhado. Em camas encostadas na parede, almofadas de apoio lateral podem ajudar a manter uma boa postura ao dormir de lado.<\/p>\n\n\n\n<h3 id='altura-da-cama-e-fluidez-de-circula\u00e7\u00e3o'  class=\"wp-block-heading\"><strong>Altura da cama e fluidez de circula\u00e7\u00e3o<\/strong><\/h3>\n\n\n\n<p>A cama ideal em ambientes compactos deve ter uma altura entre 45cm e 55cm, permitindo que os p\u00e9s toquem o ch\u00e3o com conforto ao sentar-se. Isso facilita o deitar, o levantar e reduz tens\u00f5es no joelho e lombar.<\/p>\n\n\n\n<p>Al\u00e9m disso, a disposi\u00e7\u00e3o da cama no c\u00f4modo deve preservar pelo menos 60cm de circula\u00e7\u00e3o nas laterais \u2014 ou pelo menos de um dos lados, nos casos mais limitados. Esse cuidado evita acidentes noturnos e favorece a sensa\u00e7\u00e3o de liberdade no espa\u00e7o.<\/p>\n\n\n\n<h3 id='m\u00f3veis-multifuncionais-e-cabeceiras-t\u00e9cnicas'  class=\"wp-block-heading\"><strong>M\u00f3veis multifuncionais e cabeceiras t\u00e9cnicas<\/strong><\/h3>\n\n\n\n<p>Camas com ba\u00fa, gavetas laterais ou estrutura suspensa ajudam a liberar espa\u00e7o de armazenamento, reduzindo a necessidade de outros m\u00f3veis e garantindo uma \u00e1rea de descanso mais limpa e arejada.<\/p>\n\n\n\n<p>Cabeceiras funcionais \u2014 com nichos embutidos, luzes integradas ou apoio para objetos \u2014 reduzem a necessidade de criados-mudos e mant\u00eam o essencial sempre \u00e0 m\u00e3o, otimizando a ergonomia e a rotina noturna.<\/p>\n\n\n\n<p>Investir em ergonomia \u00e9 o primeiro passo para atingir <strong>conforto noturno em ambientes compactos: estrat\u00e9gias, ergonomia e performance do sono<\/strong> com consist\u00eancia e longevidade. O corpo agradece \u2014 noite ap\u00f3s noite.<\/p>\n\n\n\n<hr class=\"wp-block-separator has-alpha-channel-opacity\"\/>\n\n\n\n<h2 id='estrat\u00e9gias-de-ilumina\u00e7\u00e3o-e-ac\u00fastica-para-conforto-noturno-em-ambientes-compactos'  class=\"wp-block-heading\"><strong>Estrat\u00e9gias de Ilumina\u00e7\u00e3o e Ac\u00fastica para Conforto Noturno em Ambientes Compactos<\/strong><\/h2>\n\n\n\n<p>Em ambientes pequenos, qualquer est\u00edmulo sensorial mal planejado pode comprometer a qualidade do descanso. Controlar luz e som de forma inteligente \u00e9 essencial para alcan\u00e7ar <strong>conforto noturno em ambientes compactos: estrat\u00e9gias, ergonomia e performance do sono<\/strong> com efici\u00eancia.<\/p>\n\n\n\n<h3 id='controle-da-luz-ritmo-circadiano-em-primeiro-lugar'  class=\"wp-block-heading\"><strong>Controle da luz: ritmo circadiano em primeiro lugar<\/strong><\/h3>\n\n\n\n<p>A ilumina\u00e7\u00e3o noturna deve respeitar a produ\u00e7\u00e3o natural de melatonina, o horm\u00f4nio que induz o sono. Em quartos compactos, onde a ilumina\u00e7\u00e3o artificial pode estar muito pr\u00f3xima do leito, \u00e9 fundamental usar l\u00e2mpadas de cor quente (2700K a 3000K) e difusas.<\/p>\n\n\n\n<p><strong>Solu\u00e7\u00f5es pr\u00e1ticas:<\/strong><\/p>\n\n\n\n<ul class=\"wp-block-list\">\n<li>Lumin\u00e1rias com dimmer para ajustar a intensidade da luz ao anoitecer.<\/li>\n\n\n\n<li>Fitas de LED embutidas com controle de cor.<\/li>\n\n\n\n<li>Cortinas blackout para bloquear a luz externa e favorecer a escurid\u00e3o total \u00e0 noite.<\/li>\n<\/ul>\n\n\n\n<p>Integrar sensores ou temporizadores tamb\u00e9m ajuda a automatizar o ambiente, evitando que o corpo receba sinais contradit\u00f3rios durante a transi\u00e7\u00e3o do dia para a noite.<\/p>\n\n\n\n<h3 id='ac\u00fastica-o-sil\u00eancio-como-ferramenta-de-descanso'  class=\"wp-block-heading\"><strong>Ac\u00fastica: o sil\u00eancio como ferramenta de descanso<\/strong><\/h3>\n\n\n\n<p>Ambientes pequenos amplificam ru\u00eddos. Portas finas, janelas com veda\u00e7\u00e3o insuficiente ou vizinhos barulhentos podem se tornar vil\u00f5es invis\u00edveis do sono. Investir em isolamento ac\u00fastico, mesmo em solu\u00e7\u00f5es simples, melhora radicalmente a profundidade do sono.<\/p>\n\n\n\n<p><strong>Recomenda\u00e7\u00f5es:<\/strong><\/p>\n\n\n\n<ul class=\"wp-block-list\">\n<li>Vedadores de porta, mantas ac\u00fasticas ou cortinas pesadas.<\/li>\n\n\n\n<li>Tapetes e cabeceiras estofadas para absorver reverbera\u00e7\u00f5es.<\/li>\n\n\n\n<li>Dispositivos de white noise para mascarar sons intermitentes.<\/li>\n<\/ul>\n\n\n\n<p>Estudos mostram que sons cont\u00ednuos e previs\u00edveis (como ventiladores ou ru\u00eddos de chuva) t\u00eam menos impacto negativo no sono do que barulhos s\u00fabitos, como buzinas ou passos.<\/p>\n\n\n\n<p>Unir solu\u00e7\u00f5es de luz e som \u00e9 parte essencial de um bom projeto de <strong>conforto noturno em ambientes compactos: estrat\u00e9gias, ergonomia e performance do sono<\/strong>, especialmente em resid\u00eancias urbanas ou apartamentos pequenos, onde o controle ambiental precisa ser preciso, por\u00e9m vi\u00e1vel.<\/p>\n\n\n\n<hr class=\"wp-block-separator has-alpha-channel-opacity\"\/>\n\n\n\n<figure class=\"wp-block-image size-large is-resized\"><img data-recalc-dims=\"1\" fetchpriority=\"high\" decoding=\"async\" width=\"683\" height=\"1024\" src=\"https:\/\/i0.wp.com\/1truenote.com\/wp-content\/uploads\/2025\/04\/ChatGPT-Image-3-de-abr.-de-2025-16_21_07.png?resize=683%2C1024&#038;ssl=1\" alt=\"Quarto pequeno e acolhedor \u00e0 noite, com cama de casal centralizada, len\u00e7\u00f3is brancos e manta bege, abajur moderno sobre criado-mudo e cortinas neutras cobrindo uma janela serena.\" class=\"wp-image-801\" style=\"width:623px;height:auto\" srcset=\"https:\/\/i0.wp.com\/1truenote.com\/wp-content\/uploads\/2025\/04\/ChatGPT-Image-3-de-abr.-de-2025-16_21_07.png?resize=683%2C1024&amp;ssl=1 683w, https:\/\/i0.wp.com\/1truenote.com\/wp-content\/uploads\/2025\/04\/ChatGPT-Image-3-de-abr.-de-2025-16_21_07.png?resize=200%2C300&amp;ssl=1 200w, https:\/\/i0.wp.com\/1truenote.com\/wp-content\/uploads\/2025\/04\/ChatGPT-Image-3-de-abr.-de-2025-16_21_07.png?resize=768%2C1152&amp;ssl=1 768w, https:\/\/i0.wp.com\/1truenote.com\/wp-content\/uploads\/2025\/04\/ChatGPT-Image-3-de-abr.-de-2025-16_21_07.png?w=1024&amp;ssl=1 1024w\" sizes=\"(max-width: 683px) 100vw, 683px\" \/><\/figure>\n\n\n\n<h2 id='microclima-noturno-temperatura-ventila\u00e7\u00e3o-e-qualidade-do-ar-no-conforto-noturno-em-ambientes-compactos'  class=\"wp-block-heading\"><strong>Microclima Noturno: Temperatura, Ventila\u00e7\u00e3o e Qualidade do Ar no Conforto Noturno em Ambientes Compactos<\/strong><\/h2>\n\n\n\n<p>O corpo humano responde automaticamente \u00e0s condi\u00e7\u00f5es ambientais durante o sono. E em espa\u00e7os pequenos, o controle do microclima \u00e9 ainda mais desafiador. Acertar na temperatura, na circula\u00e7\u00e3o do ar e na purifica\u00e7\u00e3o atmosf\u00e9rica \u00e9 indispens\u00e1vel para alcan\u00e7ar o verdadeiro <strong>conforto noturno em ambientes compactos: estrat\u00e9gias, ergonomia e performance do sono<\/strong>.<\/p>\n\n\n\n<h3 id='temperatura-ideal-entre-18\u00b0c-e-22\u00b0c'  class=\"wp-block-heading\"><strong>Temperatura ideal: entre 18\u00b0C e 22\u00b0C<\/strong><\/h3>\n\n\n\n<p>Essa faixa t\u00e9rmica \u00e9 considerada a mais eficiente para induzir e manter o sono profundo. Ambientes compactos tendem a reter calor com mais facilidade, especialmente quando h\u00e1 eletrodom\u00e9sticos pr\u00f3ximos, pouca ventila\u00e7\u00e3o ou janelas pequenas.<\/p>\n\n\n\n<p><strong>Solu\u00e7\u00f5es pr\u00e1ticas:<\/strong><\/p>\n\n\n\n<ul class=\"wp-block-list\">\n<li>Ventiladores silenciosos com ajuste de intensidade.<\/li>\n\n\n\n<li>Climatizadores port\u00e1teis com fun\u00e7\u00e3o umidificadora.<\/li>\n\n\n\n<li>Cortinas t\u00e9rmicas e insulfilm para controlar o ganho de calor solar durante o dia.<\/li>\n<\/ul>\n\n\n\n<h3 id='ventila\u00e7\u00e3o-cruzada-e-controle-de-umidade'  class=\"wp-block-heading\"><strong>Ventila\u00e7\u00e3o cruzada e controle de umidade<\/strong><\/h3>\n\n\n\n<p>Garantir a entrada e sa\u00edda de ar \u00e9 essencial, mesmo em espa\u00e7os fechados. Se houver mais de uma janela ou ponto de entrada de ar, crie corrente cruzada. Em apartamentos tipo studio, manter a porta levemente entreaberta (se poss\u00edvel) j\u00e1 auxilia na circula\u00e7\u00e3o.<\/p>\n\n\n\n<p><strong>Complementos \u00fateis:<\/strong><\/p>\n\n\n\n<ul class=\"wp-block-list\">\n<li>Umidificadores ultrass\u00f4nicos para noites secas.<\/li>\n\n\n\n<li>Desumidificadores em \u00e1reas com excesso de umidade, evitando mofo.<\/li>\n\n\n\n<li>Aromatizadores com fun\u00e7\u00e3o purificadora para aliar aroma e qualidade do ar.<\/li>\n<\/ul>\n\n\n\n<h3 id='elementos-naturais-plantas-e-tecidos-respir\u00e1veis'  class=\"wp-block-heading\"><strong>Elementos naturais: plantas e tecidos respir\u00e1veis<\/strong><\/h3>\n\n\n\n<p>Algumas plantas purificadoras \u2014 como jiboia, espada-de-s\u00e3o-jorge e l\u00edrio-da-paz \u2014 ajudam a equilibrar o ar noturno. J\u00e1 tecidos de algod\u00e3o, percal ou linho em roupas de cama e cortinas favorecem a respira\u00e7\u00e3o da pele e reduzem reten\u00e7\u00e3o de calor.<\/p>\n\n\n\n<p>Controlar o microclima \u00e9 parte indispens\u00e1vel de qualquer abordagem s\u00e9ria de <strong>conforto noturno em ambientes compactos: estrat\u00e9gias, ergonomia e performance do sono<\/strong> \u2014 afinal, o sono s\u00f3 acontece plenamente quando o corpo sente que est\u00e1 em um ambiente seguro, fresco e equilibrado.<\/p>\n\n\n\n<hr class=\"wp-block-separator has-alpha-channel-opacity\"\/>\n\n\n\n<h2 id='elementos-sensoriais-e-est\u00e9ticos-toques-finais-para-conforto-noturno-em-ambientes-compactos'  class=\"wp-block-heading\"><strong>Elementos Sensoriais e Est\u00e9ticos: Toques Finais para Conforto Noturno em Ambientes Compactos<\/strong><\/h2>\n\n\n\n<p>Al\u00e9m da ilumina\u00e7\u00e3o, ergonomia e microclima, o corpo humano tamb\u00e9m responde a est\u00edmulos visuais, t\u00e1teis e olfativos \u2014 principalmente na hora de dormir. Inserir <strong>elementos sensoriais e est\u00e9ticos<\/strong> com inten\u00e7\u00e3o \u00e9 parte integrante de uma abordagem completa para <strong>conforto noturno em ambientes compactos: estrat\u00e9gias, ergonomia e performance do sono<\/strong>.<\/p>\n\n\n\n<h3 id='tecidos-e-texturas-o-toque-certo-para-relaxar'  class=\"wp-block-heading\"><strong>Tecidos e texturas: o toque certo para relaxar<\/strong><\/h3>\n\n\n\n<p>A sensa\u00e7\u00e3o t\u00e1til est\u00e1 diretamente conectada ao relaxamento. Aposte em tecidos naturais e respir\u00e1veis que envolvam o corpo de forma suave e n\u00e3o gerem est\u00edmulos t\u00e9rmicos indesejados.<\/p>\n\n\n\n<p><strong>Sugest\u00f5es pr\u00e1ticas:<\/strong><\/p>\n\n\n\n<ul class=\"wp-block-list\">\n<li>Len\u00e7\u00f3is de algod\u00e3o eg\u00edpcio ou percal 180+ fios.<\/li>\n\n\n\n<li>Cobertores leves em microfibra ou linho para controle t\u00e9rmico.<\/li>\n\n\n\n<li>Cortinas de tecido opaco, mas com toque macio, que bloqueiam a luz sem pesar visualmente.<\/li>\n<\/ul>\n\n\n\n<p>Evite materiais sint\u00e9ticos \u00e1speros, com excesso de brilho ou textura escorregadia, pois tendem a gerar calor e desconforto t\u00e1til.<\/p>\n\n\n\n<h3 id='paleta-de-cores-o-visual-como-calmante'  class=\"wp-block-heading\"><strong>Paleta de cores: o visual como calmante<\/strong><\/h3>\n\n\n\n<p>Cores t\u00eam efeito direto sobre o sistema nervoso aut\u00f4nomo. Em quartos compactos, tons frios e suaves \u2014 como azul acinzentado, verde claro, bege ou ros\u00e9 queimado \u2014 ajudam a desacelerar o ritmo mental.<\/p>\n\n\n\n<p>Utilize tons claros nas paredes, roupas de cama e objetos maiores. Se quiser incluir contrastes ou cores vibrantes, limite seu uso a detalhes (como almofadas ou quadros pequenos).<\/p>\n\n\n\n<h3 id='aromaterapia-e-est\u00edmulos-olfativos'  class=\"wp-block-heading\"><strong>Aromaterapia e est\u00edmulos olfativos<\/strong><\/h3>\n\n\n\n<p>O olfato \u00e9 um dos sentidos mais ligados \u00e0 mem\u00f3ria e \u00e0s emo\u00e7\u00f5es. Aplicar \u00f3leos essenciais de lavanda, camomila romana ou s\u00e2ndalo em difusores ou sprays noturnos ajuda o c\u00e9rebro a identificar o \u201cmodo descanso\u201d.<\/p>\n\n\n\n<p><strong>Dicas importantes:<\/strong><\/p>\n\n\n\n<ul class=\"wp-block-list\">\n<li>Use difusores ultrass\u00f4nicos com desligamento autom\u00e1tico.<\/li>\n\n\n\n<li>Nunca aplique \u00f3leos diretamente na pele ou no travesseiro sem dilui\u00e7\u00e3o.<\/li>\n\n\n\n<li>Evite fragr\u00e2ncias sint\u00e9ticas fortes, que podem irritar o sistema respirat\u00f3rio.<\/li>\n<\/ul>\n\n\n\n<p>Quando os sentidos s\u00e3o cuidados de forma integrada, o corpo entra em repouso mais r\u00e1pido e profundo. Por isso, ao projetar o ambiente, considere esses fatores como parte essencial do <strong>conforto noturno em ambientes compactos: estrat\u00e9gias, ergonomia e performance do sono<\/strong>.<\/p>\n\n\n\n<hr class=\"wp-block-separator has-alpha-channel-opacity\"\/>\n\n\n\n<h2 id='conforto-noturno-em-ambientes-compactos-vai-al\u00e9m-do-tamanho-\u00e9-estrat\u00e9gia-e-inten\u00e7\u00e3o'  class=\"wp-block-heading\"><strong>Conforto Noturno em Ambientes Compactos Vai Al\u00e9m do Tamanho \u2014 \u00c9 Estrat\u00e9gia e Inten\u00e7\u00e3o<\/strong><\/h2>\n\n\n\n<p>Dormir bem n\u00e3o depende apenas da metragem, mas da forma como o ambiente \u00e9 planejado. O verdadeiro <strong>conforto noturno em ambientes compactos: estrat\u00e9gias, ergonomia e performance do sono<\/strong> nascem da integra\u00e7\u00e3o entre elementos f\u00edsicos, sensoriais e ambientais que trabalham a favor do corpo.<\/p>\n\n\n\n<p>Neste guia, vimos que ajustes simples \u2014 como posicionamento da cama, controle da luz, climatiza\u00e7\u00e3o e uso de texturas \u2014 s\u00e3o capazes de transformar o descanso. Mais do que conforto, eles entregam sa\u00fade, foco e equil\u00edbrio no dia a dia.<\/p>\n\n\n\n<p>Espa\u00e7os pequenos podem, sim, oferecer noites grandes em qualidade. Tudo depende da inten\u00e7\u00e3o com que s\u00e3o projetados.<\/p>\n\n\n\n<hr class=\"wp-block-separator has-alpha-channel-opacity\"\/>\n\n\n\n<h2 id='faq-d\u00favidas-frequentes-sobre-conforto-noturno-em-ambientes-compactos-estrat\u00e9gias-ergonomia-e-performance-do-sono'  class=\"wp-block-heading\"><strong>FAQ \u2013 D\u00favidas Frequentes sobre Conforto Noturno em Ambientes Compactos: Estrat\u00e9gias, Ergonomia e Performance do Sono<\/strong><\/h2>\n\n\n\n<h3 id='1-qual-o-melhor-tipo-de-cama-para-espa\u00e7os-pequenos'  class=\"wp-block-heading\"><strong>1. Qual o melhor tipo de cama para espa\u00e7os pequenos?<\/strong><\/h3>\n\n\n\n<p>Modelos com ba\u00fa, gavetas ou estruturas elevadas s\u00e3o ideais. Al\u00e9m de conforto, oferecem solu\u00e7\u00f5es de armazenamento essenciais para quartos compactos. Isso contribui diretamente para o <strong>conforto noturno em ambientes compactos<\/strong>, unindo ergonomia e funcionalidade.<\/p>\n\n\n\n<h3 id='2-preciso-de-blackout-total-para-dormir-melhor'  class=\"wp-block-heading\"><strong>2. Preciso de blackout total para dormir melhor?<\/strong><\/h3>\n\n\n\n<p>Sim, principalmente em \u00e1reas urbanas com polui\u00e7\u00e3o luminosa. Cortinas blackout ou m\u00e1scaras de dormir ajudam na regula\u00e7\u00e3o do ciclo circadiano, favorecendo o sono profundo.<\/p>\n\n\n\n<h3 id='3-\u00e9-poss\u00edvel-melhorar-a-ac\u00fastica-sem-obras'  class=\"wp-block-heading\"><strong>3. \u00c9 poss\u00edvel melhorar a ac\u00fastica sem obras?<\/strong><\/h3>\n\n\n\n<p>Sim. Cortinas pesadas, tapetes espessos, cabeceiras estofadas e vedadores de porta reduzem ru\u00eddos externos. White noise tamb\u00e9m \u00e9 uma solu\u00e7\u00e3o eficaz e acess\u00edvel.<\/p>\n\n\n\n<h3 id='4-plantas-no-quarto-melhoram-a-qualidade-do-sono'  class=\"wp-block-heading\"><strong>4. Plantas no quarto melhoram a qualidade do sono?<\/strong><\/h3>\n\n\n\n<p>Sim, desde que bem escolhidas. Espada-de-s\u00e3o-jorge, l\u00edrio-da-paz e jiboia ajudam a purificar o ar. Em ambientes compactos, escolha vers\u00f5es em vasos pequenos e de baixa manuten\u00e7\u00e3o.<\/p>\n\n\n\n<h3 id='5-aromaterapia-realmente-funciona'  class=\"wp-block-heading\"><strong>5. Aromaterapia realmente funciona?<\/strong><\/h3>\n\n\n\n<p>Sim. \u00d3leos como lavanda, camomila e cedro t\u00eam efeitos comprovados sobre o sistema nervoso aut\u00f4nomo. Quando usados corretamente, s\u00e3o grandes aliados do relaxamento noturno.<\/p>\n\n\n\n<p>Se voc\u00ea gostou, pode ver mais informa\u00e7\u00f5es no nosso artigo sobre &#8220;<a href=\"https:\/\/1truenote.com\/en\/melhores-solucoes-para-dormir-em-ambientes-pequenos\/\" data-type=\"link\" data-id=\"https:\/\/1truenote.com\/melhores-solucoes-para-dormir-em-ambientes-pequenos\/\">Conforto Noturno: As melhores solu\u00e7\u00f5es para dormir em ambientes pequenos<\/a>&#8220;.<\/p>","protected":false},"excerpt":{"rendered":"<p>Dormir Bem em Poucos Metros Quadrados Com o crescimento das moradias compactas, o desafio de manter o bem-estar em espa\u00e7os&#8230;<\/p>","protected":false},"author":1,"featured_media":800,"comment_status":"open","ping_status":"open","sticky":false,"template":"","format":"standard","meta":{"_kad_post_transparent":"","_kad_post_title":"","_kad_post_layout":"","_kad_post_sidebar_id":"","_kad_post_content_style":"","_kad_post_vertical_padding":"","_kad_post_feature":"","_kad_post_feature_position":"","_kad_post_header":false,"_kad_post_footer":false,"_kad_post_classname":"","footnotes":"","jetpack_publicize_message":"","jetpack_publicize_feature_enabled":true,"jetpack_social_post_already_shared":false,"jetpack_social_options":{"image_generator_settings":{"template":"highway","default_image_id":0,"font":"","enabled":false},"version":2}},"categories":[16],"tags":[11],"class_list":["post-799","post","type-post","status-publish","format-standard","has-post-thumbnail","hentry","category-casa-e-jardim","tag-conforto-noturno"],"jetpack_publicize_connections":[],"jetpack_featured_media_url":"https:\/\/i0.wp.com\/1truenote.com\/wp-content\/uploads\/2025\/04\/ChatGPT-Image-3-de-abr.-de-2025-16_19_51.png?fit=1536%2C1024&ssl=1","jetpack_sharing_enabled":true,"_links":{"self":[{"href":"https:\/\/1truenote.com\/en\/wp-json\/wp\/v2\/posts\/799","targetHints":{"allow":["GET"]}}],"collection":[{"href":"https:\/\/1truenote.com\/en\/wp-json\/wp\/v2\/posts"}],"about":[{"href":"https:\/\/1truenote.com\/en\/wp-json\/wp\/v2\/types\/post"}],"author":[{"embeddable":true,"href":"https:\/\/1truenote.com\/en\/wp-json\/wp\/v2\/users\/1"}],"replies":[{"embeddable":true,"href":"https:\/\/1truenote.com\/en\/wp-json\/wp\/v2\/comments?post=799"}],"version-history":[{"count":0,"href":"https:\/\/1truenote.com\/en\/wp-json\/wp\/v2\/posts\/799\/revisions"}],"wp:featuredmedia":[{"embeddable":true,"href":"https:\/\/1truenote.com\/en\/wp-json\/wp\/v2\/media\/800"}],"wp:attachment":[{"href":"https:\/\/1truenote.com\/en\/wp-json\/wp\/v2\/media?parent=799"}],"wp:term":[{"taxonomy":"category","embeddable":true,"href":"https:\/\/1truenote.com\/en\/wp-json\/wp\/v2\/categories?post=799"},{"taxonomy":"post_tag","embeddable":true,"href":"https:\/\/1truenote.com\/en\/wp-json\/wp\/v2\/tags?post=799"}],"curies":[{"name":"wp","href":"https:\/\/api.w.org\/{rel}","templated":true}]}}