{"id":779,"date":"2025-04-03T18:25:16","date_gmt":"2025-04-03T18:25:16","guid":{"rendered":"https:\/\/1truenote.com\/?p=779"},"modified":"2025-04-21T17:12:52","modified_gmt":"2025-04-21T17:12:52","slug":"iluminacao-natural-e-artificial-em-ambientes-compactos","status":"publish","type":"post","link":"https:\/\/1truenote.com\/en\/iluminacao-natural-e-artificial-em-ambientes-compactos\/","title":{"rendered":"Ilumina\u00e7\u00e3o natural e artificial em ambientes compactos"},"content":{"rendered":"<div class=\"fit_content\">\n                <div class=\"bd_toc_container\" data-fixedwidth=\"\">\n                    <div class=\"bd_toc_wrapper\" data-wrapperpadding=\"48px\">\n                        <div class=\"bd_toc_wrapper_item\">\n                            <div class=\"bd_toc_header active\" data-headerpadding=\"2px\">\n                                <div class=\"bd_toc_header_title\">\n                                    Sum\u00e1rio                                <\/div>\n                                <div class=\"bd_toc_switcher_hide_show_icon\">\n                                    <span class=\"bd_toc_arrow\"><\/span>                                <\/div>\n                            <\/div>\n                            <div class=\"bd_toc_content list-type-number\">\n                                <div class=\"bd_toc_content_list\">\n                                    <div class='bd_toc_content_list_item'>    <ul>\n      <li class=\"first\">\n        <a href=\"#luz-\u00e9-espa\u00e7o-a-influ\u00eancia-da-ilumina\u00e7\u00e3o-em-ambientes-pequenos\">Luz \u00e9 Espa\u00e7o \u2013 A Influ\u00eancia da Ilumina\u00e7\u00e3o em Ambientes Pequenos<\/a>\n        <ul class=\"menu_level_2\">\n          <li class=\"first\">\n            <a href=\"#ilumina\u00e7\u00e3o-como-recurso-de-expans\u00e3o-visual\">Ilumina\u00e7\u00e3o como recurso de expans\u00e3o visual<\/a>\n          <\/li>\n          <li>\n            <a href=\"#natural-x-artificial-complementaridade-n\u00e3o-oposi\u00e7\u00e3o\">Natural x artificial: complementaridade, n\u00e3o oposi\u00e7\u00e3o<\/a>\n          <\/li>\n          <li class=\"last\">\n            <a href=\"#objetivo-deste-conte\u00fado\">Objetivo deste conte\u00fado<\/a>\n          <\/li>\n        <\/ul>\n      <\/li>\n      <li>\n        <a href=\"#ilumina\u00e7\u00e3o-natural-como-aproveitar-ao-m\u00e1ximo-a-luz-do-dia-em-ambientes-compactos\">Ilumina\u00e7\u00e3o Natural: Como Aproveitar ao M\u00e1ximo a Luz do Dia em Ambientes Compactos<\/a>\n        <ul class=\"menu_level_2\">\n          <li class=\"first\">\n            <a href=\"#use-espelhos-e-superf\u00edcies-refletivas-a-seu-favor\">Use espelhos e superf\u00edcies refletivas a seu favor<\/a>\n          <\/li>\n          <li>\n            <a href=\"#prefira-cortinas-leves-e-tecidos-transl\u00facidos\">Prefira cortinas leves e tecidos transl\u00facidos<\/a>\n          <\/li>\n          <li class=\"last\">\n            <a href=\"#cores-claras-ampliam-e-iluminam\">Cores claras ampliam e iluminam<\/a>\n          <\/li>\n        <\/ul>\n      <\/li>\n      <li>\n        <a href=\"#ilumina\u00e7\u00e3o-artificial-criando-profundidade-e-aconchego-em-ambientes-compactos\">Ilumina\u00e7\u00e3o Artificial: Criando Profundidade e Aconchego em Ambientes Compactos<\/a>\n        <ul class=\"menu_level_2\">\n          <li class=\"first\">\n            <a href=\"#escolha-certa-da-temperatura-de-cor\">Escolha certa da temperatura de cor<\/a>\n          <\/li>\n          <li>\n            <a href=\"#camadas-de-luz-direta-indireta-e-difusa\">Camadas de luz: direta, indireta e difusa<\/a>\n          <\/li>\n          <li class=\"last\">\n            <a href=\"#ilumina\u00e7\u00e3o-embutida-e-multifuncional\">Ilumina\u00e7\u00e3o embutida e multifuncional<\/a>\n          <\/li>\n        <\/ul>\n      <\/li>\n      <li>\n        <a href=\"#ilumina\u00e7\u00e3o-estrat\u00e9gica-por-ambiente-solu\u00e7\u00f5es-eficientes-de-ilumina\u00e7\u00e3o-natural-e-artificial-em-ambientes-compactos\">Ilumina\u00e7\u00e3o Estrat\u00e9gica por Ambiente: Solu\u00e7\u00f5es Eficientes de Ilumina\u00e7\u00e3o Natural e Artificial em Ambientes Compactos<\/a>\n        <ul class=\"menu_level_2\">\n          <li class=\"first\">\n            <a href=\"#salas-pequenas-aconchego-e-multifuncionalidade\">Salas pequenas: aconchego e multifuncionalidade<\/a>\n          <\/li>\n          <li>\n            <a href=\"#quartos-compactos-conforto-visual-e-foco-no-descanso\">Quartos compactos: conforto visual e foco no descanso<\/a>\n          <\/li>\n          <li>\n            <a href=\"#cozinhas-e-banheiros-funcionalidade-com-clareza\">Cozinhas e banheiros: funcionalidade com clareza<\/a>\n          <\/li>\n          <li class=\"last\">\n            <a href=\"#ambientes-h\u00edbridos-home-office-corredor-e-lavanderia\">Ambientes h\u00edbridos: home office, corredor e lavanderia<\/a>\n          <\/li>\n        <\/ul>\n      <\/li>\n      <li>\n        <a href=\"#ilumina\u00e7\u00e3o-funcional-e-est\u00e9tica-como-equilibrar-praticidade-e-beleza-com-ilumina\u00e7\u00e3o-natural-e-artificial-em-ambientes-compactos\">Ilumina\u00e7\u00e3o Funcional e Est\u00e9tica: Como Equilibrar Praticidade e Beleza com Ilumina\u00e7\u00e3o Natural e Artificial em Ambientes Compactos<\/a>\n        <ul class=\"menu_level_2\">\n          <li class=\"first\">\n            <a href=\"#crie-pontos-focais-com-luz-indireta\">Crie pontos focais com luz indireta<\/a>\n          <\/li>\n          <li>\n            <a href=\"#evite-ofuscamento-e-sombras-mal-planejadas\">Evite ofuscamento e sombras mal planejadas<\/a>\n          <\/li>\n          <li class=\"last\">\n            <a href=\"#est\u00e9tica-+-fun\u00e7\u00e3o-=-identidade-luminosa\">Est\u00e9tica + fun\u00e7\u00e3o = identidade luminosa<\/a>\n          <\/li>\n        <\/ul>\n      <\/li>\n      <li>\n        <a href=\"#ilumina\u00e7\u00e3o-natural-e-artificial-em-ambientes-compactos-transforma-espa\u00e7os-e-bem-estar\">Ilumina\u00e7\u00e3o Natural e Artificial em Ambientes Compactos Transforma Espa\u00e7os e Bem-Estar<\/a>\n      <\/li>\n      <li class=\"last\">\n        <a href=\"#faq-perguntas-frequentes-sobre-ilumina\u00e7\u00e3o-natural-e-artificial-em-ambientes-compactos\">FAQ \u2013 Perguntas Frequentes sobre Ilumina\u00e7\u00e3o Natural e Artificial em Ambientes Compactos<\/a>\n        <ul class=\"menu_level_2\">\n          <li class=\"first\">\n            <a href=\"#1-como-posso-melhorar-a-ilumina\u00e7\u00e3o-natural-em-um-c\u00f4modo-escuro\">1. Como posso melhorar a ilumina\u00e7\u00e3o natural em um c\u00f4modo escuro?<\/a>\n          <\/li>\n          <li>\n            <a href=\"#2-qual-a-melhor-temperatura-de-cor-para-espa\u00e7os-pequenos\">2. Qual a melhor temperatura de cor para espa\u00e7os pequenos?<\/a>\n          <\/li>\n          <li>\n            <a href=\"#3-\u00e9-poss\u00edvel-usar-lumin\u00e1rias-grandes-em-espa\u00e7os-pequenos\">3. \u00c9 poss\u00edvel usar lumin\u00e1rias grandes em espa\u00e7os pequenos?<\/a>\n          <\/li>\n          <li>\n            <a href=\"#4-como-evitar-que-a-ilumina\u00e7\u00e3o-artificial-sobrecarregue-o-ambiente\">4. Como evitar que a ilumina\u00e7\u00e3o artificial sobrecarregue o ambiente?<\/a>\n          <\/li>\n          <li class=\"last\">\n            <a href=\"#5-espelhos-realmente-ajudam-na-ilumina\u00e7\u00e3o-de-espa\u00e7os-pequenos\">5. Espelhos realmente ajudam na ilumina\u00e7\u00e3o de espa\u00e7os pequenos?<\/a>\n          <\/li>\n        <\/ul>\n      <\/li>\n    <\/ul>\n<\/div>                                <\/div>\n                            <\/div>\n                        <\/div>\n                    <\/div>\n                    <div class=\"layout_toggle_button\">\n                        <span class=\"bd_toc_arrow\"><\/span>\n                    <\/div>\n                <\/div>\n            <\/div>\n\n    \n\n\n<h2 id='luz-\u00e9-espa\u00e7o-a-influ\u00eancia-da-ilumina\u00e7\u00e3o-em-ambientes-pequenos'  class=\"wp-block-heading\"><strong>Luz \u00e9 Espa\u00e7o \u2013 A Influ\u00eancia da Ilumina\u00e7\u00e3o em Ambientes Pequenos<\/strong><\/h2>\n\n\n\n<p>Entender o impacto da <strong>ilumina\u00e7\u00e3o natural e artificial em ambientes compactos<\/strong> \u00e9 fundamental para quem vive ou trabalha em espa\u00e7os reduzidos. A forma como a luz interage com o ambiente pode fazer um c\u00f4modo parecer maior, mais acolhedor e mais funcional \u2014 ou o oposto.<\/p>\n\n\n\n<h3 id='ilumina\u00e7\u00e3o-como-recurso-de-expans\u00e3o-visual'  class=\"wp-block-heading\"><strong>Ilumina\u00e7\u00e3o como recurso de expans\u00e3o visual<\/strong><\/h3>\n\n\n\n<p>Em espa\u00e7os pequenos, a luz \u00e9 mais do que uma quest\u00e3o est\u00e9tica: ela \u00e9 parte do projeto arquitet\u00f4nico. Ambientes bem iluminados transmitem leveza, fluidez e aumentam a percep\u00e7\u00e3o de amplitude, enquanto locais com ilumina\u00e7\u00e3o inadequada tendem a parecer menores, mais fechados e visualmente desorganizados.<\/p>\n\n\n\n<p>A ilumina\u00e7\u00e3o bem planejada \u00e9 uma das estrat\u00e9gias mais eficazes e acess\u00edveis para transformar um ambiente compacto, mesmo sem altera\u00e7\u00f5es estruturais.<\/p>\n\n\n\n<h3 id='natural-x-artificial-complementaridade-n\u00e3o-oposi\u00e7\u00e3o'  class=\"wp-block-heading\"><strong>Natural x artificial: complementaridade, n\u00e3o oposi\u00e7\u00e3o<\/strong><\/h3>\n\n\n\n<p>A grande chave est\u00e1 no equil\u00edbrio. A <strong>ilumina\u00e7\u00e3o natural e artificial em ambientes compactos<\/strong> deve ser pensada de forma complementar. Enquanto a luz natural traz vitalidade e economia de energia, a ilumina\u00e7\u00e3o artificial assume o controle ao longo do dia \u2014 e pode ser moldada para criar sensa\u00e7\u00f5es, destacar elementos e conduzir fun\u00e7\u00f5es diferentes em um mesmo espa\u00e7o.<\/p>\n\n\n\n<h3 id='objetivo-deste-conte\u00fado'  class=\"wp-block-heading\"><strong>Objetivo deste conte\u00fado<\/strong><\/h3>\n\n\n\n<p>Neste artigo, vamos explorar como utilizar <strong>ilumina\u00e7\u00e3o natural e artificial em ambientes compactos<\/strong> de forma estrat\u00e9gica. Voc\u00ea encontrar\u00e1 dicas funcionais, exemplos de solu\u00e7\u00f5es aplic\u00e1veis e formas de transformar cada canto do seu ambiente com luz, ampliando a sensa\u00e7\u00e3o de espa\u00e7o e conforto com intelig\u00eancia visual.<\/p>\n\n\n\n<hr class=\"wp-block-separator has-alpha-channel-opacity\"\/>\n\n\n\n<h2 id='ilumina\u00e7\u00e3o-natural-como-aproveitar-ao-m\u00e1ximo-a-luz-do-dia-em-ambientes-compactos'  class=\"wp-block-heading\"><strong>Ilumina\u00e7\u00e3o Natural: Como Aproveitar ao M\u00e1ximo a Luz do Dia em Ambientes Compactos<\/strong><\/h2>\n\n\n\n<p>A <strong>ilumina\u00e7\u00e3o natural e artificial em ambientes compactos<\/strong> come\u00e7a com uma verdade simples: quanto mais luz natural um espa\u00e7o recebe, mais ele parecer\u00e1 amplo, leve e funcional. A boa not\u00edcia \u00e9 que mesmo em im\u00f3veis com janelas pequenas ou pouca incid\u00eancia direta de sol, \u00e9 poss\u00edvel aplicar estrat\u00e9gias inteligentes para potencializar a entrada de luz natural.<\/p>\n\n\n\n<h3 id='use-espelhos-e-superf\u00edcies-refletivas-a-seu-favor'  class=\"wp-block-heading\"><strong>Use espelhos e superf\u00edcies refletivas a seu favor<\/strong><\/h3>\n\n\n\n<p>Espelhos n\u00e3o apenas refletem imagens \u2014 eles tamb\u00e9m duplicam a luz. Posicionar espelhos grandes em paredes opostas \u00e0s janelas multiplica a entrada de luminosidade natural e amplia visualmente o ambiente. Superf\u00edcies brilhantes ou acetinadas, como m\u00f3veis com acabamento laqueado ou detalhes em vidro, tamb\u00e9m ajudam a espalhar a luz por todo o c\u00f4modo.<\/p>\n\n\n\n<h3 id='prefira-cortinas-leves-e-tecidos-transl\u00facidos'  class=\"wp-block-heading\"><strong>Prefira cortinas leves e tecidos transl\u00facidos<\/strong><\/h3>\n\n\n\n<p>Evite bloquear a luz com cortinas pesadas, blackout permanentes ou m\u00f3veis encostados diretamente nas janelas. Aposte em tecidos leves como voil, linho ou gaze de algod\u00e3o, que permitem a entrada de luz mesmo quando fechados, ao mesmo tempo em que garantem privacidade.<\/p>\n\n\n\n<p>Se precisar de escurecimento pontual, opte por solu\u00e7\u00f5es vers\u00e1teis como persianas rol\u00f4 com blackout acoplado ou cortinas duplas com trilhos independentes.<\/p>\n\n\n\n<h3 id='cores-clarasliam-e-iluminam'  class=\"wp-block-heading\"><strong>Cores claras ampliam e iluminam<\/strong><\/h3>\n\n\n\n<p>Paredes em tons claros \u2014 branco, bege, cinza-claro, verde-\u00e1gua ou azul suave \u2014 refletem a luz e reduzem o sombreamento. O mesmo vale para pisos e tetos. Ambientes com paleta neutra e luminosa favorecem a difus\u00e3o da luz natural, criando a sensa\u00e7\u00e3o de respiro visual e amplitude.<\/p>\n\n\n\n<p>Em resumo, ao explorar ao m\u00e1ximo a entrada de luz do dia, voc\u00ea reduz a depend\u00eancia da ilumina\u00e7\u00e3o artificial, melhora a efici\u00eancia energ\u00e9tica e cria um ambiente mais saud\u00e1vel e agrad\u00e1vel.<\/p>\n\n\n\n<p>Potencializar a luz solar \u00e9 o primeiro passo de um bom projeto de <strong>ilumina\u00e7\u00e3o natural e artificial em ambientes compactos<\/strong> \u2014 e os resultados s\u00e3o percebidos na atmosfera do espa\u00e7o e no seu bem-estar di\u00e1rio.<\/p>\n\n\n\n<hr class=\"wp-block-separator has-alpha-channel-opacity\"\/>\n\n\n\n<figure class=\"wp-block-image size-large\"><img data-recalc-dims=\"1\" fetchpriority=\"high\" decoding=\"async\" width=\"1024\" height=\"683\" src=\"https:\/\/i0.wp.com\/1truenote.com\/wp-content\/uploads\/2025\/04\/ChatGPT-Image-3-de-abr.-de-2025-15_20_39.png?resize=1024%2C683&#038;ssl=1\" alt=\"Sala compacta com ilumina\u00e7\u00e3o natural e artificial equilibrada, sof\u00e1 cinza, mesa de madeira e janela ampla com vista verde, criando um ambiente acolhedor e funcional. Ilumina\u00e7\u00e3o natural e artificial em ambientes compactos.\" class=\"wp-image-781\" srcset=\"https:\/\/i0.wp.com\/1truenote.com\/wp-content\/uploads\/2025\/04\/ChatGPT-Image-3-de-abr.-de-2025-15_20_39.png?resize=1024%2C683&amp;ssl=1 1024w, https:\/\/i0.wp.com\/1truenote.com\/wp-content\/uploads\/2025\/04\/ChatGPT-Image-3-de-abr.-de-2025-15_20_39.png?resize=300%2C200&amp;ssl=1 300w, https:\/\/i0.wp.com\/1truenote.com\/wp-content\/uploads\/2025\/04\/ChatGPT-Image-3-de-abr.-de-2025-15_20_39.png?resize=768%2C512&amp;ssl=1 768w, https:\/\/i0.wp.com\/1truenote.com\/wp-content\/uploads\/2025\/04\/ChatGPT-Image-3-de-abr.-de-2025-15_20_39.png?w=1536&amp;ssl=1 1536w\" sizes=\"(max-width: 1024px) 100vw, 1024px\" \/><\/figure>\n\n\n\n<h2 id='ilumina\u00e7\u00e3o-artificial-criando-profundidade-e-aconchego-em-ambientes-compactos'  class=\"wp-block-heading\"><strong>Ilumina\u00e7\u00e3o Artificial: Criando Profundidade e Aconchego em Ambientes Compactos<\/strong><\/h2>\n\n\n\n<p>Depois de aproveitar ao m\u00e1ximo a luz do dia, entra em cena o segundo pilar da <strong>ilumina\u00e7\u00e3o natural e artificial em ambientes compactos<\/strong>: o projeto de luz artificial. Ele \u00e9 respons\u00e1vel por garantir funcionalidade e atmosfera ao longo de todo o dia, principalmente \u00e0 noite ou em \u00e1reas sem janelas.<\/p>\n\n\n\n<p>A ilumina\u00e7\u00e3o artificial, quando bem planejada, cria camadas, destaca pontos focais e transmite sensa\u00e7\u00f5es espec\u00edficas \u2014 tudo isso sem sobrecarregar o ambiente.<\/p>\n\n\n\n<h3 id='escolha-certa-da-temperatura-de-cor'  class=\"wp-block-heading\"><strong>Escolha certa da temperatura de cor<\/strong><\/h3>\n\n\n\n<p>A temperatura de cor ideal depende da fun\u00e7\u00e3o de cada espa\u00e7o:<\/p>\n\n\n\n<ul class=\"wp-block-list\">\n<li><strong>3000K (luz quente)<\/strong>: ideal para quartos e salas, proporciona conforto e relaxamento.<\/li>\n\n\n\n<li><strong>4000K (neutra)<\/strong>: perfeita para cozinhas, banheiros e \u00e1reas de trabalho.<\/li>\n\n\n\n<li><strong>5000K+ (fria)<\/strong>: deve ser usada com modera\u00e7\u00e3o, pois tende a gerar tens\u00e3o visual.<\/li>\n<\/ul>\n\n\n\n<p>Para criar ambientes mais acolhedores, priorize l\u00e2mpadas de LED com tom quente ou ajust\u00e1vel.<\/p>\n\n\n\n<h3 id='camadas-de-luz-direta-indireta-e-difusa'  class=\"wp-block-heading\"><strong>Camadas de luz: direta, indireta e difusa<\/strong><\/h3>\n\n\n\n<p>A chave para ambientes compactos est\u00e1 em trabalhar diferentes tipos de ilumina\u00e7\u00e3o:<\/p>\n\n\n\n<ul class=\"wp-block-list\">\n<li><strong>Luz direta<\/strong>: usada em lumin\u00e1rias de leitura ou pendentes sobre bancadas.<\/li>\n\n\n\n<li><strong>Luz indireta<\/strong>: embutida em sancas, atr\u00e1s de espelhos ou m\u00f3veis \u2014 suaviza e valoriza texturas.<\/li>\n\n\n\n<li><strong>Luz difusa<\/strong>: vem de plafons ou arandelas que espalham luz de forma uniforme, evitando sombras duras.<\/li>\n<\/ul>\n\n\n\n<p>Essa composi\u00e7\u00e3o garante equil\u00edbrio visual e permite adaptar o ambiente para diferentes usos e hor\u00e1rios.<\/p>\n\n\n\n<h3 id='ilumina\u00e7\u00e3o-embutida-e-multifuncional'  class=\"wp-block-heading\"><strong>Ilumina\u00e7\u00e3o embutida e multifuncional<\/strong><\/h3>\n\n\n\n<p>Espa\u00e7os pequenos se beneficiam de solu\u00e7\u00f5es discretas. Spots embutidos, perfis de LED lineares e trilhos ajust\u00e1veis s\u00e3o ideais para quem deseja flexibilidade e aproveitamento do teto, sem comprometer a est\u00e9tica.<\/p>\n\n\n\n<p>Voc\u00ea tamb\u00e9m pode incorporar ilumina\u00e7\u00e3o em m\u00f3veis, como prateleiras, nichos e arm\u00e1rios \u2014 criando uma atmosfera sofisticada e funcional, sem ocupar espa\u00e7o extra.<\/p>\n\n\n\n<p>A <strong>ilumina\u00e7\u00e3o natural e artificial em ambientes compactos<\/strong>, quando planejada em conjunto, proporciona profundidade, conforto e controle total da atmosfera, adaptando o espa\u00e7o \u00e0s suas necessidades di\u00e1rias \u2014 seja para relaxar, trabalhar ou receber.<\/p>\n\n\n\n<hr class=\"wp-block-separator has-alpha-channel-opacity\"\/>\n\n\n\n<h2 id='ilumina\u00e7\u00e3o-estrat\u00e9gica-por-ambiente-solu\u00e7\u00f5es-eficientes-de-ilumina\u00e7\u00e3o-natural-e-artificial-em-ambientes-compactos'  class=\"wp-block-heading\"><strong>Ilumina\u00e7\u00e3o Estrat\u00e9gica por Ambiente: Solu\u00e7\u00f5es Eficientes de Ilumina\u00e7\u00e3o Natural e Artificial em Ambientes Compactos<\/strong><\/h2>\n\n\n\n<p>Para garantir o m\u00e1ximo aproveitamento da <strong>ilumina\u00e7\u00e3o natural e artificial em ambientes compactos<\/strong>, \u00e9 fundamental adaptar as estrat\u00e9gias ao uso de cada c\u00f4modo. Cada ambiente da casa exige uma abordagem distinta \u2014 levando em conta suas fun\u00e7\u00f5es, hor\u00e1rios de uso e limita\u00e7\u00f5es de espa\u00e7o.<\/p>\n\n\n\n<h3 id='salas-pequenas-aconchego-e-multifuncionalidade'  class=\"wp-block-heading\"><strong>Salas pequenas: aconchego e multifuncionalidade<\/strong><\/h3>\n\n\n\n<p>Na sala, a luz precisa ser vers\u00e1til. Combine ilumina\u00e7\u00e3o indireta (como fitas de LED em sancas ou atr\u00e1s de m\u00f3veis) com pontos de luz direta, como abajures ou pendentes sobre mesas laterais.<\/p>\n\n\n\n<p>Espelhos estrategicamente posicionados podem ampliar a luz natural e refletir fontes de luz artificial, criando profundidade. Um dimmer instalado nos plafons principais ajuda a regular a intensidade da luz conforme o momento do dia.<\/p>\n\n\n\n<h3 id='quartos-compactos-conforto-visual-e-foco-no-descanso'  class=\"wp-block-heading\"><strong>Quartos compactos: conforto visual e foco no descanso<\/strong><\/h3>\n\n\n\n<p>Nos quartos, a prioridade \u00e9 o relaxamento. Use arandelas ou pendentes ao lado da cama para liberar espa\u00e7o dos criados-mudos. Lumin\u00e1rias com controle de intensidade ajudam a criar um ritual noturno mais calmo.<\/p>\n\n\n\n<p>Evite luz branca direta no teto; prefira tons quentes e ilumina\u00e7\u00e3o suave para n\u00e3o interromper a produ\u00e7\u00e3o de melatonina \u2014 horm\u00f4nio do sono.<\/p>\n\n\n\n<h3 id='cozinhas-e-banheiros-funcionalidade-com-clareza'  class=\"wp-block-heading\"><strong>Cozinhas e banheiros: funcionalidade com clareza<\/strong><\/h3>\n\n\n\n<p>Ambientes \u00famidos e funcionais, como cozinha e banheiro, exigem luz clara e focada. Use fitas de LED sob arm\u00e1rios superiores, lumin\u00e1rias embutidas no forro e ilumina\u00e7\u00e3o neutra (4000K) para garantir visibilidade e higiene.<\/p>\n\n\n\n<p>Em banheiros pequenos, espelhos com ilumina\u00e7\u00e3o embutida evitam sombras no rosto e ampliam visualmente o ambiente.<\/p>\n\n\n\n<h3 id='ambientes-h\u00edbridos-home-office-corredor-e-lavanderia'  class=\"wp-block-heading\"><strong>Ambientes h\u00edbridos: home office, corredor e lavanderia<\/strong><\/h3>\n\n\n\n<p>No home office, a ilumina\u00e7\u00e3o deve ser neutra ou levemente fria para manter a aten\u00e7\u00e3o e reduzir o cansa\u00e7o visual. J\u00e1 em corredores e lavanderias, que geralmente t\u00eam pouca luz natural, use sensores de presen\u00e7a com luz difusa para praticidade e economia.<\/p>\n\n\n\n<p>Ao considerar a fun\u00e7\u00e3o e o uso de cada espa\u00e7o, seu projeto de <strong>ilumina\u00e7\u00e3o natural e artificial em ambientes compactos<\/strong> se torna mais eficiente, adapt\u00e1vel e esteticamente coerente \u2014 elevando o conforto e a funcionalidade da sua casa como um todo.<\/p>\n\n\n\n<hr class=\"wp-block-separator has-alpha-channel-opacity\"\/>\n\n\n\n<h2 id='ilumina\u00e7\u00e3o-funcional-e-est\u00e9tica-como-equilibrar-praticidade-e-beleza-com-ilumina\u00e7\u00e3o-natural-e-artificial-em-ambientes-compactos'  class=\"wp-block-heading\"><strong>Ilumina\u00e7\u00e3o Funcional e Est\u00e9tica: Como Equilibrar Praticidade e Beleza com Ilumina\u00e7\u00e3o Natural e Artificial em Ambientes Compactos<\/strong><\/h2>\n\n\n\n<p>Um bom projeto de <strong>ilumina\u00e7\u00e3o natural e artificial em ambientes compactos<\/strong> vai al\u00e9m da t\u00e9cnica: ele tamb\u00e9m contribui para a experi\u00eancia est\u00e9tica, o bem-estar emocional e a identidade visual do espa\u00e7o. Em ambientes pequenos, cada ponto de luz precisa cumprir mais de uma fun\u00e7\u00e3o \u2014 iluminar, destacar, decorar e, sobretudo, acolher.<\/p>\n\n\n\n<h3 id='crie-pontos-focais-com-luz-indireta'  class=\"wp-block-heading\"><strong>Crie pontos focais com luz indireta<\/strong><\/h3>\n\n\n\n<p>Use a luz como ferramenta de design para valorizar elementos como quadros, plantas, estantes ou texturas de parede. Fitas de LED embutidas em nichos, arandelas laterais e trilhos direcion\u00e1veis s\u00e3o recursos vers\u00e1teis para criar <strong>pontos de destaque<\/strong> sem ocupar espa\u00e7o \u00fatil.<\/p>\n\n\n\n<p>Essa estrat\u00e9gia tamb\u00e9m ajuda a construir uma hierarquia visual que organiza o ambiente e evita a monotonia de uma ilumina\u00e7\u00e3o \u00fanica e central.<\/p>\n\n\n\n<h3 id='evite-ofuscamento-e-sombras-mal-planejadas'  class=\"wp-block-heading\"><strong>Evite ofuscamento e sombras mal planejadas<\/strong><\/h3>\n\n\n\n<p>Em ambientes compactos, qualquer excesso de luz mal posicionada pode gerar desconforto visual. Evite lumin\u00e1rias com foco direto no rosto ou que projetem sombras duras em \u00e1reas de passagem ou trabalho.<\/p>\n\n\n\n<p>Para isso, use difusores, c\u00fapulas e materiais transl\u00facidos em pendentes, plafons ou lumin\u00e1rias de parede. Al\u00e9m de suavizar a luz, esses elementos elevam a est\u00e9tica e promovem aconchego.<\/p>\n\n\n\n<h3 id='est\u00e9tica-+-fun\u00e7\u00e3o-=-identidade-luminosa'  class=\"wp-block-heading\"><strong>Est\u00e9tica + fun\u00e7\u00e3o = identidade luminosa<\/strong><\/h3>\n\n\n\n<p>Luz \u00e9 forma, textura e narrativa. Escolha lumin\u00e1rias que conversem com o estilo do ambiente: minimalistas em espa\u00e7os modernos, em madeira para estilos naturais, met\u00e1licas para propostas industriais.<\/p>\n\n\n\n<p>Cada escolha luminot\u00e9cnica deve servir a um prop\u00f3sito e compor com a decora\u00e7\u00e3o geral \u2014 sem ru\u00eddo visual, mas com presen\u00e7a e inten\u00e7\u00e3o.<\/p>\n\n\n\n<p>Aplicar <strong>ilumina\u00e7\u00e3o natural e artificial em ambientes compactos<\/strong> com esse olhar funcional e est\u00e9tico resulta em espa\u00e7os que n\u00e3o apenas cumprem suas fun\u00e7\u00f5es, mas tamb\u00e9m emocionam, acolhem e elevam o cotidiano.<\/p>\n\n\n\n<hr class=\"wp-block-separator has-alpha-channel-opacity\"\/>\n\n\n\n<h2 id='ilumina\u00e7\u00e3o-natural-e-artificial-em-ambientes-compactos-transforma-espa\u00e7os-e-bem-estar'  class=\"wp-block-heading\"><strong>Ilumina\u00e7\u00e3o Natural e Artificial em Ambientes Compactos Transforma Espa\u00e7os e Bem-Estar<\/strong><\/h2>\n\n\n\n<p>Ao longo deste artigo, ficou claro que a <strong>ilumina\u00e7\u00e3o natural e artificial em ambientes compactos<\/strong> vai muito al\u00e9m da est\u00e9tica: ela \u00e9 uma ferramenta fundamental para transformar pequenos espa\u00e7os em ambientes amplos, funcionais e acolhedores.<\/p>\n\n\n\n<p>Com estrat\u00e9gias inteligentes \u2014 como o uso de cores claras, espelhos, camadas de luz e escolha adequada de temperatura \u2014, \u00e9 poss\u00edvel criar uma atmosfera luminosa que valoriza cada detalhe do espa\u00e7o.<\/p>\n\n\n\n<p>Seja para descansar, trabalhar ou conviver, a luz certa faz toda a diferen\u00e7a. E o melhor: n\u00e3o exige reformas grandiosas, apenas inten\u00e7\u00e3o e planejamento. Ao aplicar as dicas deste guia, voc\u00ea ter\u00e1 mais controle sobre o visual, o conforto e a funcionalidade do seu lar.<\/p>\n\n\n\n<p>Que cada canto da sua casa brilhe \u2014 na medida exata para o seu bem-estar.<\/p>\n\n\n\n<hr class=\"wp-block-separator has-alpha-channel-opacity\"\/>\n\n\n\n<h2 id='faq-perguntas-frequentes-sobre-ilumina\u00e7\u00e3o-natural-e-artificial-em-ambientes-compactos'  class=\"wp-block-heading\"><strong>FAQ \u2013 Perguntas Frequentes sobre Ilumina\u00e7\u00e3o Natural e Artificial em Ambientes Compactos<\/strong><\/h2>\n\n\n\n<h3 id='1-como-posso-melhorar-a-ilumina\u00e7\u00e3o-natural-em-um-c\u00f4modo-escuro'  class=\"wp-block-heading\"><strong>1. Como posso melhorar a ilumina\u00e7\u00e3o natural em um c\u00f4modo escuro?<\/strong><\/h3>\n\n\n\n<p>Use espelhos grandes posicionados em frente ou ao lado das janelas, cortinas leves e m\u00f3veis em tons claros. Essas solu\u00e7\u00f5es ajudam a refletir e distribuir melhor a luz solar, valorizando a <strong>ilumina\u00e7\u00e3o natural e artificial em ambientes compactos<\/strong>.<\/p>\n\n\n\n<h3 id='2-qual-a-melhor-temperatura-de-cor-para-espa\u00e7os-pequenos'  class=\"wp-block-heading\"><strong>2. Qual a melhor temperatura de cor para espa\u00e7os pequenos?<\/strong><\/h3>\n\n\n\n<p>Luz quente (2700K\u20133000K) \u00e9 ideal para ambientes de relaxamento, como quartos e salas. Luz neutra (4000K) funciona bem em cozinhas, escrit\u00f3rios e banheiros. Evite luz fria (acima de 5000K) em espa\u00e7os de conviv\u00eancia compactos \u2014 ela pode gerar desconforto visual.<\/p>\n\n\n\n<h3 id='3-\u00e9-poss\u00edvel-usar-lumin\u00e1rias-grandes-em-espa\u00e7os-pequenos'  class=\"wp-block-heading\"><strong>3. \u00c9 poss\u00edvel usar lumin\u00e1rias grandes em espa\u00e7os pequenos?<\/strong><\/h3>\n\n\n\n<p>Sim, desde que em pontos estrat\u00e9gicos e com design leve ou transparente. Lustres em ambientes compactos devem ter propor\u00e7\u00e3o equilibrada e n\u00e3o interferir na circula\u00e7\u00e3o nem ofuscar a ilumina\u00e7\u00e3o funcional.<\/p>\n\n\n\n<h3 id='4-como-evitar-que-a-ilumina\u00e7\u00e3o-artificial-sobrecarregue-o-ambiente'  class=\"wp-block-heading\"><strong>4. Como evitar que a ilumina\u00e7\u00e3o artificial sobrecarregue o ambiente?<\/strong><\/h3>\n\n\n\n<p>Use camadas de luz (direta, indireta e difusa), evite fontes muito potentes no centro do teto e priorize ilumina\u00e7\u00e3o perif\u00e9rica ou embutida. Isso suaviza o ambiente e garante conforto visual \u2014 essencial na <strong>ilumina\u00e7\u00e3o natural e artificial em ambientes compactos<\/strong>.<\/p>\n\n\n\n<h3 id='5-espelhos-realmente-ajudam-na-ilumina\u00e7\u00e3o-de-espa\u00e7os-pequenos'  class=\"wp-block-heading\"><strong>5. Espelhos realmente ajudam na ilumina\u00e7\u00e3o de espa\u00e7os pequenos?<\/strong><\/h3>\n\n\n\n<p>Sim! Espelhos s\u00e3o aliados valiosos. Eles refletem a luz natural e artificial, ampliam a percep\u00e7\u00e3o do ambiente e eliminam sombras em locais estreitos. Uma solu\u00e7\u00e3o simples e eficaz para ampliar e iluminar espa\u00e7os reduzidos.<\/p>\n\n\n\n<p>Se voc\u00ea gostou do assunto sobre ilumina\u00e7\u00e3o natural e artificial em ambientes compactos. Voc\u00ea pode ver mais informa\u00e7\u00f5es sobre ilumina\u00e7\u00e3o no nosso artigo sobre <a href=\"https:\/\/1truenote.com\/en\/como-maximizar-a-iluminacao-natural-em-microcasas-sustentaveis-em-regioes-frias\/\" data-type=\"link\" data-id=\"https:\/\/1truenote.com\/como-maximizar-a-iluminacao-natural-em-microcasas-sustentaveis-em-regioes-frias\/\">como maximizar a ilumina\u00e7\u00e3o natural em microcasas sustent\u00e1veis em regi\u00f5es frias<\/a>!<\/p>","protected":false},"excerpt":{"rendered":"<p>Luz \u00e9 Espa\u00e7o \u2013 A Influ\u00eancia da Ilumina\u00e7\u00e3o em Ambientes Pequenos Entender o impacto da ilumina\u00e7\u00e3o natural e artificial em&#8230;<\/p>","protected":false},"author":1,"featured_media":780,"comment_status":"open","ping_status":"open","sticky":false,"template":"","format":"standard","meta":{"_kad_post_transparent":"","_kad_post_title":"","_kad_post_layout":"","_kad_post_sidebar_id":"","_kad_post_content_style":"","_kad_post_vertical_padding":"","_kad_post_feature":"","_kad_post_feature_position":"","_kad_post_header":false,"_kad_post_footer":false,"_kad_post_classname":"","footnotes":"","jetpack_publicize_message":"","jetpack_publicize_feature_enabled":true,"jetpack_social_post_already_shared":false,"jetpack_social_options":{"image_generator_settings":{"template":"highway","default_image_id":0,"font":"","enabled":false},"version":2}},"categories":[16],"tags":[14],"class_list":["post-779","post","type-post","status-publish","format-standard","has-post-thumbnail","hentry","category-casa-e-jardim","tag-interiores-inovadores"],"jetpack_publicize_connections":[],"jetpack_featured_media_url":"https:\/\/i0.wp.com\/1truenote.com\/wp-content\/uploads\/2025\/04\/ChatGPT-Image-3-de-abr.-de-2025-15_17_45-e1743704319504.png?fit=1024%2C683&ssl=1","jetpack_sharing_enabled":true,"_links":{"self":[{"href":"https:\/\/1truenote.com\/en\/wp-json\/wp\/v2\/posts\/779","targetHints":{"allow":["GET"]}}],"collection":[{"href":"https:\/\/1truenote.com\/en\/wp-json\/wp\/v2\/posts"}],"about":[{"href":"https:\/\/1truenote.com\/en\/wp-json\/wp\/v2\/types\/post"}],"author":[{"embeddable":true,"href":"https:\/\/1truenote.com\/en\/wp-json\/wp\/v2\/users\/1"}],"replies":[{"embeddable":true,"href":"https:\/\/1truenote.com\/en\/wp-json\/wp\/v2\/comments?post=779"}],"version-history":[{"count":0,"href":"https:\/\/1truenote.com\/en\/wp-json\/wp\/v2\/posts\/779\/revisions"}],"wp:featuredmedia":[{"embeddable":true,"href":"https:\/\/1truenote.com\/en\/wp-json\/wp\/v2\/media\/780"}],"wp:attachment":[{"href":"https:\/\/1truenote.com\/en\/wp-json\/wp\/v2\/media?parent=779"}],"wp:term":[{"taxonomy":"category","embeddable":true,"href":"https:\/\/1truenote.com\/en\/wp-json\/wp\/v2\/categories?post=779"},{"taxonomy":"post_tag","embeddable":true,"href":"https:\/\/1truenote.com\/en\/wp-json\/wp\/v2\/tags?post=779"}],"curies":[{"name":"wp","href":"https:\/\/api.w.org\/{rel}","templated":true}]}}