{"id":774,"date":"2025-04-03T02:29:19","date_gmt":"2025-04-03T02:29:19","guid":{"rendered":"https:\/\/1truenote.com\/?p=774"},"modified":"2025-04-21T17:12:53","modified_gmt":"2025-04-21T17:12:53","slug":"ideias-de-moveis-sob-medida-para-espacos-pequenos","status":"publish","type":"post","link":"https:\/\/1truenote.com\/en\/ideias-de-moveis-sob-medida-para-espacos-pequenos\/","title":{"rendered":"Ideias de m\u00f3veis sob medida para espa\u00e7os pequenos"},"content":{"rendered":"<div class=\"fit_content\">\n                <div class=\"bd_toc_container\" data-fixedwidth=\"\">\n                    <div class=\"bd_toc_wrapper\" data-wrapperpadding=\"48px\">\n                        <div class=\"bd_toc_wrapper_item\">\n                            <div class=\"bd_toc_header active\" data-headerpadding=\"2px\">\n                                <div class=\"bd_toc_header_title\">\n                                    Sum\u00e1rio                                <\/div>\n                                <div class=\"bd_toc_switcher_hide_show_icon\">\n                                    <span class=\"bd_toc_arrow\"><\/span>                                <\/div>\n                            <\/div>\n                            <div class=\"bd_toc_content list-type-number\">\n                                <div class=\"bd_toc_content_list\">\n                                    <div class='bd_toc_content_list_item'>    <ul>\n      <li class=\"first\">\n        <a href=\"#por-que-m\u00f3veis-sob-medida-s\u00e3o-a-chave-para-espa\u00e7os-compactos\">Por Que M\u00f3veis Sob Medida S\u00e3o a Chave para Espa\u00e7os Compactos<\/a>\n        <ul class=\"menu_level_2\">\n          <li class=\"first\">\n            <a href=\"#ambientes-compactos-pedem-solu\u00e7\u00f5es-sob-medida\">Ambientes compactos pedem solu\u00e7\u00f5es sob medida<\/a>\n          <\/li>\n          <li>\n            <a href=\"#mais-do-que-m\u00f3veis-um-projeto-que-resolve-problemas\">Mais do que m\u00f3veis: um projeto que resolve problemas<\/a>\n          <\/li>\n          <li class=\"last\">\n            <a href=\"#objetivo-do-artigo\">Objetivo do artigo<\/a>\n          <\/li>\n        <\/ul>\n      <\/li>\n      <li>\n        <a href=\"#m\u00f3veis-planejados-para-salas-pequenas-ideias-de-m\u00f3veis-sob-medida-para-espa\u00e7os-pequenos-com-estilo-e-efici\u00eancia\">M\u00f3veis Planejados para Salas Pequenas: Ideias de M\u00f3veis Sob Medida para Espa\u00e7os Pequenos com Estilo e Efici\u00eancia<\/a>\n        <ul class=\"menu_level_2\">\n          <li class=\"first\">\n            <a href=\"#pain\u00e9is-multifuncionais-e-estantes-embutidas\">Pain\u00e9is multifuncionais e estantes embutidas<\/a>\n          <\/li>\n          <li>\n            <a href=\"#sof\u00e1s-inteligentes-conforto-com-armazenamento-embutido\">Sof\u00e1s inteligentes: conforto com armazenamento embutido<\/a>\n          <\/li>\n          <li class=\"last\">\n            <a href=\"#mesas-retr\u00e1teis-e-m\u00f3veis-dobr\u00e1veis\">Mesas retr\u00e1teis e m\u00f3veis dobr\u00e1veis<\/a>\n          <\/li>\n        <\/ul>\n      <\/li>\n      <li>\n        <a href=\"#cozinhas-compactas-e-eficientes-ideias-de-m\u00f3veis-sob-medida-para-espa\u00e7os-pequenos-que-transformam-o-dia-a-dia\">Cozinhas Compactas e Eficientes: Ideias de M\u00f3veis Sob Medida para Espa\u00e7os Pequenos que Transformam o Dia a Dia<\/a>\n        <ul class=\"menu_level_2\">\n          <li class=\"first\">\n            <a href=\"#arm\u00e1rios-at\u00e9-o-teto-e-aproveitamento-de-cantos\">Arm\u00e1rios at\u00e9 o teto e aproveitamento de cantos<\/a>\n          <\/li>\n          <li>\n            <a href=\"#ilhas-multifuncionais-e-bancadas-planejadas\">Ilhas multifuncionais e bancadas planejadas<\/a>\n          <\/li>\n          <li class=\"last\">\n            <a href=\"#despensas-compactas-e-pain\u00e9is-deslizantes\">Despensas compactas e pain\u00e9is deslizantes<\/a>\n          <\/li>\n        <\/ul>\n      <\/li>\n      <li>\n        <a href=\"#quartos-pequenos-com-grande-potencial-ideias-de-m\u00f3veis-sob-medida-para-espa\u00e7os-pequenos-que-maximizam-o-conforto\">Quartos Pequenos com Grande Potencial: Ideias de M\u00f3veis Sob Medida para Espa\u00e7os Pequenos que Maximizam o Conforto<\/a>\n        <ul class=\"menu_level_2\">\n          <li class=\"first\">\n            <a href=\"#camas-com-ba\u00fa-gavetas-ou-estruturas-elevadas\">Camas com ba\u00fa, gavetas ou estruturas elevadas<\/a>\n          <\/li>\n          <li>\n            <a href=\"#guarda-roupas-planejados-e-cabeceiras-funcionais\">Guarda-roupas planejados e cabeceiras funcionais<\/a>\n          <\/li>\n          <li class=\"last\">\n            <a href=\"#estantes-suspensas-e-nichos-verticais\">Estantes suspensas e nichos verticais<\/a>\n          <\/li>\n        <\/ul>\n      <\/li>\n      <li>\n        <a href=\"#home-office-lavanderias-e-varandas-ideias-de-m\u00f3veis-sob-medida-para-espa\u00e7os-pequenos-fora-do-comum\">Home Office, Lavanderias e Varandas: Ideias de M\u00f3veis Sob Medida para Espa\u00e7os Pequenos Fora do Comum<\/a>\n        <ul class=\"menu_level_2\">\n          <li class=\"first\">\n            <a href=\"#home-office-dobr\u00e1vel-ou-embutido-trabalho-com-espa\u00e7o-otimizado\">Home office dobr\u00e1vel ou embutido: trabalho com espa\u00e7o otimizado<\/a>\n          <\/li>\n          <li>\n            <a href=\"#lavanderias-compactas-e-bem-aproveitadas\">Lavanderias compactas e bem aproveitadas<\/a>\n          <\/li>\n          <li class=\"last\">\n            <a href=\"#varandas-funcionais-lazer-compacto-com-eleg\u00e2ncia\">Varandas funcionais: lazer compacto com eleg\u00e2ncia<\/a>\n          <\/li>\n        <\/ul>\n      <\/li>\n      <li>\n        <a href=\"#ideias-de-m\u00f3veis-sob-medida-para-espa\u00e7os-pequenos-s\u00e3o-solu\u00e7\u00f5es-inteligentes-para-viver-melhor\">Ideias de M\u00f3veis Sob Medida para Espa\u00e7os Pequenos S\u00e3o Solu\u00e7\u00f5es Inteligentes para Viver Melhor<\/a>\n      <\/li>\n      <li class=\"last\">\n        <a href=\"#faq-d\u00favidas-frequentes-sobre-ideias-de-m\u00f3veis-sob-medida-para-espa\u00e7os-pequenos\">FAQ \u2013 D\u00favidas Frequentes sobre Ideias de M\u00f3veis Sob Medida para Espa\u00e7os Pequenos<\/a>\n        <ul class=\"menu_level_2\">\n          <li class=\"first\">\n            <a href=\"#1-m\u00f3veis-sob-medida-s\u00e3o-sempre-mais-caros-que-os-prontos\">1. M\u00f3veis sob medida s\u00e3o sempre mais caros que os prontos?<\/a>\n          <\/li>\n          <li>\n            <a href=\"#2-posso-instalar-m\u00f3veis-sob-medida-mesmo-em-im\u00f3vel-alugado\">2. Posso instalar m\u00f3veis sob medida mesmo em im\u00f3vel alugado?<\/a>\n          <\/li>\n          <li>\n            <a href=\"#3-quais-materiais-s\u00e3o-mais-recomendados-para-m\u00f3veis-sob-medida\">3. Quais materiais s\u00e3o mais recomendados para m\u00f3veis sob medida?<\/a>\n          <\/li>\n          <li>\n            <a href=\"#4-quanto-tempo-leva-para-desenvolver-um-projeto-completo\">4. Quanto tempo leva para desenvolver um projeto completo?<\/a>\n          <\/li>\n          <li class=\"last\">\n            <a href=\"#5-m\u00f3veis-planejados-valorizam-o-im\u00f3vel\">5. M\u00f3veis planejados valorizam o im\u00f3vel?<\/a>\n          <\/li>\n        <\/ul>\n      <\/li>\n    <\/ul>\n<\/div>                                <\/div>\n                            <\/div>\n                        <\/div>\n                    <\/div>\n                    <div class=\"layout_toggle_button\">\n                        <span class=\"bd_toc_arrow\"><\/span>\n                    <\/div>\n                <\/div>\n            <\/div>\n\n    \n\n\n<h2 id='por-que-m\u00f3veis-sob-medida-s\u00e3o-a-chave-para-espa\u00e7os-compactos'  class=\"wp-block-heading\"><strong>Por Que M\u00f3veis Sob Medida S\u00e3o a Chave para Espa\u00e7os Compactos<\/strong><\/h2>\n\n\n\n<p>Quando o espa\u00e7o \u00e9 limitado, cada cent\u00edmetro precisa trabalhar a seu favor. \u00c9 nesse cen\u00e1rio que surgem as melhores <strong>ideias de m\u00f3veis sob medida para espa\u00e7os pequenos<\/strong> \u2014 solu\u00e7\u00f5es personalizadas que unem aproveitamento inteligente, est\u00e9tica sob controle e funcionalidade real.<\/p>\n\n\n\n<h3 id='ambientes-compactos-pedem-solu\u00e7\u00f5es-sob-medida'  class=\"wp-block-heading\"><strong>Ambientes compactos pedem solu\u00e7\u00f5es sob medida<\/strong><\/h3>\n\n\n\n<p>Com a populariza\u00e7\u00e3o de studios, apartamentos menores e espa\u00e7os multifuncionais, o desafio de organizar e decorar se tornou mais estrat\u00e9gico. M\u00f3veis prontos nem sempre se encaixam de forma eficiente, e muitas vezes desperdi\u00e7am \u00e1reas valiosas.<\/p>\n\n\n\n<p>M\u00f3veis sob medida permitem adaptar o design \u00e0s particularidades do ambiente: recortes, quinas, desn\u00edveis, estruturas irregulares ou necessidades muito espec\u00edficas do morador. E o resultado n\u00e3o \u00e9 s\u00f3 funcional, \u00e9 visualmente mais limpo e coerente com o espa\u00e7o.<\/p>\n\n\n\n<h3 id='mais-do-que-m\u00f3veis-um-projeto-que-resolve-problemas'  class=\"wp-block-heading\"><strong>Mais do que m\u00f3veis: um projeto que resolve problemas<\/strong><\/h3>\n\n\n\n<p>Quando falamos em <strong>ideias de m\u00f3veis sob medida para espa\u00e7os pequenos<\/strong>, falamos tamb\u00e9m de personaliza\u00e7\u00e3o da rotina. Uma mesa retr\u00e1til que vira bancada de trabalho, uma cama com ba\u00fa para guardar roupas de cama, um arm\u00e1rio que ocupa o v\u00e3o da escada \u2014 tudo isso n\u00e3o apenas otimiza espa\u00e7o, como reduz a sensa\u00e7\u00e3o de bagun\u00e7a.<\/p>\n\n\n\n<p>Al\u00e9m disso, m\u00f3veis sob medida permitem trabalhar com armazenamento inteligente, circula\u00e7\u00f5es livres e aproveitamento de \u00e1reas \u201cmortas\u201d, como cantos e paredes altas.<\/p>\n\n\n\n<h3 id='objetivo-do-artigo'  class=\"wp-block-heading\"><strong>Objetivo do artigo<\/strong><\/h3>\n\n\n\n<p>Este guia vai te apresentar <strong>ideias de m\u00f3veis sob medida para espa\u00e7os pequenos<\/strong> que funcionam \u2014 com inspira\u00e7\u00e3o real, sugest\u00f5es aplic\u00e1veis e foco em transformar espa\u00e7os reduzidos em ambientes funcionais, leves e organizados.<\/p>\n\n\n\n<p>Acompanhe cada se\u00e7\u00e3o e descubra como marcenaria planejada pode ser a aliada perfeita da sua rotina e do seu espa\u00e7o.<\/p>\n\n\n\n<hr class=\"wp-block-separator has-alpha-channel-opacity\"\/>\n\n\n\n<h2 id='m\u00f3veis-planejados-para-salas-pequenas-ideias-de-m\u00f3veis-sob-medida-para-espa\u00e7os-pequenos-com-estilo-e-efici\u00eancia'  class=\"wp-block-heading\"><strong>M\u00f3veis Planejados para Salas Pequenas: Ideias de M\u00f3veis Sob Medida para Espa\u00e7os Pequenos com Estilo e Efici\u00eancia<\/strong><\/h2>\n\n\n\n<p>Entre os ambientes mais desafiadores de otimizar est\u00e1 a sala \u2014 centro de conviv\u00eancia e, muitas vezes, tamb\u00e9m local de trabalho, descanso e entretenimento. Felizmente, h\u00e1 muitas <strong>ideias de m\u00f3veis sob medida para espa\u00e7os pequenos<\/strong> que transformam salas apertadas em ambientes vers\u00e1teis, bem-organizados e visualmente amplos.<\/p>\n\n\n\n<h3 id='pain\u00e9is-multifuncionais-e-estantes-embutidas'  class=\"wp-block-heading\"><strong>Pain\u00e9is multifuncionais e estantes embutidas<\/strong><\/h3>\n\n\n\n<p>Um painel de TV com nichos embutidos, por exemplo, permite integrar eletr\u00f4nicos, livros e objetos decorativos em uma \u00fanica pe\u00e7a, sem ocupar espa\u00e7o adicional com racks ou aparadores.<\/p>\n\n\n\n<p>Estantes planejadas podem se estender do ch\u00e3o ao teto, aproveitando a altura da parede e substituindo arm\u00e1rios tradicionais. O design vertical n\u00e3o apenas economiza espa\u00e7o como valoriza a arquitetura do ambiente.<\/p>\n\n\n\n<h3 id='sof\u00e1s-inteligentes-conforto-com-armazenamento-embutido'  class=\"wp-block-heading\"><strong>Sof\u00e1s inteligentes: conforto com armazenamento embutido<\/strong><\/h3>\n\n\n\n<p>Sof\u00e1s com ba\u00fa interno ou estrutura modular com gavetas s\u00e3o op\u00e7\u00f5es excelentes para quem precisa de espa\u00e7o extra para guardar mantas, almofadas ou objetos do dia a dia. Modelos com chaise retr\u00e1til oferecem conforto sem comprometer a \u00e1rea de circula\u00e7\u00e3o.<\/p>\n\n\n\n<p>Voc\u00ea tamb\u00e9m pode considerar um sof\u00e1-cama sob medida \u2014 uma solu\u00e7\u00e3o que une funcionalidade e hospitalidade em um s\u00f3 m\u00f3vel, ideal para quem mora em studios ou recebe visitas com frequ\u00eancia.<\/p>\n\n\n\n<h3 id='mesas-retr\u00e1teis-e-m\u00f3veis-dobr\u00e1veis'  class=\"wp-block-heading\"><strong>Mesas retr\u00e1teis e m\u00f3veis dobr\u00e1veis<\/strong><\/h3>\n\n\n\n<p>Mesas de jantar retr\u00e1teis, que se estendem apenas quando necess\u00e1rio, s\u00e3o perfeitas para pequenos jantares ou caf\u00e9s da manh\u00e3 em espa\u00e7os compactos. Bancos embutidos ou mesas de apoio dobr\u00e1veis na parede tamb\u00e9m funcionam como solu\u00e7\u00f5es vers\u00e1teis, ideais para integrar refei\u00e7\u00f5es e trabalho no mesmo espa\u00e7o.<\/p>\n\n\n\n<p>Ao adotar essas <strong>ideias de m\u00f3veis sob medida para espa\u00e7os pequenos<\/strong>, voc\u00ea transforma a sala em um ambiente fluido, adapt\u00e1vel e pronto para diferentes momentos do dia \u2014 sem sobrecarregar o visual e sem abrir m\u00e3o da funcionalidade.<\/p>\n\n\n\n<hr class=\"wp-block-separator has-alpha-channel-opacity\"\/>\n\n\n\n<h2 id='cozinhas-compactas-e-eficientes-ideias-de-m\u00f3veis-sob-medida-para-espa\u00e7os-pequenos-que-transformam-o-dia-a-dia'  class=\"wp-block-heading\"><strong>Cozinhas Compactas e Eficientes: Ideias de M\u00f3veis Sob Medida para Espa\u00e7os Pequenos que Transformam o Dia a Dia<\/strong><\/h2>\n\n\n\n<p>Se h\u00e1 um ambiente onde cada cent\u00edmetro faz diferen\u00e7a, \u00e9 a cozinha. Projetos de marcenaria bem pensados n\u00e3o apenas ampliam o espa\u00e7o funcional, mas tamb\u00e9m facilitam a rotina, organizam melhor os utens\u00edlios e otimizam a circula\u00e7\u00e3o. Com as <strong>ideias de m\u00f3veis sob medida para espa\u00e7os pequenos<\/strong>, \u00e9 poss\u00edvel transformar at\u00e9 a menor das cozinhas em um centro eficiente e estiloso.<\/p>\n\n\n\n<h3 id='arm\u00e1rios-at\u00e9-o-teto-e-aproveitamento-de-cantos'  class=\"wp-block-heading\"><strong>Arm\u00e1rios at\u00e9 o teto e aproveitamento de cantos<\/strong><\/h3>\n\n\n\n<p>A primeira regra para cozinhas pequenas \u00e9 pensar verticalmente. Arm\u00e1rios superiores que v\u00e3o at\u00e9 o teto aproveitam o espa\u00e7o a\u00e9reo para armazenar itens menos usados, como lou\u00e7as extras ou eletros sazonais.<\/p>\n\n\n\n<p>Cantoneiras sob medida e prateleiras girat\u00f3rias em \u201cL\u201d ajudam a aproveitar cantos profundos dos arm\u00e1rios inferiores, muitas vezes negligenciados. Essa solu\u00e7\u00e3o evita espa\u00e7os mortos e mant\u00e9m tudo acess\u00edvel com mais facilidade.<\/p>\n\n\n\n<h3 id='ilhas-multifuncionais-e-bancadas-planejadas'  class=\"wp-block-heading\"><strong>Ilhas multifuncionais e bancadas planejadas<\/strong><\/h3>\n\n\n\n<p>Mesmo em cozinhas pequenas, \u00e9 poss\u00edvel ter uma ilha compacta \u2014 desde que ela seja funcional. Modelos com arm\u00e1rios embutidos, nichos laterais e extens\u00f5es retr\u00e1teis servem como bancada de preparo, mesa de refei\u00e7\u00f5es e espa\u00e7o extra de armazenamento, tudo em um s\u00f3 m\u00f3vel.<\/p>\n\n\n\n<p>J\u00e1 as bancadas sob medida podem ser planejadas para incluir fog\u00e3o, cuba, arm\u00e1rio e at\u00e9 espa\u00e7o para cadeiras, integrando cozinha e sala com harmonia.<\/p>\n\n\n\n<h3 id='despensas-compactas-e-pain\u00e9is-deslizantes'  class=\"wp-block-heading\"><strong>Despensas compactas e pain\u00e9is deslizantes<\/strong><\/h3>\n\n\n\n<p>As despensas embutidas ou em formato \u201ctorre\u201d s\u00e3o uma excelente alternativa para guardar alimentos e mantimentos sem ocupar \u00e1rea de circula\u00e7\u00e3o. Outra solu\u00e7\u00e3o inteligente s\u00e3o os pain\u00e9is deslizantes \u2014 portas que escondem eletrodom\u00e9sticos ou arm\u00e1rios, garantindo um visual limpo e organizado.<\/p>\n\n\n\n<p>Essas <strong>ideias de m\u00f3veis sob medida para espa\u00e7os pequenos<\/strong> ajudam a manter o ambiente funcional, sem comprometer a est\u00e9tica. A cozinha torna-se n\u00e3o apenas mais bonita, mas tamb\u00e9m mais fluida e intuitiva de usar \u2014 ideal para quem valoriza praticidade no dia a dia.<\/p>\n\n\n\n<hr class=\"wp-block-separator has-alpha-channel-opacity\"\/>\n\n\n\n<figure class=\"wp-block-image size-large\"><img data-recalc-dims=\"1\" fetchpriority=\"high\" decoding=\"async\" width=\"1024\" height=\"683\" src=\"https:\/\/i0.wp.com\/1truenote.com\/wp-content\/uploads\/2025\/04\/ChatGPT-Image-2-de-abr.-de-2025-23_28_16.png?resize=1024%2C683&#038;ssl=1\" alt=\"Sala e sala de jantar integradas em apartamento compacto, com m\u00f3veis sob medida em madeira clara, mesa retr\u00e1til e estante embutida em estilo moderno e fotorealista.\" class=\"wp-image-777\" srcset=\"https:\/\/i0.wp.com\/1truenote.com\/wp-content\/uploads\/2025\/04\/ChatGPT-Image-2-de-abr.-de-2025-23_28_16.png?resize=1024%2C683&amp;ssl=1 1024w, https:\/\/i0.wp.com\/1truenote.com\/wp-content\/uploads\/2025\/04\/ChatGPT-Image-2-de-abr.-de-2025-23_28_16.png?resize=300%2C200&amp;ssl=1 300w, https:\/\/i0.wp.com\/1truenote.com\/wp-content\/uploads\/2025\/04\/ChatGPT-Image-2-de-abr.-de-2025-23_28_16.png?resize=768%2C512&amp;ssl=1 768w, https:\/\/i0.wp.com\/1truenote.com\/wp-content\/uploads\/2025\/04\/ChatGPT-Image-2-de-abr.-de-2025-23_28_16.png?w=1536&amp;ssl=1 1536w\" sizes=\"(max-width: 1024px) 100vw, 1024px\" \/><\/figure>\n\n\n\n<h2 id='quartos-pequenos-com-grande-potencial-ideias-de-m\u00f3veis-sob-medida-para-espa\u00e7os-pequenos-que-maximizam-o-conforto'  class=\"wp-block-heading\"><strong>Quartos Pequenos com Grande Potencial: Ideias de M\u00f3veis Sob Medida para Espa\u00e7os Pequenos que Maximizam o Conforto<\/strong><\/h2>\n\n\n\n<p>Criar um quarto funcional e acolhedor em poucos metros quadrados pode parecer desafiador, mas com as <strong>ideias de m\u00f3veis sob medida para espa\u00e7os pequenos<\/strong>, cada detalhe pode ser adaptado \u00e0 sua rotina e ao seu bem-estar. O segredo est\u00e1 em unir conforto, armazenamento inteligente e fluidez visual.<\/p>\n\n\n\n<h3 id='camas-com-ba\u00fa-gavetas-ou-estruturas-elevadas'  class=\"wp-block-heading\"><strong>Camas com ba\u00fa, gavetas ou estruturas elevadas<\/strong><\/h3>\n\n\n\n<p>As camas sob medida podem ser verdadeiros centros de armazenamento. Modelos com ba\u00fa, gavetas laterais ou estrutura elevada permitem guardar roupas de cama, roupas fora de esta\u00e7\u00e3o e at\u00e9 objetos pessoais sem ocupar espa\u00e7o adicional no ambiente.<\/p>\n\n\n\n<p>Em quartos de solteiro, op\u00e7\u00f5es como bicamas com segunda cama embutida ou camas suspensas liberam \u00e1rea \u00fatil para outros m\u00f3veis ou atividades.<\/p>\n\n\n\n<h3 id='guarda-roupas-planejados-e-cabeceiras-funcionais'  class=\"wp-block-heading\"><strong>Guarda-roupas planejados e cabeceiras funcionais<\/strong><\/h3>\n\n\n\n<p>O guarda-roupa \u00e9, geralmente, o m\u00f3vel mais volumoso do quarto. Com a marcenaria sob medida, \u00e9 poss\u00edvel ajust\u00e1-lo ao mil\u00edmetro, aproveitando cantos, v\u00e3os e alturas at\u00e9 o teto. Portas de correr, espelhadas ou com acabamento fosco, contribuem para economizar espa\u00e7o e ampliar visualmente o ambiente.<\/p>\n\n\n\n<p>Cabeceiras planejadas com prateleiras embutidas ou ilumina\u00e7\u00e3o indireta tamb\u00e9m substituem criados-mudos e funcionam como painel decorativo multifuncional.<\/p>\n\n\n\n<h3 id='estantes-suspensas-e-nichos-verticais'  class=\"wp-block-heading\"><strong>Estantes suspensas e nichos verticais<\/strong><\/h3>\n\n\n\n<p>Quartos pequenos se beneficiam muito do uso de paredes livres. Nichos verticais e estantes suspensas acima da cama, da porta ou da escrivaninha s\u00e3o \u00f3timas para armazenar livros, objetos pessoais e decora\u00e7\u00e3o sem comprometer a \u00e1rea de circula\u00e7\u00e3o.<\/p>\n\n\n\n<p>Essas <strong>ideias de m\u00f3veis sob medida para espa\u00e7os pequenos<\/strong> tornam o quarto mais funcional e organizado, sem abrir m\u00e3o da est\u00e9tica ou do conforto. Tudo ganha seu lugar \u2014 e o espa\u00e7o, por menor que seja, passa a trabalhar a favor do descanso e da praticidade.<\/p>\n\n\n\n<hr class=\"wp-block-separator has-alpha-channel-opacity\"\/>\n\n\n\n<h2 id='home-office-lavanderias-e-varandas-ideias-de-m\u00f3veis-sob-medida-para-espa\u00e7os-pequenos-fora-do-comum'  class=\"wp-block-heading\"><strong>Home Office, Lavanderias e Varandas: Ideias de M\u00f3veis Sob Medida para Espa\u00e7os Pequenos Fora do Comum<\/strong><\/h2>\n\n\n\n<p>Al\u00e9m de salas, cozinhas e quartos, h\u00e1 outros espa\u00e7os da casa que merecem aten\u00e7\u00e3o especial \u2014 especialmente quando se trata de versatilidade. Com as <strong>ideias de m\u00f3veis sob medida para espa\u00e7os pequenos<\/strong>, \u00e9 poss\u00edvel transformar lavanderias, varandas e cantinhos de home office em \u00e1reas funcionais, bem resolvidas e at\u00e9 decorativas.<\/p>\n\n\n\n<h3 id='home-office-dobr\u00e1vel-ou-embutido-trabalho-com-espa\u00e7o-otimizado'  class=\"wp-block-heading\"><strong>Home office dobr\u00e1vel ou embutido: trabalho com espa\u00e7o otimizado<\/strong><\/h3>\n\n\n\n<p>Com a ascens\u00e3o do trabalho remoto, adaptar um home office funcional em pequenos ambientes virou uma necessidade real. M\u00f3veis sob medida permitem criar esta\u00e7\u00f5es de trabalho que se adaptam \u00e0 rotina:<\/p>\n\n\n\n<ul class=\"wp-block-list\">\n<li>Mesas dobr\u00e1veis que se escondem na parede ou se transformam em prateleiras;<\/li>\n\n\n\n<li>Bancadas retr\u00e1teis com suporte embutido para notebook;<\/li>\n\n\n\n<li>Pain\u00e9is com nichos e ilumina\u00e7\u00e3o LED integrados ao espa\u00e7o de estar ou dormit\u00f3rio.<\/li>\n<\/ul>\n\n\n\n<p>Essas solu\u00e7\u00f5es oferecem praticidade e escondem a esta\u00e7\u00e3o de trabalho quando n\u00e3o est\u00e1 em uso \u2014 o que \u00e9 \u00f3timo para manter o ambiente visualmente leve.<\/p>\n\n\n\n<h3 id='lavanderias-compactas-e-bem-aproveitadas'  class=\"wp-block-heading\"><strong>Lavanderias compactas e bem aproveitadas<\/strong><\/h3>\n\n\n\n<p>Mesmo em \u00e1reas pequenas, como sacadas ou cantos da cozinha, a lavanderia pode ser extremamente funcional com m\u00f3veis planejados. Arm\u00e1rios altos com espa\u00e7o para vassouras, m\u00e1quinas embutidas sob bancadas e prateleiras sobre tanques garantem armazenamento vertical sem comprometer a circula\u00e7\u00e3o.<\/p>\n\n\n\n<p>Ganchos retr\u00e1teis, varais embutidos e nichos para produtos de limpeza completam um projeto eficiente e discreto.<\/p>\n\n\n\n<h3 id='varandas-funcionais-lazer-compacto-com-eleg\u00e2ncia'  class=\"wp-block-heading\"><strong>Varandas funcionais: lazer compacto com eleg\u00e2ncia<\/strong><\/h3>\n\n\n\n<p>Varandas, por menores que sejam, t\u00eam grande potencial. Bancos com ba\u00fa embutido, jardineiras verticais planejadas, pain\u00e9is de madeira com ilumina\u00e7\u00e3o e arm\u00e1rios inferiores s\u00e3o algumas das solu\u00e7\u00f5es sob medida para transformar esse espa\u00e7o em \u00e1rea de lazer, leitura ou descanso.<\/p>\n\n\n\n<p>A marcenaria certa valoriza cada cent\u00edmetro e traz identidade ao ambiente \u2014 seja para um caf\u00e9 ao ar livre, seja para criar um cantinho verde.<\/p>\n\n\n\n<p>Ao aplicar essas <strong>ideias de m\u00f3veis sob medida para espa\u00e7os pequenos<\/strong>, voc\u00ea amplia a funcionalidade da casa como um todo, aproveitando \u00e1reas antes subutilizadas com estilo, conforto e praticidade.<\/p>\n\n\n\n<hr class=\"wp-block-separator has-alpha-channel-opacity\"\/>\n\n\n\n<h2 id='ideias-de-m\u00f3veis-sob-medida-para-espa\u00e7os-pequenos-s\u00e3o-solu\u00e7\u00f5es-inteligentes-para-viver-melhor'  class=\"wp-block-heading\"><strong>Ideias de M\u00f3veis Sob Medida para Espa\u00e7os Pequenos S\u00e3o Solu\u00e7\u00f5es Inteligentes para Viver Melhor<\/strong><\/h2>\n\n\n\n<p>Decorar e organizar espa\u00e7os reduzidos exige mais do que criatividade \u2014 exige estrat\u00e9gia. Ao aplicar <strong>ideias de m\u00f3veis sob medida para espa\u00e7os pequenos<\/strong>, voc\u00ea transforma cada ambiente da casa em um espa\u00e7o funcional, bonito e adaptado \u00e0 sua rotina.<\/p>\n\n\n\n<p>N\u00e3o importa se voc\u00ea mora em um studio, um apartamento compacto ou busca solu\u00e7\u00f5es para ambientes h\u00edbridos como home offices e varandas. A marcenaria personalizada oferece mais do que est\u00e9tica: ela oferece fluidez, praticidade e liberdade de movimento, sem abrir m\u00e3o do seu estilo.<\/p>\n\n\n\n<p>Agora que voc\u00ea conhece as melhores ideias, o pr\u00f3ximo passo \u00e9 coloc\u00e1-las em pr\u00e1tica \u2014 e descobrir como um bom projeto pode multiplicar as possibilidades, mesmo em poucos metros quadrados.<\/p>\n\n\n\n<hr class=\"wp-block-separator has-alpha-channel-opacity\"\/>\n\n\n\n<h2 id='faq-d\u00favidas-frequentes-sobre-ideias-de-m\u00f3veis-sob-medida-para-espa\u00e7os-pequenos'  class=\"wp-block-heading\"><strong>FAQ \u2013 D\u00favidas Frequentes sobre Ideias de M\u00f3veis Sob Medida para Espa\u00e7os Pequenos<\/strong><\/h2>\n\n\n\n<h3 id='1-m\u00f3veis-sob-medida-s\u00e3o-sempre-mais-caros-que-os-prontos'  class=\"wp-block-heading\"><strong>1. M\u00f3veis sob medida s\u00e3o sempre mais caros que os prontos?<\/strong><\/h3>\n\n\n\n<p>Nem sempre. Embora o investimento inicial possa ser um pouco maior, as <strong>ideias de m\u00f3veis sob medida para espa\u00e7os pequenos<\/strong> oferecem otimiza\u00e7\u00e3o total do ambiente, evitando compras duplicadas ou reformas futuras. A durabilidade e o aproveitamento do espa\u00e7o tornam o custo-benef\u00edcio altamente vantajoso.<\/p>\n\n\n\n<h3 id='2-posso-instalar-m\u00f3veis-sob-medida-mesmo-em-im\u00f3vel-alugado'  class=\"wp-block-heading\"><strong>2. Posso instalar m\u00f3veis sob medida mesmo em im\u00f3vel alugado?<\/strong><\/h3>\n\n\n\n<p>Sim! Existem projetos revers\u00edveis que podem ser adaptados sem interferir na estrutura do im\u00f3vel. M\u00f3veis modulares, encaixados e planejados para n\u00e3o depender de fixa\u00e7\u00f5es permanentes s\u00e3o ideais para loca\u00e7\u00f5es e mant\u00eam a versatilidade necess\u00e1ria.<\/p>\n\n\n\n<h3 id='3-quais-materiais-s\u00e3o-mais-recomendados-para-m\u00f3veis-sob-medida'  class=\"wp-block-heading\"><strong>3. Quais materiais s\u00e3o mais recomendados para m\u00f3veis sob medida?<\/strong><\/h3>\n\n\n\n<p>MDF, MDP e compensado naval s\u00e3o os mais utilizados. Para espa\u00e7os pequenos, o ideal \u00e9 priorizar materiais leves, resistentes \u00e0 umidade e de f\u00e1cil manuten\u00e7\u00e3o. Acabamentos em laca fosca, laminado amadeirado ou padr\u00f5es claros ajudam a manter o ambiente mais leve e iluminado.<\/p>\n\n\n\n<h3 id='4-quanto-tempo-leva-para-desenvolver-um-projeto-completo'  class=\"wp-block-heading\"><strong>4. Quanto tempo leva para desenvolver um projeto completo?<\/strong><\/h3>\n\n\n\n<p>Depende da complexidade e da agenda do profissional, mas em geral, o projeto e a execu\u00e7\u00e3o podem levar de 20 a 60 dias. Vale lembrar que as <strong>ideias de m\u00f3veis sob medida para espa\u00e7os pequenos<\/strong> exigem um bom briefing para alinhar expectativas e garantir funcionalidade.<\/p>\n\n\n\n<h3 id='5-m\u00f3veis-planejados-valorizam-o-im\u00f3vel'  class=\"wp-block-heading\"><strong>5. M\u00f3veis planejados valorizam o im\u00f3vel?<\/strong><\/h3>\n\n\n\n<p>Sim! Um ambiente bem aproveitado, funcional e visualmente organizado \u00e9 altamente valorizado no mercado. Al\u00e9m disso, transmite sensa\u00e7\u00e3o de maior metragem e melhora a experi\u00eancia de uso dos espa\u00e7os no dia a dia.<\/p>\n\n\n\n<p>Se voc\u00ea se interessou pelo assunto, recomendamos o nosso artigo sobre <a href=\"https:\/\/1truenote.com\/en\/layouts-inteligentes-para-interiores-de-ate-30m%c2%b2\/\" data-type=\"link\" data-id=\"https:\/\/1truenote.com\/layouts-inteligentes-para-interiores-de-ate-30m%c2%b2\/\">layouts inteligentes para interiores de at\u00e9 30m\u00b2: como otimizar cada metro com design estrat\u00e9gico<\/a>!<\/p>","protected":false},"excerpt":{"rendered":"<p>Por Que M\u00f3veis Sob Medida S\u00e3o a Chave para Espa\u00e7os Compactos Quando o espa\u00e7o \u00e9 limitado, cada cent\u00edmetro precisa trabalhar&#8230;<\/p>","protected":false},"author":1,"featured_media":776,"comment_status":"open","ping_status":"open","sticky":false,"template":"","format":"standard","meta":{"_kad_post_transparent":"","_kad_post_title":"","_kad_post_layout":"","_kad_post_sidebar_id":"","_kad_post_content_style":"","_kad_post_vertical_padding":"","_kad_post_feature":"","_kad_post_feature_position":"","_kad_post_header":false,"_kad_post_footer":false,"_kad_post_classname":"","footnotes":"","jetpack_publicize_message":"","jetpack_publicize_feature_enabled":true,"jetpack_social_post_already_shared":false,"jetpack_social_options":{"image_generator_settings":{"template":"highway","default_image_id":0,"font":"","enabled":false},"version":2}},"categories":[16],"tags":[14],"class_list":["post-774","post","type-post","status-publish","format-standard","has-post-thumbnail","hentry","category-casa-e-jardim","tag-interiores-inovadores"],"jetpack_publicize_connections":[],"jetpack_featured_media_url":"https:\/\/i0.wp.com\/1truenote.com\/wp-content\/uploads\/2025\/04\/ChatGPT-Image-2-de-abr.-de-2025-23_24_03-e1743647159251.png?fit=1024%2C684&ssl=1","jetpack_sharing_enabled":true,"_links":{"self":[{"href":"https:\/\/1truenote.com\/en\/wp-json\/wp\/v2\/posts\/774","targetHints":{"allow":["GET"]}}],"collection":[{"href":"https:\/\/1truenote.com\/en\/wp-json\/wp\/v2\/posts"}],"about":[{"href":"https:\/\/1truenote.com\/en\/wp-json\/wp\/v2\/types\/post"}],"author":[{"embeddable":true,"href":"https:\/\/1truenote.com\/en\/wp-json\/wp\/v2\/users\/1"}],"replies":[{"embeddable":true,"href":"https:\/\/1truenote.com\/en\/wp-json\/wp\/v2\/comments?post=774"}],"version-history":[{"count":0,"href":"https:\/\/1truenote.com\/en\/wp-json\/wp\/v2\/posts\/774\/revisions"}],"wp:featuredmedia":[{"embeddable":true,"href":"https:\/\/1truenote.com\/en\/wp-json\/wp\/v2\/media\/776"}],"wp:attachment":[{"href":"https:\/\/1truenote.com\/en\/wp-json\/wp\/v2\/media?parent=774"}],"wp:term":[{"taxonomy":"category","embeddable":true,"href":"https:\/\/1truenote.com\/en\/wp-json\/wp\/v2\/categories?post=774"},{"taxonomy":"post_tag","embeddable":true,"href":"https:\/\/1truenote.com\/en\/wp-json\/wp\/v2\/tags?post=774"}],"curies":[{"name":"wp","href":"https:\/\/api.w.org\/{rel}","templated":true}]}}