{"id":757,"date":"2025-04-01T18:47:53","date_gmt":"2025-04-01T18:47:53","guid":{"rendered":"https:\/\/1truenote.com\/?p=757"},"modified":"2025-04-21T17:12:55","modified_gmt":"2025-04-21T17:12:55","slug":"cores-e-texturas-que-ampliam-visualmente-microambientes","status":"publish","type":"post","link":"https:\/\/1truenote.com\/en\/cores-e-texturas-que-ampliam-visualmente-microambientes\/","title":{"rendered":"Cores e texturas que ampliam visualmente microambientes"},"content":{"rendered":"<div class=\"fit_content\">\n                <div class=\"bd_toc_container\" data-fixedwidth=\"\">\n                    <div class=\"bd_toc_wrapper\" data-wrapperpadding=\"48px\">\n                        <div class=\"bd_toc_wrapper_item\">\n                            <div class=\"bd_toc_header active\" data-headerpadding=\"2px\">\n                                <div class=\"bd_toc_header_title\">\n                                    Sum\u00e1rio                                <\/div>\n                                <div class=\"bd_toc_switcher_hide_show_icon\">\n                                    <span class=\"bd_toc_arrow\"><\/span>                                <\/div>\n                            <\/div>\n                            <div class=\"bd_toc_content list-type-number\">\n                                <div class=\"bd_toc_content_list\">\n                                    <div class='bd_toc_content_list_item'>    <ul>\n      <li class=\"first\">\n        <a href=\"#cores-e-texturas-que-ampliam-visualmente-microambientes-a-arte-de-ampliar-com-os-olhos\">Cores e Texturas que Ampliam Visualmente Microambientes: A Arte de Ampliar com os Olhos<\/a>\n        <ul class=\"menu_level_2\">\n          <li class=\"first\">\n            <a href=\"#a-percep\u00e7\u00e3o-visual-como-ferramenta-de-design-inteligente\">A percep\u00e7\u00e3o visual como ferramenta de design inteligente<\/a>\n          <\/li>\n          <li>\n            <a href=\"#cores-e-texturas-como-elas-interferem-na-sensa\u00e7\u00e3o-de-espa\u00e7o\">Cores e texturas: como elas interferem na sensa\u00e7\u00e3o de espa\u00e7o<\/a>\n          <\/li>\n          <li class=\"last\">\n            <a href=\"#ampliar-sem-obras-o-foco-deste-artigo\">Ampliar sem obras: o foco deste artigo<\/a>\n          <\/li>\n        <\/ul>\n      <\/li>\n      <li>\n        <a href=\"#cores-claras-e-paletas-neutras-a-base-das-cores-e-texturas-que-ampliam-visualmente-microambientes\">Cores Claras e Paletas Neutras: A Base das Cores e Texturas que Ampliam Visualmente Microambientes<\/a>\n        <ul class=\"menu_level_2\">\n          <li class=\"first\">\n            <a href=\"#por-que-cores-claras-ampliam-o-espa\u00e7o\">Por que cores claras ampliam o espa\u00e7o?<\/a>\n          <\/li>\n          <li>\n            <a href=\"#paletas-neutras-e-monocrom\u00e1ticas-continuidade-e-fluidez\">Paletas neutras e monocrom\u00e1ticas: continuidade e fluidez<\/a>\n          <\/li>\n          <li class=\"last\">\n            <a href=\"#erros-comuns-ao-usar-cores-em-espa\u00e7os-pequenos\">Erros comuns ao usar cores em espa\u00e7os pequenos<\/a>\n          <\/li>\n        <\/ul>\n      <\/li>\n      <li>\n        <a href=\"#aplicar-cores-e-texturas-que-ampliam-visualmente-microambientes-com-efici\u00eancia-come\u00e7a-pela-paleta-certa\">Aplicar Cores e Texturas que Ampliam Visualmente Microambientes com Efici\u00eancia Come\u00e7a Pela Paleta Certa<\/a>\n      <\/li>\n      <li>\n        <a href=\"#texturas-que-expandem-como-cores-e-texturas-que-ampliam-visualmente-microambientes-tamb\u00e9m-se-sentem\">Texturas que Expandem: Como Cores e Texturas que Ampliam Visualmente Microambientes Tamb\u00e9m se Sentem<\/a>\n        <ul class=\"menu_level_2\">\n          <li class=\"first\">\n            <a href=\"#texturas-leves-suavidade-visual-e-fluidez\">Texturas leves: suavidade visual e fluidez<\/a>\n          <\/li>\n          <li>\n            <a href=\"#paredes-com-textura-suave-est\u00e9tica-e-funcionalidade\">Paredes com textura suave: est\u00e9tica e funcionalidade<\/a>\n          <\/li>\n          <li class=\"last\">\n            <a href=\"#tecidos-e-superf\u00edcies-t\u00eaxteis-textura-como-sensa\u00e7\u00e3o-de-respiro\">Tecidos e superf\u00edcies t\u00eaxteis: textura como sensa\u00e7\u00e3o de respiro<\/a>\n          <\/li>\n        <\/ul>\n      <\/li>\n      <li>\n        <a href=\"#aplicar-cores-e-texturas-que-ampliam-visualmente-microambientes-vai-al\u00e9m-do-olhar-\u00e9-tamb\u00e9m-sobre-sentir\">Aplicar Cores e Texturas que Ampliam Visualmente Microambientes Vai Al\u00e9m do Olhar: \u00c9 Tamb\u00e9m Sobre Sentir<\/a>\n      <\/li>\n      <li>\n        <a href=\"#contrastes-estrat\u00e9gicos-como-cores-e-texturas-que-ampliam-visualmente-microambientes-podem-criar-profundidade\">Contrastes Estrat\u00e9gicos: Como Cores e Texturas que Ampliam Visualmente Microambientes Podem Criar Profundidade<\/a>\n        <ul class=\"menu_level_2\">\n          <li class=\"first\">\n            <a href=\"#contrastes-que-funcionam-leves-pontuais-e-intencionais\">Contrastes que funcionam: leves, pontuais e intencionais<\/a>\n          <\/li>\n          <li>\n            <a href=\"#texturas-como-elementos-de-contraste-sutil\">Texturas como elementos de contraste sutil<\/a>\n          <\/li>\n          <li class=\"last\">\n            <a href=\"#onde-evitar-o-contraste-e-por-qu\u00ea\">Onde evitar o contraste (e por qu\u00ea)<\/a>\n          <\/li>\n        <\/ul>\n      <\/li>\n      <li>\n        <a href=\"#cores-e-texturas-que-ampliam-visualmente-microambientes-tamb\u00e9m-criam-profundidade-com-harmonia\">Cores e Texturas que Ampliam Visualmente Microambientes Tamb\u00e9m Criam Profundidade com Harmonia<\/a>\n      <\/li>\n      <li>\n        <a href=\"#ilumina\u00e7\u00e3o-e-reflexo-o-papel-das-cores-e-texturas-que-ampliam-visualmente-microambientes-no-jogo-de-luz\">Ilumina\u00e7\u00e3o e Reflexo: O Papel das Cores e Texturas que Ampliam Visualmente Microambientes no Jogo de Luz<\/a>\n        <ul class=\"menu_level_2\">\n          <li class=\"first\">\n            <a href=\"#espelhos-e-superf\u00edcies-reflexivas-duplicando-o-espa\u00e7o-visual\">Espelhos e superf\u00edcies reflexivas: duplicando o espa\u00e7o visual<\/a>\n          <\/li>\n          <li>\n            <a href=\"#cores-que-potencializam-a-luz\">Cores que potencializam a luz<\/a>\n          <\/li>\n          <li class=\"last\">\n            <a href=\"#texturas-e-tecidos-controlando-luz-e-sombra-com-eleg\u00e2ncia\">Texturas e tecidos: controlando luz e sombra com eleg\u00e2ncia<\/a>\n          <\/li>\n        <\/ul>\n      <\/li>\n      <li>\n        <a href=\"#entender-a-luz-\u00e9-essencial-ao-usar-cores-e-texturas-que-ampliam-visualmente-microambientes\">Entender a Luz \u00e9 Essencial ao Usar Cores e Texturas que Ampliam Visualmente Microambientes<\/a>\n      <\/li>\n      <li>\n        <a href=\"#transforme-espa\u00e7os-pequenos-com-cores-e-texturas-que-ampliam-visualmente-microambientes\">Transforme Espa\u00e7os Pequenos com Cores e Texturas que Ampliam Visualmente Microambientes<\/a>\n      <\/li>\n      <li class=\"last\">\n        <a href=\"#faq-perguntas-frequentes-sobre-cores-e-texturas-que-ampliam-visualmente-microambientes\">FAQ \u2013 Perguntas Frequentes sobre Cores e Texturas que Ampliam Visualmente Microambientes<\/a>\n        <ul class=\"menu_level_2\">\n          <li class=\"first\">\n            <a href=\"#1-qual-a-melhor-cor-para-fazer-um-ambiente-parecer-maior\">1. Qual a melhor cor para fazer um ambiente parecer maior?<\/a>\n          <\/li>\n          <li>\n            <a href=\"#2-posso-usar-cores-escuras-em-espa\u00e7os-pequenos\">2. Posso usar cores escuras em espa\u00e7os pequenos?<\/a>\n          <\/li>\n          <li>\n            <a href=\"#3-as-texturas-realmente-fazem-diferen\u00e7a-na-percep\u00e7\u00e3o-do-espa\u00e7o\">3. As texturas realmente fazem diferen\u00e7a na percep\u00e7\u00e3o do espa\u00e7o?<\/a>\n          <\/li>\n          <li>\n            <a href=\"#4-\u00e9-verdade-que-espelhos-ampliam-o-ambiente\">4. \u00c9 verdade que espelhos ampliam o ambiente?<\/a>\n          <\/li>\n          <li class=\"last\">\n            <a href=\"#5-como-combinar-texturas-sem-deixar-o-espa\u00e7o-polu\u00eddo\">5. Como combinar texturas sem deixar o espa\u00e7o polu\u00eddo?<\/a>\n          <\/li>\n        <\/ul>\n      <\/li>\n    <\/ul>\n<\/div>                                <\/div>\n                            <\/div>\n                        <\/div>\n                    <\/div>\n                    <div class=\"layout_toggle_button\">\n                        <span class=\"bd_toc_arrow\"><\/span>\n                    <\/div>\n                <\/div>\n            <\/div>\n\n    \n\n\n<h2 id='cores-e-texturas-queliam-visualmente-microambientes-a-arte-deliar-com-os-olhos'  class=\"wp-block-heading\"><strong>Cores e Texturas que Ampliam Visualmente Microambientes: A Arte de Ampliar com os Olhos<\/strong><\/h2>\n\n\n\n<p>Quem vive em ambientes reduzidos sabe que, muitas vezes, o que falta em metros quadrados pode ser compensado com estrat\u00e9gia visual. Aplicar <strong>cores e texturas que ampliam visualmente microambientes<\/strong> \u00e9 uma das formas mais eficazes de transformar espa\u00e7os limitados em \u00e1reas que parecem maiores, mais leves e mais acolhedoras \u2014 sem obras ou grandes gastos.<\/p>\n\n\n\n<h3 id='a-percep\u00e7\u00e3o-visual-como-ferramenta-de-design-inteligente'  class=\"wp-block-heading\"><strong>A percep\u00e7\u00e3o visual como ferramenta de design inteligente<\/strong><\/h3>\n\n\n\n<p>A maneira como nossos olhos interpretam o espa\u00e7o influencia diretamente nossa sensa\u00e7\u00e3o de conforto. Tons suaves, texturas cont\u00ednuas e superf\u00edcies bem iluminadas criam ilus\u00f5es de amplitude que enganam o c\u00e9rebro \u2014 positivamente. Em microambientes, essa percep\u00e7\u00e3o \u00e9 um dos maiores trunfos do design de interiores bem aplicado.<\/p>\n\n\n\n<h3 id='cores-e-texturas-como-elas-interferem-na-sensa\u00e7\u00e3o-de-espa\u00e7o'  class=\"wp-block-heading\"><strong>Cores e texturas: como elas interferem na sensa\u00e7\u00e3o de espa\u00e7o<\/strong><\/h3>\n\n\n\n<p>Ao escolher as <strong>cores e texturas que ampliam visualmente microambientes<\/strong>, voc\u00ea define o humor, a luminosidade e at\u00e9 a ergonomia visual do local. Cores frias e claras, por exemplo, recuam visualmente. J\u00e1 texturas leves e pouco marcadas criam uma continuidade que evita rupturas no olhar, tornando o espa\u00e7o mais fluido.<\/p>\n\n\n\n<p>Essas escolhas n\u00e3o s\u00e3o apenas est\u00e9ticas \u2014 s\u00e3o funcionais. Um ambiente bem pensado visualmente exige menos adapta\u00e7\u00f5es no dia a dia e promove mais bem-estar.<\/p>\n\n\n\n<h3 id='ampliar-sem-obras-o-foco-deste-artigo'  class=\"wp-block-heading\"><strong>Ampliar sem obras: o foco deste artigo<\/strong><\/h3>\n\n\n\n<p>Nos pr\u00f3ximos t\u00f3picos, voc\u00ea vai descobrir como aplicar <strong>cores e texturas que ampliam visualmente microambientes<\/strong> de forma pr\u00e1tica e acess\u00edvel. Seja na pintura das paredes, na escolha dos tecidos ou nos acabamentos dos m\u00f3veis, cada detalhe pode colaborar para ampliar, clarear e renovar seu espa\u00e7o.<\/p>\n\n\n\n<p>Este guia foi feito para quem busca solu\u00e7\u00f5es reais, imediatas e aplic\u00e1veis \u2014 com beleza, funcionalidade e efeito visual surpreendente.<\/p>\n\n\n\n<hr class=\"wp-block-separator has-alpha-channel-opacity\"\/>\n\n\n\n<h2 id='cores-claras-e-paletas-neutras-a-base-das-cores-e-texturas-queliam-visualmente-microambientes'  class=\"wp-block-heading\"><strong>Cores Claras e Paletas Neutras: A Base das Cores e Texturas que Ampliam Visualmente Microambientes<\/strong><\/h2>\n\n\n\n<p>Quando o assunto \u00e9 otimizar espa\u00e7os pequenos, poucos recursos s\u00e3o t\u00e3o poderosos quanto a aplica\u00e7\u00e3o estrat\u00e9gica de <strong>cores e texturas que ampliam visualmente microambientes<\/strong>. E tudo come\u00e7a com a escolha das tonalidades certas. Cores claras e paletas neutras s\u00e3o fundamentais para criar uma base visual que expande e acalma ao mesmo tempo.<\/p>\n\n\n\n<h3 id='por-que-cores-clarasliam-o-espa\u00e7o'  class=\"wp-block-heading\"><strong>Por que cores claras ampliam o espa\u00e7o?<\/strong><\/h3>\n\n\n\n<p>Tons claros refletem mais luz \u2014 natural ou artificial \u2014 e criam a ilus\u00e3o de que as paredes est\u00e3o mais distantes do que realmente est\u00e3o. Isso se aplica especialmente a cores como:<\/p>\n\n\n\n<ul class=\"wp-block-list\">\n<li>Branco off-white<\/li>\n\n\n\n<li>Bege areia<\/li>\n\n\n\n<li>Cinza gelo<\/li>\n\n\n\n<li>Verde musgo suave<\/li>\n\n\n\n<li>Azul acinzentado<\/li>\n<\/ul>\n\n\n\n<p>Esses tons n\u00e3o apenas \u201cabrem\u201d o ambiente, como tamb\u00e9m funcionam como tela neutra para outros elementos de decora\u00e7\u00e3o, sem gerar polui\u00e7\u00e3o visual.<\/p>\n\n\n\n<h3 id='paletas-neutras-e-monocrom\u00e1ticas-continuidade-e-fluidez'  class=\"wp-block-heading\"><strong>Paletas neutras e monocrom\u00e1ticas: continuidade e fluidez<\/strong><\/h3>\n\n\n\n<p>Quando usamos cores da mesma fam\u00edlia em paredes, teto, piso e m\u00f3veis, criamos um efeito de continuidade visual. Isso evita quebras abruptas no campo de vis\u00e3o e faz o olho \u201cpercorrer\u201d o ambiente sem interrup\u00e7\u00f5es.<\/p>\n\n\n\n<p>Paletas monocrom\u00e1ticas suaves com varia\u00e7\u00f5es tonais discretas s\u00e3o grandes aliadas de quem deseja aplicar <strong>cores e texturas que ampliam visualmente microambientes<\/strong> de forma eficiente e elegante.<\/p>\n\n\n\n<h3 id='erros-comuns-ao-usar-cores-em-espa\u00e7os-pequenos'  class=\"wp-block-heading\"><strong>Erros comuns ao usar cores em espa\u00e7os pequenos<\/strong><\/h3>\n\n\n\n<p>Mesmo com boas inten\u00e7\u00f5es, algumas escolhas podem sabotar a sensa\u00e7\u00e3o de amplitude. Entre os principais erros est\u00e3o:<\/p>\n\n\n\n<ul class=\"wp-block-list\">\n<li>Usar cores escuras demais nas paredes principais.<\/li>\n\n\n\n<li>Contrastes excessivos entre teto, paredes e piso.<\/li>\n\n\n\n<li>Misturar muitos tons vibrantes no mesmo ambiente compacto.<\/li>\n\n\n\n<li>Ignorar a influ\u00eancia da luz na percep\u00e7\u00e3o das cores (ex: cores que ficam \u201cfrias\u201d demais em locais com pouca luz natural).<\/li>\n<\/ul>\n\n\n\n<p>Evitar esses deslizes \u00e9 essencial para garantir que as cores cumpram sua fun\u00e7\u00e3o de expandir, e n\u00e3o de comprimir o espa\u00e7o visual.<\/p>\n\n\n\n<h2 id='aplicar-cores-e-texturas-queliam-visualmente-microambientes-com-efici\u00eancia-come\u00e7a-pela-paleta-certa'  class=\"wp-block-heading\"><strong>Aplicar Cores e Texturas que Ampliam Visualmente Microambientes com Efici\u00eancia Come\u00e7a Pela Paleta Certa<\/strong><\/h2>\n\n\n\n<p>Definir uma paleta clara e neutra \u00e9 o primeiro passo \u2014 e talvez o mais impactante \u2014 no processo de amplia\u00e7\u00e3o visual de microambientes. Com escolhas bem fundamentadas e consistentes, \u00e9 poss\u00edvel transformar metros quadrados em metros de bem-estar visual.<\/p>\n\n\n\n<hr class=\"wp-block-separator has-alpha-channel-opacity\"\/>\n\n\n\n<h2 id='texturas-que-expandem-como-cores-e-texturas-queliam-visualmente-microambientes-tamb\u00e9m-se-sentem'  class=\"wp-block-heading\"><strong>Texturas que Expandem: Como Cores e Texturas que Ampliam Visualmente Microambientes Tamb\u00e9m se Sentem<\/strong><\/h2>\n\n\n\n<p>As <strong>cores e texturas que ampliam visualmente microambientes<\/strong> n\u00e3o atuam apenas no que se v\u00ea \u2014 mas tamb\u00e9m no que se sente. A textura, muitas vezes subestimada, \u00e9 um recurso fundamental para refor\u00e7ar a percep\u00e7\u00e3o de amplitude. Em espa\u00e7os reduzidos, ela tem o poder de guiar o olhar, trazer leveza e at\u00e9 estimular uma sensa\u00e7\u00e3o maior de conforto t\u00e1til e visual.<\/p>\n\n\n\n<h3 id='texturas-leves-suavidade-visual-e-fluidez'  class=\"wp-block-heading\"><strong>Texturas leves: suavidade visual e fluidez<\/strong><\/h3>\n\n\n\n<p>Em ambientes compactos, texturas carregadas \u2014 como pedrarias, relevos intensos ou estampas pesadas \u2014 podem criar uma sensa\u00e7\u00e3o de abafamento visual. Por outro lado, texturas leves e sutis contribuem para a fluidez.<\/p>\n\n\n\n<p>Acabamentos foscos, pintura com efeito linho, texturas naturais (como madeira clara e fibras vegetais) ajudam a \u201cdissolver\u201d os limites do espa\u00e7o, tornando o ambiente mais acolhedor e visualmente expansivo.<\/p>\n\n\n\n<h3 id='paredes-com-textura-suave-est\u00e9tica-e-funcionalidade'  class=\"wp-block-heading\"><strong>Paredes com textura suave: est\u00e9tica e funcionalidade<\/strong><\/h3>\n\n\n\n<p>Uma t\u00e9cnica bastante usada por designers \u00e9 aplicar textura apenas em uma parede estrat\u00e9gica \u2014 geralmente a de fundo \u2014 com efeito microcimento, gesso acetinado ou papel de parede com microtextura.<\/p>\n\n\n\n<p>Esses materiais adicionam profundidade sem sobrecarregar, promovendo o equil\u00edbrio entre est\u00edmulo visual e serenidade. E, quando combinados com <strong>cores e texturas que ampliam visualmente microambientes<\/strong>, geram um efeito tridimensional sutil que alonga o campo de vis\u00e3o.<\/p>\n\n\n\n<h3 id='tecidos-e-superf\u00edcies-t\u00eaxteis-textura-como-sensa\u00e7\u00e3o-de-respiro'  class=\"wp-block-heading\"><strong>Tecidos e superf\u00edcies t\u00eaxteis: textura como sensa\u00e7\u00e3o de respiro<\/strong><\/h3>\n\n\n\n<p>Al\u00e9m das paredes, os tecidos tamb\u00e9m s\u00e3o parte essencial do jogo de texturas. Cortinas de linho, tapetes de algod\u00e3o lavado, mantas em tramas abertas e almofadas de tecidos leves criam varia\u00e7\u00f5es t\u00e1teis suaves que refor\u00e7am a ideia de leveza e amplitude.<\/p>\n\n\n\n<p>Essas texturas, quando bem aplicadas, fazem o ambiente parecer mais \u201cvivo\u201d, arejado e sensorialmente confort\u00e1vel \u2014 tudo isso sem comprometer espa\u00e7o f\u00edsico.<\/p>\n\n\n\n<h2 id='aplicar-cores-e-texturas-queliam-visualmente-microambientes-vai-al\u00e9m-do-olhar-\u00e9-tamb\u00e9m-sobre-sentir'  class=\"wp-block-heading\"><strong>Aplicar Cores e Texturas que Ampliam Visualmente Microambientes Vai Al\u00e9m do Olhar: \u00c9 Tamb\u00e9m Sobre Sentir<\/strong><\/h2>\n\n\n\n<p>A combina\u00e7\u00e3o inteligente entre tonalidades claras e texturas discretas oferece mais do que uma ilus\u00e3o \u00f3ptica \u2014 ela entrega uma experi\u00eancia sensorial completa. Em microambientes, onde cada escolha importa, usar <strong>cores e texturas que ampliam visualmente microambientes<\/strong> de forma t\u00e1til e visual \u00e9 o segredo para transformar simplicidade em sofistica\u00e7\u00e3o espacial.<\/p>\n\n\n\n<hr class=\"wp-block-separator has-alpha-channel-opacity\"\/>\n\n\n\n<figure class=\"wp-block-image size-large\"><img data-recalc-dims=\"1\" fetchpriority=\"high\" decoding=\"async\" width=\"1024\" height=\"683\" src=\"https:\/\/i0.wp.com\/1truenote.com\/wp-content\/uploads\/2025\/04\/ChatGPT-Image-1-de-abr.-de-2025-15_45_31.png?resize=1024%2C683&#038;ssl=1\" alt=\"Ambiente compacto com sof\u00e1 bege, almofadas texturizadas, tapete de juta e mesa de centro minimalista; luz natural entra por cortinas transl\u00facidas, refletindo sobre superf\u00edcies claras e refor\u00e7ando a percep\u00e7\u00e3o visual de espa\u00e7o ampliado.\" class=\"wp-image-759\" srcset=\"https:\/\/i0.wp.com\/1truenote.com\/wp-content\/uploads\/2025\/04\/ChatGPT-Image-1-de-abr.-de-2025-15_45_31.png?resize=1024%2C683&amp;ssl=1 1024w, https:\/\/i0.wp.com\/1truenote.com\/wp-content\/uploads\/2025\/04\/ChatGPT-Image-1-de-abr.-de-2025-15_45_31.png?resize=300%2C200&amp;ssl=1 300w, https:\/\/i0.wp.com\/1truenote.com\/wp-content\/uploads\/2025\/04\/ChatGPT-Image-1-de-abr.-de-2025-15_45_31.png?resize=768%2C512&amp;ssl=1 768w, https:\/\/i0.wp.com\/1truenote.com\/wp-content\/uploads\/2025\/04\/ChatGPT-Image-1-de-abr.-de-2025-15_45_31.png?w=1536&amp;ssl=1 1536w\" sizes=\"(max-width: 1024px) 100vw, 1024px\" \/><\/figure>\n\n\n\n<h2 id='contrastes-estrat\u00e9gicos-como-cores-e-texturas-queliam-visualmente-microambientes-podem-criar-profundidade'  class=\"wp-block-heading\"><strong>Contrastes Estrat\u00e9gicos: Como Cores e Texturas que Ampliam Visualmente Microambientes Podem Criar Profundidade<\/strong><\/h2>\n\n\n\n<p>No design de espa\u00e7os compactos, contraste \u00e9 mais do que uma quest\u00e3o de estilo \u2014 \u00e9 uma ferramenta para direcionar o olhar e estruturar o ambiente sem barreiras f\u00edsicas. O uso consciente de <strong>cores e texturas que ampliam visualmente microambientes<\/strong> pode criar profundidade, destacar pontos focais e guiar a percep\u00e7\u00e3o de amplitude com precis\u00e3o.<\/p>\n\n\n\n<h3 id='contrastes-que-funcionam-leves-pontuais-e-intencionais'  class=\"wp-block-heading\"><strong>Contrastes que funcionam: leves, pontuais e intencionais<\/strong><\/h3>\n\n\n\n<p>Contraste n\u00e3o precisa ser sin\u00f4nimo de oposi\u00e7\u00e3o extrema. Em microambientes, o segredo \u00e9 aplicar varia\u00e7\u00f5es suaves que criem ritmo visual, sem pesar. Uma parede de fundo em tom mais escuro (cinza m\u00e9dio, azul petr\u00f3leo suave, verde oliva) em meio a uma base clara pode adicionar profundidade e alongar o ambiente.<\/p>\n\n\n\n<p>O mesmo vale para m\u00f3veis ou objetos decorativos: uma estante de madeira clara em frente a uma parede de cor cont\u00ednua, ou almofadas em tom neutro sobre um sof\u00e1 de tecido cru, por exemplo.<\/p>\n\n\n\n<h3 id='texturas-como-elementos-de-contraste-sutil'  class=\"wp-block-heading\"><strong>Texturas como elementos de contraste sutil<\/strong><\/h3>\n\n\n\n<p>Nem todo contraste precisa vir da cor. As <strong>texturas tamb\u00e9m criam contraste visual<\/strong>, especialmente quando usadas com equil\u00edbrio. Imagine uma parede com textura suave de cimento queimado ao lado de superf\u00edcies lisas em pintura fosca \u2014 o efeito \u00e9 din\u00e2mico e elegante, sem perder a leveza necess\u00e1ria para espa\u00e7os reduzidos.<\/p>\n\n\n\n<p>Al\u00e9m disso, combinar tecidos diferentes (veludo com algod\u00e3o, linho com couro ecol\u00f3gico) tamb\u00e9m enriquece o ambiente sem adicionar \u201cpeso\u201d visual.<\/p>\n\n\n\n<h3 id='onde-evitar-o-contraste-e-por-qu\u00ea'  class=\"wp-block-heading\"><strong>Onde evitar o contraste (e por qu\u00ea)<\/strong><\/h3>\n\n\n\n<p>Aplicar contraste em excesso ou em \u00e1reas erradas pode causar o efeito oposto: divis\u00e3o visual, sensa\u00e7\u00e3o de desordem e redu\u00e7\u00e3o da amplitude. Evite:<\/p>\n\n\n\n<ul class=\"wp-block-list\">\n<li>Contrastes muito fortes entre teto e paredes.<\/li>\n\n\n\n<li>Pisos com cores escuras em excesso em ambientes com pouca luz natural.<\/li>\n\n\n\n<li>Muitos elementos gr\u00e1ficos (estampas, listras, padr\u00f5es geom\u00e9tricos) em sequ\u00eancia.<\/li>\n<\/ul>\n\n\n\n<p>Em microespa\u00e7os, quanto mais fluida a transi\u00e7\u00e3o entre os elementos, mais amplo o ambiente parecer\u00e1.<\/p>\n\n\n\n<h2 id='cores-e-texturas-queliam-visualmente-microambientes-tamb\u00e9m-criam-profundidade-com-harmonia'  class=\"wp-block-heading\"><strong>Cores e Texturas que Ampliam Visualmente Microambientes Tamb\u00e9m Criam Profundidade com Harmonia<\/strong><\/h2>\n\n\n\n<p>Ao usar o contraste como ferramenta intencional \u2014 e n\u00e3o apenas decorativa \u2014 voc\u00ea transforma seu ambiente em uma composi\u00e7\u00e3o visual bem distribu\u00edda, que orienta o olhar e oferece sensa\u00e7\u00e3o de ordem, equil\u00edbrio e profundidade. Quando bem aplicados, os <strong>contrastes em cores e texturas que ampliam visualmente microambientes<\/strong> fazem com que o espa\u00e7o respire, sem precisar de reformas ou amplia\u00e7\u00f5es f\u00edsicas.<\/p>\n\n\n\n<hr class=\"wp-block-separator has-alpha-channel-opacity\"\/>\n\n\n\n<h2 id='ilumina\u00e7\u00e3o-e-reflexo-o-papel-das-cores-e-texturas-queliam-visualmente-microambientes-no-jogo-de-luz'  class=\"wp-block-heading\"><strong>Ilumina\u00e7\u00e3o e Reflexo: O Papel das Cores e Texturas que Ampliam Visualmente Microambientes no Jogo de Luz<\/strong><\/h2>\n\n\n\n<p>N\u00e3o h\u00e1 amplitude sem luz \u2014 e, em microambientes, o comportamento da luz sobre cores e superf\u00edcies \u00e9 determinante. A escolha correta de <strong>cores e texturas que ampliam visualmente microambientes<\/strong> precisa considerar como essas superf\u00edcies interagem com a ilumina\u00e7\u00e3o natural e artificial para criar a ilus\u00e3o de espa\u00e7o fluido e arejado.<\/p>\n\n\n\n<h3 id='espelhos-e-superf\u00edcies-reflexivas-duplicando-o-espa\u00e7o-visual'  class=\"wp-block-heading\"><strong>Espelhos e superf\u00edcies reflexivas: duplicando o espa\u00e7o visual<\/strong><\/h3>\n\n\n\n<p>Espelhos s\u00e3o cl\u00e1ssicos no arsenal de quem deseja ampliar um espa\u00e7o. Eles refletem a luz, repetem elementos do ambiente e criam uma sensa\u00e7\u00e3o de continuidade.<\/p>\n\n\n\n<p>Mas al\u00e9m dos espelhos em si, <strong>superf\u00edcies com brilho leve<\/strong>, como porcelanatos acetinados, pain\u00e9is de vidro e acabamentos laqueados, tamb\u00e9m colaboram com essa sensa\u00e7\u00e3o de expans\u00e3o. Elas espalham a luz pelos cantos do ambiente, diminuindo sombras e ampliando o campo de vis\u00e3o.<\/p>\n\n\n\n<h3 id='cores-que-potencializam-a-luz'  class=\"wp-block-heading\"><strong>Cores que potencializam a luz<\/strong><\/h3>\n\n\n\n<p>Algumas cores reagem melhor \u00e0 luz, especialmente \u00e0 natural. Branco neve, bege claro, ros\u00e9 suave e cinza claro s\u00e3o tons que refletem a luz em vez de absorv\u00ea-la \u2014 o que \u00e9 essencial em c\u00f4modos pequenos e com janelas limitadas.<\/p>\n\n\n\n<p>Essas cores, quando aplicadas em superf\u00edcies lisas ou texturas com baixo relevo, se comportam como difusores de luminosidade, contribuindo para uma sensa\u00e7\u00e3o constante de leveza e frescor.<\/p>\n\n\n\n<h3 id='texturas-e-tecidos-controlando-luz-e-sombra-com-eleg\u00e2ncia'  class=\"wp-block-heading\"><strong>Texturas e tecidos: controlando luz e sombra com eleg\u00e2ncia<\/strong><\/h3>\n\n\n\n<p>O tipo de tecido usado em cortinas, tapetes e m\u00f3veis influencia diretamente na forma como a luz \u00e9 distribu\u00edda no ambiente. Tecidos transl\u00facidos como voil, linho leve ou gaze de algod\u00e3o permitem que a luz entre suavemente, ao mesmo tempo em que filtram o excesso de claridade.<\/p>\n\n\n\n<p>J\u00e1 os tapetes em tons claros com trama baixa e as almofadas em tecidos naturais ajudam a absorver luz de maneira sutil, reduzindo o contraste e deixando o ambiente mais uniforme \u2014 essencial para quem deseja aplicar <strong>cores e texturas que ampliam visualmente microambientes<\/strong> com efici\u00eancia e sofistica\u00e7\u00e3o.<\/p>\n\n\n\n<h2 id='entender-a-luz-\u00e9-essencial-ao-usar-cores-e-texturas-queliam-visualmente-microambientes'  class=\"wp-block-heading\"><strong>Entender a Luz \u00e9 Essencial ao Usar Cores e Texturas que Ampliam Visualmente Microambientes<\/strong><\/h2>\n\n\n\n<p>N\u00e3o basta escolher a cor ou textura \u201ccerta\u201d \u2014 \u00e9 preciso prever como ela vai se comportar sob diferentes condi\u00e7\u00f5es de luz. A ilumina\u00e7\u00e3o, quando bem combinada com materiais estrat\u00e9gicos, tem o poder de transformar um c\u00f4modo pequeno em um ref\u00fagio visualmente leve, amplo e aconchegante. E isso est\u00e1 ao alcance de qualquer projeto, com intelig\u00eancia, sensibilidade e inten\u00e7\u00e3o.<\/p>\n\n\n\n<hr class=\"wp-block-separator has-alpha-channel-opacity\"\/>\n\n\n\n<h2 id='transforme-espa\u00e7os-pequenos-com-cores-e-texturas-queliam-visualmente-microambientes'  class=\"wp-block-heading\"><strong>Transforme Espa\u00e7os Pequenos com Cores e Texturas que Ampliam Visualmente Microambientes<\/strong><\/h2>\n\n\n\n<p>Ampliar um espa\u00e7o n\u00e3o \u00e9 apenas uma quest\u00e3o de layout \u2014 \u00e9 uma quest\u00e3o de percep\u00e7\u00e3o. Ao usar <strong>cores e texturas que ampliam visualmente microambientes<\/strong>, voc\u00ea transforma cada metro quadrado em uma experi\u00eancia visual mais leve, fluida e acolhedora.<\/p>\n\n\n\n<p>Ao longo deste artigo, vimos que as escolhas certas de tonalidade, acabamento e ilumina\u00e7\u00e3o criam mais do que beleza: elas criam liberdade visual. Com um pouco de estrat\u00e9gia, \u00e9 poss\u00edvel transformar qualquer ambiente compacto em um espa\u00e7o de grande presen\u00e7a \u2014 sem reformas, sem desperd\u00edcio, apenas com inten\u00e7\u00e3o e sensibilidade.<\/p>\n\n\n\n<p>A verdadeira amplitude nasce no olhar. E agora, voc\u00ea tem as ferramentas para criar essa ilus\u00e3o com intelig\u00eancia, est\u00e9tica e efici\u00eancia.<\/p>\n\n\n\n<hr class=\"wp-block-separator has-alpha-channel-opacity\"\/>\n\n\n\n<h2 id='faq-perguntas-frequentes-sobre-cores-e-texturas-queliam-visualmente-microambientes'  class=\"wp-block-heading\"><strong>FAQ \u2013 Perguntas Frequentes sobre Cores e Texturas que Ampliam Visualmente Microambientes<\/strong><\/h2>\n\n\n\n<h3 id='1-qual-a-melhor-cor-para-fazer-um-ambiente-parecer-maior'  class=\"wp-block-heading\"><strong>1. Qual a melhor cor para fazer um ambiente parecer maior?<\/strong><\/h3>\n\n\n\n<p>As <strong>cores e texturas que ampliam visualmente microambientes<\/strong> mais eficazes s\u00e3o as cores claras e neutras, como branco, bege suave, cinza claro e azul acinzentado. Elas refletem melhor a luz e criam a sensa\u00e7\u00e3o de amplitude e leveza no ambiente.<\/p>\n\n\n\n<h3 id='2-posso-usar-cores-escuras-em-espa\u00e7os-pequenos'  class=\"wp-block-heading\"><strong>2. Posso usar cores escuras em espa\u00e7os pequenos?<\/strong><\/h3>\n\n\n\n<p>Sim, desde que com modera\u00e7\u00e3o. O ideal \u00e9 utiliz\u00e1-las em pontos estrat\u00e9gicos, como uma parede de fundo ou em detalhes decorativos. Quando equilibradas com tons claros, cores escuras podem adicionar profundidade sem comprometer a sensa\u00e7\u00e3o de espa\u00e7o.<\/p>\n\n\n\n<h3 id='3-as-texturas-realmente-fazem-diferen\u00e7a-na-percep\u00e7\u00e3o-do-espa\u00e7o'  class=\"wp-block-heading\"><strong>3. As texturas realmente fazem diferen\u00e7a na percep\u00e7\u00e3o do espa\u00e7o?<\/strong><\/h3>\n\n\n\n<p>Sim. Texturas suaves e uniformes ajudam a criar fluidez visual, enquanto texturas pesadas ou com alto relevo podem interromper a continuidade e deixar o espa\u00e7o \u201cpesado\u201d. Tecidos naturais e acabamentos foscos s\u00e3o aliados importantes para quem busca <strong>cores e texturas que ampliam visualmente microambientes<\/strong>.<\/p>\n\n\n\n<h3 id='4-\u00e9-verdade-que-espelhosliam-o-ambiente'  class=\"wp-block-heading\"><strong>4. \u00c9 verdade que espelhos ampliam o ambiente?<\/strong><\/h3>\n\n\n\n<p>Totalmente verdade. Espelhos posicionados estrategicamente duplicam a percep\u00e7\u00e3o visual do espa\u00e7o e refletem a luz, tornando o ambiente mais aberto. Eles s\u00e3o um dos recursos mais eficazes e acess\u00edveis para ampliar visualmente microambientes.<\/p>\n\n\n\n<h3 id='5-como-combinar-texturas-sem-deixar-o-espa\u00e7o-polu\u00eddo'  class=\"wp-block-heading\"><strong>5. Como combinar texturas sem deixar o espa\u00e7o polu\u00eddo?<\/strong><\/h3>\n\n\n\n<p>A chave est\u00e1 no equil\u00edbrio. Use no m\u00e1ximo tr\u00eas texturas principais \u2014 como madeira clara, algod\u00e3o e cimento queimado suave \u2014 e mantenha a paleta de cores coesa. Isso garante harmonia e refor\u00e7a o efeito de amplitude sem criar excesso visual.<\/p>","protected":false},"excerpt":{"rendered":"<p>Cores e Texturas que Ampliam Visualmente Microambientes: A Arte de Ampliar com os Olhos Quem vive em ambientes reduzidos sabe&#8230;<\/p>","protected":false},"author":1,"featured_media":758,"comment_status":"open","ping_status":"open","sticky":false,"template":"","format":"standard","meta":{"_kad_post_transparent":"","_kad_post_title":"","_kad_post_layout":"","_kad_post_sidebar_id":"","_kad_post_content_style":"","_kad_post_vertical_padding":"","_kad_post_feature":"","_kad_post_feature_position":"","_kad_post_header":false,"_kad_post_footer":false,"_kad_post_classname":"","footnotes":"","jetpack_publicize_message":"","jetpack_publicize_feature_enabled":true,"jetpack_social_post_already_shared":false,"jetpack_social_options":{"image_generator_settings":{"template":"highway","default_image_id":0,"font":"","enabled":false},"version":2}},"categories":[16],"tags":[14],"class_list":["post-757","post","type-post","status-publish","format-standard","has-post-thumbnail","hentry","category-casa-e-jardim","tag-interiores-inovadores"],"jetpack_publicize_connections":[],"jetpack_featured_media_url":"https:\/\/i0.wp.com\/1truenote.com\/wp-content\/uploads\/2025\/04\/ChatGPT-Image-1-de-abr.-de-2025-15_41_10-e1743532892124.png?fit=1024%2C684&ssl=1","jetpack_sharing_enabled":true,"_links":{"self":[{"href":"https:\/\/1truenote.com\/en\/wp-json\/wp\/v2\/posts\/757","targetHints":{"allow":["GET"]}}],"collection":[{"href":"https:\/\/1truenote.com\/en\/wp-json\/wp\/v2\/posts"}],"about":[{"href":"https:\/\/1truenote.com\/en\/wp-json\/wp\/v2\/types\/post"}],"author":[{"embeddable":true,"href":"https:\/\/1truenote.com\/en\/wp-json\/wp\/v2\/users\/1"}],"replies":[{"embeddable":true,"href":"https:\/\/1truenote.com\/en\/wp-json\/wp\/v2\/comments?post=757"}],"version-history":[{"count":0,"href":"https:\/\/1truenote.com\/en\/wp-json\/wp\/v2\/posts\/757\/revisions"}],"wp:featuredmedia":[{"embeddable":true,"href":"https:\/\/1truenote.com\/en\/wp-json\/wp\/v2\/media\/758"}],"wp:attachment":[{"href":"https:\/\/1truenote.com\/en\/wp-json\/wp\/v2\/media?parent=757"}],"wp:term":[{"taxonomy":"category","embeddable":true,"href":"https:\/\/1truenote.com\/en\/wp-json\/wp\/v2\/categories?post=757"},{"taxonomy":"post_tag","embeddable":true,"href":"https:\/\/1truenote.com\/en\/wp-json\/wp\/v2\/tags?post=757"}],"curies":[{"name":"wp","href":"https:\/\/api.w.org\/{rel}","templated":true}]}}