{"id":745,"date":"2025-03-31T18:05:52","date_gmt":"2025-03-31T18:05:52","guid":{"rendered":"https:\/\/1truenote.com\/?p=745"},"modified":"2025-04-21T17:12:57","modified_gmt":"2025-04-21T17:12:57","slug":"layouts-inteligentes-para-interiores-de-ate-30m%c2%b2","status":"publish","type":"post","link":"https:\/\/1truenote.com\/en\/layouts-inteligentes-para-interiores-de-ate-30m%c2%b2\/","title":{"rendered":"Layouts Inteligentes para Interiores de at\u00e9 30m\u00b2: Como otimizar cada metro com design estrat\u00e9gico"},"content":{"rendered":"<div class=\"fit_content\">\n                <div class=\"bd_toc_container\" data-fixedwidth=\"\">\n                    <div class=\"bd_toc_wrapper\" data-wrapperpadding=\"48px\">\n                        <div class=\"bd_toc_wrapper_item\">\n                            <div class=\"bd_toc_header active\" data-headerpadding=\"2px\">\n                                <div class=\"bd_toc_header_title\">\n                                    Sum\u00e1rio                                <\/div>\n                                <div class=\"bd_toc_switcher_hide_show_icon\">\n                                    <span class=\"bd_toc_arrow\"><\/span>                                <\/div>\n                            <\/div>\n                            <div class=\"bd_toc_content list-type-number\">\n                                <div class=\"bd_toc_content_list\">\n                                    <div class='bd_toc_content_list_item'>    <ul>\n      <li class=\"first\">\n        <a href=\"#menos-espa\u00e7o-mais-estrat\u00e9gia-layouts-inteligentes-para-interiores-de-at\u00e9-30m\u00b2\">Menos Espa\u00e7o, Mais Estrat\u00e9gia: Layouts Inteligentes para Interiores de at\u00e9 30m\u00b2<\/a>\n        <ul class=\"menu_level_2\">\n          <li class=\"first\">\n            <a href=\"#por-que-o-layout-importa-muito-em-espa\u00e7os-reduzidos\">Por que o layout importa (muito) em espa\u00e7os reduzidos?<\/a>\n          <\/li>\n          <li class=\"last\">\n            <a href=\"#funcionalidade-e-est\u00e9tica-uma-dupla-que-n\u00e3o-se-separa\">Funcionalidade e est\u00e9tica: uma dupla que n\u00e3o se separa<\/a>\n          <\/li>\n        <\/ul>\n      <\/li>\n      <li>\n        <a href=\"#princ\u00edpios-fundamentais-do-layout-inteligente\">Princ\u00edpios Fundamentais do Layout Inteligente<\/a>\n        <ul class=\"menu_level_2\">\n          <li class=\"first\">\n            <a href=\"#setoriza\u00e7\u00e3o-sem-barreiras-o-segredo-da-fluidez\">Setoriza\u00e7\u00e3o sem barreiras: o segredo da fluidez<\/a>\n          <\/li>\n          <li>\n            <a href=\"#multifuncionalidade-o-superpoder-dos-m\u00f3veis-compactos\">Multifuncionalidade: o superpoder dos m\u00f3veis compactos<\/a>\n          <\/li>\n          <li class=\"last\">\n            <a href=\"#ergonomia-e-circula\u00e7\u00e3o-mais-do-que-beleza\">Ergonomia e circula\u00e7\u00e3o: mais do que beleza<\/a>\n          <\/li>\n        <\/ul>\n      <\/li>\n      <li>\n        <a href=\"#integra\u00e7\u00e3o-visual-e-ilus\u00f5es-de-amplitude\">Integra\u00e7\u00e3o visual e ilus\u00f5es de amplitude<\/a>\n        <ul class=\"menu_level_2\">\n          <li class=\"first\">\n            <a href=\"#espelhos-multiplicando-espa\u00e7o-e-luz\">Espelhos: multiplicando espa\u00e7o e luz<\/a>\n          <\/li>\n          <li>\n            <a href=\"#cores-claras-e-paletas-harm\u00f4nicas\">Cores claras e paletas harm\u00f4nicas<\/a>\n          <\/li>\n          <li>\n            <a href=\"#ilumina\u00e7\u00e3o-estrat\u00e9gica-o-fator-invis\u00edvel-que-transforma-tudo\">Ilumina\u00e7\u00e3o estrat\u00e9gica: o fator invis\u00edvel que transforma tudo<\/a>\n          <\/li>\n          <li class=\"last\">\n            <a href=\"#uniformidade-de-pisos-e-uso-vertical\">Uniformidade de pisos e uso vertical<\/a>\n          <\/li>\n        <\/ul>\n      <\/li>\n      <li>\n        <a href=\"#estudo-de-casos-3-ambientes-reais-com-solu\u00e7\u00f5es-inteligentes\">Estudo de Casos: 3 Ambientes reais com solu\u00e7\u00f5es inteligentes<\/a>\n        <ul class=\"menu_level_2\">\n          <li class=\"first\">\n            <span><\/span>\n            <ul class=\"menu_level_3\">\n              <li class=\"first last\">\n                <a href=\"#studio-integrado-com-conceito-aberto-27m\u00b2-bem-distribu\u00eddos\">Studio integrado com conceito aberto \u2013 27m\u00b2 bem distribu\u00eddos<\/a>\n              <\/li>\n            <\/ul>\n          <\/li>\n          <li>\n            <a href=\"#quitinete-retr\u00e1til-o-poder-da-transforma\u00e7\u00e3o-em-28m\u00b2\">Quitinete retr\u00e1til: o poder da transforma\u00e7\u00e3o em 28m\u00b2<\/a>\n          <\/li>\n          <li class=\"last\">\n            <a href=\"#home-office-e-bem-estar-em-equil\u00edbrio-30m\u00b2-com-prop\u00f3sito\">Home office e bem-estar em equil\u00edbrio \u2013 30m\u00b2 com prop\u00f3sito<\/a>\n          <\/li>\n        <\/ul>\n      <\/li>\n      <li>\n        <a href=\"#do-planejamento-\u00e0-execu\u00e7\u00e3o-como-criar-seu-layout-ideal\">Do planejamento \u00e0 execu\u00e7\u00e3o: Como criar seu layout ideal<\/a>\n        <ul class=\"menu_level_2\">\n          <li class=\"first\">\n            <a href=\"#1-estabele\u00e7a-suas-prioridades-de-uso\">1. Estabele\u00e7a suas prioridades de uso<\/a>\n          <\/li>\n          <li>\n            <a href=\"#2-me\u00e7a-tudo-e-mais-de-uma-vez\">2. Me\u00e7a tudo (e mais de uma vez)<\/a>\n          <\/li>\n          <li>\n            <a href=\"#3-simule-o-layout-com-ferramentas-digitais\">3. Simule o layout com ferramentas digitais<\/a>\n          <\/li>\n          <li>\n            <a href=\"#4-escolha-m\u00f3veis-vers\u00e1teis-e-modulares\">4. Escolha m\u00f3veis vers\u00e1teis e modulares<\/a>\n          <\/li>\n          <li class=\"last\">\n            <a href=\"#5-quando-chamar-um-especialista\">5. Quando chamar um especialista<\/a>\n          <\/li>\n        <\/ul>\n      <\/li>\n      <li>\n        <a href=\"#conclus\u00e3o-transformar-pequenos-espa\u00e7os-\u00e9-uma-quest\u00e3o-de-estrat\u00e9gia\">Conclus\u00e3o: Transformar pequenos espa\u00e7os \u00e9 uma quest\u00e3o de estrat\u00e9gia<\/a>\n      <\/li>\n      <li class=\"last\">\n        <a href=\"#faq-d\u00favidas-frequentes-sobre-layouts-inteligentes-para-interiores-de-at\u00e9-30m\u00b2\">FAQ \u2013 D\u00favidas Frequentes sobre Layouts Inteligentes para Interiores de at\u00e9 30m\u00b2<\/a>\n        <ul class=\"menu_level_2\">\n          <li class=\"first\">\n            <a href=\"#1-qual-o-melhor-tipo-de-layout-para-apartamentos-de-at\u00e9-30m\u00b2\">1. Qual o melhor tipo de layout para apartamentos de at\u00e9 30m\u00b2?<\/a>\n          <\/li>\n          <li>\n            <a href=\"#2-como-posso-dar-sensa\u00e7\u00e3o-de-amplitude-mesmo-com-espa\u00e7o-reduzido\">2. Como posso dar sensa\u00e7\u00e3o de amplitude mesmo com espa\u00e7o reduzido?<\/a>\n          <\/li>\n          <li>\n            <a href=\"#3-m\u00f3veis-planejados-valem-a-pena-em-espa\u00e7os-pequenos\">3. M\u00f3veis planejados valem a pena em espa\u00e7os pequenos?<\/a>\n          <\/li>\n          <li>\n            <a href=\"#4-como-conciliar-est\u00e9tica-e-funcionalidade-em-ambientes-pequenos\">4. Como conciliar est\u00e9tica e funcionalidade em ambientes pequenos?<\/a>\n          <\/li>\n          <li class=\"last\">\n            <a href=\"#5-\u00e9-poss\u00edvel-ter-uma-cozinha-completa-em-30m\u00b2-de-\u00e1rea-total\">5. \u00c9 poss\u00edvel ter uma cozinha completa em 30m\u00b2 de \u00e1rea total?<\/a>\n          <\/li>\n        <\/ul>\n      <\/li>\n    <\/ul>\n<\/div>                                <\/div>\n                            <\/div>\n                        <\/div>\n                    <\/div>\n                    <div class=\"layout_toggle_button\">\n                        <span class=\"bd_toc_arrow\"><\/span>\n                    <\/div>\n                <\/div>\n            <\/div>\n\n    \n\n\n<h2 id='menos-espa\u00e7o-mais-estrat\u00e9gia-layouts-inteligentes-para-interiores-de-at\u00e9-30m\u00b2'  class=\"wp-block-heading\"><strong>Menos Espa\u00e7o, Mais Estrat\u00e9gia: Layouts Inteligentes para Interiores de at\u00e9 30m\u00b2<\/strong><\/h2>\n\n\n\n<p>Vivemos uma nova era da habita\u00e7\u00e3o urbana. Com o aumento do custo do metro quadrado nas grandes cidades e a busca por um estilo de vida mais pr\u00e1tico, as moradias compactas \u2014 como studios, microapartamentos e tiny houses \u2014 deixaram de ser exce\u00e7\u00e3o para se tornarem uma tend\u00eancia consolidada, com isso, \u00e9 importante ter layouts Inteligentes para Interiores de at\u00e9 30m\u00b2.<\/p>\n\n\n\n<p>Mas viver bem em um espa\u00e7o de at\u00e9 30m\u00b2 n\u00e3o \u00e9 apenas uma quest\u00e3o de adapta\u00e7\u00e3o. \u00c9 uma arte estrat\u00e9gica que come\u00e7a por onde muita gente ignora: o layout.<\/p>\n\n\n\n<h3 id='por-que-o-layout-importa-muito-em-espa\u00e7os-reduzidos'  class=\"wp-block-heading\"><strong>Por que o layout importa (muito) em espa\u00e7os reduzidos?<\/strong><\/h3>\n\n\n\n<p>Ao contr\u00e1rio de im\u00f3veis amplos, onde h\u00e1 margem para erros, um ambiente compacto exige precis\u00e3o milim\u00e9trica. Cada parede, cada canto, cada m\u00f3vel precisa justificar sua presen\u00e7a com fun\u00e7\u00e3o e harmonia. Um layout mal planejado pode comprometer circula\u00e7\u00e3o, sensa\u00e7\u00e3o de conforto e at\u00e9 mesmo o bem-estar no dia a dia.<\/p>\n\n\n\n<p>Por outro lado, um layout inteligente transforma limita\u00e7\u00f5es em oportunidades criativas. Ele otimiza o uso do espa\u00e7o, melhora a funcionalidade do ambiente e potencializa o conforto sem abrir m\u00e3o da est\u00e9tica.<\/p>\n\n\n\n<h3 id='funcionalidade-e-est\u00e9tica-uma-dupla-que-n\u00e3o-se-separa'  class=\"wp-block-heading\"><strong>Funcionalidade e est\u00e9tica: uma dupla que n\u00e3o se separa<\/strong><\/h3>\n\n\n\n<p>Quando se trata de interiores de at\u00e9 30m\u00b2, design bonito e funcional n\u00e3o s\u00e3o lados opostos \u2014 s\u00e3o complementares. O objetivo \u00e9 alcan\u00e7ar solu\u00e7\u00f5es que tornem o ambiente pr\u00e1tico para viver e ao mesmo tempo visualmente agrad\u00e1vel. Isso significa pensar al\u00e9m da decora\u00e7\u00e3o e considerar ergonomia, mobilidade e usabilidade como parte do projeto.<\/p>\n\n\n\n<p>Este artigo vai gui\u00e1-lo por estrat\u00e9gias concretas e aplic\u00e1veis para transformar espa\u00e7os pequenos em ambientes amplos em sensa\u00e7\u00e3o, eficientes em uso e encantadores em personalidade.<\/p>\n\n\n\n<hr class=\"wp-block-separator has-alpha-channel-opacity\"\/>\n\n\n\n<h2 id='princ\u00edpios-fundamentais-do-layout-inteligente'  class=\"wp-block-heading\"><strong>Princ\u00edpios Fundamentais do Layout Inteligente<\/strong><\/h2>\n\n\n\n<p>Ao projetar espa\u00e7os compactos, especialmente em moradias com at\u00e9 30m\u00b2, cada escolha tem um impacto direto na qualidade de vida. \u00c9 nesse cen\u00e1rio que os <strong>layouts inteligentes para interiores de at\u00e9 30m\u00b2<\/strong> se destacam como a chave para transformar limita\u00e7\u00f5es em conforto e efici\u00eancia.<\/p>\n\n\n\n<h3 id='setoriza\u00e7\u00e3o-sem-barreiras-o-segredo-da-fluidez'  class=\"wp-block-heading\"><strong>Setoriza\u00e7\u00e3o sem barreiras: o segredo da fluidez<\/strong><\/h3>\n\n\n\n<p>Separar ambientes n\u00e3o significa erguer paredes. Em pequenos espa\u00e7os, a setoriza\u00e7\u00e3o deve ser visual e funcional. Tapetes, varia\u00e7\u00f5es sutis de cor ou at\u00e9 a disposi\u00e7\u00e3o de m\u00f3veis s\u00e3o formas eficazes de delimitar \u00e1reas como sala, quarto e cozinha sem comprometer a fluidez do ambiente.<\/p>\n\n\n\n<p>A aus\u00eancia de barreiras f\u00edsicas tamb\u00e9m favorece a circula\u00e7\u00e3o e permite uma percep\u00e7\u00e3o mais ampla do espa\u00e7o \u2014 algo fundamental quando se trabalha com layouts inteligentes para interiores de at\u00e9 30m\u00b2.<\/p>\n\n\n\n<h3 id='multifuncionalidade-o-superpoder-dos-m\u00f3veis-compactos'  class=\"wp-block-heading\"><strong>Multifuncionalidade: o superpoder dos m\u00f3veis compactos<\/strong><\/h3>\n\n\n\n<p>Em uma \u00e1rea reduzida, n\u00e3o h\u00e1 espa\u00e7o para elementos com fun\u00e7\u00e3o \u00fanica. Sof\u00e1s-camas, mesas retr\u00e1teis, camas com ba\u00fa, bancadas que se transformam em esta\u00e7\u00e3o de trabalho: essas s\u00e3o pe\u00e7as essenciais em qualquer proposta de layout inteligente.<\/p>\n\n\n\n<p>Mais do que otimizar o uso do espa\u00e7o, m\u00f3veis multifuncionais oferecem flexibilidade. O mesmo ambiente pode se transformar ao longo do dia conforme a necessidade \u2014 trabalho, lazer, descanso \u2014 tudo adapt\u00e1vel.<\/p>\n\n\n\n<h3 id='ergonomia-e-circula\u00e7\u00e3o-mais-do-que-beleza'  class=\"wp-block-heading\"><strong>Ergonomia e circula\u00e7\u00e3o: mais do que beleza<\/strong><\/h3>\n\n\n\n<p>Muitas vezes esquecidos em projetos de interiores, ergonomia e espa\u00e7o de circula\u00e7\u00e3o s\u00e3o cruciais em ambientes pequenos. Respeitar dist\u00e2ncias m\u00ednimas entre m\u00f3veis, garantir que portas e gavetas abram sem obst\u00e1culos e planejar passagens livres s\u00e3o detalhes que fazem a diferen\u00e7a.<\/p>\n\n\n\n<p>Os <strong>layouts inteligentes para interiores de at\u00e9 30m\u00b2<\/strong> precisam unir est\u00e9tica e funcionalidade com precis\u00e3o. E isso s\u00f3 \u00e9 poss\u00edvel com planejamento baseado nas rotinas reais dos moradores.<\/p>\n\n\n\n<hr class=\"wp-block-separator has-alpha-channel-opacity\"\/>\n\n\n\n<h2 id='integra\u00e7\u00e3o-visual-e-ilus\u00f5es-delitude'  class=\"wp-block-heading\"><strong>Integra\u00e7\u00e3o visual e ilus\u00f5es de amplitude<\/strong><\/h2>\n\n\n\n<p>A m\u00e1gica dos <strong>layouts inteligentes para interiores de at\u00e9 30m\u00b2<\/strong> n\u00e3o est\u00e1 apenas em m\u00f3veis bem-posicionados, mas tamb\u00e9m nas solu\u00e7\u00f5es visuais que fazem o espa\u00e7o parecer maior do que realmente \u00e9. Essas t\u00e9cnicas s\u00e3o acess\u00edveis, eficazes e transformadoras \u2014 especialmente em ambientes compactos.<\/p>\n\n\n\n<h3 id='espelhos-multiplicando-espa\u00e7o-e-luz'  class=\"wp-block-heading\"><strong>Espelhos: multiplicando espa\u00e7o e luz<\/strong><\/h3>\n\n\n\n<p>Espelhos s\u00e3o aliados estrat\u00e9gicos no design de interiores reduzidos. Quando bem posicionados \u2014 especialmente pr\u00f3ximos a janelas ou em paredes laterais \u2014, eles duplicam a percep\u00e7\u00e3o visual do ambiente e refletem a luz natural, ampliando a sensa\u00e7\u00e3o de profundidade.<\/p>\n\n\n\n<p>N\u00e3o \u00e9 necess\u00e1rio exagerar. Um espelho grande, com moldura discreta, pode ser suficiente para criar um impacto expressivo nos <strong>layouts inteligentes para interiores de at\u00e9 30m\u00b2<\/strong>.<\/p>\n\n\n\n<h3 id='cores-claras-e-paletas-harm\u00f4nicas'  class=\"wp-block-heading\"><strong>Cores claras e paletas harm\u00f4nicas<\/strong><\/h3>\n\n\n\n<p>Tons claros, como branco, bege, cinza claro e past\u00e9is, ampliam a luminosidade e trazem leveza visual. Em ambientes pequenos, o uso de uma paleta monocrom\u00e1tica com varia\u00e7\u00f5es suaves de tom pode criar continuidade e evitar divis\u00f5es visuais abruptas.<\/p>\n\n\n\n<p>Cores escuras ou vibrantes n\u00e3o precisam ser abolidas, mas devem ser usadas em detalhes ou elementos pontuais \u2014 como almofadas, quadros ou pequenos objetos decorativos.<\/p>\n\n\n\n<h3 id='ilumina\u00e7\u00e3o-estrat\u00e9gica-o-fator-invis\u00edvel-que-transforma-tudo'  class=\"wp-block-heading\"><strong>Ilumina\u00e7\u00e3o estrat\u00e9gica: o fator invis\u00edvel que transforma tudo<\/strong><\/h3>\n\n\n\n<p>A ilumina\u00e7\u00e3o bem planejada valoriza cada cantinho do espa\u00e7o. Em vez de uma \u00fanica lumin\u00e1ria central, opte por pontos de luz distribu\u00eddos: fitas de LED sob prateleiras, lumin\u00e1rias de parede, pendentes sobre bancadas. Essa diversidade de fontes cria camadas de luz que valorizam texturas e geram acolhimento.<\/p>\n\n\n\n<p>Al\u00e9m disso, uma ilumina\u00e7\u00e3o direcionada pode ajudar a definir fun\u00e7\u00f5es dos ambientes, o que \u00e9 essencial nos <strong>layouts inteligentes para interiores de at\u00e9 30m\u00b2<\/strong>.<\/p>\n\n\n\n<h3 id='uniformidade-de-pisos-e-uso-vertical'  class=\"wp-block-heading\"><strong>Uniformidade de pisos e uso vertical<\/strong><\/h3>\n\n\n\n<p>Usar o mesmo tipo de piso em todo o im\u00f3vel refor\u00e7a a sensa\u00e7\u00e3o de continuidade, eliminando divis\u00f5es visuais. J\u00e1 as paredes podem (e devem) ser exploradas verticalmente com nichos, prateleiras e arm\u00e1rios a\u00e9reos que ampliam a \u00e1rea \u00fatil sem ocupar o ch\u00e3o.<\/p>\n\n\n\n<p>A soma dessas t\u00e9cnicas resulta em ambientes mais fluidos, leves e surpreendentemente funcionais, provando que, com o layout certo, cada cent\u00edmetro pode ser bem aproveitado.<\/p>\n\n\n\n<hr class=\"wp-block-separator has-alpha-channel-opacity\"\/>\n\n\n\n<h2 id='estudo-de-casos-3-ambientes-reais-com-solu\u00e7\u00f5es-inteligentes'  class=\"wp-block-heading\"><strong>Estudo de Casos: 3 Ambientes reais com solu\u00e7\u00f5es inteligentes<\/strong><\/h2>\n\n\n\n<p>Ver para crer \u2014 e, no caso dos <strong>layouts inteligentes para interiores de at\u00e9 30m\u00b2<\/strong>, visualizar boas pr\u00e1ticas aplicadas no mundo real ajuda a entender como pequenos ajustes podem gerar grandes transforma\u00e7\u00f5es. A seguir, tr\u00eas ambientes reais que ilustram solu\u00e7\u00f5es eficazes para diferentes perfis e necessidades.<\/p>\n\n\n\n<h4 id='studio-integrado-com-conceito-aberto-27m\u00b2-bem-distribu\u00eddos'  class=\"wp-block-heading\"><strong>Studio integrado com conceito aberto \u2013 27m\u00b2 bem distribu\u00eddos<\/strong><\/h4>\n\n\n\n<p>Neste studio localizado em uma zona urbana densa, a aposta foi pela integra\u00e7\u00e3o total. Sala, quarto e cozinha compartilham o mesmo ambiente, separados apenas por mobili\u00e1rio estrat\u00e9gico e ilumina\u00e7\u00e3o diferenciada.<\/p>\n\n\n\n<p>A cama foi posicionada junto \u00e0 janela, elevada em uma base com gavet\u00f5es para armazenamento. Uma estante vazada separa a sala, funcionando ao mesmo tempo como divis\u00f3ria e organizador. O uso de tons neutros, piso \u00fanico e cortinas do teto ao ch\u00e3o ampliou a percep\u00e7\u00e3o de profundidade.<\/p>\n\n\n\n<p>Esse projeto \u00e9 um exemplo claro de como <strong>layouts inteligentes para interiores de at\u00e9 30m\u00b2<\/strong> podem criar solu\u00e7\u00f5es de alto desempenho sem comprometer o estilo.<\/p>\n\n\n\n<h3 id='quitinete-retr\u00e1til-o-poder-da-transforma\u00e7\u00e3o-em-28m\u00b2'  class=\"wp-block-heading\"><strong>Quitinete retr\u00e1til: o poder da transforma\u00e7\u00e3o em 28m\u00b2<\/strong><\/h3>\n\n\n\n<p>Um espa\u00e7o compacto, funcional e totalmente adapt\u00e1vel. A quitinete foi equipada com um sistema retr\u00e1til de mobili\u00e1rio: a cama desce da parede, a mesa se recolhe para virar aparador, e o painel de TV gira para atender diferentes \u00e2ngulos.<\/p>\n\n\n\n<p>Toda a marcenaria foi planejada sob medida, com portas deslizantes e arm\u00e1rios a\u00e9reos at\u00e9 o teto. Al\u00e9m disso, a integra\u00e7\u00e3o da cozinha com a sala foi feita com uma ilha funcional que serve como mesa de refei\u00e7\u00f5es e bancada de preparo.<\/p>\n\n\n\n<p>A flexibilidade do espa\u00e7o refor\u00e7a como os <strong>layouts inteligentes para interiores de at\u00e9 30m\u00b2<\/strong> precisam antecipar as rotinas e adaptar-se \u00e0 multifuncionalidade di\u00e1ria.<\/p>\n\n\n\n<h3 id='home-office-e-bem-estar-em-equil\u00edbrio-30m\u00b2-com-prop\u00f3sito'  class=\"wp-block-heading\"><strong>Home office e bem-estar em equil\u00edbrio \u2013 30m\u00b2 com prop\u00f3sito<\/strong><\/h3>\n\n\n\n<p>Com o crescimento do trabalho remoto, muitos moradores de espa\u00e7os pequenos buscam equilibrar produtividade e conforto. Neste exemplo, o escrit\u00f3rio foi integrado ao dormit\u00f3rio atrav\u00e9s de uma bancada sob a janela, com ilumina\u00e7\u00e3o natural abundante.<\/p>\n\n\n\n<p>O layout priorizou a ergonomia, sem abrir m\u00e3o da sensa\u00e7\u00e3o de aconchego. Nichos verticais foram usados para organizar documentos e livros, liberando espa\u00e7o \u00fatil na bancada.<\/p>\n\n\n\n<p>O uso criativo da parede lateral com pain\u00e9is decorativos ac\u00fasticos contribuiu para o isolamento sonoro \u2014 um detalhe essencial para quem trabalha de casa em ambientes reduzidos.<\/p>\n\n\n\n<hr class=\"wp-block-separator has-alpha-channel-opacity\"\/>\n\n\n\n<figure class=\"wp-block-image size-large\"><img data-recalc-dims=\"1\" fetchpriority=\"high\" decoding=\"async\" width=\"1024\" height=\"683\" src=\"https:\/\/i0.wp.com\/1truenote.com\/wp-content\/uploads\/2025\/03\/ChatGPT-Image-31-de-mar.-de-2025-15_01_55.png?resize=1024%2C683&#038;ssl=1\" alt=\"Layouts Inteligentes para Interiores de at\u00e9 30m\u00b2: Como otimizar cada metro com design estrat\u00e9gico\" class=\"wp-image-748\" srcset=\"https:\/\/i0.wp.com\/1truenote.com\/wp-content\/uploads\/2025\/03\/ChatGPT-Image-31-de-mar.-de-2025-15_01_55.png?resize=1024%2C683&amp;ssl=1 1024w, https:\/\/i0.wp.com\/1truenote.com\/wp-content\/uploads\/2025\/03\/ChatGPT-Image-31-de-mar.-de-2025-15_01_55.png?resize=300%2C200&amp;ssl=1 300w, https:\/\/i0.wp.com\/1truenote.com\/wp-content\/uploads\/2025\/03\/ChatGPT-Image-31-de-mar.-de-2025-15_01_55.png?resize=768%2C512&amp;ssl=1 768w, https:\/\/i0.wp.com\/1truenote.com\/wp-content\/uploads\/2025\/03\/ChatGPT-Image-31-de-mar.-de-2025-15_01_55.png?w=1536&amp;ssl=1 1536w\" sizes=\"(max-width: 1024px) 100vw, 1024px\" \/><\/figure>\n\n\n\n<h2 id='do-planejamento-\u00e0-execu\u00e7\u00e3o-como-criar-seu-layout-ideal'  class=\"wp-block-heading\"><strong>Do planejamento \u00e0 execu\u00e7\u00e3o: Como criar seu layout ideal<\/strong><\/h2>\n\n\n\n<p>Projetar um ambiente compacto exige mais do que bom gosto: \u00e9 necess\u00e1rio estrat\u00e9gia, an\u00e1lise de rotina e, acima de tudo, planejamento. A seguir, um passo a passo para transformar ideias em solu\u00e7\u00f5es pr\u00e1ticas, sempre com base nos <strong>layouts inteligentes para interiores de at\u00e9 30m\u00b2<\/strong>.<\/p>\n\n\n\n<h3 id='1-estabele\u00e7a-suas-prioridades-de-uso'  class=\"wp-block-heading\"><strong>1. Estabele\u00e7a suas prioridades de uso<\/strong><\/h3>\n\n\n\n<p>Antes de escolher m\u00f3veis ou cores, responda: <em>quais fun\u00e7\u00f5es seu espa\u00e7o precisa atender diariamente?<\/em> Dormir, cozinhar, estudar, receber visitas? Entender essas prioridades ajuda a definir os ambientes que merecem mais espa\u00e7o e quais podem ser integrados ou multifuncionais.<\/p>\n\n\n\n<p>Lembre-se: o layout ideal \u00e9 aquele que se adapta \u00e0 sua rotina \u2014 e n\u00e3o o contr\u00e1rio.<\/p>\n\n\n\n<h3 id='2-me\u00e7a-tudo-e-mais-de-uma-vez'  class=\"wp-block-heading\"><strong>2. Me\u00e7a tudo (e mais de uma vez)<\/strong><\/h3>\n\n\n\n<p>Uma trena ser\u00e1 sua melhor aliada. Em espa\u00e7os pequenos, cada cent\u00edmetro conta. Tire medidas precisas das paredes, aberturas, alturas e inclua elementos como tomadas, rodap\u00e9s e vigas. Essa etapa evita erros na hora de escolher ou encomendar m\u00f3veis sob medida.<\/p>\n\n\n\n<p>Muitos erros em <strong>layouts inteligentes para interiores de at\u00e9 30m\u00b2<\/strong> surgem da falta de precis\u00e3o no levantamento do espa\u00e7o.<\/p>\n\n\n\n<h3 id='3-simule-o-layout-com-ferramentas-digitais'  class=\"wp-block-heading\"><strong>3. Simule o layout com ferramentas digitais<\/strong><\/h3>\n\n\n\n<p>Aplicativos como SketchUp, Roomstyler, Homestyler e at\u00e9 o Planner5D permitem criar simula\u00e7\u00f5es tridimensionais do ambiente, testar a disposi\u00e7\u00e3o dos m\u00f3veis e prever pontos cr\u00edticos de circula\u00e7\u00e3o. Para quem n\u00e3o tem familiaridade com ferramentas t\u00e9cnicas, h\u00e1 vers\u00f5es intuitivas e gratuitas.<\/p>\n\n\n\n<p>Ver o layout no papel \u2014 ou na tela \u2014 antes de executar evita retrabalho e desperd\u00edcio.<\/p>\n\n\n\n<h3 id='4-escolha-m\u00f3veis-vers\u00e1teis-e-modulares'  class=\"wp-block-heading\"><strong>4. Escolha m\u00f3veis vers\u00e1teis e modulares<\/strong><\/h3>\n\n\n\n<p>Ao comprar ou encomendar mobili\u00e1rio, priorize modelos que cumpram mais de uma fun\u00e7\u00e3o: mesas dobr\u00e1veis, camas com gavetas, estantes divis\u00f3rias. Se poss\u00edvel, aposte em pe\u00e7as modulares que podem ser rearranjadas conforme a necessidade do momento.<\/p>\n\n\n\n<p>Essa flexibilidade \u00e9 a espinha dorsal dos <strong>layouts inteligentes para interiores de at\u00e9 30m\u00b2<\/strong>, garantindo que o espa\u00e7o evolua junto com suas necessidades.<\/p>\n\n\n\n<h3 id='5-quando-chamar-um-especialista'  class=\"wp-block-heading\"><strong>5. Quando chamar um especialista<\/strong><\/h3>\n\n\n\n<p>Embora muitos projetos possam ser feitos de forma aut\u00f4noma, h\u00e1 momentos em que a ajuda profissional \u00e9 essencial \u2014 especialmente se o espa\u00e7o exigir marcenaria planejada, solu\u00e7\u00f5es estruturais ou se o morador busca alto desempenho ac\u00fastico, t\u00e9rmico e visual.<\/p>\n\n\n\n<p>Um arquiteto especializado em interiores compactos pode transformar um bom projeto em algo excepcional, com solu\u00e7\u00f5es que voc\u00ea talvez nem soubesse que existiam.<\/p>\n\n\n\n<hr class=\"wp-block-separator has-alpha-channel-opacity\"\/>\n\n\n\n<h2 id='conclus\u00e3o-transformar-pequenos-espa\u00e7os-\u00e9-uma-quest\u00e3o-de-estrat\u00e9gia'  class=\"wp-block-heading\"><strong>Conclus\u00e3o: Transformar pequenos espa\u00e7os \u00e9 uma quest\u00e3o de estrat\u00e9gia<\/strong><\/h2>\n\n\n\n<p>Os espa\u00e7os compactos n\u00e3o s\u00e3o sin\u00f4nimo de limita\u00e7\u00f5es \u2014 s\u00e3o convites \u00e0 criatividade. Com o planejamento certo, conhecimento t\u00e9cnico e foco na funcionalidade, \u00e9 poss\u00edvel transformar qualquer ambiente reduzido em um lar confort\u00e1vel, bonito e extremamente funcional.<\/p>\n\n\n\n<p>Ao longo deste artigo, vimos como os <strong>layouts inteligentes para interiores de at\u00e9 30m\u00b2<\/strong> s\u00e3o capazes de potencializar cada metro quadrado com solu\u00e7\u00f5es acess\u00edveis, modernas e eficientes. Desde a escolha dos m\u00f3veis at\u00e9 a ilumina\u00e7\u00e3o e a setoriza\u00e7\u00e3o, cada detalhe conta quando o objetivo \u00e9 viver bem em pouco espa\u00e7o.<\/p>\n\n\n\n<p>O segredo est\u00e1 em pensar al\u00e9m da metragem e enxergar o potencial de cada cent\u00edmetro. Quando est\u00e9tica e funcionalidade andam juntas, o resultado \u00e9 mais do que um ambiente bonito \u2014 \u00e9 um estilo de vida vi\u00e1vel, sustent\u00e1vel e alinhado \u00e0s necessidades contempor\u00e2neas.<\/p>\n\n\n\n<p>Se voc\u00ea est\u00e1 prestes a transformar seu pequeno espa\u00e7o, lembre-se: o layout \u00e9 o ponto de partida para viver grande, mesmo em metros reduzidos.<\/p>\n\n\n\n<hr class=\"wp-block-separator has-alpha-channel-opacity\"\/>\n\n\n\n<h2 id='faq-d\u00favidas-frequentes-sobre-layouts-inteligentes-para-interiores-de-at\u00e9-30m\u00b2'  class=\"wp-block-heading\"><strong>FAQ \u2013 D\u00favidas Frequentes sobre Layouts Inteligentes para Interiores de at\u00e9 30m\u00b2<\/strong><\/h2>\n\n\n\n<h3 id='1-qual-o-melhor-tipo-de-layout-para-apartamentos-de-at\u00e9-30m\u00b2'  class=\"wp-block-heading\"><strong>1. Qual o melhor tipo de layout para apartamentos de at\u00e9 30m\u00b2?<\/strong><\/h3>\n\n\n\n<p>O melhor layout \u00e9 aquele que integra os ambientes de forma fluida, sem barreiras visuais r\u00edgidas, e prioriza m\u00f3veis multifuncionais. Ambientes abertos, com boa circula\u00e7\u00e3o e aproveitamento vertical, s\u00e3o ideais nos <strong>layouts inteligentes para interiores de at\u00e9 30m\u00b2<\/strong>.<\/p>\n\n\n\n<h3 id='2-como-posso-dar-sensa\u00e7\u00e3o-delitude-mesmo-com-espa\u00e7o-reduzido'  class=\"wp-block-heading\"><strong>2. Como posso dar sensa\u00e7\u00e3o de amplitude mesmo com espa\u00e7o reduzido?<\/strong><\/h3>\n\n\n\n<p>Utilize cores claras, espelhos, ilumina\u00e7\u00e3o abundante e elimine divis\u00f3rias desnecess\u00e1rias. A uniformidade de piso e o uso de m\u00f3veis baixos tamb\u00e9m ajudam a ampliar a percep\u00e7\u00e3o visual do ambiente.<\/p>\n\n\n\n<h3 id='3-m\u00f3veis-planejados-valem-a-pena-em-espa\u00e7os-pequenos'  class=\"wp-block-heading\"><strong>3. M\u00f3veis planejados valem a pena em espa\u00e7os pequenos?<\/strong><\/h3>\n\n\n\n<p>Sim. Em \u00e1reas compactas, os m\u00f3veis planejados permitem aproveitamento m\u00e1ximo de cada cent\u00edmetro. Arm\u00e1rios at\u00e9 o teto, nichos embutidos e m\u00f3veis sob medida fazem parte dos <strong>layouts inteligentes para interiores de at\u00e9 30m\u00b2<\/strong> mais eficientes.<\/p>\n\n\n\n<h3 id='4-como-conciliar-est\u00e9tica-e-funcionalidade-em-ambientes-pequenos'  class=\"wp-block-heading\"><strong>4. Como conciliar est\u00e9tica e funcionalidade em ambientes pequenos?<\/strong><\/h3>\n\n\n\n<p>Escolha m\u00f3veis e objetos decorativos que tenham fun\u00e7\u00e3o pr\u00e1tica e, ao mesmo tempo, combinem com o estilo desejado. A est\u00e9tica deve servir \u00e0 funcionalidade e vice-versa, formando um equil\u00edbrio visual e pr\u00e1tico.<\/p>\n\n\n\n<h3 id='5-\u00e9-poss\u00edvel-ter-uma-cozinha-completa-em-30m\u00b2-de-\u00e1rea-total'  class=\"wp-block-heading\"><strong>5. \u00c9 poss\u00edvel ter uma cozinha completa em 30m\u00b2 de \u00e1rea total?<\/strong><\/h3>\n\n\n\n<p>Sim. Com o uso de m\u00f3dulos compactos, eletrodom\u00e9sticos embutidos e boa setoriza\u00e7\u00e3o, \u00e9 perfeitamente poss\u00edvel ter uma cozinha funcional e completa dentro de projetos de <strong>layouts inteligentes para interiores de at\u00e9 30m\u00b2<\/strong>.<\/p>\n\n\n\n<p>Voc\u00ea tamb\u00e9m pode conferir mais informa\u00e7\u00f5es no nosso artigo sobre <a href=\"https:\/\/1truenote.com\/en\/projetos-funcionais-para-organizacao-inteligente-de-espacos-compactos-com-solucoes-praticas-e-bem-planejadas\/\" data-type=\"link\" data-id=\"https:\/\/1truenote.com\/projetos-funcionais-para-organizacao-inteligente-de-espacos-compactos-com-solucoes-praticas-e-bem-planejadas\/\">projetos funcionais para organiza\u00e7\u00e3o inteligente de espa\u00e7os compactos com solu\u00e7\u00f5es pr\u00e1ticas e bem planejadas<\/a>!<\/p>","protected":false},"excerpt":{"rendered":"<p>Menos Espa\u00e7o, Mais Estrat\u00e9gia: Layouts Inteligentes para Interiores de at\u00e9 30m\u00b2 Vivemos uma nova era da habita\u00e7\u00e3o urbana. Com o&#8230;<\/p>","protected":false},"author":1,"featured_media":746,"comment_status":"open","ping_status":"open","sticky":false,"template":"","format":"standard","meta":{"_kad_post_transparent":"","_kad_post_title":"","_kad_post_layout":"","_kad_post_sidebar_id":"","_kad_post_content_style":"","_kad_post_vertical_padding":"","_kad_post_feature":"","_kad_post_feature_position":"","_kad_post_header":false,"_kad_post_footer":false,"_kad_post_classname":"","footnotes":"","jetpack_publicize_message":"","jetpack_publicize_feature_enabled":true,"jetpack_social_post_already_shared":false,"jetpack_social_options":{"image_generator_settings":{"template":"highway","default_image_id":0,"font":"","enabled":false},"version":2}},"categories":[16],"tags":[14],"class_list":["post-745","post","type-post","status-publish","format-standard","has-post-thumbnail","hentry","category-casa-e-jardim","tag-interiores-inovadores"],"jetpack_publicize_connections":[],"jetpack_featured_media_url":"https:\/\/i0.wp.com\/1truenote.com\/wp-content\/uploads\/2025\/03\/image-5-e1743444471383.png?fit=1024%2C683&ssl=1","jetpack_sharing_enabled":true,"_links":{"self":[{"href":"https:\/\/1truenote.com\/en\/wp-json\/wp\/v2\/posts\/745","targetHints":{"allow":["GET"]}}],"collection":[{"href":"https:\/\/1truenote.com\/en\/wp-json\/wp\/v2\/posts"}],"about":[{"href":"https:\/\/1truenote.com\/en\/wp-json\/wp\/v2\/types\/post"}],"author":[{"embeddable":true,"href":"https:\/\/1truenote.com\/en\/wp-json\/wp\/v2\/users\/1"}],"replies":[{"embeddable":true,"href":"https:\/\/1truenote.com\/en\/wp-json\/wp\/v2\/comments?post=745"}],"version-history":[{"count":0,"href":"https:\/\/1truenote.com\/en\/wp-json\/wp\/v2\/posts\/745\/revisions"}],"wp:featuredmedia":[{"embeddable":true,"href":"https:\/\/1truenote.com\/en\/wp-json\/wp\/v2\/media\/746"}],"wp:attachment":[{"href":"https:\/\/1truenote.com\/en\/wp-json\/wp\/v2\/media?parent=745"}],"wp:term":[{"taxonomy":"category","embeddable":true,"href":"https:\/\/1truenote.com\/en\/wp-json\/wp\/v2\/categories?post=745"},{"taxonomy":"post_tag","embeddable":true,"href":"https:\/\/1truenote.com\/en\/wp-json\/wp\/v2\/tags?post=745"}],"curies":[{"name":"wp","href":"https:\/\/api.w.org\/{rel}","templated":true}]}}