{"id":732,"date":"2025-03-27T16:01:50","date_gmt":"2025-03-27T16:01:50","guid":{"rendered":"https:\/\/1truenote.com\/?p=732"},"modified":"2025-04-21T17:13:15","modified_gmt":"2025-04-21T17:13:15","slug":"microcasas-construidas-com-madeira-reciclada-e-vidro-reaproveitado-no-brasil","status":"publish","type":"post","link":"https:\/\/1truenote.com\/en\/microcasas-construidas-com-madeira-reciclada-e-vidro-reaproveitado-no-brasil\/","title":{"rendered":"Microcasas constru\u00eddas com madeira reciclada e vidro reaproveitado no Brasil"},"content":{"rendered":"<div class=\"fit_content\">\n                <div class=\"bd_toc_container\" data-fixedwidth=\"\">\n                    <div class=\"bd_toc_wrapper\" data-wrapperpadding=\"48px\">\n                        <div class=\"bd_toc_wrapper_item\">\n                            <div class=\"bd_toc_header active\" data-headerpadding=\"2px\">\n                                <div class=\"bd_toc_header_title\">\n                                    Sum\u00e1rio                                <\/div>\n                                <div class=\"bd_toc_switcher_hide_show_icon\">\n                                    <span class=\"bd_toc_arrow\"><\/span>                                <\/div>\n                            <\/div>\n                            <div class=\"bd_toc_content list-type-number\">\n                                <div class=\"bd_toc_content_list\">\n                                    <div class='bd_toc_content_list_item'>    <ul>\n      <li class=\"first\">\n        <a href=\"#constru\u00e7\u00f5es-compactas-com-materiais-reaproveitados-ganham-for\u00e7a-no-brasil\">Constru\u00e7\u00f5es compactas com materiais reaproveitados ganham for\u00e7a no Brasil<\/a>\n      <\/li>\n      <li>\n        <a href=\"#benef\u00edcios-do-uso-de-madeira-reciclada-e-vidro-reaproveitado-em-microcasas\">Benef\u00edcios do uso de madeira reciclada e vidro reaproveitado em microcasas<\/a>\n        <ul class=\"menu_level_2\">\n          <li class=\"first\">\n            <a href=\"#redu\u00e7\u00e3o-significativa-de-impacto-ambiental\">Redu\u00e7\u00e3o significativa de impacto ambiental<\/a>\n          <\/li>\n          <li>\n            <a href=\"#economia-financeira-com-materiais-sustent\u00e1veis\">Economia financeira com materiais sustent\u00e1veis<\/a>\n          <\/li>\n          <li class=\"last\">\n            <a href=\"#est\u00e9tica-r\u00fastica-e-criativa-que-valoriza-o-design\">Est\u00e9tica r\u00fastica e criativa que valoriza o design<\/a>\n          <\/li>\n        <\/ul>\n      <\/li>\n      <li>\n        <a href=\"#projetos-inspiradores-no-brasil-com-madeira-reciclada\">Projetos inspiradores no Brasil com madeira reciclada<\/a>\n        <ul class=\"menu_level_2\">\n          <li class=\"first\">\n            <a href=\"#exemplos-de-microcasas-brasileiras-que-apostaram-na-madeira-reutilizada\">Exemplos de microcasas brasileiras que apostaram na madeira reutilizada<\/a>\n          <\/li>\n          <li>\n            <a href=\"#t\u00e9cnicas-de-constru\u00e7\u00e3o-eficientes-e-sustent\u00e1veis\">T\u00e9cnicas de constru\u00e7\u00e3o eficientes e sustent\u00e1veis<\/a>\n          <\/li>\n          <li class=\"last\">\n            <a href=\"#como-obter-madeira-reciclada-de-forma-confi\u00e1vel-e-segura\">Como obter madeira reciclada de forma confi\u00e1vel e segura<\/a>\n          <\/li>\n        <\/ul>\n      <\/li>\n      <li>\n        <a href=\"#aproveitamento-inteligente-de-vidro-reaproveitado-nas-microcasas\">Aproveitamento inteligente de vidro reaproveitado nas microcasas<\/a>\n        <ul class=\"menu_level_2\">\n          <li class=\"first\">\n            <a href=\"#benef\u00edcios-t\u00e9rmicos-e-luminosidade-natural-com-vidro-reciclado\">Benef\u00edcios t\u00e9rmicos e luminosidade natural com vidro reciclado<\/a>\n          <\/li>\n          <li>\n            <a href=\"#tipos-de-vidro-mais-indicados-e-como-garantir-seguran\u00e7a-estrutural\">Tipos de vidro mais indicados e como garantir seguran\u00e7a estrutural<\/a>\n          <\/li>\n          <li class=\"last\">\n            <a href=\"#como-harmonizar-vidro-e-madeira-na-arquitetura-compacta\">Como harmonizar vidro e madeira na arquitetura compacta<\/a>\n          <\/li>\n        <\/ul>\n      <\/li>\n      <li>\n        <a href=\"#desafios-e-solu\u00e7\u00f5es-pr\u00e1ticas-na-constru\u00e7\u00e3o-sustent\u00e1vel-com-materiais-reciclados\">Desafios e solu\u00e7\u00f5es pr\u00e1ticas na constru\u00e7\u00e3o sustent\u00e1vel com materiais reciclados<\/a>\n        <ul class=\"menu_level_2\">\n          <li class=\"first\">\n            <a href=\"#principais-desafios-enfrentados-na-reutiliza\u00e7\u00e3o-desses-materiais\">Principais desafios enfrentados na reutiliza\u00e7\u00e3o desses materiais<\/a>\n          <\/li>\n          <li>\n            <a href=\"#t\u00e9cnicas-e-cuidados-para-garantir-a-durabilidade-e-seguran\u00e7a-estrutural\">T\u00e9cnicas e cuidados para garantir a durabilidade e seguran\u00e7a estrutural<\/a>\n          <\/li>\n          <li class=\"last\">\n            <a href=\"#dicas-pr\u00e1ticas-para-um-projeto-sustent\u00e1vel-bem-sucedido\">Dicas pr\u00e1ticas para um projeto sustent\u00e1vel bem-sucedido<\/a>\n          <\/li>\n        <\/ul>\n      <\/li>\n      <li>\n        <a href=\"#conclus\u00e3o-do-artigo-microcasas-constru\u00eddas-com-madeira-reciclada-e-vidro-reaproveitado-no-brasil\">Conclus\u00e3o do artigo: Microcasas constru\u00eddas com madeira reciclada e vidro reaproveitado no Brasil<\/a>\n      <\/li>\n      <li class=\"last\">\n        <a href=\"#faq-perguntas-frequentes-sobre-microcasas-constru\u00eddas-com-madeira-reciclada-e-vidro-reaproveitado-no-brasil\">FAQ \u2013 Perguntas frequentes sobre microcasas constru\u00eddas com madeira reciclada e vidro reaproveitado no Brasil<\/a>\n        <ul class=\"menu_level_2\">\n          <li class=\"first\">\n            <a href=\"#\u00e9-mais-barato-construir-microcasas-com-materiais-reciclados\">\u00c9 mais barato construir microcasas com materiais reciclados?<\/a>\n          <\/li>\n          <li>\n            <a href=\"#como-saber-se-a-madeira-reciclada-tem-qualidade-suficiente\">Como saber se a madeira reciclada tem qualidade suficiente?<\/a>\n          <\/li>\n          <li>\n            <a href=\"#quais-s\u00e3o-os-cuidados-especiais-com-vidro-reaproveitado\">Quais s\u00e3o os cuidados especiais com vidro reaproveitado?<\/a>\n          <\/li>\n          <li>\n            <a href=\"#\u00e9-poss\u00edvel-financiar-uma-microcasa-sustent\u00e1vel-no-brasil\">\u00c9 poss\u00edvel financiar uma microcasa sustent\u00e1vel no Brasil?<\/a>\n          <\/li>\n          <li>\n            <a href=\"#materiais-reciclados-reduzem-a-vida-\u00fatil-da-microcasa\">Materiais reciclados reduzem a vida \u00fatil da microcasa?<\/a>\n          <\/li>\n          <li>\n            <a href=\"#vidros-reciclados-oferecem-isolamento-t\u00e9rmico-suficiente\">Vidros reciclados oferecem isolamento t\u00e9rmico suficiente?<\/a>\n          <\/li>\n          <li>\n            <a href=\"#quais-os-cuidados-com-a-impermeabiliza\u00e7\u00e3o-em-constru\u00e7\u00f5es-com-madeira-reciclada\">Quais os cuidados com a impermeabiliza\u00e7\u00e3o em constru\u00e7\u00f5es com madeira reciclada?<\/a>\n          <\/li>\n          <li>\n            <a href=\"#\u00e9-necess\u00e1rio-refor\u00e7o-estrutural-ao-usar-vidro-e-madeira-reciclados\">\u00c9 necess\u00e1rio refor\u00e7o estrutural ao usar vidro e madeira reciclados?<\/a>\n          <\/li>\n          <li>\n            <a href=\"#como-manter-a-est\u00e9tica-da-madeira-e-do-vidro-ao-longo-dos-anos\">Como manter a est\u00e9tica da madeira e do vidro ao longo dos anos?<\/a>\n          <\/li>\n          <li class=\"last\">\n            <a href=\"#esses-materiais-se-adaptam-bem-ao-clima-brasileiro\">Esses materiais se adaptam bem ao clima brasileiro?<\/a>\n          <\/li>\n        <\/ul>\n      <\/li>\n    <\/ul>\n<\/div>                                <\/div>\n                            <\/div>\n                        <\/div>\n                    <\/div>\n                    <div class=\"layout_toggle_button\">\n                        <span class=\"bd_toc_arrow\"><\/span>\n                    <\/div>\n                <\/div>\n            <\/div>\n\n    \n\n\n<h2 id='constru\u00e7\u00f5es-compactas-com-materiais-reaproveitados-ganham-for\u00e7a-no-brasil'  class=\"wp-block-heading\"><strong>Constru\u00e7\u00f5es compactas com materiais reaproveitados ganham for\u00e7a no Brasil<\/strong><\/h2>\n\n\n\n<p>Microcasas constru\u00eddas com madeira reciclada e vidro reaproveitado no Brasil. Nos \u00faltimos anos, a procura por microcasas sustent\u00e1veis tem crescido significativamente no Brasil. Essa tend\u00eancia surge como uma resposta direta \u00e0 necessidade de habita\u00e7\u00f5es econ\u00f4micas, ecologicamente corretas e adaptadas ao estilo de vida atual. Pequenas no tamanho, mas grandes em funcionalidade e conforto, essas moradias est\u00e3o conquistando cada vez mais adeptos.<\/p>\n\n\n\n<p>Um dos diferenciais que tornam esses projetos ainda mais atrativos \u00e9 o uso inteligente de materiais sustent\u00e1veis, como a madeira reciclada e o vidro reaproveitado. Al\u00e9m de reduzir os custos da constru\u00e7\u00e3o, esses elementos proporcionam uma est\u00e9tica \u00fanica, combinando beleza e sustentabilidade em espa\u00e7os compactos.<\/p>\n\n\n\n<p>Neste artigo, voc\u00ea conhecer\u00e1 exemplos inspiradores de microcasas brasileiras que utilizam madeira reciclada e vidro reaproveitado. Tamb\u00e9m abordaremos as principais vantagens dessa escolha, os desafios que podem surgir e solu\u00e7\u00f5es pr\u00e1ticas que tornar\u00e3o seu projeto eficiente e sustent\u00e1vel desde o planejamento at\u00e9 a execu\u00e7\u00e3o.<\/p>\n\n\n\n<hr class=\"wp-block-separator has-alpha-channel-opacity\"\/>\n\n\n\n<h2 id='benef\u00edcios-do-uso-de-madeira-reciclada-e-vidro-reaproveitado-em-microcasas'  class=\"wp-block-heading\"><strong>Benef\u00edcios do uso de madeira reciclada e vidro reaproveitado em microcasas<\/strong><\/h2>\n\n\n\n<h3 id='redu\u00e7\u00e3o-significativa-de-impacto-ambiental'  class=\"wp-block-heading\"><strong>Redu\u00e7\u00e3o significativa de impacto ambiental<\/strong><\/h3>\n\n\n\n<p>Utilizar madeira reciclada e vidro reaproveitado em microcasas contribui diretamente para a diminui\u00e7\u00e3o da explora\u00e7\u00e3o de recursos naturais. Cada metro c\u00fabico de madeira reaproveitada representa \u00e1rvores preservadas, menor emiss\u00e3o de carbono no transporte e menor gera\u00e7\u00e3o de res\u00edduos s\u00f3lidos. O reaproveitamento de vidro evita que toneladas de material acabem em aterros, prolongando o ciclo de vida de recursos que ainda t\u00eam alto valor funcional.<\/p>\n\n\n\n<h3 id='economia-financeira-com-materiais-sustent\u00e1veis'  class=\"wp-block-heading\"><strong>Economia financeira com materiais sustent\u00e1veis<\/strong><\/h3>\n\n\n\n<p>A escolha por materiais reaproveitados tamb\u00e9m traz uma vantagem econ\u00f4mica significativa. Madeira de demoli\u00e7\u00e3o, pallets industriais ou sobras de constru\u00e7\u00f5es podem ser adquiridas por valores muito inferiores aos materiais novos \u2014 e muitas vezes com excelente qualidade estrutural. Vidros reaproveitados, quando bem instalados e mantidos, oferecem o mesmo desempenho t\u00e9rmico e ac\u00fastico, com custo reduzido. Isso permite investir mais em isolamento, design ou efici\u00eancia energ\u00e9tica.<\/p>\n\n\n\n<h3 id='est\u00e9tica-r\u00fastica-e-criativa-que-valoriza-o-design'  class=\"wp-block-heading\"><strong>Est\u00e9tica r\u00fastica e criativa que valoriza o design<\/strong><\/h3>\n\n\n\n<p>Al\u00e9m da funcionalidade, a combina\u00e7\u00e3o de madeira reciclada com vidro reaproveitado resulta em um visual aut\u00eantico e acolhedor. Texturas naturais, marcas do tempo e tons variados criam um charme \u00fanico, dif\u00edcil de ser reproduzido com materiais convencionais. Esse estilo r\u00fastico moderno agrada quem busca identidade visual, originalidade e aconchego. A luz natural filtrada pelo vidro amplia o espa\u00e7o e refor\u00e7a a sensa\u00e7\u00e3o de conex\u00e3o com o ambiente externo.<\/p>\n\n\n\n<hr class=\"wp-block-separator has-alpha-channel-opacity\"\/>\n\n\n\n<h2 id='projetos-inspiradores-no-brasil-com-madeira-reciclada'  class=\"wp-block-heading\"><strong>Projetos inspiradores no Brasil com madeira reciclada<\/strong><\/h2>\n\n\n\n<h3 id='exemplos-de-microcasas-brasileiras-que-apostaram-na-madeira-reutilizada'  class=\"wp-block-heading\"><strong>Exemplos de microcasas brasileiras que apostaram na madeira reutilizada<\/strong><\/h3>\n\n\n\n<p>Diversos projetos em solo brasileiro demonstram que \u00e9 poss\u00edvel unir sustentabilidade, beleza e praticidade em constru\u00e7\u00f5es compactas. Em regi\u00f5es como o sul de Minas Gerais, litoral paulista e interior do Rio Grande do Sul, arquitetos e moradores t\u00eam utilizado madeira de demoli\u00e7\u00e3o, paletes industriais e sobras de constru\u00e7\u00f5es antigas para erguer microcasas funcionais e esteticamente marcantes. Essas casas, al\u00e9m de sustent\u00e1veis, destacam-se pelo charme r\u00fastico e integra\u00e7\u00e3o com a natureza local.<\/p>\n\n\n\n<h3 id='t\u00e9cnicas-de-constru\u00e7\u00e3o-eficientes-e-sustent\u00e1veis'  class=\"wp-block-heading\"><strong>T\u00e9cnicas de constru\u00e7\u00e3o eficientes e sustent\u00e1veis<\/strong><\/h3>\n\n\n\n<p>A aplica\u00e7\u00e3o da madeira reciclada exige aten\u00e7\u00e3o especial \u00e0 prepara\u00e7\u00e3o do material. Antes de ser incorporada \u00e0 obra, ela deve passar por tratamento contra pragas, lixamento e prote\u00e7\u00e3o com vernizes ecol\u00f3gicos. T\u00e9cnicas como encaixes estruturais, fixa\u00e7\u00e3o com parafusos de a\u00e7o inox e revestimentos internos com pain\u00e9is reciclados tornam a estrutura segura e dur\u00e1vel. Al\u00e9m disso, o uso de ferramentas manuais e processos artesanais ajuda a reduzir o consumo de energia durante a obra.<\/p>\n\n\n\n<h3 id='como-obter-madeira-reciclada-de-forma-confi\u00e1vel-e-segura'  class=\"wp-block-heading\"><strong>Como obter madeira reciclada de forma confi\u00e1vel e segura<\/strong><\/h3>\n\n\n\n<p>A aquisi\u00e7\u00e3o de madeira reciclada deve sempre passar por fornecedores confi\u00e1veis. Empresas de demoli\u00e7\u00e3o legalizadas, cooperativas de reciclagem e at\u00e9 leil\u00f5es de materiais de obras p\u00fablicas s\u00e3o \u00f3timas fontes. \u00c9 importante solicitar nota fiscal, verificar a proced\u00eancia e garantir que o material tenha sido armazenado corretamente, livre de umidade e infesta\u00e7\u00f5es. Assim, \u00e9 poss\u00edvel manter a integridade estrutural da microcasa e contribuir para a economia circular com responsabilidade.<\/p>\n\n\n\n<hr class=\"wp-block-separator has-alpha-channel-opacity\"\/>\n\n\n\n<figure class=\"wp-block-image size-large\"><img data-recalc-dims=\"1\" fetchpriority=\"high\" decoding=\"async\" width=\"1024\" height=\"585\" src=\"https:\/\/i0.wp.com\/1truenote.com\/wp-content\/uploads\/2025\/03\/DALL%C2%B7E-2025-03-27-12.59.24-A-high-quality-widescreen-image-of-a-sustainable-microhouse-in-Brazil-built-using-recycled-wood-and-repurposed-glass.-The-house-is-compact-and-moder.webp?resize=1024%2C585&#038;ssl=1\" alt=\"Microcasas constru\u00eddas com madeira reciclada e vidro reaproveitado no Brasil\" class=\"wp-image-733\" srcset=\"https:\/\/i0.wp.com\/1truenote.com\/wp-content\/uploads\/2025\/03\/DALL%C2%B7E-2025-03-27-12.59.24-A-high-quality-widescreen-image-of-a-sustainable-microhouse-in-Brazil-built-using-recycled-wood-and-repurposed-glass.-The-house-is-compact-and-moder.webp?resize=1024%2C585&amp;ssl=1 1024w, https:\/\/i0.wp.com\/1truenote.com\/wp-content\/uploads\/2025\/03\/DALL%C2%B7E-2025-03-27-12.59.24-A-high-quality-widescreen-image-of-a-sustainable-microhouse-in-Brazil-built-using-recycled-wood-and-repurposed-glass.-The-house-is-compact-and-moder.webp?resize=300%2C171&amp;ssl=1 300w, https:\/\/i0.wp.com\/1truenote.com\/wp-content\/uploads\/2025\/03\/DALL%C2%B7E-2025-03-27-12.59.24-A-high-quality-widescreen-image-of-a-sustainable-microhouse-in-Brazil-built-using-recycled-wood-and-repurposed-glass.-The-house-is-compact-and-moder.webp?resize=768%2C439&amp;ssl=1 768w, https:\/\/i0.wp.com\/1truenote.com\/wp-content\/uploads\/2025\/03\/DALL%C2%B7E-2025-03-27-12.59.24-A-high-quality-widescreen-image-of-a-sustainable-microhouse-in-Brazil-built-using-recycled-wood-and-repurposed-glass.-The-house-is-compact-and-moder.webp?resize=1536%2C878&amp;ssl=1 1536w, https:\/\/i0.wp.com\/1truenote.com\/wp-content\/uploads\/2025\/03\/DALL%C2%B7E-2025-03-27-12.59.24-A-high-quality-widescreen-image-of-a-sustainable-microhouse-in-Brazil-built-using-recycled-wood-and-repurposed-glass.-The-house-is-compact-and-moder.webp?w=1792&amp;ssl=1 1792w\" sizes=\"(max-width: 1024px) 100vw, 1024px\" \/><\/figure>\n\n\n\n<h2 id='aproveitamento-inteligente-de-vidro-reaproveitado-nas-microcasas'  class=\"wp-block-heading\"><strong>Aproveitamento inteligente de vidro reaproveitado nas microcasas<\/strong><\/h2>\n\n\n\n<h3 id='benef\u00edcios-t\u00e9rmicos-e-luminosidade-natural-com-vidro-reciclado'  class=\"wp-block-heading\"><strong>Benef\u00edcios t\u00e9rmicos e luminosidade natural com vidro reciclado<\/strong><\/h3>\n\n\n\n<p>O uso de vidro reaproveitado em microcasas \u00e9 uma solu\u00e7\u00e3o eficiente e funcional, principalmente quando o objetivo \u00e9 aumentar a entrada de luz natural e melhorar a regula\u00e7\u00e3o t\u00e9rmica interna. Ambientes bem iluminados reduzem a necessidade de luz artificial durante o dia, gerando economia de energia. J\u00e1 os vidros com controle solar auxiliam no conforto t\u00e9rmico, criando espa\u00e7os mais frescos no ver\u00e3o e acolhedores no inverno.<\/p>\n\n\n\n<p>\u2705 <strong>Vantagens diretas do vidro reciclado:<\/strong><\/p>\n\n\n\n<ul class=\"wp-block-list\">\n<li>Ilumina\u00e7\u00e3o natural ampliada \u2600\ufe0f<\/li>\n\n\n\n<li>Redu\u00e7\u00e3o no uso de l\u00e2mpadas e ar-condicionado<\/li>\n\n\n\n<li>Est\u00e9tica moderna e leve<\/li>\n\n\n\n<li>Reaproveitamento sustent\u00e1vel com baixo custo<\/li>\n<\/ul>\n\n\n\n<h3 id='tipos-de-vidro-mais-indicados-e-como-garantir-seguran\u00e7a-estrutural'  class=\"wp-block-heading\"><strong>Tipos de vidro mais indicados e como garantir seguran\u00e7a estrutural<\/strong><\/h3>\n\n\n\n<p>\u00c9 essencial optar por vidros reaproveitados que tenham proced\u00eancia e que possam ser adaptados com seguran\u00e7a. Os mais recomendados para microcasas s\u00e3o:<\/p>\n\n\n\n<figure class=\"wp-block-table\"><table class=\"has-fixed-layout\"><tbody><tr><td><strong>Tipo de Vidro<\/strong><\/td><td><strong>Caracter\u00edsticas<\/strong><\/td><td><strong>Uso Ideal<\/strong><\/td><\/tr><tr><td><strong>Temperado<\/strong><\/td><td>Alta resist\u00eancia a impactos<\/td><td>Portas, janelas, pain\u00e9is fixos<\/td><\/tr><tr><td><strong>Laminado<\/strong><\/td><td>Seguran\u00e7a com camada pl\u00e1stica interna<\/td><td>Claraboias, divis\u00f3rias internas<\/td><\/tr><tr><td><strong>Blocos de vidro<\/strong><\/td><td>Isolamento t\u00e9rmico e privacidade<\/td><td>Banheiros, fachadas internas<\/td><\/tr><\/tbody><\/table><\/figure>\n\n\n\n<p>A instala\u00e7\u00e3o deve ser feita por profissionais com experi\u00eancia, utilizando ferragens adequadas e sistemas de veda\u00e7\u00e3o que evitem infiltra\u00e7\u00f5es ou trepida\u00e7\u00f5es em \u00e1reas sens\u00edveis.<\/p>\n\n\n\n<h3 id='como-harmonizar-vidro-e-madeira-na-arquitetura-compacta'  class=\"wp-block-heading\"><strong>Como harmonizar vidro e madeira na arquitetura compacta<\/strong><\/h3>\n\n\n\n<p>O equil\u00edbrio entre madeira reciclada e vidro reaproveitado cria um estilo arquitet\u00f4nico \u00fanico e aconchegante. Enquanto a madeira traz calor e rusticidade, o vidro proporciona leveza visual e abertura ao exterior \u2014 um contraste que favorece a sensa\u00e7\u00e3o de amplitude nos espa\u00e7os reduzidos.<\/p>\n\n\n\n<p>\ud83c\udfa8 <strong>Dicas de composi\u00e7\u00e3o:<\/strong><\/p>\n\n\n\n<ul class=\"wp-block-list\">\n<li>Use pain\u00e9is de vidro em portas de correr de madeira para ampliar a conex\u00e3o entre ambientes.<\/li>\n\n\n\n<li>Aposte em janelas com molduras reaproveitadas e acabamentos naturais.<\/li>\n\n\n\n<li>Combine claraboias com tetos em madeira aparente para valorizar a ilumina\u00e7\u00e3o zenital.<\/li>\n<\/ul>\n\n\n\n<p>Esse tipo de composi\u00e7\u00e3o n\u00e3o s\u00f3 valoriza o design, mas tamb\u00e9m refor\u00e7a o prop\u00f3sito sustent\u00e1vel das microcasas no Brasil.<\/p>\n\n\n\n<hr class=\"wp-block-separator has-alpha-channel-opacity\"\/>\n\n\n\n<h2 id='desafios-e-solu\u00e7\u00f5es-pr\u00e1ticas-na-constru\u00e7\u00e3o-sustent\u00e1vel-com-materiais-reciclados'  class=\"wp-block-heading\"><strong>Desafios e solu\u00e7\u00f5es pr\u00e1ticas na constru\u00e7\u00e3o sustent\u00e1vel com materiais reciclados<\/strong><\/h2>\n\n\n\n<h3 id='principais-desafios-enfrentados-na-reutiliza\u00e7\u00e3o-desses-materiais'  class=\"wp-block-heading\"><strong>Principais desafios enfrentados na reutiliza\u00e7\u00e3o desses materiais<\/strong><\/h3>\n\n\n\n<p>Apesar das in\u00fameras vantagens, o uso de materiais reciclados como madeira reaproveitada e vidro reutilizado em microcasas ainda enfrenta alguns obst\u00e1culos. A principal dificuldade est\u00e1 na <strong>disponibilidade e triagem adequada<\/strong> desses insumos, j\u00e1 que nem todo material descartado pode ser reaproveitado com seguran\u00e7a.<\/p>\n\n\n\n<p>Al\u00e9m disso, h\u00e1 desafios log\u00edsticos: \u00e9 preciso m\u00e3o de obra especializada e um planejamento cuidadoso para adaptar o projeto \u00e0s caracter\u00edsticas espec\u00edficas dos materiais reutilizados, que muitas vezes apresentam varia\u00e7\u00f5es de tamanho, espessura ou qualidade.<\/p>\n\n\n\n<h3 id='t\u00e9cnicas-e-cuidados-para-garantir-a-durabilidade-e-seguran\u00e7a-estrutural'  class=\"wp-block-heading\"><strong>T\u00e9cnicas e cuidados para garantir a durabilidade e seguran\u00e7a estrutural<\/strong><\/h3>\n\n\n\n<p>Para que a constru\u00e7\u00e3o seja segura e dur\u00e1vel, algumas pr\u00e1ticas s\u00e3o fundamentais:<\/p>\n\n\n\n<p>\ud83d\udee0 <strong>T\u00e9cnicas recomendadas:<\/strong><\/p>\n\n\n\n<ul class=\"wp-block-list\">\n<li><strong>Tratamento da madeira reciclada<\/strong> com fungicidas, impermeabilizantes e lixamento adequado;<\/li>\n\n\n\n<li><strong>Vidros reaproveitados<\/strong> devem passar por inspe\u00e7\u00e3o contra trincas, lascas ou bolhas internas;<\/li>\n\n\n\n<li><strong>Refor\u00e7o estrutural em pontos cr\u00edticos<\/strong>, especialmente em bases, telhados e fechamentos laterais;<\/li>\n\n\n\n<li><strong>Consultoria t\u00e9cnica<\/strong> para certifica\u00e7\u00e3o dos materiais, especialmente quando o projeto exige aprova\u00e7\u00e3o legal.<\/li>\n<\/ul>\n\n\n\n<p>Com esses cuidados, \u00e9 poss\u00edvel garantir que os materiais reciclados ofere\u00e7am a mesma resist\u00eancia e conforto dos convencionais, com a vantagem adicional de serem mais ecol\u00f3gicos e econ\u00f4micos.<\/p>\n\n\n\n<h3 id='dicas-pr\u00e1ticas-para-um-projeto-sustent\u00e1vel-bem-sucedido'  class=\"wp-block-heading\"><strong>Dicas pr\u00e1ticas para um projeto sustent\u00e1vel bem-sucedido<\/strong><\/h3>\n\n\n\n<p>\ud83c\udf31 Para quem deseja iniciar a constru\u00e7\u00e3o de uma microcasa com foco em sustentabilidade, aqui v\u00e3o algumas dicas simples e funcionais:<\/p>\n\n\n\n<ul class=\"wp-block-list\">\n<li><strong>Fa\u00e7a parcerias com marcenarias, demoli\u00e7\u00f5es e vidra\u00e7arias locais<\/strong> para obter materiais de qualidade.<\/li>\n\n\n\n<li><strong>Comece pequeno e expanda por m\u00f3dulos<\/strong>, respeitando o ritmo do or\u00e7amento e das etapas construtivas.<\/li>\n\n\n\n<li><strong>Planeje solu\u00e7\u00f5es passivas<\/strong> (como orienta\u00e7\u00e3o solar, ventila\u00e7\u00e3o cruzada e claraboias) para reduzir gastos com energia.<\/li>\n\n\n\n<li><strong>Documente o processo e busque certifica\u00e7\u00f5es<\/strong> verdes, valorizando o im\u00f3vel e o projeto.<\/li>\n<\/ul>\n\n\n\n<hr class=\"wp-block-separator has-alpha-channel-opacity\"\/>\n\n\n\n<h2 id='conclus\u00e3o-do-artigo-microcasas-constru\u00eddas-com-madeira-reciclada-e-vidro-reaproveitado-no-brasil'  class=\"wp-block-heading\"><strong>Conclus\u00e3o do artigo: Microcasas constru\u00eddas com madeira reciclada e vidro reaproveitado no Brasil<\/strong><\/h2>\n\n\n\n<p>As microcasas constru\u00eddas com madeira reciclada e vidro reaproveitado no Brasil representam um avan\u00e7o not\u00e1vel no caminho da arquitetura sustent\u00e1vel, com solu\u00e7\u00f5es vi\u00e1veis e cada vez mais acess\u00edveis. Com planejamento, t\u00e9cnica e criatividade, \u00e9 poss\u00edvel transformar res\u00edduos em moradias eficientes, charmosas e ambientalmente respons\u00e1veis<\/p>\n\n\n\n<p>Esse modelo de constru\u00e7\u00e3o \u00e9 mais do que uma tend\u00eancia \u2014 \u00e9 uma resposta direta aos desafios atuais da habita\u00e7\u00e3o e da preserva\u00e7\u00e3o do planeta.<\/p>\n\n\n\n<h2 id='faq-perguntas-frequentes-sobre-microcasas-constru\u00eddas-com-madeira-reciclada-e-vidro-reaproveitado-no-brasil'  class=\"wp-block-heading\"><strong>FAQ \u2013 Perguntas frequentes sobre microcasas constru\u00eddas com madeira reciclada e vidro reaproveitado no Brasil<\/strong><\/h2>\n\n\n\n<hr class=\"wp-block-separator has-alpha-channel-opacity\"\/>\n\n\n\n<h3 id='\u00e9-mais-barato-construir-microcasas-com-materiais-reciclados'  class=\"wp-block-heading\"><strong>\u00c9 mais barato construir microcasas com materiais reciclados?<\/strong><\/h3>\n\n\n\n<p>Sim, na maioria dos casos, o uso de madeira reciclada e vidro reaproveitado reduz significativamente os custos com mat\u00e9ria-prima. No entanto, \u00e9 importante considerar os gastos com <strong>tratamentos e adapta\u00e7\u00f5es t\u00e9cnicas<\/strong>, que garantem a seguran\u00e7a e a durabilidade da estrutura.<\/p>\n\n\n\n<hr class=\"wp-block-separator has-alpha-channel-opacity\"\/>\n\n\n\n<h3 id='como-saber-se-a-madeira-reciclada-tem-qualidade-suficiente'  class=\"wp-block-heading\"><strong>Como saber se a madeira reciclada tem qualidade suficiente?<\/strong><\/h3>\n\n\n\n<p>A madeira deve ser <strong>vistoriada por um profissional<\/strong>, que avaliar\u00e1 sinais de apodrecimento, infesta\u00e7\u00f5es ou trincas. Tamb\u00e9m \u00e9 essencial que o material seja tratado com <strong>produtos antif\u00fangicos e impermeabilizantes<\/strong>, al\u00e9m de receber lixamento e acabamento adequados.<\/p>\n\n\n\n<hr class=\"wp-block-separator has-alpha-channel-opacity\"\/>\n\n\n\n<h3 id='quais-s\u00e3o-os-cuidados-especiais-com-vidro-reaproveitado'  class=\"wp-block-heading\"><strong>Quais s\u00e3o os cuidados especiais com vidro reaproveitado?<\/strong><\/h3>\n\n\n\n<p>O vidro deve estar <strong>livre de rachaduras, bordas cortantes ou tens\u00f5es internas<\/strong>. \u00c9 recomend\u00e1vel o uso de <strong>vidros temperados ou laminados<\/strong>, que oferecem maior resist\u00eancia. O reaproveitamento deve sempre priorizar <strong>a seguran\u00e7a estrutural e o conforto t\u00e9rmico<\/strong> da microcasa.<\/p>\n\n\n\n<hr class=\"wp-block-separator has-alpha-channel-opacity\"\/>\n\n\n\n<h3 id='\u00e9-poss\u00edvel-financiar-uma-microcasa-sustent\u00e1vel-no-brasil'  class=\"wp-block-heading\"><strong>\u00c9 poss\u00edvel financiar uma microcasa sustent\u00e1vel no Brasil?<\/strong><\/h3>\n\n\n\n<p>Sim. Algumas linhas de cr\u00e9dito e programas de habita\u00e7\u00e3o j\u00e1 <strong>incentivam constru\u00e7\u00f5es sustent\u00e1veis<\/strong>, especialmente quando h\u00e1 documenta\u00e7\u00e3o e projeto t\u00e9cnico adequados. Buscar <strong>arquitetos credenciados e parceiros institucionais<\/strong> pode facilitar o acesso a financiamentos verdes.<\/p>\n\n\n\n<hr class=\"wp-block-separator has-alpha-channel-opacity\"\/>\n\n\n\n<h3 id='materiais-reciclados-reduzem-a-vida-\u00fatil-da-microcasa'  class=\"wp-block-heading\"><strong>Materiais reciclados reduzem a vida \u00fatil da microcasa?<\/strong><\/h3>\n\n\n\n<p>N\u00e3o, desde que tratados corretamente. Madeira e vidro reaproveitados, quando bem selecionados e aplicados, podem ter <strong>durabilidade igual ou superior<\/strong> aos materiais convencionais, com menor impacto ambiental.<\/p>\n\n\n\n<hr class=\"wp-block-separator has-alpha-channel-opacity\"\/>\n\n\n\n<h3 id='vidros-reciclados-oferecem-isolamento-t\u00e9rmico-suficiente'  class=\"wp-block-heading\"><strong>Vidros reciclados oferecem isolamento t\u00e9rmico suficiente?<\/strong><\/h3>\n\n\n\n<p>Sim. Ao escolher <strong>vidros duplos ou laminados<\/strong>, mesmo reaproveitados, \u00e9 poss\u00edvel garantir <strong>bom isolamento t\u00e9rmico e ac\u00fastico<\/strong>, especialmente quando combinados com caixilhos de qualidade e veda\u00e7\u00e3o adequada.<\/p>\n\n\n\n<hr class=\"wp-block-separator has-alpha-channel-opacity\"\/>\n\n\n\n<h3 id='quais-os-cuidados-com-a-impermeabiliza\u00e7\u00e3o-em-constru\u00e7\u00f5es-com-madeira-reciclada'  class=\"wp-block-heading\"><strong>Quais os cuidados com a impermeabiliza\u00e7\u00e3o em constru\u00e7\u00f5es com madeira reciclada?<\/strong><\/h3>\n\n\n\n<p>\u00c9 essencial aplicar <strong>selantes, vernizes impermeabilizantes e mantas protetoras<\/strong> em \u00e1reas expostas \u00e0 umidade. O uso de telhados com bom escoamento e prote\u00e7\u00e3o nas funda\u00e7\u00f5es tamb\u00e9m <strong>prolonga a vida \u00fatil<\/strong> da madeira reciclada.<\/p>\n\n\n\n<hr class=\"wp-block-separator has-alpha-channel-opacity\"\/>\n\n\n\n<h3 id='\u00e9-necess\u00e1rio-refor\u00e7o-estrutural-ao-usar-vidro-e-madeira-reciclados'  class=\"wp-block-heading\"><strong>\u00c9 necess\u00e1rio refor\u00e7o estrutural ao usar vidro e madeira reciclados?<\/strong><\/h3>\n\n\n\n<p>Em alguns casos, sim. Recomenda-se o uso de <strong>estruturas met\u00e1licas leves<\/strong> para dar estabilidade e apoio ao conjunto, principalmente em \u00e1reas com grandes v\u00e3os ou uso intenso de vidro. A estrutura deve ser calculada por um profissional.<\/p>\n\n\n\n<hr class=\"wp-block-separator has-alpha-channel-opacity\"\/>\n\n\n\n<h3 id='como-manter-a-est\u00e9tica-da-madeira-e-do-vidro-ao-longo-dos-anos'  class=\"wp-block-heading\"><strong>Como manter a est\u00e9tica da madeira e do vidro ao longo dos anos?<\/strong><\/h3>\n\n\n\n<p>Manuten\u00e7\u00f5es leves, como <strong>lixamento, reaplica\u00e7\u00e3o de verniz ou pintura com prote\u00e7\u00e3o UV<\/strong>, preservam a beleza e a funcionalidade. Vidros devem ser limpos com produtos neutros para evitar desgaste e manchas.<\/p>\n\n\n\n<hr class=\"wp-block-separator has-alpha-channel-opacity\"\/>\n\n\n\n<h3 id='esses-materiais-se-adaptam-bem-ao-clima-brasileiro'  class=\"wp-block-heading\"><strong>Esses materiais se adaptam bem ao clima brasileiro?<\/strong><\/h3>\n\n\n\n<p>Sim. Com os cuidados certos, madeira reciclada e vidro reaproveitado funcionam bem <strong>em diferentes regi\u00f5es do Brasil<\/strong>, inclusive em climas \u00famidos, secos ou com varia\u00e7\u00f5es intensas de temperatura. O segredo est\u00e1 na escolha dos tratamentos e acabamentos.<\/p>\n\n\n\n<p>Caso queira saber mais informa\u00e7\u00f5es, voc\u00ea pode conferir tamb\u00e9m o nosso artigo sobre <a href=\"https:\/\/1truenote.com\/en\/quais-sao-os-materiais-reciclados-para-construir-microcasas-em-areas-rurais-isoladas\/\" data-type=\"link\" data-id=\"https:\/\/1truenote.com\/quais-sao-os-materiais-reciclados-para-construir-microcasas-em-areas-rurais-isoladas\/\">quais s\u00e3o os materiais reciclados para construir microcasas em \u00e1reas rurais isoladas<\/a>!<\/p>","protected":false},"excerpt":{"rendered":"<p>Constru\u00e7\u00f5es compactas com materiais reaproveitados ganham for\u00e7a no Brasil Microcasas constru\u00eddas com madeira reciclada e vidro reaproveitado no Brasil. Nos&#8230;<\/p>","protected":false},"author":1,"featured_media":734,"comment_status":"open","ping_status":"open","sticky":false,"template":"","format":"standard","meta":{"_kad_post_transparent":"","_kad_post_title":"","_kad_post_layout":"","_kad_post_sidebar_id":"","_kad_post_content_style":"","_kad_post_vertical_padding":"","_kad_post_feature":"","_kad_post_feature_position":"","_kad_post_header":false,"_kad_post_footer":false,"_kad_post_classname":"","footnotes":"","jetpack_publicize_message":"","jetpack_publicize_feature_enabled":true,"jetpack_social_post_already_shared":false,"jetpack_social_options":{"image_generator_settings":{"template":"highway","default_image_id":0,"font":"","enabled":false},"version":2}},"categories":[16],"tags":[12],"class_list":["post-732","post","type-post","status-publish","format-standard","has-post-thumbnail","hentry","category-casa-e-jardim","tag-projetos-inovadores"],"jetpack_publicize_connections":[],"jetpack_featured_media_url":"https:\/\/i0.wp.com\/1truenote.com\/wp-content\/uploads\/2025\/03\/image-4-e1743091223681.png?fit=1024%2C683&ssl=1","jetpack_sharing_enabled":true,"_links":{"self":[{"href":"https:\/\/1truenote.com\/en\/wp-json\/wp\/v2\/posts\/732","targetHints":{"allow":["GET"]}}],"collection":[{"href":"https:\/\/1truenote.com\/en\/wp-json\/wp\/v2\/posts"}],"about":[{"href":"https:\/\/1truenote.com\/en\/wp-json\/wp\/v2\/types\/post"}],"author":[{"embeddable":true,"href":"https:\/\/1truenote.com\/en\/wp-json\/wp\/v2\/users\/1"}],"replies":[{"embeddable":true,"href":"https:\/\/1truenote.com\/en\/wp-json\/wp\/v2\/comments?post=732"}],"version-history":[{"count":0,"href":"https:\/\/1truenote.com\/en\/wp-json\/wp\/v2\/posts\/732\/revisions"}],"wp:featuredmedia":[{"embeddable":true,"href":"https:\/\/1truenote.com\/en\/wp-json\/wp\/v2\/media\/734"}],"wp:attachment":[{"href":"https:\/\/1truenote.com\/en\/wp-json\/wp\/v2\/media?parent=732"}],"wp:term":[{"taxonomy":"category","embeddable":true,"href":"https:\/\/1truenote.com\/en\/wp-json\/wp\/v2\/categories?post=732"},{"taxonomy":"post_tag","embeddable":true,"href":"https:\/\/1truenote.com\/en\/wp-json\/wp\/v2\/tags?post=732"}],"curies":[{"name":"wp","href":"https:\/\/api.w.org\/{rel}","templated":true}]}}