{"id":699,"date":"2025-03-21T19:59:28","date_gmt":"2025-03-21T19:59:28","guid":{"rendered":"https:\/\/1truenote.com\/?p=699"},"modified":"2025-04-21T17:13:16","modified_gmt":"2025-04-21T17:13:16","slug":"10-plantas-de-microcasas-com-cozinha-funcional-em-curitiba","status":"publish","type":"post","link":"https:\/\/1truenote.com\/en\/10-plantas-de-microcasas-com-cozinha-funcional-em-curitiba\/","title":{"rendered":"10 Plantas de microcasas com cozinha funcional em Curitiba"},"content":{"rendered":"<div class=\"fit_content\">\n                <div class=\"bd_toc_container\" data-fixedwidth=\"\">\n                    <div class=\"bd_toc_wrapper\" data-wrapperpadding=\"48px\">\n                        <div class=\"bd_toc_wrapper_item\">\n                            <div class=\"bd_toc_header active\" data-headerpadding=\"2px\">\n                                <div class=\"bd_toc_header_title\">\n                                    Sum\u00e1rio                                <\/div>\n                                <div class=\"bd_toc_switcher_hide_show_icon\">\n                                    <span class=\"bd_toc_arrow\"><\/span>                                <\/div>\n                            <\/div>\n                            <div class=\"bd_toc_content list-type-number\">\n                                <div class=\"bd_toc_content_list\">\n                                    <div class='bd_toc_content_list_item'>    <ul>\n      <li class=\"first\">\n        <a href=\"#qual-o-crescimento-da-busca-por-microcasas-em-curitiba\">Qual o crescimento da busca por microcasas em Curitiba?<\/a>\n        <ul class=\"menu_level_2\">\n          <li class=\"first\">\n            <a href=\"#qual-a-import\u00e2ncia-de-plantas-arquitet\u00f4nicas-bem-resolvidas-com-foco-em-funcionalidade\">Qual a import\u00e2ncia de plantas arquitet\u00f4nicas bem resolvidas com foco em funcionalidade?<\/a>\n          <\/li>\n          <li class=\"last\">\n            <a href=\"#o-que-ser\u00e1-apresentado-10-modelos-de-plantas-com-cozinhas-otimizadas-para-espa\u00e7os-reduzidos\">O que ser\u00e1 apresentado: 10 modelos de plantas com cozinhas otimizadas para espa\u00e7os reduzidos<\/a>\n          <\/li>\n        <\/ul>\n      <\/li>\n      <li>\n        <a href=\"#por-que-curitiba-\u00e9-um-cen\u00e1rio-ideal-para-microcasas-funcionais\">Por que Curitiba \u00e9 um cen\u00e1rio ideal para microcasas funcionais?<\/a>\n        <ul class=\"menu_level_2\">\n          <li class=\"first\">\n            <a href=\"#clima-perfil-urbano-e-incentivo-\u00e0-arquitetura-compacta\">Clima, perfil urbano e incentivo \u00e0 arquitetura compacta<\/a>\n          <\/li>\n          <li>\n            <a href=\"#tend\u00eancia-local-de-moradias-inteligentes-e-otimizadas\">Tend\u00eancia local de moradias inteligentes e otimizadas<\/a>\n          <\/li>\n          <li class=\"last\">\n            <a href=\"#como-adaptar-cozinhas-pequenas-para-as-condi\u00e7\u00f5es-da-cidade\">Como adaptar cozinhas pequenas para as condi\u00e7\u00f5es da cidade<\/a>\n          <\/li>\n        <\/ul>\n      <\/li>\n      <li>\n        <a href=\"#caracter\u00edsticas-essenciais-de-uma-cozinha-funcional-em-microcasas\">Caracter\u00edsticas essenciais de uma cozinha funcional em microcasas<\/a>\n        <ul class=\"menu_level_2\">\n          <li class=\"first\">\n            <a href=\"#integra\u00e7\u00e3o-com-sala-de-estar-ou-jantar\">Integra\u00e7\u00e3o com sala de estar ou jantar<\/a>\n          <\/li>\n          <li>\n            <a href=\"#aproveitamento-vertical-e-arm\u00e1rios-embutidos\">Aproveitamento vertical e arm\u00e1rios embutidos<\/a>\n          <\/li>\n          <li class=\"last\">\n            <a href=\"#escolha-de-eletrodom\u00e9sticos-compactos-e-solu\u00e7\u00f5es-modulares\">Escolha de eletrodom\u00e9sticos compactos e solu\u00e7\u00f5es modulares<\/a>\n          <\/li>\n        <\/ul>\n      <\/li>\n      <li>\n        <a href=\"#quais-os-crit\u00e9rios-adotados-na-sele\u00e7\u00e3o-das-plantas-de-microcasas\">Quais os crit\u00e9rios adotados na sele\u00e7\u00e3o das plantas de microcasas?<\/a>\n        <ul class=\"menu_level_2\">\n          <li class=\"first\">\n            <a href=\"#variedade-de-metragens-de-20m\u00b2-a-40m\u00b2\">Variedade de metragens: de 20m\u00b2 a 40m\u00b2<\/a>\n          <\/li>\n          <li>\n            <a href=\"#distribui\u00e7\u00e3o-inteligente-dos-ambientes\">Distribui\u00e7\u00e3o inteligente dos ambientes<\/a>\n          <\/li>\n          <li>\n            <a href=\"#circula\u00e7\u00e3o-ventila\u00e7\u00e3o-e-ilumina\u00e7\u00e3o-natural\">Circula\u00e7\u00e3o, ventila\u00e7\u00e3o e ilumina\u00e7\u00e3o natural<\/a>\n          <\/li>\n          <li class=\"last\">\n            <a href=\"#adaptabilidade-ao-terreno-curitibano\">Adaptabilidade ao terreno curitibano<\/a>\n          <\/li>\n        <\/ul>\n      <\/li>\n      <li>\n        <a href=\"#apresenta\u00e7\u00e3o-das-10-plantas-de-microcasas-com-cozinha-funcional-em-curitiba\">Apresenta\u00e7\u00e3o das 10 plantas de microcasas com cozinha funcional em Curitiba<\/a>\n        <ul class=\"menu_level_2\">\n          <li class=\"first\">\n            <a href=\"#planta-01-20m\u00b2-compacta-com-cozinha-em-corredor\">Planta 01 \u2013 20m\u00b2 compacta com cozinha em corredor<\/a>\n          <\/li>\n          <li>\n            <a href=\"#planta-02-24m\u00b2-com-cozinha-integrada-\u00e0-\u00e1rea-social-e-bancada-multifuncional\">Planta 02 \u2013 24m\u00b2 com cozinha integrada \u00e0 \u00e1rea social e bancada multifuncional<\/a>\n          <\/li>\n          <li>\n            <a href=\"#planta-03-26m\u00b2-com-cozinha-em-l-e-lavanderia-oculta\">Planta 03 \u2013 26m\u00b2 com cozinha em L e lavanderia oculta<\/a>\n          <\/li>\n          <li>\n            <a href=\"#planta-04-28m\u00b2-com-ilha-central-e-ventila\u00e7\u00e3o-cruzada\">Planta 04 \u2013 28m\u00b2 com ilha central e ventila\u00e7\u00e3o cruzada<\/a>\n          <\/li>\n          <li>\n            <a href=\"#planta-05-30m\u00b2-com-cozinha-sob-mezanino\">Planta 05 \u2013 30m\u00b2 com cozinha sob mezanino<\/a>\n          <\/li>\n          <li>\n            <a href=\"#planta-06-32m\u00b2-t\u00e9rrea-com-cozinha-de-canto-e-despensa-embutida\">Planta 06 \u2013 32m\u00b2 t\u00e9rrea com cozinha de canto e despensa embutida<\/a>\n          <\/li>\n          <li>\n            <a href=\"#planta-07-35m\u00b2-com-varanda-gourmet-e-cozinha-externa-parcial\">Planta 07 \u2013 35m\u00b2 com varanda gourmet e cozinha externa parcial<\/a>\n          <\/li>\n          <li>\n            <a href=\"#planta-08-36m\u00b2-com-integra\u00e7\u00e3o-total-entre-cozinha-e-home-office\">Planta 08 \u2013 36m\u00b2 com integra\u00e7\u00e3o total entre cozinha e home office<\/a>\n          <\/li>\n          <li>\n            <a href=\"#planta-09-38m\u00b2-com-cozinha-linear-em-frente-\u00e0-janela-panor\u00e2mica\">Planta 09 \u2013 38m\u00b2 com cozinha linear em frente \u00e0 janela panor\u00e2mica<\/a>\n          <\/li>\n          <li class=\"last\">\n            <a href=\"#planta-10-40m\u00b2-com-cozinha-separada-por-divis\u00f3ria-retr\u00e1til\">Planta 10 \u2013 40m\u00b2 com cozinha separada por divis\u00f3ria retr\u00e1til<\/a>\n          <\/li>\n        <\/ul>\n      <\/li>\n      <li>\n        <a href=\"#dicas-pr\u00e1ticas-para-adaptar-uma-planta-de-microcasa-ao-seu-terreno-em-curitiba\">Dicas pr\u00e1ticas para adaptar uma planta de microcasa ao seu terreno em Curitiba<\/a>\n        <ul class=\"menu_level_2\">\n          <li class=\"first\">\n            <a href=\"#avalia\u00e7\u00e3o-da-orienta\u00e7\u00e3o-solar-e-clima-da-regi\u00e3o\">Avalia\u00e7\u00e3o da orienta\u00e7\u00e3o solar e clima da regi\u00e3o<\/a>\n          <\/li>\n          <li>\n            <a href=\"#escolha-de-materiais-t\u00e9rmicos-e-sustent\u00e1veis\">Escolha de materiais t\u00e9rmicos e sustent\u00e1veis<\/a>\n          <\/li>\n          <li class=\"last\">\n            <a href=\"#drenagem-e-funda\u00e7\u00e3o-adequada-ao-relevo-curitibano\">Drenagem e funda\u00e7\u00e3o adequada ao relevo curitibano<\/a>\n          <\/li>\n        <\/ul>\n      <\/li>\n      <li>\n        <a href=\"#conclus\u00e3o-do-artigo-sobre-10-plantas-de-microcasas-com-cozinha-funcional-em-curitiba\">Conclus\u00e3o do artigo sobre 10 Plantas de microcasas com cozinha funcional em Curitiba<\/a>\n      <\/li>\n      <li class=\"last\">\n        <a href=\"#perguntas-frequentes-sobre-plantas-de-microcasas-com-cozinha-funcional-em-curitiba-faq\">Perguntas frequentes sobre plantas de microcasas com cozinha funcional em Curitiba &#8211; FAQ<\/a>\n        <ul class=\"menu_level_2\">\n          <li class=\"first\">\n            <a href=\"#qual-o-tamanho-m\u00ednimo-recomendado-para-uma-cozinha-funcional-em-microcasa\">Qual o tamanho m\u00ednimo recomendado para uma cozinha funcional em microcasa?<\/a>\n          <\/li>\n          <li>\n            <a href=\"#\u00e9-poss\u00edvel-ter-lavanderia-junto-\u00e0-cozinha-em-espa\u00e7os-pequenos\">\u00c9 poss\u00edvel ter lavanderia junto \u00e0 cozinha em espa\u00e7os pequenos?<\/a>\n          <\/li>\n          <li>\n            <a href=\"#microcasas-em-curitiba-exigem-aprova\u00e7\u00e3o-espec\u00edfica-na-prefeitura\">Microcasas em Curitiba exigem aprova\u00e7\u00e3o espec\u00edfica na prefeitura?<\/a>\n          <\/li>\n          <li>\n            <a href=\"#como-otimizar-uma-cozinha-com-menos-de-5m\u00b2\">Como otimizar uma cozinha com menos de 5m\u00b2?<\/a>\n          <\/li>\n          <li class=\"last\">\n            <a href=\"#as-plantas-apresentadas-podem-ser-adaptadas-para-outros-terrenos\">As plantas apresentadas podem ser adaptadas para outros terrenos?<\/a>\n          <\/li>\n        <\/ul>\n      <\/li>\n    <\/ul>\n<\/div>                                <\/div>\n                            <\/div>\n                        <\/div>\n                    <\/div>\n                    <div class=\"layout_toggle_button\">\n                        <span class=\"bd_toc_arrow\"><\/span>\n                    <\/div>\n                <\/div>\n            <\/div>\n\n    \n\n\n<h2 id='qual-o-crescimento-da-busca-por-microcasas-em-curitiba'  class=\"wp-block-heading\"><strong>Qual o crescimento da busca por microcasas em Curitiba?<\/strong><\/h2>\n\n\n\n<p>Vamos ver as 10 Plantas de microcasas com cozinha funcional em Curitiba. Nos \u00faltimos anos, Curitiba tem se destacado como um dos polos urbanos mais receptivos \u00e0s <strong>solu\u00e7\u00f5es arquitet\u00f4nicas compactas<\/strong>, especialmente no segmento de <strong>microcasas funcionais<\/strong>.<\/p>\n\n\n\n<p>O estilo de vida minimalista, a valoriza\u00e7\u00e3o do uso consciente do espa\u00e7o e o aumento da demanda por moradias mais acess\u00edveis fizeram com que muitas pessoas passassem a buscar <strong>alternativas inteligentes e otimizadas de moradia<\/strong>.<\/p>\n\n\n\n<p>Com terrenos urbanos cada vez mais enxutos e a necessidade de aproveitar cada metro quadrado de forma estrat\u00e9gica, o conceito de microcasa <strong>se fortaleceu como uma escolha pr\u00e1tica, moderna e econ\u00f4mica<\/strong>, especialmente entre jovens adultos, casais e pessoas que valorizam a simplicidade com qualidade.<\/p>\n\n\n\n<hr class=\"wp-block-separator has-alpha-channel-opacity\"\/>\n\n\n\n<h3 id='qual-a-import\u00e2ncia-de-plantas-arquitet\u00f4nicas-bem-resolvidas-com-foco-em-funcionalidade'  class=\"wp-block-heading\"><strong>Qual a import\u00e2ncia de plantas arquitet\u00f4nicas bem resolvidas com foco em funcionalidade?<\/strong><\/h3>\n\n\n\n<p>Em uma microcasa, <strong>cada cent\u00edmetro precisa ser planejado com precis\u00e3o<\/strong>. N\u00e3o h\u00e1 margem para excessos ou espa\u00e7os subutilizados. Por isso, o ponto de partida para um projeto bem-sucedido est\u00e1 na <strong>planta arquitet\u00f4nica<\/strong> \u2013 especialmente quando se trata de ambientes essenciais como a <strong>cozinha<\/strong>.<\/p>\n\n\n\n<p>A cozinha, por menor que seja, precisa atender aos mesmos requisitos de uma casa convencional: <strong>praticidade, conforto, fluidez de circula\u00e7\u00e3o e boa ergonomia<\/strong>. Uma planta bem desenhada garante que todos os elementos \u2013 da pia ao fog\u00e3o \u2013 estejam posicionados estrategicamente, otimizando o uso e <strong>integrando-se de forma natural aos demais ambientes<\/strong>, como a sala ou a varanda.<\/p>\n\n\n\n<p>Projetar a cozinha de uma microcasa em Curitiba tamb\u00e9m exige aten\u00e7\u00e3o ao clima, \u00e0 ventila\u00e7\u00e3o e \u00e0 luminosidade, fatores que influenciam diretamente na <strong>efici\u00eancia t\u00e9rmica e no conforto do ambiente<\/strong>.<\/p>\n\n\n\n<hr class=\"wp-block-separator has-alpha-channel-opacity\"\/>\n\n\n\n<h3 id='o-que-ser\u00e1-apresentado-10-modelos-de-plantas-com-cozinhas-otimizadas-para-espa\u00e7os-reduzidos'  class=\"wp-block-heading\"><strong>O que ser\u00e1 apresentado: 10 modelos de plantas com cozinhas otimizadas para espa\u00e7os reduzidos<\/strong><\/h3>\n\n\n\n<p>Neste artigo, voc\u00ea encontrar\u00e1 uma sele\u00e7\u00e3o criteriosa de <strong>10 plantas arquitet\u00f4nicas de microcasas com foco em cozinhas funcionais<\/strong>, todas pensadas para atender \u00e0s demandas urbanas de Curitiba.<\/p>\n\n\n\n<p>Cada projeto foi escolhido com base nos seguintes crit\u00e9rios:<\/p>\n\n\n\n<ul class=\"wp-block-list\">\n<li><strong>Aproveitamento m\u00e1ximo da \u00e1rea \u00fatil<\/strong>;<\/li>\n\n\n\n<li><strong>Solu\u00e7\u00f5es criativas para integra\u00e7\u00e3o da cozinha<\/strong> com outros ambientes;<\/li>\n\n\n\n<li><strong>Modelos compactos, entre 20m\u00b2 e 40m\u00b2<\/strong>, com fluidez e conforto no dia a dia.<\/li>\n<\/ul>\n\n\n\n<p>Ao longo dos pr\u00f3ximos t\u00f3picos, voc\u00ea poder\u00e1 visualizar ideias aplic\u00e1veis tanto para <strong>terrenos urbanos estreitos quanto para \u00e1reas com relevo vari\u00e1vel<\/strong>, comuns na capital paranaense.<\/p>\n\n\n\n<p>Se voc\u00ea est\u00e1 pensando em construir, adaptar ou apenas se inspirar, <strong>este guia vai mostrar que \u00e9 poss\u00edvel unir praticidade, estilo e efici\u00eancia<\/strong> mesmo nos menores espa\u00e7os. Vamos \u00e0s plantas? \ud83c\udfe1\ud83d\udcd0\u2728<\/p>\n\n\n\n<hr class=\"wp-block-separator has-alpha-channel-opacity\"\/>\n\n\n\n<h2 id='por-que-curitiba-\u00e9-um-cen\u00e1rio-ideal-para-microcasas-funcionais'  class=\"wp-block-heading\"><strong>Por que Curitiba \u00e9 um cen\u00e1rio ideal para microcasas funcionais?<\/strong><\/h2>\n\n\n\n<h3 id='clima-perfil-urbano-e-incentivo-\u00e0-arquitetura-compacta'  class=\"wp-block-heading\"><strong>Clima, perfil urbano e incentivo \u00e0 arquitetura compacta<\/strong><\/h3>\n\n\n\n<p>Curitiba re\u00fane um conjunto de fatores que tornam a cidade especialmente prop\u00edcia ao desenvolvimento de <strong>microcasas com plantas inteligentes<\/strong>. Um dos primeiros aspectos a considerar \u00e9 o clima: com temperaturas amenas na maior parte do ano e <strong>invernos bem definidos<\/strong>, h\u00e1 uma valoriza\u00e7\u00e3o natural por projetos <strong>t\u00e9rmicos bem resolvidos, compactos e eficientes<\/strong>.<\/p>\n\n\n\n<p>O perfil urbano da capital paranaense tamb\u00e9m favorece esse tipo de constru\u00e7\u00e3o. A cidade possui <strong>zonas com adensamento controlado, terrenos menores em \u00e1reas centrais e uma popula\u00e7\u00e3o cada vez mais interessada em viver com praticidade<\/strong>, perto do trabalho ou de polos de mobilidade urbana.<\/p>\n\n\n\n<p>Al\u00e9m disso, Curitiba \u00e9 conhecida por incentivar solu\u00e7\u00f5es sustent\u00e1veis e inteligentes na constru\u00e7\u00e3o civil. A <strong>arquitetura compacta e funcional se alinha diretamente a essas diretrizes<\/strong>, promovendo moradias de baixo impacto ambiental e que aproveitam ao m\u00e1ximo o espa\u00e7o dispon\u00edvel \u2014 sem abrir m\u00e3o do conforto.<\/p>\n\n\n\n<hr class=\"wp-block-separator has-alpha-channel-opacity\"\/>\n\n\n\n<h3 id='tend\u00eancia-local-de-moradias-inteligentes-e-otimizadas'  class=\"wp-block-heading\"><strong>Tend\u00eancia local de moradias inteligentes e otimizadas<\/strong><\/h3>\n\n\n\n<p>Nos \u00faltimos anos, a cidade vem se destacando por abrigar <strong>projetos arquitet\u00f4nicos que priorizam inova\u00e7\u00e3o, mobilidade e uso racional do espa\u00e7o<\/strong>. Empreendimentos imobili\u00e1rios voltados a <strong>casas modulares, microlofts e habita\u00e7\u00f5es acess\u00edveis<\/strong> est\u00e3o cada vez mais presentes na paisagem curitibana.<\/p>\n\n\n\n<p>Essa tend\u00eancia n\u00e3o surge por acaso: o custo de vida nas \u00e1reas centrais da cidade tem impulsionado moradores a buscar <strong>alternativas menores, mais eficientes e localizadas em bairros com infraestrutura completa<\/strong>. Nesse cen\u00e1rio, as <strong>microcasas com cozinhas funcionais ganham protagonismo<\/strong>, pois aliam conforto e independ\u00eancia com baixo custo de manuten\u00e7\u00e3o e praticidade no dia a dia.<\/p>\n\n\n\n<p>A popula\u00e7\u00e3o curitibana \u2014 exigente e bem-informada \u2014 tamb\u00e9m contribui para essa demanda. H\u00e1 um interesse crescente por <strong>solu\u00e7\u00f5es inteligentes de habita\u00e7\u00e3o, que priorizem organiza\u00e7\u00e3o interna, integra\u00e7\u00e3o dos ambientes e aproveitamento vertical<\/strong>.<\/p>\n\n\n\n<hr class=\"wp-block-separator has-alpha-channel-opacity\"\/>\n\n\n\n<h3 id='como-adaptar-cozinhas-pequenas-para-as-condi\u00e7\u00f5es-da-cidade'  class=\"wp-block-heading\"><strong>Como adaptar cozinhas pequenas para as condi\u00e7\u00f5es da cidade<\/strong><\/h3>\n\n\n\n<p>Uma das grandes vantagens de projetar microcasas em Curitiba \u00e9 a possibilidade de <strong>aproveitar ao m\u00e1ximo o clima e as condi\u00e7\u00f5es urbanas locais<\/strong> para criar <strong>cozinhas pequenas, por\u00e9m completas e funcionais<\/strong>.<\/p>\n\n\n\n<p>\u2705 <strong>Ventila\u00e7\u00e3o natural e janelas posicionadas estrategicamente<\/strong> ajudam a manter o ambiente fresco, mesmo durante o preparo de alimentos.<br>\u2705 <strong>M\u00f3veis planejados e multifuncionais<\/strong> otimizam cada cent\u00edmetro da \u00e1rea dispon\u00edvel, sem comprometer a circula\u00e7\u00e3o.<br>\u2705 <strong>Uso de divis\u00f3rias leves ou retr\u00e1teis<\/strong> permite <strong>integrar ou isolar a cozinha conforme a necessidade<\/strong>, o que \u00e9 ideal em um espa\u00e7o compacto.<br>\u2705 <strong>Materiais t\u00e9rmicos e resistentes \u00e0 umidade<\/strong> s\u00e3o fundamentais, j\u00e1 que Curitiba possui <strong>per\u00edodos prolongados de chuva e ar mais frio<\/strong>.<\/p>\n\n\n\n<p>Cozinhas funcionais em microcasas curitibanas costumam incluir <strong>bancadas compactas, eletrodom\u00e9sticos reduzidos e solu\u00e7\u00f5es de armazenamento vertical<\/strong>. Dessa forma, mesmo com poucos metros quadrados, \u00e9 poss\u00edvel cozinhar com conforto, organizar utens\u00edlios e manter um visual limpo e coerente com o estilo da casa.<\/p>\n\n\n\n<hr class=\"wp-block-separator has-alpha-channel-opacity\"\/>\n\n\n\n<p>Curitiba se apresenta como um <strong>cen\u00e1rio ideal para a constru\u00e7\u00e3o de microcasas funcionais<\/strong>. Seu clima, perfil urbano e abertura a inova\u00e7\u00f5es arquitet\u00f4nicas tornam a cidade <strong>perfeita para explorar solu\u00e7\u00f5es compactas com alto n\u00edvel de conforto e efici\u00eancia<\/strong> \u2014 principalmente quando falamos de cozinhas pequenas, bem planejadas e integradas ao dia a dia.<\/p>\n\n\n\n<p>Nos pr\u00f3ximos t\u00f3picos, voc\u00ea ver\u00e1 <strong>10 modelos de plantas arquitet\u00f4nicas pensadas exatamente para esse contexto<\/strong>, com cozinhas otimizadas e adaptadas \u00e0 realidade curitibana. \ud83c\udfe1\ud83c\udf31\ud83d\udcd0<\/p>\n\n\n\n<hr class=\"wp-block-separator has-alpha-channel-opacity\"\/>\n\n\n\n<h2 id='caracter\u00edsticas-essenciais-de-uma-cozinha-funcional-em-microcasas'  class=\"wp-block-heading\"><strong>Caracter\u00edsticas essenciais de uma cozinha funcional em microcasas<\/strong><\/h2>\n\n\n\n<p>Projetar uma cozinha funcional em uma microcasa exige <strong>criatividade, organiza\u00e7\u00e3o e foco na praticidade do dia a dia<\/strong>. O espa\u00e7o \u00e9 reduzido, mas as demandas s\u00e3o as mesmas de uma cozinha tradicional: preparar refei\u00e7\u00f5es, armazenar alimentos, organizar utens\u00edlios e manter tudo acess\u00edvel e confort\u00e1vel.<\/p>\n\n\n\n<p>Para que isso aconte\u00e7a, \u00e9 essencial que a planta da microcasa inclua <strong>elementos estrat\u00e9gicos que otimizem o uso do ambiente sem comprometer a circula\u00e7\u00e3o ou o design minimalista<\/strong>. A seguir, destacamos as <strong>principais caracter\u00edsticas que tornam uma cozinha pequena realmente funcional em projetos compactos<\/strong>.<\/p>\n\n\n\n<hr class=\"wp-block-separator has-alpha-channel-opacity\"\/>\n\n\n\n<h3 id='integra\u00e7\u00e3o-com-sala-de-estar-ou-jantar'  class=\"wp-block-heading\"><strong>Integra\u00e7\u00e3o com sala de estar ou jantar<\/strong><\/h3>\n\n\n\n<p>Em microcasas, a separa\u00e7\u00e3o de ambientes raramente \u00e9 feita com paredes. Em vez disso, o conceito de <strong>integra\u00e7\u00e3o total entre cozinha, sala de estar e jantar<\/strong> prevalece, criando um espa\u00e7o aberto, fluido e multifuncional.<\/p>\n\n\n\n<p>Essa estrat\u00e9gia favorece n\u00e3o s\u00f3 a circula\u00e7\u00e3o, mas tamb\u00e9m a <strong>sensa\u00e7\u00e3o de amplitude<\/strong>, tornando a casa visualmente mais leve e organizada.<\/p>\n\n\n\n<p>\u2705 A cozinha costuma ficar <strong>posicionada ao longo de uma parede<\/strong>, com a sala disposta em frente ou em continuidade.<br>\u2705 Uma <strong>bancada tipo pen\u00ednsula ou ilha compacta<\/strong> pode servir como \u00e1rea de preparo, mesa de refei\u00e7\u00f5es e separa\u00e7\u00e3o sutil entre os ambientes.<br>\u2705 A integra\u00e7\u00e3o facilita o <strong>conv\u00edvio entre moradores<\/strong> e permite que a cozinha se torne parte ativa da experi\u00eancia dom\u00e9stica.<\/p>\n\n\n\n<p>Essa configura\u00e7\u00e3o tamb\u00e9m aproveita melhor a <strong>entrada de luz natural<\/strong>, j\u00e1 que o espa\u00e7o n\u00e3o \u00e9 fragmentado por divis\u00f3rias, tornando a cozinha mais ventilada e agrad\u00e1vel.<\/p>\n\n\n\n<hr class=\"wp-block-separator has-alpha-channel-opacity\"\/>\n\n\n\n<h3 id='aproveitamento-vertical-e-arm\u00e1rios-embutidos'  class=\"wp-block-heading\"><strong>Aproveitamento vertical e arm\u00e1rios embutidos<\/strong><\/h3>\n\n\n\n<p>Quando a metragem \u00e9 limitada, o segredo est\u00e1 em <strong>subir, n\u00e3o espalhar<\/strong>. O aproveitamento vertical \u00e9 uma das solu\u00e7\u00f5es mais eficazes para organizar uma cozinha de microcasa sem perder espa\u00e7o de circula\u00e7\u00e3o.<\/p>\n\n\n\n<p>\ud83d\udd39 <strong>Arm\u00e1rios superiores embutidos at\u00e9 o teto<\/strong> oferecem espa\u00e7o extra para mantimentos e utens\u00edlios pouco usados no dia a dia.<br>\ud83d\udd39 <strong>Prateleiras abertas<\/strong> ajudam a manter itens vis\u00edveis e acess\u00edveis, al\u00e9m de refor\u00e7arem o aspecto leve da composi\u00e7\u00e3o.<br>\ud83d\udd39 <strong>Nichos e ganchos instalados em \u00e1reas vazias<\/strong> \u2014 como laterais de m\u00f3veis ou paredes acima da pia \u2014 ampliam a capacidade de organiza\u00e7\u00e3o.<br>\ud83d\udd39 <strong>Rodap\u00e9s aproveit\u00e1veis<\/strong>, como gavet\u00f5es inferiores ou gavetas ocultas, tamb\u00e9m s\u00e3o aliados inteligentes.<\/p>\n\n\n\n<p>\ud83d\udccc <strong>Dica extra:<\/strong> Para manter a harmonia visual em cozinhas integradas, <strong>opte por arm\u00e1rios com acabamento semelhante ao restante da casa<\/strong>, como madeiras claras, tons neutros ou superf\u00edcies lisas sem puxadores.<\/p>\n\n\n\n<hr class=\"wp-block-separator has-alpha-channel-opacity\"\/>\n\n\n\n<h3 id='escolha-de-eletrodom\u00e9sticos-compactos-e-solu\u00e7\u00f5es-modulares'  class=\"wp-block-heading\"><strong>Escolha de eletrodom\u00e9sticos compactos e solu\u00e7\u00f5es modulares<\/strong><\/h3>\n\n\n\n<p>Uma cozinha funcional em microcasa depende, em grande parte, da <strong>escolha dos eletrodom\u00e9sticos certos<\/strong>. Eles devem ser <strong>proporcionais ao tamanho do espa\u00e7o<\/strong>, eficientes no consumo de energia e preferencialmente embutidos ou multifuncionais.<\/p>\n\n\n\n<p>\u2705 <strong>Fog\u00f5es de duas bocas ou cooktops<\/strong> substituem com efici\u00eancia os modelos tradicionais e economizam espa\u00e7o na bancada.<br>\u2705 <strong>Geladeiras slim ou sob bancada<\/strong> s\u00e3o ideais para quem mora sozinho ou em casal.<br>\u2705 <strong>Forno el\u00e9trico multifuncional<\/strong>, que tamb\u00e9m serve como micro-ondas, evita a duplica\u00e7\u00e3o de equipamentos.<br>\u2705 <strong>M\u00e1quinas lava e seca compactas<\/strong>, quando integradas \u00e0 cozinha, otimizam a \u00e1rea de servi\u00e7o.<\/p>\n\n\n\n<p>Al\u00e9m dos eletros, a <strong>mobili\u00e1rio modular<\/strong> \u00e9 essencial. M\u00f3dulos com rod\u00edzios, arm\u00e1rios retr\u00e1teis e bancadas dobr\u00e1veis permitem adaptar o ambiente \u00e0s necessidades do momento \u2014 seja cozinhar, fazer refei\u00e7\u00f5es ou liberar espa\u00e7o.<\/p>\n\n\n\n<hr class=\"wp-block-separator has-alpha-channel-opacity\"\/>\n\n\n\n<p>A funcionalidade de uma cozinha em microcasa <strong>n\u00e3o depende do tamanho, mas da intelig\u00eancia do projeto<\/strong>. Ambientes bem integrados, uso vertical bem planejado e equipamentos compactos fazem toda a diferen\u00e7a para que o dia a dia seja <strong>pr\u00e1tico, confort\u00e1vel e visualmente leve<\/strong>.<\/p>\n\n\n\n<p>Nos pr\u00f3ximos t\u00f3picos, voc\u00ea ver\u00e1 como esses princ\u00edpios foram aplicados em <strong>10 plantas reais de microcasas com cozinhas funcionais<\/strong>, pensadas para oferecer tudo o que se precisa \u2014 em poucos metros quadrados. \ud83c\udfe1\ud83d\udcd0\u2728<\/p>\n\n\n\n<hr class=\"wp-block-separator has-alpha-channel-opacity\"\/>\n\n\n\n<h2 id='quais-os-crit\u00e9rios-adotados-na-sele\u00e7\u00e3o-das-plantas-de-microcasas'  class=\"wp-block-heading\"><strong>Quais os crit\u00e9rios adotados na sele\u00e7\u00e3o das plantas de microcasas?<\/strong><\/h2>\n\n\n\n<p>Escolher as melhores plantas de microcasas com cozinha funcional exige mais do que apenas considerar est\u00e9tica ou tend\u00eancia. Cada projeto precisa <strong>atender a uma combina\u00e7\u00e3o de requisitos pr\u00e1ticos, funcionais e adapt\u00e1veis ao estilo de vida contempor\u00e2neo<\/strong> \u2014 especialmente em uma cidade como Curitiba, com suas caracter\u00edsticas clim\u00e1ticas e urbanas particulares.<\/p>\n\n\n\n<p>Abaixo, voc\u00ea confere os <strong>principais crit\u00e9rios que nortearam a sele\u00e7\u00e3o das 10 plantas apresentadas neste artigo<\/strong>, garantindo que cada uma delas seja <strong>eficiente, realista e aplic\u00e1vel a diferentes perfis de moradores e terrenos<\/strong>.<\/p>\n\n\n\n<hr class=\"wp-block-separator has-alpha-channel-opacity\"\/>\n\n\n\n<h3 id='variedade-de-metragens-de-20m\u00b2-a-40m\u00b2'  class=\"wp-block-heading\"><strong>Variedade de metragens: de 20m\u00b2 a 40m\u00b2<\/strong><\/h3>\n\n\n\n<p>A proposta foi apresentar <strong>solu\u00e7\u00f5es acess\u00edveis e escal\u00e1veis<\/strong>, com modelos que atendem desde quem busca <strong>uma resid\u00eancia m\u00ednima para uma s\u00f3 pessoa<\/strong>, at\u00e9 <strong>projetos mais confort\u00e1veis para casais ou pequenas fam\u00edlias<\/strong>.<\/p>\n\n\n\n<p>\u2705 <strong>Microcasas de 20m\u00b2 a 26m\u00b2<\/strong>: com foco em funcionalidade extrema, s\u00e3o ideais para terrenos pequenos e moradores com rotina din\u00e2mica.<br>\u2705 <strong>Plantas entre 27m\u00b2 e 34m\u00b2<\/strong>: trazem maior conforto, integra\u00e7\u00e3o dos ambientes e espa\u00e7o para m\u00f3veis multifuncionais.<br>\u2705 <strong>Modelos de 35m\u00b2 a 40m\u00b2<\/strong>: permitem mais divis\u00f5es internas, \u00e1rea de servi\u00e7o oculta ou varanda compacta, mantendo a cozinha funcional como eixo central.<\/p>\n\n\n\n<p>Essa diversidade de tamanhos <strong>ajuda a visualizar possibilidades reais de moradia<\/strong> para diferentes perfis e or\u00e7amentos.<\/p>\n\n\n\n<hr class=\"wp-block-separator has-alpha-channel-opacity\"\/>\n\n\n\n<h3 id='distribui\u00e7\u00e3o-inteligente-dos-ambientes'  class=\"wp-block-heading\"><strong>Distribui\u00e7\u00e3o inteligente dos ambientes<\/strong><\/h3>\n\n\n\n<p>Mais do que o tamanho da planta, o que importa \u00e9 <strong>como os ambientes se organizam dentro da metragem dispon\u00edvel<\/strong>. Por isso, foram priorizados projetos com <strong>layout eficiente e boa fluidez entre as \u00e1reas internas<\/strong>.<\/p>\n\n\n\n<p>\ud83d\udd39 <strong>Cozinha sempre integrada ou semi-integrada<\/strong> com a sala de estar ou jantar.<br>\ud83d\udd39 <strong>Dormit\u00f3rio isolado ou mezanino funcional<\/strong>, dependendo da metragem.<br>\ud83d\udd39 <strong>Uso de corredores m\u00ednimos ou inexistentes<\/strong>, priorizando ambientes abertos e conectados.<br>\ud83d\udd39 <strong>Banheiros posicionados com f\u00e1cil acesso, mas discretos visualmente<\/strong>, favorecendo a privacidade mesmo em espa\u00e7os compactos.<\/p>\n\n\n\n<p>Essa l\u00f3gica de distribui\u00e7\u00e3o contribui para que as microcasas <strong>pare\u00e7am maiores do que realmente s\u00e3o<\/strong>, favorecendo a sensa\u00e7\u00e3o de conforto e liberdade.<\/p>\n\n\n\n<hr class=\"wp-block-separator has-alpha-channel-opacity\"\/>\n\n\n\n<h3 id='circula\u00e7\u00e3o-ventila\u00e7\u00e3o-e-ilumina\u00e7\u00e3o-natural'  class=\"wp-block-heading\"><strong>Circula\u00e7\u00e3o, ventila\u00e7\u00e3o e ilumina\u00e7\u00e3o natural<\/strong><\/h3>\n\n\n\n<p>Em Curitiba, o clima pode variar bastante ao longo do ano, com <strong>dias \u00famidos, invernos marcados e ver\u00f5es pontualmente intensos<\/strong>. Por isso, cada planta selecionada neste artigo considera <strong>elementos que favorecem o conforto t\u00e9rmico e a qualidade do ar interno<\/strong>.<\/p>\n\n\n\n<p>\u2705 <strong>Aberturas bem-posicionadas<\/strong> garantem ventila\u00e7\u00e3o cruzada e ilumina\u00e7\u00e3o eficiente durante o dia.<br>\u2705 <strong>Portas e janelas de dimens\u00f5es generosas<\/strong>, mesmo em projetos pequenos, permitem maior entrada de luz e evitam sensa\u00e7\u00e3o de clausura.<br>\u2705 <strong>Ambientes interligados sem barreiras f\u00edsicas<\/strong>, o que facilita a circula\u00e7\u00e3o do ar e da energia entre os espa\u00e7os.<br>\u2705 <strong>Posi\u00e7\u00e3o estrat\u00e9gica da cozinha<\/strong>, aproveitando luz natural e proximidade de janelas ou portas para dissipar calor e vapores.<\/p>\n\n\n\n<p>Esses cuidados refletem <strong>conforto real na rotina dos moradores<\/strong>, reduzindo tamb\u00e9m a necessidade de climatiza\u00e7\u00e3o artificial.<\/p>\n\n\n\n<hr class=\"wp-block-separator has-alpha-channel-opacity\"\/>\n\n\n\n<h3 id='adaptabilidade-ao-terreno-curitibano'  class=\"wp-block-heading\"><strong>Adaptabilidade ao terreno curitibano<\/strong><\/h3>\n\n\n\n<p>Curitiba possui uma geografia urbana bastante diversificada. H\u00e1 terrenos <strong>estreitos, com desn\u00edveis, orienta\u00e7\u00e3o solar vari\u00e1vel e diferentes \u00edndices de umidade<\/strong>. Por isso, as plantas foram selecionadas considerando <strong>flexibilidade de implanta\u00e7\u00e3o e f\u00e1cil adapta\u00e7\u00e3o ao relevo local<\/strong>.<\/p>\n\n\n\n<p>\ud83d\udd39 Modelos com <strong>funda\u00e7\u00e3o elevada<\/strong>, ideais para terrenos \u00famidos ou inclinados.<br>\ud83d\udd39 Plantas lineares que se ajustam bem a <strong>lotes estreitos e longil\u00edneos<\/strong>.<br>\ud83d\udd39 Layouts que permitem <strong>reversibilidade de ambientes<\/strong> conforme a posi\u00e7\u00e3o do terreno e entrada de luz.<br>\ud83d\udd39 Estruturas simples, que facilitam constru\u00e7\u00f5es modulares, pr\u00e9-fabricadas ou at\u00e9 m\u00f3veis.<\/p>\n\n\n\n<p>Essa adaptabilidade garante que as plantas possam ser <strong>executadas com mais rapidez, menor custo e maior aproveitamento do terreno<\/strong>.<\/p>\n\n\n\n<hr class=\"wp-block-separator has-alpha-channel-opacity\"\/>\n\n\n\n<p>A sele\u00e7\u00e3o das plantas de microcasas com cozinha funcional foi feita com foco em <strong>aplicabilidade real, funcionalidade e conforto adaptado ao contexto urbano de Curitiba<\/strong>. A combina\u00e7\u00e3o de <strong>variedade de tamanhos, layouts inteligentes, efici\u00eancia clim\u00e1tica e compatibilidade com o terreno local<\/strong> garante que cada projeto apresentado seja <strong>mais do que uma inspira\u00e7\u00e3o \u2014 uma solu\u00e7\u00e3o vi\u00e1vel de moradia compacta<\/strong>.<\/p>\n\n\n\n<p>Nos pr\u00f3ximos t\u00f3picos, voc\u00ea conhecer\u00e1 em detalhes cada uma das <strong>10 plantas otimizadas que tornam a cozinha o cora\u00e7\u00e3o funcional da microcasa<\/strong>. \ud83c\udfe1\ud83d\udccf\ud83c\udf3f<\/p>\n\n\n\n<hr class=\"wp-block-separator has-alpha-channel-opacity\"\/>\n\n\n\n<h2 id='apresenta\u00e7\u00e3o-das-10-plantas-de-microcasas-com-cozinha-funcional-em-curitiba'  class=\"wp-block-heading\"><strong>Apresenta\u00e7\u00e3o das 10 plantas de microcasas com cozinha funcional em Curitiba<\/strong><\/h2>\n\n\n\n<p>A seguir, apresentamos <strong>10 modelos de plantas de microcasas<\/strong> que se destacam pelo <strong>uso inteligente do espa\u00e7o e pela presen\u00e7a de cozinhas compactas, mas completas<\/strong>, todas pensadas para se adaptar ao perfil urbano, clim\u00e1tico e construtivo de Curitiba. Cada planta foi desenvolvida considerando <strong>funcionalidade, fluidez entre os ambientes, integra\u00e7\u00e3o e conforto t\u00e9rmico<\/strong>, mesmo em metragens reduzidas.<\/p>\n\n\n\n<hr class=\"wp-block-separator has-alpha-channel-opacity\"\/>\n\n\n\n<figure class=\"wp-block-image size-large\"><img data-recalc-dims=\"1\" fetchpriority=\"high\" decoding=\"async\" width=\"1024\" height=\"585\" src=\"https:\/\/i0.wp.com\/1truenote.com\/wp-content\/uploads\/2025\/03\/DALL%C2%B7E-2025-03-21-16.39.27-A-20m%C2%B2-modern-microhouse-floor-plan-with-a-corridor-style-kitchen.-The-layout-should-show-a-single-wall-kitchen-compact-living-area-bathroom-and-in.webp?resize=1024%2C585&#038;ssl=1\" alt=\"Planta 01 \u2013 20m\u00b2 compacta com cozinha em corredor\" class=\"wp-image-705\" srcset=\"https:\/\/i0.wp.com\/1truenote.com\/wp-content\/uploads\/2025\/03\/DALL%C2%B7E-2025-03-21-16.39.27-A-20m%C2%B2-modern-microhouse-floor-plan-with-a-corridor-style-kitchen.-The-layout-should-show-a-single-wall-kitchen-compact-living-area-bathroom-and-in.webp?resize=1024%2C585&amp;ssl=1 1024w, https:\/\/i0.wp.com\/1truenote.com\/wp-content\/uploads\/2025\/03\/DALL%C2%B7E-2025-03-21-16.39.27-A-20m%C2%B2-modern-microhouse-floor-plan-with-a-corridor-style-kitchen.-The-layout-should-show-a-single-wall-kitchen-compact-living-area-bathroom-and-in.webp?resize=300%2C171&amp;ssl=1 300w, https:\/\/i0.wp.com\/1truenote.com\/wp-content\/uploads\/2025\/03\/DALL%C2%B7E-2025-03-21-16.39.27-A-20m%C2%B2-modern-microhouse-floor-plan-with-a-corridor-style-kitchen.-The-layout-should-show-a-single-wall-kitchen-compact-living-area-bathroom-and-in.webp?resize=768%2C439&amp;ssl=1 768w, https:\/\/i0.wp.com\/1truenote.com\/wp-content\/uploads\/2025\/03\/DALL%C2%B7E-2025-03-21-16.39.27-A-20m%C2%B2-modern-microhouse-floor-plan-with-a-corridor-style-kitchen.-The-layout-should-show-a-single-wall-kitchen-compact-living-area-bathroom-and-in.webp?resize=1536%2C878&amp;ssl=1 1536w, https:\/\/i0.wp.com\/1truenote.com\/wp-content\/uploads\/2025\/03\/DALL%C2%B7E-2025-03-21-16.39.27-A-20m%C2%B2-modern-microhouse-floor-plan-with-a-corridor-style-kitchen.-The-layout-should-show-a-single-wall-kitchen-compact-living-area-bathroom-and-in.webp?w=1792&amp;ssl=1 1792w\" sizes=\"(max-width: 1024px) 100vw, 1024px\" \/><\/figure>\n\n\n\n<h3 id='planta-01-20m\u00b2-compacta-com-cozinha-em-corredor'  class=\"wp-block-heading\"><strong>Planta 01 \u2013 20m\u00b2 compacta com cozinha em corredor<\/strong><\/h3>\n\n\n\n<p>Nesta proposta minimalista, a cozinha ocupa <strong>uma parede lateral em formato de corredor<\/strong>, com arm\u00e1rios superiores e inferiores distribu\u00eddos linearmente. A circula\u00e7\u00e3o \u00e9 fluida, e a \u00e1rea de preparo \u00e9 funcional para quem mora sozinho ou passa pouco tempo em casa.<\/p>\n\n\n\n<p>\u2705 Ideal para terrenos estreitos<br>\u2705 Cozinha compacta e bem iluminada<br>\u2705 Integra\u00e7\u00e3o total com sala e dormit\u00f3rio<\/p>\n\n\n\n<hr class=\"wp-block-separator has-alpha-channel-opacity\"\/>\n\n\n\n<figure class=\"wp-block-image size-large\"><img data-recalc-dims=\"1\" decoding=\"async\" width=\"1024\" height=\"585\" src=\"https:\/\/i0.wp.com\/1truenote.com\/wp-content\/uploads\/2025\/03\/DALL%C2%B7E-2025-03-21-16.40.32-A-24m%C2%B2-microhouse-floor-plan-with-an-integrated-kitchen-and-multifunctional-counter.-Open-layout-connecting-kitchen-with-living-area-compact-bathroom.webp?resize=1024%2C585&#038;ssl=1\" alt=\"Planta 02 \u2013 24m\u00b2 com cozinha integrada \u00e0 \u00e1rea social e bancada multifuncional\" class=\"wp-image-706\" srcset=\"https:\/\/i0.wp.com\/1truenote.com\/wp-content\/uploads\/2025\/03\/DALL%C2%B7E-2025-03-21-16.40.32-A-24m%C2%B2-microhouse-floor-plan-with-an-integrated-kitchen-and-multifunctional-counter.-Open-layout-connecting-kitchen-with-living-area-compact-bathroom.webp?resize=1024%2C585&amp;ssl=1 1024w, https:\/\/i0.wp.com\/1truenote.com\/wp-content\/uploads\/2025\/03\/DALL%C2%B7E-2025-03-21-16.40.32-A-24m%C2%B2-microhouse-floor-plan-with-an-integrated-kitchen-and-multifunctional-counter.-Open-layout-connecting-kitchen-with-living-area-compact-bathroom.webp?resize=300%2C171&amp;ssl=1 300w, https:\/\/i0.wp.com\/1truenote.com\/wp-content\/uploads\/2025\/03\/DALL%C2%B7E-2025-03-21-16.40.32-A-24m%C2%B2-microhouse-floor-plan-with-an-integrated-kitchen-and-multifunctional-counter.-Open-layout-connecting-kitchen-with-living-area-compact-bathroom.webp?resize=768%2C439&amp;ssl=1 768w, https:\/\/i0.wp.com\/1truenote.com\/wp-content\/uploads\/2025\/03\/DALL%C2%B7E-2025-03-21-16.40.32-A-24m%C2%B2-microhouse-floor-plan-with-an-integrated-kitchen-and-multifunctional-counter.-Open-layout-connecting-kitchen-with-living-area-compact-bathroom.webp?resize=1536%2C878&amp;ssl=1 1536w, https:\/\/i0.wp.com\/1truenote.com\/wp-content\/uploads\/2025\/03\/DALL%C2%B7E-2025-03-21-16.40.32-A-24m%C2%B2-microhouse-floor-plan-with-an-integrated-kitchen-and-multifunctional-counter.-Open-layout-connecting-kitchen-with-living-area-compact-bathroom.webp?w=1792&amp;ssl=1 1792w\" sizes=\"(max-width: 1024px) 100vw, 1024px\" \/><\/figure>\n\n\n\n<h3 id='planta-02-24m\u00b2-com-cozinha-integrada-\u00e0-\u00e1rea-social-e-bancada-multifuncional'  class=\"wp-block-heading\"><strong>Planta 02 \u2013 24m\u00b2 com cozinha integrada \u00e0 \u00e1rea social e bancada multifuncional<\/strong><\/h3>\n\n\n\n<p>Aqui, a cozinha fica integrada ao espa\u00e7o principal da casa, com uma <strong>bancada que serve como apoio para refei\u00e7\u00f5es, home office ou espa\u00e7o de preparo<\/strong>. Tudo se conecta de forma intuitiva.<\/p>\n\n\n\n<p>\u2705 Bancada dobr\u00e1vel que amplia o uso do ambiente<br>\u2705 Layout aberto com boa circula\u00e7\u00e3o<br>\u2705 Indicado para quem valoriza versatilidade<\/p>\n\n\n\n<hr class=\"wp-block-separator has-alpha-channel-opacity\"\/>\n\n\n\n<figure class=\"wp-block-image size-large\"><img data-recalc-dims=\"1\" decoding=\"async\" width=\"1024\" height=\"585\" src=\"https:\/\/i0.wp.com\/1truenote.com\/wp-content\/uploads\/2025\/03\/DALL%C2%B7E-2025-03-21-16.41.54-A-26m%C2%B2-microhouse-floor-plan-featuring-an-L-shaped-kitchen-and-a-hidden-laundry-area.-Includes-a-compact-bathroom-integrated-living-space-and-a-cozy.webp?resize=1024%2C585&#038;ssl=1\" alt=\"Planta 03 \u2013 26m\u00b2 com cozinha em L e lavanderia oculta\" class=\"wp-image-707\" srcset=\"https:\/\/i0.wp.com\/1truenote.com\/wp-content\/uploads\/2025\/03\/DALL%C2%B7E-2025-03-21-16.41.54-A-26m%C2%B2-microhouse-floor-plan-featuring-an-L-shaped-kitchen-and-a-hidden-laundry-area.-Includes-a-compact-bathroom-integrated-living-space-and-a-cozy.webp?resize=1024%2C585&amp;ssl=1 1024w, https:\/\/i0.wp.com\/1truenote.com\/wp-content\/uploads\/2025\/03\/DALL%C2%B7E-2025-03-21-16.41.54-A-26m%C2%B2-microhouse-floor-plan-featuring-an-L-shaped-kitchen-and-a-hidden-laundry-area.-Includes-a-compact-bathroom-integrated-living-space-and-a-cozy.webp?resize=300%2C171&amp;ssl=1 300w, https:\/\/i0.wp.com\/1truenote.com\/wp-content\/uploads\/2025\/03\/DALL%C2%B7E-2025-03-21-16.41.54-A-26m%C2%B2-microhouse-floor-plan-featuring-an-L-shaped-kitchen-and-a-hidden-laundry-area.-Includes-a-compact-bathroom-integrated-living-space-and-a-cozy.webp?resize=768%2C439&amp;ssl=1 768w, https:\/\/i0.wp.com\/1truenote.com\/wp-content\/uploads\/2025\/03\/DALL%C2%B7E-2025-03-21-16.41.54-A-26m%C2%B2-microhouse-floor-plan-featuring-an-L-shaped-kitchen-and-a-hidden-laundry-area.-Includes-a-compact-bathroom-integrated-living-space-and-a-cozy.webp?resize=1536%2C878&amp;ssl=1 1536w, https:\/\/i0.wp.com\/1truenote.com\/wp-content\/uploads\/2025\/03\/DALL%C2%B7E-2025-03-21-16.41.54-A-26m%C2%B2-microhouse-floor-plan-featuring-an-L-shaped-kitchen-and-a-hidden-laundry-area.-Includes-a-compact-bathroom-integrated-living-space-and-a-cozy.webp?w=1792&amp;ssl=1 1792w\" sizes=\"(max-width: 1024px) 100vw, 1024px\" \/><\/figure>\n\n\n\n<h3 id='planta-03-26m\u00b2-com-cozinha-em-l-e-lavanderia-oculta'  class=\"wp-block-heading\"><strong>Planta 03 \u2013 26m\u00b2 com cozinha em L e lavanderia oculta<\/strong><\/h3>\n\n\n\n<p>Essa planta traz uma cozinha em formato \u201cL\u201d, que se encaixa no canto da casa, aproveitando bem duas paredes. Um diferencial \u00e9 a <strong>lavanderia compacta oculta por portas de correr<\/strong>, que mant\u00e9m o visual limpo.<\/p>\n\n\n\n<p>\u2705 Excelente aproveitamento de canto<br>\u2705 \u00c1rea molhada isolada e funcional<br>\u2705 Boa para casais que valorizam praticidade<\/p>\n\n\n\n<hr class=\"wp-block-separator has-alpha-channel-opacity\"\/>\n\n\n\n<figure class=\"wp-block-image size-large\"><img data-recalc-dims=\"1\" loading=\"lazy\" decoding=\"async\" width=\"1024\" height=\"585\" src=\"https:\/\/i0.wp.com\/1truenote.com\/wp-content\/uploads\/2025\/03\/DALL%C2%B7E-2025-03-21-16.43.06-A-28m%C2%B2-microhouse-floor-plan-featuring-a-compact-central-kitchen-island-and-cross-ventilation.-Includes-a-well-lit-living-space-integrated-dining-are.webp?resize=1024%2C585&#038;ssl=1\" alt=\"Planta 04 \u2013 28m\u00b2 com ilha central e ventila\u00e7\u00e3o cruzada\" class=\"wp-image-708\" srcset=\"https:\/\/i0.wp.com\/1truenote.com\/wp-content\/uploads\/2025\/03\/DALL%C2%B7E-2025-03-21-16.43.06-A-28m%C2%B2-microhouse-floor-plan-featuring-a-compact-central-kitchen-island-and-cross-ventilation.-Includes-a-well-lit-living-space-integrated-dining-are.webp?resize=1024%2C585&amp;ssl=1 1024w, https:\/\/i0.wp.com\/1truenote.com\/wp-content\/uploads\/2025\/03\/DALL%C2%B7E-2025-03-21-16.43.06-A-28m%C2%B2-microhouse-floor-plan-featuring-a-compact-central-kitchen-island-and-cross-ventilation.-Includes-a-well-lit-living-space-integrated-dining-are.webp?resize=300%2C171&amp;ssl=1 300w, https:\/\/i0.wp.com\/1truenote.com\/wp-content\/uploads\/2025\/03\/DALL%C2%B7E-2025-03-21-16.43.06-A-28m%C2%B2-microhouse-floor-plan-featuring-a-compact-central-kitchen-island-and-cross-ventilation.-Includes-a-well-lit-living-space-integrated-dining-are.webp?resize=768%2C439&amp;ssl=1 768w, https:\/\/i0.wp.com\/1truenote.com\/wp-content\/uploads\/2025\/03\/DALL%C2%B7E-2025-03-21-16.43.06-A-28m%C2%B2-microhouse-floor-plan-featuring-a-compact-central-kitchen-island-and-cross-ventilation.-Includes-a-well-lit-living-space-integrated-dining-are.webp?resize=1536%2C878&amp;ssl=1 1536w, https:\/\/i0.wp.com\/1truenote.com\/wp-content\/uploads\/2025\/03\/DALL%C2%B7E-2025-03-21-16.43.06-A-28m%C2%B2-microhouse-floor-plan-featuring-a-compact-central-kitchen-island-and-cross-ventilation.-Includes-a-well-lit-living-space-integrated-dining-are.webp?w=1792&amp;ssl=1 1792w\" sizes=\"(max-width: 1024px) 100vw, 1024px\" \/><\/figure>\n\n\n\n<h3 id='planta-04-28m\u00b2-com-ilha-central-e-ventila\u00e7\u00e3o-cruzada'  class=\"wp-block-heading\"><strong>Planta 04 \u2013 28m\u00b2 com ilha central e ventila\u00e7\u00e3o cruzada<\/strong><\/h3>\n\n\n\n<p>Mesmo em um espa\u00e7o reduzido, essa planta prop\u00f5e <strong>uma ilha central compacta<\/strong> que serve de divis\u00e3o entre cozinha e estar. A ventila\u00e7\u00e3o cruzada foi pensada para manter o ambiente sempre arejado, essencial no clima curitibano.<\/p>\n\n\n\n<p>\u2705 Layout moderno e funcional<br>\u2705 Entrada de luz e ar natural por ambos os lados<br>\u2705 Ideal para terrenos com frente e fundos livres<\/p>\n\n\n\n<hr class=\"wp-block-separator has-alpha-channel-opacity\"\/>\n\n\n\n<figure class=\"wp-block-image size-large\"><img data-recalc-dims=\"1\" loading=\"lazy\" decoding=\"async\" width=\"1024\" height=\"585\" src=\"https:\/\/i0.wp.com\/1truenote.com\/wp-content\/uploads\/2025\/03\/DALL%C2%B7E-2025-03-21-16.44.04-A-30m%C2%B2-microhouse-floor-plan-with-a-kitchen-located-beneath-a-mezzanine-bedroom.-Includes-an-open-living-area-compact-bathroom-and-smart-storage-int.webp?resize=1024%2C585&#038;ssl=1\" alt=\"Planta 05 \u2013 30m\u00b2 com cozinha sob mezanino\" class=\"wp-image-709\" srcset=\"https:\/\/i0.wp.com\/1truenote.com\/wp-content\/uploads\/2025\/03\/DALL%C2%B7E-2025-03-21-16.44.04-A-30m%C2%B2-microhouse-floor-plan-with-a-kitchen-located-beneath-a-mezzanine-bedroom.-Includes-an-open-living-area-compact-bathroom-and-smart-storage-int.webp?resize=1024%2C585&amp;ssl=1 1024w, https:\/\/i0.wp.com\/1truenote.com\/wp-content\/uploads\/2025\/03\/DALL%C2%B7E-2025-03-21-16.44.04-A-30m%C2%B2-microhouse-floor-plan-with-a-kitchen-located-beneath-a-mezzanine-bedroom.-Includes-an-open-living-area-compact-bathroom-and-smart-storage-int.webp?resize=300%2C171&amp;ssl=1 300w, https:\/\/i0.wp.com\/1truenote.com\/wp-content\/uploads\/2025\/03\/DALL%C2%B7E-2025-03-21-16.44.04-A-30m%C2%B2-microhouse-floor-plan-with-a-kitchen-located-beneath-a-mezzanine-bedroom.-Includes-an-open-living-area-compact-bathroom-and-smart-storage-int.webp?resize=768%2C439&amp;ssl=1 768w, https:\/\/i0.wp.com\/1truenote.com\/wp-content\/uploads\/2025\/03\/DALL%C2%B7E-2025-03-21-16.44.04-A-30m%C2%B2-microhouse-floor-plan-with-a-kitchen-located-beneath-a-mezzanine-bedroom.-Includes-an-open-living-area-compact-bathroom-and-smart-storage-int.webp?resize=1536%2C878&amp;ssl=1 1536w, https:\/\/i0.wp.com\/1truenote.com\/wp-content\/uploads\/2025\/03\/DALL%C2%B7E-2025-03-21-16.44.04-A-30m%C2%B2-microhouse-floor-plan-with-a-kitchen-located-beneath-a-mezzanine-bedroom.-Includes-an-open-living-area-compact-bathroom-and-smart-storage-int.webp?w=1792&amp;ssl=1 1792w\" sizes=\"(max-width: 1024px) 100vw, 1024px\" \/><\/figure>\n\n\n\n<h3 id='planta-05-30m\u00b2-com-cozinha-sob-mezanino'  class=\"wp-block-heading\"><strong>Planta 05 \u2013 30m\u00b2 com cozinha sob mezanino<\/strong><\/h3>\n\n\n\n<p>A planta otimiza a altura do espa\u00e7o ao <strong>colocar o dormit\u00f3rio em um mezanino<\/strong>. A cozinha fica logo abaixo, em formato linear, com arm\u00e1rios embutidos e aproveitamento vertical total.<\/p>\n\n\n\n<p>\u2705 \u00d3tima para constru\u00e7\u00f5es em terreno pequeno<br>\u2705 Libera espa\u00e7o social no piso inferior<br>\u2705 Solu\u00e7\u00e3o moderna e compacta<\/p>\n\n\n\n<hr class=\"wp-block-separator has-alpha-channel-opacity\"\/>\n\n\n\n<figure class=\"wp-block-image size-large\"><img data-recalc-dims=\"1\" loading=\"lazy\" decoding=\"async\" width=\"1024\" height=\"585\" src=\"https:\/\/i0.wp.com\/1truenote.com\/wp-content\/uploads\/2025\/03\/DALL%C2%B7E-2025-03-21-16.45.05-A-32m%C2%B2-single-story-microhouse-floor-plan-with-an-L-shaped-corner-kitchen-and-built-in-pantry.-Includes-a-cozy-living-area-bathroom-and-defined-slee.webp?resize=1024%2C585&#038;ssl=1\" alt=\"Planta 06 \u2013 32m\u00b2 t\u00e9rrea com cozinha de canto e despensa embutida\" class=\"wp-image-710\" srcset=\"https:\/\/i0.wp.com\/1truenote.com\/wp-content\/uploads\/2025\/03\/DALL%C2%B7E-2025-03-21-16.45.05-A-32m%C2%B2-single-story-microhouse-floor-plan-with-an-L-shaped-corner-kitchen-and-built-in-pantry.-Includes-a-cozy-living-area-bathroom-and-defined-slee.webp?resize=1024%2C585&amp;ssl=1 1024w, https:\/\/i0.wp.com\/1truenote.com\/wp-content\/uploads\/2025\/03\/DALL%C2%B7E-2025-03-21-16.45.05-A-32m%C2%B2-single-story-microhouse-floor-plan-with-an-L-shaped-corner-kitchen-and-built-in-pantry.-Includes-a-cozy-living-area-bathroom-and-defined-slee.webp?resize=300%2C171&amp;ssl=1 300w, https:\/\/i0.wp.com\/1truenote.com\/wp-content\/uploads\/2025\/03\/DALL%C2%B7E-2025-03-21-16.45.05-A-32m%C2%B2-single-story-microhouse-floor-plan-with-an-L-shaped-corner-kitchen-and-built-in-pantry.-Includes-a-cozy-living-area-bathroom-and-defined-slee.webp?resize=768%2C439&amp;ssl=1 768w, https:\/\/i0.wp.com\/1truenote.com\/wp-content\/uploads\/2025\/03\/DALL%C2%B7E-2025-03-21-16.45.05-A-32m%C2%B2-single-story-microhouse-floor-plan-with-an-L-shaped-corner-kitchen-and-built-in-pantry.-Includes-a-cozy-living-area-bathroom-and-defined-slee.webp?resize=1536%2C878&amp;ssl=1 1536w, https:\/\/i0.wp.com\/1truenote.com\/wp-content\/uploads\/2025\/03\/DALL%C2%B7E-2025-03-21-16.45.05-A-32m%C2%B2-single-story-microhouse-floor-plan-with-an-L-shaped-corner-kitchen-and-built-in-pantry.-Includes-a-cozy-living-area-bathroom-and-defined-slee.webp?w=1792&amp;ssl=1 1792w\" sizes=\"(max-width: 1024px) 100vw, 1024px\" \/><\/figure>\n\n\n\n<h3 id='planta-06-32m\u00b2-t\u00e9rrea-com-cozinha-de-canto-e-despensa-embutida'  class=\"wp-block-heading\"><strong>Planta 06 \u2013 32m\u00b2 t\u00e9rrea com cozinha de canto e despensa embutida<\/strong><\/h3>\n\n\n\n<p>Esse modelo t\u00e9rreo apresenta uma <strong>cozinha em \u201cL\u201d com uma pequena despensa embutida<\/strong>, ideal para manter a organiza\u00e7\u00e3o mesmo com pouco espa\u00e7o. A planta valoriza a funcionalidade e o armazenamento.<\/p>\n\n\n\n<p>\u2705 Boa circula\u00e7\u00e3o interna<br>\u2705 Facilidade de execu\u00e7\u00e3o em terreno plano<br>\u2705 Indicado para quem deseja mais espa\u00e7o de armazenagem<\/p>\n\n\n\n<hr class=\"wp-block-separator has-alpha-channel-opacity\"\/>\n\n\n\n<figure class=\"wp-block-image size-large\"><img data-recalc-dims=\"1\" loading=\"lazy\" decoding=\"async\" width=\"1024\" height=\"585\" src=\"https:\/\/i0.wp.com\/1truenote.com\/wp-content\/uploads\/2025\/03\/DALL%C2%B7E-2025-03-21-16.46.18-A-35m%C2%B2-microhouse-floor-plan-featuring-a-semi-open-kitchen-connected-to-a-small-gourmet-style-outdoor-veranda.-Includes-an-integrated-living-and-dinin.webp?resize=1024%2C585&#038;ssl=1\" alt=\"Planta 07 \u2013 35m\u00b2 com varanda gourmet e cozinha externa parcial\" class=\"wp-image-711\" srcset=\"https:\/\/i0.wp.com\/1truenote.com\/wp-content\/uploads\/2025\/03\/DALL%C2%B7E-2025-03-21-16.46.18-A-35m%C2%B2-microhouse-floor-plan-featuring-a-semi-open-kitchen-connected-to-a-small-gourmet-style-outdoor-veranda.-Includes-an-integrated-living-and-dinin.webp?resize=1024%2C585&amp;ssl=1 1024w, https:\/\/i0.wp.com\/1truenote.com\/wp-content\/uploads\/2025\/03\/DALL%C2%B7E-2025-03-21-16.46.18-A-35m%C2%B2-microhouse-floor-plan-featuring-a-semi-open-kitchen-connected-to-a-small-gourmet-style-outdoor-veranda.-Includes-an-integrated-living-and-dinin.webp?resize=300%2C171&amp;ssl=1 300w, https:\/\/i0.wp.com\/1truenote.com\/wp-content\/uploads\/2025\/03\/DALL%C2%B7E-2025-03-21-16.46.18-A-35m%C2%B2-microhouse-floor-plan-featuring-a-semi-open-kitchen-connected-to-a-small-gourmet-style-outdoor-veranda.-Includes-an-integrated-living-and-dinin.webp?resize=768%2C439&amp;ssl=1 768w, https:\/\/i0.wp.com\/1truenote.com\/wp-content\/uploads\/2025\/03\/DALL%C2%B7E-2025-03-21-16.46.18-A-35m%C2%B2-microhouse-floor-plan-featuring-a-semi-open-kitchen-connected-to-a-small-gourmet-style-outdoor-veranda.-Includes-an-integrated-living-and-dinin.webp?resize=1536%2C878&amp;ssl=1 1536w, https:\/\/i0.wp.com\/1truenote.com\/wp-content\/uploads\/2025\/03\/DALL%C2%B7E-2025-03-21-16.46.18-A-35m%C2%B2-microhouse-floor-plan-featuring-a-semi-open-kitchen-connected-to-a-small-gourmet-style-outdoor-veranda.-Includes-an-integrated-living-and-dinin.webp?w=1792&amp;ssl=1 1792w\" sizes=\"(max-width: 1024px) 100vw, 1024px\" \/><\/figure>\n\n\n\n<h3 id='planta-07-35m\u00b2-com-varanda-gourmet-e-cozinha-externa-parcial'  class=\"wp-block-heading\"><strong>Planta 07 \u2013 35m\u00b2 com varanda gourmet e cozinha externa parcial<\/strong><\/h3>\n\n\n\n<p>Essa planta aposta na integra\u00e7\u00e3o entre <strong>\u00e1rea interna e varanda<\/strong>, com uma parte da cozinha direcionada para o ambiente externo, criando uma mini varanda gourmet.<\/p>\n\n\n\n<p>\u2705 Excelente para terrenos com quintal nos fundos<br>\u2705 \u00d3tima ventila\u00e7\u00e3o e uso de luz natural<br>\u2705 Ideal para quem gosta de cozinhar ao ar livre<\/p>\n\n\n\n<hr class=\"wp-block-separator has-alpha-channel-opacity\"\/>\n\n\n\n<figure class=\"wp-block-image size-large\"><img data-recalc-dims=\"1\" loading=\"lazy\" decoding=\"async\" width=\"1024\" height=\"585\" src=\"https:\/\/i0.wp.com\/1truenote.com\/wp-content\/uploads\/2025\/03\/DALL%C2%B7E-2025-03-21-16.47.14-A-36m%C2%B2-microhouse-floor-plan-featuring-a-fully-integrated-kitchen-and-home-office-area.-Includes-an-open-living-space-compact-bathroom-and-functiona.webp?resize=1024%2C585&#038;ssl=1\" alt=\"Planta 08 \u2013 36m\u00b2 com integra\u00e7\u00e3o total entre cozinha e home office\" class=\"wp-image-712\" srcset=\"https:\/\/i0.wp.com\/1truenote.com\/wp-content\/uploads\/2025\/03\/DALL%C2%B7E-2025-03-21-16.47.14-A-36m%C2%B2-microhouse-floor-plan-featuring-a-fully-integrated-kitchen-and-home-office-area.-Includes-an-open-living-space-compact-bathroom-and-functiona.webp?resize=1024%2C585&amp;ssl=1 1024w, https:\/\/i0.wp.com\/1truenote.com\/wp-content\/uploads\/2025\/03\/DALL%C2%B7E-2025-03-21-16.47.14-A-36m%C2%B2-microhouse-floor-plan-featuring-a-fully-integrated-kitchen-and-home-office-area.-Includes-an-open-living-space-compact-bathroom-and-functiona.webp?resize=300%2C171&amp;ssl=1 300w, https:\/\/i0.wp.com\/1truenote.com\/wp-content\/uploads\/2025\/03\/DALL%C2%B7E-2025-03-21-16.47.14-A-36m%C2%B2-microhouse-floor-plan-featuring-a-fully-integrated-kitchen-and-home-office-area.-Includes-an-open-living-space-compact-bathroom-and-functiona.webp?resize=768%2C439&amp;ssl=1 768w, https:\/\/i0.wp.com\/1truenote.com\/wp-content\/uploads\/2025\/03\/DALL%C2%B7E-2025-03-21-16.47.14-A-36m%C2%B2-microhouse-floor-plan-featuring-a-fully-integrated-kitchen-and-home-office-area.-Includes-an-open-living-space-compact-bathroom-and-functiona.webp?resize=1536%2C878&amp;ssl=1 1536w, https:\/\/i0.wp.com\/1truenote.com\/wp-content\/uploads\/2025\/03\/DALL%C2%B7E-2025-03-21-16.47.14-A-36m%C2%B2-microhouse-floor-plan-featuring-a-fully-integrated-kitchen-and-home-office-area.-Includes-an-open-living-space-compact-bathroom-and-functiona.webp?w=1792&amp;ssl=1 1792w\" sizes=\"(max-width: 1024px) 100vw, 1024px\" \/><\/figure>\n\n\n\n<h3 id='planta-08-36m\u00b2-com-integra\u00e7\u00e3o-total-entre-cozinha-e-home-office'  class=\"wp-block-heading\"><strong>Planta 08 \u2013 36m\u00b2 com integra\u00e7\u00e3o total entre cozinha e home office<\/strong><\/h3>\n\n\n\n<p>Neste projeto, a cozinha est\u00e1 <strong>em frente \u00e0 \u00e1rea de trabalho<\/strong>, integrando praticidade ao cotidiano de quem trabalha em casa. Bancadas extensas atendem tanto \u00e0 fun\u00e7\u00e3o culin\u00e1ria quanto ao uso como mesa de apoio.<\/p>\n\n\n\n<p>\u2705 Multifuncionalidade total<br>\u2705 Layout horizontal com excelente circula\u00e7\u00e3o<br>\u2705 Perfeita para home office compacto<\/p>\n\n\n\n<hr class=\"wp-block-separator has-alpha-channel-opacity\"\/>\n\n\n\n<figure class=\"wp-block-image size-large\"><img data-recalc-dims=\"1\" loading=\"lazy\" decoding=\"async\" width=\"1024\" height=\"585\" src=\"https:\/\/i0.wp.com\/1truenote.com\/wp-content\/uploads\/2025\/03\/DALL%C2%B7E-2025-03-21-16.50.31-A-38m%C2%B2-microhouse-floor-plan-with-a-linear-kitchen-placed-directly-in-front-of-a-large-panoramic-window.-Includes-an-open-plan-living-and-dining-space.webp?resize=1024%2C585&#038;ssl=1\" alt=\"Planta 09 \u2013 38m\u00b2 com cozinha linear em frente \u00e0 janela panor\u00e2mica\" class=\"wp-image-713\" srcset=\"https:\/\/i0.wp.com\/1truenote.com\/wp-content\/uploads\/2025\/03\/DALL%C2%B7E-2025-03-21-16.50.31-A-38m%C2%B2-microhouse-floor-plan-with-a-linear-kitchen-placed-directly-in-front-of-a-large-panoramic-window.-Includes-an-open-plan-living-and-dining-space.webp?resize=1024%2C585&amp;ssl=1 1024w, https:\/\/i0.wp.com\/1truenote.com\/wp-content\/uploads\/2025\/03\/DALL%C2%B7E-2025-03-21-16.50.31-A-38m%C2%B2-microhouse-floor-plan-with-a-linear-kitchen-placed-directly-in-front-of-a-large-panoramic-window.-Includes-an-open-plan-living-and-dining-space.webp?resize=300%2C171&amp;ssl=1 300w, https:\/\/i0.wp.com\/1truenote.com\/wp-content\/uploads\/2025\/03\/DALL%C2%B7E-2025-03-21-16.50.31-A-38m%C2%B2-microhouse-floor-plan-with-a-linear-kitchen-placed-directly-in-front-of-a-large-panoramic-window.-Includes-an-open-plan-living-and-dining-space.webp?resize=768%2C439&amp;ssl=1 768w, https:\/\/i0.wp.com\/1truenote.com\/wp-content\/uploads\/2025\/03\/DALL%C2%B7E-2025-03-21-16.50.31-A-38m%C2%B2-microhouse-floor-plan-with-a-linear-kitchen-placed-directly-in-front-of-a-large-panoramic-window.-Includes-an-open-plan-living-and-dining-space.webp?resize=1536%2C878&amp;ssl=1 1536w, https:\/\/i0.wp.com\/1truenote.com\/wp-content\/uploads\/2025\/03\/DALL%C2%B7E-2025-03-21-16.50.31-A-38m%C2%B2-microhouse-floor-plan-with-a-linear-kitchen-placed-directly-in-front-of-a-large-panoramic-window.-Includes-an-open-plan-living-and-dining-space.webp?w=1792&amp;ssl=1 1792w\" sizes=\"(max-width: 1024px) 100vw, 1024px\" \/><\/figure>\n\n\n\n<h3 id='planta-09-38m\u00b2-com-cozinha-linear-em-frente-\u00e0-janela-panor\u00e2mica'  class=\"wp-block-heading\"><strong>Planta 09 \u2013 38m\u00b2 com cozinha linear em frente \u00e0 janela panor\u00e2mica<\/strong><\/h3>\n\n\n\n<p>A cozinha linear posicionada <strong>de frente para uma grande janela<\/strong> proporciona luminosidade natural e sensa\u00e7\u00e3o de amplitude. \u00c9 ideal para terrenos com boa orienta\u00e7\u00e3o solar em Curitiba.<\/p>\n\n\n\n<p>\u2705 Vis\u00e3o ampla e ventila\u00e7\u00e3o permanente<br>\u2705 Sensa\u00e7\u00e3o de espa\u00e7o maior<br>\u2705 Design clean e elegante<\/p>\n\n\n\n<hr class=\"wp-block-separator has-alpha-channel-opacity\"\/>\n\n\n\n<figure class=\"wp-block-image size-large\"><img data-recalc-dims=\"1\" loading=\"lazy\" decoding=\"async\" width=\"1024\" height=\"585\" src=\"https:\/\/i0.wp.com\/1truenote.com\/wp-content\/uploads\/2025\/03\/DALL%C2%B7E-2025-03-21-16.52.18-A-40m%C2%B2-microhouse-floor-plan-with-a-kitchen-separated-by-a-retractable-partition.-The-layout-includes-an-open-living-space-a-defined-dining-area-com.webp?resize=1024%2C585&#038;ssl=1\" alt=\"Planta 10 \u2013 40m\u00b2 com cozinha separada por divis\u00f3ria retr\u00e1til\" class=\"wp-image-714\" srcset=\"https:\/\/i0.wp.com\/1truenote.com\/wp-content\/uploads\/2025\/03\/DALL%C2%B7E-2025-03-21-16.52.18-A-40m%C2%B2-microhouse-floor-plan-with-a-kitchen-separated-by-a-retractable-partition.-The-layout-includes-an-open-living-space-a-defined-dining-area-com.webp?resize=1024%2C585&amp;ssl=1 1024w, https:\/\/i0.wp.com\/1truenote.com\/wp-content\/uploads\/2025\/03\/DALL%C2%B7E-2025-03-21-16.52.18-A-40m%C2%B2-microhouse-floor-plan-with-a-kitchen-separated-by-a-retractable-partition.-The-layout-includes-an-open-living-space-a-defined-dining-area-com.webp?resize=300%2C171&amp;ssl=1 300w, https:\/\/i0.wp.com\/1truenote.com\/wp-content\/uploads\/2025\/03\/DALL%C2%B7E-2025-03-21-16.52.18-A-40m%C2%B2-microhouse-floor-plan-with-a-kitchen-separated-by-a-retractable-partition.-The-layout-includes-an-open-living-space-a-defined-dining-area-com.webp?resize=768%2C439&amp;ssl=1 768w, https:\/\/i0.wp.com\/1truenote.com\/wp-content\/uploads\/2025\/03\/DALL%C2%B7E-2025-03-21-16.52.18-A-40m%C2%B2-microhouse-floor-plan-with-a-kitchen-separated-by-a-retractable-partition.-The-layout-includes-an-open-living-space-a-defined-dining-area-com.webp?resize=1536%2C878&amp;ssl=1 1536w, https:\/\/i0.wp.com\/1truenote.com\/wp-content\/uploads\/2025\/03\/DALL%C2%B7E-2025-03-21-16.52.18-A-40m%C2%B2-microhouse-floor-plan-with-a-kitchen-separated-by-a-retractable-partition.-The-layout-includes-an-open-living-space-a-defined-dining-area-com.webp?w=1792&amp;ssl=1 1792w\" sizes=\"(max-width: 1024px) 100vw, 1024px\" \/><\/figure>\n\n\n\n<h3 id='planta-10-40m\u00b2-com-cozinha-separada-por-divis\u00f3ria-retr\u00e1til'  class=\"wp-block-heading\"><strong>Planta 10 \u2013 40m\u00b2 com cozinha separada por divis\u00f3ria retr\u00e1til<\/strong><\/h3>\n\n\n\n<p>Por fim, uma planta mais ampla, onde a cozinha fica <strong>semifechada por uma divis\u00f3ria retr\u00e1til<\/strong>, permitindo <strong>flexibilidade entre integra\u00e7\u00e3o e privacidade<\/strong>. Ideal para quem cozinha com frequ\u00eancia e deseja isolar cheiros ou sons.<\/p>\n\n\n\n<p>\u2705 Mais controle sobre os ambientes<br>\u2705 Divis\u00f3ria retr\u00e1til funcional<br>\u2705 \u00d3tima para casais ou pequenas fam\u00edlias<\/p>\n\n\n\n<hr class=\"wp-block-separator has-alpha-channel-opacity\"\/>\n\n\n\n<p>Cada uma dessas plantas mostra que <strong>\u00e9 totalmente poss\u00edvel ter uma cozinha funcional e bem resolvida mesmo em metragens reduzidas<\/strong>, desde que o projeto respeite <strong>a l\u00f3gica do espa\u00e7o, a circula\u00e7\u00e3o e as necessidades reais do morador<\/strong>.<\/p>\n\n\n\n<p>Esses 10 modelos s\u00e3o <strong>inspira\u00e7\u00f5es vi\u00e1veis para constru\u00e7\u00f5es reais em Curitiba<\/strong>, com layouts que se adaptam ao clima, aos terrenos urbanos e ao estilo de vida de quem valoriza simplicidade, efici\u00eancia e conforto.<\/p>\n\n\n\n<p>No pr\u00f3ximo t\u00f3pico, voc\u00ea ver\u00e1 <strong>dicas pr\u00e1ticas para adaptar essas plantas ao seu terreno e projeto em andamento.<\/strong> \ud83c\udfe1\ud83d\udcd0\u2728<\/p>\n\n\n\n<hr class=\"wp-block-separator has-alpha-channel-opacity\"\/>\n\n\n\n<h2 id='dicas-pr\u00e1ticas-para-adaptar-uma-planta-de-microcasa-ao-seu-terreno-em-curitiba'  class=\"wp-block-heading\"><strong>Dicas pr\u00e1ticas para adaptar uma planta de microcasa ao seu terreno em Curitiba<\/strong><\/h2>\n\n\n\n<p>Ao escolher uma planta de microcasa, \u00e9 fundamental considerar n\u00e3o apenas o layout interno, mas <strong>as condi\u00e7\u00f5es espec\u00edficas do terreno e do clima onde ela ser\u00e1 constru\u00edda<\/strong>. Em Curitiba, fatores como <strong>orienta\u00e7\u00e3o solar, umidade elevada e relevo acidentado<\/strong> exigem cuidados especiais na <strong>adapta\u00e7\u00e3o do projeto \u00e0 realidade local<\/strong>.<\/p>\n\n\n\n<p>Se voc\u00ea pretende construir uma microcasa funcional na capital paranaense, as dicas abaixo v\u00e3o ajudar a <strong>transformar qualquer planta em uma solu\u00e7\u00e3o vi\u00e1vel, eficiente e confort\u00e1vel<\/strong>.<\/p>\n\n\n\n<hr class=\"wp-block-separator has-alpha-channel-opacity\"\/>\n\n\n\n<h3 id='avalia\u00e7\u00e3o-da-orienta\u00e7\u00e3o-solar-e-clima-da-regi\u00e3o'  class=\"wp-block-heading\"><strong>Avalia\u00e7\u00e3o da orienta\u00e7\u00e3o solar e clima da regi\u00e3o<\/strong><\/h3>\n\n\n\n<p>Curitiba \u00e9 conhecida por seu <strong>clima \u00famido e temperaturas amenas<\/strong>, al\u00e9m de invernos bem definidos. Por isso, pensar na <strong>orienta\u00e7\u00e3o solar da casa \u00e9 essencial para garantir conforto t\u00e9rmico e economia de energia<\/strong>.<\/p>\n\n\n\n<p>\u2705 <strong>Priorize aberturas voltadas para o norte<\/strong> \u2013 Essa face recebe sol o dia inteiro, ideal para aquecer naturalmente os ambientes, especialmente a cozinha e o espa\u00e7o social.<br>\u2705 <strong>Evite janelas amplas voltadas para o sul<\/strong>, que tendem a receber menos sol e favorecer o resfriamento e a umidade interna.<br>\u2705 <strong>Inclua \u00e1reas de ventila\u00e7\u00e3o cruzada<\/strong>, posicionando janelas opostas para garantir renova\u00e7\u00e3o do ar constante.<br>\u2705 Considere o uso de <strong>claraboias ou elementos zenitais<\/strong> para aproveitar a luz natural e reduzir a necessidade de ilumina\u00e7\u00e3o artificial.<\/p>\n\n\n\n<p>\ud83d\udccc Dica extra: o correto aproveitamento da luz solar tamb\u00e9m <strong>diminui a incid\u00eancia de mofo<\/strong>, comum em climas mais \u00famidos como o de Curitiba.<\/p>\n\n\n\n<hr class=\"wp-block-separator has-alpha-channel-opacity\"\/>\n\n\n\n<h3 id='escolha-de-materiais-t\u00e9rmicos-e-sustent\u00e1veis'  class=\"wp-block-heading\"><strong>Escolha de materiais t\u00e9rmicos e sustent\u00e1veis<\/strong><\/h3>\n\n\n\n<p>O clima curitibano pede <strong>materiais que contribuam com o isolamento t\u00e9rmico da microcasa<\/strong>, mantendo os ambientes internos confort\u00e1veis em todas as esta\u00e7\u00f5es.<\/p>\n\n\n\n<p>\ud83d\udd39 <strong>Pain\u00e9is OSB, madeira autoclavada e estruturas met\u00e1licas leves<\/strong> s\u00e3o \u00f3timas op\u00e7\u00f5es para microcasas, pois oferecem <strong>rapidez na montagem e excelente desempenho t\u00e9rmico<\/strong> quando bem isoladas.<br>\ud83d\udd39 Utilize <strong>l\u00e3 de rocha ou l\u00e3 de PET reciclado<\/strong> nas paredes e cobertura para manter o calor interno no inverno e barrar o excesso de calor no ver\u00e3o.<br>\ud83d\udd39 Para o acabamento externo, priorize <strong>revestimentos dur\u00e1veis e imperme\u00e1veis<\/strong>, como tintas emborrachadas, cer\u00e2micas ou placas ciment\u00edcias.<br>\ud83d\udd39 No piso, <strong>eleve a estrutura com mantas t\u00e9rmicas<\/strong> ou lajes suspensas, o que evita o contato direto com o solo frio e \u00famido.<\/p>\n\n\n\n<p>Essas escolhas contribuem para <strong>menor consumo de energia, maior durabilidade e conforto ao longo do tempo<\/strong>.<\/p>\n\n\n\n<hr class=\"wp-block-separator has-alpha-channel-opacity\"\/>\n\n\n\n<h3 id='drenagem-e-funda\u00e7\u00e3o-adequada-ao-relevo-curitibano'  class=\"wp-block-heading\"><strong>Drenagem e funda\u00e7\u00e3o adequada ao relevo curitibano<\/strong><\/h3>\n\n\n\n<p>Outro ponto cr\u00edtico em Curitiba \u00e9 o <strong>n\u00edvel de umidade do solo<\/strong>, somado \u00e0 ocorr\u00eancia de chuvas intensas e a presen\u00e7a de <strong>terrenos com declividade ou instabilidade<\/strong>.<\/p>\n\n\n\n<p>\u2705 <strong>Funda\u00e7\u00e3o elevada com pilares ou blocos de concreto<\/strong> ajuda a proteger a estrutura da microcasa da umidade, facilita a manuten\u00e7\u00e3o e pode ser adaptada a terrenos irregulares.<br>\u2705 A <strong>instala\u00e7\u00e3o de um sistema de drenagem pluvial eficiente<\/strong> evita alagamentos e ac\u00famulo de \u00e1gua ao redor da casa, reduzindo o risco de infiltra\u00e7\u00f5es e desgaste do terreno.<br>\u2705 Em \u00e1reas de encosta, recomenda-se <strong>consultar um engenheiro civil para c\u00e1lculo estrutural e estabiliza\u00e7\u00e3o de solo<\/strong>, assegurando a viabilidade da constru\u00e7\u00e3o.<br>\u2705 Considere ainda <strong>telhados inclinados com calhas embutidas e reservat\u00f3rios de capta\u00e7\u00e3o de \u00e1gua da chuva<\/strong>, otimizando o aproveitamento h\u00eddrico e aumentando a autonomia da casa.<\/p>\n\n\n\n<p>\ud83d\udccc Dica t\u00e9cnica: sempre que poss\u00edvel, <strong>planeje a posi\u00e7\u00e3o da casa no ponto mais elevado do terreno<\/strong>, facilitando o escoamento da \u00e1gua e evitando \u00e1reas de reten\u00e7\u00e3o.<\/p>\n\n\n\n<hr class=\"wp-block-separator has-alpha-channel-opacity\"\/>\n\n\n\n<h2 id='conclus\u00e3o-do-artigo-sobre-10-plantas-de-microcasas-com-cozinha-funcional-em-curitiba'  class=\"wp-block-heading\"><strong>Conclus\u00e3o do artigo<\/strong> sobre 10 Plantas de microcasas com cozinha funcional em Curitiba<\/h2>\n\n\n\n<p>Projetar uma microcasa com cozinha funcional em Curitiba exige muito mais do que um bom layout: <strong>\u00e9 preciso adaptar a planta \u00e0 realidade clim\u00e1tica e geogr\u00e1fica da cidade<\/strong>. A avalia\u00e7\u00e3o da orienta\u00e7\u00e3o solar, a escolha consciente de materiais e o planejamento da funda\u00e7\u00e3o s\u00e3o elementos que fazem toda a diferen\u00e7a na <strong>durabilidade, efici\u00eancia e conforto da constru\u00e7\u00e3o<\/strong>.<\/p>\n\n\n\n<p>Com as 10 plantas apresentadas neste artigo e as orienta\u00e7\u00f5es para adapt\u00e1-las ao terreno, voc\u00ea tem agora <strong>um ponto de partida realista, pr\u00e1tico e inspirador<\/strong> para dar vida \u00e0 sua microcasa ideal.<\/p>\n\n\n\n<p>Seja para construir do zero ou transformar um espa\u00e7o existente, <strong>funcionalidade e intelig\u00eancia construtiva s\u00e3o os pilares de uma moradia minimalista de verdade<\/strong>. \ud83c\udfe1\ud83d\udcd0\ud83c\udf24\ufe0f<\/p>\n\n\n\n<p><strong>Gostou das ideias?<\/strong> Compartilhe este conte\u00fado com quem tamb\u00e9m sonha em morar bem, gastando pouco e aproveitando cada metro quadrado com criatividade.<\/p>\n\n\n\n<hr class=\"wp-block-separator has-alpha-channel-opacity\"\/>\n\n\n\n<h2 id='perguntas-frequentes-sobre-plantas-de-microcasas-com-cozinha-funcional-em-curitiba-faq'  class=\"wp-block-heading\"><strong>Perguntas frequentes sobre plantas de microcasas com cozinha funcional em Curitiba &#8211; FAQ<\/strong><\/h2>\n\n\n\n<p>Se voc\u00ea est\u00e1 considerando construir ou adaptar uma microcasa em Curitiba, \u00e9 natural que surjam d\u00favidas espec\u00edficas sobre <strong>espa\u00e7o, viabilidade legal e otimiza\u00e7\u00e3o da cozinha<\/strong>. Abaixo, respondemos de forma direta e pr\u00e1tica \u00e0s perguntas mais frequentes.<\/p>\n\n\n\n<hr class=\"wp-block-separator has-alpha-channel-opacity\"\/>\n\n\n\n<h3 id='qual-o-tamanho-m\u00ednimo-recomendado-para-uma-cozinha-funcional-em-microcasa'  class=\"wp-block-heading\"><strong>Qual o tamanho m\u00ednimo recomendado para uma cozinha funcional em microcasa?<\/strong><\/h3>\n\n\n\n<p>Uma cozinha funcional pode ser bem resolvida em <strong>apenas 3,5 m\u00b2<\/strong>, desde que tenha uma <strong>bancada linear, pia, fog\u00e3o de duas bocas e arm\u00e1rios verticais<\/strong>. O segredo est\u00e1 no layout e na escolha de equipamentos compactos.<\/p>\n\n\n\n<hr class=\"wp-block-separator has-alpha-channel-opacity\"\/>\n\n\n\n<h3 id='\u00e9-poss\u00edvel-ter-lavanderia-junto-\u00e0-cozinha-em-espa\u00e7os-pequenos'  class=\"wp-block-heading\"><strong>\u00c9 poss\u00edvel ter lavanderia junto \u00e0 cozinha em espa\u00e7os pequenos?<\/strong><\/h3>\n\n\n\n<p>Sim. Integrar lavanderia \u00e0 cozinha \u00e9 comum em microcasas. Use <strong>porta de correr, m\u00e1quina lava e seca compacta<\/strong> e arm\u00e1rio superior para produtos de limpeza. O resultado \u00e9 pr\u00e1tico e visualmente organizado.<\/p>\n\n\n\n<hr class=\"wp-block-separator has-alpha-channel-opacity\"\/>\n\n\n\n<h3 id='microcasas-em-curitiba-exigem-aprova\u00e7\u00e3o-espec\u00edfica-na-prefeitura'  class=\"wp-block-heading\"><strong>Microcasas em Curitiba exigem aprova\u00e7\u00e3o espec\u00edfica na prefeitura?<\/strong><\/h3>\n\n\n\n<p>Sim. Toda constru\u00e7\u00e3o deve ser <strong>regularizada junto \u00e0 Prefeitura de Curitiba<\/strong>, inclusive microcasas. \u00c9 necess\u00e1rio apresentar <strong>projeto assinado por respons\u00e1vel t\u00e9cnico<\/strong> e atender \u00e0s normas de recuo, ventila\u00e7\u00e3o e \u00e1rea m\u00ednima.<\/p>\n\n\n\n<hr class=\"wp-block-separator has-alpha-channel-opacity\"\/>\n\n\n\n<h3 id='como-otimizar-uma-cozinha-com-menos-de-5m\u00b2'  class=\"wp-block-heading\"><strong>Como otimizar uma cozinha com menos de 5m\u00b2?<\/strong><\/h3>\n\n\n\n<p>Use <strong>arm\u00e1rios at\u00e9 o teto<\/strong>, <strong>eletrodom\u00e9sticos embutidos ou multifuncionais<\/strong>, <strong>gavetas organizadoras<\/strong> e <strong>ilumina\u00e7\u00e3o direta<\/strong>. Quanto mais vertical o uso do espa\u00e7o, maior a funcionalidade.<\/p>\n\n\n\n<hr class=\"wp-block-separator has-alpha-channel-opacity\"\/>\n\n\n\n<h3 id='as-plantas-apresentadas-podem-ser-adaptadas-para-outros-terrenos'  class=\"wp-block-heading\"><strong>As plantas apresentadas podem ser adaptadas para outros terrenos?<\/strong><\/h3>\n\n\n\n<p>Sim. As 10 plantas foram pensadas para Curitiba, mas podem ser <strong>adaptadas para diferentes orienta\u00e7\u00f5es solares, dimens\u00f5es de lote ou regi\u00f5es com clima similar<\/strong>, sempre com o apoio de um profissional.<\/p>\n\n\n\n<p>Caso queira mais informa\u00e7\u00f5es sobre projetos de microcasas, voc\u00ea pode consultar nosso artigo sobre <a href=\"https:\/\/1truenote.com\/en\/projetos-funcionais-para-organizacao-inteligente-de-espacos-compactos-com-solucoes-praticas-e-bem-planejadas\/\" data-type=\"link\" data-id=\"https:\/\/1truenote.com\/projetos-funcionais-para-organizacao-inteligente-de-espacos-compactos-com-solucoes-praticas-e-bem-planejadas\/\">projetos funcionais para organiza\u00e7\u00e3o inteligente de espa\u00e7os compactos com solu\u00e7\u00f5es pr\u00e1ticas e bem planejadas<\/a>!<\/p>","protected":false},"excerpt":{"rendered":"<p>Qual o crescimento da busca por microcasas em Curitiba? Vamos ver as 10 Plantas de microcasas com cozinha funcional em&#8230;<\/p>","protected":false},"author":1,"featured_media":704,"comment_status":"open","ping_status":"open","sticky":false,"template":"","format":"standard","meta":{"_kad_post_transparent":"","_kad_post_title":"","_kad_post_layout":"","_kad_post_sidebar_id":"","_kad_post_content_style":"","_kad_post_vertical_padding":"","_kad_post_feature":"","_kad_post_feature_position":"","_kad_post_header":false,"_kad_post_footer":false,"_kad_post_classname":"","footnotes":"","jetpack_publicize_message":"","jetpack_publicize_feature_enabled":true,"jetpack_social_post_already_shared":false,"jetpack_social_options":{"image_generator_settings":{"template":"highway","default_image_id":0,"font":"","enabled":false},"version":2}},"categories":[16],"tags":[12],"class_list":["post-699","post","type-post","status-publish","format-standard","has-post-thumbnail","hentry","category-casa-e-jardim","tag-projetos-inovadores"],"jetpack_publicize_connections":[],"jetpack_featured_media_url":"https:\/\/i0.wp.com\/1truenote.com\/wp-content\/uploads\/2025\/03\/image-1-e1742585897386.png?fit=1024%2C683&ssl=1","jetpack_sharing_enabled":true,"_links":{"self":[{"href":"https:\/\/1truenote.com\/en\/wp-json\/wp\/v2\/posts\/699","targetHints":{"allow":["GET"]}}],"collection":[{"href":"https:\/\/1truenote.com\/en\/wp-json\/wp\/v2\/posts"}],"about":[{"href":"https:\/\/1truenote.com\/en\/wp-json\/wp\/v2\/types\/post"}],"author":[{"embeddable":true,"href":"https:\/\/1truenote.com\/en\/wp-json\/wp\/v2\/users\/1"}],"replies":[{"embeddable":true,"href":"https:\/\/1truenote.com\/en\/wp-json\/wp\/v2\/comments?post=699"}],"version-history":[{"count":0,"href":"https:\/\/1truenote.com\/en\/wp-json\/wp\/v2\/posts\/699\/revisions"}],"wp:featuredmedia":[{"embeddable":true,"href":"https:\/\/1truenote.com\/en\/wp-json\/wp\/v2\/media\/704"}],"wp:attachment":[{"href":"https:\/\/1truenote.com\/en\/wp-json\/wp\/v2\/media?parent=699"}],"wp:term":[{"taxonomy":"category","embeddable":true,"href":"https:\/\/1truenote.com\/en\/wp-json\/wp\/v2\/categories?post=699"},{"taxonomy":"post_tag","embeddable":true,"href":"https:\/\/1truenote.com\/en\/wp-json\/wp\/v2\/tags?post=699"}],"curies":[{"name":"wp","href":"https:\/\/api.w.org\/{rel}","templated":true}]}}