{"id":692,"date":"2025-03-20T17:25:15","date_gmt":"2025-03-20T17:25:15","guid":{"rendered":"https:\/\/1truenote.com\/?p=692"},"modified":"2025-09-26T12:47:56","modified_gmt":"2025-09-26T15:47:56","slug":"jardins-verticais-compactos-para-interiores-de-microcasas","status":"publish","type":"post","link":"https:\/\/1truenote.com\/en\/jardins-verticais-compactos-para-interiores-de-microcasas\/","title":{"rendered":"Jardins verticais compactos para interiores de microcasas"},"content":{"rendered":"<div class=\"fit_content\">\n                <div class=\"bd_toc_container\" data-fixedwidth=\"\">\n                    <div class=\"bd_toc_wrapper\" data-wrapperpadding=\"48px\">\n                        <div class=\"bd_toc_wrapper_item\">\n                            <div class=\"bd_toc_header active\" data-headerpadding=\"2px\">\n                                <div class=\"bd_toc_header_title\">\n                                    Sum\u00e1rio                                <\/div>\n                                <div class=\"bd_toc_switcher_hide_show_icon\">\n                                    <span class=\"bd_toc_arrow\"><\/span>                                <\/div>\n                            <\/div>\n                            <div class=\"bd_toc_content list-type-number\">\n                                <div class=\"bd_toc_content_list\">\n                                    <div class='bd_toc_content_list_item'>    <ul>\n      <li class=\"first\">\n        <a href=\"#qual-o-conceito-de-jardins-verticais-compactos-e-sua-import\u00e2ncia-para-microcasas\">Qual o conceito de jardins verticais compactos e sua import\u00e2ncia para microcasas?<\/a>\n        <ul class=\"menu_level_2\">\n          <li class=\"first\">\n            <a href=\"#como-esses-sistemas-proporcionam-mais-verde-em-espa\u00e7os-reduzidos-sem-comprometer-a-funcionalidade-do-ambiente\">Como esses sistemas proporcionam mais verde em espa\u00e7os reduzidos, sem comprometer a funcionalidade do ambiente<\/a>\n          <\/li>\n          <li class=\"last\">\n            <a href=\"#o-que-ser\u00e1-abordado-no-artigo-tipos-benef\u00edcios-instala\u00e7\u00e3o-e-cuidados-essenciais-para-jardins-verticais-compactos-para-interiores-de-microcasas\">O que ser\u00e1 abordado no artigo: Tipos, benef\u00edcios, instala\u00e7\u00e3o e cuidados essenciais para jardins verticais compactos para interiores de microcasas<\/a>\n          <\/li>\n        <\/ul>\n      <\/li>\n      <li>\n        <a href=\"#benef\u00edcios-dos-jardins-verticais-para-interiores-de-microcasas\">Benef\u00edcios dos jardins verticais para interiores de microcasas<\/a>\n        <ul class=\"menu_level_2\">\n          <li class=\"first\">\n            <a href=\"#economia-de-espa\u00e7o-e-otimiza\u00e7\u00e3o-do-ambiente-com-jardins-verticais-compactos-para-interiores-de-microcasas\">Economia de espa\u00e7o e otimiza\u00e7\u00e3o do ambiente com jardins verticais compactos para interiores de microcasas<\/a>\n          <\/li>\n          <li>\n            <a href=\"#melhoria-da-qualidade-do-ar-e-bem-estar\">Melhoria da qualidade do ar e bem-estar<\/a>\n          <\/li>\n          <li class=\"last\">\n            <a href=\"#a-est\u00e9tica-minimalista-e-a-sensa\u00e7\u00e3o-de-conex\u00e3o-com-a-natureza\">A est\u00e9tica minimalista e a sensa\u00e7\u00e3o de conex\u00e3o com a natureza<\/a>\n          <\/li>\n        <\/ul>\n      <\/li>\n      <li>\n        <a href=\"#tipos-de-jardins-verticais-compactos-para-interiores-de-microcasas\">Tipos de jardins verticais compactos para interiores de microcasas<\/a>\n        <ul class=\"menu_level_2\">\n          <li class=\"first\">\n            <a href=\"#pain\u00e9is-modulares-e-sistemas-pr\u00e9-montados\">Pain\u00e9is modulares e sistemas pr\u00e9-montados<\/a>\n          <\/li>\n          <li>\n            <a href=\"#prateleiras-e-suportes-para-plantas-suspensas\">Prateleiras e suportes para plantas suspensas<\/a>\n          <\/li>\n          <li class=\"last\">\n            <a href=\"#jardins-hidrop\u00f4nicos-e-solu\u00e7\u00f5es-sem-solo-para-ambientes-internos\">Jardins hidrop\u00f4nicos e solu\u00e7\u00f5es sem solo para ambientes internos<\/a>\n          <\/li>\n        <\/ul>\n      <\/li>\n      <li>\n        <a href=\"#como-escolher-plantas-ideais-para-jardins-verticais-internos\">Como escolher plantas ideais para jardins verticais internos<\/a>\n        <ul class=\"menu_level_2\">\n          <li class=\"first\">\n            <a href=\"#plantas-resistentes-e-de-baixa-manuten\u00e7\u00e3o-para-microcasas\">Plantas resistentes e de baixa manuten\u00e7\u00e3o para microcasas<\/a>\n          <\/li>\n          <li>\n            <a href=\"#esp\u00e9cies-que-purificam-o-ar-e-melhoram-a-umidade-do-ambiente\">Esp\u00e9cies que purificam o ar e melhoram a umidade do ambiente<\/a>\n          <\/li>\n          <li class=\"last\">\n            <a href=\"#como-harmonizar-o-verde-com-a-est\u00e9tica-minimalista\">Como harmonizar o verde com a est\u00e9tica minimalista<\/a>\n          <\/li>\n        <\/ul>\n      <\/li>\n      <li>\n        <a href=\"#instala\u00e7\u00e3o-pr\u00e1tica-de-jardins-verticais-compactos-para-interiores-de-microcasas\">Instala\u00e7\u00e3o pr\u00e1tica de jardins verticais compactos para interiores de microcasas<\/a>\n        <ul class=\"menu_level_2\">\n          <li class=\"first\">\n            <a href=\"#materiais-necess\u00e1rios-e-planejamento-do-espa\u00e7o\">Materiais necess\u00e1rios e planejamento do espa\u00e7o<\/a>\n          <\/li>\n          <li>\n            <a href=\"#fixa\u00e7\u00e3o-segura-e-suporte-adequado-para-pequenos-ambientes\">Fixa\u00e7\u00e3o segura e suporte adequado para pequenos ambientes<\/a>\n          <\/li>\n          <li class=\"last\">\n            <a href=\"#cuidados-essenciais-com-rega-ilumina\u00e7\u00e3o-e-nutri\u00e7\u00e3o-das-plantas\">Cuidados essenciais com rega, ilumina\u00e7\u00e3o e nutri\u00e7\u00e3o das plantas<\/a>\n            <ul class=\"menu_level_3\">\n              <li class=\"first\">\n                <a href=\"#rega-eficiente-para-umidade-controlada\">Rega eficiente para umidade controlada<\/a>\n              <\/li>\n              <li>\n                <a href=\"#ilumina\u00e7\u00e3o-adequada-para-o-crescimento-das-plantas\">Ilumina\u00e7\u00e3o adequada para o crescimento das plantas<\/a>\n              <\/li>\n              <li class=\"last\">\n                <a href=\"#nutri\u00e7\u00e3o-e-aduba\u00e7\u00e3o-para-um-jardim-sempre-verde\">Nutri\u00e7\u00e3o e aduba\u00e7\u00e3o para um jardim sempre verde<\/a>\n              <\/li>\n            <\/ul>\n          <\/li>\n        <\/ul>\n      <\/li>\n      <li>\n        <a href=\"#conclus\u00e3o-inspira\u00e7\u00f5es-e-ideias-criativas-para-jardins-verticais-em-microcasas\">Conclus\u00e3o: Inspira\u00e7\u00f5es e ideias criativas para jardins verticais em microcasas<\/a>\n        <ul class=\"menu_level_2\">\n          <li class=\"first\">\n            <a href=\"#exemplos-reais-de-microcasas-com-jardins-internos-bem-integrados\">Exemplos reais de microcasas com jardins internos bem integrados<\/a>\n          <\/li>\n          <li>\n            <a href=\"#tend\u00eancias-modernas-para-incorporar-verde-na-decora\u00e7\u00e3o-minimalista\">Tend\u00eancias modernas para incorporar verde na decora\u00e7\u00e3o minimalista<\/a>\n          <\/li>\n          <li class=\"last\">\n            <a href=\"#dicas-para-personalizar-os-jardins-verticais-compactos-para-interiores-de-microcasas-conforme-o-estilo-do-ambiente\">Dicas para personalizar os jardins verticais compactos para interiores de microcasas conforme o estilo do ambiente<\/a>\n          <\/li>\n        <\/ul>\n      <\/li>\n      <li class=\"last\">\n        <a href=\"#perguntas-frequentes-sobre-jardins-verticais-compactos-em-microcasas-faq\">Perguntas frequentes sobre jardins verticais compactos em microcasas &#8211; FAQ<\/a>\n        <ul class=\"menu_level_2\">\n          <li class=\"first\">\n            <a href=\"#quais-s\u00e3o-as-melhores-plantas-para-um-jardim-vertical-em-interiores-pequenos\">Quais s\u00e3o as melhores plantas para um jardim vertical em interiores pequenos?<\/a>\n          <\/li>\n          <li>\n            <a href=\"#como-evitar-umidade-excessiva-em-jardins-verticais-dentro-da-microcasa\">Como evitar umidade excessiva em jardins verticais dentro da microcasa?<\/a>\n          <\/li>\n          <li>\n            <a href=\"#\u00e9-poss\u00edvel-montar-um-jardim-vertical-sem-precisar-de-manuten\u00e7\u00e3o-constante\">\u00c9 poss\u00edvel montar um jardim vertical sem precisar de manuten\u00e7\u00e3o constante?<\/a>\n          <\/li>\n          <li>\n            <a href=\"#jardins-verticais-internos-atraem-insetos-como-evit\u00e1-los\">Jardins verticais internos atraem insetos? Como evit\u00e1-los?<\/a>\n          <\/li>\n          <li class=\"last\">\n            <a href=\"#quais-s\u00e3o-as-op\u00e7\u00f5es-mais-acess\u00edveis-e-f\u00e1ceis-de-instalar-para-iniciantes\">Quais s\u00e3o as op\u00e7\u00f5es mais acess\u00edveis e f\u00e1ceis de instalar para iniciantes?<\/a>\n          <\/li>\n        <\/ul>\n      <\/li>\n    <\/ul>\n<\/div>                                <\/div>\n                            <\/div>\n                        <\/div>\n                    <\/div>\n                    <div class=\"layout_toggle_button\">\n                        <span class=\"bd_toc_arrow\"><\/span>\n                    <\/div>\n                <\/div>\n            <\/div>\n\n    \n\n\n<h2 id='qual-o-conceito-de-jardins-verticais-compactos-e-sua-import\u00e2ncia-para-microcasas'  class=\"wp-block-heading\"><strong>Qual o conceito de jardins verticais compactos e sua import\u00e2ncia para microcasas?<\/strong><\/h2>\n\n\n\n<p>O que s\u00e3o jardins verticais compactos para interiores de microcasas? Em uma microcasa, cada metro quadrado conta, e trazer a natureza para dentro do ambiente pode parecer um desafio. No entanto, os <strong>jardins verticais compactos<\/strong> surgem como uma <strong>solu\u00e7\u00e3o inteligente e funcional<\/strong>, permitindo a integra\u00e7\u00e3o de plantas ao espa\u00e7o sem comprometer a \u00e1rea \u00fatil.<\/p>\n\n\n\n<p>Esses sistemas <strong>aproveitam paredes, nichos e superf\u00edcies verticais<\/strong>, transformando ambientes internos em espa\u00e7os mais verdes, harmoniosos e com maior qualidade de vida. Al\u00e9m da est\u00e9tica agrad\u00e1vel, os jardins verticais oferecem benef\u00edcios como <strong>melhoria na qualidade do ar, sensa\u00e7\u00e3o de bem-estar e um toque natural \u00e0 decora\u00e7\u00e3o minimalista<\/strong>.<\/p>\n\n\n\n<h3 id='como-esses-sistemas-proporcionam-mais-verde-em-espa\u00e7os-reduzidos-sem-comprometer-a-funcionalidade-do-ambiente'  class=\"wp-block-heading\"><strong>Como esses sistemas proporcionam mais verde em espa\u00e7os reduzidos, sem comprometer a funcionalidade do ambiente<\/strong><\/h3>\n\n\n\n<p>A grande vantagem dos jardins verticais compactos para interiores de microcasas \u00e9 <strong>a otimiza\u00e7\u00e3o do espa\u00e7o<\/strong>. Em vez de ocupar \u00e1reas de circula\u00e7\u00e3o ou m\u00f3veis, as plantas ficam organizadas <strong>de forma suspensa, em suportes ou estruturas modulares<\/strong>, adaptando-se perfeitamente \u00e0 metragem reduzida.<\/p>\n\n\n\n<p>\u2705 <strong>N\u00e3o comprometem a \u00e1rea \u00fatil<\/strong> \u2013 O verde se torna parte da decora\u00e7\u00e3o sem interferir no uso do ambiente.<br>\u2705 <strong>Podem ser personaliz\u00e1veis<\/strong> \u2013 Existem diversas op\u00e7\u00f5es, desde <strong>pain\u00e9is pr\u00e9-moldados at\u00e9 solu\u00e7\u00f5es DIY<\/strong> que utilizam prateleiras e suportes simples.<br>\u2705 <strong>S\u00e3o adapt\u00e1veis a diferentes estilos<\/strong> \u2013 Seja um design r\u00fastico, moderno ou minimalista, h\u00e1 sempre um modelo de jardim vertical que se encaixa perfeitamente no espa\u00e7o.<\/p>\n\n\n\n<p>Al\u00e9m disso, os <strong>jardins verticais internos podem incluir plantas purificadoras de ar<\/strong>, tornando o ambiente mais saud\u00e1vel, fresco e aconchegante.<\/p>\n\n\n\n<h3 id='o-que-ser\u00e1-abordado-no-artigo-tipos-benef\u00edcios-instala\u00e7\u00e3o-e-cuidados-essenciais-para-jardins-verticais-compactos-para-interiores-de-microcasas'  class=\"wp-block-heading\"><strong>O que ser\u00e1 abordado no artigo: Tipos, benef\u00edcios, instala\u00e7\u00e3o e cuidados essenciais<\/strong> para jardins verticais compactos para interiores de microcasas<\/h3>\n\n\n\n<p>Se voc\u00ea deseja <strong>adicionar um toque natural ao interior da sua microcasa sem comprometer o espa\u00e7o<\/strong>, este artigo traz um guia completo sobre <strong>como criar, manter e escolher o melhor jardins verticais compactos para interiores de microcasas<\/strong>.<\/p>\n\n\n\n<p>Nos pr\u00f3ximos t\u00f3picos, exploraremos:<\/p>\n\n\n\n<p>\ud83c\udf3f <strong>Os benef\u00edcios dos jardins verticais em microcasas<\/strong> \u2013 Como eles melhoram o bem-estar, otimizam espa\u00e7o e tornam o ambiente mais funcional.<br>\ud83c\udf31 <strong>Tipos de jardins verticais compactos<\/strong> \u2013 Desde <strong>sistemas modulares<\/strong> at\u00e9 op\u00e7\u00f5es caseiras e sustent\u00e1veis.<br>\ud83d\udee0 <strong>Instala\u00e7\u00e3o e manuten\u00e7\u00e3o<\/strong> \u2013 Como montar um jardim vertical pr\u00e1tico, escolher as plantas ideais e manter a est\u00e9tica e funcionalidade no dia a dia.<br>\ud83d\udca1 <strong>Ideias inspiradoras<\/strong> \u2013 Exemplos de microcasas que utilizam jardins verticais de maneira criativa e eficiente.<\/p>\n\n\n\n<p>Ao final do artigo, voc\u00ea ter\u00e1 <strong>todas as informa\u00e7\u00f5es necess\u00e1rias para criar um jardim vertical compacto<\/strong>, unindo <strong>minimalismo, funcionalidade e um toque verde ao seu lar<\/strong>. \ud83d\ude80\ud83c\udfe1\u2728<\/p>\n\n\n\n<hr class=\"wp-block-separator has-alpha-channel-opacity\"\/>\n\n\n\n<h2 id='benef\u00edcios-dos-jardins-verticais-para-interiores-de-microcasas'  class=\"wp-block-heading\"><strong>Benef\u00edcios dos jardins verticais para interiores de microcasas<\/strong><\/h2>\n\n\n\n<p>Os <strong>jardins verticais compactos<\/strong> s\u00e3o uma solu\u00e7\u00e3o inteligente para quem deseja trazer o verde para dentro da microcasa sem comprometer a funcionalidade do ambiente. Al\u00e9m de otimizarem o espa\u00e7o, esses sistemas promovem <strong>bem-estar, melhoram a qualidade do ar e adicionam um toque natural ao design minimalista<\/strong>.<\/p>\n\n\n\n<p>Ter plantas dentro de casa vai al\u00e9m da est\u00e9tica \u2013 elas contribuem para um ambiente <strong>mais equilibrado, saud\u00e1vel e harmonioso<\/strong>. No caso de microcasas, onde cada detalhe deve ser bem planejado, os jardins verticais tornam-se <strong>um recurso valioso para transformar espa\u00e7os reduzidos em \u00e1reas vivas e aconchegantes<\/strong>.<\/p>\n\n\n\n<p>A seguir, exploramos os principais benef\u00edcios de incorporar <strong>um jardim vertical ao interior da microcasa<\/strong>.<\/p>\n\n\n\n<hr class=\"wp-block-separator has-alpha-channel-opacity\"\/>\n\n\n\n<h3 id='economia-de-espa\u00e7o-e-otimiza\u00e7\u00e3o-do-ambiente-com-jardins-verticais-compactos-para-interiores-de-microcasas'  class=\"wp-block-heading\"><strong>Economia de espa\u00e7o e otimiza\u00e7\u00e3o do ambiente<\/strong> com jardins verticais compactos para interiores de microcasas<\/h3>\n\n\n\n<p>Uma das maiores vantagens dos jardins verticais compactos para interiores de microcasas \u00e9 <strong>o aproveitamento eficiente do espa\u00e7o<\/strong>. Diferente dos vasos convencionais, que ocupam superf\u00edcies como mesas e prateleiras, os jardins verticais utilizam <strong>paredes, divis\u00f3rias e estruturas suspensas<\/strong> para acomodar as plantas de forma organizada.<\/p>\n\n\n\n<p>\u2705 <strong>Aproveitamento inteligente das paredes<\/strong> \u2013 Transformam \u00e1reas sem uso em um ponto verde funcional.<br>\u2705 <strong>Integra\u00e7\u00e3o com m\u00f3veis e estruturas<\/strong> \u2013 Muitos jardins verticais podem ser instalados <strong>em cabeceiras, divis\u00f3rias ou at\u00e9 mesmo portas de arm\u00e1rios<\/strong>, otimizando ainda mais o espa\u00e7o.<br>\u2705 <strong>Maior sensa\u00e7\u00e3o de amplitude<\/strong> \u2013 O verde contribui para uma est\u00e9tica mais equilibrada, tornando ambientes pequenos <strong>visualmente mais leves e agrad\u00e1veis<\/strong>.<\/p>\n\n\n\n<p>Com esses sistemas, at\u00e9 mesmo <strong>as menores microcasas podem contar com um toque natural, sem perder a funcionalidade<\/strong> do espa\u00e7o dispon\u00edvel.<\/p>\n\n\n\n<hr class=\"wp-block-separator has-alpha-channel-opacity\"\/>\n\n\n\n<h3 id='melhoria-da-qualidade-do-ar-e-bem-estar'  class=\"wp-block-heading\"><strong>Melhoria da qualidade do ar e bem-estar<\/strong><\/h3>\n\n\n\n<p>Al\u00e9m de serem um elemento decorativo incr\u00edvel, os jardins verticais tamb\u00e9m <strong>contribuem para a sa\u00fade e bem-estar dos moradores<\/strong>. As plantas desempenham um papel importante na <strong>purifica\u00e7\u00e3o do ar<\/strong>, absorvendo poluentes e aumentando a umidade do ambiente, o que \u00e9 essencial para espa\u00e7os compactos.<\/p>\n\n\n\n<p>\ud83d\udd39 <strong>Renova\u00e7\u00e3o do oxig\u00eanio<\/strong> \u2013 As plantas capturam g\u00e1s carb\u00f4nico e liberam oxig\u00eanio fresco, tornando o ambiente mais agrad\u00e1vel para respirar.<br>\ud83d\udd39 <strong>Filtragem de poluentes<\/strong> \u2013 Esp\u00e9cies como <strong>l\u00edrio-da-paz, samambaia e espada-de-s\u00e3o-jorge<\/strong> removem part\u00edculas t\u00f3xicas do ar.<br>\ud83d\udd39 <strong>Melhora na umidade do ambiente<\/strong> \u2013 Jardins verticais ajudam a <strong>reduzir o ressecamento do ar<\/strong>, evitando desconfortos respirat\u00f3rios.<\/p>\n\n\n\n<p>Al\u00e9m dos benef\u00edcios f\u00edsicos, <strong>ter plantas em casa ajuda a reduzir o estresse e melhora a sensa\u00e7\u00e3o de bem-estar<\/strong>, tornando o ambiente mais acolhedor e relaxante.<\/p>\n\n\n\n<hr class=\"wp-block-separator has-alpha-channel-opacity\"\/>\n\n\n\n<h3 id='a-est\u00e9tica-minimalista-e-a-sensa\u00e7\u00e3o-de-conex\u00e3o-com-a-natureza'  class=\"wp-block-heading\"><strong>A est\u00e9tica minimalista e a sensa\u00e7\u00e3o de conex\u00e3o com a natureza<\/strong><\/h3>\n\n\n\n<p>Os jardins verticais compactos para interiores de microcasas combinam perfeitamente com o <strong>estilo minimalista<\/strong>, proporcionando um toque natural sem sobrecarregar o ambiente com elementos excessivos. Eles se integram de forma sutil e elegante, valorizando o conceito de <strong>simplicidade e funcionalidade<\/strong>.<\/p>\n\n\n\n<p>\ud83c\udf3f <strong>Harmonia visual<\/strong> \u2013 O verde das plantas adiciona cor e textura ao espa\u00e7o, criando um efeito natural sem comprometer a est\u00e9tica clean.<br>\ud83c\udf1e <strong>Sensa\u00e7\u00e3o de frescor e leveza<\/strong> \u2013 Ambientes compactos podem se tornar mais aconchegantes e agrad\u00e1veis com a presen\u00e7a da vegeta\u00e7\u00e3o.<br>\ud83d\udecb <strong>Integra\u00e7\u00e3o com diferentes estilos<\/strong> \u2013 Jardins verticais podem ser personalizados para se encaixar tanto em designs modernos quanto r\u00fasticos, proporcionando versatilidade ao espa\u00e7o.<\/p>\n\n\n\n<p>O contato com a natureza \u00e9 essencial para o bem-estar mental e emocional, e um jardim vertical permite essa <strong>conex\u00e3o di\u00e1ria com o verde<\/strong> sem a necessidade de grandes espa\u00e7os externos.<\/p>\n\n\n\n<hr class=\"wp-block-separator has-alpha-channel-opacity\"\/>\n\n\n\n<p>Os <strong>jardins verticais compactos<\/strong> s\u00e3o <strong>uma solu\u00e7\u00e3o eficiente e est\u00e9tica<\/strong> para quem deseja integrar a natureza ao interior de uma microcasa sem comprometer a funcionalidade. Al\u00e9m de <strong>economizar espa\u00e7o<\/strong>, eles <strong>melhoram a qualidade do ar, contribuem para o bem-estar e refor\u00e7am a est\u00e9tica minimalista<\/strong>, criando um ambiente mais saud\u00e1vel e equilibrado.<\/p>\n\n\n\n<p>Nos pr\u00f3ximos t\u00f3picos, abordaremos <strong>os diferentes tipos de jardins verticais compactos e como escolher o melhor modelo para sua microcasa<\/strong>. \ud83d\ude80\ud83c\udf31\ud83c\udfe1<\/p>\n\n\n\n<hr class=\"wp-block-separator has-alpha-channel-opacity\"\/>\n\n\n\n<h2 id='tipos-de-jardins-verticais-compactos-para-interiores-de-microcasas'  class=\"wp-block-heading\"><strong>Tipos de jardins verticais compactos para interiores de microcasas<\/strong><\/h2>\n\n\n\n<p>Existem diversas formas de criar <strong>jardins verticais compactos para interiores de microcasas<\/strong> dentro de uma microcasa, adaptando-se ao <strong>espa\u00e7o dispon\u00edvel, ao estilo decorativo e \u00e0 facilidade de manuten\u00e7\u00e3o<\/strong>. Algumas op\u00e7\u00f5es s\u00e3o <strong>modulares e pr\u00e9-montadas<\/strong>, enquanto outras permitem maior personaliza\u00e7\u00e3o, como <strong>prateleiras para plantas suspensas ou sistemas hidrop\u00f4nicos sem solo<\/strong>.<\/p>\n\n\n\n<p>A seguir, exploramos os principais tipos de jardins verticais compactos para interiores de microcasas que podem ser <strong>instalados em microcasas sem comprometer a funcionalidade do ambiente<\/strong>.<\/p>\n\n\n\n<hr class=\"wp-block-separator has-alpha-channel-opacity\"\/>\n\n\n\n<h3 id='pain\u00e9is-modulares-e-sistemas-pr\u00e9-montados'  class=\"wp-block-heading\"><strong>Pain\u00e9is modulares e sistemas pr\u00e9-montados<\/strong><\/h3>\n\n\n\n<p>Os <strong>pain\u00e9is modulares<\/strong> s\u00e3o uma das op\u00e7\u00f5es mais pr\u00e1ticas para quem deseja um jardim vertical funcional sem grandes reformas. Eles s\u00e3o <strong>estruturas prontas para instala\u00e7\u00e3o<\/strong>, que podem ser <strong>fixadas em paredes ou apoiadas em superf\u00edcies<\/strong>, trazendo o verde para o interior sem ocupar espa\u00e7o no ch\u00e3o.<\/p>\n\n\n\n<p>\u2705 <strong>F\u00e1ceis de instalar e remover<\/strong>, permitindo reconfigura\u00e7\u00e3o sempre que necess\u00e1rio.<br>\u2705 <strong>Possuem irriga\u00e7\u00e3o integrada em alguns modelos<\/strong>, facilitando a manuten\u00e7\u00e3o.<br>\u2705 <strong>Variedade de tamanhos e formatos<\/strong>, adaptando-se a qualquer ambiente.<\/p>\n\n\n\n<p>\ud83d\udccc <strong>Melhor aplica\u00e7\u00e3o:<\/strong> Indicados para <strong>quem busca um jardim compacto pronto para uso<\/strong>, sem precisar montar suportes ou fixa\u00e7\u00f5es complexas.<\/p>\n\n\n\n<hr class=\"wp-block-separator has-alpha-channel-opacity\"\/>\n\n\n\n<h3 id='prateleiras-e-suportes-para-plantas-suspensas'  class=\"wp-block-heading\"><strong>Prateleiras e suportes para plantas suspensas<\/strong><\/h3>\n\n\n\n<p>Para quem deseja um <strong>jardim vertical flex\u00edvel e econ\u00f4mico<\/strong>, utilizar <strong>prateleiras ou suportes suspensos<\/strong> pode ser a melhor alternativa. Essas estruturas permitem <strong>distribuir as plantas ao longo da parede<\/strong>, criando um efeito natural sem comprometer a circula\u00e7\u00e3o no espa\u00e7o.<\/p>\n\n\n\n<p>\ud83d\udd39 <strong>Uso de materiais leves e sustent\u00e1veis<\/strong>, como madeira, ferro ou cordas.<br>\ud83d\udd39 <strong>F\u00e1cil adapta\u00e7\u00e3o ao ambiente<\/strong>, permitindo o cultivo de diversas esp\u00e9cies.<br>\ud83d\udd39 <strong>Op\u00e7\u00e3o vers\u00e1til e acess\u00edvel<\/strong>, podendo ser feita com reaproveitamento de materiais.<\/p>\n\n\n\n<p>\ud83d\udccc <strong>Melhor aplica\u00e7\u00e3o:<\/strong> Ideal para <strong>microcasas minimalistas<\/strong>, onde o design integrado das plantas complementa a decora\u00e7\u00e3o sem exageros.<\/p>\n\n\n\n<hr class=\"wp-block-separator has-alpha-channel-opacity\"\/>\n\n\n\n<h3 id='jardins-hidrop\u00f4nicos-e-solu\u00e7\u00f5es-sem-solo-para-ambientes-internos'  class=\"wp-block-heading\"><strong>Jardins hidrop\u00f4nicos e solu\u00e7\u00f5es sem solo para ambientes internos<\/strong><\/h3>\n\n\n\n<p>Os <strong>jardins hidrop\u00f4nicos<\/strong> s\u00e3o perfeitos para quem deseja <strong>cultivar ervas, temperos e vegetais<\/strong> sem precisar de terra. Esses sistemas utilizam <strong>\u00e1gua e nutrientes controlados<\/strong>, otimizando o crescimento das plantas em um espa\u00e7o reduzido.<\/p>\n\n\n\n<p>\u2705 <strong>N\u00e3o fazem sujeira<\/strong>, pois eliminam a necessidade de terra e substratos pesados.<br>\u2705 <strong>Crescimento mais r\u00e1pido e saud\u00e1vel<\/strong>, devido ao controle preciso da irriga\u00e7\u00e3o e nutri\u00e7\u00e3o.<br>\u2705 <strong>Tecnologia eficiente e sustent\u00e1vel<\/strong>, reduzindo o consumo de \u00e1gua em compara\u00e7\u00e3o aos m\u00e9todos tradicionais.<\/p>\n\n\n\n<p>\ud83d\udccc <strong>Melhor aplica\u00e7\u00e3o:<\/strong> Recomendado para quem deseja um <strong>jardim produtivo dentro da microcasa<\/strong>, cultivando hortali\u00e7as e ervas frescas para consumo di\u00e1rio.<\/p>\n\n\n\n<hr class=\"wp-block-separator has-alpha-channel-opacity\"\/>\n\n\n\n<p>Os <strong>jardins verticais compactos para interiores de microcasas<\/strong> s\u00e3o <strong>vers\u00e1teis, funcionais e esteticamente agrad\u00e1veis<\/strong>, permitindo que qualquer microcasa tenha um <strong>toque natural sem comprometer espa\u00e7o \u00fatil<\/strong>. Seja por meio de <strong>pain\u00e9is modulares prontos para instala\u00e7\u00e3o, prateleiras suspensas ou sistemas hidrop\u00f4nicos<\/strong>, h\u00e1 sempre uma solu\u00e7\u00e3o ideal para integrar o verde ao ambiente.<\/p>\n\n\n\n<p>Nos pr\u00f3ximos t\u00f3picos, abordaremos <strong>como escolher as plantas certas e garantir a manuten\u00e7\u00e3o do seu jardim vertical de forma eficiente<\/strong>. \ud83d\ude80\ud83c\udf31\ud83c\udfe1<\/p>\n\n\n\n<hr class=\"wp-block-separator has-alpha-channel-opacity\"\/>\n\n\n\n<h2 id='como-escolher-plantas-ideais-para-jardins-verticais-internos'  class=\"wp-block-heading\"><strong>Como escolher plantas ideais para jardins verticais internos<\/strong><\/h2>\n\n\n\n<p>Escolher as plantas certas para um <strong>jardim vertical compacto<\/strong> dentro de uma microcasa <strong>\u00e9 essencial para garantir beleza, praticidade e f\u00e1cil manuten\u00e7\u00e3o<\/strong>. Nem todas as esp\u00e9cies se adaptam bem a espa\u00e7os internos, onde h\u00e1 <strong>menos incid\u00eancia de luz solar direta e varia\u00e7\u00f5es na umidade do ar<\/strong>.<\/p>\n\n\n\n<p>Para criar jardins verticais compactos para interiores de microcasas de forma funcional e harmoniosa, \u00e9 importante considerar <strong>resist\u00eancia das plantas, benef\u00edcios ambientais e a integra\u00e7\u00e3o com a est\u00e9tica minimalista<\/strong> do espa\u00e7o. A seguir, exploramos as melhores op\u00e7\u00f5es para compor um jardins verticais compactos para interiores de microcasas adaptado \u00e0 realidade das microcasas.<\/p>\n\n\n\n<hr class=\"wp-block-separator has-alpha-channel-opacity\"\/>\n\n\n\n<h3 id='plantas-resistentes-e-de-baixa-manuten\u00e7\u00e3o-para-microcasas'  class=\"wp-block-heading\"><strong>Plantas resistentes e de baixa manuten\u00e7\u00e3o para microcasas<\/strong><\/h3>\n\n\n\n<p>Para quem deseja um jardim pr\u00e1tico e sem complica\u00e7\u00f5es, o ideal \u00e9 optar por <strong>plantas que n\u00e3o exigem regas frequentes e se adaptam bem a pouca luz<\/strong>. Algumas esp\u00e9cies s\u00e3o mais resistentes e conseguem se desenvolver <strong>mesmo em ambientes compactos, com ventila\u00e7\u00e3o limitada<\/strong>.<\/p>\n\n\n\n<p>\u2705 <strong>Espada-de-S\u00e3o-Jorge<\/strong> \u2013 Extremamente resistente, tolera varia\u00e7\u00f5es de luz e pouca rega.<br>\u2705 <strong>Zamioculca<\/strong> \u2013 Ideal para interiores, precisa de pouca \u00e1gua e se adapta a diferentes condi\u00e7\u00f5es.<br>\u2705 <strong>Jiboia<\/strong> \u2013 F\u00e1cil de cultivar, cresce bem em suportes verticais e se adapta \u00e0 sombra parcial.<br>\u2705 <strong>Peper\u00f4mia<\/strong> \u2013 Pequena e compacta, perfeita para jardins internos em prateleiras ou pain\u00e9is.<br>\u2705 <strong>Suculentas e cactos<\/strong> \u2013 S\u00e3o \u00f3timas para locais secos e n\u00e3o exigem regas constantes.<\/p>\n\n\n\n<p>\ud83d\udccc <strong>Dica Extra:<\/strong> Para quem deseja <strong>reduzir a manuten\u00e7\u00e3o<\/strong>, o uso de um <strong>sistema de irriga\u00e7\u00e3o autom\u00e1tica<\/strong> pode ser uma excelente op\u00e7\u00e3o, garantindo que as plantas recebam a quantidade ideal de \u00e1gua sem desperd\u00edcios.<\/p>\n\n\n\n<hr class=\"wp-block-separator has-alpha-channel-opacity\"\/>\n\n\n\n<h3 id='esp\u00e9cies-que-purificam-o-ar-e-melhoram-a-umidade-do-ambiente'  class=\"wp-block-heading\"><strong>Esp\u00e9cies que purificam o ar e melhoram a umidade do ambiente<\/strong><\/h3>\n\n\n\n<p>Al\u00e9m de decorar o espa\u00e7o, algumas plantas desempenham <strong>fun\u00e7\u00f5es essenciais na purifica\u00e7\u00e3o do ar e na regula\u00e7\u00e3o da umidade<\/strong>, tornando a microcasa um ambiente <strong>mais saud\u00e1vel e equilibrado<\/strong>.<\/p>\n\n\n\n<p>\ud83d\udd39 <strong>L\u00edrio-da-paz<\/strong> \u2013 Filtra toxinas do ar e ajuda a manter a umidade em n\u00edveis ideais.<br>\ud83d\udd39 <strong>Samambaia<\/strong> \u2013 Excelente para aumentar a umidade do ambiente e melhorar a circula\u00e7\u00e3o do ar.<br>\ud83d\udd39 <strong>Clorofito (Gravatinha)<\/strong> \u2013 Uma das melhores op\u00e7\u00f5es para remover poluentes internos.<br>\ud83d\udd39 <strong>Areca-bambu<\/strong> \u2013 Purifica o ar e adiciona um toque tropical ao ambiente.<\/p>\n\n\n\n<p>Essas plantas s\u00e3o <strong>\u00f3timas para espa\u00e7os fechados<\/strong>, pois reduzem <strong>poluentes do ar, como formalde\u00eddo e mon\u00f3xido de carbono<\/strong>, comuns em interiores urbanos.<\/p>\n\n\n\n<p>\ud83d\udccc <strong>Dica Extra:<\/strong> Posicione <strong>as plantas purificadoras pr\u00f3ximas a janelas ou em \u00e1reas de circula\u00e7\u00e3o<\/strong>, garantindo que elas desempenhem seu papel da melhor maneira poss\u00edvel.<\/p>\n\n\n\n<hr class=\"wp-block-separator has-alpha-channel-opacity\"\/>\n\n\n\n<h3 id='como-harmonizar-o-verde-com-a-est\u00e9tica-minimalista'  class=\"wp-block-heading\"><strong>Como harmonizar o verde com a est\u00e9tica minimalista<\/strong><\/h3>\n\n\n\n<p>Um dos desafios ao integrar jardins verticais compactos para interiores de microcasas <strong>\u00e9 manter a harmonia visual do ambiente sem sobrecarregar o espa\u00e7o<\/strong>. O estilo minimalista preza pela <strong>simplicidade, funcionalidade e equil\u00edbrio<\/strong>, e as plantas podem ser um complemento perfeito quando escolhidas estrategicamente.<\/p>\n\n\n\n<p>\ud83c\udf3f <strong>Cores neutras e folhagens estruturadas<\/strong> \u2013 Escolher esp\u00e9cies com <strong>tons verdes suaves e formatos geom\u00e9tricos<\/strong>, como costela-de-ad\u00e3o ou zamioculca, garante um visual sofisticado e discreto.<br>\ud83e\udeb4 <strong>Poucas plantas, mas bem posicionadas<\/strong> \u2013 Em vez de criar um jardim exagerado, escolha algumas plantas de impacto e <strong>distribua-as de forma organizada<\/strong>.<br>\ud83c\udfe1 <strong>Suportes elegantes e discretos<\/strong> \u2013 Utilize <strong>prateleiras de madeira, vasos de cer\u00e2mica ou pain\u00e9is met\u00e1licos<\/strong> para manter a est\u00e9tica clean e funcional.<br>\ud83d\udca1 <strong>Ilumina\u00e7\u00e3o natural e artificial bem planejada<\/strong> \u2013 Para valorizar o jardim vertical, use <strong>lumin\u00e1rias direcionadas ou fitas de LED<\/strong> que destacam as plantas sem comprometer a sobriedade do espa\u00e7o.<\/p>\n\n\n\n<p>\ud83d\udccc <strong>Dica Extra:<\/strong> Se a ideia for <strong>manter um visual minimalista, mas sem perder o efeito natural das plantas<\/strong>, aposte em um <strong>jardim vertical com nichos espa\u00e7ados<\/strong>, criando um design equilibrado e sofisticado.<\/p>\n\n\n\n<hr class=\"wp-block-separator has-alpha-channel-opacity\"\/>\n\n\n\n<p>Escolher as plantas certas para um <strong>jardim vertical interno em uma microcasa<\/strong> pode <strong>transformar o ambiente, tornando-o mais aconchegante, funcional e saud\u00e1vel<\/strong>. Optar por <strong>esp\u00e9cies de baixa manuten\u00e7\u00e3o, plantas purificadoras e um design harmonioso<\/strong> garante <strong>um toque natural sem comprometer a est\u00e9tica minimalista<\/strong>.<\/p>\n\n\n\n<p>Nos pr\u00f3ximos t\u00f3picos, abordaremos <strong>como instalar e manter um jardim vertical compacto sem esfor\u00e7o<\/strong>, garantindo que suas plantas permane\u00e7am sempre bonitas e saud\u00e1veis. \ud83d\ude80\ud83c\udf3f\ud83c\udfe1<\/p>\n\n\n\n<hr class=\"wp-block-separator has-alpha-channel-opacity\"\/>\n\n\n\n<figure class=\"wp-block-image size-large\"><img data-recalc-dims=\"1\" fetchpriority=\"high\" decoding=\"async\" width=\"1024\" height=\"585\" src=\"https:\/\/i0.wp.com\/1truenote.com\/wp-content\/uploads\/2025\/03\/DALL%C2%B7E-2025-03-20-13.56.06-A-modern-tiny-house-interior-featuring-a-beautifully-designed-compact-vertical-garden.-The-vertical-garden-is-well-integrated-into-the-living-space-w.webp?resize=1024%2C585&#038;ssl=1\" alt=\"Jardim vertical na microcasa\" class=\"wp-image-694\" srcset=\"https:\/\/i0.wp.com\/1truenote.com\/wp-content\/uploads\/2025\/03\/DALL%C2%B7E-2025-03-20-13.56.06-A-modern-tiny-house-interior-featuring-a-beautifully-designed-compact-vertical-garden.-The-vertical-garden-is-well-integrated-into-the-living-space-w.webp?resize=1024%2C585&amp;ssl=1 1024w, https:\/\/i0.wp.com\/1truenote.com\/wp-content\/uploads\/2025\/03\/DALL%C2%B7E-2025-03-20-13.56.06-A-modern-tiny-house-interior-featuring-a-beautifully-designed-compact-vertical-garden.-The-vertical-garden-is-well-integrated-into-the-living-space-w.webp?resize=300%2C171&amp;ssl=1 300w, https:\/\/i0.wp.com\/1truenote.com\/wp-content\/uploads\/2025\/03\/DALL%C2%B7E-2025-03-20-13.56.06-A-modern-tiny-house-interior-featuring-a-beautifully-designed-compact-vertical-garden.-The-vertical-garden-is-well-integrated-into-the-living-space-w.webp?resize=768%2C439&amp;ssl=1 768w, https:\/\/i0.wp.com\/1truenote.com\/wp-content\/uploads\/2025\/03\/DALL%C2%B7E-2025-03-20-13.56.06-A-modern-tiny-house-interior-featuring-a-beautifully-designed-compact-vertical-garden.-The-vertical-garden-is-well-integrated-into-the-living-space-w.webp?resize=1536%2C878&amp;ssl=1 1536w, https:\/\/i0.wp.com\/1truenote.com\/wp-content\/uploads\/2025\/03\/DALL%C2%B7E-2025-03-20-13.56.06-A-modern-tiny-house-interior-featuring-a-beautifully-designed-compact-vertical-garden.-The-vertical-garden-is-well-integrated-into-the-living-space-w.webp?w=1792&amp;ssl=1 1792w\" sizes=\"(max-width: 1024px) 100vw, 1024px\" \/><\/figure>\n\n\n\n<h2 id='instala\u00e7\u00e3o-pr\u00e1tica-de-jardins-verticais-compactos-para-interiores-de-microcasas'  class=\"wp-block-heading\"><strong>Instala\u00e7\u00e3o pr\u00e1tica de jardins verticais compactos para interiores de microcasas<\/strong><\/h2>\n\n\n\n<p>Montar <strong>jardins verticais compactos para interiores de microcasas<\/strong> pode ser mais simples do que parece. Com um planejamento adequado e os materiais certos, \u00e9 poss\u00edvel <strong>criar um espa\u00e7o verde funcional e harmonioso, sem comprometer a \u00e1rea \u00fatil do ambiente<\/strong>.<\/p>\n\n\n\n<p>Este guia apresenta <strong>o passo a passo para a instala\u00e7\u00e3o<\/strong>, desde a escolha dos <strong>materiais e suportes at\u00e9 os cuidados essenciais<\/strong> para manter as plantas sempre saud\u00e1veis.<\/p>\n\n\n\n<hr class=\"wp-block-separator has-alpha-channel-opacity\"\/>\n\n\n\n<h3 id='materiais-necess\u00e1rios-e-planejamento-do-espa\u00e7o'  class=\"wp-block-heading\"><strong>Materiais necess\u00e1rios e planejamento do espa\u00e7o<\/strong><\/h3>\n\n\n\n<p>Antes de iniciar a instala\u00e7\u00e3o, \u00e9 importante <strong>analisar o espa\u00e7o dispon\u00edvel<\/strong> e definir <strong>o tipo de estrutura ideal<\/strong> para a microcasa. O planejamento inclui <strong>avaliar a incid\u00eancia de luz, a umidade do local e a praticidade da manuten\u00e7\u00e3o<\/strong>.<\/p>\n\n\n\n<p>\ud83d\udccc <strong>Lista de materiais b\u00e1sicos para um jardim vertical compacto:<\/strong><\/p>\n\n\n\n<p>\u2705 <strong>Estrutura de suporte<\/strong> \u2013 Pode ser um painel de madeira, treli\u00e7a met\u00e1lica, prateleiras ou vasos suspensos.<br>\u2705 <strong>Vasos ou bols\u00f5es para plantas<\/strong> \u2013 Op\u00e7\u00f5es incluem <strong>feltro imperme\u00e1vel, vasos autoirrig\u00e1veis ou suportes individuais<\/strong>.<br>\u2705 <strong>Substrato e fertilizante<\/strong> \u2013 Escolher um substrato leve e nutritivo garante <strong>crescimento saud\u00e1vel das plantas<\/strong>.<br>\u2705 <strong>Sistema de irriga\u00e7\u00e3o<\/strong> \u2013 Para facilitar a manuten\u00e7\u00e3o, pode-se optar por <strong>rega manual, irriga\u00e7\u00e3o por gotejamento ou reservat\u00f3rios autom\u00e1ticos<\/strong>.<br>\u2705 <strong>Fixadores<\/strong> \u2013 Parafusos, buchas e ganchos para garantir a estabilidade da estrutura na parede.<\/p>\n\n\n\n<p><strong>Dicas para um bom planejamento:<\/strong><\/p>\n\n\n\n<p>\ud83d\udd39 <strong>Escolha uma parede estrat\u00e9gica<\/strong>, considerando a luz natural dispon\u00edvel.<br>\ud83d\udd39 <strong>Evite locais de alto tr\u00e1fego<\/strong>, para n\u00e3o comprometer a mobilidade dentro da microcasa.<br>\ud83d\udd39 <strong>Opte por plantas compat\u00edveis com o ambiente<\/strong>, priorizando esp\u00e9cies de baixa manuten\u00e7\u00e3o.<\/p>\n\n\n\n<hr class=\"wp-block-separator has-alpha-channel-opacity\"\/>\n\n\n\n<h3 id='fixa\u00e7\u00e3o-segura-e-suporte-adequado-para-pequenos-ambientes'  class=\"wp-block-heading\"><strong>Fixa\u00e7\u00e3o segura e suporte adequado para pequenos ambientes<\/strong><\/h3>\n\n\n\n<p>Em espa\u00e7os reduzidos, garantir <strong>uma fixa\u00e7\u00e3o segura e eficiente<\/strong> \u00e9 essencial para evitar acidentes e preservar a integridade da estrutura.<\/p>\n\n\n\n<p>\u2705 <strong>Fixa\u00e7\u00e3o direta na parede<\/strong> \u2013 Utilize <strong>buchas e parafusos resistentes<\/strong>, especialmente em paredes de alvenaria ou drywall.<br>\u2705 <strong>Treli\u00e7as modulares<\/strong> \u2013 Ideais para quem deseja um <strong>suporte remov\u00edvel<\/strong>, permitindo reorganiza\u00e7\u00e3o conforme necess\u00e1rio.<br>\u2705 <strong>Prateleiras suspensas<\/strong> \u2013 Excelente alternativa para microcasas, pois permite acomodar <strong>vasos menores<\/strong> de forma elegante e funcional.<br>\u2705 <strong>Ganchos e suportes adesivos<\/strong> \u2013 Para quem deseja uma solu\u00e7\u00e3o sem perfura\u00e7\u00f5es, h\u00e1 <strong>fixadores autocolantes refor\u00e7ados<\/strong>, capazes de suportar o peso de pequenos vasos.<\/p>\n\n\n\n<p>\ud83d\udccc <strong>Dica Extra:<\/strong>\ud83d\udd39 Para aumentar a seguran\u00e7a, <strong>evite sobrecarga na estrutura<\/strong> e distribua o peso das plantas de forma uniforme.<\/p>\n\n\n\n<hr class=\"wp-block-separator has-alpha-channel-opacity\"\/>\n\n\n\n<h3 id='cuidados-essenciais-com-rega-ilumina\u00e7\u00e3o-e-nutri\u00e7\u00e3o-das-plantas'  class=\"wp-block-heading\"><strong>Cuidados essenciais com rega, ilumina\u00e7\u00e3o e nutri\u00e7\u00e3o das plantas<\/strong><\/h3>\n\n\n\n<p>Manter um <strong>jardim vertical saud\u00e1vel<\/strong> exige aten\u00e7\u00e3o a <strong>tr\u00eas fatores essenciais: rega, ilumina\u00e7\u00e3o e nutri\u00e7\u00e3o<\/strong>.<\/p>\n\n\n\n<h4 id='rega-eficiente-para-umidade-controlada'  class=\"wp-block-heading\"><strong>Rega eficiente para umidade controlada<\/strong><\/h4>\n\n\n\n<p>\ud83d\udd39 <strong>Evite o excesso de \u00e1gua<\/strong> \u2013 Jardins verticais internos precisam de <strong>drenagem eficiente<\/strong> para evitar mofo e umidade excessiva.<br>\ud83d\udd39 <strong>Sistema de irriga\u00e7\u00e3o por gotejamento<\/strong> \u2013 Reduz o desperd\u00edcio e mant\u00e9m a umidade equilibrada.<br>\ud83d\udd39 <strong>Plantas com necessidades semelhantes<\/strong> \u2013 Cultivar esp\u00e9cies que exigem <strong>quantidades similares de \u00e1gua<\/strong> facilita a rega e previne problemas no solo.<\/p>\n\n\n\n<h4 id='ilumina\u00e7\u00e3o-adequada-para-o-crescimento-das-plantas'  class=\"wp-block-heading\"><strong>Ilumina\u00e7\u00e3o adequada para o crescimento das plantas<\/strong><\/h4>\n\n\n\n<p>\ud83c\udf1e <strong>Plantas de sombra<\/strong> \u2013 L\u00edrio-da-paz e zamioculca se adaptam bem a ambientes com pouca luz.<br>\ud83d\udca1 <strong>Luz artificial<\/strong> \u2013 Caso a microcasa tenha ilumina\u00e7\u00e3o natural limitada, l\u00e2mpadas de LED para plantas ajudam a manter <strong>o crescimento saud\u00e1vel<\/strong>.\ud83d\udccc <strong>Evite expor o jardim vertical ao sol direto<\/strong>, pois pode ressecar o solo rapidamente.<\/p>\n\n\n\n<h4 id='nutri\u00e7\u00e3o-e-aduba\u00e7\u00e3o-para-um-jardim-sempre-verde'  class=\"wp-block-heading\"><strong>Nutri\u00e7\u00e3o e aduba\u00e7\u00e3o para um jardim sempre verde<\/strong><\/h4>\n\n\n\n<p>\ud83d\udd39 <strong>Aduba\u00e7\u00e3o a cada 30-45 dias<\/strong> \u2013 Utilizar fertilizantes org\u00e2nicos ou substratos enriquecidos prolonga a vitalidade das plantas.<br>\ud83d\udd39 <strong>Verifique sinais de defici\u00eancia nutricional<\/strong> \u2013 Folhas amareladas ou crescimento lento podem indicar falta de nutrientes.<br>\ud83d\udd39 <strong>Rota\u00e7\u00e3o de esp\u00e9cies<\/strong> \u2013 Trocar algumas plantas periodicamente mant\u00e9m o jardim renovado e saud\u00e1vel.<\/p>\n\n\n\n<hr class=\"wp-block-separator has-alpha-channel-opacity\"\/>\n\n\n\n<p>Criar um <strong>jardim vertical compacto em uma microcasa<\/strong> \u00e9 <strong>uma solu\u00e7\u00e3o inteligente para integrar a natureza ao ambiente sem comprometer o espa\u00e7o<\/strong>. Com os <strong>materiais certos, uma fixa\u00e7\u00e3o segura e cuidados adequados<\/strong>, \u00e9 poss\u00edvel garantir um jardim <strong>bonito, funcional e de baixa manuten\u00e7\u00e3o<\/strong>.<\/p>\n\n\n\n<p>Nos pr\u00f3ximos t\u00f3picos, exploraremos <strong>inspira\u00e7\u00f5es e ideias criativas para personalizar seu jardim vertical<\/strong>, tornando-o um elemento \u00fanico dentro da microcasa. \ud83d\ude80\ud83c\udf31\ud83c\udfe1<\/p>\n\n\n\n<hr class=\"wp-block-separator has-alpha-channel-opacity\"\/>\n\n\n\n<figure class=\"wp-block-image size-large\"><img data-recalc-dims=\"1\" decoding=\"async\" width=\"1024\" height=\"585\" src=\"https:\/\/i0.wp.com\/1truenote.com\/wp-content\/uploads\/2025\/03\/DALL%C2%B7E-2025-03-20-13.57.11-A-close-up-view-of-a-compact-vertical-garden-inside-a-tiny-house.-The-garden-is-built-with-wall-mounted-planters-featuring-lush-green-plants-that-enh-1024x585.webp?resize=1024%2C585&#038;ssl=1\" alt=\"Jardim vertical na sala de estar\" class=\"wp-image-695\" srcset=\"https:\/\/i0.wp.com\/1truenote.com\/wp-content\/uploads\/2025\/03\/DALL%C2%B7E-2025-03-20-13.57.11-A-close-up-view-of-a-compact-vertical-garden-inside-a-tiny-house.-The-garden-is-built-with-wall-mounted-planters-featuring-lush-green-plants-that-enh.webp?resize=1024%2C585&amp;ssl=1 1024w, https:\/\/i0.wp.com\/1truenote.com\/wp-content\/uploads\/2025\/03\/DALL%C2%B7E-2025-03-20-13.57.11-A-close-up-view-of-a-compact-vertical-garden-inside-a-tiny-house.-The-garden-is-built-with-wall-mounted-planters-featuring-lush-green-plants-that-enh.webp?resize=300%2C171&amp;ssl=1 300w, https:\/\/i0.wp.com\/1truenote.com\/wp-content\/uploads\/2025\/03\/DALL%C2%B7E-2025-03-20-13.57.11-A-close-up-view-of-a-compact-vertical-garden-inside-a-tiny-house.-The-garden-is-built-with-wall-mounted-planters-featuring-lush-green-plants-that-enh.webp?resize=768%2C439&amp;ssl=1 768w, https:\/\/i0.wp.com\/1truenote.com\/wp-content\/uploads\/2025\/03\/DALL%C2%B7E-2025-03-20-13.57.11-A-close-up-view-of-a-compact-vertical-garden-inside-a-tiny-house.-The-garden-is-built-with-wall-mounted-planters-featuring-lush-green-plants-that-enh.webp?resize=1536%2C878&amp;ssl=1 1536w, https:\/\/i0.wp.com\/1truenote.com\/wp-content\/uploads\/2025\/03\/DALL%C2%B7E-2025-03-20-13.57.11-A-close-up-view-of-a-compact-vertical-garden-inside-a-tiny-house.-The-garden-is-built-with-wall-mounted-planters-featuring-lush-green-plants-that-enh.webp?w=1792&amp;ssl=1 1792w\" sizes=\"(max-width: 1024px) 100vw, 1024px\" \/><\/figure>\n\n\n\n<h2 id='conclus\u00e3o-inspira\u00e7\u00f5es-e-ideias-criativas-para-jardins-verticais-em-microcasas'  class=\"wp-block-heading\"><strong>Conclus\u00e3o: Inspira\u00e7\u00f5es e ideias criativas para jardins verticais em microcasas<\/strong><\/h2>\n\n\n\n<p>Os <strong>jardins verticais compactos<\/strong> s\u00e3o uma forma inteligente de trazer <strong>vida e frescor<\/strong> para dentro de uma microcasa sem comprometer o espa\u00e7o dispon\u00edvel. Eles n\u00e3o apenas melhoram a qualidade do ar e o bem-estar dos moradores, mas tamb\u00e9m <strong>se tornam um elemento decorativo harmonioso e funcional<\/strong>.<\/p>\n\n\n\n<p>Neste t\u00f3pico, exploramos <strong>exemplos reais, tend\u00eancias modernas e dicas personalizadas<\/strong> para ajudar voc\u00ea a criar um jardim vertical \u00fanico, que se encaixe perfeitamente na sua microcasa.<\/p>\n\n\n\n<hr class=\"wp-block-separator has-alpha-channel-opacity\"\/>\n\n\n\n<h3 id='exemplos-reais-de-microcasas-com-jardins-internos-bem-integrados'  class=\"wp-block-heading\"><strong>Exemplos reais de microcasas com jardins internos bem integrados<\/strong><\/h3>\n\n\n\n<p>Muitas microcasas ao redor do mundo j\u00e1 adotaram <strong>jardins verticais internos<\/strong> como forma de otimizar o espa\u00e7o e trazer mais aconchego ao ambiente. Aqui est\u00e3o alguns exemplos inspiradores:<\/p>\n\n\n\n<p>\ud83c\udfe1 <strong>Microcasa minimalista no Jap\u00e3o<\/strong> \u2013 Neste projeto compacto, <strong>o jardim vertical foi integrado \u00e0 cozinha<\/strong>, utilizando um painel de prateleiras suspensas com ervas frescas, tornando o espa\u00e7o mais funcional e esteticamente agrad\u00e1vel.<\/p>\n\n\n\n<p>\ud83c\udf3f <strong>Tiny house sustent\u00e1vel na Calif\u00f3rnia<\/strong> \u2013 Nesta casa sobre rodas, o jardim vertical foi instalado <strong>na \u00e1rea da sala de estar<\/strong>, utilizando suportes de ferro e madeira. A composi\u00e7\u00e3o de plantas tropicais trouxe um toque natural sem ocupar espa\u00e7o \u00fatil.<\/p>\n\n\n\n<p>\ud83c\udf31 <strong>Microcasa escandinava na Noruega<\/strong> \u2013 Inspirada no design n\u00f3rdico, esta microcasa apostou em um <strong>jardim vertical modular<\/strong> fixado na parede do quarto, combinando plantas purificadoras de ar com um acabamento clean e moderno.<\/p>\n\n\n\n<p>Esses exemplos mostram que <strong>os jardins verticais podem ser incorporados a diferentes ambientes<\/strong>, tornando a microcasa mais verde sem comprometer a funcionalidade.<\/p>\n\n\n\n<hr class=\"wp-block-separator has-alpha-channel-opacity\"\/>\n\n\n\n<h3 id='tend\u00eancias-modernas-para-incorporar-verde-na-decora\u00e7\u00e3o-minimalista'  class=\"wp-block-heading\"><strong>Tend\u00eancias modernas para incorporar verde na decora\u00e7\u00e3o minimalista<\/strong><\/h3>\n\n\n\n<p>Os <strong>jardins verticais internos<\/strong> podem ser incorporados de diversas maneiras, sempre respeitando os princ\u00edpios do <strong>minimalismo e da otimiza\u00e7\u00e3o de espa\u00e7o<\/strong>. Algumas tend\u00eancias atuais incluem:<\/p>\n\n\n\n<p>\u2728 <strong>Jardins verticais suspensos com cordas ou fios de a\u00e7o<\/strong> \u2013 \u00d3timos para criar um efeito flutuante e moderno, sem comprometer a mobilidade dentro da microcasa.<\/p>\n\n\n\n<p>\ud83c\udf31 <strong>Pain\u00e9is de musgo preservado<\/strong> \u2013 Uma alternativa inovadora para quem quer um jardim de baixa manuten\u00e7\u00e3o e que n\u00e3o exige rega constante.<\/p>\n\n\n\n<p>\ud83c\udfe1 <strong>Prateleiras modulares para vasos pequenos<\/strong> \u2013 Permitem uma <strong>personaliza\u00e7\u00e3o din\u00e2mica<\/strong>, onde as plantas podem ser reorganizadas sempre que necess\u00e1rio.<\/p>\n\n\n\n<p>\ud83d\udca1 <strong>Jardins iluminados com LED<\/strong> \u2013 Al\u00e9m de destacar o verde da vegeta\u00e7\u00e3o, as luzes embutidas ajudam a criar um ambiente mais aconchegante e sofisticado.<\/p>\n\n\n\n<p>\ud83d\udccc <strong>Dica Extra:<\/strong> Para <strong>potencializar o efeito minimalista<\/strong>, opte por esp\u00e9cies de plantas <strong>com folhas bem definidas e formatos geom\u00e9tricos<\/strong>, garantindo equil\u00edbrio e harmonia na composi\u00e7\u00e3o visual.<\/p>\n\n\n\n<hr class=\"wp-block-separator has-alpha-channel-opacity\"\/>\n\n\n\n<h3 id='dicas-para-personalizar-os-jardins-verticais-compactos-para-interiores-de-microcasas-conforme-o-estilo-do-ambiente'  class=\"wp-block-heading\"><strong>Dicas para personalizar os jardins verticais compactos para interiores de microcasas conforme o estilo do ambiente<\/strong><\/h3>\n\n\n\n<p>Para que o jardim vertical se integre perfeitamente \u00e0 decora\u00e7\u00e3o da microcasa, \u00e9 essencial considerar <strong>o estilo do ambiente e a funcionalidade do espa\u00e7o<\/strong>. Aqui est\u00e3o algumas ideias para diferentes abordagens decorativas:<\/p>\n\n\n\n<p>\ud83d\udd39 <strong>Estilo industrial:<\/strong> Utilize <strong>suportes met\u00e1licos, vasos de cimento e tons neutros<\/strong> para criar um contraste moderno e sofisticado.<\/p>\n\n\n\n<p>\ud83d\udd39 <strong>Estilo escandinavo:<\/strong> Aposte em <strong>madeira clara, vasos brancos e folhagens verdes<\/strong>, trazendo um toque natural e minimalista ao ambiente.<\/p>\n\n\n\n<p>\ud83d\udd39 <strong>Estilo r\u00fastico:<\/strong> Combine <strong>estruturas de pallets, cordas de sisal e plantas pendentes<\/strong>, criando um jardim vertical mais org\u00e2nico e acolhedor.<\/p>\n\n\n\n<p>\ud83d\udd39 <strong>Estilo tropical:<\/strong> Integre <strong>plantas vibrantes como samambaias, costela-de-ad\u00e3o e jiboia<\/strong>, para um efeito exuberante e cheio de vida.<\/p>\n\n\n\n<p>\ud83d\udccc <strong>Dica Extra:<\/strong> Se o espa\u00e7o for muito reduzido, <strong>opte por vers\u00f5es compactas, como suportes de parede ou jardins em vasos suspensos<\/strong>, aproveitando cada cent\u00edmetro dispon\u00edvel de maneira inteligente.<\/p>\n\n\n\n<hr class=\"wp-block-separator has-alpha-channel-opacity\"\/>\n\n\n\n<p>Os jardins verticais compactos para interiores de microcasas s\u00e3o uma solu\u00e7\u00e3o perfeita para quem deseja <strong>incorporar a natureza ao interior de uma microcasa<\/strong> sem comprometer a funcionalidade do espa\u00e7o. Com diferentes estilos, estruturas e tend\u00eancias, <strong>\u00e9 poss\u00edvel personalizar o jardim vertical de acordo com o design e as necessidades da casa<\/strong>.<\/p>\n\n\n\n<hr class=\"wp-block-separator has-alpha-channel-opacity\"\/>\n\n\n\n<h2 id='perguntas-frequentes-sobre-jardins-verticais-compactos-em-microcasas-faq'  class=\"wp-block-heading\"><strong>Perguntas frequentes sobre jardins verticais compactos em microcasas &#8211; FAQ<\/strong><\/h2>\n\n\n\n<p>A instala\u00e7\u00e3o de um jardim vertical em interiores de microcasas pode gerar d\u00favidas, principalmente sobre <strong>manuten\u00e7\u00e3o, escolha das plantas e cuidados com umidade<\/strong>. A seguir, reunimos respostas diretas e objetivas para as perguntas mais comuns sobre o tema de jardins verticais compactos para interiores de microcasas.<\/p>\n\n\n\n<hr class=\"wp-block-separator has-alpha-channel-opacity\"\/>\n\n\n\n<h3 id='quais-s\u00e3o-as-melhores-plantas-para-um-jardim-vertical-em-interiores-pequenos'  class=\"wp-block-heading\"><strong>Quais s\u00e3o as melhores plantas para um jardim vertical em interiores pequenos?<\/strong><\/h3>\n\n\n\n<p>As melhores op\u00e7\u00f5es s\u00e3o <strong>plantas resistentes, de baixa manuten\u00e7\u00e3o e adapt\u00e1veis \u00e0 luz indireta<\/strong>. Algumas das mais indicadas s\u00e3o:<\/p>\n\n\n\n<p>\u2705 <strong>Espada-de-S\u00e3o-Jorge<\/strong> \u2013 Pouca rega e \u00f3tima purificadora de ar.<br>\u2705 <strong>Jiboia<\/strong> \u2013 Cresce bem em suportes verticais e tolera ambientes internos.<br>\u2705 <strong>Samambaia<\/strong> \u2013 Ajuda na umidade do ambiente e se adapta bem a prateleiras suspensas.<br>\u2705 <strong>L\u00edrio-da-paz<\/strong> \u2013 Ideal para purificar o ar e manter o frescor do espa\u00e7o.<\/p>\n\n\n\n<hr class=\"wp-block-separator has-alpha-channel-opacity\"\/>\n\n\n\n<h3 id='como-evitar-umidade-excessiva-em-jardins-verticais-dentro-da-microcasa'  class=\"wp-block-heading\"><strong>Como evitar umidade excessiva em jardins verticais dentro da microcasa?<\/strong><\/h3>\n\n\n\n<p>\ud83d\udd39 Escolha um <strong>sistema de drenagem eficiente<\/strong>, como vasos autoirrig\u00e1veis ou feltros imperme\u00e1veis.<br>\ud83d\udd39 Evite regar em excesso e prefira <strong>rega por borrifa\u00e7\u00e3o<\/strong> em plantas que exigem pouca \u00e1gua.<br>\ud83d\udd39 Instale o jardim em uma <strong>parede bem ventilada<\/strong> para evitar mofo.<\/p>\n\n\n\n<hr class=\"wp-block-separator has-alpha-channel-opacity\"\/>\n\n\n\n<h3 id='\u00e9-poss\u00edvel-montar-um-jardim-vertical-sem-precisar-de-manuten\u00e7\u00e3o-constante'  class=\"wp-block-heading\"><strong>\u00c9 poss\u00edvel montar um jardim vertical sem precisar de manuten\u00e7\u00e3o constante?<\/strong><\/h3>\n\n\n\n<p>Sim! Opte por plantas que demandam <strong>rega espor\u00e1dica e pouca poda<\/strong>, como cactos, suculentas e zamioculcas. Tamb\u00e9m \u00e9 poss\u00edvel instalar <strong>um sistema de irriga\u00e7\u00e3o autom\u00e1tica<\/strong> para reduzir a necessidade de manuten\u00e7\u00e3o manual.<\/p>\n\n\n\n<hr class=\"wp-block-separator has-alpha-channel-opacity\"\/>\n\n\n\n<h3 id='jardins-verticais-internos-atraem-insetos-como-evit\u00e1-los'  class=\"wp-block-heading\"><strong>Jardins verticais internos atraem insetos? Como evit\u00e1-los?<\/strong><\/h3>\n\n\n\n<p>Podem atrair insetos, mas \u00e9 poss\u00edvel evit\u00e1-los com <strong>cuidados simples<\/strong>:<\/p>\n\n\n\n<p>\u2705 N\u00e3o regar em excesso para evitar o ac\u00famulo de \u00e1gua.<br>\u2705 Usar <strong>plantas repelentes<\/strong>, como alecrim e lavanda.<br>\u2705 Limpar as folhas regularmente para evitar o ac\u00famulo de poeira e res\u00edduos.<\/p>\n\n\n\n<hr class=\"wp-block-separator has-alpha-channel-opacity\"\/>\n\n\n\n<h3 id='quais-s\u00e3o-as-op\u00e7\u00f5es-mais-acess\u00edveis-e-f\u00e1ceis-de-instalar-para-iniciantes'  class=\"wp-block-heading\"><strong>Quais s\u00e3o as op\u00e7\u00f5es mais acess\u00edveis e f\u00e1ceis de instalar para iniciantes?<\/strong><\/h3>\n\n\n\n<p>Para quem est\u00e1 come\u00e7ando, algumas op\u00e7\u00f5es pr\u00e1ticas e econ\u00f4micas incluem:<\/p>\n\n\n\n<p>\ud83d\udd39 <strong>Prateleiras de madeira<\/strong> para acomodar pequenos vasos.<br>\ud83d\udd39 <strong>Pain\u00e9is de feltro com bols\u00f5es<\/strong>, que facilitam a rega.<br>\ud83d\udd39 <strong>Jardins suspensos com suportes de corda<\/strong>, f\u00e1ceis de fixar sem necessidade de furar paredes.<\/p>\n\n\n\n<p>Voc\u00ea pode se informar mais sobre materiais em nosso artigo sobre <a href=\"https:\/\/1truenote.com\/en\/quais-sao-os-materiais-reciclados-para-construir-microcasas-em-areas-rurais-isoladas\/\" data-type=\"link\" data-id=\"https:\/\/1truenote.com\/quais-sao-os-materiais-reciclados-para-construir-microcasas-em-areas-rurais-isoladas\/\">quais s\u00e3o os materiais reciclados para construir microcasas em \u00e1reas rurais isoladas<\/a>!<\/p>","protected":false},"excerpt":{"rendered":"<p>Qual o conceito de jardins verticais compactos e sua import\u00e2ncia para microcasas? O que s\u00e3o jardins verticais compactos para interiores&#8230;<\/p>","protected":false},"author":1,"featured_media":693,"comment_status":"open","ping_status":"open","sticky":false,"template":"","format":"standard","meta":{"_kad_post_transparent":"","_kad_post_title":"","_kad_post_layout":"","_kad_post_sidebar_id":"","_kad_post_content_style":"","_kad_post_vertical_padding":"","_kad_post_feature":"","_kad_post_feature_position":"","_kad_post_header":false,"_kad_post_footer":false,"_kad_post_classname":"","footnotes":"","jetpack_publicize_message":"","jetpack_publicize_feature_enabled":true,"jetpack_social_post_already_shared":false,"jetpack_social_options":{"image_generator_settings":{"template":"highway","default_image_id":0,"font":"","enabled":false},"version":2}},"categories":[16,9],"tags":[13],"class_list":["post-692","post","type-post","status-publish","format-standard","has-post-thumbnail","hentry","category-casa-e-jardim","category-lazer","tag-minimalista"],"jetpack_publicize_connections":[],"jetpack_featured_media_url":"https:\/\/i0.wp.com\/1truenote.com\/wp-content\/uploads\/2025\/03\/image-e1742489791964.png?fit=1024%2C683&ssl=1","jetpack_sharing_enabled":true,"_links":{"self":[{"href":"https:\/\/1truenote.com\/en\/wp-json\/wp\/v2\/posts\/692","targetHints":{"allow":["GET"]}}],"collection":[{"href":"https:\/\/1truenote.com\/en\/wp-json\/wp\/v2\/posts"}],"about":[{"href":"https:\/\/1truenote.com\/en\/wp-json\/wp\/v2\/types\/post"}],"author":[{"embeddable":true,"href":"https:\/\/1truenote.com\/en\/wp-json\/wp\/v2\/users\/1"}],"replies":[{"embeddable":true,"href":"https:\/\/1truenote.com\/en\/wp-json\/wp\/v2\/comments?post=692"}],"version-history":[{"count":1,"href":"https:\/\/1truenote.com\/en\/wp-json\/wp\/v2\/posts\/692\/revisions"}],"predecessor-version":[{"id":4259,"href":"https:\/\/1truenote.com\/en\/wp-json\/wp\/v2\/posts\/692\/revisions\/4259"}],"wp:featuredmedia":[{"embeddable":true,"href":"https:\/\/1truenote.com\/en\/wp-json\/wp\/v2\/media\/693"}],"wp:attachment":[{"href":"https:\/\/1truenote.com\/en\/wp-json\/wp\/v2\/media?parent=692"}],"wp:term":[{"taxonomy":"category","embeddable":true,"href":"https:\/\/1truenote.com\/en\/wp-json\/wp\/v2\/categories?post=692"},{"taxonomy":"post_tag","embeddable":true,"href":"https:\/\/1truenote.com\/en\/wp-json\/wp\/v2\/tags?post=692"}],"curies":[{"name":"wp","href":"https:\/\/api.w.org\/{rel}","templated":true}]}}