{"id":658,"date":"2025-03-11T19:16:59","date_gmt":"2025-03-11T19:16:59","guid":{"rendered":"https:\/\/1truenote.com\/?p=658"},"modified":"2025-04-21T17:09:48","modified_gmt":"2025-04-21T17:09:48","slug":"camas-dobraveis-embutidas-para-microcasas-compactas","status":"publish","type":"post","link":"https:\/\/1truenote.com\/en\/camas-dobraveis-embutidas-para-microcasas-compactas\/","title":{"rendered":"Camas dobr\u00e1veis embutidas para microcasas compactas"},"content":{"rendered":"<h2 id='camas-dobr\u00e1veis-embutidas-a-solu\u00e7\u00e3o-inteligente-para-otimizar-espa\u00e7os-em-microcasas'  class=\"wp-block-heading\"><strong>Camas dobr\u00e1veis embutidas: a solu\u00e7\u00e3o inteligente para otimizar espa\u00e7os em microcasas<\/strong><\/h2>\n\n\n\n<p>Viver em uma microcasa <strong>exige planejamento e criatividade na escolha do mobili\u00e1rio<\/strong>. Cada cent\u00edmetro precisa ser <strong>bem aproveitado<\/strong> para garantir <strong>conforto, funcionalidade e organiza\u00e7\u00e3o<\/strong>.<\/p>\n\n\n\n<p>Um dos maiores desafios nesses ambientes compactos <strong>\u00e9 a disposi\u00e7\u00e3o da cama<\/strong>, j\u00e1 que ela ocupa um espa\u00e7o significativo e, muitas vezes, n\u00e3o est\u00e1 em uso durante boa parte do dia.<\/p>\n\n\n\n<p>\u00c9 nesse contexto que as <strong>camas dobr\u00e1veis embutidas<\/strong> surgem como uma <strong>solu\u00e7\u00e3o inteligente e vers\u00e1til<\/strong>. Elas permitem que o quarto <strong>se transforme em outro ambiente durante o dia<\/strong>, otimizando a \u00e1rea dispon\u00edvel sem comprometer a est\u00e9tica ou o conforto.<\/p>\n\n\n\n<p>Neste artigo, falamos <strong>as vantagens desse tipo de cama, os diferentes modelos dispon\u00edveis e estrat\u00e9gias para integr\u00e1-las ao design da microcasa<\/strong>, tornando o espa\u00e7o <strong>mais funcional, pr\u00e1tico e adapt\u00e1vel \u00e0s necessidades do dia a dia<\/strong>. \ud83d\ude80\ud83c\udfe1<\/p>\n\n\n\n<hr class=\"wp-block-separator has-alpha-channel-opacity\"\/>\n\n\n\n<h2 id='benef\u00edcios-das-camas-dobr\u00e1veis-embutidas-para-microcasas-compactas'  class=\"wp-block-heading\"><strong>Benef\u00edcios das camas dobr\u00e1veis embutidas para microcasas compactas<\/strong><\/h2>\n\n\n\n<p>Em uma microcasa, <strong>cada cent\u00edmetro deve ser aproveitado ao m\u00e1ximo<\/strong>. Escolher m\u00f3veis multifuncionais faz toda a diferen\u00e7a para criar um ambiente <strong>funcional, confort\u00e1vel e bem-organizado<\/strong>.<\/p>\n\n\n\n<p>As <strong>camas dobr\u00e1veis embutidas<\/strong> s\u00e3o uma solu\u00e7\u00e3o inteligente para quem deseja <strong>economizar espa\u00e7o sem abrir m\u00e3o do conforto<\/strong>, garantindo que o ambiente se adapte \u00e0s diferentes necessidades do dia a dia.<\/p>\n\n\n\n<p>Confira os <strong>principais benef\u00edcios desse tipo de cama<\/strong> e como ela pode transformar o layout de uma microcasa.<\/p>\n\n\n\n<hr class=\"wp-block-separator has-alpha-channel-opacity\"\/>\n\n\n\n<h2 id='maximiza\u00e7\u00e3o-do-espa\u00e7o-sem-comprometer-o-conforto'  class=\"wp-block-heading\"><strong>Maximiza\u00e7\u00e3o do espa\u00e7o sem comprometer o conforto<\/strong><\/h2>\n\n\n\n<p>O maior desafio em microcasas \u00e9 <strong>manter um ambiente amplo e bem distribu\u00eddo<\/strong> sem perder conforto. As camas dobr\u00e1veis embutidas resolvem esse problema <strong>liberando espa\u00e7o durante o dia<\/strong> e proporcionando uma \u00e1rea de descanso confort\u00e1vel \u00e0 noite.<\/p>\n\n\n\n<h3 id='\ud83d\udccd-por-que-essa-solu\u00e7\u00e3o-\u00e9-eficiente'  class=\"wp-block-heading\">\ud83d\udccd <strong>Por que essa solu\u00e7\u00e3o \u00e9 eficiente?<\/strong><\/h3>\n\n\n\n<p>\u2705 <strong>Aproveita melhor a metragem do ambiente<\/strong>, permitindo a utiliza\u00e7\u00e3o do espa\u00e7o para outras fun\u00e7\u00f5es quando a cama n\u00e3o estiver em uso.<br>\u2705 <strong>Evita sensa\u00e7\u00e3o de aperto<\/strong>, criando uma circula\u00e7\u00e3o mais fluida dentro da microcasa.<br>\u2705 <strong>Possibilita um ambiente vers\u00e1til<\/strong>, permitindo que o espa\u00e7o onde a cama est\u00e1 instalada seja utilizado de diferentes formas ao longo do dia.<\/p>\n\n\n\n<p>\ud83d\udccc <strong>Dica extra:<\/strong> \ud83c\udfe1 <strong>Modelos embutidos com colch\u00f5es de alta densidade garantem conforto igual ao de uma cama tradicional, sem comprometer a ergonomia.<\/strong><\/p>\n\n\n\n<hr class=\"wp-block-separator has-alpha-channel-opacity\"\/>\n\n\n\n<h2 id='multifuncionalidade-como-integrar-o-quarto-a-outros-ambientes'  class=\"wp-block-heading\"><strong>Multifuncionalidade: como integrar o quarto a outros ambientes<\/strong><\/h2>\n\n\n\n<p>Em uma microcasa, o quarto n\u00e3o precisa ser <strong>exclusivamente um espa\u00e7o de descanso<\/strong>. Com a escolha certa de mobili\u00e1rio, <strong>o mesmo ambiente pode servir como sala, escrit\u00f3rio ou \u00e1rea de lazer<\/strong>, trazendo <strong>mais funcionalidade ao dia a dia<\/strong>.<\/p>\n\n\n\n<h3 id='\ud83d\udccd-exemplos-de-como-integrar-a-cama-dobr\u00e1vel-a-outros-ambientes'  class=\"wp-block-heading\">\ud83d\udccd <strong>Exemplos de como integrar a cama dobr\u00e1vel a outros ambientes:<\/strong><\/h3>\n\n\n\n<p>\u2714 <strong>Sala de estar + quarto<\/strong> \u2013 Durante o dia, a cama fica embutida e o espa\u00e7o funciona como uma sala. \u00c0 noite, a cama \u00e9 aberta, transformando o ambiente em um quarto aconchegante.<br>\u2714 <strong>Escrit\u00f3rio + quarto<\/strong> \u2013 Algumas camas embutidas v\u00eam com <strong>mesas dobr\u00e1veis acopladas<\/strong>, permitindo que o espa\u00e7o seja utilizado para trabalho ou estudo.<br>\u2714 <strong>Espa\u00e7o de armazenamento<\/strong> \u2013 Modelos que incluem <strong>nichos e arm\u00e1rios embutidos<\/strong> otimizam ainda mais o ambiente, permitindo o armazenamento de roupas e objetos sem comprometer a \u00e1rea \u00fatil da casa.<\/p>\n\n\n\n<p>\ud83d\udccc <strong>Dica pr\u00e1tica:<\/strong> \ud83c\udfaf <strong>Se sua microcasa \u00e9 compartilhada, modelos que transformam o ambiente de maneira r\u00e1pida e discreta s\u00e3o ideais para manter a privacidade e a organiza\u00e7\u00e3o.<\/strong><\/p>\n\n\n\n<hr class=\"wp-block-separator has-alpha-channel-opacity\"\/>\n\n\n\n<h2 id='facilidade-de-manuten\u00e7\u00e3o-e-organiza\u00e7\u00e3o-em-espa\u00e7os-reduzidos'  class=\"wp-block-heading\"><strong>Facilidade de manuten\u00e7\u00e3o e organiza\u00e7\u00e3o em espa\u00e7os reduzidos<\/strong><\/h2>\n\n\n\n<p>Al\u00e9m de economizar espa\u00e7o, <strong>as camas dobr\u00e1veis embutidas tamb\u00e9m facilitam a organiza\u00e7\u00e3o e a manuten\u00e7\u00e3o do ambiente<\/strong>.<\/p>\n\n\n\n<h3 id='\ud83d\udccd-vantagens-desse-tipo-de-cama-para-manter-a-microcasa-sempre-arrumada'  class=\"wp-block-heading\">\ud83d\udccd <strong>Vantagens desse tipo de cama para manter a microcasa sempre arrumada:<\/strong><\/h3>\n\n\n\n<p>\u2705 <strong>Menos ac\u00famulo de poeira e sujeira<\/strong>, j\u00e1 que a estrutura embutida reduz os espa\u00e7os onde a poeira pode se acumular.<br>\u2705 <strong>Facilidade na limpeza di\u00e1ria<\/strong>, pois o ambiente fica mais livre para varrer, aspirar ou passar pano.<br>\u2705 <strong>Est\u00e9tica sempre organizada<\/strong>, j\u00e1 que a cama pode ser recolhida rapidamente, deixando o espa\u00e7o sempre pronto para diferentes usos.<\/p>\n\n\n\n<p>\ud83d\udccc <strong>Dica extra:<\/strong> \ud83e\uddf9 <strong>Opte por modelos com revestimentos f\u00e1ceis de limpar e mecanismos de abertura seguros, garantindo durabilidade e praticidade.<\/strong><\/p>\n\n\n\n<hr class=\"wp-block-separator has-alpha-channel-opacity\"\/>\n\n\n\n<h2 id='mais-conforto-e-efici\u00eancia-para-a-sua-microcasa'  class=\"wp-block-heading\"><strong>Mais conforto e efici\u00eancia para a sua microcasa<\/strong><\/h2>\n\n\n\n<p>As camas dobr\u00e1veis embutidas <strong>s\u00e3o mais do que um simples m\u00f3vel \u2013 s\u00e3o uma solu\u00e7\u00e3o inteligente para otimizar espa\u00e7os compactos sem comprometer conforto, organiza\u00e7\u00e3o e funcionalidade<\/strong>.<\/p>\n\n\n\n<p>\u2728 <strong>Resumo dos principais benef\u00edcios:<\/strong><\/p>\n\n\n\n<p>\u2714 <strong>Economia de espa\u00e7o<\/strong> \u2013 Permite que o ambiente seja utilizado para diferentes finalidades.<br>\u2714 <strong>Multifuncionalidade<\/strong> \u2013 Torna poss\u00edvel integrar o quarto a outros ambientes da casa.<br>\u2714 <strong>F\u00e1cil manuten\u00e7\u00e3o e organiza\u00e7\u00e3o<\/strong> \u2013 Mant\u00e9m o espa\u00e7o sempre limpo e pronto para o uso.<\/p>\n\n\n\n<hr class=\"wp-block-separator has-alpha-channel-opacity\"\/>\n\n\n\n<h2 id='tipos-de-camas-dobr\u00e1veis-embutidas-e-como-escolher-a-ideal'  class=\"wp-block-heading\"><strong>Tipos de camas dobr\u00e1veis embutidas e como escolher a ideal<\/strong><\/h2>\n\n\n\n<p>Escolher a cama certa para uma microcasa <strong>faz toda a diferen\u00e7a na otimiza\u00e7\u00e3o do espa\u00e7o e na funcionalidade do ambiente<\/strong>.<\/p>\n\n\n\n<p>Com os modelos de <strong>camas dobr\u00e1veis embutidas<\/strong>, \u00e9 poss\u00edvel garantir <strong>conforto durante a noite e praticidade durante o dia<\/strong>, transformando o ambiente conforme a necessidade.<\/p>\n\n\n\n<p>Mas com tantas op\u00e7\u00f5es dispon\u00edveis, <strong>qual delas \u00e9 a melhor para o seu espa\u00e7o?<\/strong><\/p>\n\n\n\n<p>A seguir, apresentamos os principais tipos de camas dobr\u00e1veis embutidas e como escolher a ideal para a sua microcasa.<\/p>\n\n\n\n<hr class=\"wp-block-separator has-alpha-channel-opacity\"\/>\n\n\n\n<h2 id='camas-verticais-retr\u00e1teis-economia-de-espa\u00e7o-e-integra\u00e7\u00e3o-com-arm\u00e1rios'  class=\"wp-block-heading\"><strong>Camas verticais retr\u00e1teis: economia de espa\u00e7o e integra\u00e7\u00e3o com arm\u00e1rios<\/strong><\/h2>\n\n\n\n<p>As camas verticais retr\u00e1teis <strong>s\u00e3o uma das op\u00e7\u00f5es mais populares para microcasas<\/strong>. Elas ficam embutidas em um arm\u00e1rio ou painel e podem ser recolhidas para liberar espa\u00e7o quando n\u00e3o est\u00e3o em uso.<\/p>\n\n\n\n<h3 id='\ud83d\udccd-vantagens-desse-modelo'  class=\"wp-block-heading\">\ud83d\udccd <strong>Vantagens desse modelo:<\/strong><\/h3>\n\n\n\n<p>\u2705 <strong>Ideal para quem deseja manter um ambiente amplo durante o dia<\/strong>.<br>\u2705 <strong>Integra\u00e7\u00e3o com estantes e arm\u00e1rios embutidos<\/strong>, aproveitando a estrutura como espa\u00e7o de armazenamento.<br>\u2705 <strong>F\u00e1cil de abrir e fechar<\/strong>, com mecanismos que reduzem o esfor\u00e7o ao levantar a cama.<\/p>\n\n\n\n<p>\ud83d\udccc <strong>Melhor op\u00e7\u00e3o para:<\/strong> Quem precisa de um espa\u00e7o vers\u00e1til, como uma sala que se transforma em quarto.<\/p>\n\n\n\n<hr class=\"wp-block-separator has-alpha-channel-opacity\"\/>\n\n\n\n<h2 id='camas-horizontais-embutidas-ideais-para-tetos-baixos-e-ambientes-estreitos'  class=\"wp-block-heading\"><strong>Camas horizontais embutidas: ideais para tetos baixos e ambientes estreitos<\/strong><\/h2>\n\n\n\n<p>Diferente das verticais, as camas horizontais embutidas <strong>se recolhem lateralmente<\/strong>, exigindo menos altura para serem instaladas.<\/p>\n\n\n\n<h3 id='\ud83d\udccd-principais-benef\u00edcios'  class=\"wp-block-heading\">\ud83d\udccd <strong>Principais benef\u00edcios:<\/strong><\/h3>\n\n\n\n<p>\u2705 <strong>Perfeitas para tetos baixos<\/strong> ou espa\u00e7os mais estreitos.<br>\u2705 <strong>F\u00e1cil acesso e praticidade<\/strong>, pois o movimento de abrir e fechar exige menos esfor\u00e7o.<br>\u2705 <strong>Pode ser combinada com estantes e prateleiras<\/strong>, mantendo a organiza\u00e7\u00e3o do ambiente.<\/p>\n\n\n\n<p>\ud83d\udccc <strong>Melhor op\u00e7\u00e3o para:<\/strong> Microcasas com p\u00e9-direito baixo ou layouts mais estreitos, onde uma cama vertical n\u00e3o caberia bem.<\/p>\n\n\n\n<hr class=\"wp-block-separator has-alpha-channel-opacity\"\/>\n\n\n\n<h2 id='camas-de-parede-com-mesa-acoplada-solu\u00e7\u00e3o-h\u00edbrida-para-quem-trabalha-em-casa'  class=\"wp-block-heading\"><strong>Camas de parede com mesa acoplada: solu\u00e7\u00e3o h\u00edbrida para quem trabalha em casa<\/strong><\/h2>\n\n\n\n<p>Para quem busca <strong>um ambiente multifuncional<\/strong>, as camas dobr\u00e1veis com mesa embutida s\u00e3o uma excelente alternativa. Durante o dia, a mesa pode ser utilizada para trabalho ou refei\u00e7\u00f5es, e \u00e0 noite, a estrutura se transforma em cama.<\/p>\n\n\n\n<h3 id='\ud83d\udccd-por-que-esse-modelo-se-destaca'  class=\"wp-block-heading\">\ud83d\udccd <strong>Por que esse modelo se destaca?<\/strong><\/h3>\n\n\n\n<p>\u2705 <strong>Perfeito para quem precisa de um home office sem ocupar espa\u00e7o extra<\/strong>.<br>\u2705 <strong>Solu\u00e7\u00e3o inteligente para pequenos apartamentos ou microcasas<\/strong>.<br>\u2705 <strong>Mant\u00e9m a organiza\u00e7\u00e3o e o aproveitamento do espa\u00e7o sem comprometer a est\u00e9tica<\/strong>.<\/p>\n\n\n\n<p>\ud83d\udccc <strong>Melhor op\u00e7\u00e3o para:<\/strong> Quem precisa combinar espa\u00e7o de trabalho e dormit\u00f3rio no mesmo ambiente sem perder conforto.<\/p>\n\n\n\n<hr class=\"wp-block-separator has-alpha-channel-opacity\"\/>\n\n\n\n<h2 id='camas-tipo-gaveta-ou-suspensas-op\u00e7\u00f5es-para-microcasas-sobre-rodas'  class=\"wp-block-heading\"><strong>Camas tipo gaveta ou suspensas: op\u00e7\u00f5es para microcasas sobre rodas<\/strong><\/h2>\n\n\n\n<p>Microcasas sobre rodas ou ambientes extremamente compactos podem exigir solu\u00e7\u00f5es ainda mais criativas, como <strong>camas suspensas ou tipo gaveta<\/strong>.<\/p>\n\n\n\n<h3 id='\ud83d\udccd-principais-vantagens-desse-modelo'  class=\"wp-block-heading\">\ud83d\udccd <strong>Principais vantagens desse modelo:<\/strong><\/h3>\n\n\n\n<p>\u2705 <strong>Camas tipo gaveta<\/strong> podem ser puxadas debaixo de outra estrutura, como um sof\u00e1 ou bancada.<br>\u2705 <strong>Modelos suspensos permitem que a cama fique elevada<\/strong>, liberando espa\u00e7o no ch\u00e3o para armazenamento ou outras fun\u00e7\u00f5es.<br>\u2705 <strong>Funcionam bem em layouts flex\u00edveis<\/strong>, permitindo que o ambiente seja ajustado ao longo do dia.<\/p>\n\n\n\n<p>\ud83d\udccc <strong>Melhor op\u00e7\u00e3o para:<\/strong> Microcasas m\u00f3veis ou para quem deseja manter o m\u00e1ximo de espa\u00e7o livre durante o dia.<\/p>\n\n\n\n<hr class=\"wp-block-separator has-alpha-channel-opacity\"\/>\n\n\n\n<h2 id='como-escolher-a-cama-dobr\u00e1vel-embutida-ideal-para-a-sua-microcasa'  class=\"wp-block-heading\"><strong>Como escolher a cama dobr\u00e1vel embutida ideal para a sua microcasa?<\/strong><\/h2>\n\n\n\n<p>Cada modelo de cama dobr\u00e1vel embutida <strong>oferece benef\u00edcios \u00fanicos<\/strong>, e a escolha ideal depende do <strong>layout do ambiente e da rotina do morador<\/strong>.<\/p>\n\n\n\n<h3 id='\ud83d\udccd-o-que-considerar-antes-de-escolher'  class=\"wp-block-heading\">\ud83d\udccd <strong>O que considerar antes de escolher?<\/strong><\/h3>\n\n\n\n<p>\u2714 <strong>Espa\u00e7o dispon\u00edvel<\/strong> \u2013 Verifique se o modelo cabe no ambiente sem comprometer a circula\u00e7\u00e3o.<br>\u2714 <strong>Funcionalidade<\/strong> \u2013 Defina se a cama precisa ser integrada a outros m\u00f3veis, como arm\u00e1rios ou mesas.<br>\u2714 <strong>Facilidade de uso<\/strong> \u2013 Escolha um mecanismo pr\u00e1tico e dur\u00e1vel para abrir e fechar a cama com facilidade.<br>\u2714 <strong>Est\u00e9tica e design<\/strong> \u2013 Opte por um modelo que harmonize com o restante do espa\u00e7o.<\/p>\n\n\n\n<p>Com essas informa\u00e7\u00f5es, <strong>fica mais f\u00e1cil encontrar a cama ideal para otimizar sua microcasa<\/strong>, garantindo conforto e praticidade no dia a dia! \ud83d\ude80\ud83c\udfe1<\/p>\n\n\n\n<hr class=\"wp-block-separator has-alpha-channel-opacity\"\/>\n\n\n\n<h2 id='materiais-e-mecanismos-para-maior-durabilidade-e-praticidade-em-camas-dobr\u00e1veis-embutidas'  class=\"wp-block-heading\"><strong>Materiais e mecanismos para maior durabilidade e praticidade em camas dobr\u00e1veis embutidas<\/strong><\/h2>\n\n\n\n<p>As <strong>camas dobr\u00e1veis embutidas<\/strong> s\u00e3o projetadas para otimizar espa\u00e7os em microcasas, mas para garantir que sejam <strong>dur\u00e1veis, seguras e confort\u00e1veis<\/strong>, \u00e9 fundamental escolher <strong>materiais resistentes e mecanismos eficientes<\/strong>.<\/p>\n\n\n\n<p>Um m\u00f3vel com estrutura fr\u00e1gil ou um sistema de abertura mal planejado pode gerar <strong>desgastes prematuros, dificuldade de uso e at\u00e9 riscos estruturais<\/strong>.<\/p>\n\n\n\n<p>Neste guia, exploramos <strong>as melhores op\u00e7\u00f5es de materiais, os mecanismos ideais para maior praticidade e como escolher um colch\u00e3o que proporcione conforto sem comprometer a funcionalidade da cama<\/strong>.<\/p>\n\n\n\n<hr class=\"wp-block-separator has-alpha-channel-opacity\"\/>\n\n\n\n<h2 id='estruturas-de-madeira-ou-metal-qual-a-melhor-op\u00e7\u00e3o'  class=\"wp-block-heading\"><strong>Estruturas de madeira ou metal: qual a melhor op\u00e7\u00e3o?<\/strong><\/h2>\n\n\n\n<p>A base da cama dobr\u00e1vel <strong>influencia diretamente na durabilidade e estabilidade do m\u00f3vel<\/strong>. Tanto a madeira quanto o metal oferecem vantagens, mas a escolha depende do estilo da microcasa e da necessidade do usu\u00e1rio.<\/p>\n\n\n\n<h3 id='\ud83d\udccd-compara\u00e7\u00e3o-entre-madeira-e-metal'  class=\"wp-block-heading\">\ud83d\udccd <strong>Compara\u00e7\u00e3o entre madeira e metal:<\/strong><\/h3>\n\n\n\n<p>\u2705 <strong>Madeira maci\u00e7a ou compensada<\/strong><br>\u2714 Est\u00e9tica mais sofisticada, ideal para quem deseja um acabamento elegante.<br>\u2714 Proporciona maior sensa\u00e7\u00e3o de aconchego e conforto t\u00e9rmico.<br>\u2714 Boa resist\u00eancia quando bem tratada, mas pode ser mais pesada para manuseio.<\/p>\n\n\n\n<p>\u2705 <strong>Estrutura met\u00e1lica (a\u00e7o carbono ou alum\u00ednio)<\/strong><br>\u2714 Maior durabilidade e resist\u00eancia ao tempo.<br>\u2714 Estruturas met\u00e1licas s\u00e3o mais leves e facilitam a abertura e fechamento.<br>\u2714 Resistente a cupins e umidade, ideal para ambientes com varia\u00e7\u00f5es clim\u00e1ticas.<\/p>\n\n\n\n<p>\ud83d\udccc <strong>Dica pr\u00e1tica:<\/strong> \ud83d\udee0\ufe0f <strong>Para maior equil\u00edbrio, uma estrutura h\u00edbrida pode ser a melhor escolha: madeira na parte externa para est\u00e9tica e metal no suporte interno para resist\u00eancia.<\/strong><\/p>\n\n\n\n<hr class=\"wp-block-separator has-alpha-channel-opacity\"\/>\n\n\n\n<h2 id='sistemas-de-dobradi\u00e7as-e-amortecedores-para-evitar-desgastes'  class=\"wp-block-heading\"><strong>Sistemas de dobradi\u00e7as e amortecedores para evitar desgastes<\/strong><\/h2>\n\n\n\n<p>O mecanismo de abertura e fechamento <strong>\u00e9 o cora\u00e7\u00e3o de uma cama dobr\u00e1vel embutida<\/strong>. Se n\u00e3o for bem planejado, pode gerar <strong>ru\u00eddos, travamentos e dificuldades no manuseio<\/strong>.<\/p>\n\n\n\n<h3 id='\ud83d\udccd-mecanismos-essenciais-para-durabilidade-e-praticidade'  class=\"wp-block-heading\">\ud83d\udccd <strong>Mecanismos essenciais para durabilidade e praticidade:<\/strong><\/h3>\n\n\n\n<p>\u2705 <strong>Dobradi\u00e7as refor\u00e7adas com a\u00e7o inoxid\u00e1vel<\/strong> \u2013 Reduzem desgaste com o tempo e evitam ferrugem.<br>\u2705 <strong>Molas de compensa\u00e7\u00e3o ou pist\u00f5es a g\u00e1s<\/strong> \u2013 Facilitam a abertura e evitam quedas bruscas da estrutura.<br>\u2705 <strong>Travas de seguran\u00e7a<\/strong> \u2013 Impedem que a cama se abra sozinha, aumentando a seguran\u00e7a.<br>\u2705 <strong>Rolamentos deslizantes silenciosos<\/strong> \u2013 Evitam ru\u00eddos inc\u00f4modos e garantem suavidade no movimento.<\/p>\n\n\n\n<p>\ud83d\udccc <strong>Dica extra:<\/strong> \ud83d\udd27 <strong>Lubrificar dobradi\u00e7as a cada 6 meses evita travamentos e prolonga a vida \u00fatil do mecanismo.<\/strong><\/p>\n\n\n\n<hr class=\"wp-block-separator has-alpha-channel-opacity\"\/>\n\n\n\n<h2 id='cuidados-na-escolha-do-colch\u00e3o-para-conforto-e-suporte-adequado'  class=\"wp-block-heading\"><strong>Cuidados na escolha do colch\u00e3o para conforto e suporte adequado<\/strong><\/h2>\n\n\n\n<p>O colch\u00e3o \u00e9 um fator essencial para garantir <strong>uma boa noite de sono sem comprometer a funcionalidade da cama dobr\u00e1vel<\/strong>. Diferente de camas tradicionais, as embutidas <strong>precisam de um colch\u00e3o que seja leve e compat\u00edvel com o mecanismo de fechamento<\/strong>.<\/p>\n\n\n\n<h3 id='\ud83d\udccd-caracter\u00edsticas-do-colch\u00e3o-ideal'  class=\"wp-block-heading\">\ud83d\udccd <strong>Caracter\u00edsticas do colch\u00e3o ideal:<\/strong><\/h3>\n\n\n\n<p>\u2705 <strong>Altura adequada (m\u00e1x. 20 cm)<\/strong> \u2013 Espessuras maiores podem dificultar o fechamento da cama.<br>\u2705 <strong>Colch\u00e3o de espuma de densidade m\u00e9dia (D28 a D33)<\/strong> \u2013 Equilibra conforto e leveza, sem sobrecarregar o sistema.<br>\u2705 <strong>Modelos com ventila\u00e7\u00e3o interna<\/strong> \u2013 Evitam o ac\u00famulo de umidade e mofo quando a cama estiver fechada.<br>\u2705 <strong>Op\u00e7\u00e3o dobr\u00e1vel (caso necess\u00e1rio)<\/strong> \u2013 Alguns modelos de camas embutidas exigem colch\u00f5es flex\u00edveis para fechamento adequado.<\/p>\n\n\n\n<p>\ud83d\udccc <strong>Dica pr\u00e1tica:<\/strong> \ud83d\udca4 <strong>Se a cama dobr\u00e1vel for usada diariamente, invista em um colch\u00e3o de qualidade para evitar desconforto ou dores posturais.<\/strong><\/p>\n\n\n\n<hr class=\"wp-block-separator has-alpha-channel-opacity\"\/>\n\n\n\n<h2 id='como-garantir-uma-cama-dobr\u00e1vel-embutida-dur\u00e1vel-e-funcional'  class=\"wp-block-heading\"><strong>Como garantir uma cama dobr\u00e1vel embutida dur\u00e1vel e funcional?<\/strong><\/h2>\n\n\n\n<p>A escolha dos materiais e mecanismos certos <strong>faz toda a diferen\u00e7a na durabilidade e conforto da cama embutida<\/strong>. Um m\u00f3vel bem planejado <strong>evita desgastes, facilita o uso no dia a dia e garante um ambiente mais organizado e pr\u00e1tico<\/strong>.<\/p>\n\n\n\n<h3 id='resumo-das-melhores-pr\u00e1ticas'  class=\"wp-block-heading\"><strong>Resumo das melhores pr\u00e1ticas:<\/strong><\/h3>\n\n\n\n<p>\u2714 <strong>Estrutura h\u00edbrida (madeira + metal) equilibra resist\u00eancia e est\u00e9tica.<\/strong><br>\u2714 <strong>Dobradi\u00e7as refor\u00e7adas, amortecedores a g\u00e1s e rolamentos deslizantes garantem suavidade e seguran\u00e7a.<\/strong><br>\u2714 <strong>Escolher um colch\u00e3o leve e ventilado evita problemas de encaixe e umidade.<\/strong><br>\u2714 <strong>Manuten\u00e7\u00e3o preventiva nos mecanismos aumenta a vida \u00fatil do m\u00f3vel.<\/strong><\/p>\n\n\n\n<hr class=\"wp-block-separator has-alpha-channel-opacity\"\/>\n\n\n\n<h2 id='como-integrar-camas-embutidas-ao-design-da-microcasa'  class=\"wp-block-heading\"><strong>Como integrar camas embutidas ao design da microcasa<\/strong><\/h2>\n\n\n\n<p>Em uma microcasa, cada elemento do mobili\u00e1rio deve ser pensado para <strong>maximizar o espa\u00e7o sem comprometer o conforto e a est\u00e9tica do ambiente<\/strong>.<\/p>\n\n\n\n<p>As <strong>camas embutidas dobr\u00e1veis<\/strong> s\u00e3o uma solu\u00e7\u00e3o vers\u00e1til que <strong>transforma o ambiente conforme a necessidade<\/strong>, permitindo que o quarto se torne <strong>sala, escrit\u00f3rio ou \u00e1rea de lazer<\/strong> durante o dia.<\/p>\n\n\n\n<p>No entanto, para que essa pe\u00e7a se harmonize com o restante do espa\u00e7o, <strong>\u00e9 essencial integr\u00e1-la ao design da microcasa de forma estrat\u00e9gica<\/strong>.<\/p>\n\n\n\n<p>A seguir, veja <strong>como esconder a cama quando n\u00e3o estiver em uso, combinar com nichos e estantes e utilizar ilumina\u00e7\u00e3o para valorizar o ambiente<\/strong>.<\/p>\n\n\n\n<hr class=\"wp-block-separator has-alpha-channel-opacity\"\/>\n\n\n\n<h2 id='solu\u00e7\u00f5es-criativas-para-esconder-a-cama-quando-n\u00e3o-estiver-em-uso'  class=\"wp-block-heading\"><strong>Solu\u00e7\u00f5es criativas para esconder a cama quando n\u00e3o estiver em uso<\/strong><\/h2>\n\n\n\n<p>Uma das grandes vantagens das camas embutidas <strong>\u00e9 a possibilidade de ocult\u00e1-las sem comprometer a decora\u00e7\u00e3o do espa\u00e7o<\/strong>. Para isso, algumas estrat\u00e9gias tornam essa integra\u00e7\u00e3o <strong>mais fluida e natural<\/strong>.<\/p>\n\n\n\n<h3 id='\ud83d\udccd-maneiras-inteligentes-de-esconder-a-cama-embutida'  class=\"wp-block-heading\">\ud83d\udccd <strong>Maneiras inteligentes de esconder a cama embutida:<\/strong><\/h3>\n\n\n\n<p>\u2705 <strong>Pain\u00e9is deslizantes<\/strong> \u2013 Criam um efeito elegante e discreto, transformando a cama em parte da parede.<br>\u2705 <strong>Portas de correr ou dobr\u00e1veis<\/strong> \u2013 Funcionam como divis\u00f3rias que ocultam a cama e garantem um ambiente sempre organizado.<br>\u2705 <strong>Camas embutidas dentro de arm\u00e1rios<\/strong> \u2013 Quando fechadas, se tornam um m\u00f3vel funcional, como uma estante ou guarda-roupa.<br>\u2705 <strong>Modelos que viram sof\u00e1s ou mesas<\/strong> \u2013 Cama que se transforma em outro m\u00f3vel durante o dia permite m\u00faltiplas fun\u00e7\u00f5es no mesmo espa\u00e7o.<\/p>\n\n\n\n<p>\ud83d\udccc <strong>Dica pr\u00e1tica:<\/strong> \ud83c\udfe1 <strong>Se a microcasa possui um estilo moderno, um painel ripado pode ser uma excelente alternativa para ocultar a cama sem comprometer a est\u00e9tica do ambiente.<\/strong><\/p>\n\n\n\n<hr class=\"wp-block-separator has-alpha-channel-opacity\"\/>\n\n\n\n<h2 id='combina\u00e7\u00e3o-com-estantes-nichos-e-pain\u00e9is-decorativos'  class=\"wp-block-heading\"><strong>Combina\u00e7\u00e3o com estantes, nichos e pain\u00e9is decorativos<\/strong><\/h2>\n\n\n\n<p>Uma forma de integrar a cama embutida ao design da microcasa <strong>\u00e9 combin\u00e1-la com elementos que agreguem funcionalidade e estilo ao espa\u00e7o<\/strong>. <strong>Nichos, estantes e pain\u00e9is decorativos<\/strong> ajudam a transformar a estrutura da cama <strong>em um elemento arquitet\u00f4nico \u00fatil e harmonioso<\/strong>.<\/p>\n\n\n\n<h3 id='\ud83d\udccd-como-unir-est\u00e9tica-e-funcionalidade-na-integra\u00e7\u00e3o-da-cama-embutida'  class=\"wp-block-heading\">\ud83d\udccd <strong>Como unir est\u00e9tica e funcionalidade na integra\u00e7\u00e3o da cama embutida:<\/strong><\/h3>\n\n\n\n<p>\u2714 <strong>Pain\u00e9is decorativos integrados<\/strong> \u2013 Quando a cama est\u00e1 fechada, o painel pode ter acabamento em madeira, MDF ou at\u00e9 ser revestido com tecido, funcionando como parte da decora\u00e7\u00e3o.<br>\u2714 <strong>Nichos e estantes laterais<\/strong> \u2013 Criam espa\u00e7o extra para armazenar livros, objetos decorativos e itens de uso di\u00e1rio sem comprometer a organiza\u00e7\u00e3o.<br>\u2714 <strong>Cabeceiras embutidas<\/strong> \u2013 Se a cama for um modelo retr\u00e1til horizontal, uma cabeceira de madeira ou tecido pode complementar o design sem ocupar espa\u00e7o extra.<br>\u2714 <strong>Espelhos na estrutura externa<\/strong> \u2013 Al\u00e9m de esconder a cama, ampliam visualmente o ambiente, tornando a microcasa mais iluminada e espa\u00e7osa.<\/p>\n\n\n\n<p>\ud83d\udccc <strong>Dica extra:<\/strong> \ud83c\udfa8 <strong>Para um efeito moderno, aposte em uma combina\u00e7\u00e3o de cores neutras e detalhes texturizados, como madeira ou cimento queimado, para manter a harmonia do espa\u00e7o.<\/strong><\/p>\n\n\n\n<hr class=\"wp-block-separator has-alpha-channel-opacity\"\/>\n\n\n\n<h2 id='ilumina\u00e7\u00e3o-estrat\u00e9gica-para-destacar-o-ambiente'  class=\"wp-block-heading\"><strong>Ilumina\u00e7\u00e3o estrat\u00e9gica para destacar o ambiente<\/strong><\/h2>\n\n\n\n<p>A ilumina\u00e7\u00e3o desempenha um papel essencial na <strong>sensa\u00e7\u00e3o de amplitude e no aconchego do espa\u00e7o<\/strong>, e quando bem planejada, <strong>valoriza ainda mais a integra\u00e7\u00e3o da cama embutida<\/strong> ao ambiente da microcasa<\/p>\n\n\n\n<h3 id='\ud83d\udccd-dicas-para-ilumina\u00e7\u00e3o-ideal-em-espa\u00e7os-com-camas-embutidas'  class=\"wp-block-heading\">\ud83d\udccd <strong>Dicas para ilumina\u00e7\u00e3o ideal em espa\u00e7os com camas embutidas:<\/strong><\/h3>\n\n\n\n<p>\u2705 <strong>Luzes embutidas na estrutura<\/strong> \u2013 Fitas de LED podem ser instaladas ao redor da cama para um efeito moderno e sofisticado.<br>\u2705 <strong>Arandelas ou lumin\u00e1rias de parede<\/strong> \u2013 Solu\u00e7\u00e3o pr\u00e1tica para ilumina\u00e7\u00e3o indireta, sem ocupar espa\u00e7o lateral.<br>\u2705 <strong>Ilumina\u00e7\u00e3o direcional<\/strong> \u2013 Spots ajust\u00e1veis permitem criar diferentes atmosferas conforme o uso do ambiente.<br>\u2705 <strong>Ilumina\u00e7\u00e3o automatizada<\/strong> \u2013 Sensores de movimento podem ativar a luz quando a cama for aberta, garantindo praticidade.<\/p>\n\n\n\n<p>\ud83d\udccc <strong>Dica pr\u00e1tica:<\/strong> \ud83d\udca1 <strong>Se a microcasa possui p\u00e9-direito baixo, utilize luzes embutidas ou sancas de LED para criar um efeito de amplitude e evitar sombras indesejadas.<\/strong><\/p>\n\n\n\n<hr class=\"wp-block-separator has-alpha-channel-opacity\"\/>\n\n\n\n<h2 id='integra\u00e7\u00e3o-perfeita-entre-funcionalidade-e-est\u00e9tica'  class=\"wp-block-heading\"><strong>Integra\u00e7\u00e3o perfeita entre funcionalidade e est\u00e9tica<\/strong><\/h2>\n\n\n\n<p>A cama embutida dobr\u00e1vel <strong>n\u00e3o precisa ser apenas um item funcional \u2013 com as estrat\u00e9gias certas, ela se torna parte do design da microcasa<\/strong>, agregando <strong>valor est\u00e9tico e otimizando a organiza\u00e7\u00e3o do espa\u00e7o<\/strong>.<\/p>\n\n\n\n<p>\u2728 <strong>Resumo das melhores pr\u00e1ticas:<\/strong><\/p>\n\n\n\n<p>\u2714 <strong>Utilize pain\u00e9is, portas ou m\u00f3veis multifuncionais<\/strong> para ocultar a cama quando n\u00e3o estiver em uso.<br>\u2714 <strong>Combine a cama com estantes e nichos integrados<\/strong>, criando um ambiente funcional e estiloso.<br>\u2714 <strong>Aposte em ilumina\u00e7\u00e3o estrat\u00e9gica<\/strong> para destacar o espa\u00e7o e criar um efeito visual agrad\u00e1vel.<br>\u2714 <strong>Mantenha a harmonia entre cores e materiais<\/strong> para um design moderno e bem estruturado.<\/p>\n\n\n\n<hr class=\"wp-block-separator has-alpha-channel-opacity\"\/>\n\n\n\n<figure class=\"wp-block-image size-large\"><img data-recalc-dims=\"1\" fetchpriority=\"high\" decoding=\"async\" width=\"1024\" height=\"585\" src=\"https:\/\/i0.wp.com\/1truenote.com\/wp-content\/uploads\/2025\/03\/DALL%C2%B7E-2025-03-11-16.14.23-A-cozy-and-well-designed-tiny-house-bedroom-featuring-a-hidden-foldable-bed-integrated-into-a-wooden-wall.-The-room-is-optimized-for-space-efficiency-1024x585.webp?resize=1024%2C585&#038;ssl=1\" alt=\"\" class=\"wp-image-661\" srcset=\"https:\/\/i0.wp.com\/1truenote.com\/wp-content\/uploads\/2025\/03\/DALL%C2%B7E-2025-03-11-16.14.23-A-cozy-and-well-designed-tiny-house-bedroom-featuring-a-hidden-foldable-bed-integrated-into-a-wooden-wall.-The-room-is-optimized-for-space-efficiency.webp?resize=1024%2C585&amp;ssl=1 1024w, https:\/\/i0.wp.com\/1truenote.com\/wp-content\/uploads\/2025\/03\/DALL%C2%B7E-2025-03-11-16.14.23-A-cozy-and-well-designed-tiny-house-bedroom-featuring-a-hidden-foldable-bed-integrated-into-a-wooden-wall.-The-room-is-optimized-for-space-efficiency.webp?resize=300%2C171&amp;ssl=1 300w, https:\/\/i0.wp.com\/1truenote.com\/wp-content\/uploads\/2025\/03\/DALL%C2%B7E-2025-03-11-16.14.23-A-cozy-and-well-designed-tiny-house-bedroom-featuring-a-hidden-foldable-bed-integrated-into-a-wooden-wall.-The-room-is-optimized-for-space-efficiency.webp?resize=768%2C439&amp;ssl=1 768w, https:\/\/i0.wp.com\/1truenote.com\/wp-content\/uploads\/2025\/03\/DALL%C2%B7E-2025-03-11-16.14.23-A-cozy-and-well-designed-tiny-house-bedroom-featuring-a-hidden-foldable-bed-integrated-into-a-wooden-wall.-The-room-is-optimized-for-space-efficiency.webp?resize=1536%2C878&amp;ssl=1 1536w, https:\/\/i0.wp.com\/1truenote.com\/wp-content\/uploads\/2025\/03\/DALL%C2%B7E-2025-03-11-16.14.23-A-cozy-and-well-designed-tiny-house-bedroom-featuring-a-hidden-foldable-bed-integrated-into-a-wooden-wall.-The-room-is-optimized-for-space-efficiency.webp?w=1792&amp;ssl=1 1792w\" sizes=\"(max-width: 1024px) 100vw, 1024px\" \/><\/figure>\n\n\n\n<h2 id='instala\u00e7\u00e3o-e-manuten\u00e7\u00e3o-o-que-considerar-antes-de-comprar-uma-cama-embutida-para-microcasas'  class=\"wp-block-heading\"><strong>Instala\u00e7\u00e3o e manuten\u00e7\u00e3o: o que considerar antes de comprar uma cama embutida para microcasas<\/strong><\/h2>\n\n\n\n<p>As camas dobr\u00e1veis embutidas <strong>s\u00e3o uma solu\u00e7\u00e3o eficiente para otimizar espa\u00e7os em microcasas<\/strong>, mas antes de escolher o modelo ideal, \u00e9 essencial considerar <strong>os requisitos de instala\u00e7\u00e3o, os cuidados com a manuten\u00e7\u00e3o e a escolha entre modelos prontos ou personalizados<\/strong>.<\/p>\n\n\n\n<p>Um erro na instala\u00e7\u00e3o pode comprometer a seguran\u00e7a e funcionalidade da cama, enquanto <strong>a falta de manuten\u00e7\u00e3o pode reduzir sua durabilidade<\/strong>. Neste artigo, abordamos <strong>os principais pontos a serem analisados antes da compra, garantindo uma escolha segura e eficiente<\/strong>.<\/p>\n\n\n\n<hr class=\"wp-block-separator has-alpha-channel-opacity\"\/>\n\n\n\n<h2 id='precau\u00e7\u00f5es-ao-instalar-camas-embutidas-em-paredes-estruturais'  class=\"wp-block-heading\"><strong>Precau\u00e7\u00f5es ao instalar camas embutidas em paredes estruturais<\/strong><\/h2>\n\n\n\n<p>A instala\u00e7\u00e3o de uma cama embutida <strong>deve ser feita em uma parede resistente o suficiente para suportar o peso da estrutura e do usu\u00e1rio<\/strong>. Em microcasas, onde o espa\u00e7o \u00e9 limitado, <strong>a escolha do local e do sistema de fixa\u00e7\u00e3o \u00e9 fundamental para evitar problemas estruturais e garantir a seguran\u00e7a<\/strong>.<\/p>\n\n\n\n<h3 id='\ud83d\udccd-o-que-considerar-antes-da-instala\u00e7\u00e3o'  class=\"wp-block-heading\">\ud83d\udccd <strong>O que considerar antes da instala\u00e7\u00e3o?<\/strong><\/h3>\n\n\n\n<p>\u2705 <strong>Verifique o tipo de parede<\/strong> \u2013 Estruturas de drywall podem precisar de refor\u00e7os internos para suportar o peso da cama. J\u00e1 paredes de alvenaria ou madeira maci\u00e7a oferecem maior estabilidade.<br>\u2705 <strong>Escolha um sistema de fixa\u00e7\u00e3o seguro<\/strong> \u2013 Suportes met\u00e1licos e dobradi\u00e7as refor\u00e7adas garantem que a cama n\u00e3o desarme acidentalmente.<br>\u2705 <strong>Evite comprometer a estrutura da microcasa<\/strong> \u2013 Se a parede for estrutural, consulte um profissional para verificar se a instala\u00e7\u00e3o pode afetar a estabilidade da constru\u00e7\u00e3o.<br>\u2705 <strong>Considere o espa\u00e7o de abertura<\/strong> \u2013 Certifique-se de que h\u00e1 espa\u00e7o suficiente para abrir e fechar a cama sem obstru\u00e7\u00f5es.<\/p>\n\n\n\n<p>\ud83d\udccc <strong>Dica pr\u00e1tica:<\/strong> \ud83d\udee0\ufe0f <strong>Se a microcasa tiver paredes finas ou for m\u00f3vel, considere um modelo com base pr\u00f3pria, que n\u00e3o precise ser fixado diretamente na estrutura.<\/strong><\/p>\n\n\n\n<hr class=\"wp-block-separator has-alpha-channel-opacity\"\/>\n\n\n\n<h2 id='manuten\u00e7\u00e3o-peri\u00f3dica-para-evitar-desgaste-nos-mecanismos'  class=\"wp-block-heading\"><strong>Manuten\u00e7\u00e3o peri\u00f3dica para evitar desgaste nos mecanismos<\/strong><\/h2>\n\n\n\n<p>Como qualquer m\u00f3vel dobr\u00e1vel, <strong>camas embutidas possuem partes m\u00f3veis que precisam de manuten\u00e7\u00e3o regular<\/strong> para evitar desgastes e falhas no funcionamento.<\/p>\n\n\n\n<h3 id='\ud83d\udccd-checklist-de-manuten\u00e7\u00e3o-para-prolongar-a-vida-\u00fatil-da-cama-embutida'  class=\"wp-block-heading\">\ud83d\udccd <strong>Checklist de manuten\u00e7\u00e3o para prolongar a vida \u00fatil da cama embutida:<\/strong><\/h3>\n\n\n\n<p>\u2705 <strong>Lubrifica\u00e7\u00e3o das dobradi\u00e7as<\/strong> \u2013 Aplicar lubrificante a cada seis meses para evitar travamentos e ru\u00eddos.<br>\u2705 <strong>Verifica\u00e7\u00e3o dos amortecedores e pist\u00f5es a g\u00e1s<\/strong> \u2013 Teste regularmente se os amortecedores est\u00e3o funcionando corretamente e substitua se houver perda de efici\u00eancia.<br>\u2705 <strong>Aperto de parafusos e fixadores<\/strong> \u2013 O uso di\u00e1rio pode soltar alguns componentes, tornando necess\u00e1rio o reaperto peri\u00f3dico.<br>\u2705 <strong>Inspe\u00e7\u00e3o do colch\u00e3o<\/strong> \u2013 Certifique-se de que o colch\u00e3o n\u00e3o esteja dobrando ou deformando, o que pode comprometer o conforto e o fechamento correto da cama.<br>\u2705 <strong>Limpeza das estruturas<\/strong> \u2013 Remova poeira e res\u00edduos que possam se acumular nos mecanismos para evitar corros\u00e3o e mau funcionamento.<\/p>\n\n\n\n<p>\ud83d\udccc <strong>Dica extra:<\/strong> \ud83d\udd27 <strong>Se perceber que a cama n\u00e3o est\u00e1 dobrando ou travando corretamente, evite for\u00e7ar o mecanismo e fa\u00e7a uma inspe\u00e7\u00e3o antes que o problema se agrave.<\/strong><\/p>\n\n\n\n<hr class=\"wp-block-separator has-alpha-channel-opacity\"\/>\n\n\n\n<h2 id='op\u00e7\u00f5es-diy-fa\u00e7a-voc\u00ea-mesmo-vs-modelos-prontos-qual-vale-mais-a-pena'  class=\"wp-block-heading\"><strong>Op\u00e7\u00f5es DIY (fa\u00e7a voc\u00ea mesmo) vs. modelos prontos: qual vale mais a pena?<\/strong><\/h2>\n\n\n\n<p>A escolha entre um <strong>modelo pronto ou uma vers\u00e3o personalizada (DIY &#8211; Fa\u00e7a Voc\u00ea Mesmo)<\/strong> depende de fatores como <strong>or\u00e7amento, n\u00edvel de habilidade com montagem e necessidades espec\u00edficas do espa\u00e7o<\/strong>.<\/p>\n\n\n\n<h3 id='\ud83d\udccd-compara\u00e7\u00e3o-entre-modelos-prontos-e-diy'  class=\"wp-block-heading\">\ud83d\udccd <strong>Compara\u00e7\u00e3o entre modelos prontos e DIY:<\/strong><\/h3>\n\n\n\n<figure class=\"wp-block-table\"><table class=\"has-fixed-layout\"><tbody><tr><td><strong>Crit\u00e9rio<\/strong><\/td><td><strong>Modelo Pronto<\/strong><\/td><td><strong>DIY (Personalizado)<\/strong><\/td><\/tr><tr><td><strong>Custo<\/strong><\/td><td>Pode ser mais caro, mas inclui garantia e suporte t\u00e9cnico<\/td><td>Geralmente mais acess\u00edvel, mas pode exigir ferramentas extras<\/td><\/tr><tr><td><strong>Instala\u00e7\u00e3o<\/strong><\/td><td>R\u00e1pida, com manual de instru\u00e7\u00f5es e suporte<\/td><td>Exige conhecimento t\u00e9cnico e planejamento<\/td><\/tr><tr><td><strong>Durabilidade<\/strong><\/td><td>Materiais padronizados e testados<\/td><td>Depende da qualidade dos materiais escolhidos<\/td><\/tr><tr><td><strong>Personaliza\u00e7\u00e3o<\/strong><\/td><td>Op\u00e7\u00f5es limitadas de design e tamanho<\/td><td>Adapt\u00e1vel ao espa\u00e7o e estilo da microcasa<\/td><\/tr><tr><td><strong>Tempo de montagem<\/strong><\/td><td>Pronto para uso em poucas horas<\/td><td>Pode levar dias ou semanas, dependendo da complexidade<\/td><\/tr><\/tbody><\/table><\/figure>\n\n\n\n<p>\ud83d\udccc <strong>Dica pr\u00e1tica:<\/strong> \ud83c\udfa8 <strong>Se voc\u00ea tem habilidades em marcenaria e deseja algo exclusivo, o DIY pode ser uma excelente op\u00e7\u00e3o. Caso contr\u00e1rio, um modelo pronto oferece mais praticidade e seguran\u00e7a na instala\u00e7\u00e3o.<\/strong><\/p>\n\n\n\n<hr class=\"wp-block-separator has-alpha-channel-opacity\"\/>\n\n\n\n<h2 id='escolha-certa-para-um-ambiente-seguro-e-funcional'  class=\"wp-block-heading\"><strong>Escolha certa para um ambiente seguro e funcional<\/strong><\/h2>\n\n\n\n<p>A instala\u00e7\u00e3o e manuten\u00e7\u00e3o adequadas <strong>garantem que a cama embutida ofere\u00e7a conforto, seguran\u00e7a e longa durabilidade na microcasa<\/strong>.<\/p>\n\n\n\n<p>Avaliar <strong>as condi\u00e7\u00f5es estruturais, realizar manuten\u00e7\u00f5es regulares e escolher entre um modelo pronto ou personalizado<\/strong> s\u00e3o passos essenciais para aproveitar ao m\u00e1ximo essa solu\u00e7\u00e3o vers\u00e1til.<\/p>\n\n\n\n<p>\u2728 <strong>Resumo das melhores pr\u00e1ticas:<\/strong><\/p>\n\n\n\n<p>\u2714 <strong>Verifique a resist\u00eancia da parede antes da instala\u00e7\u00e3o<\/strong> para evitar danos estruturais.<br>\u2714 <strong>Fa\u00e7a manuten\u00e7\u00e3o peri\u00f3dica<\/strong> nos mecanismos para prolongar a vida \u00fatil da cama.<br>\u2714 <strong>Escolha entre um modelo pronto ou DIY<\/strong>, considerando custo, tempo e personaliza\u00e7\u00e3o.<br>\u2714 <strong>Garanta um espa\u00e7o adequado para abertura e fechamento<\/strong> sem obstru\u00e7\u00f5es.<\/p>\n\n\n\n<hr class=\"wp-block-separator has-alpha-channel-opacity\"\/>\n\n\n\n<h2 id='conclus\u00e3o-inspira\u00e7\u00e3o-real-de-microcasas-que-utilizam-camas-dobr\u00e1veis-embutidas'  class=\"wp-block-heading\"><strong>Conclus\u00e3o: Inspira\u00e7\u00e3o real de microcasas que utilizam camas dobr\u00e1veis embutidas<\/strong><\/h2>\n\n\n\n<p>A funcionalidade de uma microcasa <strong>depende diretamente da escolha inteligente dos m\u00f3veis<\/strong>, e as <strong>camas dobr\u00e1veis embutidas s\u00e3o um dos maiores aliados para otimizar espa\u00e7os reduzidos<\/strong>.<\/p>\n\n\n\n<p>Elas permitem que <strong>um \u00fanico ambiente se transforme ao longo do dia<\/strong>, trazendo <strong>versatilidade, conforto e organiza\u00e7\u00e3o<\/strong> sem comprometer o design.<\/p>\n\n\n\n<p>Para mostrar <strong>como esse conceito funciona na pr\u00e1tica<\/strong>, reunimos <strong>exemplos reais de microcasas que aplicam essa solu\u00e7\u00e3o com sucesso<\/strong>, al\u00e9m de <strong>depoimentos de moradores e dicas para personalizar o ambiente conforme suas necessidades<\/strong>.<\/p>\n\n\n\n<hr class=\"wp-block-separator has-alpha-channel-opacity\"\/>\n\n\n\n<h2 id='ideias-reais-de-microcasas-que-otimizam-espa\u00e7o-com-camas-embutidas'  class=\"wp-block-heading\"><strong>Ideias reais de microcasas que otimizam espa\u00e7o com camas embutidas<\/strong><\/h2>\n\n\n\n<p>Muitos projetos de microcasas <strong>demonstram o impacto positivo das camas dobr\u00e1veis embutidas na cria\u00e7\u00e3o de ambientes multifuncionais<\/strong>.<\/p>\n\n\n\n<h3 id='\ud83d\udccd-casos-de-sucesso'  class=\"wp-block-heading\">\ud83d\udccd <strong>Casos de sucesso:<\/strong><\/h3>\n\n\n\n<p>\u2705 <strong>Microcasa de 25m\u00b2 com cama vertical embutida na parede<\/strong> \u2013 Durante o dia, o espa\u00e7o funciona como uma sala ampla e, \u00e0 noite, a cama desce suavemente, sem comprometer a circula\u00e7\u00e3o.<br>\u2705 <strong>Modelo de microcasa sobre rodas com cama suspensa retr\u00e1til<\/strong> \u2013 A estrutura da cama sobe at\u00e9 o teto quando n\u00e3o est\u00e1 em uso, liberando espa\u00e7o para uma mesa de jantar e \u00e1rea de estar.<br>\u2705 <strong>Apartamento compacto com cama dobr\u00e1vel integrada a um painel de estante<\/strong> \u2013 O m\u00f3vel abriga nichos para armazenamento e ilumina\u00e7\u00e3o embutida, proporcionando um ambiente moderno e pr\u00e1tico.<br>\u2705 <strong>Est\u00fadio minimalista com cama retr\u00e1til horizontal<\/strong> \u2013 Perfeito para tetos baixos, esse modelo \u00e9 integrado a uma bancada de trabalho, permitindo um espa\u00e7o funcional para o dia e uma \u00e1rea de descanso confort\u00e1vel \u00e0 noite.<\/p>\n\n\n\n<p>\ud83d\udccc <strong>Dica pr\u00e1tica:<\/strong> \ud83c\udfe1 <strong>Escolha um modelo que combine com a rotina e o layout da sua microcasa, garantindo que o ambiente continue pr\u00e1tico e confort\u00e1vel ao longo do tempo.<\/strong><\/p>\n\n\n\n<hr class=\"wp-block-separator has-alpha-channel-opacity\"\/>\n\n\n\n<h2 id='depoimentos-de-moradores-e-suas-experi\u00eancias-com-m\u00f3veis-multifuncionais'  class=\"wp-block-heading\"><strong>Depoimentos de moradores e suas experi\u00eancias com m\u00f3veis multifuncionais<\/strong><\/h2>\n\n\n\n<p>Moradores de microcasas que adotaram <strong>camas dobr\u00e1veis embutidas destacam os benef\u00edcios desse tipo de mobili\u00e1rio<\/strong>.<\/p>\n\n\n\n<h3 id='\ud83d\udccd-o-que-dizem-os-usu\u00e1rios'  class=\"wp-block-heading\">\ud83d\udccd <strong>O que dizem os usu\u00e1rios?<\/strong><\/h3>\n\n\n\n<p>\u2714 <strong>\u201cA melhor escolha que fiz para minha microcasa foi instalar uma cama dobr\u00e1vel. Agora, minha sala tamb\u00e9m \u00e9 meu quarto, e o espa\u00e7o ficou muito mais organizado.\u201d<\/strong> \u2013 Mariana, 28 anos, minimalista urbana.<br>\u2714 <strong>\u201cA cama embutida tornou minha rotina muito mais pr\u00e1tica. Como trabalho em casa, posso usar o mesmo espa\u00e7o para dormir e trabalhar sem que o ambiente fique bagun\u00e7ado.\u201d<\/strong> \u2013 Lucas, 35 anos, designer.<br>\u2714 <strong>\u201cSempre tive receio de perder conforto, mas minha cama dobr\u00e1vel \u00e9 t\u00e3o confort\u00e1vel quanto uma convencional, e o espa\u00e7o extra que ganhei foi incr\u00edvel.\u201d<\/strong> \u2013 Beatriz, 40 anos, moradora de uma tiny house off-grid.<\/p>\n\n\n\n<p>\ud83d\udccc <strong>Dica extra:<\/strong> \ud83d\udca1 <strong>Antes de investir em uma cama embutida, fa\u00e7a testes em lojas ou converse com quem j\u00e1 usa para entender melhor os modelos mais confort\u00e1veis e pr\u00e1ticos.<\/strong><\/p>\n\n\n\n<hr class=\"wp-block-separator has-alpha-channel-opacity\"\/>\n\n\n\n<h2 id='dicas-para-personalizar-e-adaptar-conforme-as-necessidades-individuais'  class=\"wp-block-heading\"><strong>Dicas para personalizar e adaptar conforme as necessidades individuais<\/strong><\/h2>\n\n\n\n<p>Cada microcasa tem <strong>suas particularidades<\/strong>, e a cama embutida <strong>pode ser adaptada para diferentes estilos de vida e prefer\u00eancias<\/strong>.<\/p>\n\n\n\n<h3 id='\ud83d\udccd-como-personalizar-sua-cama-dobr\u00e1vel-embutida'  class=\"wp-block-heading\">\ud83d\udccd <strong>Como personalizar sua cama dobr\u00e1vel embutida?<\/strong><\/h3>\n\n\n\n<p>\u2705 <strong>Escolha um acabamento que combine com o design da sua microcasa<\/strong> \u2013 Op\u00e7\u00f5es em madeira, laca ou pain\u00e9is coloridos ajudam a integrar o m\u00f3vel ao ambiente.<br>\u2705 <strong>Aproveite o espa\u00e7o ao redor para criar nichos e estantes embutidas<\/strong> \u2013 Assim, al\u00e9m da cama, voc\u00ea ganha espa\u00e7o extra para armazenamento.<br>\u2705 <strong>Adicione ilumina\u00e7\u00e3o embutida para criar um ambiente aconchegante<\/strong> \u2013 Fitas de LED ou spots direcion\u00e1veis melhoram a usabilidade e o visual do espa\u00e7o.<br>\u2705 <strong>Combine a cama com m\u00f3veis retr\u00e1teis<\/strong> \u2013 Mesas dobr\u00e1veis e cadeiras empilh\u00e1veis ampliam ainda mais a funcionalidade do espa\u00e7o.<\/p>\n\n\n\n<p>\ud83d\udccc <strong>Dica pr\u00e1tica:<\/strong> \ud83c\udfa8 <strong>Se deseja um visual mais sofisticado, aposte em um painel ripado ou revestimento de tecido para esconder a cama quando fechada, garantindo um acabamento elegante.<\/strong><\/p>\n\n\n\n<hr class=\"wp-block-separator has-alpha-channel-opacity\"\/>\n\n\n\n<h2 id='camas-embutidas-praticidade-conforto-e-personaliza\u00e7\u00e3o-para-microcasas'  class=\"wp-block-heading\"><strong>Camas embutidas: praticidade, conforto e personaliza\u00e7\u00e3o para microcasas<\/strong><\/h2>\n\n\n\n<p>As camas dobr\u00e1veis embutidas <strong>n\u00e3o s\u00e3o apenas uma solu\u00e7\u00e3o para otimiza\u00e7\u00e3o de espa\u00e7o<\/strong>, mas <strong>um recurso que transforma ambientes e melhora a qualidade de vida dentro de microcasas<\/strong>.<\/p>\n\n\n\n<p>Com diferentes modelos dispon\u00edveis, <strong>cada pessoa pode escolher a vers\u00e3o que melhor se adapta ao seu dia a dia<\/strong>, garantindo um espa\u00e7o sempre bem aproveitado.<\/p>\n\n\n\n<p>\u2728 <strong>Resumo das melhores pr\u00e1ticas:<\/strong><\/p>\n\n\n\n<p>\u2714 <strong>Aproveite o espa\u00e7o vertical ou horizontal<\/strong> para embutir a cama e liberar mais \u00e1rea \u00fatil.<br>\u2714 <strong>Busque inspira\u00e7\u00e3o em microcasas que j\u00e1 utilizam esse conceito<\/strong> para encontrar a melhor solu\u00e7\u00e3o para seu espa\u00e7o.<br>\u2714 <strong>Personalize a estrutura com nichos, estantes e ilumina\u00e7\u00e3o embutida<\/strong> para agregar funcionalidade e estilo.<br>\u2714 <strong>Invista em conforto, escolhendo um colch\u00e3o adequado e um mecanismo de abertura seguro.<\/strong><\/p>\n\n\n\n<p>Com essas estrat\u00e9gias, sua microcasa <strong>se tornar\u00e1 um espa\u00e7o mais din\u00e2mico, confort\u00e1vel e eficiente<\/strong>, provando que <strong>\u00e9 poss\u00edvel viver bem em ambientes reduzidos sem abrir m\u00e3o da funcionalidade<\/strong>. \ud83d\ude80\ud83c\udfe1<\/p>\n\n\n\n<hr class=\"wp-block-separator has-alpha-channel-opacity\"\/>\n\n\n\n<h2 id='faq-perguntas-frequentes'  class=\"wp-block-heading\"><strong>FAQ \u2013 Perguntas Frequentes<\/strong><\/h2>\n\n\n\n<h3 id='\u2714-as-camas-dobr\u00e1veis-embutidas-s\u00e3o-seguras-para-uso-di\u00e1rio'  class=\"wp-block-heading\"><strong>\u2714 As camas dobr\u00e1veis embutidas s\u00e3o seguras para uso di\u00e1rio?<\/strong><\/h3>\n\n\n\n<p>Sim, desde que bem instaladas e mantidas. Para garantir seguran\u00e7a:<\/p>\n\n\n\n<ul class=\"wp-block-list\">\n<li>Fixe em uma parede resistente ou use suportes independentes.<\/li>\n\n\n\n<li>Escolha dobradi\u00e7as refor\u00e7adas e amortecedores confi\u00e1veis.<\/li>\n\n\n\n<li>Fa\u00e7a manuten\u00e7\u00e3o regular, verificando parafusos e travas.<\/li>\n<\/ul>\n\n\n\n<h3 id='\u2714-qual-a-melhor-op\u00e7\u00e3o-de-cama-embutida-para-uma-microcasa-sobre-rodas'  class=\"wp-block-heading\"><strong>\u2714 Qual a melhor op\u00e7\u00e3o de cama embutida para uma microcasa sobre rodas?<\/strong><\/h3>\n\n\n\n<ul class=\"wp-block-list\">\n<li><strong>Camas suspensas retr\u00e1teis<\/strong> \u2013 Recolhem-se no teto, liberando espa\u00e7o.<\/li>\n\n\n\n<li><strong>Camas dobr\u00e1veis horizontais<\/strong> \u2013 Menos impacto na estrutura m\u00f3vel.<\/li>\n\n\n\n<li><strong>Camas tipo gaveta<\/strong> \u2013 Ocultas sob um sof\u00e1 ou bancada.<\/li>\n<\/ul>\n\n\n\n<p>\u2705 <strong>Dica:<\/strong> Instale travas para evitar movimenta\u00e7\u00e3o durante deslocamentos.<\/p>\n\n\n\n<h3 id='\u2714-como-evitar-rangidos-e-desgaste-nos-mecanismos-de-dobradi\u00e7a'  class=\"wp-block-heading\"><strong>\u2714 Como evitar rangidos e desgaste nos mecanismos de dobradi\u00e7a?<\/strong><\/h3>\n\n\n\n<ul class=\"wp-block-list\">\n<li>Lubrifique dobradi\u00e7as a cada 6 meses.<\/li>\n\n\n\n<li>Aperte parafusos regularmente.<\/li>\n\n\n\n<li>Escolha dobradi\u00e7as de a\u00e7o inoxid\u00e1vel.<\/li>\n\n\n\n<li>Evite sobrecarga na cama.<\/li>\n<\/ul>\n\n\n\n<p>\u2705 <strong>Dica:<\/strong> Se o ru\u00eddo persistir, use feltro entre as partes m\u00f3veis.<\/p>\n\n\n\n<h3 id='\u2714-existe-um-peso-limite-para-camas-dobr\u00e1veis-embutidas'  class=\"wp-block-heading\"><strong>\u2714 Existe um peso limite para camas dobr\u00e1veis embutidas?<\/strong><\/h3>\n\n\n\n<p>Sim, varia conforme o modelo:<\/p>\n\n\n\n<ul class=\"wp-block-list\">\n<li><strong>Convencionais:<\/strong> At\u00e9 <strong>150 kg<\/strong>.<\/li>\n\n\n\n<li><strong>Refor\u00e7adas (metal):<\/strong> At\u00e9 <strong>250 kg<\/strong>.<\/li>\n\n\n\n<li><strong>Suspensas:<\/strong> At\u00e9 <strong>120 kg<\/strong>.<\/li>\n<\/ul>\n\n\n\n<p>\u2705 <strong>Dica:<\/strong> Sempre confira o peso m\u00e1ximo indicado pelo fabricante.<\/p>\n\n\n\n<h3 id='\u2714-como-manter-a-est\u00e9tica-do-ambiente-sem-comprometer-a-funcionalidade-da-cama'  class=\"wp-block-heading\"><strong>\u2714 Como manter a est\u00e9tica do ambiente sem comprometer a funcionalidade da cama?<\/strong><\/h3>\n\n\n\n<ul class=\"wp-block-list\">\n<li>Use <strong>pain\u00e9is decorativos<\/strong> para ocultar a cama.<\/li>\n\n\n\n<li>Integre com <strong>nichos e estantes<\/strong>.<\/li>\n\n\n\n<li>Escolha acabamentos que combinem com o ambiente.<\/li>\n\n\n\n<li>Adicione <strong>ilumina\u00e7\u00e3o embutida<\/strong> para um efeito moderno.<\/li>\n<\/ul>\n\n\n\n<p>\u2705 <strong>Dica:<\/strong> Madeira ripada e laca criam um acabamento sofisticado.<\/p>","protected":false},"excerpt":{"rendered":"<p>Camas dobr\u00e1veis embutidas: a solu\u00e7\u00e3o inteligente para otimizar espa\u00e7os em microcasas Viver em uma microcasa exige planejamento e criatividade na&#8230;<\/p>","protected":false},"author":1,"featured_media":660,"comment_status":"open","ping_status":"open","sticky":false,"template":"","format":"standard","meta":{"_kad_post_transparent":"","_kad_post_title":"","_kad_post_layout":"","_kad_post_sidebar_id":"","_kad_post_content_style":"","_kad_post_vertical_padding":"","_kad_post_feature":"","_kad_post_feature_position":"","_kad_post_header":false,"_kad_post_footer":false,"_kad_post_classname":"","footnotes":"","jetpack_publicize_message":"","jetpack_publicize_feature_enabled":true,"jetpack_social_post_already_shared":false,"jetpack_social_options":{"image_generator_settings":{"template":"highway","default_image_id":0,"font":"","enabled":false},"version":2}},"categories":[16],"tags":[13],"class_list":["post-658","post","type-post","status-publish","format-standard","has-post-thumbnail","hentry","category-casa-e-jardim","tag-minimalista"],"jetpack_publicize_connections":[],"jetpack_featured_media_url":"https:\/\/i0.wp.com\/1truenote.com\/wp-content\/uploads\/2025\/03\/Design-sem-nome-7.webp?fit=600%2C400&ssl=1","jetpack_sharing_enabled":true,"_links":{"self":[{"href":"https:\/\/1truenote.com\/en\/wp-json\/wp\/v2\/posts\/658","targetHints":{"allow":["GET"]}}],"collection":[{"href":"https:\/\/1truenote.com\/en\/wp-json\/wp\/v2\/posts"}],"about":[{"href":"https:\/\/1truenote.com\/en\/wp-json\/wp\/v2\/types\/post"}],"author":[{"embeddable":true,"href":"https:\/\/1truenote.com\/en\/wp-json\/wp\/v2\/users\/1"}],"replies":[{"embeddable":true,"href":"https:\/\/1truenote.com\/en\/wp-json\/wp\/v2\/comments?post=658"}],"version-history":[{"count":0,"href":"https:\/\/1truenote.com\/en\/wp-json\/wp\/v2\/posts\/658\/revisions"}],"wp:featuredmedia":[{"embeddable":true,"href":"https:\/\/1truenote.com\/en\/wp-json\/wp\/v2\/media\/660"}],"wp:attachment":[{"href":"https:\/\/1truenote.com\/en\/wp-json\/wp\/v2\/media?parent=658"}],"wp:term":[{"taxonomy":"category","embeddable":true,"href":"https:\/\/1truenote.com\/en\/wp-json\/wp\/v2\/categories?post=658"},{"taxonomy":"post_tag","embeddable":true,"href":"https:\/\/1truenote.com\/en\/wp-json\/wp\/v2\/tags?post=658"}],"curies":[{"name":"wp","href":"https:\/\/api.w.org\/{rel}","templated":true}]}}