{"id":636,"date":"2025-03-07T17:54:00","date_gmt":"2025-03-07T17:54:00","guid":{"rendered":"https:\/\/1truenote.com\/?p=636"},"modified":"2025-04-21T17:09:49","modified_gmt":"2025-04-21T17:09:49","slug":"organizacao-funcional-na-adaptacao-de-espacos-compactos-com-equilibrio-fluidez-e-funcionalidade-inteligente","status":"publish","type":"post","link":"https:\/\/1truenote.com\/en\/organizacao-funcional-na-adaptacao-de-espacos-compactos-com-equilibrio-fluidez-e-funcionalidade-inteligente\/","title":{"rendered":"Organiza\u00e7\u00e3o funcional na adapta\u00e7\u00e3o de espa\u00e7os compactos com equil\u00edbrio, fluidez e funcionalidade inteligente"},"content":{"rendered":"<h2 id='espa\u00e7os-bem-planejados-a-arte-de-equilibrar-funcionalidade-e-fluidez-no-minimalismo'  class=\"wp-block-heading\"><strong>Espa\u00e7os bem planejados: a arte de equilibrar funcionalidade e fluidez no minimalismo<\/strong><\/h2>\n\n\n\n<p>A organiza\u00e7\u00e3o funcional em espa\u00e7os compactos <strong>n\u00e3o \u00e9 apenas uma quest\u00e3o est\u00e9tica, mas uma necessidade para garantir fluidez, conforto e praticidade no dia a dia<\/strong>.<\/p>\n\n\n\n<p>Em ambientes reduzidos, onde cada cent\u00edmetro conta, o desafio est\u00e1 em <strong>criar um espa\u00e7o que seja visualmente leve, mas ao mesmo tempo eficiente e adapt\u00e1vel \u00e0s necessidades do cotidiano<\/strong>.<\/p>\n\n\n\n<p>O <strong>minimalismo surge como um grande aliado nessa adapta\u00e7\u00e3o<\/strong>, pois preza pelo essencial, evitando excessos e garantindo que <strong>cada elemento do ambiente tenha um prop\u00f3sito claro<\/strong>.<\/p>\n\n\n\n<p>Mais do que eliminar objetos, essa abordagem busca <strong>harmonizar a disposi\u00e7\u00e3o dos elementos para que o espa\u00e7o se torne mais flu\u00eddo, funcional e agrad\u00e1vel<\/strong>.<\/p>\n\n\n\n<p>Neste artigo, voc\u00ea encontrar\u00e1 <strong>estrat\u00e9gias pr\u00e1ticas para otimizar e adaptar pequenos ambientes<\/strong>, utilizando <strong>m\u00f3veis inteligentes, organiza\u00e7\u00e3o eficiente e distribui\u00e7\u00e3o equilibrada<\/strong>.<\/p>\n\n\n\n<p>O objetivo \u00e9 mostrar que <strong>\u00e9 poss\u00edvel transformar qualquer espa\u00e7o compacto em um ambiente altamente funcional e acolhedor<\/strong>, sem comprometer o conforto ou a est\u00e9tica. \ud83d\ude80\ud83c\udfe1<\/p>\n\n\n\n<hr class=\"wp-block-separator has-alpha-channel-opacity\"\/>\n\n\n\n<h2 id='minimalismo-como-ferramenta-para-transformar-espa\u00e7os-compactos-com-leveza-e-funcionalidade'  class=\"wp-block-heading\"><strong>Minimalismo como ferramenta para transformar espa\u00e7os compactos com leveza e funcionalidade<\/strong><\/h2>\n\n\n\n<p>O design minimalista vai muito al\u00e9m da est\u00e9tica. Ele \u00e9 uma abordagem inteligente que <strong>valoriza o essencial e maximiza a funcionalidade dos espa\u00e7os<\/strong>, tornando-os mais organizados, fluidos e eficientes.<\/p>\n\n\n\n<p>Em ambientes compactos, essa filosofia <strong>n\u00e3o apenas otimiza a disposi\u00e7\u00e3o dos elementos, mas tamb\u00e9m promove uma sensa\u00e7\u00e3o de amplitude e leveza visual<\/strong>, transformando a experi\u00eancia do dia a dia.<\/p>\n\n\n\n<p>Ao eliminar excessos e adotar solu\u00e7\u00f5es pr\u00e1ticas, o minimalismo <strong>equilibra simplicidade e funcionalidade<\/strong>, garantindo que cada objeto no ambiente tenha um prop\u00f3sito e contribua para o bem-estar.<\/p>\n\n\n\n<p>A seguir, exploramos como essa abordagem <strong>impacta diretamente a adapta\u00e7\u00e3o de espa\u00e7os pequenos e quais estrat\u00e9gias podem ser aplicadas para tornar seu ambiente mais eficiente e agrad\u00e1vel<\/strong>.<\/p>\n\n\n\n<hr class=\"wp-block-separator has-alpha-channel-opacity\"\/>\n\n\n\n<h2 id='como-o-minimalismo-influencia-a-percep\u00e7\u00e3o-de-espa\u00e7o-e-promove-leveza-visual'  class=\"wp-block-heading\"><strong>Como o minimalismo influencia a percep\u00e7\u00e3o de espa\u00e7o e promove leveza visual<\/strong><\/h2>\n\n\n\n<p>Ambientes reduzidos podem parecer sobrecarregados quando h\u00e1 excesso de m\u00f3veis, objetos e cores pesadas. O minimalismo atua <strong>reduzindo a polui\u00e7\u00e3o visual<\/strong>, permitindo que o olhar percorra o espa\u00e7o sem interrup\u00e7\u00f5es bruscas, criando uma sensa\u00e7\u00e3o de <strong>harmonia e amplitude<\/strong>.<\/p>\n\n\n\n<p>\ud83d\udccd <strong>Elementos que ampliam a percep\u00e7\u00e3o de espa\u00e7o no minimalismo:<\/strong><\/p>\n\n\n\n<p>\u2705 <strong>Cores neutras e paleta uniforme<\/strong> \u2013 Tons claros e suaves refletem melhor a luz e criam um efeito visual de expans\u00e3o.<br>\u2705 <strong>Linhas simples e m\u00f3veis com design leve<\/strong> \u2013 Pe\u00e7as sem excesso de detalhes deixam o ambiente mais organizado e fluido.<br>\u2705 <strong>Superf\u00edcies cont\u00ednuas e poucos objetos \u00e0 vista<\/strong> \u2013 Reduzem a sensa\u00e7\u00e3o de bagun\u00e7a e promovem um ambiente mais calmo e acolhedor.<br>\u2705 <strong>Aproveitamento da luz natural<\/strong> \u2013 Cortinas leves ou at\u00e9 mesmo a aus\u00eancia delas aumentam a claridade e d\u00e3o profundidade ao espa\u00e7o.<br>\u2705 <strong>Espelhos estrategicamente posicionados<\/strong> \u2013 Criam um efeito de amplitude e refletem a luz, ampliando visualmente o ambiente.<\/p>\n\n\n\n<p>\ud83d\udccc <strong>Dica extra:<\/strong> \ud83c\udfe1 <strong>Evite dividir o espa\u00e7o com muitos m\u00f3veis ou elementos decorativos pesados. O ideal \u00e9 manter um equil\u00edbrio entre itens essenciais e \u00e1reas livres para circula\u00e7\u00e3o.<\/strong><\/p>\n\n\n\n<hr class=\"wp-block-separator has-alpha-channel-opacity\"\/>\n\n\n\n<h2 id='estrat\u00e9gias-para-eliminar-excessos-sem-comprometer-a-utilidade'  class=\"wp-block-heading\"><strong>Estrat\u00e9gias para eliminar excessos sem comprometer a utilidade<\/strong><\/h2>\n\n\n\n<p>Minimalismo n\u00e3o significa abrir m\u00e3o do conforto ou da praticidade. A chave para adaptar espa\u00e7os compactos \u00e9 <strong>reduzir o que n\u00e3o \u00e9 necess\u00e1rio e manter apenas aquilo que agrega valor ao ambiente e \u00e0 rotina<\/strong>.<\/p>\n\n\n\n<p>\ud83d\udccd <strong>Como reduzir excessos sem perder funcionalidade:<\/strong><\/p>\n\n\n\n<p>\u2714 <strong>Adote o princ\u00edpio do \u201cmenos, por\u00e9m melhor\u201d<\/strong> \u2013 Prefira poucos objetos de qualidade e que tenham mais de uma fun\u00e7\u00e3o.<br>\u2714 <strong>Evite o ac\u00famulo de m\u00f3veis grandes e desnecess\u00e1rios<\/strong> \u2013 Em espa\u00e7os reduzidos, m\u00f3veis vers\u00e1teis e compactos otimizam o ambiente.<br>\u2714 <strong>Armazene de forma estrat\u00e9gica<\/strong> \u2013 Gavetas embutidas, nichos e arm\u00e1rios discretos ajudam a manter a organiza\u00e7\u00e3o sem ocupar espa\u00e7o vis\u00edvel.<br>\u2714 <strong>Opte por decora\u00e7\u00e3o funcional<\/strong> \u2013 Objetos decorativos tamb\u00e9m podem ter utilidade pr\u00e1tica, como lumin\u00e1rias ajust\u00e1veis ou bancos que servem como ba\u00fa.<br>\u2714 <strong>Desapegue de itens que n\u00e3o s\u00e3o usados<\/strong> \u2013 Criar um espa\u00e7o mais leve exige eliminar o que n\u00e3o contribui para a funcionalidade do ambiente.<\/p>\n\n\n\n<p>\ud83d\udccc <strong>Exemplo pr\u00e1tico:<\/strong> \ud83c\udfe1 Um aparador volumoso pode ser substitu\u00eddo por uma prateleira suspensa, que cumpre a mesma fun\u00e7\u00e3o sem ocupar espa\u00e7o no piso.<\/p>\n\n\n\n<hr class=\"wp-block-separator has-alpha-channel-opacity\"\/>\n\n\n\n<h2 id='a-rela\u00e7\u00e3o-entre-simplicidade-e-funcionalidade-na-adapta\u00e7\u00e3o-do-ambiente'  class=\"wp-block-heading\"><strong>A rela\u00e7\u00e3o entre simplicidade e funcionalidade na adapta\u00e7\u00e3o do ambiente<\/strong><\/h2>\n\n\n\n<p>A simplicidade, quando aplicada com intelig\u00eancia, <strong>n\u00e3o significa falta de recursos, mas sim um uso mais eficiente e bem planejado do espa\u00e7o<\/strong>. Ambientes compactos devem ser organizados de forma que cada item tenha seu lugar e cumpra um prop\u00f3sito claro.<\/p>\n\n\n\n<p>\ud83d\udccd <strong>Como unir simplicidade e funcionalidade na adapta\u00e7\u00e3o de espa\u00e7os compactos:<\/strong><\/p>\n\n\n\n<p>\u2705 <strong>Escolha m\u00f3veis multifuncionais<\/strong> \u2013 Sof\u00e1s-camas, mesas dobr\u00e1veis e arm\u00e1rios embutidos economizam espa\u00e7o e mant\u00eam o ambiente organizado.<br>\u2705 <strong>Prefira espa\u00e7os integrados<\/strong> \u2013 Quanto menos barreiras visuais, maior ser\u00e1 a fluidez do ambiente.<br>\u2705 <strong>Crie zonas funcionais bem definidas<\/strong> \u2013 Mesmo sem divis\u00f3rias f\u00edsicas, delimite \u00e1reas como trabalho, descanso e armazenamento.<br>\u2705 <strong>Utilize menos objetos, mas de forma estrat\u00e9gica<\/strong> \u2013 Cada elemento deve contribuir para a organiza\u00e7\u00e3o e praticidade do espa\u00e7o.<br>\u2705 <strong>Deixe espa\u00e7os livres intencionais<\/strong> \u2013 O vazio tem uma fun\u00e7\u00e3o no design minimalista: permitir a circula\u00e7\u00e3o e criar leveza visual.<\/p>\n\n\n\n<p>\ud83d\udccc <strong>Dica extra:<\/strong> \ud83c\udf3f <strong>Plantas pequenas e discretas ajudam a trazer vida ao espa\u00e7o sem comprometer a simplicidade e a funcionalidade do ambiente.<\/strong><\/p>\n\n\n\n<hr class=\"wp-block-separator has-alpha-channel-opacity\"\/>\n\n\n\n<h2 id='minimalismo-como-solu\u00e7\u00e3o-para-espa\u00e7os-compactos'  class=\"wp-block-heading\"><strong>Minimalismo como solu\u00e7\u00e3o para espa\u00e7os compactos<\/strong><\/h2>\n\n\n\n<p>Aplicar o design minimalista em ambientes pequenos <strong>vai muito al\u00e9m da est\u00e9tica<\/strong> \u2013 trata-se de <strong>uma escolha estrat\u00e9gica para tornar o espa\u00e7o mais leve, fluido e funcional<\/strong>. A adapta\u00e7\u00e3o correta do ambiente evita excessos, melhora a organiza\u00e7\u00e3o e cria um local mais aconchegante e eficiente.<\/p>\n\n\n\n<p>\u2728 <strong>Resumo das melhores pr\u00e1ticas:<\/strong><\/p>\n\n\n\n<p>\u2714 Use <strong>cores neutras e ilumina\u00e7\u00e3o natural<\/strong> para ampliar visualmente o espa\u00e7o.<br>\u2714 <strong>Evite ac\u00famulos<\/strong> e mantenha apenas itens que agreguem valor e funcionalidade.<br>\u2714 Aposte em <strong>m\u00f3veis multifuncionais e embutidos<\/strong> para otimizar o ambiente.<br>\u2714 <strong>Integre espa\u00e7os e mantenha \u00e1reas livres<\/strong>, promovendo circula\u00e7\u00e3o fluida.<br>\u2714 <strong>Equilibre simplicidade e funcionalidade<\/strong>, garantindo um ambiente organizado e pr\u00e1tico.<\/p>\n\n\n\n<hr class=\"wp-block-separator has-alpha-channel-opacity\"\/>\n\n\n\n<h2 id='distribui\u00e7\u00e3o-inteligente-como-criar-fluidez-e-otimizar-cada-metro-quadrado'  class=\"wp-block-heading\"><strong>Distribui\u00e7\u00e3o inteligente: como criar fluidez e otimizar cada metro quadrado<\/strong><\/h2>\n\n\n\n<p>Em ambientes compactos, <strong>a forma como o espa\u00e7o \u00e9 distribu\u00eddo faz toda a diferen\u00e7a na funcionalidade e na sensa\u00e7\u00e3o de amplitude<\/strong>.<\/p>\n\n\n\n<p>Uma organiza\u00e7\u00e3o eficiente <strong>n\u00e3o precisa de paredes para delimitar \u00e1reas<\/strong>, e sim de um <strong>layout inteligente<\/strong> que permita <strong>fluidez, integra\u00e7\u00e3o e praticidade<\/strong> sem comprometer o conforto e a privacidade.<\/p>\n\n\n\n<p>Ao definir setores estrat\u00e9gicos, eliminar barreiras f\u00edsicas e garantir uma circula\u00e7\u00e3o livre, \u00e9 poss\u00edvel <strong>aproveitar cada metro quadrado com efici\u00eancia<\/strong>, tornando o ambiente <strong>mais funcional e harmonioso<\/strong>.<\/p>\n\n\n\n<p>A seguir, veja como aplicar essas estrat\u00e9gias para transformar qualquer espa\u00e7o compacto em um ambiente equilibrado e bem distribu\u00eddo.<\/p>\n\n\n\n<hr class=\"wp-block-separator has-alpha-channel-opacity\"\/>\n\n\n\n<h2 id='como-a-setoriza\u00e7\u00e3o-eficiente-define-\u00e1reas-sem-necessidade-de-barreiras-f\u00edsicas'  class=\"wp-block-heading\"><strong>Como a setoriza\u00e7\u00e3o eficiente define \u00e1reas sem necessidade de barreiras f\u00edsicas<\/strong><\/h2>\n\n\n\n<p>Muitas vezes, a divis\u00e3o de ambientes pequenos \u00e9 feita com o uso de <strong>paredes e divis\u00f3rias<\/strong>, o que pode tornar o espa\u00e7o visualmente fragmentado e sobrecarregado. Em vez disso, a <strong>setoriza\u00e7\u00e3o eficiente<\/strong> permite que cada \u00e1rea seja bem definida sem comprometer a fluidez do ambiente.<\/p>\n\n\n\n<p>\ud83d\udccd <strong>Estrat\u00e9gias para delimitar \u00e1reas sem barreiras f\u00edsicas:<\/strong><\/p>\n\n\n\n<p>\u2705 <strong>Tapetes e varia\u00e7\u00f5es de revestimento<\/strong> \u2013 Criam uma diferencia\u00e7\u00e3o visual entre \u00e1reas, como sala de estar e jantar, sem necessidade de paredes.<br>\u2705 <strong>Mobili\u00e1rio estrat\u00e9gico<\/strong> \u2013 Sof\u00e1s, estantes vazadas e bancadas podem ser usados para dividir espa\u00e7os de forma natural.<br>\u2705 <strong>Ilumina\u00e7\u00e3o setorizada<\/strong> \u2013 Diferentes tipos de luz criam atmosferas distintas, separando \u00e1reas sem interferir na circula\u00e7\u00e3o.<br>\u2705 <strong>Cores e texturas<\/strong> \u2013 Utilizar tons diferentes em paredes ou mobili\u00e1rio ajuda a definir setores sem fechar o ambiente.<br>\u2705 <strong>Mudan\u00e7a de n\u00edvel<\/strong> \u2013 Em algumas configura\u00e7\u00f5es, um pequeno desn\u00edvel no piso pode criar uma divis\u00e3o sutil entre ambientes sem bloqueios visuais.<\/p>\n\n\n\n<p>\ud83d\udccc <strong>Exemplo pr\u00e1tico:<\/strong> \ud83c\udfe1 Em um apartamento tipo est\u00fadio, um sof\u00e1 posicionado estrategicamente pode separar a sala do quarto sem necessidade de divis\u00f3rias, mantendo a fluidez do ambiente.<\/p>\n\n\n\n<hr class=\"wp-block-separator has-alpha-channel-opacity\"\/>\n\n\n\n<h2 id='t\u00e9cnicas-para-integrar-ambientes-sem-comprometer-a-privacidade-e-o-conforto'  class=\"wp-block-heading\"><strong>T\u00e9cnicas para integrar ambientes sem comprometer a privacidade e o conforto<\/strong><\/h2>\n\n\n\n<p>A integra\u00e7\u00e3o de espa\u00e7os \u00e9 uma das principais solu\u00e7\u00f5es para ambientes pequenos, pois <strong>aumenta a sensa\u00e7\u00e3o de amplitude e melhora a circula\u00e7\u00e3o<\/strong>. No entanto, \u00e9 importante manter uma separa\u00e7\u00e3o sutil entre fun\u00e7\u00f5es diferentes para garantir conforto e praticidade no dia a dia.<\/p>\n\n\n\n<p>\ud83d\udccd <strong>Como integrar espa\u00e7os sem perder privacidade:<\/strong><\/p>\n\n\n\n<p>\u2714 <strong>M\u00f3veis multifuncionais<\/strong> \u2013 Camas retr\u00e1teis e mesas dobr\u00e1veis permitem que o ambiente se transforme conforme a necessidade.<br>\u2714 <strong>Divis\u00f3rias leves e m\u00f3veis vazados<\/strong> \u2013 Pain\u00e9is ripados, biombos e estantes abertas criam uma separa\u00e7\u00e3o sutil sem bloquear a luz e a ventila\u00e7\u00e3o.<br>\u2714 <strong>Cortinas ou persianas<\/strong> \u2013 Oferecem flexibilidade ao espa\u00e7o, podendo ser abertas para integra\u00e7\u00e3o ou fechadas quando for necess\u00e1rio mais privacidade.<br>\u2714 <strong>Vidros foscos ou texturizados<\/strong> \u2013 S\u00e3o \u00f3timos para dividir ambientes sem criar bloqueios visuais completos.<br>\u2714 <strong>Zonas funcionais bem definidas<\/strong> \u2013 Mesmo sem barreiras f\u00edsicas, \u00e9 essencial que cada espa\u00e7o tenha um prop\u00f3sito claro para evitar sobreposi\u00e7\u00e3o de fun\u00e7\u00f5es.<\/p>\n\n\n\n<p>\ud83d\udccc <strong>Dica extra:<\/strong> \ud83c\udf3f <strong>Plantas estrategicamente posicionadas<\/strong> podem ajudar a delimitar \u00e1reas, trazendo privacidade e um toque natural ao ambiente.<\/p>\n\n\n\n<hr class=\"wp-block-separator has-alpha-channel-opacity\"\/>\n\n\n\n<h2 id='a-import\u00e2ncia-de-manter-a-circula\u00e7\u00e3o-livre-para-um-espa\u00e7o-funcional-e-pr\u00e1tico'  class=\"wp-block-heading\"><strong>A import\u00e2ncia de manter a circula\u00e7\u00e3o livre para um espa\u00e7o funcional e pr\u00e1tico<\/strong><\/h2>\n\n\n\n<p>Uma boa distribui\u00e7\u00e3o do espa\u00e7o n\u00e3o \u00e9 apenas sobre a disposi\u00e7\u00e3o dos m\u00f3veis, mas tamb\u00e9m sobre <strong>garantir \u00e1reas livres para circula\u00e7\u00e3o<\/strong>. Um ambiente flu\u00eddo e bem planejado <strong>deve permitir movimenta\u00e7\u00e3o sem obst\u00e1culos<\/strong>, criando uma experi\u00eancia mais confort\u00e1vel e funcional.<\/p>\n\n\n\n<p>\ud83d\udccd <strong>Dicas para manter a circula\u00e7\u00e3o flu\u00edda:<\/strong><\/p>\n\n\n\n<p>\u2705 <strong>Evite m\u00f3veis grandes e volumosos<\/strong> \u2013 Opte por pe\u00e7as proporcionais ao tamanho do ambiente.<br>\u2705 <strong>Posicione m\u00f3veis pr\u00f3ximos \u00e0s paredes sempre que poss\u00edvel<\/strong> \u2013 Isso libera o centro do espa\u00e7o e melhora o fluxo de circula\u00e7\u00e3o.<br>\u2705 <strong>Crie corredores visuais<\/strong> \u2013 Deixe \u00e1reas de passagem livres para evitar que o ambiente pare\u00e7a sobrecarregado.<br>\u2705 <strong>Utilize m\u00f3veis sobre rod\u00edzios ou modulares<\/strong> \u2013 Facilitam a reorganiza\u00e7\u00e3o do espa\u00e7o sempre que necess\u00e1rio.<br>\u2705 <strong>Evite excesso de decora\u00e7\u00e3o e objetos soltos<\/strong> \u2013 Manter apenas o essencial ajuda a criar um ambiente mais leve e organizado.<\/p>\n\n\n\n<p>\ud83d\udccc <strong>Erro comum a evitar:<\/strong> \u274c <strong>Dispor m\u00f3veis de maneira desalinhada pode criar bloqueios invis\u00edveis no ambiente<\/strong>, tornando-o menos funcional e dificultando a movimenta\u00e7\u00e3o.<\/p>\n\n\n\n<hr class=\"wp-block-separator has-alpha-channel-opacity\"\/>\n\n\n\n<h2 id='espa\u00e7os-bem-distribu\u00eddos-garantem-mais-conforto-e-funcionalidade'  class=\"wp-block-heading\"><strong>Espa\u00e7os bem distribu\u00eddos garantem mais conforto e funcionalidade<\/strong><\/h2>\n\n\n\n<p>A forma como um ambiente compacto \u00e9 organizado <strong>tem impacto direto na sua funcionalidade e sensa\u00e7\u00e3o de amplitude<\/strong>. Com uma <strong>setoriza\u00e7\u00e3o eficiente, integra\u00e7\u00e3o bem planejada e circula\u00e7\u00e3o livre<\/strong>, \u00e9 poss\u00edvel transformar qualquer espa\u00e7o pequeno em um ambiente equilibrado, aconchegante e altamente funcional.<\/p>\n\n\n\n<p>\u2728 <strong>Resumo das melhores pr\u00e1ticas:<\/strong><\/p>\n\n\n\n<p>\u2714 <strong>Defina \u00e1reas sem barreiras f\u00edsicas<\/strong>, usando cores, ilumina\u00e7\u00e3o e m\u00f3veis estrat\u00e9gicos.<br>\u2714 <strong>Integre ambientes com solu\u00e7\u00f5es inteligentes<\/strong>, como divis\u00f3rias leves e m\u00f3veis vers\u00e1teis.<br>\u2714 <strong>Garanta circula\u00e7\u00e3o livre<\/strong>, evitando excessos e mantendo o layout flu\u00eddo e bem distribu\u00eddo.<br>\u2714 <strong>Crie zonas funcionais bem definidas<\/strong>, organizando o espa\u00e7o para maior conforto e praticidade.<\/p>\n\n\n\n<hr class=\"wp-block-separator has-alpha-channel-opacity\"\/>\n\n\n\n<h2 id='mobili\u00e1rio-vers\u00e1til-solu\u00e7\u00f5es-inteligentes-para-otimizar-espa\u00e7os-compactos'  class=\"wp-block-heading\"><strong>Mobili\u00e1rio vers\u00e1til: solu\u00e7\u00f5es inteligentes para otimizar espa\u00e7os compactos<\/strong><\/h2>\n\n\n\n<p>Em ambientes reduzidos, <strong>cada m\u00f3vel precisa ser mais do que apenas decorativo<\/strong>. O mobili\u00e1rio vers\u00e1til e as solu\u00e7\u00f5es embutidas <strong>maximizam o aproveitamento do espa\u00e7o<\/strong>, permitindo um ambiente <strong>organizado, funcional e livre de excessos<\/strong>.<\/p>\n\n\n\n<p>M\u00f3veis multifuncionais, armazenamento oculto e pe\u00e7as adapt\u00e1veis garantem <strong>fluidez e praticidade no dia a dia<\/strong>, tornando qualquer espa\u00e7o compacto <strong>mais eficiente e confort\u00e1vel<\/strong>. Descubra como escolher os melhores elementos para <strong>transformar seu ambiente sem comprometer a est\u00e9tica ou a funcionalidade<\/strong>.<\/p>\n\n\n\n<hr class=\"wp-block-separator has-alpha-channel-opacity\"\/>\n\n\n\n<h2 id='como-m\u00f3veis-multifuncionais-ajudam-a-manter-a-organiza\u00e7\u00e3o-sem-excessos'  class=\"wp-block-heading\"><strong>Como m\u00f3veis multifuncionais ajudam a manter a organiza\u00e7\u00e3o sem excessos<\/strong><\/h2>\n\n\n\n<p>O excesso de m\u00f3veis pode <strong>reduzir a circula\u00e7\u00e3o e criar um ambiente visualmente sobrecarregado<\/strong>. O segredo para otimizar um espa\u00e7o compacto <strong>\u00e9 investir em pe\u00e7as que desempenhem mais de uma fun\u00e7\u00e3o<\/strong>, reduzindo a quantidade de elementos sem abrir m\u00e3o do conforto.<\/p>\n\n\n\n<p>\ud83d\udccd <strong>M\u00f3veis multifuncionais que otimizam espa\u00e7os pequenos:<\/strong><\/p>\n\n\n\n<p>\u2705 <strong>Sof\u00e1s-camas e poltronas convers\u00edveis<\/strong> \u2013 Durante o dia, funcionam como assentos; \u00e0 noite, se transformam em camas confort\u00e1veis.<br>\u2705 <strong>Mesas dobr\u00e1veis ou extens\u00edveis<\/strong> \u2013 Podem ser abertas apenas quando necess\u00e1rio, liberando espa\u00e7o no restante do tempo.<br>\u2705 <strong>Camas com gavetas ou ba\u00fas embutidos<\/strong> \u2013 Aproveitam a \u00e1rea sob o colch\u00e3o para armazenar roupas de cama, sapatos e itens sazonais.<br>\u2705 <strong>Pufes e bancos com compartimentos internos<\/strong> \u2013 Servem como assentos extras e ajudam a organizar objetos menores.<br>\u2705 <strong>Estantes modulares<\/strong> \u2013 Adaptam-se conforme a necessidade, permitindo reorganiza\u00e7\u00f5es sem necessidade de novos m\u00f3veis.<\/p>\n\n\n\n<p>\ud83d\udccc <strong>Dica extra:<\/strong> \ud83c\udfe1 <strong>Prefira m\u00f3veis de design clean e propor\u00e7\u00f5es adequadas ao ambiente, garantindo harmonia e equil\u00edbrio visual.<\/strong><\/p>\n\n\n\n<hr class=\"wp-block-separator has-alpha-channel-opacity\"\/>\n\n\n\n<h2 id='estrat\u00e9gias-para-armazenamento-oculto-e-integra\u00e7\u00e3o-de-solu\u00e7\u00f5es-embutidas'  class=\"wp-block-heading\"><strong>Estrat\u00e9gias para armazenamento oculto e integra\u00e7\u00e3o de solu\u00e7\u00f5es embutidas<\/strong><\/h2>\n\n\n\n<p>O armazenamento oculto <strong>mant\u00e9m o ambiente organizado sem comprometer a fluidez visual<\/strong>, permitindo que objetos do dia a dia sejam guardados de forma estrat\u00e9gica.<\/p>\n\n\n\n<p>\ud83d\udccd <strong>Solu\u00e7\u00f5es embutidas que ampliam o espa\u00e7o sem pesar no design:<\/strong><\/p>\n\n\n\n<p>\u2714 <strong>Prateleiras embutidas nas paredes<\/strong> \u2013 Aproveitam espa\u00e7os verticais para armazenar livros, decora\u00e7\u00e3o e utens\u00edlios.<br>\u2714 <strong>Arm\u00e1rios planejados do ch\u00e3o ao teto<\/strong> \u2013 Eliminam espa\u00e7os mortos e aumentam a capacidade de armazenamento.<br>\u2714 <strong>Nichos ocultos em m\u00f3veis<\/strong> \u2013 Criam \u00e1reas de organiza\u00e7\u00e3o sem ocupar espa\u00e7o extra.<br>\u2714 <strong>Cabeceiras de cama com compartimentos internos<\/strong> \u2013 Substituem criados-mudos volumosos e ajudam na organiza\u00e7\u00e3o.<br>\u2714 <strong>Portas de correr com nichos embutidos<\/strong> \u2013 Al\u00e9m de economizar espa\u00e7o, funcionam como solu\u00e7\u00e3o pr\u00e1tica para armazenar pequenos objetos.<\/p>\n\n\n\n<p>\ud83d\udccc <strong>Erro comum a evitar:<\/strong> \u274c <strong>Acumular muitos itens nos espa\u00e7os embutidos pode criar um efeito de desorganiza\u00e7\u00e3o interna.<\/strong> Mantenha apenas o essencial e organize tudo de forma funcional.<\/p>\n\n\n\n<hr class=\"wp-block-separator has-alpha-channel-opacity\"\/>\n\n\n\n<h2 id='a-import\u00e2ncia-de-escolher-pe\u00e7as-atemporais-e-adapt\u00e1veis-ao-dia-a-dia'  class=\"wp-block-heading\"><strong>A import\u00e2ncia de escolher pe\u00e7as atemporais e adapt\u00e1veis ao dia a dia<\/strong><\/h2>\n\n\n\n<p>M\u00f3veis vers\u00e1teis e embutidos <strong>precisam ser escolhidos com base na funcionalidade e na longevidade do design<\/strong>. Pe\u00e7as atemporais garantem que o espa\u00e7o continue <strong>moderno, pr\u00e1tico e eficiente ao longo do tempo<\/strong>, sem a necessidade de substitui\u00e7\u00f5es frequentes.<\/p>\n\n\n\n<p>\ud83d\udccd <strong>Como selecionar m\u00f3veis que acompanham as mudan\u00e7as do ambiente:<\/strong><\/p>\n\n\n\n<p>\u2705 <strong>Prefira materiais dur\u00e1veis<\/strong> \u2013 Madeira maci\u00e7a, MDF de alta qualidade e metais resistentes garantem maior vida \u00fatil.<br>\u2705 <strong>Escolha m\u00f3veis modulares<\/strong> \u2013 Podem ser reorganizados conforme a necessidade, acompanhando mudan\u00e7as no espa\u00e7o.<br>\u2705 <strong>Opte por designs neutros e vers\u00e1teis<\/strong> \u2013 Estilos clean e minimalistas combinam com diferentes decora\u00e7\u00f5es e evitam necessidade de substitui\u00e7\u00f5es.<br>\u2705 <strong>Invista em pe\u00e7as que crescem com o ambiente<\/strong> \u2013 Como estantes expans\u00edveis e mesas ajust\u00e1veis que podem ser ampliadas ao longo do tempo.<\/p>\n\n\n\n<p>\ud83d\udccc <strong>Dica extra:<\/strong> \ud83d\udecb\ufe0f <strong>evite tend\u00eancias passageiras e priorize m\u00f3veis que sejam funcionais e adapt\u00e1veis a diferentes configura\u00e7\u00f5es de espa\u00e7o.<\/strong><\/p>\n\n\n\n<hr class=\"wp-block-separator has-alpha-channel-opacity\"\/>\n\n\n\n<h2 id='funcionalidade-e-estilo-em-espa\u00e7os-compactos'  class=\"wp-block-heading\"><strong>Funcionalidade e estilo em espa\u00e7os compactos<\/strong><\/h2>\n\n\n\n<p>O uso de <strong>m\u00f3veis vers\u00e1teis e solu\u00e7\u00f5es embutidas<\/strong> \u00e9 essencial para criar um espa\u00e7o <strong>pr\u00e1tico, organizado e visualmente equilibrado<\/strong>. A otimiza\u00e7\u00e3o do ambiente permite que <strong>cada m\u00f3vel tenha um prop\u00f3sito claro, sem excessos<\/strong>, garantindo <strong>fluidez e conforto no dia a dia<\/strong>.<\/p>\n\n\n\n<p>\u2728 <strong>Resumo das melhores pr\u00e1ticas:<\/strong><\/p>\n\n\n\n<p>\u2714 <strong>Invista em m\u00f3veis multifuncionais<\/strong> para economizar espa\u00e7o sem abrir m\u00e3o do conforto.<br>\u2714 <strong>Aproveite armazenamento oculto e solu\u00e7\u00f5es embutidas<\/strong> para manter o ambiente organizado.<br>\u2714 <strong>Escolha pe\u00e7as atemporais e adapt\u00e1veis<\/strong>, garantindo longevidade e praticidade.<br>\u2714 <strong>Priorize um design clean e funcional<\/strong>, mantendo a est\u00e9tica leve e harm\u00f4nica.<\/p>\n\n\n\n<hr class=\"wp-block-separator has-alpha-channel-opacity\"\/>\n\n\n\n<h2 id='cores-ilumina\u00e7\u00e3o-e-materiais-comoliar-a-sensa\u00e7\u00e3o-de-espa\u00e7o-e-funcionalidade'  class=\"wp-block-heading\"><strong>Cores, ilumina\u00e7\u00e3o e materiais: como ampliar a sensa\u00e7\u00e3o de espa\u00e7o e funcionalidade<\/strong><\/h2>\n\n\n\n<p>Em ambientes compactos, <strong>a escolha de cores, ilumina\u00e7\u00e3o e materiais<\/strong> \u00e9 essencial para criar uma sensa\u00e7\u00e3o de <strong>amplitude, fluidez e conforto visual<\/strong>.<\/p>\n\n\n\n<p>Esses elementos n\u00e3o apenas influenciam a est\u00e9tica do espa\u00e7o, mas tamb\u00e9m <strong>afetam a percep\u00e7\u00e3o de profundidade e organiza\u00e7\u00e3o<\/strong>, tornando cada metro quadrado mais funcional e equilibrado.<\/p>\n\n\n\n<p>Ao combinar tons neutros, uma ilumina\u00e7\u00e3o bem planejada e materiais adequados, \u00e9 poss\u00edvel <strong>transformar um ambiente pequeno em um espa\u00e7o leve, pr\u00e1tico e convidativo<\/strong>, sem necessidade de grandes reformas. Descubra como aplicar essas estrat\u00e9gias para otimizar seu espa\u00e7o com efici\u00eancia.<\/p>\n\n\n\n<hr class=\"wp-block-separator has-alpha-channel-opacity\"\/>\n\n\n\n<figure class=\"wp-block-image size-large\"><img data-recalc-dims=\"1\" fetchpriority=\"high\" decoding=\"async\" width=\"1024\" height=\"585\" src=\"https:\/\/i0.wp.com\/1truenote.com\/wp-content\/uploads\/2025\/03\/DALL%C2%B7E-2025-03-07-14.53.23-A-beautifully-designed-compact-living-space-with-an-emphasis-on-organization-and-minimalism.-The-room-features-multifunctional-furniture-hidden-stora.webp?resize=1024%2C585&#038;ssl=1\" alt=\"\" class=\"wp-image-638\" srcset=\"https:\/\/i0.wp.com\/1truenote.com\/wp-content\/uploads\/2025\/03\/DALL%C2%B7E-2025-03-07-14.53.23-A-beautifully-designed-compact-living-space-with-an-emphasis-on-organization-and-minimalism.-The-room-features-multifunctional-furniture-hidden-stora.webp?resize=1024%2C585&amp;ssl=1 1024w, https:\/\/i0.wp.com\/1truenote.com\/wp-content\/uploads\/2025\/03\/DALL%C2%B7E-2025-03-07-14.53.23-A-beautifully-designed-compact-living-space-with-an-emphasis-on-organization-and-minimalism.-The-room-features-multifunctional-furniture-hidden-stora.webp?resize=300%2C171&amp;ssl=1 300w, https:\/\/i0.wp.com\/1truenote.com\/wp-content\/uploads\/2025\/03\/DALL%C2%B7E-2025-03-07-14.53.23-A-beautifully-designed-compact-living-space-with-an-emphasis-on-organization-and-minimalism.-The-room-features-multifunctional-furniture-hidden-stora.webp?resize=768%2C439&amp;ssl=1 768w, https:\/\/i0.wp.com\/1truenote.com\/wp-content\/uploads\/2025\/03\/DALL%C2%B7E-2025-03-07-14.53.23-A-beautifully-designed-compact-living-space-with-an-emphasis-on-organization-and-minimalism.-The-room-features-multifunctional-furniture-hidden-stora.webp?resize=1536%2C878&amp;ssl=1 1536w, https:\/\/i0.wp.com\/1truenote.com\/wp-content\/uploads\/2025\/03\/DALL%C2%B7E-2025-03-07-14.53.23-A-beautifully-designed-compact-living-space-with-an-emphasis-on-organization-and-minimalism.-The-room-features-multifunctional-furniture-hidden-stora.webp?w=1792&amp;ssl=1 1792w\" sizes=\"(max-width: 1024px) 100vw, 1024px\" \/><\/figure>\n\n\n\n<h2 id='o-papel-das-cores-neutras-na-organiza\u00e7\u00e3o-visual-e-na-sensa\u00e7\u00e3o-delitude'  class=\"wp-block-heading\"><strong>O papel das cores neutras na organiza\u00e7\u00e3o visual e na sensa\u00e7\u00e3o de amplitude<\/strong><\/h2>\n\n\n\n<p>As cores t\u00eam <strong>um grande impacto na percep\u00e7\u00e3o do espa\u00e7o<\/strong>. Em ambientes compactos, o uso de tons neutros e claros <strong>ajuda a refletir a luz, tornando o local mais iluminado e visualmente maior<\/strong>.<\/p>\n\n\n\n<p>\ud83d\udccd <strong>Benef\u00edcios das cores neutras em espa\u00e7os reduzidos:<\/strong><\/p>\n\n\n\n<p>\u2705 <strong>Criam uma base visual uniforme<\/strong> \u2013 Reduzem a sensa\u00e7\u00e3o de sobrecarga e evitam polui\u00e7\u00e3o visual.<br>\u2705 <strong>Aumentam a sensa\u00e7\u00e3o de profundidade<\/strong> \u2013 Paredes em tons claros d\u00e3o a impress\u00e3o de que o espa\u00e7o se estende al\u00e9m do que realmente \u00e9.<br>\u2705 <strong>Facilitam combina\u00e7\u00f5es<\/strong> \u2013 Permitem integrar m\u00f3veis e acess\u00f3rios de diferentes estilos sem sobrecarregar a decora\u00e7\u00e3o.<br>\u2705 <strong>Contribuem para um ambiente mais organizado<\/strong> \u2013 Cores suaves transmitem leveza e simplicidade, tornando o espa\u00e7o mais equilibrado.<\/p>\n\n\n\n<p>\ud83d\udccc <strong>Dica pr\u00e1tica:<\/strong> \ud83c\udfa8 <strong>Tons como branco, bege, cinza-claro e off-White s\u00e3o ideais para ampliar a sensa\u00e7\u00e3o de espa\u00e7o e manter a organiza\u00e7\u00e3o visual.<\/strong><\/p>\n\n\n\n<hr class=\"wp-block-separator has-alpha-channel-opacity\"\/>\n\n\n\n<h2 id='como-a-ilumina\u00e7\u00e3o-natural-e-artificial-influencia-a-funcionalidade-do-ambiente'  class=\"wp-block-heading\"><strong>Como a ilumina\u00e7\u00e3o natural e artificial influencia a funcionalidade do ambiente<\/strong><\/h2>\n\n\n\n<p>A ilumina\u00e7\u00e3o <strong>tem um papel essencial<\/strong> na valoriza\u00e7\u00e3o do espa\u00e7o. Um ambiente bem iluminado parece <strong>mais amplo, agrad\u00e1vel e funcional<\/strong>. O segredo est\u00e1 em <strong>combinar luz natural e artificial de maneira estrat\u00e9gica<\/strong>, garantindo um efeito equilibrado ao longo do dia.<\/p>\n\n\n\n<p>\ud83d\udccd <strong>Como utilizar a ilumina\u00e7\u00e3o para ampliar o ambiente:<\/strong><\/p>\n\n\n\n<p>\u2714 <strong>Aproveite ao m\u00e1ximo a luz natural<\/strong> \u2013 Janelas sem cortinas pesadas e espelhos posicionados estrategicamente ajudam a refletir e espalhar a ilumina\u00e7\u00e3o.<br>\u2714 <strong>Use luzes embutidas e indiretas<\/strong> \u2013 Spots no teto, lumin\u00e1rias embutidas e fitas de LED evitam sombras pesadas e ampliam a percep\u00e7\u00e3o de espa\u00e7o.<br>\u2714 <strong>Prefira l\u00e2mpadas de tons neutros ou quentes<\/strong> \u2013 Criam um ambiente aconchegante sem comprometer a sensa\u00e7\u00e3o de amplitude.<br>\u2714 <strong>Destaque pontos estrat\u00e9gicos<\/strong> \u2013 Iluminar nichos, prateleiras e m\u00f3veis pode valorizar \u00e1reas espec\u00edficas e criar um efeito de profundidade.<\/p>\n\n\n\n<p>\ud83d\udccc <strong>Erro comum a evitar:<\/strong> \u274c Ilumina\u00e7\u00e3o mal distribu\u00edda pode criar sombras e tornar o ambiente menor do que realmente \u00e9. <strong>Espalhe pontos de luz para garantir um espa\u00e7o bem equilibrado.<\/strong><\/p>\n\n\n\n<hr class=\"wp-block-separator has-alpha-channel-opacity\"\/>\n\n\n\n<h2 id='materiais-que-transmitem-leveza-e-facilitam-a-manuten\u00e7\u00e3o-em-espa\u00e7os-reduzidos'  class=\"wp-block-heading\"><strong>Materiais que transmitem leveza e facilitam a manuten\u00e7\u00e3o em espa\u00e7os reduzidos<\/strong><\/h2>\n\n\n\n<p>A escolha dos materiais certos <strong>faz toda a diferen\u00e7a na percep\u00e7\u00e3o de um ambiente compacto<\/strong>. Materiais leves e de f\u00e1cil manuten\u00e7\u00e3o ajudam a <strong>manter a praticidade no dia a dia e evitam a sensa\u00e7\u00e3o de sobrecarga visual<\/strong>.<\/p>\n\n\n\n<p>\ud83d\udccd <strong>Melhores materiais para espa\u00e7os pequenos:<\/strong><\/p>\n\n\n\n<p>\u2705 <strong>Vidro e acr\u00edlico<\/strong> \u2013 Superf\u00edcies transparentes criam continuidade visual e deixam o espa\u00e7o mais leve.<br>\u2705 <strong>Madeira clara e laminados suaves<\/strong> \u2013 Proporcionam aconchego sem pesar no design.<br>\u2705 <strong>Porcelanato acetinado e cimento queimado<\/strong> \u2013 Op\u00e7\u00f5es resistentes e de f\u00e1cil limpeza, ideais para pisos e paredes.<br>\u2705 <strong>Tecidos leves e naturais<\/strong> \u2013 Linho e algod\u00e3o ajudam a criar uma atmosfera clean e confort\u00e1vel.<br>\u2705 <strong>Metais discretos e foscos<\/strong> \u2013 Puxadores e detalhes met\u00e1licos em tons suaves adicionam sofistica\u00e7\u00e3o sem exageros.<\/p>\n\n\n\n<p>\ud83d\udccc <strong>Dica extra:<\/strong> \ud83c\udfe1 <strong>Materiais que refletem luz, como espelhos e acabamentos acetinados, ajudam a criar um efeito de amplitude sem ocupar espa\u00e7o f\u00edsico.<\/strong><\/p>\n\n\n\n<hr class=\"wp-block-separator has-alpha-channel-opacity\"\/>\n\n\n\n<h2 id='espa\u00e7os-compactos-bem-iluminados-e-equilibrados'  class=\"wp-block-heading\"><strong>Espa\u00e7os compactos bem iluminados e equilibrados<\/strong><\/h2>\n\n\n\n<p>A combina\u00e7\u00e3o de <strong>cores neutras, ilumina\u00e7\u00e3o estrat\u00e9gica e materiais leves<\/strong> cria um ambiente <strong>amplo, funcional e harmonioso<\/strong>, sem necessidade de grandes modifica\u00e7\u00f5es estruturais.<\/p>\n\n\n\n<p>\u2728 <strong>Resumo das melhores pr\u00e1ticas:<\/strong><\/p>\n\n\n\n<p>\u2714 Utilize <strong>tons claros e neutros<\/strong> para ampliar a percep\u00e7\u00e3o de espa\u00e7o e manter a organiza\u00e7\u00e3o visual.<br>\u2714 <strong>Aproveite a luz natural<\/strong> e complemente com <strong>ilumina\u00e7\u00e3o artificial bem distribu\u00edda<\/strong> para evitar sombras e destacar \u00e1reas estrat\u00e9gicas.<br>\u2714 Escolha <strong>materiais leves e de f\u00e1cil manuten\u00e7\u00e3o<\/strong>, como vidro, madeira clara e tecidos naturais, para garantir um ambiente pr\u00e1tico e aconchegante.<br>\u2714 <strong>Use espelhos e superf\u00edcies refletivas<\/strong> para potencializar a sensa\u00e7\u00e3o de amplitude.<\/p>\n\n\n\n<hr class=\"wp-block-separator has-alpha-channel-opacity\"\/>\n\n\n\n<h2 id='organiza\u00e7\u00e3o-funcional-como-evitar-ac\u00famulo-e-manter-a-harmonia-em-espa\u00e7os-compactos'  class=\"wp-block-heading\"><strong>Organiza\u00e7\u00e3o funcional: como evitar ac\u00famulo e manter a harmonia em espa\u00e7os compactos<\/strong><\/h2>\n\n\n\n<p>A verdadeira ess\u00eancia de um espa\u00e7o minimalista <strong>n\u00e3o est\u00e1 apenas na est\u00e9tica clean, mas na funcionalidade e na organiza\u00e7\u00e3o cont\u00ednua<\/strong>.<\/p>\n\n\n\n<p>Em ambientes compactos, <strong>o excesso de objetos pode comprometer a fluidez e gerar desordem rapidamente<\/strong>, tornando essencial a ado\u00e7\u00e3o de um sistema que evite o ac\u00famulo e mantenha a harmonia do espa\u00e7o.<\/p>\n\n\n\n<p>A seguir, exploramos <strong>m\u00e9todos pr\u00e1ticos para manter um ambiente organizado sem esfor\u00e7o, estrat\u00e9gias para descarte consciente e a cria\u00e7\u00e3o de sistemas inteligentes que simplificam a rotina<\/strong>.<\/p>\n\n\n\n<hr class=\"wp-block-separator has-alpha-channel-opacity\"\/>\n\n\n\n<h2 id='m\u00e9todos-pr\u00e1ticos-para-manter-um-espa\u00e7o-minimalista-sem-esfor\u00e7o'  class=\"wp-block-heading\"><strong>M\u00e9todos pr\u00e1ticos para manter um espa\u00e7o minimalista sem esfor\u00e7o<\/strong><\/h2>\n\n\n\n<p>A organiza\u00e7\u00e3o funcional deve ser <strong>simples e intuitiva<\/strong>, garantindo que manter tudo em ordem n\u00e3o se torne uma tarefa cansativa. Pequenos h\u00e1bitos podem <strong>evitar o ac\u00famulo e manter a fluidez do ambiente no dia a dia<\/strong>.<\/p>\n\n\n\n<p>\ud83d\udccd <strong>Pr\u00e1ticas essenciais para um espa\u00e7o sempre organizado:<\/strong><\/p>\n\n\n\n<p>\u2705 <strong>Adote a regra do &#8220;um entra, um sai&#8221;<\/strong> \u2013 Sempre que um novo item entrar no ambiente, outro deve ser doado ou descartado.<br>\u2705 <strong>Mantenha superf\u00edcies livres de ac\u00famulo<\/strong> \u2013 Evite encher bancadas e mesas com objetos desnecess\u00e1rios.<br>\u2705 <strong>Tenha um lugar fixo para cada coisa<\/strong> \u2013 Isso reduz o tempo de busca e evita desorganiza\u00e7\u00e3o.<br>\u2705 <strong>Fa\u00e7a revis\u00f5es peri\u00f3dicas nos arm\u00e1rios e gavetas<\/strong> \u2013 Ao menos uma vez por m\u00eas, avalie o que realmente ainda faz sentido manter.<br>\u2705 <strong>Utilize cestos e organizadores<\/strong> \u2013 Dividir pequenos objetos por categoria facilita a manuten\u00e7\u00e3o da ordem.<\/p>\n\n\n\n<p>\ud83d\udccc <strong>Dica extra:<\/strong> \ud83c\udfe1 <strong>Torne a organiza\u00e7\u00e3o parte da rotina, dedicando alguns minutos di\u00e1rios para manter tudo no lugar e evitar o ac\u00famulo desnecess\u00e1rio.<\/strong><\/p>\n\n\n\n<hr class=\"wp-block-separator has-alpha-channel-opacity\"\/>\n\n\n\n<h2 id='t\u00e9cnicas-de-descarte-consciente-e-sele\u00e7\u00e3o-criteriosa-de-objetos'  class=\"wp-block-heading\"><strong>T\u00e9cnicas de descarte consciente e sele\u00e7\u00e3o criteriosa de objetos<\/strong><\/h2>\n\n\n\n<p>O excesso de itens pode <strong>sobrecarregar um ambiente pequeno e dificultar a organiza\u00e7\u00e3o<\/strong>. Para evitar isso, <strong>\u00e9 essencial adotar um processo criterioso de sele\u00e7\u00e3o<\/strong>, garantindo que apenas os itens \u00fateis e significativos permane\u00e7am.<\/p>\n\n\n\n<p>\ud83d\udccd <strong>Como decidir o que manter e o que descartar:<\/strong><\/p>\n\n\n\n<p>\u2714 <strong>M\u00e9todo da utilidade e do prop\u00f3sito<\/strong> \u2013 Se um objeto n\u00e3o foi utilizado nos \u00faltimos seis meses e n\u00e3o tem um prop\u00f3sito claro, provavelmente pode ser dispensado.<br>\u2714 <strong>Regra do desapego emocional<\/strong> \u2013 Guardar itens apenas por apego pode gerar ac\u00famulo desnecess\u00e1rio. Priorize aquilo que realmente faz sentido no presente.<br>\u2714 <strong>Classifica\u00e7\u00e3o por categorias<\/strong> \u2013 Separar objetos por fun\u00e7\u00e3o facilita a avalia\u00e7\u00e3o e reduz repeti\u00e7\u00f5es desnecess\u00e1rias.<br>\u2714 <strong>Doe ou venda o que n\u00e3o usa mais<\/strong> \u2013 Em vez de manter itens esquecidos em gavetas, permita que eles tenham uma nova utilidade com outra pessoa.<br>\u2714 <strong>Evite compras por impulso<\/strong> \u2013 Antes de adquirir algo novo, pergunte-se se realmente h\u00e1 necessidade e espa\u00e7o para ele.<\/p>\n\n\n\n<p>\ud83d\udccc <strong>Exemplo pr\u00e1tico:<\/strong> \ud83c\udfaf <strong>Criar o h\u00e1bito de revisar itens ao trocar as esta\u00e7\u00f5es do ano ajuda a eliminar objetos que j\u00e1 n\u00e3o fazem sentido manter.<\/strong><\/p>\n\n\n\n<hr class=\"wp-block-separator has-alpha-channel-opacity\"\/>\n\n\n\n<h2 id='como-criar-sistemas-de-organiza\u00e7\u00e3o-que-simplificam-o-dia-a-dia'  class=\"wp-block-heading\"><strong>Como criar sistemas de organiza\u00e7\u00e3o que simplificam o dia a dia<\/strong><\/h2>\n\n\n\n<p>Um ambiente organizado n\u00e3o precisa ser complicado. <strong>Sistemas simples e eficientes ajudam a manter tudo no lugar, facilitando a rotina e reduzindo a necessidade de reordena\u00e7\u00f5es constantes<\/strong>.<\/p>\n\n\n\n<p>\ud83d\udccd <strong>Dicas para um sistema de organiza\u00e7\u00e3o pr\u00e1tico e funcional:<\/strong><\/p>\n\n\n\n<p>\u2705 <strong>Aproveite armazenamento vertical<\/strong> \u2013 Prateleiras e nichos otimizam o espa\u00e7o sem comprometer a circula\u00e7\u00e3o.<br>\u2705 <strong>Divida o ambiente em zonas funcionais<\/strong> \u2013 Cada \u00e1rea deve ser destinada a um tipo de atividade, evitando que objetos fiquem espalhados de forma aleat\u00f3ria.<br>\u2705 <strong>Etiquetas e identificadores ajudam<\/strong> \u2013 Rotular caixas e compartimentos facilita encontrar rapidamente o que \u00e9 necess\u00e1rio.<br>\u2705 <strong>Armazene itens conforme a frequ\u00eancia de uso<\/strong> \u2013 Objetos usados no dia a dia devem estar acess\u00edveis, enquanto os sazonais podem ficar em locais menos vis\u00edveis.<br>\u2705 <strong>Mantenha o minimalismo visual<\/strong> \u2013 Escolha organizadores discretos e evite excesso de cores para manter o ambiente harmonioso.<\/p>\n\n\n\n<p>\ud83d\udccc <strong>Erro comum a evitar:<\/strong> \u274c <strong>Acumular organizadores e caixas sem crit\u00e9rio pode gerar mais confus\u00e3o do que solu\u00e7\u00e3o. Prefira sistemas simples e intuitivos.<\/strong><\/p>\n\n\n\n<hr class=\"wp-block-separator has-alpha-channel-opacity\"\/>\n\n\n\n<h2 id='organiza\u00e7\u00e3o-inteligente-para-um-ambiente-mais-leve-e-funcional'  class=\"wp-block-heading\"><strong>Organiza\u00e7\u00e3o inteligente para um ambiente mais leve e funcional<\/strong><\/h2>\n\n\n\n<p>A manuten\u00e7\u00e3o de um espa\u00e7o compacto <strong>vai al\u00e9m da est\u00e9tica<\/strong> \u2013 <strong>um ambiente bem-organizado impacta diretamente na praticidade do dia a dia e na sensa\u00e7\u00e3o de bem-estar<\/strong>.<\/p>\n\n\n\n<p>\u2728 <strong>Resumo das melhores pr\u00e1ticas:<\/strong><\/p>\n\n\n\n<p>\u2714 <strong>Adote m\u00e9todos pr\u00e1ticos<\/strong> para manter o espa\u00e7o sempre organizado sem esfor\u00e7o.<br>\u2714 <strong>Pratique o descarte consciente<\/strong>, mantendo apenas o essencial e evitando ac\u00famulos desnecess\u00e1rios.<br>\u2714 <strong>Implemente sistemas de organiza\u00e7\u00e3o simples e eficientes<\/strong>, garantindo que cada objeto tenha um lugar definido.<br>\u2714 <strong>Evite excessos visuais<\/strong>, priorizando armazenamento discreto e bem planejado.<\/p>\n\n\n\n<hr class=\"wp-block-separator has-alpha-channel-opacity\"\/>\n\n\n\n<h2 id='tecnologia-e-minimalismo-como-otimizar-espa\u00e7os-compactos-com-efici\u00eancia-e-praticidade'  class=\"wp-block-heading\"><strong>Tecnologia e minimalismo: como otimizar espa\u00e7os compactos com efici\u00eancia e praticidade<\/strong><\/h2>\n\n\n\n<p>A integra\u00e7\u00e3o de tecnologia em espa\u00e7os compactos <strong>vai muito al\u00e9m do conforto<\/strong> \u2013 trata-se de uma ferramenta poderosa para <strong>otimizar o ambiente, reduzir desperd\u00edcios e garantir uma organiza\u00e7\u00e3o funcional sem esfor\u00e7o<\/strong>.<\/p>\n\n\n\n<p>Sistemas inteligentes <strong>automatizam tarefas, ajustam a ilumina\u00e7\u00e3o e climatiza\u00e7\u00e3o conforme a necessidade e at\u00e9 auxiliam no armazenamento<\/strong>, tornando o dia a dia mais fluido e pr\u00e1tico.<\/p>\n\n\n\n<p>Seja atrav\u00e9s de <strong>sensores, assistentes virtuais ou aplicativos de controle<\/strong>, a tecnologia pode <strong>transformar qualquer ambiente em um espa\u00e7o funcional e intuitivo<\/strong>, permitindo que <strong>o minimalismo se estenda n\u00e3o apenas ao design, mas tamb\u00e9m \u00e0 rotina di\u00e1ria<\/strong>.<\/p>\n\n\n\n<hr class=\"wp-block-separator has-alpha-channel-opacity\"\/>\n\n\n\n<h2 id='como-a-automa\u00e7\u00e3o-pode-ajudar-na-otimiza\u00e7\u00e3o-do-espa\u00e7o-e-na-organiza\u00e7\u00e3o'  class=\"wp-block-heading\"><strong>Como a automa\u00e7\u00e3o pode ajudar na otimiza\u00e7\u00e3o do espa\u00e7o e na organiza\u00e7\u00e3o<\/strong><\/h2>\n\n\n\n<p>Em um ambiente compacto, cada metro quadrado precisa ser <strong>bem aproveitado e funcional<\/strong>. A automa\u00e7\u00e3o permite que <strong>m\u00f3veis, ilumina\u00e7\u00e3o e sistemas de armazenamento sejam ajustados conforme o uso<\/strong>, garantindo praticidade e eliminando a necessidade de interven\u00e7\u00f5es manuais constantes.<\/p>\n\n\n\n<p>\ud83d\udccd <strong>Principais vantagens da automa\u00e7\u00e3o em espa\u00e7os pequenos:<\/strong><\/p>\n\n\n\n<p>\u2705 <strong>M\u00f3veis retr\u00e1teis e motorizados<\/strong> \u2013 Camas embutidas e mesas dobr\u00e1veis que podem ser acionadas por controle remoto para liberar espa\u00e7o quando n\u00e3o est\u00e3o em uso.<br>\u2705 <strong>Ilumina\u00e7\u00e3o automatizada<\/strong> \u2013 Sensores e assistentes virtuais ajustam a luz conforme o hor\u00e1rio do dia, economizando energia e melhorando o conforto visual.<br>\u2705 <strong>Armazenamento inteligente<\/strong> \u2013 Prateleiras e compartimentos que se expandem automaticamente, otimizando \u00e1reas de dif\u00edcil acesso.<br>\u2705 <strong>Fechaduras e cortinas motorizadas<\/strong> \u2013 Proporcionam mais seguran\u00e7a e praticidade no controle do ambiente.<\/p>\n\n\n\n<p>\ud83d\udccc <strong>Dica extra:<\/strong> \ud83d\ude80 <strong>Investir em m\u00f3veis com acionamento autom\u00e1tico garante um espa\u00e7o din\u00e2mico e adapt\u00e1vel \u00e0s diferentes necessidades do dia a dia.<\/strong><\/p>\n\n\n\n<hr class=\"wp-block-separator has-alpha-channel-opacity\"\/>\n\n\n\n<h2 id='sensores-inteligentes-e-sistemas-automatizados-para-controle-de-ilumina\u00e7\u00e3o-climatiza\u00e7\u00e3o-e-armazenamento'  class=\"wp-block-heading\"><strong>Sensores inteligentes e sistemas automatizados para controle de ilumina\u00e7\u00e3o, climatiza\u00e7\u00e3o e armazenamento<\/strong><\/h2>\n\n\n\n<p>A tecnologia dos <strong>sensores inteligentes<\/strong> pode transformar a forma como um espa\u00e7o \u00e9 utilizado, ajustando ilumina\u00e7\u00e3o, temperatura e at\u00e9 armazenamento de maneira autom\u00e1tica. Esses sistemas evitam desperd\u00edcio de recursos e tornam o ambiente <strong>mais funcional e eficiente<\/strong>.<\/p>\n\n\n\n<p>\ud83d\udccd <strong>Tecnologias que fazem a diferen\u00e7a:<\/strong><\/p>\n\n\n\n<p>\u2714 <strong>Sensores de ilumina\u00e7\u00e3o<\/strong> \u2013 Acendem e apagam as luzes automaticamente conforme a presen\u00e7a de pessoas no ambiente.<br>\u2714 <strong>Controle inteligente de climatiza\u00e7\u00e3o<\/strong> \u2013 Ajusta a temperatura conforme a necessidade, reduzindo o consumo de energia.<br>\u2714 <strong>Assistentes de voz e automa\u00e7\u00e3o residencial<\/strong> \u2013 Permitem controlar dispositivos como l\u00e2mpadas, eletrodom\u00e9sticos e fechaduras via comandos de voz.<br>\u2714 <strong>Sensores de umidade e qualidade do ar<\/strong> \u2013 Monitoram o ambiente e ativam purificadores ou desumidificadores quando necess\u00e1rio.<br>\u2714 <strong>Armazenamento modular automatizado<\/strong> \u2013 Sistemas que reorganizam compartimentos de forma inteligente para otimizar espa\u00e7os internos.<\/p>\n\n\n\n<p>\ud83d\udccc <strong>Exemplo pr\u00e1tico:<\/strong> \ud83d\udd04 <strong>Prateleiras que deslizam automaticamente para acessar compartimentos ocultos ajudam a maximizar a organiza\u00e7\u00e3o sem comprometer a est\u00e9tica do ambiente.<\/strong><\/p>\n\n\n\n<hr class=\"wp-block-separator has-alpha-channel-opacity\"\/>\n\n\n\n<h2 id='ferramentas-digitais-que-facilitam-a-gest\u00e3o-e-manuten\u00e7\u00e3o-de-um-ambiente-minimalista'  class=\"wp-block-heading\"><strong>Ferramentas digitais que facilitam a gest\u00e3o e manuten\u00e7\u00e3o de um ambiente minimalista<\/strong><\/h2>\n\n\n\n<p>Al\u00e9m dos dispositivos f\u00edsicos, <strong>ferramentas digitais podem auxiliar na gest\u00e3o da organiza\u00e7\u00e3o, manuten\u00e7\u00e3o e consumo de recursos<\/strong> em um ambiente minimalista. Aplicativos e sistemas inteligentes <strong>tornam a rotina mais pr\u00e1tica e garantem que o espa\u00e7o continue funcional ao longo do tempo<\/strong>.<\/p>\n\n\n\n<p>\ud83d\udccd <strong>Principais ferramentas para um ambiente mais eficiente:<\/strong><\/p>\n\n\n\n<p>\u2705 <strong>Aplicativos de organiza\u00e7\u00e3o<\/strong> \u2013 Plataformas como Notion e Todoist ajudam a criar listas e lembretes para manter o espa\u00e7o sempre organizado.<br>\u2705 <strong>Gerenciamento de consumo energ\u00e9tico<\/strong> \u2013 Apps que monitoram o uso de eletr\u00f4nicos e sugerem ajustes para reduzir desperd\u00edcios.<br>\u2705 <strong>Controle digital de estoque dom\u00e9stico<\/strong> \u2013 Aplicativos que ajudam a gerenciar alimentos e produtos essenciais, evitando compras desnecess\u00e1rias.<br>\u2705 <strong>Plataformas de automa\u00e7\u00e3o residencial<\/strong> \u2013 Google Home, Alexa e Apple HomeKit permitem gerenciar ilumina\u00e7\u00e3o, climatiza\u00e7\u00e3o e eletrodom\u00e9sticos via celular.<\/p>\n\n\n\n<p>\ud83d\udccc <strong>Dica extra:<\/strong> \ud83d\udcf2 <strong>Integrar diferentes tecnologias em um \u00fanico sistema facilita o controle e otimiza a funcionalidade do ambiente de forma intuitiva.<\/strong><\/p>\n\n\n\n<hr class=\"wp-block-separator has-alpha-channel-opacity\"\/>\n\n\n\n<h2 id='tecnologia-a-favor-do-minimalismo-e-da-efici\u00eancia'  class=\"wp-block-heading\"><strong>Tecnologia a favor do minimalismo e da efici\u00eancia<\/strong><\/h2>\n\n\n\n<p>A tecnologia bem aplicada <strong>torna qualquer ambiente mais inteligente, pr\u00e1tico e adapt\u00e1vel ao dia a dia<\/strong>, garantindo uma organiza\u00e7\u00e3o funcional sem comprometer a est\u00e9tica minimalista.<\/p>\n\n\n\n<p>\u2728 <strong>Resumo das melhores pr\u00e1ticas:<\/strong><\/p>\n\n\n\n<p>\u2714 <strong>Automatize ilumina\u00e7\u00e3o, climatiza\u00e7\u00e3o e armazenamento<\/strong> para otimizar espa\u00e7o e evitar desperd\u00edcios.<br>\u2714 <strong>Utilize sensores inteligentes<\/strong> para monitoramento e ajustes autom\u00e1ticos conforme a necessidade do ambiente.<br>\u2714 <strong>Aposte em m\u00f3veis motorizados e retr\u00e1teis<\/strong> para garantir mais flexibilidade no uso do espa\u00e7o.<br>\u2714 <strong>Use ferramentas digitais<\/strong> para manter a organiza\u00e7\u00e3o e facilitar a gest\u00e3o da rotina minimalista.<\/p>\n\n\n\n<hr class=\"wp-block-separator has-alpha-channel-opacity\"\/>\n\n\n\n<h2 id='faq-perguntas-frequentes'  class=\"wp-block-heading\"><strong>FAQ \u2013 Perguntas Frequentes<\/strong><\/h2>\n\n\n\n<h3 id='\u2714-como-posso-adaptar-um-espa\u00e7o-pequeno-sem-comprometer-a-funcionalidade'  class=\"wp-block-heading\"><strong>\u2714 Como posso adaptar um espa\u00e7o pequeno sem comprometer a funcionalidade?<\/strong><\/h3>\n\n\n\n<p>Use <strong>m\u00f3veis multifuncionais<\/strong>, aproveite <strong>armazenamento vertical<\/strong>, <strong>evite excesso de itens<\/strong> e <strong>mantenha a circula\u00e7\u00e3o livre<\/strong> para um ambiente mais fluido.<\/p>\n\n\n\n<h3 id='\u2714-quais-m\u00f3veis-s\u00e3o-mais-indicados-para-manter-um-ambiente-minimalista-e-organizado'  class=\"wp-block-heading\"><strong>\u2714 Quais m\u00f3veis s\u00e3o mais indicados para manter um ambiente minimalista e organizado?<\/strong><\/h3>\n\n\n\n<p>Opte por <strong>sof\u00e1s-camas, mesas dobr\u00e1veis, estantes modulares, camas com gavetas e pufes com compartimentos internos<\/strong>.<\/p>\n\n\n\n<h3 id='\u2714-como-evitar-o-ac\u00famulo-de-objetos-sem-renunciar-ao-conforto'  class=\"wp-block-heading\"><strong>\u2714 Como evitar o ac\u00famulo de objetos sem renunciar ao conforto?<\/strong><\/h3>\n\n\n\n<p>Aplique a <strong>regra do \u201cum entra, um sai\u201d<\/strong>, mantenha apenas <strong>itens essenciais<\/strong>, use <strong>organiza\u00e7\u00e3o por categorias<\/strong> e <strong>revise periodicamente o que realmente usa<\/strong>.<\/p>\n\n\n\n<h3 id='\u2714-qual-a-melhor-forma-de-integrar-ilumina\u00e7\u00e3o-e-cores-paraliar-a-sensa\u00e7\u00e3o-de-espa\u00e7o'  class=\"wp-block-heading\"><strong>\u2714 Qual a melhor forma de integrar ilumina\u00e7\u00e3o e cores para ampliar a sensa\u00e7\u00e3o de espa\u00e7o?<\/strong><\/h3>\n\n\n\n<p>Prefira <strong>tons claros e neutros<\/strong>, <strong>espelhos para refletir luz<\/strong>, <strong>ilumina\u00e7\u00e3o indireta e bem distribu\u00edda<\/strong>, al\u00e9m de <strong>cortinas leves para aproveitar a luz natural<\/strong>.<\/p>\n\n\n\n<h3 id='\u2714-existe-alguma-tecnologia-acess\u00edvel-que-ajude-na-organiza\u00e7\u00e3o-e-otimiza\u00e7\u00e3o-de-ambientes-pequenos'  class=\"wp-block-heading\"><strong>\u2714 Existe alguma tecnologia acess\u00edvel que ajude na organiza\u00e7\u00e3o e otimiza\u00e7\u00e3o de ambientes pequenos?<\/strong><\/h3>\n\n\n\n<p>Sim! <strong>Sensores de ilumina\u00e7\u00e3o, assistentes de voz, m\u00f3veis motorizados, aplicativos de organiza\u00e7\u00e3o e fechaduras inteligentes<\/strong> tornam o espa\u00e7o mais funcional.<\/p>\n\n\n\n<p><\/p>","protected":false},"excerpt":{"rendered":"<p>Espa\u00e7os bem planejados: a arte de equilibrar funcionalidade e fluidez no minimalismo A organiza\u00e7\u00e3o funcional em espa\u00e7os compactos n\u00e3o \u00e9&#8230;<\/p>","protected":false},"author":1,"featured_media":637,"comment_status":"open","ping_status":"open","sticky":false,"template":"","format":"standard","meta":{"_kad_post_transparent":"","_kad_post_title":"","_kad_post_layout":"","_kad_post_sidebar_id":"","_kad_post_content_style":"","_kad_post_vertical_padding":"","_kad_post_feature":"","_kad_post_feature_position":"","_kad_post_header":false,"_kad_post_footer":false,"_kad_post_classname":"","footnotes":"","jetpack_publicize_message":"","jetpack_publicize_feature_enabled":true,"jetpack_social_post_already_shared":false,"jetpack_social_options":{"image_generator_settings":{"template":"highway","default_image_id":0,"font":"","enabled":false},"version":2}},"categories":[16],"tags":[13],"class_list":["post-636","post","type-post","status-publish","format-standard","has-post-thumbnail","hentry","category-casa-e-jardim","tag-minimalista"],"jetpack_publicize_connections":[],"jetpack_featured_media_url":"https:\/\/i0.wp.com\/1truenote.com\/wp-content\/uploads\/2025\/03\/Design-sem-nome-2-1.webp?fit=600%2C400&ssl=1","jetpack_sharing_enabled":true,"_links":{"self":[{"href":"https:\/\/1truenote.com\/en\/wp-json\/wp\/v2\/posts\/636","targetHints":{"allow":["GET"]}}],"collection":[{"href":"https:\/\/1truenote.com\/en\/wp-json\/wp\/v2\/posts"}],"about":[{"href":"https:\/\/1truenote.com\/en\/wp-json\/wp\/v2\/types\/post"}],"author":[{"embeddable":true,"href":"https:\/\/1truenote.com\/en\/wp-json\/wp\/v2\/users\/1"}],"replies":[{"embeddable":true,"href":"https:\/\/1truenote.com\/en\/wp-json\/wp\/v2\/comments?post=636"}],"version-history":[{"count":0,"href":"https:\/\/1truenote.com\/en\/wp-json\/wp\/v2\/posts\/636\/revisions"}],"wp:featuredmedia":[{"embeddable":true,"href":"https:\/\/1truenote.com\/en\/wp-json\/wp\/v2\/media\/637"}],"wp:attachment":[{"href":"https:\/\/1truenote.com\/en\/wp-json\/wp\/v2\/media?parent=636"}],"wp:term":[{"taxonomy":"category","embeddable":true,"href":"https:\/\/1truenote.com\/en\/wp-json\/wp\/v2\/categories?post=636"},{"taxonomy":"post_tag","embeddable":true,"href":"https:\/\/1truenote.com\/en\/wp-json\/wp\/v2\/tags?post=636"}],"curies":[{"name":"wp","href":"https:\/\/api.w.org\/{rel}","templated":true}]}}