{"id":627,"date":"2025-03-07T14:59:54","date_gmt":"2025-03-07T14:59:54","guid":{"rendered":"https:\/\/1truenote.com\/?p=627"},"modified":"2025-04-21T17:13:23","modified_gmt":"2025-04-21T17:13:23","slug":"projetos-funcionais-para-organizacao-inteligente-de-espacos-compactos-com-solucoes-praticas-e-bem-planejadas","status":"publish","type":"post","link":"https:\/\/1truenote.com\/en\/projetos-funcionais-para-organizacao-inteligente-de-espacos-compactos-com-solucoes-praticas-e-bem-planejadas\/","title":{"rendered":"Projetos funcionais para organiza\u00e7\u00e3o inteligente de espa\u00e7os compactos com solu\u00e7\u00f5es pr\u00e1ticas e bem planejadas"},"content":{"rendered":"<h2 id='a-import\u00e2ncia-do-planejamento-estrat\u00e9gico-para-otimizar-espa\u00e7os-compactos-com-funcionalidade-e-efici\u00eancia'  class=\"wp-block-heading\"><strong>A import\u00e2ncia do planejamento estrat\u00e9gico para otimizar espa\u00e7os compactos com funcionalidade e efici\u00eancia<\/strong><\/h2>\n\n\n\n<p>Projetar um espa\u00e7o compacto exige mais do que simplesmente escolher m\u00f3veis pequenos e eliminar excessos. Para garantir que cada metro quadrado seja <strong>aproveitado de forma eficiente e funcional<\/strong>, \u00e9 essencial contar com um planejamento estrat\u00e9gico bem estruturado.<\/p>\n\n\n\n<p>Ambientes reduzidos podem ser extremamente pr\u00e1ticos e organizados quando h\u00e1 um projeto funcional que une <strong>solu\u00e7\u00f5es inteligentes de armazenamento, distribui\u00e7\u00e3o eficiente dos m\u00f3veis e aproveitamento m\u00e1ximo da \u00e1rea dispon\u00edvel<\/strong>.<\/p>\n\n\n\n<p>Com a crescente busca por espa\u00e7os menores, seja em apartamentos urbanos ou casas compactas, torna-se indispens\u00e1vel <strong>pensar no layout de forma estrat\u00e9gica<\/strong> para garantir <strong>conforto, fluidez e organiza\u00e7\u00e3o<\/strong> no dia a dia.<\/p>\n\n\n\n<p>A escolha de m\u00f3veis multifuncionais, a defini\u00e7\u00e3o correta das \u00e1reas de circula\u00e7\u00e3o e a ado\u00e7\u00e3o de sistemas de armazenamento inteligentes fazem toda a diferen\u00e7a na <strong>experi\u00eancia e na usabilidade<\/strong> do ambiente.<\/p>\n\n\n\n<p>Neste artigo, vamos explorar <strong>solu\u00e7\u00f5es pr\u00e1ticas e eficazes<\/strong> para otimizar espa\u00e7os reduzidos sem comprometer a funcionalidade.<\/p>\n\n\n\n<p>Desde t\u00e9cnicas de <strong>setoriza\u00e7\u00e3o inteligente<\/strong> at\u00e9 a escolha de <strong>m\u00f3veis adapt\u00e1veis<\/strong>, cada detalhe ser\u00e1 abordado para que o espa\u00e7o seja planejado de maneira eficiente, <strong>proporcionando praticidade, organiza\u00e7\u00e3o e aproveitamento m\u00e1ximo<\/strong>.<\/p>\n\n\n\n<p>Se voc\u00ea busca transformar seu ambiente compacto em um espa\u00e7o bem distribu\u00eddo e funcional, continue a leitura e descubra estrat\u00e9gias que podem ser aplicadas imediatamente!<\/p>\n\n\n\n<hr class=\"wp-block-separator has-alpha-channel-opacity\"\/>\n\n\n\n<h2 id='diagn\u00f3stico-do-espa\u00e7o-como-avaliar-as-necessidades-antes-de-planejar'  class=\"wp-block-heading\"><strong>Diagn\u00f3stico do espa\u00e7o: como avaliar as necessidades antes de planejar<\/strong><\/h2>\n\n\n\n<p>Antes de iniciar qualquer projeto para um espa\u00e7o compacto, \u00e9 fundamental <strong>entender as necessidades do ambiente e de quem o utiliza<\/strong>.<\/p>\n\n\n\n<p>Cada detalhe do planejamento deve levar em considera\u00e7\u00e3o <strong>o tamanho dispon\u00edvel, as \u00e1reas subaproveitadas e a rotina dos moradores<\/strong>, garantindo que a distribui\u00e7\u00e3o dos elementos seja funcional e intuitiva.<\/p>\n\n\n\n<p>Um diagn\u00f3stico bem-feito evita desperd\u00edcios de espa\u00e7o, melhora a circula\u00e7\u00e3o e permite que cada canto seja aproveitado da melhor forma poss\u00edvel.<\/p>\n\n\n\n<hr class=\"wp-block-separator has-alpha-channel-opacity\"\/>\n\n\n\n<h2 id='analisar-o-tamanho-dispon\u00edvel-e-definir-prioridades-de-uso'  class=\"wp-block-heading\"><strong>Analisar o tamanho dispon\u00edvel e definir prioridades de uso<\/strong><\/h2>\n\n\n\n<p>O primeiro passo para um projeto eficiente \u00e9 <strong>mapear as dimens\u00f5es exatas do ambiente<\/strong>. Isso inclui n\u00e3o apenas a metragem total, mas tamb\u00e9m a <strong>altura das paredes, a localiza\u00e7\u00e3o de portas e janelas, a incid\u00eancia de luz natural e os pontos de ventila\u00e7\u00e3o<\/strong>.<\/p>\n\n\n\n<p>Essa an\u00e1lise permite criar um layout que respeite a estrutura do im\u00f3vel e favore\u00e7a o melhor aproveitamento do espa\u00e7o.<\/p>\n\n\n\n<p>\ud83d\udccc <strong>Passos para definir as prioridades do ambiente:<\/strong><\/p>\n\n\n\n<p>\u2705 <strong>Fa\u00e7a uma medi\u00e7\u00e3o detalhada<\/strong> \u2013 Tire medidas precisas do espa\u00e7o, incluindo reentr\u00e2ncias, colunas e v\u00e3os, para evitar erros na escolha dos m\u00f3veis.<br>\u2705 <strong>Defina as fun\u00e7\u00f5es do ambiente<\/strong> \u2013 Determine quais atividades ser\u00e3o realizadas no espa\u00e7o (trabalho, descanso, lazer, refei\u00e7\u00f5es) para distribuir os elementos corretamente.<br>\u2705 <strong>Identifique limita\u00e7\u00f5es estruturais<\/strong> \u2013 Avalie se h\u00e1 paredes que n\u00e3o podem ser removidas, se h\u00e1 necessidade de refor\u00e7os ou se alguns pontos precisam de adapta\u00e7\u00f5es.<br>\u2705 <strong>Considere a possibilidade de expans\u00e3o vertical<\/strong> \u2013 Muitas vezes, o teto alto pode ser um grande aliado, permitindo o uso de prateleiras elevadas ou mezaninos.<\/p>\n\n\n\n<p><strong>Dica extra:<\/strong> \ud83c\udfe1 Se o espa\u00e7o for compartilhado por mais de uma pessoa, leve em conta as necessidades individuais para que o ambiente seja funcional para todos.<\/p>\n\n\n\n<hr class=\"wp-block-separator has-alpha-channel-opacity\"\/>\n\n\n\n<h2 id='identificar-\u00e1reas-subaproveitadas-e-poss\u00edveis-solu\u00e7\u00f5es-para-melhor-ocupa\u00e7\u00e3o'  class=\"wp-block-heading\"><strong>Identificar \u00e1reas subaproveitadas e poss\u00edveis solu\u00e7\u00f5es para melhor ocupa\u00e7\u00e3o<\/strong><\/h2>\n\n\n\n<p>Em muitos ambientes, o verdadeiro problema <strong>n\u00e3o \u00e9 o tamanho, mas sim a forma como o espa\u00e7o est\u00e1 sendo utilizado<\/strong>. Ambientes compactos podem ter <strong>\u00e1reas esquecidas ou mal aproveitadas<\/strong>, que poderiam ser transformadas com solu\u00e7\u00f5es simples e bem planejadas.<\/p>\n\n\n\n<p>\ud83d\udd0e <strong>Onde geralmente h\u00e1 desperd\u00edcio de espa\u00e7o?<\/strong><\/p>\n\n\n\n<figure class=\"wp-block-table\"><table class=\"has-fixed-layout\"><tbody><tr><td><strong>\ud83d\udeaa \u00c1rea Subaproveitada<\/strong><\/td><td><strong>\ud83d\udee0 Solu\u00e7\u00e3o Pr\u00e1tica<\/strong><\/td><\/tr><tr><td><strong>Cantos vazios<\/strong><\/td><td>Instale prateleiras, nichos ou m\u00f3veis planejados para criar \u00e1reas de armazenamento sem comprometer a circula\u00e7\u00e3o.<\/td><\/tr><tr><td><strong>Espa\u00e7os embaixo da cama ou do sof\u00e1<\/strong><\/td><td>Use gavetas deslizantes ou caixas organizadoras para guardar roupas de cama, sapatos e objetos sazonais.<\/td><\/tr><tr><td><strong>Paredes sem fun\u00e7\u00e3o<\/strong><\/td><td>Transforme-as em pontos estrat\u00e9gicos para armazenamento vertical com prateleiras ou pain\u00e9is multifuncionais.<\/td><\/tr><tr><td><strong>Portas e corredores<\/strong><\/td><td>Aposte em m\u00f3veis dobr\u00e1veis, suportes de parede e arm\u00e1rios embutidos para otimizar \u00e1reas de passagem.<\/td><\/tr><tr><td><strong>\u00c1reas superiores dos arm\u00e1rios<\/strong><\/td><td>Use organizadores suspensos ou instale m\u00f3dulos adicionais para maximizar a capacidade de armazenamento.<\/td><\/tr><\/tbody><\/table><\/figure>\n\n\n\n<p><strong>Dica pr\u00e1tica:<\/strong> \ud83c\udfaf Antes de comprar m\u00f3veis ou reorganizar o espa\u00e7o, fa\u00e7a um <strong>desenho do ambiente<\/strong> e analise quais \u00e1reas podem ser melhor aproveitadas. Pequenas adapta\u00e7\u00f5es podem gerar <strong>grandes ganhos em funcionalidade<\/strong>.<\/p>\n\n\n\n<hr class=\"wp-block-separator has-alpha-channel-opacity\"\/>\n\n\n\n<h2 id='considerar-a-rotina-dos-moradores-para-distribuir-os-ambientes-de-forma-eficiente'  class=\"wp-block-heading\"><strong>Considerar a rotina dos moradores para distribuir os ambientes de forma eficiente<\/strong><\/h2>\n\n\n\n<p>A organiza\u00e7\u00e3o ideal de um espa\u00e7o compacto deve refletir <strong>o estilo de vida e as necessidades de quem vive ali<\/strong>. De nada adianta um ambiente visualmente bonito se ele n\u00e3o for pr\u00e1tico para o dia a dia.<\/p>\n\n\n\n<p>Por isso, a disposi\u00e7\u00e3o dos m\u00f3veis e a defini\u00e7\u00e3o das \u00e1reas devem ser pensadas com base na <strong>rotina e nos h\u00e1bitos dos moradores<\/strong>.<\/p>\n\n\n\n<p>\ud83d\udccc <strong>Quest\u00f5es essenciais para um planejamento eficiente:<\/strong><\/p>\n\n\n\n<p>\u2705 <strong>Qual \u00e9 a atividade principal no espa\u00e7o?<\/strong> \u2013 Se for um ambiente multifuncional, como um home office integrado \u00e0 sala de estar, \u00e9 essencial ter m\u00f3veis que se adaptem a diferentes momentos do dia.<br>\u2705 <strong>Quantas pessoas utilizam o espa\u00e7o simultaneamente?<\/strong> \u2013 Se o ambiente for compartilhado, \u00e9 importante criar divis\u00f5es sutis para que todos tenham conforto e privacidade.<br>\u2705 <strong>H\u00e1 necessidade de armazenamento extra?<\/strong> \u2013 Caso o espa\u00e7o precise acomodar muitos objetos, solu\u00e7\u00f5es embutidas e m\u00f3veis planejados s\u00e3o essenciais para evitar ac\u00famulo.<br>\u2705 <strong>A disposi\u00e7\u00e3o dos m\u00f3veis facilita a circula\u00e7\u00e3o?<\/strong> \u2013 Deixe \u00e1reas livres para passagem, evitando barreiras visuais ou m\u00f3veis volumosos que dificultam o fluxo natural do ambiente.<\/p>\n\n\n\n<p><strong>Exemplo pr\u00e1tico:<\/strong> \ud83c\udfe0 Em um apartamento pequeno onde a sala de estar tamb\u00e9m funciona como escrit\u00f3rio, uma mesa dobr\u00e1vel pode ser uma excelente solu\u00e7\u00e3o. Durante o expediente, ela se transforma em um local de trabalho; \u00e0 noite, pode ser fechada para liberar espa\u00e7o para descanso ou lazer.<\/p>\n\n\n\n<hr class=\"wp-block-separator has-alpha-channel-opacity\"\/>\n\n\n\n<h2 id='um-bom-diagn\u00f3stico-\u00e9-a-base-para-um-projeto-eficiente'  class=\"wp-block-heading\"><strong>Um bom diagn\u00f3stico \u00e9 a base para um projeto eficiente<\/strong><\/h2>\n\n\n\n<p>A chave para organizar espa\u00e7os compactos <strong>n\u00e3o est\u00e1 no tamanho do ambiente, mas sim na forma como ele \u00e9 utilizado<\/strong>. Um planejamento cuidadoso <strong>garante funcionalidade, praticidade e um dia a dia mais fluido<\/strong>, evitando desconfortos e desperd\u00edcios de espa\u00e7o.<\/p>\n\n\n\n<p>\u2728 <strong>Resumo das melhores pr\u00e1ticas:<\/strong><\/p>\n\n\n\n<p>\u2714 Me\u00e7a o ambiente e defina suas fun\u00e7\u00f5es antes de iniciar qualquer projeto.<br>\u2714 Identifique \u00e1reas subaproveitadas e implemente solu\u00e7\u00f5es para melhor ocupa\u00e7\u00e3o.<br>\u2714 Planeje o espa\u00e7o de acordo com a rotina dos moradores, garantindo conforto e funcionalidade.<br>\u2714 Use armazenamento vertical, m\u00f3veis inteligentes e aproveite ao m\u00e1ximo cada canto.<\/p>\n\n\n\n<p>Com um <strong>diagn\u00f3stico preciso<\/strong>, qualquer espa\u00e7o compacto pode se transformar em um <strong>ambiente organizado, eficiente e perfeitamente adaptado \u00e0s necessidades do dia a dia<\/strong>. \ud83d\ude80\ud83c\udfe1<\/p>\n\n\n\n<hr class=\"wp-block-separator has-alpha-channel-opacity\"\/>\n\n\n\n<h2 id='setoriza\u00e7\u00e3o-estrat\u00e9gica-para-otimizar-cada-metro-quadrado'  class=\"wp-block-heading\"><strong>Setoriza\u00e7\u00e3o estrat\u00e9gica para otimizar cada metro quadrado<\/strong><\/h2>\n\n\n\n<p>Em ambientes compactos, a setoriza\u00e7\u00e3o inteligente \u00e9 fundamental para criar uma <strong>distribui\u00e7\u00e3o eficiente dos espa\u00e7os<\/strong> sem comprometer a circula\u00e7\u00e3o ou a funcionalidade.<\/p>\n\n\n\n<p>Muitas vezes, o desafio n\u00e3o est\u00e1 na metragem reduzida, mas sim na <strong>falta de planejamento na divis\u00e3o das \u00e1reas<\/strong>. Para garantir um layout bem estruturado, \u00e9 poss\u00edvel <strong>delimitar fun\u00e7\u00f5es sem o uso de divis\u00f3rias fixas<\/strong>, apostar em <strong>solu\u00e7\u00f5es flex\u00edveis<\/strong> e integrar diferentes ambientes de maneira harmoniosa.<\/p>\n\n\n\n<p>O objetivo \u00e9 fazer com que cada espa\u00e7o atenda a m\u00faltiplas necessidades <strong>sem gerar excesso de informa\u00e7\u00e3o visual ou bloquear a fluidez do ambiente<\/strong>. A seguir, exploramos <strong>estrat\u00e9gias para organizar o espa\u00e7o de maneira funcional, din\u00e2mica e adapt\u00e1vel ao dia a dia<\/strong>.<\/p>\n\n\n\n<hr class=\"wp-block-separator has-alpha-channel-opacity\"\/>\n\n\n\n<h2 id='como-delimitar-\u00e1reas-sem-o-uso-de-divis\u00f3rias-tradicionais'  class=\"wp-block-heading\"><strong>Como delimitar \u00e1reas sem o uso de divis\u00f3rias tradicionais<\/strong><\/h2>\n\n\n\n<p>Divis\u00f3rias s\u00f3lidas podem tornar um espa\u00e7o pequeno ainda mais apertado, reduzindo a luminosidade e a ventila\u00e7\u00e3o. Por isso, a melhor alternativa \u00e9 <strong>delimitar setores de forma sutil<\/strong>, utilizando m\u00f3veis estrat\u00e9gicos, varia\u00e7\u00f5es de cores e ilumina\u00e7\u00e3o para criar uma sensa\u00e7\u00e3o de separa\u00e7\u00e3o sem a necessidade de paredes.<\/p>\n\n\n\n<p>\ud83d\udccc <strong>Estrat\u00e9gias para segmentar ambientes sem barreiras visuais:<\/strong><\/p>\n\n\n\n<p>\u2705 <strong>Tapetes e mudan\u00e7as de revestimento<\/strong> \u2013 Um simples tapete pode indicar onde come\u00e7a a sala e termina a \u00e1rea de jantar, por exemplo. J\u00e1 mudan\u00e7as sutis no piso ou na textura das paredes ajudam a criar transi\u00e7\u00f5es entre diferentes setores.<br>\u2705 <strong>M\u00f3veis como divisores<\/strong> \u2013 Sof\u00e1s, estantes vazadas e bancadas funcionam como divis\u00f3rias sem bloquear a passagem de luz ou a circula\u00e7\u00e3o do ar.<br>\u2705 <strong>Varia\u00e7\u00e3o de cores<\/strong> \u2013 Pintar uma parede de tom diferente ou usar papel de parede em apenas uma \u00e1rea do ambiente ajuda a definir cada setor sem precisar de barreiras f\u00edsicas.<br>\u2705 <strong>Diferencia\u00e7\u00e3o da ilumina\u00e7\u00e3o<\/strong> \u2013 Spots direcionados, pendentes e ilumina\u00e7\u00e3o embutida criam pontos focais que distinguem diferentes espa\u00e7os dentro de um mesmo ambiente.<br>\u2705 <strong>Plantas e elementos naturais<\/strong> \u2013 Vasos grandes e pain\u00e9is de madeira ripada s\u00e3o formas elegantes de dividir um ambiente sem fech\u00e1-lo completamente.<\/p>\n\n\n\n<p><strong>Exemplo pr\u00e1tico:<\/strong> \ud83c\udfe1 Em um apartamento tipo est\u00fadio, um sof\u00e1 de costas para a cama pode ser suficiente para delimitar a \u00e1rea de descanso da \u00e1rea social, sem a necessidade de paredes ou biombos.<\/p>\n\n\n\n<hr class=\"wp-block-separator has-alpha-channel-opacity\"\/>\n\n\n\n<h2 id='alternativas-flex\u00edveis-para-transformar-espa\u00e7os-conforme-a-necessidade'  class=\"wp-block-heading\"><strong>Alternativas flex\u00edveis para transformar espa\u00e7os conforme a necessidade<\/strong><\/h2>\n\n\n\n<p>Espa\u00e7os compactos precisam se adaptar a diferentes momentos do dia, permitindo que um mesmo ambiente tenha <strong>fun\u00e7\u00f5es variadas<\/strong> sem comprometer a organiza\u00e7\u00e3o. Para isso, apostar em solu\u00e7\u00f5es <strong>din\u00e2micas e flex\u00edveis<\/strong> \u00e9 essencial.<\/p>\n\n\n\n<p>\ud83d\udccd <strong>Solu\u00e7\u00f5es para um ambiente vers\u00e1til e ajust\u00e1vel:<\/strong><\/p>\n\n\n\n<p>\u2714 <strong>M\u00f3veis retr\u00e1teis e dobr\u00e1veis<\/strong> \u2013 Mesas que se recolhem na parede, bancadas retr\u00e1teis e camas embutidas s\u00e3o \u00f3timas op\u00e7\u00f5es para liberar espa\u00e7o quando n\u00e3o est\u00e3o em uso.<br>\u2714 <strong>Pain\u00e9is m\u00f3veis e biombos leves<\/strong> \u2013 Estruturas deslizantes ou dobr\u00e1veis permitem dividir o ambiente de forma tempor\u00e1ria, garantindo privacidade quando necess\u00e1rio.<br>\u2714 <strong>Sistemas de trilhos e cortinas<\/strong> \u2013 Trilhos no teto podem ser utilizados para cortinas que separam ambientes de forma discreta, permitindo alternar entre espa\u00e7os integrados ou reservados.<br>\u2714 <strong>Pufes e banquetas modulares<\/strong> \u2013 Al\u00e9m de servirem como assentos extras, podem ser reposicionados conforme a necessidade do momento.<\/p>\n\n\n\n<p>\ud83d\udccc <strong>Dica pr\u00e1tica:<\/strong> Aposte em <strong>m\u00f3veis multifuncionais<\/strong>, como uma mesa de jantar que se transforma em esta\u00e7\u00e3o de trabalho, ou um sof\u00e1-cama que pode ser recolhido para criar um espa\u00e7o de lazer durante o dia.<\/p>\n\n\n\n<hr class=\"wp-block-separator has-alpha-channel-opacity\"\/>\n\n\n\n<h2 id='integra\u00e7\u00e3o-de-fun\u00e7\u00f5es-dentro-do-mesmo-ambiente-sem-comprometer-a-circula\u00e7\u00e3o'  class=\"wp-block-heading\"><strong>Integra\u00e7\u00e3o de fun\u00e7\u00f5es dentro do mesmo ambiente sem comprometer a circula\u00e7\u00e3o<\/strong><\/h2>\n\n\n\n<p>Muitas vezes, a limita\u00e7\u00e3o de espa\u00e7o exige que um mesmo ambiente <strong>tenha m\u00faltiplas fun\u00e7\u00f5es<\/strong>. A chave para integrar diferentes usos dentro de um espa\u00e7o compacto sem comprometer o fluxo do ambiente est\u00e1 em <strong>manter a circula\u00e7\u00e3o livre e evitar excessos na disposi\u00e7\u00e3o dos m\u00f3veis<\/strong>.<\/p>\n\n\n\n<p>\ud83d\udccd <strong>Dicas para criar espa\u00e7os integrados sem prejudicar a fluidez do ambiente:<\/strong><\/p>\n\n\n\n<p>\u2705 <strong>Priorize layouts com \u00e1reas livres<\/strong> \u2013 Posicione m\u00f3veis pr\u00f3ximos \u00e0s paredes sempre que poss\u00edvel, garantindo corredores de circula\u00e7\u00e3o amplos e desobstru\u00eddos.<br>\u2705 <strong>Use m\u00f3veis que se encaixam entre si<\/strong> \u2013 Bancadas embutidas, cadeiras empilh\u00e1veis e mesas dobr\u00e1veis s\u00e3o aliados para quem precisa de espa\u00e7os din\u00e2micos.<br>\u2705 <strong>Aposte na verticaliza\u00e7\u00e3o<\/strong> \u2013 Prateleiras, nichos e arm\u00e1rios suspensos liberam a \u00e1rea de ch\u00e3o e ajudam a manter o espa\u00e7o organizado.<br>\u2705 <strong>Crie pontos focais distintos<\/strong> \u2013 Um pequeno detalhe visual, como um quadro ou um ponto de ilumina\u00e7\u00e3o diferenciada, pode ajudar a definir as fun\u00e7\u00f5es de cada espa\u00e7o sem a necessidade de separa\u00e7\u00f5es f\u00edsicas.<\/p>\n\n\n\n<p>\ud83d\udccc <strong>Erro comum a evitar:<\/strong> \u274c Evite posicionar m\u00f3veis de maneira que bloqueiem o acesso entre os ambientes. Manter passagens abertas e bem distribu\u00eddas garante que o espa\u00e7o continue <strong>funcional e confort\u00e1vel<\/strong>.<\/p>\n\n\n\n<hr class=\"wp-block-separator has-alpha-channel-opacity\"\/>\n\n\n\n<h2 id='setoriza\u00e7\u00e3o-inteligente-para-um-ambiente-pr\u00e1tico-e-bem-distribu\u00eddo'  class=\"wp-block-heading\"><strong>Setoriza\u00e7\u00e3o inteligente para um ambiente pr\u00e1tico e bem distribu\u00eddo<\/strong><\/h2>\n\n\n\n<p>A forma como um espa\u00e7o \u00e9 organizado <strong>impacta diretamente na experi\u00eancia dos moradores e na funcionalidade do ambiente<\/strong>. A setoriza\u00e7\u00e3o estrat\u00e9gica permite que cada metro quadrado seja <strong>utilizado com intelig\u00eancia<\/strong>, garantindo que o espa\u00e7o seja <strong>fluido, bem distribu\u00eddo e adapt\u00e1vel \u00e0s diferentes rotinas<\/strong>.<\/p>\n\n\n\n<p>\u2728 <strong>Resumo das melhores pr\u00e1ticas:<\/strong><\/p>\n\n\n\n<p>\u2714 Utilize <strong>m\u00f3veis e elementos visuais<\/strong> para delimitar \u00e1reas sem necessidade de paredes.<br>\u2714 Aposte em <strong>solu\u00e7\u00f5es flex\u00edveis<\/strong> para que os ambientes possam se adaptar a diferentes usos ao longo do dia.<br>\u2714 <strong>Mantenha a circula\u00e7\u00e3o livre<\/strong>, priorizando m\u00f3veis funcionais e layouts bem distribu\u00eddos.<br>\u2714 <strong>Integre fun\u00e7\u00f5es de forma equilibrada<\/strong>, evitando excessos que comprometam a organiza\u00e7\u00e3o e a fluidez do ambiente.<\/p>\n\n\n\n<p>Com essas estrat\u00e9gias, qualquer espa\u00e7o compacto pode ser transformado em um <strong>ambiente bem estruturado, pr\u00e1tico e altamente funcional<\/strong>, atendendo \u00e0s necessidades do dia a dia <strong>sem comprometer o conforto e a usabilidade<\/strong>. \ud83d\ude80\ud83c\udfe1<\/p>\n\n\n\n<hr class=\"wp-block-separator has-alpha-channel-opacity\"\/>\n\n\n\n<h2 id='solu\u00e7\u00f5es-de-armazenamento-para-manter-a-organiza\u00e7\u00e3o-sem-comprometer-o-espa\u00e7o'  class=\"wp-block-heading\"><strong>Solu\u00e7\u00f5es de armazenamento para manter a organiza\u00e7\u00e3o sem comprometer o espa\u00e7o<\/strong><\/h2>\n\n\n\n<p>Organiza\u00e7\u00e3o \u00e9 a chave para transformar espa\u00e7os compactos em ambientes <strong>funcionais, confort\u00e1veis e bem distribu\u00eddos<\/strong>. Em \u00e1reas reduzidas, cada cent\u00edmetro conta, e encontrar <strong>formas inteligentes de armazenar objetos sem comprometer a circula\u00e7\u00e3o<\/strong> faz toda a diferen\u00e7a.<\/p>\n\n\n\n<p>A escolha de <strong>m\u00f3veis com compartimentos ocultos, aproveitamento das paredes para armazenamento vertical e sistemas modulares adapt\u00e1veis<\/strong> garante que o espa\u00e7o permane\u00e7a organizado sem sobrecarga visual. A seguir, conhe\u00e7a estrat\u00e9gias eficientes para manter tudo em ordem sem perder a praticidade no dia a dia.<\/p>\n\n\n\n<hr class=\"wp-block-separator has-alpha-channel-opacity\"\/>\n\n\n\n<h2 id='m\u00f3veis-com-compartimentos-ocultos-para-otimizar-o-aproveitamento'  class=\"wp-block-heading\"><strong>M\u00f3veis com compartimentos ocultos para otimizar o aproveitamento<\/strong><\/h2>\n\n\n\n<p>M\u00f3veis multifuncionais com espa\u00e7os internos de armazenamento s\u00e3o indispens\u00e1veis para quem deseja manter um ambiente <strong>limpo e livre de excesso de elementos visuais<\/strong>. Esses m\u00f3veis garantem <strong>praticidade e aproveitamento inteligente<\/strong>, permitindo armazenar itens essenciais sem ocupar \u00e1reas adicionais.<\/p>\n\n\n\n<p>\ud83d\udccd <strong>Sugest\u00f5es de m\u00f3veis com armazenamento oculto:<\/strong><\/p>\n\n\n\n<p>\u2714 <strong>Sof\u00e1s-ba\u00fa<\/strong> \u2013 Perfeitos para guardar cobertores, almofadas e objetos de uso eventual sem comprometer a \u00e1rea \u00fatil.<br>\u2714 <strong>Camas com gavetas embutidas<\/strong> \u2013 Excelente op\u00e7\u00e3o para armazenar roupas de cama, malas e acess\u00f3rios de pouco uso.<br>\u2714 <strong>Bancos e pufes com compartimentos internos<\/strong> \u2013 Al\u00e9m de servirem como assentos extras, oferecem espa\u00e7o para guardar pequenos objetos.<br>\u2714 <strong>Mesas e escrivaninhas com gavetas escondidas<\/strong> \u2013 \u00d3timas para manter documentos, carregadores e acess\u00f3rios organizados sem ocupar mais espa\u00e7o.<\/p>\n\n\n\n<p>\ud83d\udccc <strong>Dica extra:<\/strong> \ud83c\udfe1 Escolha m\u00f3veis planejados ou adapt\u00e1veis para maximizar o aproveitamento do espa\u00e7o dispon\u00edvel, garantindo que cada pe\u00e7a tenha mais de uma fun\u00e7\u00e3o.<\/p>\n\n\n\n<hr class=\"wp-block-separator has-alpha-channel-opacity\"\/>\n\n\n\n<h2 id='uso-de-paredes-e-estruturas-verticais-para-armazenar-sem-ocupar-\u00e1rea-\u00fatil'  class=\"wp-block-heading\"><strong>Uso de paredes e estruturas verticais para armazenar sem ocupar \u00e1rea \u00fatil<\/strong><\/h2>\n\n\n\n<p>Em espa\u00e7os reduzidos, <strong>as paredes se tornam aliadas valiosas para criar solu\u00e7\u00f5es de armazenamento inteligentes<\/strong>. O uso de nichos, prateleiras e suportes verticais libera espa\u00e7o no ch\u00e3o e mant\u00e9m a organiza\u00e7\u00e3o de forma eficiente.<\/p>\n\n\n\n<p>\ud83d\udccd <strong>Ideias para aproveitar as paredes como \u00e1reas de armazenamento:<\/strong><\/p>\n\n\n\n<p>\u2705 <strong>Prateleiras suspensas<\/strong> \u2013 Instale prateleiras sobre a cama, sof\u00e1 ou mesa para manter objetos acess\u00edveis sem ocupar espa\u00e7o de circula\u00e7\u00e3o.<br>\u2705 <strong>Nichos embutidos<\/strong> \u2013 Criam espa\u00e7os organizados em paredes, otimizando \u00e1reas que normalmente ficariam inutilizadas.<br>\u2705 <strong>Ganchos e suportes multifuncionais<\/strong> \u2013 Perfeitos para pendurar bolsas, casacos e utens\u00edlios de cozinha, evitando o ac\u00famulo em m\u00f3veis.<br>\u2705 <strong>Pain\u00e9is perfurados<\/strong> \u2013 Alternativa vers\u00e1til para organizar ferramentas, acess\u00f3rios e itens do dia a dia de maneira pr\u00e1tica e funcional.<\/p>\n\n\n\n<p>\ud83d\udccc <strong>Erro comum a evitar:<\/strong> \u274c Instalar prateleiras em excesso pode sobrecarregar visualmente o ambiente. Priorize a organiza\u00e7\u00e3o e evite deixar muitos objetos expostos para manter a leveza do espa\u00e7o.<\/p>\n\n\n\n<hr class=\"wp-block-separator has-alpha-channel-opacity\"\/>\n\n\n\n<h2 id='sistemas-modulares-que-se-adaptam-\u00e0s-diferentes-necessidades-do-dia-a-dia'  class=\"wp-block-heading\"><strong>Sistemas modulares que se adaptam \u00e0s diferentes necessidades do dia a dia<\/strong><\/h2>\n\n\n\n<p>A flexibilidade \u00e9 essencial para um espa\u00e7o compacto bem planejado. <strong>Sistemas modulares permitem reorganizar o ambiente conforme as necessidades, sem exigir mudan\u00e7as estruturais<\/strong>.<\/p>\n\n\n\n<p>\ud83d\udccd <strong>Solu\u00e7\u00f5es modulares para otimizar o armazenamento:<\/strong><\/p>\n\n\n\n<p>\u2714 <strong>Estantes ajust\u00e1veis<\/strong> \u2013 Permitem alterar a disposi\u00e7\u00e3o das prateleiras conforme o volume dos objetos armazenados.<br>\u2714 <strong>M\u00f3dulos empilh\u00e1veis<\/strong> \u2013 Caixas organizadoras e gaveteiros modulares s\u00e3o \u00f3timos para criar espa\u00e7os de armazenamento adapt\u00e1veis.<br>\u2714 <strong>Racks m\u00f3veis<\/strong> \u2013 Estruturas sobre rod\u00edzios que podem ser deslocadas para reorganizar o ambiente sempre que necess\u00e1rio.<br>\u2714 <strong>Mesas expans\u00edveis<\/strong> \u2013 Podem ser ajustadas para diferentes momentos do dia, funcionando como \u00e1rea de trabalho ou jantar.<\/p>\n\n\n\n<p>\ud83d\udccc <strong>Dica extra:<\/strong> \ud83c\udfaf Escolha m\u00f3dulos que possam ser reorganizados facilmente, garantindo que o espa\u00e7o continue pr\u00e1tico e adapt\u00e1vel a diferentes fun\u00e7\u00f5es ao longo do tempo.<\/p>\n\n\n\n<hr class=\"wp-block-separator has-alpha-channel-opacity\"\/>\n\n\n\n<h2 id='organiza\u00e7\u00e3o-inteligente-para-um-espa\u00e7o-otimizado-e-funcional'  class=\"wp-block-heading\"><strong>Organiza\u00e7\u00e3o inteligente para um espa\u00e7o otimizado e funcional<\/strong><\/h2>\n\n\n\n<p>Manter um espa\u00e7o compacto organizado <strong>n\u00e3o significa abrir m\u00e3o do conforto ou da praticidade<\/strong>. Ao combinar m\u00f3veis com armazenamento oculto, aproveitamento vertical e sistemas modulares, \u00e9 poss\u00edvel garantir um ambiente <strong>flu\u00eddo, bem distribu\u00eddo e altamente funcional<\/strong>.<\/p>\n\n\n\n<p>\u2728 <strong>Resumo das melhores pr\u00e1ticas:<\/strong><\/p>\n\n\n\n<p>\u2714 Invista em <strong>m\u00f3veis com compartimentos internos<\/strong> para otimizar cada cent\u00edmetro do ambiente.<br>\u2714 Aproveite <strong>paredes e estruturas verticais<\/strong> para criar \u00e1reas organizadas sem comprometer a circula\u00e7\u00e3o.<br>\u2714 Aposte em <strong>sistemas modulares e ajust\u00e1veis<\/strong> para garantir versatilidade e adapta\u00e7\u00e3o conforme a necessidade.<br>\u2714 Mantenha apenas o essencial \u00e0 vista, evitando o excesso de elementos expostos que possam comprometer a harmonia do ambiente.<\/p>\n\n\n\n<p>Com essas solu\u00e7\u00f5es, qualquer espa\u00e7o reduzido pode se tornar <strong>pr\u00e1tico, organizado e eficiente<\/strong>, proporcionando mais conforto e fluidez no dia a dia. \ud83d\ude80\ud83c\udfe1<\/p>\n\n\n\n<hr class=\"wp-block-separator has-alpha-channel-opacity\"\/>\n\n\n\n<h2 id='m\u00f3veis-funcionais-e-inteligentes-para-ambientes-compactos'  class=\"wp-block-heading\"><strong>M\u00f3veis funcionais e inteligentes para ambientes compactos<\/strong><\/h2>\n\n\n\n<p>Em espa\u00e7os reduzidos, a escolha do mobili\u00e1rio faz toda a diferen\u00e7a. <strong>M\u00f3veis funcionais e inteligentes<\/strong> s\u00e3o essenciais para garantir um ambiente <strong>organizado, vers\u00e1til e confort\u00e1vel<\/strong> sem comprometer a circula\u00e7\u00e3o.<\/p>\n\n\n\n<p>A chave est\u00e1 em selecionar pe\u00e7as que <strong>maximizem o uso do espa\u00e7o<\/strong>, se adaptem a diferentes momentos do dia e contribuam para uma rotina mais pr\u00e1tica.<\/p>\n\n\n\n<p>Desde <strong>m\u00f3veis retr\u00e1teis e embutidos<\/strong> at\u00e9 op\u00e7\u00f5es <strong>expans\u00edveis e multifuncionais<\/strong>, h\u00e1 diversas solu\u00e7\u00f5es que permitem transformar espa\u00e7os compactos sem abrir m\u00e3o da funcionalidade. Vamos explorar as melhores estrat\u00e9gias para escolher o <strong>mobili\u00e1rio ideal<\/strong>, garantindo que cada pe\u00e7a tenha <strong>prop\u00f3sito, praticidade e efici\u00eancia<\/strong>.<\/p>\n\n\n\n<hr class=\"wp-block-separator has-alpha-channel-opacity\"\/>\n\n\n\n<h2 id='pe\u00e7as-retr\u00e1teis-e-embutidas-para-maximizar-o-uso-do-espa\u00e7o'  class=\"wp-block-heading\"><strong>Pe\u00e7as retr\u00e1teis e embutidas para maximizar o uso do espa\u00e7o<\/strong><\/h2>\n\n\n\n<p>M\u00f3veis <strong>retr\u00e1teis e embutidos<\/strong> s\u00e3o verdadeiros aliados na otimiza\u00e7\u00e3o de ambientes compactos. Essas solu\u00e7\u00f5es permitem que o espa\u00e7o seja <strong>reconfigurado conforme a necessidade<\/strong>, garantindo maior aproveitamento da \u00e1rea dispon\u00edvel.<\/p>\n\n\n\n<p>\ud83d\udccc <strong>Exemplos de m\u00f3veis retr\u00e1teis e embutidos para espa\u00e7os pequenos:<\/strong><\/p>\n\n\n\n<p>\u2705 <strong>Camas embutidas na parede (murphy bed)<\/strong> \u2013 S\u00e3o recolhidas quando n\u00e3o est\u00e3o em uso, liberando espa\u00e7o para outras fun\u00e7\u00f5es do ambiente.<br>\u2705 <strong>Mesas dobr\u00e1veis<\/strong> \u2013 Fixadas na parede ou acopladas a arm\u00e1rios, podem ser abertas apenas quando necess\u00e1rio.<br>\u2705 <strong>Sof\u00e1s-camas e poltronas convers\u00edveis<\/strong> \u2013 Funcionam como assentos durante o dia e se transformam em camas \u00e0 noite.<br>\u2705 <strong>Bancadas retr\u00e1teis<\/strong> \u2013 Solu\u00e7\u00e3o perfeita para cozinhas compactas, permitindo mais espa\u00e7o de preparo sem comprometer a circula\u00e7\u00e3o.<br>\u2705 <strong>Gavetas embutidas em escadas ou rodap\u00e9s<\/strong> \u2013 Ideais para armazenar objetos sem ocupar \u00e1reas extras.<\/p>\n\n\n\n<p>\ud83d\udccc <strong>Dica extra:<\/strong> \ud83c\udfaf Se o espa\u00e7o permitir, aposte em m\u00f3veis planejados para integrar essas solu\u00e7\u00f5es de forma discreta e otimizada.<\/p>\n\n\n\n<hr class=\"wp-block-separator has-alpha-channel-opacity\"\/>\n\n\n\n<h2 id='m\u00f3veis-expans\u00edveis-que-oferecem-diferentes-fun\u00e7\u00f5es-ao-longo-do-dia'  class=\"wp-block-heading\"><strong>M\u00f3veis expans\u00edveis que oferecem diferentes fun\u00e7\u00f5es ao longo do dia<\/strong><\/h2>\n\n\n\n<p>Ambientes pequenos exigem <strong>m\u00f3veis din\u00e2micos, capazes de se adaptar a diferentes necessidades<\/strong>. Os m\u00f3veis expans\u00edveis s\u00e3o projetados para <strong>mudar de tamanho ou formato<\/strong>, permitindo que um mesmo item atenda a m\u00faltiplas fun\u00e7\u00f5es.<\/p>\n\n\n\n<p>\ud83d\udccd <strong>Exemplos de m\u00f3veis expans\u00edveis que otimizam o espa\u00e7o:<\/strong><\/p>\n\n\n\n<p>\u2714 <strong>Mesas extens\u00edveis<\/strong> \u2013 Perfeitas para quem precisa de uma mesa de jantar maior em momentos espec\u00edficos, sem ocupar espa\u00e7o desnecess\u00e1rio.<br>\u2714 <strong>Bancadas retr\u00e1teis na cozinha<\/strong> \u2013 Podem ser recolhidas quando n\u00e3o estiverem em uso, liberando espa\u00e7o para circula\u00e7\u00e3o.<br>\u2714 <strong>Arm\u00e1rios deslizantes ou dobr\u00e1veis<\/strong> \u2013 Adapt\u00e1veis conforme a quantidade de itens armazenados.<br>\u2714 <strong>Pain\u00e9is m\u00f3veis<\/strong> \u2013 Permitem criar divis\u00f3rias tempor\u00e1rias, separando ou integrando espa\u00e7os conforme a necessidade.<br>\u2714 <strong>Estantes modulares<\/strong> \u2013 Com prateleiras ajust\u00e1veis, possibilitam diferentes configura\u00e7\u00f5es para acomodar objetos e decora\u00e7\u00e3o.<\/p>\n\n\n\n<p>\ud83d\udccc <strong>Erro comum a evitar:<\/strong> \u274c Optar por m\u00f3veis muito grandes e fixos pode comprometer a flexibilidade do espa\u00e7o. Priorize <strong>pe\u00e7as que possam ser ajustadas e reconfiguradas<\/strong> sempre que necess\u00e1rio.<\/p>\n\n\n\n<hr class=\"wp-block-separator has-alpha-channel-opacity\"\/>\n\n\n\n<h2 id='estrat\u00e9gias-para-escolher-mobili\u00e1rio-adequado-ao-layout-do-ambiente'  class=\"wp-block-heading\"><strong>Estrat\u00e9gias para escolher mobili\u00e1rio adequado ao layout do ambiente<\/strong><\/h2>\n\n\n\n<p>A escolha dos m\u00f3veis n\u00e3o deve ser feita apenas com base na est\u00e9tica, mas sim considerando <strong>a distribui\u00e7\u00e3o do ambiente e as necessidades do dia a dia<\/strong>. Algumas estrat\u00e9gias ajudam a garantir que cada pe\u00e7a escolhida realmente contribua para a <strong>funcionalidade e fluidez do espa\u00e7o<\/strong>.<\/p>\n\n\n\n<p>\ud83d\udccc <strong>Crit\u00e9rios para selecionar os m\u00f3veis certos para espa\u00e7os compactos:<\/strong><\/p>\n\n\n\n<p>\u2705 <strong>Priorize pe\u00e7as multifuncionais<\/strong> \u2013 Opte por m\u00f3veis que desempenham mais de uma fun\u00e7\u00e3o, reduzindo a necessidade de m\u00faltiplos itens no ambiente.<br>\u2705 <strong>Considere o fluxo de circula\u00e7\u00e3o<\/strong> \u2013 Antes de posicionar um m\u00f3vel, avalie se ele permite a movimenta\u00e7\u00e3o livre no espa\u00e7o.<br>\u2705 <strong>Evite m\u00f3veis volumosos e pesados<\/strong> \u2013 Modelos compactos, com linhas leves e p\u00e9s elevados, criam uma sensa\u00e7\u00e3o de amplitude.<br>\u2705 <strong>Aposte em tons claros e materiais leves<\/strong> \u2013 Cores neutras e superf\u00edcies reflexivas ajudam a ampliar a percep\u00e7\u00e3o do ambiente.<br>\u2705 <strong>Opte por m\u00f3veis sob medida quando poss\u00edvel<\/strong> \u2013 Planejar cada pe\u00e7a de acordo com a metragem dispon\u00edvel garante melhor aproveitamento do espa\u00e7o.<\/p>\n\n\n\n<p>\ud83d\udccc <strong>Dica pr\u00e1tica:<\/strong> \ud83c\udfe1 Antes de comprar qualquer m\u00f3vel, fa\u00e7a um <strong>esbo\u00e7o do layout do ambiente<\/strong>, considerando medidas exatas para evitar excessos e otimizar a distribui\u00e7\u00e3o dos itens.<\/p>\n\n\n\n<hr class=\"wp-block-separator has-alpha-channel-opacity\"\/>\n\n\n\n<h2 id='m\u00f3veis-inteligentes-para-um-espa\u00e7o-funcional-e-bem-planejado'  class=\"wp-block-heading\"><strong>M\u00f3veis inteligentes para um espa\u00e7o funcional e bem planejado<\/strong><\/h2>\n\n\n\n<p>A escolha dos m\u00f3veis certos transforma qualquer ambiente compacto em um <strong>espa\u00e7o din\u00e2mico, organizado e confort\u00e1vel<\/strong>. Pe\u00e7as retr\u00e1teis, expans\u00edveis e multifuncionais garantem que <strong>cada metro quadrado seja bem aproveitado<\/strong>, sem comprometer a circula\u00e7\u00e3o ou a est\u00e9tica do ambiente.<\/p>\n\n\n\n<p>\u2728 <strong>Resumo das melhores pr\u00e1ticas:<\/strong><\/p>\n\n\n\n<p>\u2714 Invista em <strong>m\u00f3veis embutidos e retr\u00e1teis<\/strong> para maximizar o espa\u00e7o dispon\u00edvel.<br>\u2714 Aposte em <strong>m\u00f3veis expans\u00edveis<\/strong>, que podem se adaptar a diferentes fun\u00e7\u00f5es ao longo do dia.<br>\u2714 Escolha <strong>pe\u00e7as compactas e multifuncionais<\/strong>, priorizando praticidade e efici\u00eancia.<br>\u2714 Planeje o layout do ambiente antes de definir a disposi\u00e7\u00e3o dos m\u00f3veis, garantindo uma circula\u00e7\u00e3o fluida e harmoniosa.<\/p>\n\n\n\n<p>Com essas estrat\u00e9gias, \u00e9 poss\u00edvel criar um espa\u00e7o compacto <strong>altamente funcional e bem distribu\u00eddo<\/strong>, garantindo praticidade no dia a dia e um ambiente sempre organizado e otimizado. \ud83d\ude80\ud83c\udfe1<\/p>\n\n\n\n<hr class=\"wp-block-separator has-alpha-channel-opacity\"\/>\n\n\n\n<h2 id='layouts-din\u00e2micos-para-espa\u00e7os-que-se-transformam-conforme-a-necessidade'  class=\"wp-block-heading\"><strong>Layouts din\u00e2micos para espa\u00e7os que se transformam conforme a necessidade<\/strong><\/h2>\n\n\n\n<p>Criar um ambiente compacto que seja <strong>vers\u00e1til e adapt\u00e1vel<\/strong> \u00e9 a chave para um espa\u00e7o din\u00e2mico e bem aproveitado. <strong>Layouts flex\u00edveis<\/strong> permitem que um mesmo ambiente atenda a <strong>diferentes fun\u00e7\u00f5es ao longo do dia<\/strong>, garantindo praticidade sem comprometer a organiza\u00e7\u00e3o.<\/p>\n\n\n\n<p>O segredo para alcan\u00e7ar essa transforma\u00e7\u00e3o est\u00e1 em um <strong>planejamento eficiente<\/strong>, que leve em conta <strong>m\u00f3veis multifuncionais, circula\u00e7\u00e3o flu\u00edda e alternativas inteligentes de reaproveitamento de espa\u00e7o<\/strong>.<\/p>\n\n\n\n<p>Vamos explorar como \u00e9 poss\u00edvel <strong>criar ambientes flex\u00edveis, organizar melhor os elementos e adaptar cada espa\u00e7o para diferentes usos<\/strong> sem precisar de reformas estruturais.<\/p>\n\n\n\n<hr class=\"wp-block-separator has-alpha-channel-opacity\"\/>\n\n\n\n<h2 id='como-criar-ambientes-flex\u00edveis-e-multifuncionais'  class=\"wp-block-heading\"><strong>Como criar ambientes flex\u00edveis e multifuncionais<\/strong><\/h2>\n\n\n\n<p>Um espa\u00e7o multifuncional precisa ser <strong>planejado para se adaptar a diferentes momentos do dia<\/strong>, permitindo que um mesmo ambiente <strong>tenha usos distintos sem perder o conforto e a praticidade<\/strong>.<\/p>\n\n\n\n<p>\ud83d\udccd <strong>Estrat\u00e9gias para tornar um ambiente flex\u00edvel e funcional:<\/strong><\/p>\n\n\n\n<p>\u2705 <strong>M\u00f3veis dobr\u00e1veis e retr\u00e1teis<\/strong> \u2013 Camas que se recolhem na parede, mesas que dobram para liberar espa\u00e7o e cadeiras empilh\u00e1veis facilitam a transforma\u00e7\u00e3o do ambiente.<br>\u2705 <strong>Divis\u00f3rias m\u00f3veis e cortinas<\/strong> \u2013 Permitem criar divis\u00f5es tempor\u00e1rias para separar ou integrar diferentes \u00e1reas conforme a necessidade.<br>\u2705 <strong>Elementos sobre trilhos ou rod\u00edzios<\/strong> \u2013 Estantes m\u00f3veis, pain\u00e9is deslizantes e bancadas ajust\u00e1veis ajudam a reorganizar o espa\u00e7o de forma r\u00e1pida.<br>\u2705 <strong>Pufes e assentos modulares<\/strong> \u2013 Podem ser reposicionados conforme o uso, servindo tanto como assento extra quanto como apoio para os p\u00e9s.<br>\u2705 <strong>Superf\u00edcies expans\u00edveis<\/strong> \u2013 Mesas e bancadas extens\u00edveis garantem mais \u00e1rea \u00fatil quando necess\u00e1rio e podem ser recolhidas para liberar espa\u00e7o.<\/p>\n\n\n\n<p>\ud83d\udccc <strong>Exemplo pr\u00e1tico:<\/strong> Em um apartamento pequeno, a sala pode se transformar em um quarto \u00e0 noite com o uso de uma <strong>cama embutida<\/strong>, garantindo <strong>conforto e otimiza\u00e7\u00e3o do espa\u00e7o<\/strong> sem prejudicar a circula\u00e7\u00e3o.<\/p>\n\n\n\n<hr class=\"wp-block-separator has-alpha-channel-opacity\"\/>\n\n\n\n<h2 id='a-import\u00e2ncia-da-circula\u00e7\u00e3o-e-distribui\u00e7\u00e3o-eficiente-dos-elementos'  class=\"wp-block-heading\"><strong>A import\u00e2ncia da circula\u00e7\u00e3o e distribui\u00e7\u00e3o eficiente dos elementos<\/strong><\/h2>\n\n\n\n<p>N\u00e3o basta apenas ter m\u00f3veis vers\u00e1teis se a <strong>disposi\u00e7\u00e3o do ambiente compromete a circula\u00e7\u00e3o<\/strong>. Um <strong>layout bem planejado<\/strong> leva em conta o fluxo de movimenta\u00e7\u00e3o e a maneira como os elementos interagem no espa\u00e7o.<\/p>\n\n\n\n<p>\ud83d\udccd <strong>Dicas para manter a circula\u00e7\u00e3o flu\u00edda e eficiente:<\/strong><\/p>\n\n\n\n<p>\u2705 <strong>Evite barreiras visuais<\/strong> \u2013 Posicione os m\u00f3veis estrategicamente para que a vis\u00e3o do ambiente n\u00e3o seja bloqueada, criando a sensa\u00e7\u00e3o de amplitude.<br>\u2705 <strong>Deixe corredores de circula\u00e7\u00e3o livres<\/strong> \u2013 Garanta pelo menos <strong>60 cm de espa\u00e7o livre<\/strong> entre m\u00f3veis para facilitar a mobilidade.<br>\u2705 <strong>Use m\u00f3veis proporcionais ao espa\u00e7o<\/strong> \u2013 Evite pe\u00e7as muito grandes que comprometam a fluidez do ambiente.<br>\u2705 <strong>Aposte em armazenamento vertical<\/strong> \u2013 Prateleiras suspensas, nichos e arm\u00e1rios a\u00e9reos ajudam a manter o espa\u00e7o organizado sem ocupar a \u00e1rea de circula\u00e7\u00e3o.<br>\u2705 <strong>Crie pontos de uso bem definidos<\/strong> \u2013 Definir \u00e1reas espec\u00edficas para cada fun\u00e7\u00e3o evita que o ambiente pare\u00e7a desorganizado e confuso.<\/p>\n\n\n\n<p>\ud83d\udccc <strong>Erro comum a evitar:<\/strong> \u274c M\u00f3veis mal posicionados podem tornar um ambiente pequeno ainda mais apertado. Priorize layouts <strong>com \u00e1reas livres e bem distribu\u00eddas<\/strong> para manter o espa\u00e7o funcional e convidativo.<\/p>\n\n\n\n<hr class=\"wp-block-separator has-alpha-channel-opacity\"\/>\n\n\n\n<h2 id='alternativas-para-reaproveitar-o-espa\u00e7o-em-diferentes-momentos-do-dia'  class=\"wp-block-heading\"><strong>Alternativas para reaproveitar o espa\u00e7o em diferentes momentos do dia<\/strong><\/h2>\n\n\n\n<p>A flexibilidade \u00e9 essencial para quem deseja aproveitar ao m\u00e1ximo cada metro quadrado. <strong>M\u00f3veis inteligentes e layouts din\u00e2micos<\/strong> permitem que o ambiente <strong>se transforme ao longo do dia<\/strong>, adaptando-se \u00e0s atividades de quem vive ali.<\/p>\n\n\n\n<p>\ud83d\udccd <strong>Exemplos de como reaproveitar o espa\u00e7o em diferentes momentos:<\/strong><\/p>\n\n\n\n<figure class=\"wp-block-table\"><table class=\"has-fixed-layout\"><tbody><tr><td><strong>\ud83d\udd58 Momento do dia<\/strong><\/td><td><strong>\ud83c\udfe1 Transforma\u00e7\u00e3o do espa\u00e7o<\/strong><\/td><\/tr><tr><td><strong>Manh\u00e3 <\/strong><strong>\ud83c\udf05<\/strong><\/td><td>A sala funciona como um home office, com uma mesa retr\u00e1til e cadeiras ajust\u00e1veis.<\/td><\/tr><tr><td><strong>Tarde <\/strong><strong>\ud83c\udf1e<\/strong><\/td><td>O ambiente \u00e9 reorganizado para momentos de lazer, com sof\u00e1 modular e espa\u00e7o livre para circula\u00e7\u00e3o.<\/td><\/tr><tr><td><strong>Noite <\/strong><strong>\ud83c\udf19<\/strong><\/td><td>A cama embutida \u00e9 aberta, transformando o espa\u00e7o em um quarto confort\u00e1vel.<\/td><\/tr><\/tbody><\/table><\/figure>\n\n\n\n<p>\ud83d\udccc <strong>Dica extra:<\/strong> \ud83c\udfe1 Aposte em <strong>m\u00f3veis que possam ser movimentados facilmente<\/strong>, como banquetas empilh\u00e1veis e mesas com rod\u00edzios, para <strong>reconfigurar o ambiente sem esfor\u00e7o<\/strong>.<\/p>\n\n\n\n<hr class=\"wp-block-separator has-alpha-channel-opacity\"\/>\n\n\n\n<figure class=\"wp-block-image size-large\"><img data-recalc-dims=\"1\" fetchpriority=\"high\" decoding=\"async\" width=\"1024\" height=\"585\" src=\"https:\/\/i0.wp.com\/1truenote.com\/wp-content\/uploads\/2025\/03\/DALL%C2%B7E-2025-03-07-11.59.38-A-beautifully-organized-small-apartment-interior-with-smart-storage-solutions-and-multifunctional-furniture.-The-space-features-a-cozy-living-area-wit.webp?resize=1024%2C585&#038;ssl=1\" alt=\"\" class=\"wp-image-630\" srcset=\"https:\/\/i0.wp.com\/1truenote.com\/wp-content\/uploads\/2025\/03\/DALL%C2%B7E-2025-03-07-11.59.38-A-beautifully-organized-small-apartment-interior-with-smart-storage-solutions-and-multifunctional-furniture.-The-space-features-a-cozy-living-area-wit.webp?resize=1024%2C585&amp;ssl=1 1024w, https:\/\/i0.wp.com\/1truenote.com\/wp-content\/uploads\/2025\/03\/DALL%C2%B7E-2025-03-07-11.59.38-A-beautifully-organized-small-apartment-interior-with-smart-storage-solutions-and-multifunctional-furniture.-The-space-features-a-cozy-living-area-wit.webp?resize=300%2C171&amp;ssl=1 300w, https:\/\/i0.wp.com\/1truenote.com\/wp-content\/uploads\/2025\/03\/DALL%C2%B7E-2025-03-07-11.59.38-A-beautifully-organized-small-apartment-interior-with-smart-storage-solutions-and-multifunctional-furniture.-The-space-features-a-cozy-living-area-wit.webp?resize=768%2C439&amp;ssl=1 768w, https:\/\/i0.wp.com\/1truenote.com\/wp-content\/uploads\/2025\/03\/DALL%C2%B7E-2025-03-07-11.59.38-A-beautifully-organized-small-apartment-interior-with-smart-storage-solutions-and-multifunctional-furniture.-The-space-features-a-cozy-living-area-wit.webp?resize=1536%2C878&amp;ssl=1 1536w, https:\/\/i0.wp.com\/1truenote.com\/wp-content\/uploads\/2025\/03\/DALL%C2%B7E-2025-03-07-11.59.38-A-beautifully-organized-small-apartment-interior-with-smart-storage-solutions-and-multifunctional-furniture.-The-space-features-a-cozy-living-area-wit.webp?w=1792&amp;ssl=1 1792w\" sizes=\"(max-width: 1024px) 100vw, 1024px\" \/><\/figure>\n\n\n\n<h2 id='ambientes-que-se-adaptam-para-mais-praticidade-no-dia-a-dia'  class=\"wp-block-heading\"><strong>Ambientes que se adaptam para mais praticidade no dia a dia<\/strong><\/h2>\n\n\n\n<p>Layouts din\u00e2micos permitem que <strong>cada cent\u00edmetro do espa\u00e7o seja utilizado de maneira inteligente<\/strong>, garantindo conforto e versatilidade. Um ambiente compacto bem planejado pode <strong>se transformar ao longo do dia<\/strong>, adaptando-se \u00e0s necessidades de cada momento.<\/p>\n\n\n\n<p>\u2728 <strong>Resumo das melhores pr\u00e1ticas:<\/strong><\/p>\n\n\n\n<p>\u2714 Use <strong>m\u00f3veis dobr\u00e1veis e retr\u00e1teis<\/strong> para permitir mudan\u00e7as r\u00e1pidas no espa\u00e7o.<br>\u2714 Mantenha <strong>a circula\u00e7\u00e3o flu\u00edda<\/strong>, evitando m\u00f3veis grandes ou mal posicionados.<br>\u2714 Aposte em <strong>divis\u00f3rias m\u00f3veis, cortinas e pain\u00e9is deslizantes<\/strong> para separar ambientes sem fech\u00e1-los permanentemente.<br>\u2714 Escolha <strong>m\u00f3veis sobre rod\u00edzios ou trilhos<\/strong>, garantindo que o espa\u00e7o possa ser reorganizado sempre que necess\u00e1rio.<br>\u2714 Reaproveite o ambiente ao longo do dia, alternando entre fun\u00e7\u00f5es como trabalho, lazer e descanso.<\/p>\n\n\n\n<p>Com essas estrat\u00e9gias, qualquer ambiente compacto pode ser <strong>din\u00e2mico, bem distribu\u00eddo e altamente funcional<\/strong>, garantindo um dia a dia mais flu\u00eddo e adapt\u00e1vel. \ud83d\ude80\ud83c\udfe1<\/p>\n\n\n\n<hr class=\"wp-block-separator has-alpha-channel-opacity\"\/>\n\n\n\n<h2 id='integra\u00e7\u00e3o-de-tecnologia-e-automa\u00e7\u00e3o-para-maior-praticidade'  class=\"wp-block-heading\"><strong>Integra\u00e7\u00e3o de tecnologia e automa\u00e7\u00e3o para maior praticidade<\/strong><\/h2>\n\n\n\n<p>A tecnologia tem revolucionado a forma como os espa\u00e7os s\u00e3o projetados e utilizados, tornando os ambientes <strong>mais inteligentes, eficientes e adapt\u00e1veis<\/strong>.<\/p>\n\n\n\n<p>Em espa\u00e7os compactos, a <strong>automa\u00e7\u00e3o e a integra\u00e7\u00e3o tecnol\u00f3gica<\/strong> desempenham um papel essencial para otimizar o uso dos ambientes, garantindo conforto e praticidade sem comprometer a organiza\u00e7\u00e3o.<\/p>\n\n\n\n<p>Com o avan\u00e7o das <strong>solu\u00e7\u00f5es automatizadas para armazenamento, ilumina\u00e7\u00e3o e climatiza\u00e7\u00e3o<\/strong>, \u00e9 poss\u00edvel transformar qualquer ambiente reduzido em um espa\u00e7o <strong>altamente funcional e intuitivo<\/strong>, onde cada detalhe contribui para uma experi\u00eancia mais fluida e agrad\u00e1vel.<\/p>\n\n\n\n<hr class=\"wp-block-separator has-alpha-channel-opacity\"\/>\n\n\n\n<h2 id='solu\u00e7\u00f5es-automatizadas-para-armazenamento-e-otimiza\u00e7\u00e3o-do-espa\u00e7o'  class=\"wp-block-heading\"><strong>Solu\u00e7\u00f5es automatizadas para armazenamento e otimiza\u00e7\u00e3o do espa\u00e7o<\/strong><\/h2>\n\n\n\n<p>O armazenamento inteligente \u00e9 um dos principais desafios em ambientes compactos. Com a ajuda da tecnologia, hoje \u00e9 poss\u00edvel encontrar <strong>sistemas automatizados que otimizam a organiza\u00e7\u00e3o, garantindo praticidade no dia a dia<\/strong>.<\/p>\n\n\n\n<p>\ud83d\udccc <strong>Tecnologias que ajudam na organiza\u00e7\u00e3o e no aproveitamento do espa\u00e7o:<\/strong><\/p>\n\n\n\n<p>\u2705 <strong>M\u00f3veis motorizados retr\u00e1teis<\/strong> \u2013 Camas, mesas e bancadas que podem ser recolhidas automaticamente com um simples toque, liberando espa\u00e7o conforme a necessidade.<br>\u2705 <strong>Arm\u00e1rios e gavetas com sensores de movimento<\/strong> \u2013 Abrem automaticamente ao detectar presen\u00e7a, facilitando o acesso em cozinhas e closets compactos.<br>\u2705 <strong>Sistemas de armazenamento vertical motorizados<\/strong> \u2013 Permitem que prateleiras subam e des\u00e7am de acordo com a necessidade, aproveitando \u00e1reas superiores sem esfor\u00e7o manual.<br>\u2705 <strong>Prateleiras inteligentes ajust\u00e1veis<\/strong> \u2013 Com acionamento digital, possibilitam reorganizar a disposi\u00e7\u00e3o dos nichos de forma pr\u00e1tica e personalizada.<br>\u2705 <strong>Eletrodom\u00e9sticos embutidos com acionamento remoto<\/strong> \u2013 Fornos, cooktops e at\u00e9 mesmo geladeiras podem ser controlados por aplicativos, otimizando o uso do espa\u00e7o na cozinha.<\/p>\n\n\n\n<p>\ud83d\udccc <strong>Dica extra:<\/strong> \ud83c\udfaf Aposte em <strong>m\u00f3veis planejados com integra\u00e7\u00e3o tecnol\u00f3gica<\/strong> para criar um ambiente totalmente adapt\u00e1vel, onde cada pe\u00e7a se ajusta conforme o uso.<\/p>\n\n\n\n<hr class=\"wp-block-separator has-alpha-channel-opacity\"\/>\n\n\n\n<h2 id='ilumina\u00e7\u00e3o-e-climatiza\u00e7\u00e3o-inteligentes-para-ambientes-compactos'  class=\"wp-block-heading\"><strong>Ilumina\u00e7\u00e3o e climatiza\u00e7\u00e3o inteligentes para ambientes compactos<\/strong><\/h2>\n\n\n\n<p>A ilumina\u00e7\u00e3o e a climatiza\u00e7\u00e3o s\u00e3o elementos essenciais para o conforto e a sensa\u00e7\u00e3o de amplitude em espa\u00e7os pequenos. <strong>Sistemas automatizados e inteligentes<\/strong> permitem <strong>personalizar o ambiente<\/strong> conforme o hor\u00e1rio do dia, economizando energia e garantindo um espa\u00e7o sempre agrad\u00e1vel.<\/p>\n\n\n\n<p>\ud83d\udccd <strong>Solu\u00e7\u00f5es para ilumina\u00e7\u00e3o automatizada:<\/strong><\/p>\n\n\n\n<p>\u2714 <strong>L\u00e2mpadas inteligentes com ajuste de intensidade e cor<\/strong> \u2013 Permitem criar diferentes atmosferas no ambiente, alternando entre luzes frias para produtividade e luzes quentes para relaxamento.<br>\u2714 <strong>Sensores de presen\u00e7a<\/strong> \u2013 Ativam a ilumina\u00e7\u00e3o apenas quando h\u00e1 movimento no espa\u00e7o, economizando energia.<br>\u2714 <strong>Fitas de LED com acionamento remoto<\/strong> \u2013 Ideais para ilumina\u00e7\u00e3o indireta em m\u00f3veis, nichos e prateleiras, criando um ambiente mais moderno e aconchegante.<br>\u2714 <strong>Cortinas automatizadas<\/strong> \u2013 Podem ser controladas pelo celular ou programadas para abrir e fechar conforme a entrada de luz natural, reduzindo o uso de ilumina\u00e7\u00e3o artificial.<\/p>\n\n\n\n<p>\ud83d\udccd <strong>Solu\u00e7\u00f5es para climatiza\u00e7\u00e3o eficiente:<\/strong><\/p>\n\n\n\n<p>\u2705 <strong>Ar-condicionado e ventiladores inteligentes<\/strong> \u2013 Com sensores de temperatura e umidade, ajustam automaticamente a intensidade para manter o conforto t\u00e9rmico.<br>\u2705 <strong>Janelas automatizadas<\/strong> \u2013 Podem ser programadas para abrir e fechar conforme a circula\u00e7\u00e3o de ar, reduzindo a necessidade de climatiza\u00e7\u00e3o artificial.<br>\u2705 <strong>Purificadores de ar com sensores<\/strong> \u2013 Detectam qualidade do ar e ajustam a filtragem automaticamente, garantindo um ambiente sempre fresco.<\/p>\n\n\n\n<p>\ud83d\udccc <strong>Erro comum a evitar:<\/strong> \u274c Excesso de ilumina\u00e7\u00e3o artificial pode tornar o ambiente desconfort\u00e1vel. Priorize <strong>solu\u00e7\u00f5es automatizadas que equilibrem luz natural e artificial<\/strong> para manter um espa\u00e7o agrad\u00e1vel.<\/p>\n\n\n\n<hr class=\"wp-block-separator has-alpha-channel-opacity\"\/>\n\n\n\n<h2 id='como-a-tecnologia-pode-tornar-o-uso-do-espa\u00e7o-mais-intuitivo-e-funcional'  class=\"wp-block-heading\"><strong>Como a tecnologia pode tornar o uso do espa\u00e7o mais intuitivo e funcional<\/strong><\/h2>\n\n\n\n<p>Al\u00e9m de otimizar o espa\u00e7o, a tecnologia permite que o ambiente <strong>se adapte \u00e0s necessidades dos moradores<\/strong> de forma autom\u00e1tica, tornando a experi\u00eancia mais intuitiva e pr\u00e1tica.<\/p>\n\n\n\n<p>\ud83d\udccd <strong>Recursos que transformam espa\u00e7os compactos em ambientes inteligentes:<\/strong><\/p>\n\n\n\n<p>\u2714 <strong>Automa\u00e7\u00e3o integrada via assistentes de voz<\/strong> \u2013 Sistemas como Alexa, Google Home e Siri permitem controlar ilumina\u00e7\u00e3o, temperatura e eletrodom\u00e9sticos por comandos de voz.<br>\u2714 <strong>M\u00f3veis com conectividade Bluetooth e Wi-Fi<\/strong> \u2013 Permitem ajustes personalizados, como sof\u00e1s reclin\u00e1veis e camas motorizadas controladas por aplicativos.<br>\u2714 <strong>Espelhos inteligentes<\/strong> \u2013 Exibem notifica\u00e7\u00f5es, previs\u00e3o do tempo e at\u00e9 comandos para ilumina\u00e7\u00e3o e som ambiente.<br>\u2714 <strong>Fechaduras digitais e sistemas de seguran\u00e7a automatizados<\/strong> \u2013 Melhoram a praticidade e garantem mais seguran\u00e7a ao ambiente.<\/p>\n\n\n\n<p>\ud83d\udccc <strong>Dica pr\u00e1tica:<\/strong> \ud83c\udfe1 Para tornar um espa\u00e7o compacto ainda mais funcional, <strong>combine diferentes solu\u00e7\u00f5es de automa\u00e7\u00e3o<\/strong> e personalize o ambiente conforme as prefer\u00eancias do dia a dia.<\/p>\n\n\n\n<hr class=\"wp-block-separator has-alpha-channel-opacity\"\/>\n\n\n\n<h2 id='tecnologia-e-automa\u00e7\u00e3o-para-um-espa\u00e7o-mais-eficiente-e-pr\u00e1tico'  class=\"wp-block-heading\"><strong>Tecnologia e automa\u00e7\u00e3o para um espa\u00e7o mais eficiente e pr\u00e1tico<\/strong><\/h2>\n\n\n\n<p>A integra\u00e7\u00e3o da tecnologia em ambientes compactos <strong>torna o dia a dia mais fluido, intuitivo e confort\u00e1vel<\/strong>, permitindo que cada elemento do espa\u00e7o seja otimizado para atender \u00e0s necessidades do momento.<\/p>\n\n\n\n<p>\u2728 <strong>Resumo das melhores pr\u00e1ticas:<\/strong><\/p>\n\n\n\n<p>\u2714 <strong>Automatize o armazenamento<\/strong> com m\u00f3veis retr\u00e1teis e sistemas motorizados para ganhar espa\u00e7o.<br>\u2714 <strong>Invista em ilumina\u00e7\u00e3o inteligente<\/strong> para criar diferentes atmosferas ao longo do dia.<br>\u2714 <strong>Aposte em climatiza\u00e7\u00e3o automatizada<\/strong> para garantir conforto t\u00e9rmico com efici\u00eancia energ\u00e9tica.<br>\u2714 <strong>Utilize assistentes de voz e dispositivos conectados<\/strong> para gerenciar o ambiente com facilidade.<\/p>\n\n\n\n<p>Com essas solu\u00e7\u00f5es, qualquer espa\u00e7o compacto pode se transformar em <strong>um ambiente tecnol\u00f3gico, pr\u00e1tico e eficiente<\/strong>, garantindo <strong>mais conforto e otimiza\u00e7\u00e3o no dia a dia<\/strong>. \ud83d\ude80\ud83c\udfe1<\/p>\n\n\n\n<hr class=\"wp-block-separator has-alpha-channel-opacity\"\/>\n\n\n\n<h2 id='exemplos-pr\u00e1ticos-de-projetos-bem-sucedidos'  class=\"wp-block-heading\"><strong>Exemplos pr\u00e1ticos de projetos bem-sucedidos<\/strong><\/h2>\n\n\n\n<p>Transformar espa\u00e7os compactos em <strong>ambientes funcionais e organizados<\/strong> exige criatividade e planejamento. Projetos bem executados provam que <strong>boas solu\u00e7\u00f5es arquitet\u00f4nicas e escolhas estrat\u00e9gicas<\/strong> podem maximizar cada metro quadrado, sem comprometer o conforto e a praticidade.<\/p>\n\n\n\n<p>A seguir, apresentamos <strong>modelos reais de espa\u00e7os compactos<\/strong> que aplicaram solu\u00e7\u00f5es inovadoras, mostrando como <strong>pequenas adapta\u00e7\u00f5es<\/strong> podem fazer uma grande diferen\u00e7a. Al\u00e9m disso, destacamos <strong>li\u00e7\u00f5es valiosas<\/strong> que podem servir de inspira\u00e7\u00e3o para diferentes tipos de ambientes.<\/p>\n\n\n\n<hr class=\"wp-block-separator has-alpha-channel-opacity\"\/>\n\n\n\n<h2 id='modelos-de-espa\u00e7os-compactos-que-aplicaram-solu\u00e7\u00f5es-inteligentes'  class=\"wp-block-heading\"><strong>Modelos de espa\u00e7os compactos que aplicaram solu\u00e7\u00f5es inteligentes<\/strong><\/h2>\n\n\n\n<p>\ud83d\udccd <strong>Apartamento de 30m\u00b2 em S\u00e3o Paulo<\/strong> \u2013 <strong>Integra\u00e7\u00e3o e m\u00f3veis planejados<\/strong><\/p>\n\n\n\n<p>Neste pequeno apartamento urbano, o desafio era <strong>otimizar cada espa\u00e7o<\/strong> sem comprometer a circula\u00e7\u00e3o. Para isso, foram aplicadas solu\u00e7\u00f5es como:<\/p>\n\n\n\n<p>\u2705 <strong>Cama embutida na parede<\/strong> \u2013 Durante o dia, o quarto se transforma em sala de estar, proporcionando um ambiente multifuncional.<br>\u2705 <strong>M\u00f3veis suspensos e bancadas dobr\u00e1veis<\/strong> \u2013 Permitiram a cria\u00e7\u00e3o de um espa\u00e7o de trabalho sem ocupar \u00e1reas fixas.<br>\u2705 <strong>Espelhos estrategicamente posicionados<\/strong> \u2013 Ampliaram a sensa\u00e7\u00e3o de espa\u00e7o e trouxeram mais luminosidade ao ambiente.<\/p>\n\n\n\n<p>\ud83d\udccc <strong>Li\u00e7\u00e3o aprendida:<\/strong> Ambientes reduzidos podem ser <strong>vers\u00e1teis e confort\u00e1veis<\/strong> quando h\u00e1 um planejamento que favorece a flexibilidade de uso.<\/p>\n\n\n\n<hr class=\"wp-block-separator has-alpha-channel-opacity\"\/>\n\n\n\n<p>\ud83d\udccd <strong>Casa Container de 35m\u00b2 na Austr\u00e1lia<\/strong> \u2013 <strong>Sustentabilidade e aproveitamento vertical<\/strong><\/p>\n\n\n\n<p>O conceito deste projeto foi criar uma moradia <strong>compacta, funcional e sustent\u00e1vel<\/strong>, utilizando um container reaproveitado como estrutura principal.<\/p>\n\n\n\n<p>\u2705 <strong>Uso de mezanino para otimizar o espa\u00e7o<\/strong> \u2013 A \u00e1rea do quarto foi posicionada em um n\u00edvel elevado, liberando espa\u00e7o para sala e cozinha no andar inferior.<br>\u2705 <strong>Paredes m\u00f3veis<\/strong> \u2013 Permitem que o ambiente seja reorganizado conforme a necessidade, ampliando a \u00e1rea \u00fatil.<br>\u2705 <strong>Capta\u00e7\u00e3o de luz natural e ventila\u00e7\u00e3o cruzada<\/strong> \u2013 Reduziram a necessidade de ilumina\u00e7\u00e3o e climatiza\u00e7\u00e3o artificial.<\/p>\n\n\n\n<p>\ud83d\udccc <strong>Li\u00e7\u00e3o aprendida:<\/strong> O <strong>aproveitamento vertical<\/strong> e solu\u00e7\u00f5es sustent\u00e1veis podem tornar um espa\u00e7o reduzido <strong>mais eficiente e confort\u00e1vel<\/strong>.<\/p>\n\n\n\n<hr class=\"wp-block-separator has-alpha-channel-opacity\"\/>\n\n\n\n<p>\ud83d\udccd <strong>Est\u00fadio de 25m\u00b2 em Paris<\/strong> \u2013 <strong>Solu\u00e7\u00f5es inteligentes para armazenamento<\/strong><\/p>\n\n\n\n<p>Neste pequeno est\u00fadio, a maior necessidade era encontrar maneiras de armazenar objetos <strong>sem comprometer a est\u00e9tica e a fluidez do ambiente<\/strong>.<\/p>\n\n\n\n<p>\u2705 <strong>Gavetas embutidas no piso<\/strong> \u2013 Permitem armazenamento oculto, mantendo a organiza\u00e7\u00e3o sem ocupar espa\u00e7o visual.<br>\u2705 <strong>M\u00f3veis modulares<\/strong> \u2013 Uma estante multifuncional funciona como divis\u00f3ria, arm\u00e1rio e \u00e1rea de trabalho ao mesmo tempo.<br>\u2705 <strong>Cores neutras e ilumina\u00e7\u00e3o bem distribu\u00edda<\/strong> \u2013 Criaram uma sensa\u00e7\u00e3o de amplitude e conforto.<\/p>\n\n\n\n<p>\ud83d\udccc <strong>Li\u00e7\u00e3o aprendida:<\/strong> O <strong>uso estrat\u00e9gico de m\u00f3veis multifuncionais<\/strong> melhora a organiza\u00e7\u00e3o e torna o espa\u00e7o visualmente mais leve.<\/p>\n\n\n\n<hr class=\"wp-block-separator has-alpha-channel-opacity\"\/>\n\n\n\n<h2 id='como-pequenas-adapta\u00e7\u00f5es-transformaram-ambientes-reduzidos'  class=\"wp-block-heading\"><strong>Como pequenas adapta\u00e7\u00f5es transformaram ambientes reduzidos<\/strong><\/h2>\n\n\n\n<p>\u2714 <strong>Paredes remov\u00edveis para criar ambientes flex\u00edveis<\/strong> \u2013 Em muitos projetos, <strong>biombos e divis\u00f3rias retr\u00e1teis<\/strong> foram utilizados para separar ambientes quando necess\u00e1rio, mantendo a integra\u00e7\u00e3o do espa\u00e7o.<br>\u2714 <strong>M\u00f3veis sobre trilhos<\/strong> \u2013 Alguns apartamentos compactos implementaram <strong>mesas, estantes e bancadas deslizantes<\/strong>, permitindo que os m\u00f3veis sejam reposicionados conforme o uso do espa\u00e7o.<br>\u2714 <strong>Armazenamento vertical inteligente<\/strong> \u2013 Desde arm\u00e1rios embutidos no teto at\u00e9 suportes retr\u00e1teis em cozinhas, projetos bem-sucedidos demonstram que <strong>a verticaliza\u00e7\u00e3o \u00e9 um dos melhores aliados dos espa\u00e7os reduzidos<\/strong>.<br>\u2714 <strong>Uso de tecnologia na automa\u00e7\u00e3o dos ambientes<\/strong> \u2013 Ilumina\u00e7\u00e3o automatizada, m\u00f3veis motorizados e sensores de presen\u00e7a ajudaram a tornar espa\u00e7os compactos mais eficientes e f\u00e1ceis de usar.<\/p>\n\n\n\n<p>\ud83d\udccc <strong>Dica pr\u00e1tica:<\/strong> \ud83c\udfe1 <strong>Antes de modificar qualquer ambiente, analise as necessidades reais do dia a dia<\/strong> e escolha adapta\u00e7\u00f5es que <strong>realmente otimizem o uso do espa\u00e7o<\/strong>.<\/p>\n\n\n\n<hr class=\"wp-block-separator has-alpha-channel-opacity\"\/>\n\n\n\n<h2 id='li\u00e7\u00f5es-aprendidas-e-inspira\u00e7\u00f5es-para-aplicar-em-diferentes-contextos'  class=\"wp-block-heading\"><strong>Li\u00e7\u00f5es aprendidas e inspira\u00e7\u00f5es para aplicar em diferentes contextos<\/strong><\/h2>\n\n\n\n<p>\ud83d\udccd <strong>O que podemos aprender com esses projetos?<\/strong><\/p>\n\n\n\n<figure class=\"wp-block-table\"><table class=\"has-fixed-layout\"><tbody><tr><td><strong>\ud83c\udfaf Princ\u00edpio<\/strong><\/td><td><strong>\ud83c\udfe1 Aplica\u00e7\u00e3o pr\u00e1tica<\/strong><\/td><\/tr><tr><td><strong>Aproveitamento vertical<\/strong><\/td><td>Prateleiras suspensas, mezaninos e m\u00f3veis embutidos maximizam o espa\u00e7o sem comprometer a circula\u00e7\u00e3o.<\/td><\/tr><tr><td><strong>M\u00f3veis multifuncionais<\/strong><\/td><td>Pe\u00e7as expans\u00edveis e retr\u00e1teis permitem que um mesmo ambiente tenha v\u00e1rias fun\u00e7\u00f5es ao longo do dia.<\/td><\/tr><tr><td><strong>Ilumina\u00e7\u00e3o estrat\u00e9gica<\/strong><\/td><td>Luzes embutidas e tons claros ajudam a criar uma sensa\u00e7\u00e3o de amplitude.<\/td><\/tr><tr><td><strong>Espa\u00e7os flex\u00edveis<\/strong><\/td><td>Paredes m\u00f3veis, divis\u00f3rias retr\u00e1teis e m\u00f3veis modulares garantem versatilidade ao ambiente.<\/td><\/tr><tr><td><strong>Uso inteligente de espelhos<\/strong><\/td><td>Refletem a luz e ampliam visualmente o espa\u00e7o, tornando o ambiente mais arejado.<\/td><\/tr><\/tbody><\/table><\/figure>\n\n\n\n<p>\ud83d\udccc <strong>Dica extra:<\/strong> \ud83c\udfaf Independente do tamanho do espa\u00e7o, <strong>o segredo est\u00e1 na funcionalidade e na organiza\u00e7\u00e3o inteligente<\/strong>. Projetos bem planejados mostram que <strong>qualquer ambiente pode ser eficiente, confort\u00e1vel e adapt\u00e1vel \u00e0s diferentes necessidades<\/strong>.<\/p>\n\n\n\n<hr class=\"wp-block-separator has-alpha-channel-opacity\"\/>\n\n\n\n<h2 id='transforme-seu-espa\u00e7o-com-solu\u00e7\u00f5es-inteligentes'  class=\"wp-block-heading\"><strong>Transforme seu espa\u00e7o com solu\u00e7\u00f5es inteligentes<\/strong><\/h2>\n\n\n\n<p>Os projetos apresentados demonstram que, <strong>com planejamento e criatividade, espa\u00e7os compactos podem se tornar extremamente pr\u00e1ticos e agrad\u00e1veis<\/strong>. Pequenas mudan\u00e7as, como a escolha de m\u00f3veis multifuncionais e o uso inteligente das \u00e1reas verticais, fazem toda a diferen\u00e7a na otimiza\u00e7\u00e3o do ambiente.<\/p>\n\n\n\n<p>\u2728 <strong>Resumo das melhores pr\u00e1ticas:<\/strong><\/p>\n\n\n\n<p>\u2714 <strong>Aposte em m\u00f3veis retr\u00e1teis e multifuncionais<\/strong> para maximizar cada metro quadrado.<br>\u2714 <strong>Utilize solu\u00e7\u00f5es de armazenamento vertical<\/strong> para liberar espa\u00e7o no ch\u00e3o.<br>\u2714 <strong>Integre ilumina\u00e7\u00e3o natural e artificial<\/strong> para ampliar visualmente o ambiente.<br>\u2714 <strong>Priorize layouts flex\u00edveis<\/strong> que se adaptem a diferentes necessidades ao longo do dia.<\/p>\n\n\n\n<p>Com essas estrat\u00e9gias, qualquer espa\u00e7o compacto pode ser <strong>eficiente, confort\u00e1vel e altamente funcional<\/strong>, garantindo <strong>praticidade e fluidez<\/strong> no dia a dia. \ud83d\ude80\ud83c\udfe1<\/p>\n\n\n\n<hr class=\"wp-block-separator has-alpha-channel-opacity\"\/>\n\n\n\n<h2 id='benef\u00edcios-de-um-projeto-funcional-bem-planejado'  class=\"wp-block-heading\"><strong>Benef\u00edcios de um projeto funcional bem planejado<\/strong><\/h2>\n\n\n\n<p>Um projeto bem planejado n\u00e3o se trata apenas de est\u00e9tica, mas sim de <strong>efici\u00eancia, praticidade e otimiza\u00e7\u00e3o do espa\u00e7o<\/strong>.<\/p>\n\n\n\n<p>Em ambientes compactos, onde cada metro quadrado precisa ser utilizado com intelig\u00eancia, um planejamento estrat\u00e9gico pode <strong>maximizar a \u00e1rea \u00fatil, facilitar a organiza\u00e7\u00e3o e reduzir a necessidade de futuras reformas<\/strong>.<\/p>\n\n\n\n<p>Investir em um layout funcional significa <strong>evitar desperd\u00edcios de espa\u00e7o, melhorar a circula\u00e7\u00e3o e garantir que cada elemento contribua para o conforto e a praticidade<\/strong> no dia a dia.<\/p>\n\n\n\n<p>A seguir, exploramos os principais benef\u00edcios de um projeto bem estruturado e como ele pode transformar qualquer ambiente em um espa\u00e7o otimizado e bem distribu\u00eddo.<\/p>\n\n\n\n<hr class=\"wp-block-separator has-alpha-channel-opacity\"\/>\n\n\n\n<h2 id='maior-aproveitamento-da-\u00e1rea-\u00fatil-do-im\u00f3vel'  class=\"wp-block-heading\"><strong>Maior aproveitamento da \u00e1rea \u00fatil do im\u00f3vel<\/strong><\/h2>\n\n\n\n<p>Cada cent\u00edmetro de um ambiente pode fazer a diferen\u00e7a, especialmente quando se trata de espa\u00e7os compactos. Um projeto funcional bem elaborado permite <strong>utilizar toda a \u00e1rea dispon\u00edvel de forma estrat\u00e9gica<\/strong>, garantindo que nenhum espa\u00e7o fique inutilizado ou mal aproveitado.<\/p>\n\n\n\n<p>\ud83d\udccd <strong>Estrat\u00e9gias para maximizar a \u00e1rea \u00fatil:<\/strong><\/p>\n\n\n\n<p>\u2705 <strong>Uso de m\u00f3veis planejados e multifuncionais<\/strong> \u2013 Permitem que um mesmo ambiente atenda a diferentes fun\u00e7\u00f5es ao longo do dia.<br>\u2705 <strong>Aproveitamento vertical<\/strong> \u2013 Prateleiras, nichos e arm\u00e1rios suspensos ajudam a liberar espa\u00e7o no ch\u00e3o e aumentar a capacidade de armazenamento.<br>\u2705 <strong>Integra\u00e7\u00e3o de ambientes<\/strong> \u2013 Evita divis\u00f3rias desnecess\u00e1rias, tornando o espa\u00e7o mais fluido e funcional.<br>\u2705 <strong>M\u00f3veis retr\u00e1teis e dobr\u00e1veis<\/strong> \u2013 Possibilitam adaptar o espa\u00e7o conforme a necessidade, garantindo maior versatilidade.<\/p>\n\n\n\n<p>\ud83d\udccc <strong>Exemplo pr\u00e1tico:<\/strong> \ud83c\udfe1 Em um apartamento de 30m\u00b2, a cozinha pode ser integrada \u00e0 sala de estar com uma bancada dobr\u00e1vel, que funciona como mesa de jantar e espa\u00e7o de trabalho, sem comprometer a circula\u00e7\u00e3o.<\/p>\n\n\n\n<hr class=\"wp-block-separator has-alpha-channel-opacity\"\/>\n\n\n\n<h2 id='facilidade-na-organiza\u00e7\u00e3o-e-otimiza\u00e7\u00e3o-do-dia-a-dia'  class=\"wp-block-heading\"><strong>Facilidade na organiza\u00e7\u00e3o e otimiza\u00e7\u00e3o do dia a dia<\/strong><\/h2>\n\n\n\n<p>Um ambiente bem planejado facilita <strong>a rotina, a manuten\u00e7\u00e3o e a organiza\u00e7\u00e3o do espa\u00e7o<\/strong>. Quando os m\u00f3veis e elementos do ambiente s\u00e3o escolhidos de forma inteligente, <strong>tudo tem seu lugar certo<\/strong>, reduzindo a bagun\u00e7a e tornando as atividades di\u00e1rias mais pr\u00e1ticas.<\/p>\n\n\n\n<p>\ud83d\udccd <strong>Solu\u00e7\u00f5es que ajudam na organiza\u00e7\u00e3o:<\/strong><\/p>\n\n\n\n<p>\u2714 <strong>Sistemas de armazenamento embutidos<\/strong> \u2013 Como gavetas ocultas em camas e sof\u00e1s, garantindo que objetos fiquem organizados e acess\u00edveis.<br>\u2714 <strong>Prateleiras e nichos bem distribu\u00eddos<\/strong> \u2013 Evitam ac\u00famulo de itens no ch\u00e3o e otimizam espa\u00e7os pouco utilizados.<br>\u2714 <strong>M\u00f3veis com compartimentos internos<\/strong> \u2013 Facilitam a organiza\u00e7\u00e3o de itens essenciais sem comprometer a est\u00e9tica do ambiente.<br>\u2714 <strong>Setoriza\u00e7\u00e3o eficiente dos ambientes<\/strong> \u2013 Define claramente as \u00e1reas para cada atividade, evitando que o espa\u00e7o fique confuso e desorganizado.<\/p>\n\n\n\n<p>\ud83d\udccc <strong>Dica pr\u00e1tica:<\/strong> \ud83c\udfaf Manter um ambiente organizado \u00e9 mais f\u00e1cil quando os m\u00f3veis e sistemas de armazenamento s\u00e3o projetados para atender \u00e0s necessidades do dia a dia, garantindo que cada objeto tenha um local definido.<\/p>\n\n\n\n<hr class=\"wp-block-separator has-alpha-channel-opacity\"\/>\n\n\n\n<h2 id='redu\u00e7\u00e3o-da-necessidade-de-reformas-ou-adapta\u00e7\u00f5es-futuras'  class=\"wp-block-heading\"><strong>Redu\u00e7\u00e3o da necessidade de reformas ou adapta\u00e7\u00f5es futuras<\/strong><\/h2>\n\n\n\n<p>Um dos maiores erros ao planejar um ambiente \u00e9 <strong>n\u00e3o considerar a funcionalidade e a flexibilidade a longo prazo<\/strong>. Projetos bem estruturados evitam a necessidade de reformas constantes, pois j\u00e1 preveem solu\u00e7\u00f5es que <strong>acompanham as mudan\u00e7as na rotina<\/strong> e as futuras necessidades dos moradores.<\/p>\n\n\n\n<p>\ud83d\udccd <strong>Como evitar reformas desnecess\u00e1rias?<\/strong><\/p>\n\n\n\n<p>\u2705 <strong>Escolha m\u00f3veis adapt\u00e1veis e flex\u00edveis<\/strong> \u2013 Pe\u00e7as modulares podem ser reconfiguradas conforme o espa\u00e7o precisar mudar ao longo do tempo.<br>\u2705 <strong>Invista em layouts abertos e integrados<\/strong> \u2013 Evitam a necessidade de altera\u00e7\u00f5es estruturais no futuro, proporcionando mais liberdade na disposi\u00e7\u00e3o dos m\u00f3veis.<br>\u2705 <strong>Opte por materiais de alta durabilidade<\/strong> \u2013 Acabamentos resistentes reduzem a necessidade de substitui\u00e7\u00f5es frequentes e aumentam a vida \u00fatil do ambiente.<br>\u2705 <strong>Automa\u00e7\u00e3o residencial<\/strong> \u2013 Sistemas inteligentes de ilumina\u00e7\u00e3o, climatiza\u00e7\u00e3o e armazenamento evitam retrabalhos e tornam o espa\u00e7o mais eficiente.<\/p>\n\n\n\n<p>\ud83d\udccc <strong>Exemplo pr\u00e1tico:<\/strong> \ud83d\udd04 Em um ambiente compacto projetado com m\u00f3veis expans\u00edveis, n\u00e3o h\u00e1 necessidade de reformas caso o morador precise de um espa\u00e7o extra para trabalho ou lazer, pois os m\u00f3veis podem ser ajustados conforme a necessidade.<\/p>\n\n\n\n<hr class=\"wp-block-separator has-alpha-channel-opacity\"\/>\n\n\n\n<h2 id='um-projeto-bem-planejado-\u00e9-sin\u00f4nimo-de-efici\u00eancia-e-conforto'  class=\"wp-block-heading\"><strong>Um projeto bem planejado \u00e9 sin\u00f4nimo de efici\u00eancia e conforto<\/strong><\/h2>\n\n\n\n<p>A funcionalidade de um ambiente <strong>vai al\u00e9m da est\u00e9tica<\/strong>. Quando um espa\u00e7o \u00e9 bem planejado, <strong>ele se torna mais pr\u00e1tico, organizado e preparado para atender \u00e0s necessidades do dia a dia<\/strong>, sem demandar grandes adapta\u00e7\u00f5es no futuro.<\/p>\n\n\n\n<p>\u2728 <strong>Resumo das melhores pr\u00e1ticas:<\/strong><\/p>\n\n\n\n<p>\u2714 <strong>Aproveite ao m\u00e1ximo a \u00e1rea \u00fatil<\/strong>, utilizando m\u00f3veis planejados, solu\u00e7\u00f5es verticais e ambientes integrados.<br>\u2714 <strong>Facilite a organiza\u00e7\u00e3o di\u00e1ria<\/strong> com sistemas de armazenamento inteligentes e setoriza\u00e7\u00e3o eficiente.<br>\u2714 <strong>Evite reformas desnecess\u00e1rias<\/strong> investindo em m\u00f3veis flex\u00edveis, layouts adapt\u00e1veis e materiais dur\u00e1veis.<br>\u2714 <strong>Planeje a longo prazo<\/strong>, garantindo que o ambiente acompanhe mudan\u00e7as na rotina e continue funcional ao longo dos anos.<\/p>\n\n\n\n<p>Com um planejamento estrat\u00e9gico, qualquer espa\u00e7o pode se tornar <strong>mais pr\u00e1tico, organizado e eficiente<\/strong>, garantindo <strong>maior conforto e qualidade de vida<\/strong> no dia a dia. \ud83d\ude80\ud83c\udfe1<\/p>\n\n\n\n<hr class=\"wp-block-separator has-alpha-channel-opacity\"\/>\n\n\n\n<h2 id='conclus\u00e3o'  class=\"wp-block-heading\"><strong>Conclus\u00e3o<\/strong><\/h2>\n\n\n\n<p>Criar um espa\u00e7o compacto que seja <strong>funcional, pr\u00e1tico e organizado<\/strong> exige mais do que apenas escolher m\u00f3veis pequenos ou reduzir a quantidade de objetos.<\/p>\n\n\n\n<p>O segredo est\u00e1 no <strong>planejamento eficiente<\/strong>, na escolha de solu\u00e7\u00f5es inteligentes e na otimiza\u00e7\u00e3o de cada metro quadrado para que o ambiente atenda \u00e0s diferentes necessidades do dia a dia sem comprometer a circula\u00e7\u00e3o ou o conforto.<\/p>\n\n\n\n<p>Ao longo deste artigo, exploramos estrat\u00e9gias essenciais para transformar ambientes reduzidos em <strong>espa\u00e7os bem planejados e altamente funcionais<\/strong>.<\/p>\n\n\n\n<p>A seguir, fazemos um resumo das principais pr\u00e1ticas abordadas e refor\u00e7amos a import\u00e2ncia de investir em um projeto inteligente para garantir <strong>harmonia, praticidade e aproveitamento m\u00e1ximo do espa\u00e7o<\/strong>.<\/p>\n\n\n\n<hr class=\"wp-block-separator has-alpha-channel-opacity\"\/>\n\n\n\n<h2 id='recapitula\u00e7\u00e3o-das-principais-estrat\u00e9gias-abordadas'  class=\"wp-block-heading\"><strong>Recapitula\u00e7\u00e3o das principais estrat\u00e9gias abordadas<\/strong><\/h2>\n\n\n\n<p>\ud83d\udccc <strong>Os pilares de um ambiente compacto e eficiente:<\/strong><\/p>\n\n\n\n<p>\u2714 <strong>Setoriza\u00e7\u00e3o estrat\u00e9gica<\/strong> \u2013 Definir bem os espa\u00e7os sem necessidade de divis\u00f3rias tradicionais, utilizando m\u00f3veis, cores e ilumina\u00e7\u00e3o para criar diferentes \u00e1reas dentro do mesmo ambiente.<br>\u2714 <strong>M\u00f3veis multifuncionais e inteligentes<\/strong> \u2013 Optar por pe\u00e7as retr\u00e1teis, dobr\u00e1veis e expans\u00edveis para que o espa\u00e7o seja adapt\u00e1vel \u00e0s diversas atividades do dia a dia.<br>\u2714 <strong>Aproveitamento vertical<\/strong> \u2013 Utilizar prateleiras, nichos e arm\u00e1rios suspensos para maximizar a capacidade de armazenamento sem comprometer a circula\u00e7\u00e3o.<br>\u2714 <strong>Ilumina\u00e7\u00e3o e climatiza\u00e7\u00e3o bem planejadas<\/strong> \u2013 Integrar luz natural e artificial de maneira equilibrada para ampliar visualmente o ambiente e garantir conforto t\u00e9rmico.<br>\u2714 <strong>Automa\u00e7\u00e3o e tecnologia aplicada ao espa\u00e7o<\/strong> \u2013 Investir em m\u00f3veis motorizados, sistemas inteligentes de ilumina\u00e7\u00e3o e solu\u00e7\u00f5es de armazenamento automatizadas para maior praticidade.<br>\u2714 <strong>Organiza\u00e7\u00e3o eficiente e otimiza\u00e7\u00e3o do dia a dia<\/strong> \u2013 Criar um sistema de armazenamento intuitivo que torne mais f\u00e1cil manter o ambiente sempre organizado.<\/p>\n\n\n\n<p>Cada uma dessas estrat\u00e9gias contribui para que o espa\u00e7o seja n\u00e3o apenas <strong>bonito<\/strong>, mas tamb\u00e9m <strong>pr\u00e1tico, vers\u00e1til e eficiente<\/strong>.<\/p>\n\n\n\n<hr class=\"wp-block-separator has-alpha-channel-opacity\"\/>\n\n\n\n<h2 id='a-import\u00e2ncia-de-um-planejamento-eficiente-para-espa\u00e7os-reduzidos'  class=\"wp-block-heading\"><strong>A import\u00e2ncia de um planejamento eficiente para espa\u00e7os reduzidos<\/strong><\/h2>\n\n\n\n<p>Ambientes compactos exigem <strong>planejamento estrat\u00e9gico e escolhas inteligentes<\/strong>. Quando um espa\u00e7o \u00e9 projetado com foco na funcionalidade, \u00e9 poss\u00edvel:<\/p>\n\n\n\n<p>\u2705 <strong>Aproveitar melhor a \u00e1rea \u00fatil<\/strong>, garantindo que cada canto tenha um prop\u00f3sito bem definido.<br>\u2705 <strong>Reduzir a necessidade de reformas futuras<\/strong>, pois m\u00f3veis e elementos do ambiente s\u00e3o pensados para se adaptar \u00e0s mudan\u00e7as no estilo de vida do morador.<br>\u2705 <strong>Criar um ambiente din\u00e2mico e flex\u00edvel<\/strong>, que se ajusta a diferentes momentos do dia sem comprometer a organiza\u00e7\u00e3o.<br>\u2705 <strong>Facilitar a rotina e a manuten\u00e7\u00e3o do espa\u00e7o<\/strong>, garantindo que tudo esteja sempre acess\u00edvel e bem distribu\u00eddo.<\/p>\n\n\n\n<p>Um <strong>layout bem planejado<\/strong> proporciona <strong>mais conforto, fluidez e funcionalidade<\/strong>, tornando a experi\u00eancia dentro do espa\u00e7o muito mais agrad\u00e1vel e eficiente.<\/p>\n\n\n\n<hr class=\"wp-block-separator has-alpha-channel-opacity\"\/>\n\n\n\n<h2 id='considera\u00e7\u00f5es-finais-sobre-a-funcionalidade-e-praticidade-na-organiza\u00e7\u00e3o-do-ambiente'  class=\"wp-block-heading\"><strong>Considera\u00e7\u00f5es finais sobre a funcionalidade e praticidade na organiza\u00e7\u00e3o do ambiente<\/strong><\/h2>\n\n\n\n<p>A verdadeira transforma\u00e7\u00e3o de um espa\u00e7o compacto <strong>n\u00e3o depende do tamanho do ambiente, mas da forma como ele \u00e9 utilizado<\/strong>. Um projeto funcional bem planejado pode <strong>ampliar as possibilidades de um espa\u00e7o pequeno<\/strong>, tornando-o <strong>mais pr\u00e1tico, adapt\u00e1vel e eficiente<\/strong>.<\/p>\n\n\n\n<p>\ud83d\udccd <strong>Pontos-chave para um ambiente organizado e funcional:<\/strong><\/p>\n\n\n\n<p>\u2714 <strong>Menos \u00e9 mais<\/strong> \u2013 Evite excessos e priorize m\u00f3veis e objetos que realmente tenham uma fun\u00e7\u00e3o \u00fatil.<br>\u2714 <strong>Aposte na versatilidade<\/strong> \u2013 Escolha pe\u00e7as que possam se transformar conforme a necessidade, permitindo m\u00faltiplos usos no mesmo ambiente.<br>\u2714 <strong>Organiza\u00e7\u00e3o cont\u00ednua<\/strong> \u2013 Criar um sistema eficiente de armazenamento evita bagun\u00e7a e mant\u00e9m o ambiente sempre funcional.<br>\u2714 <strong>Personaliza\u00e7\u00e3o inteligente<\/strong> \u2013 Cada espa\u00e7o deve ser projetado para atender \u00e0s necessidades do morador, tornando o ambiente mais pr\u00e1tico e confort\u00e1vel.<\/p>\n\n\n\n<p>Quando h\u00e1 planejamento, qualquer espa\u00e7o reduzido pode ser <strong>otimizado e transformado em um ambiente agrad\u00e1vel, moderno e altamente funcional<\/strong>.<\/p>\n\n\n\n<p>Com as estrat\u00e9gias abordadas ao longo deste artigo, fica evidente que a <strong>funcionalidade e a organiza\u00e7\u00e3o s\u00e3o as chaves para aproveitar ao m\u00e1ximo qualquer espa\u00e7o<\/strong>, garantindo <strong>conforto, praticidade e efici\u00eancia<\/strong> no dia a dia. \ud83d\ude80\ud83c\udfe1<\/p>\n\n\n\n<hr class=\"wp-block-separator has-alpha-channel-opacity\"\/>\n\n\n\n<h2 id='faq-perguntas-frequentes'  class=\"wp-block-heading\"><strong>FAQ \u2013 Perguntas Frequentes<\/strong><\/h2>\n\n\n\n<h3 id='\u2714-como-otimizar-pequenos-espa\u00e7os-sem-comprometer-a-funcionalidade'  class=\"wp-block-heading\"><strong>\u2714 Como otimizar pequenos espa\u00e7os sem comprometer a funcionalidade?<\/strong><\/h3>\n\n\n\n<p>Aproveite cada canto do ambiente com <strong>m\u00f3veis multifuncionais, armazenamento vertical e integra\u00e7\u00e3o de espa\u00e7os<\/strong>. Prefira cores claras, ilumina\u00e7\u00e3o natural e evite excessos na decora\u00e7\u00e3o.<\/p>\n\n\n\n<h3 id='\u2714-quais-s\u00e3o-os-melhores-m\u00f3veis-para-organiza\u00e7\u00e3o-em-ambientes-compactos'  class=\"wp-block-heading\"><strong>\u2714 Quais s\u00e3o os melhores m\u00f3veis para organiza\u00e7\u00e3o em ambientes compactos?<\/strong><\/h3>\n\n\n\n<p>Opte por <strong>camas com gavetas embutidas, mesas dobr\u00e1veis, sof\u00e1s-camas, pufes com compartimentos internos e estantes modulares<\/strong>. Esses m\u00f3veis ajudam a manter tudo organizado sem ocupar muito espa\u00e7o.<\/p>\n\n\n\n<h3 id='\u2714-como-manter-a-organiza\u00e7\u00e3o-de-forma-pr\u00e1tica-no-dia-a-dia'  class=\"wp-block-heading\"><strong>\u2714 Como manter a organiza\u00e7\u00e3o de forma pr\u00e1tica no dia a dia?<\/strong><\/h3>\n\n\n\n<p>Crie o h\u00e1bito de <strong>guardar cada item ap\u00f3s o uso<\/strong>, use <strong>organizadores e divis\u00f3rias<\/strong> dentro de gavetas e arm\u00e1rios e dedique <strong>alguns minutos di\u00e1rios para manter a ordem<\/strong>.<\/p>\n\n\n\n<h3 id='\u2714-\u00e9-poss\u00edvel-ter-um-espa\u00e7o-compacto-bem-distribu\u00eddo-sem-reformas-estruturais'  class=\"wp-block-heading\"><strong>\u2714 \u00c9 poss\u00edvel ter um espa\u00e7o compacto bem distribu\u00eddo sem reformas estruturais?<\/strong><\/h3>\n\n\n\n<p>Sim! <strong>Divis\u00f3rias leves, m\u00f3veis sobre rod\u00edzios, prateleiras suspensas e espelhos bem-posicionados<\/strong> ajudam a organizar e ampliar o ambiente sem necessidade de obras.<\/p>\n\n\n\n<h3 id='\u2714-quais-solu\u00e7\u00f5es-podem-ajudar-a-aumentar-a-capacidade-de-armazenamento'  class=\"wp-block-heading\"><strong>\u2714 Quais solu\u00e7\u00f5es podem ajudar a aumentar a capacidade de armazenamento?<\/strong><\/h3>\n\n\n\n<p>Aposte em <strong>nichos na parede, gavetas ocultas em m\u00f3veis, prateleiras acima das portas e caixas organizadoras empilh\u00e1veis<\/strong> para aproveitar melhor o espa\u00e7o dispon\u00edvel.<\/p>","protected":false},"excerpt":{"rendered":"<p>A import\u00e2ncia do planejamento estrat\u00e9gico para otimizar espa\u00e7os compactos com funcionalidade e efici\u00eancia Projetar um espa\u00e7o compacto exige mais do&#8230;<\/p>","protected":false},"author":1,"featured_media":629,"comment_status":"open","ping_status":"open","sticky":false,"template":"","format":"standard","meta":{"_kad_post_transparent":"","_kad_post_title":"","_kad_post_layout":"","_kad_post_sidebar_id":"","_kad_post_content_style":"","_kad_post_vertical_padding":"","_kad_post_feature":"","_kad_post_feature_position":"","_kad_post_header":false,"_kad_post_footer":false,"_kad_post_classname":"","footnotes":"","jetpack_publicize_message":"","jetpack_publicize_feature_enabled":true,"jetpack_social_post_already_shared":false,"jetpack_social_options":{"image_generator_settings":{"template":"highway","default_image_id":0,"font":"","enabled":false},"version":2}},"categories":[16],"tags":[12],"class_list":["post-627","post","type-post","status-publish","format-standard","has-post-thumbnail","hentry","category-casa-e-jardim","tag-projetos-inovadores"],"jetpack_publicize_connections":[],"jetpack_featured_media_url":"https:\/\/i0.wp.com\/1truenote.com\/wp-content\/uploads\/2025\/03\/Design-sem-nome-6.webp?fit=600%2C400&ssl=1","jetpack_sharing_enabled":true,"_links":{"self":[{"href":"https:\/\/1truenote.com\/en\/wp-json\/wp\/v2\/posts\/627","targetHints":{"allow":["GET"]}}],"collection":[{"href":"https:\/\/1truenote.com\/en\/wp-json\/wp\/v2\/posts"}],"about":[{"href":"https:\/\/1truenote.com\/en\/wp-json\/wp\/v2\/types\/post"}],"author":[{"embeddable":true,"href":"https:\/\/1truenote.com\/en\/wp-json\/wp\/v2\/users\/1"}],"replies":[{"embeddable":true,"href":"https:\/\/1truenote.com\/en\/wp-json\/wp\/v2\/comments?post=627"}],"version-history":[{"count":0,"href":"https:\/\/1truenote.com\/en\/wp-json\/wp\/v2\/posts\/627\/revisions"}],"wp:featuredmedia":[{"embeddable":true,"href":"https:\/\/1truenote.com\/en\/wp-json\/wp\/v2\/media\/629"}],"wp:attachment":[{"href":"https:\/\/1truenote.com\/en\/wp-json\/wp\/v2\/media?parent=627"}],"wp:term":[{"taxonomy":"category","embeddable":true,"href":"https:\/\/1truenote.com\/en\/wp-json\/wp\/v2\/categories?post=627"},{"taxonomy":"post_tag","embeddable":true,"href":"https:\/\/1truenote.com\/en\/wp-json\/wp\/v2\/tags?post=627"}],"curies":[{"name":"wp","href":"https:\/\/api.w.org\/{rel}","templated":true}]}}