{"id":611,"date":"2025-03-07T08:54:00","date_gmt":"2025-03-07T08:54:00","guid":{"rendered":"https:\/\/1truenote.com\/?p=611"},"modified":"2025-04-21T17:09:51","modified_gmt":"2025-04-21T17:09:51","slug":"harmonia-funcional-em-espacos-reduzidos-com-design-minimalista-e-otimizacao-inteligente-para-ambientes-compactos","status":"publish","type":"post","link":"https:\/\/1truenote.com\/en\/harmonia-funcional-em-espacos-reduzidos-com-design-minimalista-e-otimizacao-inteligente-para-ambientes-compactos\/","title":{"rendered":"Harmonia funcional em espa\u00e7os reduzidos com design minimalista e otimiza\u00e7\u00e3o inteligente para ambientes compactos"},"content":{"rendered":"<p>Viver em espa\u00e7os reduzidos n\u00e3o significa abrir m\u00e3o do conforto ou da personalidade. Pelo contr\u00e1rio, a <strong>arquitetura minimalista<\/strong> e a <strong>otimiza\u00e7\u00e3o inteligente do espa\u00e7o<\/strong> s\u00e3o solu\u00e7\u00f5es eficazes para criar ambientes compactos que equilibram est\u00e9tica e funcionalidade.<\/p>\n\n\n\n<p>A forma como um espa\u00e7o \u00e9 organizado influencia diretamente o bem-estar e a praticidade do dia a dia, tornando essencial o planejamento cuidadoso para evitar a sensa\u00e7\u00e3o de aperto ou desorganiza\u00e7\u00e3o.<\/p>\n\n\n\n<p>Com a crescente valoriza\u00e7\u00e3o de <strong>casas menores e ambientes multifuncionais<\/strong>, o design minimalista tem se tornado uma alternativa cada vez mais popular. Ele n\u00e3o se resume apenas \u00e0 est\u00e9tica, mas \u00e0 capacidade de eliminar excessos, priorizar elementos essenciais e garantir que cada detalhe tenha um prop\u00f3sito.<\/p>\n\n\n\n<p>Um ambiente bem projetado deve permitir que a circula\u00e7\u00e3o seja fluida, a ilumina\u00e7\u00e3o seja eficiente e cada m\u00f3vel ou objeto tenha um impacto positivo na experi\u00eancia do espa\u00e7o.<\/p>\n\n\n\n<p>A <strong>otimiza\u00e7\u00e3o inteligente<\/strong> se torna indispens\u00e1vel para esses ambientes, combinando <strong>layout estrat\u00e9gico, m\u00f3veis multifuncionais e solu\u00e7\u00f5es de armazenamento criativas<\/strong>. Quando aplicada corretamente, essa abordagem transforma espa\u00e7os pequenos em \u00e1reas pr\u00e1ticas, organizadas e convidativas.<\/p>\n\n\n\n<p>Este artigo apresenta estrat\u00e9gias eficazes para criar um ambiente <strong>harmonioso, confort\u00e1vel e funcional<\/strong>, explorando os melhores m\u00e9todos para integrar <strong>design minimalista e otimiza\u00e7\u00e3o inteligente<\/strong> sem comprometer o estilo ou a qualidade de vida.<\/p>\n\n\n\n<hr class=\"wp-block-separator has-alpha-channel-opacity\"\/>\n\n\n\n<p><strong>Princ\u00edpios do design minimalista em ambientes compactos<\/strong><\/p>\n\n\n\n<p>Criar um ambiente compacto que seja ao mesmo tempo funcional e visualmente agrad\u00e1vel exige um planejamento estrat\u00e9gico. O <strong>design minimalista<\/strong> surge como a solu\u00e7\u00e3o ideal para quem busca aproveitar cada cent\u00edmetro do espa\u00e7o sem comprometer o conforto.<\/p>\n\n\n\n<p>Essa abordagem se baseia em tr\u00eas pilares essenciais: <strong>elimina\u00e7\u00e3o de excessos, uso inteligente das cores e escolha criteriosa de materiais<\/strong>. Aplicar esses princ\u00edpios transforma qualquer ambiente reduzido em um espa\u00e7o fluido, sofisticado e pr\u00e1tico.<\/p>\n\n\n\n<hr class=\"wp-block-separator has-alpha-channel-opacity\"\/>\n\n\n\n<p><strong>Redu\u00e7\u00e3o de elementos sem comprometer a praticidade<\/strong><\/p>\n\n\n\n<p>Menos \u00e9 mais. Esse conceito define o minimalismo e se aplica com ainda mais for\u00e7a em ambientes pequenos. A redu\u00e7\u00e3o de elementos n\u00e3o significa priva\u00e7\u00e3o, mas sim a escolha intencional de cada item para que ele tenha um prop\u00f3sito claro.<\/p>\n\n\n\n<p>\u2714 <strong>M\u00f3veis multifuncionais<\/strong>: Pe\u00e7as que acumulam diferentes fun\u00e7\u00f5es, como sof\u00e1s-camas, mesas dobr\u00e1veis e camas com gavetas, s\u00e3o essenciais para economizar espa\u00e7o sem abrir m\u00e3o do conforto.<br>\u2714 <strong>Objetos decorativos com funcionalidade<\/strong>: Evite acumular enfeites e priorize elementos que agreguem valor ao espa\u00e7o, como espelhos para ampliar a sensa\u00e7\u00e3o de profundidade ou lumin\u00e1rias direcion\u00e1veis para melhorar a ilumina\u00e7\u00e3o.<br>\u2714 <strong>Organiza\u00e7\u00e3o estrat\u00e9gica<\/strong>: Cada item deve ter um local definido. Utilize nichos, gavetas embutidas e prateleiras suspensas para manter a harmonia visual e evitar polui\u00e7\u00e3o est\u00e9tica.<\/p>\n\n\n\n<p>A simplicidade no design dos m\u00f3veis e a elimina\u00e7\u00e3o do sup\u00e9rfluo resultam em um espa\u00e7o mais leve, convidativo e flu\u00eddo.<\/p>\n\n\n\n<hr class=\"wp-block-separator has-alpha-channel-opacity\"\/>\n\n\n\n<p><strong>A influ\u00eancia da paleta de cores na sensa\u00e7\u00e3o de amplitude<\/strong><\/p>\n\n\n\n<p>As cores desempenham um papel fundamental na percep\u00e7\u00e3o de espa\u00e7o. Ambientes compactos exigem um uso estrat\u00e9gico da paleta crom\u00e1tica para criar a ilus\u00e3o de amplitude e luminosidade.<\/p>\n\n\n\n<p>\u2714 <strong>Tons claros e neutros<\/strong>: Cores como branco, bege, cinza-claro e off-White refletem melhor a luz e fazem o ambiente parecer maior do que realmente \u00e9.<br>\u2714 <strong>Contrastes sutis<\/strong>: Pequenos toques de cores mais escuras ou vibrantes podem ser usados em detalhes decorativos para criar profundidade sem sobrecarregar a est\u00e9tica.<br>\u2714 <strong>Uso de espelhos e superf\u00edcies brilhantes<\/strong>: Al\u00e9m das cores, espelhos e acabamentos envernizados ajudam a ampliar visualmente o espa\u00e7o ao refletir a luz natural.<\/p>\n\n\n\n<p>Uma paleta bem planejada torna qualquer ambiente pequeno <strong>mais arejado, leve e agrad\u00e1vel<\/strong>, proporcionando um equil\u00edbrio perfeito entre aconchego e sofistica\u00e7\u00e3o.<\/p>\n\n\n\n<hr class=\"wp-block-separator has-alpha-channel-opacity\"\/>\n\n\n\n<p><strong>Escolha de materiais que unem leveza, resist\u00eancia e sofistica\u00e7\u00e3o<\/strong><\/p>\n\n\n\n<p>A sele\u00e7\u00e3o de materiais impacta tanto a est\u00e9tica quanto a durabilidade do espa\u00e7o. Em ambientes minimalistas, a prefer\u00eancia deve ser por superf\u00edcies que transmitam <strong>leveza e modernidade<\/strong>, sem comprometer a resist\u00eancia.<\/p>\n\n\n\n<p>\u2714 <strong>Vidro e acr\u00edlico<\/strong>: Elementos transparentes ajudam a criar um efeito visual de continuidade, ideal para mesas, divis\u00f3rias e prateleiras.<br>\u2714 <strong>Madeiras claras e laminados texturizados<\/strong>: Oferecem aconchego sem pesar visualmente, sendo \u00f3timos para pisos, m\u00f3veis e pain\u00e9is.<br>\u2714 <strong>Metais foscos e detalhes em inox<\/strong>: Contribuem para um toque sofisticado sem excessos, al\u00e9m de serem altamente dur\u00e1veis.<br>\u2714 <strong>Tecidos naturais<\/strong>: Algod\u00e3o, linho e fibras ecol\u00f3gicas criam uma atmosfera acolhedora sem comprometer a leveza do ambiente.<\/p>\n\n\n\n<p>A escolha inteligente dos materiais garante um espa\u00e7o minimalista que une <strong>est\u00e9tica, funcionalidade e resist\u00eancia<\/strong>, tornando o ambiente compacto mais sofisticado e atemporal.<\/p>\n\n\n\n<hr class=\"wp-block-separator has-alpha-channel-opacity\"\/>\n\n\n\n<p><strong>Minimalismo que transforma ambientes pequenos<\/strong><\/p>\n\n\n\n<p>O design minimalista vai muito al\u00e9m da est\u00e9tica: ele <strong>melhora a organiza\u00e7\u00e3o, aumenta a sensa\u00e7\u00e3o de espa\u00e7o e torna o dia a dia mais pr\u00e1tico<\/strong>. A redu\u00e7\u00e3o de elementos, a escolha de uma paleta de cores equilibrada e o uso de materiais inteligentes s\u00e3o estrat\u00e9gias fundamentais para criar um ambiente compacto funcional e acolhedor.<\/p>\n\n\n\n<p>Aplicar esses princ\u00edpios significa <strong>maximizar cada metro quadrado sem comprometer a harmonia<\/strong>, resultando em um espa\u00e7o que proporciona conforto e bem-estar sem excessos.<\/p>\n\n\n\n<hr class=\"wp-block-separator has-alpha-channel-opacity\"\/>\n\n\n\n<p><strong>Estrat\u00e9gias para otimiza\u00e7\u00e3o inteligente do espa\u00e7o<\/strong><\/p>\n\n\n\n<p>A otimiza\u00e7\u00e3o inteligente de espa\u00e7os compactos vai muito al\u00e9m de simplesmente reduzir a quantidade de m\u00f3veis e objetos. \u00c9 um processo estrat\u00e9gico que envolve o <strong>uso eficiente de cada cent\u00edmetro<\/strong>, permitindo que o ambiente seja funcional, organizado e agrad\u00e1vel.<\/p>\n\n\n\n<p>Para isso, tr\u00eas pilares essenciais devem ser aplicados: <strong>m\u00f3veis multifuncionais, sistemas de armazenamento oculto e layouts vers\u00e1teis<\/strong>. Quando combinadas, essas solu\u00e7\u00f5es transformam espa\u00e7os reduzidos em ambientes bem distribu\u00eddos, confort\u00e1veis e adapt\u00e1veis \u00e0s diferentes necessidades do dia a dia.<\/p>\n\n\n\n<hr class=\"wp-block-separator has-alpha-channel-opacity\"\/>\n\n\n\n<p><strong>Uso de m\u00f3veis multifuncionais para maximizar \u00e1reas reduzidas<\/strong><\/p>\n\n\n\n<p>M\u00f3veis multifuncionais s\u00e3o verdadeiros aliados de quem deseja manter um espa\u00e7o otimizado sem abrir m\u00e3o da praticidade. Al\u00e9m de economizar \u00e1rea, eles reduzem a necessidade de m\u00faltiplos itens, tornando o ambiente mais flu\u00eddo e livre de excessos.<\/p>\n\n\n\n<p>\u2714 <strong>Sof\u00e1s-camas e poltronas convers\u00edveis<\/strong> \u2013 Permitem que um mesmo m\u00f3vel seja utilizado para diferentes prop\u00f3sitos, oferecendo conforto sem ocupar espa\u00e7o fixo.<br>\u2714 <strong>Mesas dobr\u00e1veis ou extens\u00edveis<\/strong> \u2013 Podem ser ajustadas conforme a necessidade, funcionando como esta\u00e7\u00e3o de trabalho durante o dia e espa\u00e7o para refei\u00e7\u00f5es \u00e0 noite.<br>\u2714 <strong>Camas com gavetas embutidas<\/strong> \u2013 Aproveitam o espa\u00e7o sob a cama para armazenar roupas de cama, sapatos ou objetos pessoais, eliminando a necessidade de m\u00f3veis adicionais.<br>\u2714 <strong>Bancos e pufes com compartimentos internos<\/strong> \u2013 Al\u00e9m de servirem como assentos extras, oferecem espa\u00e7o interno para armazenar itens pouco utilizados.<\/p>\n\n\n\n<p>Investir em m\u00f3veis que desempenham <strong>mais de uma fun\u00e7\u00e3o<\/strong> \u00e9 essencial para manter um ambiente <strong>din\u00e2mico, organizado e funcional<\/strong>, garantindo que cada pe\u00e7a contribua para a otimiza\u00e7\u00e3o do espa\u00e7o.<\/p>\n\n\n\n<hr class=\"wp-block-separator has-alpha-channel-opacity\"\/>\n\n\n\n<p><strong>Sistemas de armazenamento oculto para manter a organiza\u00e7\u00e3o<\/strong><\/p>\n\n\n\n<p>A falta de espa\u00e7o n\u00e3o precisa ser um problema quando h\u00e1 solu\u00e7\u00f5es inteligentes para manter tudo no lugar sem comprometer a est\u00e9tica do ambiente. O <strong>armazenamento oculto<\/strong> ajuda a manter a organiza\u00e7\u00e3o sem acumular m\u00f3veis vis\u00edveis, permitindo que o espa\u00e7o pare\u00e7a maior e mais fluido.<\/p>\n\n\n\n<p>\u2714 <strong>Nichos embutidos nas paredes<\/strong> \u2013 Substituem prateleiras tradicionais e oferecem uma solu\u00e7\u00e3o discreta para organizar livros, objetos decorativos e utens\u00edlios.<br>\u2714 <strong>Gavetas ocultas em escadas e rodap\u00e9s<\/strong> \u2013 Ideais para armazenar itens que n\u00e3o precisam estar sempre \u00e0 vista, como sapatos, documentos e acess\u00f3rios.<br>\u2714 <strong>Portas de correr com compartimentos internos<\/strong> \u2013 Criam espa\u00e7os escondidos para armazenar objetos sem comprometer a \u00e1rea de circula\u00e7\u00e3o.<br>\u2714 <strong>Pain\u00e9is modulares com compartimentos secretos<\/strong> \u2013 Integram solu\u00e7\u00f5es de armazenamento em m\u00f3veis e paredes, garantindo que o ambiente fique organizado sem perder espa\u00e7o \u00fatil.<\/p>\n\n\n\n<p>Com essas estrat\u00e9gias, a organiza\u00e7\u00e3o se torna intuitiva, permitindo que o ambiente fique <strong>livre de excesso de informa\u00e7\u00f5es visuais<\/strong>, promovendo uma sensa\u00e7\u00e3o de leveza e amplitude.<\/p>\n\n\n\n<hr class=\"wp-block-separator has-alpha-channel-opacity\"\/>\n\n\n\n<p><strong>Layouts vers\u00e1teis que permitem adapta\u00e7\u00f5es conforme a necessidade<\/strong><\/p>\n\n\n\n<p>Ter um layout vers\u00e1til significa planejar a disposi\u00e7\u00e3o dos m\u00f3veis e objetos de forma que o espa\u00e7o possa ser <strong>adaptado facilmente<\/strong> \u00e0s diferentes atividades do dia a dia. Isso permite que o ambiente seja din\u00e2mico e funcional sem precisar de grandes mudan\u00e7as estruturais.<\/p>\n\n\n\n<p>\u2714 <strong>Ambientes integrados<\/strong> \u2013 Cozinhas que se conectam \u00e0 sala de estar, quartos com \u00e1reas de home office embutidas e banheiros que utilizam divis\u00f3rias discretas ampliam a sensa\u00e7\u00e3o de espa\u00e7o.<br>\u2714 <strong>M\u00f3veis modulares e m\u00f3veis sobre trilhos<\/strong> \u2013 Permitem que a configura\u00e7\u00e3o do ambiente seja alterada conforme a necessidade, como pain\u00e9is m\u00f3veis que dividem c\u00f4modos temporariamente.<br>\u2714 <strong>Uso estrat\u00e9gico da circula\u00e7\u00e3o<\/strong> \u2013 Garantir que m\u00f3veis n\u00e3o obstruam a passagem e que o fluxo do ambiente seja natural melhora a usabilidade do espa\u00e7o.<br>\u2714 <strong>Paredes multifuncionais<\/strong> \u2013 Superf\u00edcies que servem como \u00e1rea de trabalho, suporte para TV ou espa\u00e7o de armazenamento adicionam funcionalidades sem ocupar \u00e1rea \u00fatil.<\/p>\n\n\n\n<p>A disposi\u00e7\u00e3o inteligente dos m\u00f3veis e a flexibilidade na organiza\u00e7\u00e3o <strong>garantem que o ambiente seja aproveitado ao m\u00e1ximo<\/strong>, oferecendo solu\u00e7\u00f5es din\u00e2micas que atendem \u00e0s demandas do cotidiano sem comprometer a est\u00e9tica.<\/p>\n\n\n\n<hr class=\"wp-block-separator has-alpha-channel-opacity\"\/>\n\n\n\n<p><strong>Espa\u00e7os compactos, bem planejados e altamente funcionais<\/strong><\/p>\n\n\n\n<p>A otimiza\u00e7\u00e3o de espa\u00e7os reduzidos exige <strong>criatividade, estrat\u00e9gia e boas escolhas de design<\/strong>. Ao investir em <strong>m\u00f3veis multifuncionais, sistemas de armazenamento oculto e layouts vers\u00e1teis<\/strong>, \u00e9 poss\u00edvel criar um ambiente <strong>pr\u00e1tico, confort\u00e1vel e adapt\u00e1vel<\/strong>.<\/p>\n\n\n\n<p>Com essas solu\u00e7\u00f5es, qualquer espa\u00e7o compacto pode se transformar em um lugar <strong>harm\u00f4nico, organizado e totalmente funcional<\/strong>, garantindo uma experi\u00eancia de vida mais fluida e sem excessos.<\/p>\n\n\n\n<hr class=\"wp-block-separator has-alpha-channel-opacity\"\/>\n\n\n\n<p><strong>Integra\u00e7\u00e3o entre est\u00e9tica e funcionalidade<\/strong><\/p>\n\n\n\n<p>Criar um ambiente compacto que seja visualmente agrad\u00e1vel e, ao mesmo tempo, altamente funcional pode parecer um desafio. No entanto, <strong>o equil\u00edbrio entre est\u00e9tica e praticidade<\/strong> transforma espa\u00e7os reduzidos em \u00e1reas harmoniosas, convidativas e f\u00e1ceis de usar.<\/p>\n\n\n\n<p>Para alcan\u00e7ar esse efeito, \u00e9 essencial alinhar o design ao conforto, <strong>valorizando a ilumina\u00e7\u00e3o, escolhendo elementos decorativos estrat\u00e9gicos e garantindo que cada pe\u00e7a tenha um prop\u00f3sito real<\/strong>.<\/p>\n\n\n\n<p>A seguir, exploramos estrat\u00e9gias eficazes para unir <strong>beleza e funcionalidade<\/strong>, criando espa\u00e7os minimalistas que encantam sem comprometer a utilidade.<\/p>\n\n\n\n<hr class=\"wp-block-separator has-alpha-channel-opacity\"\/>\n\n\n\n<p><strong>Como encontrar equil\u00edbrio entre beleza e praticidade<\/strong><\/p>\n\n\n\n<p>Quando se trata de ambientes reduzidos, cada escolha de design precisa ser pensada para maximizar tanto a est\u00e9tica quanto a usabilidade. O segredo est\u00e1 em optar por m\u00f3veis, cores e elementos decorativos que <strong>agreguem valor sem sobrecarregar o ambiente<\/strong>.<\/p>\n\n\n\n<figure class=\"wp-block-table\"><table class=\"has-fixed-layout\"><tbody><tr><td><strong>\ud83c\udfa8 Aspecto<\/strong><\/td><td><strong>\ud83c\udfaf Solu\u00e7\u00e3o Funcional<\/strong><\/td><td><strong>\ud83c\udf1f Impacto na Est\u00e9tica<\/strong><\/td><\/tr><tr><td><strong>Cores neutras<\/strong><\/td><td>Criam um ambiente mais amplo e luminoso.<\/td><td>Transmitem sofistica\u00e7\u00e3o e leveza.<\/td><\/tr><tr><td><strong>M\u00f3veis multifuncionais<\/strong><\/td><td>Permitem otimiza\u00e7\u00e3o do espa\u00e7o e versatilidade no uso.<\/td><td>Mant\u00eam a organiza\u00e7\u00e3o sem comprometer o design.<\/td><\/tr><tr><td><strong>Texturas suaves<\/strong><\/td><td>Reduzem o peso visual e trazem conforto t\u00e1til.<\/td><td>Criam um efeito aconchegante e equilibrado.<\/td><\/tr><tr><td><strong>Linhas simples<\/strong><\/td><td>Tornam o layout mais fluido e intuitivo.<\/td><td>Proporcionam um ambiente moderno e clean.<\/td><\/tr><\/tbody><\/table><\/figure>\n\n\n\n<p><strong>Dica pr\u00e1tica:<\/strong> \ud83c\udfe1 Escolha elementos que tenham <strong>dupla fun\u00e7\u00e3o<\/strong>, como prateleiras decorativas que tamb\u00e9m servem para armazenamento, ou cadeiras dobr\u00e1veis que podem ser guardadas quando n\u00e3o estiverem em uso.<\/p>\n\n\n\n<hr class=\"wp-block-separator has-alpha-channel-opacity\"\/>\n\n\n\n<p><strong>O papel da ilumina\u00e7\u00e3o na sensa\u00e7\u00e3o de amplitude e conforto <\/strong><strong>\ud83d\udca1\u2728<\/strong><\/p>\n\n\n\n<p>A ilumina\u00e7\u00e3o \u00e9 um dos <strong>fatores-chave<\/strong> para criar a <strong>sensa\u00e7\u00e3o de espa\u00e7o e aconchego<\/strong> em ambientes reduzidos. Um projeto de luz bem planejado <strong>destaca pontos estrat\u00e9gicos, valoriza a decora\u00e7\u00e3o e melhora a funcionalidade do espa\u00e7o<\/strong>.<\/p>\n\n\n\n<p>\ud83d\udccd <strong>Tipos de ilumina\u00e7\u00e3o recomendados para espa\u00e7os pequenos:<\/strong><\/p>\n\n\n\n<p>\u2714 <strong>Luz natural bem aproveitada<\/strong> \u2600 \u2013 Janelas amplas e cortinas leves permitem maior entrada de luz e ampliam a percep\u00e7\u00e3o do ambiente.<br>\u2714 <strong>Ilumina\u00e7\u00e3o difusa<\/strong> \ud83d\udca1 \u2013 Lustres e lumin\u00e1rias de teto distribuem a luz uniformemente, evitando sombras pesadas que podem dar a sensa\u00e7\u00e3o de aperto.<br>\u2714 <strong>Pontos de luz indireta<\/strong> \ud83c\udfee \u2013 Fitas de LED atr\u00e1s de m\u00f3veis ou embutidas em prateleiras criam um efeito elegante e aconchegante.<br>\u2714 <strong>Lumin\u00e1rias ajust\u00e1veis<\/strong> \ud83c\udfad \u2013 Permitem direcionar a luz conforme a necessidade, criando diferentes atmosferas no mesmo espa\u00e7o.<\/p>\n\n\n\n<p><strong>Erro comum a evitar:<\/strong> \u274c Ilumina\u00e7\u00e3o excessivamente branca e fria pode tornar o ambiente impessoal e desconfort\u00e1vel. Prefira <strong>tons neutros ou amarelados<\/strong>, que trazem calor e acolhimento ao espa\u00e7o.<\/p>\n\n\n\n<hr class=\"wp-block-separator has-alpha-channel-opacity\"\/>\n\n\n\n<p><strong>Uso de elementos decorativos sem comprometer a fluidez do ambiente <\/strong><strong>\ud83d\uddbc\ufe0f\ud83d\udecb\ufe0f<\/strong><\/p>\n\n\n\n<p>Em espa\u00e7os reduzidos, a decora\u00e7\u00e3o precisa ser <strong>estrat\u00e9gica<\/strong>, adicionando charme sem criar um aspecto visual sobrecarregado. O segredo est\u00e1 em priorizar <strong>poucos itens bem escolhidos<\/strong>, que tragam personalidade ao ambiente sem interferir na sensa\u00e7\u00e3o de amplitude.<\/p>\n\n\n\n<p>\ud83d\udd8c <strong>Dicas para uma decora\u00e7\u00e3o equilibrada:<\/strong><\/p>\n\n\n\n<p>\u2705 <strong>Espelhos bem-posicionados<\/strong> \ud83e\ude9e \u2013 Ampliam visualmente o ambiente e refletem a luz natural.<br>\u2705 <strong>Plantas pequenas ou suspensas<\/strong> \ud83c\udf3f \u2013 Adicionam frescor ao espa\u00e7o sem ocupar \u00e1reas de circula\u00e7\u00e3o.<br>\u2705 <strong>Obras de arte minimalistas<\/strong> \ud83c\udfa8 \u2013 Quadros e esculturas discretas trazem sofistica\u00e7\u00e3o sem poluir visualmente o ambiente.<br>\u2705 <strong>Objetos com texturas naturais<\/strong> \ud83e\udeb5 \u2013 Materiais como madeira, linho e cer\u00e2mica ajudam a criar uma atmosfera acolhedora e equilibrada.<\/p>\n\n\n\n<p><strong>Dica b\u00f4nus:<\/strong> \ud83c\udfad Selecione <strong>elementos decorativos que tamb\u00e9m sejam funcionais<\/strong>, como cestos organizadores, almofadas que oferecem conforto e mesas laterais com nichos para armazenamento.<\/p>\n\n\n\n<hr class=\"wp-block-separator has-alpha-channel-opacity\"\/>\n\n\n\n<p><strong>\ud83c\udf1f Espa\u00e7os minimalistas que unem est\u00e9tica e funcionalidade<\/strong><\/p>\n\n\n\n<p>A harmonia entre <strong>beleza e praticidade<\/strong> \u00e9 essencial para transformar <strong>espa\u00e7os reduzidos em ambientes altamente funcionais e convidativos<\/strong>.<\/p>\n\n\n\n<p>Ao investir em uma ilumina\u00e7\u00e3o bem planejada, escolher m\u00f3veis e cores estrategicamente e adotar elementos decorativos sem exageros, \u00e9 poss\u00edvel <strong>criar um espa\u00e7o moderno, organizado e aconchegante<\/strong>.<\/p>\n\n\n\n<p>\u2728 <strong>Resumo das melhores pr\u00e1ticas:<\/strong><\/p>\n\n\n\n<p>\u2714 Aposte em cores neutras e linhas simples para equilibrar est\u00e9tica e funcionalidade.<br>\u2714 Utilize ilumina\u00e7\u00e3o estrat\u00e9gica para criar um efeito de amplitude e conforto.<br>\u2714 Escolha poucos elementos decorativos bem distribu\u00eddos para evitar excesso visual.<\/p>\n\n\n\n<p>Ao integrar esses conceitos, qualquer espa\u00e7o compacto pode se tornar <strong>um ref\u00fagio moderno e sofisticado<\/strong>, proporcionando conforto, leveza e bem-estar no dia a dia. \ud83d\ude80<\/p>\n\n\n\n<hr class=\"wp-block-separator has-alpha-channel-opacity\"\/>\n\n\n\n<p><strong>Organiza\u00e7\u00e3o eficiente para evitar excesso de itens<\/strong><\/p>\n\n\n\n<p>Manter um ambiente compacto organizado \u00e9 essencial para criar uma <strong>sensa\u00e7\u00e3o de amplitude e fluidez<\/strong>. Quando o espa\u00e7o \u00e9 reduzido, <strong>cada objeto conta<\/strong>, e a disposi\u00e7\u00e3o dos itens pode influenciar diretamente o conforto e a funcionalidade do ambiente.<\/p>\n\n\n\n<p>O excesso de coisas pode gerar polui\u00e7\u00e3o visual, dificultar a mobilidade e comprometer a harmonia do espa\u00e7o.<\/p>\n\n\n\n<p>A organiza\u00e7\u00e3o minimalista n\u00e3o se trata apenas de eliminar objetos, mas sim de <strong>selecionar conscientemente aquilo que realmente agrega valor ao dia a dia<\/strong>.<\/p>\n\n\n\n<p>A seguir, abordamos <strong>m\u00e9todos eficientes para reduzir a quantidade de itens, manter a disposi\u00e7\u00e3o harmoniosa dos espa\u00e7os e como a organiza\u00e7\u00e3o impacta diretamente o bem-estar<\/strong>.<\/p>\n\n\n\n<hr class=\"wp-block-separator has-alpha-channel-opacity\"\/>\n\n\n\n<p><strong>M\u00e9todos minimalistas para reduzir a quantidade de objetos<\/strong><\/p>\n\n\n\n<p>Um dos maiores desafios em espa\u00e7os compactos \u00e9 evitar o ac\u00famulo desnecess\u00e1rio de itens. O minimalismo oferece estrat\u00e9gias pr\u00e1ticas para manter apenas o essencial sem renunciar ao que realmente importa.<\/p>\n\n\n\n<p>\ud83d\udccc <strong>M\u00e9todos para eliminar excessos de forma eficiente:<\/strong><\/p>\n\n\n\n<figure class=\"wp-block-table\"><table class=\"has-fixed-layout\"><tbody><tr><td><strong>\ud83c\udff7\ufe0f M\u00e9todo<\/strong><\/td><td><strong>\ud83c\udfaf Como funciona?<\/strong><\/td><td><strong>\ud83d\udd25 Benef\u00edcios<\/strong><\/td><\/tr><tr><td><strong>M\u00e9todo KonMari <\/strong><strong>\ud83d\udce6<\/strong><\/td><td>Se um objeto n\u00e3o traz alegria ou utilidade, deve ser descartado.<\/td><td>Cria um ambiente mais leve e alinhado com as necessidades reais.<\/td><\/tr><tr><td><strong>Regra do Um Ano <\/strong><strong>\u23f3<\/strong><\/td><td>Se algo n\u00e3o foi usado nos \u00faltimos 12 meses, provavelmente n\u00e3o \u00e9 essencial.<\/td><td>Evita o ac\u00famulo de itens obsoletos.<\/td><\/tr><tr><td><strong>Princ\u00edpio da Rota\u00e7\u00e3o <\/strong><strong>\ud83d\udd04<\/strong><\/td><td>Itens sazonais devem ser armazenados separadamente e organizados por frequ\u00eancia de uso.<\/td><td>Libera espa\u00e7o para o que realmente \u00e9 necess\u00e1rio no dia a dia.<\/td><\/tr><tr><td><strong>Regra do 80\/20 <\/strong><strong>\ud83c\udfaf<\/strong><\/td><td>Normalmente usamos apenas 20% dos nossos itens 80% do tempo. Priorize esses itens!<\/td><td>Torna a organiza\u00e7\u00e3o mais pr\u00e1tica e reduz a necessidade de espa\u00e7o de armazenamento.<\/td><\/tr><\/tbody><\/table><\/figure>\n\n\n\n<p>\ud83d\udccd<\/p>\n\n\n\n<p>&nbsp;<strong>Dica pr\u00e1tica:<\/strong> Fa\u00e7a uma <strong>triagem trimestral<\/strong> nos objetos da casa. O que n\u00e3o foi utilizado nesse per\u00edodo pode ser vendido, doado ou descartado. Isso mant\u00e9m o ambiente livre de ac\u00famulos desnecess\u00e1rios.<\/p>\n\n\n\n<hr class=\"wp-block-separator has-alpha-channel-opacity\"\/>\n\n\n\n<p><strong>T\u00e9cnicas para manter a disposi\u00e7\u00e3o dos espa\u00e7os sem polui\u00e7\u00e3o visual<\/strong><\/p>\n\n\n\n<p>Al\u00e9m de reduzir a quantidade de itens, <strong>a forma como eles s\u00e3o organizados<\/strong> faz toda a diferen\u00e7a para criar um ambiente harmonioso e funcional.<\/p>\n\n\n\n<p>\u2705 <strong>Escolha m\u00f3veis de armazenamento inteligente<\/strong> \u2013 Camas com gavetas embutidas, prateleiras suspensas e nichos nas paredes ajudam a manter objetos organizados sem comprometer a circula\u00e7\u00e3o do espa\u00e7o.<br>\u2705 <strong>Aposte no conceito de \u201cmenos \u00e0 vista\u201d<\/strong> \u2013 Arm\u00e1rios com portas lisas, cestos organizadores e caixas de armazenamento evitam a sobrecarga visual, trazendo uma est\u00e9tica clean ao ambiente.<br>\u2705 <strong>Divida espa\u00e7os por categorias<\/strong> \u2013 Separe os objetos por fun\u00e7\u00e3o e frequ\u00eancia de uso. Itens do dia a dia devem estar acess\u00edveis, enquanto objetos sazonais podem ser armazenados em locais estrat\u00e9gicos.<br>\u2705 <strong>Aplique a t\u00e9cnica do \u201c1 dentro, 1 fora\u201d<\/strong> \u2013 Para cada novo item que entrar na casa, outro deve sair. Isso evita o ac\u00famulo e mant\u00e9m o equil\u00edbrio do espa\u00e7o.<\/p>\n\n\n\n<p>\ud83d\udccc <strong>Erro comum a evitar:<\/strong> \u274c Deixar objetos soltos e sem um local definido. Isso cria bagun\u00e7a rapidamente e compromete a organiza\u00e7\u00e3o do ambiente.<\/p>\n\n\n\n<hr class=\"wp-block-separator has-alpha-channel-opacity\"\/>\n\n\n\n<p><strong>O impacto da organiza\u00e7\u00e3o na sensa\u00e7\u00e3o de bem-estar<\/strong><\/p>\n\n\n\n<p>A organiza\u00e7\u00e3o n\u00e3o \u00e9 apenas uma quest\u00e3o est\u00e9tica, mas tamb\u00e9m tem um impacto direto no <strong>estado emocional e na produtividade<\/strong>. Um ambiente limpo e bem estruturado reduz o estresse, melhora o foco e cria uma sensa\u00e7\u00e3o de tranquilidade.<\/p>\n\n\n\n<p>\ud83d\udccd <strong>Principais benef\u00edcios de um espa\u00e7o organizado:<\/strong><\/p>\n\n\n\n<p>\u2714 <strong>Menos estresse e ansiedade<\/strong> \ud83e\uddd8\u200d\u2642\ufe0f \u2013 Um ambiente livre de excessos proporciona uma atmosfera mais calma e relaxante.<br>\u2714 <strong>Facilidade no dia a dia<\/strong> \u23f3 \u2013 Encontrar objetos rapidamente e manter tudo em seu devido lugar otimiza o tempo e reduz frustra\u00e7\u00f5es.<br>\u2714 <strong>Melhora na produtividade<\/strong> \ud83d\udda5\ufe0f \u2013 Um ambiente organizado favorece a concentra\u00e7\u00e3o e evita distra\u00e7\u00f5es desnecess\u00e1rias.<br>\u2714 <strong>Sensa\u00e7\u00e3o de amplitude<\/strong> \ud83c\udf3f \u2013 Menos objetos e um layout equilibrado tornam o espa\u00e7o mais leve e convidativo.<\/p>\n\n\n\n<p>\ud83d\udccc <strong>Dica b\u00f4nus:<\/strong> Reserve <strong>15 minutos por dia<\/strong> para pequenas tarefas de organiza\u00e7\u00e3o. Esse h\u00e1bito simples evita o ac\u00famulo de bagun\u00e7a e mant\u00e9m o ambiente sempre agrad\u00e1vel.<\/p>\n\n\n\n<hr class=\"wp-block-separator has-alpha-channel-opacity\"\/>\n\n\n\n<p><strong>Organiza\u00e7\u00e3o estrat\u00e9gica para um espa\u00e7o minimalista e funcional<\/strong><\/p>\n\n\n\n<p>Manter um espa\u00e7o compacto <strong>organizado, funcional e visualmente equilibrado<\/strong> \u00e9 um processo cont\u00ednuo. Aplicando m\u00e9todos minimalistas, t\u00e9cnicas inteligentes de disposi\u00e7\u00e3o e valorizando a harmonia no ambiente, \u00e9 poss\u00edvel transformar qualquer espa\u00e7o pequeno em um <strong>ref\u00fagio de praticidade e conforto<\/strong>.<\/p>\n\n\n\n<p>\u2728 <strong>Resumo das melhores pr\u00e1ticas:<\/strong><\/p>\n\n\n\n<p>\u2714 Reduza o n\u00famero de objetos utilizando m\u00e9todos minimalistas eficientes.<br>\u2714 Aposte em m\u00f3veis funcionais e sistemas de armazenamento oculto.<br>\u2714 Priorize a est\u00e9tica clean, evitando polui\u00e7\u00e3o visual e excesso de informa\u00e7\u00f5es.<br>\u2714 Valorize a organiza\u00e7\u00e3o como um h\u00e1bito di\u00e1rio para manter o equil\u00edbrio do ambiente.<\/p>\n\n\n\n<p>Com essas estrat\u00e9gias, \u00e9 poss\u00edvel criar um ambiente compacto <strong>organizado, acolhedor e otimizado<\/strong>, garantindo mais qualidade de vida e bem-estar todos os dias! \ud83c\udfe1\ud83d\udc99<\/p>\n\n\n\n<hr class=\"wp-block-separator has-alpha-channel-opacity\"\/>\n\n\n\n<p><strong>Aproveitamento m\u00e1ximo da luz natural e ventila\u00e7\u00e3o <\/strong><strong>\u2600\ufe0f\ud83d\udca8<\/strong><\/p>\n\n\n\n<p>O aproveitamento da <strong>luz natural e da ventila\u00e7\u00e3o<\/strong> desempenha um papel essencial na cria\u00e7\u00e3o de espa\u00e7os compactos mais <strong>confort\u00e1veis, amplos e funcionais<\/strong>.<\/p>\n\n\n\n<p>Al\u00e9m de contribuir para uma est\u00e9tica mais leve e agrad\u00e1vel, essas estrat\u00e9gias reduzem o consumo de energia e melhoram a qualidade do ar, tornando o ambiente mais saud\u00e1vel e sustent\u00e1vel.<\/p>\n\n\n\n<p>Ambientes bem iluminados e com boa circula\u00e7\u00e3o de ar promovem <strong>sensa\u00e7\u00e3o de amplitude, frescor e aconchego<\/strong>, fatores fundamentais para quem deseja otimizar espa\u00e7os reduzidos sem comprometer o conforto.<\/p>\n\n\n\n<p>A seguir, abordamos t\u00e9cnicas eficazes para <strong>potencializar a entrada de luz, ampliar visualmente os espa\u00e7os com superf\u00edcies reflexivas e melhorar o conforto t\u00e9rmico por meio da ventila\u00e7\u00e3o natural<\/strong>.<\/p>\n\n\n\n<hr class=\"wp-block-separator has-alpha-channel-opacity\"\/>\n\n\n\n<p><strong>Estrat\u00e9gias para potencializar a entrada de luz nos ambientes<\/strong><\/p>\n\n\n\n<p>A luz natural pode transformar completamente a percep\u00e7\u00e3o de um espa\u00e7o, tornando-o <strong>mais acolhedor, amplo e convidativo<\/strong>. Para garantir que a ilumina\u00e7\u00e3o natural seja bem aproveitada, algumas estrat\u00e9gias podem ser aplicadas.<\/p>\n\n\n\n<p>\u2705 <strong>Posicionamento estrat\u00e9gico dos m\u00f3veis<\/strong> \u2013 Evite obstruir janelas com m\u00f3veis grandes. Opte por cortinas leves ou persianas transl\u00facidas para maximizar a entrada de luz.<br>\u2705 <strong>Portas e divis\u00f3rias de vidro<\/strong> \u2013 Substituir paredes s\u00f3lidas por divis\u00f3rias de vidro ou portas transl\u00facidas permite que a luz natural se espalhe para diferentes \u00e1reas do ambiente.<br>\u2705 <strong>Teto solar ou claraboias<\/strong> \u2013 Para espa\u00e7os pequenos sem muitas aberturas externas, a instala\u00e7\u00e3o de claraboias pode aumentar significativamente a ilumina\u00e7\u00e3o natural.<br>\u2705 <strong>Pinturas e revestimentos em tons claros<\/strong> \u2013 Paredes e pisos com cores neutras e claras refletem a luz, espalhando-a de forma mais eficiente por todo o ambiente.<\/p>\n\n\n\n<p>\ud83d\udccc <strong>Erro comum a evitar:<\/strong> \u274c O excesso de cortinas pesadas ou m\u00f3veis altos pr\u00f3ximos \u00e0s janelas pode bloquear a entrada de luz e tornar o ambiente mais escuro e fechado.<\/p>\n\n\n\n<hr class=\"wp-block-separator has-alpha-channel-opacity\"\/>\n\n\n\n<p><strong>Uso de espelhos e superf\u00edcies reflexivas para ampliar a percep\u00e7\u00e3o do espa\u00e7o<\/strong><\/p>\n\n\n\n<p>A <strong>reflex\u00e3o da luz<\/strong> \u00e9 um recurso poderoso para <strong>ampliar visualmente um ambiente compacto<\/strong>. O uso inteligente de espelhos e materiais brilhantes pode potencializar a ilumina\u00e7\u00e3o natural, criando um efeito de profundidade e leveza.<\/p>\n\n\n\n<p>\ud83d\udccd <strong>Formas eficazes de usar espelhos para ampliar a luz natural:<\/strong><\/p>\n\n\n\n<p>\u2714 <strong>Espelho grande em paredes opostas \u00e0s janelas<\/strong> \ud83e\ude9e \u2013 Reflete a luz e cria a sensa\u00e7\u00e3o de que o ambiente \u00e9 duas vezes maior.<br>\u2714 <strong>M\u00f3veis com acabamento brilhante<\/strong> \u2728 \u2013 Arm\u00e1rios laqueados ou mesas de vidro ajudam a espalhar a luz por todo o espa\u00e7o.<br>\u2714 <strong>Portas e pain\u00e9is espelhados<\/strong> \ud83d\udeaa \u2013 Criam um efeito visual de continuidade, tornando o ambiente mais flu\u00eddo.<br>\u2714 <strong>Metais polidos e objetos decorativos reflexivos<\/strong> \ud83c\udf1f \u2013 Lumin\u00e1rias cromadas, vasos met\u00e1licos e detalhes em inox ajudam a aumentar a luminosidade.<\/p>\n\n\n\n<p>\ud83d\udccc <strong>Dica b\u00f4nus:<\/strong> Se n\u00e3o quiser investir em espelhos grandes, experimente usar pequenos pontos de reflex\u00e3o, como <strong>quadros com vidro, lumin\u00e1rias met\u00e1licas e m\u00f3veis com superf\u00edcies brilhantes<\/strong>.<\/p>\n\n\n\n<hr class=\"wp-block-separator has-alpha-channel-opacity\"\/>\n\n\n\n<p><strong>Como a ventila\u00e7\u00e3o natural melhora o conforto t\u00e9rmico em espa\u00e7os pequenos<\/strong><\/p>\n\n\n\n<p>A ventila\u00e7\u00e3o natural \u00e9 fundamental para manter o ambiente sempre <strong>fresco, saud\u00e1vel e arejado<\/strong>, especialmente em espa\u00e7os reduzidos, onde a circula\u00e7\u00e3o de ar pode ser limitada.<\/p>\n\n\n\n<p>Quando bem planejada, a ventila\u00e7\u00e3o permite um maior <strong>conforto t\u00e9rmico, reduzindo a necessidade de climatiza\u00e7\u00e3o artificial<\/strong> e tornando o espa\u00e7o mais agrad\u00e1vel ao longo do dia.<\/p>\n\n\n\n<p>\ud83d\udccd <strong>Principais benef\u00edcios da ventila\u00e7\u00e3o natural:<\/strong><\/p>\n\n\n\n<p>\u2714 <strong>Renova\u00e7\u00e3o do ar interno<\/strong> \ud83c\udf3f \u2013 Evita a concentra\u00e7\u00e3o de umidade e odores, mantendo o ambiente mais saud\u00e1vel.<br>\u2714 <strong>Controle da temperatura<\/strong> \u2744\ufe0f \u2013 Ambientes bem ventilados tornam-se naturalmente mais frescos, reduzindo o uso de ar-condicionado.<br>\u2714 <strong>Redu\u00e7\u00e3o da condensa\u00e7\u00e3o<\/strong> \ud83d\udca6 \u2013 Diminui o risco de mofo e umidade excessiva em espa\u00e7os pequenos.<\/p>\n\n\n\n<p>\ud83d\udccc <strong>Dicas para otimizar a ventila\u00e7\u00e3o em espa\u00e7os reduzidos:<\/strong><\/p>\n\n\n\n<p>\u2705 <strong>Janelas em posi\u00e7\u00f5es opostas<\/strong> \u2013 Criam correntes de ar naturais, permitindo uma ventila\u00e7\u00e3o cruzada eficiente.<br>\u2705 <strong>T\u00e9cnica do efeito chamin\u00e9<\/strong> \u2013 Se poss\u00edvel, inclua aberturas pr\u00f3ximas ao teto para que o ar quente possa sair e o ar fresco entre pelas partes inferiores do ambiente.<br>\u2705 <strong>Uso de portas vazadas ou biombos<\/strong> \u2013 Permite que o fluxo de ar se espalhe por diferentes \u00e1reas da casa sem bloqueios.<br>\u2705 <strong>Plantas purificadoras<\/strong> \ud83c\udf31 \u2013 Esp\u00e9cies como espada-de-s\u00e3o-jorge, l\u00edrio-da-paz e jiboia ajudam a manter o ar mais puro e agrad\u00e1vel.<\/p>\n\n\n\n<p>\ud83d\udccc <strong>Erro comum a evitar:<\/strong> \u274c Ambientes pequenos com pouca ventila\u00e7\u00e3o podem acumular calor rapidamente. Evite bloquear janelas e mantenha cortinas abertas durante o dia para estimular a circula\u00e7\u00e3o do ar.<\/p>\n\n\n\n<hr class=\"wp-block-separator has-alpha-channel-opacity\"\/>\n\n\n\n<p><strong>Ilumina\u00e7\u00e3o natural e ventila\u00e7\u00e3o: elementos essenciais para um ambiente equilibrado<\/strong><\/p>\n\n\n\n<p>A <strong>luz natural e a ventila\u00e7\u00e3o<\/strong> s\u00e3o recursos poderosos para transformar um espa\u00e7o compacto em um ambiente <strong>arejado, confort\u00e1vel e visualmente amplo<\/strong>. Com pequenas mudan\u00e7as estrat\u00e9gicas, \u00e9 poss\u00edvel aproveitar melhor a luminosidade e o fluxo de ar, garantindo um espa\u00e7o mais funcional e aconchegante.<\/p>\n\n\n\n<p>\u2728 <strong>Resumo das melhores pr\u00e1ticas:<\/strong><\/p>\n\n\n\n<p>\u2714 Posicione m\u00f3veis e cortinas estrategicamente para maximizar a entrada de luz.<br>\u2714 Use espelhos e materiais reflexivos para criar um efeito de amplitude.<br>\u2714 Invista em ventila\u00e7\u00e3o cruzada para manter o ar sempre renovado e o ambiente fresco.<br>\u2714 Escolha plantas naturais que ajudam na purifica\u00e7\u00e3o do ar e deixam o espa\u00e7o mais agrad\u00e1vel.<\/p>\n\n\n\n<p>Com essas estrat\u00e9gias, qualquer espa\u00e7o compacto pode se tornar <strong>mais iluminado, ventilado e convidativo<\/strong>, garantindo uma experi\u00eancia de vida mais confort\u00e1vel e harmoniosa! \u2600\ufe0f\ud83c\udf2c\ufe0f<\/p>\n\n\n\n<hr class=\"wp-block-separator has-alpha-channel-opacity\"\/>\n\n\n\n<p><strong>Materiais e acabamentos que contribuem para a harmonia visual <\/strong><strong>\ud83c\udfe1\u2728<\/strong><\/p>\n\n\n\n<p>A escolha dos <strong>materiais e acabamentos<\/strong> \u00e9 um dos fatores mais impactantes na composi\u00e7\u00e3o de espa\u00e7os reduzidos. Al\u00e9m de influenciar a est\u00e9tica, eles determinam a <strong>sensa\u00e7\u00e3o de amplitude, aconchego e fluidez do ambiente<\/strong>.<\/p>\n\n\n\n<p>Optar por materiais que equilibram <strong>leveza, durabilidade e harmonia visual<\/strong> \u00e9 essencial para criar um espa\u00e7o funcional, sofisticado e bem distribu\u00eddo.<\/p>\n\n\n\n<p>Desde a sele\u00e7\u00e3o das <strong>texturas e cores<\/strong> at\u00e9 o uso de <strong>superf\u00edcies cont\u00ednuas<\/strong>, cada detalhe contribui para transformar ambientes pequenos em locais mais confort\u00e1veis, organizados e visualmente amplos.<\/p>\n\n\n\n<p>Vamos explorar <strong>como utilizar materiais e acabamentos estrat\u00e9gicos para maximizar o potencial de qualquer espa\u00e7o compacto<\/strong>.<\/p>\n\n\n\n<hr class=\"wp-block-separator has-alpha-channel-opacity\"\/>\n\n\n\n<p><strong>Como texturas e cores influenciam a percep\u00e7\u00e3o de espa\u00e7o <\/strong><strong>\ud83c\udfa8\ud83c\udf1f<\/strong><\/p>\n\n\n\n<p>A escolha certa de cores e texturas pode modificar completamente a forma como um ambiente \u00e9 percebido. Quando aplicadas de maneira inteligente, essas caracter\u00edsticas <strong>criam profundidade, melhoram a ilumina\u00e7\u00e3o e proporcionam sensa\u00e7\u00e3o de amplitude<\/strong>.<\/p>\n\n\n\n<p>\ud83d\udccd <strong>Dicas para usar cores e texturas a favor da harmonia visual:<\/strong><\/p>\n\n\n\n<p>\u2714 <strong>Tons claros e neutros<\/strong> \ud83c\udfe0 \u2013 Cores como branco, bege, cinza-claro e tons past\u00e9is refletem mais luz e fazem o espa\u00e7o parecer maior.<br>\u2714 <strong>Toques de cores vibrantes<\/strong> \ud83c\udfad \u2013 Elementos coloridos em pontos estrat\u00e9gicos, como almofadas ou quadros, criam um contraste din\u00e2mico sem sobrecarregar o ambiente.<br>\u2714 <strong>Texturas suaves e naturais<\/strong> \ud83e\udeb5 \u2013 Materiais como madeira clara, linho e cimento queimado trazem aconchego sem pesar visualmente.<br>\u2714 <strong>Paredes com acabamento fosco<\/strong> \ud83d\udd8c \u2013 Evitam reflexos excessivos, tornando o ambiente mais confort\u00e1vel aos olhos.<\/p>\n\n\n\n<p>\ud83d\udccc <strong>Dica extra:<\/strong> Para garantir equil\u00edbrio, escolha uma <strong>paleta base neutra<\/strong> e complemente com texturas variadas em <strong>tecidos, revestimentos e m\u00f3veis<\/strong>, criando um espa\u00e7o visualmente interessante sem polui\u00e7\u00e3o est\u00e9tica.<\/p>\n\n\n\n<hr class=\"wp-block-separator has-alpha-channel-opacity\"\/>\n\n\n\n<p><strong>Materiais que equilibram leveza e durabilidade em ambientes reduzidos<\/strong><\/p>\n\n\n\n<p>Ambientes compactos exigem materiais que sejam <strong>resistentes, mas ao mesmo tempo leves<\/strong>, para n\u00e3o sobrecarregar a estrutura visual do espa\u00e7o. A escolha correta dos acabamentos garante um ambiente pr\u00e1tico, elegante e de longa dura\u00e7\u00e3o.<\/p>\n\n\n\n<figure class=\"wp-block-table\"><table class=\"has-fixed-layout\"><tbody><tr><td><strong>\ud83c\udfd7 Material<\/strong><\/td><td><strong>\ud83c\udf1f Benef\u00edcios<\/strong><\/td><td><strong>\ud83d\udd0d Indica\u00e7\u00e3o de uso<\/strong><\/td><\/tr><tr><td><strong>Madeira clara <\/strong><strong>\ud83e\udeb5<\/strong><\/td><td>Cria aconchego e um efeito natural.<\/td><td>Pisos, pain\u00e9is de parede e m\u00f3veis.<\/td><\/tr><tr><td><strong>Vidro e acr\u00edlico <\/strong><strong>\ud83d\udd0d<\/strong><\/td><td>Garante leveza e amplia a luminosidade.<\/td><td>Mesas, divis\u00f3rias e portas.<\/td><\/tr><tr><td><strong>Metal fosco ou escovado <\/strong><strong>\ud83c\udfd7<\/strong><\/td><td>Proporciona um toque sofisticado sem pesar visualmente.<\/td><td>Puxadores, lumin\u00e1rias e detalhes decorativos.<\/td><\/tr><tr><td><strong>Porcelanato acetinado <\/strong><strong>\ud83c\udfe1<\/strong><\/td><td>Resistente e de f\u00e1cil manuten\u00e7\u00e3o, ideal para espa\u00e7os compactos.<\/td><td>Revestimentos de piso e parede.<\/td><\/tr><tr><td><strong>Cimento queimado <\/strong><strong>\ud83e\udea8<\/strong><\/td><td>Textura moderna e minimalista, vers\u00e1til para diversos estilos.<\/td><td>Paredes, bancadas e pisos.<\/td><\/tr><\/tbody><\/table><\/figure>\n\n\n\n<p>\ud83d\udccc <strong>Erro comum a evitar:<\/strong> \u274c O uso excessivo de materiais pesados, como madeira escura e pedras muito densas, pode fazer o ambiente parecer menor e mais carregado.<\/p>\n\n\n\n<hr class=\"wp-block-separator has-alpha-channel-opacity\"\/>\n\n\n\n<p><strong>O papel das superf\u00edcies cont\u00ednuas na cria\u00e7\u00e3o de fluidez visual<\/strong><\/p>\n\n\n\n<p>Superf\u00edcies cont\u00ednuas s\u00e3o uma excelente alternativa para quem deseja um ambiente <strong>mais flu\u00eddo, sem interrup\u00e7\u00f5es visuais que fragmentam o espa\u00e7o<\/strong>. Esse conceito contribui para uma sensa\u00e7\u00e3o de <strong>amplitude e sofistica\u00e7\u00e3o<\/strong>, tornando o ambiente mais leve e organizado.<\/p>\n\n\n\n<p>\u2705 <strong>Principais estrat\u00e9gias para criar continuidade visual:<\/strong><\/p>\n\n\n\n<p>\u2714 <strong>Pisos sem divis\u00f5es<\/strong> \u2013 Utilizar o mesmo revestimento em toda a casa reduz cortes abruptos no visual e gera continuidade.<br>\u2714 <strong>Bancadas e m\u00f3veis com linhas suaves<\/strong> \u2013 Optar por pe\u00e7as com cantos arredondados e acabamentos uniformes evita bloqueios visuais.<br>\u2714 <strong>Portas embutidas e rodap\u00e9s discretos<\/strong> \u2013 Criam um fluxo de design mais harmonioso, sem interrup\u00e7\u00f5es bruscas.<br>\u2714 <strong>Espelhos e pain\u00e9is espelhados<\/strong> \u2013 Ajudam a &#8220;desaparecer&#8221; limites f\u00edsicos, aumentando a sensa\u00e7\u00e3o de espa\u00e7o.<\/p>\n\n\n\n<p>\ud83d\udccc <strong>Dica b\u00f4nus:<\/strong> Se o objetivo for criar um ambiente flu\u00eddo e moderno, opte por <strong>paredes e m\u00f3veis com acabamentos sem emendas aparentes<\/strong>, proporcionando um visual mais uniforme e sofisticado.<\/p>\n\n\n\n<hr class=\"wp-block-separator has-alpha-channel-opacity\"\/>\n\n\n\n<p><strong>Materiais bem escolhidos fazem toda a diferen\u00e7a!<\/strong><\/p>\n\n\n\n<p>A escolha de <strong>materiais e acabamentos adequados<\/strong> \u00e9 um dos pilares do <strong>design minimalista e funcional<\/strong>. Ao investir em cores e texturas bem equilibradas, materiais leves e dur\u00e1veis, al\u00e9m de superf\u00edcies cont\u00ednuas, \u00e9 poss\u00edvel criar um <strong>ambiente compacto que transmite leveza, modernidade e sofistica\u00e7\u00e3o<\/strong>.<\/p>\n\n\n\n<p>\u2728 <strong>Resumo das melhores pr\u00e1ticas:<\/strong><\/p>\n\n\n\n<p>\u2714 Utilize cores neutras e texturas naturais para criar um ambiente mais amplo e aconchegante.<br>\u2714 Escolha materiais resistentes, mas visualmente leves, para equilibrar est\u00e9tica e funcionalidade.<br>\u2714 Aposte em superf\u00edcies cont\u00ednuas para garantir fluidez e harmonia no espa\u00e7o.<br>\u2714 Evite materiais muito pesados ou escuros, que podem sobrecarregar o ambiente.<\/p>\n\n\n\n<p>Com esses conceitos aplicados, qualquer espa\u00e7o reduzido pode se tornar <strong>moderno, organizado e visualmente equilibrado<\/strong>, proporcionando uma experi\u00eancia est\u00e9tica e funcional impec\u00e1vel! \ud83d\ude80\ud83c\udfe1<\/p>\n\n\n\n<hr class=\"wp-block-separator has-alpha-channel-opacity\"\/>\n\n\n\n<p><strong>Exemplos de espa\u00e7os compactos bem planejados <\/strong><strong>\ud83c\udfe1\u2728<\/strong><\/p>\n\n\n\n<p>Transformar ambientes reduzidos em <strong>espa\u00e7os funcionais, aconchegantes e sofisticados<\/strong> exige criatividade e estrat\u00e9gia. O design minimalista, aliado a solu\u00e7\u00f5es inteligentes, permite que cada metro quadrado seja <strong>otimizado sem comprometer o conforto e a est\u00e9tica<\/strong>.<\/p>\n\n\n\n<p>Muitos espa\u00e7os pequenos ao redor do mundo se tornaram refer\u00eancia em planejamento eficiente, oferecendo inspira\u00e7\u00f5es valiosas para quem deseja adaptar um estilo de vida mais pr\u00e1tico e harmonioso.<\/p>\n\n\n\n<p>Aqui, exploramos <strong>exemplos reais<\/strong> de ambientes compactos bem planejados, destacamos <strong>solu\u00e7\u00f5es inovadoras<\/strong> e compartilhamos <strong>li\u00e7\u00f5es aprendidas<\/strong> para ajudar voc\u00ea a aplicar essas ideias no seu pr\u00f3prio espa\u00e7o.<\/p>\n\n\n\n<hr class=\"wp-block-separator has-alpha-channel-opacity\"\/>\n\n\n\n<p><strong>Ambientes reais que aplicaram design minimalista com efici\u00eancia<\/strong><\/p>\n\n\n\n<p>\ud83d\udccd <strong>Microapartamento funcional em T\u00f3quio, Jap\u00e3o<\/strong><\/p>\n\n\n\n<p>No Jap\u00e3o, onde os espa\u00e7os urbanos s\u00e3o extremamente reduzidos, a arquitetura se especializou em solu\u00e7\u00f5es para otimizar ambientes pequenos. Em um microapartamento de apenas <strong>22m\u00b2<\/strong>, designers aplicaram o conceito de <strong>plataformas elevadas<\/strong> para criar diferentes n\u00edveis dentro do mesmo espa\u00e7o, separando \u00e1reas de descanso, lazer e trabalho sem a necessidade de divis\u00f3rias tradicionais.<\/p>\n\n\n\n<p>\u2705 <strong>Solu\u00e7\u00f5es aplicadas:<\/strong><\/p>\n\n\n\n<p>\u2714 M\u00f3veis embutidos que se transformam, como uma cama que desliza para dentro de um nicho na parede.<br>\u2714 Cozinha integrada com eletrodom\u00e9sticos compactos e dobr\u00e1veis.<br>\u2714 Portas de correr para economizar espa\u00e7o e melhorar a circula\u00e7\u00e3o.<\/p>\n\n\n\n<p>\ud83d\udccc <strong>Li\u00e7\u00e3o aprendida:<\/strong> Elevar \u00e1reas espec\u00edficas do ambiente pode criar uma separa\u00e7\u00e3o visual sem precisar de paredes, otimizando a fluidez do espa\u00e7o.<\/p>\n\n\n\n<hr class=\"wp-block-separator has-alpha-channel-opacity\"\/>\n\n\n\n<p>\ud83d\udccd <strong>Casa container na Austr\u00e1lia<\/strong><\/p>\n\n\n\n<p>Casas constru\u00eddas a partir de cont\u00eaineres mar\u00edtimos t\u00eam ganhado popularidade devido \u00e0 sua estrutura modular e sustent\u00e1vel. Na Austr\u00e1lia, um cont\u00eainer de <strong>30m\u00b2<\/strong> foi transformado em uma <strong>resid\u00eancia minimalista e eficiente<\/strong>, provando que espa\u00e7os compactos podem ser extremamente funcionais.<\/p>\n\n\n\n<p>\u2705 <strong>Solu\u00e7\u00f5es aplicadas:<\/strong><\/p>\n\n\n\n<p>\u2714 Grandes janelas de vidro para maximizar a luz natural e a ventila\u00e7\u00e3o.<br>\u2714 Uso de m\u00f3veis multifuncionais, como um sof\u00e1 que vira cama e uma mesa retr\u00e1til.<br>\u2714 Espa\u00e7os externos integrados, como um deck para ampliar a \u00e1rea \u00fatil da casa.<\/p>\n\n\n\n<p>\ud83d\udccc <strong>Li\u00e7\u00e3o aprendida:<\/strong> Ambientes reduzidos se tornam mais confort\u00e1veis quando h\u00e1 <strong>conex\u00e3o com \u00e1reas externas<\/strong>, trazendo uma sensa\u00e7\u00e3o de amplitude.<\/p>\n\n\n\n<hr class=\"wp-block-separator has-alpha-channel-opacity\"\/>\n\n\n\n<p>\ud83d\udccd <strong>Est\u00fadio de 18m\u00b2 em Paris, Fran\u00e7a<\/strong><\/p>\n\n\n\n<p>Os est\u00fadios parisienses s\u00e3o famosos pelo design sofisticado e inteligente. Em um <strong>apartamento de 18m\u00b2<\/strong>, arquitetos utilizaram <strong>paredes multifuncionais<\/strong>, onde estantes embutidas, mesas dobr\u00e1veis e arm\u00e1rios ocupavam o m\u00ednimo de espa\u00e7o poss\u00edvel sem comprometer o estilo.<\/p>\n\n\n\n<p>\u2705 <strong>Solu\u00e7\u00f5es aplicadas:<\/strong><\/p>\n\n\n\n<p>\u2714 Uso de cores claras e espelhos para ampliar a percep\u00e7\u00e3o do ambiente.<br>\u2714 Arm\u00e1rios embutidos do ch\u00e3o ao teto para maximizar o armazenamento.<br>\u2714 Sof\u00e1 modular que se converte em cama e \u00e1rea de trabalho.<\/p>\n\n\n\n<p>\ud83d\udccc <strong>Li\u00e7\u00e3o aprendida:<\/strong> O aproveitamento das <strong>paredes como \u00e1reas de armazenamento<\/strong> \u00e9 uma das formas mais eficazes de manter um espa\u00e7o pequeno organizado sem comprometer a est\u00e9tica.<\/p>\n\n\n\n<hr class=\"wp-block-separator has-alpha-channel-opacity\"\/>\n\n\n\n<p><strong>Solu\u00e7\u00f5es criativas que transformaram pequenos espa\u00e7os em \u00e1reas aconchegantes<\/strong><\/p>\n\n\n\n<p>\u2714 <strong>M\u00f3veis invis\u00edveis<\/strong> \u2013 Mesas dobr\u00e1veis e bancadas retr\u00e1teis ajudam a liberar espa\u00e7o quando n\u00e3o est\u00e3o em uso.<br>\u2714 <strong>Portas e divis\u00f3rias de vidro<\/strong> \u2013 A transpar\u00eancia mant\u00e9m a sensa\u00e7\u00e3o de continuidade no ambiente, evitando barreiras visuais.<br>\u2714 <strong>Cores estrat\u00e9gicas<\/strong> \u2013 O uso de tons neutros nas paredes combinado com toques de cores vibrantes nos detalhes cria equil\u00edbrio visual.<br>\u2714 <strong>Espelhos e superf\u00edcies reflexivas<\/strong> \u2013 Elementos espelhados ampliam a percep\u00e7\u00e3o do espa\u00e7o e ajudam a distribuir melhor a luz.<br>\u2714 <strong>Ilumina\u00e7\u00e3o embutida<\/strong> \u2013 Fitas de LED em prateleiras, m\u00f3veis e rodap\u00e9s criam profundidade sem ocupar espa\u00e7o extra.<\/p>\n\n\n\n<p>\ud83d\udccc <strong>Dica extra:<\/strong> Para maximizar a sensa\u00e7\u00e3o de aconchego, combine elementos naturais, como <strong>madeira, tecidos leves e plantas<\/strong>, trazendo conforto e equil\u00edbrio ao espa\u00e7o.<\/p>\n\n\n\n<hr class=\"wp-block-separator has-alpha-channel-opacity\"\/>\n\n\n\n<p><strong>Li\u00e7\u00f5es aprendidas e inspira\u00e7\u00f5es para diferentes estilos de vida<\/strong><\/p>\n\n\n\n<p>Cada um dos exemplos acima prova que <strong>espa\u00e7os reduzidos podem ser altamente eficientes e confort\u00e1veis<\/strong>, desde que projetados com estrat\u00e9gias inteligentes.<\/p>\n\n\n\n<p>\ud83d\udccd <strong>O que podemos aprender com esses projetos?<\/strong><\/p>\n\n\n\n<figure class=\"wp-block-table\"><table class=\"has-fixed-layout\"><tbody><tr><td><strong>\ud83c\udfaf Princ\u00edpio<\/strong><\/td><td><strong>\ud83c\udfe1 Aplica\u00e7\u00e3o pr\u00e1tica<\/strong><\/td><\/tr><tr><td><strong>Menos paredes, mais integra\u00e7\u00e3o<\/strong><\/td><td>Optar por espa\u00e7os abertos ou divis\u00f3rias leves para manter a fluidez do ambiente.<\/td><\/tr><tr><td><strong>M\u00f3veis multifuncionais s\u00e3o essenciais<\/strong><\/td><td>Escolher pe\u00e7as que possam ter mais de uma utilidade para otimizar o espa\u00e7o.<\/td><\/tr><tr><td><strong>Aproveitamento vertical<\/strong><\/td><td>Usar arm\u00e1rios altos, nichos e prateleiras para liberar o ch\u00e3o e criar mais \u00e1reas de circula\u00e7\u00e3o.<\/td><\/tr><tr><td><strong>A luz natural \u00e9 um diferencial<\/strong><\/td><td>Janelas amplas, portas de vidro e espelhos aumentam a claridade e ampliam a percep\u00e7\u00e3o do ambiente.<\/td><\/tr><tr><td><strong>Organiza\u00e7\u00e3o \u00e9 a chave do sucesso<\/strong><\/td><td>Reduzir a quantidade de itens e manter um sistema eficiente de armazenamento evita polui\u00e7\u00e3o visual.<\/td><\/tr><\/tbody><\/table><\/figure>\n\n\n\n<p>Com essas inspira\u00e7\u00f5es, qualquer espa\u00e7o compacto pode se tornar <strong>elegante, funcional e acolhedor<\/strong>, garantindo que cada detalhe tenha um prop\u00f3sito e contribua para uma experi\u00eancia de moradia mais fluida e confort\u00e1vel.<\/p>\n\n\n\n<hr class=\"wp-block-separator has-alpha-channel-opacity\"\/>\n\n\n\n<p><strong>Conclus\u00e3o<\/strong><\/p>\n\n\n\n<p>Criar um ambiente compacto que seja <strong>funcional, bonito e confort\u00e1vel<\/strong> exige planejamento estrat\u00e9gico e escolhas bem pensadas. Ao longo deste artigo, exploramos como o <strong>design minimalista<\/strong>, a <strong>otimiza\u00e7\u00e3o inteligente do espa\u00e7o<\/strong> e a <strong>organiza\u00e7\u00e3o eficiente<\/strong> podem transformar qualquer ambiente reduzido em um local mais pr\u00e1tico e aconchegante.<\/p>\n\n\n\n<p>A harmonia entre <strong>est\u00e9tica e funcionalidade<\/strong> n\u00e3o se trata apenas de uma quest\u00e3o visual, mas de um conceito que melhora a qualidade de vida, tornando o espa\u00e7o mais fluido, bem iluminado e otimizado para diferentes necessidades do dia a dia.<\/p>\n\n\n\n<hr class=\"wp-block-separator has-alpha-channel-opacity\"\/>\n\n\n\n<p><strong>Recapitula\u00e7\u00e3o dos principais pontos discutidos<\/strong><\/p>\n\n\n\n<p>\ud83d\udccc <strong>Princ\u00edpios essenciais para espa\u00e7os reduzidos:<\/strong><\/p>\n\n\n\n<p>\u2714 <strong>Minimalismo como solu\u00e7\u00e3o funcional<\/strong> \u2013 Reduzir excessos e priorizar elementos essenciais torna o ambiente mais equilibrado e organizado.<br>\u2714 <strong>Aproveitamento inteligente do espa\u00e7o<\/strong> \u2013 O uso de <strong>m\u00f3veis multifuncionais, armazenamento oculto e layouts vers\u00e1teis<\/strong> \u00e9 indispens\u00e1vel para manter um espa\u00e7o flu\u00eddo.<br>\u2714 <strong>Ilumina\u00e7\u00e3o e ventila\u00e7\u00e3o bem planejadas<\/strong> \u2013 Maximizar a entrada de luz natural e garantir circula\u00e7\u00e3o de ar melhora a sensa\u00e7\u00e3o de amplitude e conforto t\u00e9rmico.<br>\u2714 <strong>Materiais e acabamentos adequados<\/strong> \u2013 Escolher cores, texturas e superf\u00edcies cont\u00ednuas contribui para a sensa\u00e7\u00e3o de fluidez visual e leveza no ambiente.<br>\u2714 <strong>Organiza\u00e7\u00e3o e otimiza\u00e7\u00e3o di\u00e1ria<\/strong> \u2013 M\u00e9todos minimalistas ajudam a evitar ac\u00famulo desnecess\u00e1rio, garantindo um espa\u00e7o sempre limpo e bem distribu\u00eddo.<\/p>\n\n\n\n<p>Todos esses aspectos <strong>se complementam<\/strong>, criando ambientes <strong>pr\u00e1ticos, esteticamente equilibrados e adapt\u00e1veis<\/strong> \u00e0s necessidades de cada morador.<\/p>\n\n\n\n<hr class=\"wp-block-separator has-alpha-channel-opacity\"\/>\n\n\n\n<p><strong>Import\u00e2ncia de um planejamento estrat\u00e9gico para espa\u00e7os compactos<\/strong><\/p>\n\n\n\n<p>Projetar um espa\u00e7o pequeno <strong>sem planejamento adequado<\/strong> pode resultar em um ambiente visualmente carregado e pouco funcional. Para garantir que cada metro quadrado seja <strong>bem utilizado e aproveitado ao m\u00e1ximo<\/strong>, \u00e9 fundamental seguir algumas diretrizes:<\/p>\n\n\n\n<p>\u2705 <strong>Definir prioridades de uso<\/strong> \u2013 Cada espa\u00e7o deve atender \u00e0s reais necessidades do dia a dia, eliminando elementos que n\u00e3o agregam valor.<br>\u2705 <strong>Escolher m\u00f3veis e materiais estrat\u00e9gicos<\/strong> \u2013 A op\u00e7\u00e3o por pe\u00e7as vers\u00e1teis, cores neutras e superf\u00edcies cont\u00ednuas cria um ambiente mais flu\u00eddo e aconchegante.<br>\u2705 <strong>Manter a organiza\u00e7\u00e3o como h\u00e1bito<\/strong> \u2013 Pequenas pr\u00e1ticas di\u00e1rias evitam o ac\u00famulo de objetos desnecess\u00e1rios e contribuem para um espa\u00e7o sempre agrad\u00e1vel.<\/p>\n\n\n\n<p>Quando h\u00e1 um planejamento bem estruturado, at\u00e9 mesmo os <strong>menores ambientes<\/strong> podem ser transformados em <strong>espa\u00e7os pr\u00e1ticos e aconchegantes<\/strong>, sem comprometer conforto ou funcionalidade.<\/p>\n\n\n\n<hr class=\"wp-block-separator has-alpha-channel-opacity\"\/>\n\n\n\n<p><strong>Considera\u00e7\u00f5es finais sobre a harmonia entre design, funcionalidade e otimiza\u00e7\u00e3o<\/strong><\/p>\n\n\n\n<p>A harmonia entre <strong>design minimalista, funcionalidade e otimiza\u00e7\u00e3o<\/strong> \u00e9 o segredo para criar espa\u00e7os reduzidos que realmente <strong>favorecem o bem-estar e a praticidade<\/strong>. Cada detalhe \u2013 desde a escolha dos materiais at\u00e9 a disposi\u00e7\u00e3o dos m\u00f3veis \u2013 influencia diretamente a experi\u00eancia no ambiente.<\/p>\n\n\n\n<p>Ao adotar as estrat\u00e9gias abordadas neste artigo, \u00e9 poss\u00edvel transformar qualquer espa\u00e7o pequeno em um lugar <strong>inteligente, bem planejado e convidativo<\/strong>. A chave para o sucesso est\u00e1 em:<\/p>\n\n\n\n<p>\ud83d\udd39 <strong>Elimina\u00e7\u00e3o de excessos<\/strong> \u2013 Tudo que ocupa espa\u00e7o sem fun\u00e7\u00e3o real deve ser repensado.<br>\ud83d\udd39 <strong>Versatilidade dos elementos<\/strong> \u2013 M\u00f3veis multifuncionais e solu\u00e7\u00f5es criativas fazem toda a diferen\u00e7a.<br>\ud83d\udd39 <strong>Sensa\u00e7\u00e3o de amplitude<\/strong> \u2013 Luz natural, superf\u00edcies reflexivas e organiza\u00e7\u00e3o contribuem para um ambiente mais leve.<br>\ud83d\udd39 <strong>Equil\u00edbrio entre conforto e est\u00e9tica<\/strong> \u2013 Materiais, cores e disposi\u00e7\u00e3o dos elementos criam um espa\u00e7o aconchegante e visualmente agrad\u00e1vel.<\/p>\n\n\n\n<p>Com um <strong>olhar estrat\u00e9gico e aten\u00e7\u00e3o aos detalhes<\/strong>, \u00e9 poss\u00edvel <strong>maximizar cada cent\u00edmetro<\/strong> e criar um ambiente compacto <strong>altamente funcional, bonito e acolhedor<\/strong>. O espa\u00e7o pode ser pequeno, mas com as escolhas certas, o conforto e a qualidade de vida ser\u00e3o imensos. \ud83c\udfe1\u2728<\/p>\n\n\n\n<hr class=\"wp-block-separator has-alpha-channel-opacity\"\/>\n\n\n\n<p><strong>FAQ \u2013 Perguntas Frequentes <\/strong><strong>\ud83e\udd14\ud83c\udfe1<\/strong><\/p>\n\n\n\n<p>Para garantir que seu espa\u00e7o compacto seja <strong>funcional, bem planejado e harmonioso<\/strong>, reunimos as <strong>principais d\u00favidas<\/strong> sobre <strong>design minimalista, otimiza\u00e7\u00e3o de ambientes e escolhas estrat\u00e9gicas de materiais<\/strong>.<\/p>\n\n\n\n<p>Confira as respostas abaixo e descubra como transformar qualquer espa\u00e7o reduzido em um lugar <strong>confort\u00e1vel, organizado e esteticamente equilibrado<\/strong>.<\/p>\n\n\n\n<hr class=\"wp-block-separator has-alpha-channel-opacity\"\/>\n\n\n\n<p><strong>\u2714 Quais s\u00e3o os principais benef\u00edcios do design minimalista em espa\u00e7os pequenos?<\/strong><\/p>\n\n\n\n<p>O design minimalista \u00e9 a escolha ideal para ambientes compactos, pois prioriza a <strong>simplicidade, funcionalidade e organiza\u00e7\u00e3o<\/strong>, criando espa\u00e7os mais leves e bem aproveitados. Seus principais benef\u00edcios incluem:<\/p>\n\n\n\n<p>\u2705 <strong>Melhor aproveitamento do espa\u00e7o<\/strong> \u2013 Cada m\u00f3vel e objeto tem uma fun\u00e7\u00e3o clara, evitando excessos e garantindo mais circula\u00e7\u00e3o.<br>\u2705 <strong>Sensa\u00e7\u00e3o de amplitude<\/strong> \u2013 O uso de cores claras, m\u00f3veis estrat\u00e9gicos e ilumina\u00e7\u00e3o bem distribu\u00edda ajuda a ampliar visualmente o ambiente.<br>\u2705 <strong>F\u00e1cil manuten\u00e7\u00e3o e limpeza<\/strong> \u2013 Menos objetos significa menos bagun\u00e7a e uma rotina mais pr\u00e1tica e organizada.<br>\u2705 <strong>Ambiente mais aconchegante e equilibrado<\/strong> \u2013 A elimina\u00e7\u00e3o do excesso de elementos visuais cria uma atmosfera tranquila e harmoniosa.<\/p>\n\n\n\n<p>O minimalismo n\u00e3o se trata de abrir m\u00e3o do conforto, mas sim de <strong>encontrar o equil\u00edbrio perfeito entre utilidade e est\u00e9tica<\/strong>.<\/p>\n\n\n\n<hr class=\"wp-block-separator has-alpha-channel-opacity\"\/>\n\n\n\n<p><strong>\u2714 Como evitar que um ambiente compacto pare\u00e7a sobrecarregado?<\/strong><\/p>\n\n\n\n<p>Um espa\u00e7o pequeno pode parecer apertado e desorganizado se houver <strong>excesso de m\u00f3veis, cores muito escuras ou muitos itens decorativos<\/strong>. Para evitar essa sensa\u00e7\u00e3o, siga estas estrat\u00e9gias:<\/p>\n\n\n\n<p>\ud83d\udccc <strong>Escolha uma paleta de cores neutras<\/strong> \u2013 Tons claros refletem melhor a luz e ajudam a criar um ambiente mais arejado.<br>\ud83d\udccc <strong>Evite excesso de m\u00f3veis e objetos<\/strong> \u2013 Prefira pe\u00e7as multifuncionais e mantenha apenas o essencial.<br>\ud83d\udccc <strong>Opte por armazenamento vertical<\/strong> \u2013 Prateleiras, nichos e arm\u00e1rios embutidos ajudam a manter o espa\u00e7o organizado sem comprometer a \u00e1rea \u00fatil.<br>\ud83d\udccc <strong>Aposte em superf\u00edcies cont\u00ednuas<\/strong> \u2013 Pisos e m\u00f3veis com acabamentos uniformes criam uma sensa\u00e7\u00e3o de fluidez no ambiente.<br>\ud83d\udccc <strong>Invista em ilumina\u00e7\u00e3o bem distribu\u00edda<\/strong> \u2013 Use luzes embutidas, abajures e fitas de LED para evitar sombras pesadas que deixam o ambiente carregado.<\/p>\n\n\n\n<p>Com essas estrat\u00e9gias, qualquer espa\u00e7o pequeno pode se tornar <strong>organizado, aconchegante e visualmente equilibrado<\/strong>.<\/p>\n\n\n\n<hr class=\"wp-block-separator has-alpha-channel-opacity\"\/>\n\n\n\n<p><strong>\u2714 Quais materiais s\u00e3o recomendados para manter a leveza e harmonia visual?<\/strong><\/p>\n\n\n\n<p>A escolha dos <strong>materiais<\/strong> influencia diretamente a percep\u00e7\u00e3o do espa\u00e7o. Para garantir um ambiente <strong>equilibrado, sofisticado e funcional<\/strong>, prefira materiais que tragam leveza e fluidez.<\/p>\n\n\n\n<p>\u2705 <strong>Madeira clara ou laminados leves<\/strong> \u2013 Criam um ambiente aconchegante sem sobrecarregar o espa\u00e7o.<br>\u2705 <strong>Vidro e acr\u00edlico<\/strong> \u2013 Superf\u00edcies transl\u00facidas ajudam a ampliar a ilumina\u00e7\u00e3o e a sensa\u00e7\u00e3o de continuidade.<br>\u2705 <strong>Porcelanato acetinado ou cimento queimado<\/strong> \u2013 Ideais para pisos e paredes, garantindo um acabamento moderno e de f\u00e1cil manuten\u00e7\u00e3o.<br>\u2705 <strong>Metais foscos e inoxid\u00e1veis<\/strong> \u2013 Para detalhes em lumin\u00e1rias, puxadores e m\u00f3veis, trazendo sofistica\u00e7\u00e3o sem exagero.<br>\u2705 <strong>Tecidos naturais e leves<\/strong> \u2013 Linho, algod\u00e3o e fibras naturais oferecem conforto sem comprometer a leveza do ambiente.<\/p>\n\n\n\n<p>\ud83d\udccc <strong>Dica extra:<\/strong> Para evitar excesso de texturas, escolha <strong>materiais que se complementam e criam um visual coeso e harm\u00f4nico<\/strong>.<\/p>\n\n\n\n<hr class=\"wp-block-separator has-alpha-channel-opacity\"\/>\n\n\n\n<p><strong>\u2714 Como equilibrar funcionalidade e est\u00e9tica sem comprometer conforto?<\/strong><\/p>\n\n\n\n<p>O segredo para unir <strong>est\u00e9tica e funcionalidade<\/strong> \u00e9 garantir que <strong>cada elemento tenha um prop\u00f3sito<\/strong> e seja escolhido de forma estrat\u00e9gica. Algumas solu\u00e7\u00f5es para esse equil\u00edbrio incluem:<\/p>\n\n\n\n<p>\ud83d\udccc <strong>Invista em m\u00f3veis multifuncionais<\/strong> \u2013 Sof\u00e1s-camas, mesas dobr\u00e1veis e arm\u00e1rios embutidos otimizam o espa\u00e7o sem abrir m\u00e3o do conforto.<br>\ud83d\udccc <strong>Mantenha um layout flex\u00edvel<\/strong> \u2013 Escolha m\u00f3veis leves e f\u00e1ceis de mover para que o ambiente possa ser adaptado \u00e0s diferentes necessidades do dia a dia.<br>\ud83d\udccc <strong>Aposte na organiza\u00e7\u00e3o inteligente<\/strong> \u2013 Utilize nichos, gavetas ocultas e compartimentos internos para manter tudo no lugar sem comprometer a decora\u00e7\u00e3o.<br>\ud83d\udccc <strong>Equilibre o uso de cores e texturas<\/strong> \u2013 Combine tons neutros com pequenos toques de cor para criar um espa\u00e7o din\u00e2mico sem excessos.<br>\ud83d\udccc <strong>Valorize a ilumina\u00e7\u00e3o natural<\/strong> \u2013 Ambientes bem iluminados parecem maiores e mais agrad\u00e1veis, reduzindo a necessidade de muitos elementos decorativos.<\/p>\n\n\n\n<p>Essas estrat\u00e9gias garantem que <strong>seu espa\u00e7o seja visualmente bonito, pr\u00e1tico e aconchegante<\/strong> ao mesmo tempo.<\/p>\n\n\n\n<hr class=\"wp-block-separator has-alpha-channel-opacity\"\/>\n\n\n\n<figure class=\"wp-block-image size-large\"><img data-recalc-dims=\"1\" fetchpriority=\"high\" decoding=\"async\" width=\"1024\" height=\"585\" src=\"https:\/\/i0.wp.com\/1truenote.com\/wp-content\/uploads\/2025\/03\/DALL%C2%B7E-2025-03-06-18.01.09-A-cozy-well-organized-small-living-space-with-a-minimalist-design-featuring-multifunctional-furniture-neutral-tones-and-smart-storage-solutions.-T.webp?resize=1024%2C585&#038;ssl=1\" alt=\"\" class=\"wp-image-613\" srcset=\"https:\/\/i0.wp.com\/1truenote.com\/wp-content\/uploads\/2025\/03\/DALL%C2%B7E-2025-03-06-18.01.09-A-cozy-well-organized-small-living-space-with-a-minimalist-design-featuring-multifunctional-furniture-neutral-tones-and-smart-storage-solutions.-T.webp?resize=1024%2C585&amp;ssl=1 1024w, https:\/\/i0.wp.com\/1truenote.com\/wp-content\/uploads\/2025\/03\/DALL%C2%B7E-2025-03-06-18.01.09-A-cozy-well-organized-small-living-space-with-a-minimalist-design-featuring-multifunctional-furniture-neutral-tones-and-smart-storage-solutions.-T.webp?resize=300%2C171&amp;ssl=1 300w, https:\/\/i0.wp.com\/1truenote.com\/wp-content\/uploads\/2025\/03\/DALL%C2%B7E-2025-03-06-18.01.09-A-cozy-well-organized-small-living-space-with-a-minimalist-design-featuring-multifunctional-furniture-neutral-tones-and-smart-storage-solutions.-T.webp?resize=768%2C439&amp;ssl=1 768w, https:\/\/i0.wp.com\/1truenote.com\/wp-content\/uploads\/2025\/03\/DALL%C2%B7E-2025-03-06-18.01.09-A-cozy-well-organized-small-living-space-with-a-minimalist-design-featuring-multifunctional-furniture-neutral-tones-and-smart-storage-solutions.-T.webp?resize=1536%2C878&amp;ssl=1 1536w, https:\/\/i0.wp.com\/1truenote.com\/wp-content\/uploads\/2025\/03\/DALL%C2%B7E-2025-03-06-18.01.09-A-cozy-well-organized-small-living-space-with-a-minimalist-design-featuring-multifunctional-furniture-neutral-tones-and-smart-storage-solutions.-T.webp?w=1792&amp;ssl=1 1792w\" sizes=\"(max-width: 1024px) 100vw, 1024px\" \/><\/figure>\n\n\n\n<p><strong>\u2714 \u00c9 poss\u00edvel aplicar conceitos minimalistas em qualquer tipo de ambiente?<\/strong><\/p>\n\n\n\n<p>Sim! O design minimalista pode ser adaptado para <strong>qualquer espa\u00e7o<\/strong>, independentemente do tamanho ou da fun\u00e7\u00e3o do ambiente. Seja em <strong>casas, apartamentos, escrit\u00f3rios ou at\u00e9 mesmo espa\u00e7os comerciais<\/strong>, os princ\u00edpios do minimalismo garantem um ambiente <strong>organizado, bem planejado e altamente funcional<\/strong>.<\/p>\n\n\n\n<p>\u2705 <strong>Em cozinhas:<\/strong> Aposte em arm\u00e1rios embutidos, bancadas com acabamentos cont\u00ednuos e eletrodom\u00e9sticos compactos.<br>\u2705 <strong>Em salas de estar:<\/strong> Priorize m\u00f3veis vers\u00e1teis e paletas neutras para criar um espa\u00e7o leve e acolhedor.<br>\u2705 <strong>Em quartos:<\/strong> Opte por camas com gavetas embutidas e arm\u00e1rios planejados para maximizar o armazenamento.<br>\u2705 <strong>Em banheiros:<\/strong> Escolha nichos embutidos e espelhos grandes para ampliar visualmente o ambiente.<br>\u2705 <strong>Em escrit\u00f3rios:<\/strong> Mantenha apenas o essencial na mesa de trabalho e utilize prateleiras verticais para otimizar o espa\u00e7o.<\/p>\n\n\n\n<p>O conceito minimalista se adapta a <strong>diferentes estilos de vida<\/strong>, tornando qualquer ambiente <strong>mais equilibrado, organizado e convidativo<\/strong>.<\/p>\n\n\n\n<h2 id='harmonia-funcional-em-espa\u00e7os-reduzidos-com-design-minimalista-e-otimiza\u00e7\u00e3o-inteligente-para-ambientes-compactos'  class=\"wp-block-heading\"><strong>Harmonia funcional em espa\u00e7os reduzidos com design minimalista e otimiza\u00e7\u00e3o inteligente para ambientes compactos<\/strong><\/h2>\n\n\n\n<p>Viver em espa\u00e7os reduzidos n\u00e3o significa abrir m\u00e3o do conforto ou da personalidade. Pelo contr\u00e1rio, a <strong>arquitetura minimalista<\/strong> e a <strong>otimiza\u00e7\u00e3o inteligente do espa\u00e7o<\/strong> s\u00e3o solu\u00e7\u00f5es eficazes para criar ambientes compactos que equilibram est\u00e9tica e funcionalidade.<\/p>\n\n\n\n<p>A forma como um espa\u00e7o \u00e9 organizado influencia diretamente o bem-estar e a praticidade do dia a dia, tornando essencial o planejamento cuidadoso para evitar a sensa\u00e7\u00e3o de aperto ou desorganiza\u00e7\u00e3o.<\/p>\n\n\n\n<p>Com a crescente valoriza\u00e7\u00e3o de <strong>casas menores e ambientes multifuncionais<\/strong>, o design minimalista tem se tornado uma alternativa cada vez mais popular. Ele n\u00e3o se resume apenas \u00e0 est\u00e9tica, mas \u00e0 capacidade de eliminar excessos, priorizar elementos essenciais e garantir que cada detalhe tenha um prop\u00f3sito.<\/p>\n\n\n\n<p>Um ambiente bem projetado deve permitir que a circula\u00e7\u00e3o seja fluida, a ilumina\u00e7\u00e3o seja eficiente e cada m\u00f3vel ou objeto tenha um impacto positivo na experi\u00eancia do espa\u00e7o.<\/p>\n\n\n\n<p>A <strong>otimiza\u00e7\u00e3o inteligente<\/strong> se torna indispens\u00e1vel para esses ambientes, combinando <strong>layout estrat\u00e9gico, m\u00f3veis multifuncionais e solu\u00e7\u00f5es de armazenamento criativas<\/strong>. Quando aplicada corretamente, essa abordagem transforma espa\u00e7os pequenos em \u00e1reas pr\u00e1ticas, organizadas e convidativas.<\/p>\n\n\n\n<p>Este artigo apresenta estrat\u00e9gias eficazes para criar um ambiente <strong>harmonioso, confort\u00e1vel e funcional<\/strong>, explorando os melhores m\u00e9todos para integrar <strong>design minimalista e otimiza\u00e7\u00e3o inteligente<\/strong> sem comprometer o estilo ou a qualidade de vida.<\/p>\n\n\n\n<hr class=\"wp-block-separator has-alpha-channel-opacity\"\/>\n\n\n\n<h2 id='princ\u00edpios-do-design-minimalista-em-ambientes-compactos'  class=\"wp-block-heading\"><strong>Princ\u00edpios do design minimalista em ambientes compactos<\/strong><\/h2>\n\n\n\n<p>Criar um ambiente compacto que seja ao mesmo tempo funcional e visualmente agrad\u00e1vel exige um planejamento estrat\u00e9gico. O <strong>design minimalista<\/strong> surge como a solu\u00e7\u00e3o ideal para quem busca aproveitar cada cent\u00edmetro do espa\u00e7o sem comprometer o conforto.<\/p>\n\n\n\n<p>Essa abordagem se baseia em tr\u00eas pilares essenciais: <strong>elimina\u00e7\u00e3o de excessos, uso inteligente das cores e escolha criteriosa de materiais<\/strong>. Aplicar esses princ\u00edpios transforma qualquer ambiente reduzido em um espa\u00e7o fluido, sofisticado e pr\u00e1tico.<\/p>\n\n\n\n<hr class=\"wp-block-separator has-alpha-channel-opacity\"\/>\n\n\n\n<h2 id='redu\u00e7\u00e3o-de-elementos-sem-comprometer-a-praticidade'  class=\"wp-block-heading\"><strong>Redu\u00e7\u00e3o de elementos sem comprometer a praticidade<\/strong><\/h2>\n\n\n\n<p>Menos \u00e9 mais. Esse conceito define o minimalismo e se aplica com ainda mais for\u00e7a em ambientes pequenos. A redu\u00e7\u00e3o de elementos n\u00e3o significa priva\u00e7\u00e3o, mas sim a escolha intencional de cada item para que ele tenha um prop\u00f3sito claro.<\/p>\n\n\n\n<p>\u2714 <strong>M\u00f3veis multifuncionais<\/strong>: Pe\u00e7as que acumulam diferentes fun\u00e7\u00f5es, como sof\u00e1s-camas, mesas dobr\u00e1veis e camas com gavetas, s\u00e3o essenciais para economizar espa\u00e7o sem abrir m\u00e3o do conforto.<br>\u2714 <strong>Objetos decorativos com funcionalidade<\/strong>: Evite acumular enfeites e priorize elementos que agreguem valor ao espa\u00e7o, como espelhos para ampliar a sensa\u00e7\u00e3o de profundidade ou lumin\u00e1rias direcion\u00e1veis para melhorar a ilumina\u00e7\u00e3o.<br>\u2714 <strong>Organiza\u00e7\u00e3o estrat\u00e9gica<\/strong>: Cada item deve ter um local definido. Utilize nichos, gavetas embutidas e prateleiras suspensas para manter a harmonia visual e evitar polui\u00e7\u00e3o est\u00e9tica.<\/p>\n\n\n\n<p>A simplicidade no design dos m\u00f3veis e a elimina\u00e7\u00e3o do sup\u00e9rfluo resultam em um espa\u00e7o mais leve, convidativo e flu\u00eddo.<\/p>\n\n\n\n<hr class=\"wp-block-separator has-alpha-channel-opacity\"\/>\n\n\n\n<h2 id='a-influ\u00eancia-da-paleta-de-cores-na-sensa\u00e7\u00e3o-delitude'  class=\"wp-block-heading\"><strong>A influ\u00eancia da paleta de cores na sensa\u00e7\u00e3o de amplitude<\/strong><\/h2>\n\n\n\n<p>As cores desempenham um papel fundamental na percep\u00e7\u00e3o de espa\u00e7o. Ambientes compactos exigem um uso estrat\u00e9gico da paleta crom\u00e1tica para criar a ilus\u00e3o de amplitude e luminosidade.<\/p>\n\n\n\n<p>\u2714 <strong>Tons claros e neutros<\/strong>: Cores como branco, bege, cinza-claro e off-White refletem melhor a luz e fazem o ambiente parecer maior do que realmente \u00e9.<br>\u2714 <strong>Contrastes sutis<\/strong>: Pequenos toques de cores mais escuras ou vibrantes podem ser usados em detalhes decorativos para criar profundidade sem sobrecarregar a est\u00e9tica.<br>\u2714 <strong>Uso de espelhos e superf\u00edcies brilhantes<\/strong>: Al\u00e9m das cores, espelhos e acabamentos envernizados ajudam a ampliar visualmente o espa\u00e7o ao refletir a luz natural.<\/p>\n\n\n\n<p>Uma paleta bem planejada torna qualquer ambiente pequeno <strong>mais arejado, leve e agrad\u00e1vel<\/strong>, proporcionando um equil\u00edbrio perfeito entre aconchego e sofistica\u00e7\u00e3o.<\/p>\n\n\n\n<hr class=\"wp-block-separator has-alpha-channel-opacity\"\/>\n\n\n\n<h2 id='escolha-de-materiais-que-unem-leveza-resist\u00eancia-e-sofistica\u00e7\u00e3o'  class=\"wp-block-heading\"><strong>Escolha de materiais que unem leveza, resist\u00eancia e sofistica\u00e7\u00e3o<\/strong><\/h2>\n\n\n\n<p>A sele\u00e7\u00e3o de materiais impacta tanto a est\u00e9tica quanto a durabilidade do espa\u00e7o. Em ambientes minimalistas, a prefer\u00eancia deve ser por superf\u00edcies que transmitam <strong>leveza e modernidade<\/strong>, sem comprometer a resist\u00eancia.<\/p>\n\n\n\n<p>\u2714 <strong>Vidro e acr\u00edlico<\/strong>: Elementos transparentes ajudam a criar um efeito visual de continuidade, ideal para mesas, divis\u00f3rias e prateleiras.<br>\u2714 <strong>Madeiras claras e laminados texturizados<\/strong>: Oferecem aconchego sem pesar visualmente, sendo \u00f3timos para pisos, m\u00f3veis e pain\u00e9is.<br>\u2714 <strong>Metais foscos e detalhes em inox<\/strong>: Contribuem para um toque sofisticado sem excessos, al\u00e9m de serem altamente dur\u00e1veis.<br>\u2714 <strong>Tecidos naturais<\/strong>: Algod\u00e3o, linho e fibras ecol\u00f3gicas criam uma atmosfera acolhedora sem comprometer a leveza do ambiente.<\/p>\n\n\n\n<p>A escolha inteligente dos materiais garante um espa\u00e7o minimalista que une <strong>est\u00e9tica, funcionalidade e resist\u00eancia<\/strong>, tornando o ambiente compacto mais sofisticado e atemporal.<\/p>\n\n\n\n<hr class=\"wp-block-separator has-alpha-channel-opacity\"\/>\n\n\n\n<h2 id='minimalismo-que-transforma-ambientes-pequenos'  class=\"wp-block-heading\"><strong>Minimalismo que transforma ambientes pequenos<\/strong><\/h2>\n\n\n\n<p>O design minimalista vai muito al\u00e9m da est\u00e9tica: ele <strong>melhora a organiza\u00e7\u00e3o, aumenta a sensa\u00e7\u00e3o de espa\u00e7o e torna o dia a dia mais pr\u00e1tico<\/strong>. A redu\u00e7\u00e3o de elementos, a escolha de uma paleta de cores equilibrada e o uso de materiais inteligentes s\u00e3o estrat\u00e9gias fundamentais para criar um ambiente compacto funcional e acolhedor.<\/p>\n\n\n\n<p>Aplicar esses princ\u00edpios significa <strong>maximizar cada metro quadrado sem comprometer a harmonia<\/strong>, resultando em um espa\u00e7o que proporciona conforto e bem-estar sem excessos.<\/p>\n\n\n\n<hr class=\"wp-block-separator has-alpha-channel-opacity\"\/>\n\n\n\n<h2 id='estrat\u00e9gias-para-otimiza\u00e7\u00e3o-inteligente-do-espa\u00e7o'  class=\"wp-block-heading\"><strong>Estrat\u00e9gias para otimiza\u00e7\u00e3o inteligente do espa\u00e7o<\/strong><\/h2>\n\n\n\n<p>A otimiza\u00e7\u00e3o inteligente de espa\u00e7os compactos vai muito al\u00e9m de simplesmente reduzir a quantidade de m\u00f3veis e objetos. \u00c9 um processo estrat\u00e9gico que envolve o <strong>uso eficiente de cada cent\u00edmetro<\/strong>, permitindo que o ambiente seja funcional, organizado e agrad\u00e1vel.<\/p>\n\n\n\n<p>Para isso, tr\u00eas pilares essenciais devem ser aplicados: <strong>m\u00f3veis multifuncionais, sistemas de armazenamento oculto e layouts vers\u00e1teis<\/strong>. Quando combinadas, essas solu\u00e7\u00f5es transformam espa\u00e7os reduzidos em ambientes bem distribu\u00eddos, confort\u00e1veis e adapt\u00e1veis \u00e0s diferentes necessidades do dia a dia.<\/p>\n\n\n\n<hr class=\"wp-block-separator has-alpha-channel-opacity\"\/>\n\n\n\n<h2 id='uso-de-m\u00f3veis-multifuncionais-para-maximizar-\u00e1reas-reduzidas'  class=\"wp-block-heading\"><strong>Uso de m\u00f3veis multifuncionais para maximizar \u00e1reas reduzidas<\/strong><\/h2>\n\n\n\n<p>M\u00f3veis multifuncionais s\u00e3o verdadeiros aliados de quem deseja manter um espa\u00e7o otimizado sem abrir m\u00e3o da praticidade. Al\u00e9m de economizar \u00e1rea, eles reduzem a necessidade de m\u00faltiplos itens, tornando o ambiente mais flu\u00eddo e livre de excessos.<\/p>\n\n\n\n<p>\u2714 <strong>Sof\u00e1s-camas e poltronas convers\u00edveis<\/strong> \u2013 Permitem que um mesmo m\u00f3vel seja utilizado para diferentes prop\u00f3sitos, oferecendo conforto sem ocupar espa\u00e7o fixo.<br>\u2714 <strong>Mesas dobr\u00e1veis ou extens\u00edveis<\/strong> \u2013 Podem ser ajustadas conforme a necessidade, funcionando como esta\u00e7\u00e3o de trabalho durante o dia e espa\u00e7o para refei\u00e7\u00f5es \u00e0 noite.<br>\u2714 <strong>Camas com gavetas embutidas<\/strong> \u2013 Aproveitam o espa\u00e7o sob a cama para armazenar roupas de cama, sapatos ou objetos pessoais, eliminando a necessidade de m\u00f3veis adicionais.<br>\u2714 <strong>Bancos e pufes com compartimentos internos<\/strong> \u2013 Al\u00e9m de servirem como assentos extras, oferecem espa\u00e7o interno para armazenar itens pouco utilizados.<\/p>\n\n\n\n<p>Investir em m\u00f3veis que desempenham <strong>mais de uma fun\u00e7\u00e3o<\/strong> \u00e9 essencial para manter um ambiente <strong>din\u00e2mico, organizado e funcional<\/strong>, garantindo que cada pe\u00e7a contribua para a otimiza\u00e7\u00e3o do espa\u00e7o.<\/p>\n\n\n\n<hr class=\"wp-block-separator has-alpha-channel-opacity\"\/>\n\n\n\n<h2 id='sistemas-de-armazenamento-oculto-para-manter-a-organiza\u00e7\u00e3o'  class=\"wp-block-heading\"><strong>Sistemas de armazenamento oculto para manter a organiza\u00e7\u00e3o<\/strong><\/h2>\n\n\n\n<p>A falta de espa\u00e7o n\u00e3o precisa ser um problema quando h\u00e1 solu\u00e7\u00f5es inteligentes para manter tudo no lugar sem comprometer a est\u00e9tica do ambiente. O <strong>armazenamento oculto<\/strong> ajuda a manter a organiza\u00e7\u00e3o sem acumular m\u00f3veis vis\u00edveis, permitindo que o espa\u00e7o pare\u00e7a maior e mais fluido.<\/p>\n\n\n\n<p>\u2714 <strong>Nichos embutidos nas paredes<\/strong> \u2013 Substituem prateleiras tradicionais e oferecem uma solu\u00e7\u00e3o discreta para organizar livros, objetos decorativos e utens\u00edlios.<br>\u2714 <strong>Gavetas ocultas em escadas e rodap\u00e9s<\/strong> \u2013 Ideais para armazenar itens que n\u00e3o precisam estar sempre \u00e0 vista, como sapatos, documentos e acess\u00f3rios.<br>\u2714 <strong>Portas de correr com compartimentos internos<\/strong> \u2013 Criam espa\u00e7os escondidos para armazenar objetos sem comprometer a \u00e1rea de circula\u00e7\u00e3o.<br>\u2714 <strong>Pain\u00e9is modulares com compartimentos secretos<\/strong> \u2013 Integram solu\u00e7\u00f5es de armazenamento em m\u00f3veis e paredes, garantindo que o ambiente fique organizado sem perder espa\u00e7o \u00fatil.<\/p>\n\n\n\n<p>Com essas estrat\u00e9gias, a organiza\u00e7\u00e3o se torna intuitiva, permitindo que o ambiente fique <strong>livre de excesso de informa\u00e7\u00f5es visuais<\/strong>, promovendo uma sensa\u00e7\u00e3o de leveza e amplitude.<\/p>\n\n\n\n<hr class=\"wp-block-separator has-alpha-channel-opacity\"\/>\n\n\n\n<h2 id='layouts-vers\u00e1teis-que-permitem-adapta\u00e7\u00f5es-conforme-a-necessidade'  class=\"wp-block-heading\"><strong>Layouts vers\u00e1teis que permitem adapta\u00e7\u00f5es conforme a necessidade<\/strong><\/h2>\n\n\n\n<p>Ter um layout vers\u00e1til significa planejar a disposi\u00e7\u00e3o dos m\u00f3veis e objetos de forma que o espa\u00e7o possa ser <strong>adaptado facilmente<\/strong> \u00e0s diferentes atividades do dia a dia. Isso permite que o ambiente seja din\u00e2mico e funcional sem precisar de grandes mudan\u00e7as estruturais.<\/p>\n\n\n\n<p>\u2714 <strong>Ambientes integrados<\/strong> \u2013 Cozinhas que se conectam \u00e0 sala de estar, quartos com \u00e1reas de home office embutidas e banheiros que utilizam divis\u00f3rias discretas ampliam a sensa\u00e7\u00e3o de espa\u00e7o.<br>\u2714 <strong>M\u00f3veis modulares e m\u00f3veis sobre trilhos<\/strong> \u2013 Permitem que a configura\u00e7\u00e3o do ambiente seja alterada conforme a necessidade, como pain\u00e9is m\u00f3veis que dividem c\u00f4modos temporariamente.<br>\u2714 <strong>Uso estrat\u00e9gico da circula\u00e7\u00e3o<\/strong> \u2013 Garantir que m\u00f3veis n\u00e3o obstruam a passagem e que o fluxo do ambiente seja natural melhora a usabilidade do espa\u00e7o.<br>\u2714 <strong>Paredes multifuncionais<\/strong> \u2013 Superf\u00edcies que servem como \u00e1rea de trabalho, suporte para TV ou espa\u00e7o de armazenamento adicionam funcionalidades sem ocupar \u00e1rea \u00fatil.<\/p>\n\n\n\n<p>A disposi\u00e7\u00e3o inteligente dos m\u00f3veis e a flexibilidade na organiza\u00e7\u00e3o <strong>garantem que o ambiente seja aproveitado ao m\u00e1ximo<\/strong>, oferecendo solu\u00e7\u00f5es din\u00e2micas que atendem \u00e0s demandas do cotidiano sem comprometer a est\u00e9tica.<\/p>\n\n\n\n<hr class=\"wp-block-separator has-alpha-channel-opacity\"\/>\n\n\n\n<h2 id='espa\u00e7os-compactos-bem-planejados-e-altamente-funcionais'  class=\"wp-block-heading\"><strong>Espa\u00e7os compactos, bem planejados e altamente funcionais<\/strong><\/h2>\n\n\n\n<p>A otimiza\u00e7\u00e3o de espa\u00e7os reduzidos exige <strong>criatividade, estrat\u00e9gia e boas escolhas de design<\/strong>. Ao investir em <strong>m\u00f3veis multifuncionais, sistemas de armazenamento oculto e layouts vers\u00e1teis<\/strong>, \u00e9 poss\u00edvel criar um ambiente <strong>pr\u00e1tico, confort\u00e1vel e adapt\u00e1vel<\/strong>.<\/p>\n\n\n\n<p>Com essas solu\u00e7\u00f5es, qualquer espa\u00e7o compacto pode se transformar em um lugar <strong>harm\u00f4nico, organizado e totalmente funcional<\/strong>, garantindo uma experi\u00eancia de vida mais fluida e sem excessos.<\/p>\n\n\n\n<hr class=\"wp-block-separator has-alpha-channel-opacity\"\/>\n\n\n\n<h2 id='integra\u00e7\u00e3o-entre-est\u00e9tica-e-funcionalidade'  class=\"wp-block-heading\"><strong>Integra\u00e7\u00e3o entre est\u00e9tica e funcionalidade<\/strong><\/h2>\n\n\n\n<p>Criar um ambiente compacto que seja visualmente agrad\u00e1vel e, ao mesmo tempo, altamente funcional pode parecer um desafio. No entanto, <strong>o equil\u00edbrio entre est\u00e9tica e praticidade<\/strong> transforma espa\u00e7os reduzidos em \u00e1reas harmoniosas, convidativas e f\u00e1ceis de usar.<\/p>\n\n\n\n<p>Para alcan\u00e7ar esse efeito, \u00e9 essencial alinhar o design ao conforto, <strong>valorizando a ilumina\u00e7\u00e3o, escolhendo elementos decorativos estrat\u00e9gicos e garantindo que cada pe\u00e7a tenha um prop\u00f3sito real<\/strong>.<\/p>\n\n\n\n<p>A seguir, exploramos estrat\u00e9gias eficazes para unir <strong>beleza e funcionalidade<\/strong>, criando espa\u00e7os minimalistas que encantam sem comprometer a utilidade.<\/p>\n\n\n\n<hr class=\"wp-block-separator has-alpha-channel-opacity\"\/>\n\n\n\n<h2 id='como-encontrar-equil\u00edbrio-entre-beleza-e-praticidade'  class=\"wp-block-heading\"><strong>Como encontrar equil\u00edbrio entre beleza e praticidade<\/strong><\/h2>\n\n\n\n<p>Quando se trata de ambientes reduzidos, cada escolha de design precisa ser pensada para maximizar tanto a est\u00e9tica quanto a usabilidade. O segredo est\u00e1 em optar por m\u00f3veis, cores e elementos decorativos que <strong>agreguem valor sem sobrecarregar o ambiente<\/strong>.<\/p>\n\n\n\n<figure class=\"wp-block-table\"><table class=\"has-fixed-layout\"><tbody><tr><td><strong>\ud83c\udfa8 Aspecto<\/strong><\/td><td><strong>\ud83c\udfaf Solu\u00e7\u00e3o Funcional<\/strong><\/td><td><strong>\ud83c\udf1f Impacto na Est\u00e9tica<\/strong><\/td><\/tr><tr><td><strong>Cores neutras<\/strong><\/td><td>Criam um ambiente mais amplo e luminoso.<\/td><td>Transmitem sofistica\u00e7\u00e3o e leveza.<\/td><\/tr><tr><td><strong>M\u00f3veis multifuncionais<\/strong><\/td><td>Permitem otimiza\u00e7\u00e3o do espa\u00e7o e versatilidade no uso.<\/td><td>Mant\u00eam a organiza\u00e7\u00e3o sem comprometer o design.<\/td><\/tr><tr><td><strong>Texturas suaves<\/strong><\/td><td>Reduzem o peso visual e trazem conforto t\u00e1til.<\/td><td>Criam um efeito aconchegante e equilibrado.<\/td><\/tr><tr><td><strong>Linhas simples<\/strong><\/td><td>Tornam o layout mais fluido e intuitivo.<\/td><td>Proporcionam um ambiente moderno e clean.<\/td><\/tr><\/tbody><\/table><\/figure>\n\n\n\n<p><strong>Dica pr\u00e1tica:<\/strong> \ud83c\udfe1 Escolha elementos que tenham <strong>dupla fun\u00e7\u00e3o<\/strong>, como prateleiras decorativas que tamb\u00e9m servem para armazenamento, ou cadeiras dobr\u00e1veis que podem ser guardadas quando n\u00e3o estiverem em uso.<\/p>\n\n\n\n<hr class=\"wp-block-separator has-alpha-channel-opacity\"\/>\n\n\n\n<h2 id='o-papel-da-ilumina\u00e7\u00e3o-na-sensa\u00e7\u00e3o-delitude-e-conforto-\ud83d\udca1\u2728'  class=\"wp-block-heading\"><strong>O papel da ilumina\u00e7\u00e3o na sensa\u00e7\u00e3o de amplitude e conforto \ud83d\udca1\u2728<\/strong><\/h2>\n\n\n\n<p>A ilumina\u00e7\u00e3o \u00e9 um dos <strong>fatores-chave<\/strong> para criar a <strong>sensa\u00e7\u00e3o de espa\u00e7o e aconchego<\/strong> em ambientes reduzidos. Um projeto de luz bem planejado <strong>destaca pontos estrat\u00e9gicos, valoriza a decora\u00e7\u00e3o e melhora a funcionalidade do espa\u00e7o<\/strong>.<\/p>\n\n\n\n<h3 id='\ud83d\udccd-tipos-de-ilumina\u00e7\u00e3o-recomendados-para-espa\u00e7os-pequenos'  class=\"wp-block-heading\">\ud83d\udccd <strong>Tipos de ilumina\u00e7\u00e3o recomendados para espa\u00e7os pequenos:<\/strong><\/h3>\n\n\n\n<p>\u2714 <strong>Luz natural bem aproveitada<\/strong> \u2600 \u2013 Janelas amplas e cortinas leves permitem maior entrada de luz e ampliam a percep\u00e7\u00e3o do ambiente.<br>\u2714 <strong>Ilumina\u00e7\u00e3o difusa<\/strong> \ud83d\udca1 \u2013 Lustres e lumin\u00e1rias de teto distribuem a luz uniformemente, evitando sombras pesadas que podem dar a sensa\u00e7\u00e3o de aperto.<br>\u2714 <strong>Pontos de luz indireta<\/strong> \ud83c\udfee \u2013 Fitas de LED atr\u00e1s de m\u00f3veis ou embutidas em prateleiras criam um efeito elegante e aconchegante.<br>\u2714 <strong>Lumin\u00e1rias ajust\u00e1veis<\/strong> \ud83c\udfad \u2013 Permitem direcionar a luz conforme a necessidade, criando diferentes atmosferas no mesmo espa\u00e7o.<\/p>\n\n\n\n<p><strong>Erro comum a evitar:<\/strong> \u274c Ilumina\u00e7\u00e3o excessivamente branca e fria pode tornar o ambiente impessoal e desconfort\u00e1vel. Prefira <strong>tons neutros ou amarelados<\/strong>, que trazem calor e acolhimento ao espa\u00e7o.<\/p>\n\n\n\n<hr class=\"wp-block-separator has-alpha-channel-opacity\"\/>\n\n\n\n<h2 id='uso-de-elementos-decorativos-sem-comprometer-a-fluidez-do-ambiente-\ud83d\uddbc\ufe0f\ud83d\udecb\ufe0f'  class=\"wp-block-heading\"><strong>Uso de elementos decorativos sem comprometer a fluidez do ambiente \ud83d\uddbc\ufe0f\ud83d\udecb\ufe0f<\/strong><\/h2>\n\n\n\n<p>Em espa\u00e7os reduzidos, a decora\u00e7\u00e3o precisa ser <strong>estrat\u00e9gica<\/strong>, adicionando charme sem criar um aspecto visual sobrecarregado. O segredo est\u00e1 em priorizar <strong>poucos itens bem escolhidos<\/strong>, que tragam personalidade ao ambiente sem interferir na sensa\u00e7\u00e3o de amplitude.<\/p>\n\n\n\n<h3 id='\ud83d\udd8c-dicas-para-uma-decora\u00e7\u00e3o-equilibrada'  class=\"wp-block-heading\">\ud83d\udd8c <strong>Dicas para uma decora\u00e7\u00e3o equilibrada:<\/strong><\/h3>\n\n\n\n<p>\u2705 <strong>Espelhos bem-posicionados<\/strong> \ud83e\ude9e \u2013 Ampliam visualmente o ambiente e refletem a luz natural.<br>\u2705 <strong>Plantas pequenas ou suspensas<\/strong> \ud83c\udf3f \u2013 Adicionam frescor ao espa\u00e7o sem ocupar \u00e1reas de circula\u00e7\u00e3o.<br>\u2705 <strong>Obras de arte minimalistas<\/strong> \ud83c\udfa8 \u2013 Quadros e esculturas discretas trazem sofistica\u00e7\u00e3o sem poluir visualmente o ambiente.<br>\u2705 <strong>Objetos com texturas naturais<\/strong> \ud83e\udeb5 \u2013 Materiais como madeira, linho e cer\u00e2mica ajudam a criar uma atmosfera acolhedora e equilibrada.<\/p>\n\n\n\n<p><strong>Dica b\u00f4nus:<\/strong> \ud83c\udfad Selecione <strong>elementos decorativos que tamb\u00e9m sejam funcionais<\/strong>, como cestos organizadores, almofadas que oferecem conforto e mesas laterais com nichos para armazenamento.<\/p>\n\n\n\n<hr class=\"wp-block-separator has-alpha-channel-opacity\"\/>\n\n\n\n<h2 id='espa\u00e7os-minimalistas-que-unem-est\u00e9tica-e-funcionalidade'  class=\"wp-block-heading\"><strong>Espa\u00e7os minimalistas que unem est\u00e9tica e funcionalidade<\/strong><\/h2>\n\n\n\n<p>A harmonia entre <strong>beleza e praticidade<\/strong> \u00e9 essencial para transformar <strong>espa\u00e7os reduzidos em ambientes altamente funcionais e convidativos<\/strong>.<\/p>\n\n\n\n<p>Ao investir em uma ilumina\u00e7\u00e3o bem planejada, escolher m\u00f3veis e cores estrategicamente e adotar elementos decorativos sem exageros, \u00e9 poss\u00edvel <strong>criar um espa\u00e7o moderno, organizado e aconchegante<\/strong>.<\/p>\n\n\n\n<h3 id='\u2728-resumo-das-melhores-pr\u00e1ticas'  class=\"wp-block-heading\">\u2728 <strong>Resumo das melhores pr\u00e1ticas:<\/strong><\/h3>\n\n\n\n<p>\u2714 Aposte em cores neutras e linhas simples para equilibrar est\u00e9tica e funcionalidade.<br>\u2714 Utilize ilumina\u00e7\u00e3o estrat\u00e9gica para criar um efeito de amplitude e conforto.<br>\u2714 Escolha poucos elementos decorativos bem distribu\u00eddos para evitar excesso visual.<\/p>\n\n\n\n<p>Ao integrar esses conceitos, qualquer espa\u00e7o compacto pode se tornar <strong>um ref\u00fagio moderno e sofisticado<\/strong>, proporcionando conforto, leveza e bem-estar no dia a dia. \ud83d\ude80<\/p>\n\n\n\n<hr class=\"wp-block-separator has-alpha-channel-opacity\"\/>\n\n\n\n<h2 id='organiza\u00e7\u00e3o-eficiente-para-evitar-excesso-de-itens'  class=\"wp-block-heading\"><strong>Organiza\u00e7\u00e3o eficiente para evitar excesso de itens<\/strong><\/h2>\n\n\n\n<p>Manter um ambiente compacto organizado \u00e9 essencial para criar uma <strong>sensa\u00e7\u00e3o de amplitude e fluidez<\/strong>. Quando o espa\u00e7o \u00e9 reduzido, <strong>cada objeto conta<\/strong>, e a disposi\u00e7\u00e3o dos itens pode influenciar diretamente o conforto e a funcionalidade do ambiente.<\/p>\n\n\n\n<p>O excesso de coisas pode gerar polui\u00e7\u00e3o visual, dificultar a mobilidade e comprometer a harmonia do espa\u00e7o.<\/p>\n\n\n\n<p>A organiza\u00e7\u00e3o minimalista n\u00e3o se trata apenas de eliminar objetos, mas sim de <strong>selecionar conscientemente aquilo que realmente agrega valor ao dia a dia<\/strong>.<\/p>\n\n\n\n<p>A seguir, abordamos <strong>m\u00e9todos eficientes para reduzir a quantidade de itens, manter a disposi\u00e7\u00e3o harmoniosa dos espa\u00e7os e como a organiza\u00e7\u00e3o impacta diretamente o bem-estar<\/strong>.<\/p>\n\n\n\n<hr class=\"wp-block-separator has-alpha-channel-opacity\"\/>\n\n\n\n<h2 id='m\u00e9todos-minimalistas-para-reduzir-a-quantidade-de-objetos'  class=\"wp-block-heading\"><strong>M\u00e9todos minimalistas para reduzir a quantidade de objetos<\/strong><\/h2>\n\n\n\n<p>Um dos maiores desafios em espa\u00e7os compactos \u00e9 evitar o ac\u00famulo desnecess\u00e1rio de itens. O minimalismo oferece estrat\u00e9gias pr\u00e1ticas para manter apenas o essencial sem renunciar ao que realmente importa.<\/p>\n\n\n\n<p>\ud83d\udccc <strong>M\u00e9todos para eliminar excessos de forma eficiente:<\/strong><\/p>\n\n\n\n<figure class=\"wp-block-table\"><table class=\"has-fixed-layout\"><tbody><tr><td><strong>\ud83c\udff7\ufe0f M\u00e9todo<\/strong><\/td><td><strong>\ud83c\udfaf Como funciona?<\/strong><\/td><td><strong>\ud83d\udd25 Benef\u00edcios<\/strong><\/td><\/tr><tr><td><strong>M\u00e9todo KonMari <\/strong><strong>\ud83d\udce6<\/strong><\/td><td>Se um objeto n\u00e3o traz alegria ou utilidade, deve ser descartado.<\/td><td>Cria um ambiente mais leve e alinhado com as necessidades reais.<\/td><\/tr><tr><td><strong>Regra do Um Ano <\/strong><strong>\u23f3<\/strong><\/td><td>Se algo n\u00e3o foi usado nos \u00faltimos 12 meses, provavelmente n\u00e3o \u00e9 essencial.<\/td><td>Evita o ac\u00famulo de itens obsoletos.<\/td><\/tr><tr><td><strong>Princ\u00edpio da Rota\u00e7\u00e3o <\/strong><strong>\ud83d\udd04<\/strong><\/td><td>Itens sazonais devem ser armazenados separadamente e organizados por frequ\u00eancia de uso.<\/td><td>Libera espa\u00e7o para o que realmente \u00e9 necess\u00e1rio no dia a dia.<\/td><\/tr><tr><td><strong>Regra do 80\/20 <\/strong><strong>\ud83c\udfaf<\/strong><\/td><td>Normalmente usamos apenas 20% dos nossos itens 80% do tempo. Priorize esses itens!<\/td><td>Torna a organiza\u00e7\u00e3o mais pr\u00e1tica e reduz a necessidade de espa\u00e7o de armazenamento.<\/td><\/tr><\/tbody><\/table><\/figure>\n\n\n\n<p>\ud83d\udccd<strong>Dica pr\u00e1tica:<\/strong> Fa\u00e7a uma <strong>triagem trimestral<\/strong> nos objetos da casa. O que n\u00e3o foi utilizado nesse per\u00edodo pode ser vendido, doado ou descartado. Isso mant\u00e9m o ambiente livre de ac\u00famulos desnecess\u00e1rios.<\/p>\n\n\n\n<hr class=\"wp-block-separator has-alpha-channel-opacity\"\/>\n\n\n\n<h2 id='t\u00e9cnicas-para-manter-a-disposi\u00e7\u00e3o-dos-espa\u00e7os-sem-polui\u00e7\u00e3o-visual'  class=\"wp-block-heading\"><strong>T\u00e9cnicas para manter a disposi\u00e7\u00e3o dos espa\u00e7os sem polui\u00e7\u00e3o visual<\/strong><\/h2>\n\n\n\n<p>Al\u00e9m de reduzir a quantidade de itens, <strong>a forma como eles s\u00e3o organizados<\/strong> faz toda a diferen\u00e7a para criar um ambiente harmonioso e funcional.<\/p>\n\n\n\n<p>\u2705 <strong>Escolha m\u00f3veis de armazenamento inteligente<\/strong> \u2013 Camas com gavetas embutidas, prateleiras suspensas e nichos nas paredes ajudam a manter objetos organizados sem comprometer a circula\u00e7\u00e3o do espa\u00e7o.<br>\u2705 <strong>Aposte no conceito de \u201cmenos \u00e0 vista\u201d<\/strong> \u2013 Arm\u00e1rios com portas lisas, cestos organizadores e caixas de armazenamento evitam a sobrecarga visual, trazendo uma est\u00e9tica clean ao ambiente.<br>\u2705 <strong>Divida espa\u00e7os por categorias<\/strong> \u2013 Separe os objetos por fun\u00e7\u00e3o e frequ\u00eancia de uso. Itens do dia a dia devem estar acess\u00edveis, enquanto objetos sazonais podem ser armazenados em locais estrat\u00e9gicos.<br>\u2705 <strong>Aplique a t\u00e9cnica do \u201c1 dentro, 1 fora\u201d<\/strong> \u2013 Para cada novo item que entrar na casa, outro deve sair. Isso evita o ac\u00famulo e mant\u00e9m o equil\u00edbrio do espa\u00e7o.<\/p>\n\n\n\n<p>\ud83d\udccc <strong>Erro comum a evitar:<\/strong> \u274c Deixar objetos soltos e sem um local definido. Isso cria bagun\u00e7a rapidamente e compromete a organiza\u00e7\u00e3o do ambiente.<\/p>\n\n\n\n<hr class=\"wp-block-separator has-alpha-channel-opacity\"\/>\n\n\n\n<h2 id='o-impacto-da-organiza\u00e7\u00e3o-na-sensa\u00e7\u00e3o-de-bem-estar'  class=\"wp-block-heading\"><strong>O impacto da organiza\u00e7\u00e3o na sensa\u00e7\u00e3o de bem-estar<\/strong><\/h2>\n\n\n\n<p>A organiza\u00e7\u00e3o n\u00e3o \u00e9 apenas uma quest\u00e3o est\u00e9tica, mas tamb\u00e9m tem um impacto direto no <strong>estado emocional e na produtividade<\/strong>. Um ambiente limpo e bem estruturado reduz o estresse, melhora o foco e cria uma sensa\u00e7\u00e3o de tranquilidade.<\/p>\n\n\n\n<h3 id='\ud83d\udccd-principais-benef\u00edcios-de-um-espa\u00e7o-organizado'  class=\"wp-block-heading\">\ud83d\udccd <strong>Principais benef\u00edcios de um espa\u00e7o organizado:<\/strong><\/h3>\n\n\n\n<p>\u2714 <strong>Menos estresse e ansiedade<\/strong> \ud83e\uddd8\u200d\u2642\ufe0f \u2013 Um ambiente livre de excessos proporciona uma atmosfera mais calma e relaxante.<br>\u2714 <strong>Facilidade no dia a dia<\/strong> \u23f3 \u2013 Encontrar objetos rapidamente e manter tudo em seu devido lugar otimiza o tempo e reduz frustra\u00e7\u00f5es.<br>\u2714 <strong>Melhora na produtividade<\/strong> \ud83d\udda5\ufe0f \u2013 Um ambiente organizado favorece a concentra\u00e7\u00e3o e evita distra\u00e7\u00f5es desnecess\u00e1rias.<br>\u2714 <strong>Sensa\u00e7\u00e3o de amplitude<\/strong> \ud83c\udf3f \u2013 Menos objetos e um layout equilibrado tornam o espa\u00e7o mais leve e convidativo.<\/p>\n\n\n\n<p>\ud83d\udccc <strong>Dica b\u00f4nus:<\/strong> Reserve <strong>15 minutos por dia<\/strong> para pequenas tarefas de organiza\u00e7\u00e3o. Esse h\u00e1bito simples evita o ac\u00famulo de bagun\u00e7a e mant\u00e9m o ambiente sempre agrad\u00e1vel.<\/p>\n\n\n\n<hr class=\"wp-block-separator has-alpha-channel-opacity\"\/>\n\n\n\n<h2 id='organiza\u00e7\u00e3o-estrat\u00e9gica-para-um-espa\u00e7o-minimalista-e-funcional'  class=\"wp-block-heading\"><strong>Organiza\u00e7\u00e3o estrat\u00e9gica para um espa\u00e7o minimalista e funcional<\/strong><\/h2>\n\n\n\n<p>Manter um espa\u00e7o compacto <strong>organizado, funcional e visualmente equilibrado<\/strong> \u00e9 um processo cont\u00ednuo. Aplicando m\u00e9todos minimalistas, t\u00e9cnicas inteligentes de disposi\u00e7\u00e3o e valorizando a harmonia no ambiente, \u00e9 poss\u00edvel transformar qualquer espa\u00e7o pequeno em um <strong>ref\u00fagio de praticidade e conforto<\/strong>.<\/p>\n\n\n\n<h3 id='\u2728-resumo-das-melhores-pr\u00e1ticas-1'  class=\"wp-block-heading\">\u2728 <strong>Resumo das melhores pr\u00e1ticas:<\/strong><\/h3>\n\n\n\n<p>\u2714 Reduza o n\u00famero de objetos utilizando m\u00e9todos minimalistas eficientes.<br>\u2714 Aposte em m\u00f3veis funcionais e sistemas de armazenamento oculto.<br>\u2714 Priorize a est\u00e9tica clean, evitando polui\u00e7\u00e3o visual e excesso de informa\u00e7\u00f5es.<br>\u2714 Valorize a organiza\u00e7\u00e3o como um h\u00e1bito di\u00e1rio para manter o equil\u00edbrio do ambiente.<\/p>\n\n\n\n<p>Com essas estrat\u00e9gias, \u00e9 poss\u00edvel criar um ambiente compacto <strong>organizado, acolhedor e otimizado<\/strong>, garantindo mais qualidade de vida e bem-estar todos os dias! \ud83c\udfe1\ud83d\udc99<\/p>\n\n\n\n<hr class=\"wp-block-separator has-alpha-channel-opacity\"\/>\n\n\n\n<h2 id='aproveitamento-m\u00e1ximo-da-luz-natural-e-ventila\u00e7\u00e3o'  class=\"wp-block-heading\"><strong>Aproveitamento m\u00e1ximo da luz natural e ventila\u00e7\u00e3o<\/strong><\/h2>\n\n\n\n<p>O aproveitamento da <strong>luz natural e da ventila\u00e7\u00e3o<\/strong> desempenha um papel essencial na cria\u00e7\u00e3o de espa\u00e7os compactos mais <strong>confort\u00e1veis, amplos e funcionais<\/strong>.<\/p>\n\n\n\n<p>Al\u00e9m de contribuir para uma est\u00e9tica mais leve e agrad\u00e1vel, essas estrat\u00e9gias reduzem o consumo de energia e melhoram a qualidade do ar, tornando o ambiente mais saud\u00e1vel e sustent\u00e1vel.<\/p>\n\n\n\n<p>Ambientes bem iluminados e com boa circula\u00e7\u00e3o de ar promovem <strong>sensa\u00e7\u00e3o de amplitude, frescor e aconchego<\/strong>, fatores fundamentais para quem deseja otimizar espa\u00e7os reduzidos sem comprometer o conforto.<\/p>\n\n\n\n<p>A seguir, abordamos t\u00e9cnicas eficazes para <strong>potencializar a entrada de luz, ampliar visualmente os espa\u00e7os com superf\u00edcies reflexivas e melhorar o conforto t\u00e9rmico por meio da ventila\u00e7\u00e3o natural<\/strong>.<\/p>\n\n\n\n<hr class=\"wp-block-separator has-alpha-channel-opacity\"\/>\n\n\n\n<h2 id='estrat\u00e9gias-para-potencializar-a-entrada-de-luz-nos-ambientes'  class=\"wp-block-heading\"><strong>Estrat\u00e9gias para potencializar a entrada de luz nos ambientes<\/strong><\/h2>\n\n\n\n<p>A luz natural pode transformar completamente a percep\u00e7\u00e3o de um espa\u00e7o, tornando-o <strong>mais acolhedor, amplo e convidativo<\/strong>. Para garantir que a ilumina\u00e7\u00e3o natural seja bem aproveitada, algumas estrat\u00e9gias podem ser aplicadas.<\/p>\n\n\n\n<p>\u2705 <strong>Posicionamento estrat\u00e9gico dos m\u00f3veis<\/strong> \u2013 Evite obstruir janelas com m\u00f3veis grandes. Opte por cortinas leves ou persianas transl\u00facidas para maximizar a entrada de luz.<br>\u2705 <strong>Portas e divis\u00f3rias de vidro<\/strong> \u2013 Substituir paredes s\u00f3lidas por divis\u00f3rias de vidro ou portas transl\u00facidas permite que a luz natural se espalhe para diferentes \u00e1reas do ambiente.<br>\u2705 <strong>Teto solar ou claraboias<\/strong> \u2013 Para espa\u00e7os pequenos sem muitas aberturas externas, a instala\u00e7\u00e3o de claraboias pode aumentar significativamente a ilumina\u00e7\u00e3o natural.<br>\u2705 <strong>Pinturas e revestimentos em tons claros<\/strong> \u2013 Paredes e pisos com cores neutras e claras refletem a luz, espalhando-a de forma mais eficiente por todo o ambiente.<\/p>\n\n\n\n<p>\ud83d\udccc <strong>Erro comum a evitar:<\/strong> \u274c O excesso de cortinas pesadas ou m\u00f3veis altos pr\u00f3ximos \u00e0s janelas pode bloquear a entrada de luz e tornar o ambiente mais escuro e fechado.<\/p>\n\n\n\n<hr class=\"wp-block-separator has-alpha-channel-opacity\"\/>\n\n\n\n<h2 id='uso-de-espelhos-e-superf\u00edcies-reflexivas-paraliar-a-percep\u00e7\u00e3o-do-espa\u00e7o'  class=\"wp-block-heading\"><strong>Uso de espelhos e superf\u00edcies reflexivas para ampliar a percep\u00e7\u00e3o do espa\u00e7o<\/strong><\/h2>\n\n\n\n<p>A <strong>reflex\u00e3o da luz<\/strong> \u00e9 um recurso poderoso para <strong>ampliar visualmente um ambiente compacto<\/strong>. O uso inteligente de espelhos e materiais brilhantes pode potencializar a ilumina\u00e7\u00e3o natural, criando um efeito de profundidade e leveza.<\/p>\n\n\n\n<h3 id='\ud83d\udccd-formas-eficazes-de-usar-espelhos-paraliar-a-luz-natural'  class=\"wp-block-heading\">\ud83d\udccd <strong>Formas eficazes de usar espelhos para ampliar a luz natural:<\/strong><\/h3>\n\n\n\n<p>\u2714 <strong>Espelho grande em paredes opostas \u00e0s janelas<\/strong> \ud83e\ude9e \u2013 Reflete a luz e cria a sensa\u00e7\u00e3o de que o ambiente \u00e9 duas vezes maior.<br>\u2714 <strong>M\u00f3veis com acabamento brilhante<\/strong> \u2728 \u2013 Arm\u00e1rios laqueados ou mesas de vidro ajudam a espalhar a luz por todo o espa\u00e7o.<br>\u2714 <strong>Portas e pain\u00e9is espelhados<\/strong> \ud83d\udeaa \u2013 Criam um efeito visual de continuidade, tornando o ambiente mais flu\u00eddo.<br>\u2714 <strong>Metais polidos e objetos decorativos reflexivos<\/strong> \ud83c\udf1f \u2013 Lumin\u00e1rias cromadas, vasos met\u00e1licos e detalhes em inox ajudam a aumentar a luminosidade.<\/p>\n\n\n\n<p>\ud83d\udccc <strong>Dica b\u00f4nus:<\/strong> Se n\u00e3o quiser investir em espelhos grandes, experimente usar pequenos pontos de reflex\u00e3o, como <strong>quadros com vidro, lumin\u00e1rias met\u00e1licas e m\u00f3veis com superf\u00edcies brilhantes<\/strong>.<\/p>\n\n\n\n<hr class=\"wp-block-separator has-alpha-channel-opacity\"\/>\n\n\n\n<h2 id='como-a-ventila\u00e7\u00e3o-natural-melhora-o-conforto-t\u00e9rmico-em-espa\u00e7os-pequenos'  class=\"wp-block-heading\"><strong>Como a ventila\u00e7\u00e3o natural melhora o conforto t\u00e9rmico em espa\u00e7os pequenos<\/strong><\/h2>\n\n\n\n<p>A ventila\u00e7\u00e3o natural \u00e9 fundamental para manter o ambiente sempre <strong>fresco, saud\u00e1vel e arejado<\/strong>, especialmente em espa\u00e7os reduzidos, onde a circula\u00e7\u00e3o de ar pode ser limitada.<\/p>\n\n\n\n<p>Quando bem planejada, a ventila\u00e7\u00e3o permite um maior <strong>conforto t\u00e9rmico, reduzindo a necessidade de climatiza\u00e7\u00e3o artificial<\/strong> e tornando o espa\u00e7o mais agrad\u00e1vel ao longo do dia.<\/p>\n\n\n\n<h3 id='\ud83d\udccd-principais-benef\u00edcios-da-ventila\u00e7\u00e3o-natural'  class=\"wp-block-heading\">\ud83d\udccd <strong>Principais benef\u00edcios da ventila\u00e7\u00e3o natural:<\/strong><\/h3>\n\n\n\n<p>\u2714 <strong>Renova\u00e7\u00e3o do ar interno<\/strong> \ud83c\udf3f \u2013 Evita a concentra\u00e7\u00e3o de umidade e odores, mantendo o ambiente mais saud\u00e1vel.<br>\u2714 <strong>Controle da temperatura<\/strong> \u2744\ufe0f \u2013 Ambientes bem ventilados tornam-se naturalmente mais frescos, reduzindo o uso de ar-condicionado.<br>\u2714 <strong>Redu\u00e7\u00e3o da condensa\u00e7\u00e3o<\/strong> \ud83d\udca6 \u2013 Diminui o risco de mofo e umidade excessiva em espa\u00e7os pequenos.<\/p>\n\n\n\n<h3 id='\ud83d\udccc-dicas-para-otimizar-a-ventila\u00e7\u00e3o-em-espa\u00e7os-reduzidos'  class=\"wp-block-heading\">\ud83d\udccc <strong>Dicas para otimizar a ventila\u00e7\u00e3o em espa\u00e7os reduzidos:<\/strong><\/h3>\n\n\n\n<p>\u2705 <strong>Janelas em posi\u00e7\u00f5es opostas<\/strong> \u2013 Criam correntes de ar naturais, permitindo uma ventila\u00e7\u00e3o cruzada eficiente.<br>\u2705 <strong>T\u00e9cnica do efeito chamin\u00e9<\/strong> \u2013 Se poss\u00edvel, inclua aberturas pr\u00f3ximas ao teto para que o ar quente possa sair e o ar fresco entre pelas partes inferiores do ambiente.<br>\u2705 <strong>Uso de portas vazadas ou biombos<\/strong> \u2013 Permite que o fluxo de ar se espalhe por diferentes \u00e1reas da casa sem bloqueios.<br>\u2705 <strong>Plantas purificadoras<\/strong> \ud83c\udf31 \u2013 Esp\u00e9cies como espada-de-s\u00e3o-jorge, l\u00edrio-da-paz e jiboia ajudam a manter o ar mais puro e agrad\u00e1vel.<\/p>\n\n\n\n<p>\ud83d\udccc <strong>Erro comum a evitar:<\/strong> \u274c Ambientes pequenos com pouca ventila\u00e7\u00e3o podem acumular calor rapidamente. Evite bloquear janelas e mantenha cortinas abertas durante o dia para estimular a circula\u00e7\u00e3o do ar.<\/p>\n\n\n\n<hr class=\"wp-block-separator has-alpha-channel-opacity\"\/>\n\n\n\n<h2 id='ilumina\u00e7\u00e3o-natural-e-ventila\u00e7\u00e3o-elementos-essenciais-para-um-ambiente-equilibrado'  class=\"wp-block-heading\"><strong>Ilumina\u00e7\u00e3o natural e ventila\u00e7\u00e3o: elementos essenciais para um ambiente equilibrado<\/strong><\/h2>\n\n\n\n<p>A <strong>luz natural e a ventila\u00e7\u00e3o<\/strong> s\u00e3o recursos poderosos para transformar um espa\u00e7o compacto em um ambiente <strong>arejado, confort\u00e1vel e visualmente amplo<\/strong>. Com pequenas mudan\u00e7as estrat\u00e9gicas, \u00e9 poss\u00edvel aproveitar melhor a luminosidade e o fluxo de ar, garantindo um espa\u00e7o mais funcional e aconchegante.<\/p>\n\n\n\n<h3 id='\u2728-resumo-das-melhores-pr\u00e1ticas-2'  class=\"wp-block-heading\">\u2728 <strong>Resumo das melhores pr\u00e1ticas:<\/strong><\/h3>\n\n\n\n<p>\u2714 Posicione m\u00f3veis e cortinas estrategicamente para maximizar a entrada de luz.<br>\u2714 Use espelhos e materiais reflexivos para criar um efeito de amplitude.<br>\u2714 Invista em ventila\u00e7\u00e3o cruzada para manter o ar sempre renovado e o ambiente fresco.<br>\u2714 Escolha plantas naturais que ajudam na purifica\u00e7\u00e3o do ar e deixam o espa\u00e7o mais agrad\u00e1vel.<\/p>\n\n\n\n<p>Com essas estrat\u00e9gias, qualquer espa\u00e7o compacto pode se tornar <strong>mais iluminado, ventilado e convidativo<\/strong>, garantindo uma experi\u00eancia de vida mais confort\u00e1vel e harmoniosa! \u2600\ufe0f\ud83c\udf2c\ufe0f<\/p>\n\n\n\n<hr class=\"wp-block-separator has-alpha-channel-opacity\"\/>\n\n\n\n<h2 id='materiais-e-acabamentos-que-contribuem-para-a-harmonia-visual'  class=\"wp-block-heading\"><strong>Materiais e acabamentos que contribuem para a harmonia visual<\/strong><\/h2>\n\n\n\n<p>A escolha dos <strong>materiais e acabamentos<\/strong> \u00e9 um dos fatores mais impactantes na composi\u00e7\u00e3o de espa\u00e7os reduzidos. Al\u00e9m de influenciar a est\u00e9tica, eles determinam a <strong>sensa\u00e7\u00e3o de amplitude, aconchego e fluidez do ambiente<\/strong>.<\/p>\n\n\n\n<p>Optar por materiais que equilibram <strong>leveza, durabilidade e harmonia visual<\/strong> \u00e9 essencial para criar um espa\u00e7o funcional, sofisticado e bem distribu\u00eddo.<\/p>\n\n\n\n<p>Desde a sele\u00e7\u00e3o das <strong>texturas e cores<\/strong> at\u00e9 o uso de <strong>superf\u00edcies cont\u00ednuas<\/strong>, cada detalhe contribui para transformar ambientes pequenos em locais mais confort\u00e1veis, organizados e visualmente amplos.<\/p>\n\n\n\n<p>Vamos explorar <strong>como utilizar materiais e acabamentos estrat\u00e9gicos para maximizar o potencial de qualquer espa\u00e7o compacto<\/strong>.<\/p>\n\n\n\n<hr class=\"wp-block-separator has-alpha-channel-opacity\"\/>\n\n\n\n<h2 id='como-texturas-e-cores-influenciam-a-percep\u00e7\u00e3o-de-espa\u00e7o-\ud83c\udfa8\ud83c\udf1f'  class=\"wp-block-heading\"><strong>Como texturas e cores influenciam a percep\u00e7\u00e3o de espa\u00e7o \ud83c\udfa8\ud83c\udf1f<\/strong><\/h2>\n\n\n\n<p>A escolha certa de cores e texturas pode modificar completamente a forma como um ambiente \u00e9 percebido. Quando aplicadas de maneira inteligente, essas caracter\u00edsticas <strong>criam profundidade, melhoram a ilumina\u00e7\u00e3o e proporcionam sensa\u00e7\u00e3o de amplitude<\/strong>.<\/p>\n\n\n\n<h3 id='\ud83d\udccd-dicas-para-usar-cores-e-texturas-a-favor-da-harmonia-visual'  class=\"wp-block-heading\">\ud83d\udccd <strong>Dicas para usar cores e texturas a favor da harmonia visual:<\/strong><\/h3>\n\n\n\n<p>\u2714 <strong>Tons claros e neutros<\/strong> \ud83c\udfe0 \u2013 Cores como branco, bege, cinza-claro e tons past\u00e9is refletem mais luz e fazem o espa\u00e7o parecer maior.<br>\u2714 <strong>Toques de cores vibrantes<\/strong> \ud83c\udfad \u2013 Elementos coloridos em pontos estrat\u00e9gicos, como almofadas ou quadros, criam um contraste din\u00e2mico sem sobrecarregar o ambiente.<br>\u2714 <strong>Texturas suaves e naturais<\/strong> \ud83e\udeb5 \u2013 Materiais como madeira clara, linho e cimento queimado trazem aconchego sem pesar visualmente.<br>\u2714 <strong>Paredes com acabamento fosco<\/strong> \ud83d\udd8c \u2013 Evitam reflexos excessivos, tornando o ambiente mais confort\u00e1vel aos olhos.<\/p>\n\n\n\n<p>\ud83d\udccc <strong>Dica extra:<\/strong> Para garantir equil\u00edbrio, escolha uma <strong>paleta base neutra<\/strong> e complemente com texturas variadas em <strong>tecidos, revestimentos e m\u00f3veis<\/strong>, criando um espa\u00e7o visualmente interessante sem polui\u00e7\u00e3o est\u00e9tica.<\/p>\n\n\n\n<hr class=\"wp-block-separator has-alpha-channel-opacity\"\/>\n\n\n\n<h2 id='materiais-que-equilibram-leveza-e-durabilidade-em-ambientes-reduzidos'  class=\"wp-block-heading\"><strong>Materiais que equilibram leveza e durabilidade em ambientes reduzidos<\/strong><\/h2>\n\n\n\n<p>Ambientes compactos exigem materiais que sejam <strong>resistentes, mas ao mesmo tempo leves<\/strong>, para n\u00e3o sobrecarregar a estrutura visual do espa\u00e7o. A escolha correta dos acabamentos garante um ambiente pr\u00e1tico, elegante e de longa dura\u00e7\u00e3o.<\/p>\n\n\n\n<figure class=\"wp-block-table\"><table class=\"has-fixed-layout\"><tbody><tr><td><strong>\ud83c\udfd7 Material<\/strong><\/td><td><strong>\ud83c\udf1f Benef\u00edcios<\/strong><\/td><td><strong>\ud83d\udd0d Indica\u00e7\u00e3o de uso<\/strong><\/td><\/tr><tr><td><strong>Madeira clara <\/strong><strong>\ud83e\udeb5<\/strong><\/td><td>Cria aconchego e um efeito natural.<\/td><td>Pisos, pain\u00e9is de parede e m\u00f3veis.<\/td><\/tr><tr><td><strong>Vidro e acr\u00edlico <\/strong><strong>\ud83d\udd0d<\/strong><\/td><td>Garante leveza e amplia a luminosidade.<\/td><td>Mesas, divis\u00f3rias e portas.<\/td><\/tr><tr><td><strong>Metal fosco ou escovado <\/strong><strong>\ud83c\udfd7<\/strong><\/td><td>Proporciona um toque sofisticado sem pesar visualmente.<\/td><td>Puxadores, lumin\u00e1rias e detalhes decorativos.<\/td><\/tr><tr><td><strong>Porcelanato acetinado <\/strong><strong>\ud83c\udfe1<\/strong><\/td><td>Resistente e de f\u00e1cil manuten\u00e7\u00e3o, ideal para espa\u00e7os compactos.<\/td><td>Revestimentos de piso e parede.<\/td><\/tr><tr><td><strong>Cimento queimado <\/strong><strong>\ud83e\udea8<\/strong><\/td><td>Textura moderna e minimalista, vers\u00e1til para diversos estilos.<\/td><td>Paredes, bancadas e pisos.<\/td><\/tr><\/tbody><\/table><\/figure>\n\n\n\n<p>\ud83d\udccc <strong>Erro comum a evitar:<\/strong> \u274c O uso excessivo de materiais pesados, como madeira escura e pedras muito densas, pode fazer o ambiente parecer menor e mais carregado.<\/p>\n\n\n\n<hr class=\"wp-block-separator has-alpha-channel-opacity\"\/>\n\n\n\n<h2 id='o-papel-das-superf\u00edcies-cont\u00ednuas-na-cria\u00e7\u00e3o-de-fluidez-visual'  class=\"wp-block-heading\"><strong>O papel das superf\u00edcies cont\u00ednuas na cria\u00e7\u00e3o de fluidez visual<\/strong><\/h2>\n\n\n\n<p>Superf\u00edcies cont\u00ednuas s\u00e3o uma excelente alternativa para quem deseja um ambiente <strong>mais flu\u00eddo, sem interrup\u00e7\u00f5es visuais que fragmentam o espa\u00e7o<\/strong>. Esse conceito contribui para uma sensa\u00e7\u00e3o de <strong>amplitude e sofistica\u00e7\u00e3o<\/strong>, tornando o ambiente mais leve e organizado.<\/p>\n\n\n\n<h3 id='\u2705-principais-estrat\u00e9gias-para-criar-continuidade-visual'  class=\"wp-block-heading\">\u2705 <strong>Principais estrat\u00e9gias para criar continuidade visual:<\/strong><\/h3>\n\n\n\n<p>\u2714 <strong>Pisos sem divis\u00f5es<\/strong> \u2013 Utilizar o mesmo revestimento em toda a casa reduz cortes abruptos no visual e gera continuidade.<br>\u2714 <strong>Bancadas e m\u00f3veis com linhas suaves<\/strong> \u2013 Optar por pe\u00e7as com cantos arredondados e acabamentos uniformes evita bloqueios visuais.<br>\u2714 <strong>Portas embutidas e rodap\u00e9s discretos<\/strong> \u2013 Criam um fluxo de design mais harmonioso, sem interrup\u00e7\u00f5es bruscas.<br>\u2714 <strong>Espelhos e pain\u00e9is espelhados<\/strong> \u2013 Ajudam a &#8220;desaparecer&#8221; limites f\u00edsicos, aumentando a sensa\u00e7\u00e3o de espa\u00e7o.<\/p>\n\n\n\n<p>\ud83d\udccc <strong>Dica b\u00f4nus:<\/strong> Se o objetivo for criar um ambiente flu\u00eddo e moderno, opte por <strong>paredes e m\u00f3veis com acabamentos sem emendas aparentes<\/strong>, proporcionando um visual mais uniforme e sofisticado.<\/p>\n\n\n\n<hr class=\"wp-block-separator has-alpha-channel-opacity\"\/>\n\n\n\n<h2 id='materiais-bem-escolhidos-fazem-toda-a-diferen\u00e7a'  class=\"wp-block-heading\"><strong>Materiais bem escolhidos fazem toda a diferen\u00e7a!<\/strong><\/h2>\n\n\n\n<p>A escolha de <strong>materiais e acabamentos adequados<\/strong> \u00e9 um dos pilares do <strong>design minimalista e funcional<\/strong>. Ao investir em cores e texturas bem equilibradas, materiais leves e dur\u00e1veis, al\u00e9m de superf\u00edcies cont\u00ednuas, \u00e9 poss\u00edvel criar um <strong>ambiente compacto que transmite leveza, modernidade e sofistica\u00e7\u00e3o<\/strong>.<\/p>\n\n\n\n<h3 id='\u2728-resumo-das-melhores-pr\u00e1ticas-3'  class=\"wp-block-heading\">\u2728 <strong>Resumo das melhores pr\u00e1ticas:<\/strong><\/h3>\n\n\n\n<p>\u2714 Utilize cores neutras e texturas naturais para criar um ambiente mais amplo e aconchegante.<br>\u2714 Escolha materiais resistentes, mas visualmente leves, para equilibrar est\u00e9tica e funcionalidade.<br>\u2714 Aposte em superf\u00edcies cont\u00ednuas para garantir fluidez e harmonia no espa\u00e7o.<br>\u2714 Evite materiais muito pesados ou escuros, que podem sobrecarregar o ambiente.<\/p>\n\n\n\n<p>Com esses conceitos aplicados, qualquer espa\u00e7o reduzido pode se tornar <strong>moderno, organizado e visualmente equilibrado<\/strong>, proporcionando uma experi\u00eancia est\u00e9tica e funcional impec\u00e1vel! \ud83d\ude80\ud83c\udfe1<\/p>\n\n\n\n<hr class=\"wp-block-separator has-alpha-channel-opacity\"\/>\n\n\n\n<h2 id='exemplos-de-espa\u00e7os-compactos-bem-planejados'  class=\"wp-block-heading\"><strong>Exemplos de espa\u00e7os compactos bem planejados<\/strong><\/h2>\n\n\n\n<p>Transformar ambientes reduzidos em <strong>espa\u00e7os funcionais, aconchegantes e sofisticados<\/strong> exige criatividade e estrat\u00e9gia. O design minimalista, aliado a solu\u00e7\u00f5es inteligentes, permite que cada metro quadrado seja <strong>otimizado sem comprometer o conforto e a est\u00e9tica<\/strong>.<\/p>\n\n\n\n<p>Muitos espa\u00e7os pequenos ao redor do mundo se tornaram refer\u00eancia em planejamento eficiente, oferecendo inspira\u00e7\u00f5es valiosas para quem deseja adaptar um estilo de vida mais pr\u00e1tico e harmonioso.<\/p>\n\n\n\n<p>Aqui, exploramos <strong>exemplos reais<\/strong> de ambientes compactos bem planejados, destacamos <strong>solu\u00e7\u00f5es inovadoras<\/strong> e compartilhamos <strong>li\u00e7\u00f5es aprendidas<\/strong> para ajudar voc\u00ea a aplicar essas ideias no seu pr\u00f3prio espa\u00e7o.<\/p>\n\n\n\n<hr class=\"wp-block-separator has-alpha-channel-opacity\"\/>\n\n\n\n<h2 id='ambientes-reais-que-aplicaram-design-minimalista-com-efici\u00eancia'  class=\"wp-block-heading\"><strong>Ambientes reais que aplicaram design minimalista com efici\u00eancia<\/strong><\/h2>\n\n\n\n<p>\ud83d\udccd <strong>Microapartamento funcional em T\u00f3quio, Jap\u00e3o<\/strong><\/p>\n\n\n\n<p>No Jap\u00e3o, onde os espa\u00e7os urbanos s\u00e3o extremamente reduzidos, a arquitetura se especializou em solu\u00e7\u00f5es para otimizar ambientes pequenos. Em um microapartamento de apenas <strong>22m\u00b2<\/strong>, designers aplicaram o conceito de <strong>plataformas elevadas<\/strong> para criar diferentes n\u00edveis dentro do mesmo espa\u00e7o, separando \u00e1reas de descanso, lazer e trabalho sem a necessidade de divis\u00f3rias tradicionais.<\/p>\n\n\n\n<p>\u2705 <strong>Solu\u00e7\u00f5es aplicadas:<\/strong><\/p>\n\n\n\n<p>\u2714 M\u00f3veis embutidos que se transformam, como uma cama que desliza para dentro de um nicho na parede.<br>\u2714 Cozinha integrada com eletrodom\u00e9sticos compactos e dobr\u00e1veis.<br>\u2714 Portas de correr para economizar espa\u00e7o e melhorar a circula\u00e7\u00e3o.<\/p>\n\n\n\n<p>\ud83d\udccc <strong>Li\u00e7\u00e3o aprendida:<\/strong> Elevar \u00e1reas espec\u00edficas do ambiente pode criar uma separa\u00e7\u00e3o visual sem precisar de paredes, otimizando a fluidez do espa\u00e7o.<\/p>\n\n\n\n<hr class=\"wp-block-separator has-alpha-channel-opacity\"\/>\n\n\n\n<p>\ud83d\udccd <strong>Casa container na Austr\u00e1lia<\/strong><\/p>\n\n\n\n<p>Casas constru\u00eddas a partir de cont\u00eaineres mar\u00edtimos t\u00eam ganhado popularidade devido \u00e0 sua estrutura modular e sustent\u00e1vel. Na Austr\u00e1lia, um cont\u00eainer de <strong>30m\u00b2<\/strong> foi transformado em uma <strong>resid\u00eancia minimalista e eficiente<\/strong>, provando que espa\u00e7os compactos podem ser extremamente funcionais.<\/p>\n\n\n\n<p>\u2705 <strong>Solu\u00e7\u00f5es aplicadas:<\/strong><\/p>\n\n\n\n<p>\u2714 Grandes janelas de vidro para maximizar a luz natural e a ventila\u00e7\u00e3o.<br>\u2714 Uso de m\u00f3veis multifuncionais, como um sof\u00e1 que vira cama e uma mesa retr\u00e1til.<br>\u2714 Espa\u00e7os externos integrados, como um deck para ampliar a \u00e1rea \u00fatil da casa.<\/p>\n\n\n\n<p>\ud83d\udccc <strong>Li\u00e7\u00e3o aprendida:<\/strong> Ambientes reduzidos se tornam mais confort\u00e1veis quando h\u00e1 <strong>conex\u00e3o com \u00e1reas externas<\/strong>, trazendo uma sensa\u00e7\u00e3o de amplitude.<\/p>\n\n\n\n<hr class=\"wp-block-separator has-alpha-channel-opacity\"\/>\n\n\n\n<p>\ud83d\udccd <strong>Est\u00fadio de 18m\u00b2 em Paris, Fran\u00e7a<\/strong><\/p>\n\n\n\n<p>Os est\u00fadios parisienses s\u00e3o famosos pelo design sofisticado e inteligente. Em um <strong>apartamento de 18m\u00b2<\/strong>, arquitetos utilizaram <strong>paredes multifuncionais<\/strong>, onde estantes embutidas, mesas dobr\u00e1veis e arm\u00e1rios ocupavam o m\u00ednimo de espa\u00e7o poss\u00edvel sem comprometer o estilo.<\/p>\n\n\n\n<p>\u2705 <strong>Solu\u00e7\u00f5es aplicadas:<\/strong><\/p>\n\n\n\n<p>\u2714 Uso de cores claras e espelhos para ampliar a percep\u00e7\u00e3o do ambiente.<br>\u2714 Arm\u00e1rios embutidos do ch\u00e3o ao teto para maximizar o armazenamento.<br>\u2714 Sof\u00e1 modular que se converte em cama e \u00e1rea de trabalho.<\/p>\n\n\n\n<p>\ud83d\udccc <strong>Li\u00e7\u00e3o aprendida:<\/strong> O aproveitamento das <strong>paredes como \u00e1reas de armazenamento<\/strong> \u00e9 uma das formas mais eficazes de manter um espa\u00e7o pequeno organizado sem comprometer a est\u00e9tica.<\/p>\n\n\n\n<hr class=\"wp-block-separator has-alpha-channel-opacity\"\/>\n\n\n\n<h2 id='solu\u00e7\u00f5es-criativas-que-transformaram-pequenos-espa\u00e7os-em-\u00e1reas-aconchegantes'  class=\"wp-block-heading\"><strong>Solu\u00e7\u00f5es criativas que transformaram pequenos espa\u00e7os em \u00e1reas aconchegantes<\/strong><\/h2>\n\n\n\n<p>\u2714 <strong>M\u00f3veis invis\u00edveis<\/strong> \u2013 Mesas dobr\u00e1veis e bancadas retr\u00e1teis ajudam a liberar espa\u00e7o quando n\u00e3o est\u00e3o em uso.<br>\u2714 <strong>Portas e divis\u00f3rias de vidro<\/strong> \u2013 A transpar\u00eancia mant\u00e9m a sensa\u00e7\u00e3o de continuidade no ambiente, evitando barreiras visuais.<br>\u2714 <strong>Cores estrat\u00e9gicas<\/strong> \u2013 O uso de tons neutros nas paredes combinado com toques de cores vibrantes nos detalhes cria equil\u00edbrio visual.<br>\u2714 <strong>Espelhos e superf\u00edcies reflexivas<\/strong> \u2013 Elementos espelhados ampliam a percep\u00e7\u00e3o do espa\u00e7o e ajudam a distribuir melhor a luz.<br>\u2714 <strong>Ilumina\u00e7\u00e3o embutida<\/strong> \u2013 Fitas de LED em prateleiras, m\u00f3veis e rodap\u00e9s criam profundidade sem ocupar espa\u00e7o extra.<\/p>\n\n\n\n<p>\ud83d\udccc <strong>Dica extra:<\/strong> Para maximizar a sensa\u00e7\u00e3o de aconchego, combine elementos naturais, como <strong>madeira, tecidos leves e plantas<\/strong>, trazendo conforto e equil\u00edbrio ao espa\u00e7o.<\/p>\n\n\n\n<hr class=\"wp-block-separator has-alpha-channel-opacity\"\/>\n\n\n\n<h2 id='li\u00e7\u00f5es-aprendidas-e-inspira\u00e7\u00f5es-para-diferentes-estilos-de-vida'  class=\"wp-block-heading\"><strong>Li\u00e7\u00f5es aprendidas e inspira\u00e7\u00f5es para diferentes estilos de vida<\/strong><\/h2>\n\n\n\n<p>Cada um dos exemplos acima prova que <strong>espa\u00e7os reduzidos podem ser altamente eficientes e confort\u00e1veis<\/strong>, desde que projetados com estrat\u00e9gias inteligentes.<\/p>\n\n\n\n<p>\ud83d\udccd <strong>O que podemos aprender com esses projetos?<\/strong><\/p>\n\n\n\n<figure class=\"wp-block-table\"><table class=\"has-fixed-layout\"><tbody><tr><td><strong>\ud83c\udfaf Princ\u00edpio<\/strong><\/td><td><strong>\ud83c\udfe1 Aplica\u00e7\u00e3o pr\u00e1tica<\/strong><\/td><\/tr><tr><td><strong>Menos paredes, mais integra\u00e7\u00e3o<\/strong><\/td><td>Optar por espa\u00e7os abertos ou divis\u00f3rias leves para manter a fluidez do ambiente.<\/td><\/tr><tr><td><strong>M\u00f3veis multifuncionais s\u00e3o essenciais<\/strong><\/td><td>Escolher pe\u00e7as que possam ter mais de uma utilidade para otimizar o espa\u00e7o.<\/td><\/tr><tr><td><strong>Aproveitamento vertical<\/strong><\/td><td>Usar arm\u00e1rios altos, nichos e prateleiras para liberar o ch\u00e3o e criar mais \u00e1reas de circula\u00e7\u00e3o.<\/td><\/tr><tr><td><strong>A luz natural \u00e9 um diferencial<\/strong><\/td><td>Janelas amplas, portas de vidro e espelhos aumentam a claridade e ampliam a percep\u00e7\u00e3o do ambiente.<\/td><\/tr><tr><td><strong>Organiza\u00e7\u00e3o \u00e9 a chave do sucesso<\/strong><\/td><td>Reduzir a quantidade de itens e manter um sistema eficiente de armazenamento evita polui\u00e7\u00e3o visual.<\/td><\/tr><\/tbody><\/table><\/figure>\n\n\n\n<p>Com essas inspira\u00e7\u00f5es, qualquer espa\u00e7o compacto pode se tornar <strong>elegante, funcional e acolhedor<\/strong>, garantindo que cada detalhe tenha um prop\u00f3sito e contribua para uma experi\u00eancia de moradia mais fluida e confort\u00e1vel.<\/p>\n\n\n\n<hr class=\"wp-block-separator has-alpha-channel-opacity\"\/>\n\n\n\n<h2 id='conclus\u00e3o'  class=\"wp-block-heading\"><strong>Conclus\u00e3o<\/strong><\/h2>\n\n\n\n<p>Criar um ambiente compacto que seja <strong>funcional, bonito e confort\u00e1vel<\/strong> exige planejamento estrat\u00e9gico e escolhas bem pensadas. Ao longo deste artigo, exploramos como o <strong>design minimalista<\/strong>, a <strong>otimiza\u00e7\u00e3o inteligente do espa\u00e7o<\/strong> e a <strong>organiza\u00e7\u00e3o eficiente<\/strong> podem transformar qualquer ambiente reduzido em um local mais pr\u00e1tico e aconchegante.<\/p>\n\n\n\n<p>A harmonia entre <strong>est\u00e9tica e funcionalidade<\/strong> n\u00e3o se trata apenas de uma quest\u00e3o visual, mas de um conceito que melhora a qualidade de vida, tornando o espa\u00e7o mais fluido, bem iluminado e otimizado para diferentes necessidades do dia a dia.<\/p>\n\n\n\n<hr class=\"wp-block-separator has-alpha-channel-opacity\"\/>\n\n\n\n<h2 id='recapitula\u00e7\u00e3o-dos-principais-pontos-discutidos'  class=\"wp-block-heading\"><strong>Recapitula\u00e7\u00e3o dos principais pontos discutidos<\/strong><\/h2>\n\n\n\n<p>\ud83d\udccc <strong>Princ\u00edpios essenciais para espa\u00e7os reduzidos:<\/strong><\/p>\n\n\n\n<p>\u2714 <strong>Minimalismo como solu\u00e7\u00e3o funcional<\/strong> \u2013 Reduzir excessos e priorizar elementos essenciais torna o ambiente mais equilibrado e organizado.<br>\u2714 <strong>Aproveitamento inteligente do espa\u00e7o<\/strong> \u2013 O uso de <strong>m\u00f3veis multifuncionais, armazenamento oculto e layouts vers\u00e1teis<\/strong> \u00e9 indispens\u00e1vel para manter um espa\u00e7o flu\u00eddo.<br>\u2714 <strong>Ilumina\u00e7\u00e3o e ventila\u00e7\u00e3o bem planejadas<\/strong> \u2013 Maximizar a entrada de luz natural e garantir circula\u00e7\u00e3o de ar melhora a sensa\u00e7\u00e3o de amplitude e conforto t\u00e9rmico.<br>\u2714 <strong>Materiais e acabamentos adequados<\/strong> \u2013 Escolher cores, texturas e superf\u00edcies cont\u00ednuas contribui para a sensa\u00e7\u00e3o de fluidez visual e leveza no ambiente.<br>\u2714 <strong>Organiza\u00e7\u00e3o e otimiza\u00e7\u00e3o di\u00e1ria<\/strong> \u2013 M\u00e9todos minimalistas ajudam a evitar ac\u00famulo desnecess\u00e1rio, garantindo um espa\u00e7o sempre limpo e bem distribu\u00eddo.<\/p>\n\n\n\n<p>Todos esses aspectos <strong>se complementam<\/strong>, criando ambientes <strong>pr\u00e1ticos, esteticamente equilibrados e adapt\u00e1veis<\/strong> \u00e0s necessidades de cada morador.<\/p>\n\n\n\n<hr class=\"wp-block-separator has-alpha-channel-opacity\"\/>\n\n\n\n<h2 id='import\u00e2ncia-de-um-planejamento-estrat\u00e9gico-para-espa\u00e7os-compactos'  class=\"wp-block-heading\"><strong>Import\u00e2ncia de um planejamento estrat\u00e9gico para espa\u00e7os compactos<\/strong><\/h2>\n\n\n\n<p>Projetar um espa\u00e7o pequeno <strong>sem planejamento adequado<\/strong> pode resultar em um ambiente visualmente carregado e pouco funcional. Para garantir que cada metro quadrado seja <strong>bem utilizado e aproveitado ao m\u00e1ximo<\/strong>, \u00e9 fundamental seguir algumas diretrizes:<\/p>\n\n\n\n<p>\u2705 <strong>Definir prioridades de uso<\/strong> \u2013 Cada espa\u00e7o deve atender \u00e0s reais necessidades do dia a dia, eliminando elementos que n\u00e3o agregam valor.<br>\u2705 <strong>Escolher m\u00f3veis e materiais estrat\u00e9gicos<\/strong> \u2013 A op\u00e7\u00e3o por pe\u00e7as vers\u00e1teis, cores neutras e superf\u00edcies cont\u00ednuas cria um ambiente mais flu\u00eddo e aconchegante.<br>\u2705 <strong>Manter a organiza\u00e7\u00e3o como h\u00e1bito<\/strong> \u2013 Pequenas pr\u00e1ticas di\u00e1rias evitam o ac\u00famulo de objetos desnecess\u00e1rios e contribuem para um espa\u00e7o sempre agrad\u00e1vel.<\/p>\n\n\n\n<p>Quando h\u00e1 um planejamento bem estruturado, at\u00e9 mesmo os <strong>menores ambientes<\/strong> podem ser transformados em <strong>espa\u00e7os pr\u00e1ticos e aconchegantes<\/strong>, sem comprometer conforto ou funcionalidade.<\/p>\n\n\n\n<hr class=\"wp-block-separator has-alpha-channel-opacity\"\/>\n\n\n\n<h2 id='considera\u00e7\u00f5es-finais-sobre-a-harmonia-entre-design-funcionalidade-e-otimiza\u00e7\u00e3o'  class=\"wp-block-heading\"><strong>Considera\u00e7\u00f5es finais sobre a harmonia entre design, funcionalidade e otimiza\u00e7\u00e3o<\/strong><\/h2>\n\n\n\n<p>A harmonia entre <strong>design minimalista, funcionalidade e otimiza\u00e7\u00e3o<\/strong> \u00e9 o segredo para criar espa\u00e7os reduzidos que realmente <strong>favorecem o bem-estar e a praticidade<\/strong>. Cada detalhe \u2013 desde a escolha dos materiais at\u00e9 a disposi\u00e7\u00e3o dos m\u00f3veis \u2013 influencia diretamente a experi\u00eancia no ambiente.<\/p>\n\n\n\n<p>Ao adotar as estrat\u00e9gias abordadas neste artigo, \u00e9 poss\u00edvel transformar qualquer espa\u00e7o pequeno em um lugar <strong>inteligente, bem planejado e convidativo<\/strong>. A chave para o sucesso est\u00e1 em:<\/p>\n\n\n\n<p>\ud83d\udd39 <strong>Elimina\u00e7\u00e3o de excessos<\/strong> \u2013 Tudo que ocupa espa\u00e7o sem fun\u00e7\u00e3o real deve ser repensado.<br>\ud83d\udd39 <strong>Versatilidade dos elementos<\/strong> \u2013 M\u00f3veis multifuncionais e solu\u00e7\u00f5es criativas fazem toda a diferen\u00e7a.<br>\ud83d\udd39 <strong>Sensa\u00e7\u00e3o de amplitude<\/strong> \u2013 Luz natural, superf\u00edcies reflexivas e organiza\u00e7\u00e3o contribuem para um ambiente mais leve.<br>\ud83d\udd39 <strong>Equil\u00edbrio entre conforto e est\u00e9tica<\/strong> \u2013 Materiais, cores e disposi\u00e7\u00e3o dos elementos criam um espa\u00e7o aconchegante e visualmente agrad\u00e1vel.<\/p>\n\n\n\n<p>Com um <strong>olhar estrat\u00e9gico e aten\u00e7\u00e3o aos detalhes<\/strong>, \u00e9 poss\u00edvel <strong>maximizar cada cent\u00edmetro<\/strong> e criar um ambiente compacto <strong>altamente funcional, bonito e acolhedor<\/strong>. O espa\u00e7o pode ser pequeno, mas com as escolhas certas, o conforto e a qualidade de vida ser\u00e3o imensos. \ud83c\udfe1\u2728<\/p>\n\n\n\n<hr class=\"wp-block-separator has-alpha-channel-opacity\"\/>\n\n\n\n<h2 id='faq-perguntas-frequentes'  class=\"wp-block-heading\"><strong>FAQ \u2013 Perguntas Frequentes<\/strong><\/h2>\n\n\n\n<p>Para garantir que seu espa\u00e7o compacto seja <strong>funcional, bem planejado e harmonioso<\/strong>, reunimos as <strong>principais d\u00favidas<\/strong> sobre <strong>design minimalista, otimiza\u00e7\u00e3o de ambientes e escolhas estrat\u00e9gicas de materiais<\/strong>.<\/p>\n\n\n\n<p>Confira as respostas abaixo e descubra como transformar qualquer espa\u00e7o reduzido em um lugar <strong>confort\u00e1vel, organizado e esteticamente equilibrado<\/strong>.<\/p>\n\n\n\n<hr class=\"wp-block-separator has-alpha-channel-opacity\"\/>\n\n\n\n<h2 id='\u2714-quais-s\u00e3o-os-principais-benef\u00edcios-do-design-minimalista-em-espa\u00e7os-pequenos'  class=\"wp-block-heading\"><strong>\u2714 Quais s\u00e3o os principais benef\u00edcios do design minimalista em espa\u00e7os pequenos?<\/strong><\/h2>\n\n\n\n<p>O design minimalista \u00e9 a escolha ideal para ambientes compactos, pois prioriza a <strong>simplicidade, funcionalidade e organiza\u00e7\u00e3o<\/strong>, criando espa\u00e7os mais leves e bem aproveitados. Seus principais benef\u00edcios incluem:<\/p>\n\n\n\n<p>\u2705 <strong>Melhor aproveitamento do espa\u00e7o<\/strong> \u2013 Cada m\u00f3vel e objeto tem uma fun\u00e7\u00e3o clara, evitando excessos e garantindo mais circula\u00e7\u00e3o.<br>\u2705 <strong>Sensa\u00e7\u00e3o de amplitude<\/strong> \u2013 O uso de cores claras, m\u00f3veis estrat\u00e9gicos e ilumina\u00e7\u00e3o bem distribu\u00edda ajuda a ampliar visualmente o ambiente.<br>\u2705 <strong>F\u00e1cil manuten\u00e7\u00e3o e limpeza<\/strong> \u2013 Menos objetos significa menos bagun\u00e7a e uma rotina mais pr\u00e1tica e organizada.<br>\u2705 <strong>Ambiente mais aconchegante e equilibrado<\/strong> \u2013 A elimina\u00e7\u00e3o do excesso de elementos visuais cria uma atmosfera tranquila e harmoniosa.<\/p>\n\n\n\n<p>O minimalismo n\u00e3o se trata de abrir m\u00e3o do conforto, mas sim de <strong>encontrar o equil\u00edbrio perfeito entre utilidade e est\u00e9tica<\/strong>.<\/p>\n\n\n\n<hr class=\"wp-block-separator has-alpha-channel-opacity\"\/>\n\n\n\n<h2 id='\u2714-como-evitar-que-um-ambiente-compacto-pare\u00e7a-sobrecarregado'  class=\"wp-block-heading\"><strong>\u2714 Como evitar que um ambiente compacto pare\u00e7a sobrecarregado?<\/strong><\/h2>\n\n\n\n<p>Um espa\u00e7o pequeno pode parecer apertado e desorganizado se houver <strong>excesso de m\u00f3veis, cores muito escuras ou muitos itens decorativos<\/strong>. Para evitar essa sensa\u00e7\u00e3o, siga estas estrat\u00e9gias:<\/p>\n\n\n\n<p>\ud83d\udccc <strong>Escolha uma paleta de cores neutras<\/strong> \u2013 Tons claros refletem melhor a luz e ajudam a criar um ambiente mais arejado.<br>\ud83d\udccc <strong>Evite excesso de m\u00f3veis e objetos<\/strong> \u2013 Prefira pe\u00e7as multifuncionais e mantenha apenas o essencial.<br>\ud83d\udccc <strong>Opte por armazenamento vertical<\/strong> \u2013 Prateleiras, nichos e arm\u00e1rios embutidos ajudam a manter o espa\u00e7o organizado sem comprometer a \u00e1rea \u00fatil.<br>\ud83d\udccc <strong>Aposte em superf\u00edcies cont\u00ednuas<\/strong> \u2013 Pisos e m\u00f3veis com acabamentos uniformes criam uma sensa\u00e7\u00e3o de fluidez no ambiente.<br>\ud83d\udccc <strong>Invista em ilumina\u00e7\u00e3o bem distribu\u00edda<\/strong> \u2013 Use luzes embutidas, abajures e fitas de LED para evitar sombras pesadas que deixam o ambiente carregado.<\/p>\n\n\n\n<p>Com essas estrat\u00e9gias, qualquer espa\u00e7o pequeno pode se tornar <strong>organizado, aconchegante e visualmente equilibrado<\/strong>.<\/p>\n\n\n\n<hr class=\"wp-block-separator has-alpha-channel-opacity\"\/>\n\n\n\n<h2 id='\u2714-quais-materiais-s\u00e3o-recomendados-para-manter-a-leveza-e-harmonia-visual'  class=\"wp-block-heading\"><strong>\u2714 Quais materiais s\u00e3o recomendados para manter a leveza e harmonia visual?<\/strong><\/h2>\n\n\n\n<p>A escolha dos <strong>materiais<\/strong> influencia diretamente a percep\u00e7\u00e3o do espa\u00e7o. Para garantir um ambiente <strong>equilibrado, sofisticado e funcional<\/strong>, prefira materiais que tragam leveza e fluidez.<\/p>\n\n\n\n<p>\u2705 <strong>Madeira clara ou laminados leves<\/strong> \u2013 Criam um ambiente aconchegante sem sobrecarregar o espa\u00e7o.<br>\u2705 <strong>Vidro e acr\u00edlico<\/strong> \u2013 Superf\u00edcies transl\u00facidas ajudam a ampliar a ilumina\u00e7\u00e3o e a sensa\u00e7\u00e3o de continuidade.<br>\u2705 <strong>Porcelanato acetinado ou cimento queimado<\/strong> \u2013 Ideais para pisos e paredes, garantindo um acabamento moderno e de f\u00e1cil manuten\u00e7\u00e3o.<br>\u2705 <strong>Metais foscos e inoxid\u00e1veis<\/strong> \u2013 Para detalhes em lumin\u00e1rias, puxadores e m\u00f3veis, trazendo sofistica\u00e7\u00e3o sem exagero.<br>\u2705 <strong>Tecidos naturais e leves<\/strong> \u2013 Linho, algod\u00e3o e fibras naturais oferecem conforto sem comprometer a leveza do ambiente.<\/p>\n\n\n\n<p>\ud83d\udccc <strong>Dica extra:<\/strong> Para evitar excesso de texturas, escolha <strong>materiais que se complementam e criam um visual coeso e harm\u00f4nico<\/strong>.<\/p>\n\n\n\n<hr class=\"wp-block-separator has-alpha-channel-opacity\"\/>\n\n\n\n<h2 id='\u2714-como-equilibrar-funcionalidade-e-est\u00e9tica-sem-comprometer-conforto'  class=\"wp-block-heading\"><strong>\u2714 Como equilibrar funcionalidade e est\u00e9tica sem comprometer conforto?<\/strong><\/h2>\n\n\n\n<p>O segredo para unir <strong>est\u00e9tica e funcionalidade<\/strong> \u00e9 garantir que <strong>cada elemento tenha um prop\u00f3sito<\/strong> e seja escolhido de forma estrat\u00e9gica. Algumas solu\u00e7\u00f5es para esse equil\u00edbrio incluem:<\/p>\n\n\n\n<p>\ud83d\udccc <strong>Invista em m\u00f3veis multifuncionais<\/strong> \u2013 Sof\u00e1s-camas, mesas dobr\u00e1veis e arm\u00e1rios embutidos otimizam o espa\u00e7o sem abrir m\u00e3o do conforto.<br>\ud83d\udccc <strong>Mantenha um layout flex\u00edvel<\/strong> \u2013 Escolha m\u00f3veis leves e f\u00e1ceis de mover para que o ambiente possa ser adaptado \u00e0s diferentes necessidades do dia a dia.<br>\ud83d\udccc <strong>Aposte na organiza\u00e7\u00e3o inteligente<\/strong> \u2013 Utilize nichos, gavetas ocultas e compartimentos internos para manter tudo no lugar sem comprometer a decora\u00e7\u00e3o.<br>\ud83d\udccc <strong>Equilibre o uso de cores e texturas<\/strong> \u2013 Combine tons neutros com pequenos toques de cor para criar um espa\u00e7o din\u00e2mico sem excessos.<br>\ud83d\udccc <strong>Valorize a ilumina\u00e7\u00e3o natural<\/strong> \u2013 Ambientes bem iluminados parecem maiores e mais agrad\u00e1veis, reduzindo a necessidade de muitos elementos decorativos.<\/p>\n\n\n\n<p>Essas estrat\u00e9gias garantem que <strong>seu espa\u00e7o seja visualmente bonito, pr\u00e1tico e aconchegante<\/strong> ao mesmo tempo.<\/p>\n\n\n\n<hr class=\"wp-block-separator has-alpha-channel-opacity\"\/>\n\n\n\n<h2 id='\u2714-\u00e9-poss\u00edvel-aplicar-conceitos-minimalistas-em-qualquer-tipo-de-ambiente'  class=\"wp-block-heading\"><strong>\u2714 \u00c9 poss\u00edvel aplicar conceitos minimalistas em qualquer tipo de ambiente?<\/strong><\/h2>\n\n\n\n<p>Sim! O design minimalista pode ser adaptado para <strong>qualquer espa\u00e7o<\/strong>, independentemente do tamanho ou da fun\u00e7\u00e3o do ambiente. Seja em <strong>casas, apartamentos, escrit\u00f3rios ou at\u00e9 mesmo espa\u00e7os comerciais<\/strong>, os princ\u00edpios do minimalismo garantem um ambiente <strong>organizado, bem planejado e altamente funcional<\/strong>.<\/p>\n\n\n\n<p>\u2705 <strong>Em cozinhas:<\/strong> Aposte em arm\u00e1rios embutidos, bancadas com acabamentos cont\u00ednuos e eletrodom\u00e9sticos compactos.<br>\u2705 <strong>Em salas de estar:<\/strong> Priorize m\u00f3veis vers\u00e1teis e paletas neutras para criar um espa\u00e7o leve e acolhedor.<br>\u2705 <strong>Em quartos:<\/strong> Opte por camas com gavetas embutidas e arm\u00e1rios planejados para maximizar o armazenamento.<br>\u2705 <strong>Em banheiros:<\/strong> Escolha nichos embutidos e espelhos grandes para ampliar visualmente o ambiente.<br>\u2705 <strong>Em escrit\u00f3rios:<\/strong> Mantenha apenas o essencial na mesa de trabalho e utilize prateleiras verticais para otimizar o espa\u00e7o.<\/p>\n\n\n\n<p>O conceito minimalista se adapta a <strong>diferentes estilos de vida<\/strong>, tornando qualquer ambiente <strong>mais equilibrado, organizado e convidativo<\/strong>.<\/p>\n\n\n\n<p><\/p>","protected":false},"excerpt":{"rendered":"<p>Viver em espa\u00e7os reduzidos n\u00e3o significa abrir m\u00e3o do conforto ou da personalidade. Pelo contr\u00e1rio, a arquitetura minimalista e a&#8230;<\/p>","protected":false},"author":1,"featured_media":612,"comment_status":"open","ping_status":"open","sticky":false,"template":"","format":"standard","meta":{"_kad_post_transparent":"","_kad_post_title":"","_kad_post_layout":"","_kad_post_sidebar_id":"","_kad_post_content_style":"","_kad_post_vertical_padding":"","_kad_post_feature":"","_kad_post_feature_position":"","_kad_post_header":false,"_kad_post_footer":false,"_kad_post_classname":"","footnotes":"","jetpack_publicize_message":"","jetpack_publicize_feature_enabled":true,"jetpack_social_post_already_shared":false,"jetpack_social_options":{"image_generator_settings":{"template":"highway","default_image_id":0,"font":"","enabled":false},"version":2}},"categories":[16],"tags":[13],"class_list":["post-611","post","type-post","status-publish","format-standard","has-post-thumbnail","hentry","category-casa-e-jardim","tag-minimalista"],"jetpack_publicize_connections":[],"jetpack_featured_media_url":"https:\/\/i0.wp.com\/1truenote.com\/wp-content\/uploads\/2025\/03\/Design-sem-nome-2.webp?fit=600%2C400&ssl=1","jetpack_sharing_enabled":true,"_links":{"self":[{"href":"https:\/\/1truenote.com\/en\/wp-json\/wp\/v2\/posts\/611","targetHints":{"allow":["GET"]}}],"collection":[{"href":"https:\/\/1truenote.com\/en\/wp-json\/wp\/v2\/posts"}],"about":[{"href":"https:\/\/1truenote.com\/en\/wp-json\/wp\/v2\/types\/post"}],"author":[{"embeddable":true,"href":"https:\/\/1truenote.com\/en\/wp-json\/wp\/v2\/users\/1"}],"replies":[{"embeddable":true,"href":"https:\/\/1truenote.com\/en\/wp-json\/wp\/v2\/comments?post=611"}],"version-history":[{"count":0,"href":"https:\/\/1truenote.com\/en\/wp-json\/wp\/v2\/posts\/611\/revisions"}],"wp:featuredmedia":[{"embeddable":true,"href":"https:\/\/1truenote.com\/en\/wp-json\/wp\/v2\/media\/612"}],"wp:attachment":[{"href":"https:\/\/1truenote.com\/en\/wp-json\/wp\/v2\/media?parent=611"}],"wp:term":[{"taxonomy":"category","embeddable":true,"href":"https:\/\/1truenote.com\/en\/wp-json\/wp\/v2\/categories?post=611"},{"taxonomy":"post_tag","embeddable":true,"href":"https:\/\/1truenote.com\/en\/wp-json\/wp\/v2\/tags?post=611"}],"curies":[{"name":"wp","href":"https:\/\/api.w.org\/{rel}","templated":true}]}}