{"id":602,"date":"2025-03-06T19:09:48","date_gmt":"2025-03-06T19:09:48","guid":{"rendered":"https:\/\/1truenote.com\/?p=602"},"modified":"2025-04-21T17:13:25","modified_gmt":"2025-04-21T17:13:25","slug":"solucoes-inovadoras-para-projetos-eficientes-com-aproveitamento-de-espaco-estetica-moderna-e-funcionalidade-integrada","status":"publish","type":"post","link":"https:\/\/1truenote.com\/en\/solucoes-inovadoras-para-projetos-eficientes-com-aproveitamento-de-espaco-estetica-moderna-e-funcionalidade-integrada\/","title":{"rendered":"Solu\u00e7\u00f5es inovadoras para projetos eficientes com aproveitamento de espa\u00e7o, est\u00e9tica moderna e funcionalidade integrada"},"content":{"rendered":"<h2 id='a-nova-abordagem-para-projetos-inteligentes'  class=\"wp-block-heading\"><strong>A Nova Abordagem para Projetos Inteligentes<\/strong><\/h2>\n\n\n\n<p>O conceito de projetar ambientes <strong>evoluiu al\u00e9m da simples ocupa\u00e7\u00e3o de espa\u00e7os<\/strong>. Atualmente, o grande desafio \u00e9 <strong>unir funcionalidade, est\u00e9tica e otimiza\u00e7\u00e3o de espa\u00e7o<\/strong> para criar projetos que sejam <strong>pr\u00e1ticos, sofisticados e confort\u00e1veis<\/strong>.<\/p>\n\n\n\n<p>Em um mundo onde os espa\u00e7os est\u00e3o cada vez mais reduzidos, <strong>a abordagem inteligente no design de interiores e na arquitetura se tornou essencial para garantir ambientes bem aproveitados, sem comprometer a harmonia visual<\/strong>.<\/p>\n\n\n\n<p>A nova gera\u00e7\u00e3o de projetos prioriza <strong>solu\u00e7\u00f5es inovadoras<\/strong>, que v\u00e3o desde <strong>layouts flex\u00edveis at\u00e9 tecnologias integradas<\/strong>, permitindo que cada metro quadrado seja <strong>aproveitado ao m\u00e1ximo<\/strong> sem perder o refinamento e a identidade do espa\u00e7o.<\/p>\n\n\n\n<hr class=\"wp-block-separator has-alpha-channel-opacity\"\/>\n\n\n\n<h2 id='a-import\u00e2ncia-do-aproveitamento-de-espa\u00e7o-em-projetos-contempor\u00e2neos'  class=\"wp-block-heading\"><strong>A Import\u00e2ncia do Aproveitamento de Espa\u00e7o em Projetos Contempor\u00e2neos<\/strong><\/h2>\n\n\n\n<p>Com a urbaniza\u00e7\u00e3o crescente e a demanda por im\u00f3veis compactos, <strong>o aproveitamento inteligente do espa\u00e7o tornou-se um dos fatores mais importantes no planejamento de qualquer ambiente<\/strong>. Um projeto bem estruturado permite que <strong>mesmo os menores espa\u00e7os sejam altamente funcionais e visualmente equilibrados<\/strong>.<\/p>\n\n\n\n<h3 id='principais-vantagens-de-um-espa\u00e7o-bem-aproveitado'  class=\"wp-block-heading\"><strong>Principais vantagens de um espa\u00e7o bem aproveitado:<\/strong><\/h3>\n\n\n\n<p>\u2714 <strong>Melhor circula\u00e7\u00e3o e conforto:<\/strong> Um layout otimizado evita bloqueios e melhora a fluidez do ambiente.<br>\u2714 <strong>Funcionalidade elevada:<\/strong> Cada canto do espa\u00e7o pode ser utilizado de forma eficiente, evitando \u00e1reas subutilizadas.<br>\u2714 <strong>Sensa\u00e7\u00e3o de amplitude:<\/strong> Estrat\u00e9gias como integra\u00e7\u00e3o de ambientes e uso de cores claras ajudam a criar um efeito visual mais amplo.<br>\u2714 <strong>Praticidade no dia a dia:<\/strong> Um espa\u00e7o bem planejado facilita a organiza\u00e7\u00e3o e reduz a necessidade de mudan\u00e7as constantes.<\/p>\n\n\n\n<p>\ud83d\udccc <strong>Exemplo pr\u00e1tico:<\/strong> Em apartamentos pequenos, <strong>substituir divis\u00f3rias convencionais por m\u00f3veis multifuncionais e pain\u00e9is deslizantes<\/strong> permite integrar diferentes \u00e1reas do ambiente sem comprometer a privacidade.<\/p>\n\n\n\n<p><strong>Erro comum a evitar: <\/strong>\u274c <strong>Priorizar a est\u00e9tica sem considerar a praticidade do espa\u00e7o pode resultar em um ambiente visualmente bonito, mas pouco funcional.<\/strong><\/p>\n\n\n\n<p><strong>Dica pr\u00e1tica:<\/strong> Antes de escolher m\u00f3veis e elementos decorativos, <strong>pense em como cada item contribuir\u00e1 para o aproveitamento do espa\u00e7o sem comprometer a circula\u00e7\u00e3o<\/strong>.<\/p>\n\n\n\n<hr class=\"wp-block-separator has-alpha-channel-opacity\"\/>\n\n\n\n<h2 id='como-a-funcionalidade-e-a-est\u00e9tica-podem-coexistir-harmoniosamente'  class=\"wp-block-heading\"><strong>Como a Funcionalidade e a Est\u00e9tica Podem Coexistir Harmoniosamente<\/strong><\/h2>\n\n\n\n<p>Antigamente, era comum que projetos priorizassem <strong>ou funcionalidade, ou est\u00e9tica<\/strong>. Hoje, no entanto, os dois aspectos <strong>caminham juntos<\/strong>, permitindo que um espa\u00e7o bem planejado <strong>seja tanto eficiente quanto visualmente agrad\u00e1vel<\/strong>.<\/p>\n\n\n\n<h3 id='como-unir-funcionalidade-e-est\u00e9tica-em-um-projeto-moderno'  class=\"wp-block-heading\"><strong>Como unir funcionalidade e est\u00e9tica em um projeto moderno:<\/strong><\/h3>\n\n\n\n<p>\u2714 <strong>Escolha m\u00f3veis planejados:<\/strong> Pe\u00e7as sob medida garantem que cada cent\u00edmetro do espa\u00e7o seja bem utilizado sem sobrecarga visual.<br>\u2714 <strong>Aposte em um design clean:<\/strong> Linhas simples e paletas neutras trazem sofistica\u00e7\u00e3o e ajudam a manter a leveza visual do ambiente.<br>\u2714 <strong>Ilumina\u00e7\u00e3o bem distribu\u00edda:<\/strong> A luz natural e a ilumina\u00e7\u00e3o estrat\u00e9gica valorizam tanto a est\u00e9tica quanto a sensa\u00e7\u00e3o de amplitude.<br>\u2714 <strong>Solu\u00e7\u00f5es de armazenamento inteligentes:<\/strong> Nichos embutidos, prateleiras discretas e compartimentos ocultos permitem um espa\u00e7o organizado sem comprometer o design.<\/p>\n\n\n\n<p>\ud83d\udccc <strong>Exemplo pr\u00e1tico:<\/strong> Em uma cozinha compacta, <strong>usar arm\u00e1rios com portas espelhadas e puxadores embutidos mant\u00e9m um visual sofisticado e amplia a sensa\u00e7\u00e3o de espa\u00e7o<\/strong>.<\/p>\n\n\n\n<p><strong>Erro comum a evitar: <\/strong>\u274c <strong>Criar um ambiente muito carregado visualmente com excesso de detalhes pode gerar um efeito contr\u00e1rio \u00e0 otimiza\u00e7\u00e3o e tornar o espa\u00e7o polu\u00eddo.<\/strong><\/p>\n\n\n\n<p><strong>Dica pr\u00e1tica:<\/strong> Sempre busque <strong>o equil\u00edbrio entre elementos decorativos e m\u00f3veis funcionais<\/strong>, garantindo que o design do ambiente <strong>seja elegante, mas sem comprometer o uso di\u00e1rio<\/strong>.<\/p>\n\n\n\n<hr class=\"wp-block-separator has-alpha-channel-opacity\"\/>\n\n\n\n<h2 id='tend\u00eancias-modernas-que-otimizam-espa\u00e7os-sem-comprometer-o-design'  class=\"wp-block-heading\"><strong>Tend\u00eancias Modernas que Otimizam Espa\u00e7os sem Comprometer o Design<\/strong><\/h2>\n\n\n\n<p>As novas abordagens em arquitetura e design de interiores <strong>trazem solu\u00e7\u00f5es inovadoras para criar ambientes funcionais sem perder a identidade visual<\/strong>. Algumas tend\u00eancias atuais v\u00eam sendo amplamente aplicadas em projetos inteligentes.<\/p>\n\n\n\n<h3 id='tend\u00eancias-que-transformam-espa\u00e7os-compactos'  class=\"wp-block-heading\"><strong>Tend\u00eancias que transformam espa\u00e7os compactos:<\/strong><\/h3>\n\n\n\n<p>\ud83c\udfe0 <strong>Ambientes integrados e flex\u00edveis:<\/strong> A separa\u00e7\u00e3o de espa\u00e7os por pain\u00e9is m\u00f3veis ou divis\u00f3rias retr\u00e1teis permite criar ambientes vers\u00e1teis e multifuncionais.<\/p>\n\n\n\n<p>\ud83d\udd32 <strong>M\u00f3veis modulares e multifuncionais:<\/strong> Sof\u00e1s que viram camas, mesas dobr\u00e1veis e bancadas retr\u00e1teis otimizam a utiliza\u00e7\u00e3o do espa\u00e7o.<\/p>\n\n\n\n<p>\ud83d\udca1 <strong>Tecnologia e automa\u00e7\u00e3o residencial:<\/strong> Sistemas de ilumina\u00e7\u00e3o inteligente, tomadas embutidas e controle por voz tornam os ambientes mais pr\u00e1ticos e eficientes.<\/p>\n\n\n\n<p>\ud83c\udfad <strong>Uso estrat\u00e9gico de cores e materiais:<\/strong> Paletas neutras e revestimentos cont\u00ednuos ajudam a criar um ambiente visualmente amplo, sem perder a sofistica\u00e7\u00e3o.<\/p>\n\n\n\n<p>\ud83d\udce6 <strong>Armazenamento inteligente e embutido:<\/strong> Arm\u00e1rios planejados at\u00e9 o teto e compartimentos escondidos permitem manter o ambiente sempre organizado.<\/p>\n\n\n\n<p>\ud83d\udccc <strong>Exemplo pr\u00e1tico:<\/strong> Em projetos modernos, <strong>pain\u00e9is deslizantes substituem paredes convencionais, permitindo integrar ou separar ambientes conforme a necessidade do usu\u00e1rio<\/strong>.<\/p>\n\n\n\n<p><strong>Erro comum a evitar: <\/strong>\u274c <strong>Aplicar tend\u00eancias sem considerar a necessidade real do espa\u00e7o pode resultar em solu\u00e7\u00f5es pouco funcionais ou desconfort\u00e1veis.<\/strong><\/p>\n\n\n\n<p><strong>Dica pr\u00e1tica:<\/strong> Ao incorporar tend\u00eancias modernas no seu projeto, <strong>certifique-se de que elas realmente contribuem para a praticidade e usabilidade do espa\u00e7o<\/strong>.<\/p>\n\n\n\n<hr class=\"wp-block-separator has-alpha-channel-opacity\"\/>\n\n\n\n<p>Os projetos inteligentes <strong>mudaram a forma como os espa\u00e7os s\u00e3o planejados<\/strong>, trazendo solu\u00e7\u00f5es que unem <strong>funcionalidade, est\u00e9tica e inova\u00e7\u00e3o<\/strong>.<\/p>\n\n\n\n<p>\u2714 <strong>Aproveitamento inteligente do espa\u00e7o melhora a circula\u00e7\u00e3o, a organiza\u00e7\u00e3o e o conforto.<\/strong><br>\u2714 <strong>Funcionalidade e est\u00e9tica podem coexistir quando h\u00e1 um planejamento estrat\u00e9gico do design.<\/strong><br>\u2714 <strong>Tend\u00eancias modernas oferecem novas possibilidades para otimizar espa\u00e7os sem comprometer o visual.<\/strong><\/p>\n\n\n\n<p>Com essas estrat\u00e9gias, qualquer ambiente <strong>pode se tornar mais eficiente, sofisticado e adapt\u00e1vel \u00e0s necessidades do dia a dia<\/strong>, garantindo um projeto bem estruturado e inovador.<\/p>\n\n\n\n<hr class=\"wp-block-separator has-alpha-channel-opacity\"\/>\n\n\n\n<h2 id='estrat\u00e9gias-para-um-melhor-aproveitamento-de-espa\u00e7o'  class=\"wp-block-heading\"><strong>Estrat\u00e9gias para um Melhor Aproveitamento de Espa\u00e7o<\/strong><\/h2>\n\n\n\n<p>O aproveitamento eficiente do espa\u00e7o <strong>n\u00e3o \u00e9 apenas uma quest\u00e3o de metragem, mas sim de planejamento inteligente<\/strong>. Ambientes bem-organizados <strong>oferecem mais conforto, praticidade e funcionalidade<\/strong>, independentemente do tamanho.<\/p>\n\n\n\n<p>Hoje, com a crescente demanda por espa\u00e7os compactos, <strong>estrat\u00e9gias inovadoras s\u00e3o essenciais para transformar cada metro quadrado em uma solu\u00e7\u00e3o funcional e estilosa<\/strong>.<\/p>\n\n\n\n<p>Seja em apartamentos pequenos ou em ambientes multifuncionais, <strong>o uso de layouts flex\u00edveis, m\u00f3veis planejados e integra\u00e7\u00e3o de ambientes s\u00e3o as chaves para um espa\u00e7o mais fluido e eficiente<\/strong>.<\/p>\n\n\n\n<hr class=\"wp-block-separator has-alpha-channel-opacity\"\/>\n\n\n\n<h2 id='uso-de-layouts-flex\u00edveis-e-adapt\u00e1veis-para-diferentes-necessidades'  class=\"wp-block-heading\"><strong>Uso de Layouts Flex\u00edveis e Adapt\u00e1veis para Diferentes Necessidades<\/strong><\/h2>\n\n\n\n<p>Um bom layout <strong>n\u00e3o apenas otimiza a circula\u00e7\u00e3o, mas tamb\u00e9m permite que o espa\u00e7o se adapte \u00e0s diferentes necessidades do dia a dia<\/strong>.<\/p>\n\n\n\n<p>Os layouts flex\u00edveis <strong>tornam os ambientes mais din\u00e2micos, proporcionando conforto e funcionalidade<\/strong> sem comprometer a est\u00e9tica.<\/p>\n\n\n\n<h3 id='como-criar-um-layout-flex\u00edvel-e-otimizado'  class=\"wp-block-heading\"><strong>Como criar um layout flex\u00edvel e otimizado:<\/strong><\/h3>\n\n\n\n<p>\u2714 <strong>M\u00f3veis modulares:<\/strong> Pe\u00e7as que podem ser reorganizadas e ajustadas conforme a necessidade.<br>\u2714 <strong>Espa\u00e7os multifuncionais:<\/strong> Um \u00fanico ambiente pode desempenhar diferentes fun\u00e7\u00f5es ao longo do dia.<br>\u2714 <strong>Paredes m\u00f3veis e divis\u00f3rias retr\u00e1teis:<\/strong> Permitem separar ou integrar ambientes conforme o momento.<br>\u2714 <strong>Posicionamento inteligente dos m\u00f3veis:<\/strong> Melhor distribui\u00e7\u00e3o dos elementos evita bloqueios na circula\u00e7\u00e3o.<\/p>\n\n\n\n<p>\ud83d\udccc<\/p>\n\n\n\n<p>&nbsp;<strong>Exemplo pr\u00e1tico:<\/strong> Em um est\u00fadio compacto, um painel deslizante pode <strong>separar o quarto da sala quando necess\u00e1rio<\/strong>, criando privacidade sem comprometer o espa\u00e7o.<\/p>\n\n\n\n<p><strong>Erro comum a evitar: <\/strong>\u274c <strong>Posicionar m\u00f3veis de forma est\u00e1tica e inflex\u00edvel pode limitar o uso do ambiente e reduzir a funcionalidade.<\/strong><\/p>\n\n\n\n<p><strong>Dica pr\u00e1tica:<\/strong> Ao planejar o layout, <strong>pense em como os m\u00f3veis e objetos podem ser reorganizados para atender diferentes situa\u00e7\u00f5es e necessidades<\/strong>.<\/p>\n\n\n\n<hr class=\"wp-block-separator has-alpha-channel-opacity\"\/>\n\n\n\n<h2 id='m\u00f3veis-multifuncionais-e-planejados-para-maximizar-cada-metro-quadrado'  class=\"wp-block-heading\"><strong>M\u00f3veis Multifuncionais e Planejados para Maximizar Cada Metro Quadrado<\/strong><\/h2>\n\n\n\n<p>A escolha dos m\u00f3veis <strong>tem um impacto direto na otimiza\u00e7\u00e3o do espa\u00e7o<\/strong>. Quanto mais funcionais forem as pe\u00e7as, <strong>maior ser\u00e1 a capacidade de aproveitar cada canto do ambiente<\/strong> sem comprometer a est\u00e9tica.<\/p>\n\n\n\n<p>Os m\u00f3veis multifuncionais <strong>permitem que um \u00fanico item desempenhe diversas fun\u00e7\u00f5es<\/strong>, evitando o excesso de pe\u00e7as e tornando o espa\u00e7o mais fluido.<\/p>\n\n\n\n<h3 id='solu\u00e7\u00f5es-de-m\u00f3veis-inteligentes-para-espa\u00e7os-compactos'  class=\"wp-block-heading\"><strong>Solu\u00e7\u00f5es de m\u00f3veis inteligentes para espa\u00e7os compactos:<\/strong><\/h3>\n\n\n\n<p>\ud83d\udecf <strong>Camas com gavetas ou embutidas:<\/strong> Oferecem armazenamento extra sem ocupar espa\u00e7o adicional.<br>\ud83d\udecb <strong>Sof\u00e1s-camas ou retr\u00e1teis:<\/strong> Transformam-se conforme a necessidade, otimizando o uso do ambiente.<br>\ud83d\udce6 <strong>Mesas dobr\u00e1veis ou expans\u00edveis:<\/strong> Ideais para cozinhas e home offices compactos.<br>\ud83d\udeaa <strong>Arm\u00e1rios embutidos e modulares:<\/strong> Adaptam-se ao espa\u00e7o dispon\u00edvel, eliminando \u00e1reas desperdi\u00e7adas.<br>\ud83d\udd32 <strong>Bancos e pufes com compartimentos internos:<\/strong> Perfeitos para armazenar itens sem comprometer a decora\u00e7\u00e3o.<\/p>\n\n\n\n<p>\ud83d\udccc <strong>Exemplo pr\u00e1tico:<\/strong> Uma mesa dobr\u00e1vel na parede <strong>pode ser utilizada como espa\u00e7o de trabalho durante o dia e recolhida quando n\u00e3o estiver em uso, liberando mais \u00e1rea \u00fatil<\/strong>.<\/p>\n\n\n\n<p><strong>Erro comum a evitar: <\/strong>\u274c <strong>Escolher m\u00f3veis apenas pela est\u00e9tica sem considerar sua funcionalidade pode gerar um ambiente bonito, mas pouco pr\u00e1tico.<\/strong><\/p>\n\n\n\n<p><strong>Dica pr\u00e1tica:<\/strong> Opte por <strong>m\u00f3veis que ofere\u00e7am mais de uma fun\u00e7\u00e3o e que otimizem o armazenamento sem comprometer a circula\u00e7\u00e3o<\/strong>.<\/p>\n\n\n\n<hr class=\"wp-block-separator has-alpha-channel-opacity\"\/>\n\n\n\n<h2 id='integra\u00e7\u00e3o-de-ambientes-para-criar-espa\u00e7os-mais-fluidos-e-din\u00e2micos'  class=\"wp-block-heading\"><strong>Integra\u00e7\u00e3o de Ambientes para Criar Espa\u00e7os Mais Fluidos e Din\u00e2micos<\/strong><\/h2>\n\n\n\n<p>Ambientes integrados <strong>s\u00e3o uma solu\u00e7\u00e3o eficaz para criar uma sensa\u00e7\u00e3o de amplitude e melhorar a funcionalidade do espa\u00e7o<\/strong>.<\/p>\n\n\n\n<p>A integra\u00e7\u00e3o <strong>permite que os ambientes conversem entre si, eliminando barreiras f\u00edsicas que limitam a circula\u00e7\u00e3o e o aproveitamento do espa\u00e7o<\/strong>.<\/p>\n\n\n\n<h3 id='como-integrar-ambientes-de-forma-eficiente'  class=\"wp-block-heading\"><strong>Como integrar ambientes de forma eficiente:<\/strong><\/h3>\n\n\n\n<p>\u2714 <strong>Cozinha e sala de estar conjugadas:<\/strong> Elimina barreiras desnecess\u00e1rias e amplia o espa\u00e7o.<br>\u2714 <strong>Uso de pain\u00e9is ou divis\u00f3rias de vidro:<\/strong> Mant\u00e9m a sensa\u00e7\u00e3o de integra\u00e7\u00e3o sem perder privacidade.<br>\u2714 <strong>M\u00f3veis que delimitam espa\u00e7os sem paredes:<\/strong> Um sof\u00e1 ou estante pode separar ambientes sem necessidade de divis\u00f3rias fixas.<br>\u2714 <strong>Cores e materiais uniformes:<\/strong> Criam continuidade visual e aumentam a percep\u00e7\u00e3o de fluidez.<\/p>\n\n\n\n<p>\ud83d\udccc <strong>Exemplo pr\u00e1tico:<\/strong> Uma bancada americana entre a cozinha e a sala <strong>substitui uma parede tradicional, permitindo mais intera\u00e7\u00e3o e otimizando o espa\u00e7o<\/strong>.<\/p>\n\n\n\n<p><strong>Erro comum a evitar: <\/strong>\u274c <strong>Integrar ambientes sem planejamento pode causar polui\u00e7\u00e3o visual e confus\u00e3o funcional.<\/strong><\/p>\n\n\n\n<p><strong>Dica pr\u00e1tica:<\/strong> Antes de remover paredes ou integrar espa\u00e7os, <strong>pense em como cada \u00e1rea ser\u00e1 utilizada e quais solu\u00e7\u00f5es melhores atendem \u00e0s necessidades do dia a dia<\/strong>.<\/p>\n\n\n\n<hr class=\"wp-block-separator has-alpha-channel-opacity\"\/>\n\n\n\n<p>Criar um espa\u00e7o bem aproveitado <strong>n\u00e3o significa apenas encaixar m\u00f3veis, mas sim planejar um ambiente que seja pr\u00e1tico, bonito e eficiente<\/strong>.<\/p>\n\n\n\n<p>\u2714 <strong>Layouts flex\u00edveis garantem que o espa\u00e7o possa ser adaptado conforme a necessidade.<\/strong><br>\u2714 <strong>M\u00f3veis multifuncionais e planejados maximizam o aproveitamento de cada metro quadrado.<\/strong><br>\u2714 <strong>A integra\u00e7\u00e3o de ambientes torna os espa\u00e7os mais fluidos, din\u00e2micos e funcionais.<\/strong><\/p>\n\n\n\n<p>Com essas estrat\u00e9gias, <strong>qualquer ambiente pode ser transformado em um espa\u00e7o altamente eficiente, confort\u00e1vel e harmonioso<\/strong>, garantindo mais qualidade de vida e bem-estar no dia a dia.<\/p>\n\n\n\n<hr class=\"wp-block-separator has-alpha-channel-opacity\"\/>\n\n\n\n<h2 id='est\u00e9tica-moderna-como-criar-ambientes-sofisticados-e-atemporais'  class=\"wp-block-heading\"><strong>Est\u00e9tica Moderna: Como Criar Ambientes Sofisticados e Atemporais<\/strong><\/h2>\n\n\n\n<p>Criar um ambiente sofisticado e atemporal <strong>vai al\u00e9m de seguir tend\u00eancias passageiras<\/strong>. Um projeto bem planejado <strong>combina est\u00e9tica, funcionalidade e identidade<\/strong>, garantindo um espa\u00e7o elegante, equilibrado e adapt\u00e1vel ao longo do tempo.<\/p>\n\n\n\n<p>No design moderno, <strong>as cores, texturas, materiais e ilumina\u00e7\u00e3o desempenham um papel fundamental<\/strong>, permitindo que um ambiente <strong>seja visualmente sofisticado, sem abrir m\u00e3o da praticidade e do conforto<\/strong>.<\/p>\n\n\n\n<p>Ao unir <strong>minimalismo e personaliza\u00e7\u00e3o<\/strong>, o resultado \u00e9 um espa\u00e7o <strong>sofisticado, convidativo e com identidade \u00fanica<\/strong>.<\/p>\n\n\n\n<hr class=\"wp-block-separator has-alpha-channel-opacity\"\/>\n\n\n\n<h2 id='a-influ\u00eancia-das-cores-texturas-e-materiais-no-design-moderno'  class=\"wp-block-heading\"><strong>A Influ\u00eancia das Cores, Texturas e Materiais no Design Moderno<\/strong><\/h2>\n\n\n\n<p>A escolha de <strong>cores, texturas e materiais<\/strong> define a atmosfera do ambiente e <strong>impacta diretamente na percep\u00e7\u00e3o do espa\u00e7o<\/strong>. Combina\u00e7\u00f5es estrat\u00e9gicas <strong>valorizam a est\u00e9tica e refor\u00e7am a sensa\u00e7\u00e3o de aconchego e eleg\u00e2ncia<\/strong>.<\/p>\n\n\n\n<h3 id='como-utilizar-cores-no-design-moderno'  class=\"wp-block-heading\"><strong>Como utilizar cores no design moderno:<\/strong><\/h3>\n\n\n\n<p>\u2714 <strong>Paleta neutra como base:<\/strong> Tons como branco, cinza, bege e off-White criam um fundo elegante e vers\u00e1til.<br>\u2714 <strong>Pontos de cor para contrastar:<\/strong> Azul, verde, terracota e preto podem ser usados em detalhes como almofadas, m\u00f3veis e acess\u00f3rios.<br>\u2714 <strong>Cores que ampliam o ambiente:<\/strong> Tons claros refletem a luz e criam uma sensa\u00e7\u00e3o de espa\u00e7o maior e mais arejado.<br>\u2714 <strong>Combina\u00e7\u00e3o monocrom\u00e1tica:<\/strong> Varia\u00e7\u00f5es sutis de uma mesma cor trazem sofistica\u00e7\u00e3o e profundidade ao ambiente.<\/p>\n\n\n\n<hr class=\"wp-block-separator has-alpha-channel-opacity\"\/>\n\n\n\n<h2 id='o-impacto-das-texturas-na-est\u00e9tica-moderna'  class=\"wp-block-heading\"><strong>O impacto das texturas na est\u00e9tica moderna:<\/strong><\/h2>\n\n\n\n<p>\ud83c\udfad <strong>Superf\u00edcies foscas e acetinadas:<\/strong> Criam um efeito discreto e sofisticado sem reflexos excessivos.<br>\ud83d\udecb <strong>Tecidos naturais e aconchegantes:<\/strong> Linho, algod\u00e3o e veludo trazem conforto e eleg\u00e2ncia ao espa\u00e7o.<br>\ud83c\udf3f <strong>Elementos naturais:<\/strong> Madeira, pedra e cer\u00e2mica adicionam sofistica\u00e7\u00e3o e uma est\u00e9tica atemporal.<br>\ud83d\udd33 <strong>Materiais met\u00e1licos:<\/strong> Detalhes em dourado, cobre ou a\u00e7o escovado conferem um toque contempor\u00e2neo sem exageros.<\/p>\n\n\n\n<p>\ud83d\udccc <strong>Exemplo pr\u00e1tico:<\/strong> Uma sala moderna pode ter <strong>paredes em tons neutros, um sof\u00e1 de linho claro, um tapete de textura suave e detalhes met\u00e1licos em lumin\u00e1rias e puxadores<\/strong>, criando um ambiente sofisticado sem excessos.<\/p>\n\n\n\n<p><strong>Erro comum a evitar: <\/strong>\u274c <strong>Usar muitas texturas e materiais conflitantes pode gerar um ambiente visualmente carregado.<\/strong><\/p>\n\n\n\n<p><strong>Dica pr\u00e1tica:<\/strong> Escolha <strong>no m\u00e1ximo tr\u00eas texturas principais<\/strong> para garantir equil\u00edbrio e harmonia na composi\u00e7\u00e3o do ambiente.<\/p>\n\n\n\n<hr class=\"wp-block-separator has-alpha-channel-opacity\"\/>\n\n\n\n<h2 id='equil\u00edbrio-entre-minimalismo-e-personaliza\u00e7\u00e3o-no-projeto'  class=\"wp-block-heading\"><strong>Equil\u00edbrio entre Minimalismo e Personaliza\u00e7\u00e3o no Projeto<\/strong><\/h2>\n\n\n\n<p>O design moderno <strong>valoriza o equil\u00edbrio entre minimalismo e personaliza\u00e7\u00e3o<\/strong>, criando um espa\u00e7o elegante e funcional sem perder a identidade do morador.<\/p>\n\n\n\n<h3 id='como-criar-um-ambiente-moderno-e-personalizado'  class=\"wp-block-heading\"><strong>Como criar um ambiente moderno e personalizado:<\/strong><\/h3>\n\n\n\n<p>\u2714 <strong>Mantenha linhas limpas e layout organizado:<\/strong> O excesso de elementos pode comprometer a leveza visual.<br>\u2714 <strong>Escolha poucos itens decorativos, mas com significado:<\/strong> Quadros, livros e esculturas podem refletir o estilo pessoal sem poluir o ambiente.<br>\u2714 <strong>Use m\u00f3veis vers\u00e1teis e bem planejados:<\/strong> Pe\u00e7as atemporais garantem praticidade e sofistica\u00e7\u00e3o a longo prazo.<br>\u2714 <strong>Aposte na personaliza\u00e7\u00e3o sutil:<\/strong> Almofadas, tapetes, cortinas e objetos de arte podem trazer personalidade sem comprometer a est\u00e9tica moderna.<\/p>\n\n\n\n<p>\ud83d\udccc <strong>Exemplo pr\u00e1tico:<\/strong> Em um quarto moderno, a personaliza\u00e7\u00e3o pode estar nos <strong>tons suaves da roupa de cama, nos quadros de arte abstrata e em uma poltrona confort\u00e1vel de design sofisticado<\/strong>.<\/p>\n\n\n\n<p><strong>Erro comum a evitar: <\/strong>\u274c <strong>Confundir minimalismo com um ambiente frio e sem identidade.<\/strong><\/p>\n\n\n\n<p><strong>Dica pr\u00e1tica:<\/strong> Priorize elementos <strong>que tenham significado e complementem a est\u00e9tica moderna<\/strong>, sem criar um espa\u00e7o mon\u00f3tono.<\/p>\n\n\n\n<hr class=\"wp-block-separator has-alpha-channel-opacity\"\/>\n\n\n\n<h2 id='ilumina\u00e7\u00e3o-estrat\u00e9gica-para-real\u00e7ar-a-est\u00e9tica-e-a-funcionalidade-do-ambiente'  class=\"wp-block-heading\"><strong>Ilumina\u00e7\u00e3o Estrat\u00e9gica para Real\u00e7ar a Est\u00e9tica e a Funcionalidade do Ambiente<\/strong><\/h2>\n\n\n\n<p>A ilumina\u00e7\u00e3o \u00e9 <strong>um dos elementos mais importantes no design moderno<\/strong>, pois <strong>valoriza as cores, os materiais e a disposi\u00e7\u00e3o dos m\u00f3veis<\/strong>, al\u00e9m de influenciar no conforto visual e na sensa\u00e7\u00e3o de amplitude.<\/p>\n\n\n\n<h3 id='tipos-de-ilumina\u00e7\u00e3o-essenciais-para-um-ambiente-moderno'  class=\"wp-block-heading\"><strong>Tipos de ilumina\u00e7\u00e3o essenciais para um ambiente moderno:<\/strong><\/h3>\n\n\n\n<p>\ud83d\udca1 <strong>Ilumina\u00e7\u00e3o difusa:<\/strong> Lumin\u00e1rias embutidas ou de trilho garantem uma distribui\u00e7\u00e3o uniforme da luz sem criar sombras marcadas.<br>\ud83c\udfad <strong>Luzes indiretas:<\/strong> Fitas de LED em prateleiras, nichos ou sancas trazem um efeito sofisticado e aconchegante.<br>\ud83d\udecb <strong>Lumin\u00e1rias decorativas:<\/strong> Pendentes, abajures e arandelas adicionam um toque de personalidade ao ambiente.<br>\ud83d\udd06 <strong>Luz quente para conforto, luz fria para funcionalidade:<\/strong> Ilumina\u00e7\u00e3o quente (amarelada) \u00e9 ideal para salas e quartos, enquanto a fria (branca) funciona melhor em cozinhas e escrit\u00f3rios.<\/p>\n\n\n\n<p>\ud83d\udccc <strong>Exemplo pr\u00e1tico:<\/strong> Na sala de estar, combinar <strong>um trilho de ilumina\u00e7\u00e3o com luz indireta atr\u00e1s da TV e uma lumin\u00e1ria de piso ao lado do sof\u00e1<\/strong> cria um ambiente elegante e acolhedor.<\/p>\n\n\n\n<p><strong>Erro comum a evitar: <\/strong>\u274c <strong>Exagerar no uso de ilumina\u00e7\u00e3o fria em ambientes de descanso pode tornar o espa\u00e7o menos aconchegante.<\/strong><\/p>\n\n\n\n<p><strong>Dica pr\u00e1tica:<\/strong> Prefira <strong>luzes regul\u00e1veis e diferentes tipos de ilumina\u00e7\u00e3o<\/strong> para criar camadas de luz conforme a necessidade do espa\u00e7o.<\/p>\n\n\n\n<hr class=\"wp-block-separator has-alpha-channel-opacity\"\/>\n\n\n\n<p>Criar um ambiente sofisticado e atemporal <strong>depende do equil\u00edbrio entre est\u00e9tica, funcionalidade e identidade<\/strong>. O design moderno <strong>n\u00e3o \u00e9 apenas sobre beleza visual, mas tamb\u00e9m sobre conforto e efici\u00eancia no dia a dia<\/strong>.<\/p>\n\n\n\n<p>\u2714 <strong>Cores, texturas e materiais bem escolhidos criam profundidade e sofistica\u00e7\u00e3o no ambiente.<\/strong><br>\u2714 <strong>O equil\u00edbrio entre minimalismo e personaliza\u00e7\u00e3o garante um espa\u00e7o elegante e com identidade.<\/strong><br>\u2714 <strong>Uma ilumina\u00e7\u00e3o bem planejada real\u00e7a a est\u00e9tica e melhora a funcionalidade do ambiente.<\/strong><\/p>\n\n\n\n<p>Com essas estrat\u00e9gias, qualquer espa\u00e7o pode ser transformado em <strong>um ambiente sofisticado, moderno e adapt\u00e1vel ao longo do tempo<\/strong>, garantindo funcionalidade e beleza em perfeita harmonia.<\/p>\n\n\n\n<hr class=\"wp-block-separator has-alpha-channel-opacity\"\/>\n\n\n\n<h2 id='funcionalidade-integrada-projetos-que-facilitam-o-dia-a-dia'  class=\"wp-block-heading\"><strong>Funcionalidade Integrada: Projetos que Facilitam o Dia a Dia<\/strong><\/h2>\n\n\n\n<p>A funcionalidade de um espa\u00e7o vai muito al\u00e9m da disposi\u00e7\u00e3o dos m\u00f3veis e da est\u00e9tica. <strong>Projetos bem planejados transformam ambientes em locais eficientes e intuitivos, facilitando a rotina e otimizando cada metro quadrado<\/strong>.<\/p>\n\n\n\n<p>Com a evolu\u00e7\u00e3o da tecnologia e do design inteligente, <strong>\u00e9 poss\u00edvel integrar automa\u00e7\u00e3o, organiza\u00e7\u00e3o e solu\u00e7\u00f5es compactas para garantir um espa\u00e7o funcional sem abrir m\u00e3o do conforto<\/strong>.<\/p>\n\n\n\n<p>Seja em apartamentos pequenos, escrit\u00f3rios ou casas modernas, <strong>a funcionalidade integrada \u00e9 o segredo para um ambiente mais fluido, pr\u00e1tico e agrad\u00e1vel<\/strong>.<\/p>\n\n\n\n<hr class=\"wp-block-separator has-alpha-channel-opacity\"\/>\n\n\n\n<h2 id='tecnologia-e-automa\u00e7\u00e3o-para-melhorar-o-uso-do-espa\u00e7o'  class=\"wp-block-heading\"><strong>Tecnologia e Automa\u00e7\u00e3o para Melhorar o Uso do Espa\u00e7o<\/strong><\/h2>\n\n\n\n<p>A tecnologia est\u00e1 cada vez mais presente no design de interiores, <strong>tornando os ambientes mais intuitivos, eficientes e adapt\u00e1veis \u00e0s necessidades do dia a dia<\/strong>.<\/p>\n\n\n\n<h3 id='como-a-automa\u00e7\u00e3o-pode-otimizar-a-funcionalidade-do-espa\u00e7o'  class=\"wp-block-heading\"><strong>Como a automa\u00e7\u00e3o pode otimizar a funcionalidade do espa\u00e7o:<\/strong><\/h3>\n\n\n\n<p>\u2714 <strong>Ilumina\u00e7\u00e3o inteligente:<\/strong> Sistemas que ajustam a intensidade da luz conforme o hor\u00e1rio e a atividade realizada.<br>\u2714 <strong>Cortinas e persianas automatizadas:<\/strong> Controlam a entrada de luz natural, melhorando o conforto t\u00e9rmico e visual.<br>\u2714 <strong>Eletrodom\u00e9sticos conectados:<\/strong> Geladeiras, fornos e m\u00e1quinas de lavar que podem ser controlados pelo celular, otimizando tempo e consumo de energia.<br>\u2714 <strong>Tomadas e interruptores inteligentes:<\/strong> Permitem ligar e desligar dispositivos remotamente, melhorando a seguran\u00e7a e a efici\u00eancia energ\u00e9tica.<br>\u2714 <strong>Ar-condicionado e aquecimento automatizados:<\/strong> Ajustam a temperatura ideal para cada momento do dia.<\/p>\n\n\n\n<p>\ud83d\udccc <strong>Exemplo pr\u00e1tico:<\/strong> Em um home office compacto, <strong>l\u00e2mpadas inteligentes ajustam a temperatura da luz para criar um ambiente produtivo durante o dia e mais aconchegante \u00e0 noite<\/strong>.<\/p>\n\n\n\n<p><strong>Erro comum a evitar: <\/strong>\u274c <strong>Investir em tecnologia sem um planejamento integrado pode resultar em automa\u00e7\u00e3o pouco funcional ou desnecess\u00e1ria.<\/strong><\/p>\n\n\n\n<p><strong>Dica pr\u00e1tica:<\/strong> Priorize <strong>solu\u00e7\u00f5es que realmente facilitem a rotina e tragam conforto ao ambiente<\/strong>, evitando excessos que n\u00e3o agregam funcionalidade real.<\/p>\n\n\n\n<hr class=\"wp-block-separator has-alpha-channel-opacity\"\/>\n\n\n\n<h2 id='organiza\u00e7\u00e3o-inteligente-para-manter-o-ambiente-pr\u00e1tico-e-eficiente'  class=\"wp-block-heading\"><strong>Organiza\u00e7\u00e3o Inteligente para Manter o Ambiente Pr\u00e1tico e Eficiente<\/strong><\/h2>\n\n\n\n<p>Um espa\u00e7o funcional <strong>precisa ser bem-organizado para que todos os elementos cumpram seu papel sem comprometer a circula\u00e7\u00e3o e a harmonia visual<\/strong>.<\/p>\n\n\n\n<h3 id='estrat\u00e9gias-de-organiza\u00e7\u00e3o-inteligente-para-um-espa\u00e7o-eficiente'  class=\"wp-block-heading\"><strong>Estrat\u00e9gias de organiza\u00e7\u00e3o inteligente para um espa\u00e7o eficiente:<\/strong><\/h3>\n\n\n\n<p>\ud83d\udce6 <strong>Solu\u00e7\u00f5es de armazenamento embutidas:<\/strong> Arm\u00e1rios planejados, prateleiras internas e nichos ocultos aproveitam melhor o espa\u00e7o sem poluir o visual.<br>\ud83d\udd04 <strong>M\u00f3veis vers\u00e1teis e adapt\u00e1veis:<\/strong> Sof\u00e1s com compartimentos internos, mesas dobr\u00e1veis e camas retr\u00e1teis ajudam a manter a organiza\u00e7\u00e3o.<br>\ud83d\udeaa <strong>Portas de correr e divis\u00f3rias deslizantes:<\/strong> Otimizam o layout sem ocupar \u00e1reas desnecess\u00e1rias.<br>\ud83c\udfad <strong>Setoriza\u00e7\u00e3o do ambiente:<\/strong> Criar &#8220;\u00e1reas funcionais&#8221; dentro de um mesmo c\u00f4modo evita bagun\u00e7a e melhora a praticidade.<br>\ud83d\udcc2 <strong>Organizadores modulares e compartimentos ocultos:<\/strong> Mant\u00eam itens essenciais ao alcance sem comprometer a est\u00e9tica.<\/p>\n\n\n\n<p>\ud83d\udccc <strong>Exemplo pr\u00e1tico:<\/strong> Em uma cozinha pequena, <strong>gavet\u00f5es organizadores e prateleiras ajust\u00e1veis otimizam o espa\u00e7o e facilitam o acesso a utens\u00edlios do dia a dia<\/strong>.<\/p>\n\n\n\n<p><strong>Erro comum a evitar: <\/strong>\u274c <strong>Superlotar arm\u00e1rios e gavetas pode comprometer a acessibilidade e dificultar a manuten\u00e7\u00e3o da organiza\u00e7\u00e3o.<\/strong><\/p>\n\n\n\n<p><strong>Dica pr\u00e1tica:<\/strong> Adote o conceito de <strong>\u201cum entra, um sai\u201d<\/strong> \u2013 sempre que um novo item for adicionado ao ambiente, avalie se outro pode ser removido para evitar ac\u00famulo.<\/p>\n\n\n\n<hr class=\"wp-block-separator has-alpha-channel-opacity\"\/>\n\n\n\n<h2 id='como-planejar-espa\u00e7os-compactos-sem-comprometer-o-conforto'  class=\"wp-block-heading\"><strong>Como Planejar Espa\u00e7os Compactos sem Comprometer o Conforto<\/strong><\/h2>\n\n\n\n<p>Funcionalidade n\u00e3o deve ser sin\u00f4nimo de rigidez. <strong>Mesmo em espa\u00e7os pequenos, \u00e9 poss\u00edvel garantir conforto e bem-estar por meio de escolhas estrat\u00e9gicas<\/strong>.<\/p>\n\n\n\n<h3 id='elementos-essenciais-para-um-espa\u00e7o-compacto-e-confort\u00e1vel'  class=\"wp-block-heading\"><strong>Elementos essenciais para um espa\u00e7o compacto e confort\u00e1vel:<\/strong><\/h3>\n\n\n\n<p>\u2714 <strong>Layout bem definido:<\/strong> A disposi\u00e7\u00e3o dos m\u00f3veis deve priorizar a fluidez da circula\u00e7\u00e3o.<br>\u2714 <strong>Uso inteligente de cores e ilumina\u00e7\u00e3o:<\/strong> Tons claros ampliam o ambiente, enquanto uma boa ilumina\u00e7\u00e3o cria aconchego.<br>\u2714 <strong>M\u00f3veis ergon\u00f4micos:<\/strong> Cadeiras confort\u00e1veis, sof\u00e1s bem estruturados e camas de qualidade fazem toda a diferen\u00e7a no dia a dia.<br>\u2714 <strong>Isolamento ac\u00fastico e t\u00e9rmico:<\/strong> Cortinas, tapetes e revestimentos ajudam a manter o ambiente agrad\u00e1vel.<br>\u2714 <strong>Ambientes multiuso:<\/strong> Um mesmo espa\u00e7o pode ter diferentes fun\u00e7\u00f5es sem comprometer o conforto.<\/p>\n\n\n\n<p>\ud83d\udccc <strong>Exemplo pr\u00e1tico:<\/strong> Em um est\u00fadio compacto, <strong>uma cama embutida na parede libera espa\u00e7o durante o dia, transformando o quarto em uma \u00e1rea de conviv\u00eancia confort\u00e1vel<\/strong>.<\/p>\n\n\n\n<p><strong>Erro comum a evitar: <\/strong>\u274c <strong>Exagerar na otimiza\u00e7\u00e3o do espa\u00e7o e deixar o ambiente frio e impessoal.<\/strong><\/p>\n\n\n\n<p><strong>Dica pr\u00e1tica:<\/strong> Mesmo em espa\u00e7os minimalistas, <strong>toques de personalidade como almofadas, plantas e ilumina\u00e7\u00e3o indireta tornam o ambiente mais acolhedor e equilibrado<\/strong>.<\/p>\n\n\n\n<hr class=\"wp-block-separator has-alpha-channel-opacity\"\/>\n\n\n\n<p>A funcionalidade integrada <strong>\u00e9 essencial para transformar qualquer espa\u00e7o em um ambiente pr\u00e1tico, confort\u00e1vel e sofisticado<\/strong>.<\/p>\n\n\n\n<p>\u2714 <strong>Automa\u00e7\u00e3o e tecnologia tornam o dia a dia mais eficiente e intuitivo.<\/strong><br>\u2714 <strong>A organiza\u00e7\u00e3o inteligente mant\u00e9m o ambiente sempre funcional e harmonioso.<\/strong><br>\u2714 <strong>Mesmo em espa\u00e7os compactos, \u00e9 poss\u00edvel garantir conforto com escolhas estrat\u00e9gicas.<\/strong><\/p>\n\n\n\n<p>Com essas solu\u00e7\u00f5es, <strong>seu ambiente pode se tornar mais funcional, bonito e adapt\u00e1vel \u00e0s necessidades do cotidiano<\/strong>, garantindo mais bem-estar e praticidade sem comprometer a est\u00e9tica.<\/p>\n\n\n\n<hr class=\"wp-block-separator has-alpha-channel-opacity\"\/>\n\n\n\n<h2 id='materiais-e-acabamentos-para-projetos-dur\u00e1veis-e-sofisticados'  class=\"wp-block-heading\"><strong>Materiais e Acabamentos para Projetos Dur\u00e1veis e Sofisticados<\/strong><\/h2>\n\n\n\n<p>A escolha dos materiais e acabamentos <strong>\u00e9 um dos aspectos mais importantes na cria\u00e7\u00e3o de um ambiente sofisticado, funcional e de longa durabilidade<\/strong>. Um projeto bem estruturado <strong>deve equilibrar est\u00e9tica, resist\u00eancia e praticidade<\/strong>, garantindo que cada elemento do espa\u00e7o seja visualmente harmonioso e, ao mesmo tempo, f\u00e1cil de manter no dia a dia.<\/p>\n\n\n\n<p>Com a evolu\u00e7\u00e3o das tecnologias e a busca por solu\u00e7\u00f5es mais inteligentes e sustent\u00e1veis, <strong>existem diversas op\u00e7\u00f5es de revestimentos, superf\u00edcies e acabamentos que unem sofistica\u00e7\u00e3o e funcionalidade<\/strong>, proporcionando ambientes modernos e bem planejados.<\/p>\n\n\n\n<hr class=\"wp-block-separator has-alpha-channel-opacity\"\/>\n\n\n\n<h2 id='revestimentos-vers\u00e1teis-que-unem-resist\u00eancia-e-est\u00e9tica'  class=\"wp-block-heading\"><strong>Revestimentos Vers\u00e1teis que Unem Resist\u00eancia e Est\u00e9tica<\/strong><\/h2>\n\n\n\n<p>Os revestimentos <strong>s\u00e3o respons\u00e1veis por definir a identidade visual do espa\u00e7o, al\u00e9m de contribuir para sua durabilidade e praticidade<\/strong>. A escolha do material ideal <strong>deve levar em considera\u00e7\u00e3o a resist\u00eancia ao tempo, a facilidade de manuten\u00e7\u00e3o e a harmonia com o restante do projeto<\/strong>.<\/p>\n\n\n\n<h3 id='principais-op\u00e7\u00f5es-de-revestimentos-modernos-e-vers\u00e1teis'  class=\"wp-block-heading\"><strong>Principais op\u00e7\u00f5es de revestimentos modernos e vers\u00e1teis:<\/strong><\/h3>\n\n\n\n<p>\u2714 <strong>Porcelanato:<\/strong> Extremamente resistente, f\u00e1cil de limpar e dispon\u00edvel em diversas texturas e acabamentos, como amadeirado, marmorizado e acetinado.<br>\u2714 <strong>Cimento queimado:<\/strong> Oferece um visual moderno e industrial, sendo ideal para pisos e paredes.<br>\u2714 <strong>Madeira natural ou vin\u00edlica:<\/strong> Traz aconchego ao ambiente e pode ser aplicada tanto no piso quanto em paredes e m\u00f3veis planejados.<br>\u2714 <strong>Pastilhas e azulejos geom\u00e9tricos:<\/strong> Criam um efeito sofisticado e personalizado, ideais para cozinhas e banheiros.<br>\u2714 <strong>Pedras naturais (m\u00e1rmore, granito, quartzito):<\/strong> Garantem um toque de sofistica\u00e7\u00e3o e s\u00e3o extremamente dur\u00e1veis.<\/p>\n\n\n\n<p>\ud83d\udccc <strong>Exemplo pr\u00e1tico:<\/strong> Para um banheiro sofisticado e funcional, <strong>o porcelanato marmorizado no piso e paredes cria um efeito elegante, enquanto bancadas em quartzo garantem resist\u00eancia e f\u00e1cil manuten\u00e7\u00e3o<\/strong>.<\/p>\n\n\n\n<p><strong>Erro comum a evitar: <\/strong>\u274c <strong>Escolher revestimentos apenas pela est\u00e9tica sem considerar sua resist\u00eancia e praticidade pode gerar desgastes prematuros e necessidade de substitui\u00e7\u00f5es frequentes.<\/strong><\/p>\n\n\n\n<p><strong>Dica pr\u00e1tica:<\/strong> Para \u00e1reas molhadas, <strong>opte por revestimentos com acabamento antiderrapante e de baixa absor\u00e7\u00e3o de \u00e1gua, garantindo seguran\u00e7a e durabilidade<\/strong>.<\/p>\n\n\n\n<hr class=\"wp-block-separator has-alpha-channel-opacity\"\/>\n\n\n\n<h2 id='superf\u00edcies-de-f\u00e1cil-manuten\u00e7\u00e3o-para-ambientes-modernos'  class=\"wp-block-heading\"><strong>Superf\u00edcies de F\u00e1cil Manuten\u00e7\u00e3o para Ambientes Modernos<\/strong><\/h2>\n\n\n\n<p>Al\u00e9m da est\u00e9tica, <strong>as superf\u00edcies utilizadas no projeto precisam ser f\u00e1ceis de limpar e resistentes ao desgaste di\u00e1rio<\/strong>. Ambientes modernos <strong>exigem praticidade<\/strong>, e a escolha certa dos acabamentos pode <strong>minimizar a necessidade de manuten\u00e7\u00e3o constante e facilitar a rotina<\/strong>.<\/p>\n\n\n\n<h3 id='melhores-superf\u00edcies-para-um-projeto-sofisticado-e-funcional'  class=\"wp-block-heading\"><strong>Melhores superf\u00edcies para um projeto sofisticado e funcional:<\/strong><\/h3>\n\n\n\n<p>\u2714 <strong>Quartzo e Corian:<\/strong> S\u00e3o altamente resistentes a manchas e riscos, ideais para bancadas de cozinha e banheiro.<br>\u2714 <strong>Vidro laqueado:<\/strong> Pode ser usado em portas de arm\u00e1rios e revestimentos de parede, criando um efeito clean e moderno.<br>\u2714 <strong>Laminados de alta press\u00e3o:<\/strong> S\u00e3o resistentes ao calor e umidade, sendo uma excelente alternativa para m\u00f3veis planejados.<br>\u2714 <strong>A\u00e7o inoxid\u00e1vel:<\/strong> Al\u00e9m de ter alta durabilidade, traz um toque contempor\u00e2neo para cozinhas e espa\u00e7os industriais.<br>\u2714 <strong>Pintura ep\u00f3xi:<\/strong> Aplicada em pisos e superf\u00edcies, cria um acabamento brilhante e resistente sem necessidade de grandes reformas.<\/p>\n\n\n\n<p>\ud83d\udccc <strong>Exemplo pr\u00e1tico:<\/strong> Em uma cozinha moderna, <strong>uma bancada em quartzo branco combinada com arm\u00e1rios em vidro laqueado proporciona um ambiente sofisticado, de f\u00e1cil limpeza e altamente resistente ao uso di\u00e1rio<\/strong>.<\/p>\n\n\n\n<p><strong>Erro comum a evitar: <\/strong>\u274c <strong>Optar por superf\u00edcies porosas em \u00e1reas de alta umidade pode gerar ac\u00famulo de sujeira e dificultar a manuten\u00e7\u00e3o.<\/strong><\/p>\n\n\n\n<p><strong>Dica pr\u00e1tica:<\/strong> Sempre <strong>priorize superf\u00edcies com acabamento imperme\u00e1vel e que possam ser limpas com facilidade<\/strong>, garantindo mais praticidade no dia a dia.<\/p>\n\n\n\n<hr class=\"wp-block-separator has-alpha-channel-opacity\"\/>\n\n\n\n<figure class=\"wp-block-image size-large\"><img data-recalc-dims=\"1\" fetchpriority=\"high\" decoding=\"async\" width=\"1024\" height=\"585\" src=\"https:\/\/i0.wp.com\/1truenote.com\/wp-content\/uploads\/2025\/03\/DALL%C2%B7E-2025-03-06-16.09.33-Um-espaco-compacto-e-sofisticado-com-design-minimalista-moveis-planejados-e-iluminacao-estrategica.-O-ambiente-apresenta-uma-paleta-de-cores-neutras.webp?resize=1024%2C585&#038;ssl=1\" alt=\"\" class=\"wp-image-604\" srcset=\"https:\/\/i0.wp.com\/1truenote.com\/wp-content\/uploads\/2025\/03\/DALL%C2%B7E-2025-03-06-16.09.33-Um-espaco-compacto-e-sofisticado-com-design-minimalista-moveis-planejados-e-iluminacao-estrategica.-O-ambiente-apresenta-uma-paleta-de-cores-neutras.webp?resize=1024%2C585&amp;ssl=1 1024w, https:\/\/i0.wp.com\/1truenote.com\/wp-content\/uploads\/2025\/03\/DALL%C2%B7E-2025-03-06-16.09.33-Um-espaco-compacto-e-sofisticado-com-design-minimalista-moveis-planejados-e-iluminacao-estrategica.-O-ambiente-apresenta-uma-paleta-de-cores-neutras.webp?resize=300%2C171&amp;ssl=1 300w, https:\/\/i0.wp.com\/1truenote.com\/wp-content\/uploads\/2025\/03\/DALL%C2%B7E-2025-03-06-16.09.33-Um-espaco-compacto-e-sofisticado-com-design-minimalista-moveis-planejados-e-iluminacao-estrategica.-O-ambiente-apresenta-uma-paleta-de-cores-neutras.webp?resize=768%2C439&amp;ssl=1 768w, https:\/\/i0.wp.com\/1truenote.com\/wp-content\/uploads\/2025\/03\/DALL%C2%B7E-2025-03-06-16.09.33-Um-espaco-compacto-e-sofisticado-com-design-minimalista-moveis-planejados-e-iluminacao-estrategica.-O-ambiente-apresenta-uma-paleta-de-cores-neutras.webp?resize=1536%2C878&amp;ssl=1 1536w, https:\/\/i0.wp.com\/1truenote.com\/wp-content\/uploads\/2025\/03\/DALL%C2%B7E-2025-03-06-16.09.33-Um-espaco-compacto-e-sofisticado-com-design-minimalista-moveis-planejados-e-iluminacao-estrategica.-O-ambiente-apresenta-uma-paleta-de-cores-neutras.webp?w=1792&amp;ssl=1 1792w\" sizes=\"(max-width: 1024px) 100vw, 1024px\" \/><\/figure>\n\n\n\n<h2 id='alternativas-sustent\u00e1veis-para-constru\u00e7\u00e3o-e-decora\u00e7\u00e3o'  class=\"wp-block-heading\"><strong>Alternativas Sustent\u00e1veis para Constru\u00e7\u00e3o e Decora\u00e7\u00e3o<\/strong><\/h2>\n\n\n\n<p>A sustentabilidade no design de interiores <strong>tem ganhado cada vez mais espa\u00e7o<\/strong>, com materiais ecol\u00f3gicos que aliam beleza, resist\u00eancia e menor impacto ambiental. Escolher materiais sustent\u00e1veis <strong>n\u00e3o significa abrir m\u00e3o da sofistica\u00e7\u00e3o, mas sim investir em solu\u00e7\u00f5es inteligentes e respons\u00e1veis<\/strong>.<\/p>\n\n\n\n<h3 id='melhores-materiais-sustent\u00e1veis-para-projetos-modernos'  class=\"wp-block-heading\"><strong>Melhores materiais sustent\u00e1veis para projetos modernos:<\/strong><\/h3>\n\n\n\n<p>\ud83c\udf3f <strong>Madeira de reflorestamento:<\/strong> Possui certifica\u00e7\u00e3o ambiental e pode ser utilizada em m\u00f3veis, pisos e revestimentos.<br>\ud83d\udd04 <strong>Pisos ecol\u00f3gicos (bambu, vin\u00edlico reciclado, corti\u00e7a):<\/strong> S\u00e3o altamente dur\u00e1veis e produzidos com menor impacto ambiental.<br>\u267b <strong>Tijolos ecol\u00f3gicos:<\/strong> Feitos a partir de materiais reciclados e que dispensam o uso de cimento na constru\u00e7\u00e3o.<br>\ud83e\udeb5 <strong>M\u00f3veis reciclados ou reutilizados:<\/strong> Al\u00e9m de sustent\u00e1veis, trazem autenticidade e personalidade ao ambiente.<br>\u2600 <strong>Tintas naturais e sem solventes:<\/strong> S\u00e3o menos poluentes e evitam a libera\u00e7\u00e3o de compostos t\u00f3xicos no ar.<\/p>\n\n\n\n<p>\ud83d\udccc <strong>Exemplo pr\u00e1tico:<\/strong> Em um projeto sustent\u00e1vel, <strong>usar madeira certificada para o mobili\u00e1rio, tintas sem solventes e ilumina\u00e7\u00e3o LED reduz o impacto ambiental e garante um ambiente mais saud\u00e1vel e econ\u00f4mico<\/strong>.<\/p>\n\n\n\n<p><strong>Erro comum a evitar: <\/strong>\u274c <strong>Acreditar que materiais sustent\u00e1veis s\u00e3o menos dur\u00e1veis. Muitos produtos ecol\u00f3gicos t\u00eam resist\u00eancia igual ou superior aos convencionais.<\/strong><\/p>\n\n\n\n<p><strong>Dica pr\u00e1tica:<\/strong> Sempre verifique <strong>a proced\u00eancia dos materiais e busque certifica\u00e7\u00f5es ambientais para garantir que sua escolha seja realmente sustent\u00e1vel e dur\u00e1vel<\/strong>.<\/p>\n\n\n\n<hr class=\"wp-block-separator has-alpha-channel-opacity\"\/>\n\n\n\n<p>A escolha de materiais e acabamentos <strong>faz toda a diferen\u00e7a na durabilidade, funcionalidade e est\u00e9tica dos projetos modernos<\/strong>. Ao investir em <strong>revestimentos resistentes, superf\u00edcies pr\u00e1ticas e solu\u00e7\u00f5es sustent\u00e1veis<\/strong>, \u00e9 poss\u00edvel criar um ambiente sofisticado e atemporal sem abrir m\u00e3o da praticidade.<\/p>\n\n\n\n<p>\u2714 <strong>Revestimentos modernos garantem sofistica\u00e7\u00e3o e resist\u00eancia ao espa\u00e7o.<\/strong><br>\u2714 <strong>Superf\u00edcies f\u00e1ceis de limpar e manter facilitam o dia a dia e reduzem custos com manuten\u00e7\u00e3o.<\/strong><br>\u2714 <strong>Alternativas sustent\u00e1veis agregam valor ao projeto e contribuem para um ambiente mais respons\u00e1vel e eficiente.<\/strong><\/p>\n\n\n\n<p>Com essas estrat\u00e9gias, <strong>\u00e9 poss\u00edvel criar um espa\u00e7o que une sofistica\u00e7\u00e3o, funcionalidade e sustentabilidade<\/strong>, garantindo beleza e conforto por muitos anos.<\/p>\n\n\n\n<hr class=\"wp-block-separator has-alpha-channel-opacity\"\/>\n\n\n\n<h2 id='personaliza\u00e7\u00e3o-de-projetos-como-criar-espa\u00e7os-\u00fanicos'  class=\"wp-block-heading\"><strong>Personaliza\u00e7\u00e3o de Projetos: Como Criar Espa\u00e7os \u00danicos<\/strong><\/h2>\n\n\n\n<p>Cada espa\u00e7o deve refletir <strong>a personalidade e o estilo de vida de quem o utiliza<\/strong>. Projetos personalizados <strong>v\u00e3o al\u00e9m da est\u00e9tica<\/strong>, pois aliam <strong>funcionalidade, identidade e conforto<\/strong>, tornando cada ambiente \u00fanico e adaptado \u00e0s necessidades do dia a dia.<\/p>\n\n\n\n<p>A personaliza\u00e7\u00e3o de um espa\u00e7o <strong>n\u00e3o significa apenas escolher cores e m\u00f3veis<\/strong>, mas sim planejar cada detalhe para que ele <strong>seja pr\u00e1tico, confort\u00e1vel e visualmente equilibrado<\/strong>. A uni\u00e3o entre solu\u00e7\u00f5es sob medida, detalhes bem pensados e a express\u00e3o da identidade pessoal <strong>transforma qualquer ambiente em um espa\u00e7o exclusivo e sofisticado<\/strong>.<\/p>\n\n\n\n<hr class=\"wp-block-separator has-alpha-channel-opacity\"\/>\n\n\n\n<h2 id='solu\u00e7\u00f5es-sob-medida-para-diferentes-perfis-e-estilos-de-vida'  class=\"wp-block-heading\"><strong>Solu\u00e7\u00f5es Sob Medida para Diferentes Perfis e Estilos de Vida<\/strong><\/h2>\n\n\n\n<p>Cada pessoa tem <strong>necessidades e prefer\u00eancias espec\u00edficas<\/strong>, e isso deve ser refletido na concep\u00e7\u00e3o do espa\u00e7o. Seja para um profissional que trabalha em home office, uma fam\u00edlia que precisa de \u00e1reas funcionais ou algu\u00e9m que busca um ref\u00fagio acolhedor, <strong>o projeto deve ser pensado de acordo com o estilo de vida do morador<\/strong>.<\/p>\n\n\n\n<h3 id='como-adaptar-o-projeto-ao-perfil-do-usu\u00e1rio'  class=\"wp-block-heading\"><strong>Como adaptar o projeto ao perfil do usu\u00e1rio:<\/strong><\/h3>\n\n\n\n<p>\u2714 <strong>Para quem trabalha em casa:<\/strong> Espa\u00e7o de home office integrado, com ilumina\u00e7\u00e3o adequada e mobili\u00e1rio ergon\u00f4mico.<br>\u2714 <strong>Para quem busca praticidade:<\/strong> M\u00f3veis multifuncionais e armazenamento inteligente para um dia a dia organizado.<br>\u2714 <strong>Para quem valoriza o aconchego:<\/strong> Texturas suaves, cores acolhedoras e ilumina\u00e7\u00e3o indireta para um ambiente confort\u00e1vel.<br>\u2714 <strong>Para quem gosta de receber visitas:<\/strong> Integra\u00e7\u00e3o entre sala e cozinha, com solu\u00e7\u00f5es vers\u00e1teis para acomodar convidados.<br>\u2714 <strong>Para quem preza pela sustentabilidade:<\/strong> Materiais ecol\u00f3gicos, ilumina\u00e7\u00e3o eficiente e mobili\u00e1rio produzido de forma consciente.<\/p>\n\n\n\n<p>\ud83d\udccc <strong>Exemplo pr\u00e1tico:<\/strong> Para um casal que adora cozinhar e receber amigos, <strong>um layout integrado entre sala e cozinha, com ilha central e banquetas, permite um ambiente funcional e acolhedor<\/strong>.<\/p>\n\n\n\n<p><strong>Erro comum a evitar: <\/strong>\u274c <strong>Criar um projeto baseado apenas em tend\u00eancias sem considerar as reais necessidades do usu\u00e1rio.<\/strong><\/p>\n\n\n\n<p><strong>Dica pr\u00e1tica:<\/strong> Antes de definir a est\u00e9tica do ambiente, <strong>anote suas prioridades di\u00e1rias e escolha solu\u00e7\u00f5es que realmente tornem o espa\u00e7o mais funcional e agrad\u00e1vel<\/strong>.<\/p>\n\n\n\n<hr class=\"wp-block-separator has-alpha-channel-opacity\"\/>\n\n\n\n<h2 id='o-papel-dos-detalhes-na-valoriza\u00e7\u00e3o-dos-ambientes'  class=\"wp-block-heading\"><strong>O Papel dos Detalhes na Valoriza\u00e7\u00e3o dos Ambientes<\/strong><\/h2>\n\n\n\n<p>Os detalhes <strong>s\u00e3o respons\u00e1veis por transformar um espa\u00e7o comum em um ambiente \u00fanico e sofisticado<\/strong>. Pequenas escolhas podem <strong>agregar valor est\u00e9tico e funcional<\/strong>, tornando cada canto do projeto especial.<\/p>\n\n\n\n<h3 id='elementos-que-fazem-a-diferen\u00e7a-na-personaliza\u00e7\u00e3o-do-ambiente'  class=\"wp-block-heading\"><strong>Elementos que fazem a diferen\u00e7a na personaliza\u00e7\u00e3o do ambiente:<\/strong><\/h3>\n\n\n\n<p>\ud83c\udfa8 <strong>Cores personalizadas:<\/strong> Uma paleta de cores bem escolhida cria uma atmosfera \u00fanica.<br>\ud83d\uddbc <strong>Arte e fotografias:<\/strong> Quadros e pe\u00e7as autorais trazem personalidade ao espa\u00e7o.<br>\ud83d\udecb <strong>Tecidos e texturas diferenciadas:<\/strong> Tapetes, cortinas e almofadas adicionam aconchego e estilo.<br>\ud83d\udd06 <strong>Ilumina\u00e7\u00e3o estrat\u00e9gica:<\/strong> Lumin\u00e1rias decorativas e pontos de luz indireta valorizam o ambiente.<br>\ud83e\udeb5 <strong>Materiais sofisticados:<\/strong> M\u00e1rmore, madeira e metais nobres agregam sofistica\u00e7\u00e3o e durabilidade.<\/p>\n\n\n\n<p>\ud83d\udccc <strong>Exemplo pr\u00e1tico:<\/strong> Em uma sala moderna, <strong>uma parede com textura de cimento queimado combinada com ilumina\u00e7\u00e3o indireta e quadros minimalistas transforma o ambiente sem exageros<\/strong>.<\/p>\n\n\n\n<p><strong>Erro comum a evitar: <\/strong>\u274c <strong>Excesso de elementos decorativos pode comprometer a harmonia visual e sobrecarregar o ambiente.<\/strong><\/p>\n\n\n\n<p><strong>Dica pr\u00e1tica:<\/strong> Opte por detalhes <strong>que tenham significado e dialoguem com o restante do espa\u00e7o<\/strong>, mantendo um equil\u00edbrio entre sofistica\u00e7\u00e3o e funcionalidade.<\/p>\n\n\n\n<hr class=\"wp-block-separator has-alpha-channel-opacity\"\/>\n\n\n\n<h2 id='como-aliar-identidade-pessoal-\u00e0-efici\u00eancia-do-espa\u00e7o'  class=\"wp-block-heading\"><strong>Como Aliar Identidade Pessoal \u00e0 Efici\u00eancia do Espa\u00e7o<\/strong><\/h2>\n\n\n\n<p>Um projeto bem-sucedido <strong>precisa refletir a personalidade do usu\u00e1rio sem comprometer a funcionalidade<\/strong>. Para isso, \u00e9 necess\u00e1rio encontrar <strong>um equil\u00edbrio entre estilo e praticidade<\/strong>, garantindo que o espa\u00e7o seja visualmente agrad\u00e1vel e, ao mesmo tempo, eficiente.<\/p>\n\n\n\n<h3 id='dicas-para-integrar-identidade-e-funcionalidade'  class=\"wp-block-heading\"><strong>Dicas para integrar identidade e funcionalidade:<\/strong><\/h3>\n\n\n\n<p>\u2714 <strong>Escolha elementos marcantes, mas sem excessos:<\/strong> Um papel de parede texturizado, uma pe\u00e7a de design exclusivo ou um m\u00f3vel customizado podem personalizar o ambiente sem comprometer a fluidez.<br>\u2714 <strong>Prefira m\u00f3veis planejados ou adapt\u00e1veis:<\/strong> Pe\u00e7as sob medida garantem um encaixe perfeito no espa\u00e7o, otimizando cada cent\u00edmetro dispon\u00edvel.<br>\u2714 <strong>Aposte em pe\u00e7as que contem hist\u00f3rias:<\/strong> M\u00f3veis herdados, objetos de viagens e obras de arte podem criar um ambiente \u00fanico.<br>\u2714 <strong>Crie um espa\u00e7o flex\u00edvel:<\/strong> Ambientes adapt\u00e1veis permitem que o layout seja modificado conforme as necessidades do dia a dia.<br>\u2714 <strong>Integre tecnologia sem perder aconchego:<\/strong> Automa\u00e7\u00e3o para ilumina\u00e7\u00e3o e climatiza\u00e7\u00e3o trazem conforto sem interferir na est\u00e9tica.<\/p>\n\n\n\n<p>\ud83d\udccc <strong>Exemplo pr\u00e1tico:<\/strong> Em um quarto compacto, <strong>uma cabeceira personalizada com ilumina\u00e7\u00e3o embutida e prateleiras finas pode unir estilo e funcionalidade, sem ocupar espa\u00e7o extra<\/strong>.<\/p>\n\n\n\n<p><strong>Erro comum a evitar: <\/strong>\u274c <strong>Exagerar na personaliza\u00e7\u00e3o a ponto de comprometer a praticidade do ambiente.<\/strong><\/p>\n\n\n\n<p><strong>Dica pr\u00e1tica:<\/strong> Busque refer\u00eancias que reflitam seu estilo <strong>e adapte as tend\u00eancias ao que realmente faz sentido para seu dia a dia<\/strong>.<\/p>\n\n\n\n<hr class=\"wp-block-separator has-alpha-channel-opacity\"\/>\n\n\n\n<p>Criar espa\u00e7os \u00fanicos <strong>n\u00e3o significa apenas seguir tend\u00eancias<\/strong>, mas sim <strong>desenvolver um projeto que una funcionalidade, identidade e bem-estar<\/strong>. Pequenos detalhes fazem toda a diferen\u00e7a na personaliza\u00e7\u00e3o do ambiente, tornando-o <strong>mais confort\u00e1vel, sofisticado e alinhado ao estilo de vida do usu\u00e1rio<\/strong>.<\/p>\n\n\n\n<p>\u2714 <strong>Solu\u00e7\u00f5es sob medida garantem que o espa\u00e7o atenda \u00e0s necessidades de cada perfil.<\/strong><br>\u2714 <strong>Detalhes bem pensados agregam valor est\u00e9tico e funcional ao ambiente.<\/strong><br>\u2714 <strong>A personaliza\u00e7\u00e3o deve estar em equil\u00edbrio com a efici\u00eancia do espa\u00e7o para um projeto harmonioso.<\/strong><\/p>\n\n\n\n<p>Com essas estrat\u00e9gias, qualquer ambiente pode se tornar <strong>um reflexo da personalidade do usu\u00e1rio, sem abrir m\u00e3o da sofistica\u00e7\u00e3o e praticidade do dia a dia<\/strong>.<\/p>\n\n\n\n<hr class=\"wp-block-separator has-alpha-channel-opacity\"\/>\n\n\n\n<h2 id='tend\u00eancias-futuras-para-projetos-inteligentes-e-sustent\u00e1veis'  class=\"wp-block-heading\"><strong>Tend\u00eancias Futuras para Projetos Inteligentes e Sustent\u00e1veis<\/strong><\/h2>\n\n\n\n<p>O futuro da arquitetura e do design de interiores <strong>est\u00e1 cada vez mais conectado \u00e0 inova\u00e7\u00e3o, efici\u00eancia e sustentabilidade<\/strong>. Os espa\u00e7os est\u00e3o sendo projetados <strong>n\u00e3o apenas para atender \u00e0s necessidades funcionais, mas tamb\u00e9m para proporcionar bem-estar, reduzir impactos ambientais e integrar tecnologias que otimizam a experi\u00eancia dos usu\u00e1rios<\/strong>.<\/p>\n\n\n\n<p>Com avan\u00e7os tecnol\u00f3gicos e um olhar mais atento para a sustentabilidade, <strong>os projetos inteligentes do futuro ser\u00e3o altamente adapt\u00e1veis, eficientes e focados na harmonia entre est\u00e9tica, funcionalidade e responsabilidade ambiental<\/strong>.<\/p>\n\n\n\n<hr class=\"wp-block-separator has-alpha-channel-opacity\"\/>\n\n\n\n<h2 id='novas-tecnologias-aplicadas-\u00e0-arquitetura-e-design-de-interiores'  class=\"wp-block-heading\"><strong>Novas Tecnologias Aplicadas \u00e0 Arquitetura e Design de Interiores<\/strong><\/h2>\n\n\n\n<p>A integra\u00e7\u00e3o da tecnologia no design de interiores <strong>tem revolucionado a forma como interagimos com os espa\u00e7os<\/strong>. Com solu\u00e7\u00f5es automatizadas e inteligentes, os ambientes tornam-se <strong>mais eficientes, confort\u00e1veis e personaliz\u00e1veis<\/strong>.<\/p>\n\n\n\n<h3 id='principais-avan\u00e7os-tecnol\u00f3gicos-nos-projetos-do-futuro'  class=\"wp-block-heading\"><strong>Principais avan\u00e7os tecnol\u00f3gicos nos projetos do futuro:<\/strong><\/h3>\n\n\n\n<p>\u2714 <strong>Automa\u00e7\u00e3o residencial:<\/strong> Sistemas de ilumina\u00e7\u00e3o, climatiza\u00e7\u00e3o e seguran\u00e7a controlados por aplicativos ou comandos de voz.<br>\u2714 <strong>Intelig\u00eancia artificial integrada aos ambientes:<\/strong> Assistentes virtuais que ajustam temperatura, luz e at\u00e9 sugerem mudan\u00e7as na decora\u00e7\u00e3o.<br>\u2714 <strong>Materiais inteligentes:<\/strong> Superf\u00edcies autolimpantes, tintas que purificam o ar e vidros que controlam a entrada de luz e calor.<br>\u2714 <strong>Impress\u00e3o 3D na constru\u00e7\u00e3o civil:<\/strong> Cria\u00e7\u00e3o de estruturas personalizadas e sustent\u00e1veis com menor desperd\u00edcio de materiais.<br>\u2714 <strong>Realidade aumentada no design de interiores:<\/strong> Permite visualizar projetos antes da execu\u00e7\u00e3o, otimizando decis\u00f5es e reduzindo erros.<\/p>\n\n\n\n<p>\ud83d\udccc <strong>Exemplo pr\u00e1tico:<\/strong> Casas inteligentes que <strong>regulam automaticamente a temperatura e ilumina\u00e7\u00e3o conforme o clima e a rotina dos moradores<\/strong>, otimizando o consumo de energia.<\/p>\n\n\n\n<p><strong>Erro comum a evitar: <\/strong>\u274c <strong>Investir em tecnologia sem considerar a real necessidade do usu\u00e1rio pode resultar em solu\u00e7\u00f5es pouco pr\u00e1ticas e de alto custo.<\/strong><\/p>\n\n\n\n<p><strong>Dica pr\u00e1tica:<\/strong> Priorize <strong>solu\u00e7\u00f5es que agreguem funcionalidade e conforto<\/strong>, evitando excessos tecnol\u00f3gicos que podem n\u00e3o ser utilizados no dia a dia.<\/p>\n\n\n\n<hr class=\"wp-block-separator has-alpha-channel-opacity\"\/>\n\n\n\n<h2 id='o-impacto-da-sustentabilidade-na-escolha-de-materiais-e-na-efici\u00eancia-dos-projetos'  class=\"wp-block-heading\"><strong>O Impacto da Sustentabilidade na Escolha de Materiais e na Efici\u00eancia dos Projetos<\/strong><\/h2>\n\n\n\n<p>A preocupa\u00e7\u00e3o com a sustentabilidade <strong>tem impulsionado a ado\u00e7\u00e3o de pr\u00e1ticas e materiais ecologicamente respons\u00e1veis<\/strong>, tornando os projetos mais eficientes e menos impactantes para o meio ambiente.<\/p>\n\n\n\n<p><strong>Como a sustentabilidade est\u00e1 transformando o design e a arquitetura:<\/strong><\/p>\n\n\n\n<p>\ud83c\udf31 <strong>Materiais ecol\u00f3gicos e recicl\u00e1veis:<\/strong> Uso de madeira certificada, bambu, concreto sustent\u00e1vel e tintas \u00e0 base de \u00e1gua.<br>\ud83d\udca1 <strong>Efici\u00eancia energ\u00e9tica:<\/strong> Ilumina\u00e7\u00e3o LED, pain\u00e9is solares e sensores de presen\u00e7a para evitar desperd\u00edcios.<br>\ud83c\udf3f <strong>Design biof\u00edlico:<\/strong> Integra\u00e7\u00e3o da natureza aos espa\u00e7os, com jardins internos, paredes verdes e maior aproveitamento da luz natural.<br>\ud83c\udfe1 <strong>Constru\u00e7\u00e3o modular e pr\u00e9-fabricada:<\/strong> Redu\u00e7\u00e3o de res\u00edduos e otimiza\u00e7\u00e3o dos processos construtivos.<br>\ud83d\udeb0 <strong>Uso inteligente da \u00e1gua:<\/strong> Sistemas de reaproveitamento de \u00e1gua da chuva e torneiras com controle de vaz\u00e3o.<\/p>\n\n\n\n<p>\ud83d\udccc <strong>Exemplo pr\u00e1tico:<\/strong> Em edif\u00edcios modernos, <strong>fachadas verdes ajudam a regular a temperatura interna e a melhorar a qualidade do ar, reduzindo a necessidade de climatiza\u00e7\u00e3o artificial<\/strong>.<\/p>\n\n\n\n<p><strong>Erro comum a evitar: <\/strong>\u274c <strong>Priorizar materiais sustent\u00e1veis apenas pela tend\u00eancia, sem avaliar sua real durabilidade e funcionalidade.<\/strong><\/p>\n\n\n\n<p><strong>Dica pr\u00e1tica:<\/strong> Antes de escolher um material sustent\u00e1vel, <strong>verifique sua proced\u00eancia e certifica\u00e7\u00f5es ambientais para garantir efici\u00eancia e qualidade<\/strong>.<\/p>\n\n\n\n<hr class=\"wp-block-separator has-alpha-channel-opacity\"\/>\n\n\n\n<h2 id='como-os-espa\u00e7os-do-futuro-ser\u00e3o-projetados-para-otimizar-bem-estar-e-funcionalidade'  class=\"wp-block-heading\"><strong>Como os Espa\u00e7os do Futuro Ser\u00e3o Projetados para Otimizar Bem-Estar e Funcionalidade<\/strong><\/h2>\n\n\n\n<p>Os projetos do futuro <strong>n\u00e3o ser\u00e3o apenas inteligentes e sustent\u00e1veis, mas tamb\u00e9m focados no bem-estar e na experi\u00eancia do usu\u00e1rio<\/strong>.<\/p>\n\n\n\n<p>Com a crescente valoriza\u00e7\u00e3o da qualidade de vida, os espa\u00e7os <strong>ser\u00e3o projetados para promover conforto, produtividade e equil\u00edbrio mental e f\u00edsico<\/strong>.<\/p>\n\n\n\n<h3 id='principais-tend\u00eancias-para-otimiza\u00e7\u00e3o-do-bem-estar-em-ambientes-modernos'  class=\"wp-block-heading\"><strong>Principais tend\u00eancias para otimiza\u00e7\u00e3o do bem-estar em ambientes modernos:<\/strong><\/h3>\n\n\n\n<p>\u2714 <strong>Ambientes flex\u00edveis e multifuncionais:<\/strong> Espa\u00e7os adapt\u00e1veis que podem mudar de fun\u00e7\u00e3o conforme a necessidade.<br>\u2714 <strong>Ilumina\u00e7\u00e3o humanizada:<\/strong> Sistemas que ajustam a intensidade e temperatura da luz ao longo do dia para melhorar o ritmo biol\u00f3gico dos moradores.<br>\u2714 <strong>M\u00f3veis ergon\u00f4micos e inteligentes:<\/strong> Design que favorece a postura e melhora a experi\u00eancia de uso.<br>\u2714 <strong>Uso de cores e materiais sensoriais:<\/strong> Cores suaves e texturas naturais que influenciam positivamente no humor e no conforto do ambiente.<br>\u2714 <strong>Espa\u00e7os de relaxamento e desconex\u00e3o:<\/strong> \u00c1reas dedicadas ao descanso e ao contato com a natureza para equilibrar o uso da tecnologia.<\/p>\n\n\n\n<p>\ud83d\udccc <strong>Exemplo pr\u00e1tico:<\/strong> Escrit\u00f3rios h\u00edbridos que <strong>possuem espa\u00e7os modul\u00e1veis, permitindo transformar uma \u00e1rea de trabalho em um ambiente de descanso ou intera\u00e7\u00e3o conforme a necessidade<\/strong>.<\/p>\n\n\n\n<p><strong>Erro comum a evitar: <\/strong>\u274c <strong>Criar espa\u00e7os ultra tecnol\u00f3gicos sem considerar o fator humano e a necessidade de equil\u00edbrio entre inova\u00e7\u00e3o e conforto.<\/strong><\/p>\n\n\n\n<p><strong>Dica pr\u00e1tica:<\/strong> Ao projetar um espa\u00e7o, <strong>priorize solu\u00e7\u00f5es que melhorem o bem-estar, promovam a produtividade e garantam um ambiente saud\u00e1vel e acolhedor<\/strong>.<\/p>\n\n\n\n<hr class=\"wp-block-separator has-alpha-channel-opacity\"\/>\n\n\n\n<p>O futuro dos projetos inteligentes e sustent\u00e1veis <strong>est\u00e1 na integra\u00e7\u00e3o entre tecnologia, efici\u00eancia energ\u00e9tica e bem-estar<\/strong>. Com solu\u00e7\u00f5es inovadoras, materiais ecol\u00f3gicos e ambientes adapt\u00e1veis, <strong>\u00e9 poss\u00edvel criar espa\u00e7os que sejam funcionais, sofisticados e ambientalmente respons\u00e1veis<\/strong>.<\/p>\n\n\n\n<p>\u2714 <strong>Novas tecnologias est\u00e3o transformando a forma como interagimos com os ambientes, tornando-os mais intuitivos e automatizados.<\/strong><br>\u2714 <strong>A sustentabilidade tem um papel essencial na escolha dos materiais e na efici\u00eancia dos projetos, reduzindo impactos ambientais e otimizando recursos.<\/strong><br>\u2714 <strong>Os espa\u00e7os do futuro ser\u00e3o projetados para melhorar o bem-estar, garantindo mais conforto, produtividade e equil\u00edbrio para os usu\u00e1rios.<\/strong><\/p>\n\n\n\n<p>Ao aplicar essas tend\u00eancias, <strong>\u00e9 poss\u00edvel criar ambientes modernos, inteligentes e sustent\u00e1veis, alinhados com as necessidades do presente e as exig\u00eancias do futuro<\/strong>.<\/p>\n\n\n\n<hr class=\"wp-block-separator has-alpha-channel-opacity\"\/>\n\n\n\n<h2 id='projetando-ambientes-inteligentes-e-equilibrados'  class=\"wp-block-heading\"><strong>Projetando Ambientes Inteligentes e Equilibrados<\/strong><\/h2>\n\n\n\n<p>Criar um ambiente inteligente e equilibrado <strong>vai al\u00e9m de escolher m\u00f3veis modernos ou materiais sofisticados<\/strong>. Um projeto bem-sucedido <strong>combina inova\u00e7\u00e3o, est\u00e9tica e funcionalidade<\/strong>, garantindo que cada espa\u00e7o seja <strong>pr\u00e1tico, eficiente e visualmente harmonioso<\/strong>.<\/p>\n\n\n\n<p>Seja em projetos residenciais ou comerciais, <strong>a chave para um espa\u00e7o bem planejado est\u00e1 na integra\u00e7\u00e3o de solu\u00e7\u00f5es inovadoras que otimizam o uso do ambiente sem comprometer o conforto e a sofistica\u00e7\u00e3o<\/strong>.<\/p>\n\n\n\n<hr class=\"wp-block-separator has-alpha-channel-opacity\"\/>\n\n\n\n<h2 id='como-unir-inova\u00e7\u00e3o-est\u00e9tica-e-funcionalidade-em-projetos-modernos'  class=\"wp-block-heading\"><strong>Como Unir Inova\u00e7\u00e3o, Est\u00e9tica e Funcionalidade em Projetos Modernos<\/strong><\/h2>\n\n\n\n<p>O equil\u00edbrio entre <strong>inova\u00e7\u00e3o tecnol\u00f3gica, design sofisticado e efici\u00eancia funcional<\/strong> \u00e9 essencial para que um projeto seja sustent\u00e1vel e agrad\u00e1vel a longo prazo.<\/p>\n\n\n\n<h3 id='elementos-fundamentais-para-um-projeto-moderno-e-equilibrado'  class=\"wp-block-heading\"><strong>Elementos fundamentais para um projeto moderno e equilibrado:<\/strong><\/h3>\n\n\n\n<p>\u2714 <strong>Automa\u00e7\u00e3o inteligente:<\/strong> Ilumina\u00e7\u00e3o, climatiza\u00e7\u00e3o e seguran\u00e7a controlados por tecnologia para mais praticidade.<br>\u2714 <strong>Design clean e atemporal:<\/strong> Est\u00e9tica moderna e minimalista que se adapta a diferentes estilos de vida.<br>\u2714 <strong>M\u00f3veis planejados e vers\u00e1teis:<\/strong> Solu\u00e7\u00f5es que otimizam o espa\u00e7o sem perder a sofistica\u00e7\u00e3o.<br>\u2714 <strong>Uso estrat\u00e9gico de cores e texturas:<\/strong> Combina\u00e7\u00f5es sutis que criam um ambiente aconchegante e sofisticado.<br>\u2714 <strong>Integra\u00e7\u00e3o com a natureza:<\/strong> Elementos como ilumina\u00e7\u00e3o natural, ventila\u00e7\u00e3o cruzada e jardins internos melhoram o bem-estar.<\/p>\n\n\n\n<p>\ud83d\udccc <strong>Exemplo pr\u00e1tico:<\/strong> Um apartamento compacto com <strong>pain\u00e9is deslizantes, ilumina\u00e7\u00e3o automatizada e m\u00f3veis multifuncionais cria um ambiente din\u00e2mico e otimizado sem comprometer a est\u00e9tica<\/strong>.<\/p>\n\n\n\n<p><strong>Erro comum a evitar: <\/strong>\u274c <strong>Priorizar apenas a est\u00e9tica sem considerar a funcionalidade do espa\u00e7o pode gerar um ambiente pouco pr\u00e1tico e dif\u00edcil de manter.<\/strong><\/p>\n\n\n\n<p><strong>Dica pr\u00e1tica:<\/strong> Sempre se pergunte: <strong>\u201cEsse elemento melhora a experi\u00eancia do ambiente ou est\u00e1 apenas ocupando espa\u00e7o?\u201d<\/strong>.<\/p>\n\n\n\n<hr class=\"wp-block-separator has-alpha-channel-opacity\"\/>\n\n\n\n<h2 id='a-import\u00e2ncia-do-planejamento-estrat\u00e9gico-para-melhor-aproveitamento-do-espa\u00e7o'  class=\"wp-block-heading\"><strong>A Import\u00e2ncia do Planejamento Estrat\u00e9gico para Melhor Aproveitamento do Espa\u00e7o<\/strong><\/h2>\n\n\n\n<p>Projetos bem estruturados <strong>n\u00e3o desperdi\u00e7am espa\u00e7o e maximizam cada metro quadrado de forma eficiente<\/strong>.<\/p>\n\n\n\n<p>O planejamento estrat\u00e9gico <strong>\u00e9 essencial para criar ambientes bem distribu\u00eddos, onde cada detalhe contribui para a fluidez e praticidade do espa\u00e7o<\/strong>.<\/p>\n\n\n\n<h3 id='como-um-bom-planejamento-transforma-um-ambiente'  class=\"wp-block-heading\"><strong>Como um bom planejamento transforma um ambiente:<\/strong><\/h3>\n\n\n\n<p>\u2714 <strong>Cria\u00e7\u00e3o de layouts flex\u00edveis:<\/strong> Espa\u00e7os adapt\u00e1veis permitem m\u00faltiplas fun\u00e7\u00f5es em um mesmo ambiente.<br>\u2714 <strong>Defini\u00e7\u00e3o de fluxos de circula\u00e7\u00e3o:<\/strong> A posi\u00e7\u00e3o dos m\u00f3veis e elementos garante que o ambiente seja funcional e confort\u00e1vel.<br>\u2714 <strong>Uso de solu\u00e7\u00f5es embutidas:<\/strong> Prateleiras, arm\u00e1rios e nichos escondidos otimizam espa\u00e7os sem comprometer a est\u00e9tica.<br>\u2714 <strong>Prioriza\u00e7\u00e3o de ilumina\u00e7\u00e3o e ventila\u00e7\u00e3o natural:<\/strong> Ambientes bem iluminados e arejados s\u00e3o mais agrad\u00e1veis e econ\u00f4micos.<br>\u2714 <strong>Escolha de materiais de f\u00e1cil manuten\u00e7\u00e3o:<\/strong> Evitam desgastes r\u00e1pidos e garantem longevidade ao projeto.<\/p>\n\n\n\n<p>\ud83d\udccc <strong>Exemplo pr\u00e1tico:<\/strong> Um escrit\u00f3rio compacto com <strong>m\u00f3veis planejados, paredes em vidro para ampliar a ilumina\u00e7\u00e3o natural e prateleiras embutidas para otimizar o armazenamento<\/strong> cria um espa\u00e7o funcional e sofisticado.<\/p>\n\n\n\n<p><strong>Erro comum a evitar: <\/strong>\u274c <strong>N\u00e3o considerar o estilo de vida ou a rotina dos usu\u00e1rios pode resultar em espa\u00e7os pouco pr\u00e1ticos para o dia a dia.<\/strong><\/p>\n\n\n\n<p><strong>Dica pr\u00e1tica:<\/strong> Antes de definir o layout, <strong>entenda quais s\u00e3o as reais necessidades do ambiente e adapte as solu\u00e7\u00f5es para torn\u00e1-lo mais eficiente<\/strong>.<\/p>\n\n\n\n<hr class=\"wp-block-separator has-alpha-channel-opacity\"\/>\n\n\n\n<h2 id='incentivo-\u00e0-ado\u00e7\u00e3o-de-solu\u00e7\u00f5es-inovadoras-para-criar-ambientes-mais-eficientes-e-sofisticados'  class=\"wp-block-heading\"><strong>Incentivo \u00e0 Ado\u00e7\u00e3o de Solu\u00e7\u00f5es Inovadoras para Criar Ambientes Mais Eficientes e Sofisticados<\/strong><\/h2>\n\n\n\n<p>O futuro da arquitetura e do design <strong>est\u00e1 na inova\u00e7\u00e3o e na busca por solu\u00e7\u00f5es que otimizem o espa\u00e7o e proporcionem mais qualidade de vida<\/strong>.<\/p>\n\n\n\n<h3 id='tend\u00eancias-inovadoras-que-melhoram-os-projetos'  class=\"wp-block-heading\"><strong>Tend\u00eancias inovadoras que melhoram os projetos:<\/strong><\/h3>\n\n\n\n<p>\ud83d\ude80 <strong>Automa\u00e7\u00e3o integrada:<\/strong> Ambientes inteligentes que se ajustam ao estilo de vida dos moradores.<br>\ud83c\udfe1 <strong>M\u00f3veis modulares e multifuncionais:<\/strong> Adapt\u00e1veis \u00e0s necessidades do dia a dia.<br>\ud83c\udf31 <strong>Sustentabilidade aplicada ao design:<\/strong> Uso de materiais ecol\u00f3gicos e sistemas de efici\u00eancia energ\u00e9tica.<br>\ud83d\udd06 <strong>Ilumina\u00e7\u00e3o humanizada:<\/strong> Sistemas que ajustam a temperatura da luz para diferentes momentos do dia.<br>\ud83d\udce6 <strong>Armazenamento oculto e embutido:<\/strong> Solu\u00e7\u00f5es inteligentes para manter o ambiente organizado sem comprometer a est\u00e9tica.<\/p>\n\n\n\n<p>\ud83d\udccc <strong>Exemplo pr\u00e1tico:<\/strong> Em um apartamento moderno, <strong>usar persianas automatizadas, m\u00f3veis retr\u00e1teis e ilumina\u00e7\u00e3o controlada por assistentes virtuais transforma o espa\u00e7o em um ambiente mais din\u00e2mico e pr\u00e1tico<\/strong>.<\/p>\n\n\n\n<p><strong>Erro comum a evitar: <\/strong>\u274c <strong>Investir em solu\u00e7\u00f5es inovadoras sem avaliar sua real utilidade pode gerar gastos desnecess\u00e1rios sem benef\u00edcios significativos.<\/strong><\/p>\n\n\n\n<p><strong>Dica pr\u00e1tica:<\/strong> Antes de adotar qualquer inova\u00e7\u00e3o, <strong>analise se ela realmente melhora a funcionalidade do ambiente e otimiza a experi\u00eancia do usu\u00e1rio<\/strong>.<\/p>\n\n\n\n<hr class=\"wp-block-separator has-alpha-channel-opacity\"\/>\n\n\n\n<h2 id='conclus\u00e3o'  class=\"wp-block-heading\"><strong>Conclus\u00e3o<\/strong><\/h2>\n\n\n\n<p>Projetar ambientes inteligentes <strong>exige um equil\u00edbrio entre inova\u00e7\u00e3o, est\u00e9tica e funcionalidade<\/strong>, garantindo que cada espa\u00e7o seja <strong>sofisticado, eficiente e adapt\u00e1vel ao futuro<\/strong>.<\/p>\n\n\n\n<p>\u2714 <strong>A combina\u00e7\u00e3o de tecnologia, design e funcionalidade transforma qualquer ambiente em um espa\u00e7o otimizado.<\/strong><br>\u2714 <strong>O planejamento estrat\u00e9gico garante que cada detalhe contribua para um melhor aproveitamento do espa\u00e7o.<\/strong><br>\u2714 <strong>Solu\u00e7\u00f5es inovadoras tornam os projetos mais eficientes, sofisticados e alinhados \u00e0s necessidades modernas.<\/strong><\/p>\n\n\n\n<p>Ao adotar essas estrat\u00e9gias, <strong>\u00e9 poss\u00edvel criar ambientes que unem sofistica\u00e7\u00e3o e praticidade, garantindo mais conforto e bem-estar no dia a dia<\/strong>.<\/p>\n\n\n\n<hr class=\"wp-block-separator has-alpha-channel-opacity\"\/>\n\n\n\n<h2 id='perguntas-frequentes-faq-sobre-projetos-inteligentes-e-sustent\u00e1veis'  class=\"wp-block-heading\"><strong>Perguntas Frequentes (FAQ) sobre Projetos Inteligentes e Sustent\u00e1veis<\/strong><\/h2>\n\n\n\n<p>O planejamento de espa\u00e7os compactos e funcionais <strong>exige escolhas inteligentes<\/strong> que garantam um ambiente bem aproveitado, esteticamente agrad\u00e1vel e funcional. Abaixo, reunimos <strong>as d\u00favidas mais comuns sobre como otimizar ambientes modernos, escolher os melhores materiais e integrar tecnologia sem comprometer o design<\/strong>.<\/p>\n\n\n\n<hr class=\"wp-block-separator has-alpha-channel-opacity\"\/>\n\n\n\n<h2 id='1-como-otimizar-um-ambiente-pequeno-sem-comprometer-a-est\u00e9tica'  class=\"wp-block-heading\"><strong>1. Como otimizar um ambiente pequeno sem comprometer a est\u00e9tica?<\/strong><\/h2>\n\n\n\n<p>A otimiza\u00e7\u00e3o de espa\u00e7os pequenos <strong>n\u00e3o significa sacrificar a beleza do ambiente<\/strong>. Com solu\u00e7\u00f5es estrat\u00e9gicas, \u00e9 poss\u00edvel <strong>criar um espa\u00e7o sofisticado, organizado e visualmente ampliado<\/strong>.<\/p>\n\n\n\n<h3 id='dicas-para-otimizar-um-ambiente-compacto-sem-perder-a-est\u00e9tica'  class=\"wp-block-heading\"><strong>Dicas para otimizar um ambiente compacto sem perder a est\u00e9tica:<\/strong><\/h3>\n\n\n\n<p>\u2714 <strong>Escolha m\u00f3veis multifuncionais:<\/strong> Sof\u00e1s-camas, mesas dobr\u00e1veis e camas com gavetas embutidas ajudam a aproveitar cada metro quadrado.<br>\u2714 <strong>Use cores claras e neutras:<\/strong> Tons como branco, bege e cinza-claro criam uma sensa\u00e7\u00e3o de amplitude e luminosidade.<br>\u2714 <strong>Invista em espelhos e superf\u00edcies refletivas:<\/strong> Eles ajudam a ampliar visualmente o ambiente e refor\u00e7am a ilumina\u00e7\u00e3o natural.<br>\u2714 <strong>Priorize prateleiras e nichos embutidos:<\/strong> Substituir m\u00f3veis volumosos por solu\u00e7\u00f5es suspensas libera espa\u00e7o e mant\u00e9m a fluidez visual.<br>\u2714 <strong>Ilumina\u00e7\u00e3o bem distribu\u00edda:<\/strong> Evite sombras e invista em ilumina\u00e7\u00e3o indireta para criar um ambiente mais acolhedor e sofisticado.<\/p>\n\n\n\n<p>\ud83d\udccc <strong>Exemplo pr\u00e1tico:<\/strong> Uma sala pequena pode ganhar amplitude e sofistica\u00e7\u00e3o ao <strong>utilizar espelhos em pontos estrat\u00e9gicos, um sof\u00e1 modular compacto e uma mesa de centro que pode servir como ba\u00fa para armazenamento<\/strong>.<\/p>\n\n\n\n<p><strong>Erro comum a evitar: <\/strong>\u274c <strong>Excesso de elementos decorativos pode gerar polui\u00e7\u00e3o visual e dar a sensa\u00e7\u00e3o de um ambiente menor e desorganizado.<\/strong><\/p>\n\n\n\n<p><strong>Dica pr\u00e1tica:<\/strong> Mantenha <strong>apenas o essencial e invista em poucos itens de decora\u00e7\u00e3o com impacto visual para valorizar o espa\u00e7o sem sobrecarreg\u00e1-lo<\/strong>.<\/p>\n\n\n\n<hr class=\"wp-block-separator has-alpha-channel-opacity\"\/>\n\n\n\n<h2 id='2-quais-materiais-garantem-durabilidade-e-sofistica\u00e7\u00e3o-nos-projetos'  class=\"wp-block-heading\"><strong>2. Quais materiais garantem durabilidade e sofistica\u00e7\u00e3o nos projetos?<\/strong><\/h2>\n\n\n\n<p>A escolha dos materiais <strong>\u00e9 um dos fatores mais importantes para garantir que um projeto seja atemporal, resistente e sofisticado<\/strong>. Optar por acabamentos de qualidade <strong>reduz a necessidade de manuten\u00e7\u00e3o e aumenta a vida \u00fatil do espa\u00e7o<\/strong>.<\/p>\n\n\n\n<h3 id='materiais-dur\u00e1veis-e-sofisticados-para-cada-ambiente'  class=\"wp-block-heading\"><strong>Materiais dur\u00e1veis e sofisticados para cada ambiente:<\/strong><\/h3>\n\n\n\n<p>\u2714 <strong>Porcelanato:<\/strong> Resistente, de f\u00e1cil manuten\u00e7\u00e3o e dispon\u00edvel em diversas texturas, como amadeirado ou marmorizado.<br>\u2714 <strong>M\u00e1rmore e quartzo:<\/strong> Op\u00e7\u00f5es refinadas para bancadas e revestimentos, agregando sofistica\u00e7\u00e3o e alta durabilidade.<br>\u2714 <strong>Madeira de alta qualidade ou MDF laminado:<\/strong> Trazem um toque aconchegante e elegante aos m\u00f3veis planejados.<br>\u2714 <strong>Vidro e acr\u00edlico:<\/strong> Superf\u00edcies modernas que ampliam o ambiente e trazem leveza ao design.<br>\u2714 <strong>Metais foscos ou escovados:<\/strong> Em detalhes como puxadores, lumin\u00e1rias e torneiras, conferem um acabamento refinado ao projeto.<\/p>\n\n\n\n<p>\ud83d\udccc <strong>Exemplo pr\u00e1tico:<\/strong> Para cozinhas e banheiros modernos, <strong>o uso de bancadas em quartzo branco e revestimentos em porcelanato acetinado garante um ambiente sofisticado e f\u00e1cil de limpar<\/strong>.<\/p>\n\n\n\n<p><strong>Erro comum a evitar: <\/strong>\u274c <strong>Escolher materiais apenas pela apar\u00eancia, sem considerar sua resist\u00eancia ao uso di\u00e1rio e facilidade de manuten\u00e7\u00e3o.<\/strong><\/p>\n\n\n\n<p><strong>Dica pr\u00e1tica:<\/strong> Priorize <strong>materiais que unam est\u00e9tica e funcionalidade, garantindo que o espa\u00e7o permane\u00e7a bonito e pr\u00e1tico por muitos anos<\/strong>.<\/p>\n\n\n\n<hr class=\"wp-block-separator has-alpha-channel-opacity\"\/>\n\n\n\n<h2 id='3-como-integrar-automa\u00e7\u00e3o-e-tecnologia-ao-design-de-interiores'  class=\"wp-block-heading\"><strong>3. Como integrar automa\u00e7\u00e3o e tecnologia ao design de interiores?<\/strong><\/h2>\n\n\n\n<p>A automa\u00e7\u00e3o residencial <strong>transforma os ambientes em espa\u00e7os mais pr\u00e1ticos, econ\u00f4micos e modernos<\/strong>. Quando integrada ao design, <strong>a tecnologia pode melhorar a experi\u00eancia do usu\u00e1rio sem comprometer a est\u00e9tica<\/strong>.<\/p>\n\n\n\n<h3 id='solu\u00e7\u00f5es-inteligentes-para-um-design-tecnol\u00f3gico-e-funcional'  class=\"wp-block-heading\"><strong>Solu\u00e7\u00f5es inteligentes para um design tecnol\u00f3gico e funcional:<\/strong><\/h3>\n\n\n\n<p>\u2714 <strong>Ilumina\u00e7\u00e3o automatizada:<\/strong> L\u00e2mpadas dimeriz\u00e1veis e sensores de presen\u00e7a ajudam a otimizar o consumo de energia.<br>\u2714 <strong>Cortinas e persianas motorizadas:<\/strong> Permitem controle remoto para ajustar a entrada de luz natural de forma pr\u00e1tica.<br>\u2714 <strong>Assistentes de voz e hubs inteligentes:<\/strong> Controlam diversos dispositivos do ambiente, como luzes, som e temperatura.<br>\u2714 <strong>Tomadas e interruptores inteligentes:<\/strong> Podem ser programados para ligar e desligar aparelhos conforme a necessidade.<br>\u2714 <strong>Fechaduras eletr\u00f4nicas:<\/strong> Garantem seguran\u00e7a e praticidade, eliminando a necessidade de chaves f\u00edsicas.<\/p>\n\n\n\n<p>\ud83d\udccc <strong>Exemplo pr\u00e1tico:<\/strong> Em uma casa moderna, <strong>um sistema de automa\u00e7\u00e3o integrado pode ajustar a temperatura do ar-condicionado e a ilumina\u00e7\u00e3o do ambiente conforme o per\u00edodo do dia, garantindo mais conforto e efici\u00eancia energ\u00e9tica<\/strong>.<\/p>\n\n\n\n<p><strong>Erro comum a evitar: <\/strong>\u274c <strong>Adicionar tecnologia em excesso sem planejamento pode tornar o ambiente complexo e pouco intuitivo para os usu\u00e1rios.<\/strong><\/p>\n\n\n\n<p><strong>Dica pr\u00e1tica:<\/strong> Opte <strong>por solu\u00e7\u00f5es que realmente agreguem valor \u00e0 rotina, priorizando dispositivos de f\u00e1cil opera\u00e7\u00e3o e que possam ser controlados por aplicativos intuitivos<\/strong>.<\/p>\n\n\n\n<hr class=\"wp-block-separator has-alpha-channel-opacity\"\/>\n\n\n\n<h2 id='4-quais-s\u00e3o-os-erros-mais-comuns-ao-planejar-um-espa\u00e7o-compacto'  class=\"wp-block-heading\"><strong>4. Quais s\u00e3o os erros mais comuns ao planejar um espa\u00e7o compacto?<\/strong><\/h2>\n\n\n\n<p>Ambientes pequenos <strong>precisam ser bem planejados para evitar a sensa\u00e7\u00e3o de aperto e garantir funcionalidade no dia a dia<\/strong>. Alguns erros podem comprometer o conforto e a efici\u00eancia do espa\u00e7o.<\/p>\n\n\n\n<h3 id='erros-mais-comuns-e-como-evit\u00e1-los'  class=\"wp-block-heading\"><strong>Erros mais comuns e como evit\u00e1-los:<\/strong><\/h3>\n\n\n\n<p>\u274c <strong>Escolher m\u00f3veis desproporcionais:<\/strong> M\u00f3veis muito grandes podem comprometer a circula\u00e7\u00e3o e tornar o ambiente claustrof\u00f3bico.<br>\u2714 <strong>Solu\u00e7\u00e3o:<\/strong> Prefira pe\u00e7as compactas e planejadas, que se ajustem perfeitamente ao espa\u00e7o dispon\u00edvel.<\/p>\n\n\n\n<p>\u274c <strong>Ignorar o planejamento de armazenamento:<\/strong> Falta de organiza\u00e7\u00e3o pode gerar ac\u00famulo de objetos e prejudicar a est\u00e9tica do ambiente.<br>\u2714 <strong>Solu\u00e7\u00e3o:<\/strong> Aposte em m\u00f3veis com compartimentos internos, prateleiras embutidas e gavetas ocultas para otimizar o armazenamento.<\/p>\n\n\n\n<p>\u274c <strong>Exagerar na decora\u00e7\u00e3o:<\/strong> Muitos elementos decorativos podem criar um ambiente visualmente carregado e desorganizado.<br>\u2714 <strong>Solu\u00e7\u00e3o:<\/strong> Escolha poucos itens de destaque, como quadros minimalistas, lumin\u00e1rias modernas e plantas estrat\u00e9gicas.<\/p>\n\n\n\n<p>\u274c <strong>Ilumina\u00e7\u00e3o mal distribu\u00edda:<\/strong> Ambientes pequenos podem parecer ainda menores quando n\u00e3o possuem ilumina\u00e7\u00e3o adequada.<br>\u2714 <strong>Solu\u00e7\u00e3o:<\/strong> Invista em luzes indiretas, ilumina\u00e7\u00e3o embutida e espelhos para ampliar visualmente o espa\u00e7o.<\/p>\n\n\n\n<p>\ud83d\udccc <strong>Exemplo pr\u00e1tico:<\/strong> Em um apartamento compacto, <strong>um sof\u00e1 modular, uma mesa dobr\u00e1vel e um espelho grande na parede ajudam a maximizar a funcionalidade e ampliar o ambiente visualmente<\/strong>.<\/p>","protected":false},"excerpt":{"rendered":"<p>A Nova Abordagem para Projetos Inteligentes O conceito de projetar ambientes evoluiu al\u00e9m da simples ocupa\u00e7\u00e3o de espa\u00e7os. Atualmente, o&#8230;<\/p>","protected":false},"author":1,"featured_media":603,"comment_status":"open","ping_status":"open","sticky":false,"template":"","format":"standard","meta":{"_kad_post_transparent":"","_kad_post_title":"","_kad_post_layout":"","_kad_post_sidebar_id":"","_kad_post_content_style":"","_kad_post_vertical_padding":"","_kad_post_feature":"","_kad_post_feature_position":"","_kad_post_header":false,"_kad_post_footer":false,"_kad_post_classname":"","footnotes":"","jetpack_publicize_message":"","jetpack_publicize_feature_enabled":true,"jetpack_social_post_already_shared":false,"jetpack_social_options":{"image_generator_settings":{"template":"highway","default_image_id":0,"font":"","enabled":false},"version":2}},"categories":[16],"tags":[12],"class_list":["post-602","post","type-post","status-publish","format-standard","has-post-thumbnail","hentry","category-casa-e-jardim","tag-projetos-inovadores"],"jetpack_publicize_connections":[],"jetpack_featured_media_url":"https:\/\/i0.wp.com\/1truenote.com\/wp-content\/uploads\/2025\/03\/Design-sem-nome.webp?fit=600%2C400&ssl=1","jetpack_sharing_enabled":true,"_links":{"self":[{"href":"https:\/\/1truenote.com\/en\/wp-json\/wp\/v2\/posts\/602","targetHints":{"allow":["GET"]}}],"collection":[{"href":"https:\/\/1truenote.com\/en\/wp-json\/wp\/v2\/posts"}],"about":[{"href":"https:\/\/1truenote.com\/en\/wp-json\/wp\/v2\/types\/post"}],"author":[{"embeddable":true,"href":"https:\/\/1truenote.com\/en\/wp-json\/wp\/v2\/users\/1"}],"replies":[{"embeddable":true,"href":"https:\/\/1truenote.com\/en\/wp-json\/wp\/v2\/comments?post=602"}],"version-history":[{"count":0,"href":"https:\/\/1truenote.com\/en\/wp-json\/wp\/v2\/posts\/602\/revisions"}],"wp:featuredmedia":[{"embeddable":true,"href":"https:\/\/1truenote.com\/en\/wp-json\/wp\/v2\/media\/603"}],"wp:attachment":[{"href":"https:\/\/1truenote.com\/en\/wp-json\/wp\/v2\/media?parent=602"}],"wp:term":[{"taxonomy":"category","embeddable":true,"href":"https:\/\/1truenote.com\/en\/wp-json\/wp\/v2\/categories?post=602"},{"taxonomy":"post_tag","embeddable":true,"href":"https:\/\/1truenote.com\/en\/wp-json\/wp\/v2\/tags?post=602"}],"curies":[{"name":"wp","href":"https:\/\/api.w.org\/{rel}","templated":true}]}}