{"id":583,"date":"2025-03-04T20:26:31","date_gmt":"2025-03-04T20:26:31","guid":{"rendered":"https:\/\/1truenote.com\/?p=583"},"modified":"2025-04-21T17:13:26","modified_gmt":"2025-04-21T17:13:26","slug":"tecnicas-eficientes-para-projetos-e-construcao-de-espacos-compactos-com-funcionalidade-otimizacao-e-design-inteligente","status":"publish","type":"post","link":"https:\/\/1truenote.com\/en\/tecnicas-eficientes-para-projetos-e-construcao-de-espacos-compactos-com-funcionalidade-otimizacao-e-design-inteligente\/","title":{"rendered":"T\u00e9cnicas eficientes para projetos e constru\u00e7\u00e3o de espa\u00e7os compactos com funcionalidade, otimiza\u00e7\u00e3o e design inteligente"},"content":{"rendered":"<h2 id='a-evolu\u00e7\u00e3o-dos-espa\u00e7os-compactos-na-constru\u00e7\u00e3o-moderna'  class=\"wp-block-heading\"><strong>A Evolu\u00e7\u00e3o dos Espa\u00e7os Compactos na Constru\u00e7\u00e3o Moderna<\/strong><\/h2>\n\n\n\n<p>O conceito de <strong>espa\u00e7os compactos<\/strong> tem passado por uma grande transforma\u00e7\u00e3o nos \u00faltimos anos, tornando-se uma solu\u00e7\u00e3o eficiente para maximizar o uso de \u00e1reas reduzidas sem comprometer o conforto e a funcionalidade.<\/p>\n\n\n\n<p>Com a crescente busca por <strong>ambientes pr\u00e1ticos, bem planejados e adapt\u00e1veis ao dia a dia moderno<\/strong>, arquitetos e designers passaram a priorizar estrat\u00e9gias que <strong>aproveitam melhor cada metro quadrado<\/strong>, garantindo praticidade e fluidez.<\/p>\n\n\n\n<p>Projetar e construir espa\u00e7os compactos <strong>n\u00e3o se trata apenas de reduzir a metragem<\/strong>, mas sim de criar ambientes <strong>inteligentes, funcionais e visualmente equilibrados<\/strong>, onde tudo tem um prop\u00f3sito bem definido.<\/p>\n\n\n\n<hr class=\"wp-block-separator has-alpha-channel-opacity\"\/>\n\n\n\n<h2 id='o-crescimento-da-demanda-por-ambientes-funcionais-e-bem-planejados'  class=\"wp-block-heading\"><strong>O Crescimento da Demanda por Ambientes Funcionais e Bem Planejados<\/strong><\/h2>\n\n\n\n<p>Com a urbaniza\u00e7\u00e3o acelerada e a necessidade de habita\u00e7\u00f5es mais acess\u00edveis e pr\u00e1ticas, a busca por <strong>espa\u00e7os compactos e otimizados<\/strong> cresceu consideravelmente. <strong>Apartamentos menores, microcasas e est\u00fadios inteligentes<\/strong> se tornaram op\u00e7\u00f5es cada vez mais populares, impulsionando novas abordagens no setor de constru\u00e7\u00e3o.<\/p>\n\n\n\n<h3 id='fatores-que-impulsionam-essa-tend\u00eancia'  class=\"wp-block-heading\"><strong>Fatores que impulsionam essa tend\u00eancia:<\/strong><\/h3>\n\n\n\n<p>\ud83c\udfd9 <strong>A alta densidade populacional em centros urbanos:<\/strong> Com terrenos cada vez mais disputados, otimizar o espa\u00e7o se tornou essencial.<\/p>\n\n\n\n<p>\ud83d\udcb0 <strong>Redu\u00e7\u00e3o de custos:<\/strong> Moradias menores geram menos gastos com manuten\u00e7\u00e3o, energia e mobili\u00e1rio, tornando-se mais acess\u00edveis.<\/p>\n\n\n\n<p>\ud83d\udecb <strong>Praticidade e funcionalidade:<\/strong> Ambientes bem planejados oferecem tudo o que \u00e9 necess\u00e1rio sem desperd\u00edcio de espa\u00e7o.<\/p>\n\n\n\n<p>\ud83d\udd04 <strong>Flexibilidade e adapta\u00e7\u00e3o \u00e0s necessidades modernas:<\/strong> Um bom projeto permite que um mesmo ambiente tenha m\u00faltiplas fun\u00e7\u00f5es ao longo do dia.<\/p>\n\n\n\n<p>Com isso, o setor de constru\u00e7\u00e3o passou a investir em <strong>solu\u00e7\u00f5es que aliam design inteligente e aproveitamento m\u00e1ximo da \u00e1rea dispon\u00edvel<\/strong>, garantindo que espa\u00e7os reduzidos sejam <strong>confort\u00e1veis, eficientes e visualmente agrad\u00e1veis<\/strong>.<\/p>\n\n\n\n<hr class=\"wp-block-separator has-alpha-channel-opacity\"\/>\n\n\n\n<h2 id='como-a-otimiza\u00e7\u00e3o-de-espa\u00e7os-compactos-melhora-a-experi\u00eancia-do-usu\u00e1rio'  class=\"wp-block-heading\"><strong>Como a Otimiza\u00e7\u00e3o de Espa\u00e7os Compactos Melhora a Experi\u00eancia do Usu\u00e1rio<\/strong><\/h2>\n\n\n\n<p>Quando um espa\u00e7o pequeno <strong>\u00e9 projetado corretamente<\/strong>, ele se torna <strong>mais pr\u00e1tico, organizado e agrad\u00e1vel para o dia a dia<\/strong>. A otimiza\u00e7\u00e3o n\u00e3o se resume apenas \u00e0 metragem, mas sim \u00e0 forma como <strong>cada elemento do ambiente \u00e9 planejado e distribu\u00eddo<\/strong>.<\/p>\n\n\n\n<h3 id='benef\u00edcios-diretos-da-otimiza\u00e7\u00e3o-eficiente'  class=\"wp-block-heading\"><strong>Benef\u00edcios diretos da otimiza\u00e7\u00e3o eficiente:<\/strong><\/h3>\n\n\n\n<p>\u2714 <strong>Ambientes vers\u00e1teis e multifuncionais:<\/strong> Permitem que um \u00fanico c\u00f4modo tenha diferentes usos, como uma sala que se transforma em escrit\u00f3rio ou um quarto que vira \u00e1rea de lazer.<\/p>\n\n\n\n<p>\u2714 <strong>Melhor aproveitamento da metragem:<\/strong> Nada fica desperdi\u00e7ado, e cada canto tem uma fun\u00e7\u00e3o clara.<\/p>\n\n\n\n<p>\u2714 <strong>Sensa\u00e7\u00e3o de amplitude:<\/strong> O uso de elementos como cores claras, ilumina\u00e7\u00e3o bem-posicionada e m\u00f3veis proporcionais evita a sensa\u00e7\u00e3o de aperto.<\/p>\n\n\n\n<p>\u2714 <strong>Facilidade na organiza\u00e7\u00e3o e manuten\u00e7\u00e3o:<\/strong> Com menos objetos e um layout funcional, manter a ordem se torna muito mais simples.<\/p>\n\n\n\n<p>\u2714 <strong>Mais conforto e praticidade no dia a dia:<\/strong> Quando tudo est\u00e1 bem planejado, a rotina se torna mais fluida e eficiente.<\/p>\n\n\n\n<p><strong>Exemplo pr\u00e1tico: <\/strong>Em um apartamento compacto, <strong>a integra\u00e7\u00e3o entre cozinha, sala de estar e home office<\/strong> pode ser feita de maneira harmoniosa usando <strong>m\u00f3veis planejados e solu\u00e7\u00f5es flex\u00edveis<\/strong>, como bancadas dobr\u00e1veis e nichos embutidos.<\/p>\n\n\n\n<hr class=\"wp-block-separator has-alpha-channel-opacity\"\/>\n\n\n\n<h2 id='a-import\u00e2ncia-de-um-design-inteligente-para-garantir-efici\u00eancia-sem-comprometer-o-conforto'  class=\"wp-block-heading\"><strong>A Import\u00e2ncia de um Design Inteligente para Garantir Efici\u00eancia sem Comprometer o Conforto<\/strong><\/h2>\n\n\n\n<p>Projetar um espa\u00e7o compacto n\u00e3o significa apenas reduzir o n\u00famero de m\u00f3veis ou remover elementos decorativos. Um <strong>design bem pensado<\/strong> leva em conta <strong>a funcionalidade do ambiente, a circula\u00e7\u00e3o e o conforto do usu\u00e1rio<\/strong>, garantindo que mesmo um espa\u00e7o pequeno <strong>seja pr\u00e1tico, aconchegante e eficiente<\/strong>.<\/p>\n\n\n\n<h3 id='elementos-essenciais-para-um-design-inteligente'  class=\"wp-block-heading\"><strong>Elementos essenciais para um design inteligente:<\/strong><\/h3>\n\n\n\n<p>\ud83d\udecb <strong>M\u00f3veis multifuncionais:<\/strong> Sof\u00e1s-camas, mesas dobr\u00e1veis e nichos embutidos garantem versatilidade ao ambiente.<\/p>\n\n\n\n<p>\ud83d\udeaa <strong>Integra\u00e7\u00e3o de ambientes:<\/strong> Layouts abertos eliminam barreiras visuais e aumentam a sensa\u00e7\u00e3o de amplitude.<\/p>\n\n\n\n<p>\ud83c\udfa8 <strong>Uso de paletas neutras e materiais leves:<\/strong> Criam uma atmosfera equilibrada e ajudam a ampliar visualmente o espa\u00e7o.<\/p>\n\n\n\n<p>\ud83d\udca1 <strong>Ilumina\u00e7\u00e3o bem distribu\u00edda:<\/strong> Ambientes bem iluminados tornam o espa\u00e7o mais aconchegante e funcional.<\/p>\n\n\n\n<p>\ud83d\udce6 <strong>Armazenamento embutido:<\/strong> Solu\u00e7\u00f5es como prateleiras verticais, gavetas ocultas e m\u00f3veis planejados ajudam a manter a organiza\u00e7\u00e3o sem comprometer a est\u00e9tica.<\/p>\n\n\n\n<p>Quando bem aplicadas, essas t\u00e9cnicas tornam <strong>ambientes compactos muito mais pr\u00e1ticos e confort\u00e1veis<\/strong>, proporcionando qualidade de vida sem necessidade de grandes metragens.<\/p>\n\n\n\n<p><strong>Erro comum a evitar: <\/strong>\u274c <strong>O excesso de m\u00f3veis pode comprometer a funcionalidade do espa\u00e7o.<\/strong> Escolher apenas o essencial e distribuir os elementos de forma estrat\u00e9gica faz toda a diferen\u00e7a.<\/p>\n\n\n\n<p><strong>Dica pr\u00e1tica:<\/strong> Para manter um design funcional sem comprometer o conforto, <strong>sempre priorize m\u00f3veis que tenham mais de uma utilidade e evite elementos que ocupem espa\u00e7o sem necessidade real<\/strong>.<\/p>\n\n\n\n<hr class=\"wp-block-separator has-alpha-channel-opacity\"\/>\n\n\n\n<h2 id='planejamento-estrat\u00e9gico-como-projetar-um-espa\u00e7o-compacto-eficiente'  class=\"wp-block-heading\"><strong>Planejamento Estrat\u00e9gico: Como Projetar um Espa\u00e7o Compacto Eficiente<\/strong><\/h2>\n\n\n\n<p>Projetar um <strong>espa\u00e7o compacto eficiente<\/strong> exige muito mais do que apenas reduzir a metragem. Um planejamento bem estruturado garante que <strong>cada metro quadrado seja aproveitado ao m\u00e1ximo<\/strong>, sem comprometer a funcionalidade ou a fluidez do ambiente.<\/p>\n\n\n\n<p>Antes de iniciar qualquer projeto, <strong>\u00e9 essencial definir prioridades, entender as reais necessidades do usu\u00e1rio e escolher um layout inteligente<\/strong>, que valorize <strong>circula\u00e7\u00e3o, ilumina\u00e7\u00e3o e solu\u00e7\u00f5es arquitet\u00f4nicas funcionais<\/strong>. Com as estrat\u00e9gias certas, mesmo um ambiente pequeno pode se tornar <strong>vers\u00e1til, confort\u00e1vel e altamente eficiente<\/strong>.<\/p>\n\n\n\n<hr class=\"wp-block-separator has-alpha-channel-opacity\"\/>\n\n\n\n<h2 id='a-defini\u00e7\u00e3o-de-necessidades-e-prioridades-antes-da-constru\u00e7\u00e3o'  class=\"wp-block-heading\"><strong>A Defini\u00e7\u00e3o de Necessidades e Prioridades Antes da Constru\u00e7\u00e3o<\/strong><\/h2>\n\n\n\n<p>O primeiro passo para um projeto compacto bem-sucedido \u00e9 <strong>entender a rotina e as necessidades do espa\u00e7o<\/strong>. Cada ambiente deve ser pensado para <strong>atender ao estilo de vida do usu\u00e1rio<\/strong>, garantindo <strong>praticidade e otimiza\u00e7\u00e3o<\/strong> sem desperd\u00edcios de \u00e1rea.<\/p>\n\n\n\n<h3 id='como-definir-as-prioridades-antes-da-constru\u00e7\u00e3o'  class=\"wp-block-heading\"><strong>Como definir as prioridades antes da constru\u00e7\u00e3o?<\/strong><\/h3>\n\n\n\n<p>\u2714 <strong>Analise a rotina dos moradores:<\/strong> O espa\u00e7o ser\u00e1 usado para trabalho, lazer, descanso ou todas as op\u00e7\u00f5es? Isso influencia diretamente no design e na disposi\u00e7\u00e3o dos ambientes.<br>\u2714 <strong>Defina os ambientes essenciais:<\/strong> Em projetos compactos, evitar \u00e1reas subutilizadas ou com pouca funcionalidade \u00e9 fundamental para otimizar a metragem.<br>\u2714 <strong>Escolha m\u00f3veis e solu\u00e7\u00f5es adapt\u00e1veis:<\/strong> Ambientes pequenos exigem <strong>flexibilidade<\/strong>, ent\u00e3o priorizar <strong>m\u00f3veis multifuncionais<\/strong> \u00e9 essencial para manter a praticidade.<br>\u2714 <strong>Identifique \u00e1reas de armazenamento estrat\u00e9gicas:<\/strong> Um bom planejamento garante <strong>espa\u00e7o suficiente para guardar objetos sem comprometer a circula\u00e7\u00e3o<\/strong>.<br>\u2714 <strong>Priorize a ilumina\u00e7\u00e3o e ventila\u00e7\u00e3o natural:<\/strong> Ambientes bem iluminados e arejados parecem maiores e mais confort\u00e1veis.<\/p>\n\n\n\n<p><strong>Exemplo pr\u00e1tico:<\/strong> Se o espa\u00e7o for pequeno e precisar comportar diferentes atividades, <strong>um mesmo c\u00f4modo pode funcionar como sala de estar, home office e espa\u00e7o de refei\u00e7\u00f5es<\/strong>, desde que o layout e os m\u00f3veis sejam planejados para se adaptar a cada uso.<\/p>\n\n\n\n<hr class=\"wp-block-separator has-alpha-channel-opacity\"\/>\n\n\n\n<h2 id='o-impacto-do-layout-na-funcionalidade-e-aproveitamento-do-espa\u00e7o'  class=\"wp-block-heading\"><strong>O Impacto do Layout na Funcionalidade e Aproveitamento do Espa\u00e7o<\/strong><\/h2>\n\n\n\n<p>O <strong>layout<\/strong> define como os elementos do espa\u00e7o s\u00e3o organizados e distribu\u00eddos. Em projetos compactos, <strong>cada decis\u00e3o de layout influencia diretamente na usabilidade do ambiente<\/strong>.<\/p>\n\n\n\n<h3 id='dicas-para-criar-um-layout-eficiente'  class=\"wp-block-heading\"><strong>Dicas para criar um layout eficiente:<\/strong><\/h3>\n\n\n\n<p>\ud83d\udecb <strong>Ambientes integrados:<\/strong> Salas, cozinhas e \u00e1reas de trabalho podem ser planejadas em um \u00fanico espa\u00e7o, sem divis\u00f3rias pesadas, garantindo amplitude e fluidez.<\/p>\n\n\n\n<p>\ud83d\udccf <strong>Evite corredores desnecess\u00e1rios:<\/strong> Quanto mais eficiente for a disposi\u00e7\u00e3o dos c\u00f4modos, maior ser\u00e1 o aproveitamento da \u00e1rea \u00fatil.<\/p>\n\n\n\n<p>\ud83d\udd04 <strong>Aposte em m\u00f3veis proporcionais:<\/strong> Sof\u00e1s muito grandes, mesas volumosas e arm\u00e1rios profundos podem comprometer a circula\u00e7\u00e3o. O ideal \u00e9 sempre optar por pe\u00e7as compactas e funcionais.<\/p>\n\n\n\n<p>\ud83d\udeaa <strong>Utilize portas de correr ou embutidas:<\/strong> Diferente das portas tradicionais, que exigem espa\u00e7o para abertura, <strong>portas de correr ajudam a otimizar \u00e1reas reduzidas<\/strong>.<\/p>\n\n\n\n<p>\ud83d\uddbc <strong>Crie continuidade visual:<\/strong> O uso de cores neutras, ilumina\u00e7\u00e3o uniforme e revestimentos cont\u00ednuos contribui para uma sensa\u00e7\u00e3o de amplitude.<\/p>\n\n\n\n<p><strong>Erro comum a evitar: <\/strong>\u274c <strong>M\u00f3veis desalinhados com a circula\u00e7\u00e3o do ambiente podem comprometer a funcionalidade.<\/strong> O ideal \u00e9 posicionar cada pe\u00e7a de forma estrat\u00e9gica, evitando bloqueios ou desperd\u00edcios de espa\u00e7o.<\/p>\n\n\n\n<p><strong>Dica pr\u00e1tica:<\/strong> Antes de definir o layout final, <strong>fa\u00e7a simula\u00e7\u00f5es no papel ou em programas de modelagem 3D<\/strong> para testar diferentes disposi\u00e7\u00f5es e escolher a mais funcional.<\/p>\n\n\n\n<hr class=\"wp-block-separator has-alpha-channel-opacity\"\/>\n\n\n\n<h2 id='solu\u00e7\u00f5es-arquitet\u00f4nicas-que-otimizam-a-metragem-sem-comprometer-a-fluidez'  class=\"wp-block-heading\"><strong>Solu\u00e7\u00f5es Arquitet\u00f4nicas que Otimizam a Metragem sem Comprometer a Fluidez<\/strong><\/h2>\n\n\n\n<p>Al\u00e9m do layout, <strong>detalhes arquitet\u00f4nicos podem transformar um espa\u00e7o pequeno em um ambiente altamente otimizado<\/strong>. Algumas solu\u00e7\u00f5es podem <strong>maximizar a metragem \u00fatil sem comprometer a sensa\u00e7\u00e3o de amplitude<\/strong>.<\/p>\n\n\n\n<h3 id='solu\u00e7\u00f5es-inteligentes-para-espa\u00e7os-compactos'  class=\"wp-block-heading\"><strong>Solu\u00e7\u00f5es inteligentes para espa\u00e7os compactos:<\/strong><\/h3>\n\n\n\n<p>\ud83d\udce6 <strong>Uso de p\u00e9-direito alto:<\/strong> Permite a cria\u00e7\u00e3o de mezaninos ou \u00e1reas de armazenamento vertical sem comprometer a circula\u00e7\u00e3o.<\/p>\n\n\n\n<p>\ud83d\udd33 <strong>M\u00f3veis embutidos e marcenaria planejada:<\/strong> Aproveitam nichos e cantos que normalmente ficariam inutilizados.<\/p>\n\n\n\n<p>\ud83e\ude9f <strong>Janelas amplas e espelhos estrat\u00e9gicos:<\/strong> Ampliam a sensa\u00e7\u00e3o de espa\u00e7o e garantem maior ilumina\u00e7\u00e3o natural.<\/p>\n\n\n\n<p>\ud83c\udfe0 <strong>Pisos cont\u00ednuos e aus\u00eancia de desn\u00edveis:<\/strong> Criam um ambiente visualmente maior e evitam divis\u00f5es desnecess\u00e1rias.<\/p>\n\n\n\n<p>\ud83c\udfa8 <strong>Paleta de cores suaves e acabamentos refletivos:<\/strong> Cores claras e texturas leves aumentam a luminosidade e proporcionam um efeito de amplitude.<\/p>\n\n\n\n<p><strong>Exemplo pr\u00e1tico: <\/strong>Em um apartamento compacto, <strong>substituir paredes tradicionais por divis\u00f3rias vazadas ou estantes modulares<\/strong> permite delimitar espa\u00e7os sem comprometer a fluidez.<\/p>\n\n\n\n<hr class=\"wp-block-separator has-alpha-channel-opacity\"\/>\n\n\n\n<p>Um espa\u00e7o compacto <strong>bem planejado n\u00e3o significa abrir m\u00e3o do conforto ou da funcionalidade<\/strong>. Com um <strong>planejamento estrat\u00e9gico, um layout eficiente e solu\u00e7\u00f5es arquitet\u00f4nicas inteligentes<\/strong>, \u00e9 poss\u00edvel <strong>transformar qualquer ambiente reduzido em um local pr\u00e1tico, agrad\u00e1vel e altamente otimizado<\/strong>.<\/p>\n\n\n\n<p>\u2714 <strong>Definir prioridades antes da constru\u00e7\u00e3o evita desperd\u00edcios e garante um melhor aproveitamento do espa\u00e7o.<\/strong><br>\u2714 <strong>Um layout bem planejado melhora a circula\u00e7\u00e3o e a funcionalidade do ambiente.<\/strong><br>\u2714 <strong>Solu\u00e7\u00f5es arquitet\u00f4nicas inteligentes maximizam a metragem sem comprometer a fluidez.<\/strong><\/p>\n\n\n\n<p>Com essas estrat\u00e9gias, qualquer espa\u00e7o compacto pode se tornar <strong>vers\u00e1til, aconchegante e eficiente para o dia a dia<\/strong>.<\/p>\n\n\n\n<hr class=\"wp-block-separator has-alpha-channel-opacity\"\/>\n\n\n\n<h2 id='layout-inteligente-estrat\u00e9gias-para-melhor-aproveitamento-do-espa\u00e7o'  class=\"wp-block-heading\"><strong>Layout Inteligente: Estrat\u00e9gias para Melhor Aproveitamento do Espa\u00e7o<\/strong><\/h2>\n\n\n\n<p>Um layout bem planejado <strong>\u00e9 o alicerce de um espa\u00e7o compacto eficiente<\/strong>. Quando cada elemento \u00e9 posicionado estrategicamente, o ambiente se torna <strong>mais funcional, organizado e confort\u00e1vel<\/strong>, permitindo um melhor aproveitamento da \u00e1rea dispon\u00edvel.<\/p>\n\n\n\n<p>O grande desafio dos espa\u00e7os reduzidos \u00e9 <strong>manter a fluidez e a organiza\u00e7\u00e3o sem comprometer a delimita\u00e7\u00e3o das fun\u00e7\u00f5es<\/strong>. Para isso, <strong>a integra\u00e7\u00e3o inteligente dos ambientes, o uso de divis\u00f3rias flex\u00edveis e a circula\u00e7\u00e3o livre<\/strong> s\u00e3o fundamentais para criar um espa\u00e7o <strong>vers\u00e1til, pr\u00e1tico e visualmente equilibrado<\/strong>.<\/p>\n\n\n\n<hr class=\"wp-block-separator has-alpha-channel-opacity\"\/>\n\n\n\n<h2 id='como-criar-ambientes-integrados-sem-perder-a-delimita\u00e7\u00e3o-de-fun\u00e7\u00f5es'  class=\"wp-block-heading\"><strong>Como Criar Ambientes Integrados sem Perder a Delimita\u00e7\u00e3o de Fun\u00e7\u00f5es<\/strong><\/h2>\n\n\n\n<p>Em espa\u00e7os compactos, integrar ambientes <strong>\u00e9 uma estrat\u00e9gia essencial para ampliar a sensa\u00e7\u00e3o de espa\u00e7o<\/strong>, melhorar a ilumina\u00e7\u00e3o natural e criar uma fluidez mais agrad\u00e1vel. No entanto, <strong>\u00e9 importante que cada \u00e1rea mantenha sua identidade e funcionalidade<\/strong>, garantindo conforto e praticidade no dia a dia.<\/p>\n\n\n\n<h3 id='dicas-para-uma-integra\u00e7\u00e3o-eficiente-sem-comprometer-as-fun\u00e7\u00f5es'  class=\"wp-block-heading\"><strong>Dicas para uma integra\u00e7\u00e3o eficiente sem comprometer as fun\u00e7\u00f5es:<\/strong><\/h3>\n\n\n\n<p>\ud83d\udecb <strong>Defina cada \u00e1rea pelo uso e n\u00e3o por paredes:<\/strong> Em vez de separa\u00e7\u00f5es r\u00edgidas, organize o layout de forma que cada zona do ambiente tenha um prop\u00f3sito claro.<\/p>\n\n\n\n<p>\ud83d\udcd0 <strong>Use elementos visuais para delimitar os espa\u00e7os:<\/strong> Tapetes, cores diferentes nas paredes e mudan\u00e7as sutis de revestimento ajudam a diferenciar as \u00e1reas sem necessidade de barreiras f\u00edsicas.<\/p>\n\n\n\n<p>\ud83e\ude91 <strong>Escolha m\u00f3veis que fa\u00e7am a transi\u00e7\u00e3o entre ambientes:<\/strong> Um sof\u00e1 pode separar a sala da \u00e1rea de jantar, assim como um balc\u00e3o pode dividir a cozinha sem fechar o espa\u00e7o.<\/p>\n\n\n\n<p>\ud83d\udca1 <strong>Aposte na ilumina\u00e7\u00e3o setorizada:<\/strong> Lustres e lumin\u00e1rias direcionadas podem marcar as diferentes fun\u00e7\u00f5es do ambiente sem precisar de divis\u00f3rias fixas.<\/p>\n\n\n\n<p><strong>Exemplo pr\u00e1tico: <\/strong>Em um est\u00fadio compacto, uma <strong>cozinha americana integrada \u00e0 sala<\/strong> mant\u00e9m a funcionalidade de ambos os espa\u00e7os sem precisar de paredes que ocupam \u00e1rea \u00fatil. <strong>Um balc\u00e3o de refei\u00e7\u00f5es pode funcionar como divis\u00f3ria visual e ainda servir como mesa multifuncional.<\/strong><\/p>\n\n\n\n<hr class=\"wp-block-separator has-alpha-channel-opacity\"\/>\n\n\n\n<h2 id='uso-de-divis\u00f3rias-flex\u00edveis-para-adapta\u00e7\u00e3o-conforme-as-necessidades-do-morador'  class=\"wp-block-heading\"><strong>Uso de Divis\u00f3rias Flex\u00edveis para Adapta\u00e7\u00e3o Conforme as Necessidades do Morador<\/strong><\/h2>\n\n\n\n<p>Nem sempre um ambiente integrado significa <strong>aus\u00eancia total de separa\u00e7\u00e3o<\/strong>. Em muitos casos, pode ser necess\u00e1rio criar <strong>algum n\u00edvel de privacidade ou delimita\u00e7\u00e3o<\/strong>, sem comprometer a circula\u00e7\u00e3o e a flexibilidade do espa\u00e7o.<\/p>\n\n\n\n<h3 id='solu\u00e7\u00f5es-de-divis\u00f3rias-flex\u00edveis-para-ambientes-compactos'  class=\"wp-block-heading\"><strong>Solu\u00e7\u00f5es de divis\u00f3rias flex\u00edveis para ambientes compactos:<\/strong><\/h3>\n\n\n\n<p>\ud83d\udeaa <strong>Portas de correr e pain\u00e9is deslizantes:<\/strong> Podem ser abertas para criar um ambiente amplo ou fechadas quando necess\u00e1rio.<\/p>\n\n\n\n<p>\ud83d\udcda <strong>Estantes vazadas e nichos modulares:<\/strong> Al\u00e9m de servirem como divis\u00f3rias, ainda oferecem espa\u00e7o para armazenamento e decora\u00e7\u00e3o.<\/p>\n\n\n\n<p>\ud83d\udecf <strong>Cortinas leves ou persianas verticais:<\/strong> Uma solu\u00e7\u00e3o simples para criar privacidade sem adicionar peso visual ao ambiente.<\/p>\n\n\n\n<p>\ud83c\udfe1 <strong>Biombos e pain\u00e9is dobr\u00e1veis:<\/strong> Permitem separar temporariamente os espa\u00e7os e podem ser recolhidos quando n\u00e3o est\u00e3o em uso.<\/p>\n\n\n\n<p>\ud83e\ude9e <strong>Divis\u00f3rias de vidro ou acr\u00edlico fosco:<\/strong> Criam uma sensa\u00e7\u00e3o de separa\u00e7\u00e3o sem impedir a passagem de luz, mantendo o ambiente arejado.<\/p>\n\n\n\n<p><strong>Exemplo pr\u00e1tico: <\/strong>Em um apartamento pequeno, uma <strong>porta de correr entre o quarto e a sala<\/strong> permite que o espa\u00e7o fique aberto durante o dia, proporcionando mais fluidez, e fechado \u00e0 noite para mais privacidade.<\/p>\n\n\n\n<hr class=\"wp-block-separator has-alpha-channel-opacity\"\/>\n\n\n\n<h2 id='a-import\u00e2ncia-da-circula\u00e7\u00e3o-livre-e-da-distribui\u00e7\u00e3o-equilibrada-dos-elementos'  class=\"wp-block-heading\"><strong>A Import\u00e2ncia da Circula\u00e7\u00e3o Livre e da Distribui\u00e7\u00e3o Equilibrada dos Elementos<\/strong><\/h2>\n\n\n\n<p>A disposi\u00e7\u00e3o dos m\u00f3veis e a organiza\u00e7\u00e3o do espa\u00e7o <strong>s\u00e3o fundamentais para manter um ambiente funcional e confort\u00e1vel<\/strong>. Um layout mal planejado pode dificultar a circula\u00e7\u00e3o, criando um ambiente visualmente carregado e pouco pr\u00e1tico.<\/p>\n\n\n\n<h3 id='dicas-para-manter-a-circula\u00e7\u00e3o-livre-e-um-espa\u00e7o-equilibrado'  class=\"wp-block-heading\"><strong>Dicas para manter a circula\u00e7\u00e3o livre e um espa\u00e7o equilibrado:<\/strong><\/h3>\n\n\n\n<p>\u2714 <strong>Evite obstruir passagens naturais:<\/strong> Sempre deixe \u00e1reas livres para deslocamento, garantindo pelo menos 60 cm de espa\u00e7o entre os m\u00f3veis.<\/p>\n\n\n\n<p>\u2714 <strong>Distribua os m\u00f3veis de forma equilibrada:<\/strong> Evite concentrar muitos elementos em uma \u00fanica \u00e1rea, pois isso pode tornar o ambiente desorganizado e sem harmonia.<\/p>\n\n\n\n<p>\u2714 <strong>Aproveite os cantos do ambiente:<\/strong> Prateleiras e nichos em \u00e1reas estrat\u00e9gicas otimizam o espa\u00e7o sem comprometer a circula\u00e7\u00e3o.<\/p>\n\n\n\n<p>\u2714 <strong>M\u00f3veis proporcionais ao ambiente:<\/strong> Escolha pe\u00e7as que se encaixem bem no espa\u00e7o, evitando m\u00f3veis grandes demais que dificultem o deslocamento.<\/p>\n\n\n\n<p>\u2714 <strong>Posicione m\u00f3veis de maneira estrat\u00e9gica:<\/strong> Sof\u00e1s e mesas devem ser alinhados com a circula\u00e7\u00e3o natural do ambiente, evitando criar bloqueios desnecess\u00e1rios.<\/p>\n\n\n\n<p><strong>Erro comum a evitar: <\/strong>\u274c <strong>Deixar o espa\u00e7o sobrecarregado com m\u00f3veis e objetos decorativos.<\/strong> Em espa\u00e7os reduzidos, menos \u00e9 mais: escolha itens essenciais e bem-posicionados.<\/p>\n\n\n\n<p><strong>Dica pr\u00e1tica:<\/strong> Se um ambiente parecer apertado, experimente <strong>reorganizar os m\u00f3veis e remover elementos desnecess\u00e1rios<\/strong>. \u00c0s vezes, <strong>um simples reposicionamento j\u00e1 melhora significativamente a fluidez e o conforto do espa\u00e7o<\/strong>.<\/p>\n\n\n\n<hr class=\"wp-block-separator has-alpha-channel-opacity\"\/>\n\n\n\n<p>O layout inteligente \u00e9 <strong>um dos pilares essenciais para a funcionalidade de espa\u00e7os compactos<\/strong>. A integra\u00e7\u00e3o bem planejada, o uso estrat\u00e9gico de divis\u00f3rias flex\u00edveis e a preocupa\u00e7\u00e3o com a circula\u00e7\u00e3o livre garantem <strong>um ambiente equilibrado, flu\u00eddo e confort\u00e1vel<\/strong>.<\/p>\n\n\n\n<p>\u2714 <strong>Ambientes integrados maximizam a sensa\u00e7\u00e3o de espa\u00e7o sem comprometer a funcionalidade.<\/strong><br>\u2714 <strong>Divis\u00f3rias flex\u00edveis oferecem versatilidade para adapta\u00e7\u00e3o do ambiente conforme as necessidades do usu\u00e1rio.<\/strong><br>\u2714 <strong>A distribui\u00e7\u00e3o equilibrada dos m\u00f3veis mant\u00e9m a circula\u00e7\u00e3o livre e melhora a experi\u00eancia no dia a dia.<\/strong><\/p>\n\n\n\n<p>Com essas estrat\u00e9gias, qualquer espa\u00e7o compacto pode se tornar <strong>mais din\u00e2mico, organizado e agrad\u00e1vel<\/strong>, proporcionando <strong>conforto e efici\u00eancia sem desperd\u00edcio de \u00e1rea \u00fatil<\/strong>.<\/p>\n\n\n\n<hr class=\"wp-block-separator has-alpha-channel-opacity\"\/>\n\n\n\n<h2 id='escolha-de-materiais-e-acabamentos-para-espa\u00e7os-compactos'  class=\"wp-block-heading\"><strong>Escolha de Materiais e Acabamentos para Espa\u00e7os Compactos<\/strong><\/h2>\n\n\n\n<p>A escolha correta de <strong>materiais e acabamentos<\/strong> \u00e9 essencial para que um espa\u00e7o compacto <strong>seja funcional, visualmente equilibrado e f\u00e1cil de manter<\/strong>. Al\u00e9m de definir a est\u00e9tica do ambiente, os materiais influenciam diretamente a <strong>sensa\u00e7\u00e3o de amplitude, a praticidade no dia a dia e a durabilidade da constru\u00e7\u00e3o<\/strong>.<\/p>\n\n\n\n<p>Para otimizar pequenos ambientes, \u00e9 fundamental apostar em <strong>materiais que tragam leveza, revestimentos que criem continuidade e superf\u00edcies que aliem resist\u00eancia e baixa manuten\u00e7\u00e3o<\/strong>. A seguir, veja <strong>como fazer escolhas estrat\u00e9gicas que potencializam o espa\u00e7o e garantem um acabamento sofisticado e eficiente<\/strong>.<\/p>\n\n\n\n<hr class=\"wp-block-separator has-alpha-channel-opacity\"\/>\n\n\n\n<h2 id='materiais-que-contribuem-para-uma-est\u00e9tica-leve-e-atemporal'  class=\"wp-block-heading\"><strong>Materiais que contribuem para uma Est\u00e9tica Leve e Atemporal<\/strong><\/h2>\n\n\n\n<p>Os materiais escolhidos para um espa\u00e7o compacto devem <strong>transmitir leveza e harmonia<\/strong>, evitando sobrecarga visual e garantindo um ambiente moderno e agrad\u00e1vel ao longo dos anos.<\/p>\n\n\n\n<h3 id='melhores-materiais-para-ambientes-compactos'  class=\"wp-block-heading\"><strong>Melhores materiais para ambientes compactos:<\/strong><\/h3>\n\n\n\n<p>\ud83c\udf3f <strong>Madeira clara:<\/strong> Proporciona um toque acolhedor e sofisticado sem pesar na composi\u00e7\u00e3o do ambiente.<br>\ud83e\udeb5 <strong>Laminados de alta resist\u00eancia:<\/strong> Alternativa acess\u00edvel para superf\u00edcies como bancadas e arm\u00e1rios, oferecendo <strong>durabilidade e f\u00e1cil manuten\u00e7\u00e3o<\/strong>.<br>\ud83c\udfad <strong>Cimento queimado ou microcimento:<\/strong> Criam um visual uniforme, eliminando rejuntes e ampliando visualmente o ambiente.<br>\ud83e\ude9e <strong>Vidro e acr\u00edlico:<\/strong> Ideais para m\u00f3veis e divis\u00f3rias, mantendo a fluidez e permitindo a passagem de luz.<br>\ud83c\udfa8 <strong>M\u00e1rmore ou porcelanato acetinado:<\/strong> Op\u00e7\u00f5es refinadas e de f\u00e1cil limpeza para pisos e bancadas.<br>\ud83c\udf8d <strong>Tecidos naturais (algod\u00e3o, linho e rattan):<\/strong> Usados em cortinas e estofados, trazem textura e equil\u00edbrio sem sobrecarregar o espa\u00e7o.<\/p>\n\n\n\n<p>A escolha de materiais <strong>atemporais e neutros<\/strong> evita que o ambiente fique datado rapidamente, garantindo um design que se mant\u00e9m elegante ao longo dos anos.<\/p>\n\n\n\n<p><strong>Erro comum a evitar: <\/strong>\u274c <strong>Misturar muitos materiais e texturas pesadas pode causar polui\u00e7\u00e3o visual.<\/strong> O ideal \u00e9 manter uma paleta coesa, combinando no m\u00e1ximo <strong>tr\u00eas tipos de acabamentos principais<\/strong>.<\/p>\n\n\n\n<p><strong>Dica pr\u00e1tica:<\/strong> Se o objetivo for criar um espa\u00e7o <strong>clean e sofisticado<\/strong>, priorize materiais naturais e superf\u00edcies cont\u00ednuas para evitar divis\u00f5es excessivas.<\/p>\n\n\n\n<hr class=\"wp-block-separator has-alpha-channel-opacity\"\/>\n\n\n\n<h2 id='como-revestimentos-cont\u00ednuos-e-paletas-neutrasliam-visualmente-o-ambiente'  class=\"wp-block-heading\"><strong>Como Revestimentos Cont\u00ednuos e Paletas Neutras Ampliam Visualmente o Ambiente<\/strong><\/h2>\n\n\n\n<p>Em espa\u00e7os compactos, o uso inteligente de <strong>revestimentos e cores<\/strong> pode criar <strong>a sensa\u00e7\u00e3o de um ambiente maior<\/strong>, tornando-o mais flu\u00eddo e confort\u00e1vel.<\/p>\n\n\n\n<h3 id='como-os-revestimentos-cont\u00ednuos-favorecem-alitude'  class=\"wp-block-heading\"><strong>Como os revestimentos cont\u00ednuos favorecem a amplitude?<\/strong><\/h3>\n\n\n\n<p>\u2705 <strong>Eliminam cortes e divis\u00f5es visuais:<\/strong> Pisos cont\u00ednuos, como cimento queimado ou porcelanato de grandes formatos, evitam a sensa\u00e7\u00e3o de &#8220;quebra&#8221; no ambiente.<br>\u2705 <strong>D\u00e3o unidade ao espa\u00e7o:<\/strong> Ao utilizar o mesmo revestimento em diferentes \u00e1reas (como sala e cozinha), o ambiente parece maior e mais coeso.<br>\u2705 <strong>Reduzem a polui\u00e7\u00e3o visual:<\/strong> Quanto menos rejuntes e desn\u00edveis, mais leve e flu\u00eddo fica o ambiente.<\/p>\n\n\n\n<h3 id='o-poder-das-paletas-neutras-em-espa\u00e7os-compactos'  class=\"wp-block-heading\"><strong>O poder das paletas neutras em espa\u00e7os compactos:<\/strong><\/h3>\n\n\n\n<p>\ud83c\udfa8 <strong>Brancos e Off-White:<\/strong> Refletem mais luz e aumentam a sensa\u00e7\u00e3o de espa\u00e7o.<br>\ud83c\udfa8 <strong>Bege e Cinza Claro:<\/strong> Criam sofistica\u00e7\u00e3o sem comprometer a amplitude visual.<br>\ud83c\udfa8 <strong>Tons Pastel Suaves:<\/strong> Adicionam leveza e personalidade sem sobrecarregar o ambiente.<\/p>\n\n\n\n<p>Al\u00e9m das cores das paredes e dos revestimentos, \u00e9 importante considerar <strong>o acabamento dos m\u00f3veis e superf\u00edcies<\/strong>. Materiais brilhantes ou acetinados ajudam a refletir a luz e a ampliar o espa\u00e7o, enquanto tons muito escuros ou opacos podem criar uma sensa\u00e7\u00e3o de fechamento.<\/p>\n\n\n\n<p><strong>Exemplo pr\u00e1tico: <\/strong>Se um apartamento compacto parecer visualmente &#8220;dividido&#8221;, optar por <strong>um \u00fanico tipo de piso cont\u00ednuo<\/strong> e paredes em tom neutro <strong>pode unificar os ambientes e criar uma sensa\u00e7\u00e3o de fluidez<\/strong>.<\/p>\n\n\n\n<hr class=\"wp-block-separator has-alpha-channel-opacity\"\/>\n\n\n\n<h2 id='a-import\u00e2ncia-de-superf\u00edcies-f\u00e1ceis-de-manter-e-que-maximizam-a-durabilidade'  class=\"wp-block-heading\"><strong>A Import\u00e2ncia de Superf\u00edcies F\u00e1ceis de Manter e que Maximizam a Durabilidade<\/strong><\/h2>\n\n\n\n<p>Al\u00e9m da est\u00e9tica, <strong>a praticidade no dia a dia deve ser um dos fatores principais na escolha dos acabamentos<\/strong>. Materiais de dif\u00edcil manuten\u00e7\u00e3o podem acumular sujeira, demandar limpezas constantes e comprometer a durabilidade do espa\u00e7o.<\/p>\n\n\n\n<h3 id='crit\u00e9rios-para-escolher-superf\u00edcies-f\u00e1ceis-de-manter'  class=\"wp-block-heading\"><strong>Crit\u00e9rios para escolher superf\u00edcies f\u00e1ceis de manter:<\/strong><\/h3>\n\n\n\n<p>\u2714 <strong>Resist\u00eancia a manchas e umidade:<\/strong> Principalmente para cozinhas e banheiros, onde a umidade \u00e9 constante.<br>\u2714 <strong>Baixa absor\u00e7\u00e3o de sujeira:<\/strong> Materiais lisos e sem porosidade facilitam a limpeza e evitam ac\u00famulo de poeira.<br>\u2714 <strong>Facilidade na manuten\u00e7\u00e3o:<\/strong> Superf\u00edcies que exigem menos produtos e esfor\u00e7os para se manterem conservadas.<\/p>\n\n\n\n<h3 id='melhores-op\u00e7\u00f5es-de-superf\u00edcies-para-espa\u00e7os-compactos'  class=\"wp-block-heading\"><strong>Melhores op\u00e7\u00f5es de superf\u00edcies para espa\u00e7os compactos:<\/strong><\/h3>\n\n\n\n<p>\ud83d\udecb <strong>Porcelanato acetinado:<\/strong> Extremamente dur\u00e1vel, f\u00e1cil de limpar e dispon\u00edvel em diversas cores e texturas.<br>\ud83e\ude9f <strong>Vidro temperado:<\/strong> Ideal para tampos de mesa e divis\u00f3rias, garantindo leveza visual e f\u00e1cil higieniza\u00e7\u00e3o.<br>\ud83d\udee0 <strong>Laminado de alta resist\u00eancia:<\/strong> Alternativa pr\u00e1tica para bancadas e m\u00f3veis, com alta durabilidade.<br>\ud83e\udeb5 <strong>Madeira envernizada ou MDF de qualidade:<\/strong> F\u00e1cil de limpar e resistente ao desgaste do dia a dia.<br>\ud83e\uddf4 <strong>Tintas lav\u00e1veis e acetinadas:<\/strong> Facilitam a limpeza de paredes sem comprometer o acabamento.<\/p>\n\n\n\n<p>Evitar superf\u00edcies <strong>altamente porosas ou dif\u00edceis de limpar<\/strong>, como algumas pedras naturais n\u00e3o seladas ou pisos muito rugosos, pode <strong>reduzir o trabalho de manuten\u00e7\u00e3o e manter o ambiente sempre impec\u00e1vel<\/strong>.<\/p>\n\n\n\n<p><strong>Erro comum a evitar: <\/strong>\u274c <strong>Optar por materiais que exigem manuten\u00e7\u00e3o constante sem considerar a rotina do morador.<\/strong> \u00c9 essencial escolher superf\u00edcies pr\u00e1ticas e resistentes.<\/p>\n\n\n\n<p><strong>Dica pr\u00e1tica:<\/strong> Para manter um ambiente <strong>f\u00e1cil de limpar e sempre bem conservado<\/strong>, escolha <strong>materiais lisos, sem excesso de texturas e com alta durabilidade<\/strong>.<\/p>\n\n\n\n<hr class=\"wp-block-separator has-alpha-channel-opacity\"\/>\n\n\n\n<p>A escolha de <strong>materiais e acabamentos corretos<\/strong> faz toda a diferen\u00e7a na funcionalidade, est\u00e9tica e manuten\u00e7\u00e3o de espa\u00e7os compactos. Optar por revestimentos cont\u00ednuos, cores neutras e superf\u00edcies de f\u00e1cil limpeza <strong>garante um ambiente mais amplo, sofisticado e pr\u00e1tico para o dia a dia<\/strong>.<\/p>\n\n\n\n<p>\u2714 <strong>Materiais leves e atemporais garantem uma est\u00e9tica equilibrada e moderna.<\/strong><br>\u2714 <strong>Revestimentos cont\u00ednuos e paletas neutras ampliam visualmente o espa\u00e7o.<\/strong><br>\u2714 <strong>Superf\u00edcies f\u00e1ceis de manter aumentam a durabilidade e reduzem o esfor\u00e7o de limpeza.<\/strong><\/p>\n\n\n\n<p>Com essas estrat\u00e9gias, qualquer espa\u00e7o compacto pode se tornar <strong>mais bonito, funcional e confort\u00e1vel<\/strong>, sem necessidade de reformas complexas ou manuten\u00e7\u00e3o constante.<\/p>\n\n\n\n<hr class=\"wp-block-separator has-alpha-channel-opacity\"\/>\n\n\n\n<h2 id='mobili\u00e1rio-planejado-a-chave-para-funcionalidade-e-otimiza\u00e7\u00e3o'  class=\"wp-block-heading\"><strong>Mobili\u00e1rio Planejado: A Chave para Funcionalidade e Otimiza\u00e7\u00e3o<\/strong><\/h2>\n\n\n\n<p>A escolha do mobili\u00e1rio certo <strong>\u00e9 determinante para o sucesso de qualquer espa\u00e7o compacto<\/strong>. Em ambientes reduzidos, cada m\u00f3vel precisa ser mais do que apenas decorativo \u2014 ele deve <strong>desempenhar m\u00faltiplas fun\u00e7\u00f5es, otimizar o espa\u00e7o dispon\u00edvel e garantir um design pr\u00e1tico e adapt\u00e1vel<\/strong>.<\/p>\n\n\n\n<p>Com um planejamento eficiente, <strong>m\u00f3veis multifuncionais, arm\u00e1rios embutidos e solu\u00e7\u00f5es verticais<\/strong> transformam qualquer ambiente, permitindo <strong>melhor aproveitamento da metragem, armazenamento inteligente e flexibilidade na disposi\u00e7\u00e3o dos elementos<\/strong>.<\/p>\n\n\n\n<p>A seguir, veja <strong>como o mobili\u00e1rio planejado pode otimizar espa\u00e7os compactos sem comprometer a fluidez e o conforto do ambiente<\/strong>.<\/p>\n\n\n\n<hr class=\"wp-block-separator has-alpha-channel-opacity\"\/>\n\n\n\n<h2 id='como-m\u00f3veis-multifuncionais-podem-transformar-um-espa\u00e7o-compacto'  class=\"wp-block-heading\"><strong>Como M\u00f3veis Multifuncionais Podem Transformar um Espa\u00e7o Compacto<\/strong><\/h2>\n\n\n\n<p>Os m\u00f3veis multifuncionais s\u00e3o <strong>um dos principais aliados da otimiza\u00e7\u00e3o de espa\u00e7os pequenos<\/strong>. Al\u00e9m de ocuparem <strong>menos \u00e1rea \u00fatil<\/strong>, eles garantem <strong>versatilidade para diferentes momentos do dia<\/strong>, permitindo que um \u00fanico c\u00f4modo <strong>tenha mais de uma finalidade sem comprometer a circula\u00e7\u00e3o<\/strong>.<\/p>\n\n\n\n<h3 id='principais-benef\u00edcios-dos-m\u00f3veis-multifuncionais'  class=\"wp-block-heading\"><strong>Principais benef\u00edcios dos m\u00f3veis multifuncionais:<\/strong><\/h3>\n\n\n\n<p>\u2705 <strong>Aproveitam melhor cada metro quadrado<\/strong> sem necessidade de pe\u00e7as extras.<br>\u2705 <strong>Criam ambientes flex\u00edveis e din\u00e2micos<\/strong>, permitindo diferentes usos para o mesmo espa\u00e7o.<br>\u2705 <strong>Eliminam a necessidade de m\u00f3veis volumosos e pouco funcionais.<\/strong><br>\u2705 <strong>Mant\u00eam o ambiente organizado<\/strong>, evitando excesso de objetos espalhados pelo espa\u00e7o.<\/p>\n\n\n\n<h3 id='exemplos-de-m\u00f3veis-multifuncionais-para-espa\u00e7os-compactos'  class=\"wp-block-heading\"><strong>Exemplos de m\u00f3veis multifuncionais para espa\u00e7os compactos:<\/strong><\/h3>\n\n\n\n<p>\ud83d\udecf <strong>Cama embutida ou sof\u00e1-cama:<\/strong> Permite que o quarto se transforme em sala de estar durante o dia.<br>\ud83d\udcda <strong>Estantes com mesa retr\u00e1til embutida:<\/strong> Uma solu\u00e7\u00e3o eficiente para quem precisa de um espa\u00e7o de trabalho funcional sem ocupar uma \u00e1rea fixa.<br>\ud83e\ude91 <strong>Pufes e bancos com compartimentos internos:<\/strong> Unem conforto e armazenamento discreto.<br>\ud83c\udf7d <strong>Mesas dobr\u00e1veis ou extens\u00edveis:<\/strong> Ideais para refei\u00e7\u00f5es e home office, podendo ser recolhidas quando n\u00e3o estiverem em uso.<br>\ud83d\udeaa <strong>Portas de correr com nichos integrados:<\/strong> Maximizam o aproveitamento da parede e eliminam a necessidade de espa\u00e7o para abertura.<\/p>\n\n\n\n<p><strong>Erro comum a evitar: <\/strong>\u274c <strong>Escolher m\u00f3veis grandes e pouco vers\u00e1teis, que ocupam espa\u00e7o fixo sem oferecer solu\u00e7\u00f5es inteligentes.<\/strong><\/p>\n\n\n\n<p><strong>Dica pr\u00e1tica:<\/strong> Antes de adquirir um m\u00f3vel, pergunte-se: <strong>ele pode desempenhar mais de uma fun\u00e7\u00e3o?<\/strong> Se a resposta for \u201csim\u201d, essa pe\u00e7a pode ser uma excelente escolha para otimizar o espa\u00e7o.<\/p>\n\n\n\n<hr class=\"wp-block-separator has-alpha-channel-opacity\"\/>\n\n\n\n<h2 id='o-uso-de-arm\u00e1rios-embutidos-e-solu\u00e7\u00f5es-verticais-para-maximizar-o-armazenamento'  class=\"wp-block-heading\"><strong>O Uso de Arm\u00e1rios Embutidos e Solu\u00e7\u00f5es Verticais para Maximizar o Armazenamento<\/strong><\/h2>\n\n\n\n<p>Em espa\u00e7os reduzidos, <strong>a falta de armazenamento pode rapidamente gerar desorganiza\u00e7\u00e3o e sensa\u00e7\u00e3o de aperto<\/strong>. Por isso, <strong>m\u00f3veis embutidos e solu\u00e7\u00f5es verticais<\/strong> s\u00e3o essenciais para manter o ambiente <strong>pr\u00e1tico, organizado e visualmente leve<\/strong>.<\/p>\n\n\n\n<h3 id='vantagens-dos-arm\u00e1rios-embutidos'  class=\"wp-block-heading\"><strong>Vantagens dos arm\u00e1rios embutidos:<\/strong><\/h3>\n\n\n\n<p>\u2714 <strong>Personaliza\u00e7\u00e3o total do espa\u00e7o<\/strong>, aproveitando \u00e1reas que m\u00f3veis prontos n\u00e3o preencheriam.<br>\u2714 <strong>Integra\u00e7\u00e3o discreta ao ambiente<\/strong>, criando um visual mais limpo e organizado.<br>\u2714 <strong>Aumento significativo da capacidade de armazenamento<\/strong>, sem comprometer a circula\u00e7\u00e3o.<br>\u2714 <strong>Maior aproveitamento de paredes e cantos<\/strong>, que normalmente ficariam inutilizados.<\/p>\n\n\n\n<h3 id='como-maximizar-o-armazenamento-com-solu\u00e7\u00f5es-verticais'  class=\"wp-block-heading\"> <strong>Como maximizar o armazenamento com solu\u00e7\u00f5es verticais:<\/strong><\/h3>\n\n\n\n<p>\ud83d\udce6 <strong>Prateleiras elevadas:<\/strong> Instaladas acima de portas ou em paredes livres, s\u00e3o ideais para armazenar itens pouco usados no dia a dia.<br>\ud83d\udecf <strong>Camas com gavetas embutidas:<\/strong> Transformam o espa\u00e7o sob a cama em um arm\u00e1rio adicional.<br>\ud83d\udeaa <strong>Nichos sobre portas e em corredores:<\/strong> Perfeitos para guardar objetos sem ocupar a \u00e1rea \u00fatil do c\u00f4modo.<br>\ud83d\udcda <strong>Estantes modulares at\u00e9 o teto:<\/strong> Aproveitam toda a altura da parede, garantindo mais espa\u00e7o sem ocupar a largura do ambiente.<br>\ud83c\udfad <strong>Pain\u00e9is ripados ou m\u00f3veis suspensos:<\/strong> Criam divis\u00f5es sutis sem comprometer a leveza visual.<\/p>\n\n\n\n<p><strong>Exemplo pr\u00e1tico: <\/strong>Em um apartamento pequeno, um <strong>arm\u00e1rio embutido com portas espelhadas<\/strong> pode servir como guarda-roupa e, ao mesmo tempo, <strong>ampliar visualmente o ambiente<\/strong>.<\/p>\n\n\n\n<p><strong>Erro comum a evitar: <\/strong>\u274c <strong>Optar por m\u00f3veis convencionais que n\u00e3o aproveitam a altura total da parede, desperdi\u00e7ando espa\u00e7o \u00fatil.<\/strong><\/p>\n\n\n\n<p><strong>Dica pr\u00e1tica:<\/strong> Se um ambiente estiver desorganizado, <strong>reavalie o uso das paredes<\/strong>. Muitas vezes, incluir <strong>nichos, prateleiras ou arm\u00e1rios embutidos<\/strong> pode resolver o problema de armazenamento sem comprometer a circula\u00e7\u00e3o.<\/p>\n\n\n\n<hr class=\"wp-block-separator has-alpha-channel-opacity\"\/>\n\n\n\n<h2 id='a-import\u00e2ncia-da-modularidade-para-um-design-adapt\u00e1vel-e-eficiente'  class=\"wp-block-heading\"><strong>A Import\u00e2ncia da Modularidade para um Design Adapt\u00e1vel e Eficiente<\/strong><\/h2>\n\n\n\n<p>O design modular <strong>\u00e9 uma tend\u00eancia essencial para espa\u00e7os compactos<\/strong>, pois permite que o mobili\u00e1rio <strong>se ajuste \u00e0s mudan\u00e7as na rotina e \u00e0s necessidades do morador ao longo do tempo<\/strong>.<\/p>\n\n\n\n<h3 id='o-que-torna-um-m\u00f3vel-modular-eficiente'  class=\"wp-block-heading\"><strong>O que torna um m\u00f3vel modular eficiente?<\/strong><\/h3>\n\n\n\n<p>\u2705 <strong>Pe\u00e7as que podem ser rearranjadas ou combinadas de diferentes formas.<\/strong><br>\u2705 <strong>Facilidade de adapta\u00e7\u00e3o para novos usos ou mudan\u00e7as na decora\u00e7\u00e3o.<\/strong><br>\u2705 <strong>Possibilidade de expans\u00e3o conforme a necessidade do usu\u00e1rio.<\/strong><br>\u2705 <strong>Design inteligente que permite melhor aproveitamento do espa\u00e7o sem fixa\u00e7\u00e3o permanente.<\/strong><\/p>\n\n\n\n<h3 id='exemplos-de-m\u00f3veis-modulares-para-espa\u00e7os-compactos'  class=\"wp-block-heading\"><strong>Exemplos de m\u00f3veis modulares para espa\u00e7os compactos:<\/strong><\/h3>\n\n\n\n<p>\ud83d\udecb <strong>Sof\u00e1s modulares:<\/strong> Com pe\u00e7as que podem ser reorganizadas conforme a necessidade, criando diferentes configura\u00e7\u00f5es para o ambiente.<br>\ud83d\udda5 <strong>Escrivaninhas ajust\u00e1veis:<\/strong> Com tampos retr\u00e1teis ou expans\u00edveis, ideais para quem precisa de uma esta\u00e7\u00e3o de trabalho adapt\u00e1vel.<br>\ud83e\ude91 <strong>Camas modulares com gavetas e extens\u00f5es:<\/strong> Permitem alterar o layout conforme a necessidade de mais armazenamento.<br>\ud83c\udfe1 <strong>Divis\u00f3rias m\u00f3veis com prateleiras:<\/strong> Criam delimita\u00e7\u00e3o de ambientes sem comprometer a flexibilidade do espa\u00e7o.<\/p>\n\n\n\n<p><strong>Erro comum a evitar: <\/strong>\u274c <strong>Escolher m\u00f3veis fixos e pouco flex\u00edveis, que limitam as possibilidades de adapta\u00e7\u00e3o ao longo do tempo.<\/strong><\/p>\n\n\n\n<p><strong>Dica pr\u00e1tica:<\/strong> Se o espa\u00e7o for muito pequeno, <strong>invista em m\u00f3veis modulares que possam ser movidos, dobrados ou reconfigurados<\/strong> conforme a necessidade.<\/p>\n\n\n\n<hr class=\"wp-block-separator has-alpha-channel-opacity\"\/>\n\n\n\n<p>O mobili\u00e1rio planejado <strong>\u00e9 a solu\u00e7\u00e3o definitiva para otimizar espa\u00e7os compactos<\/strong> sem comprometer a est\u00e9tica ou a funcionalidade. Com <strong>m\u00f3veis multifuncionais, armazenamento vertical e solu\u00e7\u00f5es modulares<\/strong>, \u00e9 poss\u00edvel <strong>garantir praticidade, organiza\u00e7\u00e3o e conforto em qualquer ambiente reduzido<\/strong>.<\/p>\n\n\n\n<p>\u2714 <strong>M\u00f3veis multifuncionais aumentam a versatilidade e reduzem o desperd\u00edcio de espa\u00e7o.<\/strong><br>\u2714 <strong>Arm\u00e1rios embutidos e solu\u00e7\u00f5es verticais maximizam o armazenamento sem comprometer a circula\u00e7\u00e3o.<\/strong><br>\u2714 <strong>O design modular permite adapta\u00e7\u00f5es conforme a necessidade do usu\u00e1rio, garantindo flexibilidade a longo prazo.<\/strong><\/p>\n\n\n\n<p>Com essas estrat\u00e9gias, qualquer ambiente compacto pode se tornar <strong>altamente funcional, organizado e adapt\u00e1vel<\/strong>, garantindo uma experi\u00eancia mais pr\u00e1tica e eficiente no dia a dia.<\/p>\n\n\n\n<hr class=\"wp-block-separator has-alpha-channel-opacity\"\/>\n\n\n\n<h2 id='ilumina\u00e7\u00e3o-e-ventila\u00e7\u00e3o-criando-sensa\u00e7\u00e3o-delitude'  class=\"wp-block-heading\"><strong>Ilumina\u00e7\u00e3o e Ventila\u00e7\u00e3o: Criando Sensa\u00e7\u00e3o de Amplitude<\/strong><\/h2>\n\n\n\n<p>A <strong>ilumina\u00e7\u00e3o e a ventila\u00e7\u00e3o<\/strong> desempenham um papel essencial na forma como percebemos um espa\u00e7o. Quando bem aplicadas, <strong>podem ampliar visualmente ambientes compactos, melhorar o conforto t\u00e9rmico e criar uma sensa\u00e7\u00e3o de leveza e fluidez<\/strong>.<\/p>\n\n\n\n<p>Um projeto eficiente de ilumina\u00e7\u00e3o e ventila\u00e7\u00e3o <strong>n\u00e3o apenas otimiza o espa\u00e7o, mas tamb\u00e9m melhora a qualidade de vida<\/strong>, garantindo um ambiente <strong>arejado, bem iluminado e funcional<\/strong>.<\/p>\n\n\n\n<p>A seguir, descubra como aproveitar <strong>ao m\u00e1ximo a luz natural, criar uma ilumina\u00e7\u00e3o artificial equilibrada e manter uma ventila\u00e7\u00e3o eficiente sem comprometer a privacidade<\/strong>.<\/p>\n\n\n\n<hr class=\"wp-block-separator has-alpha-channel-opacity\"\/>\n\n\n\n<h2 id='como-a-ilumina\u00e7\u00e3o-natural-podeliar-visualmente-os-espa\u00e7os'  class=\"wp-block-heading\"><strong>Como a Ilumina\u00e7\u00e3o Natural Pode Ampliar Visualmente os Espa\u00e7os<\/strong><\/h2>\n\n\n\n<p>A luz natural <strong>\u00e9 um dos recursos mais valiosos para quem deseja otimizar ambientes compactos<\/strong>. Quando bem aproveitada, ela <strong>aumenta a sensa\u00e7\u00e3o de espa\u00e7o, valoriza os materiais e reduz a necessidade de ilumina\u00e7\u00e3o artificial durante o dia<\/strong>.<\/p>\n\n\n\n<h3 id='dicas-para-maximizar-a-entrada-de-luz-natural'  class=\"wp-block-heading\"><strong>Dicas para maximizar a entrada de luz natural:<\/strong><\/h3>\n\n\n\n<p>\u2600 <strong>Aproveite ao m\u00e1ximo as janelas:<\/strong> Evite cortinas pesadas e escuras que bloqueiam a luz. Prefira modelos leves e transl\u00facidos para garantir luminosidade e privacidade ao mesmo tempo.<\/p>\n\n\n\n<p>\ud83e\ude9f <strong>Use vidros amplos e portas de correr:<\/strong> Sempre que poss\u00edvel, opte por grandes aberturas para permitir que a luz entre livremente e crie a sensa\u00e7\u00e3o de um ambiente mais amplo.<\/p>\n\n\n\n<p>\ud83d\uddbc <strong>Espelhos estrategicamente posicionados:<\/strong> Reflex\u00f5es bem planejadas podem duplicar a entrada de luz natural. Posicione espelhos em paredes opostas \u00e0s janelas para ampliar a luminosidade.<\/p>\n\n\n\n<p>\ud83c\udfa8 <strong>Cores claras nas paredes e no teto:<\/strong> Tons neutros e superf\u00edcies acetinadas refletem melhor a luz, tornando o ambiente mais iluminado e menos carregado visualmente.<\/p>\n\n\n\n<p>\ud83d\udccf <strong>Ambientes integrados favorecem a ilumina\u00e7\u00e3o cont\u00ednua:<\/strong> Sempre que poss\u00edvel, elimine divis\u00f3rias fechadas e opte por layouts abertos para permitir que a luz circule melhor pelo espa\u00e7o.<\/p>\n\n\n\n<p><strong>Erro comum a evitar: <\/strong>\u274c <strong>Janelas obstru\u00eddas por m\u00f3veis ou cortinas pesadas podem comprometer totalmente o aproveitamento da luz natural.<\/strong><\/p>\n\n\n\n<p><strong>Dica pr\u00e1tica:<\/strong> Se um ambiente parecer escuro e fechado, <strong>substituir cortinas opacas por tecidos leves e adicionar superf\u00edcies reflexivas pode melhorar imediatamente a luminosidade do espa\u00e7o<\/strong>.<\/p>\n\n\n\n<hr class=\"wp-block-separator has-alpha-channel-opacity\"\/>\n\n\n\n<h2 id='estrat\u00e9gias-de-ilumina\u00e7\u00e3o-artificial-para-criar-um-ambiente-aconchegante-e-funcional'  class=\"wp-block-heading\"><strong>Estrat\u00e9gias de Ilumina\u00e7\u00e3o Artificial para Criar um Ambiente Aconchegante e Funcional<\/strong><\/h2>\n\n\n\n<p>Mesmo com boa ilumina\u00e7\u00e3o natural, \u00e9 essencial contar com um <strong>planejamento eficiente de luz artificial<\/strong> para garantir que o ambiente permane\u00e7a <strong>confort\u00e1vel e funcional durante a noite<\/strong>.<\/p>\n\n\n\n<h3 id='tipos-de-ilumina\u00e7\u00e3o-para-diferentes-fun\u00e7\u00f5es'  class=\"wp-block-heading\"><strong>Tipos de ilumina\u00e7\u00e3o para diferentes fun\u00e7\u00f5es:<\/strong><\/h3>\n\n\n\n<p>\ud83d\udca1 <strong>Ilumina\u00e7\u00e3o geral:<\/strong> Deve ser uniforme e suave, garantindo que todo o espa\u00e7o seja bem iluminado sem criar sombras indesejadas. Lustres, plafons embutidos e trilhos de LED s\u00e3o \u00f3timas op\u00e7\u00f5es.<\/p>\n\n\n\n<p>\ud83d\udecb <strong>Ilumina\u00e7\u00e3o indireta:<\/strong> Ideal para criar um clima aconchegante. Pode ser feita com lumin\u00e1rias de piso, arandelas ou fitas de LED embutidas em m\u00f3veis e sancas.<\/p>\n\n\n\n<p>\ud83c\udfaf <strong>Ilumina\u00e7\u00e3o pontual ou funcional:<\/strong> Necess\u00e1ria para atividades espec\u00edficas, como leitura, trabalho ou preparo de alimentos. Spots direcion\u00e1veis e lumin\u00e1rias articuladas s\u00e3o excelentes escolhas.<\/p>\n\n\n\n<p>\ud83d\uddbc <strong>Ilumina\u00e7\u00e3o decorativa:<\/strong> D\u00e1 destaque a elementos do ambiente, como quadros, texturas ou nichos embutidos.<\/p>\n\n\n\n<h3 id='dicas-para-um-projeto-de-ilumina\u00e7\u00e3o-eficiente-em-espa\u00e7os-compactos'  class=\"wp-block-heading\"><strong>Dicas para um projeto de ilumina\u00e7\u00e3o eficiente em espa\u00e7os compactos:<\/strong><\/h3>\n\n\n\n<p>\u2714 <strong>Evite luzes muito intensas ou direcionadas apenas para o teto.<\/strong> A luz difusa cria um ambiente mais equilibrado.<\/p>\n\n\n\n<p>\u2714 <strong>Use luzes quentes para \u00e1reas de descanso (salas e quartos) e frias para \u00e1reas de trabalho (cozinha e escrit\u00f3rio).<\/strong><\/p>\n\n\n\n<p>\u2714 <strong>Lumin\u00e1rias embutidas economizam espa\u00e7o e mant\u00eam a fluidez do ambiente sem interfer\u00eancias visuais.<\/strong><\/p>\n\n\n\n<p>\u2714 <strong>Abuse de fitas de LED em prateleiras, atr\u00e1s da cabeceira da cama ou no rodap\u00e9 para criar um efeito de amplitude e sofistica\u00e7\u00e3o.<\/strong><\/p>\n\n\n\n<p><strong>Exemplo pr\u00e1tico: <\/strong>Em um apartamento compacto, um <strong>trilho de ilumina\u00e7\u00e3o com spots ajust\u00e1veis<\/strong> permite criar diferentes cen\u00e1rios de luz sem ocupar espa\u00e7o no teto ou nas paredes.<\/p>\n\n\n\n<p><strong>Erro comum a evitar: <\/strong>\u274c <strong>Ilumina\u00e7\u00e3o mal distribu\u00edda pode criar sombras e fazer o ambiente parecer menor do que realmente \u00e9.<\/strong><\/p>\n\n\n\n<p><strong>Dica pr\u00e1tica:<\/strong> Se um espa\u00e7o parecer visualmente apertado, <strong>usar luz indireta em pontos estrat\u00e9gicos pode suavizar o ambiente e criar uma sensa\u00e7\u00e3o de amplitude<\/strong>.<\/p>\n\n\n\n<hr class=\"wp-block-separator has-alpha-channel-opacity\"\/>\n\n\n\n<figure class=\"wp-block-image size-large\"><img data-recalc-dims=\"1\" fetchpriority=\"high\" decoding=\"async\" width=\"1024\" height=\"585\" src=\"https:\/\/i0.wp.com\/1truenote.com\/wp-content\/uploads\/2025\/03\/DALL%C2%B7E-2025-03-04-17.26.19-Um-ambiente-compacto-moderno-e-funcional-com-design-minimalista-e-moveis-planejados.-O-espaco-inclui-prateleiras-embutidas-uma-cama-dobravel-e-ilumi.webp?resize=1024%2C585&#038;ssl=1\" alt=\"\" class=\"wp-image-585\" srcset=\"https:\/\/i0.wp.com\/1truenote.com\/wp-content\/uploads\/2025\/03\/DALL%C2%B7E-2025-03-04-17.26.19-Um-ambiente-compacto-moderno-e-funcional-com-design-minimalista-e-moveis-planejados.-O-espaco-inclui-prateleiras-embutidas-uma-cama-dobravel-e-ilumi.webp?resize=1024%2C585&amp;ssl=1 1024w, https:\/\/i0.wp.com\/1truenote.com\/wp-content\/uploads\/2025\/03\/DALL%C2%B7E-2025-03-04-17.26.19-Um-ambiente-compacto-moderno-e-funcional-com-design-minimalista-e-moveis-planejados.-O-espaco-inclui-prateleiras-embutidas-uma-cama-dobravel-e-ilumi.webp?resize=300%2C171&amp;ssl=1 300w, https:\/\/i0.wp.com\/1truenote.com\/wp-content\/uploads\/2025\/03\/DALL%C2%B7E-2025-03-04-17.26.19-Um-ambiente-compacto-moderno-e-funcional-com-design-minimalista-e-moveis-planejados.-O-espaco-inclui-prateleiras-embutidas-uma-cama-dobravel-e-ilumi.webp?resize=768%2C439&amp;ssl=1 768w, https:\/\/i0.wp.com\/1truenote.com\/wp-content\/uploads\/2025\/03\/DALL%C2%B7E-2025-03-04-17.26.19-Um-ambiente-compacto-moderno-e-funcional-com-design-minimalista-e-moveis-planejados.-O-espaco-inclui-prateleiras-embutidas-uma-cama-dobravel-e-ilumi.webp?resize=1536%2C878&amp;ssl=1 1536w, https:\/\/i0.wp.com\/1truenote.com\/wp-content\/uploads\/2025\/03\/DALL%C2%B7E-2025-03-04-17.26.19-Um-ambiente-compacto-moderno-e-funcional-com-design-minimalista-e-moveis-planejados.-O-espaco-inclui-prateleiras-embutidas-uma-cama-dobravel-e-ilumi.webp?w=1792&amp;ssl=1 1792w\" sizes=\"(max-width: 1024px) 100vw, 1024px\" \/><\/figure>\n\n\n\n<h2 id='t\u00e9cnicas-para-garantir-ventila\u00e7\u00e3o-eficiente-sem-comprometer-a-privacidade'  class=\"wp-block-heading\"><strong>T\u00e9cnicas para Garantir Ventila\u00e7\u00e3o Eficiente sem Comprometer a Privacidade<\/strong><\/h2>\n\n\n\n<p>Al\u00e9m da ilumina\u00e7\u00e3o, <strong>a ventila\u00e7\u00e3o \u00e9 essencial para garantir conforto t\u00e9rmico e manter o ambiente sempre arejado<\/strong>. Em espa\u00e7os compactos, a circula\u00e7\u00e3o de ar pode ser um desafio, principalmente quando h\u00e1 poucas janelas ou um layout fechado.<\/p>\n\n\n\n<h3 id='estrat\u00e9gias-para-manter-um-ambiente-bem-ventilado'  class=\"wp-block-heading\"><strong>Estrat\u00e9gias para manter um ambiente bem ventilado:<\/strong><\/h3>\n\n\n\n<p>\ud83c\udf2c <strong>Posicione janelas e portas de forma estrat\u00e9gica:<\/strong> Sempre que poss\u00edvel, crie <strong>canais de ventila\u00e7\u00e3o cruzada<\/strong>, permitindo que o ar circule naturalmente de um lado para o outro.<\/p>\n\n\n\n<p>\ud83d\udeaa <strong>Use portas de correr com aberturas superiores:<\/strong> Elas permitem a troca de ar sem comprometer a privacidade.<\/p>\n\n\n\n<p>\ud83c\udf31 <strong>Aposte em elementos naturais:<\/strong> Plantas filtram o ar e melhoram a qualidade da ventila\u00e7\u00e3o. Esp\u00e9cies como espada-de-s\u00e3o-jorge e jiboia s\u00e3o ideais para espa\u00e7os internos.<\/p>\n\n\n\n<p>\ud83d\udd04 <strong>Exaustores ou ventiladores de teto:<\/strong> S\u00e3o \u00f3timas alternativas para manter a circula\u00e7\u00e3o de ar em ambientes que n\u00e3o possuem muitas janelas.<\/p>\n\n\n\n<p>\ud83c\udfe0 <strong>Brises ou cobog\u00f3s para ventila\u00e7\u00e3o cont\u00ednua:<\/strong> Elementos vazados ajudam a manter a privacidade sem impedir a entrada de ar fresco.<\/p>\n\n\n\n<p><strong>Erro comum a evitar: <\/strong>\u274c <strong>Ambientes fechados sem circula\u00e7\u00e3o podem acumular umidade e odores desagrad\u00e1veis.<\/strong><\/p>\n\n\n\n<p><strong>Dica pr\u00e1tica:<\/strong> Se um ambiente parecer abafado, <strong>posicionar m\u00f3veis de forma que n\u00e3o obstruam janelas e utilizar tecidos leves nas cortinas pode melhorar a ventila\u00e7\u00e3o naturalmente<\/strong>.<\/p>\n\n\n\n<hr class=\"wp-block-separator has-alpha-channel-opacity\"\/>\n\n\n\n<p>A ilumina\u00e7\u00e3o e a ventila\u00e7\u00e3o s\u00e3o <strong>elementos fundamentais para ampliar visualmente um espa\u00e7o compacto e garantir conforto no dia a dia<\/strong>. Quando bem planejadas, elas proporcionam <strong>um ambiente mais leve, funcional e agrad\u00e1vel<\/strong>, sem necessidade de reformas estruturais complexas.<\/p>\n\n\n\n<p>\u2714 <strong>A luz natural aumenta a sensa\u00e7\u00e3o de amplitude e deve ser aproveitada ao m\u00e1ximo.<\/strong><br>\u2714 <strong>Um projeto de ilumina\u00e7\u00e3o artificial bem distribu\u00eddo melhora a funcionalidade e o aconchego do ambiente.<\/strong><br>\u2714 <strong>A ventila\u00e7\u00e3o adequada mant\u00e9m o espa\u00e7o sempre arejado, sem comprometer a privacidade.<\/strong><\/p>\n\n\n\n<p>Com essas estrat\u00e9gias, qualquer espa\u00e7o compacto pode se tornar <strong>mais confort\u00e1vel, bem iluminado e arejado<\/strong>, garantindo uma experi\u00eancia mais agrad\u00e1vel e eficiente no dia a dia.<\/p>\n\n\n\n<hr class=\"wp-block-separator has-alpha-channel-opacity\"\/>\n\n\n\n<h2 id='tecnologia-e-automa\u00e7\u00e3o-na-constru\u00e7\u00e3o-de-espa\u00e7os-compactos'  class=\"wp-block-heading\"><strong>Tecnologia e Automa\u00e7\u00e3o na Constru\u00e7\u00e3o de Espa\u00e7os Compactos<\/strong><\/h2>\n\n\n\n<p>A integra\u00e7\u00e3o da tecnologia na constru\u00e7\u00e3o de <strong>espa\u00e7os compactos<\/strong> tem revolucionado a forma como projetamos e utilizamos pequenos ambientes. Com solu\u00e7\u00f5es inteligentes, \u00e9 poss\u00edvel <strong>aumentar a efici\u00eancia, otimizar o espa\u00e7o e melhorar a funcionalidade do dia a dia<\/strong>.<\/p>\n\n\n\n<p>A automa\u00e7\u00e3o residencial oferece <strong>controle total sobre ilumina\u00e7\u00e3o, climatiza\u00e7\u00e3o, seguran\u00e7a e at\u00e9 mobili\u00e1rio adapt\u00e1vel<\/strong>, garantindo <strong>conforto, praticidade e aproveitamento m\u00e1ximo de cada metro quadrado<\/strong>.<\/p>\n\n\n\n<p>Descubra agora como a <strong>tecnologia pode transformar um ambiente compacto em um espa\u00e7o altamente funcional e inteligente<\/strong>.<\/p>\n\n\n\n<hr class=\"wp-block-separator has-alpha-channel-opacity\"\/>\n\n\n\n<h2 id='sistemas-de-automa\u00e7\u00e3o-que-otimizam-a-rotina-e-aumentam-a-efici\u00eancia-dos-ambientes'  class=\"wp-block-heading\"><strong>Sistemas de Automa\u00e7\u00e3o que Otimizam a Rotina e Aumentam a Efici\u00eancia dos Ambientes<\/strong><\/h2>\n\n\n\n<p>Os <strong>sistemas de automa\u00e7\u00e3o residencial<\/strong> foram desenvolvidos para tornar a casa mais eficiente, permitindo que diversas fun\u00e7\u00f5es <strong>sejam controladas remotamente ou programadas para operar de maneira autom\u00e1tica<\/strong>.<\/p>\n\n\n\n<p>Em espa\u00e7os compactos, a automa\u00e7\u00e3o <strong>ajuda a otimizar o uso dos recursos<\/strong>, reduzindo desperd\u00edcios e melhorando a experi\u00eancia do usu\u00e1rio.<\/p>\n\n\n\n<h3 id='solu\u00e7\u00f5es-de-automa\u00e7\u00e3o-que-otimizam-pequenos-ambientes'  class=\"wp-block-heading\"><strong>Solu\u00e7\u00f5es de automa\u00e7\u00e3o que otimizam pequenos ambientes:<\/strong><\/h3>\n\n\n\n<p>\ud83d\udcf2 <strong>Assistentes Virtuais (Alexa, Google Home):<\/strong> Permitem o controle de dispositivos por comando de voz, facilitando o gerenciamento do ambiente.<\/p>\n\n\n\n<p>\ud83d\udca1 <strong>Sensores de Presen\u00e7a para Ilumina\u00e7\u00e3o:<\/strong> Ativam ou desligam luzes automaticamente quando algu\u00e9m entra ou sai do c\u00f4modo, reduzindo o consumo de energia.<\/p>\n\n\n\n<p>\ud83c\udfe0 <strong>M\u00f3veis Automatizados:<\/strong> Camas retr\u00e1teis, mesas dobr\u00e1veis e prateleiras m\u00f3veis que podem ser acionadas eletronicamente para liberar espa\u00e7o quando n\u00e3o est\u00e3o em uso.<\/p>\n\n\n\n<p>\ud83d\udd0c <strong>Tomadas e Interruptores Inteligentes:<\/strong> Permitem o controle remoto de eletrodom\u00e9sticos e ilumina\u00e7\u00e3o via aplicativo, trazendo mais conveni\u00eancia ao dia a dia.<\/p>\n\n\n\n<p>\ud83c\udf21 <strong>Termostatos Inteligentes:<\/strong> Ajustam a temperatura do ambiente automaticamente para maior conforto e efici\u00eancia energ\u00e9tica.<\/p>\n\n\n\n<p>Essas tecnologias garantem <strong>um espa\u00e7o mais pr\u00e1tico e funcional<\/strong>, permitindo que o usu\u00e1rio personalize cada detalhe de acordo com suas necessidades.<\/p>\n\n\n\n<p><strong>Erro comum a evitar: <\/strong>\u274c <strong>Automa\u00e7\u00e3o sem planejamento pode resultar em gastos desnecess\u00e1rios com fun\u00e7\u00f5es que n\u00e3o s\u00e3o \u00fateis para o dia a dia do usu\u00e1rio.<\/strong><\/p>\n\n\n\n<p><strong>Dica pr\u00e1tica:<\/strong> Se deseja come\u00e7ar a automa\u00e7\u00e3o aos poucos, <strong>priorize dispositivos que tragam benef\u00edcios diretos<\/strong>, como controle de ilumina\u00e7\u00e3o e climatiza\u00e7\u00e3o inteligente.<\/p>\n\n\n\n<hr class=\"wp-block-separator has-alpha-channel-opacity\"\/>\n\n\n\n<h2 id='como-a-tecnologia-pode-aprimorar-o-controle-de-ilumina\u00e7\u00e3o-climatiza\u00e7\u00e3o-e-seguran\u00e7a'  class=\"wp-block-heading\"><strong>Como a Tecnologia Pode Aprimorar o Controle de Ilumina\u00e7\u00e3o, Climatiza\u00e7\u00e3o e Seguran\u00e7a<\/strong><\/h2>\n\n\n\n<p>A tecnologia oferece <strong>solu\u00e7\u00f5es inteligentes para ilumina\u00e7\u00e3o, climatiza\u00e7\u00e3o e seguran\u00e7a<\/strong>, permitindo que pequenos ambientes <strong>se tornem mais confort\u00e1veis e seguros<\/strong> com ajustes simples e autom\u00e1ticos.<\/p>\n\n\n\n<h3 id='ilumina\u00e7\u00e3o-inteligente-efici\u00eancia-e-conforto'  class=\"wp-block-heading\"><strong>Ilumina\u00e7\u00e3o Inteligente: Efici\u00eancia e Conforto<\/strong><\/h3>\n\n\n\n<p>\ud83d\udca1 <strong>L\u00e2mpadas de LED com controle remoto:<\/strong> Permitem ajustar a intensidade da luz conforme o momento do dia, criando diferentes atmosferas para trabalho, descanso ou lazer.<\/p>\n\n\n\n<p>\ud83c\udfa8 <strong>Ilumina\u00e7\u00e3o RGB personaliz\u00e1vel:<\/strong> Em pequenos espa\u00e7os, a cor da luz pode influenciar a percep\u00e7\u00e3o do ambiente, tornando-o mais aconchegante ou estimulante.<\/p>\n\n\n\n<p>\ud83d\udd04 <strong>Sensores de luminosidade:<\/strong> Ajustam automaticamente a intensidade da ilumina\u00e7\u00e3o com base na luz natural, economizando energia e melhorando a experi\u00eancia do usu\u00e1rio.<\/p>\n\n\n\n<hr class=\"wp-block-separator has-alpha-channel-opacity\"\/>\n\n\n\n<h3 id='climatiza\u00e7\u00e3o-inteligente-mais-conforto-e-efici\u00eancia'  class=\"wp-block-heading\"><strong>Climatiza\u00e7\u00e3o Inteligente: Mais Conforto e Efici\u00eancia<\/strong><\/h3>\n\n\n\n<p>\ud83c\udf21 <strong>Ar-condicionado inteligente:<\/strong> Dispositivos conectados ao Wi-Fi permitem controle remoto via aplicativo, garantindo que o ambiente esteja sempre na temperatura ideal antes mesmo de o usu\u00e1rio chegar.<\/p>\n\n\n\n<p>\ud83c\udf43 <strong>Persianas automatizadas:<\/strong> Programadas para abrir e fechar conforme a incid\u00eancia solar, ajudam a manter o ambiente mais fresco durante o dia e mais aquecido \u00e0 noite.<\/p>\n\n\n\n<p>\ud83d\udd04 <strong>Ventila\u00e7\u00e3o automatizada:<\/strong> Sensores que detectam a umidade e ajustam a ventila\u00e7\u00e3o para manter o ar sempre renovado e agrad\u00e1vel.<\/p>\n\n\n\n<p>Esses sistemas <strong>garantem maior economia de energia e conforto t\u00e9rmico<\/strong>, eliminando a necessidade de ajustes manuais frequentes.<\/p>\n\n\n\n<hr class=\"wp-block-separator has-alpha-channel-opacity\"\/>\n\n\n\n<h3 id='seguran\u00e7a-inteligente-prote\u00e7\u00e3o-e-tranquilidade'  class=\"wp-block-heading\"><strong>Seguran\u00e7a Inteligente: Prote\u00e7\u00e3o e Tranquilidade<\/strong><\/h3>\n\n\n\n<p>\ud83d\udd10 <strong>Fechaduras eletr\u00f4nicas:<\/strong> Substituem chaves tradicionais por acesso por senha, biometria ou aplicativo, garantindo maior seguran\u00e7a e praticidade.<\/p>\n\n\n\n<p>\ud83d\udcf9 <strong>C\u00e2meras de monitoramento remoto:<\/strong> Permitem acompanhar o ambiente em tempo real via celular, oferecendo mais tranquilidade ao usu\u00e1rio.<\/p>\n\n\n\n<p>\ud83d\udeaa <strong>Sensores de movimento e alarmes inteligentes:<\/strong> Dispositivos que enviam alertas ao detectar atividades suspeitas ou tentativas de invas\u00e3o.<\/p>\n\n\n\n<p>Essas solu\u00e7\u00f5es <strong>trazem mais seguran\u00e7a para quem vive em espa\u00e7os compactos<\/strong>, permitindo monitoramento cont\u00ednuo e controle remoto em tempo real.<\/p>\n\n\n\n<p><strong>Erro comum a evitar: <\/strong>\u274c <strong>Excesso de sensores e c\u00e2meras pode gerar desconforto e encarecer o projeto sem necessidade real.<\/strong><\/p>\n\n\n\n<p><strong>Dica pr\u00e1tica:<\/strong> Para melhorar a seguran\u00e7a de forma pr\u00e1tica, <strong>comece por fechaduras eletr\u00f4nicas e sensores de movimento<\/strong>, que s\u00e3o acess\u00edveis e f\u00e1ceis de instalar.<\/p>\n\n\n\n<hr class=\"wp-block-separator has-alpha-channel-opacity\"\/>\n\n\n\n<h2 id='solu\u00e7\u00f5es-modernas-para-maximizar-o-aproveitamento-do-espa\u00e7o-com-intelig\u00eancia'  class=\"wp-block-heading\"><strong>Solu\u00e7\u00f5es Modernas para Maximizar o Aproveitamento do Espa\u00e7o com Intelig\u00eancia<\/strong><\/h2>\n\n\n\n<p>A tecnologia tamb\u00e9m desempenha um papel importante no <strong>aproveitamento eficiente do espa\u00e7o<\/strong>, permitindo que m\u00f3veis e objetos <strong>se adaptem \u00e0s diferentes necessidades do dia a dia<\/strong>.<\/p>\n\n\n\n<h3 id='tecnologias-que-otimizam-espa\u00e7os-reduzidos'  class=\"wp-block-heading\"><strong>Tecnologias que otimizam espa\u00e7os reduzidos:<\/strong><\/h3>\n\n\n\n<p>\ud83d\udecb <strong>M\u00f3veis Retr\u00e1teis Automatizados:<\/strong> Camas, mesas e sof\u00e1s que se recolhem eletronicamente para liberar espa\u00e7o durante o dia.<\/p>\n\n\n\n<p>\ud83d\udd04 <strong>Pisos M\u00f3veis e Estruturas Ocultas:<\/strong> Sistemas que permitem criar diferentes layouts no mesmo ambiente, como pisos elevados que escondem compartimentos de armazenamento.<\/p>\n\n\n\n<p>\ud83d\udce6 <strong>Armazenamento Inteligente:<\/strong> Arm\u00e1rios e gavetas motorizadas que se expandem e retraem conforme a necessidade do usu\u00e1rio.<\/p>\n\n\n\n<p>\ud83c\udfe1 <strong>Espelhos e Telas Digitais Embutidas:<\/strong> Espelhos com fun\u00e7\u00f5es inteligentes que exibem notifica\u00e7\u00f5es, previs\u00e3o do tempo e ilumina\u00e7\u00e3o personaliz\u00e1vel.<\/p>\n\n\n\n<p>Essas solu\u00e7\u00f5es garantem <strong>um uso mais eficiente da metragem dispon\u00edvel<\/strong>, permitindo que pequenos ambientes <strong>se transformem conforme as necessidades do usu\u00e1rio<\/strong>.<\/p>\n\n\n\n<p><strong>Exemplo pr\u00e1tico: <\/strong>Uma cama embutida que pode ser elevada automaticamente para liberar espa\u00e7o durante o dia <strong>torna um est\u00fadio compacto muito mais funcional<\/strong>.<\/p>\n\n\n\n<p><strong>Erro comum a evitar: <\/strong>\u274c <strong>Automatizar m\u00f3veis sem considerar a real necessidade pode gerar gastos desnecess\u00e1rios e complexidade no uso di\u00e1rio.<\/strong><\/p>\n\n\n\n<p><strong>Dica pr\u00e1tica:<\/strong> Se deseja investir em m\u00f3veis inteligentes, <strong>comece por solu\u00e7\u00f5es simples, como mesas dobr\u00e1veis automatizadas ou estantes retr\u00e1teis, que oferecem grande praticidade com custo acess\u00edvel<\/strong>.<\/p>\n\n\n\n<hr class=\"wp-block-separator has-alpha-channel-opacity\"\/>\n\n\n\n<p>A tecnologia e a automa\u00e7\u00e3o s\u00e3o <strong>aliadas fundamentais na constru\u00e7\u00e3o de espa\u00e7os compactos eficientes, confort\u00e1veis e altamente funcionais<\/strong>. Com sistemas inteligentes, \u00e9 poss\u00edvel <strong>aproveitar cada metro quadrado de forma otimizada, garantindo praticidade, conforto e seguran\u00e7a<\/strong>.<\/p>\n\n\n\n<p>\u2714 <strong>Automa\u00e7\u00e3o residencial melhora a efici\u00eancia e facilita a rotina do usu\u00e1rio.<\/strong><br>\u2714 <strong>Tecnologias inteligentes de ilumina\u00e7\u00e3o, climatiza\u00e7\u00e3o e seguran\u00e7a aumentam o conforto e a economia de energia.<\/strong><br>\u2714 <strong>Solu\u00e7\u00f5es modernas permitem que m\u00f3veis e espa\u00e7os se adaptem dinamicamente \u00e0s necessidades do dia a dia.<\/strong><\/p>\n\n\n\n<p>Com essas estrat\u00e9gias, qualquer espa\u00e7o compacto <strong>pode se tornar mais funcional e inovador<\/strong>, proporcionando uma experi\u00eancia mais confort\u00e1vel e eficiente para seus moradores.<\/p>\n\n\n\n<hr class=\"wp-block-separator has-alpha-channel-opacity\"\/>\n\n\n\n<h2 id='erros-comuns-na-constru\u00e7\u00e3o-de-espa\u00e7os-compactos-e-como-evit\u00e1-los'  class=\"wp-block-heading\"><strong>Erros Comuns na Constru\u00e7\u00e3o de Espa\u00e7os Compactos e Como Evit\u00e1-los<\/strong><\/h2>\n\n\n\n<p>Construir um espa\u00e7o compacto <strong>n\u00e3o \u00e9 apenas reduzir a metragem<\/strong> \u2014 \u00e9 <strong>planejar estrategicamente cada detalhe para que o ambiente seja funcional, confort\u00e1vel e visualmente equilibrado<\/strong>. Muitos erros comuns podem comprometer a efici\u00eancia do projeto, resultando em <strong>ambientes pouco pr\u00e1ticos, mal aproveitados e desconfort\u00e1veis<\/strong>.<\/p>\n\n\n\n<p>Para evitar problemas e garantir um espa\u00e7o <strong>bem planejado e adapt\u00e1vel ao dia a dia<\/strong>, \u00e9 fundamental conhecer os <strong>desafios mais frequentes na constru\u00e7\u00e3o de pequenos ambientes<\/strong> e como solucion\u00e1-los.<\/p>\n\n\n\n<hr class=\"wp-block-separator has-alpha-channel-opacity\"\/>\n\n\n\n<h2 id='problemas-frequentes-no-planejamento-de-pequenos-ambientes'  class=\"wp-block-heading\"><strong>Problemas Frequentes no Planejamento de Pequenos Ambientes<\/strong><\/h2>\n\n\n\n<p>Os <strong>erros no planejamento inicial<\/strong> podem gerar <strong>falta de espa\u00e7o \u00fatil, dificuldades na circula\u00e7\u00e3o e desperd\u00edcio de metragem<\/strong>, tornando o ambiente desconfort\u00e1vel e limitando sua usabilidade.<\/p>\n\n\n\n<h3 id='erros-mais-comuns-na-constru\u00e7\u00e3o-de-espa\u00e7os-compactos'  class=\"wp-block-heading\"><strong>Erros mais comuns na constru\u00e7\u00e3o de espa\u00e7os compactos:<\/strong><\/h3>\n\n\n\n<p>\u274c <strong>Excesso de paredes e divis\u00f3rias:<\/strong> Barreiras f\u00edsicas desnecess\u00e1rias podem reduzir a sensa\u00e7\u00e3o de amplitude e dificultar a circula\u00e7\u00e3o.<\/p>\n\n\n\n<p>\u274c <strong>Falta de planejamento para armazenamento:<\/strong> Pequenos espa\u00e7os precisam de <strong>solu\u00e7\u00f5es inteligentes para organizar objetos sem comprometer a \u00e1rea \u00fatil<\/strong>.<\/p>\n\n\n\n<p>\u274c <strong>Ilumina\u00e7\u00e3o inadequada:<\/strong> Ambientes compactos precisam de <strong>boa ilumina\u00e7\u00e3o natural e artificial<\/strong> para evitar a sensa\u00e7\u00e3o de aperto.<\/p>\n\n\n\n<p>\u274c <strong>Uso de cores escuras em excesso:<\/strong> Tons muito fechados podem tornar o ambiente visualmente menor e menos convidativo.<\/p>\n\n\n\n<p>\u274c <strong>Escolha errada de m\u00f3veis:<\/strong> Pe\u00e7as grandes e pouco funcionais ocupam muito espa\u00e7o e dificultam a circula\u00e7\u00e3o.<\/p>\n\n\n\n<p>\u274c <strong>Instala\u00e7\u00e3o incorreta de portas e janelas:<\/strong> Mal posicionadas, podem comprometer a ventila\u00e7\u00e3o e a entrada de luz natural.<\/p>\n\n\n\n<p>Cada um desses erros <strong>pode ser evitado com um planejamento bem estruturado<\/strong>, garantindo que o espa\u00e7o seja <strong>flu\u00eddo, bem iluminado e otimizado<\/strong>.<\/p>\n\n\n\n<hr class=\"wp-block-separator has-alpha-channel-opacity\"\/>\n\n\n\n<h2 id='como-evitar-layouts-que-comprometem-a-funcionalidade'  class=\"wp-block-heading\"><strong>Como Evitar Layouts que Comprometem a Funcionalidade<\/strong><\/h2>\n\n\n\n<p>Um <strong>layout mal planejado<\/strong> pode transformar um espa\u00e7o pequeno em <strong>um ambiente desconfort\u00e1vel e sem praticidade<\/strong>. O segredo est\u00e1 em <strong>organizar os elementos de maneira funcional<\/strong>, garantindo que <strong>cada \u00e1rea tenha um prop\u00f3sito sem interferir na circula\u00e7\u00e3o<\/strong>.<\/p>\n\n\n\n<h3 id='dicas-para-um-layout-eficiente-em-espa\u00e7os-compactos'  class=\"wp-block-heading\"><strong>Dicas para um layout eficiente em espa\u00e7os compactos:<\/strong><\/h3>\n\n\n\n<p>\ud83d\udcd0 <strong>Aposte em ambientes integrados:<\/strong> Cozinha, sala de estar e \u00e1rea de trabalho podem ser unificadas para melhorar o aproveitamento do espa\u00e7o.<\/p>\n\n\n\n<p>\ud83d\udeaa <strong>Use portas de correr em vez de portas convencionais:<\/strong> Elas economizam espa\u00e7o e melhoram a fluidez do ambiente.<\/p>\n\n\n\n<p>\ud83d\udd04 <strong>Evite corredores desnecess\u00e1rios:<\/strong> Sempre que poss\u00edvel, opte por uma disposi\u00e7\u00e3o que elimine \u00e1reas &#8220;mortas&#8221; e maximize o espa\u00e7o \u00fatil.<\/p>\n\n\n\n<p>\ud83d\udecb <strong>Escolha m\u00f3veis proporcionais ao ambiente:<\/strong> Sof\u00e1s, mesas e arm\u00e1rios precisam se ajustar ao espa\u00e7o dispon\u00edvel sem comprometer a circula\u00e7\u00e3o.<\/p>\n\n\n\n<p>\ud83c\udf3f <strong>Garanta boa ilumina\u00e7\u00e3o e ventila\u00e7\u00e3o:<\/strong> Janelas bem-posicionadas e lumin\u00e1rias estrat\u00e9gicas fazem toda a diferen\u00e7a no conforto do espa\u00e7o.<\/p>\n\n\n\n<p><strong>Erro comum a evitar: <\/strong>\u274c <strong>Dispor os m\u00f3veis sem considerar a circula\u00e7\u00e3o pode criar bloqueios e dificultar o uso do ambiente.<\/strong><\/p>\n\n\n\n<p><strong>Dica pr\u00e1tica:<\/strong> Antes de definir o layout final, <strong>fa\u00e7a simula\u00e7\u00f5es digitais ou testes pr\u00e1ticos para garantir que a disposi\u00e7\u00e3o dos m\u00f3veis favorece o fluxo do espa\u00e7o<\/strong>.<\/p>\n\n\n\n<hr class=\"wp-block-separator has-alpha-channel-opacity\"\/>\n\n\n\n<h2 id='a-import\u00e2ncia-de-prever-necessidades-futuras-e-garantir-a-adaptabilidade-do-projeto'  class=\"wp-block-heading\"><strong>A Import\u00e2ncia de Prever Necessidades Futuras e Garantir a Adaptabilidade do Projeto<\/strong><\/h2>\n\n\n\n<p>Um espa\u00e7o compacto <strong>precisa ser flex\u00edvel e acompanhar as mudan\u00e7as no estilo de vida do morador<\/strong>. Projetos r\u00edgidos e pouco adapt\u00e1veis podem se tornar <strong>obsoletos rapidamente<\/strong>, tornando-se inadequados para novas demandas.<\/p>\n\n\n\n<h3 id='como-criar-um-espa\u00e7o-compacto-adapt\u00e1vel'  class=\"wp-block-heading\"><strong>Como criar um espa\u00e7o compacto adapt\u00e1vel?<\/strong><\/h3>\n\n\n\n<p>\u2714 <strong>Invista em m\u00f3veis modulares:<\/strong> Pe\u00e7as que podem ser reorganizadas ou expandidas conforme a necessidade ajudam a manter a funcionalidade do ambiente ao longo do tempo.<\/p>\n\n\n\n<p>\u2714 <strong>Priorize sistemas el\u00e9tricos e hidr\u00e1ulicos flex\u00edveis:<\/strong> Deixar espa\u00e7o para futuras adapta\u00e7\u00f5es evita reformas complexas caso seja necess\u00e1rio alterar a estrutura do im\u00f3vel.<\/p>\n\n\n\n<p>\u2714 <strong>Garanta armazenamento estrat\u00e9gico:<\/strong> Ambientes compactos devem prever \u00e1reas de organiza\u00e7\u00e3o para diferentes momentos da vida, sem comprometer a circula\u00e7\u00e3o.<\/p>\n\n\n\n<p>\u2714 <strong>Escolha acabamentos e materiais dur\u00e1veis:<\/strong> Evitar trocas frequentes reduz custos e mant\u00e9m o espa\u00e7o sempre atualizado.<\/p>\n\n\n\n<p>\u2714 <strong>Pense em solu\u00e7\u00f5es revers\u00edveis:<\/strong> Elementos como divis\u00f3rias remov\u00edveis e m\u00f3veis embutidos que podem ser realocados garantem um espa\u00e7o mais vers\u00e1til.<\/p>\n\n\n\n<p><strong>Exemplo pr\u00e1tico: <\/strong>Em vez de uma mesa fixa, uma <strong>bancada dobr\u00e1vel na parede<\/strong> pode servir como \u00e1rea de refei\u00e7\u00f5es, espa\u00e7o de trabalho e apoio para outras atividades, <strong>mantendo o ambiente sempre funcional<\/strong>.<\/p>\n\n\n\n<p><strong>Erro comum a evitar: <\/strong>\u274c <strong>Projetar um ambiente r\u00edgido e dif\u00edcil de adaptar pode limitar o uso do espa\u00e7o no futuro.<\/strong><\/p>\n\n\n\n<p><strong>Dica pr\u00e1tica:<\/strong> Se deseja um espa\u00e7o compacto que acompanhe suas necessidades ao longo do tempo, <strong>opte por solu\u00e7\u00f5es flex\u00edveis e m\u00f3veis que possam ser reconfigurados com facilidade<\/strong>.<\/p>\n\n\n\n<hr class=\"wp-block-separator has-alpha-channel-opacity\"\/>\n\n\n\n<p>Evitar erros na constru\u00e7\u00e3o de espa\u00e7os compactos <strong>garante ambientes mais funcionais, confort\u00e1veis e bem planejados<\/strong>. Com um bom planejamento, \u00e9 poss\u00edvel <strong>maximizar a metragem dispon\u00edvel e criar um layout eficiente<\/strong>, que se adapta \u00e0s necessidades do usu\u00e1rio sem desperd\u00edcio de espa\u00e7o.<\/p>\n\n\n\n<p>\u2714 <strong>Evitar erros de planejamento desde o in\u00edcio melhora a usabilidade e o conforto do ambiente.<\/strong><br>\u2714 <strong>Um layout inteligente otimiza a circula\u00e7\u00e3o e garante melhor aproveitamento do espa\u00e7o.<\/strong><br>\u2714 <strong>Projetos adapt\u00e1veis permitem que o espa\u00e7o evolua conforme as necessidades do morador.<\/strong><\/p>\n\n\n\n<p>Ao aplicar essas estrat\u00e9gias, qualquer espa\u00e7o compacto <strong>pode se tornar vers\u00e1til, organizado e extremamente funcional<\/strong>, garantindo uma experi\u00eancia mais eficiente e agrad\u00e1vel no dia a dia.<\/p>\n\n\n\n<hr class=\"wp-block-separator has-alpha-channel-opacity\"\/>\n\n\n\n<h2 id='criando-espa\u00e7os-compactos-inteligentes-e-bem-planejados'  class=\"wp-block-heading\"><strong>Criando Espa\u00e7os Compactos Inteligentes e Bem Planejados<\/strong><\/h2>\n\n\n\n<p>Projetar e construir um espa\u00e7o compacto <strong>vai muito al\u00e9m de reduzir a metragem<\/strong> \u2014 trata-se de criar um ambiente <strong>funcional, otimizado e inteligente<\/strong>, onde cada cent\u00edmetro tem um prop\u00f3sito claro. Quando bem planejado, um espa\u00e7o pequeno <strong>n\u00e3o apenas atende \u00e0s necessidades di\u00e1rias, mas tamb\u00e9m proporciona conforto, praticidade e uma experi\u00eancia agrad\u00e1vel para quem o utiliza<\/strong>.<\/p>\n\n\n\n<p>A combina\u00e7\u00e3o de <strong>solu\u00e7\u00f5es estrat\u00e9gicas de layout, mobili\u00e1rio planejado, ilumina\u00e7\u00e3o eficiente e automa\u00e7\u00e3o<\/strong> pode transformar qualquer ambiente reduzido em um <strong>espa\u00e7o din\u00e2mico, organizado e altamente funcional<\/strong>. O segredo est\u00e1 em <strong>pensar no espa\u00e7o como um todo<\/strong>, garantindo que cada escolha \u2014 dos materiais aos m\u00f3veis \u2014 <strong>contribua para a fluidez e efici\u00eancia do ambiente<\/strong>.<\/p>\n\n\n\n<hr class=\"wp-block-separator has-alpha-channel-opacity\"\/>\n\n\n\n<h2 id='como-a-combina\u00e7\u00e3o-de-funcionalidade-otimiza\u00e7\u00e3o-e-design-inteligente-faz-a-diferen\u00e7a'  class=\"wp-block-heading\"><strong>Como a Combina\u00e7\u00e3o de Funcionalidade, Otimiza\u00e7\u00e3o e Design Inteligente Faz a Diferen\u00e7a<\/strong><\/h2>\n\n\n\n<p>Para que um espa\u00e7o compacto seja <strong>bem aproveitado e confort\u00e1vel<\/strong>, ele precisa equilibrar <strong>tr\u00eas pilares essenciais: funcionalidade, otimiza\u00e7\u00e3o e design inteligente<\/strong>.<\/p>\n\n\n\n<p>\ud83d\udcd0 <strong>Funcionalidade:<\/strong> Cada elemento do ambiente deve ter um prop\u00f3sito claro, garantindo que tudo esteja \u00e0 m\u00e3o sem comprometer a organiza\u00e7\u00e3o e a circula\u00e7\u00e3o.<\/p>\n\n\n\n<p>\ud83d\udce6 <strong>Otimiza\u00e7\u00e3o:<\/strong> O uso inteligente de m\u00f3veis multifuncionais, solu\u00e7\u00f5es de armazenamento embutidas e divis\u00f3rias flex\u00edveis permite que o ambiente <strong>se adapte \u00e0s necessidades do dia a dia<\/strong>.<\/p>\n\n\n\n<p>\ud83c\udfa8 <strong>Design Inteligente:<\/strong> Cores claras, ilumina\u00e7\u00e3o estrat\u00e9gica, materiais cont\u00ednuos e um layout bem planejado criam <strong>uma sensa\u00e7\u00e3o de amplitude e fluidez<\/strong>, tornando o espa\u00e7o mais agrad\u00e1vel e confort\u00e1vel.<\/p>\n\n\n\n<p>Quando esses tr\u00eas elementos se combinam, o resultado \u00e9 um espa\u00e7o <strong>eficiente, pr\u00e1tico e esteticamente equilibrado<\/strong>, sem a sensa\u00e7\u00e3o de aperto ou desorganiza\u00e7\u00e3o que muitas vezes acompanha ambientes menores.<\/p>\n\n\n\n<p><strong>Exemplo pr\u00e1tico: <\/strong>Em um apartamento compacto, a <strong>integra\u00e7\u00e3o da cozinha com a sala de estar, o uso de prateleiras verticais para armazenamento e a escolha de m\u00f3veis modulares<\/strong> garantem um espa\u00e7o amplo e vers\u00e1til, sem comprometer a funcionalidade.<\/p>\n\n\n\n<hr class=\"wp-block-separator has-alpha-channel-opacity\"\/>\n\n\n\n<h2 id='o-impacto-de-um-planejamento-eficiente-na-experi\u00eancia-do-usu\u00e1rio'  class=\"wp-block-heading\"><strong>O Impacto de um Planejamento Eficiente na Experi\u00eancia do Usu\u00e1rio<\/strong><\/h2>\n\n\n\n<p>O planejamento \u00e9 a <strong>chave para transformar qualquer espa\u00e7o compacto em um ambiente agrad\u00e1vel e eficiente<\/strong>. Pequenos detalhes na constru\u00e7\u00e3o e organiza\u00e7\u00e3o <strong>fazem uma grande diferen\u00e7a na usabilidade do ambiente e na qualidade de vida dos moradores<\/strong>.<\/p>\n\n\n\n<h3 id='vantagens-de-um-espa\u00e7o-compacto-bem-planejado'  class=\"wp-block-heading\"><strong>Vantagens de um espa\u00e7o compacto bem planejado:<\/strong><\/h3>\n\n\n\n<p>\u2705 <strong>Melhor aproveitamento da metragem dispon\u00edvel:<\/strong> Nada fica subutilizado, e cada canto do ambiente tem uma fun\u00e7\u00e3o clara.<\/p>\n\n\n\n<p>\u2705 <strong>Ambiente mais organizado e pr\u00e1tico:<\/strong> Com solu\u00e7\u00f5es de armazenamento bem pensadas, \u00e9 poss\u00edvel evitar bagun\u00e7a e manter tudo no lugar.<\/p>\n\n\n\n<p>\u2705 <strong>Sensa\u00e7\u00e3o de amplitude e conforto:<\/strong> A escolha de materiais, cores e ilumina\u00e7\u00e3o influencia diretamente a percep\u00e7\u00e3o do espa\u00e7o, tornando-o mais leve e agrad\u00e1vel.<\/p>\n\n\n\n<p>\u2705 <strong>Adapta\u00e7\u00e3o \u00e0s mudan\u00e7as de rotina:<\/strong> Ambientes flex\u00edveis permitem que o espa\u00e7o seja reorganizado conforme as necessidades do usu\u00e1rio.<\/p>\n\n\n\n<p>\u2705 <strong>Facilidade na manuten\u00e7\u00e3o:<\/strong> Menos itens acumulados e m\u00f3veis estrategicamente posicionados tornam a limpeza e a organiza\u00e7\u00e3o muito mais simples.<\/p>\n\n\n\n<p>O impacto de um <strong>projeto bem elaborado<\/strong> vai al\u00e9m da est\u00e9tica \u2014 ele <strong>melhora a funcionalidade do espa\u00e7o e facilita a rotina do dia a dia<\/strong>, criando um ambiente que <strong>se adapta \u00e0 vida do morador<\/strong>.<\/p>\n\n\n\n<p><strong>Erro comum a evitar: <\/strong>\u274c <strong>Focar apenas na est\u00e9tica sem considerar a funcionalidade pode resultar em um espa\u00e7o visualmente bonito, mas pouco pr\u00e1tico para o uso di\u00e1rio.<\/strong><\/p>\n\n\n\n<p><strong>Dica pr\u00e1tica:<\/strong> Antes de definir o projeto, <strong>priorize solu\u00e7\u00f5es que tragam conforto e efici\u00eancia<\/strong>, garantindo que cada escolha agregue valor real ao ambiente.<\/p>\n\n\n\n<hr class=\"wp-block-separator has-alpha-channel-opacity\"\/>\n\n\n\n<h2 id='incentivo-\u00e0-ado\u00e7\u00e3o-de-solu\u00e7\u00f5es-pr\u00e1ticas-para-um-espa\u00e7o-bem-projetado-e-agrad\u00e1vel'  class=\"wp-block-heading\"><strong>Incentivo \u00e0 Ado\u00e7\u00e3o de Solu\u00e7\u00f5es Pr\u00e1ticas para um Espa\u00e7o Bem Projetado e Agrad\u00e1vel<\/strong><\/h2>\n\n\n\n<p>A constru\u00e7\u00e3o de um espa\u00e7o compacto <strong>n\u00e3o precisa ser limitada pela metragem dispon\u00edvel<\/strong> \u2014 com planejamento estrat\u00e9gico e solu\u00e7\u00f5es inteligentes, \u00e9 poss\u00edvel criar um ambiente que <strong>seja pr\u00e1tico, confort\u00e1vel e totalmente adaptado \u00e0s necessidades do usu\u00e1rio<\/strong>.<\/p>\n\n\n\n<h3 id='como-transformar-seu-espa\u00e7o-compacto-com-solu\u00e7\u00f5es-inteligentes'  class=\"wp-block-heading\"><strong>Como transformar seu espa\u00e7o compacto com solu\u00e7\u00f5es inteligentes:<\/strong><\/h3>\n\n\n\n<p>\ud83d\udccc <strong>Invista em m\u00f3veis multifuncionais e planejados<\/strong>, garantindo que cada pe\u00e7a tenha mais de uma utilidade.<\/p>\n\n\n\n<p>\ud83d\udccc <strong>Otimize o uso das paredes com prateleiras, nichos e arm\u00e1rios embutidos<\/strong>, evitando desperd\u00edcio de espa\u00e7o.<\/p>\n\n\n\n<p>\ud83d\udccc <strong>Escolha cores claras e materiais cont\u00ednuos<\/strong> para ampliar visualmente o ambiente.<\/p>\n\n\n\n<p>\ud83d\udccc <strong>Utilize ilumina\u00e7\u00e3o estrat\u00e9gica<\/strong> para criar diferentes atmosferas e evitar sombras que reduzam a sensa\u00e7\u00e3o de amplitude.<\/p>\n\n\n\n<p>\ud83d\udccc <strong>Implemente solu\u00e7\u00f5es tecnol\u00f3gicas e automatizadas<\/strong>, facilitando o controle da ilumina\u00e7\u00e3o, climatiza\u00e7\u00e3o e seguran\u00e7a do espa\u00e7o.<\/p>\n\n\n\n<p>Ao adotar essas estrat\u00e9gias, qualquer espa\u00e7o pequeno <strong>pode se tornar altamente funcional, agrad\u00e1vel e adapt\u00e1vel<\/strong>, proporcionando <strong>uma experi\u00eancia de moradia mais fluida e organizada<\/strong>.<\/p>\n\n\n\n<hr class=\"wp-block-separator has-alpha-channel-opacity\"\/>\n\n\n\n<h2 id='conclus\u00e3o'  class=\"wp-block-heading\"><strong>Conclus\u00e3o<\/strong><\/h2>\n\n\n\n<p>Criar um espa\u00e7o compacto <strong>inteligente e bem planejado<\/strong> exige <strong>a combina\u00e7\u00e3o de funcionalidade, otimiza\u00e7\u00e3o e design estrat\u00e9gico<\/strong>.<\/p>\n\n\n\n<p>Um ambiente reduzido <strong>n\u00e3o precisa ser sin\u00f4nimo de desconforto ou desorganiza\u00e7\u00e3o<\/strong> \u2014 pelo contr\u00e1rio, ele pode ser <strong>altamente eficiente, vers\u00e1til e aconchegante<\/strong> quando cada elemento \u00e9 pensado para <strong>atender \u00e0s reais necessidades do usu\u00e1rio<\/strong>.<\/p>\n\n\n\n<p>\u2714 <strong>A funcionalidade garante que cada detalhe do espa\u00e7o tenha um prop\u00f3sito claro.<\/strong><br>\u2714 <strong>A otimiza\u00e7\u00e3o maximiza a metragem dispon\u00edvel, evitando desperd\u00edcios e desorganiza\u00e7\u00e3o.<\/strong><br>\u2714 <strong>O design inteligente cria um ambiente equilibrado, bonito e confort\u00e1vel para o dia a dia.<\/strong><\/p>\n\n\n\n<p>Com as solu\u00e7\u00f5es certas, qualquer espa\u00e7o compacto pode <strong>se tornar mais fluido, pr\u00e1tico e bem aproveitado<\/strong>, garantindo <strong>conforto e efici\u00eancia para quem vive nele<\/strong>.<\/p>\n\n\n\n<hr class=\"wp-block-separator has-alpha-channel-opacity\"\/>\n\n\n\n<h2 id='perguntas-frequentes-faq-sobre-a-constru\u00e7\u00e3o-de-espa\u00e7os-compactos'  class=\"wp-block-heading\"><strong>Perguntas Frequentes (FAQ) sobre a Constru\u00e7\u00e3o de Espa\u00e7os Compactos<\/strong><\/h2>\n\n\n\n<p>A constru\u00e7\u00e3o e o design de espa\u00e7os compactos <strong>exigem planejamento estrat\u00e9gico e escolhas inteligentes<\/strong> para garantir <strong>funcionalidade, conforto e aproveitamento m\u00e1ximo da metragem dispon\u00edvel<\/strong>. Pequenos detalhes podem fazer <strong>toda a diferen\u00e7a na experi\u00eancia do usu\u00e1rio<\/strong>, tornando o ambiente mais fluido, organizado e agrad\u00e1vel.<\/p>\n\n\n\n<p>Nesta se\u00e7\u00e3o, reunimos <strong>as d\u00favidas mais comuns sobre como projetar e otimizar espa\u00e7os reduzidos<\/strong>, com solu\u00e7\u00f5es pr\u00e1ticas que <strong>ajudam a transformar qualquer ambiente pequeno em um espa\u00e7o eficiente e bem aproveitado<\/strong>.<\/p>\n\n\n\n<hr class=\"wp-block-separator has-alpha-channel-opacity\"\/>\n\n\n\n<h2 id='1-como-garantir-que-um-espa\u00e7o-compacto-seja-confort\u00e1vel-e-funcional'  class=\"wp-block-heading\"><strong>1. Como garantir que um espa\u00e7o compacto seja confort\u00e1vel e funcional?<\/strong><\/h2>\n\n\n\n<p>A <strong>chave para um espa\u00e7o compacto funcional e confort\u00e1vel<\/strong> est\u00e1 na combina\u00e7\u00e3o de <strong>planejamento inteligente, escolha adequada de m\u00f3veis e otimiza\u00e7\u00e3o do layout<\/strong>.<\/p>\n\n\n\n<h3 id='dicas-para-garantir-conforto-e-funcionalidade'  class=\"wp-block-heading\"><strong>Dicas para garantir conforto e funcionalidade:<\/strong><\/h3>\n\n\n\n<p>\u2705 <strong>Defina um layout eficiente:<\/strong> Evite corredores desnecess\u00e1rios e organize os m\u00f3veis de forma que a circula\u00e7\u00e3o fique livre e natural.<\/p>\n\n\n\n<p>\u2705 <strong>Invista em m\u00f3veis multifuncionais:<\/strong> Sof\u00e1s-camas, mesas dobr\u00e1veis e arm\u00e1rios embutidos maximizam a metragem dispon\u00edvel sem comprometer o conforto.<\/p>\n\n\n\n<p>\u2705 <strong>Aposte em ilumina\u00e7\u00e3o bem distribu\u00edda:<\/strong> Ambientes bem iluminados parecem mais amplos e acolhedores, melhorando a experi\u00eancia do usu\u00e1rio.<\/p>\n\n\n\n<p>\u2705 <strong>Use cores neutras e materiais leves:<\/strong> Tons claros ampliam visualmente o espa\u00e7o, enquanto materiais como vidro e madeira clara trazem leveza e sofistica\u00e7\u00e3o.<\/p>\n\n\n\n<p>\u2705 <strong>Crie solu\u00e7\u00f5es de armazenamento inteligente:<\/strong> Nichos, gavetas ocultas e prateleiras verticais ajudam a manter o ambiente organizado sem ocupar \u00e1rea \u00fatil.<\/p>\n\n\n\n<p>\ud83d\udccc <strong>Exemplo pr\u00e1tico:<\/strong> Em um apartamento pequeno, uma mesa de jantar dobr\u00e1vel pode ser recolhida quando n\u00e3o estiver em uso, liberando espa\u00e7o para circula\u00e7\u00e3o.<\/p>\n\n\n\n<p><strong>Erro comum a evitar: <\/strong>\u274c <strong>Priorizar est\u00e9tica em detrimento da funcionalidade.<\/strong> O ambiente precisa ser bonito, mas tamb\u00e9m deve atender \u00e0s necessidades do usu\u00e1rio no dia a dia.<\/p>\n\n\n\n<p><strong>Dica pr\u00e1tica:<\/strong> Antes de escolher qualquer elemento do projeto, pergunte-se: <strong>\u201cEsse item contribui para a funcionalidade do espa\u00e7o?\u201d<\/strong> Se a resposta for negativa, pode ser hora de repensar a escolha.<\/p>\n\n\n\n<hr class=\"wp-block-separator has-alpha-channel-opacity\"\/>\n\n\n\n<h2 id='2-quais-s\u00e3o-os-melhores-tipos-de-m\u00f3veis-para-ambientes-reduzidos'  class=\"wp-block-heading\"><strong>2. Quais s\u00e3o os melhores tipos de m\u00f3veis para ambientes reduzidos?<\/strong><\/h2>\n\n\n\n<p>Em espa\u00e7os compactos, <strong>a escolha dos m\u00f3veis \u00e9 essencial para otimizar a funcionalidade e manter a fluidez do ambiente<\/strong>.<\/p>\n\n\n\n<h3 id='os-melhores-tipos-de-m\u00f3veis-para-espa\u00e7os-pequenos-incluem'  class=\"wp-block-heading\"><strong>Os melhores tipos de m\u00f3veis para espa\u00e7os pequenos incluem:<\/strong><\/h3>\n\n\n\n<p>\ud83d\udecb <strong>M\u00f3veis multifuncionais:<\/strong> Pe\u00e7as que oferecem mais de uma fun\u00e7\u00e3o, como camas embutidas e sof\u00e1s com compartimentos de armazenamento.<\/p>\n\n\n\n<p>\ud83d\udce6 <strong>M\u00f3veis modulares:<\/strong> Permitem diferentes configura\u00e7\u00f5es para adaptar o ambiente a diferentes momentos do dia.<\/p>\n\n\n\n<p>\ud83d\udeaa <strong>Portas de correr ou dobr\u00e1veis:<\/strong> Em arm\u00e1rios e divis\u00f3rias, essas op\u00e7\u00f5es economizam espa\u00e7o e melhoram a circula\u00e7\u00e3o.<\/p>\n\n\n\n<p>\ud83d\udd04 <strong>Mesas e cadeiras dobr\u00e1veis:<\/strong> S\u00e3o f\u00e1ceis de armazenar e liberam espa\u00e7o quando n\u00e3o est\u00e3o em uso.<\/p>\n\n\n\n<p>\ud83d\udcda <strong>Prateleiras e nichos embutidos:<\/strong> Aproveitam \u00e1reas verticais sem comprometer a \u00e1rea \u00fatil do ch\u00e3o.<\/p>\n\n\n\n<p>\ud83d\udccf <strong>M\u00f3veis proporcionais ao espa\u00e7o:<\/strong> Sof\u00e1s, mesas e arm\u00e1rios devem ser escolhidos com base nas dimens\u00f5es do ambiente para garantir um layout equilibrado.<\/p>\n\n\n\n<p>\ud83d\udccc <strong>Exemplo pr\u00e1tico:<\/strong> Uma estante com mesa dobr\u00e1vel embutida pode servir como espa\u00e7o de home office durante o dia e se transformar em um aparador discreto \u00e0 noite.<\/p>\n\n\n\n<p><strong>Erro comum a evitar: <\/strong>\u274c <strong>Escolher m\u00f3veis muito grandes ou sem funcionalidade extra.<\/strong> Em espa\u00e7os reduzidos, cada pe\u00e7a deve ser bem pensada para n\u00e3o sobrecarregar o ambiente.<\/p>\n\n\n\n<p><strong>Dica pr\u00e1tica:<\/strong> Sempre que poss\u00edvel, <strong>opte por m\u00f3veis planejados ou multifuncionais<\/strong>, pois eles garantem um melhor aproveitamento do espa\u00e7o e proporcionam maior conforto.<\/p>\n\n\n\n<hr class=\"wp-block-separator has-alpha-channel-opacity\"\/>\n\n\n\n<h2 id='3-como-a-ilumina\u00e7\u00e3o-influencia-a-percep\u00e7\u00e3o-de-espa\u00e7o-em-ambientes-pequenos'  class=\"wp-block-heading\"><strong>3. Como a ilumina\u00e7\u00e3o influencia a percep\u00e7\u00e3o de espa\u00e7o em ambientes pequenos?<\/strong><\/h2>\n\n\n\n<p>A ilumina\u00e7\u00e3o \u00e9 <strong>um dos fatores mais importantes para ampliar visualmente um ambiente compacto<\/strong>. Um projeto de luz bem planejado <strong>cria profundidade, destaca pontos estrat\u00e9gicos e melhora o conforto visual<\/strong>.<\/p>\n\n\n\n<h3 id='como-a-ilumina\u00e7\u00e3o-pode-transformar-um-espa\u00e7o-pequeno'  class=\"wp-block-heading\"><strong>Como a ilumina\u00e7\u00e3o pode transformar um espa\u00e7o pequeno?<\/strong><\/h3>\n\n\n\n<p>\ud83d\udca1 <strong>Aposte em luz difusa e indireta:<\/strong> Lumin\u00e1rias de piso, arandelas e fitas de LED criam um ambiente mais aconchegante sem ofuscar.<\/p>\n\n\n\n<p>\ud83e\ude9e <strong>Use espelhos para refletir a luz:<\/strong> Posicion\u00e1-los em locais estrat\u00e9gicos multiplica a ilumina\u00e7\u00e3o e aumenta a sensa\u00e7\u00e3o de amplitude.<\/p>\n\n\n\n<p>\u2600 <strong>Aproveite ao m\u00e1ximo a luz natural:<\/strong> Cortinas leves e janelas amplas ajudam a manter o ambiente iluminado durante o dia.<\/p>\n\n\n\n<p>\ud83d\udd04 <strong>Combine diferentes fontes de luz:<\/strong> Uma mistura de luz direta (para tarefas espec\u00edficas) e indireta (para criar aconchego) resulta em um ambiente mais equilibrado.<\/p>\n\n\n\n<p>\ud83c\udfa8 <strong>Escolha cores e materiais que refletem a luz:<\/strong> Tons claros e acabamentos acetinados ajudam a espalhar a luminosidade pelo ambiente.<\/p>\n\n\n\n<p>\ud83d\udccc <strong>Exemplo pr\u00e1tico:<\/strong><br><br><\/p>\n\n\n\n<p>Em um apartamento pequeno, <strong>fitas de LED embutidas em prateleiras ou atr\u00e1s da TV criam uma sensa\u00e7\u00e3o de profundidade e deixam o espa\u00e7o mais sofisticado<\/strong>.<\/p>\n\n\n\n<p><strong>Erro comum a evitar: <\/strong>\u274c <strong>Usar apenas uma fonte de luz central pode criar sombras e fazer o ambiente parecer menor.<\/strong><\/p>\n\n\n\n<p><strong>Dica pr\u00e1tica:<\/strong> Invista em lumin\u00e1rias regul\u00e1veis e luzes embutidas para criar diferentes cen\u00e1rios de ilumina\u00e7\u00e3o conforme a necessidade do momento.<\/p>\n\n\n\n<hr class=\"wp-block-separator has-alpha-channel-opacity\"\/>\n\n\n\n<h2 id='4-qual-o-maior-erro-ao-projetar-e-construir-um-espa\u00e7o-compacto'  class=\"wp-block-heading\"><strong>4. Qual o maior erro ao projetar e construir um espa\u00e7o compacto?<\/strong><\/h2>\n\n\n\n<p>O maior erro na constru\u00e7\u00e3o de espa\u00e7os reduzidos \u00e9 <strong>n\u00e3o pensar na funcionalidade desde o in\u00edcio do projeto<\/strong>. Muitas vezes, o foco excessivo na est\u00e9tica ou na economia pode comprometer o conforto e a praticidade do ambiente.<\/p>\n\n\n\n<h3 id='principais-erros-que-devem-ser-evitados'  class=\"wp-block-heading\"><strong>Principais erros que devem ser evitados:<\/strong><\/h3>\n\n\n\n<p>\u274c <strong>Falta de planejamento para armazenamento:<\/strong> Sem solu\u00e7\u00f5es inteligentes, o espa\u00e7o rapidamente se torna desorganizado.<\/p>\n\n\n\n<p>\u274c <strong>Disposi\u00e7\u00e3o inadequada de m\u00f3veis:<\/strong> Um layout mal estruturado pode dificultar a circula\u00e7\u00e3o e reduzir a usabilidade do ambiente.<\/p>\n\n\n\n<p>\u274c <strong>Pouca aten\u00e7\u00e3o \u00e0 ilumina\u00e7\u00e3o e ventila\u00e7\u00e3o:<\/strong> Ambientes escuros e mal ventilados parecem menores e menos convidativos.<\/p>\n\n\n\n<p>\u274c <strong>Escolha de cores muito escuras ou materiais pesados:<\/strong> Isso pode criar uma sensa\u00e7\u00e3o de aperto, tornando o espa\u00e7o desconfort\u00e1vel.<\/p>\n\n\n\n<p>\u274c <strong>Excesso de elementos decorativos:<\/strong> Muitas pe\u00e7as decorativas podem poluir visualmente o ambiente e reduzir a sensa\u00e7\u00e3o de amplitude.<\/p>\n\n\n\n<p>\ud83d\udccc <strong>Exemplo pr\u00e1tico:<\/strong> Ao projetar um est\u00fadio compacto, <strong>n\u00e3o prever espa\u00e7o suficiente para armazenamento pode resultar em bagun\u00e7a constante, tornando o ambiente menos funcional e esteticamente desagrad\u00e1vel<\/strong>.<\/p>\n\n\n\n<p><strong>Dica pr\u00e1tica:<\/strong> Antes de iniciar a constru\u00e7\u00e3o ou reforma, <strong>planeje detalhadamente cada \u00e1rea do espa\u00e7o, priorizando a funcionalidade sem comprometer o conforto e a est\u00e9tica<\/strong>.<\/p>\n\n\n\n<p><\/p>","protected":false},"excerpt":{"rendered":"<p>A Evolu\u00e7\u00e3o dos Espa\u00e7os Compactos na Constru\u00e7\u00e3o Moderna O conceito de espa\u00e7os compactos tem passado por uma grande transforma\u00e7\u00e3o nos&#8230;<\/p>","protected":false},"author":1,"featured_media":584,"comment_status":"open","ping_status":"open","sticky":false,"template":"","format":"standard","meta":{"_kad_post_transparent":"","_kad_post_title":"","_kad_post_layout":"","_kad_post_sidebar_id":"","_kad_post_content_style":"","_kad_post_vertical_padding":"","_kad_post_feature":"","_kad_post_feature_position":"","_kad_post_header":false,"_kad_post_footer":false,"_kad_post_classname":"","footnotes":"","jetpack_publicize_message":"","jetpack_publicize_feature_enabled":true,"jetpack_social_post_already_shared":false,"jetpack_social_options":{"image_generator_settings":{"template":"highway","default_image_id":0,"font":"","enabled":false},"version":2}},"categories":[16],"tags":[12],"class_list":["post-583","post","type-post","status-publish","format-standard","has-post-thumbnail","hentry","category-casa-e-jardim","tag-projetos-inovadores"],"jetpack_publicize_connections":[],"jetpack_featured_media_url":"https:\/\/i0.wp.com\/1truenote.com\/wp-content\/uploads\/2025\/03\/Design-sem-nome-3.webp?fit=600%2C400&ssl=1","jetpack_sharing_enabled":true,"_links":{"self":[{"href":"https:\/\/1truenote.com\/en\/wp-json\/wp\/v2\/posts\/583","targetHints":{"allow":["GET"]}}],"collection":[{"href":"https:\/\/1truenote.com\/en\/wp-json\/wp\/v2\/posts"}],"about":[{"href":"https:\/\/1truenote.com\/en\/wp-json\/wp\/v2\/types\/post"}],"author":[{"embeddable":true,"href":"https:\/\/1truenote.com\/en\/wp-json\/wp\/v2\/users\/1"}],"replies":[{"embeddable":true,"href":"https:\/\/1truenote.com\/en\/wp-json\/wp\/v2\/comments?post=583"}],"version-history":[{"count":0,"href":"https:\/\/1truenote.com\/en\/wp-json\/wp\/v2\/posts\/583\/revisions"}],"wp:featuredmedia":[{"embeddable":true,"href":"https:\/\/1truenote.com\/en\/wp-json\/wp\/v2\/media\/584"}],"wp:attachment":[{"href":"https:\/\/1truenote.com\/en\/wp-json\/wp\/v2\/media?parent=583"}],"wp:term":[{"taxonomy":"category","embeddable":true,"href":"https:\/\/1truenote.com\/en\/wp-json\/wp\/v2\/categories?post=583"},{"taxonomy":"post_tag","embeddable":true,"href":"https:\/\/1truenote.com\/en\/wp-json\/wp\/v2\/tags?post=583"}],"curies":[{"name":"wp","href":"https:\/\/api.w.org\/{rel}","templated":true}]}}