{"id":579,"date":"2025-03-01T19:21:06","date_gmt":"2025-03-01T19:21:06","guid":{"rendered":"https:\/\/1truenote.com\/?p=579"},"modified":"2025-04-21T17:09:55","modified_gmt":"2025-04-21T17:09:55","slug":"otimizacao-de-espacos-compactos-com-minimalismo-para-mais-funcionalidade-fluidez-e-estetica-equilibrada","status":"publish","type":"post","link":"https:\/\/1truenote.com\/en\/otimizacao-de-espacos-compactos-com-minimalismo-para-mais-funcionalidade-fluidez-e-estetica-equilibrada\/","title":{"rendered":"Otimiza\u00e7\u00e3o de espa\u00e7os compactos com minimalismo para mais funcionalidade, fluidez e est\u00e9tica equilibrada"},"content":{"rendered":"<h2 id='como-o-minimalismo-transforma-espa\u00e7os-compactos'  class=\"wp-block-heading\"><strong>Como o Minimalismo Transforma Espa\u00e7os Compactos<\/strong><\/h2>\n\n\n\n<p>A vida em espa\u00e7os compactos exige um planejamento estrat\u00e9gico para que <strong>cada metro quadrado seja aproveitado com intelig\u00eancia<\/strong>, sem comprometer o conforto ou a est\u00e9tica. Quando o ambiente \u00e9 sobrecarregado por m\u00f3veis e objetos sem utilidade real, a circula\u00e7\u00e3o fica limitada, a organiza\u00e7\u00e3o se torna um desafio e a praticidade do dia a dia \u00e9 comprometida.<\/p>\n\n\n\n<p>\u00c9 nesse cen\u00e1rio que o <strong>minimalismo se destaca como uma abordagem funcional e eficiente<\/strong>. Ao eliminar excessos e priorizar o essencial, ele transforma ambientes pequenos em espa\u00e7os <strong>mais organizados, flu\u00eddos e visualmente agrad\u00e1veis<\/strong>, criando um equil\u00edbrio perfeito entre est\u00e9tica e praticidade.<\/p>\n\n\n\n<p>Neste artigo, voc\u00ea descobrir\u00e1 <strong>como o minimalismo pode otimizar sua microcasa ou apartamento compacto<\/strong>, garantindo mais funcionalidade sem abrir m\u00e3o do estilo e da leveza na decora\u00e7\u00e3o.<\/p>\n\n\n\n<hr class=\"wp-block-separator has-alpha-channel-opacity\"\/>\n\n\n\n<h2 id='a-necessidade-de-otimizar-ambientes-pequenos-para-um-dia-a-dia-mais-pr\u00e1tico'  class=\"wp-block-heading\"><strong>A necessidade de otimizar ambientes pequenos para um dia a dia mais pr\u00e1tico<\/strong><\/h2>\n\n\n\n<p>Viver em um espa\u00e7o compacto pode ser extremamente funcional <strong>quando bem planejado<\/strong>. No entanto, se o ambiente for mal aproveitado, pequenos desafios do cotidiano \u2013 como encontrar um objeto guardado, movimentar-se sem obst\u00e1culos ou manter a organiza\u00e7\u00e3o \u2013 podem se tornar desgastantes.<\/p>\n\n\n\n<p>A otimiza\u00e7\u00e3o de espa\u00e7os compactos envolve:<\/p>\n\n\n\n<p>\u2714 <strong>Aproveitamento inteligente do espa\u00e7o vertical<\/strong>, evitando que m\u00f3veis ocupem desnecessariamente a \u00e1rea de circula\u00e7\u00e3o.<br>\u2714 <strong>Escolha de m\u00f3veis multifuncionais<\/strong>, que oferecem mais de uma utilidade e se adaptam \u00e0s necessidades do dia a dia.<br>\u2714 <strong>Defini\u00e7\u00e3o clara dos usos de cada ambiente<\/strong>, evitando que um c\u00f4modo seja sobrecarregado com fun\u00e7\u00f5es diversas e sem planejamento.<br>\u2714 <strong>Organiza\u00e7\u00e3o estrat\u00e9gica e manuten\u00e7\u00e3o simplificada<\/strong>, garantindo que cada item tenha um prop\u00f3sito e um local definido.<\/p>\n\n\n\n<p>Ao adotar essas pr\u00e1ticas, o espa\u00e7o compacto se torna <strong>mais pr\u00e1tico, confort\u00e1vel e eficiente<\/strong>, permitindo um fluxo natural na rotina sem interfer\u00eancias ou obst\u00e1culos.<\/p>\n\n\n\n<hr class=\"wp-block-separator has-alpha-channel-opacity\"\/>\n\n\n\n<h2 id='como-o-minimalismo-contribui-para-funcionalidade-fluidez-e-est\u00e9tica-equilibrada'  class=\"wp-block-heading\"><strong>Como o minimalismo contribui para funcionalidade, fluidez e est\u00e9tica equilibrada<\/strong><\/h2>\n\n\n\n<p>O minimalismo n\u00e3o se trata apenas de &#8220;ter menos&#8221;, mas sim de <strong>ter o essencial para viver de maneira mais leve e funcional<\/strong>. Quando aplicado ao design de interiores, ele favorece ambientes <strong>mais organizados, com menos polui\u00e7\u00e3o visual e mais fluidez na circula\u00e7\u00e3o<\/strong>.<\/p>\n\n\n\n<h3 id='os-principais-benef\u00edcios-do-minimalismo-em-espa\u00e7os-compactos-incluem'  class=\"wp-block-heading\"><strong>Os principais benef\u00edcios do minimalismo em espa\u00e7os compactos incluem:<\/strong><\/h3>\n\n\n\n<p>\u2705 <strong>Maior funcionalidade:<\/strong> Com menos itens desnecess\u00e1rios, o espa\u00e7o se torna mais pr\u00e1tico e eficiente, facilitando a rotina.<br>\u2705 <strong>Melhor aproveitamento dos ambientes:<\/strong> Ao reduzir o n\u00famero de m\u00f3veis e objetos decorativos, a circula\u00e7\u00e3o fica livre e o ambiente parece maior.<br>\u2705 <strong>Est\u00e9tica equilibrada:<\/strong> O minimalismo prioriza <strong>cores neutras, linhas simples e materiais naturais<\/strong>, criando uma sensa\u00e7\u00e3o de harmonia e leveza.<br>\u2705 <strong>Facilidade na organiza\u00e7\u00e3o:<\/strong> Com menos elementos no ambiente, a manuten\u00e7\u00e3o e a limpeza s\u00e3o simplificadas, reduzindo o tempo gasto com tarefas dom\u00e9sticas.<br>\u2705 <strong>Sensa\u00e7\u00e3o de tranquilidade:<\/strong> Espa\u00e7os organizados e descomplicados transmitem <strong>calma e clareza mental<\/strong>, tornando o ambiente mais acolhedor.<\/p>\n\n\n\n<p>O minimalismo, quando bem aplicado, cria <strong>uma rela\u00e7\u00e3o mais consciente entre o espa\u00e7o e as necessidades reais do dia a dia<\/strong>, garantindo um lar mais flu\u00eddo e funcional.<\/p>\n\n\n\n<hr class=\"wp-block-separator has-alpha-channel-opacity\"\/>\n\n\n\n<h2 id='benef\u00edcios-de-um-espa\u00e7o-bem-planejado-e-descomplicado'  class=\"wp-block-heading\"><strong>Benef\u00edcios de um espa\u00e7o bem planejado e descomplicado<\/strong><\/h2>\n\n\n\n<p>Um espa\u00e7o compacto n\u00e3o precisa ser <strong>apertado, desorganizado ou sufocante<\/strong>. Pelo contr\u00e1rio, um planejamento bem estruturado permite que ele seja <strong>amplo, leve e funcional<\/strong>, mesmo sem grandes dimens\u00f5es.<\/p>\n\n\n\n<h3 id='o-que-um-ambiente-compacto-bem-planejado-proporciona'  class=\"wp-block-heading\"><strong>O que um ambiente compacto bem planejado proporciona?<\/strong><\/h3>\n\n\n\n<p>\ud83c\udfe1 <strong>Aproveitamento inteligente de cada metro quadrado<\/strong>, sem desperd\u00edcios de espa\u00e7o.<br>\ud83c\udfaf <strong>Rotina mais flu\u00edda e eficiente<\/strong>, j\u00e1 que tudo tem um lugar espec\u00edfico e de f\u00e1cil acesso.<br>\ud83e\ude91 <strong>Est\u00e9tica agrad\u00e1vel e equilibrada<\/strong>, sem excesso de m\u00f3veis e objetos desnecess\u00e1rios.<br>\ud83e\uddf9 <strong>F\u00e1cil manuten\u00e7\u00e3o e organiza\u00e7\u00e3o<\/strong>, evitando o ac\u00famulo de bagun\u00e7a e reduzindo o tempo de limpeza.<br>\ud83c\udf3f <strong>Ambiente mais leve e confort\u00e1vel<\/strong>, permitindo uma melhor circula\u00e7\u00e3o e uma sensa\u00e7\u00e3o de bem-estar.<\/p>\n\n\n\n<p>Com <strong>decis\u00f5es conscientes na disposi\u00e7\u00e3o dos m\u00f3veis, na escolha dos revestimentos e na sele\u00e7\u00e3o dos objetos que realmente fazem sentido<\/strong>, o minimalismo transforma um espa\u00e7o pequeno <strong>em um ambiente funcional, harmonioso e extremamente pr\u00e1tico<\/strong> para o dia a dia.<\/p>\n\n\n\n<hr class=\"wp-block-separator has-alpha-channel-opacity\"\/>\n\n\n\n<p>O minimalismo n\u00e3o \u00e9 apenas uma tend\u00eancia est\u00e9tica, mas uma <strong>solu\u00e7\u00e3o eficiente para otimizar espa\u00e7os compactos<\/strong> e melhorar a experi\u00eancia de viver em ambientes reduzidos. Com <strong>menos excessos, mais funcionalidade e um planejamento estrat\u00e9gico<\/strong>, \u00e9 poss\u00edvel criar um espa\u00e7o flu\u00eddo, bonito e pr\u00e1tico para qualquer rotina.<\/p>\n\n\n\n<p>Se voc\u00ea deseja transformar seu espa\u00e7o compacto, comece <strong>avaliando os itens realmente essenciais, escolhendo m\u00f3veis inteligentes e priorizando a organiza\u00e7\u00e3o e fluidez do ambiente<\/strong>. Pequenas mudan\u00e7as fazem <strong>uma grande diferen\u00e7a na otimiza\u00e7\u00e3o do espa\u00e7o e na qualidade de vida dentro dele<\/strong>.<\/p>\n\n\n\n<hr class=\"wp-block-separator has-alpha-channel-opacity\"\/>\n\n\n\n<h2 id='funcionalidade-inteligente-menos-objetos-mais-usabilidade'  class=\"wp-block-heading\"><strong>Funcionalidade Inteligente: Menos Objetos, Mais Usabilidade<\/strong><\/h2>\n\n\n\n<p>O espa\u00e7o em uma microcasa ou apartamento compacto \u00e9 <strong>valioso demais para ser desperdi\u00e7ado com excessos<\/strong>. A funcionalidade inteligente \u00e9 a chave para transformar <strong>ambientes reduzidos em espa\u00e7os eficientes, organizados e visualmente agrad\u00e1veis<\/strong>, sem comprometer o conforto e a praticidade do dia a dia.<\/p>\n\n\n\n<p>Ao eliminar o que n\u00e3o agrega valor e investir em solu\u00e7\u00f5es multifuncionais, cada metro quadrado \u00e9 <strong>melhor aproveitado, a circula\u00e7\u00e3o se torna mais flu\u00edda e a usabilidade dos ambientes aumenta significativamente<\/strong>.<\/p>\n\n\n\n<p>Descubra agora como a funcionalidade inteligente pode <strong>melhorar a din\u00e2mica do seu espa\u00e7o<\/strong>, garantindo uma organiza\u00e7\u00e3o eficiente e um ambiente otimizado para suas reais necessidades.<\/p>\n\n\n\n<hr class=\"wp-block-separator has-alpha-channel-opacity\"\/>\n\n\n\n<h2 id='como-eliminar-excessos-melhora-a-din\u00e2mica-do-ambiente'  class=\"wp-block-heading\"><strong>Como eliminar excessos melhora a din\u00e2mica do ambiente<\/strong><\/h2>\n\n\n\n<p>Um dos maiores desafios em espa\u00e7os compactos \u00e9 a <strong>acumula\u00e7\u00e3o de objetos desnecess\u00e1rios<\/strong>, que dificultam a circula\u00e7\u00e3o e criam a sensa\u00e7\u00e3o de um ambiente carregado e desorganizado. <strong>Menos itens significa mais fluidez, mais espa\u00e7o livre e mais facilidade no dia a dia.<\/strong><\/p>\n\n\n\n<h3 id='benef\u00edcios-imediatos-de-reduzir-excessos-no-ambiente'  class=\"wp-block-heading\"><strong>Benef\u00edcios imediatos de reduzir excessos no ambiente:<\/strong><\/h3>\n\n\n\n<p>\u2714 <strong>Melhor circula\u00e7\u00e3o:<\/strong> Com menos m\u00f3veis e objetos, o espa\u00e7o fica mais livre e flu\u00eddo.<br>\u2714 <strong>Maior facilidade na limpeza e manuten\u00e7\u00e3o:<\/strong> Ambientes mais enxutos exigem menos tempo para organiza\u00e7\u00e3o e limpeza.<br>\u2714 <strong>Redu\u00e7\u00e3o da polui\u00e7\u00e3o visual:<\/strong> A aus\u00eancia de excessos torna o ambiente mais leve e equilibrado.<br>\u2714 <strong>Maior praticidade no dia a dia:<\/strong> Tudo que permanece no espa\u00e7o tem um prop\u00f3sito real, facilitando o uso di\u00e1rio.<\/p>\n\n\n\n<h3 id='como-eliminar-excessos-sem-abrir-m\u00e3o-do-que-realmente-importa'  class=\"wp-block-heading\"><strong>Como eliminar excessos sem abrir m\u00e3o do que realmente importa:<\/strong><\/h3>\n\n\n\n<p>\u2705 <strong>Fa\u00e7a uma avalia\u00e7\u00e3o criteriosa dos objetos:<\/strong> Se algo n\u00e3o tem utilidade real ou n\u00e3o contribui para o conforto do ambiente, talvez seja hora de desapegar.<br>\u2705 <strong>Estabele\u00e7a prioridades:<\/strong> Mantenha apenas o que <strong>\u00e9 funcional e se encaixa no seu estilo de vida<\/strong>.<br>\u2705 <strong>Evite o ac\u00famulo de pe\u00e7as decorativas desnecess\u00e1rias:<\/strong> Prefira elementos que <strong>tenham tanto fun\u00e7\u00e3o quanto est\u00e9tica<\/strong>, sem comprometer a harmonia visual.<br>\u2705 <strong>Otimize o espa\u00e7o vertical:<\/strong> Prateleiras e nichos ajudam a liberar a \u00e1rea do piso sem sobrecarregar o ambiente.<\/p>\n\n\n\n<p><strong>Dica pr\u00e1tica:<\/strong> Adote o m\u00e9todo do <strong>&#8220;um entra, um sai&#8221;<\/strong>: sempre que adquirir um novo item, avalie se outro pode ser doado ou removido, garantindo que o espa\u00e7o permane\u00e7a organizado e funcional.<\/p>\n\n\n\n<hr class=\"wp-block-separator has-alpha-channel-opacity\"\/>\n\n\n\n<h2 id='o-impacto-de-m\u00f3veis-e-objetos-multifuncionais-na-otimiza\u00e7\u00e3o-do-espa\u00e7o'  class=\"wp-block-heading\"><strong>O impacto de m\u00f3veis e objetos multifuncionais na otimiza\u00e7\u00e3o do espa\u00e7o<\/strong><\/h2>\n\n\n\n<p>A escolha dos m\u00f3veis desempenha um papel fundamental na funcionalidade dos espa\u00e7os compactos. <strong>M\u00f3veis multifuncionais s\u00e3o a solu\u00e7\u00e3o perfeita para otimizar ambientes pequenos, proporcionando praticidade sem comprometer a est\u00e9tica e a organiza\u00e7\u00e3o.<\/strong><\/p>\n\n\n\n<h3 id='exemplos-de-m\u00f3veis-multifuncionais-que-maximizam-o-espa\u00e7o'  class=\"wp-block-heading\"><strong>Exemplos de m\u00f3veis multifuncionais que maximizam o espa\u00e7o:<\/strong><\/h3>\n\n\n\n<p>\ud83d\udecf <strong>Cama com gavetas embutidas:<\/strong> Ideal para armazenar roupas de cama, sapatos e objetos sazonais sem precisar de arm\u00e1rios extras.<br>\ud83d\udecb <strong>Sof\u00e1-cama:<\/strong> Transforma a sala em um quarto de h\u00f3spedes quando necess\u00e1rio, sem ocupar espa\u00e7o extra.<br>\ud83d\udcda <strong>Mesa dobr\u00e1vel ou extens\u00edvel:<\/strong> Funciona como \u00e1rea de trabalho ou jantar e pode ser recolhida quando n\u00e3o estiver em uso.<br>\ud83e\ude91 <strong>Banquetas empilh\u00e1veis ou dobr\u00e1veis:<\/strong> Quando n\u00e3o s\u00e3o necess\u00e1rias, podem ser guardadas sem ocupar espa\u00e7o.<br>\ud83d\udeaa <strong>Portas de correr:<\/strong> Eliminam a necessidade de \u00e1rea de abertura, garantindo melhor aproveitamento do ambiente.<br>\ud83c\udfe0 <strong>Nichos embutidos e prateleiras suspensas:<\/strong> Substituem m\u00f3veis volumosos e liberam mais espa\u00e7o no piso.<\/p>\n\n\n\n<h3 id='vantagens-dos-m\u00f3veis-multifuncionais'  class=\"wp-block-heading\"><strong>Vantagens dos m\u00f3veis multifuncionais:<\/strong><\/h3>\n\n\n\n<p>\u2714 <strong>Adaptabilidade ao espa\u00e7o e \u00e0 rotina di\u00e1ria.<\/strong><br>\u2714 <strong>Aumento da capacidade de armazenamento sem comprometer a circula\u00e7\u00e3o.<\/strong><br>\u2714 <strong>Maior versatilidade para atender diferentes necessidades no mesmo ambiente.<\/strong><br>\u2714 <strong>Ambientes visualmente mais organizados e equilibrados.<\/strong><\/p>\n\n\n\n<p><strong>Dica pr\u00e1tica:<\/strong> Se poss\u00edvel, opte por m\u00f3veis planejados ou modulares, que se ajustam perfeitamente ao tamanho do espa\u00e7o e oferecem solu\u00e7\u00f5es personalizadas de armazenamento.<\/p>\n\n\n\n<hr class=\"wp-block-separator has-alpha-channel-opacity\"\/>\n\n\n\n<h2 id='estrat\u00e9gias-para-priorizar-apenas-o-essencial-sem-comprometer-o-conforto'  class=\"wp-block-heading\"><strong>Estrat\u00e9gias para priorizar apenas o essencial sem comprometer o conforto<\/strong><\/h2>\n\n\n\n<p>Muitas pessoas acreditam que viver com menos significa abrir m\u00e3o do conforto, mas a realidade \u00e9 exatamente o oposto. <strong>O segredo do minimalismo funcional est\u00e1 em manter apenas o essencial para a rotina, eliminando distra\u00e7\u00f5es e elementos que sobrecarregam o espa\u00e7o.<\/strong><\/p>\n\n\n\n<h3 id='como-priorizar-o-essencial-sem-perder-o-conforto'  class=\"wp-block-heading\"><strong>Como priorizar o essencial sem perder o conforto:<\/strong><\/h3>\n\n\n\n<p>\ud83c\udfaf <strong>Escolha m\u00f3veis ergon\u00f4micos e bem planejados:<\/strong> Pe\u00e7as que combinam funcionalidade com conforto fazem toda a diferen\u00e7a na experi\u00eancia do ambiente.<br>\ud83c\udfaf <strong>Invista em poucos elementos de qualidade:<\/strong> Melhor ter <strong>poucos m\u00f3veis bem escolhidos<\/strong> do que um ambiente cheio de itens que n\u00e3o agregam valor real.<br>\ud83c\udfaf <strong>Crie zonas bem definidas dentro do espa\u00e7o:<\/strong> Mesmo em ambientes pequenos, delimitar \u00e1reas para dormir, trabalhar e relaxar melhora a organiza\u00e7\u00e3o e a usabilidade.<br>\ud83c\udfaf <strong>Prefira materiais e texturas aconchegantes:<\/strong> Tapetes macios, ilumina\u00e7\u00e3o bem distribu\u00edda e cores neutras contribuem para um ambiente confort\u00e1vel sem excessos.<br>\ud83c\udfaf <strong>Evite m\u00f3veis volumosos e pesados:<\/strong> Prefira op\u00e7\u00f5es compactas, modulares e que possam ser facilmente movidas conforme a necessidade.<\/p>\n\n\n\n<h3 id='o-que-realmente-precisa-estar-no-ambiente'  class=\"wp-block-heading\"><strong>O que realmente precisa estar no ambiente?<\/strong><\/h3>\n\n\n\n<p>\ud83d\udccc <strong>Funcionalidade:<\/strong> Cada item deve ter um prop\u00f3sito claro e contribuir para o dia a dia.<br>\ud83d\udccc <strong>Est\u00e9tica equilibrada:<\/strong> O espa\u00e7o deve ser visualmente agrad\u00e1vel, sem polui\u00e7\u00e3o visual.<br>\ud83d\udccc <strong>Praticidade:<\/strong> Tudo deve ser de f\u00e1cil acesso e simples de manter organizado.<\/p>\n\n\n\n<p><strong>Dica pr\u00e1tica:<\/strong> Se estiver em d\u00favida sobre manter ou n\u00e3o um item, pergunte-se: <strong>&#8220;Isso facilita minha rotina ou s\u00f3 ocupa espa\u00e7o?&#8221;<\/strong> Se a resposta for &#8220;s\u00f3 ocupar espa\u00e7o&#8221;, provavelmente ele pode ser removido.<\/p>\n\n\n\n<hr class=\"wp-block-separator has-alpha-channel-opacity\"\/>\n\n\n\n<p>Menos objetos <strong>n\u00e3o significa menos conforto<\/strong>, mas sim <strong>mais praticidade, fluidez e bem-estar<\/strong> dentro de um espa\u00e7o compacto. Com escolhas inteligentes e planejamento adequado, \u00e9 poss\u00edvel criar <strong>um ambiente leve, organizado e altamente funcional<\/strong>, onde cada elemento tem um prop\u00f3sito claro.<\/p>\n\n\n\n<p>\u2714 <strong>Elimine excessos e mantenha apenas o que realmente agrega valor ao ambiente.<\/strong><br>\u2714 <strong>Aposte em m\u00f3veis multifuncionais para otimizar o espa\u00e7o sem comprometer a est\u00e9tica.<\/strong><br>\u2714 <strong>Priorize a usabilidade e o conforto, garantindo um ambiente equilibrado e acolhedor.<\/strong><\/p>\n\n\n\n<p>Com essas estrat\u00e9gias, sua microcasa ou apartamento compacto <strong>se torna um espa\u00e7o pr\u00e1tico, flu\u00eddo e visualmente agrad\u00e1vel<\/strong>, garantindo funcionalidade m\u00e1xima sem abrir m\u00e3o da organiza\u00e7\u00e3o e do estilo.<\/p>\n\n\n\n<hr class=\"wp-block-separator has-alpha-channel-opacity\"\/>\n\n\n\n<h2 id='distribui\u00e7\u00e3o-estrat\u00e9gica-criando-ambientes-flu\u00eddos-e-bem-aproveitados'  class=\"wp-block-heading\"><strong>Distribui\u00e7\u00e3o Estrat\u00e9gica: Criando Ambientes Flu\u00eddos e Bem Aproveitados<\/strong><\/h2>\n\n\n\n<p>A distribui\u00e7\u00e3o inteligente dos elementos dentro de um espa\u00e7o compacto <strong>\u00e9 essencial para garantir funcionalidade, fluidez e conforto<\/strong>. Em ambientes pequenos, cada detalhe conta, e um planejamento estrat\u00e9gico pode fazer toda a diferen\u00e7a na experi\u00eancia do dia a dia.<\/p>\n\n\n\n<p>Para evitar um ambiente carregado ou desorganizado, o <strong>zoneamento funcional, a circula\u00e7\u00e3o livre e o posicionamento inteligente dos m\u00f3veis<\/strong> s\u00e3o fatores-chave. <strong>Quando bem aplicados, criam a sensa\u00e7\u00e3o de amplitude e melhoram a usabilidade do espa\u00e7o<\/strong>.<\/p>\n\n\n\n<p>Descubra agora como otimizar a disposi\u00e7\u00e3o dos m\u00f3veis e dos elementos do seu ambiente para garantir <strong>harmonia, fluidez e aproveitamento m\u00e1ximo de cada metro quadrado<\/strong>.<\/p>\n\n\n\n<hr class=\"wp-block-separator has-alpha-channel-opacity\"\/>\n\n\n\n<h2 id='zoneamento-funcional-para-evitar-desperd\u00edcio-de-espa\u00e7o'  class=\"wp-block-heading\"><strong>Zoneamento Funcional para Evitar Desperd\u00edcio de Espa\u00e7o<\/strong><\/h2>\n\n\n\n<p>O <strong>zoneamento funcional<\/strong> consiste em dividir visualmente ou fisicamente um ambiente compacto em \u00e1reas espec\u00edficas para diferentes fun\u00e7\u00f5es. Quando cada espa\u00e7o tem um prop\u00f3sito bem definido, a organiza\u00e7\u00e3o se torna mais natural, e o dia a dia flui de maneira mais pr\u00e1tica.<\/p>\n\n\n\n<h3 id='como-aplicar-o-zoneamento-funcional-em-espa\u00e7os-reduzidos'  class=\"wp-block-heading\"><strong>Como aplicar o zoneamento funcional em espa\u00e7os reduzidos?<\/strong><\/h3>\n\n\n\n<p>\ud83d\udccc <strong>Defina \u00e1reas espec\u00edficas para cada necessidade:<\/strong> Mesmo em um ambiente integrado, \u00e9 poss\u00edvel criar setores distintos, como um espa\u00e7o para descanso, outro para refei\u00e7\u00f5es e um canto para trabalho ou leitura.<br>\ud83d\udccc <strong>Use elementos que delimitem sem fechar o ambiente:<\/strong> Tapetes, ilumina\u00e7\u00e3o direcional e m\u00f3veis baixos podem ser usados para indicar divis\u00f5es sem comprometer a fluidez.<br>\ud83d\udccc <strong>Evite m\u00f3veis grandes demais para o ambiente:<\/strong> Prefira pe\u00e7as proporcionais ao espa\u00e7o dispon\u00edvel, garantindo que cada metro quadrado seja aproveitado sem desperd\u00edcio.<br>\ud83d\udccc <strong>Crie zonas flex\u00edveis e adapt\u00e1veis:<\/strong> Um mesmo espa\u00e7o pode assumir diferentes fun\u00e7\u00f5es ao longo do dia. Uma mesa dobr\u00e1vel pode servir para refei\u00e7\u00f5es e home office, por exemplo.<\/p>\n\n\n\n<p><strong>Exemplo pr\u00e1tico: <\/strong>Em um apartamento compacto, um <strong>sof\u00e1 modular pode separar a sala do espa\u00e7o de jantar<\/strong> sem necessidade de paredes ou divis\u00f3rias pesadas. Isso mant\u00e9m o ambiente flu\u00eddo e bem distribu\u00eddo.<\/p>\n\n\n\n<hr class=\"wp-block-separator has-alpha-channel-opacity\"\/>\n\n\n\n<h2 id='a-import\u00e2ncia-da-circula\u00e7\u00e3o-livre-e-da-harmonia-entre-os-elementos'  class=\"wp-block-heading\"><strong>A Import\u00e2ncia da Circula\u00e7\u00e3o Livre e da Harmonia Entre os Elementos<\/strong><\/h2>\n\n\n\n<p>A sensa\u00e7\u00e3o de um ambiente apertado n\u00e3o vem apenas do tamanho do espa\u00e7o, mas <strong>de uma disposi\u00e7\u00e3o mal planejada dos m\u00f3veis e objetos<\/strong>. Manter \u00e1reas livres para circula\u00e7\u00e3o \u00e9 essencial para que o espa\u00e7o seja funcional, confort\u00e1vel e agrad\u00e1vel.<\/p>\n\n\n\n<h3 id='dicas-para-garantir-uma-boa-circula\u00e7\u00e3o-e-harmonia-visual'  class=\"wp-block-heading\"><strong>Dicas para garantir uma boa circula\u00e7\u00e3o e harmonia visual:<\/strong><\/h3>\n\n\n\n<p>\u2714 <strong>Evite bloquear passagens naturais:<\/strong> Certifique-se de que portas e janelas n\u00e3o fiquem obstru\u00eddas por m\u00f3veis grandes.<br>\u2714 <strong>Deixe corredores com pelo menos 60 cm de largura:<\/strong> Essa medida permite a movimenta\u00e7\u00e3o fluida entre os ambientes sem desconforto.<br>\u2714 <strong>Aposte em m\u00f3veis proporcionais:<\/strong> Uma mesa de jantar excessivamente grande pode comprometer toda a disposi\u00e7\u00e3o da sala, enquanto uma vers\u00e3o retr\u00e1til ou redonda pode manter a funcionalidade sem ocupar espa\u00e7o desnecess\u00e1rio.<br>\u2714 <strong>Crie continuidade visual:<\/strong> Cores claras e m\u00f3veis de linhas simples ajudam a dar a sensa\u00e7\u00e3o de unidade e amplitude ao ambiente.<br>\u2714 <strong>Use ilumina\u00e7\u00e3o estrat\u00e9gica:<\/strong> Diferentes pontos de luz podem destacar zonas espec\u00edficas e criar uma separa\u00e7\u00e3o sutil entre as \u00e1reas sem necessidade de barreiras f\u00edsicas.<\/p>\n\n\n\n<p><strong>Erro comum a evitar: <\/strong>\u274c <strong>M\u00f3veis encostados em todas as paredes<\/strong> podem criar um efeito claustrof\u00f3bico. <strong>Deixar alguns espa\u00e7os vazios melhora a sensa\u00e7\u00e3o de leveza do ambiente<\/strong> e facilita a circula\u00e7\u00e3o.<\/p>\n\n\n\n<hr class=\"wp-block-separator has-alpha-channel-opacity\"\/>\n\n\n\n<h2 id='dicas-para-posicionamento-inteligente-de-m\u00f3veis-e-divis\u00f3rias-flex\u00edveis'  class=\"wp-block-heading\"><strong>Dicas para Posicionamento Inteligente de M\u00f3veis e Divis\u00f3rias Flex\u00edveis<\/strong><\/h2>\n\n\n\n<p>A escolha do <strong>posicionamento dos m\u00f3veis<\/strong> influencia diretamente na funcionalidade do espa\u00e7o. Em ambientes compactos, \u00e9 essencial optar por uma disposi\u00e7\u00e3o que favore\u00e7a o fluxo natural, sem obstru\u00e7\u00f5es ou sobrecarga visual.<\/p>\n\n\n\n<h3 id='como-posicionar-m\u00f3veis-para-maximizar-o-espa\u00e7o'  class=\"wp-block-heading\"><strong>Como posicionar m\u00f3veis para maximizar o espa\u00e7o?<\/strong><\/h3>\n\n\n\n<p>\ud83e\ude91 <strong>Utilize m\u00f3veis vers\u00e1teis e ajust\u00e1veis:<\/strong> Pe\u00e7as dobr\u00e1veis ou modulares permitem que o ambiente se adapte a diferentes necessidades ao longo do dia.<br>\ud83d\udccf <strong>Evite m\u00f3veis grandes no centro do ambiente:<\/strong> Isso pode bloquear a circula\u00e7\u00e3o e dividir o espa\u00e7o de forma desnecess\u00e1ria.<br>\ud83d\udeaa <strong>Opte por portas de correr:<\/strong> Elas eliminam a necessidade de espa\u00e7o extra para abertura, tornando a movimenta\u00e7\u00e3o mais flu\u00edda.<br>\ud83d\uddbc <strong>Use espelhos estrategicamente:<\/strong> Quando bem posicionados, ajudam a refletir a luz e ampliam a sensa\u00e7\u00e3o de espa\u00e7o.<br>\ud83d\udce6 <strong>Aproveite o espa\u00e7o vertical:<\/strong> Prateleiras altas e nichos embutidos liberam o ch\u00e3o e deixam o ambiente mais leve.<\/p>\n\n\n\n<h3 id='divis\u00f3rias-flex\u00edveis-criando-ambientes-sem-perder-fluidez'  class=\"wp-block-heading\"><strong>Divis\u00f3rias flex\u00edveis: Criando ambientes sem perder fluidez<\/strong><\/h3>\n\n\n\n<p>Ambientes pequenos muitas vezes exigem uma separa\u00e7\u00e3o entre fun\u00e7\u00f5es, mas sem comprometer a sensa\u00e7\u00e3o de amplitude. Para isso, as <strong>divis\u00f3rias flex\u00edveis<\/strong> s\u00e3o \u00f3timas aliadas.<\/p>\n\n\n\n<p>\ud83c\udfe1 <strong>Pain\u00e9is vazados:<\/strong> Permitem separar ambientes sem bloquear totalmente a luz e a ventila\u00e7\u00e3o.<br>\ud83c\udfad <strong>Cortinas leves:<\/strong> Criam uma divis\u00e3o tempor\u00e1ria e podem ser recolhidas sempre que necess\u00e1rio.<br>\ud83d\udcda <strong>Estantes abertas:<\/strong> Al\u00e9m de delimitar espa\u00e7os, servem como \u00e1rea de armazenamento e decora\u00e7\u00e3o.<br>\ud83d\udecb <strong>M\u00f3veis multiuso:<\/strong> Sof\u00e1s e mesas estrategicamente posicionados podem atuar como divisores de ambiente sem precisar de estruturas fixas.<\/p>\n\n\n\n<p><strong>Exemplo pr\u00e1tico: <\/strong>Em um est\u00fadio compacto, <strong>uma estante vazada pode separar a \u00e1rea de dormir do espa\u00e7o social<\/strong>, mantendo a divis\u00e3o sem impedir a entrada de luz e ventila\u00e7\u00e3o.<\/p>\n\n\n\n<hr class=\"wp-block-separator has-alpha-channel-opacity\"\/>\n\n\n\n<p>A <strong>distribui\u00e7\u00e3o estrat\u00e9gica<\/strong> de um espa\u00e7o compacto <strong>\u00e9 a chave para criar ambientes flu\u00eddos, bem aproveitados e visualmente equilibrados<\/strong>. Um planejamento bem estruturado <strong>evita desperd\u00edcio de espa\u00e7o, melhora a circula\u00e7\u00e3o e garante funcionalidade sem comprometer o conforto<\/strong>.<\/p>\n\n\n\n<p>\u2714 <strong>Use o zoneamento funcional para definir \u00e1reas distintas e otimizadas.<\/strong><br>\u2714 <strong>Garanta a circula\u00e7\u00e3o livre, evitando m\u00f3veis desproporcionais ou mal posicionados.<\/strong><br>\u2714 <strong>Aposte em divis\u00f3rias flex\u00edveis e m\u00f3veis inteligentes para um espa\u00e7o mais vers\u00e1til e din\u00e2mico.<\/strong><\/p>\n\n\n\n<p>Com essas estrat\u00e9gias, sua microcasa ou apartamento compacto <strong>se transforma em um ambiente organizado, fluido e altamente funcional, sem abrir m\u00e3o da est\u00e9tica e do conforto<\/strong>.<\/p>\n\n\n\n<hr class=\"wp-block-separator has-alpha-channel-opacity\"\/>\n\n\n\n<h2 id='escolha-de-cores-e-materiais-ilus\u00e3o-de-espa\u00e7o-e-sensa\u00e7\u00e3o-delitude'  class=\"wp-block-heading\"><strong>Escolha de Cores e Materiais: Ilus\u00e3o de Espa\u00e7o e Sensa\u00e7\u00e3o de Amplitude<\/strong><\/h2>\n\n\n\n<p>Em espa\u00e7os compactos, <strong>cada detalhe faz a diferen\u00e7a<\/strong> para criar um ambiente funcional, leve e agrad\u00e1vel. A escolha das cores e dos materiais n\u00e3o influencia apenas a est\u00e9tica, mas tamb\u00e9m a <strong>percep\u00e7\u00e3o de tamanho e a fluidez do ambiente<\/strong>.<\/p>\n\n\n\n<p>A aplica\u00e7\u00e3o estrat\u00e9gica de <strong>tons neutros, materiais naturais e elementos como espelhos e transpar\u00eancias<\/strong> pode ampliar visualmente um espa\u00e7o pequeno, tornando-o <strong>mais arejado, equilibrado e acolhedor<\/strong>. Se voc\u00ea deseja transformar um ambiente reduzido sem grandes reformas, <strong>trabalhar bem as cores e texturas \u00e9 um dos melhores caminhos<\/strong>.<\/p>\n\n\n\n<hr class=\"wp-block-separator has-alpha-channel-opacity\"\/>\n\n\n\n<h2 id='como-tons-neutros-e-claros-criam-uma-sensa\u00e7\u00e3o-de-espa\u00e7o-maior'  class=\"wp-block-heading\"><strong>Como tons neutros e claros criam uma sensa\u00e7\u00e3o de espa\u00e7o maior<\/strong><\/h2>\n\n\n\n<p>As cores t\u00eam um impacto direto na percep\u00e7\u00e3o do ambiente. Em espa\u00e7os pequenos, <strong>tons claros e neutros ajudam a ampliar visualmente o espa\u00e7o<\/strong>, refletindo mais luz e criando uma sensa\u00e7\u00e3o de leveza.<\/p>\n\n\n\n<h3 id='cores-queliam-ambientes-compactos'  class=\"wp-block-heading\"><strong>Cores que ampliam ambientes compactos:<\/strong><\/h3>\n\n\n\n<p>\ud83c\udfa8 <strong>Branco e Off-White:<\/strong> Cl\u00e1ssicos para criar a sensa\u00e7\u00e3o de um espa\u00e7o mais amplo e bem iluminado.<br>\ud83c\udfa8 <strong>Bege e Tons Areia:<\/strong> Adicionam calor e aconchego sem pesar no ambiente.<br>\ud83c\udfa8 <strong>Cinza Claro:<\/strong> Moderno e sofisticado, combina bem com diversas texturas e estilos.<br>\ud83c\udfa8 <strong>Tons Pastel Suaves:<\/strong> Azul claro, verde menta e lavanda trazem personalidade sem comprometer a sensa\u00e7\u00e3o de amplitude.<\/p>\n\n\n\n<h3 id='como-aplicar-cores-neutras-de-maneira-equilibrada'  class=\"wp-block-heading\"><strong>Como aplicar cores neutras de maneira equilibrada?<\/strong><\/h3>\n\n\n\n<p>\u2714 <strong>Use cores claras nas paredes e no teto<\/strong> para maximizar a reflex\u00e3o da luz e evitar que o ambiente pare\u00e7a apertado.<br>\u2714 <strong>Combine m\u00f3veis de tons neutros com detalhes em madeira ou texturas naturais<\/strong> para evitar um visual mon\u00f3tono.<br>\u2714 <strong>Pintura uniforme em toda a parede<\/strong> cria continuidade visual, dando a impress\u00e3o de que o espa\u00e7o \u00e9 maior.<br>\u2714 <strong>Evite contrastes muito fortes entre cores escuras e claras<\/strong>, pois podem &#8220;dividir&#8221; o ambiente e reduzir a sensa\u00e7\u00e3o de fluidez.<\/p>\n\n\n\n<p><strong>Erro comum a evitar: <\/strong>\u274c <strong>Pintar todas as paredes com cores escuras em ambientes pequenos<\/strong> pode torn\u00e1-los visualmente menores e mais fechados. Se quiser um toque de profundidade, opte por <strong>uma \u00fanica parede de destaque<\/strong> com um tom mais intenso.<\/p>\n\n\n\n<p><strong>Dica pr\u00e1tica:<\/strong> Se o espa\u00e7o parecer pequeno e fechado, <strong>substitua portas e m\u00f3veis pesados por op\u00e7\u00f5es em cores claras e acabamentos leves<\/strong>, como vidro ou madeira clara. Isso cria um ambiente mais fluido e leve.<\/p>\n\n\n\n<hr class=\"wp-block-separator has-alpha-channel-opacity\"\/>\n\n\n\n<h2 id='o-uso-de-materiais-naturais-e-texturas-para-equil\u00edbrio-visual'  class=\"wp-block-heading\"><strong>O uso de materiais naturais e texturas para equil\u00edbrio visual<\/strong><\/h2>\n\n\n\n<p>Al\u00e9m das cores, os <strong>materiais e texturas<\/strong> usados no espa\u00e7o influenciam diretamente na percep\u00e7\u00e3o de amplitude e conforto. <strong>Combinar elementos naturais<\/strong> com superf\u00edcies suaves e bem iluminadas ajuda a criar um ambiente equilibrado, sem sobrecarregar a decora\u00e7\u00e3o.<\/p>\n\n\n\n<h3 id='materiais-que-trazem-leveza-e-equil\u00edbrio-ao-ambiente'  class=\"wp-block-heading\"><strong>Materiais que trazem leveza e equil\u00edbrio ao ambiente:<\/strong><\/h3>\n\n\n\n<p>\ud83c\udf3f <strong>Madeira Clara:<\/strong> Proporciona um visual aconchegante sem pesar no espa\u00e7o. Ideal para pisos, m\u00f3veis e pain\u00e9is.<br>\ud83e\udeb5 <strong>Fibra Natural (Rattan, Palha e Linho):<\/strong> Leve e vers\u00e1til, adiciona textura sem comprometer a fluidez.<br>\ud83e\ude9e <strong>Vidro e Acr\u00edlico:<\/strong> Permitem passagem de luz e d\u00e3o um aspecto mais clean e moderno.<br>\ud83c\udfad <strong>Cimento Queimado e Microcimento:<\/strong> Cria continuidade visual sem a necessidade de rejuntes, favorecendo a amplitude.<br>\ud83c\udf8d <strong>Tecidos Leves (Algod\u00e3o e Linho):<\/strong> Em cortinas, estofados e almofadas, adicionam suavidade e textura sem excessos.<\/p>\n\n\n\n<h3 id='como-combinar-materiais-para-otimizar-o-espa\u00e7o'  class=\"wp-block-heading\"><strong>Como combinar materiais para otimizar o espa\u00e7o?<\/strong><\/h3>\n\n\n\n<p>\u2714 <strong>Pisos cont\u00ednuos, sem recortes ou divis\u00f5es bruscas, aumentam a sensa\u00e7\u00e3o de amplitude.<\/strong><br>\u2714 <strong>Superf\u00edcies com acabamentos acetinados ou brilhantes refletem mais luz e deixam o ambiente mais leve.<\/strong><br>\u2714 <strong>M\u00f3veis de madeira clara combinados com tecidos suaves criam um equil\u00edbrio perfeito entre conforto e modernidade.<\/strong><br>\u2714 <strong>Pain\u00e9is de madeira ripada ou texturas sutis podem dar profundidade sem sobrecarregar visualmente.<\/strong><\/p>\n\n\n\n<p><strong>Exemplo pr\u00e1tico:<\/strong> Se um espa\u00e7o compacto parecer visualmente carregado, <strong>substituir m\u00f3veis pesados por pe\u00e7as de madeira clara com p\u00e9s finos e eleva\u00e7\u00e3o do ch\u00e3o pode trazer mais leveza ao ambiente<\/strong>.<\/p>\n\n\n\n<hr class=\"wp-block-separator has-alpha-channel-opacity\"\/>\n\n\n\n<h2 id='espelhos-ilumina\u00e7\u00e3o-e-transpar\u00eancias-como-aliados-na-otimiza\u00e7\u00e3o'  class=\"wp-block-heading\"><strong>Espelhos, ilumina\u00e7\u00e3o e transpar\u00eancias como aliados na otimiza\u00e7\u00e3o<\/strong><\/h2>\n\n\n\n<p>Em ambientes pequenos, <strong>elementos que refletem e transmitem luz s\u00e3o essenciais<\/strong> para ampliar o espa\u00e7o sem reformas. O uso inteligente de <strong>espelhos, ilumina\u00e7\u00e3o estrat\u00e9gica e materiais transl\u00facidos<\/strong> pode transformar um ambiente reduzido em um local mais flu\u00eddo e arejado.<\/p>\n\n\n\n<h3 id='como-usar-espelhos-paraliar-um-espa\u00e7o'  class=\"wp-block-heading\"><strong>Como usar espelhos para ampliar um espa\u00e7o?<\/strong><\/h3>\n\n\n\n<p>\ud83e\ude9e <strong>Espelho grande em uma parede inteira:<\/strong> Duplica visualmente o espa\u00e7o e reflete a luz natural.<br>\ud83e\ude9e <strong>Espelhos posicionados pr\u00f3ximos a janelas:<\/strong> Maximizam a entrada de luz e criam a sensa\u00e7\u00e3o de continuidade.<br>\ud83e\ude9e <strong>Pe\u00e7as decorativas espelhadas:<\/strong> Pequenos detalhes como molduras e m\u00f3veis com acabamento em vidro aumentam a luminosidade.<br>\ud83e\ude9e <strong>Espelho na porta de arm\u00e1rios:<\/strong> Funciona bem para ampliar quartos pequenos sem ocupar espa\u00e7o adicional.<\/p>\n\n\n\n<h3 id='ilumina\u00e7\u00e3o-para-criar-profundidade-e-leveza'  class=\"wp-block-heading\"><strong>Ilumina\u00e7\u00e3o para criar profundidade e leveza:<\/strong><\/h3>\n\n\n\n<p>\ud83d\udca1 <strong>Luz indireta e fitas de LED embutidas em m\u00f3veis e prateleiras criam uma sensa\u00e7\u00e3o de espa\u00e7o cont\u00ednuo.<\/strong><br>\ud83d\udca1 <strong>Lumin\u00e1rias pendentes ou arandelas liberam espa\u00e7o no piso e evitam o ac\u00famulo de objetos.<\/strong><br>\ud83d\udca1 <strong>Luzes brancas neutras ampliam a sensa\u00e7\u00e3o de luminosidade, enquanto luzes amarelas trazem aconchego para \u00e1reas de descanso.<\/strong><\/p>\n\n\n\n<p><strong>Uso de transpar\u00eancias para otimizar o ambiente:<\/strong><\/p>\n\n\n\n<p>\ud83d\udeaa <strong>Portas de vidro ou acr\u00edlico fosco:<\/strong> Separa\u00e7\u00e3o de ambientes sem bloquear a passagem da luz.<br>\ud83e\ude91 <strong>Mesas e cadeiras com tampos transparentes:<\/strong> Criam uma sensa\u00e7\u00e3o de leveza e evitam polui\u00e7\u00e3o visual.<br>\ud83d\udecb <strong>M\u00f3veis com estruturas vazadas:<\/strong> Estantes abertas e divis\u00f3rias leves delimitam \u00e1reas sem fechar completamente os espa\u00e7os.<\/p>\n\n\n\n<p><strong>Dica pr\u00e1tica:<\/strong> Se um ambiente parecer visualmente pequeno, experimente adicionar <strong>um espelho grande e investir em ilumina\u00e7\u00e3o indireta<\/strong>. O efeito pode ser imediato!<\/p>\n\n\n\n<hr class=\"wp-block-separator has-alpha-channel-opacity\"\/>\n\n\n\n<p>A escolha correta de <strong>cores, materiais e elementos visuais<\/strong> pode transformar completamente um espa\u00e7o compacto, criando <strong>uma sensa\u00e7\u00e3o de amplitude e fluidez<\/strong> sem necessidade de reformas estruturais.<\/p>\n\n\n\n<p>\u2714 <strong>Prefira tons claros e neutros para ampliar visualmente o ambiente.<\/strong><br>\u2714 <strong>Combine materiais naturais e texturas suaves para um equil\u00edbrio harmonioso.<\/strong><br>\u2714 <strong>Utilize espelhos, ilumina\u00e7\u00e3o estrat\u00e9gica e transpar\u00eancias para dar leveza ao espa\u00e7o.<\/strong><\/p>\n\n\n\n<p>Com essas estrat\u00e9gias, <strong>qualquer espa\u00e7o pequeno pode parecer maior, mais iluminado e extremamente funcional<\/strong>, garantindo conforto e eleg\u00e2ncia na medida certa.<\/p>\n\n\n\n<hr class=\"wp-block-separator has-alpha-channel-opacity\"\/>\n\n\n\n<h2 id='armazenamento-estrat\u00e9gico-solu\u00e7\u00f5es-pr\u00e1ticas-e-discretas'  class=\"wp-block-heading\"><strong>Armazenamento Estrat\u00e9gico: Solu\u00e7\u00f5es Pr\u00e1ticas e Discretas<\/strong><\/h2>\n\n\n\n<p>Organizar um espa\u00e7o compacto pode parecer um desafio, mas com <strong>estrat\u00e9gias inteligentes de armazenamento<\/strong>, \u00e9 poss\u00edvel manter tudo em ordem sem comprometer a est\u00e9tica e a fluidez do ambiente.<\/p>\n\n\n\n<p><strong>A chave para um armazenamento eficiente est\u00e1 em aproveitar cada cent\u00edmetro de maneira discreta e funcional<\/strong>, garantindo que os itens essenciais estejam sempre acess\u00edveis, mas sem polui\u00e7\u00e3o visual.<\/p>\n\n\n\n<p>Ao utilizar <strong>nichos, m\u00f3veis embutidos e compartimentos ocultos<\/strong>, voc\u00ea transforma qualquer espa\u00e7o reduzido em um ambiente <strong>leve, bem distribu\u00eddo e extremamente funcional<\/strong> para o dia a dia.<\/p>\n\n\n\n<hr class=\"wp-block-separator has-alpha-channel-opacity\"\/>\n\n\n\n<h2 id='como-organizar-sem-comprometer-a-leveza-do-ambiente'  class=\"wp-block-heading\"><strong>Como organizar sem comprometer a leveza do ambiente<\/strong><\/h2>\n\n\n\n<p>A organiza\u00e7\u00e3o estrat\u00e9gica \u00e9 fundamental para criar um espa\u00e7o compacto que <strong>pare\u00e7a maior e mais flu\u00eddo<\/strong>. O excesso de objetos \u00e0 vista pode <strong>poluir visualmente o ambiente, criando uma sensa\u00e7\u00e3o de aperto e bagun\u00e7a<\/strong>, mesmo quando tudo est\u00e1 no lugar.<\/p>\n\n\n\n<h3 id='dicas-para-manter-um-ambiente-organizado-e-leve'  class=\"wp-block-heading\"><strong>Dicas para manter um ambiente organizado e leve:<\/strong><\/h3>\n\n\n\n<p>\u2714 <strong>Priorize o essencial:<\/strong> Um espa\u00e7o bem organizado n\u00e3o precisa estar cheio de m\u00f3veis ou caixas. Mantenha apenas o que realmente tem uso frequente.<br>\u2714 <strong>Aposte na setoriza\u00e7\u00e3o discreta:<\/strong> Em vez de espalhar objetos pelo ambiente, crie \u00e1reas espec\u00edficas para cada tipo de item, garantindo que tudo tenha um local definido.<br>\u2714 <strong>Evite m\u00f3veis volumosos:<\/strong> Pe\u00e7as robustas podem sobrecarregar o espa\u00e7o. Prefira op\u00e7\u00f5es com design mais leve e estruturas vazadas.<br>\u2714 <strong>Utilize cores neutras no armazenamento:<\/strong> M\u00f3veis e compartimentos em tons claros se integram melhor ao ambiente sem pesar na decora\u00e7\u00e3o.<br>\u2714 <strong>Reduza ao m\u00e1ximo a exposi\u00e7\u00e3o de itens pessoais:<\/strong> Quanto menos objetos estiverem vis\u00edveis, mais leve e sofisticado ser\u00e1 o espa\u00e7o.<\/p>\n\n\n\n<p><strong>Erro comum a evitar: <\/strong>\u274c <strong>Usar muitas caixas organizadoras \u00e0 vista.<\/strong> Embora sejam \u00fateis, o ideal \u00e9 que fiquem dentro de arm\u00e1rios ou nichos fechados para evitar excesso de informa\u00e7\u00e3o visual.<\/p>\n\n\n\n<p><strong>Dica pr\u00e1tica:<\/strong> Se um ambiente parecer carregado, <strong>realocar os itens para \u00e1reas de armazenamento embutidas<\/strong> pode fazer toda a diferen\u00e7a na sensa\u00e7\u00e3o de espa\u00e7o e organiza\u00e7\u00e3o.<\/p>\n\n\n\n<hr class=\"wp-block-separator has-alpha-channel-opacity\"\/>\n\n\n\n<h2 id='nichos-m\u00f3veis-embutidos-e-compartimentos-ocultos-para-maximizar-o-espa\u00e7o'  class=\"wp-block-heading\"><strong>Nichos, m\u00f3veis embutidos e compartimentos ocultos para maximizar o espa\u00e7o<\/strong><\/h2>\n\n\n\n<p>Espa\u00e7os reduzidos exigem <strong>solu\u00e7\u00f5es criativas para armazenar objetos sem comprometer a circula\u00e7\u00e3o<\/strong>. <strong>M\u00f3veis embutidos, nichos e compartimentos ocultos<\/strong> s\u00e3o a melhor alternativa para <strong>aproveitar \u00e1reas inutilizadas<\/strong>, tornando o ambiente mais funcional sem interferir na est\u00e9tica.<\/p>\n\n\n\n<h3 id='solu\u00e7\u00f5es-inteligentes-de-armazenamento-para-espa\u00e7os-compactos'  class=\"wp-block-heading\"><strong>Solu\u00e7\u00f5es inteligentes de armazenamento para espa\u00e7os compactos:<\/strong><\/h3>\n\n\n\n<p>\ud83d\udecf <strong>Cama com gavetas embutidas:<\/strong> Ideal para guardar roupas de cama, sapatos ou objetos sazonais sem precisar de mais arm\u00e1rios.<br>\ud83d\udcda <strong>Nichos verticais:<\/strong> Aproveitam paredes e cantos que normalmente ficariam vazios, criando espa\u00e7o extra para livros e decora\u00e7\u00f5es.<br>\ud83d\udecb <strong>Sof\u00e1s com ba\u00fa interno:<\/strong> Permitem armazenar mantas, almofadas ou at\u00e9 itens menos usados sem ocupar espa\u00e7o adicional.<br>\ud83d\udeaa <strong>Portas com prateleiras embutidas:<\/strong> Uma forma pr\u00e1tica de armazenar pequenos objetos sem precisar de novos m\u00f3veis.<br>\ud83e\ude91 <strong>Bancos e pufes com espa\u00e7o interno:<\/strong> Unem conforto e praticidade ao servirem como assentos e \u00e1reas de armazenamento ao mesmo tempo.<br>\ud83d\udebf <strong>Nichos embutidos no banheiro:<\/strong> Eliminam a necessidade de prateleiras externas, deixando o ambiente mais clean e organizado.<\/p>\n\n\n\n<p>Essas solu\u00e7\u00f5es n\u00e3o apenas <strong>otimizam o espa\u00e7o<\/strong>, mas tamb\u00e9m <strong>mant\u00eam o ambiente visualmente limpo<\/strong>, eliminando o excesso de m\u00f3veis soltos e caixas organizadoras.<\/p>\n\n\n\n<p><strong>Exemplo pr\u00e1tico: <\/strong>Em uma microcasa, uma <strong>mesa dobr\u00e1vel acoplada \u00e0 parede<\/strong> pode ser usada como \u00e1rea de jantar ou home office e recolhida quando n\u00e3o estiver em uso, liberando espa\u00e7o na circula\u00e7\u00e3o.<\/p>\n\n\n\n<hr class=\"wp-block-separator has-alpha-channel-opacity\"\/>\n\n\n\n<h2 id='o-impacto-de-uma-organiza\u00e7\u00e3o-eficiente-na-funcionalidade-do-dia-a-dia'  class=\"wp-block-heading\"><strong>O impacto de uma organiza\u00e7\u00e3o eficiente na funcionalidade do dia a dia<\/strong><\/h2>\n\n\n\n<p>Viver em um ambiente <strong>bem-organizado e otimizado<\/strong> transforma completamente a experi\u00eancia do dia a dia. Quando cada objeto tem seu lugar e o espa\u00e7o \u00e9 planejado para ser funcional, <strong>a rotina se torna mais pr\u00e1tica, leve e sem estresse<\/strong>.<\/p>\n\n\n\n<h3 id='benef\u00edcios-diretos-de-um-armazenamento-bem-planejado'  class=\"wp-block-heading\"><strong>Benef\u00edcios diretos de um armazenamento bem planejado:<\/strong><\/h3>\n\n\n\n<p>\u2705 <strong>Mais tempo livre:<\/strong> Com tudo organizado, o tempo gasto procurando objetos reduz significativamente.<br>\u2705 <strong>Menos ac\u00famulo de bagun\u00e7a:<\/strong> Itens armazenados corretamente n\u00e3o se espalham pelo ambiente, mantendo a casa sempre em ordem.<br>\u2705 <strong>Maior conforto visual:<\/strong> Um espa\u00e7o sem excesso de objetos aparentes proporciona sensa\u00e7\u00e3o de tranquilidade e fluidez.<br>\u2705 <strong>F\u00e1cil manuten\u00e7\u00e3o e limpeza:<\/strong> Ambientes organizados exigem menos tempo para serem limpos e mantidos.<br>\u2705 <strong>Ambiente mais seguro e acess\u00edvel:<\/strong> Sem m\u00f3veis ou objetos desnecess\u00e1rios ocupando espa\u00e7o, a circula\u00e7\u00e3o fica mais livre e funcional.<\/p>\n\n\n\n<p><strong>Exemplo pr\u00e1tico:<\/strong> Se a cozinha tiver <strong>prateleiras suspensas e organizadores embutidos<\/strong>, os utens\u00edlios mais usados ficam acess\u00edveis sem precisar ocupar bancadas ou arm\u00e1rios externos, otimizando a rotina e facilitando o preparo das refei\u00e7\u00f5es.<\/p>\n\n\n\n<hr class=\"wp-block-separator has-alpha-channel-opacity\"\/>\n\n\n\n<p>Um <strong>armazenamento estrat\u00e9gico e discreto<\/strong> transforma qualquer espa\u00e7o compacto em um ambiente <strong>pr\u00e1tico, organizado e visualmente equilibrado<\/strong>. Ao utilizar <strong>nichos, m\u00f3veis embutidos e compartimentos ocultos<\/strong>, \u00e9 poss\u00edvel manter <strong>a funcionalidade sem comprometer a leveza e a est\u00e9tica do espa\u00e7o<\/strong>.<\/p>\n\n\n\n<p>\u2714 <strong>Evite o excesso de itens aparentes e priorize solu\u00e7\u00f5es de armazenamento embutidas.<\/strong><br>\u2714 <strong>Aproveite cada cent\u00edmetro dispon\u00edvel com nichos e m\u00f3veis multifuncionais.<\/strong><br>\u2714 <strong>Uma boa organiza\u00e7\u00e3o melhora a funcionalidade do dia a dia e facilita a rotina.<\/strong><\/p>\n\n\n\n<p>Com essas estrat\u00e9gias, <strong>sua microcasa ou apartamento compacto se torna mais eficiente, fluido e confort\u00e1vel<\/strong>, garantindo praticidade e harmonia no cotidiano.<\/p>\n\n\n\n<hr class=\"wp-block-separator has-alpha-channel-opacity\"\/>\n\n\n\n<figure class=\"wp-block-image size-large\"><img data-recalc-dims=\"1\" fetchpriority=\"high\" decoding=\"async\" width=\"1024\" height=\"585\" src=\"https:\/\/i0.wp.com\/1truenote.com\/wp-content\/uploads\/2025\/02\/DALL%C2%B7E-2025-02-28-16.39.19-Um-espaco-compacto-minimalista-e-bem-planejado-com-moveis-funcionais-e-organizacao-otimizada.-O-ambiente-apresenta-prateleiras-embutidas-um-sofa-mod.webp?resize=1024%2C585&#038;ssl=1\" alt=\"\" class=\"wp-image-581\" srcset=\"https:\/\/i0.wp.com\/1truenote.com\/wp-content\/uploads\/2025\/02\/DALL%C2%B7E-2025-02-28-16.39.19-Um-espaco-compacto-minimalista-e-bem-planejado-com-moveis-funcionais-e-organizacao-otimizada.-O-ambiente-apresenta-prateleiras-embutidas-um-sofa-mod.webp?resize=1024%2C585&amp;ssl=1 1024w, https:\/\/i0.wp.com\/1truenote.com\/wp-content\/uploads\/2025\/02\/DALL%C2%B7E-2025-02-28-16.39.19-Um-espaco-compacto-minimalista-e-bem-planejado-com-moveis-funcionais-e-organizacao-otimizada.-O-ambiente-apresenta-prateleiras-embutidas-um-sofa-mod.webp?resize=300%2C171&amp;ssl=1 300w, https:\/\/i0.wp.com\/1truenote.com\/wp-content\/uploads\/2025\/02\/DALL%C2%B7E-2025-02-28-16.39.19-Um-espaco-compacto-minimalista-e-bem-planejado-com-moveis-funcionais-e-organizacao-otimizada.-O-ambiente-apresenta-prateleiras-embutidas-um-sofa-mod.webp?resize=768%2C439&amp;ssl=1 768w, https:\/\/i0.wp.com\/1truenote.com\/wp-content\/uploads\/2025\/02\/DALL%C2%B7E-2025-02-28-16.39.19-Um-espaco-compacto-minimalista-e-bem-planejado-com-moveis-funcionais-e-organizacao-otimizada.-O-ambiente-apresenta-prateleiras-embutidas-um-sofa-mod.webp?resize=1536%2C878&amp;ssl=1 1536w, https:\/\/i0.wp.com\/1truenote.com\/wp-content\/uploads\/2025\/02\/DALL%C2%B7E-2025-02-28-16.39.19-Um-espaco-compacto-minimalista-e-bem-planejado-com-moveis-funcionais-e-organizacao-otimizada.-O-ambiente-apresenta-prateleiras-embutidas-um-sofa-mod.webp?w=1792&amp;ssl=1 1792w\" sizes=\"(max-width: 1024px) 100vw, 1024px\" \/><\/figure>\n\n\n\n<h2 id='est\u00e9tica-minimalista-beleza-na-simplicidade'  class=\"wp-block-heading\"><strong>Est\u00e9tica Minimalista: Beleza na Simplicidade<\/strong><\/h2>\n\n\n\n<p>A est\u00e9tica minimalista \u00e9 baseada no princ\u00edpio de que <strong>menos \u00e9 mais<\/strong>. Em espa\u00e7os compactos, isso se torna ainda mais relevante, pois cada elemento presente no ambiente deve <strong>equilibrar funcionalidade e beleza<\/strong> sem comprometer a fluidez e a harmonia visual.<\/p>\n\n\n\n<p>Criar um espa\u00e7o bonito e aconchegante <strong>n\u00e3o significa encher o ambiente de objetos decorativos<\/strong>, mas sim escolher <strong>intencionalmente<\/strong> cada pe\u00e7a para que ela agregue valor, sem poluir visualmente o espa\u00e7o. Quando bem aplicada, a est\u00e9tica minimalista <strong>transforma ambientes pequenos em ref\u00fagios leves, organizados e atemporais<\/strong>.<\/p>\n\n\n\n<p>Descubra agora <strong>como encontrar o equil\u00edbrio entre decora\u00e7\u00e3o e praticidade, a import\u00e2ncia da leveza visual e como escolher elementos decorativos sem sobrecarregar o espa\u00e7o<\/strong>.<\/p>\n\n\n\n<hr class=\"wp-block-separator has-alpha-channel-opacity\"\/>\n\n\n\n<h2 id='como-encontrar-o-equil\u00edbrio-entre-decora\u00e7\u00e3o-e-praticidade'  class=\"wp-block-heading\"><strong>Como encontrar o equil\u00edbrio entre decora\u00e7\u00e3o e praticidade<\/strong><\/h2>\n\n\n\n<p>Muitos acreditam que o minimalismo significa <strong>aus\u00eancia total de decora\u00e7\u00e3o<\/strong>, mas a realidade \u00e9 outra. O conceito minimalista valoriza a <strong>decora\u00e7\u00e3o funcional e intencional<\/strong>, onde cada pe\u00e7a escolhida <strong>tem um prop\u00f3sito est\u00e9tico e pr\u00e1tico<\/strong>.<\/p>\n\n\n\n<h3 id='dicas-para-equilibrar-decora\u00e7\u00e3o-e-funcionalidade'  class=\"wp-block-heading\"><strong>Dicas para equilibrar decora\u00e7\u00e3o e funcionalidade:<\/strong><\/h3>\n\n\n\n<p>\u2714 <strong>Menos objetos, mais impacto:<\/strong> Ao inv\u00e9s de preencher prateleiras com dezenas de itens, escolha poucas pe\u00e7as bem posicionadas que se destaquem sem sobrecarregar o espa\u00e7o.<br>\u2714 <strong>Priorize qualidade em vez de quantidade:<\/strong> Um quadro bem escolhido, uma lumin\u00e1ria elegante ou uma pe\u00e7a artesanal podem trazer muito mais personalidade do que m\u00faltiplos objetos pequenos.<br>\u2714 <strong>Evite decora\u00e7\u00f5es puramente ornamentais:<\/strong> Prefira itens que, al\u00e9m de decorativos, tenham fun\u00e7\u00e3o pr\u00e1tica, como espelhos, rel\u00f3gios ou vasos para plantas que ajudam na purifica\u00e7\u00e3o do ar.<br>\u2714 <strong>Escolha m\u00f3veis com design limpo e linhas simples:<\/strong> M\u00f3veis minimalistas n\u00e3o apenas otimizam o espa\u00e7o, mas tamb\u00e9m contribuem para uma est\u00e9tica equilibrada.<br>\u2714 <strong>Aposte na harmonia de cores e texturas:<\/strong> Manter uma paleta neutra e materiais naturais cria um ambiente mais leve e acolhedor.<\/p>\n\n\n\n<p><strong>Exemplo pr\u00e1tico: <\/strong>Em vez de uma estante cheia de pequenos enfeites, um <strong>vaso grande com uma planta, uma lumin\u00e1ria bem-posicionada e um quadro discreto<\/strong> podem compor um ambiente sofisticado sem excessos.<\/p>\n\n\n\n<hr class=\"wp-block-separator has-alpha-channel-opacity\"\/>\n\n\n\n<h2 id='o-impacto-da-aus\u00eancia-de-excessos-na-sensa\u00e7\u00e3o-de-leveza-do-ambiente'  class=\"wp-block-heading\"><strong>O impacto da aus\u00eancia de excessos na sensa\u00e7\u00e3o de leveza do ambiente<\/strong><\/h2>\n\n\n\n<p>Um espa\u00e7o visualmente sobrecarregado pode <strong>criar uma sensa\u00e7\u00e3o de cansa\u00e7o e desconforto<\/strong>, enquanto um ambiente minimalista proporciona <strong>calma, organiza\u00e7\u00e3o e bem-estar<\/strong>.<\/p>\n\n\n\n<p>A aus\u00eancia de excessos faz com que os olhos tenham um descanso visual e permite que cada elemento do espa\u00e7o <strong>tenha sua pr\u00f3pria relev\u00e2ncia sem competir por aten\u00e7\u00e3o<\/strong>.<\/p>\n\n\n\n<h3 id='como-a-leveza-visual-melhora-a-percep\u00e7\u00e3o-do-espa\u00e7o'  class=\"wp-block-heading\"><strong>Como a leveza visual melhora a percep\u00e7\u00e3o do espa\u00e7o?<\/strong><\/h3>\n\n\n\n<p>\u2705 <strong>Ambientes organizados parecem maiores e mais convidativos.<\/strong><br>\u2705 <strong>A circula\u00e7\u00e3o se torna mais flu\u00edda, sem obst\u00e1culos desnecess\u00e1rios.<\/strong><br>\u2705 <strong>A luz natural e artificial \u00e9 melhor aproveitada, destacando os elementos certos.<\/strong><br>\u2705 <strong>Sensa\u00e7\u00e3o de tranquilidade e foco, sem distra\u00e7\u00f5es visuais.<\/strong><\/p>\n\n\n\n<p>Para atingir esse equil\u00edbrio, <strong>a simplicidade deve ser a prioridade<\/strong>, eliminando tudo o que <strong>n\u00e3o agrega valor real ao ambiente<\/strong>. Isso n\u00e3o significa viver sem decora\u00e7\u00e3o, mas sim escolher elementos de forma mais cuidadosa e intencional.<\/p>\n\n\n\n<p><strong>Erro comum a evitar:<\/strong> \u274c <strong>Superf\u00edcies lotadas de objetos.<\/strong> Manter m\u00f3veis e bancadas sempre livres ou com poucos itens essenciais evita um ambiente carregado e sem fluidez.<\/p>\n\n\n\n<p><strong>Dica pr\u00e1tica:<\/strong> Antes de adicionar um novo item decorativo ao espa\u00e7o, pergunte-se: <strong>&#8220;Ele realmente acrescenta algo \u00e0 est\u00e9tica e funcionalidade do ambiente, ou est\u00e1 apenas ocupando espa\u00e7o?&#8221;<\/strong><\/p>\n\n\n\n<hr class=\"wp-block-separator has-alpha-channel-opacity\"\/>\n\n\n\n<h2 id='escolha-intencional-de-elementos-decorativos-sem-poluir-visualmente-o-espa\u00e7o'  class=\"wp-block-heading\"><strong>Escolha intencional de elementos decorativos sem poluir visualmente o espa\u00e7o<\/strong><\/h2>\n\n\n\n<p>No minimalismo, cada elemento decorativo deve <strong>ter uma fun\u00e7\u00e3o clara e complementar o ambiente sem excesso<\/strong>. A sele\u00e7\u00e3o de pe\u00e7as bem definidas permite criar um espa\u00e7o visualmente equilibrado <strong>sem perder personalidade ou aconchego<\/strong>.<\/p>\n\n\n\n<h3 id='elementos-decorativos-que-agregam-valor-sem-sobrecarregar-o-espa\u00e7o'  class=\"wp-block-heading\"><strong>Elementos decorativos que agregam valor sem sobrecarregar o espa\u00e7o:<\/strong><\/h3>\n\n\n\n<p>\ud83d\uddbc <strong>Quadros ou fotografias bem-posicionados:<\/strong> Uma \u00fanica pe\u00e7a de destaque em vez de v\u00e1rias pequenas espalhadas.<br>\ud83c\udf3f <strong>Plantas naturais:<\/strong> Adicionam frescor e cor sem poluir visualmente.<br>\ud83d\udd6f <strong>Lumin\u00e1rias discretas e funcionais:<\/strong> Al\u00e9m de decorar, criam uma ilumina\u00e7\u00e3o aconchegante.<br>\ud83d\udce6 <strong>Cestos organizadores em materiais naturais:<\/strong> Funcionam tanto como decora\u00e7\u00e3o quanto para armazenamento.<br>\ud83e\ude9e <strong>Espelhos bem-posicionados:<\/strong> Criam sensa\u00e7\u00e3o de amplitude e ajudam a refletir a luz natural.<\/p>\n\n\n\n<h3 id='como-dispor-os-elementos-para-um-espa\u00e7o-equilibrado'  class=\"wp-block-heading\"><strong>Como dispor os elementos para um espa\u00e7o equilibrado?<\/strong><\/h3>\n\n\n\n<p>\u2714 <strong>Crie pontos focais:<\/strong> Escolha um ou dois elementos para chamar aten\u00e7\u00e3o, como um quadro grande ou um m\u00f3vel diferenciado.<br>\u2714 <strong>Mantenha superf\u00edcies livres:<\/strong> Evite preencher mesas e bancadas com enfeites desnecess\u00e1rios.<br>\u2714 <strong>Trabalhe com texturas e materiais naturais:<\/strong> Madeira, linho, pedra e vidro trazem sofistica\u00e7\u00e3o sem poluir visualmente.<br>\u2714 <strong>Evite decora\u00e7\u00f5es em excesso nas paredes:<\/strong> Uma parede lisa com poucos detalhes pode trazer mais sofistica\u00e7\u00e3o do que v\u00e1rias pequenas decora\u00e7\u00f5es espalhadas.<\/p>\n\n\n\n<p><strong>Exemplo pr\u00e1tico:<\/strong> Se a sala de estar parecer carregada, <strong>substituir um conjunto de pequenos quadros por uma \u00fanica obra de arte grande e impactante<\/strong> pode trazer mais sofistica\u00e7\u00e3o e harmonia ao ambiente.<\/p>\n\n\n\n<hr class=\"wp-block-separator has-alpha-channel-opacity\"\/>\n\n\n\n<p>A est\u00e9tica minimalista n\u00e3o significa a aus\u00eancia de decora\u00e7\u00e3o, mas sim a <strong>escolha intencional de elementos que agregam valor e funcionalidade ao espa\u00e7o<\/strong>. Quando bem aplicada, essa abordagem permite <strong>criar ambientes equilibrados, organizados e visualmente leves<\/strong>, sem perder personalidade.<\/p>\n\n\n\n<p>\u2714 <strong>Equilibre decora\u00e7\u00e3o e funcionalidade, evitando itens desnecess\u00e1rios.<\/strong><br>\u2714 <strong>A aus\u00eancia de excessos cria ambientes mais tranquilos, organizados e bem aproveitados.<\/strong><br>\u2714 <strong>Escolha elementos decorativos que complementem o espa\u00e7o sem polu\u00ed-lo visualmente.<\/strong><\/p>\n\n\n\n<p>Ao seguir essas estrat\u00e9gias, voc\u00ea transforma sua microcasa ou apartamento compacto <strong>em um ambiente elegante, flu\u00eddo e extremamente funcional<\/strong>, garantindo conforto sem comprometer a leveza do espa\u00e7o.<\/p>\n\n\n\n<hr class=\"wp-block-separator has-alpha-channel-opacity\"\/>\n\n\n\n<h2 id='pequenos-h\u00e1bitos-para-manter-um-espa\u00e7o-sempre-funcional-e-equilibrado'  class=\"wp-block-heading\"><strong>Pequenos H\u00e1bitos para Manter um Espa\u00e7o Sempre Funcional e Equilibrado<\/strong><\/h2>\n\n\n\n<p>Criar um ambiente <strong>organizado, funcional e equilibrado<\/strong> n\u00e3o depende apenas da escolha dos m\u00f3veis ou do design do espa\u00e7o. <strong>A verdadeira transforma\u00e7\u00e3o acontece na rotina di\u00e1ria<\/strong>, por meio de <strong>pequenos h\u00e1bitos que evitam o ac\u00famulo de objetos, mant\u00eam a organiza\u00e7\u00e3o e preservam a fluidez do ambiente<\/strong>.<\/p>\n\n\n\n<p>Manter um espa\u00e7o minimalista e bem aproveitado <strong>n\u00e3o significa viver com o m\u00ednimo poss\u00edvel, mas sim adotar pr\u00e1ticas que facilitam a organiza\u00e7\u00e3o e evitam o excesso<\/strong>. A seguir, descubra como implementar h\u00e1bitos simples para que seu espa\u00e7o <strong>continue sempre pr\u00e1tico, harmonioso e livre de bagun\u00e7a<\/strong>.<\/p>\n\n\n\n<hr class=\"wp-block-separator has-alpha-channel-opacity\"\/>\n\n\n\n<h2 id='como-evitar-o-ac\u00famulo-e-manter-a-organiza\u00e7\u00e3o-no-dia-a-dia'  class=\"wp-block-heading\"><strong>Como evitar o ac\u00famulo e manter a organiza\u00e7\u00e3o no dia a dia<\/strong><\/h2>\n\n\n\n<p>O <strong>ac\u00famulo excessivo de objetos<\/strong> \u00e9 um dos maiores desafios para quem deseja manter um espa\u00e7o compacto funcional. Quando n\u00e3o h\u00e1 um controle sobre o que realmente \u00e9 necess\u00e1rio, as superf\u00edcies ficam cheias, os arm\u00e1rios sobrecarregados e a est\u00e9tica do ambiente comprometida.<\/p>\n\n\n\n<h3 id='estrat\u00e9gias-para-evitar-o-ac\u00famulo-de-objetos'  class=\"wp-block-heading\"><strong>Estrat\u00e9gias para evitar o ac\u00famulo de objetos:<\/strong><\/h3>\n\n\n\n<p>\u2714 <strong>Regra do &#8220;um entra, um sai&#8221;:<\/strong> Sempre que adquirir um novo item, avalie se outro pode ser doado ou removido, evitando o ac\u00famulo.<br>\u2714 <strong>Evite compras impulsivas:<\/strong> Pergunte-se <em>&#8220;Isso realmente ser\u00e1 \u00fatil no meu dia a dia?&#8221;<\/em> antes de trazer um novo item para casa.<br>\u2714 <strong>Designe um local fixo para cada objeto:<\/strong> Tudo deve ter um lugar definido para facilitar a organiza\u00e7\u00e3o. Se algo n\u00e3o tem um espa\u00e7o pr\u00f3prio, talvez n\u00e3o seja essencial.<br>\u2714 <strong>Evite superf\u00edcies cheias:<\/strong> Mantenha bancadas, mesas e prateleiras livres de excessos, deixando apenas o que \u00e9 necess\u00e1rio para o uso di\u00e1rio.<br>\u2714 <strong>Organize conforme a frequ\u00eancia de uso:<\/strong> Itens usados frequentemente devem estar acess\u00edveis, enquanto os menos utilizados podem ser armazenados em locais mais discretos.<\/p>\n\n\n\n<p><strong>Erro comum a evitar: <\/strong>\u274c <strong>Guardar objetos &#8220;s\u00f3 por precau\u00e7\u00e3o&#8221;.<\/strong> Se um item n\u00e3o foi usado nos \u00faltimos meses e n\u00e3o tem uma fun\u00e7\u00e3o clara, ele provavelmente est\u00e1 ocupando espa\u00e7o desnecessariamente.<\/p>\n\n\n\n<p><strong>Dica pr\u00e1tica:<\/strong> Ao final do dia, <strong>reserve cinco minutos para recolocar tudo no lugar<\/strong>. Essa simples a\u00e7\u00e3o evita o ac\u00famulo de bagun\u00e7a e mant\u00e9m o ambiente sempre organizado.<\/p>\n\n\n\n<hr class=\"wp-block-separator has-alpha-channel-opacity\"\/>\n\n\n\n<h2 id='t\u00e9cnicas-para-revisar-periodicamente-os-itens-do-espa\u00e7o'  class=\"wp-block-heading\"><strong>T\u00e9cnicas para revisar periodicamente os itens do espa\u00e7o<\/strong><\/h2>\n\n\n\n<p>Mesmo seguindo boas pr\u00e1ticas de organiza\u00e7\u00e3o, \u00e9 importante <strong>revisar os itens do espa\u00e7o periodicamente<\/strong> para evitar ac\u00famulos desnecess\u00e1rios e garantir que cada objeto ainda fa\u00e7a sentido na sua rotina.<\/p>\n\n\n\n<h3 id='m\u00e9todos-eficientes-para-revisar-e-reorganizar-o-espa\u00e7o'  class=\"wp-block-heading\"><strong>M\u00e9todos eficientes para revisar e reorganizar o espa\u00e7o:<\/strong><\/h3>\n\n\n\n<p>\ud83d\udce6 <strong>T\u00e9cnica da Caixa de Espera:<\/strong> Coloque em uma caixa itens que n\u00e3o t\u00eam uso frequente. Se, ap\u00f3s alguns meses, voc\u00ea n\u00e3o sentiu falta deles, provavelmente pode do\u00e1-los ou descart\u00e1-los.<br>\ud83d\udcdd <strong>Regra dos 90 dias:<\/strong> Se um objeto n\u00e3o foi usado nos \u00faltimos 90 dias e n\u00e3o ser\u00e1 usado nos pr\u00f3ximos 90, talvez ele n\u00e3o seja essencial.<br>\ud83d\udeaa <strong>M\u00e9todo de Rota\u00e7\u00e3o:<\/strong> Em cada troca de esta\u00e7\u00e3o, revise roupas, utens\u00edlios e objetos decorativos para garantir que tudo seja realmente necess\u00e1rio.<br>\ud83c\udfaf <strong>Avalia\u00e7\u00e3o Funcional:<\/strong> Pergunte-se <em>&#8220;Isso realmente melhora minha rotina?&#8221;<\/em>. Se a resposta for &#8220;n\u00e3o&#8221;, provavelmente o item pode sair do espa\u00e7o.<\/p>\n\n\n\n<h3 id='benef\u00edcios-de-revisar-os-itens-do-ambiente-regularmente'  class=\"wp-block-heading\"><strong>Benef\u00edcios de revisar os itens do ambiente regularmente:<\/strong><\/h3>\n\n\n\n<p>\u2705 <strong>Menos ac\u00famulo desnecess\u00e1rio e mais espa\u00e7o livre.<\/strong><br>\u2705 <strong>Facilidade na limpeza e manuten\u00e7\u00e3o do ambiente.<\/strong><br>\u2705 <strong>Maior clareza sobre o que \u00e9 realmente essencial.<\/strong><br>\u2705 <strong>Ambiente mais flu\u00eddo e livre de objetos que apenas ocupam espa\u00e7o.<\/strong><\/p>\n\n\n\n<p><strong>Dica pr\u00e1tica:<\/strong> Crie o h\u00e1bito de revisar <strong>um setor da casa por semana<\/strong>. Pequenos ajustes frequentes evitam que a desorganiza\u00e7\u00e3o se acumule e demandem esfor\u00e7os maiores no futuro.<\/p>\n\n\n\n<hr class=\"wp-block-separator has-alpha-channel-opacity\"\/>\n\n\n\n<h2 id='dicas-para-uma-rotina-simples-que-preserva-a-fluidez-do-ambiente'  class=\"wp-block-heading\"><strong>Dicas para uma rotina simples que preserva a fluidez do ambiente<\/strong><\/h2>\n\n\n\n<p>Manter um ambiente funcional e equilibrado <strong>n\u00e3o precisa ser um trabalho cansativo<\/strong>. Com h\u00e1bitos simples, \u00e9 poss\u00edvel garantir que <strong>o espa\u00e7o permane\u00e7a organizado sem esfor\u00e7o excessivo<\/strong>.<\/p>\n\n\n\n<h3 id='rotina-minimalista-para-manter-o-ambiente-sempre-funcional'  class=\"wp-block-heading\"><strong>Rotina minimalista para manter o ambiente sempre funcional:<\/strong><\/h3>\n\n\n\n<p>\u23f3 <strong>5 minutos por dia para recolocar tudo no lugar:<\/strong> Um pequeno ajuste di\u00e1rio evita que a bagun\u00e7a se acumule.<br>\ud83e\uddfa <strong>Sistema de armazenamento pr\u00e1tico:<\/strong> Caixas organizadoras, nichos e compartimentos embutidos facilitam a rotina e mant\u00eam tudo acess\u00edvel.<br>\ud83c\udfaf <strong>Evite espa\u00e7os &#8220;de descarte&#8221;:<\/strong> Tenha cuidado com cantos da casa onde objetos s\u00e3o deixados sem fun\u00e7\u00e3o definida.<br>\ud83d\udccf <strong>Revise gavetas e arm\u00e1rios mensalmente:<\/strong> Essa pr\u00e1tica evita que pequenos ac\u00famulos cres\u00e7am sem que voc\u00ea perceba.<br>\ud83c\udf3f <strong>Crie \u00e1reas livres:<\/strong> Deixe pelo menos um espa\u00e7o sempre vazio, como uma prateleira ou um canto da sala. Isso refor\u00e7a a leveza do ambiente.<\/p>\n\n\n\n<p><strong>Exemplo pr\u00e1tico: <\/strong>Se sua mesa ou bancada est\u00e1 sempre cheia de objetos aleat\u00f3rios, experimente <strong>adotar uma bandeja organizadora<\/strong> onde apenas os itens realmente \u00fateis fiquem vis\u00edveis. Isso reduz a bagun\u00e7a visual e mant\u00e9m o espa\u00e7o mais fluido.<\/p>\n\n\n\n<hr class=\"wp-block-separator has-alpha-channel-opacity\"\/>\n\n\n\n<p>Manter um espa\u00e7o funcional e equilibrado <strong>n\u00e3o exige grandes mudan\u00e7as<\/strong>, mas sim <strong>pequenos h\u00e1bitos di\u00e1rios que evitam o ac\u00famulo e preservam a organiza\u00e7\u00e3o<\/strong>. Com uma abordagem simples e consistente, qualquer ambiente pode <strong>se manter pr\u00e1tico, harmonioso e bem aproveitado ao longo do tempo<\/strong>.<\/p>\n\n\n\n<p>\u2714 <strong>Evite o ac\u00famulo aplicando m\u00e9todos de organiza\u00e7\u00e3o eficazes.<\/strong><br>\u2714 <strong>Fa\u00e7a revis\u00f5es peri\u00f3dicas para manter apenas o essencial.<\/strong><br>\u2714 <strong>Adote uma rotina pr\u00e1tica que preserve a fluidez do espa\u00e7o.<\/strong><\/p>\n\n\n\n<p>Com essas estrat\u00e9gias, sua microcasa ou apartamento compacto <strong>se tornar\u00e1 um ambiente organizado, funcional e sempre pronto para o seu dia a dia<\/strong>, sem esfor\u00e7os excessivos ou necessidade de grandes mudan\u00e7as constantes.<\/p>\n\n\n\n<hr class=\"wp-block-separator has-alpha-channel-opacity\"\/>\n\n\n\n<h2 id='inspira\u00e7\u00f5es-minimalistas-exemplos-de-espa\u00e7os-compactos-e-bem-planejados'  class=\"wp-block-heading\"><strong>Inspira\u00e7\u00f5es Minimalistas: Exemplos de Espa\u00e7os Compactos e Bem Planejados<\/strong><\/h2>\n\n\n\n<p>O minimalismo, quando aplicado ao design de interiores, <strong>n\u00e3o significa abrir m\u00e3o do conforto ou da est\u00e9tica<\/strong>, mas sim criar um ambiente <strong>funcional, organizado e visualmente equilibrado<\/strong>.<\/p>\n\n\n\n<p>Em espa\u00e7os compactos, essa abordagem se torna ainda mais essencial, pois cada escolha \u2013 seja na disposi\u00e7\u00e3o dos m\u00f3veis, na paleta de cores ou nos objetos decorativos \u2013 influencia <strong>a sensa\u00e7\u00e3o de amplitude, fluidez e praticidade do dia a dia<\/strong>.<\/p>\n\n\n\n<p>Para inspirar voc\u00ea, reunimos <strong>exemplos de espa\u00e7os pequenos otimizados com minimalismo<\/strong>, al\u00e9m de ideias sobre <strong>como adaptar esse conceito a diferentes estilos de vida<\/strong>.<\/p>\n\n\n\n<hr class=\"wp-block-separator has-alpha-channel-opacity\"\/>\n\n\n\n<h2 id='estudos-de-caso-de-ambientes-pequenos-otimizados-com-minimalismo'  class=\"wp-block-heading\"><strong>Estudos de Caso de Ambientes Pequenos Otimizados com Minimalismo<\/strong><\/h2>\n\n\n\n<p>A seguir, veja <strong>tr\u00eas exemplos reais de ambientes compactos bem planejados<\/strong>, onde o minimalismo foi aplicado para melhorar <strong>a organiza\u00e7\u00e3o, a funcionalidade e o aproveitamento do espa\u00e7o<\/strong>.<\/p>\n\n\n\n<h3 id='1-microapartamento-de-30m\u00b2-com-espa\u00e7os-integrados'  class=\"wp-block-heading\"><strong>1. Microapartamento de 30m\u00b2 com Espa\u00e7os Integrados<\/strong><\/h3>\n\n\n\n<p>\ud83d\udccd <strong>Desafio:<\/strong> Criar um ambiente compacto que comportasse sala, quarto, cozinha e home office sem comprometer a fluidez.<\/p>\n\n\n\n<p>\u2705 <strong>Solu\u00e7\u00e3o minimalista:<\/strong><\/p>\n\n\n\n<ul class=\"wp-block-list\">\n<li>Uso de uma paleta neutra e ilumina\u00e7\u00e3o natural para ampliar visualmente o espa\u00e7o.<\/li>\n\n\n\n<li>Cama retr\u00e1til embutida no arm\u00e1rio, liberando \u00e1rea \u00fatil durante o dia.<\/li>\n\n\n\n<li>Bancada multifuncional servindo como mesa de jantar e esta\u00e7\u00e3o de trabalho.<\/li>\n\n\n\n<li>Prateleiras flutuantes para armazenamento vertical, evitando m\u00f3veis volumosos no ch\u00e3o.<\/li>\n<\/ul>\n\n\n\n<p><strong>Resultado:<\/strong> O espa\u00e7o permaneceu <strong>arejado, organizado e vers\u00e1til<\/strong>, adaptando-se facilmente \u00e0s diferentes necessidades do dia a dia.<\/p>\n\n\n\n<hr class=\"wp-block-separator has-alpha-channel-opacity\"\/>\n\n\n\n<h3 id='2-kitnet-minimalista-com-divis\u00f3rias-inteligentes'  class=\"wp-block-heading\"><strong>2. Kitnet Minimalista com Divis\u00f3rias Inteligentes<\/strong><\/h3>\n\n\n\n<p>\ud83d\udccd <strong>Desafio:<\/strong> Separar visualmente as \u00e1reas sem comprometer a sensa\u00e7\u00e3o de amplitude.<\/p>\n\n\n\n<p>\u2705 <strong>Solu\u00e7\u00e3o minimalista:<\/strong><\/p>\n\n\n\n<ul class=\"wp-block-list\">\n<li>Estante vazada como divis\u00f3ria entre a \u00e1rea de dormir e a sala, garantindo ventila\u00e7\u00e3o e ilumina\u00e7\u00e3o natural.<\/li>\n\n\n\n<li>M\u00f3veis suspensos e espelhos estrategicamente posicionados para aumentar a sensa\u00e7\u00e3o de profundidade.<\/li>\n\n\n\n<li>Portas de correr para otimizar a circula\u00e7\u00e3o e eliminar a necessidade de espa\u00e7o para abertura.<\/li>\n\n\n\n<li>Objetos decorativos reduzidos a itens essenciais, como uma lumin\u00e1ria de design clean e plantas que purificam o ar.<\/li>\n<\/ul>\n\n\n\n<p><strong>Resultado:<\/strong> O ambiente manteve a funcionalidade sem a necessidade de paredes fechadas, garantindo <strong>privacidade e fluidez ao mesmo tempo<\/strong>.<\/p>\n\n\n\n<hr class=\"wp-block-separator has-alpha-channel-opacity\"\/>\n\n\n\n<h3 id='3-casa-compacta-de-madeira-com-minimalismo-aconchegante'  class=\"wp-block-heading\"><strong>3. Casa Compacta de Madeira com Minimalismo Aconchegante<\/strong><\/h3>\n\n\n\n<p>\ud83d\udccd <strong>Desafio:<\/strong> Criar um espa\u00e7o compacto sem perder a sensa\u00e7\u00e3o de acolhimento e conex\u00e3o com a natureza.<br><br><\/p>\n\n\n\n<p>\u2705 <strong>Solu\u00e7\u00e3o minimalista:<\/strong><\/p>\n\n\n\n<ul class=\"wp-block-list\">\n<li>Uso predominante de madeira clara e tons terrosos para um ambiente quente e convidativo.<\/li>\n\n\n\n<li>Poucos m\u00f3veis, mas altamente funcionais, como um sof\u00e1-ba\u00fa e uma mesa dobr\u00e1vel na cozinha.<\/li>\n\n\n\n<li>Ilumina\u00e7\u00e3o indireta com lumin\u00e1rias embutidas, proporcionando um ambiente sereno e confort\u00e1vel.<\/li>\n\n\n\n<li>Elementos naturais na decora\u00e7\u00e3o, como tecidos de linho e cestaria artesanal, agregando textura sem polui\u00e7\u00e3o visual.<\/li>\n<\/ul>\n\n\n\n<p><strong>Resultado:<\/strong> Um espa\u00e7o pequeno que transmite <strong>conforto, leveza e praticidade<\/strong>, valorizando a harmonia entre minimalismo e aconchego.<\/p>\n\n\n\n<hr class=\"wp-block-separator has-alpha-channel-opacity\"\/>\n\n\n\n<h2 id='como-diferentes-estilos-minimalistas-podem-ser-aplicados-em-espa\u00e7os-reduzidos'  class=\"wp-block-heading\"><strong>Como Diferentes Estilos Minimalistas Podem Ser Aplicados em Espa\u00e7os Reduzidos<\/strong><\/h2>\n\n\n\n<p>O minimalismo n\u00e3o precisa seguir um \u00fanico padr\u00e3o \u2013 ele pode ser <strong>adaptado a diferentes prefer\u00eancias est\u00e9ticas<\/strong> sem perder seus princ\u00edpios de funcionalidade e leveza.<\/p>\n\n\n\n<h3 id='1-minimalismo-escandinavo-simplicidade-e-conforto'  class=\"wp-block-heading\"><strong>1. Minimalismo Escandinavo: Simplicidade e Conforto<\/strong><\/h3>\n\n\n\n<p>\ud83c\udf3f <strong>Caracter\u00edsticas:<\/strong><\/p>\n\n\n\n<ul class=\"wp-block-list\">\n<li>Cores neutras e suaves (branco, bege, cinza claro).<\/li>\n\n\n\n<li>Ilumina\u00e7\u00e3o natural abundante.<\/li>\n\n\n\n<li>M\u00f3veis de madeira clara e tecidos naturais.<\/li>\n<\/ul>\n\n\n\n<p>\ud83d\udccc <strong>Aplica\u00e7\u00e3o em espa\u00e7os pequenos:<\/strong><\/p>\n\n\n\n<ul class=\"wp-block-list\">\n<li>Uso de m\u00f3veis multifuncionais para otimiza\u00e7\u00e3o do espa\u00e7o.<\/li>\n\n\n\n<li>Paleta clara para ampliar visualmente o ambiente.<\/li>\n\n\n\n<li>Plantas naturais para um toque de vida e frescor.<\/li>\n<\/ul>\n\n\n\n<hr class=\"wp-block-separator has-alpha-channel-opacity\"\/>\n\n\n\n<h3 id='2-minimalismo-industrial-modernidade-e-personalidade'  class=\"wp-block-heading\"><strong>2. Minimalismo Industrial: Modernidade e Personalidade<\/strong><\/h3>\n\n\n\n<p>\ud83c\udfed <strong>Caracter\u00edsticas:<\/strong><\/p>\n\n\n\n<ul class=\"wp-block-list\">\n<li>Elementos brutos como concreto aparente, metal e madeira escura.<\/li>\n\n\n\n<li>Uso de ilumina\u00e7\u00e3o suspensa e tons mais escuros na decora\u00e7\u00e3o.<\/li>\n\n\n\n<li>Estruturas expostas, como tubula\u00e7\u00f5es aparentes.<\/li>\n<\/ul>\n\n\n\n<p>\ud83d\udccc <strong>Aplica\u00e7\u00e3o em espa\u00e7os pequenos:<\/strong><\/p>\n\n\n\n<ul class=\"wp-block-list\">\n<li>Uso de paredes com textura de cimento queimado para dar profundidade.<\/li>\n\n\n\n<li>M\u00f3veis de metal combinados com madeira para um visual moderno e pr\u00e1tico.<\/li>\n\n\n\n<li>Organiza\u00e7\u00e3o funcional com prateleiras abertas e estantes modulares.<\/li>\n<\/ul>\n\n\n\n<hr class=\"wp-block-separator has-alpha-channel-opacity\"\/>\n\n\n\n<h3 id='3-minimalismo-japon\u00eas-wabi-sabi-beleza-na-imperfei\u00e7\u00e3o'  class=\"wp-block-heading\"><strong>3. Minimalismo japon\u00eas (Wabi-Sabi): Beleza na Imperfei\u00e7\u00e3o<\/strong><\/h3>\n\n\n\n<p>\ud83c\udf75 <strong>Caracter\u00edsticas:<\/strong><\/p>\n\n\n\n<ul class=\"wp-block-list\">\n<li>Valoriza\u00e7\u00e3o da simplicidade, da natureza e da imperfei\u00e7\u00e3o natural dos materiais.<\/li>\n\n\n\n<li>Poucos objetos, mas altamente significativos.<\/li>\n\n\n\n<li>Uso de madeira r\u00fastica, pedras naturais e tecidos de linho.<\/li>\n<\/ul>\n\n\n\n<p>\ud83d\udccc <strong>Aplica\u00e7\u00e3o em espa\u00e7os pequenos:<\/strong><\/p>\n\n\n\n<ul class=\"wp-block-list\">\n<li>Uso de futons dobr\u00e1veis que podem ser guardados quando n\u00e3o est\u00e3o em uso.<\/li>\n\n\n\n<li>Ambientes minimalistas, mas acolhedores, com ilumina\u00e7\u00e3o suave.<\/li>\n\n\n\n<li>Decora\u00e7\u00e3o baseada em poucos itens com significado, como cer\u00e2micas artesanais.<\/li>\n<\/ul>\n\n\n\n<hr class=\"wp-block-separator has-alpha-channel-opacity\"\/>\n\n\n\n<h2 id='adapta\u00e7\u00e3o-de-refer\u00eancias-minimalistas-para-diferentes-estilos-de-vida'  class=\"wp-block-heading\"><strong>Adapta\u00e7\u00e3o de Refer\u00eancias Minimalistas para Diferentes Estilos de Vida<\/strong><\/h2>\n\n\n\n<p>Cada pessoa tem um ritmo e uma necessidade diferente, e o minimalismo pode <strong>se adaptar para tornar qualquer rotina mais eficiente e harmoniosa<\/strong>.<\/p>\n\n\n\n<h3 id='minimalismo-para-quem-trabalha-em-casa'  class=\"wp-block-heading\"><strong>Minimalismo para quem trabalha em casa:<\/strong><\/h3>\n\n\n\n<p>\ud83c\udfe0 <strong>Solu\u00e7\u00e3o:<\/strong> Criar um home office otimizado com mesa dobr\u00e1vel e ilumina\u00e7\u00e3o funcional, sem excesso de itens na bancada.<\/p>\n\n\n\n<h3 id='minimalismo-para-fam\u00edlias'  class=\"wp-block-heading\"><strong>Minimalismo para fam\u00edlias:<\/strong><\/h3>\n\n\n\n<p>\ud83d\udc68\u200d\ud83d\udc69\u200d\ud83d\udc67\u200d\ud83d\udc66 <strong>Solu\u00e7\u00e3o:<\/strong> Armazenamento inteligente para brinquedos e utens\u00edlios, com m\u00f3veis que possam crescer junto com as necessidades da fam\u00edlia.<\/p>\n\n\n\n<h3 id='minimalismo-para-quem-gosta-de-receber-visitas'  class=\"wp-block-heading\"><strong>Minimalismo para quem gosta de receber visitas:<\/strong><\/h3>\n\n\n\n<p>\ud83c\udf77 <strong>Solu\u00e7\u00e3o:<\/strong> Apostar em m\u00f3veis vers\u00e1teis, como um sof\u00e1-cama confort\u00e1vel e uma mesa extens\u00edvel, mantendo o ambiente livre de excessos quando n\u00e3o h\u00e1 convidados.<\/p>\n\n\n\n<h3 id='minimalismo-para-quem-gosta-de-colecionar-itens'  class=\"wp-block-heading\"><strong>Minimalismo para quem gosta de colecionar itens:<\/strong><\/h3>\n\n\n\n<p>\ud83d\udce6 <strong>Solu\u00e7\u00e3o:<\/strong> Criar um espa\u00e7o espec\u00edfico para os objetos de valor sentimental, mantendo apenas os mais significativos em exibi\u00e7\u00e3o para evitar sobrecarga visual.<\/p>\n\n\n\n<hr class=\"wp-block-separator has-alpha-channel-opacity\"\/>\n\n\n\n<p>Os exemplos de espa\u00e7os compactos bem planejados mostram que <strong>o minimalismo n\u00e3o \u00e9 sobre abrir m\u00e3o do estilo ou do conforto, mas sim sobre fazer escolhas inteligentes e intencionais<\/strong>.<\/p>\n\n\n\n<p>\u2714 <strong>Diferentes estilos minimalistas podem ser aplicados para atender a diferentes prefer\u00eancias e rotinas.<\/strong><br>\u2714 <strong>Ambientes pequenos podem ser extremamente funcionais e acolhedores com um planejamento estrat\u00e9gico.<\/strong><br>\u2714 <strong>A adapta\u00e7\u00e3o do minimalismo ao estilo de vida de cada pessoa permite criar um espa\u00e7o personalizado, fluido e equilibrado.<\/strong><\/p>\n\n\n\n<p>Seja qual for seu estilo ou necessidade, <strong>o minimalismo pode ser um aliado na constru\u00e7\u00e3o de um ambiente compacto mais organizado, agrad\u00e1vel e eficiente<\/strong>.<\/p>\n\n\n\n<hr class=\"wp-block-separator has-alpha-channel-opacity\"\/>\n\n\n\n<h2 id='menos-excesso-mais-espa\u00e7o-e-funcionalidade'  class=\"wp-block-heading\"><strong>Menos Excesso, Mais Espa\u00e7o e Funcionalidade<\/strong><\/h2>\n\n\n\n<p>O minimalismo aplicado a espa\u00e7os compactos n\u00e3o \u00e9 apenas uma escolha est\u00e9tica, mas <strong>uma estrat\u00e9gia eficiente para otimizar ambientes, melhorar a funcionalidade e proporcionar um dia a dia mais fluido e organizado<\/strong>.<\/p>\n\n\n\n<p>Pequenas mudan\u00e7as no modo como distribu\u00edmos m\u00f3veis, escolhemos os objetos essenciais e aproveitamos cada cent\u00edmetro dispon\u00edvel <strong>t\u00eam um impacto direto na sensa\u00e7\u00e3o de espa\u00e7o e no conforto do ambiente<\/strong>.<\/p>\n\n\n\n<p>Afinal, n\u00e3o se trata de viver com o m\u00ednimo, mas de <strong>criar um espa\u00e7o que realmente atenda \u00e0s suas necessidades<\/strong>, sem excessos que dificultam a rotina. A seguir, veja como ajustes simples podem transformar qualquer ambiente pequeno em <strong>um local mais pr\u00e1tico, harmonioso e eficiente<\/strong>.<\/p>\n\n\n\n<hr class=\"wp-block-separator has-alpha-channel-opacity\"\/>\n\n\n\n<h2 id='como-pequenas-mudan\u00e7as-fazem-uma-grande-diferen\u00e7a-na-otimiza\u00e7\u00e3o-do-espa\u00e7o'  class=\"wp-block-heading\"><strong>Como pequenas mudan\u00e7as fazem uma grande diferen\u00e7a na otimiza\u00e7\u00e3o do espa\u00e7o<\/strong><\/h2>\n\n\n\n<p>Muitas vezes, a sensa\u00e7\u00e3o de um ambiente apertado <strong>n\u00e3o vem do tamanho real do espa\u00e7o, mas da forma como ele \u00e9 utilizado<\/strong>. Com alguns ajustes estrat\u00e9gicos, \u00e9 poss\u00edvel liberar \u00e1reas, melhorar a circula\u00e7\u00e3o e criar um <strong>espa\u00e7o mais leve e funcional sem precisar de reformas complexas<\/strong>.<\/p>\n\n\n\n<h3 id='mudan\u00e7as-simples-que-transformam-um-espa\u00e7o-compacto'  class=\"wp-block-heading\"><strong>Mudan\u00e7as simples que transformam um espa\u00e7o compacto:<\/strong><\/h3>\n\n\n\n<p>\u2714 <strong>Remover itens desnecess\u00e1rios:<\/strong> Muitas vezes, a sensa\u00e7\u00e3o de desorganiza\u00e7\u00e3o vem do excesso de objetos acumulados. <strong>Reduzir a quantidade de itens vis\u00edveis faz com que o ambiente pare\u00e7a maior e mais organizado.<\/strong><br>\u2714 <strong>Priorizar m\u00f3veis multifuncionais:<\/strong> Sof\u00e1s-cama, mesas dobr\u00e1veis e nichos embutidos ajudam a maximizar cada metro quadrado.<br>\u2714 <strong>Usar espelhos e ilumina\u00e7\u00e3o estrat\u00e9gica:<\/strong> Posicionar espelhos em locais estrat\u00e9gicos e optar por uma ilumina\u00e7\u00e3o suave e bem distribu\u00edda aumentam a sensa\u00e7\u00e3o de amplitude.<br>\u2714 <strong>Criar divis\u00f5es sutis:<\/strong> Separar ambientes sem barreiras f\u00edsicas pesadas, como estantes vazadas ou pain\u00e9is de vidro, mant\u00e9m a fluidez do espa\u00e7o.<br>\u2714 <strong>Armazenamento vertical:<\/strong> Prateleiras e nichos aproveitam o espa\u00e7o das paredes sem comprometer a circula\u00e7\u00e3o.<\/p>\n\n\n\n<p><strong>Exemplo pr\u00e1tico: <\/strong>Se uma sala pequena parece apertada, substituir uma mesa de centro grande por um modelo compacto ou dobr\u00e1vel <strong>pode liberar espa\u00e7o sem comprometer a funcionalidade<\/strong>.<\/p>\n\n\n\n<hr class=\"wp-block-separator has-alpha-channel-opacity\"\/>\n\n\n\n<h2 id='o-impacto-positivo-de-um-ambiente-minimalista-no-dia-a-dia'  class=\"wp-block-heading\"><strong>O impacto positivo de um ambiente minimalista no dia a dia<\/strong><\/h2>\n\n\n\n<p>Viver em um espa\u00e7o bem planejado e sem excessos traz <strong>benef\u00edcios pr\u00e1ticos e emocionais<\/strong>, tornando a rotina mais fluida e proporcionando <strong>mais tempo e energia para o que realmente importa<\/strong>.<\/p>\n\n\n\n<h3 id='benef\u00edcios-de-um-ambiente-organizado-e-funcional'  class=\"wp-block-heading\"><strong>Benef\u00edcios de um ambiente organizado e funcional:<\/strong><\/h3>\n\n\n\n<p>\u2705 <strong>Menos tempo perdido com bagun\u00e7a:<\/strong> Quando tudo tem um lugar definido, a organiza\u00e7\u00e3o se mant\u00e9m sem esfor\u00e7o.<br>\u2705 <strong>Maior conforto e bem-estar:<\/strong> Ambientes limpos e arejados criam uma sensa\u00e7\u00e3o de leveza e tranquilidade.<br>\u2705 <strong>Facilidade na limpeza e manuten\u00e7\u00e3o:<\/strong> Com menos objetos acumulando poeira e menos m\u00f3veis volumosos, a limpeza se torna r\u00e1pida e eficiente.<br>\u2705 <strong>Maior aproveitamento do espa\u00e7o dispon\u00edvel:<\/strong> Cada cantinho do ambiente \u00e9 pensado para ser \u00fatil, sem desperd\u00edcios.<br>\u2705 <strong>Sensa\u00e7\u00e3o de amplitude e fluidez:<\/strong> Mesmo em espa\u00e7os pequenos, um layout bem planejado faz o ambiente parecer maior.<\/p>\n\n\n\n<p><strong>Erro comum a evitar: <\/strong>\u274c <strong>Acreditar que mais m\u00f3veis e objetos decorativos trazem aconchego.<\/strong> Muitas vezes, o excesso visual gera um efeito contr\u00e1rio, tornando o espa\u00e7o cansativo e claustrof\u00f3bico.<\/p>\n\n\n\n<p><strong>Dica pr\u00e1tica:<\/strong> Se sentir que seu ambiente est\u00e1 &#8220;pesado&#8221;, experimente <strong>reduzir a quantidade de elementos decorativos e reorganizar a disposi\u00e7\u00e3o dos m\u00f3veis<\/strong>. Pequenas mudan\u00e7as podem trazer um grande al\u00edvio visual.<\/p>\n\n\n\n<hr class=\"wp-block-separator has-alpha-channel-opacity\"\/>\n\n\n\n<h2 id='incentivo-\u00e0-ado\u00e7\u00e3o-de-um-espa\u00e7o-mais-organizado-fluido-e-funcional'  class=\"wp-block-heading\"><strong>Incentivo \u00e0 ado\u00e7\u00e3o de um espa\u00e7o mais organizado, fluido e funcional<\/strong><\/h2>\n\n\n\n<p>A verdadeira transforma\u00e7\u00e3o de um espa\u00e7o n\u00e3o depende apenas do tamanho da casa, mas da forma como ele \u00e9 planejado e utilizado. <strong>Adotar um ambiente mais organizado e fluido significa simplificar a rotina e tornar o dia a dia mais funcional e pr\u00e1tico.<\/strong><\/p>\n\n\n\n<p>Se voc\u00ea deseja come\u00e7ar essa transforma\u00e7\u00e3o, aqui est\u00e3o alguns passos simples:<\/p>\n\n\n\n<p>\ud83d\udccc <strong>Revise seus objetos e elimine o que n\u00e3o tem utilidade.<\/strong><br>\ud83d\udccc <strong>Adapte o espa\u00e7o \u00e0 sua rotina, e n\u00e3o o contr\u00e1rio.<\/strong><br>\ud83d\udccc <strong>Escolha m\u00f3veis que atendam a mais de uma fun\u00e7\u00e3o.<\/strong><br>\ud83d\udccc <strong>Aposte em solu\u00e7\u00f5es de armazenamento inteligentes e discretas.<\/strong><br>\ud83d\udccc <strong>Crie um ambiente leve e equilibrado, valorizando a circula\u00e7\u00e3o e a fluidez.<\/strong><\/p>\n\n\n\n<p>Ao incorporar essas pr\u00e1ticas, seu espa\u00e7o se tornar\u00e1 <strong>mais agrad\u00e1vel, organizado e funcional, independentemente do tamanho<\/strong>. <strong>Minimalismo n\u00e3o \u00e9 sobre abrir m\u00e3o, mas sobre fazer escolhas inteligentes e intencionais para um dia a dia mais eficiente e harmonioso.<\/strong><\/p>\n\n\n\n<h2 id='conclus\u00e3o'  class=\"wp-block-heading\"><strong>Conclus\u00e3o<\/strong><\/h2>\n\n\n\n<p>A otimiza\u00e7\u00e3o de espa\u00e7os compactos <strong>n\u00e3o exige grandes reformas ou mudan\u00e7as radicais<\/strong>. Com <strong>pequenos ajustes na organiza\u00e7\u00e3o, na escolha de m\u00f3veis e no armazenamento<\/strong>, qualquer ambiente pode se tornar <strong>mais pr\u00e1tico, funcional e esteticamente equilibrado<\/strong>.<\/p>\n\n\n\n<p>\u2714 <strong>Cada escolha dentro do ambiente deve agregar valor e funcionalidade.<\/strong><br>\u2714 <strong>A redu\u00e7\u00e3o de excessos melhora a circula\u00e7\u00e3o e a sensa\u00e7\u00e3o de espa\u00e7o.<\/strong><br>\u2714 <strong>Uma organiza\u00e7\u00e3o eficiente simplifica a rotina e melhora a qualidade de vida.<\/strong><\/p>\n\n\n\n<p>Seja qual for o tamanho do seu espa\u00e7o, <strong>o minimalismo pode ajudar voc\u00ea a viver com mais fluidez, conforto e praticidade<\/strong>. Experimente fazer pequenas mudan\u00e7as e perceba <strong>como menos excesso resulta em mais funcionalidade e bem-estar!<\/strong><\/p>\n\n\n\n<hr class=\"wp-block-separator has-alpha-channel-opacity\"\/>\n\n\n\n<h2 id='perguntas-frequentes-faq-como-aplicar-o-minimalismo-em-espa\u00e7os-compactos'  class=\"wp-block-heading\"><strong>Perguntas Frequentes (FAQ) \u2013 Como Aplicar o Minimalismo em Espa\u00e7os Compactos<\/strong><\/h2>\n\n\n\n<p>Criar um ambiente <strong>funcional, bem-organizado e visualmente agrad\u00e1vel<\/strong> em espa\u00e7os pequenos pode parecer um desafio, mas com as escolhas certas, \u00e9 poss\u00edvel <strong>otimizar cada metro quadrado sem perder estilo, conforto ou praticidade<\/strong>.<\/p>\n\n\n\n<p>A seguir, respondemos \u00e0s d\u00favidas mais comuns sobre como aplicar o <strong>minimalismo de maneira eficiente<\/strong> em ambientes compactos, garantindo <strong>um espa\u00e7o fluido, aconchegante e totalmente adaptado \u00e0s suas necessidades di\u00e1rias<\/strong>.<\/p>\n\n\n\n<hr class=\"wp-block-separator has-alpha-channel-opacity\"\/>\n\n\n\n<h2 id='1-como-tornar-um-espa\u00e7o-pequeno-mais-funcional-sem-perder-o-estilo'  class=\"wp-block-heading\"><strong>1. Como tornar um espa\u00e7o pequeno mais funcional sem perder o estilo?<\/strong><\/h2>\n\n\n\n<p>A funcionalidade e o estilo n\u00e3o precisam ser conceitos opostos. Um espa\u00e7o bem planejado pode ser <strong>pr\u00e1tico e visualmente agrad\u00e1vel ao mesmo tempo<\/strong>, desde que os elementos escolhidos sejam intencionais e bem distribu\u00eddos.<\/p>\n\n\n\n<h3 id='dicas-para-manter-o-equil\u00edbrio-entre-fun\u00e7\u00e3o-e-est\u00e9tica'  class=\"wp-block-heading\"><strong>Dicas para manter o equil\u00edbrio entre fun\u00e7\u00e3o e est\u00e9tica:<\/strong><\/h3>\n\n\n\n<p>\u2714 <strong>Escolha m\u00f3veis multifuncionais:<\/strong> Sof\u00e1s-cama, mesas dobr\u00e1veis e nichos embutidos permitem um melhor aproveitamento do espa\u00e7o sem comprometer a est\u00e9tica.<br>\u2714 <strong>Aposte em uma paleta de cores equilibrada:<\/strong> Tons neutros ampliam o ambiente e garantem uma sensa\u00e7\u00e3o de organiza\u00e7\u00e3o e sofistica\u00e7\u00e3o.<br>\u2714 <strong>Use texturas e materiais naturais:<\/strong> Madeira clara, fibras naturais e tecidos suaves agregam aconchego sem poluir visualmente o espa\u00e7o.<br>\u2714 <strong>Prefira poucos elementos decorativos, mas bem escolhidos:<\/strong> Um quadro impactante, uma lumin\u00e1ria bem posicionada ou uma planta podem transformar o ambiente sem sobrecarreg\u00e1-lo.<br>\u2714 <strong>Priorize a ilumina\u00e7\u00e3o:<\/strong> Ambientes bem iluminados parecem maiores e mais convidativos, seja com luz natural ou com lumin\u00e1rias estrategicamente posicionadas.<\/p>\n\n\n\n<p><strong>Erro comum a evitar: <\/strong>\u274c <strong>Escolher m\u00f3veis muito grandes ou volumosos para o espa\u00e7o.<\/strong> Eles podem comprometer a circula\u00e7\u00e3o e criar uma sensa\u00e7\u00e3o de aperto.<\/p>\n\n\n\n<p><strong>Dica pr\u00e1tica:<\/strong> Antes de adquirir um novo m\u00f3vel ou objeto decorativo, pergunte-se: <em>Ele realmente otimiza o espa\u00e7o e complementa o estilo do ambiente?<\/em> Se a resposta for \u201cn\u00e3o\u201d, talvez seja melhor optar por outra solu\u00e7\u00e3o.<\/p>\n\n\n\n<hr class=\"wp-block-separator has-alpha-channel-opacity\"\/>\n\n\n\n<h2 id='2-o-minimalismo-exige-renunciar-a-conforto-ou-praticidade'  class=\"wp-block-heading\"><strong>2. O minimalismo exige renunciar a conforto ou praticidade?<\/strong><\/h2>\n\n\n\n<p>Definitivamente <strong>n\u00e3o!<\/strong> O minimalismo tem como objetivo <strong>trazer mais conforto e praticidade ao ambiente<\/strong>, eliminando excessos que atrapalham a funcionalidade e sobrecarregam visualmente o espa\u00e7o.<\/p>\n\n\n\n<h3 id='como-o-minimalismo-pode-aumentar-o-conforto'  class=\"wp-block-heading\"><strong>Como o minimalismo pode aumentar o conforto?<\/strong><\/h3>\n\n\n\n<p>\u2705 <strong>Redu\u00e7\u00e3o do excesso visual:<\/strong> Ambientes mais organizados criam uma sensa\u00e7\u00e3o de tranquilidade e bem-estar.<br>\u2705 <strong>Maior aproveitamento do espa\u00e7o:<\/strong> Ao manter apenas o necess\u00e1rio, h\u00e1 mais \u00e1rea \u00fatil para circula\u00e7\u00e3o e atividades do dia a dia.<br>\u2705 <strong>Mais praticidade na rotina:<\/strong> Com menos objetos acumulando poeira e mais organiza\u00e7\u00e3o, a manuten\u00e7\u00e3o do espa\u00e7o se torna muito mais simples.<br>\u2705 <strong>Foco na qualidade em vez da quantidade:<\/strong> Em vez de v\u00e1rios m\u00f3veis desconfort\u00e1veis, um bom sof\u00e1 ou cama de alta qualidade fazem toda a diferen\u00e7a no conforto.<\/p>\n\n\n\n<p><strong>Exemplo pr\u00e1tico:<\/strong> Em vez de um grande n\u00famero de almofadas e mantas que dificultam a organiza\u00e7\u00e3o, um sof\u00e1 confort\u00e1vel com um tecido macio e bem escolhido <strong>oferece aconchego sem excessos<\/strong>.<\/p>\n\n\n\n<p><strong>Dica pr\u00e1tica:<\/strong> Minimalismo n\u00e3o significa viver com menos do que se precisa, mas sim com <strong>apenas o necess\u00e1rio para uma rotina mais fluida e confort\u00e1vel<\/strong>.<\/p>\n\n\n\n<hr class=\"wp-block-separator has-alpha-channel-opacity\"\/>\n\n\n\n<h2 id='3-quais-erros-devem-ser-evitados-ao-aplicar-o-minimalismo-em-ambientes-compactos'  class=\"wp-block-heading\"><strong>3. Quais erros devem ser evitados ao aplicar o minimalismo em ambientes compactos?<\/strong><\/h2>\n\n\n\n<p>Embora o minimalismo seja uma abordagem eficiente para otimizar espa\u00e7os pequenos, algumas armadilhas podem comprometer sua funcionalidade e est\u00e9tica.<\/p>\n\n\n\n<h3 id='erros-comuns-ao-aplicar-o-minimalismo'  class=\"wp-block-heading\"><strong>Erros comuns ao aplicar o minimalismo:<\/strong><\/h3>\n\n\n\n<p>\u274c <strong>Criar um ambiente frio e sem personalidade:<\/strong> Remover excessos n\u00e3o significa eliminar toda a decora\u00e7\u00e3o. Um toque pessoal faz diferen\u00e7a para tornar o espa\u00e7o acolhedor.<br>\u274c <strong>Usar m\u00f3veis desproporcionais ao tamanho do ambiente:<\/strong> Um sof\u00e1 ou mesa muito grande pode comprometer a circula\u00e7\u00e3o e sobrecarregar o espa\u00e7o.<br>\u274c <strong>N\u00e3o considerar solu\u00e7\u00f5es de armazenamento inteligentes:<\/strong> Sem locais estrat\u00e9gicos para guardar itens essenciais, a bagun\u00e7a pode retornar rapidamente.<br>\u274c <strong>Deixar tudo branco sem contraste ou texturas:<\/strong> O minimalismo pode (e deve) ter varia\u00e7\u00f5es de materiais e cores sutis para trazer equil\u00edbrio e conforto visual.<br>\u274c <strong>Exagerar na elimina\u00e7\u00e3o de objetos funcionais:<\/strong> Se um item \u00e9 realmente \u00fatil no dia a dia, ele deve ser mantido no ambiente, desde que bem organizado.<\/p>\n\n\n\n<h3 id='como-evitar-esses-erros'  class=\"wp-block-heading\"><strong>Como evitar esses erros?<\/strong><\/h3>\n\n\n\n<p>\u2714 <strong>Equilibre simplicidade e aconchego:<\/strong> Use tapetes, tecidos naturais e cores suaves para evitar um ambiente frio e impessoal.<br>\u2714 <strong>Escolha m\u00f3veis proporcionais ao espa\u00e7o:<\/strong> Opte por pe\u00e7as compactas, mas que ainda ofere\u00e7am conforto.<br>\u2714 <strong>Aposte em armazenamento discreto:<\/strong> M\u00f3veis embutidos e nichos ajudam a manter a organiza\u00e7\u00e3o sem comprometer a est\u00e9tica.<br>\u2714 <strong>Use ilumina\u00e7\u00e3o estrat\u00e9gica:<\/strong> Lumin\u00e1rias bem-posicionadas garantem um ambiente acolhedor sem sobrecarga visual.<\/p>\n\n\n\n<p><strong>Dica pr\u00e1tica:<\/strong> Minimalismo n\u00e3o \u00e9 sobre remo\u00e7\u00e3o extrema, mas sim sobre <strong>equilibrar est\u00e9tica e funcionalidade para criar um ambiente leve e eficiente<\/strong>.<\/p>\n\n\n\n<hr class=\"wp-block-separator has-alpha-channel-opacity\"\/>\n\n\n\n<h2 id='4-como-manter-a-organiza\u00e7\u00e3o-sem-que-o-ambiente-pare\u00e7a-impessoal'  class=\"wp-block-heading\"><strong>4. Como manter a organiza\u00e7\u00e3o sem que o ambiente pare\u00e7a impessoal?<\/strong><\/h2>\n\n\n\n<p>Muitas pessoas temem que ao eliminar excessos, o espa\u00e7o acabe ficando <strong>frio ou sem personalidade<\/strong>. No entanto, com alguns detalhes bem escolhidos, \u00e9 poss\u00edvel criar um ambiente <strong>aconchegante e que reflita sua identidade<\/strong>.<\/p>\n\n\n\n<h3 id='como-manter-a-organiza\u00e7\u00e3o-sem-perder-personalidade'  class=\"wp-block-heading\"><strong>Como manter a organiza\u00e7\u00e3o sem perder personalidade?<\/strong><\/h3>\n\n\n\n<p>\ud83d\uddbc <strong>Escolha elementos decorativos significativos:<\/strong> Um quadro especial, uma pe\u00e7a artesanal ou uma planta podem trazer identidade ao ambiente sem exageros.<br>\ud83c\udf3f <strong>Adicione texturas e materiais naturais:<\/strong> Madeira, fibras naturais e tecidos suaves trazem aconchego e equil\u00edbrio visual.<br>\ud83d\udcda <strong>Crie um espa\u00e7o dedicado a objetos pessoais:<\/strong> Um pequeno nicho ou prateleira pode ser suficiente para expor fotos, livros ou lembran\u00e7as sem sobrecarregar o ambiente.<br>\ud83c\udfa8 <strong>Use cores sutis para criar contrastes elegantes:<\/strong> Um ambiente totalmente branco pode parecer impessoal, mas tons neutros e detalhes sutis adicionam profundidade e calor.<br>\ud83d\udecb <strong>Aposte na ilumina\u00e7\u00e3o acolhedora:<\/strong> Luzes indiretas e lumin\u00e1rias bem posicionadas criam uma atmosfera mais convidativa.<\/p>\n\n\n\n<p><strong>Exemplo pr\u00e1tico: <\/strong>Em vez de v\u00e1rias pequenas decora\u00e7\u00f5es dispersas, um <strong>vaso de cer\u00e2mica com uma planta bem-posicionada<\/strong> adiciona charme e personalidade sem poluir visualmente o ambiente.<\/p>\n\n\n\n<p><strong>Dica pr\u00e1tica:<\/strong> Se sentir que seu ambiente est\u00e1 impessoal, tente adicionar <strong>um elemento natural (como uma planta) e um toque de textura (como um tapete de fibras naturais ou um tecido de linho)<\/strong>. Esses pequenos detalhes fazem grande diferen\u00e7a na sensa\u00e7\u00e3o de aconchego.<\/p>\n\n\n\n<hr class=\"wp-block-separator has-alpha-channel-opacity\"\/>\n\n\n\n<p>Manter um espa\u00e7o compacto funcional e bem-organizado <strong>n\u00e3o significa abrir m\u00e3o do estilo, do conforto ou da personalidade<\/strong>. Pelo contr\u00e1rio, o minimalismo permite criar ambientes <strong>equilibrados, sofisticados e altamente eficientes<\/strong>, onde cada elemento \u00e9 escolhido de forma intencional.<\/p>\n\n\n\n<p>\u2714 <strong>A funcionalidade e o estilo podem coexistir em um espa\u00e7o bem planejado.<\/strong><br>\u2714 <strong>Minimalismo n\u00e3o significa abrir m\u00e3o do conforto, mas sim priorizar o essencial.<\/strong><br>\u2714 <strong>Evitar erros comuns ajuda a manter um ambiente agrad\u00e1vel e harmonioso.<\/strong><br>\u2714 <strong>Pequenos detalhes tornam o espa\u00e7o mais acolhedor sem comprometer a organiza\u00e7\u00e3o.<\/strong><\/p>\n\n\n\n<p>Ao aplicar essas estrat\u00e9gias, seu espa\u00e7o <strong>se tornar\u00e1 mais flu\u00eddo, pr\u00e1tico e convidativo<\/strong>, proporcionando uma rotina mais leve e eficiente.<\/p>\n\n\n\n<p><\/p>","protected":false},"excerpt":{"rendered":"<p>Como o Minimalismo Transforma Espa\u00e7os Compactos A vida em espa\u00e7os compactos exige um planejamento estrat\u00e9gico para que cada metro quadrado&#8230;<\/p>","protected":false},"author":1,"featured_media":580,"comment_status":"open","ping_status":"open","sticky":false,"template":"","format":"standard","meta":{"_kad_post_transparent":"","_kad_post_title":"","_kad_post_layout":"","_kad_post_sidebar_id":"","_kad_post_content_style":"","_kad_post_vertical_padding":"","_kad_post_feature":"","_kad_post_feature_position":"","_kad_post_header":false,"_kad_post_footer":false,"_kad_post_classname":"","footnotes":"","jetpack_publicize_message":"","jetpack_publicize_feature_enabled":true,"jetpack_social_post_already_shared":false,"jetpack_social_options":{"image_generator_settings":{"template":"highway","default_image_id":0,"font":"","enabled":false},"version":2}},"categories":[16],"tags":[13],"class_list":["post-579","post","type-post","status-publish","format-standard","has-post-thumbnail","hentry","category-casa-e-jardim","tag-minimalista"],"jetpack_publicize_connections":[],"jetpack_featured_media_url":"https:\/\/i0.wp.com\/1truenote.com\/wp-content\/uploads\/2025\/02\/Design-sem-nome-2.webp?fit=600%2C400&ssl=1","jetpack_sharing_enabled":true,"_links":{"self":[{"href":"https:\/\/1truenote.com\/en\/wp-json\/wp\/v2\/posts\/579","targetHints":{"allow":["GET"]}}],"collection":[{"href":"https:\/\/1truenote.com\/en\/wp-json\/wp\/v2\/posts"}],"about":[{"href":"https:\/\/1truenote.com\/en\/wp-json\/wp\/v2\/types\/post"}],"author":[{"embeddable":true,"href":"https:\/\/1truenote.com\/en\/wp-json\/wp\/v2\/users\/1"}],"replies":[{"embeddable":true,"href":"https:\/\/1truenote.com\/en\/wp-json\/wp\/v2\/comments?post=579"}],"version-history":[{"count":0,"href":"https:\/\/1truenote.com\/en\/wp-json\/wp\/v2\/posts\/579\/revisions"}],"wp:featuredmedia":[{"embeddable":true,"href":"https:\/\/1truenote.com\/en\/wp-json\/wp\/v2\/media\/580"}],"wp:attachment":[{"href":"https:\/\/1truenote.com\/en\/wp-json\/wp\/v2\/media?parent=579"}],"wp:term":[{"taxonomy":"category","embeddable":true,"href":"https:\/\/1truenote.com\/en\/wp-json\/wp\/v2\/categories?post=579"},{"taxonomy":"post_tag","embeddable":true,"href":"https:\/\/1truenote.com\/en\/wp-json\/wp\/v2\/tags?post=579"}],"curies":[{"name":"wp","href":"https:\/\/api.w.org\/{rel}","templated":true}]}}