{"id":558,"date":"2025-02-25T18:12:07","date_gmt":"2025-02-25T18:12:07","guid":{"rendered":"https:\/\/1truenote.com\/?p=558"},"modified":"2025-04-21T17:13:28","modified_gmt":"2025-04-21T17:13:28","slug":"a-importancia-do-planejamento-em-espacos-compactos-transformando-limitacoes-em-solucoes-criativas","status":"publish","type":"post","link":"https:\/\/1truenote.com\/en\/a-importancia-do-planejamento-em-espacos-compactos-transformando-limitacoes-em-solucoes-criativas\/","title":{"rendered":"A Import\u00e2ncia do Planejamento em Espa\u00e7os Compactos: Transformando Limita\u00e7\u00f5es em Solu\u00e7\u00f5es Criativas"},"content":{"rendered":"<h2 id='a-import\u00e2ncia-do-planejamento-em-espa\u00e7os-compactos-transformando-limita\u00e7\u00f5es-em-solu\u00e7\u00f5es-criativas'  class=\"wp-block-heading\"><strong>A Import\u00e2ncia do Planejamento em Espa\u00e7os Compactos: Transformando Limita\u00e7\u00f5es em Solu\u00e7\u00f5es Criativas<\/strong><\/h2>\n\n\n\n<p>Projetar <strong>espa\u00e7os compactos<\/strong> pode ser uma verdadeira arte. Quando o ambiente \u00e9 reduzido, cada cent\u00edmetro conta e, ao contr\u00e1rio do que muitos pensam, a limita\u00e7\u00e3o de espa\u00e7o n\u00e3o precisa significar uma limita\u00e7\u00e3o de conforto, estilo ou funcionalidade. Com um planejamento inteligente e escolhas estrat\u00e9gicas, \u00e9 poss\u00edvel transformar at\u00e9 mesmo o menor ambiente em um espa\u00e7o pr\u00e1tico, acolhedor e altamente eficiente.<\/p>\n\n\n\n<p>Neste artigo, voc\u00ea vai entender por que o <strong>planejamento bem-feito<\/strong> \u00e9 o ponto de partida para um ambiente compacto funcional e como as decis\u00f5es corretas podem transformar desafios em oportunidades criativas para otimizar o uso de cada metro quadrado.<\/p>\n\n\n\n<hr class=\"wp-block-separator has-alpha-channel-opacity\"\/>\n\n\n\n<h2 id='o-desafio-de-projetar-ambientes-pequenos-sem-perder-a-funcionalidade'  class=\"wp-block-heading\"><strong>O desafio de projetar ambientes pequenos sem perder a funcionalidade<\/strong><\/h2>\n\n\n\n<p>Projetar um espa\u00e7o pequeno vai muito al\u00e9m de apenas reduzir o tamanho dos m\u00f3veis ou escolher cores claras. O verdadeiro desafio est\u00e1 em <strong>maximizar a funcionalidade<\/strong> de cada \u00e1rea, garantindo que o ambiente seja pr\u00e1tico para o dia a dia sem se tornar sufocante ou visualmente polu\u00eddo.<\/p>\n\n\n\n<h3 id='os-principais-desafios-incluem'  class=\"wp-block-heading\"><strong>Os principais desafios incluem:<\/strong><\/h3>\n\n\n\n<ul class=\"wp-block-list\">\n<li><strong>Falta de espa\u00e7o para armazenamento:<\/strong> Arm\u00e1rios grandes podem n\u00e3o ser uma op\u00e7\u00e3o vi\u00e1vel em ambientes compactos, exigindo solu\u00e7\u00f5es criativas como prateleiras suspensas ou m\u00f3veis multifuncionais.<\/li>\n\n\n\n<li><strong>Aproveitamento limitado de \u00e1reas \u00fateis:<\/strong> Muitas vezes, \u00e1reas como cantos e espa\u00e7os sob m\u00f3veis s\u00e3o subutilizadas, desperdi\u00e7ando um potencial valioso.<\/li>\n\n\n\n<li><strong>Circula\u00e7\u00e3o restrita:<\/strong> Manter o fluxo de movimento confort\u00e1vel \u00e9 essencial em espa\u00e7os pequenos, evitando que m\u00f3veis e objetos criem barreiras desnecess\u00e1rias.<\/li>\n\n\n\n<li><strong>Ilumina\u00e7\u00e3o inadequada:<\/strong> A ilumina\u00e7\u00e3o insuficiente pode fazer com que um ambiente compacto pare\u00e7a ainda menor, tornando o espa\u00e7o desconfort\u00e1vel e pouco acolhedor.<\/li>\n<\/ul>\n\n\n\n<p><strong>Solu\u00e7\u00e3o:<\/strong> Um projeto bem estruturado considera as necessidades espec\u00edficas dos moradores, a disposi\u00e7\u00e3o correta dos m\u00f3veis e a otimiza\u00e7\u00e3o de cada \u00e1rea dispon\u00edvel, criando um espa\u00e7o que seja pr\u00e1tico, confort\u00e1vel e agrad\u00e1vel.<\/p>\n\n\n\n<hr class=\"wp-block-separator has-alpha-channel-opacity\"\/>\n\n\n\n<h2 id='a-rela\u00e7\u00e3o-entre-efici\u00eancia-est\u00e9tica-e-praticidade-em-espa\u00e7os-reduzidos'  class=\"wp-block-heading\"><strong>A rela\u00e7\u00e3o entre efici\u00eancia, est\u00e9tica e praticidade em espa\u00e7os reduzidos<\/strong><\/h2>\n\n\n\n<p>A chave para um bom planejamento em ambientes compactos \u00e9 encontrar o equil\u00edbrio perfeito entre <strong>efici\u00eancia<\/strong>, <strong>est\u00e9tica<\/strong> e <strong>praticidade<\/strong>. Afinal, um espa\u00e7o funcional tamb\u00e9m pode (e deve) ser visualmente agrad\u00e1vel, refletindo a personalidade dos moradores.<\/p>\n\n\n\n<h3 id='como-unir-efici\u00eancia-est\u00e9tica-e-funcionalidade'  class=\"wp-block-heading\"><strong>Como unir efici\u00eancia, est\u00e9tica e funcionalidade:<\/strong><\/h3>\n\n\n\n<ul class=\"wp-block-list\">\n<li><strong>M\u00f3veis sob medida:<\/strong> Adaptam-se perfeitamente ao espa\u00e7o, evitando desperd\u00edcio de \u00e1rea e maximizando a funcionalidade.<\/li>\n\n\n\n<li><strong>Paleta de cores claras e tons neutros:<\/strong> Ampliam a sensa\u00e7\u00e3o de espa\u00e7o e oferecem uma base vers\u00e1til para decora\u00e7\u00e3o.<\/li>\n\n\n\n<li><strong>Espelhos estrategicamente posicionados:<\/strong> Criam a ilus\u00e3o de amplitude e melhoram a ilumina\u00e7\u00e3o, tornando o ambiente mais leve e confort\u00e1vel.<\/li>\n\n\n\n<li><strong>M\u00f3veis multifuncionais:<\/strong> Sof\u00e1s-camas, mesas retr\u00e1teis e camas com gavetas s\u00e3o exemplos de como otimizar o espa\u00e7o sem perder o estilo.<\/li>\n\n\n\n<li><strong>Organiza\u00e7\u00e3o visual:<\/strong> Prateleiras abertas e nichos ajudam a manter o ambiente organizado e evitam a sensa\u00e7\u00e3o de claustrofobia.<\/li>\n<\/ul>\n\n\n\n<p><strong>Exemplo pr\u00e1tico:<\/strong> Uma sala de estar compacta pode se transformar em um escrit\u00f3rio funcional ao incorporar uma mesa retr\u00e1til embutida em um arm\u00e1rio, sem comprometer o design do ambiente.<\/p>\n\n\n\n<hr class=\"wp-block-separator has-alpha-channel-opacity\"\/>\n\n\n\n<h2 id='como-um-planejamento-bem-feito-transforma-limita\u00e7\u00f5es-em-solu\u00e7\u00f5es-criativas'  class=\"wp-block-heading\"><strong>Como um planejamento bem-feito transforma limita\u00e7\u00f5es em solu\u00e7\u00f5es criativas<\/strong><\/h2>\n\n\n\n<p>O verdadeiro segredo de um projeto de sucesso em espa\u00e7os pequenos est\u00e1 em <strong>transformar limita\u00e7\u00f5es em solu\u00e7\u00f5es criativas<\/strong>. Com um bom planejamento, cada \u00e1rea do ambiente passa a ter uma fun\u00e7\u00e3o clara e inteligente, e o que antes parecia ser um obst\u00e1culo se torna uma oportunidade de inova\u00e7\u00e3o.<\/p>\n\n\n\n<h3 id='solu\u00e7\u00f5es-criativas-para-maximizar-espa\u00e7os-compactos'  class=\"wp-block-heading\"><strong>Solu\u00e7\u00f5es criativas para maximizar espa\u00e7os compactos:<\/strong><\/h3>\n\n\n\n<ul class=\"wp-block-list\">\n<li><strong>Aproveitamento de paredes:<\/strong> Instala\u00e7\u00e3o de prateleiras suspensas, suportes para bicicletas ou nichos embutidos.<\/li>\n\n\n\n<li><strong>Divis\u00f3rias funcionais:<\/strong> Biombos com prateleiras integradas ou estantes vazadas que separam ambientes sem bloquear a ilumina\u00e7\u00e3o.<\/li>\n\n\n\n<li><strong>M\u00f3veis adapt\u00e1veis:<\/strong> Mesas dobr\u00e1veis, pufes com espa\u00e7o interno para armazenamento ou camas retr\u00e1teis.<\/li>\n\n\n\n<li><strong>Ilumina\u00e7\u00e3o inteligente:<\/strong> Fitas de LED embutidas em m\u00f3veis ou nas extremidades do teto ampliam visualmente o ambiente.<\/li>\n<\/ul>\n\n\n\n<p><strong>O resultado?<\/strong> O espa\u00e7o se torna mais funcional, organizado e confort\u00e1vel, atendendo \u00e0s necessidades do dia a dia sem perder o charme e o estilo. Al\u00e9m disso, um ambiente compacto bem planejado melhora a sensa\u00e7\u00e3o de amplitude, aumentando o conforto visual e f\u00edsico dos moradores.<\/p>\n\n\n\n<hr class=\"wp-block-separator has-alpha-channel-opacity\"\/>\n\n\n\n<h2 id='estrat\u00e9gias-de-constru\u00e7\u00e3o-para-maximizar-o-espa\u00e7o-\u00fatil-solu\u00e7\u00f5es-inteligentes-para-ambientes-compactos'  class=\"wp-block-heading\"><strong>Estrat\u00e9gias de Constru\u00e7\u00e3o para Maximizar o Espa\u00e7o \u00datil: Solu\u00e7\u00f5es Inteligentes para Ambientes Compactos<\/strong><\/h2>\n\n\n\n<p>Em <strong>espa\u00e7os compactos<\/strong>, cada metro quadrado precisa ser planejado de forma estrat\u00e9gica. Quando o espa\u00e7o dispon\u00edvel \u00e9 limitado, as solu\u00e7\u00f5es convencionais de design e constru\u00e7\u00e3o muitas vezes n\u00e3o se aplicam, e a criatividade se torna essencial. A boa not\u00edcia \u00e9 que, com as estrat\u00e9gias certas, \u00e9 poss\u00edvel transformar at\u00e9 mesmo os menores ambientes em \u00e1reas funcionais, confort\u00e1veis e visualmente amplas.<\/p>\n\n\n\n<p>Se voc\u00ea est\u00e1 planejando um projeto ou deseja otimizar um ambiente pequeno, conhecer as melhores <strong>estrat\u00e9gias de constru\u00e7\u00e3o para maximizar o espa\u00e7o \u00fatil<\/strong> pode fazer toda a diferen\u00e7a. A seguir, veja como aplicar t\u00e9cnicas de <strong>design vertical<\/strong>, <strong>integra\u00e7\u00e3o de ambientes<\/strong>, <strong>divis\u00f3rias inteligentes<\/strong> e <strong>constru\u00e7\u00e3o modular<\/strong> para criar espa\u00e7os que funcionam melhor, sem abrir m\u00e3o da est\u00e9tica ou da praticidade.<\/p>\n\n\n\n<hr class=\"wp-block-separator has-alpha-channel-opacity\"\/>\n\n\n\n<h2 id='1-design-vertical-aproveitamento-de-paredes-e-tetos-para-armazenamento'  class=\"wp-block-heading\"><strong>1. Design vertical: Aproveitamento de paredes e tetos para armazenamento<\/strong><\/h2>\n\n\n\n<p>Em um espa\u00e7o pequeno, \u00e9 fundamental pensar em <strong>altura<\/strong>. A ado\u00e7\u00e3o de um <strong>design vertical<\/strong> permite maximizar \u00e1reas que, muitas vezes, s\u00e3o negligenciadas, como paredes e tetos. Isso cria oportunidades de armazenamento e decora\u00e7\u00e3o, sem comprometer a \u00e1rea de circula\u00e7\u00e3o.<\/p>\n\n\n\n<h3 id='como-aproveitar-melhor-o-espa\u00e7o-vertical'  class=\"wp-block-heading\"><strong>Como aproveitar melhor o espa\u00e7o vertical:<\/strong><\/h3>\n\n\n\n<ul class=\"wp-block-list\">\n<li><strong>Prateleiras suspensas:<\/strong> Instaladas acima de portas ou janelas, s\u00e3o ideais para armazenar objetos pouco usados.<\/li>\n\n\n\n<li><strong>Arm\u00e1rios at\u00e9 o teto:<\/strong> Evitam a perda de espa\u00e7o na parte superior das paredes e criam um visual mais sofisticado e organizado.<\/li>\n\n\n\n<li><strong>Estantes embutidas:<\/strong> Transformam paredes inteiras em \u00e1reas funcionais sem comprometer a circula\u00e7\u00e3o.<\/li>\n\n\n\n<li><strong>Ganchos e suportes verticais:<\/strong> \u00d3timos para pendurar utens\u00edlios de cozinha, bicicletas, plantas ou roupas em lavanderias compactas.<\/li>\n<\/ul>\n\n\n\n<p><strong>Dica extra:<\/strong> Aposte em m\u00f3veis multifuncionais que se integram ao design vertical, como camas com nichos embutidos ou sof\u00e1s com prateleiras laterais.<\/p>\n\n\n\n<hr class=\"wp-block-separator has-alpha-channel-opacity\"\/>\n\n\n\n<h2 id='2-integra\u00e7\u00e3o-de-ambientes-como-eliminar-barreiras-f\u00edsicas-e-criar-sensa\u00e7\u00e3o-delitude'  class=\"wp-block-heading\"><strong>2. Integra\u00e7\u00e3o de ambientes: Como eliminar barreiras f\u00edsicas e criar sensa\u00e7\u00e3o de amplitude<\/strong><\/h2>\n\n\n\n<p>A <strong>integra\u00e7\u00e3o de ambientes<\/strong> \u00e9 uma das solu\u00e7\u00f5es mais eficazes para ampliar visualmente espa\u00e7os pequenos. Ao eliminar paredes e barreiras f\u00edsicas desnecess\u00e1rias, voc\u00ea cria um ambiente mais aberto, fluido e arejado.<\/p>\n\n\n\n<h3 id='como-integrar-ambientes-de-forma-eficiente'  class=\"wp-block-heading\"><strong>Como integrar ambientes de forma eficiente:<\/strong><\/h3>\n\n\n\n<ul class=\"wp-block-list\">\n<li><strong>Cozinha americana:<\/strong> A remo\u00e7\u00e3o de paredes entre cozinha e sala cria uma \u00e1rea de conviv\u00eancia mais ampla e funcional, al\u00e9m de melhorar a circula\u00e7\u00e3o de ar.<\/li>\n\n\n\n<li><strong>Quartos integrados com a sala:<\/strong> Em lofts ou est\u00fadios, a aus\u00eancia de divis\u00f3rias cria uma sensa\u00e7\u00e3o de amplitude, com \u00e1reas bem definidas por meio de m\u00f3veis ou ilumina\u00e7\u00e3o.<\/li>\n\n\n\n<li><strong>Home office integrado:<\/strong> Criar um espa\u00e7o de trabalho dentro de outro ambiente (como sala ou quarto) com m\u00f3veis planejados pode otimizar o espa\u00e7o dispon\u00edvel.<\/li>\n\n\n\n<li><strong>Uso estrat\u00e9gico de pisos e cores:<\/strong> Diferenciar os ambientes por meio de pisos, tapetes ou cores cria uma divis\u00e3o visual sem a necessidade de paredes.<\/li>\n<\/ul>\n\n\n\n<h3 id='benef\u00edcios-da-integra\u00e7\u00e3o-de-ambientes'  class=\"wp-block-heading\"><strong>Benef\u00edcios da integra\u00e7\u00e3o de ambientes:<\/strong><\/h3>\n\n\n\n<ul class=\"wp-block-list\">\n<li>Melhoria na ilumina\u00e7\u00e3o natural.<\/li>\n\n\n\n<li>Otimiza\u00e7\u00e3o da circula\u00e7\u00e3o de pessoas.<\/li>\n\n\n\n<li>Maior sensa\u00e7\u00e3o de amplitude, mesmo em espa\u00e7os pequenos.<\/li>\n<\/ul>\n\n\n\n<hr class=\"wp-block-separator has-alpha-channel-opacity\"\/>\n\n\n\n<h2 id='3-utiliza\u00e7\u00e3o-de-divis\u00f3rias-inteligentes-biombos-estantes-abertas-e-portas-de-correr'  class=\"wp-block-heading\"><strong>3. Utiliza\u00e7\u00e3o de divis\u00f3rias inteligentes: Biombos, estantes abertas e portas de correr<\/strong><\/h2>\n\n\n\n<p>Quando a necessidade de privacidade se faz presente, as <strong>divis\u00f3rias inteligentes<\/strong> s\u00e3o alternativas pr\u00e1ticas e vers\u00e1teis. Elas delimitam espa\u00e7os sem bloquear a luz natural nem interromper a circula\u00e7\u00e3o.<\/p>\n\n\n\n<h3 id='op\u00e7\u00f5es-de-divis\u00f3rias-funcionais-para-espa\u00e7os-pequenos'  class=\"wp-block-heading\"><strong>Op\u00e7\u00f5es de divis\u00f3rias funcionais para espa\u00e7os pequenos:<\/strong><\/h3>\n\n\n\n<ul class=\"wp-block-list\">\n<li><strong>Biombos decorativos:<\/strong> Leves e f\u00e1ceis de mover, oferecem privacidade tempor\u00e1ria e podem ser usados como elementos de decora\u00e7\u00e3o.<\/li>\n\n\n\n<li><strong>Estantes abertas:<\/strong> Al\u00e9m de dividir ambientes, servem como espa\u00e7o de armazenamento, mantendo o ambiente organizado e arejado.<\/li>\n\n\n\n<li><strong>Portas de correr:<\/strong> Economizam espa\u00e7o em compara\u00e7\u00e3o \u00e0s portas tradicionais e podem ser feitas de vidro para preservar a sensa\u00e7\u00e3o de amplitude.<\/li>\n\n\n\n<li><strong>Pain\u00e9is deslizantes:<\/strong> Podem ser usados para dividir ambientes de forma discreta e moderna, com a possibilidade de abri-los completamente quando necess\u00e1rio.<\/li>\n<\/ul>\n\n\n\n<p><strong>Dica de estilo:<\/strong> Opte por divis\u00f3rias em materiais transl\u00facidos, como vidro jateado ou acr\u00edlico, para manter a privacidade sem bloquear a passagem de luz.<\/p>\n\n\n\n<hr class=\"wp-block-separator has-alpha-channel-opacity\"\/>\n\n\n\n<h2 id='4-constru\u00e7\u00e3o-modular-flexibilidade-e-adaptabilidade-para-diferentes-usos'  class=\"wp-block-heading\"><strong>4. Constru\u00e7\u00e3o modular: Flexibilidade e adaptabilidade para diferentes usos<\/strong><\/h2>\n\n\n\n<p>A <strong>constru\u00e7\u00e3o modular<\/strong> \u00e9 uma tend\u00eancia inovadora que traz flexibilidade e adaptabilidade para ambientes compactos. Esse conceito permite modificar o layout de um espa\u00e7o conforme as necessidades, tornando o ambiente vers\u00e1til e preparado para diferentes usos ao longo do tempo.<\/p>\n\n\n\n<h3 id='como-funciona-a-constru\u00e7\u00e3o-modular'  class=\"wp-block-heading\"><strong>Como funciona a constru\u00e7\u00e3o modular:<\/strong><\/h3>\n\n\n\n<ul class=\"wp-block-list\">\n<li><strong>M\u00f3veis modulares:<\/strong> Itens como sof\u00e1s, mesas e camas que podem ser rearranjados para diferentes fun\u00e7\u00f5es ou ambientes.<\/li>\n\n\n\n<li><strong>Paredes m\u00f3veis:<\/strong> Estruturas que podem ser deslocadas ou removidas para modificar a configura\u00e7\u00e3o do espa\u00e7o de acordo com a necessidade.<\/li>\n\n\n\n<li><strong>M\u00f3dulos de armazenamento:<\/strong> Permitem criar combina\u00e7\u00f5es personalizadas, otimizando o uso do espa\u00e7o de acordo com a rotina dos moradores.<\/li>\n\n\n\n<li><strong>Estruturas pr\u00e9-fabricadas:<\/strong> Utilizadas principalmente em projetos de microcasas, facilitam a montagem e permitem amplia\u00e7\u00f5es futuras de forma pr\u00e1tica.<\/li>\n<\/ul>\n\n\n\n<h3 id='vantagens-da-constru\u00e7\u00e3o-modular'  class=\"wp-block-heading\"><strong>Vantagens da constru\u00e7\u00e3o modular:<\/strong><\/h3>\n\n\n\n<ul class=\"wp-block-list\">\n<li><strong>Adaptabilidade:<\/strong> O ambiente pode ser ajustado conforme novas necessidades surgirem.<\/li>\n\n\n\n<li><strong>Efici\u00eancia no uso do espa\u00e7o:<\/strong> Cada m\u00f3dulo pode ser adaptado para ter mais de uma fun\u00e7\u00e3o.<\/li>\n\n\n\n<li><strong>Facilidade de manuten\u00e7\u00e3o:<\/strong> Como as estruturas s\u00e3o independentes, eventuais reparos ou modifica\u00e7\u00f5es s\u00e3o mais simples de realizar.<\/li>\n<\/ul>\n\n\n\n<hr class=\"wp-block-separator has-alpha-channel-opacity\"\/>\n\n\n\n<h2 id='otimiza\u00e7\u00e3o-de-projetos-para-ambientes-funcionais-como-transformar-espa\u00e7os-compactos-em-\u00e1reas-inteligentes-e-confort\u00e1veis'  class=\"wp-block-heading\"><strong>Otimiza\u00e7\u00e3o de Projetos para Ambientes Funcionais: Como Transformar Espa\u00e7os Compactos em \u00c1reas Inteligentes e Confort\u00e1veis<\/strong><\/h2>\n\n\n\n<p>Em <strong>espa\u00e7os compactos<\/strong>, cada detalhe precisa ser pensado estrategicamente. O sucesso de um projeto em ambientes pequenos depende n\u00e3o apenas de uma boa distribui\u00e7\u00e3o dos m\u00f3veis, mas tamb\u00e9m da forma como as \u00e1reas s\u00e3o organizadas, da ilumina\u00e7\u00e3o escolhida, das cores aplicadas e da efici\u00eancia da circula\u00e7\u00e3o. A otimiza\u00e7\u00e3o inteligente desses elementos transforma ambientes limitados em locais pr\u00e1ticos, esteticamente agrad\u00e1veis e totalmente funcionais.<\/p>\n\n\n\n<p>A seguir, voc\u00ea descobrir\u00e1 como aplicar as melhores t\u00e9cnicas de <strong>zoneamento<\/strong>, <strong>ilumina\u00e7\u00e3o estrat\u00e9gica<\/strong>, <strong>uso de cores e texturas<\/strong> e <strong>planejamento de circula\u00e7\u00e3o<\/strong> para criar espa\u00e7os que atendam \u00e0s suas necessidades sem comprometer o conforto.<\/p>\n\n\n\n<hr class=\"wp-block-separator has-alpha-channel-opacity\"\/>\n\n\n\n<h2 id='1-zoneamento-inteligente-como-organizar-\u00e1reas-de-conviv\u00eancia-descanso-e-trabalho'  class=\"wp-block-heading\"><strong>1. Zoneamento inteligente: Como organizar \u00e1reas de conviv\u00eancia, descanso e trabalho<\/strong><\/h2>\n\n\n\n<p>O <strong>zoneamento inteligente<\/strong> \u00e9 uma das chaves para tornar-se um espa\u00e7o compacto mais funcional. Ele consiste em dividir o ambiente em \u00e1reas espec\u00edficas \u2014 conviv\u00eancia, descanso e trabalho \u2014, mesmo que n\u00e3o existam divis\u00f3rias f\u00edsicas.<\/p>\n\n\n\n<h3 id='como-fazer-um-zoneamento-eficaz-em-espa\u00e7os-pequenos'  class=\"wp-block-heading\"><strong>Como fazer um zoneamento eficaz em espa\u00e7os pequenos:<\/strong><\/h3>\n\n\n\n<ul class=\"wp-block-list\">\n<li><strong>\u00c1reas de conviv\u00eancia:<\/strong> Integrar sala de estar e cozinha \u00e9 uma \u00f3tima solu\u00e7\u00e3o para criar um espa\u00e7o de conviv\u00eancia amplo e funcional. Use tapetes, ilumina\u00e7\u00e3o diferenciada ou m\u00f3veis baixos para delimitar visualmente essas \u00e1reas.<\/li>\n\n\n\n<li><strong>Espa\u00e7o de descanso:<\/strong> A cama pode ser integrada de maneira discreta ao ambiente, utilizando biombos, cortinas ou at\u00e9 um painel deslizante para criar privacidade quando necess\u00e1rio.<\/li>\n\n\n\n<li><strong>\u00c1rea de trabalho:<\/strong> Um cantinho de home office pode ser facilmente inserido em espa\u00e7os pequenos com o uso de mesas retr\u00e1teis, prateleiras suspensas ou divis\u00f3rias funcionais.<\/li>\n\n\n\n<li><strong>Organiza\u00e7\u00e3o vertical:<\/strong> Aproveite paredes para delimitar as zonas, como estantes abertas que separam \u00e1reas de trabalho e descanso sem comprometer a ilumina\u00e7\u00e3o ou a sensa\u00e7\u00e3o de espa\u00e7o.<\/li>\n<\/ul>\n\n\n\n<p><strong>Dica extra:<\/strong> Prefira m\u00f3veis multifuncionais que podem ser usados em diferentes zonas, como uma mesa retr\u00e1til que serve tanto para refei\u00e7\u00f5es quanto para o trabalho.<\/p>\n\n\n\n<hr class=\"wp-block-separator has-alpha-channel-opacity\"\/>\n\n\n\n<h2 id='2-ilumina\u00e7\u00e3o-estrat\u00e9gica-uso-de-luz-natural-e-artificial-paraliar-o-ambiente'  class=\"wp-block-heading\"><strong>2. Ilumina\u00e7\u00e3o estrat\u00e9gica: Uso de luz natural e artificial para ampliar o ambiente<\/strong><\/h2>\n\n\n\n<p>A ilumina\u00e7\u00e3o \u00e9 um fator decisivo na cria\u00e7\u00e3o de um ambiente <strong>funcional e visualmente amplo<\/strong>. Um bom projeto de ilumina\u00e7\u00e3o n\u00e3o apenas valoriza os detalhes do espa\u00e7o, mas tamb\u00e9m contribui para a sensa\u00e7\u00e3o de conforto e amplitude em ambientes reduzidos.<\/p>\n\n\n\n<h3 id='como-usar-a-ilumina\u00e7\u00e3o-de-forma-estrat\u00e9gica'  class=\"wp-block-heading\"><strong>Como usar a ilumina\u00e7\u00e3o de forma estrat\u00e9gica:<\/strong><\/h3>\n\n\n\n<h4 id='a-luz-natural'  class=\"wp-block-heading\"><strong>A. Luz natural<\/strong><\/h4>\n\n\n\n<ul class=\"wp-block-list\">\n<li><strong>Aproveite as janelas:<\/strong> Evite bloque\u00e1-las com m\u00f3veis ou cortinas pesadas. Prefira tecidos leves que permitam a entrada de luz durante o dia.<\/li>\n\n\n\n<li><strong>Espelhos estrat\u00e9gicos:<\/strong> Posicione espelhos em frente \u00e0s janelas ou fontes de luz para refletir a luz natural e criar a sensa\u00e7\u00e3o de um ambiente maior.<\/li>\n\n\n\n<li><strong>Portas de vidro:<\/strong> Em locais onde for poss\u00edvel, opte por portas de vidro transl\u00facido, que permitem a passagem de luz entre os ambientes.<\/li>\n<\/ul>\n\n\n\n<h4 id='b-luz-artificial'  class=\"wp-block-heading\"><strong>B. Luz artificial<\/strong><\/h4>\n\n\n\n<ul class=\"wp-block-list\">\n<li><strong>Ilumina\u00e7\u00e3o embutida:<\/strong> Spots de LED no teto ou em prateleiras criam um ambiente moderno e n\u00e3o ocupam espa\u00e7o f\u00edsico.<\/li>\n\n\n\n<li><strong>Lumin\u00e1rias de parede:<\/strong> Substituem abajures e liberam espa\u00e7o em superf\u00edcies como mesas de cabeceira.<\/li>\n\n\n\n<li><strong>Luz difusa:<\/strong> Cria um ambiente acolhedor e uniforme, ideal para \u00e1reas de conviv\u00eancia.<\/li>\n\n\n\n<li><strong>Fitas de LED:<\/strong> Uma solu\u00e7\u00e3o econ\u00f4mica e vers\u00e1til que pode ser instalada em m\u00f3veis, prateleiras ou no rodap\u00e9 das paredes.<\/li>\n<\/ul>\n\n\n\n<p><strong>Dica pr\u00e1tica:<\/strong> Combine diferentes fontes de luz (direta, indireta e difusa) para criar uma ilumina\u00e7\u00e3o equilibrada e ajustar o clima do ambiente conforme necess\u00e1rio.<\/p>\n\n\n\n<hr class=\"wp-block-separator has-alpha-channel-opacity\"\/>\n\n\n\n<h2 id='3-cores-e-texturas-como-elementos-visuais-influenciam-a-percep\u00e7\u00e3o-de-espa\u00e7o'  class=\"wp-block-heading\"><strong>3. Cores e texturas: Como elementos visuais influenciam a percep\u00e7\u00e3o de espa\u00e7o<\/strong><\/h2>\n\n\n\n<p>As <strong>cores<\/strong> e <strong>texturas<\/strong> t\u00eam um papel fundamental na percep\u00e7\u00e3o visual dos ambientes. Em espa\u00e7os compactos, elas ajudam a criar a sensa\u00e7\u00e3o de amplitude, profundidade e conforto, al\u00e9m de definirem o estilo e a personalidade do local.<\/p>\n\n\n\n<h3 id='como-usar-cores-e-texturas-de-maneira-estrat\u00e9gica'  class=\"wp-block-heading\"><strong>Como usar cores e texturas de maneira estrat\u00e9gica:<\/strong><\/h3>\n\n\n\n<h4 id='a-cores'  class=\"wp-block-heading\"><strong>A. Cores<\/strong><\/h4>\n\n\n\n<ul class=\"wp-block-list\">\n<li><strong>Tons claros:<\/strong> Branco, bege, cinza-claro e past\u00e9is ampliam visualmente o espa\u00e7o e refletem melhor a luz natural.<\/li>\n\n\n\n<li><strong>Cores vibrantes em detalhes:<\/strong> Use tons mais escuros ou vibrantes em objetos menores, como almofadas, quadros e acess\u00f3rios, para criar pontos de destaque sem sobrecarregar o ambiente.<\/li>\n\n\n\n<li><strong>Contraste sutil:<\/strong> Pintar uma parede de cor levemente diferente das outras cria profundidade e aumenta a sensa\u00e7\u00e3o de amplitude.<\/li>\n<\/ul>\n\n\n\n<h4 id='b-texturas'  class=\"wp-block-heading\"><strong>B. Texturas<\/strong><\/h4>\n\n\n\n<ul class=\"wp-block-list\">\n<li><strong>Tecidos leves:<\/strong> Cortinas, tapetes e almofadas de materiais naturais como algod\u00e3o e linho criam um ambiente acolhedor.<\/li>\n\n\n\n<li><strong>Acabamentos lisos:<\/strong> Superf\u00edcies lisas e brilhantes em m\u00f3veis e paredes ajudam a refletir a luz, ampliando o ambiente visualmente.<\/li>\n\n\n\n<li><strong>Elementos em madeira clara:<\/strong> A madeira, al\u00e9m de trazer conforto, adiciona um toque natural ao espa\u00e7o sem deix\u00e1-lo pesado.<\/li>\n<\/ul>\n\n\n\n<p><strong>Dica extra:<\/strong> Evite o uso excessivo de texturas pesadas e padr\u00f5es muito complexos, pois eles podem \u201cencolher\u201d visualmente o espa\u00e7o.<\/p>\n\n\n\n<hr class=\"wp-block-separator has-alpha-channel-opacity\"\/>\n\n\n\n<h2 id='4-planejamento-de-circula\u00e7\u00e3o-evitando-\u00e1reas-mortas-e-otimizando-a-movimenta\u00e7\u00e3o'  class=\"wp-block-heading\"><strong>4. Planejamento de circula\u00e7\u00e3o: Evitando \u00e1reas mortas e otimizando a movimenta\u00e7\u00e3o<\/strong><\/h2>\n\n\n\n<p>Em um espa\u00e7o compacto, a <strong>circula\u00e7\u00e3o eficiente<\/strong> \u00e9 essencial para garantir conforto e praticidade. Um layout mal planejado pode criar \u00e1reas mortas ou dificultar o deslocamento, prejudicando a funcionalidade do ambiente.<\/p>\n\n\n\n<h3 id='como-otimizar-a-circula\u00e7\u00e3o-em-espa\u00e7os-pequenos'  class=\"wp-block-heading\"><strong>Como otimizar a circula\u00e7\u00e3o em espa\u00e7os pequenos:<\/strong><\/h3>\n\n\n\n<ul class=\"wp-block-list\">\n<li><strong>Defina trajetos claros:<\/strong> Certifique-se de que exista um caminho livre de obst\u00e1culos entre as principais \u00e1reas de circula\u00e7\u00e3o, como entrada, sala e cozinha.<\/li>\n\n\n\n<li><strong>Evite m\u00f3veis volumosos:<\/strong> Prefira pe\u00e7as mais leves e proporcionais ao tamanho do espa\u00e7o.<\/li>\n\n\n\n<li><strong>Portas de correr:<\/strong> Economizam espa\u00e7o em compara\u00e7\u00e3o com portas tradicionais e melhoram o fluxo de circula\u00e7\u00e3o.<\/li>\n\n\n\n<li><strong>M\u00f3veis com p\u00e9s elevados:<\/strong> Criam a sensa\u00e7\u00e3o de leveza e facilitam a circula\u00e7\u00e3o visual no ambiente.<\/li>\n\n\n\n<li><strong>Aten\u00e7\u00e3o \u00e0s medidas:<\/strong> Deixe pelo menos 70 cm de espa\u00e7o livre ao redor de mesas e cadeiras para garantir uma movimenta\u00e7\u00e3o confort\u00e1vel.<\/li>\n<\/ul>\n\n\n\n<p><strong>Dica:<\/strong> Evite o excesso de m\u00f3veis ou objetos decorativos no caminho da circula\u00e7\u00e3o \u2014 menos \u00e9 mais quando se trata de ambientes compactos.<\/p>\n\n\n\n<hr class=\"wp-block-separator has-alpha-channel-opacity\"\/>\n\n\n\n<h2 id='escolha-de-materiais-eficientes-para-espa\u00e7os-compactos-conforto-durabilidade-e-sustentabilidade-em-cada-detalhe'  class=\"wp-block-heading\"><strong>Escolha de Materiais Eficientes para Espa\u00e7os Compactos: Conforto, Durabilidade e Sustentabilidade em Cada Detalhe<\/strong><\/h2>\n\n\n\n<p>Quando o objetivo \u00e9 otimizar <strong>espa\u00e7os compactos<\/strong>, a escolha de <strong>materiais eficientes<\/strong> se torna fundamental. Cada elemento do ambiente \u2014 desde revestimentos at\u00e9 m\u00f3veis e acabamentos \u2014 precisa ser pensado n\u00e3o apenas pela est\u00e9tica, mas tamb\u00e9m pela sua <strong>durabilidade<\/strong>, <strong>funcionalidade<\/strong> e <strong>capacidade de economizar espa\u00e7o<\/strong>.<\/p>\n\n\n\n<p>Ao utilizar materiais que equilibram resist\u00eancia, leveza e sustentabilidade, \u00e9 poss\u00edvel criar ambientes pr\u00e1ticos, confort\u00e1veis e com um toque de sofistica\u00e7\u00e3o. A seguir, voc\u00ea encontrar\u00e1 as melhores estrat\u00e9gias para escolher os materiais certos para transformar seu espa\u00e7o compacto em um ambiente eficiente e visualmente agrad\u00e1vel.<\/p>\n\n\n\n<hr class=\"wp-block-separator has-alpha-channel-opacity\"\/>\n\n\n\n<h2 id='1-revestimentos-multifuncionais-durabilidade-e-est\u00e9tica-em-ambientes-pequenos'  class=\"wp-block-heading\"><strong>1. Revestimentos multifuncionais: Durabilidade e est\u00e9tica em ambientes pequenos<\/strong><\/h2>\n\n\n\n<p>Em espa\u00e7os reduzidos, a escolha dos <strong>revestimentos<\/strong> deve ir al\u00e9m da apar\u00eancia. Optar por materiais <strong>multifuncionais<\/strong> significa integrar durabilidade, facilidade de manuten\u00e7\u00e3o e um toque est\u00e9tico que amplia a sensa\u00e7\u00e3o de conforto no ambiente.<\/p>\n\n\n\n<h3 id='principais-revestimentos-multifuncionais-para-ambientes-compactos'  class=\"wp-block-heading\"><strong>Principais revestimentos multifuncionais para ambientes compactos:<\/strong><\/h3>\n\n\n\n<ul class=\"wp-block-list\">\n<li><strong>Porcelanato retificado:<\/strong> Com bordas retas e instala\u00e7\u00e3o precisa, reduz o uso de rejuntes e amplia visualmente o ambiente, criando um aspecto limpo e moderno.<\/li>\n\n\n\n<li><strong>Pisos vin\u00edlicos:<\/strong> Dur\u00e1veis, f\u00e1ceis de limpar e com propriedades ac\u00fasticas, s\u00e3o ideais para quem busca um revestimento confort\u00e1vel em pequenos espa\u00e7os.<\/li>\n\n\n\n<li><strong>Pain\u00e9is de MDF:<\/strong> Usados como divis\u00f3rias ou revestimento de paredes, adicionam textura e ajudam a criar diferentes zonas no ambiente sem a necessidade de paredes f\u00edsicas.<\/li>\n\n\n\n<li><strong>Azulejos 3D:<\/strong> Trazem profundidade visual e podem ser usados em paredes de destaque para criar um ponto focal no espa\u00e7o sem ocupar \u00e1rea \u00fatil.<\/li>\n<\/ul>\n\n\n\n<h3 id='vantagens-dos-revestimentos-multifuncionais'  class=\"wp-block-heading\"><strong>Vantagens dos revestimentos multifuncionais:<\/strong><\/h3>\n\n\n\n<ul class=\"wp-block-list\">\n<li><strong>Facilidade de limpeza:<\/strong> Ideal para manter o espa\u00e7o compacto sempre organizado.<\/li>\n\n\n\n<li><strong>Resist\u00eancia ao desgaste:<\/strong> Aumenta a durabilidade do ambiente em \u00e1reas de maior circula\u00e7\u00e3o.<\/li>\n\n\n\n<li><strong>Valor est\u00e9tico:<\/strong> Transformam o ambiente visualmente, criando a sensa\u00e7\u00e3o de amplitude.<\/li>\n<\/ul>\n\n\n\n<p><strong>Dica extra:<\/strong> Prefira revestimentos de tons claros ou neutros, que ajudam a ampliar a sensa\u00e7\u00e3o de espa\u00e7o e combinam facilmente com diferentes estilos de decora\u00e7\u00e3o.<\/p>\n\n\n\n<hr class=\"wp-block-separator has-alpha-channel-opacity\"\/>\n\n\n\n<h2 id='2-materiais-leves-e-resistentes-benef\u00edcios-do-mdf-vidro-temperado-e-a\u00e7o-inox'  class=\"wp-block-heading\"><strong>2. Materiais leves e resistentes: Benef\u00edcios do MDF, vidro temperado e a\u00e7o inox<\/strong><\/h2>\n\n\n\n<p>A sele\u00e7\u00e3o de <strong>materiais leves e resistentes<\/strong> \u00e9 fundamental para otimizar o espa\u00e7o em projetos compactos. Esses materiais proporcionam praticidade, facilitam a movimenta\u00e7\u00e3o e trazem maior flexibilidade ao layout do ambiente.<\/p>\n\n\n\n<h3 id='materiais-ideais-para-espa\u00e7os-pequenos'  class=\"wp-block-heading\"><strong>Materiais ideais para espa\u00e7os pequenos:<\/strong><\/h3>\n\n\n\n<h4 id='a-mdf-medium-density-fiberboard'  class=\"wp-block-heading\"><strong>A. MDF (Medium Density Fiberboard)<\/strong><\/h4>\n\n\n\n<ul class=\"wp-block-list\">\n<li><strong>Leve e vers\u00e1til:<\/strong> Ideal para m\u00f3veis sob medida e prateleiras suspensas.<\/li>\n\n\n\n<li><strong>Custo-benef\u00edcio:<\/strong> Uma op\u00e7\u00e3o econ\u00f4mica e personaliz\u00e1vel, dispon\u00edvel em diversas cores e acabamentos.<\/li>\n\n\n\n<li><strong>Durabilidade:<\/strong> Quando revestido com laminados ou vernizes de qualidade, se torna altamente resistente ao desgaste e f\u00e1cil de limpar.<\/li>\n<\/ul>\n\n\n\n<h4 id='b-vidro-temperado'  class=\"wp-block-heading\"><strong>B. Vidro temperado<\/strong><\/h4>\n\n\n\n<ul class=\"wp-block-list\">\n<li><strong>Sensa\u00e7\u00e3o de amplitude:<\/strong> Transparente, cria a ilus\u00e3o de um ambiente maior e permite a passagem de luz natural.<\/li>\n\n\n\n<li><strong>Resist\u00eancia:<\/strong> At\u00e9 cinco vezes mais resistente que o vidro comum, sendo seguro para portas de correr, divis\u00f3rias e tampos de mesa.<\/li>\n\n\n\n<li><strong>Facilidade de limpeza:<\/strong> Ideal para quem busca um material pr\u00e1tico e moderno.<\/li>\n<\/ul>\n\n\n\n<h4 id='c-a\u00e7o-inox'  class=\"wp-block-heading\"><strong>C. A\u00e7o inox<\/strong><\/h4>\n\n\n\n<ul class=\"wp-block-list\">\n<li><strong>Durabilidade:<\/strong> Resistente \u00e0 corros\u00e3o e ao desgaste, perfeito para cozinhas compactas e \u00e1reas de servi\u00e7o.<\/li>\n\n\n\n<li><strong>Estilo contempor\u00e2neo:<\/strong> Traz um visual moderno e se adapta a diferentes estilos de decora\u00e7\u00e3o.<\/li>\n\n\n\n<li><strong>F\u00e1cil manuten\u00e7\u00e3o:<\/strong> Limpeza simples e resist\u00eancia ao contato constante com a \u00e1gua e umidade.<\/li>\n<\/ul>\n\n\n\n<p><strong>Dica:<\/strong> Combinar materiais, como vidro temperado com a\u00e7o inox, pode proporcionar um visual sofisticado e otimizar a sensa\u00e7\u00e3o de espa\u00e7o aberto e funcional.<\/p>\n\n\n\n<hr class=\"wp-block-separator has-alpha-channel-opacity\"\/>\n\n\n\n<h2 id='3-uso-de-materiais-sustent\u00e1veis-op\u00e7\u00f5es-ecol\u00f3gicas-que-economizam-espa\u00e7o-e-recursos'  class=\"wp-block-heading\"><strong>3. Uso de materiais sustent\u00e1veis: Op\u00e7\u00f5es ecol\u00f3gicas que economizam espa\u00e7o e recursos<\/strong><\/h2>\n\n\n\n<p>Al\u00e9m de funcionais, os <strong>materiais sustent\u00e1veis<\/strong> ajudam a reduzir o impacto ambiental e contribuem para um estilo de vida mais consciente. Em ambientes compactos, esses materiais oferecem resist\u00eancia, versatilidade e solu\u00e7\u00f5es criativas para otimizar o uso de recursos.<\/p>\n\n\n\n<h3 id='principais-materiais-sustent\u00e1veis-para-espa\u00e7os-pequenos'  class=\"wp-block-heading\"><strong>Principais materiais sustent\u00e1veis para espa\u00e7os pequenos:<\/strong><\/h3>\n\n\n\n<ul class=\"wp-block-list\">\n<li><strong>Madeira de reflorestamento:<\/strong> Utilizada em m\u00f3veis e revestimentos, \u00e9 uma op\u00e7\u00e3o dur\u00e1vel e renov\u00e1vel.<\/li>\n\n\n\n<li><strong>Bambu:<\/strong> Material leve, resistente e com r\u00e1pido crescimento, ideal para m\u00f3veis compactos e acess\u00f3rios decorativos.<\/li>\n\n\n\n<li><strong>Tijolos ecol\u00f3gicos:<\/strong> Feitos a partir de res\u00edduos recicl\u00e1veis, ajudam a regular a temperatura e reduzem o consumo de energia.<\/li>\n\n\n\n<li><strong>Pinturas \u00e0 base de \u00e1gua:<\/strong> Livres de compostos org\u00e2nicos vol\u00e1teis (COVs), s\u00e3o mais seguras para a sa\u00fade e t\u00eam menor impacto ambiental.<\/li>\n<\/ul>\n\n\n\n<h3 id='vantagens-dos-materiais-sustent\u00e1veis'  class=\"wp-block-heading\"><strong>Vantagens dos materiais sustent\u00e1veis:<\/strong><\/h3>\n\n\n\n<ul class=\"wp-block-list\">\n<li>Redu\u00e7\u00e3o do impacto ambiental.<\/li>\n\n\n\n<li>Efici\u00eancia energ\u00e9tica, com melhor isolamento t\u00e9rmico e ac\u00fastico.<\/li>\n\n\n\n<li>Maior durabilidade e resist\u00eancia em ambientes compactos.<\/li>\n<\/ul>\n\n\n\n<p><strong>Dica extra:<\/strong> Prefira m\u00f3veis modulares feitos com materiais sustent\u00e1veis, que permitem reorganizar o espa\u00e7o conforme a necessidade, adaptando-se ao seu estilo de vida.<\/p>\n\n\n\n<hr class=\"wp-block-separator has-alpha-channel-opacity\"\/>\n\n\n\n<h2 id='4-tintas-e-impermeabilizantes-prote\u00e7\u00e3o-contra-umidade-e-bolor-em-\u00e1reas-sens\u00edveis'  class=\"wp-block-heading\"><strong>4. Tintas e impermeabilizantes: Prote\u00e7\u00e3o contra umidade e bolor em \u00e1reas sens\u00edveis<\/strong><\/h2>\n\n\n\n<p>A umidade \u00e9 um dos maiores desafios em espa\u00e7os pequenos, principalmente em <strong>banheiros<\/strong>, <strong>cozinhas<\/strong> e <strong>lavanderias<\/strong>. O uso de <strong>tintas e impermeabilizantes<\/strong> adequados previne o surgimento de mofo e bolor, mantendo o ambiente saud\u00e1vel e prolongando a vida \u00fatil dos materiais.<\/p>\n\n\n\n<h3 id='como-proteger-\u00e1reas-sens\u00edveis-\u00e0-umidade'  class=\"wp-block-heading\"><strong>Como proteger \u00e1reas sens\u00edveis \u00e0 umidade:<\/strong><\/h3>\n\n\n\n<h4 id='a-tintas-antimofo'  class=\"wp-block-heading\"><strong>A. Tintas antimofo<\/strong><\/h4>\n\n\n\n<ul class=\"wp-block-list\">\n<li><strong>Propriedades antif\u00fangicas:<\/strong> Evitam o surgimento de mofo e bolor em \u00e1reas propensas \u00e0 umidade.<\/li>\n\n\n\n<li><strong>Facilidade de limpeza:<\/strong> Superf\u00edcies pintadas com tinta antimofo podem ser limpas com um pano \u00famido, sem risco de danos.<\/li>\n\n\n\n<li><strong>Variedade de acabamentos:<\/strong> Dispon\u00edveis em op\u00e7\u00f5es foscas, semibrilhantes ou acetinadas, adaptam-se a diferentes estilos de decora\u00e7\u00e3o.<\/li>\n<\/ul>\n\n\n\n<h4 id='b-impermeabilizantes'  class=\"wp-block-heading\"><strong>B. Impermeabilizantes<\/strong><\/h4>\n\n\n\n<ul class=\"wp-block-list\">\n<li><strong>Membrana l\u00edquida:<\/strong> Aplicada em paredes e pisos, forma uma camada protetora que impede a penetra\u00e7\u00e3o de \u00e1gua.<\/li>\n\n\n\n<li><strong>Argamassa polim\u00e9rica:<\/strong> Ideal para \u00e1reas externas e locais sujeitos \u00e0 infiltra\u00e7\u00e3o constante, como banheiros e cozinhas.<\/li>\n\n\n\n<li><strong>Rejuntes imperme\u00e1veis:<\/strong> Evitam infiltra\u00e7\u00f5es nas juntas de azulejos e porcelanatos.<\/li>\n<\/ul>\n\n\n\n<p><strong>Dica:<\/strong> Aplique impermeabilizantes em pontos estrat\u00e9gicos, como rodap\u00e9s, cantos de paredes e \u00e1reas pr\u00f3ximas a encanamentos, prevenindo futuros problemas com umidade.<\/p>\n\n\n\n<hr class=\"wp-block-separator has-alpha-channel-opacity\"\/>\n\n\n\n<figure class=\"wp-block-image size-large\"><img data-recalc-dims=\"1\" fetchpriority=\"high\" decoding=\"async\" width=\"1024\" height=\"585\" src=\"https:\/\/i0.wp.com\/1truenote.com\/wp-content\/uploads\/2025\/02\/DALL%C2%B7E-2025-02-25-15.12.16-Um-ambiente-compacto-e-funcional-com-moveis-embutidos-e-estante-divisoria-aberta-separando-a-area-de-trabalho-do-espaco-de-descanso.-O-ambiente-inclu.webp?resize=1024%2C585&#038;ssl=1\" alt=\"\" class=\"wp-image-560\" srcset=\"https:\/\/i0.wp.com\/1truenote.com\/wp-content\/uploads\/2025\/02\/DALL%C2%B7E-2025-02-25-15.12.16-Um-ambiente-compacto-e-funcional-com-moveis-embutidos-e-estante-divisoria-aberta-separando-a-area-de-trabalho-do-espaco-de-descanso.-O-ambiente-inclu.webp?resize=1024%2C585&amp;ssl=1 1024w, https:\/\/i0.wp.com\/1truenote.com\/wp-content\/uploads\/2025\/02\/DALL%C2%B7E-2025-02-25-15.12.16-Um-ambiente-compacto-e-funcional-com-moveis-embutidos-e-estante-divisoria-aberta-separando-a-area-de-trabalho-do-espaco-de-descanso.-O-ambiente-inclu.webp?resize=300%2C171&amp;ssl=1 300w, https:\/\/i0.wp.com\/1truenote.com\/wp-content\/uploads\/2025\/02\/DALL%C2%B7E-2025-02-25-15.12.16-Um-ambiente-compacto-e-funcional-com-moveis-embutidos-e-estante-divisoria-aberta-separando-a-area-de-trabalho-do-espaco-de-descanso.-O-ambiente-inclu.webp?resize=768%2C439&amp;ssl=1 768w, https:\/\/i0.wp.com\/1truenote.com\/wp-content\/uploads\/2025\/02\/DALL%C2%B7E-2025-02-25-15.12.16-Um-ambiente-compacto-e-funcional-com-moveis-embutidos-e-estante-divisoria-aberta-separando-a-area-de-trabalho-do-espaco-de-descanso.-O-ambiente-inclu.webp?resize=1536%2C878&amp;ssl=1 1536w, https:\/\/i0.wp.com\/1truenote.com\/wp-content\/uploads\/2025\/02\/DALL%C2%B7E-2025-02-25-15.12.16-Um-ambiente-compacto-e-funcional-com-moveis-embutidos-e-estante-divisoria-aberta-separando-a-area-de-trabalho-do-espaco-de-descanso.-O-ambiente-inclu.webp?w=1792&amp;ssl=1 1792w\" sizes=\"(max-width: 1024px) 100vw, 1024px\" \/><\/figure>\n\n\n\n<h2 id='solu\u00e7\u00f5es-de-armazenamento-inteligente-como-maximizar-espa\u00e7os-compactos-com-estilo-e-efici\u00eancia'  class=\"wp-block-heading\"><strong>Solu\u00e7\u00f5es de Armazenamento Inteligente: Como Maximizar Espa\u00e7os Compactos com Estilo e Efici\u00eancia<\/strong><\/h2>\n\n\n\n<p>Em <strong>espa\u00e7os compactos<\/strong>, otimizar cada metro quadrado dispon\u00edvel n\u00e3o \u00e9 apenas uma quest\u00e3o de organiza\u00e7\u00e3o, mas uma verdadeira necessidade. O segredo para manter o ambiente funcional e confort\u00e1vel sem comprometer a est\u00e9tica est\u00e1 na ado\u00e7\u00e3o de <strong>solu\u00e7\u00f5es de armazenamento inteligente<\/strong>. Quando o espa\u00e7o \u00e9 limitado, cada cent\u00edmetro precisa ser aproveitado com criatividade, praticidade e estilo.<\/p>\n\n\n\n<p>Neste guia, voc\u00ea encontrar\u00e1 estrat\u00e9gias inovadoras para otimizar espa\u00e7os pequenos, incluindo o uso de <strong>m\u00f3veis embutidos e multifuncionais<\/strong>, o aproveitamento de <strong>paredes e cantos subutilizados<\/strong>, a ado\u00e7\u00e3o de <strong>organizadores ocultos<\/strong> e a explora\u00e7\u00e3o de <strong>armazenamento vertical<\/strong>. Descubra como transformar a limita\u00e7\u00e3o de espa\u00e7o em oportunidades de organiza\u00e7\u00e3o e funcionalidade.<\/p>\n\n\n\n<hr class=\"wp-block-separator has-alpha-channel-opacity\"\/>\n\n\n\n<h2 id='1-m\u00f3veis-embutidos-e-multifuncionais-como-economizar-espa\u00e7o-sem-perder-estilo'  class=\"wp-block-heading\"><strong>1. M\u00f3veis embutidos e multifuncionais: Como economizar espa\u00e7o sem perder estilo<\/strong><\/h2>\n\n\n\n<p>Os <strong>m\u00f3veis embutidos<\/strong> e <strong>multifuncionais<\/strong> s\u00e3o verdadeiros aliados na cria\u00e7\u00e3o de espa\u00e7os compactos eficientes. Eles oferecem solu\u00e7\u00f5es personalizadas que aproveitam cada canto do ambiente, sem abrir m\u00e3o do conforto e da est\u00e9tica.<\/p>\n\n\n\n<h3 id='vantagens-dos-m\u00f3veis-embutidos-e-multifuncionais'  class=\"wp-block-heading\"><strong>Vantagens dos m\u00f3veis embutidos e multifuncionais:<\/strong><\/h3>\n\n\n\n<ul class=\"wp-block-list\">\n<li><strong>Economia de espa\u00e7o:<\/strong> Aproveitam cantos e superf\u00edcies pouco utilizados, liberando \u00e1reas de circula\u00e7\u00e3o.<\/li>\n\n\n\n<li><strong>Versatilidade:<\/strong> Podem ser adaptados para diferentes fun\u00e7\u00f5es, como mesas retr\u00e1teis ou sof\u00e1s com compartimentos internos.<\/li>\n\n\n\n<li><strong>Estilo personalizado:<\/strong> M\u00f3veis sob medida garantem que o ambiente mantenha um design harmonioso e elegante.<\/li>\n<\/ul>\n\n\n\n<h3 id='ideias-de-m\u00f3veis-multifuncionais'  class=\"wp-block-heading\"><strong>Ideias de m\u00f3veis multifuncionais:<\/strong><\/h3>\n\n\n\n<ul class=\"wp-block-list\">\n<li><strong>Camas com gavetas:<\/strong> Ideais para armazenar roupas de cama, sapatos ou objetos pessoais, liberando espa\u00e7o nos arm\u00e1rios.<\/li>\n\n\n\n<li><strong>Sof\u00e1s-camas ou futons:<\/strong> Transformam a sala em um quarto de h\u00f3spedes sem comprometer o conforto.<\/li>\n\n\n\n<li><strong>Mesas dobr\u00e1veis:<\/strong> Perfeitas para cozinhas compactas, podem ser recolhidas ap\u00f3s o uso.<\/li>\n\n\n\n<li><strong>Bancos com armazenamento interno:<\/strong> Uma \u00f3tima solu\u00e7\u00e3o para a sala de estar ou varanda, unindo assento e organiza\u00e7\u00e3o em um \u00fanico m\u00f3vel.<\/li>\n<\/ul>\n\n\n\n<p><strong>Dica extra:<\/strong> Opte por m\u00f3veis com design minimalista e cores neutras para criar a sensa\u00e7\u00e3o de amplitude e deixar o ambiente mais arejado.<\/p>\n\n\n\n<hr class=\"wp-block-separator has-alpha-channel-opacity\"\/>\n\n\n\n<h2 id='2-prateleiras-e-nichos-aproveitamento-de-paredes-e-cantos-subutilizados'  class=\"wp-block-heading\"><strong>2. Prateleiras e nichos: Aproveitamento de paredes e cantos subutilizados<\/strong><\/h2>\n\n\n\n<p>Aproveitar as paredes de forma inteligente \u00e9 uma estrat\u00e9gia eficiente para liberar espa\u00e7o no ch\u00e3o e organizar objetos de maneira pr\u00e1tica e est\u00e9tica. <strong>Prateleiras<\/strong> e <strong>nichos<\/strong> s\u00e3o solu\u00e7\u00f5es vers\u00e1teis que ajudam a manter o ambiente organizado sem comprometer a sensa\u00e7\u00e3o de amplitude.<\/p>\n\n\n\n<h3 id='como-usar-prateleiras-e-nichos-de-maneira-funcional'  class=\"wp-block-heading\"><strong>Como usar prateleiras e nichos de maneira funcional:<\/strong><\/h3>\n\n\n\n<ul class=\"wp-block-list\">\n<li><strong>Prateleiras flutuantes:<\/strong> Ocupam pouco espa\u00e7o visual e s\u00e3o ideais para exibir objetos decorativos, livros ou plantas.<\/li>\n\n\n\n<li><strong>Nichos embutidos:<\/strong> Instalados diretamente nas paredes, oferecem um design moderno e discreto.<\/li>\n\n\n\n<li><strong>Cantos reaproveitados:<\/strong> Instale prateleiras em cantos vazios, como acima de portas, para armazenar livros ou pequenos itens.<\/li>\n\n\n\n<li><strong>Prateleiras m\u00f3veis:<\/strong> Estruturas ajust\u00e1veis permitem reorganizar o espa\u00e7o de acordo com a necessidade.<\/li>\n<\/ul>\n\n\n\n<h3 id='vantagens-das-prateleiras-e-nichos'  class=\"wp-block-heading\"><strong>Vantagens das prateleiras e nichos:<\/strong><\/h3>\n\n\n\n<ul class=\"wp-block-list\">\n<li>Criam novas \u00e1reas de armazenamento sem ocupar espa\u00e7o de circula\u00e7\u00e3o.<\/li>\n\n\n\n<li>Podem ser usadas para fins decorativos, adicionando personalidade ao ambiente.<\/li>\n\n\n\n<li>S\u00e3o f\u00e1ceis de instalar e personalizar, adaptando-se a diferentes estilos de decora\u00e7\u00e3o.<\/li>\n<\/ul>\n\n\n\n<p><strong>Dica pr\u00e1tica:<\/strong> Utilize prateleiras de vidro ou materiais transl\u00facidos para manter a leveza visual do ambiente e ampliar a sensa\u00e7\u00e3o de espa\u00e7o.<\/p>\n\n\n\n<hr class=\"wp-block-separator has-alpha-channel-opacity\"\/>\n\n\n\n<h2 id='3-organizadores-ocultos-compartimentos-secretos-e-gavetas-internas'  class=\"wp-block-heading\"><strong>3. Organizadores ocultos: Compartimentos secretos e gavetas internas<\/strong><\/h2>\n\n\n\n<p><strong>Organizadores ocultos<\/strong> s\u00e3o perfeitos para quem deseja manter um ambiente organizado e livre de excessos visuais. Eles permitem esconder objetos de uso di\u00e1rio sem comprometer a est\u00e9tica do espa\u00e7o.<\/p>\n\n\n\n<h3 id='solu\u00e7\u00f5es-inteligentes-de-armazenamento-oculto'  class=\"wp-block-heading\"><strong>Solu\u00e7\u00f5es inteligentes de armazenamento oculto:<\/strong><\/h3>\n\n\n\n<ul class=\"wp-block-list\">\n<li><strong>Gavetas embutidas em escadas:<\/strong> Se o ambiente tiver escadas, os degraus podem ser transformados em compartimentos para guardar sapatos, livros ou roupas de cama.<\/li>\n\n\n\n<li><strong>Compartimentos secretos em camas e sof\u00e1s:<\/strong> Alguns modelos oferecem espa\u00e7os internos para armazenar roupas de cama, travesseiros ou documentos.<\/li>\n\n\n\n<li><strong>Paredes falsas com compartimentos ocultos:<\/strong> Uma op\u00e7\u00e3o inovadora para armazenar objetos de valor ou documentos importantes.<\/li>\n\n\n\n<li><strong>Gavetas embutidas em rodap\u00e9s:<\/strong> Aproveite o espa\u00e7o pr\u00f3ximo ao ch\u00e3o com gavetas discretas que n\u00e3o interferem na circula\u00e7\u00e3o.<\/li>\n<\/ul>\n\n\n\n<h3 id='vantagens-dos-organizadores-ocultos'  class=\"wp-block-heading\"><strong>Vantagens dos organizadores ocultos:<\/strong><\/h3>\n\n\n\n<ul class=\"wp-block-list\">\n<li>Mant\u00eam o ambiente visualmente limpo e organizado.<\/li>\n\n\n\n<li>S\u00e3o ideais para armazenar objetos pouco utilizados, liberando espa\u00e7o em arm\u00e1rios e prateleiras.<\/li>\n\n\n\n<li>Contribuem para a seguran\u00e7a, escondendo itens valiosos de forma discreta.<\/li>\n<\/ul>\n\n\n\n<p><strong>Dica extra:<\/strong> Combine m\u00f3veis multifuncionais com organizadores ocultos para maximizar o uso do espa\u00e7o de forma eficiente e discreta.<\/p>\n\n\n\n<hr class=\"wp-block-separator has-alpha-channel-opacity\"\/>\n\n\n\n<h2 id='4-espa\u00e7os-de-armazenamento-vertical-como-explorar-a-altura-de-forma-eficiente'  class=\"wp-block-heading\"><strong>4. Espa\u00e7os de armazenamento vertical: Como explorar a altura de forma eficiente<\/strong><\/h2>\n\n\n\n<p>O <strong>armazenamento vertical<\/strong> \u00e9 uma das solu\u00e7\u00f5es mais pr\u00e1ticas e eficientes para ambientes compactos. Aproveitar a altura das paredes permite liberar espa\u00e7o no ch\u00e3o e tornar o ambiente mais funcional sem comprometer a est\u00e9tica.<\/p>\n\n\n\n<h3 id='como-criar-um-armazenamento-vertical-eficiente'  class=\"wp-block-heading\"><strong>Como criar um armazenamento vertical eficiente:<\/strong><\/h3>\n\n\n\n<ul class=\"wp-block-list\">\n<li><strong>Estantes altas at\u00e9 o teto:<\/strong> Aproveitam \u00e1reas pouco usadas, ideais para armazenar objetos de uso eventual.<\/li>\n\n\n\n<li><strong>Ganchos e suportes de parede:<\/strong> Podem ser usados para pendurar utens\u00edlios de cozinha, ferramentas, bolsas ou roupas.<\/li>\n\n\n\n<li><strong>Var\u00f5es suspensos:<\/strong> Criam espa\u00e7o extra em cozinhas, lavanderias ou closets compactos.<\/li>\n\n\n\n<li><strong>Jardins verticais:<\/strong> Al\u00e9m de decorar, ajudam a melhorar a qualidade do ar em espa\u00e7os pequenos.<\/li>\n<\/ul>\n\n\n\n<h3 id='vantagens-do-armazenamento-vertical'  class=\"wp-block-heading\"><strong>Vantagens do armazenamento vertical:<\/strong><\/h3>\n\n\n\n<ul class=\"wp-block-list\">\n<li>Libera espa\u00e7o no ch\u00e3o, mantendo o ambiente organizado e funcional.<\/li>\n\n\n\n<li>Adiciona elementos decorativos sem ocupar \u00e1rea \u00fatil.<\/li>\n\n\n\n<li>Facilita o acesso a objetos do dia a dia em locais estrat\u00e9gicos.<\/li>\n<\/ul>\n\n\n\n<p><strong>Dica pr\u00e1tica:<\/strong> Use caixas organizadoras ou cestos nas prateleiras mais altas para manter a organiza\u00e7\u00e3o e facilitar o acesso a itens menos utilizados.<\/p>\n\n\n\n<hr class=\"wp-block-separator has-alpha-channel-opacity\"\/>\n\n\n\n<h2 id='tecnologia-e-automa\u00e7\u00e3o-em-espa\u00e7os-reduzidos-como-transformar-ambientes-compactos-em-espa\u00e7os-inteligentes'  class=\"wp-block-heading\"><strong>Tecnologia e Automa\u00e7\u00e3o em Espa\u00e7os Reduzidos: Como Transformar Ambientes Compactos em Espa\u00e7os Inteligentes<\/strong><\/h2>\n\n\n\n<p>Com a crescente tend\u00eancia de viver em <strong>espa\u00e7os compactos<\/strong>, surge tamb\u00e9m a necessidade de encontrar solu\u00e7\u00f5es que ofere\u00e7am <strong>funcionalidade<\/strong>, <strong>conforto<\/strong> e <strong>efici\u00eancia<\/strong> sem comprometer a est\u00e9tica ou a praticidade do ambiente. \u00c9 aqui que a <strong>tecnologia<\/strong> e a <strong>automa\u00e7\u00e3o residencial<\/strong> entram em cena, proporcionando um novo n\u00edvel de otimiza\u00e7\u00e3o e facilitando o dia a dia.<\/p>\n\n\n\n<p>Gra\u00e7as aos avan\u00e7os tecnol\u00f3gicos, hoje \u00e9 poss\u00edvel integrar sistemas inteligentes de ilumina\u00e7\u00e3o, controle de temperatura, automa\u00e7\u00e3o de energia e at\u00e9 entretenimento em pequenos ambientes sem ocupar espa\u00e7o extra. A seguir, veja como a automa\u00e7\u00e3o pode transformar o seu ambiente compacto em um espa\u00e7o moderno, pr\u00e1tico e altamente eficiente.<\/p>\n\n\n\n<hr class=\"wp-block-separator has-alpha-channel-opacity\"\/>\n\n\n\n<h2 id='1-dispositivos-inteligentes-para-controle-de-ilumina\u00e7\u00e3o-e-temperatura'  class=\"wp-block-heading\"><strong>1. Dispositivos inteligentes para controle de ilumina\u00e7\u00e3o e temperatura<\/strong><\/h2>\n\n\n\n<p>Controlar a <strong>ilumina\u00e7\u00e3o<\/strong> e a <strong>temperatura<\/strong> de um ambiente compacto de forma eficiente n\u00e3o apenas melhora o conforto, mas tamb\u00e9m otimiza o uso de energia e cria uma sensa\u00e7\u00e3o de amplitude no espa\u00e7o. Com a ajuda de dispositivos inteligentes, voc\u00ea pode personalizar o ambiente de acordo com suas necessidades, economizando recursos e automatizando tarefas rotineiras.<\/p>\n\n\n\n<h3 id='solu\u00e7\u00f5es-para-ilumina\u00e7\u00e3o-inteligente'  class=\"wp-block-heading\"><strong>Solu\u00e7\u00f5es para ilumina\u00e7\u00e3o inteligente:<\/strong><\/h3>\n\n\n\n<ul class=\"wp-block-list\">\n<li><strong>L\u00e2mpadas LED inteligentes:<\/strong> Permitem ajustar a intensidade da luz, a temperatura da cor (branco quente, neutro ou frio) e at\u00e9 programar hor\u00e1rios autom\u00e1ticos para acender ou apagar as luzes.<\/li>\n\n\n\n<li><strong>Sensores de presen\u00e7a:<\/strong> Acendem automaticamente as luzes em \u00e1reas de circula\u00e7\u00e3o (como corredores e banheiros), economizando energia em espa\u00e7os pouco utilizados.<\/li>\n\n\n\n<li><strong>Fitas de LED com controle remoto:<\/strong> Ideais para destacar prateleiras, m\u00f3veis ou tetos, proporcionando um toque moderno sem ocupar espa\u00e7o f\u00edsico.<\/li>\n\n\n\n<li><strong>Interruptores inteligentes:<\/strong> Controlam a ilumina\u00e7\u00e3o por meio de aplicativos no celular ou comandos de voz via assistentes virtuais (Google Assistant, Alexa ou Siri).<\/li>\n<\/ul>\n\n\n\n<h3 id='controle-inteligente-de-temperatura'  class=\"wp-block-heading\"><strong>Controle inteligente de temperatura:<\/strong><\/h3>\n\n\n\n<ul class=\"wp-block-list\">\n<li><strong>Termostatos inteligentes:<\/strong> Ajustam automaticamente a temperatura com base na programa\u00e7\u00e3o definida ou no comportamento do usu\u00e1rio, promovendo economia e conforto t\u00e9rmico.<\/li>\n\n\n\n<li><strong>Ar-condicionado smart:<\/strong> Com integra\u00e7\u00e3o por Wi-Fi, permite programar o aparelho remotamente, garantindo que o ambiente esteja na temperatura ideal quando voc\u00ea chegar em casa.<\/li>\n\n\n\n<li><strong>Ventiladores autom\u00e1ticos:<\/strong> Equipados com sensores que ajustam a velocidade conforme a necessidade, mantendo o ambiente fresco de forma eficiente.<\/li>\n<\/ul>\n\n\n\n<h3 id='benef\u00edcios-da-automa\u00e7\u00e3o-de-ilumina\u00e7\u00e3o-e-temperatura'  class=\"wp-block-heading\"><strong>Benef\u00edcios da automa\u00e7\u00e3o de ilumina\u00e7\u00e3o e temperatura:<\/strong><\/h3>\n\n\n\n<ul class=\"wp-block-list\">\n<li>Redu\u00e7\u00e3o no consumo de energia.<\/li>\n\n\n\n<li>Maior conforto t\u00e9rmico e visual.<\/li>\n\n\n\n<li>Possibilidade de criar cen\u00e1rios espec\u00edficos (modo leitura, cinema, relaxamento).<\/li>\n\n\n\n<li>Controle remoto por smartphone ou comando de voz.<\/li>\n<\/ul>\n\n\n\n<hr class=\"wp-block-separator has-alpha-channel-opacity\"\/>\n\n\n\n<h2 id='2-solu\u00e7\u00f5es-de-automa\u00e7\u00e3o-para-economia-de-energia-e-otimiza\u00e7\u00e3o-do-ambiente'  class=\"wp-block-heading\"><strong>2. Solu\u00e7\u00f5es de automa\u00e7\u00e3o para economia de energia e otimiza\u00e7\u00e3o do ambiente<\/strong><\/h2>\n\n\n\n<p>Em <strong>espa\u00e7os compactos<\/strong>, o consumo consciente de energia \u00e9 uma prioridade, tanto para preservar os recursos naturais quanto para reduzir os custos mensais. A automa\u00e7\u00e3o oferece solu\u00e7\u00f5es que otimizam o uso de energia el\u00e9trica, garantindo efici\u00eancia sem comprometer o conforto.<\/p>\n\n\n\n<h3 id='como-a-automa\u00e7\u00e3o-ajuda-a-economizar-energia'  class=\"wp-block-heading\"><strong>Como a automa\u00e7\u00e3o ajuda a economizar energia:<\/strong><\/h3>\n\n\n\n<ul class=\"wp-block-list\">\n<li><strong>Tomadas inteligentes:<\/strong> Desligam automaticamente aparelhos que n\u00e3o est\u00e3o em uso, como carregadores, TVs ou sistemas de \u00e1udio, prevenindo o consumo desnecess\u00e1rio de energia em standby.<\/li>\n\n\n\n<li><strong>Cortinas automatizadas:<\/strong> Controladas por sensores de luz ou por programa\u00e7\u00e3o, ajudam a manter o ambiente mais fresco ao bloquear a luz solar excessiva, reduzindo a necessidade de ar-condicionado.<\/li>\n\n\n\n<li><strong>Pain\u00e9is solares integrados:<\/strong> Em alguns casos, sistemas de automa\u00e7\u00e3o podem ser integrados a solu\u00e7\u00f5es de energia solar para um consumo mais sustent\u00e1vel.<\/li>\n\n\n\n<li><strong>Monitoramento de consumo em tempo real:<\/strong> Aplicativos que mostram o uso de energia por aparelho, permitindo ajustes imediatos para otimizar o consumo.<\/li>\n<\/ul>\n\n\n\n<h3 id='solu\u00e7\u00f5es-inteligentes-de-otimiza\u00e7\u00e3o-de-espa\u00e7o'  class=\"wp-block-heading\"><strong>Solu\u00e7\u00f5es inteligentes de otimiza\u00e7\u00e3o de espa\u00e7o:<\/strong><\/h3>\n\n\n\n<ul class=\"wp-block-list\">\n<li><strong>M\u00f3veis automatizados:<\/strong> Camas, mesas e estantes que se recolhem automaticamente ou se ajustam conforme o uso do espa\u00e7o.<\/li>\n\n\n\n<li><strong>Cozinhas inteligentes:<\/strong> Fornos, geladeiras e micro-ondas que otimizam o consumo de energia e informam a necessidade de manuten\u00e7\u00e3o preventiva.<\/li>\n\n\n\n<li><strong>Sistema de limpeza autom\u00e1tica:<\/strong> Rob\u00f4s aspiradores de p\u00f3 ou limpadores de ch\u00e3o mant\u00eam o espa\u00e7o limpo sem a necessidade de interven\u00e7\u00e3o manual, ideal para ambientes pequenos e com tempo limitado.<\/li>\n<\/ul>\n\n\n\n<p><strong>Dica extra:<\/strong> Use sensores de luz e movimento em locais estrat\u00e9gicos, como lavanderias e despensas, para garantir que as luzes sejam ativadas apenas quando necess\u00e1rio.<\/p>\n\n\n\n<hr class=\"wp-block-separator has-alpha-channel-opacity\"\/>\n\n\n\n<h2 id='3-integra\u00e7\u00e3o-de-sistemas-audiovisuais-sem-comprometer-o-espa\u00e7o'  class=\"wp-block-heading\"><strong>3. Integra\u00e7\u00e3o de sistemas audiovisuais sem comprometer o espa\u00e7o<\/strong><\/h2>\n\n\n\n<p>Quem disse que um espa\u00e7o compacto n\u00e3o pode ter um sistema de entretenimento completo? Com a automa\u00e7\u00e3o e o avan\u00e7o das tecnologias sem fio, \u00e9 poss\u00edvel integrar <strong>sistemas audiovisuais<\/strong> de maneira eficiente e discreta, sem ocupar espa\u00e7o valioso.<\/p>\n\n\n\n<h3 id='como-integrar-tecnologia-audiovisual-em-ambientes-compactos'  class=\"wp-block-heading\"><strong>Como integrar tecnologia audiovisual em ambientes compactos:<\/strong><\/h3>\n\n\n\n<ul class=\"wp-block-list\">\n<li><strong>TVs e projetores retr\u00e1teis:<\/strong> Telas que se recolhem automaticamente ou projetores port\u00e1teis podem ser instalados em tetos ou dentro de m\u00f3veis, liberando espa\u00e7o quando n\u00e3o est\u00e3o em uso.<\/li>\n\n\n\n<li><strong>Caixas de som embutidas:<\/strong> Sistemas de som integrados nas paredes ou no teto evitam o ac\u00famulo de dispositivos e mant\u00eam o ambiente limpo visualmente.<\/li>\n\n\n\n<li><strong>Comandos por voz:<\/strong> Integra\u00e7\u00e3o com assistentes virtuais para controlar o volume, trocar de canal ou ativar fun\u00e7\u00f5es sem precisar de controles f\u00edsicos.<\/li>\n\n\n\n<li><strong>Espelhos inteligentes:<\/strong> Equipados com alto-falantes e integra\u00e7\u00e3o com smartphones, esses dispositivos unem funcionalidade e entretenimento sem ocupar espa\u00e7o adicional.<\/li>\n<\/ul>\n\n\n\n<h3 id='dicas-para-uma-integra\u00e7\u00e3o-audiovisual-eficiente'  class=\"wp-block-heading\"><strong>Dicas para uma integra\u00e7\u00e3o audiovisual eficiente:<\/strong><\/h3>\n\n\n\n<ul class=\"wp-block-list\">\n<li>Prefira <strong>dispositivos sem fio<\/strong> para reduzir a necessidade de cabos vis\u00edveis.<\/li>\n\n\n\n<li>Invista em <strong>suportes articul\u00e1veis<\/strong> para televisores, permitindo ajustar a posi\u00e7\u00e3o da tela conforme necess\u00e1rio.<\/li>\n\n\n\n<li>Use <strong>m\u00f3veis planejados<\/strong> com compartimentos internos para esconder equipamentos como receptores e consoles de videogame.<\/li>\n<\/ul>\n\n\n\n<h3 id='benef\u00edcios-de-integrar-tecnologia-audiovisual-em-espa\u00e7os-pequenos'  class=\"wp-block-heading\"><strong>Benef\u00edcios de integrar tecnologia audiovisual em espa\u00e7os pequenos:<\/strong><\/h3>\n\n\n\n<ul class=\"wp-block-list\">\n<li>Otimiza\u00e7\u00e3o do espa\u00e7o f\u00edsico dispon\u00edvel.<\/li>\n\n\n\n<li>Experi\u00eancia de entretenimento completa, mesmo em ambientes compactos.<\/li>\n\n\n\n<li>Redu\u00e7\u00e3o de fios e dispositivos vis\u00edveis, mantendo o ambiente organizado.<\/li>\n<\/ul>\n\n\n\n<hr class=\"wp-block-separator has-alpha-channel-opacity\"\/>\n\n\n\n<h2 id='vantagens-do-planejamento-inteligente-em-espa\u00e7os-compactos-como-transformar-limita\u00e7\u00f5es-em-funcionalidade-e-conforto'  class=\"wp-block-heading\"><strong>Vantagens do Planejamento Inteligente em Espa\u00e7os Compactos: Como Transformar Limita\u00e7\u00f5es em Funcionalidade e Conforto<\/strong><\/h2>\n\n\n\n<p>Viver em <strong>espa\u00e7os compactos<\/strong> \u00e9 uma tend\u00eancia que cresce cada vez mais, seja por conta da praticidade, da sustentabilidade ou da necessidade de adapta\u00e7\u00e3o \u00e0s realidades urbanas. No entanto, morar em um ambiente menor n\u00e3o precisa ser sin\u00f4nimo de abrir m\u00e3o do conforto ou da funcionalidade. Com um <strong>planejamento inteligente<\/strong>, \u00e9 poss\u00edvel transformar cada metro quadrado em uma oportunidade de otimiza\u00e7\u00e3o e bem-estar.<\/p>\n\n\n\n<p>Neste artigo, voc\u00ea vai descobrir as principais <strong>vantagens do planejamento estrat\u00e9gico em espa\u00e7os compactos<\/strong>, que v\u00e3o desde o aumento da funcionalidade at\u00e9 a redu\u00e7\u00e3o de custos e a flexibilidade de uso, criando um ambiente pr\u00e1tico, moderno e, acima de tudo, adapt\u00e1vel \u00e0s suas necessidades.<\/p>\n\n\n\n<hr class=\"wp-block-separator has-alpha-channel-opacity\"\/>\n\n\n\n<h2 id='1-aumento-da-funcionalidade-e-praticidade-no-dia-a-dia'  class=\"wp-block-heading\"><strong>1. Aumento da funcionalidade e praticidade no dia a dia<\/strong><\/h2>\n\n\n\n<p>A maior vantagem de um projeto bem planejado em espa\u00e7os pequenos \u00e9 a <strong>funcionalidade<\/strong>. Quando cada detalhe do ambiente \u00e9 pensado de forma estrat\u00e9gica, tudo flui melhor no dia a dia \u2014 e o espa\u00e7o come\u00e7a a trabalhar a seu favor.<\/p>\n\n\n\n<h3 id='como-o-planejamento-inteligente-aumenta-a-funcionalidade'  class=\"wp-block-heading\"><strong>Como o planejamento inteligente aumenta a funcionalidade:<\/strong><\/h3>\n\n\n\n<ul class=\"wp-block-list\">\n<li><strong>M\u00f3veis multifuncionais:<\/strong> Itens como camas com gavetas, mesas retr\u00e1teis e estantes que tamb\u00e9m funcionam como divis\u00f3rias tornam o ambiente mais vers\u00e1til.<\/li>\n\n\n\n<li><strong>Aproveitamento de \u00e1reas &#8220;invis\u00edveis&#8221;:<\/strong> Cantos, paredes e espa\u00e7os verticais passam a ser utilizados de forma eficiente, ampliando as op\u00e7\u00f5es de armazenamento e organiza\u00e7\u00e3o.<\/li>\n\n\n\n<li><strong>Organiza\u00e7\u00e3o facilitada:<\/strong> Um layout bem estruturado elimina a sensa\u00e7\u00e3o de desordem, tornando o ambiente mais f\u00e1cil de manter arrumado.<\/li>\n\n\n\n<li><strong>Fluxo de circula\u00e7\u00e3o otimizado:<\/strong> Com a disposi\u00e7\u00e3o certa dos m\u00f3veis e objetos, a movimenta\u00e7\u00e3o pelo espa\u00e7o se torna mais fluida e confort\u00e1vel.<\/li>\n<\/ul>\n\n\n\n<p><strong>Exemplo pr\u00e1tico:<\/strong> Uma cozinha compacta pode se transformar em um ambiente extremamente funcional com arm\u00e1rios suspensos, bancadas dobr\u00e1veis e prateleiras verticais \u2014 tudo isso sem comprometer a circula\u00e7\u00e3o ou a est\u00e9tica.<\/p>\n\n\n\n<hr class=\"wp-block-separator has-alpha-channel-opacity\"\/>\n\n\n\n<h2 id='2-redu\u00e7\u00e3o-de-custos-com-manuten\u00e7\u00e3o-e-energia'  class=\"wp-block-heading\"><strong>2. Redu\u00e7\u00e3o de custos com manuten\u00e7\u00e3o e energia<\/strong><\/h2>\n\n\n\n<p>Um ambiente pequeno, quando planejado de forma eficiente, n\u00e3o s\u00f3 \u00e9 mais f\u00e1cil de manter, mas tamb\u00e9m ajuda a <strong>reduzir custos<\/strong> em v\u00e1rias frentes. A disposi\u00e7\u00e3o adequada dos m\u00f3veis, o uso inteligente dos materiais e a implementa\u00e7\u00e3o de tecnologias sustent\u00e1veis contribuem para uma gest\u00e3o mais econ\u00f4mica do espa\u00e7o.<\/p>\n\n\n\n<h3 id='como-o-planejamento-inteligente-reduz-custos'  class=\"wp-block-heading\"><strong>Como o planejamento inteligente reduz custos:<\/strong><\/h3>\n\n\n\n<ul class=\"wp-block-list\">\n<li><strong>Menor consumo de energia:<\/strong> A ilumina\u00e7\u00e3o natural pode ser aproveitada ao m\u00e1ximo, e o uso de l\u00e2mpadas LED, sensores de presen\u00e7a e termostatos inteligentes reduz o gasto energ\u00e9tico.<\/li>\n\n\n\n<li><strong>Materiais dur\u00e1veis:<\/strong> A escolha de materiais de alta resist\u00eancia reduz a necessidade de manuten\u00e7\u00e3o frequente, como pintura e consertos de m\u00f3veis.<\/li>\n\n\n\n<li><strong>Menos equipamentos desnecess\u00e1rios:<\/strong> Um espa\u00e7o bem planejado elimina a necessidade de comprar m\u00f3veis e eletrodom\u00e9sticos extras, otimizando o or\u00e7amento.<\/li>\n\n\n\n<li><strong>F\u00e1cil manuten\u00e7\u00e3o:<\/strong> Ambientes compactos s\u00e3o mais f\u00e1ceis de limpar e organizar, reduzindo o tempo e os custos de manuten\u00e7\u00e3o di\u00e1ria.<\/li>\n<\/ul>\n\n\n\n<p><strong>Dica:<\/strong> Investir em tecnologia de automa\u00e7\u00e3o, como temporizadores para luzes e sensores de desligamento autom\u00e1tico em eletrodom\u00e9sticos, ajuda a reduzir a conta de energia a longo prazo.<\/p>\n\n\n\n<hr class=\"wp-block-separator has-alpha-channel-opacity\"\/>\n\n\n\n<h2 id='3-maior-aproveitamento-da-\u00e1rea-dispon\u00edvel-sem-comprometer-o-conforto'  class=\"wp-block-heading\"><strong>3. Maior aproveitamento da \u00e1rea dispon\u00edvel sem comprometer o conforto<\/strong><\/h2>\n\n\n\n<p>Um espa\u00e7o compacto n\u00e3o precisa parecer apertado ou desconfort\u00e1vel. O <strong>planejamento inteligente<\/strong> permite <strong>maximizar a \u00e1rea dispon\u00edvel<\/strong> sem comprometer o conforto, criando um ambiente que oferece praticidade e bem-estar em igual medida.<\/p>\n\n\n\n<h3 id='como-otimizar-o-aproveitamento-do-espa\u00e7o-sem-perder-o-conforto'  class=\"wp-block-heading\"><strong>Como otimizar o aproveitamento do espa\u00e7o sem perder o conforto:<\/strong><\/h3>\n\n\n\n<ul class=\"wp-block-list\">\n<li><strong>Integra\u00e7\u00e3o de ambientes:<\/strong> Remover divis\u00f3rias f\u00edsicas e integrar ambientes, como sala e cozinha, amplia a sensa\u00e7\u00e3o de espa\u00e7o.<\/li>\n\n\n\n<li><strong>Uso de m\u00f3veis sob medida:<\/strong> Adapta o ambiente \u00e0s suas necessidades espec\u00edficas, evitando desperd\u00edcio de espa\u00e7o.<\/li>\n\n\n\n<li><strong>Ilumina\u00e7\u00e3o estrat\u00e9gica:<\/strong> A combina\u00e7\u00e3o de ilumina\u00e7\u00e3o natural e artificial ajuda a criar a sensa\u00e7\u00e3o de amplitude.<\/li>\n\n\n\n<li><strong>Espelhos e superf\u00edcies reflexivas:<\/strong> Ampliam visualmente o ambiente e aumentam a profundidade dos espa\u00e7os.<\/li>\n<\/ul>\n\n\n\n<p><strong>Exemplo pr\u00e1tico:<\/strong> Em um est\u00fadio, \u00e9 poss\u00edvel separar a \u00e1rea de descanso da sala de estar com uma estante vazada, que oferece armazenamento adicional sem bloquear a luz ou a circula\u00e7\u00e3o do ar.<\/p>\n\n\n\n<hr class=\"wp-block-separator has-alpha-channel-opacity\"\/>\n\n\n\n<h2 id='4-flexibilidade-de-uso-para-diferentes-necessidades-e-estilos-de-vida'  class=\"wp-block-heading\"><strong>4. Flexibilidade de uso para diferentes necessidades e estilos de vida<\/strong><\/h2>\n\n\n\n<p>Uma das principais vantagens de um projeto bem planejado \u00e9 a sua <strong>flexibilidade<\/strong>. Em espa\u00e7os compactos, cada elemento pode ser adaptado para atender a diferentes fun\u00e7\u00f5es ao longo do tempo, acompanhando as mudan\u00e7as nas suas necessidades e estilo de vida.<\/p>\n\n\n\n<h3 id='como-o-planejamento-oferece-flexibilidade'  class=\"wp-block-heading\"><strong>Como o planejamento oferece flexibilidade:<\/strong><\/h3>\n\n\n\n<ul class=\"wp-block-list\">\n<li><strong>M\u00f3veis modulares:<\/strong> Permitem rearranjos f\u00e1ceis de acordo com a ocasi\u00e3o, seja para receber visitas ou criar um ambiente de trabalho tempor\u00e1rio.<\/li>\n\n\n\n<li><strong>Ambientes multifuncionais:<\/strong> Um mesmo espa\u00e7o pode ser usado para diferentes finalidades, como um sof\u00e1-cama que transforma a sala em um quarto de h\u00f3spedes.<\/li>\n\n\n\n<li><strong>Espa\u00e7os adapt\u00e1veis:<\/strong> Mesas dobr\u00e1veis ou camas retr\u00e1teis permitem que o ambiente se ajuste \u00e0s suas necessidades di\u00e1rias.<\/li>\n\n\n\n<li><strong>Tecnologia integrada:<\/strong> Dispositivos inteligentes podem ser programados para ajustar ilumina\u00e7\u00e3o, temperatura e entretenimento de acordo com o uso do espa\u00e7o.<\/li>\n<\/ul>\n\n\n\n<p><strong>Dica:<\/strong> Pense em solu\u00e7\u00f5es que possam ser facilmente modificadas, como prateleiras m\u00f3veis, divis\u00f3rias ajust\u00e1veis e objetos decorativos intercambi\u00e1veis.<\/p>\n\n\n\n<hr class=\"wp-block-separator has-alpha-channel-opacity\"\/>\n\n\n\n<h2 id='como-transformar-espa\u00e7os-pequenos-em-ambientes-eficientes-e-confort\u00e1veis'  class=\"wp-block-heading\"><strong>Como Transformar Espa\u00e7os Pequenos em Ambientes Eficientes e Confort\u00e1veis<\/strong><\/h2>\n\n\n\n<p>Projetar <strong>espa\u00e7os compactos<\/strong> pode parecer um desafio, mas a verdade \u00e9 que, com as estrat\u00e9gias certas, eles t\u00eam o potencial de se tornar ambientes funcionais, organizados e extremamente confort\u00e1veis. A limita\u00e7\u00e3o de metragem n\u00e3o precisa ser sin\u00f4nimo de desconforto ou falta de estilo \u2014 na verdade, \u00e9 uma oportunidade de adotar um estilo de vida mais pr\u00e1tico e consciente, aproveitando cada cent\u00edmetro de forma criativa.<\/p>\n\n\n\n<p>Neste fechamento, vamos refletir sobre a import\u00e2ncia de um planejamento bem estruturado, os benef\u00edcios reais de um ambiente otimizado e o impacto positivo de solu\u00e7\u00f5es inteligentes no dia a dia.<\/p>\n\n\n\n<hr class=\"wp-block-separator has-alpha-channel-opacity\"\/>\n\n\n\n<h2 id='a-import\u00e2ncia-de-um-projeto-bem-estruturado-desde-o-in\u00edcio'  class=\"wp-block-heading\"><strong>A import\u00e2ncia de um projeto bem estruturado desde o in\u00edcio<\/strong><\/h2>\n\n\n\n<p>O ponto de partida para transformar um espa\u00e7o pequeno em um ambiente pr\u00e1tico e eficiente \u00e9 um <strong>projeto bem estruturado<\/strong>. Cada decis\u00e3o, desde a escolha dos m\u00f3veis at\u00e9 o posicionamento de prateleiras e a sele\u00e7\u00e3o dos materiais, deve ser pensada para maximizar a funcionalidade sem comprometer a est\u00e9tica.<\/p>\n\n\n\n<h3 id='por-que-come\u00e7ar-com-um-bom-planejamento'  class=\"wp-block-heading\"><strong>Por que come\u00e7ar com um bom planejamento?<\/strong><\/h3>\n\n\n\n<ul class=\"wp-block-list\">\n<li><strong>Evita retrabalho:<\/strong> Um projeto bem-feito desde o in\u00edcio minimiza a necessidade de reformas ou ajustes futuros.<\/li>\n\n\n\n<li><strong>Aproveita melhor cada espa\u00e7o:<\/strong> Cada \u00e1rea, por menor que seja, tem potencial de se tornar \u00fatil, seja para armazenamento, funcionalidade ou decora\u00e7\u00e3o.<\/li>\n\n\n\n<li><strong>Reduz custos:<\/strong> Um plano claro permite investir no que realmente importa, evitando compras desnecess\u00e1rias ou mal planejadas.<\/li>\n\n\n\n<li><strong>Facilita a organiza\u00e7\u00e3o:<\/strong> Um espa\u00e7o bem estruturado \u00e9 naturalmente mais organizado e f\u00e1cil de manter limpo.<\/li>\n<\/ul>\n\n\n\n<p><strong>Dica pr\u00e1tica:<\/strong> Antes de come\u00e7ar qualquer projeto, fa\u00e7a uma an\u00e1lise detalhada do espa\u00e7o dispon\u00edvel e defina claramente as suas prioridades \u2014 o que \u00e9 essencial, o que pode ser adaptado e o que deve ser deixado de lado.<\/p>\n\n\n\n<hr class=\"wp-block-separator has-alpha-channel-opacity\"\/>\n\n\n\n<h2 id='como-o-planejamento-inteligente-melhora-a-qualidade-de-vida'  class=\"wp-block-heading\"><strong>Como o planejamento inteligente melhora a qualidade de vida<\/strong><\/h2>\n\n\n\n<p>A efici\u00eancia em um ambiente compacto n\u00e3o \u00e9 apenas uma quest\u00e3o de espa\u00e7o \u2014 \u00e9 tamb\u00e9m uma maneira de melhorar a <strong>qualidade de vida<\/strong>. Um local bem planejado oferece mais conforto, organiza\u00e7\u00e3o e praticidade, fatores que influenciam diretamente na sua rotina.<\/p>\n\n\n\n<h3 id='benef\u00edcios-de-um-espa\u00e7o-bem-planejado'  class=\"wp-block-heading\"><strong>Benef\u00edcios de um espa\u00e7o bem planejado:<\/strong><\/h3>\n\n\n\n<ul class=\"wp-block-list\">\n<li><strong>Menos estresse di\u00e1rio:<\/strong> Um ambiente organizado facilita as tarefas do dia a dia e reduz o tempo gasto procurando objetos ou reorganizando o espa\u00e7o.<\/li>\n\n\n\n<li><strong>Maior sensa\u00e7\u00e3o de conforto:<\/strong> Ambientes otimizados s\u00e3o mais aconchegantes e ajudam a criar uma atmosfera de bem-estar.<\/li>\n\n\n\n<li><strong>Est\u00edmulo \u00e0 produtividade:<\/strong> Uma \u00e1rea de trabalho bem delimitada e confort\u00e1vel pode aumentar a concentra\u00e7\u00e3o e a efici\u00eancia no home office.<\/li>\n\n\n\n<li><strong>Ambientes mais agrad\u00e1veis:<\/strong> A integra\u00e7\u00e3o de luz natural, cores adequadas e materiais sustent\u00e1veis melhora o humor e a energia dos moradores.<\/li>\n\n\n\n<li><strong>Redu\u00e7\u00e3o de desperd\u00edcio:<\/strong> O uso consciente dos espa\u00e7os e dos recursos dispon\u00edveis minimiza o consumo desnecess\u00e1rio de energia e materiais.<\/li>\n<\/ul>\n\n\n\n<p><strong>Exemplo pr\u00e1tico:<\/strong> Uma cozinha compacta, bem iluminada e com m\u00f3veis sob medida, pode ser mais funcional e pr\u00e1tica do que uma cozinha grande, mal planejada e desorganizada.<\/p>\n\n\n\n<hr class=\"wp-block-separator has-alpha-channel-opacity\"\/>\n\n\n\n<h2 id='convite-\u00e0-ado\u00e7\u00e3o-de-solu\u00e7\u00f5es-criativas-para-otimiza\u00e7\u00e3o-de-espa\u00e7os'  class=\"wp-block-heading\"><strong>Convite \u00e0 ado\u00e7\u00e3o de solu\u00e7\u00f5es criativas para otimiza\u00e7\u00e3o de espa\u00e7os<\/strong><\/h2>\n\n\n\n<p>N\u00e3o importa o tamanho do espa\u00e7o \u2014 com <strong>criatividade<\/strong> e <strong>inova\u00e7\u00e3o<\/strong>, qualquer ambiente pode ser adaptado para atender \u00e0s suas necessidades. A chave est\u00e1 em pensar fora da caixa e buscar solu\u00e7\u00f5es que v\u00e3o al\u00e9m do convencional.<\/p>\n\n\n\n<h3 id='ideias-criativas-para-otimiza\u00e7\u00e3o-de-espa\u00e7os'  class=\"wp-block-heading\"><strong>Ideias criativas para otimiza\u00e7\u00e3o de espa\u00e7os:<\/strong><\/h3>\n\n\n\n<ul class=\"wp-block-list\">\n<li><strong>M\u00f3veis dobr\u00e1veis:<\/strong> Mesas, cadeiras e at\u00e9 camas que podem ser recolhidas quando n\u00e3o est\u00e3o em uso.<\/li>\n\n\n\n<li><strong>Estantes multifuncionais:<\/strong> Divis\u00f3rias que tamb\u00e9m servem como espa\u00e7o de armazenamento ou decora\u00e7\u00e3o.<\/li>\n\n\n\n<li><strong>Aproveitamento vertical:<\/strong> Uso de paredes para prateleiras, nichos ou ganchos, liberando espa\u00e7o no ch\u00e3o.<\/li>\n\n\n\n<li><strong>Cores claras e espelhos:<\/strong> Truques visuais que aumentam a sensa\u00e7\u00e3o de amplitude no ambiente.<\/li>\n\n\n\n<li><strong>Automa\u00e7\u00e3o residencial:<\/strong> Solu\u00e7\u00f5es tecnol\u00f3gicas que tornam o espa\u00e7o mais funcional sem adicionar complexidade.<\/li>\n<\/ul>\n\n\n\n<p><strong>Dica final:<\/strong> Cada projeto deve ser adaptado ao seu estilo de vida. O importante \u00e9 encontrar um equil\u00edbrio entre funcionalidade, conforto e est\u00e9tica, criando um espa\u00e7o que realmente atenda \u00e0s suas necessidades.<\/p>\n\n\n\n<hr class=\"wp-block-separator has-alpha-channel-opacity\"\/>\n\n\n\n<h2 id='conclus\u00e3o-final-transformando-limita\u00e7\u00f5es-em-oportunidades'  class=\"wp-block-heading\"><strong>Conclus\u00e3o Final: Transformando Limita\u00e7\u00f5es em Oportunidades<\/strong><\/h2>\n\n\n\n<p>Viver em <strong>espa\u00e7os compactos<\/strong> n\u00e3o precisa ser visto como uma limita\u00e7\u00e3o, mas como uma oportunidade de repensar suas prioridades e investir em solu\u00e7\u00f5es que realmente fa\u00e7am sentido para o seu dia a dia. Com um planejamento inteligente e um olhar atento para os detalhes, \u00e9 poss\u00edvel transformar at\u00e9 o menor ambiente em um lugar pr\u00e1tico, confort\u00e1vel e cheio de personalidade.<\/p>\n\n\n\n<p>A ado\u00e7\u00e3o de <strong>solu\u00e7\u00f5es criativas<\/strong> e a valoriza\u00e7\u00e3o de cada cent\u00edmetro dispon\u00edvel tornam o espa\u00e7o n\u00e3o apenas mais funcional, mas tamb\u00e9m um reflexo do seu estilo e das suas necessidades. Afinal, o verdadeiro conforto n\u00e3o est\u00e1 no tamanho do espa\u00e7o, mas em como ele \u00e9 utilizado.<\/p>\n\n\n\n<h2 id='perguntas-frequentes-faq-como-otimizar-espa\u00e7os-compactos-de-forma-funcional-e-estilosa'  class=\"wp-block-heading\"><strong>Perguntas Frequentes (FAQ): Como Otimizar Espa\u00e7os Compactos de Forma Funcional e Estilosa<\/strong><\/h2>\n\n\n\n<p>Projetar e decorar um <strong>espa\u00e7o compacto<\/strong> vai muito al\u00e9m de escolher m\u00f3veis pequenos ou pintar as paredes de branco. A verdadeira efici\u00eancia est\u00e1 em unir <strong>funcionalidade<\/strong>, <strong>estilo<\/strong> e <strong>versatilidade<\/strong> para criar ambientes que se adaptem \u00e0s suas necessidades di\u00e1rias. E, para ajudar voc\u00ea a transformar cada cent\u00edmetro em uma oportunidade, respondemos \u00e0s <strong>principais d\u00favidas<\/strong> sobre como otimizar espa\u00e7os reduzidos.<\/p>\n\n\n\n<p>A seguir, voc\u00ea encontrar\u00e1 solu\u00e7\u00f5es pr\u00e1ticas e eficazes para manter o conforto e a est\u00e9tica do seu ambiente sem abrir m\u00e3o da efici\u00eancia.<\/p>\n\n\n\n<hr class=\"wp-block-separator has-alpha-channel-opacity\"\/>\n\n\n\n<h2 id='1-qual-a-melhor-forma-de-integrar-ambientes-em-um-espa\u00e7o-compacto'  class=\"wp-block-heading\"><strong>1. Qual a melhor forma de integrar ambientes em um espa\u00e7o compacto?<\/strong><\/h2>\n\n\n\n<p>A <strong>integra\u00e7\u00e3o de ambientes<\/strong> \u00e9 uma das melhores estrat\u00e9gias para criar a sensa\u00e7\u00e3o de amplitude em espa\u00e7os pequenos. Eliminar barreiras f\u00edsicas e unificar \u00e1reas espec\u00edficas, como sala, cozinha e escrit\u00f3rio, torna o espa\u00e7o mais funcional, arejado e moderno.<\/p>\n\n\n\n<h3 id='dicas-para-integrar-ambientes-com-efici\u00eancia'  class=\"wp-block-heading\"><strong>Dicas para integrar ambientes com efici\u00eancia:<\/strong><\/h3>\n\n\n\n<ul class=\"wp-block-list\">\n<li><strong>Ambientes sem divis\u00f3rias:<\/strong> Remover paredes entre sala e cozinha, por exemplo, cria um espa\u00e7o aberto, favorecendo a circula\u00e7\u00e3o de luz e ar.<\/li>\n\n\n\n<li><strong>M\u00f3veis multifuncionais:<\/strong> Bancadas que servem como divis\u00f3rias visuais e superf\u00edcies de trabalho ao mesmo tempo s\u00e3o ideais para espa\u00e7os integrados.<\/li>\n\n\n\n<li><strong>Zonas visuais definidas:<\/strong> Em vez de paredes, use tapetes, cores diferentes no piso ou ilumina\u00e7\u00e3o espec\u00edfica para delimitar fun\u00e7\u00f5es em cada \u00e1rea.<\/li>\n\n\n\n<li><strong>Estantes vazadas:<\/strong> Podem dividir ambientes sem bloquear a luz, mantendo a sensa\u00e7\u00e3o de espa\u00e7o aberto.<\/li>\n\n\n\n<li><strong>Portas de correr:<\/strong> Quando a privacidade for necess\u00e1ria, opte por divis\u00f3rias flex\u00edveis, como biombos ou portas retr\u00e1teis.<\/li>\n<\/ul>\n\n\n\n<p><strong>Exemplo pr\u00e1tico:<\/strong> Uma cozinha americana, integrada \u00e0 sala de estar, permite otimizar o espa\u00e7o e criar uma \u00e1rea de conviv\u00eancia fluida, sem perder a funcionalidade.<\/p>\n\n\n\n<hr class=\"wp-block-separator has-alpha-channel-opacity\"\/>\n\n\n\n<h2 id='2-como-escolher-materiais-resistentes-e-f\u00e1ceis-de-manter'  class=\"wp-block-heading\"><strong>2. Como escolher materiais resistentes e f\u00e1ceis de manter?<\/strong><\/h2>\n\n\n\n<p>Em espa\u00e7os pequenos, a praticidade deve andar lado a lado com a durabilidade. Materiais resistentes e f\u00e1ceis de limpar s\u00e3o essenciais para garantir que o ambiente continue bonito e funcional por mais tempo, sem exigir manuten\u00e7\u00f5es frequentes.<\/p>\n\n\n\n<h3 id='materiais-indicados-para-espa\u00e7os-compactos'  class=\"wp-block-heading\"><strong>Materiais indicados para espa\u00e7os compactos:<\/strong><\/h3>\n\n\n\n<ul class=\"wp-block-list\">\n<li><strong>Porcelanato ou piso vin\u00edlico:<\/strong> Ideais para \u00e1reas de alta circula\u00e7\u00e3o, s\u00e3o f\u00e1ceis de limpar, resistentes a riscos e oferecem uma variedade de acabamentos.<\/li>\n\n\n\n<li><strong>MDF com revestimento melam\u00ednico:<\/strong> \u00d3timo para m\u00f3veis planejados, oferece durabilidade e um acabamento moderno.<\/li>\n\n\n\n<li><strong>Vidro temperado:<\/strong> Resistente a impactos e f\u00e1cil de limpar, \u00e9 perfeito para mesas, divis\u00f3rias e prateleiras.<\/li>\n\n\n\n<li><strong>Tecido imperme\u00e1vel:<\/strong> Em estofados e almofadas, previne manchas e \u00e9 f\u00e1cil de limpar, ideal para quem tem crian\u00e7as ou pets.<\/li>\n\n\n\n<li><strong>Tinta lav\u00e1vel:<\/strong> Ideal para paredes em \u00e1reas de alto contato, como cozinhas e corredores, facilita a remo\u00e7\u00e3o de sujeiras do dia a dia.<\/li>\n<\/ul>\n\n\n\n<p><strong>Dica pr\u00e1tica:<\/strong> Al\u00e9m de escolher materiais dur\u00e1veis, invista em acabamentos foscos para disfar\u00e7ar marcas de dedos e arranh\u00f5es em m\u00f3veis e superf\u00edcies.<\/p>\n\n\n\n<hr class=\"wp-block-separator has-alpha-channel-opacity\"\/>\n\n\n\n<h2 id='3-\u00e9-poss\u00edvel-ter-um-espa\u00e7o-funcional-sem-abrir-m\u00e3o-do-estilo'  class=\"wp-block-heading\"><strong>3. \u00c9 poss\u00edvel ter um espa\u00e7o funcional sem abrir m\u00e3o do estilo?<\/strong><\/h2>\n\n\n\n<p>Sim! Um espa\u00e7o compacto pode ser t\u00e3o estiloso quanto um ambiente maior \u2014 a chave \u00e9 equilibrar a <strong>funcionalidade<\/strong> com a <strong>personalidade<\/strong>. O segredo est\u00e1 em investir em detalhes criativos que n\u00e3o ocupem espa\u00e7o, mas que tragam personalidade ao ambiente.<\/p>\n\n\n\n<h3 id='como-aliar-funcionalidade-e-estilo'  class=\"wp-block-heading\"><strong>Como aliar funcionalidade e estilo:<\/strong><\/h3>\n\n\n\n<ul class=\"wp-block-list\">\n<li><strong>M\u00f3veis sob medida:<\/strong> Al\u00e9m de otimizarem o espa\u00e7o, podem ser personalizados com cores, texturas e acabamentos que refletem o seu gosto pessoal.<\/li>\n\n\n\n<li><strong>Decora\u00e7\u00e3o minimalista:<\/strong> Menos \u00e9 mais. Invista em objetos de destaque, como quadros, lumin\u00e1rias ou almofadas, para adicionar personalidade sem sobrecarregar o ambiente.<\/li>\n\n\n\n<li><strong>Paleta de cores equilibrada:<\/strong> Use cores neutras como base e adicione toques de cores vibrantes em detalhes, como tapetes ou objetos decorativos.<\/li>\n\n\n\n<li><strong>Ilumina\u00e7\u00e3o diferenciada:<\/strong> Pendentes, spots embutidos e fitas de LED criam um ambiente moderno e ampliam visualmente o espa\u00e7o.<\/li>\n\n\n\n<li><strong>Texturas variadas:<\/strong> Misture madeira, metal, vidro e tecidos naturais para criar um ambiente aconchegante e sofisticado.<\/li>\n<\/ul>\n\n\n\n<p><strong>Exemplo pr\u00e1tico:<\/strong> Uma parede com pintura em meia altura ou papel de parede estampado pode trazer personalidade ao ambiente sem ocupar espa\u00e7o f\u00edsico.<\/p>\n\n\n\n<hr class=\"wp-block-separator has-alpha-channel-opacity\"\/>\n\n\n\n<h2 id='4-como-adaptar-um-projeto-compacto-para-futuras-necessidades'  class=\"wp-block-heading\"><strong>4. Como adaptar um projeto compacto para futuras necessidades?<\/strong><\/h2>\n\n\n\n<p>A flexibilidade \u00e9 um dos principais desafios em <strong>espa\u00e7os compactos<\/strong>, especialmente para quem planeja mudan\u00e7as no estilo de vida ou no n\u00famero de moradores ao longo do tempo. Um projeto bem pensado deve ser capaz de <strong>se adaptar \u00e0s suas novas necessidades<\/strong> sem exigir reformas estruturais.<\/p>\n\n\n\n<h3 id='dicas-para-adaptar-o-espa\u00e7o-a-futuras-necessidades'  class=\"wp-block-heading\"><strong>Dicas para adaptar o espa\u00e7o a futuras necessidades:<\/strong><\/h3>\n\n\n\n<ul class=\"wp-block-list\">\n<li><strong>M\u00f3veis modulares:<\/strong> Permitem reorganizar o layout do ambiente de acordo com a ocasi\u00e3o, como expandir uma mesa de jantar ou transformar um sof\u00e1 em cama.<\/li>\n\n\n\n<li><strong>Estantes ajust\u00e1veis:<\/strong> As prateleiras podem ser reposicionadas para se adaptar a novas necessidades de armazenamento.<\/li>\n\n\n\n<li><strong>Divis\u00f3rias remov\u00edveis:<\/strong> Biombos e portas de correr podem ser adicionados ou removidos conforme a necessidade de privacidade ou integra\u00e7\u00e3o.<\/li>\n\n\n\n<li><strong>Sistema el\u00e9trico planejado:<\/strong> Adicionar pontos extras de energia e tomadas evita reformas futuras quando novos dispositivos forem necess\u00e1rios.<\/li>\n\n\n\n<li><strong>Espa\u00e7o livre para expans\u00e3o:<\/strong> Deixe \u00e1reas flex\u00edveis no layout para acomodar m\u00f3veis adicionais ou novos usos, como um home office improvisado.<\/li>\n<\/ul>\n\n\n\n<p><strong>Exemplo pr\u00e1tico:<\/strong> Um projeto de quarto com cama retr\u00e1til permite transformar o ambiente em uma \u00e1rea de lazer ou escrit\u00f3rio, adaptando-se facilmente a diferentes momentos do dia.<\/p>\n\n\n\n<p><\/p>","protected":false},"excerpt":{"rendered":"<p>A Import\u00e2ncia do Planejamento em Espa\u00e7os Compactos: Transformando Limita\u00e7\u00f5es em Solu\u00e7\u00f5es Criativas Projetar espa\u00e7os compactos pode ser uma verdadeira arte&#8230;.<\/p>","protected":false},"author":1,"featured_media":559,"comment_status":"open","ping_status":"open","sticky":false,"template":"","format":"standard","meta":{"_kad_post_transparent":"","_kad_post_title":"","_kad_post_layout":"","_kad_post_sidebar_id":"","_kad_post_content_style":"","_kad_post_vertical_padding":"","_kad_post_feature":"","_kad_post_feature_position":"","_kad_post_header":false,"_kad_post_footer":false,"_kad_post_classname":"","footnotes":"","jetpack_publicize_message":"","jetpack_publicize_feature_enabled":true,"jetpack_social_post_already_shared":false,"jetpack_social_options":{"image_generator_settings":{"template":"highway","default_image_id":0,"font":"","enabled":false},"version":2}},"categories":[16],"tags":[12],"class_list":["post-558","post","type-post","status-publish","format-standard","has-post-thumbnail","hentry","category-casa-e-jardim","tag-projetos-inovadores"],"jetpack_publicize_connections":[],"jetpack_featured_media_url":"https:\/\/i0.wp.com\/1truenote.com\/wp-content\/uploads\/2025\/02\/Design-sem-nome-8.webp?fit=600%2C400&ssl=1","jetpack_sharing_enabled":true,"_links":{"self":[{"href":"https:\/\/1truenote.com\/en\/wp-json\/wp\/v2\/posts\/558","targetHints":{"allow":["GET"]}}],"collection":[{"href":"https:\/\/1truenote.com\/en\/wp-json\/wp\/v2\/posts"}],"about":[{"href":"https:\/\/1truenote.com\/en\/wp-json\/wp\/v2\/types\/post"}],"author":[{"embeddable":true,"href":"https:\/\/1truenote.com\/en\/wp-json\/wp\/v2\/users\/1"}],"replies":[{"embeddable":true,"href":"https:\/\/1truenote.com\/en\/wp-json\/wp\/v2\/comments?post=558"}],"version-history":[{"count":0,"href":"https:\/\/1truenote.com\/en\/wp-json\/wp\/v2\/posts\/558\/revisions"}],"wp:featuredmedia":[{"embeddable":true,"href":"https:\/\/1truenote.com\/en\/wp-json\/wp\/v2\/media\/559"}],"wp:attachment":[{"href":"https:\/\/1truenote.com\/en\/wp-json\/wp\/v2\/media?parent=558"}],"wp:term":[{"taxonomy":"category","embeddable":true,"href":"https:\/\/1truenote.com\/en\/wp-json\/wp\/v2\/categories?post=558"},{"taxonomy":"post_tag","embeddable":true,"href":"https:\/\/1truenote.com\/en\/wp-json\/wp\/v2\/tags?post=558"}],"curies":[{"name":"wp","href":"https:\/\/api.w.org\/{rel}","templated":true}]}}