{"id":4550,"date":"2026-02-05T12:00:00","date_gmt":"2026-02-05T15:00:00","guid":{"rendered":"https:\/\/1truenote.com\/?p=4550"},"modified":"2026-02-03T12:04:00","modified_gmt":"2026-02-03T15:04:00","slug":"quarto-de-solteiro-com-armarios-planejados","status":"publish","type":"post","link":"https:\/\/1truenote.com\/en\/quarto-de-solteiro-com-armarios-planejados\/","title":{"rendered":"Quarto de solteiro com arm\u00e1rios planejados: Funcionalidade, organiza\u00e7\u00e3o e estilo em cada detalhe"},"content":{"rendered":"<p>Projetar um <strong>quarto de solteiro com arm\u00e1rios planejados<\/strong> \u00e9 uma decis\u00e3o estrat\u00e9gica quando o objetivo \u00e9 unir conforto, organiza\u00e7\u00e3o e est\u00e9tica em um \u00fanico ambiente. Diferente de m\u00f3veis prontos, a marcenaria sob medida permite aproveitar cada cent\u00edmetro dispon\u00edvel, criando solu\u00e7\u00f5es inteligentes que acompanham a rotina do usu\u00e1rio \u2014 seja um adolescente, estudante ou adulto.<\/p>\n\n\n\n<p>Al\u00e9m da otimiza\u00e7\u00e3o do espa\u00e7o, os arm\u00e1rios planejados contribuem para um visual mais limpo e coerente, eliminando excessos e integrando guarda-roupa, cama, cabeceira e at\u00e9 \u00e1rea de estudos em um \u00fanico conjunto visual. O resultado \u00e9 um quarto funcional, acolhedor e atemporal.<\/p>\n\n\n\n<hr class=\"wp-block-separator has-alpha-channel-opacity\"\/>\n\n\n\n<h2 id='por-que-investir-em-arm\u00e1rios-planejados-no-quarto-de-solteiro'  class=\"wp-block-heading\">Por que investir em arm\u00e1rios planejados no quarto de solteiro?<\/h2>\n\n\n\n<p>A principal vantagem dos arm\u00e1rios planejados est\u00e1 na <strong>personaliza\u00e7\u00e3o total<\/strong>. Altura do teto, profundidade das paredes, posi\u00e7\u00e3o das janelas e portas \u2014 tudo \u00e9 considerado no projeto. Isso garante n\u00e3o apenas mais espa\u00e7o de armazenamento, mas tamb\u00e9m melhor circula\u00e7\u00e3o e ergonomia.<\/p>\n\n\n\n<p>Outro ponto essencial \u00e9 a durabilidade. Materiais de qualidade, ferragens adequadas e acabamentos bem executados fazem com que o m\u00f3vel acompanhe o usu\u00e1rio por muitos anos, adaptando-se a diferentes fases da vida.<\/p>\n\n\n\n<hr class=\"wp-block-separator has-alpha-channel-opacity\"\/>\n\n\n\n<figure class=\"wp-block-image aligncenter size-large is-resized\"><a href=\"https:\/\/chat.whatsapp.com\/KJBkp5LFJVRIvmt5X3hSEh\" target=\"_blank\" rel=\"noopener\"><img data-recalc-dims=\"1\" fetchpriority=\"high\" decoding=\"async\" width=\"683\" height=\"1024\" src=\"https:\/\/i0.wp.com\/1truenote.com\/wp-content\/uploads\/2025\/06\/ChatGPT-Image-3-de-jun.-de-2025-19_04_53.png?resize=683%2C1024&#038;ssl=1\" alt=\"chamada banner advetorial whats\" class=\"wp-image-2683\" style=\"object-fit:cover;width:200px;height:300px\" srcset=\"https:\/\/i0.wp.com\/1truenote.com\/wp-content\/uploads\/2025\/06\/ChatGPT-Image-3-de-jun.-de-2025-19_04_53.png?resize=683%2C1024&amp;ssl=1 683w, https:\/\/i0.wp.com\/1truenote.com\/wp-content\/uploads\/2025\/06\/ChatGPT-Image-3-de-jun.-de-2025-19_04_53.png?resize=200%2C300&amp;ssl=1 200w, https:\/\/i0.wp.com\/1truenote.com\/wp-content\/uploads\/2025\/06\/ChatGPT-Image-3-de-jun.-de-2025-19_04_53.png?resize=768%2C1152&amp;ssl=1 768w, https:\/\/i0.wp.com\/1truenote.com\/wp-content\/uploads\/2025\/06\/ChatGPT-Image-3-de-jun.-de-2025-19_04_53.png?resize=150%2C225&amp;ssl=1 150w, https:\/\/i0.wp.com\/1truenote.com\/wp-content\/uploads\/2025\/06\/ChatGPT-Image-3-de-jun.-de-2025-19_04_53.png?w=1024&amp;ssl=1 1024w\" sizes=\"(max-width: 683px) 100vw, 683px\" \/><\/a><\/figure>\n\n\n\n<hr class=\"wp-block-separator has-alpha-channel-opacity\"\/>\n\n\n\n<h2 id='integra\u00e7\u00e3o-inteligente-arm\u00e1rios-cama-e-escrivaninha'  class=\"wp-block-heading\">Integra\u00e7\u00e3o inteligente: Arm\u00e1rios, cama e escrivaninha<\/h2>\n\n\n\n<p>Nos projetos contempor\u00e2neos, \u00e9 cada vez mais comum integrar os arm\u00e1rios a outros elementos do quarto. A cabeceira pode fazer parte da marcenaria, assim como nichos, prateleiras e uma escrivaninha suspensa. Essa integra\u00e7\u00e3o cria unidade visual e reduz a necessidade de m\u00f3veis soltos.<\/p>\n\n\n\n<p>No quarto de solteiro, essa solu\u00e7\u00e3o \u00e9 especialmente eficiente, pois mant\u00e9m tudo organizado e ao alcance, sem comprometer a sensa\u00e7\u00e3o de amplitude.<\/p>\n\n\n\n<hr class=\"wp-block-separator has-alpha-channel-opacity\"\/>\n\n\n<div class=\"hostinger-affiliate-block-wrap\">\n            <div class=\"hostinger-affiliate-block-list-simple\">\n            <div class=\"hostinger-affiliate-block-list-simple__image\">\n                                        <a href=\"https:\/\/www.amazon.com.br\/dp\/B0D4NQ94WP?tag=joaopedro047-20\" target=\"_blank\" rel=\"nofollow noopener noreferrer\">\n                            <img decoding=\"async\" src=\"https:\/\/m.media-amazon.com\/images\/I\/41S7VMl57QL._AC_.jpg\" alt=\"Guarda Roupa 6 Portas 2 Gavetas Carraro (Branco)\">\n                        <\/a>\n                                <\/div>\n            <div class=\"hostinger-affiliate-block-list-simple__product-data\">\n                <div class=\"hostinger-affiliate-block-list-simple__product-info\">\n                                            <div class=\"hostinger-affiliate-block-list-simple__bestseller-label\">\n                                                        Bestseller #1                        <\/div>\n                                            <div class=\"hostinger-affiliate-block-list-simple__product-title\">\n                        <a href=\"https:\/\/www.amazon.com.br\/dp\/B0D4NQ94WP?tag=joaopedro047-20\" target=\"_blank\" rel=\"nofollow noopener noreferrer\">\n                            <h3 id='guarda-roupa-6-portas-2-gavetas-carraro-branco'>\n                                Guarda Roupa 6 Portas 2 Gavetas Carraro (Branco)                            <\/h3>\n                        <\/a>\n                    <\/div>\n                    <div class=\"hostinger-affiliate-block-list-simple__product-pricing\">\n                                                    <div class=\"hostinger-affiliate-block-list-simple__product-price\">\n                                R$999,99                            <\/div>\n                                                <\/div>\n                <\/div>\n                <div class=\"hostinger-affiliate-block-list-simple__product-actions\">\n                    <div>\n                        <a href=\"https:\/\/www.amazon.com.br\/dp\/B0D4NQ94WP?tag=joaopedro047-20\" class=\"hostinger-affiliate-block-list-simple__product-amazon-button\" target=\"_blank\" rel=\"nofollow noopener noreferrer\">\n    Buy on Amazon<\/a>\n                    <\/div>\n                <\/div>\n            <\/div>\n        <\/div>\n                <div class=\"hostinger-affiliate-block-list-simple\">\n            <div class=\"hostinger-affiliate-block-list-simple__image\">\n                                        <a href=\"https:\/\/www.amazon.com.br\/dp\/B0DVBLZQM5?tag=joaopedro047-20\" target=\"_blank\" rel=\"nofollow noopener noreferrer\">\n                            <img decoding=\"async\" src=\"https:\/\/m.media-amazon.com\/images\/I\/31zSzAZNJiL._AC_.jpg\" alt=\"Guarda Roupa 4 portas e 2 gavetas Mobi Cinamomo\/Off White Moveis ...\">\n                        <\/a>\n                                <\/div>\n            <div class=\"hostinger-affiliate-block-list-simple__product-data\">\n                <div class=\"hostinger-affiliate-block-list-simple__product-info\">\n                                            <div class=\"hostinger-affiliate-block-list-simple__bestseller-label\">\n                                                        Bestseller #2                        <\/div>\n                                            <div class=\"hostinger-affiliate-block-list-simple__product-title\">\n                        <a href=\"https:\/\/www.amazon.com.br\/dp\/B0DVBLZQM5?tag=joaopedro047-20\" target=\"_blank\" rel=\"nofollow noopener noreferrer\">\n                            <h3 id='guarda-roupa-4-portas-e-2-gavetas-mobi-cinamomo-off-white-moveis'>\n                                Guarda Roupa 4 portas e 2 gavetas Mobi Cinamomo\/Off White Moveis &#8230;                            <\/h3>\n                        <\/a>\n                    <\/div>\n                    <div class=\"hostinger-affiliate-block-list-simple__product-pricing\">\n                                                    <div class=\"hostinger-affiliate-block-list-simple__product-price\">\n                                R$579,55                            <\/div>\n                                                <\/div>\n                <\/div>\n                <div class=\"hostinger-affiliate-block-list-simple__product-actions\">\n                    <div>\n                        <a href=\"https:\/\/www.amazon.com.br\/dp\/B0DVBLZQM5?tag=joaopedro047-20\" class=\"hostinger-affiliate-block-list-simple__product-amazon-button\" target=\"_blank\" rel=\"nofollow noopener noreferrer\">\n    Buy on Amazon<\/a>\n                    <\/div>\n                <\/div>\n            <\/div>\n        <\/div>\n                <div class=\"hostinger-affiliate-block-list-simple\">\n            <div class=\"hostinger-affiliate-block-list-simple__image\">\n                                        <a href=\"https:\/\/www.amazon.com.br\/dp\/B0C2186X4S?tag=joaopedro047-20\" target=\"_blank\" rel=\"nofollow noopener noreferrer\">\n                            <img decoding=\"async\" src=\"https:\/\/m.media-amazon.com\/images\/I\/31LkyHvsDaL._AC_.jpg\" alt=\"Guarda Roupa 4 portas e 2 gavetas Mobi nature\/titanium M\u00f3veis Alb...\">\n                        <\/a>\n                                <\/div>\n            <div class=\"hostinger-affiliate-block-list-simple__product-data\">\n                <div class=\"hostinger-affiliate-block-list-simple__product-info\">\n                                            <div class=\"hostinger-affiliate-block-list-simple__bestseller-label\">\n                                                        Bestseller #3                        <\/div>\n                                            <div class=\"hostinger-affiliate-block-list-simple__product-title\">\n                        <a href=\"https:\/\/www.amazon.com.br\/dp\/B0C2186X4S?tag=joaopedro047-20\" target=\"_blank\" rel=\"nofollow noopener noreferrer\">\n                            <h3 id='guarda-roupa-4-portas-e-2-gavetas-mobi-nature-titanium-m\u00f3veis-alb'>\n                                Guarda Roupa 4 portas e 2 gavetas Mobi nature\/titanium M\u00f3veis Alb&#8230;                            <\/h3>\n                        <\/a>\n                    <\/div>\n                    <div class=\"hostinger-affiliate-block-list-simple__product-pricing\">\n                                                    <div class=\"hostinger-affiliate-block-list-simple__product-price\">\n                                R$644,84                            <\/div>\n                                                <\/div>\n                <\/div>\n                <div class=\"hostinger-affiliate-block-list-simple__product-actions\">\n                    <div>\n                        <a href=\"https:\/\/www.amazon.com.br\/dp\/B0C2186X4S?tag=joaopedro047-20\" class=\"hostinger-affiliate-block-list-simple__product-amazon-button\" target=\"_blank\" rel=\"nofollow noopener noreferrer\">\n    Buy on Amazon<\/a>\n                    <\/div>\n                <\/div>\n            <\/div>\n        <\/div>\n                <div class=\"hostinger-affiliate-block-list-simple\">\n            <div class=\"hostinger-affiliate-block-list-simple__image\">\n                                        <a href=\"https:\/\/www.amazon.com.br\/dp\/B0D6D4F3MX?tag=joaopedro047-20\" target=\"_blank\" rel=\"nofollow noopener noreferrer\">\n                            <img decoding=\"async\" src=\"https:\/\/m.media-amazon.com\/images\/I\/51v-BtPFqCL._AC_.jpg\" alt=\"Guarda-roupa Solteiro 2 Portas de Correr 2 Gavetas e Espelho Pe\u00f4n...\">\n                        <\/a>\n                                <\/div>\n            <div class=\"hostinger-affiliate-block-list-simple__product-data\">\n                <div class=\"hostinger-affiliate-block-list-simple__product-info\">\n                                            <div class=\"hostinger-affiliate-block-list-simple__bestseller-label\">\n                                                        Bestseller #4                        <\/div>\n                                            <div class=\"hostinger-affiliate-block-list-simple__product-title\">\n                        <a href=\"https:\/\/www.amazon.com.br\/dp\/B0D6D4F3MX?tag=joaopedro047-20\" target=\"_blank\" rel=\"nofollow noopener noreferrer\">\n                            <h3 id='guarda-roupa-solteiro-2-portas-de-correr-2-gavetas-e-espelho-pe\u00f4n'>\n                                Guarda-roupa Solteiro 2 Portas de Correr 2 Gavetas e Espelho Pe\u00f4n&#8230;                            <\/h3>\n                        <\/a>\n                    <\/div>\n                    <div class=\"hostinger-affiliate-block-list-simple__product-pricing\">\n                                                    <div class=\"hostinger-affiliate-block-list-simple__product-price\">\n                                R$736,34                            <\/div>\n                                                <\/div>\n                <\/div>\n                <div class=\"hostinger-affiliate-block-list-simple__product-actions\">\n                    <div>\n                        <a href=\"https:\/\/www.amazon.com.br\/dp\/B0D6D4F3MX?tag=joaopedro047-20\" class=\"hostinger-affiliate-block-list-simple__product-amazon-button\" target=\"_blank\" rel=\"nofollow noopener noreferrer\">\n    Buy on Amazon<\/a>\n                    <\/div>\n                <\/div>\n            <\/div>\n        <\/div>\n                <div class=\"hostinger-affiliate-block-list-simple\">\n            <div class=\"hostinger-affiliate-block-list-simple__image\">\n                                        <a href=\"https:\/\/www.amazon.com.br\/dp\/B0777RZ6LJ?tag=joaopedro047-20\" target=\"_blank\" rel=\"nofollow noopener noreferrer\">\n                            <img decoding=\"async\" src=\"https:\/\/m.media-amazon.com\/images\/I\/31FRtlL3GyL._AC_.jpg\" alt=\"Arm\u00e1rio Multiuso Dit\u00e1lia 2 Portas com Rod\u00edzios AR-70 Branco\">\n                        <\/a>\n                                <\/div>\n            <div class=\"hostinger-affiliate-block-list-simple__product-data\">\n                <div class=\"hostinger-affiliate-block-list-simple__product-info\">\n                                            <div class=\"hostinger-affiliate-block-list-simple__bestseller-label\">\n                                                        Bestseller #5                        <\/div>\n                                            <div class=\"hostinger-affiliate-block-list-simple__product-title\">\n                        <a href=\"https:\/\/www.amazon.com.br\/dp\/B0777RZ6LJ?tag=joaopedro047-20\" target=\"_blank\" rel=\"nofollow noopener noreferrer\">\n                            <h3 id='arm\u00e1rio-multiuso-dit\u00e1lia-2-portas-com-rod\u00edzios-ar-70-branco'>\n                                Arm\u00e1rio Multiuso Dit\u00e1lia 2 Portas com Rod\u00edzios AR-70 Branco                            <\/h3>\n                        <\/a>\n                    <\/div>\n                    <div class=\"hostinger-affiliate-block-list-simple__product-pricing\">\n                                                    <div class=\"hostinger-affiliate-block-list-simple__product-price\">\n                                R$269,90                            <\/div>\n                                                <\/div>\n                <\/div>\n                <div class=\"hostinger-affiliate-block-list-simple__product-actions\">\n                    <div>\n                        <a href=\"https:\/\/www.amazon.com.br\/dp\/B0777RZ6LJ?tag=joaopedro047-20\" class=\"hostinger-affiliate-block-list-simple__product-amazon-button\" target=\"_blank\" rel=\"nofollow noopener noreferrer\">\n    Buy on Amazon<\/a>\n                    <\/div>\n                <\/div>\n            <\/div>\n        <\/div>\n                <div class=\"hostinger-affiliate-block-list-simple\">\n            <div class=\"hostinger-affiliate-block-list-simple__image\">\n                                        <a href=\"https:\/\/www.amazon.com.br\/dp\/B0CKM815G8?tag=joaopedro047-20\" target=\"_blank\" rel=\"nofollow noopener noreferrer\">\n                            <img decoding=\"async\" src=\"https:\/\/m.media-amazon.com\/images\/I\/41J41GoHt6L._AC_.jpg\" alt=\"Armario Rivera 4 Portas Freij\u00f3\/oliva\">\n                        <\/a>\n                                <\/div>\n            <div class=\"hostinger-affiliate-block-list-simple__product-data\">\n                <div class=\"hostinger-affiliate-block-list-simple__product-info\">\n                                            <div class=\"hostinger-affiliate-block-list-simple__bestseller-label\">\n                                                        Bestseller #6                        <\/div>\n                                            <div class=\"hostinger-affiliate-block-list-simple__product-title\">\n                        <a href=\"https:\/\/www.amazon.com.br\/dp\/B0CKM815G8?tag=joaopedro047-20\" target=\"_blank\" rel=\"nofollow noopener noreferrer\">\n                            <h3 id='armario-rivera-4-portas-freij\u00f3-oliva'>\n                                Armario Rivera 4 Portas Freij\u00f3\/oliva                            <\/h3>\n                        <\/a>\n                    <\/div>\n                    <div class=\"hostinger-affiliate-block-list-simple__product-pricing\">\n                                                    <div class=\"hostinger-affiliate-block-list-simple__product-price\">\n                                R$423,05                            <\/div>\n                                                <\/div>\n                <\/div>\n                <div class=\"hostinger-affiliate-block-list-simple__product-actions\">\n                    <div>\n                        <a href=\"https:\/\/www.amazon.com.br\/dp\/B0CKM815G8?tag=joaopedro047-20\" class=\"hostinger-affiliate-block-list-simple__product-amazon-button\" target=\"_blank\" rel=\"nofollow noopener noreferrer\">\n    Buy on Amazon<\/a>\n                    <\/div>\n                <\/div>\n            <\/div>\n        <\/div>\n                <div class=\"hostinger-affiliate-block-list-simple\">\n            <div class=\"hostinger-affiliate-block-list-simple__image\">\n                                        <a href=\"https:\/\/www.amazon.com.br\/dp\/B09XJHB5FY?tag=joaopedro047-20\" target=\"_blank\" rel=\"nofollow noopener noreferrer\">\n                            <img decoding=\"async\" src=\"https:\/\/m.media-amazon.com\/images\/I\/21ZgLnlEAbL._AC_.jpg\" alt=\"Arm\u00e1rio Multiuso 2 Portas com chave Not\u00e1vel M\u00f3veis\">\n                        <\/a>\n                                <\/div>\n            <div class=\"hostinger-affiliate-block-list-simple__product-data\">\n                <div class=\"hostinger-affiliate-block-list-simple__product-info\">\n                                            <div class=\"hostinger-affiliate-block-list-simple__bestseller-label\">\n                                                        Bestseller #7                        <\/div>\n                                            <div class=\"hostinger-affiliate-block-list-simple__product-title\">\n                        <a href=\"https:\/\/www.amazon.com.br\/dp\/B09XJHB5FY?tag=joaopedro047-20\" target=\"_blank\" rel=\"nofollow noopener noreferrer\">\n                            <h3 id='arm\u00e1rio-multiuso-2-portas-com-chave-not\u00e1vel-m\u00f3veis'>\n                                Arm\u00e1rio Multiuso 2 Portas com chave Not\u00e1vel M\u00f3veis                            <\/h3>\n                        <\/a>\n                    <\/div>\n                    <div class=\"hostinger-affiliate-block-list-simple__product-pricing\">\n                                                    <div class=\"hostinger-affiliate-block-list-simple__product-price\">\n                                R$332,10                            <\/div>\n                                                <\/div>\n                <\/div>\n                <div class=\"hostinger-affiliate-block-list-simple__product-actions\">\n                    <div>\n                        <a href=\"https:\/\/www.amazon.com.br\/dp\/B09XJHB5FY?tag=joaopedro047-20\" class=\"hostinger-affiliate-block-list-simple__product-amazon-button\" target=\"_blank\" rel=\"nofollow noopener noreferrer\">\n    Buy on Amazon<\/a>\n                    <\/div>\n                <\/div>\n            <\/div>\n        <\/div>\n        <\/div>\n\n\n\n<hr class=\"wp-block-separator has-alpha-channel-opacity\"\/>\n\n\n\n<h2 id='cores-materiais-e-acabamentos-que-funcionam-melhor'  class=\"wp-block-heading\">Cores, materiais e acabamentos que funcionam melhor<\/h2>\n\n\n\n<p><strong>Quarto de solteiro com arm\u00e1rios planejados<\/strong>. Tons claros como off-white, bege e cinza suave ajudam a ampliar visualmente o ambiente. A madeira natural ou amadeirada clara traz aconchego e equil\u00edbrio, evitando que o quarto fique frio ou impessoal.<\/p>\n\n\n\n<p>Portas lisas, sem muitos recortes, refor\u00e7am a est\u00e9tica moderna e facilitam a manuten\u00e7\u00e3o. J\u00e1 a ilumina\u00e7\u00e3o embutida nos arm\u00e1rios \u2014 como fitas de LED em nichos ou cabeceiras \u2014 agrega sofistica\u00e7\u00e3o e melhora o uso do espa\u00e7o no dia a dia.<\/p>\n\n\n\n<hr class=\"wp-block-separator has-alpha-channel-opacity\"\/>\n\n\n\n<a href=\"https:\/\/1truenote.com\/en\/cabeceira-de-cama-moderna-design-conforto\/\" style=\"text-decoration: none;\">\n  <div style=\"display: flex; justify-content: space-between; align-items: center; background: #d44a00; padding: 12px 20px; color: white; font-family: Arial, sans-serif;\">\n    <strong style=\"color: black;\">READ ALSO:<\/strong>\n    <span style=\"margin-left: 8px; flex: 1;\">Cabeceira de cama: Quando o detalhe vira protagonista<\/span>\n    <div style=\"background: #f2802f; padding: 8px 12px; border-radius: 2px; margin-left: 10px;\">\n      <span style=\"color: white; font-weight: bold;\">\u27a4<\/span>\n    <\/div>\n  <\/div>\n<\/a>\n\n\n\n<hr class=\"wp-block-separator has-alpha-channel-opacity\"\/>\n\n\n\n<h2 id='organiza\u00e7\u00e3o-interna-o-segredo-do-quarto-sempre-arrumado'  class=\"wp-block-heading\">Organiza\u00e7\u00e3o interna: O segredo do quarto sempre arrumado<\/h2>\n\n\n\n<p>Um bom projeto de arm\u00e1rios planejados vai muito al\u00e9m da parte externa. A organiza\u00e7\u00e3o interna \u00e9 fundamental para manter o quarto funcional:<\/p>\n\n\n\n<ul class=\"wp-block-list\">\n<li>Gavetas bem distribu\u00eddas para roupas e acess\u00f3rios<\/li>\n\n\n\n<li>Prateleiras ajust\u00e1veis para livros e objetos pessoais<\/li>\n\n\n\n<li>Cabideiros na altura correta para evitar desperd\u00edcio de espa\u00e7o<\/li>\n\n\n\n<li>Nichos abertos para itens de uso frequente<\/li>\n<\/ul>\n\n\n\n<p>Esses detalhes fazem toda a diferen\u00e7a na rotina e ajudam a manter o ambiente sempre organizado.<\/p>\n\n\n\n<hr class=\"wp-block-separator has-alpha-channel-opacity\"\/>\n\n\n\n<h2 id='arm\u00e1rios-planejados-transformam-o-quarto-de-solteiro'  class=\"wp-block-heading\">Arm\u00e1rios planejados transformam o quarto de solteiro<\/h2>\n\n\n\n<p>O <strong>quarto de solteiro com arm\u00e1rios planejados<\/strong> \u00e9 a prova de que funcionalidade e est\u00e9tica podem \u2014 e devem \u2014 caminhar juntas. Com um bom projeto, \u00e9 poss\u00edvel criar um ambiente organizado, confort\u00e1vel e visualmente harm\u00f4nico, mesmo em espa\u00e7os reduzidos.<\/p>\n\n\n\n<p>A marcenaria sob medida valoriza o im\u00f3vel, melhora a experi\u00eancia de uso e oferece solu\u00e7\u00f5es que acompanham a evolu\u00e7\u00e3o das necessidades do morador. Mais do que um quarto bonito, trata-se de um espa\u00e7o pensado para viver bem todos os dias. Quarto de solteiro com arm\u00e1rios planejados!<\/p>\n\n\n\n<hr class=\"wp-block-separator has-alpha-channel-opacity\"\/>\n\n\n\n<a href=\"https:\/\/1truenote.com\/en\/cabeceira-de-cama-moderna-design-conforto\/\" style=\"text-decoration: none;\">\n  <div style=\"display: flex; justify-content: space-between; align-items: center; background: #d44a00; padding: 12px 20px; color: white; font-family: Arial, sans-serif;\">\n    <strong style=\"color: black;\">READ ALSO:<\/strong>\n    <span style=\"margin-left: 8px; flex: 1;\">Cabeceira de cama: Quando o detalhe vira protagonista<\/span>\n    <div style=\"background: #f2802f; padding: 8px 12px; border-radius: 2px; margin-left: 10px;\">\n      <span style=\"color: white; font-weight: bold;\">\u27a4<\/span>\n    <\/div>\n  <\/div>\n<\/a>\n\n\n\n<hr class=\"wp-block-separator has-alpha-channel-opacity\"\/>\n\n\n\n<h2 id='faq-perguntas-frequentes-sobre-arm\u00e1rios-planejados-para-quarto-de-solteiro'  class=\"wp-block-heading\">FAQ \u2013 Perguntas frequentes sobre arm\u00e1rios planejados para quarto de solteiro<\/h2>\n\n\n<div id=\"rank-math-faq\" class=\"rank-math-block\">\n<div class=\"rank-math-list\">\n<div id=\"faq-question-1770130504152\" class=\"rank-math-list-item\">\n<h3 id='arm\u00e1rios-planejados-valem-a-pena-em-quartos-pequenos'  class=\"rank-math-question\">Arm\u00e1rios planejados valem a pena em quartos pequenos?<\/h3>\n<div class=\"rank-math-answer\">\n\n<p>Sim. Eles s\u00e3o especialmente indicados para ambientes compactos, pois aproveitam melhor o espa\u00e7o e evitam \u00e1reas inutilizadas.<\/p>\n\n<\/div>\n<\/div>\n<div id=\"faq-question-1770130528216\" class=\"rank-math-list-item\">\n<h3 id='\u00e9-poss\u00edvel-integrar-cama-e-arm\u00e1rio-no-mesmo-projeto'  class=\"rank-math-question\">\u00c9 poss\u00edvel integrar cama e arm\u00e1rio no mesmo projeto?<\/h3>\n<div class=\"rank-math-answer\">\n\n<p>\u00c9 poss\u00edvel integrar cama e arm\u00e1rio no mesmo projeto?<\/p>\n\n<\/div>\n<\/div>\n<div id=\"faq-question-1770130529183\" class=\"rank-math-list-item\">\n<h3 id='quais-cores-s\u00e3o-mais-indicadas-para-quartos-de-solteiro'  class=\"rank-math-question\">Quais cores s\u00e3o mais indicadas para quartos de solteiro?<\/h3>\n<div class=\"rank-math-answer\">\n\n<p>Quais cores s\u00e3o mais indicadas para quartos de solteiro?<\/p>\n\n<\/div>\n<\/div>\n<div id=\"faq-question-1770130530125\" class=\"rank-math-list-item\">\n<h3 id='arm\u00e1rios-planejados-s\u00e3o-mais-caros-que-m\u00f3veis-prontos'  class=\"rank-math-question\">Arm\u00e1rios planejados s\u00e3o mais caros que m\u00f3veis prontos?<\/h3>\n<div class=\"rank-math-answer\">\n\n<p>O investimento inicial pode ser maior, mas a durabilidade, personaliza\u00e7\u00e3o e melhor aproveitamento do espa\u00e7o compensam a longo prazo.<\/p>\n\n<\/div>\n<\/div>\n<div id=\"faq-question-1770130583998\" class=\"rank-math-list-item\">\n<h3 id='\u00e9-poss\u00edvel-incluir-ilumina\u00e7\u00e3o-nos-arm\u00e1rios'  class=\"rank-math-question\">\u00c9 poss\u00edvel incluir ilumina\u00e7\u00e3o nos arm\u00e1rios?<\/h3>\n<div class=\"rank-math-answer\">\n\n<p>Sim. Ilumina\u00e7\u00e3o embutida \u00e9 altamente recomendada, pois valoriza o projeto e melhora a funcionalidade.<\/p>\n\n<\/div>\n<\/div>\n<\/div>\n<\/div>\n\n\n<figure class=\"wp-block-image aligncenter size-large\"><img data-recalc-dims=\"1\" decoding=\"async\" width=\"1024\" height=\"760\" src=\"https:\/\/i0.wp.com\/1truenote.com\/wp-content\/uploads\/2026\/02\/Artigo-1.png?resize=1024%2C760&#038;ssl=1\" alt=\"Quarto de solteiro com arm\u00e1rios planejados: Funcionalidade\" class=\"wp-image-4551\" srcset=\"https:\/\/i0.wp.com\/1truenote.com\/wp-content\/uploads\/2026\/02\/Artigo-1.png?resize=1024%2C760&amp;ssl=1 1024w, https:\/\/i0.wp.com\/1truenote.com\/wp-content\/uploads\/2026\/02\/Artigo-1.png?resize=300%2C223&amp;ssl=1 300w, https:\/\/i0.wp.com\/1truenote.com\/wp-content\/uploads\/2026\/02\/Artigo-1.png?resize=768%2C570&amp;ssl=1 768w, https:\/\/i0.wp.com\/1truenote.com\/wp-content\/uploads\/2026\/02\/Artigo-1.png?resize=16%2C12&amp;ssl=1 16w, https:\/\/i0.wp.com\/1truenote.com\/wp-content\/uploads\/2026\/02\/Artigo-1.png?resize=150%2C111&amp;ssl=1 150w, https:\/\/i0.wp.com\/1truenote.com\/wp-content\/uploads\/2026\/02\/Artigo-1.png?w=1536&amp;ssl=1 1536w\" sizes=\"(max-width: 1024px) 100vw, 1024px\" \/><figcaption class=\"wp-element-caption\">Quarto de solteiro com arm\u00e1rios planejados: Funcionalidade<\/figcaption><\/figure>","protected":false},"excerpt":{"rendered":"<p>Projetar um quarto de solteiro com arm\u00e1rios planejados \u00e9 uma decis\u00e3o estrat\u00e9gica quando o objetivo \u00e9 unir conforto, organiza\u00e7\u00e3o e&#8230;<\/p>","protected":false},"author":1,"featured_media":4551,"comment_status":"open","ping_status":"open","sticky":false,"template":"","format":"standard","meta":{"_kad_post_transparent":"","_kad_post_title":"","_kad_post_layout":"","_kad_post_sidebar_id":"","_kad_post_content_style":"","_kad_post_vertical_padding":"","_kad_post_feature":"","_kad_post_feature_position":"","_kad_post_header":false,"_kad_post_footer":false,"_kad_post_classname":"","footnotes":"","jetpack_publicize_message":"Projetar um quarto de solteiro com arm\u00e1rios planejados \u00e9 uma decis\u00e3o estrat\u00e9gica quando o objetivo \u00e9 unir conforto, organiza\u00e7\u00e3o e est\u00e9tica em um \u00fanico ambiente. Diferente de m\u00f3veis prontos, a marcenaria sob medida permite aproveitar cada cent\u00edmetro dispon\u00edvel, criando solu\u00e7\u00f5es inteligentes que acompanham a rotina do usu\u00e1rio \u2014 seja um adolescente, estudante ou adulto.","jetpack_publicize_feature_enabled":true,"jetpack_social_post_already_shared":true,"jetpack_social_options":{"image_generator_settings":{"template":"highway","default_image_id":0,"font":"","enabled":false},"version":2}},"categories":[16,1],"tags":[13,14,23],"class_list":["post-4550","post","type-post","status-publish","format-standard","has-post-thumbnail","hentry","category-casa-e-jardim","category-novidades","tag-minimalista","tag-interiores-inovadores","tag-produtos"],"jetpack_publicize_connections":[],"jetpack_featured_media_url":"https:\/\/i0.wp.com\/1truenote.com\/wp-content\/uploads\/2026\/02\/Artigo-1.png?fit=1536%2C1140&ssl=1","jetpack_sharing_enabled":true,"_links":{"self":[{"href":"https:\/\/1truenote.com\/en\/wp-json\/wp\/v2\/posts\/4550","targetHints":{"allow":["GET"]}}],"collection":[{"href":"https:\/\/1truenote.com\/en\/wp-json\/wp\/v2\/posts"}],"about":[{"href":"https:\/\/1truenote.com\/en\/wp-json\/wp\/v2\/types\/post"}],"author":[{"embeddable":true,"href":"https:\/\/1truenote.com\/en\/wp-json\/wp\/v2\/users\/1"}],"replies":[{"embeddable":true,"href":"https:\/\/1truenote.com\/en\/wp-json\/wp\/v2\/comments?post=4550"}],"version-history":[{"count":1,"href":"https:\/\/1truenote.com\/en\/wp-json\/wp\/v2\/posts\/4550\/revisions"}],"predecessor-version":[{"id":4552,"href":"https:\/\/1truenote.com\/en\/wp-json\/wp\/v2\/posts\/4550\/revisions\/4552"}],"wp:featuredmedia":[{"embeddable":true,"href":"https:\/\/1truenote.com\/en\/wp-json\/wp\/v2\/media\/4551"}],"wp:attachment":[{"href":"https:\/\/1truenote.com\/en\/wp-json\/wp\/v2\/media?parent=4550"}],"wp:term":[{"taxonomy":"category","embeddable":true,"href":"https:\/\/1truenote.com\/en\/wp-json\/wp\/v2\/categories?post=4550"},{"taxonomy":"post_tag","embeddable":true,"href":"https:\/\/1truenote.com\/en\/wp-json\/wp\/v2\/tags?post=4550"}],"curies":[{"name":"wp","href":"https:\/\/api.w.org\/{rel}","templated":true}]}}