{"id":4547,"date":"2026-02-03T11:45:45","date_gmt":"2026-02-03T14:45:45","guid":{"rendered":"https:\/\/1truenote.com\/?p=4547"},"modified":"2026-02-03T11:45:51","modified_gmt":"2026-02-03T14:45:51","slug":"cabeceira-de-cama-moderna-design-conforto","status":"publish","type":"post","link":"https:\/\/1truenote.com\/en\/cabeceira-de-cama-moderna-design-conforto\/","title":{"rendered":"Cabeceira de cama: Quando o detalhe vira protagonista do quarto"},"content":{"rendered":"<p>A <strong>cabeceira de cama<\/strong> deixou de ser apenas um complemento funcional e passou a ocupar papel central no design do quarto. Na imagem, vemos claramente como esse elemento \u00e9 capaz de estruturar o ambiente, definir o estilo e elevar a percep\u00e7\u00e3o de conforto visual e sensorial.<\/p>\n\n\n\n<p>Logo no primeiro olhar, algumas quest\u00f5es essenciais orientam este projeto e ajudam voc\u00ea a aplicar a mesma l\u00f3gica no seu espa\u00e7o:<\/p>\n\n\n\n<ul class=\"wp-block-list\">\n<li><strong>Conforto visual e ac\u00fastico<\/strong> por meio de estofamento vertical<\/li>\n\n\n\n<li><strong>Sensa\u00e7\u00e3o de acolhimento<\/strong> criada pela ilumina\u00e7\u00e3o indireta embutida<\/li>\n\n\n\n<li><strong>Valoriza\u00e7\u00e3o do quarto<\/strong> com um elemento de forte impacto est\u00e9tico<\/li>\n\n\n\n<li><strong>Integra\u00e7\u00e3o entre cores, texturas e marcenaria<\/strong><\/li>\n\n\n\n<li><strong>Funcionalidade aliada ao design contempor\u00e2neo<\/strong><\/li>\n<\/ul>\n\n\n\n<p>A seguir, destrinchamos cada ponto com foco pr\u00e1tico, est\u00e9tico e estrat\u00e9gico \u2014 exatamente como um projeto bem pensado deve ser.<\/p>\n\n\n\n<hr class=\"wp-block-separator has-alpha-channel-opacity\"\/>\n\n\n\n<h2 id='a-for\u00e7a-do-estofamento-vertical-na-cabeceira-de-cama'  class=\"wp-block-heading\">A for\u00e7a do estofamento vertical na cabeceira de cama<\/h2>\n\n\n\n<p>O uso de <strong>pain\u00e9is estofados verticais<\/strong>, como visto na imagem, cria ritmo visual e sensa\u00e7\u00e3o de p\u00e9-direito mais alto. Esse recurso, al\u00e9m de elegante, contribui para o conforto ac\u00fastico do quarto, tornando o ambiente mais silencioso e intimista.<\/p>\n\n\n\n<p>O tecido em tom verde profundo adiciona sofistica\u00e7\u00e3o sem pesar, funcionando como uma base crom\u00e1tica equilibrada que conversa bem com neutros claros, madeira natural e ilumina\u00e7\u00e3o quente. \u00c9 design com prop\u00f3sito: bonito, confort\u00e1vel e funcional.<\/p>\n\n\n\n<hr class=\"wp-block-separator has-alpha-channel-opacity\"\/>\n\n\n\n<a href=\"https:\/\/1truenote.com\/en\/mesa-posta-para-churrasco-itens-essenciais\/\" style=\"text-decoration: none;\">\n  <div style=\"display: flex; justify-content: space-between; align-items: center; background: #d44a00; padding: 12px 20px; color: white; font-family: Arial, sans-serif;\">\n    <strong style=\"color: black;\">READ ALSO:<\/strong>\n    <span style=\"margin-left: 8px; flex: 1;\">10 Dicas de Decora\u00e7\u00e3o Mesa Posta<\/span>\n    <div style=\"background: #f2802f; padding: 8px 12px; border-radius: 2px; margin-left: 10px;\">\n      <span style=\"color: white; font-weight: bold;\">\u27a4<\/span>\n    <\/div>\n  <\/div>\n<\/a>\n\n\n\n<hr class=\"wp-block-separator has-alpha-channel-opacity\"\/>\n\n\n\n<h2 id='ilumina\u00e7\u00e3o-indireta-conforto-que-se-sente-n\u00e3o-se-v\u00ea'  class=\"wp-block-heading\">Ilumina\u00e7\u00e3o indireta: Conforto que se sente, n\u00e3o se v\u00ea<\/h2>\n\n\n\n<p>A ilumina\u00e7\u00e3o embutida atr\u00e1s da cabeceira \u00e9 um dos grandes diferenciais do projeto. Ela elimina a necessidade de luz direta intensa, criando uma atmosfera prop\u00edcia ao descanso.<\/p>\n\n\n\n<p>Tecnicamente, trata-se de uma solu\u00e7\u00e3o eficiente:<\/p>\n\n\n\n<ul class=\"wp-block-list\">\n<li>Reduz o ofuscamento<\/li>\n\n\n\n<li>Valoriza volumes e texturas<\/li>\n\n\n\n<li>Substitui abajures tradicionais com mais eleg\u00e2ncia<\/li>\n<\/ul>\n\n\n\n<p>Do ponto de vista emocional, o efeito \u00e9 imediato: o quarto parece mais calmo, mais quente e mais convidativo.<\/p>\n\n\n\n<hr class=\"wp-block-separator has-alpha-channel-opacity\"\/>\n\n\n\n<figure class=\"wp-block-image aligncenter size-large is-resized\"><a href=\"https:\/\/chat.whatsapp.com\/KJBkp5LFJVRIvmt5X3hSEh\" target=\"_blank\" rel=\"noopener\"><img data-recalc-dims=\"1\" fetchpriority=\"high\" decoding=\"async\" width=\"683\" height=\"1024\" src=\"https:\/\/i0.wp.com\/1truenote.com\/wp-content\/uploads\/2025\/06\/ChatGPT-Image-3-de-jun.-de-2025-19_04_53.png?resize=683%2C1024&#038;ssl=1\" alt=\"chamada banner advetorial whats\" class=\"wp-image-2683\" style=\"object-fit:cover;width:200px;height:300px\" srcset=\"https:\/\/i0.wp.com\/1truenote.com\/wp-content\/uploads\/2025\/06\/ChatGPT-Image-3-de-jun.-de-2025-19_04_53.png?resize=683%2C1024&amp;ssl=1 683w, https:\/\/i0.wp.com\/1truenote.com\/wp-content\/uploads\/2025\/06\/ChatGPT-Image-3-de-jun.-de-2025-19_04_53.png?resize=200%2C300&amp;ssl=1 200w, https:\/\/i0.wp.com\/1truenote.com\/wp-content\/uploads\/2025\/06\/ChatGPT-Image-3-de-jun.-de-2025-19_04_53.png?resize=768%2C1152&amp;ssl=1 768w, https:\/\/i0.wp.com\/1truenote.com\/wp-content\/uploads\/2025\/06\/ChatGPT-Image-3-de-jun.-de-2025-19_04_53.png?resize=150%2C225&amp;ssl=1 150w, https:\/\/i0.wp.com\/1truenote.com\/wp-content\/uploads\/2025\/06\/ChatGPT-Image-3-de-jun.-de-2025-19_04_53.png?w=1024&amp;ssl=1 1024w\" sizes=\"(max-width: 683px) 100vw, 683px\" \/><\/a><\/figure>\n\n\n\n<hr class=\"wp-block-separator has-alpha-channel-opacity\"\/>\n\n\n\n<h2 id='integra\u00e7\u00e3o-com-criados-mudos-e-pendentes'  class=\"wp-block-heading\">Integra\u00e7\u00e3o com criados-mudos e pendentes<\/h2>\n\n\n\n<p>Outro acerto do ambiente \u00e9 a integra\u00e7\u00e3o da cabeceira com <strong>criados-mudos suspensos<\/strong> e <strong>pendentes minimalistas<\/strong>. Essa escolha libera \u00e1rea no piso, refor\u00e7a a sensa\u00e7\u00e3o de leveza e contribui para um layout mais limpo e organizado.<\/p>\n\n\n\n<p>Os pendentes substituem lumin\u00e1rias de mesa com vantagem dupla: economizam espa\u00e7o e refor\u00e7am a simetria do ambiente \u2014 um princ\u00edpio cl\u00e1ssico da boa arquitetura de interiores.<\/p>\n\n\n\n<hr class=\"wp-block-separator has-alpha-channel-opacity\"\/>\n\n\n\n<h2 id='paleta-crom\u00e1tica-e-sensa\u00e7\u00e3o-de-acolhimento'  class=\"wp-block-heading\">Paleta crom\u00e1tica e sensa\u00e7\u00e3o de acolhimento<\/h2>\n\n\n\n<p>O verde da cabeceira atua como elemento de destaque, enquanto os tons claros da roupa de cama e das paredes equilibram a composi\u00e7\u00e3o. O resultado \u00e9 um quarto que transmite calma, sofistica\u00e7\u00e3o e aconchego \u2014 tr\u00eas pilares essenciais para ambientes de descanso.<\/p>\n\n\n\n<p>Essa combina\u00e7\u00e3o funciona especialmente bem em projetos contempor\u00e2neos, escandinavos, japandi e minimalistas quentes.<\/p>\n\n\n\n<hr class=\"wp-block-separator has-alpha-channel-opacity\"\/>\n\n\n\n<a href=\"https:\/\/1truenote.com\/en\/mesa-posta-para-churrasco-itens-essenciais\/\" style=\"text-decoration: none;\">\n  <div style=\"display: flex; justify-content: space-between; align-items: center; background: #d44a00; padding: 12px 20px; color: white; font-family: Arial, sans-serif;\">\n    <strong style=\"color: black;\">READ ALSO:<\/strong>\n    <span style=\"margin-left: 8px; flex: 1;\">10 Dicas de Decora\u00e7\u00e3o Mesa Posta<\/span>\n    <div style=\"background: #f2802f; padding: 8px 12px; border-radius: 2px; margin-left: 10px;\">\n      <span style=\"color: white; font-weight: bold;\">\u27a4<\/span>\n    <\/div>\n  <\/div>\n<\/a>\n\n\n\n<hr class=\"wp-block-separator has-alpha-channel-opacity\"\/>\n\n\n\n<h2 id='conclus\u00e3o-por-que-investir-em-uma-cabeceira-bem-projetada'  class=\"wp-block-heading\">Conclus\u00e3o: Por que investir em uma cabeceira bem projetada<\/h2>\n\n\n\n<p>A cabeceira de cama n\u00e3o \u00e9 um detalhe decorativo menor. Ela estrutura o quarto, define o estilo, melhora o conforto e valoriza o im\u00f3vel. Quando bem projetada \u2014 como no exemplo da imagem \u2014, ela substitui m\u00faltiplos elementos decorativos e t\u00e9cnicos de forma inteligente e elegante.<\/p>\n\n\n\n<p>Se a ideia \u00e9 transformar o quarto em um verdadeiro ref\u00fagio, come\u00e7ar pela cabeceira \u00e9 uma decis\u00e3o l\u00f3gica, eficiente e esteticamente s\u00f3lida. Design de interiores, no fim das contas, \u00e9 isso: Resolver v\u00e1rias quest\u00f5es com uma \u00fanica boa escolha. Cabeceira de cama!<\/p>\n\n\n\n<hr class=\"wp-block-separator has-alpha-channel-opacity\"\/>\n\n\n\n<h2 id='faq-perguntas-frequentes-sobre-cabeceira-de-cama'  class=\"wp-block-heading\">FAQ \u2013 Perguntas frequentes sobre cabeceira de cama<\/h2>\n\n\n<div id=\"rank-math-faq\" class=\"rank-math-block\">\n<div class=\"rank-math-list\">\n<div id=\"faq-question-1770129399967\" class=\"rank-math-list-item\">\n<h3 id='qual-a-melhor-altura-para-uma-cabeceira-de-cama'  class=\"rank-math-question\">Qual a melhor altura para uma cabeceira de cama?<\/h3>\n<div class=\"rank-math-answer\">\n\n<p>Depende do p\u00e9-direito e do efeito desejado. Em geral, cabeceiras mais altas criam sensa\u00e7\u00e3o de sofistica\u00e7\u00e3o e ampliam visualmente o ambiente.<\/p>\n\n<\/div>\n<\/div>\n<div id=\"faq-question-1770129401940\" class=\"rank-math-list-item\">\n<h3 id='cabeceira-estofada-suja-f\u00e1cil'  class=\"rank-math-question\">Cabeceira estofada suja f\u00e1cil?<\/h3>\n<div class=\"rank-math-answer\">\n\n<p>Tecidos atuais possuem tratamentos que facilitam a limpeza. Al\u00e9m disso, escolher cores m\u00e9dias ou escuras ajuda a disfar\u00e7ar marcas do uso cotidiano.<\/p>\n\n<\/div>\n<\/div>\n<div id=\"faq-question-1770129402684\" class=\"rank-math-list-item\">\n<h3 id='ilumina\u00e7\u00e3o-embutida-na-cabeceira-vale-a-pena'  class=\"rank-math-question\">Ilumina\u00e7\u00e3o embutida na cabeceira vale a pena?<\/h3>\n<div class=\"rank-math-answer\">\n\n<p>Sim. Al\u00e9m de est\u00e9tica, ela melhora o conforto visual e reduz a necessidade de lumin\u00e1rias extras.<\/p>\n\n<\/div>\n<\/div>\n<div id=\"faq-question-1770129450342\" class=\"rank-math-list-item\">\n<h3 id='cabeceira-precisa-ser-fixa-na-parede'  class=\"rank-math-question\"><strong>Cabeceira precisa ser fixa na parede?<\/strong><\/h3>\n<div class=\"rank-math-answer\">\n\n<p>N\u00e3o obrigatoriamente. Existem modelos fixados \u00e0 cama ou modulares, mas as fixadas na parede costumam ter melhor resultado visual.<\/p>\n\n<\/div>\n<\/div>\n<div id=\"faq-question-1770129473605\" class=\"rank-math-list-item\">\n<h3 id='combina-com-quartos-pequenos'  class=\"rank-math-question\">Combina com quartos pequenos?<\/h3>\n<div class=\"rank-math-answer\">\n\n<p>Combina com quartos pequenos?<\/p>\n\n<\/div>\n<\/div>\n<\/div>\n<\/div>\n\n\n<figure class=\"wp-block-image aligncenter size-large\"><img data-recalc-dims=\"1\" decoding=\"async\" width=\"1024\" height=\"760\" src=\"https:\/\/i0.wp.com\/1truenote.com\/wp-content\/uploads\/2026\/02\/Artigo.png?resize=1024%2C760&#038;ssl=1\" alt=\"Cabeceira de Cama Moderna: Conforto, Design e Ilumina\u00e7\u00e3o Aconchegante\" class=\"wp-image-4548\" srcset=\"https:\/\/i0.wp.com\/1truenote.com\/wp-content\/uploads\/2026\/02\/Artigo.png?resize=1024%2C760&amp;ssl=1 1024w, https:\/\/i0.wp.com\/1truenote.com\/wp-content\/uploads\/2026\/02\/Artigo.png?resize=300%2C223&amp;ssl=1 300w, https:\/\/i0.wp.com\/1truenote.com\/wp-content\/uploads\/2026\/02\/Artigo.png?resize=768%2C570&amp;ssl=1 768w, https:\/\/i0.wp.com\/1truenote.com\/wp-content\/uploads\/2026\/02\/Artigo.png?resize=16%2C12&amp;ssl=1 16w, https:\/\/i0.wp.com\/1truenote.com\/wp-content\/uploads\/2026\/02\/Artigo.png?resize=150%2C111&amp;ssl=1 150w, https:\/\/i0.wp.com\/1truenote.com\/wp-content\/uploads\/2026\/02\/Artigo.png?w=1536&amp;ssl=1 1536w\" sizes=\"(max-width: 1024px) 100vw, 1024px\" \/><figcaption class=\"wp-element-caption\">Cabeceira de Cama Moderna: Conforto, Design e Ilumina\u00e7\u00e3o Aconchegante<\/figcaption><\/figure>","protected":false},"excerpt":{"rendered":"<p>A cabeceira de cama deixou de ser apenas um complemento funcional e passou a ocupar papel central no design do&#8230;<\/p>","protected":false},"author":1,"featured_media":4548,"comment_status":"open","ping_status":"open","sticky":false,"template":"","format":"standard","meta":{"_kad_post_transparent":"","_kad_post_title":"","_kad_post_layout":"","_kad_post_sidebar_id":"","_kad_post_content_style":"","_kad_post_vertical_padding":"","_kad_post_feature":"","_kad_post_feature_position":"","_kad_post_header":false,"_kad_post_footer":false,"_kad_post_classname":"","footnotes":"","jetpack_publicize_message":"A cabeceira de cama deixou de ser apenas um complemento funcional e passou a ocupar papel central no design do quarto. Na imagem, vemos claramente como esse elemento \u00e9 capaz de estruturar o ambiente, definir o estilo e elevar a percep\u00e7\u00e3o de conforto visual e sensorial.","jetpack_publicize_feature_enabled":true,"jetpack_social_post_already_shared":false,"jetpack_social_options":{"image_generator_settings":{"template":"highway","default_image_id":0,"font":"","enabled":false},"version":2}},"categories":[16,1],"tags":[15,13,14],"class_list":["post-4547","post","type-post","status-publish","format-standard","has-post-thumbnail","hentry","category-casa-e-jardim","category-novidades","tag-conservacao-e-manutencao","tag-minimalista","tag-interiores-inovadores"],"jetpack_publicize_connections":[],"jetpack_featured_media_url":"https:\/\/i0.wp.com\/1truenote.com\/wp-content\/uploads\/2026\/02\/Artigo.png?fit=1536%2C1140&ssl=1","jetpack_sharing_enabled":true,"_links":{"self":[{"href":"https:\/\/1truenote.com\/en\/wp-json\/wp\/v2\/posts\/4547","targetHints":{"allow":["GET"]}}],"collection":[{"href":"https:\/\/1truenote.com\/en\/wp-json\/wp\/v2\/posts"}],"about":[{"href":"https:\/\/1truenote.com\/en\/wp-json\/wp\/v2\/types\/post"}],"author":[{"embeddable":true,"href":"https:\/\/1truenote.com\/en\/wp-json\/wp\/v2\/users\/1"}],"replies":[{"embeddable":true,"href":"https:\/\/1truenote.com\/en\/wp-json\/wp\/v2\/comments?post=4547"}],"version-history":[{"count":1,"href":"https:\/\/1truenote.com\/en\/wp-json\/wp\/v2\/posts\/4547\/revisions"}],"predecessor-version":[{"id":4549,"href":"https:\/\/1truenote.com\/en\/wp-json\/wp\/v2\/posts\/4547\/revisions\/4549"}],"wp:featuredmedia":[{"embeddable":true,"href":"https:\/\/1truenote.com\/en\/wp-json\/wp\/v2\/media\/4548"}],"wp:attachment":[{"href":"https:\/\/1truenote.com\/en\/wp-json\/wp\/v2\/media?parent=4547"}],"wp:term":[{"taxonomy":"category","embeddable":true,"href":"https:\/\/1truenote.com\/en\/wp-json\/wp\/v2\/categories?post=4547"},{"taxonomy":"post_tag","embeddable":true,"href":"https:\/\/1truenote.com\/en\/wp-json\/wp\/v2\/tags?post=4547"}],"curies":[{"name":"wp","href":"https:\/\/api.w.org\/{rel}","templated":true}]}}