{"id":4540,"date":"2026-01-20T14:48:50","date_gmt":"2026-01-20T17:48:50","guid":{"rendered":"https:\/\/1truenote.com\/?p=4540"},"modified":"2026-01-20T14:48:56","modified_gmt":"2026-01-20T17:48:56","slug":"cozinha-contemporanea-banco-embutido","status":"publish","type":"post","link":"https:\/\/1truenote.com\/en\/cozinha-contemporanea-banco-embutido\/","title":{"rendered":"Cozinha contempor\u00e2nea com banco embutido: Marcenaria integrada que cria conforto e funcionalidade"},"content":{"rendered":"<p>A cozinha contempor\u00e2nea deixou de ser apenas um espa\u00e7o t\u00e9cnico e passou a assumir um papel central na vida social da casa.<\/p>\n\n\n\n<p>Projetos contempor\u00e2neos valorizam a integra\u00e7\u00e3o, o conforto e a perman\u00eancia \u2014 e \u00e9 exatamente isso que a combina\u00e7\u00e3o entre <strong>marcenaria planejada<\/strong>, <strong>ilha funcional<\/strong> e <strong>banco embutido<\/strong> oferece.<\/p>\n\n\n\n<p><strong>Neste artigo, voc\u00ea vai entender:<\/strong><\/p>\n\n\n\n<ul class=\"wp-block-list\">\n<li>Como a integra\u00e7\u00e3o entre cozinha e \u00e1rea social transforma o uso do espa\u00e7o<\/li>\n\n\n\n<li>Por que o banco embutido na ilha amplia a funcionalidade e o conforto<\/li>\n\n\n\n<li>O papel da madeira natural na sensa\u00e7\u00e3o de acolhimento<\/li>\n\n\n\n<li>Como ilumina\u00e7\u00e3o e linhas precisas criam um ambiente sereno e cont\u00ednuo<\/li>\n\n\n\n<li>Boas pr\u00e1ticas de design para projetos de cozinha contempor\u00e2nea<\/li>\n<\/ul>\n\n\n\n<p>A imagem ilustra com precis\u00e3o essa nova abordagem: uma cozinha pensada para ser vivida, n\u00e3o apenas utilizada.<\/p>\n\n\n\n<hr class=\"wp-block-separator has-alpha-channel-opacity\"\/>\n\n\n\n<h2 id='a-integra\u00e7\u00e3o-entre-marcenaria-e-\u00e1rea-social'  class=\"wp-block-heading\">A integra\u00e7\u00e3o entre marcenaria e \u00e1rea social<\/h2>\n\n\n\n<p>A marcenaria planejada atua como o elo entre est\u00e9tica e fun\u00e7\u00e3o. Quando cozinha e \u00e1rea social se conectam visual e fisicamente, o ambiente ganha fluidez e coer\u00eancia. Arm\u00e1rios cont\u00ednuos, pain\u00e9is em madeira e volumes bem definidos eliminam rupturas visuais e refor\u00e7am a ideia de um espa\u00e7o \u00fanico.<\/p>\n\n\n\n<p>Essa integra\u00e7\u00e3o:<\/p>\n\n\n\n<ul class=\"wp-block-list\">\n<li>Facilita a circula\u00e7\u00e3o<\/li>\n\n\n\n<li>Valoriza a conviv\u00eancia<\/li>\n\n\n\n<li>Torna a cozinha parte ativa do cotidiano social<\/li>\n<\/ul>\n\n\n\n<p>N\u00e3o h\u00e1 mais fronteiras r\u00edgidas: cozinhar, conversar, trabalhar ou descansar passam a coexistir no mesmo ambiente.<\/p>\n\n\n\n<hr class=\"wp-block-separator has-alpha-channel-opacity\"\/>\n\n\n\n<h2 id='banco-embutido-na-ilha-mais-do-que-um-assento'  class=\"wp-block-heading\">Banco embutido na ilha: Mais do que um assento<\/h2>\n\n\n\n<p>O banco embutido redefine o papel da ilha de cozinha. Antes limitada ao preparo de alimentos, ela passa a ser tamb\u00e9m um <strong>ponto de perman\u00eancia<\/strong>.<\/p>\n\n\n\n<h3 id='benef\u00edcios-do-banco-embutido'  class=\"wp-block-heading\">Benef\u00edcios do banco embutido:<\/h3>\n\n\n\n<ul class=\"wp-block-list\">\n<li>Cria um local confort\u00e1vel para refei\u00e7\u00f5es r\u00e1pidas<\/li>\n\n\n\n<li>Estimula intera\u00e7\u00f5es informais<\/li>\n\n\n\n<li>Substitui cadeiras soltas, otimizando o espa\u00e7o<\/li>\n\n\n\n<li>Refor\u00e7a a sensa\u00e7\u00e3o de acolhimento<\/li>\n<\/ul>\n\n\n\n<p>Integrado \u00e0 marcenaria, o banco se torna parte do projeto \u2014 n\u00e3o um complemento improvisado. O estofado neutro suaviza o conjunto e convida ao uso prolongado.<\/p>\n\n\n\n<hr class=\"wp-block-separator has-alpha-channel-opacity\"\/>\n\n\n<div class=\"hostinger-affiliate-block-wrap\">\n            <div class=\"hostinger-affiliate-block-list-simple\">\n            <div class=\"hostinger-affiliate-block-list-simple__image\">\n                                        <a href=\"https:\/\/www.amazon.com.br\/dp\/B08DP7SM2M?tag=joaopedro047-20\" target=\"_blank\" rel=\"nofollow noopener noreferrer\">\n                            <img decoding=\"async\" src=\"https:\/\/m.media-amazon.com\/images\/I\/41Zv99FCHvL.jpg\" alt=\"Cozinha Completa Madesa Reims 310001 com Arm\u00e1rio e Balc\u00e3o - Preto\">\n                        <\/a>\n                                <\/div>\n            <div class=\"hostinger-affiliate-block-list-simple__product-data\">\n                <div class=\"hostinger-affiliate-block-list-simple__product-info\">\n                                            <div class=\"hostinger-affiliate-block-list-simple__bestseller-label\">\n                                                        Bestseller #1                        <\/div>\n                                            <div class=\"hostinger-affiliate-block-list-simple__product-title\">\n                        <a href=\"https:\/\/www.amazon.com.br\/dp\/B08DP7SM2M?tag=joaopedro047-20\" target=\"_blank\" rel=\"nofollow noopener noreferrer\">\n                            <h3 id='cozinha-completa-madesa-reims-310001-com-arm\u00e1rio-e-balc\u00e3o-preto'>\n                                Cozinha Completa Madesa Reims 310001 com Arm\u00e1rio e Balc\u00e3o &#8211; Preto                            <\/h3>\n                        <\/a>\n                    <\/div>\n                    <div class=\"hostinger-affiliate-block-list-simple__product-pricing\">\n                                                    <div class=\"hostinger-affiliate-block-list-simple__product-price\">\n                                R$1.599,99                            <\/div>\n                                                <\/div>\n                <\/div>\n                <div class=\"hostinger-affiliate-block-list-simple__product-actions\">\n                    <div>\n                        <a href=\"https:\/\/www.amazon.com.br\/dp\/B08DP7SM2M?tag=joaopedro047-20\" class=\"hostinger-affiliate-block-list-simple__product-amazon-button\" target=\"_blank\" rel=\"nofollow noopener noreferrer\">\n    Buy on Amazon<\/a>\n                    <\/div>\n                <\/div>\n            <\/div>\n        <\/div>\n                <div class=\"hostinger-affiliate-block-list-simple\">\n            <div class=\"hostinger-affiliate-block-list-simple__image\">\n                                        <a href=\"https:\/\/www.amazon.com.br\/dp\/B0F23PYFSJ?tag=joaopedro047-20\" target=\"_blank\" rel=\"nofollow noopener noreferrer\">\n                            <img decoding=\"async\" src=\"https:\/\/m.media-amazon.com\/images\/I\/51msZUSReZL._AC_.jpg\" alt=\"Sof\u00e1 Cama Madeira Maci\u00e7a R\u00fastico Solteiro - Castanho\">\n                        <\/a>\n                                <\/div>\n            <div class=\"hostinger-affiliate-block-list-simple__product-data\">\n                <div class=\"hostinger-affiliate-block-list-simple__product-info\">\n                                            <div class=\"hostinger-affiliate-block-list-simple__bestseller-label\">\n                                                        Bestseller #2                        <\/div>\n                                            <div class=\"hostinger-affiliate-block-list-simple__product-title\">\n                        <a href=\"https:\/\/www.amazon.com.br\/dp\/B0F23PYFSJ?tag=joaopedro047-20\" target=\"_blank\" rel=\"nofollow noopener noreferrer\">\n                            <h3 id='sof\u00e1-cama-madeira-maci\u00e7a-r\u00fastico-solteiro-castanho'>\n                                Sof\u00e1 Cama Madeira Maci\u00e7a R\u00fastico Solteiro &#8211; Castanho                            <\/h3>\n                        <\/a>\n                    <\/div>\n                    <div class=\"hostinger-affiliate-block-list-simple__product-pricing\">\n                                            <\/div>\n                <\/div>\n                <div class=\"hostinger-affiliate-block-list-simple__product-actions\">\n                    <div>\n                        <a href=\"https:\/\/www.amazon.com.br\/dp\/B0F23PYFSJ?tag=joaopedro047-20\" class=\"hostinger-affiliate-block-list-simple__product-amazon-button\" target=\"_blank\" rel=\"nofollow noopener noreferrer\">\n    Buy on Amazon<\/a>\n                    <\/div>\n                <\/div>\n            <\/div>\n        <\/div>\n                <div class=\"hostinger-affiliate-block-list-simple\">\n            <div class=\"hostinger-affiliate-block-list-simple__image\">\n                                        <a href=\"https:\/\/www.amazon.com.br\/dp\/B0CJKJHK11?tag=joaopedro047-20\" target=\"_blank\" rel=\"nofollow noopener noreferrer\">\n                            <img decoding=\"async\" src=\"https:\/\/m.media-amazon.com\/images\/I\/413O9G0bidL._AC_.jpg\" alt=\"Conjunto Canto Alem\u00e3o com 2 Cadeiras Rock\">\n                        <\/a>\n                                <\/div>\n            <div class=\"hostinger-affiliate-block-list-simple__product-data\">\n                <div class=\"hostinger-affiliate-block-list-simple__product-info\">\n                                            <div class=\"hostinger-affiliate-block-list-simple__bestseller-label\">\n                                                        Bestseller #3                        <\/div>\n                                            <div class=\"hostinger-affiliate-block-list-simple__product-title\">\n                        <a href=\"https:\/\/www.amazon.com.br\/dp\/B0CJKJHK11?tag=joaopedro047-20\" target=\"_blank\" rel=\"nofollow noopener noreferrer\">\n                            <h3 id='conjunto-canto-alem\u00e3o-com-2-cadeiras-rock'>\n                                Conjunto Canto Alem\u00e3o com 2 Cadeiras Rock                            <\/h3>\n                        <\/a>\n                    <\/div>\n                    <div class=\"hostinger-affiliate-block-list-simple__product-pricing\">\n                                                    <div class=\"hostinger-affiliate-block-list-simple__product-price\">\n                                R$999,98                            <\/div>\n                                                <\/div>\n                <\/div>\n                <div class=\"hostinger-affiliate-block-list-simple__product-actions\">\n                    <div>\n                        <a href=\"https:\/\/www.amazon.com.br\/dp\/B0CJKJHK11?tag=joaopedro047-20\" class=\"hostinger-affiliate-block-list-simple__product-amazon-button\" target=\"_blank\" rel=\"nofollow noopener noreferrer\">\n    Buy on Amazon<\/a>\n                    <\/div>\n                <\/div>\n            <\/div>\n        <\/div>\n        <\/div>\n\n\n\n<hr class=\"wp-block-separator has-alpha-channel-opacity\"\/>\n\n\n\n<h2 id='madeira-natural-como-elemento-central-do-design'  class=\"wp-block-heading\">Madeira natural como elemento central do design<\/h2>\n\n\n\n<p>A madeira natural \u00e9 protagonista nesse tipo de projeto. Ela aquece o ambiente, humaniza as superf\u00edcies e cria conex\u00e3o sensorial com o espa\u00e7o.<\/p>\n\n\n\n<p>No contexto da cozinha contempor\u00e2nea, a madeira:<\/p>\n\n\n\n<ul class=\"wp-block-list\">\n<li>Contrabalan\u00e7a superf\u00edcies frias como pedra e metal<\/li>\n\n\n\n<li>Traz textura e profundidade visual<\/li>\n\n\n\n<li>Refor\u00e7a a sensa\u00e7\u00e3o de conforto e sofistica\u00e7\u00e3o discreta<\/li>\n<\/ul>\n\n\n\n<p>O uso de ripados verticais, como visto na ilha, adiciona ritmo e eleg\u00e2ncia sem excessos.<\/p>\n\n\n\n<hr class=\"wp-block-separator has-alpha-channel-opacity\"\/>\n\n\n\n<figure class=\"wp-block-image aligncenter size-large is-resized\"><a href=\"https:\/\/chat.whatsapp.com\/KJBkp5LFJVRIvmt5X3hSEh\" target=\"_blank\" rel=\"noopener\"><img data-recalc-dims=\"1\" fetchpriority=\"high\" decoding=\"async\" width=\"683\" height=\"1024\" src=\"https:\/\/i0.wp.com\/1truenote.com\/wp-content\/uploads\/2025\/06\/ChatGPT-Image-3-de-jun.-de-2025-19_04_53.png?resize=683%2C1024&#038;ssl=1\" alt=\"chamada banner advetorial whats\" class=\"wp-image-2683\" style=\"object-fit:cover;width:200px;height:300px\" srcset=\"https:\/\/i0.wp.com\/1truenote.com\/wp-content\/uploads\/2025\/06\/ChatGPT-Image-3-de-jun.-de-2025-19_04_53.png?resize=683%2C1024&amp;ssl=1 683w, https:\/\/i0.wp.com\/1truenote.com\/wp-content\/uploads\/2025\/06\/ChatGPT-Image-3-de-jun.-de-2025-19_04_53.png?resize=200%2C300&amp;ssl=1 200w, https:\/\/i0.wp.com\/1truenote.com\/wp-content\/uploads\/2025\/06\/ChatGPT-Image-3-de-jun.-de-2025-19_04_53.png?resize=768%2C1152&amp;ssl=1 768w, https:\/\/i0.wp.com\/1truenote.com\/wp-content\/uploads\/2025\/06\/ChatGPT-Image-3-de-jun.-de-2025-19_04_53.png?resize=150%2C225&amp;ssl=1 150w, https:\/\/i0.wp.com\/1truenote.com\/wp-content\/uploads\/2025\/06\/ChatGPT-Image-3-de-jun.-de-2025-19_04_53.png?w=1024&amp;ssl=1 1024w\" sizes=\"(max-width: 683px) 100vw, 683px\" \/><\/a><\/figure>\n\n\n\n<hr class=\"wp-block-separator has-alpha-channel-opacity\"\/>\n\n\n\n<h2 id='ilumina\u00e7\u00e3o-equilibrada-e-atmosfera-serena'  class=\"wp-block-heading\">Ilumina\u00e7\u00e3o equilibrada e atmosfera serena<\/h2>\n\n\n\n<p>A ilumina\u00e7\u00e3o \u00e9 tratada de forma estrat\u00e9gica e contida. Pendentes com luz quente, ilumina\u00e7\u00e3o indireta sob prateleiras e aus\u00eancia de ofuscamento criam um cen\u00e1rio calmo e funcional.<\/p>\n\n\n\n<p>Esse equil\u00edbrio luminoso:<\/p>\n\n\n\n<ul class=\"wp-block-list\">\n<li>Valoriza os materiais naturais<\/li>\n\n\n\n<li>Define zonas de uso sem dividir o espa\u00e7o<\/li>\n\n\n\n<li>Contribui para a sensa\u00e7\u00e3o de continuidade visual<\/li>\n<\/ul>\n\n\n\n<p>A cozinha se torna um ambiente sereno, adequado tanto para o dia a dia quanto para momentos de pausa.<\/p>\n\n\n\n<hr class=\"wp-block-separator has-alpha-channel-opacity\"\/>\n\n\n\n<h2 id='boas-pr\u00e1ticas-para-projetos-semelhantes'  class=\"wp-block-heading\">Boas pr\u00e1ticas para projetos semelhantes<\/h2>\n\n\n\n<figure class=\"wp-block-table\"><table class=\"has-fixed-layout\"><thead><tr><th>Elemento<\/th><th>Recomenda\u00e7\u00e3o<\/th><\/tr><\/thead><tbody><tr><td>Marcenaria<\/td><td>Priorize linhas retas e continuidade visual<\/td><\/tr><tr><td>Ilha<\/td><td>Integre fun\u00e7\u00f5es: preparo, apoio e perman\u00eancia<\/td><\/tr><tr><td>Banco embutido<\/td><td>Use estofados neutros e confort\u00e1veis<\/td><\/tr><tr><td>Materiais<\/td><td>Combine madeira natural com superf\u00edcies claras<\/td><\/tr><tr><td>Lighting<\/td><td>Prefira luz quente e indireta<\/td><\/tr><\/tbody><\/table><\/figure>\n\n\n\n<p>Essas escolhas garantem um projeto atemporal, funcional e acolhedor.<\/p>\n\n\n\n<hr class=\"wp-block-separator has-alpha-channel-opacity\"\/>\n\n\n\n<a href=\"https:\/\/1truenote.com\/en\/cozinha-com-ilha-de-madeira-2026\/\" style=\"text-decoration: none;\">\n  <div style=\"display: flex; justify-content: space-between; align-items: center; background: #d44a00; padding: 12px 20px; color: white; font-family: Arial, sans-serif;\">\n    <strong style=\"color: black;\">READ ALSO:<\/strong>\n    <span style=\"margin-left: 8px; flex: 1;\">10 Dicas de Decora\u00e7\u00e3o para Cozinha<\/span>\n    <div style=\"background: #f2802f; padding: 8px 12px; border-radius: 2px; margin-left: 10px;\">\n      <span style=\"color: white; font-weight: bold;\">\u27a4<\/span>\n    <\/div>\n  <\/div>\n<\/a>\n\n\n\n<hr class=\"wp-block-separator has-alpha-channel-opacity\"\/>\n\n\n\n<h2 id='cozinha-contempor\u00e2nea'  class=\"wp-block-heading\">Cozinha contempor\u00e2nea<\/h2>\n\n\n\n<p>A cozinha contempor\u00e2nea apresentada vai al\u00e9m da est\u00e9tica. Ela traduz uma mudan\u00e7a de comportamento: cozinhar, receber e conviver acontecem no mesmo espa\u00e7o. A integra\u00e7\u00e3o entre marcenaria e \u00e1rea social, aliada ao banco embutido na ilha, transforma a cozinha em um ambiente de perman\u00eancia, conforto e equil\u00edbrio.<\/p>\n\n\n\n<p>Madeira natural, linhas precisas e ilumina\u00e7\u00e3o bem resolvida constroem um espa\u00e7o cont\u00ednuo, pr\u00e1tico e visualmente sereno. Um projeto que n\u00e3o busca excessos, mas sim coer\u00eancia, funcionalidade e bem-estar \u2014 exatamente o que se espera de um design pensado para a vida real.<\/p>\n\n\n\n<hr class=\"wp-block-separator has-alpha-channel-opacity\"\/>\n\n\n\n<a href=\"https:\/\/1truenote.com\/en\/cozinha-com-ilha-de-madeira-2026\/\" style=\"text-decoration: none;\">\n  <div style=\"display: flex; justify-content: space-between; align-items: center; background: #d44a00; padding: 12px 20px; color: white; font-family: Arial, sans-serif;\">\n    <strong style=\"color: black;\">READ ALSO:<\/strong>\n    <span style=\"margin-left: 8px; flex: 1;\">10 Dicas de Decora\u00e7\u00e3o para Cozinha<\/span>\n    <div style=\"background: #f2802f; padding: 8px 12px; border-radius: 2px; margin-left: 10px;\">\n      <span style=\"color: white; font-weight: bold;\">\u27a4<\/span>\n    <\/div>\n  <\/div>\n<\/a>\n\n\n\n\n<hr class=\"wp-block-separator has-alpha-channel-opacity\"\/>\n\n\n\n<h2 id='faq-perguntas-frequentes-sobre-cozinha-contempor\u00e2nea'  class=\"wp-block-heading\">FAQ \u2013 Perguntas frequentes sobre cozinha contempor\u00e2nea<\/h2>\n\n\n<div id=\"rank-math-faq\" class=\"rank-math-block\">\n<div class=\"rank-math-list\">\n<div id=\"faq-question-1768930534826\" class=\"rank-math-list-item\">\n<h3 id='banco-embutido-na-ilha-\u00e9-confort\u00e1vel-para-uso-di\u00e1rio'  class=\"rank-math-question\">Banco embutido na ilha \u00e9 confort\u00e1vel para uso di\u00e1rio?<\/h3>\n<div class=\"rank-math-answer\">\n\n<p>Banco embutido na ilha \u00e9 confort\u00e1vel para uso di\u00e1rio?<\/p>\n\n<\/div>\n<\/div>\n<div id=\"faq-question-1768930535921\" class=\"rank-math-list-item\">\n<h3 id='esse-tipo-de-cozinha-funciona-em-espa\u00e7os-menores'  class=\"rank-math-question\">Esse tipo de cozinha funciona em espa\u00e7os menores?<\/h3>\n<div class=\"rank-math-answer\">\n\n<p>Esse tipo de cozinha funciona em espa\u00e7os menores?<\/p>\n\n<\/div>\n<\/div>\n<div id=\"faq-question-1768930537063\" class=\"rank-math-list-item\">\n<h3 id='a-madeira-na-cozinha-n\u00e3o-exige-muita-manuten\u00e7\u00e3o'  class=\"rank-math-question\">A madeira na cozinha n\u00e3o exige muita manuten\u00e7\u00e3o?<\/h3>\n<div class=\"rank-math-answer\">\n\n<p>Com tratamento correto e uso de madeiras adequadas, a manuten\u00e7\u00e3o \u00e9 simples e a durabilidade \u00e9 alta.<\/p>\n\n<\/div>\n<\/div>\n<div id=\"faq-question-1768930537607\" class=\"rank-math-list-item\">\n<h3 id='ilha-com-banco-substitui-a-mesa-de-jantar'  class=\"rank-math-question\">Ilha com banco substitui a mesa de jantar?<\/h3>\n<div class=\"rank-math-answer\">\n\n<p>Em muitos projetos, sim \u2014 especialmente para refei\u00e7\u00f5es r\u00e1pidas e momentos informais.<\/p>\n\n<\/div>\n<\/div>\n<div id=\"faq-question-1768930603711\" class=\"rank-math-list-item\">\n<h3 id='esse-estilo-combina-com-outros-ambientes-da-casa'  class=\"rank-math-question\">Esse estilo combina com outros ambientes da casa?<\/h3>\n<div class=\"rank-math-answer\">\n\n<p>Esse estilo combina com outros ambientes da casa?<\/p>\n\n<\/div>\n<\/div>\n<\/div>\n<\/div>\n\n\n<figure class=\"wp-block-image aligncenter size-large\"><img data-recalc-dims=\"1\" decoding=\"async\" width=\"1024\" height=\"1024\" src=\"https:\/\/i0.wp.com\/1truenote.com\/wp-content\/uploads\/2026\/01\/Generated-image-2.png?resize=1024%2C1024&#038;ssl=1\" alt=\"Cozinha Contempor\u00e2nea\" class=\"wp-image-4541\" srcset=\"https:\/\/i0.wp.com\/1truenote.com\/wp-content\/uploads\/2026\/01\/Generated-image-2.png?resize=1024%2C1024&amp;ssl=1 1024w, https:\/\/i0.wp.com\/1truenote.com\/wp-content\/uploads\/2026\/01\/Generated-image-2.png?resize=300%2C300&amp;ssl=1 300w, https:\/\/i0.wp.com\/1truenote.com\/wp-content\/uploads\/2026\/01\/Generated-image-2.png?resize=150%2C150&amp;ssl=1 150w, https:\/\/i0.wp.com\/1truenote.com\/wp-content\/uploads\/2026\/01\/Generated-image-2.png?resize=768%2C768&amp;ssl=1 768w, https:\/\/i0.wp.com\/1truenote.com\/wp-content\/uploads\/2026\/01\/Generated-image-2.png?resize=1536%2C1536&amp;ssl=1 1536w, https:\/\/i0.wp.com\/1truenote.com\/wp-content\/uploads\/2026\/01\/Generated-image-2.png?resize=12%2C12&amp;ssl=1 12w, https:\/\/i0.wp.com\/1truenote.com\/wp-content\/uploads\/2026\/01\/Generated-image-2.png?resize=96%2C96&amp;ssl=1 96w, https:\/\/i0.wp.com\/1truenote.com\/wp-content\/uploads\/2026\/01\/Generated-image-2.png?w=2048&amp;ssl=1 2048w\" sizes=\"(max-width: 1024px) 100vw, 1024px\" \/><figcaption class=\"wp-element-caption\">Cozinha Contempor\u00e2nea<\/figcaption><\/figure>","protected":false},"excerpt":{"rendered":"<p>A cozinha contempor\u00e2nea deixou de ser apenas um espa\u00e7o t\u00e9cnico e passou a assumir um papel central na vida social&#8230;<\/p>","protected":false},"author":1,"featured_media":4541,"comment_status":"open","ping_status":"open","sticky":false,"template":"","format":"standard","meta":{"_kad_post_transparent":"","_kad_post_title":"","_kad_post_layout":"","_kad_post_sidebar_id":"","_kad_post_content_style":"","_kad_post_vertical_padding":"","_kad_post_feature":"","_kad_post_feature_position":"","_kad_post_header":false,"_kad_post_footer":false,"_kad_post_classname":"","footnotes":"","jetpack_publicize_message":"","jetpack_publicize_feature_enabled":true,"jetpack_social_post_already_shared":true,"jetpack_social_options":{"image_generator_settings":{"template":"highway","default_image_id":0,"font":"","enabled":false},"version":2}},"categories":[16],"tags":[13,14,12],"class_list":["post-4540","post","type-post","status-publish","format-standard","has-post-thumbnail","hentry","category-casa-e-jardim","tag-minimalista","tag-interiores-inovadores","tag-projetos-inovadores"],"jetpack_publicize_connections":[],"jetpack_featured_media_url":"https:\/\/i0.wp.com\/1truenote.com\/wp-content\/uploads\/2026\/01\/Generated-image-2.png?fit=2048%2C2048&ssl=1","jetpack_sharing_enabled":true,"_links":{"self":[{"href":"https:\/\/1truenote.com\/en\/wp-json\/wp\/v2\/posts\/4540","targetHints":{"allow":["GET"]}}],"collection":[{"href":"https:\/\/1truenote.com\/en\/wp-json\/wp\/v2\/posts"}],"about":[{"href":"https:\/\/1truenote.com\/en\/wp-json\/wp\/v2\/types\/post"}],"author":[{"embeddable":true,"href":"https:\/\/1truenote.com\/en\/wp-json\/wp\/v2\/users\/1"}],"replies":[{"embeddable":true,"href":"https:\/\/1truenote.com\/en\/wp-json\/wp\/v2\/comments?post=4540"}],"version-history":[{"count":1,"href":"https:\/\/1truenote.com\/en\/wp-json\/wp\/v2\/posts\/4540\/revisions"}],"predecessor-version":[{"id":4542,"href":"https:\/\/1truenote.com\/en\/wp-json\/wp\/v2\/posts\/4540\/revisions\/4542"}],"wp:featuredmedia":[{"embeddable":true,"href":"https:\/\/1truenote.com\/en\/wp-json\/wp\/v2\/media\/4541"}],"wp:attachment":[{"href":"https:\/\/1truenote.com\/en\/wp-json\/wp\/v2\/media?parent=4540"}],"wp:term":[{"taxonomy":"category","embeddable":true,"href":"https:\/\/1truenote.com\/en\/wp-json\/wp\/v2\/categories?post=4540"},{"taxonomy":"post_tag","embeddable":true,"href":"https:\/\/1truenote.com\/en\/wp-json\/wp\/v2\/tags?post=4540"}],"curies":[{"name":"wp","href":"https:\/\/api.w.org\/{rel}","templated":true}]}}