{"id":4536,"date":"2026-01-05T12:00:00","date_gmt":"2026-01-05T15:00:00","guid":{"rendered":"https:\/\/1truenote.com\/?p=4536"},"modified":"2026-01-05T11:31:44","modified_gmt":"2026-01-05T14:31:44","slug":"cozinha-com-ilha-de-madeira-2026","status":"publish","type":"post","link":"https:\/\/1truenote.com\/en\/cozinha-com-ilha-de-madeira-2026\/","title":{"rendered":"Cozinha com ilha de madeira: O equil\u00edbrio perfeito entre o r\u00fastico e o contempor\u00e2neo"},"content":{"rendered":"<p>A cozinha \u00e9 o cora\u00e7\u00e3o da casa. Mais do que um espa\u00e7o para preparar refei\u00e7\u00f5es, ela se tornou um ambiente de conviv\u00eancia, acolhimento e express\u00e3o de estilo. A proposta de uma <strong>cozinha com ilha de madeira<\/strong> une com perfei\u00e7\u00e3o o charme r\u00fastico \u00e0 sofistica\u00e7\u00e3o do design contempor\u00e2neo, criando um espa\u00e7o que \u00e9, ao mesmo tempo, funcional e aconchegante. Neste artigo, voc\u00ea vai descobrir:<\/p>\n\n\n\n<ul class=\"wp-block-list\">\n<li>Como integrar rusticidade e modernidade em um s\u00f3 projeto.<\/li>\n\n\n\n<li>Como a madeira natural transforma a atmosfera da cozinha;<\/li>\n\n\n\n<li>Por que a ilha central \u00e9 um elemento essencial de funcionalidade e beleza;<\/li>\n\n\n\n<li>Como usar ilumina\u00e7\u00e3o e pendentes artesanais para refor\u00e7ar o aconchego;<\/li>\n\n\n\n<li>Dicas de organiza\u00e7\u00e3o com prateleiras abertas e itens decorativos;<\/li>\n<\/ul>\n\n\n\n<hr class=\"wp-block-separator has-alpha-channel-opacity\"\/>\n\n\n\n<h2 id='a-madeira-como-protagonista-do-ambiente'  class=\"wp-block-heading\">A madeira como protagonista do ambiente<\/h2>\n\n\n\n<p>O uso da madeira natural \u00e9 o grande destaque desta composi\u00e7\u00e3o. Presente na ilha central, nas banquetas, no piso e at\u00e9 nos detalhes do teto com vigas aparentes, a madeira traz uma sensa\u00e7\u00e3o t\u00e1til e visual de conforto. Al\u00e9m disso, sua tonalidade clara e acabamento suave favorecem a ilumina\u00e7\u00e3o e ampliam o espa\u00e7o.<\/p>\n\n\n\n<p>O contraste entre os tons naturais da madeira e o branco dos arm\u00e1rios e das paredes cria uma est\u00e9tica limpa, harm\u00f4nica e equilibrada. Essa combina\u00e7\u00e3o valoriza tanto o visual quanto a funcionalidade, sem excessos, mas com muito estilo.<\/p>\n\n\n\n<hr class=\"wp-block-separator has-alpha-channel-opacity\"\/>\n\n\n\n<h2 id='ilha-central-est\u00e9tica-e-praticidade'  class=\"wp-block-heading\">Ilha central: Est\u00e9tica e praticidade<\/h2>\n\n\n\n<p>A ilha de madeira, com design robusto e linhas retas, \u00e9 um elemento essencial para a organiza\u00e7\u00e3o e o uso inteligente da cozinha com ilha de madeira. Ela serve como ponto de apoio no preparo das refei\u00e7\u00f5es, espa\u00e7o para intera\u00e7\u00e3o com a fam\u00edlia ou convidados, e at\u00e9 como \u00e1rea para refei\u00e7\u00f5es r\u00e1pidas no dia a dia.<\/p>\n\n\n\n<p>As banquetas em madeira refor\u00e7am a continuidade visual do ambiente, mantendo a paleta coesa e refor\u00e7ando a proposta de um espa\u00e7o integrado, onde tudo conversa entre si.<\/p>\n\n\n\n<hr class=\"wp-block-separator has-alpha-channel-opacity\"\/>\n\n\n\n<h2 id='ilumina\u00e7\u00e3o-com-toque-artesanal'  class=\"wp-block-heading\">Ilumina\u00e7\u00e3o com toque artesanal<\/h2>\n\n\n\n<p>Um dos grandes diferenciais dessa cozinha s\u00e3o os pendentes em palha natural sobre a ilha. Eles adicionam um toque artesanal, que quebra a rigidez das linhas retas com formas org\u00e2nicas e uma luz mais suave. A ilumina\u00e7\u00e3o funcional \u00e9 refor\u00e7ada pelos apliques em preto fosco nas paredes, garantindo boa visibilidade sem comprometer o aconchego.<\/p>\n\n\n\n<hr class=\"wp-block-separator has-alpha-channel-opacity\"\/>\n\n\n\n<figure class=\"wp-block-image aligncenter size-large is-resized\"><a href=\"https:\/\/chat.whatsapp.com\/KJBkp5LFJVRIvmt5X3hSEh\" target=\"_blank\" rel=\"noopener\"><img data-recalc-dims=\"1\" fetchpriority=\"high\" decoding=\"async\" width=\"683\" height=\"1024\" src=\"https:\/\/i0.wp.com\/1truenote.com\/wp-content\/uploads\/2025\/06\/ChatGPT-Image-3-de-jun.-de-2025-19_04_53.png?resize=683%2C1024&#038;ssl=1\" alt=\"chamada banner advetorial whats\" class=\"wp-image-2683\" style=\"object-fit:cover;width:200px;height:300px\" srcset=\"https:\/\/i0.wp.com\/1truenote.com\/wp-content\/uploads\/2025\/06\/ChatGPT-Image-3-de-jun.-de-2025-19_04_53.png?resize=683%2C1024&amp;ssl=1 683w, https:\/\/i0.wp.com\/1truenote.com\/wp-content\/uploads\/2025\/06\/ChatGPT-Image-3-de-jun.-de-2025-19_04_53.png?resize=200%2C300&amp;ssl=1 200w, https:\/\/i0.wp.com\/1truenote.com\/wp-content\/uploads\/2025\/06\/ChatGPT-Image-3-de-jun.-de-2025-19_04_53.png?resize=768%2C1152&amp;ssl=1 768w, https:\/\/i0.wp.com\/1truenote.com\/wp-content\/uploads\/2025\/06\/ChatGPT-Image-3-de-jun.-de-2025-19_04_53.png?resize=150%2C225&amp;ssl=1 150w, https:\/\/i0.wp.com\/1truenote.com\/wp-content\/uploads\/2025\/06\/ChatGPT-Image-3-de-jun.-de-2025-19_04_53.png?w=1024&amp;ssl=1 1024w\" sizes=\"(max-width: 683px) 100vw, 683px\" \/><\/a><\/figure>\n\n\n\n<hr class=\"wp-block-separator has-alpha-channel-opacity\"\/>\n\n\n\n<h2 id='organiza\u00e7\u00e3o-\u00e0-mostra-com-estilo'  class=\"wp-block-heading\">Organiza\u00e7\u00e3o \u00e0 mostra com estilo<\/h2>\n\n\n\n<p>As prateleiras abertas permitem a exposi\u00e7\u00e3o de utens\u00edlios, lou\u00e7as e elementos decorativos. Essa escolha traz personalidade ao ambiente e facilita o acesso ao que \u00e9 usado com frequ\u00eancia, promovendo praticidade e beleza em um s\u00f3 recurso. A composi\u00e7\u00e3o valoriza itens simples, como potes de cer\u00e2mica, t\u00e1buas de madeira e vasos decorativos, refor\u00e7ando o estilo r\u00fastico com eleg\u00e2ncia.<\/p>\n\n\n\n<hr class=\"wp-block-separator has-alpha-channel-opacity\"\/>\n\n\n\n<h2 id='um-ambiente-acolhedor-para-todos-os-momentos'  class=\"wp-block-heading\">Um ambiente acolhedor para todos os momentos<\/h2>\n\n\n\n<p>Mais do que apenas bonita, essa cozinha foi pensada para ser vivida. O uso de materiais naturais, a ilumina\u00e7\u00e3o aconchegante e a integra\u00e7\u00e3o entre as \u00e1reas fazem dela um espa\u00e7o convidativo \u2014 onde cozinhar se transforma em prazer, e estar presente se torna especial.<\/p>\n\n\n\n<hr class=\"wp-block-separator has-alpha-channel-opacity\"\/>\n\n\n\n<a href=\"https:\/\/1truenote.com\/en\/decoracao-com-espelho-organico-2026\/\" style=\"text-decoration: none;\">\n  <div style=\"display: flex; justify-content: space-between; align-items: center; background: #d44a00; padding: 12px 20px; color: white; font-family: Arial, sans-serif;\">\n    <strong style=\"color: black;\">READ ALSO:<\/strong>\n    <span style=\"margin-left: 8px; flex: 1;\">10 Dicas de Decora\u00e7\u00e3o com Espelho<\/span>\n    <div style=\"background: #f2802f; padding: 8px 12px; border-radius: 2px; margin-left: 10px;\">\n      <span style=\"color: white; font-weight: bold;\">\u27a4<\/span>\n    <\/div>\n  <\/div>\n<\/a>\n\n\n\n<hr class=\"wp-block-separator has-alpha-channel-opacity\"\/>\n\n\n\n<h2 id='por-que-investir-em-uma-cozinha-com-ilha-de-madeira'  class=\"wp-block-heading\">Por que investir em uma cozinha com ilha de madeira?<\/h2>\n\n\n\n<p>A cozinha com ilha de madeira vai muito al\u00e9m da est\u00e9tica \u2014 ela \u00e9 uma escolha estrat\u00e9gica para quem busca unir sofistica\u00e7\u00e3o, funcionalidade e calor visual no cora\u00e7\u00e3o da casa. Combinando o charme natural da madeira com elementos contempor\u00e2neos, como ilumina\u00e7\u00e3o pendente, bancadas amplas e solu\u00e7\u00f5es inteligentes de armazenamento, esse estilo transforma o ambiente em um verdadeiro ponto de encontro para a fam\u00edlia e os amigos.<\/p>\n\n\n\n<p>Al\u00e9m de facilitar o preparo de refei\u00e7\u00f5es, a ilha central valoriza a intera\u00e7\u00e3o social, promove fluidez no layout e ainda agrega valor ao im\u00f3vel. Seja em projetos pequenos ou espa\u00e7os amplos, a madeira traz identidade, conforto e durabilidade \u2014 uma escolha atemporal que respeita o passado e dialoga com as exig\u00eancias modernas.<\/p>\n\n\n\n<p>Se voc\u00ea deseja um ambiente acolhedor, bonito e funcional, investir em uma cozinha com ilha de madeira \u00e9 uma decis\u00e3o que une tradi\u00e7\u00e3o e inova\u00e7\u00e3o com excel\u00eancia. Cozinha com ilha de madeira!<\/p>\n\n\n\n<hr class=\"wp-block-separator has-alpha-channel-opacity\"\/>\n\n\n\n<a href=\"https:\/\/1truenote.com\/en\/decoracao-com-espelho-organico-2026\/\" style=\"text-decoration: none;\">\n  <div style=\"display: flex; justify-content: space-between; align-items: center; background: #d44a00; padding: 12px 20px; color: white; font-family: Arial, sans-serif;\">\n    <strong style=\"color: black;\">READ ALSO:<\/strong>\n    <span style=\"margin-left: 8px; flex: 1;\">10 Dicas de Decora\u00e7\u00e3o com Espelho<\/span>\n    <div style=\"background: #f2802f; padding: 8px 12px; border-radius: 2px; margin-left: 10px;\">\n      <span style=\"color: white; font-weight: bold;\">\u27a4<\/span>\n    <\/div>\n  <\/div>\n<\/a>\n\n\n\n\n<hr class=\"wp-block-separator has-alpha-channel-opacity\"\/>\n\n\n\n<h2 id='faq-cozinha-com-ilha-de-madeira'  class=\"wp-block-heading\">FAQ &#8211; Cozinha com ilha de madeira<\/h2>\n\n\n<div id=\"rank-math-faq\" class=\"rank-math-block\">\n<div class=\"rank-math-list\">\n<div id=\"faq-question-1767622408913\" class=\"rank-math-list-item\">\n<h3 id='a-ilha-de-madeira-combina-com-cozinhas-pequenas'  class=\"rank-math-question\">A ilha de madeira combina com cozinhas pequenas?<\/h3>\n<div class=\"rank-math-answer\">\n\n<p>Sim! Com um bom planejamento, \u00e9 poss\u00edvel adaptar uma ilha de madeira para cozinhas compactas, usando modelos com arm\u00e1rios embutidos ou formatos estreitos. O importante \u00e9 manter a circula\u00e7\u00e3o m\u00ednima de 90 cm ao redor.<\/p>\n\n<\/div>\n<\/div>\n<div id=\"faq-question-1767622410590\" class=\"rank-math-list-item\">\n<h3 id='qual-o-melhor-tipo-de-madeira-para-uma-cozinha-com-ilha-de-madeira'  class=\"rank-math-question\">Qual o melhor tipo de madeira para uma cozinha com ilha de madeira?<\/h3>\n<div class=\"rank-math-answer\">\n\n<p>Madeiras resistentes \u00e0 umidade e ao calor, como cumaru, ip\u00ea, teca ou madeira de demoli\u00e7\u00e3o tratada, s\u00e3o excelentes op\u00e7\u00f5es. Tamb\u00e9m \u00e9 poss\u00edvel usar MDF com acabamento amadeirado em projetos mais econ\u00f4micos.<\/p>\n\n<\/div>\n<\/div>\n<div id=\"faq-question-1767622411829\" class=\"rank-math-list-item\">\n<h3 id='a-madeira-mancha-ou-estraga-com-facilidade'  class=\"rank-math-question\">A madeira mancha ou estraga com facilidade?<\/h3>\n<div class=\"rank-math-answer\">\n\n<p>Se receber o tratamento correto (verniz, impermeabilizante ou resina), a madeira tem alta durabilidade. O ideal \u00e9 evitar contato prolongado com \u00e1gua e usar t\u00e1buas de corte ao manipular alimentos diretamente na bancada.<\/p>\n\n<\/div>\n<\/div>\n<div id=\"faq-question-1767622416512\" class=\"rank-math-list-item\">\n<h3 id='\u00e9-poss\u00edvel-combinar-madeira-com-outros-materiais'  class=\"rank-math-question\">\u00c9 poss\u00edvel combinar madeira com outros materiais?<\/h3>\n<div class=\"rank-math-answer\">\n\n<p>Sim! Madeira combina muito bem com pedra (m\u00e1rmore, granito), a\u00e7o escovado, azulejos brancos e at\u00e9 concreto aparente. Essa mistura traz equil\u00edbrio entre rusticidade e modernidade.<\/p>\n\n<\/div>\n<\/div>\n<div id=\"faq-question-1767622487478\" class=\"rank-math-list-item\">\n<h3 id='a-ilha-pode-ser-usada-como-mesa-de-refei\u00e7\u00f5es'  class=\"rank-math-question\">A ilha pode ser usada como mesa de refei\u00e7\u00f5es?<\/h3>\n<div class=\"rank-math-answer\">\n\n<p>Com certeza. Basta adicionar banquetas confort\u00e1veis e manter a altura adequada (em torno de 90 cm). Muitos projetos unem ilha e mesa em um \u00fanico m\u00f3vel multifuncional.<\/p>\n\n<\/div>\n<\/div>\n<div id=\"faq-question-1767622488294\" class=\"rank-math-list-item\">\n<h3 id='preciso-de-um-arquiteto-para-fazer-esse-tipo-de-cozinha'  class=\"rank-math-question\">Preciso de um arquiteto para fazer esse tipo de cozinha?<\/h3>\n<div class=\"rank-math-answer\">\n\n<p>\u00c9 altamente recomendado contar com um profissional para garantir o melhor aproveitamento do espa\u00e7o, escolha dos materiais corretos e integra\u00e7\u00e3o com o restante da casa. Mas \u00e9 poss\u00edvel come\u00e7ar com ideias e inspira\u00e7\u00f5es para depois buscar orienta\u00e7\u00e3o t\u00e9cnica.<\/p>\n\n<\/div>\n<\/div>\n<\/div>\n<\/div>\n\n\n<figure class=\"wp-block-image aligncenter size-large\"><img data-recalc-dims=\"1\" decoding=\"async\" width=\"1024\" height=\"1024\" src=\"https:\/\/i0.wp.com\/1truenote.com\/wp-content\/uploads\/2026\/01\/Google_AI_Studio_2026-01-05T13_58_17.137Z.png?resize=1024%2C1024&#038;ssl=1\" alt=\"Cozinha com ilha de madeira\" class=\"wp-image-4537\" srcset=\"https:\/\/i0.wp.com\/1truenote.com\/wp-content\/uploads\/2026\/01\/Google_AI_Studio_2026-01-05T13_58_17.137Z.png?resize=1024%2C1024&amp;ssl=1 1024w, https:\/\/i0.wp.com\/1truenote.com\/wp-content\/uploads\/2026\/01\/Google_AI_Studio_2026-01-05T13_58_17.137Z.png?resize=300%2C300&amp;ssl=1 300w, https:\/\/i0.wp.com\/1truenote.com\/wp-content\/uploads\/2026\/01\/Google_AI_Studio_2026-01-05T13_58_17.137Z.png?resize=150%2C150&amp;ssl=1 150w, https:\/\/i0.wp.com\/1truenote.com\/wp-content\/uploads\/2026\/01\/Google_AI_Studio_2026-01-05T13_58_17.137Z.png?resize=768%2C768&amp;ssl=1 768w, https:\/\/i0.wp.com\/1truenote.com\/wp-content\/uploads\/2026\/01\/Google_AI_Studio_2026-01-05T13_58_17.137Z.png?resize=1536%2C1536&amp;ssl=1 1536w, https:\/\/i0.wp.com\/1truenote.com\/wp-content\/uploads\/2026\/01\/Google_AI_Studio_2026-01-05T13_58_17.137Z.png?resize=12%2C12&amp;ssl=1 12w, https:\/\/i0.wp.com\/1truenote.com\/wp-content\/uploads\/2026\/01\/Google_AI_Studio_2026-01-05T13_58_17.137Z.png?resize=96%2C96&amp;ssl=1 96w, https:\/\/i0.wp.com\/1truenote.com\/wp-content\/uploads\/2026\/01\/Google_AI_Studio_2026-01-05T13_58_17.137Z.png?w=2048&amp;ssl=1 2048w\" sizes=\"(max-width: 1024px) 100vw, 1024px\" \/><figcaption class=\"wp-element-caption\">Cozinha com ilha de madeira<\/figcaption><\/figure>","protected":false},"excerpt":{"rendered":"<p>A cozinha \u00e9 o cora\u00e7\u00e3o da casa. Mais do que um espa\u00e7o para preparar refei\u00e7\u00f5es, ela se tornou um ambiente&#8230;<\/p>","protected":false},"author":1,"featured_media":4537,"comment_status":"open","ping_status":"open","sticky":false,"template":"","format":"standard","meta":{"_kad_post_transparent":"","_kad_post_title":"","_kad_post_layout":"","_kad_post_sidebar_id":"","_kad_post_content_style":"","_kad_post_vertical_padding":"","_kad_post_feature":"","_kad_post_feature_position":"","_kad_post_header":false,"_kad_post_footer":false,"_kad_post_classname":"","footnotes":"","jetpack_publicize_message":"","jetpack_publicize_feature_enabled":true,"jetpack_social_post_already_shared":true,"jetpack_social_options":{"image_generator_settings":{"template":"highway","default_image_id":0,"font":"","enabled":false},"version":2}},"categories":[16],"tags":[13,14,12],"class_list":["post-4536","post","type-post","status-publish","format-standard","has-post-thumbnail","hentry","category-casa-e-jardim","tag-minimalista","tag-interiores-inovadores","tag-projetos-inovadores"],"jetpack_publicize_connections":[],"jetpack_featured_media_url":"https:\/\/i0.wp.com\/1truenote.com\/wp-content\/uploads\/2026\/01\/Google_AI_Studio_2026-01-05T13_58_17.137Z.png?fit=2048%2C2048&ssl=1","jetpack_sharing_enabled":true,"_links":{"self":[{"href":"https:\/\/1truenote.com\/en\/wp-json\/wp\/v2\/posts\/4536","targetHints":{"allow":["GET"]}}],"collection":[{"href":"https:\/\/1truenote.com\/en\/wp-json\/wp\/v2\/posts"}],"about":[{"href":"https:\/\/1truenote.com\/en\/wp-json\/wp\/v2\/types\/post"}],"author":[{"embeddable":true,"href":"https:\/\/1truenote.com\/en\/wp-json\/wp\/v2\/users\/1"}],"replies":[{"embeddable":true,"href":"https:\/\/1truenote.com\/en\/wp-json\/wp\/v2\/comments?post=4536"}],"version-history":[{"count":1,"href":"https:\/\/1truenote.com\/en\/wp-json\/wp\/v2\/posts\/4536\/revisions"}],"predecessor-version":[{"id":4538,"href":"https:\/\/1truenote.com\/en\/wp-json\/wp\/v2\/posts\/4536\/revisions\/4538"}],"wp:featuredmedia":[{"embeddable":true,"href":"https:\/\/1truenote.com\/en\/wp-json\/wp\/v2\/media\/4537"}],"wp:attachment":[{"href":"https:\/\/1truenote.com\/en\/wp-json\/wp\/v2\/media?parent=4536"}],"wp:term":[{"taxonomy":"category","embeddable":true,"href":"https:\/\/1truenote.com\/en\/wp-json\/wp\/v2\/categories?post=4536"},{"taxonomy":"post_tag","embeddable":true,"href":"https:\/\/1truenote.com\/en\/wp-json\/wp\/v2\/tags?post=4536"}],"curies":[{"name":"wp","href":"https:\/\/api.w.org\/{rel}","templated":true}]}}