{"id":4520,"date":"2025-11-17T15:03:15","date_gmt":"2025-11-17T18:03:15","guid":{"rendered":"https:\/\/1truenote.com\/?p=4520"},"modified":"2025-11-17T15:03:21","modified_gmt":"2025-11-17T18:03:21","slug":"tons-marrons-na-decoracao","status":"publish","type":"post","link":"https:\/\/1truenote.com\/en\/tons-marrons-na-decoracao\/","title":{"rendered":"Tons marrons na decora\u00e7\u00e3o: Sofistica\u00e7\u00e3o atemporal com aconchego natural"},"content":{"rendered":"<p>Os tons marrons na decora\u00e7\u00e3o sempre marcaram presen\u00e7a na decora\u00e7\u00e3o por sua liga\u00e7\u00e3o direta com a natureza, a estabilidade e o conforto. Essa paleta terrosa \u00e9 atemporal, vers\u00e1til e ideal para criar ambientes sofisticados, acolhedores e com identidade.<\/p>\n\n\n\n<p>Sejam em nuances como caramelo, chocolate, caf\u00e9 ou canela, os tons marrons transmitem calor e eleg\u00e2ncia. Quando combinados com materiais nobres \u2014 como madeira, couro, linho ou m\u00e1rmore \u2014 transformam qualquer ambiente em um espa\u00e7o convidativo e requintado.<\/p>\n\n\n\n<hr class=\"wp-block-separator has-alpha-channel-opacity\"\/>\n\n\n\n<h2 id='\ud83c\udfa8-por-que-usar-tons-marrons-na-decora\u00e7\u00e3o'  class=\"wp-block-heading\">\ud83c\udfa8 <strong>Por que usar tons marrons na decora\u00e7\u00e3o?<\/strong><\/h2>\n\n\n\n<ul class=\"wp-block-list\">\n<li><strong>Transmitem aconchego:<\/strong> Marrons remetem \u00e0 terra e \u00e0 madeira, gerando sensa\u00e7\u00e3o de estabilidade e seguran\u00e7a.<\/li>\n\n\n\n<li><strong>Versatilidade est\u00e9tica:<\/strong> Funcionam em estilos r\u00fasticos, modernos, escandinavos, minimalistas e retr\u00f4s.<\/li>\n\n\n\n<li><strong>Base neutra sofisticada:<\/strong> Substituem o cinza ou bege em decora\u00e7\u00f5es s\u00f3brias e sofisticadas.<\/li>\n\n\n\n<li><strong>Combina\u00e7\u00f5es harm\u00f4nicas:<\/strong> Casam bem com verde musgo, dourado, azul petr\u00f3leo, laranja queimado e branco.<\/li>\n<\/ul>\n\n\n\n<hr class=\"wp-block-separator has-alpha-channel-opacity\"\/>\n\n\n\n<h2 id='\ud83d\udecb\ufe0f-ambientes-para-usar-tons-marrons'  class=\"wp-block-heading\">\ud83d\udecb\ufe0f <strong>Ambientes para usar tons marrons<\/strong><\/h2>\n\n\n\n<figure class=\"wp-block-table\"><table class=\"has-fixed-layout\"><thead><tr><th>Ambiente<\/th><th>Aplica\u00e7\u00f5es recomendadas<\/th><\/tr><\/thead><tbody><tr><td><strong>Sala de estar<\/strong><\/td><td>Sof\u00e1s de linho bege, almofadas canela, tapetes com padr\u00e3o marrom<\/td><\/tr><tr><td><strong>Quartos<\/strong><\/td><td>Cabeceiras de couro, colchas chocolate, lumin\u00e1rias de madeira<\/td><\/tr><tr><td><strong>Cozinha<\/strong><\/td><td>Arm\u00e1rios em nogueira, bancadas em granito marrom, puxadores cobre<\/td><\/tr><tr><td><strong>Banheiro<\/strong><\/td><td>Pastilhas terrosas, toalhas ferrugem, nichos de madeira escura<\/td><\/tr><tr><td><strong>Home Office<\/strong><\/td><td>Escrivaninha r\u00fastica, estante mogno, cadeira em camur\u00e7a<\/td><\/tr><\/tbody><\/table><\/figure>\n\n\n\n<hr class=\"wp-block-separator has-alpha-channel-opacity\"\/>\n\n\n\n<figure class=\"wp-block-image aligncenter size-large is-resized\"><a href=\"https:\/\/chat.whatsapp.com\/KJBkp5LFJVRIvmt5X3hSEh\" target=\"_blank\" rel=\"noopener\"><img data-recalc-dims=\"1\" fetchpriority=\"high\" decoding=\"async\" width=\"683\" height=\"1024\" src=\"https:\/\/i0.wp.com\/1truenote.com\/wp-content\/uploads\/2025\/06\/ChatGPT-Image-3-de-jun.-de-2025-19_04_53.png?resize=683%2C1024&#038;ssl=1\" alt=\"chamada banner advetorial whats\" class=\"wp-image-2683\" style=\"object-fit:cover;width:200px;height:300px\" srcset=\"https:\/\/i0.wp.com\/1truenote.com\/wp-content\/uploads\/2025\/06\/ChatGPT-Image-3-de-jun.-de-2025-19_04_53.png?resize=683%2C1024&amp;ssl=1 683w, https:\/\/i0.wp.com\/1truenote.com\/wp-content\/uploads\/2025\/06\/ChatGPT-Image-3-de-jun.-de-2025-19_04_53.png?resize=200%2C300&amp;ssl=1 200w, https:\/\/i0.wp.com\/1truenote.com\/wp-content\/uploads\/2025\/06\/ChatGPT-Image-3-de-jun.-de-2025-19_04_53.png?resize=768%2C1152&amp;ssl=1 768w, https:\/\/i0.wp.com\/1truenote.com\/wp-content\/uploads\/2025\/06\/ChatGPT-Image-3-de-jun.-de-2025-19_04_53.png?resize=150%2C225&amp;ssl=1 150w, https:\/\/i0.wp.com\/1truenote.com\/wp-content\/uploads\/2025\/06\/ChatGPT-Image-3-de-jun.-de-2025-19_04_53.png?w=1024&amp;ssl=1 1024w\" sizes=\"(max-width: 683px) 100vw, 683px\" \/><\/a><\/figure>\n\n\n\n<hr class=\"wp-block-separator has-alpha-channel-opacity\"\/>\n\n\n\n<h2 id='\ud83e\ude91-elementos-decorativos-que-usam-marrom-com-eleg\u00e2ncia'  class=\"wp-block-heading\">\ud83e\ude91 <strong>Elementos decorativos que usam marrom com eleg\u00e2ncia<\/strong><\/h2>\n\n\n\n<ul class=\"wp-block-list\">\n<li><strong>Estofados de veludo ou linho caramelo<\/strong><\/li>\n\n\n\n<li><strong>Cortinas de tecido r\u00fastico bege ou chocolate<\/strong><\/li>\n\n\n\n<li><strong>Tapetes com padr\u00f5es org\u00e2nicos (como na imagem do artigo)<\/strong><\/li>\n\n\n\n<li><strong>Pinturas ou quadros abstratos com tons terrosos<\/strong><\/li>\n\n\n\n<li><strong>Objetos em cer\u00e2mica, barro ou madeira natural<\/strong><\/li>\n\n\n\n<li><strong>Lumin\u00e1rias douradas ou de cobre para aquecer o marrom<\/strong><\/li>\n<\/ul>\n\n\n\n<hr class=\"wp-block-separator has-alpha-channel-opacity\"\/>\n\n\n\n<h2 id='\ud83e\uddf1-dicas-para-combinar-tons-marrons-com-outras-cores'  class=\"wp-block-heading\">\ud83e\uddf1 <strong>Dicas para combinar tons marrons com outras cores<\/strong><\/h2>\n\n\n\n<figure class=\"wp-block-table\"><table class=\"has-fixed-layout\"><thead><tr><th>Cor Complementar<\/th><th>Efeito Visual<\/th><\/tr><\/thead><tbody><tr><td><strong>Branco ou Off-White<\/strong><\/td><td>Clareia o ambiente, destaca o marrom<\/td><\/tr><tr><td><strong>Verde Oliva ou Musgo<\/strong><\/td><td>Remete \u00e0 natureza, cria sensa\u00e7\u00e3o org\u00e2nica<\/td><\/tr><tr><td><strong>Laranja Queimado<\/strong><\/td><td>Real\u00e7a o calor da paleta terrosa<\/td><\/tr><tr><td><strong>Dourado<\/strong><\/td><td>Acrescenta luxo e sofistica\u00e7\u00e3o<\/td><\/tr><tr><td><strong>Azul Petr\u00f3leo<\/strong><\/td><td>Cria contraste elegante e contempor\u00e2neo<\/td><\/tr><\/tbody><\/table><\/figure>\n\n\n\n<hr class=\"wp-block-separator has-alpha-channel-opacity\"\/>\n\n\n\n<h2 id='\ud83d\udca1-inspira\u00e7\u00e3o-e-tend\u00eancias'  class=\"wp-block-heading\">\ud83d\udca1 <strong>Inspira\u00e7\u00e3o e tend\u00eancias<\/strong><\/h2>\n\n\n\n<ul class=\"wp-block-list\">\n<li><strong>Estilo Org\u00e2nico Contempor\u00e2neo:<\/strong> combina marrom com curvas suaves, materiais naturais e plantas.<\/li>\n\n\n\n<li><strong>Estilo Mid-Century Modern:<\/strong> usa m\u00f3veis em madeira escura com tecidos marrons e metalizados.<\/li>\n\n\n\n<li><strong>Minimalismo Natural:<\/strong> mistura tons neutros (branco, areia e marrom claro) com texturas cruas.<\/li>\n<\/ul>\n\n\n\n<hr class=\"wp-block-separator has-alpha-channel-opacity\"\/>\n\n\n\n<h2 id='como-criar-profundidade-no-ambiente-usando-tons-marrons'  class=\"wp-block-heading\"><strong>Como criar profundidade no ambiente usando tons marrons<\/strong><\/h2>\n\n\n\n<p>Os tons marrons na decora\u00e7\u00e3o t\u00eam a capacidade natural de adicionar profundidade visual aos ambientes quando utilizados de forma estrat\u00e9gica. Para alcan\u00e7ar esse efeito, a melhor abordagem \u00e9 trabalhar com <strong>contrastes sutis<\/strong> e <strong>camadas de texturas<\/strong>, criando um espa\u00e7o visualmente rico sem perder a harmonia.<\/p>\n\n\n\n<p>Uma das t\u00e9cnicas mais eficazes \u00e9 a <strong>sobreposi\u00e7\u00e3o de tons<\/strong>, usando grada\u00e7\u00f5es que v\u00e3o do bege ao marrom chocolate. Por exemplo: Paredes em marrom claro, sof\u00e1 em um tom m\u00e9dio e objetos decorativos em marrom escuro criam um efeito tridimensional elegante. Outra solu\u00e7\u00e3o \u00e9 escolher materiais naturais, como couro, madeira e fibras, que aportam textura e ajudam o olhar a identificar planos diferentes no ambiente.<\/p>\n\n\n\n<p>A ilumina\u00e7\u00e3o tamb\u00e9m desempenha papel crucial. Luz quente, lumin\u00e1rias douradas ou abajures com c\u00fapulas transl\u00facidas evidenciam as nuances dos tons terrosos, fazendo com que o marrom se torne protagonista sem que o ambiente pare\u00e7a pesado. Essa combina\u00e7\u00e3o de luz, textura e grada\u00e7\u00e3o garante profundidade e sofistica\u00e7\u00e3o de forma equilibrada.<\/p>\n\n\n\n<hr class=\"wp-block-separator has-alpha-channel-opacity\"\/>\n\n\n\n<a href=\"https:\/\/1truenote.com\/en\/decoracao-de-natal-no-banheiro\/\" style=\"text-decoration: none;\">\n  <div style=\"display: flex; justify-content: space-between; align-items: center; background: #d44a00; padding: 12px 20px; color: white; font-family: Arial, sans-serif;\">\n    <strong style=\"color: black;\">READ ALSO:<\/strong>\n    <span style=\"margin-left: 8px; flex: 1;\">Decora\u00e7\u00e3o de Natal<\/span>\n    <div style=\"background: #f2802f; padding: 8px 12px; border-radius: 2px; margin-left: 10px;\">\n      <span style=\"color: white; font-weight: bold;\">\u27a4<\/span>\n    <\/div>\n  <\/div>\n<\/a>\n\n\n\n<hr class=\"wp-block-separator has-alpha-channel-opacity\"\/>\n\n\n\n<h2 id='\ud83e\udde1-tons-marrons-na-decora\u00e7\u00e3o'  class=\"wp-block-heading\">\ud83e\udde1 <strong>Tons marrons na decora\u00e7\u00e3o<\/strong><\/h2>\n\n\n\n<p>Apostar em <strong>tons marrons na decora\u00e7\u00e3o<\/strong> \u00e9 uma escolha segura, elegante e acolhedora. Essa paleta, al\u00e9m de vers\u00e1til, cria uma conex\u00e3o direta com a natureza e transmite calma, ideal para quem busca bem-estar nos ambientes.<\/p>\n\n\n\n<p>Seja nos m\u00f3veis, nos tecidos ou nos detalhes, o marrom nunca sai de moda \u2014 ele se reinventa e se adapta a qualquer estilo. Use sem medo e transforme sua casa com autenticidade e calor visual.<\/p>\n\n\n\n<hr class=\"wp-block-separator has-alpha-channel-opacity\"\/>\n\n\n\n<a href=\"https:\/\/1truenote.com\/en\/decoracao-de-natal-no-banheiro\/\" style=\"text-decoration: none;\">\n  <div style=\"display: flex; justify-content: space-between; align-items: center; background: #d44a00; padding: 12px 20px; color: white; font-family: Arial, sans-serif;\">\n    <strong style=\"color: black;\">READ ALSO:<\/strong>\n    <span style=\"margin-left: 8px; flex: 1;\">Decora\u00e7\u00e3o de Natal<\/span>\n    <div style=\"background: #f2802f; padding: 8px 12px; border-radius: 2px; margin-left: 10px;\">\n      <span style=\"color: white; font-weight: bold;\">\u27a4<\/span>\n    <\/div>\n  <\/div>\n<\/a>\n\n\n\n\n<hr class=\"wp-block-separator has-alpha-channel-opacity\"\/>\n\n\n\n<h2 id='\ud83d\udee0\ufe0f-faq-tons-marrons-na-decora\u00e7\u00e3o'  class=\"wp-block-heading\">\ud83d\udee0\ufe0f <strong>FAQ \u2013 Tons Marrons na Decora\u00e7\u00e3o<\/strong><\/h2>\n\n\n<div id=\"rank-math-faq\" class=\"rank-math-block\">\n<div class=\"rank-math-list\">\n<div id=\"faq-question-1763401600208\" class=\"rank-math-list-item\">\n<h3 id='tons-marrons-deixam-o-ambiente-escuro'  class=\"rank-math-question\">Tons marrons deixam o ambiente escuro?<\/h3>\n<div class=\"rank-math-answer\">\n\n<p>N\u00e3o necessariamente. O segredo est\u00e1 no equil\u00edbrio com cores claras, boa ilumina\u00e7\u00e3o natural e uso de espelhos.<\/p>\n\n<\/div>\n<\/div>\n<div id=\"faq-question-1763401601229\" class=\"rank-math-list-item\">\n<h3 id='qual-o-melhor-tom-de-marrom-para-um-espa\u00e7o-pequeno'  class=\"rank-math-question\">Qual o melhor tom de marrom para um espa\u00e7o pequeno?<\/h3>\n<div class=\"rank-math-answer\">\n\n<p>Tons mais claros como camur\u00e7a, caramelo ou cappuccino s\u00e3o ideais. Evite marrons muito escuros em excesso.<\/p>\n\n<\/div>\n<\/div>\n<div id=\"faq-question-1763401601738\" class=\"rank-math-list-item\">\n<h3 id='\u00e9-poss\u00edvel-usar-marrom-com-cores-vibrantes'  class=\"rank-math-question\">\u00c9 poss\u00edvel usar marrom com cores vibrantes?<\/h3>\n<div class=\"rank-math-answer\">\n\n<p>Sim. Combine com laranja, turquesa, mostarda ou at\u00e9 rosa queimado para uma paleta criativa e moderna.<\/p>\n\n<\/div>\n<\/div>\n<div id=\"faq-question-1763401602698\" class=\"rank-math-list-item\">\n<h3 id='marrom-combina-com-madeira'  class=\"rank-math-question\">Marrom combina com madeira?<\/h3>\n<div class=\"rank-math-answer\">\n\n<p>Combina e intensifica a est\u00e9tica natural. Utilize diferentes tipos de madeira para criar profundidade visual.<\/p>\n\n<\/div>\n<\/div>\n<\/div>\n<\/div>\n\n\n<figure class=\"wp-block-image aligncenter size-large\"><img data-recalc-dims=\"1\" decoding=\"async\" width=\"1024\" height=\"760\" src=\"https:\/\/i0.wp.com\/1truenote.com\/wp-content\/uploads\/2025\/11\/Artigo-1-1.png?resize=1024%2C760&#038;ssl=1\" alt=\"Tons marrons na decora\u00e7\u00e3o\" class=\"wp-image-4521\" srcset=\"https:\/\/i0.wp.com\/1truenote.com\/wp-content\/uploads\/2025\/11\/Artigo-1-1.png?resize=1024%2C760&amp;ssl=1 1024w, https:\/\/i0.wp.com\/1truenote.com\/wp-content\/uploads\/2025\/11\/Artigo-1-1.png?resize=300%2C223&amp;ssl=1 300w, https:\/\/i0.wp.com\/1truenote.com\/wp-content\/uploads\/2025\/11\/Artigo-1-1.png?resize=768%2C570&amp;ssl=1 768w, https:\/\/i0.wp.com\/1truenote.com\/wp-content\/uploads\/2025\/11\/Artigo-1-1.png?resize=16%2C12&amp;ssl=1 16w, https:\/\/i0.wp.com\/1truenote.com\/wp-content\/uploads\/2025\/11\/Artigo-1-1.png?resize=150%2C111&amp;ssl=1 150w, https:\/\/i0.wp.com\/1truenote.com\/wp-content\/uploads\/2025\/11\/Artigo-1-1.png?w=1536&amp;ssl=1 1536w\" sizes=\"(max-width: 1024px) 100vw, 1024px\" \/><figcaption class=\"wp-element-caption\">Tons marrons na decora\u00e7\u00e3o<\/figcaption><\/figure>","protected":false},"excerpt":{"rendered":"<p>Os tons marrons na decora\u00e7\u00e3o sempre marcaram presen\u00e7a na decora\u00e7\u00e3o por sua liga\u00e7\u00e3o direta com a natureza, a estabilidade e&#8230;<\/p>","protected":false},"author":1,"featured_media":4521,"comment_status":"open","ping_status":"open","sticky":false,"template":"","format":"standard","meta":{"_kad_post_transparent":"","_kad_post_title":"","_kad_post_layout":"","_kad_post_sidebar_id":"","_kad_post_content_style":"","_kad_post_vertical_padding":"","_kad_post_feature":"","_kad_post_feature_position":"","_kad_post_header":false,"_kad_post_footer":false,"_kad_post_classname":"","footnotes":"","jetpack_publicize_message":"Os tons marrons na decora\u00e7\u00e3o sempre marcaram presen\u00e7a na decora\u00e7\u00e3o por sua liga\u00e7\u00e3o direta com a natureza, a estabilidade e o conforto. Essa paleta terrosa \u00e9 atemporal, vers\u00e1til e ideal para criar ambientes sofisticados, acolhedores e com identidade.","jetpack_publicize_feature_enabled":true,"jetpack_social_post_already_shared":false,"jetpack_social_options":{"image_generator_settings":{"template":"highway","default_image_id":0,"font":"","enabled":false},"version":2}},"categories":[1],"tags":[],"class_list":["post-4520","post","type-post","status-publish","format-standard","has-post-thumbnail","hentry","category-novidades"],"jetpack_publicize_connections":[],"jetpack_featured_media_url":"https:\/\/i0.wp.com\/1truenote.com\/wp-content\/uploads\/2025\/11\/Artigo-1-1.png?fit=1536%2C1140&ssl=1","jetpack_sharing_enabled":true,"_links":{"self":[{"href":"https:\/\/1truenote.com\/en\/wp-json\/wp\/v2\/posts\/4520","targetHints":{"allow":["GET"]}}],"collection":[{"href":"https:\/\/1truenote.com\/en\/wp-json\/wp\/v2\/posts"}],"about":[{"href":"https:\/\/1truenote.com\/en\/wp-json\/wp\/v2\/types\/post"}],"author":[{"embeddable":true,"href":"https:\/\/1truenote.com\/en\/wp-json\/wp\/v2\/users\/1"}],"replies":[{"embeddable":true,"href":"https:\/\/1truenote.com\/en\/wp-json\/wp\/v2\/comments?post=4520"}],"version-history":[{"count":1,"href":"https:\/\/1truenote.com\/en\/wp-json\/wp\/v2\/posts\/4520\/revisions"}],"predecessor-version":[{"id":4522,"href":"https:\/\/1truenote.com\/en\/wp-json\/wp\/v2\/posts\/4520\/revisions\/4522"}],"wp:featuredmedia":[{"embeddable":true,"href":"https:\/\/1truenote.com\/en\/wp-json\/wp\/v2\/media\/4521"}],"wp:attachment":[{"href":"https:\/\/1truenote.com\/en\/wp-json\/wp\/v2\/media?parent=4520"}],"wp:term":[{"taxonomy":"category","embeddable":true,"href":"https:\/\/1truenote.com\/en\/wp-json\/wp\/v2\/categories?post=4520"},{"taxonomy":"post_tag","embeddable":true,"href":"https:\/\/1truenote.com\/en\/wp-json\/wp\/v2\/tags?post=4520"}],"curies":[{"name":"wp","href":"https:\/\/api.w.org\/{rel}","templated":true}]}}