{"id":4384,"date":"2025-10-03T15:00:00","date_gmt":"2025-10-03T18:00:00","guid":{"rendered":"https:\/\/1truenote.com\/?p=4384"},"modified":"2025-10-03T14:20:31","modified_gmt":"2025-10-03T17:20:31","slug":"horta-vertical-na-cozinha-como-montar-modelos-dicas","status":"publish","type":"post","link":"https:\/\/1truenote.com\/en\/horta-vertical-na-cozinha-como-montar-modelos-dicas\/","title":{"rendered":"Horta vertical na cozinha: Praticidade, estilo e sustentabilidade"},"content":{"rendered":"<p>Horta vertical na cozinha. Ter uma horta em casa \u00e9 um desejo cada vez mais comum entre quem busca qualidade de vida, alimenta\u00e7\u00e3o saud\u00e1vel e conex\u00e3o com a natureza. Mas com os espa\u00e7os cada vez menores nas casas e apartamentos modernos, a criatividade precisa entrar em a\u00e7\u00e3o. E \u00e9 a\u00ed que a <strong>horta vertical<\/strong> na cozinha se destaca \u2014 ela transforma paredes comuns em verdadeiros jardins comest\u00edveis, mesmo em cozinhas compactas.<\/p>\n\n\n\n<p>Al\u00e9m de trazer um charme especial para o ambiente, uma horta vertical \u00e9 funcional e vers\u00e1til. Voc\u00ea cultiva temperos, ervas e at\u00e9 pequenas hortali\u00e7as, tudo ao alcance da m\u00e3o na hora de cozinhar. Com diferentes modelos, materiais e estilos, \u00e9 poss\u00edvel criar uma composi\u00e7\u00e3o que harmonize com qualquer tipo de decora\u00e7\u00e3o. Seja moderna, r\u00fastica ou minimalista, sua cozinha ganha vida, cor e frescor.<\/p>\n\n\n\n<hr class=\"wp-block-separator has-alpha-channel-opacity\"\/>\n\n\n\n<h2 id='vantagens-da-horta-vertical-na-cozinha'  class=\"wp-block-heading\">Vantagens da horta vertical na cozinha<\/h2>\n\n\n\n<p>A horta vertical \u00e9 uma solu\u00e7\u00e3o inteligente que oferece in\u00fameras vantagens, entre elas:<\/p>\n\n\n\n<ul class=\"wp-block-list\">\n<li><strong>Economia de espa\u00e7o<\/strong>: Ideal para apartamentos ou cozinhas pequenas.<\/li>\n\n\n\n<li><strong>Acessibilidade<\/strong>: Ter temperos frescos sempre \u00e0 m\u00e3o facilita o preparo das refei\u00e7\u00f5es.<\/li>\n\n\n\n<li><strong>Decora\u00e7\u00e3o natural<\/strong>: As plantas trazem um toque de verde e suavidade ao ambiente.<\/li>\n\n\n\n<li><strong>Sustentabilidade<\/strong>: Cultivar seus pr\u00f3prios alimentos reduz o uso de pl\u00e1sticos e embalagens.<\/li>\n\n\n\n<li><strong>Conex\u00e3o com a natureza<\/strong>: Cuidar das plantas proporciona bem-estar e relaxamento.<\/li>\n<\/ul>\n\n\n\n<hr class=\"wp-block-separator has-alpha-channel-opacity\"\/>\n\n\n\n<h2 id='estilos-de-horta-vertical-para-cozinha'  class=\"wp-block-heading\">Estilos de horta vertical para cozinha<\/h2>\n\n\n\n<p>Podemos destacar os estilos mais populares e eficientes de horta vertical na cozinha:<\/p>\n\n\n\n<h3 id='1-prateleiras-de-madeira-com-vasos-embutidos'  class=\"wp-block-heading\">1. <strong>Prateleiras de madeira com vasos embutidos<\/strong><\/h3>\n\n\n\n<p>Esse modelo, que aparece em v\u00e1rias das imagens, une funcionalidade e est\u00e9tica. As prateleiras de madeira proporcionam um visual natural e elegante, enquanto os vasos embutidos mant\u00eam as plantas organizadas e seguras. Ideal para quem gosta de um toque r\u00fastico ou escandinavo na decora\u00e7\u00e3o.<\/p>\n\n\n\n<h3 id='2-estrutura-vertical-modular-com-jardineiras'  class=\"wp-block-heading\">2. <strong>Estrutura vertical modular com jardineiras<\/strong><\/h3>\n\n\n\n<p>Perfeita para quem deseja cultivar v\u00e1rias esp\u00e9cies no mesmo espa\u00e7o. As jardineiras dispostas em fileiras, fixadas a uma estrutura met\u00e1lica ou de madeira, otimizam o espa\u00e7o vertical da parede. Esse modelo favorece o crescimento saud\u00e1vel das plantas com boa exposi\u00e7\u00e3o \u00e0 luz.<\/p>\n\n\n\n<h3 id='3-painel-com-cachepots-individuais'  class=\"wp-block-heading\">3. <strong>Painel com cachepots individuais<\/strong><\/h3>\n\n\n\n<p>Outra op\u00e7\u00e3o charmosa e pr\u00e1tica. Os cachepots podem ser removidos com facilidade, o que facilita a irriga\u00e7\u00e3o, troca de vasos e manuten\u00e7\u00e3o. S\u00e3o ideais para quem gosta de reorganizar a horta com frequ\u00eancia ou trocar os temperos de acordo com a esta\u00e7\u00e3o.<\/p>\n\n\n\n<hr class=\"wp-block-separator has-alpha-channel-opacity\"\/>\n\n\n\n<h2 id='dicas-para-montar-sua-horta-vertical-na-cozinha'  class=\"wp-block-heading\">Dicas para montar sua horta vertical na cozinha<\/h2>\n\n\n\n<ul class=\"wp-block-list\">\n<li><strong>Escolha o local ideal<\/strong>: Prefira uma parede pr\u00f3xima \u00e0 janela ou que receba luz natural direta ou indireta por pelo menos 4 horas por dia.<\/li>\n\n\n\n<li><strong>Escolha as plantas certas<\/strong>: Temperos como manjeric\u00e3o, salsinha, cebolinha, hortel\u00e3, alecrim e tomilho s\u00e3o \u00f3timas op\u00e7\u00f5es.<\/li>\n\n\n\n<li><strong>Invista em uma boa estrutura<\/strong>: Utilize suportes resistentes e imperme\u00e1veis para evitar danos \u00e0 parede.<\/li>\n\n\n\n<li><strong>Use vasos com furos e bandejas<\/strong>: Isso evita o ac\u00famulo de \u00e1gua e facilita a drenagem.<\/li>\n\n\n\n<li><strong>Regue com modera\u00e7\u00e3o<\/strong>: A maioria dos temperos prefere solo \u00famido, mas nunca encharcado.<\/li>\n\n\n\n<li><strong>Adube regularmente<\/strong>: Use compostos org\u00e2nicos para manter a horta sempre produtiva.<\/li>\n<\/ul>\n\n\n\n<hr class=\"wp-block-separator has-alpha-channel-opacity\"\/>\n\n\n\n<h2 id='cuidados-e-manuten\u00e7\u00e3o'  class=\"wp-block-heading\">Cuidados e manuten\u00e7\u00e3o<\/h2>\n\n\n\n<p>Uma horta vertical na cozinha exige aten\u00e7\u00e3o regular, mas n\u00e3o \u00e9 dif\u00edcil de cuidar. Verifique a umidade da terra diariamente, fa\u00e7a podas leves para estimular o crescimento das plantas e fique atento a pragas. A limpeza dos suportes e vasos tamb\u00e9m \u00e9 essencial para manter o visual bonito e higi\u00eanico.<\/p>\n\n\n\n<hr class=\"wp-block-separator has-alpha-channel-opacity\"\/>\n\n\n\n<h2 id='\ud83c\udf31-benef\u00edcios-de-ter-uma-horta-vertical-na-cozinha'  class=\"wp-block-heading\">\ud83c\udf31 Benef\u00edcios de ter uma horta vertical na cozinha<\/h2>\n\n\n\n<ul class=\"wp-block-list\">\n<li><strong>Temperos sempre \u00e0 m\u00e3o:<\/strong> fresquinhos e livres de agrot\u00f3xicos.<\/li>\n\n\n\n<li><strong>Aproveitamento de espa\u00e7o:<\/strong> usa a parede e n\u00e3o ocupa bancada.<\/li>\n\n\n\n<li><strong>Estilo na decora\u00e7\u00e3o:<\/strong> traz cor, textura e um toque org\u00e2nico.<\/li>\n\n\n\n<li><strong>Sustent\u00e1vel e econ\u00f4mica:<\/strong> menos embalagens, mais autonomia.<\/li>\n\n\n\n<li><strong>Bem-estar e terapia verde:<\/strong> cuidar das plantas \u00e9 relaxante.<\/li>\n<\/ul>\n\n\n\n<hr class=\"wp-block-separator has-alpha-channel-opacity\"\/>\n\n\n\n<h2 id='\ud83e\udeb4-modelos-de-hortas-verticais-qual-combina-com-sua-cozinha'  class=\"wp-block-heading\">\ud83e\udeb4 Modelos de hortas verticais: Qual combina com sua cozinha?<\/h2>\n\n\n\n<figure class=\"wp-block-table\"><table class=\"has-fixed-layout\"><thead><tr><th>Modelo<\/th><th>Destaque<\/th><th>Ideal para<\/th><th>Estilo Decorativo<\/th><\/tr><\/thead><tbody><tr><td>Prateleiras com vasos<\/td><td>F\u00e1cil de montar e vers\u00e1til<\/td><td>Cozinhas amplas<\/td><td>R\u00fastico, escandinavo<\/td><\/tr><tr><td>Jardineiras em pain\u00e9is<\/td><td>Muitas plantas no mesmo local<\/td><td>Espa\u00e7os estreitos<\/td><td>Moderno, funcional<\/td><\/tr><tr><td>Caixas empilhadas<\/td><td>Visual robusto e elegante<\/td><td>Cantos ou colunas<\/td><td>Contempor\u00e2neo, natural<\/td><\/tr><tr><td>Cachepots remov\u00edveis<\/td><td>Praticidade na manuten\u00e7\u00e3o<\/td><td>Quem gosta de mudar<\/td><td>Minimalista, urbano<\/td><\/tr><tr><td>Suportes met\u00e1licos verticais<\/td><td>Durabilidade e impacto visual<\/td><td>Ambientes iluminados<\/td><td>Industrial, clean<\/td><\/tr><\/tbody><\/table><\/figure>\n\n\n\n<hr class=\"wp-block-separator has-alpha-channel-opacity\"\/>\n\n\n\n<figure class=\"wp-block-image aligncenter size-large is-resized\"><a href=\"https:\/\/chat.whatsapp.com\/KJBkp5LFJVRIvmt5X3hSEh\" target=\"_blank\" rel=\"noopener\"><img data-recalc-dims=\"1\" fetchpriority=\"high\" decoding=\"async\" width=\"683\" height=\"1024\" src=\"https:\/\/i0.wp.com\/1truenote.com\/wp-content\/uploads\/2025\/06\/ChatGPT-Image-3-de-jun.-de-2025-19_04_53.png?resize=683%2C1024&#038;ssl=1\" alt=\"chamada banner advetorial whats\" class=\"wp-image-2683\" style=\"object-fit:cover;width:200px;height:300px\" srcset=\"https:\/\/i0.wp.com\/1truenote.com\/wp-content\/uploads\/2025\/06\/ChatGPT-Image-3-de-jun.-de-2025-19_04_53.png?resize=683%2C1024&amp;ssl=1 683w, https:\/\/i0.wp.com\/1truenote.com\/wp-content\/uploads\/2025\/06\/ChatGPT-Image-3-de-jun.-de-2025-19_04_53.png?resize=200%2C300&amp;ssl=1 200w, https:\/\/i0.wp.com\/1truenote.com\/wp-content\/uploads\/2025\/06\/ChatGPT-Image-3-de-jun.-de-2025-19_04_53.png?resize=768%2C1152&amp;ssl=1 768w, https:\/\/i0.wp.com\/1truenote.com\/wp-content\/uploads\/2025\/06\/ChatGPT-Image-3-de-jun.-de-2025-19_04_53.png?resize=150%2C225&amp;ssl=1 150w, https:\/\/i0.wp.com\/1truenote.com\/wp-content\/uploads\/2025\/06\/ChatGPT-Image-3-de-jun.-de-2025-19_04_53.png?w=1024&amp;ssl=1 1024w\" sizes=\"(max-width: 683px) 100vw, 683px\" \/><\/a><\/figure>\n\n\n\n<hr class=\"wp-block-separator has-alpha-channel-opacity\"\/>\n\n\n\n<h2 id='\ud83c\udf3f-dicas-para-criar-sua-horta-vertical-perfeita'  class=\"wp-block-heading\">\ud83c\udf3f Dicas para criar sua horta vertical perfeita<\/h2>\n\n\n\n<ol class=\"wp-block-list\">\n<li><strong>Luz \u00e9 tudo:<\/strong> escolha uma parede pr\u00f3xima \u00e0 janela, com boa ilumina\u00e7\u00e3o.<\/li>\n\n\n\n<li><strong>Escolha os temperos certos:<\/strong>\n<ul class=\"wp-block-list\">\n<li>Sombra: hortel\u00e3, salsa, cebolinha<\/li>\n\n\n\n<li>Meia-sombra: manjeric\u00e3o, tomilho<\/li>\n\n\n\n<li>Sol pleno: alecrim, or\u00e9gano, pimentas<\/li>\n<\/ul>\n<\/li>\n\n\n\n<li><strong>Aposte em vasos com drenagem<\/strong> e use um prato ou bandeja para conter a \u00e1gua.<\/li>\n\n\n\n<li><strong>Substrato leve e f\u00e9rtil:<\/strong> misture terra vegetal, h\u00famus e areia.<\/li>\n\n\n\n<li><strong>Rega equilibrada:<\/strong> mantenha o solo \u00famido, sem encharcar.<\/li>\n\n\n\n<li><strong>Adube a cada 15 dias:<\/strong> preferencialmente com compostos org\u00e2nicos.<\/li>\n\n\n\n<li><strong>Poda regular:<\/strong> estimula o crescimento e evita que as plantas fiquem estioladas.<\/li>\n\n\n\n<li><strong>Use etiquetas ou plaquinhas<\/strong> para identificar cada tempero.<\/li>\n<\/ol>\n\n\n\n<hr class=\"wp-block-separator has-alpha-channel-opacity\"\/>\n\n\n\n<a href=\"https:\/\/1truenote.com\/en\/sofa-chesterfield-veludo-decoracao-sala\/\" style=\"text-decoration: none;\">\n  <div style=\"display: flex; justify-content: space-between; align-items: center; background: #d44a00; padding: 12px 20px; color: white; font-family: Arial, sans-serif;\">\n    <strong style=\"color: black;\">READ ALSO:<\/strong>\n    <span style=\"margin-left: 8px; flex: 1;\">Sof\u00e1 Chesterfield de veludo<\/span>\n    <div style=\"background: #f2802f; padding: 8px 12px; border-radius: 2px; margin-left: 10px;\">\n      <span style=\"color: white; font-weight: bold;\">\u27a4<\/span>\n    <\/div>\n  <\/div>\n<\/a>\n\n\n\n<hr class=\"wp-block-separator has-alpha-channel-opacity\"\/>\n\n\n\n<h2 id='horta-vertical-na-cozinha'  class=\"wp-block-heading\">Horta vertical na cozinha<\/h2>\n\n\n\n<p>Com criatividade e planejamento, \u00e9 poss\u00edvel ter uma horta vertical cheia de vida, mesmo na menor cozinha. Al\u00e9m de funcional, ela \u00e9 um elemento decorativo poderoso que transforma completamente o ambiente. Ent\u00e3o, m\u00e3os \u00e0 terra \u2014 sua horta dos sonhos pode come\u00e7ar hoje mesmo! Gostou da nossa horta vertical na cozinha?<\/p>\n\n\n\n<hr class=\"wp-block-separator has-alpha-channel-opacity\"\/>\n\n\n\n<a href=\"https:\/\/1truenote.com\/en\/sofa-chesterfield-veludo-decoracao-sala\/\" style=\"text-decoration: none;\">\n  <div style=\"display: flex; justify-content: space-between; align-items: center; background: #d44a00; padding: 12px 20px; color: white; font-family: Arial, sans-serif;\">\n    <strong style=\"color: black;\">READ ALSO:<\/strong>\n    <span style=\"margin-left: 8px; flex: 1;\">Sof\u00e1 Chesterfield de veludo<\/span>\n    <div style=\"background: #f2802f; padding: 8px 12px; border-radius: 2px; margin-left: 10px;\">\n      <span style=\"color: white; font-weight: bold;\">\u27a4<\/span>\n    <\/div>\n  <\/div>\n<\/a>\n\n\n\n\n<hr class=\"wp-block-separator has-alpha-channel-opacity\"\/>\n\n\n\n<h2 id='\u2753-faq-d\u00favidas-frequentes-sobre-horta-vertical-na-cozinha'  class=\"wp-block-heading\">\u2753 FAQ \u2014 D\u00favidas frequentes sobre horta vertical na cozinha<\/h2>\n\n\n<div id=\"rank-math-faq\" class=\"rank-math-block\">\n<div class=\"rank-math-list\">\n<div id=\"faq-question-1759503845213\" class=\"rank-math-list-item\">\n<h3 id='qual-a-melhor-planta-para-come\u00e7ar'  class=\"rank-math-question\">Qual a melhor planta para come\u00e7ar?<\/h3>\n<div class=\"rank-math-answer\">\n\n<p>Salsinha e cebolinha s\u00e3o resistentes e ideais para iniciantes.<\/p>\n\n<\/div>\n<\/div>\n<div id=\"faq-question-1759503846247\" class=\"rank-math-list-item\">\n<h3 id='precisa-de-muita-luz-natural'  class=\"rank-math-question\">Precisa de muita luz natural?<\/h3>\n<div class=\"rank-math-answer\">\n\n<p>Sim! Pelo menos 4 horas por dia. Se n\u00e3o tiver, use uma lumin\u00e1ria de cultivo (grow light).<\/p>\n\n<\/div>\n<\/div>\n<div id=\"faq-question-1759503847118\" class=\"rank-math-list-item\">\n<h3 id='d\u00e1-pra-fazer-em-apartamento-sem-varanda'  class=\"rank-math-question\">D\u00e1 pra fazer em apartamento sem varanda?<\/h3>\n<div class=\"rank-math-answer\">\n\n<p>Com certeza! Basta ter uma parede pr\u00f3xima \u00e0 janela da cozinha ou da lavanderia.<\/p>\n\n<\/div>\n<\/div>\n<div id=\"faq-question-1759503847718\" class=\"rank-math-list-item\">\n<h3 id='e-se-eu-viajar'  class=\"rank-math-question\">E se eu viajar?<\/h3>\n<div class=\"rank-math-answer\">\n\n<p>Voc\u00ea pode usar sistemas de irriga\u00e7\u00e3o por gotejamento ou pedir ajuda a algu\u00e9m \u2014 como faria com um pet. \ud83d\ude05<\/p>\n\n<\/div>\n<\/div>\n<div id=\"faq-question-1759503848334\" class=\"rank-math-list-item\">\n<h3 id='quanto-custa-montar-uma-horta-vertical-simples'  class=\"rank-math-question\">Quanto custa montar uma horta vertical simples?<\/h3>\n<div class=\"rank-math-answer\">\n\n<p>Com cerca de R$ 100 a R$ 200 j\u00e1 \u00e9 poss\u00edvel montar uma horta vertical com 3 a 5 vasinhos e suporte.<\/p>\n\n<\/div>\n<\/div>\n<\/div>\n<\/div>\n\n\n<figure class=\"wp-block-image aligncenter size-large\"><img data-recalc-dims=\"1\" decoding=\"async\" width=\"1024\" height=\"683\" src=\"https:\/\/i0.wp.com\/1truenote.com\/wp-content\/uploads\/2025\/10\/20251003_1346_Cozinha-com-Plantas-Aromaticas_remix_01k6nfbt1fe3q85p1ydqyxvpk9.png?resize=1024%2C683&#038;ssl=1\" alt=\"Horta vertical na cozinha\" class=\"wp-image-4385\" srcset=\"https:\/\/i0.wp.com\/1truenote.com\/wp-content\/uploads\/2025\/10\/20251003_1346_Cozinha-com-Plantas-Aromaticas_remix_01k6nfbt1fe3q85p1ydqyxvpk9.png?resize=1024%2C683&amp;ssl=1 1024w, https:\/\/i0.wp.com\/1truenote.com\/wp-content\/uploads\/2025\/10\/20251003_1346_Cozinha-com-Plantas-Aromaticas_remix_01k6nfbt1fe3q85p1ydqyxvpk9.png?resize=300%2C200&amp;ssl=1 300w, https:\/\/i0.wp.com\/1truenote.com\/wp-content\/uploads\/2025\/10\/20251003_1346_Cozinha-com-Plantas-Aromaticas_remix_01k6nfbt1fe3q85p1ydqyxvpk9.png?resize=768%2C512&amp;ssl=1 768w, https:\/\/i0.wp.com\/1truenote.com\/wp-content\/uploads\/2025\/10\/20251003_1346_Cozinha-com-Plantas-Aromaticas_remix_01k6nfbt1fe3q85p1ydqyxvpk9.png?resize=18%2C12&amp;ssl=1 18w, https:\/\/i0.wp.com\/1truenote.com\/wp-content\/uploads\/2025\/10\/20251003_1346_Cozinha-com-Plantas-Aromaticas_remix_01k6nfbt1fe3q85p1ydqyxvpk9.png?resize=150%2C100&amp;ssl=1 150w, https:\/\/i0.wp.com\/1truenote.com\/wp-content\/uploads\/2025\/10\/20251003_1346_Cozinha-com-Plantas-Aromaticas_remix_01k6nfbt1fe3q85p1ydqyxvpk9.png?w=1536&amp;ssl=1 1536w\" sizes=\"(max-width: 1024px) 100vw, 1024px\" \/><\/figure>","protected":false},"excerpt":{"rendered":"<p>Horta vertical na cozinha. Ter uma horta em casa \u00e9 um desejo cada vez mais comum entre quem busca qualidade&#8230;<\/p>","protected":false},"author":1,"featured_media":4385,"comment_status":"open","ping_status":"open","sticky":false,"template":"","format":"standard","meta":{"_kad_post_transparent":"","_kad_post_title":"","_kad_post_layout":"","_kad_post_sidebar_id":"","_kad_post_content_style":"","_kad_post_vertical_padding":"","_kad_post_feature":"","_kad_post_feature_position":"","_kad_post_header":false,"_kad_post_footer":false,"_kad_post_classname":"","footnotes":"","jetpack_publicize_message":"","jetpack_publicize_feature_enabled":false,"jetpack_social_post_already_shared":true,"jetpack_social_options":{"image_generator_settings":{"template":"highway","default_image_id":0,"font":"","enabled":false},"version":2}},"categories":[9],"tags":[180,13,187,14,29,33,23,12],"class_list":["post-4384","post","type-post","status-publish","format-standard","has-post-thumbnail","hentry","category-lazer","tag-diy","tag-minimalista","tag-horta","tag-interiores-inovadores","tag-jardim","tag-plantas","tag-produtos","tag-projetos-inovadores"],"jetpack_publicize_connections":[],"jetpack_featured_media_url":"https:\/\/i0.wp.com\/1truenote.com\/wp-content\/uploads\/2025\/10\/20251003_1346_Cozinha-com-Plantas-Aromaticas_remix_01k6nfbt1fe3q85p1ydqyxvpk9.png?fit=1536%2C1024&ssl=1","jetpack_sharing_enabled":true,"_links":{"self":[{"href":"https:\/\/1truenote.com\/en\/wp-json\/wp\/v2\/posts\/4384","targetHints":{"allow":["GET"]}}],"collection":[{"href":"https:\/\/1truenote.com\/en\/wp-json\/wp\/v2\/posts"}],"about":[{"href":"https:\/\/1truenote.com\/en\/wp-json\/wp\/v2\/types\/post"}],"author":[{"embeddable":true,"href":"https:\/\/1truenote.com\/en\/wp-json\/wp\/v2\/users\/1"}],"replies":[{"embeddable":true,"href":"https:\/\/1truenote.com\/en\/wp-json\/wp\/v2\/comments?post=4384"}],"version-history":[{"count":1,"href":"https:\/\/1truenote.com\/en\/wp-json\/wp\/v2\/posts\/4384\/revisions"}],"predecessor-version":[{"id":4386,"href":"https:\/\/1truenote.com\/en\/wp-json\/wp\/v2\/posts\/4384\/revisions\/4386"}],"wp:featuredmedia":[{"embeddable":true,"href":"https:\/\/1truenote.com\/en\/wp-json\/wp\/v2\/media\/4385"}],"wp:attachment":[{"href":"https:\/\/1truenote.com\/en\/wp-json\/wp\/v2\/media?parent=4384"}],"wp:term":[{"taxonomy":"category","embeddable":true,"href":"https:\/\/1truenote.com\/en\/wp-json\/wp\/v2\/categories?post=4384"},{"taxonomy":"post_tag","embeddable":true,"href":"https:\/\/1truenote.com\/en\/wp-json\/wp\/v2\/tags?post=4384"}],"curies":[{"name":"wp","href":"https:\/\/api.w.org\/{rel}","templated":true}]}}