{"id":4381,"date":"2025-10-03T12:00:00","date_gmt":"2025-10-03T15:00:00","guid":{"rendered":"https:\/\/1truenote.com\/?p=4381"},"modified":"2025-10-03T11:29:40","modified_gmt":"2025-10-03T14:29:40","slug":"sofa-chesterfield-veludo-decoracao-sala","status":"publish","type":"post","link":"https:\/\/1truenote.com\/en\/sofa-chesterfield-veludo-decoracao-sala\/","title":{"rendered":"Sof\u00e1 Chesterfield de veludo: Eleg\u00e2ncia atemporal na decora\u00e7\u00e3o da sala"},"content":{"rendered":"<p>Quer transformar sua sala em um espa\u00e7o digno de capa de revista de decora\u00e7\u00e3o? O sof\u00e1 <strong>Chesterfield de veludo<\/strong> \u00e9 a escolha perfeita para quem busca aliar <strong>luxo, conforto e personalidade<\/strong> em um s\u00f3 m\u00f3vel.<\/p>\n\n\n\n<p>Com seu design cl\u00e1ssico, encosto capitonado e curvas marcantes, ele se destaca como pe\u00e7a central da decora\u00e7\u00e3o \u2014 transmitindo sofistica\u00e7\u00e3o \u00e0 primeira vista. O veludo, por sua vez, confere um toque aveludado irresist\u00edvel e visualmente impactante, al\u00e9m de estar em alta nas tend\u00eancias de interiores.<\/p>\n\n\n\n<p>Seja em ambientes amplos com vista urbana ou em salas compactas com pegada moderna, o Chesterfield de veludo se adapta com charme e impon\u00eancia. Neste guia completo, voc\u00ea vai descobrir como incorporar essa pe\u00e7a ic\u00f4nica no seu projeto, entender as melhores combina\u00e7\u00f5es de cores, estilos e texturas e conferir dicas pr\u00e1ticas para criar uma sala que exala eleg\u00e2ncia \u2014 sem perder o aconchego.<\/p>\n\n\n\n<hr class=\"wp-block-separator has-alpha-channel-opacity\"\/>\n\n\n\n<h3 id='por-que-escolher-o-sof\u00e1-chesterfield-de-veludo'  class=\"wp-block-heading\"><strong>Por que escolher o Sof\u00e1 Chesterfield de veludo?<\/strong><\/h3>\n\n\n\n<figure class=\"wp-block-table\"><table class=\"has-fixed-layout\"><thead><tr><th>Caracter\u00edstica<\/th><th>Benef\u00edcio<\/th><\/tr><\/thead><tbody><tr><td>Design capitonado<\/td><td>Visual ic\u00f4nico, atemporal e refinado<\/td><\/tr><tr><td>Tecido em veludo<\/td><td>Sensa\u00e7\u00e3o de luxo, conforto e sofistica\u00e7\u00e3o<\/td><\/tr><tr><td>Cores intensas (azul, verde)<\/td><td>Impacto visual forte, f\u00e1cil de harmonizar com metais, madeira e dourado<\/td><\/tr><tr><td>Estrutura robusta<\/td><td>Durabilidade e presen\u00e7a marcante no ambiente<\/td><\/tr><\/tbody><\/table><\/figure>\n\n\n\n<hr class=\"wp-block-separator has-alpha-channel-opacity\"\/>\n\n\n\n<h3 id='estilos-de-decora\u00e7\u00e3o-que-combinam-perfeitamente'  class=\"wp-block-heading\"><strong>Estilos de decora\u00e7\u00e3o que combinam perfeitamente<\/strong><\/h3>\n\n\n\n<ol class=\"wp-block-list\">\n<li><strong>Cl\u00e1ssico Moderno<\/strong>\n<ul class=\"wp-block-list\">\n<li>Combine o sof\u00e1 com cortinas pesadas, pain\u00e9is de madeira escura e lumin\u00e1rias douradas.<\/li>\n\n\n\n<li>Inclua obras de arte abstratas ou molduras sim\u00e9tricas para dar equil\u00edbrio visual.<\/li>\n<\/ul>\n<\/li>\n\n\n\n<li><strong>Art Deco<\/strong>\n<ul class=\"wp-block-list\">\n<li>Aposte em lumin\u00e1rias com design met\u00e1lico, espelhos e formas geom\u00e9tricas.<\/li>\n\n\n\n<li>Um sof\u00e1 azul-marinho ou esmeralda real\u00e7a esse estilo com perfei\u00e7\u00e3o.<\/li>\n<\/ul>\n<\/li>\n\n\n\n<li><strong>Contempor\u00e2neo com toque glam<\/strong>\n<ul class=\"wp-block-list\">\n<li>Use almofadas metalizadas (ouro ou prata) e mantas felpudas para dar contraste ao veludo.<\/li>\n\n\n\n<li>Aposte em mesa de centro com vidro ou m\u00e1rmore.<\/li>\n<\/ul>\n<\/li>\n\n\n\n<li><strong>Sala com vista urbana (como nas imagens enviadas)<\/strong>\n<ul class=\"wp-block-list\">\n<li>Abuse da ilumina\u00e7\u00e3o natural.<\/li>\n\n\n\n<li>Aposte em cortinas longas, tapetes texturizados e livros decorativos nas prateleiras com luz indireta.<\/li>\n<\/ul>\n<\/li>\n<\/ol>\n\n\n\n<hr class=\"wp-block-separator has-alpha-channel-opacity\"\/>\n\n\n\n<h3 id='como-combinar-cores-com-o-sof\u00e1-chesterfield-de-veludo'  class=\"wp-block-heading\"><strong>Como combinar cores com o sof\u00e1 Chesterfield de veludo<\/strong><\/h3>\n\n\n\n<figure class=\"wp-block-table\"><table class=\"has-fixed-layout\"><thead><tr><th>Cor do Sof\u00e1<\/th><th>Combina\u00e7\u00f5es Ideais<\/th><\/tr><\/thead><tbody><tr><td>Azul Marinho<\/td><td>Dourado, branco, madeira escura, cinza claro<\/td><\/tr><tr><td>Verde Esmeralda<\/td><td>Mostarda, bege, madeira clara, preto fosco<\/td><\/tr><tr><td>Cinza Chumbo<\/td><td>Prata, branco, preto e toques de azul petr\u00f3leo<\/td><\/tr><tr><td>Vinho ou Marsala<\/td><td>Tons neutros quentes, cobre, bege, madeira m\u00e9dia<\/td><\/tr><\/tbody><\/table><\/figure>\n\n\n\n<hr class=\"wp-block-separator has-alpha-channel-opacity\"\/>\n\n\n\n<figure class=\"wp-block-image aligncenter size-large is-resized\"><a href=\"https:\/\/chat.whatsapp.com\/KJBkp5LFJVRIvmt5X3hSEh\" target=\"_blank\" rel=\"noopener\"><img data-recalc-dims=\"1\" fetchpriority=\"high\" decoding=\"async\" width=\"683\" height=\"1024\" src=\"https:\/\/i0.wp.com\/1truenote.com\/wp-content\/uploads\/2025\/06\/ChatGPT-Image-3-de-jun.-de-2025-19_04_53.png?resize=683%2C1024&#038;ssl=1\" alt=\"chamada banner advetorial whats\" class=\"wp-image-2683\" style=\"object-fit:cover;width:200px;height:300px\" srcset=\"https:\/\/i0.wp.com\/1truenote.com\/wp-content\/uploads\/2025\/06\/ChatGPT-Image-3-de-jun.-de-2025-19_04_53.png?resize=683%2C1024&amp;ssl=1 683w, https:\/\/i0.wp.com\/1truenote.com\/wp-content\/uploads\/2025\/06\/ChatGPT-Image-3-de-jun.-de-2025-19_04_53.png?resize=200%2C300&amp;ssl=1 200w, https:\/\/i0.wp.com\/1truenote.com\/wp-content\/uploads\/2025\/06\/ChatGPT-Image-3-de-jun.-de-2025-19_04_53.png?resize=768%2C1152&amp;ssl=1 768w, https:\/\/i0.wp.com\/1truenote.com\/wp-content\/uploads\/2025\/06\/ChatGPT-Image-3-de-jun.-de-2025-19_04_53.png?resize=150%2C225&amp;ssl=1 150w, https:\/\/i0.wp.com\/1truenote.com\/wp-content\/uploads\/2025\/06\/ChatGPT-Image-3-de-jun.-de-2025-19_04_53.png?w=1024&amp;ssl=1 1024w\" sizes=\"(max-width: 683px) 100vw, 683px\" \/><\/a><\/figure>\n\n\n\n<hr class=\"wp-block-separator has-alpha-channel-opacity\"\/>\n\n\n\n<h3 id='dicas-para-decorar-com-sofistica\u00e7\u00e3o'  class=\"wp-block-heading\"><strong>Dicas para decorar com sofistica\u00e7\u00e3o<\/strong><\/h3>\n\n\n\n<ul class=\"wp-block-list\">\n<li><strong>Invista em ilumina\u00e7\u00e3o de destaque<\/strong>: Lustres ou pendentes criam um ponto focal elegante.<\/li>\n\n\n\n<li><strong>Cortinas longas e densas<\/strong>: Valorizam a altura do ambiente e completam o ar luxuoso.<\/li>\n\n\n\n<li><strong>Tapetes com textura ou estampas geom\u00e9tricas<\/strong>: Criam contraste visual e delimitam o espa\u00e7o.<\/li>\n\n\n\n<li><strong>Almofadas e mantas<\/strong>: Misture tecidos como veludo, linho e cetim para trazer profundidade.<\/li>\n<\/ul>\n\n\n\n<hr class=\"wp-block-separator has-alpha-channel-opacity\"\/>\n\n\n<div class=\"hostinger-affiliate-block-wrap\">\n            <div class=\"hostinger-affiliate-block-list-simple\">\n            <div class=\"hostinger-affiliate-block-list-simple__image\">\n                                        <a href=\"https:\/\/www.amazon.com.br\/dp\/B0CCSXYFDH?tag=joaopedro047-20\" target=\"_blank\" rel=\"nofollow noopener noreferrer\">\n                            <img decoding=\"async\" src=\"https:\/\/m.media-amazon.com\/images\/I\/31NU6TXBwZL.jpg\" alt=\"Namoradeira Chesterfield Merl\u00f4 2 Lugares Suede Bordo\">\n                        <\/a>\n                                <\/div>\n            <div class=\"hostinger-affiliate-block-list-simple__product-data\">\n                <div class=\"hostinger-affiliate-block-list-simple__product-info\">\n                                            <div class=\"hostinger-affiliate-block-list-simple__bestseller-label\">\n                                                        Bestseller #1                        <\/div>\n                                            <div class=\"hostinger-affiliate-block-list-simple__product-title\">\n                        <a href=\"https:\/\/www.amazon.com.br\/dp\/B0CCSXYFDH?tag=joaopedro047-20\" target=\"_blank\" rel=\"nofollow noopener noreferrer\">\n                            <h3 id='namoradeira-chesterfield-merl\u00f4-2-lugares-suede-bordo'>\n                                Namoradeira Chesterfield Merl\u00f4 2 Lugares Suede Bordo                            <\/h3>\n                        <\/a>\n                    <\/div>\n                    <div class=\"hostinger-affiliate-block-list-simple__product-pricing\">\n                                            <\/div>\n                <\/div>\n                <div class=\"hostinger-affiliate-block-list-simple__product-actions\">\n                    <div>\n                        <a href=\"https:\/\/www.amazon.com.br\/dp\/B0CCSXYFDH?tag=joaopedro047-20\" class=\"hostinger-affiliate-block-list-simple__product-amazon-button\" target=\"_blank\" rel=\"nofollow noopener noreferrer\">\n    Buy on Amazon<\/a>\n                    <\/div>\n                <\/div>\n            <\/div>\n        <\/div>\n                <div class=\"hostinger-affiliate-block-list-simple\">\n            <div class=\"hostinger-affiliate-block-list-simple__image\">\n                                        <a href=\"https:\/\/www.amazon.com.br\/dp\/B07WKWHXQ2?tag=joaopedro047-20\" target=\"_blank\" rel=\"nofollow noopener noreferrer\">\n                            <img decoding=\"async\" src=\"https:\/\/m.media-amazon.com\/images\/I\/4108lR48SGL.jpg\" alt=\"Sofa Cama Caribe 3 Posi\u00e7\u00f5es Base de Madeira Suede Essencial Estof...\">\n                        <\/a>\n                                <\/div>\n            <div class=\"hostinger-affiliate-block-list-simple__product-data\">\n                <div class=\"hostinger-affiliate-block-list-simple__product-info\">\n                                            <div class=\"hostinger-affiliate-block-list-simple__bestseller-label\">\n                                                        Bestseller #2                        <\/div>\n                                            <div class=\"hostinger-affiliate-block-list-simple__product-title\">\n                        <a href=\"https:\/\/www.amazon.com.br\/dp\/B07WKWHXQ2?tag=joaopedro047-20\" target=\"_blank\" rel=\"nofollow noopener noreferrer\">\n                            <h3 id='sofa-cama-caribe-3-posi\u00e7\u00f5es-base-de-madeira-suede-essencial-estof'>\n                                Sofa Cama Caribe 3 Posi\u00e7\u00f5es Base de Madeira Suede Essencial Estof&#8230;                            <\/h3>\n                        <\/a>\n                    <\/div>\n                    <div class=\"hostinger-affiliate-block-list-simple__product-pricing\">\n                                                    <div class=\"hostinger-affiliate-block-list-simple__product-price\">\n                                R$1.199,00                            <\/div>\n                                                <\/div>\n                <\/div>\n                <div class=\"hostinger-affiliate-block-list-simple__product-actions\">\n                    <div>\n                        <a href=\"https:\/\/www.amazon.com.br\/dp\/B07WKWHXQ2?tag=joaopedro047-20\" class=\"hostinger-affiliate-block-list-simple__product-amazon-button\" target=\"_blank\" rel=\"nofollow noopener noreferrer\">\n    Buy on Amazon<\/a>\n                    <\/div>\n                <\/div>\n            <\/div>\n        <\/div>\n                <div class=\"hostinger-affiliate-block-list-simple\">\n            <div class=\"hostinger-affiliate-block-list-simple__image\">\n                                        <a href=\"https:\/\/www.amazon.com.br\/dp\/B0F5X1R63Z?tag=joaopedro047-20\" target=\"_blank\" rel=\"nofollow noopener noreferrer\">\n                            <img decoding=\"async\" src=\"https:\/\/m.media-amazon.com\/images\/I\/31YIY2-8PBL.jpg\" alt=\"Sof\u00e1 Cama Reclin\u00e1vel Santorini Veludo P\u00e9s de Madeira 3 Lugares Ca...\">\n                        <\/a>\n                                <\/div>\n            <div class=\"hostinger-affiliate-block-list-simple__product-data\">\n                <div class=\"hostinger-affiliate-block-list-simple__product-info\">\n                                            <div class=\"hostinger-affiliate-block-list-simple__bestseller-label\">\n                                                        Bestseller #3                        <\/div>\n                                            <div class=\"hostinger-affiliate-block-list-simple__product-title\">\n                        <a href=\"https:\/\/www.amazon.com.br\/dp\/B0F5X1R63Z?tag=joaopedro047-20\" target=\"_blank\" rel=\"nofollow noopener noreferrer\">\n                            <h3 id='sof\u00e1-cama-reclin\u00e1vel-santorini-veludo-p\u00e9s-de-madeira-3-lugares-ca'>\n                                Sof\u00e1 Cama Reclin\u00e1vel Santorini Veludo P\u00e9s de Madeira 3 Lugares Ca&#8230;                            <\/h3>\n                        <\/a>\n                    <\/div>\n                    <div class=\"hostinger-affiliate-block-list-simple__product-pricing\">\n                                                    <div class=\"hostinger-affiliate-block-list-simple__product-price\">\n                                R$1.439,48                            <\/div>\n                                                <\/div>\n                <\/div>\n                <div class=\"hostinger-affiliate-block-list-simple__product-actions\">\n                    <div>\n                        <a href=\"https:\/\/www.amazon.com.br\/dp\/B0F5X1R63Z?tag=joaopedro047-20\" class=\"hostinger-affiliate-block-list-simple__product-amazon-button\" target=\"_blank\" rel=\"nofollow noopener noreferrer\">\n    Buy on Amazon<\/a>\n                    <\/div>\n                <\/div>\n            <\/div>\n        <\/div>\n                <div class=\"hostinger-affiliate-block-list-simple\">\n            <div class=\"hostinger-affiliate-block-list-simple__image\">\n                                        <a href=\"https:\/\/www.amazon.com.br\/dp\/B0DLTLXGY6?tag=joaopedro047-20\" target=\"_blank\" rel=\"nofollow noopener noreferrer\">\n                            <img decoding=\"async\" src=\"https:\/\/m.media-amazon.com\/images\/I\/51EkkUCTUJL.jpg\" alt=\"Sof\u00e1 Living Beny 3 Lugares Linho Cinza Fixo Sala Base Madeira\">\n                        <\/a>\n                                <\/div>\n            <div class=\"hostinger-affiliate-block-list-simple__product-data\">\n                <div class=\"hostinger-affiliate-block-list-simple__product-info\">\n                                            <div class=\"hostinger-affiliate-block-list-simple__bestseller-label\">\n                                                        Bestseller #4                        <\/div>\n                                            <div class=\"hostinger-affiliate-block-list-simple__product-title\">\n                        <a href=\"https:\/\/www.amazon.com.br\/dp\/B0DLTLXGY6?tag=joaopedro047-20\" target=\"_blank\" rel=\"nofollow noopener noreferrer\">\n                            <h3 id='sof\u00e1-living-beny-3-lugares-linho-cinza-fixo-sala-base-madeira'>\n                                Sof\u00e1 Living Beny 3 Lugares Linho Cinza Fixo Sala Base Madeira                            <\/h3>\n                        <\/a>\n                    <\/div>\n                    <div class=\"hostinger-affiliate-block-list-simple__product-pricing\">\n                                                    <div class=\"hostinger-affiliate-block-list-simple__product-price\">\n                                R$1.132,25                            <\/div>\n                                                <\/div>\n                <\/div>\n                <div class=\"hostinger-affiliate-block-list-simple__product-actions\">\n                    <div>\n                        <a href=\"https:\/\/www.amazon.com.br\/dp\/B0DLTLXGY6?tag=joaopedro047-20\" class=\"hostinger-affiliate-block-list-simple__product-amazon-button\" target=\"_blank\" rel=\"nofollow noopener noreferrer\">\n    Buy on Amazon<\/a>\n                    <\/div>\n                <\/div>\n            <\/div>\n        <\/div>\n        <\/div>\n\n\n\n<hr class=\"wp-block-separator has-alpha-channel-opacity\"\/>\n\n\n\n<h2 id='como-valorizar-o-sof\u00e1-com-ilumina\u00e7\u00e3o-e-acess\u00f3rios'  class=\"wp-block-heading\"><strong>Como valorizar o sof\u00e1 com ilumina\u00e7\u00e3o e acess\u00f3rios<\/strong><\/h2>\n\n\n\n<p>Um sof\u00e1 imponente como o Chesterfield merece uma ambienta\u00e7\u00e3o que o destaque ainda mais. A ilumina\u00e7\u00e3o certa pode transformar completamente a percep\u00e7\u00e3o do ambiente: Aposte em lumin\u00e1rias de piso com foco direcionado para real\u00e7ar a textura do veludo ou em luzes indiretas e quentes para criar uma atmosfera aconchegante e intimista.<\/p>\n\n\n\n<p>Al\u00e9m disso, acess\u00f3rios bem escolhidos fazem toda a diferen\u00e7a. Almofadas em tons met\u00e1licos, mantas de tric\u00f4 grosso e mesas de apoio elegantes complementam a est\u00e9tica sofisticada do sof\u00e1. Itens como bandejas decorativas, livros de arte e objetos de design sobre uma mesa de centro ajudam a compor um visual editorial \u2014 como o que vemos nas imagens de refer\u00eancia.<\/p>\n\n\n\n<hr class=\"wp-block-separator has-alpha-channel-opacity\"\/>\n\n\n\n<a href=\"https:\/\/1truenote.com\/en\/cozinha-com-tijolinho-brilhante\/s\/\" style=\"text-decoration: none;\">\n  <div style=\"display: flex; justify-content: space-between; align-items: center; background: #d44a00; padding: 12px 20px; color: white; font-family: Arial, sans-serif;\">\n    <strong style=\"color: black;\">READ ALSO:<\/strong>\n    <span style=\"margin-left: 8px; flex: 1;\">Tijolinho brilhante na cozinha<\/span>\n    <div style=\"background: #f2802f; padding: 8px 12px; border-radius: 2px; margin-left: 10px;\">\n      <span style=\"color: white; font-weight: bold;\">\u27a4<\/span>\n    <\/div>\n  <\/div>\n<\/a>\n\n\n\n<hr class=\"wp-block-separator has-alpha-channel-opacity\"\/>\n\n\n\n<h3 id='vale-a-pena-investir-em-um-sof\u00e1-chesterfield-de-veludo'  class=\"wp-block-heading\"><strong>Vale a pena investir em um sof\u00e1 Chesterfield de veludo?<\/strong><\/h3>\n\n\n\n<p>Sim \u2014 especialmente se voc\u00ea quer uma sala que impressiona, acolhe e transmite personalidade. Esse tipo de sof\u00e1 <strong>n\u00e3o \u00e9 apenas bonito<\/strong>, ele <strong>representa status, hist\u00f3ria e bom gosto<\/strong>. Ideal para quem gosta de ambientes sofisticados, mas tamb\u00e9m quer conforto e aconchego.<\/p>\n\n\n\n<p>Seja em um ap\u00ea contempor\u00e2neo com vista panor\u00e2mica ou em uma casa com estilo cl\u00e1ssico, o sof\u00e1 Chesterfield de veludo \u00e9 sempre uma escolha certeira.<\/p>\n\n\n\n<hr class=\"wp-block-separator has-alpha-channel-opacity\"\/>\n\n\n\n<a href=\"https:\/\/1truenote.com\/en\/cozinha-com-tijolinho-brilhante\/s\/\" style=\"text-decoration: none;\">\n  <div style=\"display: flex; justify-content: space-between; align-items: center; background: #d44a00; padding: 12px 20px; color: white; font-family: Arial, sans-serif;\">\n    <strong style=\"color: black;\">READ ALSO:<\/strong>\n    <span style=\"margin-left: 8px; flex: 1;\">Tijolinho brilhante na cozinha<\/span>\n    <div style=\"background: #f2802f; padding: 8px 12px; border-radius: 2px; margin-left: 10px;\">\n      <span style=\"color: white; font-weight: bold;\">\u27a4<\/span>\n    <\/div>\n  <\/div>\n<\/a>\n\n\n\n\n<hr class=\"wp-block-separator has-alpha-channel-opacity\"\/>\n\n\n\n<h3 id='faq-perguntas-frequentes-sof\u00e1-chesterfield'  class=\"wp-block-heading\"><strong>FAQ \u2013 Perguntas frequentes <strong>sof\u00e1 Chesterfield<\/strong><\/strong><\/h3>\n\n\n<div id=\"rank-math-faq\" class=\"rank-math-block\">\n<div class=\"rank-math-list\">\n<div id=\"faq-question-1759500947305\" class=\"rank-math-list-item\">\n<h3 id='o-sof\u00e1-chesterfield-\u00e9-confort\u00e1vel-ou-s\u00f3-decorativo'  class=\"rank-math-question\">O sof\u00e1 chesterfield \u00e9 confort\u00e1vel ou s\u00f3 decorativo?<\/h3>\n<div class=\"rank-math-answer\">\n\n<p>Extremamente confort\u00e1vel, especialmente os modelos modernos com espuma densa e tecidos macios como o veludo.<\/p>\n\n<\/div>\n<\/div>\n<div id=\"faq-question-1759500948303\" class=\"rank-math-list-item\">\n<h3 id='d\u00e1-para-usar-em-ambientes-pequenos'  class=\"rank-math-question\">D\u00e1 para usar em ambientes pequenos?<\/h3>\n<div class=\"rank-math-answer\">\n\n<p>Sim, prefira modelos de 2 lugares em tons neutros ou com p\u00e9s aparentes, para dar leveza.<\/p>\n\n<\/div>\n<\/div>\n<div id=\"faq-question-1759500949276\" class=\"rank-math-list-item\">\n<h3 id='como-limpar-o-veludo-do-sof\u00e1'  class=\"rank-math-question\">Como limpar o veludo do sof\u00e1?<\/h3>\n<div class=\"rank-math-answer\">\n\n<p>Use escova macia, pano \u00famido e evite produtos abrasivos. Existem tamb\u00e9m sprays espec\u00edficos para veludo.<\/p>\n\n<\/div>\n<\/div>\n<div id=\"faq-question-1759500950084\" class=\"rank-math-list-item\">\n<h3 id='combina-com-qual-tipo-de-piso'  class=\"rank-math-question\">Combina com qual tipo de piso?<\/h3>\n<div class=\"rank-math-answer\">\n\n<p>Fica lindo com madeira clara, pisos em porcelanato cinza, cimento queimado ou at\u00e9 m\u00e1rmore.<\/p>\n\n<\/div>\n<\/div>\n<\/div>\n<\/div>\n\n\n<figure class=\"wp-block-image aligncenter size-large\"><img data-recalc-dims=\"1\" decoding=\"async\" width=\"1024\" height=\"683\" src=\"https:\/\/i0.wp.com\/1truenote.com\/wp-content\/uploads\/2025\/10\/20251003_1126_Sala-Estilo-Chesterfield_simple_compose_01k6n7emjwfepa0sryk1k4c79e.png?resize=1024%2C683&#038;ssl=1\" alt=\"Sof\u00e1 Chesterfield de veludo\" class=\"wp-image-4382\" srcset=\"https:\/\/i0.wp.com\/1truenote.com\/wp-content\/uploads\/2025\/10\/20251003_1126_Sala-Estilo-Chesterfield_simple_compose_01k6n7emjwfepa0sryk1k4c79e.png?resize=1024%2C683&amp;ssl=1 1024w, https:\/\/i0.wp.com\/1truenote.com\/wp-content\/uploads\/2025\/10\/20251003_1126_Sala-Estilo-Chesterfield_simple_compose_01k6n7emjwfepa0sryk1k4c79e.png?resize=300%2C200&amp;ssl=1 300w, https:\/\/i0.wp.com\/1truenote.com\/wp-content\/uploads\/2025\/10\/20251003_1126_Sala-Estilo-Chesterfield_simple_compose_01k6n7emjwfepa0sryk1k4c79e.png?resize=768%2C512&amp;ssl=1 768w, https:\/\/i0.wp.com\/1truenote.com\/wp-content\/uploads\/2025\/10\/20251003_1126_Sala-Estilo-Chesterfield_simple_compose_01k6n7emjwfepa0sryk1k4c79e.png?resize=18%2C12&amp;ssl=1 18w, https:\/\/i0.wp.com\/1truenote.com\/wp-content\/uploads\/2025\/10\/20251003_1126_Sala-Estilo-Chesterfield_simple_compose_01k6n7emjwfepa0sryk1k4c79e.png?resize=150%2C100&amp;ssl=1 150w, https:\/\/i0.wp.com\/1truenote.com\/wp-content\/uploads\/2025\/10\/20251003_1126_Sala-Estilo-Chesterfield_simple_compose_01k6n7emjwfepa0sryk1k4c79e.png?w=1536&amp;ssl=1 1536w\" sizes=\"(max-width: 1024px) 100vw, 1024px\" \/><\/figure>","protected":false},"excerpt":{"rendered":"<p>Quer transformar sua sala em um espa\u00e7o digno de capa de revista de decora\u00e7\u00e3o? O sof\u00e1 Chesterfield de veludo \u00e9&#8230;<\/p>","protected":false},"author":1,"featured_media":4382,"comment_status":"open","ping_status":"open","sticky":false,"template":"","format":"standard","meta":{"_kad_post_transparent":"","_kad_post_title":"","_kad_post_layout":"","_kad_post_sidebar_id":"","_kad_post_content_style":"","_kad_post_vertical_padding":"","_kad_post_feature":"","_kad_post_feature_position":"","_kad_post_header":false,"_kad_post_footer":false,"_kad_post_classname":"","footnotes":"","jetpack_publicize_message":"","jetpack_publicize_feature_enabled":false,"jetpack_social_post_already_shared":true,"jetpack_social_options":{"image_generator_settings":{"template":"highway","default_image_id":0,"font":"","enabled":false},"version":2}},"categories":[16],"tags":[11,14,23],"class_list":["post-4381","post","type-post","status-publish","format-standard","has-post-thumbnail","hentry","category-casa-e-jardim","tag-conforto-noturno","tag-interiores-inovadores","tag-produtos"],"jetpack_publicize_connections":[],"jetpack_featured_media_url":"https:\/\/i0.wp.com\/1truenote.com\/wp-content\/uploads\/2025\/10\/20251003_1126_Sala-Estilo-Chesterfield_simple_compose_01k6n7emjwfepa0sryk1k4c79e.png?fit=1536%2C1024&ssl=1","jetpack_sharing_enabled":true,"_links":{"self":[{"href":"https:\/\/1truenote.com\/en\/wp-json\/wp\/v2\/posts\/4381","targetHints":{"allow":["GET"]}}],"collection":[{"href":"https:\/\/1truenote.com\/en\/wp-json\/wp\/v2\/posts"}],"about":[{"href":"https:\/\/1truenote.com\/en\/wp-json\/wp\/v2\/types\/post"}],"author":[{"embeddable":true,"href":"https:\/\/1truenote.com\/en\/wp-json\/wp\/v2\/users\/1"}],"replies":[{"embeddable":true,"href":"https:\/\/1truenote.com\/en\/wp-json\/wp\/v2\/comments?post=4381"}],"version-history":[{"count":1,"href":"https:\/\/1truenote.com\/en\/wp-json\/wp\/v2\/posts\/4381\/revisions"}],"predecessor-version":[{"id":4383,"href":"https:\/\/1truenote.com\/en\/wp-json\/wp\/v2\/posts\/4381\/revisions\/4383"}],"wp:featuredmedia":[{"embeddable":true,"href":"https:\/\/1truenote.com\/en\/wp-json\/wp\/v2\/media\/4382"}],"wp:attachment":[{"href":"https:\/\/1truenote.com\/en\/wp-json\/wp\/v2\/media?parent=4381"}],"wp:term":[{"taxonomy":"category","embeddable":true,"href":"https:\/\/1truenote.com\/en\/wp-json\/wp\/v2\/categories?post=4381"},{"taxonomy":"post_tag","embeddable":true,"href":"https:\/\/1truenote.com\/en\/wp-json\/wp\/v2\/tags?post=4381"}],"curies":[{"name":"wp","href":"https:\/\/api.w.org\/{rel}","templated":true}]}}