{"id":4366,"date":"2025-10-01T16:00:00","date_gmt":"2025-10-01T19:00:00","guid":{"rendered":"https:\/\/1truenote.com\/?p=4366"},"modified":"2025-10-01T15:55:01","modified_gmt":"2025-10-01T18:55:01","slug":"decoracao-biofilica-dicas-casa","status":"publish","type":"post","link":"https:\/\/1truenote.com\/en\/decoracao-biofilica-dicas-casa\/","title":{"rendered":"\ud83c\udf3f Decora\u00e7\u00e3o biof\u00edlica: Conecte sua casa com a natureza"},"content":{"rendered":"<p>Decora\u00e7\u00e3o biof\u00edlica. J\u00e1 imaginou entrar em um ambiente e sentir uma verdadeira <strong>sensa\u00e7\u00e3o de calma, bem-estar e conex\u00e3o com a natureza<\/strong>? Essa \u00e9 a proposta da <strong>decora\u00e7\u00e3o biof\u00edlica<\/strong>, uma tend\u00eancia que vai al\u00e9m do visual: Ela transforma o espa\u00e7o em um ref\u00fagio saud\u00e1vel, estimulante e equilibrado.<\/p>\n\n\n\n<p>Inspirada no conceito de <strong>biofilia<\/strong> \u2014 a afinidade inata do ser humano com a natureza \u2014, essa abordagem une elementos naturais, vegeta\u00e7\u00e3o, ilumina\u00e7\u00e3o, formas org\u00e2nicas e ventila\u00e7\u00e3o para criar ambientes mais saud\u00e1veis e humanos.<\/p>\n\n\n\n<p>Neste artigo complet\u00e3o, voc\u00ea vai entender o que \u00e9 decora\u00e7\u00e3o biof\u00edlica, como aplic\u00e1-la na sua casa e quais os benef\u00edcios reais de trazer a natureza para dentro. Vem ver!<\/p>\n\n\n\n<hr class=\"wp-block-separator has-alpha-channel-opacity\"\/>\n\n\n\n<h2 id='o-que-\u00e9-decora\u00e7\u00e3o-biof\u00edlica'  class=\"wp-block-heading\">O que \u00e9 decora\u00e7\u00e3o biof\u00edlica?<\/h2>\n\n\n\n<p>A decora\u00e7\u00e3o biof\u00edlica \u00e9 baseada em princ\u00edpios que estimulam <strong>nossos sentidos atrav\u00e9s da presen\u00e7a da natureza<\/strong>. Isso vai desde o uso de plantas vivas, texturas naturais (como madeira, pedra e fibras), luz solar, at\u00e9 cores que remetem a paisagens naturais (verdes, terrosos, tons de areia e c\u00e9u).<\/p>\n\n\n\n<p>Mas n\u00e3o se trata s\u00f3 de &#8220;plantas no canto da sala&#8221;. O objetivo \u00e9 criar um <strong>ambiente que imita a experi\u00eancia sensorial que temos na natureza<\/strong> \u2014 com sons, cheiros, ilumina\u00e7\u00e3o e elementos visuais que relaxam o corpo e a mente.<\/p>\n\n\n\n<hr class=\"wp-block-separator has-alpha-channel-opacity\"\/>\n\n\n\n<h2 id='benef\u00edcios-comprovados-da-decora\u00e7\u00e3o-biof\u00edlica'  class=\"wp-block-heading\">Benef\u00edcios comprovados da decora\u00e7\u00e3o biof\u00edlica<\/h2>\n\n\n\n<figure class=\"wp-block-table\"><table class=\"has-fixed-layout\"><thead><tr><th>Benef\u00edcio<\/th><th>Efeito no Dia a Dia<\/th><\/tr><\/thead><tbody><tr><td>Redu\u00e7\u00e3o do estresse<\/td><td>Ambientes com plantas e luz natural acalmam o c\u00e9rebro<\/td><\/tr><tr><td>Aumento da produtividade<\/td><td>Mais foco e criatividade, ideal para home office<\/td><\/tr><tr><td>Melhora da qualidade do ar<\/td><td>Plantas ajudam na umidifica\u00e7\u00e3o e filtragem natural<\/td><\/tr><tr><td>Bem-estar emocional<\/td><td>Conex\u00e3o com a natureza reduz ansiedade e irritabilidade<\/td><\/tr><tr><td>Valoriza\u00e7\u00e3o est\u00e9tica<\/td><td>Ambientes ficam mais aconchegantes e sofisticados<\/td><\/tr><\/tbody><\/table><\/figure>\n\n\n\n<hr class=\"wp-block-separator has-alpha-channel-opacity\"\/>\n\n\n\n<h2 id='7-dicas-para-aplicar-a-decora\u00e7\u00e3o-biof\u00edlica-em-casa'  class=\"wp-block-heading\">7 Dicas para aplicar a decora\u00e7\u00e3o biof\u00edlica em casa<\/h2>\n\n\n\n<h3 id='1-use-e-abuse-das-plantas'  class=\"wp-block-heading\">1. <strong>Use e abuse das plantas<\/strong><\/h3>\n\n\n\n<p>Comece com esp\u00e9cies resistentes e de baixa manuten\u00e7\u00e3o, como:<\/p>\n\n\n\n<ul class=\"wp-block-list\">\n<li>Jiboia<\/li>\n\n\n\n<li>Espada-de-s\u00e3o-jorge<\/li>\n\n\n\n<li>Zamioculca<\/li>\n\n\n\n<li>Palms (areca, r\u00e1fia)<\/li>\n\n\n\n<li>Samambaia<\/li>\n<\/ul>\n\n\n\n<p>Coloque-as em vasos de barro, penduradas ou at\u00e9 em paredes verticais.<\/p>\n\n\n\n<hr class=\"wp-block-separator has-alpha-channel-opacity\"\/>\n\n\n\n<h3 id='2-aproveite-a-luz-natural'  class=\"wp-block-heading\">2. <strong>Aproveite a luz natural<\/strong><\/h3>\n\n\n\n<p>Substitua cortinas pesadas por tecidos leves e claros. Abra as janelas e priorize a entrada de luz solar. Se poss\u00edvel, posicione seus m\u00f3veis onde bate luz direta pela manh\u00e3.<\/p>\n\n\n\n<hr class=\"wp-block-separator has-alpha-channel-opacity\"\/>\n\n\n\n<h3 id='3-incorpore-materiais-naturais'  class=\"wp-block-heading\">3. <strong>Incorpore materiais naturais<\/strong><\/h3>\n\n\n\n<ul class=\"wp-block-list\">\n<li>Madeira crua ou de reflorestamento<\/li>\n\n\n\n<li>Pedras (como granito, m\u00e1rmore ou seixos decorativos)<\/li>\n\n\n\n<li>T\u00eaxteis em algod\u00e3o, linho ou sisal<\/li>\n\n\n\n<li>Rattan, palhinha ou bambu<\/li>\n<\/ul>\n\n\n\n<hr class=\"wp-block-separator has-alpha-channel-opacity\"\/>\n\n\n\n<h3 id='4-formas-org\u00e2nicas'  class=\"wp-block-heading\">4. <strong>Formas org\u00e2nicas<\/strong><\/h3>\n\n\n\n<p>M\u00f3veis e objetos com linhas curvas, imperfeitas e fluidas evocam elementos naturais como rios, folhas e montanhas. Aposte em mesas, sof\u00e1s e lumin\u00e1rias com design org\u00e2nico.<\/p>\n\n\n\n<hr class=\"wp-block-separator has-alpha-channel-opacity\"\/>\n\n\n\n<h3 id='5-paleta-de-cores-naturais'  class=\"wp-block-heading\">5. <strong>Paleta de cores naturais<\/strong><\/h3>\n\n\n\n<p>Cores inspiradas na natureza criam harmonia:<\/p>\n\n\n\n<ul class=\"wp-block-list\">\n<li>Verdes (folhagem, musgo, oliva)<\/li>\n\n\n\n<li>Tons terrosos (marrom, terracota, areia)<\/li>\n\n\n\n<li>Azuis (c\u00e9u, oceano)<\/li>\n\n\n\n<li>Neutros (cinza pedra, bege claro)<\/li>\n<\/ul>\n\n\n\n<hr class=\"wp-block-separator has-alpha-channel-opacity\"\/>\n\n\n\n<h3 id='6-elementos-sensoriais'  class=\"wp-block-heading\">6. <strong>Elementos sensoriais<\/strong><\/h3>\n\n\n\n<ul class=\"wp-block-list\">\n<li>Fontes com som de \u00e1gua<\/li>\n\n\n\n<li>Aromas naturais com \u00f3leos essenciais (lavanda, eucalipto)<\/li>\n\n\n\n<li>Tapetes ou almofadas com textura r\u00fastica<\/li>\n<\/ul>\n\n\n\n<hr class=\"wp-block-separator has-alpha-channel-opacity\"\/>\n\n\n\n<h3 id='7-integra\u00e7\u00e3o-entre-ambientes-internos-e-externos'  class=\"wp-block-heading\">7. <strong>Integra\u00e7\u00e3o entre ambientes internos e externos<\/strong><\/h3>\n\n\n\n<ul class=\"wp-block-list\">\n<li>Janelas amplas com vista para o jardim<\/li>\n\n\n\n<li>Varandas ajardinadas com vasos suspensos<\/li>\n\n\n\n<li>\u00c1rea gourmet com elementos naturais<\/li>\n<\/ul>\n\n\n\n<hr class=\"wp-block-separator has-alpha-channel-opacity\"\/>\n\n\n\n<figure class=\"wp-block-image aligncenter size-large is-resized\"><a href=\"https:\/\/chat.whatsapp.com\/KJBkp5LFJVRIvmt5X3hSEh\" target=\"_blank\" rel=\"noopener\"><img data-recalc-dims=\"1\" fetchpriority=\"high\" decoding=\"async\" width=\"683\" height=\"1024\" src=\"https:\/\/i0.wp.com\/1truenote.com\/wp-content\/uploads\/2025\/06\/ChatGPT-Image-3-de-jun.-de-2025-19_04_53.png?resize=683%2C1024&#038;ssl=1\" alt=\"chamada banner advetorial whats\" class=\"wp-image-2683\" style=\"object-fit:cover;width:200px;height:300px\" srcset=\"https:\/\/i0.wp.com\/1truenote.com\/wp-content\/uploads\/2025\/06\/ChatGPT-Image-3-de-jun.-de-2025-19_04_53.png?resize=683%2C1024&amp;ssl=1 683w, https:\/\/i0.wp.com\/1truenote.com\/wp-content\/uploads\/2025\/06\/ChatGPT-Image-3-de-jun.-de-2025-19_04_53.png?resize=200%2C300&amp;ssl=1 200w, https:\/\/i0.wp.com\/1truenote.com\/wp-content\/uploads\/2025\/06\/ChatGPT-Image-3-de-jun.-de-2025-19_04_53.png?resize=768%2C1152&amp;ssl=1 768w, https:\/\/i0.wp.com\/1truenote.com\/wp-content\/uploads\/2025\/06\/ChatGPT-Image-3-de-jun.-de-2025-19_04_53.png?resize=150%2C225&amp;ssl=1 150w, https:\/\/i0.wp.com\/1truenote.com\/wp-content\/uploads\/2025\/06\/ChatGPT-Image-3-de-jun.-de-2025-19_04_53.png?w=1024&amp;ssl=1 1024w\" sizes=\"(max-width: 683px) 100vw, 683px\" \/><\/a><\/figure>\n\n\n\n<hr class=\"wp-block-separator has-alpha-channel-opacity\"\/>\n\n\n\n<h2 id='exemplo-de-aplica\u00e7\u00e3o'  class=\"wp-block-heading\">Exemplo de aplica\u00e7\u00e3o<\/h2>\n\n\n\n<p>Imagine um living com sof\u00e1 verde-musgo, mesa de centro em madeira org\u00e2nica, vasos de cer\u00e2mica com palmeiras, ilumina\u00e7\u00e3o suave e tapete de sisal. Esse ambiente une <strong>conforto visual, contato com o natural e equil\u00edbrio emocional<\/strong> \u2014 uma verdadeira experi\u00eancia biof\u00edlica em casa.<\/p>\n\n\n\n<hr class=\"wp-block-separator has-alpha-channel-opacity\"\/>\n\n\n\n<a href=\"https:\/\/1truenote.com\/en\/sofa-de-pallet-diy\/\" style=\"text-decoration: none;\">\n  <div style=\"display: flex; justify-content: space-between; align-items: center; background: #d44a00; padding: 12px 20px; color: white; font-family: Arial, sans-serif;\">\n    <strong style=\"color: black;\">READ ALSO:<\/strong>\n    <span style=\"margin-left: 8px; flex: 1;\">Guia completo para criar um sof\u00e1 de pallet DIY<\/span>\n    <div style=\"background: #f2802f; padding: 8px 12px; border-radius: 2px; margin-left: 10px;\">\n      <span style=\"color: white; font-weight: bold;\">\u27a4<\/span>\n    <\/div>\n  <\/div>\n<\/a>\n\n\n\n<hr class=\"wp-block-separator has-alpha-channel-opacity\"\/>\n\n\n\n<h2 id='decora\u00e7\u00e3o-biof\u00edlica'  class=\"wp-block-heading\">Decora\u00e7\u00e3o biof\u00edlica<\/h2>\n\n\n\n<p>A decora\u00e7\u00e3o biof\u00edlica vai muito al\u00e9m de um estilo. Ela \u00e9 uma <strong>filosofia de vida<\/strong> que promove sa\u00fade f\u00edsica, mental e emocional atrav\u00e9s do contato di\u00e1rio com elementos naturais.<\/p>\n\n\n\n<p>Ao aplicar os princ\u00edpios da biofilia na sua casa, voc\u00ea transforma o espa\u00e7o em um ambiente mais funcional, acolhedor e consciente \u2014 onde cada detalhe \u00e9 pensado para nutrir o bem-estar. E o melhor: isso \u00e9 poss\u00edvel em qualquer tipo de resid\u00eancia, desde apartamentos compactos at\u00e9 casas com jardim.<\/p>\n\n\n\n<p><strong>Transforme sua casa em um o\u00e1sis urbano. Comece pequeno, mas com prop\u00f3sito. Sua sa\u00fade e sua mente agradecem.<\/strong><\/p>\n\n\n\n<hr class=\"wp-block-separator has-alpha-channel-opacity\"\/>\n\n\n\n<a href=\"https:\/\/1truenote.com\/en\/sofa-de-pallet-diy\/\" style=\"text-decoration: none;\">\n  <div style=\"display: flex; justify-content: space-between; align-items: center; background: #d44a00; padding: 12px 20px; color: white; font-family: Arial, sans-serif;\">\n    <strong style=\"color: black;\">READ ALSO:<\/strong>\n    <span style=\"margin-left: 8px; flex: 1;\">Guia completo para criar um sof\u00e1 de pallet DIY<\/span>\n    <div style=\"background: #f2802f; padding: 8px 12px; border-radius: 2px; margin-left: 10px;\">\n      <span style=\"color: white; font-weight: bold;\">\u27a4<\/span>\n    <\/div>\n  <\/div>\n<\/a>\n\n\n\n\n<hr class=\"wp-block-separator has-alpha-channel-opacity\"\/>\n\n\n\n<h2 id='faq-perguntas-frequentes-sobre-decora\u00e7\u00e3o-biof\u00edlica'  class=\"wp-block-heading\">FAQ \u2013 Perguntas frequentes sobre decora\u00e7\u00e3o biof\u00edlica<\/h2>\n\n\n<div id=\"rank-math-faq\" class=\"rank-math-block\">\n<div class=\"rank-math-list\">\n<div id=\"faq-question-1759344353012\" class=\"rank-math-list-item\">\n<h3 id='qual-planta-\u00e9-mais-indicada-para-quem-n\u00e3o-tem-tempo-para-cuidar'  class=\"rank-math-question\">Qual planta \u00e9 mais indicada para quem n\u00e3o tem tempo para cuidar?<\/h3>\n<div class=\"rank-math-answer\">\n\n<p>\u2192 A Zamioculca, a Espada-de-s\u00e3o-jorge e o Cacto s\u00e3o \u00f3timas op\u00e7\u00f5es. Requerem pouca rega e s\u00e3o resistentes.<\/p>\n\n<\/div>\n<\/div>\n<div id=\"faq-question-1759344354190\" class=\"rank-math-list-item\">\n<h3 id='posso-fazer-decora\u00e7\u00e3o-biof\u00edlica-em-apartamento-pequeno'  class=\"rank-math-question\">Posso fazer decora\u00e7\u00e3o biof\u00edlica em apartamento pequeno?<\/h3>\n<div class=\"rank-math-answer\">\n\n<p>\u2192 Sim! Use vasos suspensos, jardins verticais, luz natural e materiais naturais nos m\u00f3veis e objetos.<\/p>\n\n<\/div>\n<\/div>\n<div id=\"faq-question-1759344355278\" class=\"rank-math-list-item\">\n<h3 id='tem-que-gastar-muito-para-seguir-esse-estilo'  class=\"rank-math-question\">Tem que gastar muito para seguir esse estilo?<\/h3>\n<div class=\"rank-math-answer\">\n\n<p>\u2192 N\u00e3o. A biofilia preza o natural e o acess\u00edvel. Muitas solu\u00e7\u00f5es s\u00e3o DIY e envolvem reaproveitamento.<\/p>\n\n<\/div>\n<\/div>\n<div id=\"faq-question-1759344355902\" class=\"rank-math-list-item\">\n<h3 id='\u00e9-poss\u00edvel-unir-biofilia-e-estilo-moderno'  class=\"rank-math-question\">\u00c9 poss\u00edvel unir biofilia e estilo moderno?<\/h3>\n<div class=\"rank-math-answer\">\n\n<p>\u2192 Com certeza! O minimalismo moderno e a biofilia se complementam perfeitamente. Use formas limpas, materiais naturais e plantas como destaque.<\/p>\n\n<\/div>\n<\/div>\n<div id=\"faq-question-1759344439095\" class=\"rank-math-list-item\">\n<h3 id='a-biofilia-ajuda-mesmo-na-sa\u00fade-mental'  class=\"rank-math-question\">A biofilia ajuda mesmo na sa\u00fade mental?<\/h3>\n<div class=\"rank-math-answer\">\n\n<p>\u2192 Sim. Estudos comprovam que ambientes biof\u00edlicos reduzem o cortisol (horm\u00f4nio do estresse) e promovem relaxamento.<\/p>\n\n<\/div>\n<\/div>\n<\/div>\n<\/div>\n\n\n<figure class=\"wp-block-image aligncenter size-large\"><img data-recalc-dims=\"1\" decoding=\"async\" width=\"1024\" height=\"760\" src=\"https:\/\/i0.wp.com\/1truenote.com\/wp-content\/uploads\/2025\/10\/Artigo.png?resize=1024%2C760&#038;ssl=1\" alt=\"Decora\u00e7\u00e3o Biof\u00edlica\" class=\"wp-image-4367\" srcset=\"https:\/\/i0.wp.com\/1truenote.com\/wp-content\/uploads\/2025\/10\/Artigo.png?resize=1024%2C760&amp;ssl=1 1024w, https:\/\/i0.wp.com\/1truenote.com\/wp-content\/uploads\/2025\/10\/Artigo.png?resize=300%2C223&amp;ssl=1 300w, https:\/\/i0.wp.com\/1truenote.com\/wp-content\/uploads\/2025\/10\/Artigo.png?resize=768%2C570&amp;ssl=1 768w, https:\/\/i0.wp.com\/1truenote.com\/wp-content\/uploads\/2025\/10\/Artigo.png?resize=16%2C12&amp;ssl=1 16w, https:\/\/i0.wp.com\/1truenote.com\/wp-content\/uploads\/2025\/10\/Artigo.png?resize=150%2C111&amp;ssl=1 150w, https:\/\/i0.wp.com\/1truenote.com\/wp-content\/uploads\/2025\/10\/Artigo.png?w=1536&amp;ssl=1 1536w\" sizes=\"(max-width: 1024px) 100vw, 1024px\" \/><\/figure>","protected":false},"excerpt":{"rendered":"<p>Decora\u00e7\u00e3o biof\u00edlica. J\u00e1 imaginou entrar em um ambiente e sentir uma verdadeira sensa\u00e7\u00e3o de calma, bem-estar e conex\u00e3o com a&#8230;<\/p>","protected":false},"author":1,"featured_media":4367,"comment_status":"open","ping_status":"open","sticky":false,"template":"","format":"standard","meta":{"_kad_post_transparent":"","_kad_post_title":"","_kad_post_layout":"","_kad_post_sidebar_id":"","_kad_post_content_style":"","_kad_post_vertical_padding":"","_kad_post_feature":"","_kad_post_feature_position":"","_kad_post_header":false,"_kad_post_footer":false,"_kad_post_classname":"","footnotes":"","jetpack_publicize_message":"","jetpack_publicize_feature_enabled":false,"jetpack_social_post_already_shared":true,"jetpack_social_options":{"image_generator_settings":{"template":"highway","default_image_id":0,"font":"","enabled":false},"version":2}},"categories":[16],"tags":[13,14,33,12],"class_list":["post-4366","post","type-post","status-publish","format-standard","has-post-thumbnail","hentry","category-casa-e-jardim","tag-minimalista","tag-interiores-inovadores","tag-plantas","tag-projetos-inovadores"],"jetpack_publicize_connections":[],"jetpack_featured_media_url":"https:\/\/i0.wp.com\/1truenote.com\/wp-content\/uploads\/2025\/10\/Artigo.png?fit=1536%2C1140&ssl=1","jetpack_sharing_enabled":true,"_links":{"self":[{"href":"https:\/\/1truenote.com\/en\/wp-json\/wp\/v2\/posts\/4366","targetHints":{"allow":["GET"]}}],"collection":[{"href":"https:\/\/1truenote.com\/en\/wp-json\/wp\/v2\/posts"}],"about":[{"href":"https:\/\/1truenote.com\/en\/wp-json\/wp\/v2\/types\/post"}],"author":[{"embeddable":true,"href":"https:\/\/1truenote.com\/en\/wp-json\/wp\/v2\/users\/1"}],"replies":[{"embeddable":true,"href":"https:\/\/1truenote.com\/en\/wp-json\/wp\/v2\/comments?post=4366"}],"version-history":[{"count":1,"href":"https:\/\/1truenote.com\/en\/wp-json\/wp\/v2\/posts\/4366\/revisions"}],"predecessor-version":[{"id":4368,"href":"https:\/\/1truenote.com\/en\/wp-json\/wp\/v2\/posts\/4366\/revisions\/4368"}],"wp:featuredmedia":[{"embeddable":true,"href":"https:\/\/1truenote.com\/en\/wp-json\/wp\/v2\/media\/4367"}],"wp:attachment":[{"href":"https:\/\/1truenote.com\/en\/wp-json\/wp\/v2\/media?parent=4366"}],"wp:term":[{"taxonomy":"category","embeddable":true,"href":"https:\/\/1truenote.com\/en\/wp-json\/wp\/v2\/categories?post=4366"},{"taxonomy":"post_tag","embeddable":true,"href":"https:\/\/1truenote.com\/en\/wp-json\/wp\/v2\/tags?post=4366"}],"curies":[{"name":"wp","href":"https:\/\/api.w.org\/{rel}","templated":true}]}}