{"id":4253,"date":"2025-09-26T12:00:00","date_gmt":"2025-09-26T15:00:00","guid":{"rendered":"https:\/\/1truenote.com\/?p=4253"},"modified":"2025-09-27T17:44:31","modified_gmt":"2025-09-27T20:44:31","slug":"sofa-de-pallet-diy","status":"publish","type":"post","link":"https:\/\/1truenote.com\/en\/sofa-de-pallet-diy\/","title":{"rendered":"Guia completo para criar um sof\u00e1 de pallet DIY: Passo a passo, dicas e inspira\u00e7\u00f5es"},"content":{"rendered":"<p>Quer transformar sua sala com um m\u00f3vel criativo, econ\u00f4mico e sustent\u00e1vel? O sof\u00e1 de pallet DIY \u00e9 a escolha perfeita! Neste guia, vamos mostrar tudo que voc\u00ea precisa saber para construir o seu pr\u00f3prio sof\u00e1 de pallet, mesmo que n\u00e3o tenha experi\u00eancia em marcenaria.<\/p>\n\n\n\n<p>Voc\u00ea est\u00e1 buscando uma forma criativa, acess\u00edvel e ecologicamente correta de renovar a decora\u00e7\u00e3o da sua sala? Que tal investir em um m\u00f3vel que une estilo, funcionalidade e sustentabilidade?<\/p>\n\n\n\n<p>O <strong>sof\u00e1 de pallet DIY (Do It Yourself)<\/strong> \u00e9 a solu\u00e7\u00e3o ideal para quem deseja transformar o ambiente sem gastar muito e ainda contribuir com o reaproveitamento de materiais. Vers\u00e1til e cheio de personalidade, esse tipo de sof\u00e1 pode ser adaptado a diversos estilos de decora\u00e7\u00e3o, desde o r\u00fastico ao moderno minimalista.<\/p>\n\n\n\n<p>E o melhor: <strong>Voc\u00ea mesmo pode construir o seu<\/strong>, mesmo que n\u00e3o tenha experi\u00eancia pr\u00e9via com marcenaria ou trabalhos manuais. Neste guia completo, vamos te mostrar passo a passo como montar seu pr\u00f3prio sof\u00e1 de pallet, com dicas de acabamento, medidas ideais, almofadas, pintura e muito mais. Prepare as ferramentas e venha descobrir como dar vida nova \u00e0 sua casa com um projeto f\u00e1cil, econ\u00f4mico e cheio de charme!<\/p>\n\n\n\n<hr class=\"wp-block-separator has-alpha-channel-opacity\"\/>\n\n\n\n<h2 id='benef\u00edcios-do-sof\u00e1-de-pallet'  class=\"wp-block-heading\">Benef\u00edcios do sof\u00e1 de pallet<\/h2>\n\n\n\n<ul class=\"wp-block-list\">\n<li>\u2714 Sustent\u00e1vel e ecol\u00f3gico<\/li>\n\n\n\n<li>\u2714 Baixo custo<\/li>\n\n\n\n<li>\u2714 Personaliz\u00e1vel<\/li>\n\n\n\n<li>\u2714 Ideal para ambientes internos e externos<\/li>\n\n\n\n<li>\u2714 Estilo r\u00fastico\/moderno<\/li>\n<\/ul>\n\n\n\n<hr class=\"wp-block-separator has-alpha-channel-opacity\"\/>\n\n\n\n<h2 id='materiais-necess\u00e1rios'  class=\"wp-block-heading\">Materiais necess\u00e1rios<\/h2>\n\n\n\n<figure class=\"wp-block-table\"><table class=\"has-fixed-layout\"><tbody><tr><th>Material<\/th><th>Quantidade<\/th><th>Observa\u00e7\u00f5es<\/th><\/tr><tr><td>Pallets<\/td><td>2 a 6<\/td><td>Verifique se est\u00e3o em bom estado<\/td><\/tr><tr><td>Lixa ou lixadeira<\/td><td>1<\/td><td>Para acabamento fino<\/td><\/tr><tr><td>Tinta\/Verniz<\/td><td>1 lata<\/td><td>Opcional<\/td><\/tr><tr><td>Parafusos e cantoneiras<\/td><td>Pacote<\/td><td>Para fixa\u00e7\u00e3o das partes<\/td><\/tr><tr><td>Almofadas\/espuma<\/td><td>Conforme<\/td><td>Tamanho do sof\u00e1<\/td><\/tr><tr><td>Pincel\/Rolo<\/td><td>1<\/td><td>Para aplica\u00e7\u00e3o de tinta\/verniz<\/td><\/tr><\/tbody><\/table><\/figure>\n\n\n\n<hr class=\"wp-block-separator has-alpha-channel-opacity\"\/>\n\n\n\n<h2 id='passo-a-passo-como-fazer-um-sof\u00e1-de-pallet'  class=\"wp-block-heading\">Passo a passo: Como fazer um sof\u00e1 de pallet<\/h2>\n\n\n\n<h3 id='1-escolha-os-pallets-certos'  class=\"wp-block-heading\">1. Escolha os pallets certos<\/h3>\n\n\n\n<p>D\u00ea prefer\u00eancia aos pallets de madeira tratada e em bom estado. O ideal \u00e9 usar pallets do mesmo tamanho.<\/p>\n\n\n\n<h3 id='2-lixe-bem-a-madeira'  class=\"wp-block-heading\">2. Lixe bem a madeira<\/h3>\n\n\n\n<p>Use uma lixadeira ou lixa manual para remover farpas e imperfei\u00e7\u00f5es. Isso garante conforto e evita acidentes.<\/p>\n\n\n\n<h3 id='3-monte-a-base'  class=\"wp-block-heading\">3. Monte a base<\/h3>\n\n\n\n<p>Coloque 2 ou mais pallets lado a lado para formar a base do sof\u00e1. Voc\u00ea pode empilh\u00e1-los para dar mais altura.<\/p>\n\n\n\n<h3 id='4-fixe-as-estruturas'  class=\"wp-block-heading\">4. Fixe as estruturas<\/h3>\n\n\n\n<p>Utilize parafusos e cantoneiras para unir os pallets com firmeza. Se desejar encosto, posicione pallets na vertical e prenda na base.<\/p>\n\n\n\n<h3 id='5-pinte-ou-envernize'  class=\"wp-block-heading\">5. Pinte ou envernize<\/h3>\n\n\n\n<p>Essa etapa \u00e9 opcional, mas ajuda a proteger a madeira e a dar estilo. Cores claras trazem leveza; tons escuros, sofistica\u00e7\u00e3o.<\/p>\n\n\n\n<h3 id='6-adicione-as-almofadas'  class=\"wp-block-heading\">6. Adicione as almofadas<\/h3>\n\n\n\n<p>Escolha almofadas confort\u00e1veis ou espuma sob medida. Revestimentos em linho ou sarja s\u00e3o populares.<\/p>\n\n\n\n<hr class=\"wp-block-separator has-alpha-channel-opacity\"\/>\n\n\n\n<h2 id='inspira\u00e7\u00f5es-com-sof\u00e1-de-pallet'  class=\"wp-block-heading\">Inspira\u00e7\u00f5es com sof\u00e1 de pallet<\/h2>\n\n\n\n<ul class=\"wp-block-list\">\n<li>Sof\u00e1 com estilo escandinavo: madeira natural + almofadas em tons neutros<\/li>\n\n\n\n<li>Sof\u00e1 moderno: pallets pintados de branco + almofadas pretas<\/li>\n\n\n\n<li>Estilo boho chic: paletes crus + almofadas coloridas e mantas<\/li>\n\n\n\n<li>Sof\u00e1 de pallet externo: pintura com verniz naval + estofado imperme\u00e1vel<\/li>\n<\/ul>\n\n\n\n<hr class=\"wp-block-separator has-alpha-channel-opacity\"\/>\n\n\n\n<h2 id='dicas-extras'  class=\"wp-block-heading\">Dicas extras<\/h2>\n\n\n\n<ul class=\"wp-block-list\">\n<li>Use rod\u00edzios se quiser mobilidade<\/li>\n\n\n\n<li>Aproveite espa\u00e7os vazados para armazenamento<\/li>\n\n\n\n<li>Combine com mesa de centro tamb\u00e9m de pallet<\/li>\n\n\n\n<li>Utilize LED embutido para dar charme<\/li>\n<\/ul>\n\n\n\n<hr class=\"wp-block-separator has-alpha-channel-opacity\"\/>\n\n\n\n<figure class=\"wp-block-image aligncenter size-large is-resized\"><a href=\"https:\/\/chat.whatsapp.com\/KJBkp5LFJVRIvmt5X3hSEh\" target=\"_blank\" rel=\"noopener\"><img data-recalc-dims=\"1\" fetchpriority=\"high\" decoding=\"async\" width=\"683\" height=\"1024\" src=\"https:\/\/i0.wp.com\/1truenote.com\/wp-content\/uploads\/2025\/06\/ChatGPT-Image-3-de-jun.-de-2025-19_04_53.png?resize=683%2C1024&#038;ssl=1\" alt=\"chamada banner advetorial whats\" class=\"wp-image-2683\" style=\"object-fit:cover;width:200px;height:300px\" srcset=\"https:\/\/i0.wp.com\/1truenote.com\/wp-content\/uploads\/2025\/06\/ChatGPT-Image-3-de-jun.-de-2025-19_04_53.png?resize=683%2C1024&amp;ssl=1 683w, https:\/\/i0.wp.com\/1truenote.com\/wp-content\/uploads\/2025\/06\/ChatGPT-Image-3-de-jun.-de-2025-19_04_53.png?resize=200%2C300&amp;ssl=1 200w, https:\/\/i0.wp.com\/1truenote.com\/wp-content\/uploads\/2025\/06\/ChatGPT-Image-3-de-jun.-de-2025-19_04_53.png?resize=768%2C1152&amp;ssl=1 768w, https:\/\/i0.wp.com\/1truenote.com\/wp-content\/uploads\/2025\/06\/ChatGPT-Image-3-de-jun.-de-2025-19_04_53.png?resize=150%2C225&amp;ssl=1 150w, https:\/\/i0.wp.com\/1truenote.com\/wp-content\/uploads\/2025\/06\/ChatGPT-Image-3-de-jun.-de-2025-19_04_53.png?w=1024&amp;ssl=1 1024w\" sizes=\"(max-width: 683px) 100vw, 683px\" \/><\/a><\/figure>\n\n\n\n<hr class=\"wp-block-separator has-alpha-channel-opacity\"\/>\n\n\n\n<h2 id='tabela-comparativa-sof\u00e1-de-pallet-x-sof\u00e1-tradicional'  class=\"wp-block-heading\">Tabela comparativa: Sof\u00e1 de pallet x Sof\u00e1 tradicional<\/h2>\n\n\n\n<figure class=\"wp-block-table\"><table class=\"has-fixed-layout\"><tbody><tr><td>Caracter\u00edstica<\/td><td>Sof\u00e1 de Pallet<\/td><td>Sof\u00e1 Tradicional<\/td><\/tr><tr><td>Pre\u00e7o<\/td><td>Muito mais barato<\/td><td>Mais caro<\/td><\/tr><tr><td>Sustentabilidade<\/td><td>Alta<\/td><td>Baixa<\/td><\/tr><tr><td>Personaliza\u00e7\u00e3o<\/td><td>Total<\/td><td>Limitada<\/td><\/tr><tr><td>Conforto<\/td><td>Moderado*<\/td><td>Alto<\/td><\/tr><tr><td>Estilo Decorativo<\/td><td>R\u00fastico\/Moderno<\/td><td>Variado<\/td><\/tr><\/tbody><\/table><\/figure>\n\n\n\n<p>*Depende da qualidade das almofadas<\/p>\n\n\n\n<hr class=\"wp-block-separator has-alpha-channel-opacity\"\/>\n\n\n\n<a href=\"https:\/\/1truenote.com\/en\/cadeira-aramada-decoracao\/\" style=\"text-decoration: none;\">\n  <div style=\"display: flex; justify-content: space-between; align-items: center; background: #d44a00; padding: 12px 20px; color: white; font-family: Arial, sans-serif;\">\n    <strong style=\"color: black;\">READ ALSO:<\/strong>\n    <span style=\"margin-left: 8px; flex: 1;\">Cadeira aramada: Versatilidade<\/span>\n    <div style=\"background: #f2802f; padding: 8px 12px; border-radius: 2px; margin-left: 10px;\">\n      <span style=\"color: white; font-weight: bold;\">\u27a4<\/span>\n    <\/div>\n  <\/div>\n<\/a>\n\n\n\n<hr class=\"wp-block-separator has-alpha-channel-opacity\"\/>\n\n\n\n<h2 id='sof\u00e1-de-pallet'  class=\"wp-block-heading\">Sof\u00e1 de pallet<\/h2>\n\n\n\n<p>Criar um sof\u00e1 de pallet \u00e9 mais do que montar um m\u00f3vel: \u00e9 uma forma criativa de transformar espa\u00e7os com baixo investimento e muito estilo. Al\u00e9m de ser uma op\u00e7\u00e3o ecol\u00f3gica, esse tipo de sof\u00e1 permite que voc\u00ea personalize cada detalhe de acordo com sua personalidade e necessidade.<\/p>\n\n\n\n<p>Com um pouco de dedica\u00e7\u00e3o e criatividade, \u00e9 poss\u00edvel criar uma pe\u00e7a funcional, bonita e com design exclusivo. Seja para sala, varanda ou \u00e1rea gourmet, o sof\u00e1 de pallet \u00e9 vers\u00e1til e encantador.<\/p>\n\n\n\n<hr class=\"wp-block-separator has-alpha-channel-opacity\"\/>\n\n\n\n<a href=\"https:\/\/1truenote.com\/en\/cadeira-aramada-decoracao\/\" style=\"text-decoration: none;\">\n  <div style=\"display: flex; justify-content: space-between; align-items: center; background: #d44a00; padding: 12px 20px; color: white; font-family: Arial, sans-serif;\">\n    <strong style=\"color: black;\">READ ALSO:<\/strong>\n    <span style=\"margin-left: 8px; flex: 1;\">Cadeira aramada: Versatilidade<\/span>\n    <div style=\"background: #f2802f; padding: 8px 12px; border-radius: 2px; margin-left: 10px;\">\n      <span style=\"color: white; font-weight: bold;\">\u27a4<\/span>\n    <\/div>\n  <\/div>\n<\/a>\n\n\n\n\n<hr class=\"wp-block-separator has-alpha-channel-opacity\"\/>\n\n\n\n<h2 id='faq-perguntas-frequentes-sobre-sof\u00e1-de-pallet'  class=\"wp-block-heading\">FAQ &#8211; Perguntas frequentes sobre sof\u00e1 de pallet<\/h2>\n\n\n<div id=\"rank-math-faq\" class=\"rank-math-block\">\n<div class=\"rank-math-list\">\n<div id=\"faq-question-1758897701944\" class=\"rank-math-list-item\">\n<h3 id='o-sof\u00e1-de-pallet-\u00e9-resistente'  class=\"rank-math-question\">O sof\u00e1 de pallet \u00e9 resistente?<\/h3>\n<div class=\"rank-math-answer\">\n\n<p>Sim! Quando bem montado e com pallets de qualidade, ele pode durar muitos anos.<\/p>\n\n<\/div>\n<\/div>\n<div id=\"faq-question-1758897702642\" class=\"rank-math-list-item\">\n<h3 id='qual-o-melhor-tipo-de-almofada'  class=\"rank-math-question\">Qual o melhor tipo de almofada?<\/h3>\n<div class=\"rank-math-answer\">\n\n<p>Almofadas com espuma de alta densidade (D28 ou superior) garantem mais conforto e durabilidade.<\/p>\n\n<\/div>\n<\/div>\n<div id=\"faq-question-1758897703563\" class=\"rank-math-list-item\">\n<h3 id='posso-usar-o-sof\u00e1-de-pallet-na-\u00e1rea-externa'  class=\"rank-math-question\">Posso usar o sof\u00e1 de pallet na \u00e1rea externa?<\/h3>\n<div class=\"rank-math-answer\">\n\n<p>Sim, desde que a madeira esteja protegida com verniz naval e as almofadas sejam imperme\u00e1veis.<\/p>\n\n<\/div>\n<\/div>\n<div id=\"faq-question-1758897704089\" class=\"rank-math-list-item\">\n<h3 id='\u00e9-preciso-tratar-o-pallet-antes-de-usar'  class=\"rank-math-question\">\u00c9 preciso tratar o pallet antes de usar?<\/h3>\n<div class=\"rank-math-answer\">\n\n<p>Recomenda-se lixar bem e aplicar produto antimofo ou verniz para garantir seguran\u00e7a e durabilidade.<\/p>\n\n<\/div>\n<\/div>\n<div id=\"faq-question-1758897704953\" class=\"rank-math-list-item\">\n<h3 id='onde-conseguir-pallets'  class=\"rank-math-question\">Onde conseguir pallets?<\/h3>\n<div class=\"rank-math-answer\">\n\n<p>Supermercados, lojas de materiais de constru\u00e7\u00e3o ou centros de distribui\u00e7\u00e3o costumam descart\u00e1-los gratuitamente.<\/p>\n\n<\/div>\n<\/div>\n<\/div>\n<\/div>\n\n\n<figure class=\"wp-block-image aligncenter size-large\"><img data-recalc-dims=\"1\" decoding=\"async\" width=\"1024\" height=\"683\" src=\"https:\/\/i0.wp.com\/1truenote.com\/wp-content\/uploads\/2025\/09\/20250926_1152_Sala-Sustentavel-e-Criativa_simple_compose_01k6385dsyf3nbhg45cbyp1kte.png?resize=1024%2C683&#038;ssl=1\" alt=\"sof\u00e1 de pallet\" class=\"wp-image-4254\" srcset=\"https:\/\/i0.wp.com\/1truenote.com\/wp-content\/uploads\/2025\/09\/20250926_1152_Sala-Sustentavel-e-Criativa_simple_compose_01k6385dsyf3nbhg45cbyp1kte.png?resize=1024%2C683&amp;ssl=1 1024w, https:\/\/i0.wp.com\/1truenote.com\/wp-content\/uploads\/2025\/09\/20250926_1152_Sala-Sustentavel-e-Criativa_simple_compose_01k6385dsyf3nbhg45cbyp1kte.png?resize=300%2C200&amp;ssl=1 300w, https:\/\/i0.wp.com\/1truenote.com\/wp-content\/uploads\/2025\/09\/20250926_1152_Sala-Sustentavel-e-Criativa_simple_compose_01k6385dsyf3nbhg45cbyp1kte.png?resize=768%2C512&amp;ssl=1 768w, https:\/\/i0.wp.com\/1truenote.com\/wp-content\/uploads\/2025\/09\/20250926_1152_Sala-Sustentavel-e-Criativa_simple_compose_01k6385dsyf3nbhg45cbyp1kte.png?resize=18%2C12&amp;ssl=1 18w, https:\/\/i0.wp.com\/1truenote.com\/wp-content\/uploads\/2025\/09\/20250926_1152_Sala-Sustentavel-e-Criativa_simple_compose_01k6385dsyf3nbhg45cbyp1kte.png?resize=150%2C100&amp;ssl=1 150w, https:\/\/i0.wp.com\/1truenote.com\/wp-content\/uploads\/2025\/09\/20250926_1152_Sala-Sustentavel-e-Criativa_simple_compose_01k6385dsyf3nbhg45cbyp1kte.png?w=1536&amp;ssl=1 1536w\" sizes=\"(max-width: 1024px) 100vw, 1024px\" \/><\/figure>","protected":false},"excerpt":{"rendered":"<p>Quer transformar sua sala com um m\u00f3vel criativo, econ\u00f4mico e sustent\u00e1vel? O sof\u00e1 de pallet DIY \u00e9 a escolha perfeita!&#8230;<\/p>","protected":false},"author":1,"featured_media":4254,"comment_status":"open","ping_status":"open","sticky":false,"template":"","format":"standard","meta":{"_kad_post_transparent":"","_kad_post_title":"","_kad_post_layout":"","_kad_post_sidebar_id":"","_kad_post_content_style":"","_kad_post_vertical_padding":"","_kad_post_feature":"","_kad_post_feature_position":"","_kad_post_header":false,"_kad_post_footer":false,"_kad_post_classname":"","footnotes":"","jetpack_publicize_message":"","jetpack_publicize_feature_enabled":false,"jetpack_social_post_already_shared":true,"jetpack_social_options":{"image_generator_settings":{"template":"highway","default_image_id":0,"font":"","enabled":false},"version":2}},"categories":[9],"tags":[15,180,14,12],"class_list":["post-4253","post","type-post","status-publish","format-standard","has-post-thumbnail","hentry","category-lazer","tag-conservacao-e-manutencao","tag-diy","tag-interiores-inovadores","tag-projetos-inovadores"],"jetpack_publicize_connections":[],"jetpack_featured_media_url":"https:\/\/i0.wp.com\/1truenote.com\/wp-content\/uploads\/2025\/09\/20250926_1152_Sala-Sustentavel-e-Criativa_simple_compose_01k6385dsyf3nbhg45cbyp1kte.png?fit=1536%2C1024&ssl=1","jetpack_sharing_enabled":true,"_links":{"self":[{"href":"https:\/\/1truenote.com\/en\/wp-json\/wp\/v2\/posts\/4253","targetHints":{"allow":["GET"]}}],"collection":[{"href":"https:\/\/1truenote.com\/en\/wp-json\/wp\/v2\/posts"}],"about":[{"href":"https:\/\/1truenote.com\/en\/wp-json\/wp\/v2\/types\/post"}],"author":[{"embeddable":true,"href":"https:\/\/1truenote.com\/en\/wp-json\/wp\/v2\/users\/1"}],"replies":[{"embeddable":true,"href":"https:\/\/1truenote.com\/en\/wp-json\/wp\/v2\/comments?post=4253"}],"version-history":[{"count":1,"href":"https:\/\/1truenote.com\/en\/wp-json\/wp\/v2\/posts\/4253\/revisions"}],"predecessor-version":[{"id":4255,"href":"https:\/\/1truenote.com\/en\/wp-json\/wp\/v2\/posts\/4253\/revisions\/4255"}],"wp:featuredmedia":[{"embeddable":true,"href":"https:\/\/1truenote.com\/en\/wp-json\/wp\/v2\/media\/4254"}],"wp:attachment":[{"href":"https:\/\/1truenote.com\/en\/wp-json\/wp\/v2\/media?parent=4253"}],"wp:term":[{"taxonomy":"category","embeddable":true,"href":"https:\/\/1truenote.com\/en\/wp-json\/wp\/v2\/categories?post=4253"},{"taxonomy":"post_tag","embeddable":true,"href":"https:\/\/1truenote.com\/en\/wp-json\/wp\/v2\/tags?post=4253"}],"curies":[{"name":"wp","href":"https:\/\/api.w.org\/{rel}","templated":true}]}}