{"id":4245,"date":"2025-09-26T10:00:00","date_gmt":"2025-09-26T13:00:00","guid":{"rendered":"https:\/\/1truenote.com\/?p=4245"},"modified":"2025-10-03T10:57:14","modified_gmt":"2025-10-03T13:57:14","slug":"cadeira-aramada-decoracao","status":"publish","type":"post","link":"https:\/\/1truenote.com\/en\/cadeira-aramada-decoracao\/","title":{"rendered":"Cadeira aramada: Versatilidade, estilo e funcionalidade na decora\u00e7\u00e3o"},"content":{"rendered":"<p>A cadeira aramada \u00e9 uma pe\u00e7a que une design contempor\u00e2neo e praticidade. Leve, elegante e extremamente vers\u00e1til, ela pode ser o toque de personalidade que faltava na sua decora\u00e7\u00e3o \u2014 seja na sala de jantar, varanda gourmet ou at\u00e9 mesmo no escrit\u00f3rio.<\/p>\n\n\n\n<p>Aqui voc\u00ea vai descobrir os principais modelos de cadeira aramada, como us\u00e1-la de forma funcional e estilosa e ainda conferir dicas pr\u00e1ticas para acertar na escolha. Vamos l\u00e1!?<\/p>\n\n\n\n<hr class=\"wp-block-separator has-alpha-channel-opacity\"\/>\n\n\n\n<h2 id='o-que-\u00e9-uma-cadeira-aramada'  class=\"wp-block-heading\">O que \u00e9 uma cadeira aramada?<\/h2>\n\n\n\n<p>A cadeira aramada \u00e9 uma cadeira feita, geralmente, de a\u00e7o ou ferro em forma de estrutura vazada, criando um visual leve, moderno e com um toque industrial. Muitos modelos incluem assentos estofados ou almofadas para conforto.<\/p>\n\n\n\n<h3 id='principais-caracter\u00edsticas'  class=\"wp-block-heading\">Principais caracter\u00edsticas:<\/h3>\n\n\n\n<ul class=\"wp-block-list\">\n<li>Design vazado e leve<\/li>\n\n\n\n<li>Materiais resistentes como ferro ou a\u00e7o<\/li>\n\n\n\n<li>Ideal para ambientes internos e externos<\/li>\n\n\n\n<li>Visual moderno e arrojado<\/li>\n\n\n\n<li>Facilidade de personaliza\u00e7\u00e3o com almofadas ou mantas<\/li>\n<\/ul>\n\n\n\n<hr class=\"wp-block-separator has-alpha-channel-opacity\"\/>\n\n\n\n<h2 id='vantagens-da-cadeira-aramada'  class=\"wp-block-heading\">Vantagens da cadeira aramada<\/h2>\n\n\n\n<ul class=\"wp-block-list\">\n<li>\u2705 <strong>Leveza visual<\/strong>: ideal para ambientes pequenos, sem pesar no espa\u00e7o;<\/li>\n\n\n\n<li>\u2705 <strong>Versatilidade<\/strong>: combina com diversos estilos, do industrial ao escandinavo;<\/li>\n\n\n\n<li>\u2705 <strong>Durabilidade<\/strong>: feitas de metais resistentes e dur\u00e1veis;<\/li>\n\n\n\n<li>\u2705 <strong>F\u00e1cil manuten\u00e7\u00e3o<\/strong>: basta um pano \u00famido e pronto;<\/li>\n\n\n\n<li>\u2705 <strong>Personaliz\u00e1vel<\/strong>: almofadas coloridas mudam totalmente a proposta.<\/li>\n<\/ul>\n\n\n\n<hr class=\"wp-block-separator has-alpha-channel-opacity\"\/>\n\n\n\n<h2 id='onde-usar-a-cadeira-aramada'  class=\"wp-block-heading\">Onde usar a cadeira aramada<\/h2>\n\n\n\n<figure class=\"wp-block-table\"><table class=\"has-fixed-layout\"><thead><tr><th>Ambiente<\/th><th>Estilo Recomendado<\/th><th>Dica de Uso<\/th><\/tr><\/thead><tbody><tr><td>Sala de jantar<\/td><td>Industrial ou moderno<\/td><td>Combine com mesas de madeira para contraste e conforto<\/td><\/tr><tr><td>Varanda gourmet<\/td><td>R\u00fastico ou boho<\/td><td>Use com almofadas imperme\u00e1veis e cores vibrantes<\/td><\/tr><tr><td>Escrit\u00f3rio<\/td><td>Minimalista ou retr\u00f4<\/td><td>Ideal para compor com mesas leves e ilumina\u00e7\u00e3o de destaque<\/td><\/tr><tr><td>Cozinha<\/td><td>Escandinavo<\/td><td>Use em bancadas ou mesas pequenas para manter o espa\u00e7o leve<\/td><\/tr><\/tbody><\/table><\/figure>\n\n\n\n<hr class=\"wp-block-separator has-alpha-channel-opacity\"\/>\n\n\n\n<figure class=\"wp-block-image aligncenter size-large is-resized\"><a href=\"https:\/\/chat.whatsapp.com\/KJBkp5LFJVRIvmt5X3hSEh\" target=\"_blank\" rel=\"noopener\"><img data-recalc-dims=\"1\" fetchpriority=\"high\" decoding=\"async\" width=\"683\" height=\"1024\" src=\"https:\/\/i0.wp.com\/1truenote.com\/wp-content\/uploads\/2025\/06\/ChatGPT-Image-3-de-jun.-de-2025-19_04_53.png?resize=683%2C1024&#038;ssl=1\" alt=\"chamada banner advetorial whats\" class=\"wp-image-2683\" style=\"object-fit:cover;width:200px;height:300px\" srcset=\"https:\/\/i0.wp.com\/1truenote.com\/wp-content\/uploads\/2025\/06\/ChatGPT-Image-3-de-jun.-de-2025-19_04_53.png?resize=683%2C1024&amp;ssl=1 683w, https:\/\/i0.wp.com\/1truenote.com\/wp-content\/uploads\/2025\/06\/ChatGPT-Image-3-de-jun.-de-2025-19_04_53.png?resize=200%2C300&amp;ssl=1 200w, https:\/\/i0.wp.com\/1truenote.com\/wp-content\/uploads\/2025\/06\/ChatGPT-Image-3-de-jun.-de-2025-19_04_53.png?resize=768%2C1152&amp;ssl=1 768w, https:\/\/i0.wp.com\/1truenote.com\/wp-content\/uploads\/2025\/06\/ChatGPT-Image-3-de-jun.-de-2025-19_04_53.png?resize=150%2C225&amp;ssl=1 150w, https:\/\/i0.wp.com\/1truenote.com\/wp-content\/uploads\/2025\/06\/ChatGPT-Image-3-de-jun.-de-2025-19_04_53.png?w=1024&amp;ssl=1 1024w\" sizes=\"(max-width: 683px) 100vw, 683px\" \/><\/a><\/figure>\n\n\n\n<hr class=\"wp-block-separator has-alpha-channel-opacity\"\/>\n\n\n\n<h2 id='dicas-pr\u00e1ticas-para-usar-cadeira-aramada-com-estilo'  class=\"wp-block-heading\">Dicas pr\u00e1ticas para usar cadeira aramada com estilo<\/h2>\n\n\n\n<ul class=\"wp-block-list\">\n<li><strong>1. Use almofadas coloridas<\/strong>: al\u00e9m de aumentar o conforto, ajudam a personalizar o ambiente.<\/li>\n\n\n\n<li><strong>2. Combine com madeira<\/strong>: o contraste entre metal e madeira traz equil\u00edbrio visual.<\/li>\n\n\n\n<li><strong>3. Aposte no mix de cadeiras<\/strong>: misturar cadeiras aramadas com outros estilos est\u00e1 super em alta.<\/li>\n\n\n\n<li><strong>4. Escolha cores neutras se quiser um look clean<\/strong>, ou v\u00e1 de preto e dourado para algo mais marcante.<\/li>\n\n\n\n<li><strong>5. Cuide da manuten\u00e7\u00e3o<\/strong>: mesmo resistentes, \u00e9 bom evitar exposi\u00e7\u00e3o constante \u00e0 umidade para aumentar a durabilidade.<\/li>\n<\/ul>\n\n\n\n<hr class=\"wp-block-separator has-alpha-channel-opacity\"\/>\n\n\n<div class=\"hostinger-affiliate-block-wrap\">\n            <div class=\"hostinger-affiliate-block-list-simple\">\n            <div class=\"hostinger-affiliate-block-list-simple__image\">\n                                        <a href=\"https:\/\/www.amazon.com.br\/dp\/B0DPXT5HKK?tag=joaopedro047-20\" target=\"_blank\" rel=\"nofollow noopener noreferrer\">\n                            <img decoding=\"async\" src=\"https:\/\/m.media-amazon.com\/images\/I\/31Xe1S6UgOL.jpg\" alt=\"kIT Conjunto 2 Cadeiras Allegra, Polipropileno com Encosto Modern...\">\n                        <\/a>\n                                <\/div>\n            <div class=\"hostinger-affiliate-block-list-simple__product-data\">\n                <div class=\"hostinger-affiliate-block-list-simple__product-info\">\n                                            <div class=\"hostinger-affiliate-block-list-simple__bestseller-label\">\n                                                        Bestseller #1                        <\/div>\n                                            <div class=\"hostinger-affiliate-block-list-simple__product-title\">\n                        <a href=\"https:\/\/www.amazon.com.br\/dp\/B0DPXT5HKK?tag=joaopedro047-20\" target=\"_blank\" rel=\"nofollow noopener noreferrer\">\n                            <h3 id='kit-conjunto-2-cadeiras-allegra-polipropileno-com-encosto-modern'>\n                                kIT Conjunto 2 Cadeiras Allegra, Polipropileno com Encosto Modern&#8230;                            <\/h3>\n                        <\/a>\n                    <\/div>\n                    <div class=\"hostinger-affiliate-block-list-simple__product-pricing\">\n                                                    <div class=\"hostinger-affiliate-block-list-simple__product-price\">\n                                R$388,54                            <\/div>\n                                                <\/div>\n                <\/div>\n                <div class=\"hostinger-affiliate-block-list-simple__product-actions\">\n                    <div>\n                        <a href=\"https:\/\/www.amazon.com.br\/dp\/B0DPXT5HKK?tag=joaopedro047-20\" class=\"hostinger-affiliate-block-list-simple__product-amazon-button\" target=\"_blank\" rel=\"nofollow noopener noreferrer\">\n    Buy on Amazon<\/a>\n                    <\/div>\n                <\/div>\n            <\/div>\n        <\/div>\n                <div class=\"hostinger-affiliate-block-list-simple\">\n            <div class=\"hostinger-affiliate-block-list-simple__image\">\n                                        <a href=\"https:\/\/www.amazon.com.br\/dp\/B09ZK4Q9J6?tag=joaopedro047-20\" target=\"_blank\" rel=\"nofollow noopener noreferrer\">\n                            <img decoding=\"async\" src=\"https:\/\/m.media-amazon.com\/images\/I\/41tnFqiHKzL.jpg\" alt=\"Conjunto Sala de Jantar Carraro Galway com Mesa e 4 Cadeiras\">\n                        <\/a>\n                                <\/div>\n            <div class=\"hostinger-affiliate-block-list-simple__product-data\">\n                <div class=\"hostinger-affiliate-block-list-simple__product-info\">\n                                            <div class=\"hostinger-affiliate-block-list-simple__bestseller-label\">\n                                                        Bestseller #2                        <\/div>\n                                            <div class=\"hostinger-affiliate-block-list-simple__product-title\">\n                        <a href=\"https:\/\/www.amazon.com.br\/dp\/B09ZK4Q9J6?tag=joaopedro047-20\" target=\"_blank\" rel=\"nofollow noopener noreferrer\">\n                            <h3 id='conjunto-sala-de-jantar-carraro-galway-com-mesa-e-4-cadeiras'>\n                                Conjunto Sala de Jantar Carraro Galway com Mesa e 4 Cadeiras                            <\/h3>\n                        <\/a>\n                    <\/div>\n                    <div class=\"hostinger-affiliate-block-list-simple__product-pricing\">\n                                                    <div class=\"hostinger-affiliate-block-list-simple__product-price\">\n                                R$899,99                            <\/div>\n                                                <\/div>\n                <\/div>\n                <div class=\"hostinger-affiliate-block-list-simple__product-actions\">\n                    <div>\n                        <a href=\"https:\/\/www.amazon.com.br\/dp\/B09ZK4Q9J6?tag=joaopedro047-20\" class=\"hostinger-affiliate-block-list-simple__product-amazon-button\" target=\"_blank\" rel=\"nofollow noopener noreferrer\">\n    Buy on Amazon<\/a>\n                    <\/div>\n                <\/div>\n            <\/div>\n        <\/div>\n                <div class=\"hostinger-affiliate-block-list-simple\">\n            <div class=\"hostinger-affiliate-block-list-simple__image\">\n                                        <a href=\"https:\/\/www.amazon.com.br\/dp\/B09CHGK4WQ?tag=joaopedro047-20\" target=\"_blank\" rel=\"nofollow noopener noreferrer\">\n                            <img decoding=\"async\" src=\"https:\/\/m.media-amazon.com\/images\/I\/418gm7ODWoL.jpg\" alt=\"Kit 6 Cadeiras Allegra Preta Sala Cozinha Jantar\">\n                        <\/a>\n                                <\/div>\n            <div class=\"hostinger-affiliate-block-list-simple__product-data\">\n                <div class=\"hostinger-affiliate-block-list-simple__product-info\">\n                                            <div class=\"hostinger-affiliate-block-list-simple__bestseller-label\">\n                                                        Bestseller #3                        <\/div>\n                                            <div class=\"hostinger-affiliate-block-list-simple__product-title\">\n                        <a href=\"https:\/\/www.amazon.com.br\/dp\/B09CHGK4WQ?tag=joaopedro047-20\" target=\"_blank\" rel=\"nofollow noopener noreferrer\">\n                            <h3 id='kit-6-cadeiras-allegra-preta-sala-cozinha-jantar'>\n                                Kit 6 Cadeiras Allegra Preta Sala Cozinha Jantar                            <\/h3>\n                        <\/a>\n                    <\/div>\n                    <div class=\"hostinger-affiliate-block-list-simple__product-pricing\">\n                                                    <div class=\"hostinger-affiliate-block-list-simple__product-price\">\n                                R$699,99                            <\/div>\n                                                <\/div>\n                <\/div>\n                <div class=\"hostinger-affiliate-block-list-simple__product-actions\">\n                    <div>\n                        <a href=\"https:\/\/www.amazon.com.br\/dp\/B09CHGK4WQ?tag=joaopedro047-20\" class=\"hostinger-affiliate-block-list-simple__product-amazon-button\" target=\"_blank\" rel=\"nofollow noopener noreferrer\">\n    Buy on Amazon<\/a>\n                    <\/div>\n                <\/div>\n            <\/div>\n        <\/div>\n                <div class=\"hostinger-affiliate-block-list-simple\">\n            <div class=\"hostinger-affiliate-block-list-simple__image\">\n                                        <a href=\"https:\/\/www.amazon.com.br\/dp\/B093TGC9RP?tag=joaopedro047-20\" target=\"_blank\" rel=\"nofollow noopener noreferrer\">\n                            <img decoding=\"async\" src=\"https:\/\/m.media-amazon.com\/images\/I\/41loUjqBTBS.jpg\" alt=\"Kit 04 Cadeiras para Sala Mesa de Jantar Empilh\u00e1vel Resistente Su...\">\n                        <\/a>\n                                <\/div>\n            <div class=\"hostinger-affiliate-block-list-simple__product-data\">\n                <div class=\"hostinger-affiliate-block-list-simple__product-info\">\n                                            <div class=\"hostinger-affiliate-block-list-simple__bestseller-label\">\n                                                        Bestseller #4                        <\/div>\n                                            <div class=\"hostinger-affiliate-block-list-simple__product-title\">\n                        <a href=\"https:\/\/www.amazon.com.br\/dp\/B093TGC9RP?tag=joaopedro047-20\" target=\"_blank\" rel=\"nofollow noopener noreferrer\">\n                            <h3 id='kit-04-cadeiras-para-sala-mesa-de-jantar-empilh\u00e1vel-resistente-su'>\n                                Kit 04 Cadeiras para Sala Mesa de Jantar Empilh\u00e1vel Resistente Su&#8230;                            <\/h3>\n                        <\/a>\n                    <\/div>\n                    <div class=\"hostinger-affiliate-block-list-simple__product-pricing\">\n                                                    <div class=\"hostinger-affiliate-block-list-simple__product-price\">\n                                R$566,90                            <\/div>\n                                                <\/div>\n                <\/div>\n                <div class=\"hostinger-affiliate-block-list-simple__product-actions\">\n                    <div>\n                        <a href=\"https:\/\/www.amazon.com.br\/dp\/B093TGC9RP?tag=joaopedro047-20\" class=\"hostinger-affiliate-block-list-simple__product-amazon-button\" target=\"_blank\" rel=\"nofollow noopener noreferrer\">\n    Buy on Amazon<\/a>\n                    <\/div>\n                <\/div>\n            <\/div>\n        <\/div>\n        <\/div>\n\n\n\n<hr class=\"wp-block-separator has-alpha-channel-opacity\"\/>\n\n\n\n<h2 id='modelos-populares-de-cadeira-aramada'  class=\"wp-block-heading\">Modelos populares de cadeira aramada<\/h2>\n\n\n\n<figure class=\"wp-block-table\"><table class=\"has-fixed-layout\"><thead><tr><th>Modelo<\/th><th>Material<\/th><th>Ideal para<\/th><th>Estofado Incluso<\/th><\/tr><\/thead><tbody><tr><td>Cadeira Bertoia<\/td><td>A\u00e7o cromado<\/td><td>Sala de jantar ou home<\/td><td>Sim<\/td><\/tr><tr><td>Aramada preta b\u00e1sica<\/td><td>Ferro pintado<\/td><td>Cozinha ou escrit\u00f3rio<\/td><td>N\u00e3o<\/td><\/tr><tr><td>Aramada com encosto<\/td><td>A\u00e7o com pintura PU<\/td><td>Varanda ou sala de estar<\/td><td>Sim<\/td><\/tr><tr><td>Cadeira Eiffel Wire<\/td><td>Estrutura met\u00e1lica<\/td><td>Ambientes modernos<\/td><td>Sim<\/td><\/tr><\/tbody><\/table><\/figure>\n\n\n\n<hr class=\"wp-block-separator has-alpha-channel-opacity\"\/>\n\n\n\n<a href=\"https:\/\/1truenote.com\/en\/forro-ripado-em-ambientes-integrados\/\" style=\"text-decoration: none;\">\n  <div style=\"display: flex; justify-content: space-between; align-items: center; background: #d44a00; padding: 12px 20px; color: white; font-family: Arial, sans-serif;\">\n    <strong style=\"color: black;\">READ ALSO:<\/strong>\n    <span style=\"margin-left: 8px; flex: 1;\">Forro ripado em ambientes integrados<\/span>\n    <div style=\"background: #f2802f; padding: 8px 12px; border-radius: 2px; margin-left: 10px;\">\n      <span style=\"color: white; font-weight: bold;\">\u27a4<\/span>\n    <\/div>\n  <\/div>\n<\/a>\n\n\n\n<hr class=\"wp-block-separator has-alpha-channel-opacity\"\/>\n\n\n\n<h2 id='cadeiras-aramadas'  class=\"wp-block-heading\">Cadeiras aramadas<\/h2>\n\n\n\n<p>As cadeiras aramadas s\u00e3o mais do que um simples item funcional. Elas representam um estilo de vida moderno, pr\u00e1tico e antenado. Ao optar por esse tipo de pe\u00e7a, voc\u00ea traz leveza visual ao ambiente, al\u00e9m de agregar um toque de sofistica\u00e7\u00e3o com simplicidade.<\/p>\n\n\n\n<p>Seja na varanda, cozinha, escrit\u00f3rio ou sala de jantar, a cadeira aramada pode ser o ponto focal da decora\u00e7\u00e3o \u2014 e com as dicas, modelos e comparativos deste artigo, voc\u00ea tem tudo em m\u00e3os para fazer a melhor escolha.<\/p>\n\n\n\n<p>Agora que voc\u00ea j\u00e1 sabe tudo sobre as cadeiras aramadas, que tal escolher a sua e transformar seu ambiente com personalidade?<\/p>\n\n\n\n<hr class=\"wp-block-separator has-alpha-channel-opacity\"\/>\n\n\n\n<a href=\"https:\/\/1truenote.com\/en\/forro-ripado-em-ambientes-integrados\/\" style=\"text-decoration: none;\">\n  <div style=\"display: flex; justify-content: space-between; align-items: center; background: #d44a00; padding: 12px 20px; color: white; font-family: Arial, sans-serif;\">\n    <strong style=\"color: black;\">READ ALSO:<\/strong>\n    <span style=\"margin-left: 8px; flex: 1;\">Forro ripado em ambientes integrados<\/span>\n    <div style=\"background: #f2802f; padding: 8px 12px; border-radius: 2px; margin-left: 10px;\">\n      <span style=\"color: white; font-weight: bold;\">\u27a4<\/span>\n    <\/div>\n  <\/div>\n<\/a>\n\n\n\n<hr class=\"wp-block-separator has-alpha-channel-opacity\"\/>\n\n\n\n<h2 id='faq-perguntas-frequentes-sobre-cadeira-aramada'  class=\"wp-block-heading\">FAQ \u2013 Perguntas frequentes sobre cadeira aramada<\/h2>\n\n\n<div id=\"rank-math-faq\" class=\"rank-math-block\">\n<div class=\"rank-math-list\">\n<div id=\"faq-question-1758822916925\" class=\"rank-math-list-item\">\n<h3 id='cadeira-aramada-\u00e9-confort\u00e1vel'  class=\"rank-math-question\">Cadeira aramada \u00e9 confort\u00e1vel?<\/h3>\n<div class=\"rank-math-answer\">\n\n<p>Sim, principalmente os modelos com almofadas ou estofado incluso. Para quem preza por conforto, opte pelos modelos com encosto ergon\u00f4mico.<\/p>\n\n<\/div>\n<\/div>\n<div id=\"faq-question-1758822917961\" class=\"rank-math-list-item\">\n<h3 id='pode-usar-cadeira-aramada-em-\u00e1rea-externa'  class=\"rank-math-question\">Pode usar cadeira aramada em \u00e1rea externa?<\/h3>\n<div class=\"rank-math-answer\">\n\n<p>Sim, desde que o material seja resistente \u00e0 umidade ou que receba tratamento anticorros\u00e3o.<\/p>\n\n<\/div>\n<\/div>\n<div id=\"faq-question-1758822918497\" class=\"rank-math-list-item\">\n<h3 id='como-limpar-cadeira-aramada'  class=\"rank-math-question\">Como limpar cadeira aramada?<\/h3>\n<div class=\"rank-math-answer\">\n\n<p>Use um pano \u00famido com sab\u00e3o neutro. Evite produtos abrasivos que possam danificar a pintura.<\/p>\n\n<\/div>\n<\/div>\n<div id=\"faq-question-1758822919048\" class=\"rank-math-list-item\">\n<h3 id='d\u00e1-para-usar-em-escrit\u00f3rio'  class=\"rank-math-question\">D\u00e1 para usar em escrit\u00f3rio?<\/h3>\n<div class=\"rank-math-answer\">\n\n<p>Sim! As vers\u00f5es com encosto alto e almofada s\u00e3o \u00f3timas para home office com estilo.<\/p>\n\n<\/div>\n<\/div>\n<div id=\"faq-question-1758822960130\" class=\"rank-math-list-item\">\n<h3 id='cadeira-aramada-combina-com-qual-estilo-de-decora\u00e7\u00e3o'  class=\"rank-math-question\">Cadeira aramada combina com qual estilo de decora\u00e7\u00e3o?<\/h3>\n<div class=\"rank-math-answer\">\n\n<p>Combina com estilos industrial, escandinavo, moderno, retr\u00f4 e at\u00e9 minimalista. Basta escolher o modelo certo.<\/p>\n\n<\/div>\n<\/div>\n<div id=\"faq-question-1758822968889\" class=\"rank-math-list-item\">\n<h3 id='\u00e9-legal-ter-essas-cadeiras'  class=\"rank-math-question\">\u00c9 legal ter essas cadeiras?<\/h3>\n<div class=\"rank-math-answer\">\n\n<p>Sim! \u00c9 super legal comprar e decorar com as cadeiras aramadas<\/p>\n\n<\/div>\n<\/div>\n<\/div>\n<\/div>\n\n\n<figure class=\"wp-block-image aligncenter size-large\"><img data-recalc-dims=\"1\" decoding=\"async\" width=\"1024\" height=\"683\" src=\"https:\/\/i0.wp.com\/1truenote.com\/wp-content\/uploads\/2025\/09\/20250925_1456_Modern-Dining-Setup_remix_01k610736efcktxxpjh78zz6j9.png?resize=1024%2C683&#038;ssl=1\" alt=\"cadeira aramada\" class=\"wp-image-4246\" srcset=\"https:\/\/i0.wp.com\/1truenote.com\/wp-content\/uploads\/2025\/09\/20250925_1456_Modern-Dining-Setup_remix_01k610736efcktxxpjh78zz6j9.png?resize=1024%2C683&amp;ssl=1 1024w, https:\/\/i0.wp.com\/1truenote.com\/wp-content\/uploads\/2025\/09\/20250925_1456_Modern-Dining-Setup_remix_01k610736efcktxxpjh78zz6j9.png?resize=300%2C200&amp;ssl=1 300w, https:\/\/i0.wp.com\/1truenote.com\/wp-content\/uploads\/2025\/09\/20250925_1456_Modern-Dining-Setup_remix_01k610736efcktxxpjh78zz6j9.png?resize=768%2C512&amp;ssl=1 768w, https:\/\/i0.wp.com\/1truenote.com\/wp-content\/uploads\/2025\/09\/20250925_1456_Modern-Dining-Setup_remix_01k610736efcktxxpjh78zz6j9.png?resize=18%2C12&amp;ssl=1 18w, https:\/\/i0.wp.com\/1truenote.com\/wp-content\/uploads\/2025\/09\/20250925_1456_Modern-Dining-Setup_remix_01k610736efcktxxpjh78zz6j9.png?resize=150%2C100&amp;ssl=1 150w, https:\/\/i0.wp.com\/1truenote.com\/wp-content\/uploads\/2025\/09\/20250925_1456_Modern-Dining-Setup_remix_01k610736efcktxxpjh78zz6j9.png?w=1536&amp;ssl=1 1536w\" sizes=\"(max-width: 1024px) 100vw, 1024px\" \/><\/figure>","protected":false},"excerpt":{"rendered":"<p>A cadeira aramada \u00e9 uma pe\u00e7a que une design contempor\u00e2neo e praticidade. Leve, elegante e extremamente vers\u00e1til, ela pode ser&#8230;<\/p>","protected":false},"author":1,"featured_media":4246,"comment_status":"open","ping_status":"open","sticky":false,"template":"","format":"standard","meta":{"_kad_post_transparent":"","_kad_post_title":"","_kad_post_layout":"","_kad_post_sidebar_id":"","_kad_post_content_style":"","_kad_post_vertical_padding":"","_kad_post_feature":"","_kad_post_feature_position":"","_kad_post_header":false,"_kad_post_footer":false,"_kad_post_classname":"","footnotes":"","jetpack_publicize_message":"","jetpack_publicize_feature_enabled":true,"jetpack_social_post_already_shared":true,"jetpack_social_options":{"image_generator_settings":{"template":"highway","default_image_id":0,"font":"","enabled":false},"version":2}},"categories":[16,1],"tags":[13,14,23,12],"class_list":["post-4245","post","type-post","status-publish","format-standard","has-post-thumbnail","hentry","category-casa-e-jardim","category-novidades","tag-minimalista","tag-interiores-inovadores","tag-produtos","tag-projetos-inovadores"],"jetpack_publicize_connections":[],"jetpack_featured_media_url":"https:\/\/i0.wp.com\/1truenote.com\/wp-content\/uploads\/2025\/09\/20250925_1456_Modern-Dining-Setup_remix_01k610736efcktxxpjh78zz6j9.png?fit=1536%2C1024&ssl=1","jetpack_sharing_enabled":true,"_links":{"self":[{"href":"https:\/\/1truenote.com\/en\/wp-json\/wp\/v2\/posts\/4245","targetHints":{"allow":["GET"]}}],"collection":[{"href":"https:\/\/1truenote.com\/en\/wp-json\/wp\/v2\/posts"}],"about":[{"href":"https:\/\/1truenote.com\/en\/wp-json\/wp\/v2\/types\/post"}],"author":[{"embeddable":true,"href":"https:\/\/1truenote.com\/en\/wp-json\/wp\/v2\/users\/1"}],"replies":[{"embeddable":true,"href":"https:\/\/1truenote.com\/en\/wp-json\/wp\/v2\/comments?post=4245"}],"version-history":[{"count":2,"href":"https:\/\/1truenote.com\/en\/wp-json\/wp\/v2\/posts\/4245\/revisions"}],"predecessor-version":[{"id":4380,"href":"https:\/\/1truenote.com\/en\/wp-json\/wp\/v2\/posts\/4245\/revisions\/4380"}],"wp:featuredmedia":[{"embeddable":true,"href":"https:\/\/1truenote.com\/en\/wp-json\/wp\/v2\/media\/4246"}],"wp:attachment":[{"href":"https:\/\/1truenote.com\/en\/wp-json\/wp\/v2\/media?parent=4245"}],"wp:term":[{"taxonomy":"category","embeddable":true,"href":"https:\/\/1truenote.com\/en\/wp-json\/wp\/v2\/categories?post=4245"},{"taxonomy":"post_tag","embeddable":true,"href":"https:\/\/1truenote.com\/en\/wp-json\/wp\/v2\/tags?post=4245"}],"curies":[{"name":"wp","href":"https:\/\/api.w.org\/{rel}","templated":true}]}}