{"id":4242,"date":"2025-09-25T14:00:00","date_gmt":"2025-09-25T17:00:00","guid":{"rendered":"https:\/\/1truenote.com\/?p=4242"},"modified":"2025-09-25T14:17:33","modified_gmt":"2025-09-25T17:17:33","slug":"forro-ripado-em-ambientes-integrados","status":"publish","type":"post","link":"https:\/\/1truenote.com\/en\/forro-ripado-em-ambientes-integrados\/","title":{"rendered":"Forro ripado em ambientes integrados: Sofistica\u00e7\u00e3o, aconchego e funcionalidade"},"content":{"rendered":"<p>A integra\u00e7\u00e3o de ambientes \u00e9 uma tend\u00eancia cada vez mais presente nos projetos de interiores contempor\u00e2neos. Seja em apartamentos compactos ou em casas amplas, a jun\u00e7\u00e3o de sala, cozinha e jantar traz fluidez e conviv\u00eancia. E para dar unidade e personalidade a esses espa\u00e7os, o <strong>forro ripado<\/strong> surge como um recurso arquitet\u00f4nico elegante, funcional e esteticamente marcante.<\/p>\n\n\n\n<p>Neste artigo, voc\u00ea vai entender:<\/p>\n\n\n\n<ul class=\"wp-block-list\">\n<li>O que \u00e9 forro ripado<\/li>\n\n\n\n<li>Suas vantagens em ambientes integrados<\/li>\n\n\n\n<li>Comparativos com outros tipos de forro<\/li>\n\n\n\n<li>Dicas pr\u00e1ticas de aplica\u00e7\u00e3o<\/li>\n\n\n\n<li>Inspira\u00e7\u00f5es para seu projeto<\/li>\n<\/ul>\n\n\n\n<hr class=\"wp-block-separator has-alpha-channel-opacity\"\/>\n\n\n\n<h3 id='\u2705-o-que-\u00e9-o-forro-ripado'  class=\"wp-block-heading\">\u2705 O que \u00e9 o forro ripado?<\/h3>\n\n\n\n<p>O <strong>forro ripado<\/strong> \u00e9 um revestimento de teto (ou paredes) composto por r\u00e9guas finas e lineares de madeira (natural, MDF, ou ripado PVC), dispostas com pequenos espa\u00e7os entre elas. O resultado \u00e9 um visual moderno, com textura e profundidade.<\/p>\n\n\n\n<p>Esse tipo de acabamento \u00e9 vers\u00e1til, podendo ser utilizado em:<\/p>\n\n\n\n<ul class=\"wp-block-list\">\n<li>Teto (forro)<\/li>\n\n\n\n<li>Paredes<\/li>\n\n\n\n<li>Pain\u00e9is de divis\u00e3o de ambientes<\/li>\n\n\n\n<li>Marcenaria sob medida<\/li>\n<\/ul>\n\n\n\n<hr class=\"wp-block-separator has-alpha-channel-opacity\"\/>\n\n\n\n<h3 id='\ud83c\udf1f-por-que-usar-forro-ripado-em-ambientes-integrados'  class=\"wp-block-heading\">\ud83c\udf1f Por que usar forro ripado em ambientes integrados?<\/h3>\n\n\n\n<ol class=\"wp-block-list\">\n<li><strong>Unifica\u00e7\u00e3o Visual<\/strong><br>O ripado ajuda a integrar visualmente espa\u00e7os distintos, conectando cozinha, sala de jantar e estar de forma elegante.<\/li>\n\n\n\n<li><strong>Delimita\u00e7\u00e3o Sem Barreiras<\/strong><br>Funciona como um \u201cmarcador\u201d sutil de ambientes, sem interromper a fluidez visual como uma parede faria.<\/li>\n\n\n\n<li><strong>Aconchego Imediato<\/strong><br>A madeira traz sensa\u00e7\u00e3o de conforto e sofistica\u00e7\u00e3o, o que \u00e9 fundamental em \u00e1reas sociais.<\/li>\n\n\n\n<li><strong>Tratamento Ac\u00fastico<\/strong><br>As ripas ajudam na absor\u00e7\u00e3o sonora, reduzindo eco \u2014 algo crucial em espa\u00e7os amplos integrados.<\/li>\n\n\n\n<li><strong>Personaliza\u00e7\u00e3o<\/strong><br>Pode ser feito sob medida e combinado com ilumina\u00e7\u00e3o embutida, sancas ou pendentes modernos.<\/li>\n<\/ol>\n\n\n\n<hr class=\"wp-block-separator has-alpha-channel-opacity\"\/>\n\n\n\n<figure class=\"wp-block-image aligncenter size-large is-resized\"><a href=\"https:\/\/chat.whatsapp.com\/KJBkp5LFJVRIvmt5X3hSEh\" target=\"_blank\" rel=\"noopener\"><img data-recalc-dims=\"1\" fetchpriority=\"high\" decoding=\"async\" width=\"683\" height=\"1024\" src=\"https:\/\/i0.wp.com\/1truenote.com\/wp-content\/uploads\/2025\/06\/ChatGPT-Image-3-de-jun.-de-2025-19_04_53.png?resize=683%2C1024&#038;ssl=1\" alt=\"chamada banner advetorial whats\" class=\"wp-image-2683\" style=\"object-fit:cover;width:200px;height:300px\" srcset=\"https:\/\/i0.wp.com\/1truenote.com\/wp-content\/uploads\/2025\/06\/ChatGPT-Image-3-de-jun.-de-2025-19_04_53.png?resize=683%2C1024&amp;ssl=1 683w, https:\/\/i0.wp.com\/1truenote.com\/wp-content\/uploads\/2025\/06\/ChatGPT-Image-3-de-jun.-de-2025-19_04_53.png?resize=200%2C300&amp;ssl=1 200w, https:\/\/i0.wp.com\/1truenote.com\/wp-content\/uploads\/2025\/06\/ChatGPT-Image-3-de-jun.-de-2025-19_04_53.png?resize=768%2C1152&amp;ssl=1 768w, https:\/\/i0.wp.com\/1truenote.com\/wp-content\/uploads\/2025\/06\/ChatGPT-Image-3-de-jun.-de-2025-19_04_53.png?resize=150%2C225&amp;ssl=1 150w, https:\/\/i0.wp.com\/1truenote.com\/wp-content\/uploads\/2025\/06\/ChatGPT-Image-3-de-jun.-de-2025-19_04_53.png?w=1024&amp;ssl=1 1024w\" sizes=\"(max-width: 683px) 100vw, 683px\" \/><\/a><\/figure>\n\n\n\n<hr class=\"wp-block-separator has-alpha-channel-opacity\"\/>\n\n\n\n<h3 id='\ud83d\udcca-tabela-comparativa-forro-ripado-vs-outros-tipos-de-forro'  class=\"wp-block-heading\">\ud83d\udcca Tabela comparativa: Forro ripado vs Outros tipos de forro<\/h3>\n\n\n\n<figure class=\"wp-block-table\"><table class=\"has-fixed-layout\"><thead><tr><th>Caracter\u00edstica<\/th><th>Forro Ripado<\/th><th>Gesso Rebaixado<\/th><th>PVC Branco<\/th><th>Forro de Madeira Plana<\/th><\/tr><\/thead><tbody><tr><td>Est\u00e9tica<\/td><td>Moderna e quente<\/td><td>Neutra e vers\u00e1til<\/td><td>Simples e fria<\/td><td>R\u00fastica e cl\u00e1ssica<\/td><\/tr><tr><td>Ac\u00fastica<\/td><td>Boa<\/td><td>M\u00e9dia<\/td><td>Ruim<\/td><td>Boa<\/td><\/tr><tr><td>Custo<\/td><td>M\u00e9dio\/Alto<\/td><td>M\u00e9dio<\/td><td>Baixo<\/td><td>Alto<\/td><\/tr><tr><td>Instala\u00e7\u00e3o<\/td><td>Moderada<\/td><td>R\u00e1pida<\/td><td>Muito r\u00e1pida<\/td><td>Demorada<\/td><\/tr><tr><td>Ideal para integra\u00e7\u00e3o<\/td><td>\u2705<\/td><td>\u2705<\/td><td>\u274c<\/td><td>\u2705<\/td><\/tr><tr><td>Durabilidade<\/td><td>Alta<\/td><td>M\u00e9dia<\/td><td>Alta<\/td><td>Alta<\/td><\/tr><\/tbody><\/table><\/figure>\n\n\n\n<hr class=\"wp-block-separator has-alpha-channel-opacity\"\/>\n\n\n\n<h3 id='\ud83d\udee0\ufe0f-dicas-de-aplica\u00e7\u00e3o-em-ambientes-integrados'  class=\"wp-block-heading\">\ud83d\udee0\ufe0f Dicas de aplica\u00e7\u00e3o em ambientes integrados<\/h3>\n\n\n\n<ul class=\"wp-block-list\">\n<li><strong>Cozinha e Sala de Jantar<\/strong>: Use o ripado acima da ilha gourmet ou mesa, com lumin\u00e1rias pendentes em destaque.<\/li>\n\n\n\n<li><strong>Parede + Teto<\/strong>: Estenda o ripado da parede at\u00e9 o teto em L para um efeito arquitet\u00f4nico marcante.<\/li>\n\n\n\n<li><strong>Cores claras ou naturais<\/strong>: Evite tons muito escuros para n\u00e3o \u201cfechar\u201d o ambiente integrado.<\/li>\n\n\n\n<li><strong>Ilumina\u00e7\u00e3o embutida<\/strong>: Spots ou trilhos embutidos entre os ripados destacam a textura e trazem sofistica\u00e7\u00e3o.<\/li>\n\n\n\n<li><strong>Ripado em MDF + fita LED<\/strong>: Ideal para projetos modernos e econ\u00f4micos.<\/li>\n<\/ul>\n\n\n\n<hr class=\"wp-block-separator has-alpha-channel-opacity\"\/>\n\n\n\n<a href=\"https:\/\/1truenote.com\/en\/poltronas-decorativas-como-usar-e-modelos-ideais\/\" style=\"text-decoration: none;\">\n  <div style=\"display: flex; justify-content: space-between; align-items: center; background: #d44a00; padding: 12px 20px; color: white; font-family: Arial, sans-serif;\">\n    <strong style=\"color: black;\">READ ALSO:<\/strong>\n    <span style=\"margin-left: 8px; flex: 1;\">Poltronas decorativas: Estilo, conforto e versatilidade<\/span>\n    <div style=\"background: #f2802f; padding: 8px 12px; border-radius: 2px; margin-left: 10px;\">\n      <span style=\"color: white; font-weight: bold;\">\u27a4<\/span>\n    <\/div>\n  <\/div>\n<\/a>\n\n\n\n<hr class=\"wp-block-separator has-alpha-channel-opacity\"\/>\n\n\n\n<h3 id='\ud83d\udca1-inspira\u00e7\u00f5es-para-seu-projeto'  class=\"wp-block-heading\">\ud83d\udca1 Inspira\u00e7\u00f5es para seu projeto<\/h3>\n\n\n\n<p>As imagens a seguir mostram diferentes formas de aplicar o forro ripado em cozinhas americanas, salas de jantar e estar integradas. Note como o elemento serve tanto para <strong>delimitar espa\u00e7os quanto para unific\u00e1-los visualmente<\/strong>, elevando o projeto a outro n\u00edvel.<\/p>\n\n\n\n<p>(Insira galeria com as imagens mostradas anteriormente)<\/p>\n\n\n\n<hr class=\"wp-block-separator has-alpha-channel-opacity\"\/>\n\n\n\n<h3 id='\u2705-forro-ripado'  class=\"wp-block-heading\">\u2705 Forro ripado<\/h3>\n\n\n\n<p>O <strong>forro ripado<\/strong> \u00e9 mais do que um elemento decorativo: Ele transforma a percep\u00e7\u00e3o do espa\u00e7o, trazendo aconchego, sofistica\u00e7\u00e3o e identidade aos ambientes integrados. Se voc\u00ea quer valorizar sua casa com um toque arquitet\u00f4nico contempor\u00e2neo e funcional, esse recurso \u00e9 uma escolha certeira.<\/p>\n\n\n\n<hr class=\"wp-block-separator has-alpha-channel-opacity\"\/>\n\n\n\n<a href=\"https:\/\/1truenote.com\/en\/poltronas-decorativas-como-usar-e-modelos-ideais\/\" style=\"text-decoration: none;\">\n  <div style=\"display: flex; justify-content: space-between; align-items: center; background: #d44a00; padding: 12px 20px; color: white; font-family: Arial, sans-serif;\">\n    <strong style=\"color: black;\">READ ALSO:<\/strong>\n    <span style=\"margin-left: 8px; flex: 1;\">Poltronas decorativas: Estilo, conforto e versatilidade<\/span>\n    <div style=\"background: #f2802f; padding: 8px 12px; border-radius: 2px; margin-left: 10px;\">\n      <span style=\"color: white; font-weight: bold;\">\u27a4<\/span>\n    <\/div>\n  <\/div>\n<\/a>\n\n\n\n\n<hr class=\"wp-block-separator has-alpha-channel-opacity\"\/>\n\n\n\n<h3 id='\u2753-faq-perguntas-frequentes-sobre-forro-ripado'  class=\"wp-block-heading\">\u2753 FAQ \u2013 Perguntas frequentes sobre forro ripado<\/h3>\n\n\n<div id=\"rank-math-faq\" class=\"rank-math-block\">\n<div class=\"rank-math-list\">\n<div id=\"faq-question-1758816478265\" class=\"rank-math-list-item\">\n<h3 id='posso-usar-forro-ripado-em-apartamento-pequeno'  class=\"rank-math-question\">Posso usar forro ripado em apartamento pequeno?<\/h3>\n<div class=\"rank-math-answer\">\n\n<p>Sim! O ripado traz verticalidade e pode alongar visualmente o espa\u00e7o. Opte por cores claras.<\/p>\n\n<\/div>\n<\/div>\n<div id=\"faq-question-1758816479449\" class=\"rank-math-list-item\">\n<h3 id='\u00e9-dif\u00edcil-limpar-o-forro-ripado'  class=\"rank-math-question\">\u00c9 dif\u00edcil limpar o forro ripado?<\/h3>\n<div class=\"rank-math-answer\">\n\n<p>N\u00e3o. Um pano seco ou espanador resolvem bem. Evite ac\u00famulo de poeira entre as ripas.<\/p>\n\n<\/div>\n<\/div>\n<div id=\"faq-question-1758816480168\" class=\"rank-math-list-item\">\n<h3 id='madeira-natural-ou-mdf'  class=\"rank-math-question\">Madeira natural ou MDF?<\/h3>\n<div class=\"rank-math-answer\">\n\n<p>Depende do or\u00e7amento. MDF laminado \u00e9 mais acess\u00edvel e tem \u00f3tima durabilidade. Madeira natural agrega valor e sofistica\u00e7\u00e3o.<\/p>\n\n<\/div>\n<\/div>\n<div id=\"faq-question-1758816481080\" class=\"rank-math-list-item\">\n<h3 id='preciso-contratar-um-arquiteto'  class=\"rank-math-question\">Preciso contratar um arquiteto?<\/h3>\n<div class=\"rank-math-answer\">\n\n<p>N\u00e3o \u00e9 obrigat\u00f3rio, mas um bom profissional vai garantir melhor aproveitamento est\u00e9tico e funcional do ripado.<\/p>\n\n<\/div>\n<\/div>\n<div id=\"faq-question-1758816481641\" class=\"rank-math-list-item\">\n<h3 id='posso-instalar-lumin\u00e1rias-em-forro-ripado'  class=\"rank-math-question\">Posso instalar lumin\u00e1rias em forro ripado?<\/h3>\n<div class=\"rank-math-answer\">\n\n<p>Sim! Spots, trilhos e pendentes s\u00e3o bem-vindos. O ideal \u00e9 prever a fia\u00e7\u00e3o durante o projeto.<\/p>\n\n<\/div>\n<\/div>\n<\/div>\n<\/div>\n\n\n<figure class=\"wp-block-image aligncenter size-large\"><img data-recalc-dims=\"1\" decoding=\"async\" width=\"1024\" height=\"683\" src=\"https:\/\/i0.wp.com\/1truenote.com\/wp-content\/uploads\/2025\/09\/20250925_1404_Ambiente-Colorido-Contraste_remix_01k60x90mee00aqtfbybfam3n7.png?resize=1024%2C683&#038;ssl=1\" alt=\"forro ripado\" class=\"wp-image-4243\" srcset=\"https:\/\/i0.wp.com\/1truenote.com\/wp-content\/uploads\/2025\/09\/20250925_1404_Ambiente-Colorido-Contraste_remix_01k60x90mee00aqtfbybfam3n7.png?resize=1024%2C683&amp;ssl=1 1024w, https:\/\/i0.wp.com\/1truenote.com\/wp-content\/uploads\/2025\/09\/20250925_1404_Ambiente-Colorido-Contraste_remix_01k60x90mee00aqtfbybfam3n7.png?resize=300%2C200&amp;ssl=1 300w, https:\/\/i0.wp.com\/1truenote.com\/wp-content\/uploads\/2025\/09\/20250925_1404_Ambiente-Colorido-Contraste_remix_01k60x90mee00aqtfbybfam3n7.png?resize=768%2C512&amp;ssl=1 768w, https:\/\/i0.wp.com\/1truenote.com\/wp-content\/uploads\/2025\/09\/20250925_1404_Ambiente-Colorido-Contraste_remix_01k60x90mee00aqtfbybfam3n7.png?resize=18%2C12&amp;ssl=1 18w, https:\/\/i0.wp.com\/1truenote.com\/wp-content\/uploads\/2025\/09\/20250925_1404_Ambiente-Colorido-Contraste_remix_01k60x90mee00aqtfbybfam3n7.png?resize=150%2C100&amp;ssl=1 150w, https:\/\/i0.wp.com\/1truenote.com\/wp-content\/uploads\/2025\/09\/20250925_1404_Ambiente-Colorido-Contraste_remix_01k60x90mee00aqtfbybfam3n7.png?w=1536&amp;ssl=1 1536w\" sizes=\"(max-width: 1024px) 100vw, 1024px\" \/><\/figure>","protected":false},"excerpt":{"rendered":"<p>A integra\u00e7\u00e3o de ambientes \u00e9 uma tend\u00eancia cada vez mais presente nos projetos de interiores contempor\u00e2neos. Seja em apartamentos compactos&#8230;<\/p>","protected":false},"author":1,"featured_media":4243,"comment_status":"open","ping_status":"open","sticky":false,"template":"","format":"standard","meta":{"_kad_post_transparent":"","_kad_post_title":"","_kad_post_layout":"","_kad_post_sidebar_id":"","_kad_post_content_style":"","_kad_post_vertical_padding":"","_kad_post_feature":"","_kad_post_feature_position":"","_kad_post_header":false,"_kad_post_footer":false,"_kad_post_classname":"","footnotes":"","jetpack_publicize_message":"","jetpack_publicize_feature_enabled":false,"jetpack_social_post_already_shared":false,"jetpack_social_options":{"image_generator_settings":{"template":"highway","default_image_id":0,"font":"","enabled":false},"version":2}},"categories":[16,1],"tags":[13,14,12],"class_list":["post-4242","post","type-post","status-publish","format-standard","has-post-thumbnail","hentry","category-casa-e-jardim","category-novidades","tag-minimalista","tag-interiores-inovadores","tag-projetos-inovadores"],"jetpack_publicize_connections":[],"jetpack_featured_media_url":"https:\/\/i0.wp.com\/1truenote.com\/wp-content\/uploads\/2025\/09\/20250925_1404_Ambiente-Colorido-Contraste_remix_01k60x90mee00aqtfbybfam3n7.png?fit=1536%2C1024&ssl=1","jetpack_sharing_enabled":true,"_links":{"self":[{"href":"https:\/\/1truenote.com\/en\/wp-json\/wp\/v2\/posts\/4242","targetHints":{"allow":["GET"]}}],"collection":[{"href":"https:\/\/1truenote.com\/en\/wp-json\/wp\/v2\/posts"}],"about":[{"href":"https:\/\/1truenote.com\/en\/wp-json\/wp\/v2\/types\/post"}],"author":[{"embeddable":true,"href":"https:\/\/1truenote.com\/en\/wp-json\/wp\/v2\/users\/1"}],"replies":[{"embeddable":true,"href":"https:\/\/1truenote.com\/en\/wp-json\/wp\/v2\/comments?post=4242"}],"version-history":[{"count":1,"href":"https:\/\/1truenote.com\/en\/wp-json\/wp\/v2\/posts\/4242\/revisions"}],"predecessor-version":[{"id":4244,"href":"https:\/\/1truenote.com\/en\/wp-json\/wp\/v2\/posts\/4242\/revisions\/4244"}],"wp:featuredmedia":[{"embeddable":true,"href":"https:\/\/1truenote.com\/en\/wp-json\/wp\/v2\/media\/4243"}],"wp:attachment":[{"href":"https:\/\/1truenote.com\/en\/wp-json\/wp\/v2\/media?parent=4242"}],"wp:term":[{"taxonomy":"category","embeddable":true,"href":"https:\/\/1truenote.com\/en\/wp-json\/wp\/v2\/categories?post=4242"},{"taxonomy":"post_tag","embeddable":true,"href":"https:\/\/1truenote.com\/en\/wp-json\/wp\/v2\/tags?post=4242"}],"curies":[{"name":"wp","href":"https:\/\/api.w.org\/{rel}","templated":true}]}}