{"id":4226,"date":"2025-09-23T12:00:00","date_gmt":"2025-09-23T15:00:00","guid":{"rendered":"https:\/\/1truenote.com\/?p=4226"},"modified":"2025-09-23T11:36:51","modified_gmt":"2025-09-23T14:36:51","slug":"luminaria-abajur-modelos-ideias","status":"publish","type":"post","link":"https:\/\/1truenote.com\/en\/luminaria-abajur-modelos-ideias\/","title":{"rendered":"Lumin\u00e1ria abajur: Charme e aconchego para qualquer ambiente"},"content":{"rendered":"<p>A lumin\u00e1ria abajur \u00e9 aquele detalhe que faz toda a diferen\u00e7a na decora\u00e7\u00e3o. Mais do que uma fonte de luz, ela \u00e9 sin\u00f4nimo de conforto visual, estilo e personalidade. Sabe aquele cantinho que parece incompleto? \u00c0s vezes, tudo o que ele precisa \u00e9 de um bom abajur para ganhar vida.<\/p>\n\n\n\n<p>Na sala, ao lado do sof\u00e1. No quarto, substituindo o tradicional plafon. Ou at\u00e9 no hall de entrada, criando uma recep\u00e7\u00e3o calorosa. A versatilidade da lumin\u00e1ria abajur permite que ela transite por todos os c\u00f4modos, trazendo aquele toque acolhedor que s\u00f3 ela tem.<\/p>\n\n\n\n<hr class=\"wp-block-separator has-alpha-channel-opacity\"\/>\n\n\n\n<h2 id='por-que-escolher-uma-lumin\u00e1ria-abajur'  class=\"wp-block-heading\">Por que escolher uma lumin\u00e1ria abajur?<\/h2>\n\n\n\n<p>Logo de cara, a principal vantagem est\u00e1 no <strong>efeito de luz suave e indireta<\/strong>, perfeito para relaxar, ler ou simplesmente compor a ambienta\u00e7\u00e3o. Al\u00e9m disso:<\/p>\n\n\n\n<ul class=\"wp-block-list\">\n<li>\u2705 Dispensa instala\u00e7\u00e3o el\u00e9trica complexa<\/li>\n\n\n\n<li>\u2705 Facilidade de troca de lugar conforme o layout<\/li>\n\n\n\n<li>\u2705 Modelos que v\u00e3o do cl\u00e1ssico ao moderno<\/li>\n\n\n\n<li>\u2705 Pe\u00e7a decorativa por si s\u00f3<\/li>\n\n\n\n<li>\u2705 Ideal para criar camadas de ilumina\u00e7\u00e3o<\/li>\n<\/ul>\n\n\n\n<p>Se voc\u00ea busca uma ilumina\u00e7\u00e3o mais afetiva e menos t\u00e9cnica, o abajur \u00e9 a escolha certa.<\/p>\n\n\n\n<hr class=\"wp-block-separator has-alpha-channel-opacity\"\/>\n\n\n\n<h2 id='estilos-de-lumin\u00e1ria-abajur-para-diferentes-ambientes'  class=\"wp-block-heading\">Estilos de lumin\u00e1ria abajur para diferentes ambientes<\/h2>\n\n\n\n<figure class=\"wp-block-table\"><table class=\"has-fixed-layout\"><thead><tr><th>Estilo<\/th><th>Caracter\u00edsticas<\/th><th>Onde usar<\/th><\/tr><\/thead><tbody><tr><td><strong>Cl\u00e1ssico<\/strong><\/td><td>Base torneada + c\u00fapula de tecido<\/td><td>Quartos, salas formais<\/td><\/tr><tr><td><strong>Moderno<\/strong><\/td><td>Linhas retas, cores neutras ou metalizadas<\/td><td>Escrit\u00f3rios, salas minimalistas<\/td><\/tr><tr><td><strong>R\u00fastico<\/strong><\/td><td>Madeira, palha ou cer\u00e2mica artesanal<\/td><td>Varandas, salas aconchegantes<\/td><\/tr><tr><td><strong>Industrial<\/strong><\/td><td>Metal escuro, acabamento fosco<\/td><td>Ambientes urbanos e criativos<\/td><\/tr><tr><td><strong>Escult\u00f3rico<\/strong><\/td><td>Formatos art\u00edsticos e inusitados<\/td><td>Ponto focal em qualquer c\u00f4modo<\/td><\/tr><\/tbody><\/table><\/figure>\n\n\n\n<p>Cada estilo de lumin\u00e1ria abajur carrega uma atmosfera diferente \u2014 e escolher bem \u00e9 o que transforma o ambiente.<\/p>\n\n\n\n<hr class=\"wp-block-separator has-alpha-channel-opacity\"\/>\n\n\n\n<h2 id='como-escolher-a-lumin\u00e1ria-abajur-ideal'  class=\"wp-block-heading\">Como escolher a lumin\u00e1ria abajur ideal<\/h2>\n\n\n\n<p>Antes de sair comprando s\u00f3 pelo visual, vale observar alguns pontos pr\u00e1ticos:<\/p>\n\n\n\n<ul class=\"wp-block-list\">\n<li><strong>Altura da base<\/strong>: uma base muito baixa pode dificultar a ilumina\u00e7\u00e3o para leitura.<\/li>\n\n\n\n<li><strong>Material da c\u00fapula<\/strong>: tecidos transl\u00facidos geram luz suave, enquanto os opacos direcionam a luz.<\/li>\n\n\n\n<li><strong>Tom da l\u00e2mpada<\/strong>: prefira tons quentes para efeito aconchegante.<\/li>\n\n\n\n<li><strong>Tamanho proporcional<\/strong>: uma lumin\u00e1ria grande em uma mesa pequena pode poluir visualmente.<\/li>\n<\/ul>\n\n\n\n<p>Dica b\u00f4nus: Prefira abajures com c\u00fapula branca ou clara se o objetivo for iluminar bem o espa\u00e7o. Para luz de clima, os tons escuros s\u00e3o mais indicados.<\/p>\n\n\n\n<hr class=\"wp-block-separator has-alpha-channel-opacity\"\/>\n\n\n\n<figure class=\"wp-block-image aligncenter size-large is-resized\"><a href=\"https:\/\/chat.whatsapp.com\/KJBkp5LFJVRIvmt5X3hSEh\" target=\"_blank\" rel=\"noopener\"><img data-recalc-dims=\"1\" fetchpriority=\"high\" decoding=\"async\" width=\"683\" height=\"1024\" src=\"https:\/\/i0.wp.com\/1truenote.com\/wp-content\/uploads\/2025\/06\/ChatGPT-Image-3-de-jun.-de-2025-19_04_53.png?resize=683%2C1024&#038;ssl=1\" alt=\"chamada banner advetorial whats\" class=\"wp-image-2683\" style=\"object-fit:cover;width:200px;height:300px\" srcset=\"https:\/\/i0.wp.com\/1truenote.com\/wp-content\/uploads\/2025\/06\/ChatGPT-Image-3-de-jun.-de-2025-19_04_53.png?resize=683%2C1024&amp;ssl=1 683w, https:\/\/i0.wp.com\/1truenote.com\/wp-content\/uploads\/2025\/06\/ChatGPT-Image-3-de-jun.-de-2025-19_04_53.png?resize=200%2C300&amp;ssl=1 200w, https:\/\/i0.wp.com\/1truenote.com\/wp-content\/uploads\/2025\/06\/ChatGPT-Image-3-de-jun.-de-2025-19_04_53.png?resize=768%2C1152&amp;ssl=1 768w, https:\/\/i0.wp.com\/1truenote.com\/wp-content\/uploads\/2025\/06\/ChatGPT-Image-3-de-jun.-de-2025-19_04_53.png?resize=150%2C225&amp;ssl=1 150w, https:\/\/i0.wp.com\/1truenote.com\/wp-content\/uploads\/2025\/06\/ChatGPT-Image-3-de-jun.-de-2025-19_04_53.png?w=1024&amp;ssl=1 1024w\" sizes=\"(max-width: 683px) 100vw, 683px\" \/><\/a><\/figure>\n\n\n\n<hr class=\"wp-block-separator has-alpha-channel-opacity\"\/>\n\n\n\n<h2 id='inspira\u00e7\u00f5es-para-usar-lumin\u00e1ria-abajur'  class=\"wp-block-heading\">Inspira\u00e7\u00f5es para usar lumin\u00e1ria abajur<\/h2>\n\n\n\n<ul class=\"wp-block-list\">\n<li>Ao lado da cama, substituindo o plafon, com interruptor acess\u00edvel<\/li>\n\n\n\n<li>Na sala de estar, ao lado do sof\u00e1 ou poltrona de leitura<\/li>\n\n\n\n<li>No hall de entrada, sobre um aparador ou buffet<\/li>\n\n\n\n<li>Em um escrit\u00f3rio, com base articulada ou direcion\u00e1vel<\/li>\n\n\n\n<li>Em varandas fechadas, com base de madeira ou sisal<\/li>\n<\/ul>\n\n\n\n<hr class=\"wp-block-separator has-alpha-channel-opacity\"\/>\n\n\n\n<h2 id='dicas-r\u00e1pidas-para-valorizar-sua-lumin\u00e1ria-abajur'  class=\"wp-block-heading\">Dicas r\u00e1pidas para valorizar sua lumin\u00e1ria abajur<\/h2>\n\n\n\n<ul class=\"wp-block-list\">\n<li>\u2705 Use lumin\u00e1rias aos pares para simetria em c\u00f4modos amplos<\/li>\n\n\n\n<li>\u2705 Combine a c\u00fapula com cores presentes na decora\u00e7\u00e3o<\/li>\n\n\n\n<li>\u2705 Aposte em bases diferentes, como vidro, concreto ou madeira<\/li>\n\n\n\n<li>\u2705 Crie cantinhos com fun\u00e7\u00e3o: leitura, relaxamento, ambienta\u00e7\u00e3o<\/li>\n\n\n\n<li>\u2705 Use junto a velas, quadros e livros para compor a cena<\/li>\n<\/ul>\n\n\n\n<hr class=\"wp-block-separator has-alpha-channel-opacity\"\/>\n\n\n\n<a href=\"https:\/\/1truenote.com\/en\/luminaria-adesiva-ideias-produtos\/\" style=\"text-decoration: none;\">\n  <div style=\"display: flex; justify-content: space-between; align-items: center; background: #d44a00; padding: 12px 20px; color: white; font-family: Arial, sans-serif;\">\n    <strong style=\"color: black;\">READ ALSO:<\/strong>\n    <span style=\"margin-left: 8px; flex: 1;\">Lumin\u00e1ria adesiva: Ilumina\u00e7\u00e3o funcional<\/span>\n    <div style=\"background: #f2802f; padding: 8px 12px; border-radius: 2px; margin-left: 10px;\">\n      <span style=\"color: white; font-weight: bold;\">\u27a4<\/span>\n    <\/div>\n  <\/div>\n<\/a>\n\n\n\n<hr class=\"wp-block-separator has-alpha-channel-opacity\"\/>\n\n\n\n<h2 id='lumin\u00e1ria-abajur'  class=\"wp-block-heading\">Lumin\u00e1ria abajur<\/h2>\n\n\n\n<p>A <strong>lumin\u00e1ria abajur<\/strong> \u00e9 mais do que um acess\u00f3rio: \u00c9 um convite ao aconchego. Seja para criar um canto de leitura, destacar um m\u00f3vel ou simplesmente deixar o ambiente mais acolhedor, ela cumpre esse papel com eleg\u00e2ncia e versatilidade.<\/p>\n\n\n\n<p>Com tantas op\u00e7\u00f5es de materiais, estilos e tamanhos, fica f\u00e1cil encontrar uma lumin\u00e1ria que se encaixe no seu projeto \u2014 seja ele cl\u00e1ssico, moderno, rom\u00e2ntico ou urbano.<\/p>\n\n\n\n<p>Aposte nesse charme funcional e descubra como uma pe\u00e7a t\u00e3o simples pode transformar completamente a atmosfera do seu lar.<\/p>\n\n\n\n<hr class=\"wp-block-separator has-alpha-channel-opacity\"\/>\n\n\n\n<a href=\"https:\/\/1truenote.com\/en\/luminaria-adesiva-ideias-produtos\/\" style=\"text-decoration: none;\">\n  <div style=\"display: flex; justify-content: space-between; align-items: center; background: #d44a00; padding: 12px 20px; color: white; font-family: Arial, sans-serif;\">\n    <strong style=\"color: black;\">READ ALSO:<\/strong>\n    <span style=\"margin-left: 8px; flex: 1;\">Lumin\u00e1ria adesiva: Ilumina\u00e7\u00e3o funcional<\/span>\n    <div style=\"background: #f2802f; padding: 8px 12px; border-radius: 2px; margin-left: 10px;\">\n      <span style=\"color: white; font-weight: bold;\">\u27a4<\/span>\n    <\/div>\n  <\/div>\n<\/a>\n\n\n\n\n<hr class=\"wp-block-separator has-alpha-channel-opacity\"\/>\n\n\n\n<h2 id='faq-d\u00favidas-frequentes-sobre-lumin\u00e1ria-abajur'  class=\"wp-block-heading\">FAQ \u2013 D\u00favidas frequentes sobre lumin\u00e1ria abajur<\/h2>\n\n\n<div id=\"rank-math-faq\" class=\"rank-math-block\">\n<div class=\"rank-math-list\">\n<div id=\"faq-question-1758637531892\" class=\"rank-math-list-item\">\n<h3 id='pode-usar-lumin\u00e1ria-abajur-em-qualquer-c\u00f4modo'  class=\"rank-math-question\">Pode usar lumin\u00e1ria abajur em qualquer c\u00f4modo?<\/h3>\n<div class=\"rank-math-answer\">\n\n<p>Sim! Basta escolher o modelo adequado ao tamanho do ambiente e ao estilo da decora\u00e7\u00e3o.<\/p>\n\n<\/div>\n<\/div>\n<div id=\"faq-question-1758637532962\" class=\"rank-math-list-item\">\n<h3 id='a-lumin\u00e1ria-abajur-serve-para-ilumina\u00e7\u00e3o-principal'  class=\"rank-math-question\">A lumin\u00e1ria abajur serve para ilumina\u00e7\u00e3o principal?<\/h3>\n<div class=\"rank-math-answer\">\n\n<p>Geralmente n\u00e3o. Ela \u00e9 indicada como <strong>ilumina\u00e7\u00e3o secund\u00e1ria ou de apoio<\/strong>, criando pontos de luz indireta.<\/p>\n\n<\/div>\n<\/div>\n<div id=\"faq-question-1758637533618\" class=\"rank-math-list-item\">\n<h3 id='qual-o-melhor-tipo-de-l\u00e2mpada-para-usar'  class=\"rank-math-question\">Qual o melhor tipo de l\u00e2mpada para usar?<\/h3>\n<div class=\"rank-math-answer\">\n\n<p>Prefira as de luz quente (2700k a 3000k) para uma sensa\u00e7\u00e3o de conforto. L\u00e2mpadas de LED s\u00e3o mais econ\u00f4micas.<\/p>\n\n<\/div>\n<\/div>\n<div id=\"faq-question-1758637534226\" class=\"rank-math-list-item\">\n<h3 id='a-lumin\u00e1ria-abajur-esquenta-muito'  class=\"rank-math-question\">A lumin\u00e1ria abajur esquenta muito?<\/h3>\n<div class=\"rank-math-answer\">\n\n<p>Depende da l\u00e2mpada usada. Os modelos LED modernos t\u00eam aquecimento m\u00ednimo e s\u00e3o mais seguros.<\/p>\n\n<\/div>\n<\/div>\n<div id=\"faq-question-1758637573867\" class=\"rank-math-list-item\">\n<h3 id='preciso-de-tomada-pr\u00f3xima'  class=\"rank-math-question\">Preciso de tomada pr\u00f3xima?<\/h3>\n<div class=\"rank-math-answer\">\n\n<p>Sim, por ser uma pe\u00e7a el\u00e9trica com fio, precisa estar pr\u00f3xima de uma fonte de energia. Alguns modelos modernos j\u00e1 v\u00eam com cabo USB ou bateria recarreg\u00e1vel.<\/p>\n\n<\/div>\n<\/div>\n<\/div>\n<\/div>\n\n\n<figure class=\"wp-block-image aligncenter size-large\"><img data-recalc-dims=\"1\" decoding=\"async\" width=\"1024\" height=\"683\" src=\"https:\/\/i0.wp.com\/1truenote.com\/wp-content\/uploads\/2025\/09\/20250923_1130_Sala-com-Luminaria-Elegante_simple_compose_01k5vfpk2zfjsthx7nt2723r8h.png?resize=1024%2C683&#038;ssl=1\" alt=\"lumin\u00e1ria abajur\" class=\"wp-image-4227\" srcset=\"https:\/\/i0.wp.com\/1truenote.com\/wp-content\/uploads\/2025\/09\/20250923_1130_Sala-com-Luminaria-Elegante_simple_compose_01k5vfpk2zfjsthx7nt2723r8h.png?resize=1024%2C683&amp;ssl=1 1024w, https:\/\/i0.wp.com\/1truenote.com\/wp-content\/uploads\/2025\/09\/20250923_1130_Sala-com-Luminaria-Elegante_simple_compose_01k5vfpk2zfjsthx7nt2723r8h.png?resize=300%2C200&amp;ssl=1 300w, https:\/\/i0.wp.com\/1truenote.com\/wp-content\/uploads\/2025\/09\/20250923_1130_Sala-com-Luminaria-Elegante_simple_compose_01k5vfpk2zfjsthx7nt2723r8h.png?resize=768%2C512&amp;ssl=1 768w, https:\/\/i0.wp.com\/1truenote.com\/wp-content\/uploads\/2025\/09\/20250923_1130_Sala-com-Luminaria-Elegante_simple_compose_01k5vfpk2zfjsthx7nt2723r8h.png?resize=18%2C12&amp;ssl=1 18w, https:\/\/i0.wp.com\/1truenote.com\/wp-content\/uploads\/2025\/09\/20250923_1130_Sala-com-Luminaria-Elegante_simple_compose_01k5vfpk2zfjsthx7nt2723r8h.png?resize=150%2C100&amp;ssl=1 150w, https:\/\/i0.wp.com\/1truenote.com\/wp-content\/uploads\/2025\/09\/20250923_1130_Sala-com-Luminaria-Elegante_simple_compose_01k5vfpk2zfjsthx7nt2723r8h.png?w=1536&amp;ssl=1 1536w\" sizes=\"(max-width: 1024px) 100vw, 1024px\" \/><\/figure>","protected":false},"excerpt":{"rendered":"<p>A lumin\u00e1ria abajur \u00e9 aquele detalhe que faz toda a diferen\u00e7a na decora\u00e7\u00e3o. Mais do que uma fonte de luz,&#8230;<\/p>","protected":false},"author":1,"featured_media":4227,"comment_status":"open","ping_status":"open","sticky":false,"template":"","format":"standard","meta":{"_kad_post_transparent":"","_kad_post_title":"","_kad_post_layout":"","_kad_post_sidebar_id":"","_kad_post_content_style":"","_kad_post_vertical_padding":"","_kad_post_feature":"","_kad_post_feature_position":"","_kad_post_header":false,"_kad_post_footer":false,"_kad_post_classname":"","footnotes":"","jetpack_publicize_message":"","jetpack_publicize_feature_enabled":false,"jetpack_social_post_already_shared":true,"jetpack_social_options":{"image_generator_settings":{"template":"highway","default_image_id":0,"font":"","enabled":false},"version":2}},"categories":[16,1],"tags":[11,13,14],"class_list":["post-4226","post","type-post","status-publish","format-standard","has-post-thumbnail","hentry","category-casa-e-jardim","category-novidades","tag-conforto-noturno","tag-minimalista","tag-interiores-inovadores"],"jetpack_publicize_connections":[],"jetpack_featured_media_url":"https:\/\/i0.wp.com\/1truenote.com\/wp-content\/uploads\/2025\/09\/20250923_1130_Sala-com-Luminaria-Elegante_simple_compose_01k5vfpk2zfjsthx7nt2723r8h.png?fit=1536%2C1024&ssl=1","jetpack_sharing_enabled":true,"_links":{"self":[{"href":"https:\/\/1truenote.com\/en\/wp-json\/wp\/v2\/posts\/4226","targetHints":{"allow":["GET"]}}],"collection":[{"href":"https:\/\/1truenote.com\/en\/wp-json\/wp\/v2\/posts"}],"about":[{"href":"https:\/\/1truenote.com\/en\/wp-json\/wp\/v2\/types\/post"}],"author":[{"embeddable":true,"href":"https:\/\/1truenote.com\/en\/wp-json\/wp\/v2\/users\/1"}],"replies":[{"embeddable":true,"href":"https:\/\/1truenote.com\/en\/wp-json\/wp\/v2\/comments?post=4226"}],"version-history":[{"count":1,"href":"https:\/\/1truenote.com\/en\/wp-json\/wp\/v2\/posts\/4226\/revisions"}],"predecessor-version":[{"id":4228,"href":"https:\/\/1truenote.com\/en\/wp-json\/wp\/v2\/posts\/4226\/revisions\/4228"}],"wp:featuredmedia":[{"embeddable":true,"href":"https:\/\/1truenote.com\/en\/wp-json\/wp\/v2\/media\/4227"}],"wp:attachment":[{"href":"https:\/\/1truenote.com\/en\/wp-json\/wp\/v2\/media?parent=4226"}],"wp:term":[{"taxonomy":"category","embeddable":true,"href":"https:\/\/1truenote.com\/en\/wp-json\/wp\/v2\/categories?post=4226"},{"taxonomy":"post_tag","embeddable":true,"href":"https:\/\/1truenote.com\/en\/wp-json\/wp\/v2\/tags?post=4226"}],"curies":[{"name":"wp","href":"https:\/\/api.w.org\/{rel}","templated":true}]}}