{"id":4215,"date":"2025-09-22T18:00:00","date_gmt":"2025-09-22T21:00:00","guid":{"rendered":"https:\/\/1truenote.com\/?p=4215"},"modified":"2025-09-23T12:23:55","modified_gmt":"2025-09-23T15:23:55","slug":"cadeiras-de-acrilico-na-decoracao","status":"publish","type":"post","link":"https:\/\/1truenote.com\/en\/cadeiras-de-acrilico-na-decoracao\/","title":{"rendered":"Cadeiras de acr\u00edlico: Eleg\u00e2ncia transparente na decora\u00e7\u00e3o de interiores"},"content":{"rendered":"<h2 id='o-que-s\u00e3o-cadeiras-de-acr\u00edlico'  class=\"wp-block-heading\">O que s\u00e3o cadeiras de acr\u00edlico?<\/h2>\n\n\n\n<p>As <strong>cadeiras de acr\u00edlico<\/strong> s\u00e3o m\u00f3veis fabricados com pol\u00edmero transparente ou transl\u00facido, que imita a apar\u00eancia do vidro, mas com leveza e resist\u00eancia superiores. Tamb\u00e9m chamadas de \u201ccadeiras ghost\u201d, elas surgiram como \u00edcones do design contempor\u00e2neo por sua est\u00e9tica minimalista e atemporal.<\/p>\n\n\n\n<p>Al\u00e9m de pr\u00e1ticas, oferecem um visual sofisticado e vers\u00e1til, que <strong>valoriza a ilumina\u00e7\u00e3o natural e amplia o ambiente visualmente<\/strong> \u2014 como na imagem, em que o jogo de cadeiras real\u00e7a a eleg\u00e2ncia da mesa e da sala.<\/p>\n\n\n\n<hr class=\"wp-block-separator has-alpha-channel-opacity\"\/>\n\n\n\n<h2 id='benef\u00edcios-das-cadeiras'  class=\"wp-block-heading\">Benef\u00edcios das cadeiras<\/h2>\n\n\n\n<ul class=\"wp-block-list\">\n<li>\ud83c\udf1f <strong>Leveza visual<\/strong>: quase &#8220;desaparecem&#8221; no ambiente, ideal para espa\u00e7os pequenos.<\/li>\n\n\n\n<li>\ud83d\udca1 <strong>Valoriza a luz natural<\/strong>: potencializa a ilumina\u00e7\u00e3o e cria fluidez.<\/li>\n\n\n\n<li>\ud83e\uddfc <strong>F\u00e1cil de limpar<\/strong>: basta um pano macio com sab\u00e3o neutro.<\/li>\n\n\n\n<li>\ud83d\udd04 <strong>Vers\u00e1til<\/strong>: combina com estilos cl\u00e1ssico, moderno, industrial e retr\u00f4.<\/li>\n\n\n\n<li>\ud83e\ude91 <strong>Durabilidade<\/strong>: resiste bem a impactos, riscos leves e umidade.<\/li>\n\n\n\n<li>\ud83c\udfaf <strong>Design ic\u00f4nico<\/strong>: traz assinatura de grandes nomes como Philippe Starck.<\/li>\n<\/ul>\n\n\n\n<hr class=\"wp-block-separator has-alpha-channel-opacity\"\/>\n\n\n\n<h2 id='onde-usar-cadeiras-de-acr\u00edlico'  class=\"wp-block-heading\">Onde usar cadeiras de acr\u00edlico?<\/h2>\n\n\n\n<figure class=\"wp-block-table\"><table class=\"has-fixed-layout\"><thead><tr><th>Ambiente<\/th><th>Aplica\u00e7\u00e3o Ideal<\/th><th>Efeito decorativo<\/th><\/tr><\/thead><tbody><tr><td><strong>Sala de jantar<\/strong><\/td><td>Em volta de mesas pesadas ou neutras<\/td><td>Leveza e contraste sofisticado<\/td><\/tr><tr><td><strong>Home office<\/strong><\/td><td>Como cadeira de apoio \u00e0 escrivaninha<\/td><td>Discri\u00e7\u00e3o e estilo em espa\u00e7os pequenos<\/td><\/tr><tr><td><strong>Quartos<\/strong><\/td><td>Penteadeiras, mesas de canto ou como apoio<\/td><td>Clean e moderno<\/td><\/tr><tr><td><strong>Closets<\/strong><\/td><td>Para compor o espa\u00e7o de vestir com eleg\u00e2ncia<\/td><td>Integra\u00e7\u00e3o sutil sem pesar no ambiente<\/td><\/tr><tr><td><strong>Banheiros amplos<\/strong><\/td><td>Pr\u00f3ximas a bancadas ou para apoio decorativo<\/td><td>Ar contempor\u00e2neo e funcional<\/td><\/tr><tr><td><strong>Varandas cobertas<\/strong><\/td><td>Modelos resistentes para combinar com paisagismo<\/td><td>Transpar\u00eancia e frescor visual<\/td><\/tr><\/tbody><\/table><\/figure>\n\n\n\n<hr class=\"wp-block-separator has-alpha-channel-opacity\"\/>\n\n\n\n<figure class=\"wp-block-image aligncenter size-large is-resized\"><a href=\"https:\/\/chat.whatsapp.com\/KJBkp5LFJVRIvmt5X3hSEh\" target=\"_blank\" rel=\"noopener\"><img data-recalc-dims=\"1\" fetchpriority=\"high\" decoding=\"async\" width=\"683\" height=\"1024\" src=\"https:\/\/i0.wp.com\/1truenote.com\/wp-content\/uploads\/2025\/06\/ChatGPT-Image-3-de-jun.-de-2025-19_04_53.png?resize=683%2C1024&#038;ssl=1\" alt=\"chamada banner advetorial whats\" class=\"wp-image-2683\" style=\"object-fit:cover;width:200px;height:300px\" srcset=\"https:\/\/i0.wp.com\/1truenote.com\/wp-content\/uploads\/2025\/06\/ChatGPT-Image-3-de-jun.-de-2025-19_04_53.png?resize=683%2C1024&amp;ssl=1 683w, https:\/\/i0.wp.com\/1truenote.com\/wp-content\/uploads\/2025\/06\/ChatGPT-Image-3-de-jun.-de-2025-19_04_53.png?resize=200%2C300&amp;ssl=1 200w, https:\/\/i0.wp.com\/1truenote.com\/wp-content\/uploads\/2025\/06\/ChatGPT-Image-3-de-jun.-de-2025-19_04_53.png?resize=768%2C1152&amp;ssl=1 768w, https:\/\/i0.wp.com\/1truenote.com\/wp-content\/uploads\/2025\/06\/ChatGPT-Image-3-de-jun.-de-2025-19_04_53.png?resize=150%2C225&amp;ssl=1 150w, https:\/\/i0.wp.com\/1truenote.com\/wp-content\/uploads\/2025\/06\/ChatGPT-Image-3-de-jun.-de-2025-19_04_53.png?w=1024&amp;ssl=1 1024w\" sizes=\"(max-width: 683px) 100vw, 683px\" \/><\/a><\/figure>\n\n\n\n<hr class=\"wp-block-separator has-alpha-channel-opacity\"\/>\n\n\n\n<h2 id='modelos-de-cadeiras-de-acr\u00edlico-mais-usados'  class=\"wp-block-heading\">Modelos de cadeiras de acr\u00edlico mais usados<\/h2>\n\n\n\n<ul class=\"wp-block-list\">\n<li>\ud83d\udc7b <strong>Ghost Chair<\/strong> \u2013 design ic\u00f4nico de Philippe Starck, com encosto oval.<\/li>\n\n\n\n<li>\ud83e\ude91 <strong>Louis Ghost<\/strong> \u2013 vers\u00e3o cl\u00e1ssica com bra\u00e7os, inspirada em m\u00f3veis do s\u00e9culo XVIII.<\/li>\n\n\n\n<li>\ud83d\udcbc <strong>Office Acr\u00edlico<\/strong> \u2013 modelos ergon\u00f4micos para escrit\u00f3rios modernos.<\/li>\n\n\n\n<li>\ud83e\uddf8 <strong>Infantil<\/strong> \u2013 vers\u00f5es coloridas e em miniatura para quartos de crian\u00e7as.<\/li>\n\n\n\n<li>\ud83c\udf08 <strong>Coloridas transl\u00facidas<\/strong> \u2013 tons vibrantes para ambientes descontra\u00eddos.<\/li>\n<\/ul>\n\n\n\n<hr class=\"wp-block-separator has-alpha-channel-opacity\"\/>\n\n\n<div class=\"hostinger-affiliate-block-wrap\">\n            <div class=\"hostinger-affiliate-block-list-simple\">\n            <div class=\"hostinger-affiliate-block-list-simple__image\">\n                                        <a href=\"https:\/\/www.amazon.com.br\/dp\/B07CGBY9LQ?tag=joaopedro047-20\" target=\"_blank\" rel=\"nofollow noopener noreferrer\">\n                            <img decoding=\"async\" src=\"https:\/\/m.media-amazon.com\/images\/I\/31U1aaECWXL.jpg\" alt=\"Cadeira Princess Transparente PC OR Design 1106\">\n                        <\/a>\n                                <\/div>\n            <div class=\"hostinger-affiliate-block-list-simple__product-data\">\n                <div class=\"hostinger-affiliate-block-list-simple__product-info\">\n                                            <div class=\"hostinger-affiliate-block-list-simple__bestseller-label\">\n                                                        Bestseller #1                        <\/div>\n                                            <div class=\"hostinger-affiliate-block-list-simple__product-title\">\n                        <a href=\"https:\/\/www.amazon.com.br\/dp\/B07CGBY9LQ?tag=joaopedro047-20\" target=\"_blank\" rel=\"nofollow noopener noreferrer\">\n                            <h3 id='cadeira-princess-transparente-pc-or-design-1106'>\n                                Cadeira Princess Transparente PC OR Design 1106                            <\/h3>\n                        <\/a>\n                    <\/div>\n                    <div class=\"hostinger-affiliate-block-list-simple__product-pricing\">\n                                                    <div class=\"hostinger-affiliate-block-list-simple__product-price\">\n                                R$651,25                            <\/div>\n                                                <\/div>\n                <\/div>\n                <div class=\"hostinger-affiliate-block-list-simple__product-actions\">\n                    <div>\n                        <a href=\"https:\/\/www.amazon.com.br\/dp\/B07CGBY9LQ?tag=joaopedro047-20\" class=\"hostinger-affiliate-block-list-simple__product-amazon-button\" target=\"_blank\" rel=\"nofollow noopener noreferrer\">\n    Buy on Amazon<\/a>\n                    <\/div>\n                <\/div>\n            <\/div>\n        <\/div>\n                <div class=\"hostinger-affiliate-block-list-simple\">\n            <div class=\"hostinger-affiliate-block-list-simple__image\">\n                                        <a href=\"https:\/\/www.amazon.com.br\/dp\/B08FMSXX8F?tag=joaopedro047-20\" target=\"_blank\" rel=\"nofollow noopener noreferrer\">\n                            <img decoding=\"async\" src=\"https:\/\/m.media-amazon.com\/images\/I\/31isSPgsGQL.jpg\" alt=\"2 Cadeira Louis Ghost Transparente Com Bra\u00e7o Decoradeira\">\n                        <\/a>\n                                <\/div>\n            <div class=\"hostinger-affiliate-block-list-simple__product-data\">\n                <div class=\"hostinger-affiliate-block-list-simple__product-info\">\n                                            <div class=\"hostinger-affiliate-block-list-simple__bestseller-label\">\n                                                        Bestseller #2                        <\/div>\n                                            <div class=\"hostinger-affiliate-block-list-simple__product-title\">\n                        <a href=\"https:\/\/www.amazon.com.br\/dp\/B08FMSXX8F?tag=joaopedro047-20\" target=\"_blank\" rel=\"nofollow noopener noreferrer\">\n                            <h3 id='2-cadeira-louis-ghost-transparente-com-bra\u00e7o-decoradeira'>\n                                2 Cadeira Louis Ghost Transparente Com Bra\u00e7o Decoradeira                            <\/h3>\n                        <\/a>\n                    <\/div>\n                    <div class=\"hostinger-affiliate-block-list-simple__product-pricing\">\n                                                    <div class=\"hostinger-affiliate-block-list-simple__product-price\">\n                                R$983,90                            <\/div>\n                                                <\/div>\n                <\/div>\n                <div class=\"hostinger-affiliate-block-list-simple__product-actions\">\n                    <div>\n                        <a href=\"https:\/\/www.amazon.com.br\/dp\/B08FMSXX8F?tag=joaopedro047-20\" class=\"hostinger-affiliate-block-list-simple__product-amazon-button\" target=\"_blank\" rel=\"nofollow noopener noreferrer\">\n    Buy on Amazon<\/a>\n                    <\/div>\n                <\/div>\n            <\/div>\n        <\/div>\n                <div class=\"hostinger-affiliate-block-list-simple\">\n            <div class=\"hostinger-affiliate-block-list-simple__image\">\n                                        <a href=\"https:\/\/www.amazon.com.br\/dp\/B0DSVLQ351?tag=joaopedro047-20\" target=\"_blank\" rel=\"nofollow noopener noreferrer\">\n                            <img decoding=\"async\" src=\"https:\/\/m.media-amazon.com\/images\/I\/41ZK1-yrvuL.jpg\" alt=\"TAO ONE Cadeira Napole\u00e3o transparente, cadeira de acr\u00edlico transp...\">\n                        <\/a>\n                                <\/div>\n            <div class=\"hostinger-affiliate-block-list-simple__product-data\">\n                <div class=\"hostinger-affiliate-block-list-simple__product-info\">\n                                            <div class=\"hostinger-affiliate-block-list-simple__bestseller-label\">\n                                                        Bestseller #3                        <\/div>\n                                            <div class=\"hostinger-affiliate-block-list-simple__product-title\">\n                        <a href=\"https:\/\/www.amazon.com.br\/dp\/B0DSVLQ351?tag=joaopedro047-20\" target=\"_blank\" rel=\"nofollow noopener noreferrer\">\n                            <h3 id='tao-one-cadeira-napole\u00e3o-transparente-cadeira-de-acr\u00edlico-transp'>\n                                TAO ONE Cadeira Napole\u00e3o transparente, cadeira de acr\u00edlico transp&#8230;                            <\/h3>\n                        <\/a>\n                    <\/div>\n                    <div class=\"hostinger-affiliate-block-list-simple__product-pricing\">\n                                                    <div class=\"hostinger-affiliate-block-list-simple__product-price\">\n                                R$1.183,70                            <\/div>\n                                                <\/div>\n                <\/div>\n                <div class=\"hostinger-affiliate-block-list-simple__product-actions\">\n                    <div>\n                        <a href=\"https:\/\/www.amazon.com.br\/dp\/B0DSVLQ351?tag=joaopedro047-20\" class=\"hostinger-affiliate-block-list-simple__product-amazon-button\" target=\"_blank\" rel=\"nofollow noopener noreferrer\">\n    Buy on Amazon<\/a>\n                    <\/div>\n                <\/div>\n            <\/div>\n        <\/div>\n                <div class=\"hostinger-affiliate-block-list-simple\">\n            <div class=\"hostinger-affiliate-block-list-simple__image\">\n                                        <a href=\"https:\/\/www.amazon.com.br\/dp\/B083QL1QM6?tag=joaopedro047-20\" target=\"_blank\" rel=\"nofollow noopener noreferrer\">\n                            <img decoding=\"async\" src=\"https:\/\/m.media-amazon.com\/images\/I\/315PBWWn2YL.jpg\" alt=\"Loft7, Cadeira Elizabeth Em Policarbonato Com Encosto S\u00f3lido e Ap...\">\n                        <\/a>\n                                <\/div>\n            <div class=\"hostinger-affiliate-block-list-simple__product-data\">\n                <div class=\"hostinger-affiliate-block-list-simple__product-info\">\n                                            <div class=\"hostinger-affiliate-block-list-simple__bestseller-label\">\n                                                        Bestseller #4                        <\/div>\n                                            <div class=\"hostinger-affiliate-block-list-simple__product-title\">\n                        <a href=\"https:\/\/www.amazon.com.br\/dp\/B083QL1QM6?tag=joaopedro047-20\" target=\"_blank\" rel=\"nofollow noopener noreferrer\">\n                            <h3 id='loft7-cadeira-elizabeth-em-policarbonato-com-encosto-s\u00f3lido-e-ap'>\n                                Loft7, Cadeira Elizabeth Em Policarbonato Com Encosto S\u00f3lido e Ap&#8230;                            <\/h3>\n                        <\/a>\n                    <\/div>\n                    <div class=\"hostinger-affiliate-block-list-simple__product-pricing\">\n                                                    <div class=\"hostinger-affiliate-block-list-simple__product-price\">\n                                R$369,58                            <\/div>\n                                                <\/div>\n                <\/div>\n                <div class=\"hostinger-affiliate-block-list-simple__product-actions\">\n                    <div>\n                        <a href=\"https:\/\/www.amazon.com.br\/dp\/B083QL1QM6?tag=joaopedro047-20\" class=\"hostinger-affiliate-block-list-simple__product-amazon-button\" target=\"_blank\" rel=\"nofollow noopener noreferrer\">\n    Buy on Amazon<\/a>\n                    <\/div>\n                <\/div>\n            <\/div>\n        <\/div>\n        <\/div>\n\n\n\n<hr class=\"wp-block-separator has-alpha-channel-opacity\"\/>\n\n\n\n<h2 id='dicas-pr\u00e1ticas-para-decorar-com-cadeiras-de-acr\u00edlico'  class=\"wp-block-heading\">Dicas pr\u00e1ticas para decorar com cadeiras de acr\u00edlico<\/h2>\n\n\n\n<p>\u2714\ufe0f Use em <strong>ambientes pequenos<\/strong> para dar sensa\u00e7\u00e3o de amplitude.<br>\u2714\ufe0f Combine com <strong>materiais nobres<\/strong> como m\u00e1rmore, madeira ou metal.<br>\u2714\ufe0f Evite o excesso: o charme est\u00e1 no contraste com outros m\u00f3veis.<br>\u2714\ufe0f Em salas de jantar, opte por <strong>cadeiras com bra\u00e7os<\/strong> para mais conforto.<br>\u2714\ufe0f <strong>Misture com outros modelos<\/strong> (cadeiras de palhinha, madeira, estofadas) para um toque contempor\u00e2neo.<\/p>\n\n\n\n<hr class=\"wp-block-separator has-alpha-channel-opacity\"\/>\n\n\n\n<h2 id='cuidados-com-cadeiras-de-acr\u00edlico'  class=\"wp-block-heading\">Cuidados com cadeiras de acr\u00edlico<\/h2>\n\n\n\n<figure class=\"wp-block-table\"><table class=\"has-fixed-layout\"><thead><tr><th>Cuidados<\/th><th>Recomenda\u00e7\u00e3o<\/th><\/tr><\/thead><tbody><tr><td><strong>Limpeza di\u00e1ria<\/strong><\/td><td>Use pano macio e sab\u00e3o neutro, evite abrasivos<\/td><\/tr><tr><td><strong>Riscos e arranh\u00f5es<\/strong><\/td><td>Evite objetos pontiagudos e bases met\u00e1licas sem feltro<\/td><\/tr><tr><td><strong>Exposi\u00e7\u00e3o solar<\/strong><\/td><td>Prefira locais sem sol direto constante para evitar amarelamento<\/td><\/tr><tr><td><strong>Armazenamento<\/strong><\/td><td>Guarde empilhadas ou com prote\u00e7\u00e3o entre pe\u00e7as<\/td><\/tr><\/tbody><\/table><\/figure>\n\n\n\n<hr class=\"wp-block-separator has-alpha-channel-opacity\"\/>\n\n\n\n<a href=\"https:\/\/1truenote.com\/en\/closet-pequeno-ideias-decoracao-organizacao\/\" style=\"text-decoration: none;\">\n  <div style=\"display: flex; justify-content: space-between; align-items: center; background: #d44a00; padding: 12px 20px; color: white; font-family: Arial, sans-serif;\">\n    <strong style=\"color: black;\">READ ALSO:<\/strong>\n    <span style=\"margin-left: 8px; flex: 1;\">Closet pequeno: Dicas, inspira\u00e7\u00f5es e solu\u00e7\u00f5es <\/span>\n    <div style=\"background: #f2802f; padding: 8px 12px; border-radius: 2px; margin-left: 10px;\">\n      <span style=\"color: white; font-weight: bold;\">\u27a4<\/span>\n    <\/div>\n  <\/div>\n<\/a>\n\n\n\n<hr class=\"wp-block-separator has-alpha-channel-opacity\"\/>\n\n\n\n<h2 id='cadeiras-de-acr\u00edlico'  class=\"wp-block-heading\">Cadeiras de acr\u00edlico<\/h2>\n\n\n\n<p>As <strong>cadeiras de acr\u00edlico<\/strong> s\u00e3o a prova de que o design pode ser ao mesmo tempo discreto e impactante. Vers\u00e1teis, resistentes e com apelo est\u00e9tico \u00fanico, elas s\u00e3o o toque de modernidade perfeito para qualquer ambiente.<\/p>\n\n\n\n<p>Quer dar um upgrade visual sem pesar o espa\u00e7o? Aposte no acr\u00edlico. Seu ambiente agradece com <strong>mais leveza, luz e sofistica\u00e7\u00e3o<\/strong>.<\/p>\n\n\n\n<hr class=\"wp-block-separator has-alpha-channel-opacity\"\/>\n\n\n\n<a href=\"https:\/\/1truenote.com\/en\/closet-pequeno-ideias-decoracao-organizacao\/\" style=\"text-decoration: none;\">\n  <div style=\"display: flex; justify-content: space-between; align-items: center; background: #d44a00; padding: 12px 20px; color: white; font-family: Arial, sans-serif;\">\n    <strong style=\"color: black;\">READ ALSO:<\/strong>\n    <span style=\"margin-left: 8px; flex: 1;\">Closet pequeno: Dicas, inspira\u00e7\u00f5es e solu\u00e7\u00f5es <\/span>\n    <div style=\"background: #f2802f; padding: 8px 12px; border-radius: 2px; margin-left: 10px;\">\n      <span style=\"color: white; font-weight: bold;\">\u27a4<\/span>\n    <\/div>\n  <\/div>\n<\/a>\n\n\n\n\n<hr class=\"wp-block-separator has-alpha-channel-opacity\"\/>\n\n\n\n<h2 id='faq-cadeiras-de-acr\u00edlico'  class=\"wp-block-heading\">FAQ \u2013 Cadeiras de acr\u00edlico<\/h2>\n\n\n<div id=\"rank-math-faq\" class=\"rank-math-block\">\n<div class=\"rank-math-list\">\n<div id=\"faq-question-1758547140305\" class=\"rank-math-list-item\">\n<h3 id='cadeiras-de-acr\u00edlico-s\u00e3o-confort\u00e1veis'  class=\"rank-math-question\">Cadeiras de acr\u00edlico s\u00e3o confort\u00e1veis?<\/h3>\n<div class=\"rank-math-answer\">\n\n<p>Sim, especialmente os modelos com design ergon\u00f4mico ou almofadas embutidas. Tamb\u00e9m \u00e9 poss\u00edvel usar almofadas soltas.<\/p>\n\n<\/div>\n<\/div>\n<div id=\"faq-question-1758547141413\" class=\"rank-math-list-item\">\n<h3 id='posso-usar-cadeiras-de-acr\u00edlico-em-\u00e1rea-externa'  class=\"rank-math-question\">Posso usar cadeiras de acr\u00edlico em \u00e1rea externa?<\/h3>\n<div class=\"rank-math-answer\">\n\n<p>Preferencialmente em varandas cobertas. O acr\u00edlico pode desgastar com exposi\u00e7\u00e3o cont\u00ednua ao sol e \u00e0 chuva.<\/p>\n\n<\/div>\n<\/div>\n<div id=\"faq-question-1758547142228\" class=\"rank-math-list-item\">\n<h3 id='qual-a-diferen\u00e7a-entre-acr\u00edlico-e-policarbonato'  class=\"rank-math-question\">Qual a diferen\u00e7a entre acr\u00edlico e policarbonato?<\/h3>\n<div class=\"rank-math-answer\">\n\n<p>O acr\u00edlico tem maior transpar\u00eancia e brilho, enquanto o policarbonato \u00e9 mais resistente a impactos, por\u00e9m menos transl\u00facido.<\/p>\n\n<\/div>\n<\/div>\n<div id=\"faq-question-1758547142947\" class=\"rank-math-list-item\">\n<h3 id='elas-combinam-com-estilo-cl\u00e1ssico'  class=\"rank-math-question\">Elas combinam com estilo cl\u00e1ssico?<\/h3>\n<div class=\"rank-math-answer\">\n\n<p>Sim! O contraste entre o antigo e o moderno \u00e9 uma das maiores qualidades do acr\u00edlico. Combine com molduras, lustres e m\u00f3veis cl\u00e1ssicos.<\/p>\n\n<\/div>\n<\/div>\n<div id=\"faq-question-1758547177556\" class=\"rank-math-list-item\">\n<h3 id='cadeiras-de-acr\u00edlico-suportam-peso'  class=\"rank-math-question\">Cadeiras de acr\u00edlico suportam peso?<\/h3>\n<div class=\"rank-math-answer\">\n\n<p>Sim, modelos de qualidade suportam at\u00e9 120 kg, mas verifique a especifica\u00e7\u00e3o do fabricante.<\/p>\n\n<\/div>\n<\/div>\n<\/div>\n<\/div>\n\n\n<figure class=\"wp-block-image aligncenter size-large\"><img data-recalc-dims=\"1\" decoding=\"async\" width=\"1024\" height=\"760\" src=\"https:\/\/i0.wp.com\/1truenote.com\/wp-content\/uploads\/2025\/09\/Artigo-3-2.png?resize=1024%2C760&#038;ssl=1\" alt=\"cadeiras de acr\u00edlico na decora\u00e7\u00e3o\" class=\"wp-image-4217\" srcset=\"https:\/\/i0.wp.com\/1truenote.com\/wp-content\/uploads\/2025\/09\/Artigo-3-2.png?resize=1024%2C760&amp;ssl=1 1024w, https:\/\/i0.wp.com\/1truenote.com\/wp-content\/uploads\/2025\/09\/Artigo-3-2.png?resize=300%2C223&amp;ssl=1 300w, https:\/\/i0.wp.com\/1truenote.com\/wp-content\/uploads\/2025\/09\/Artigo-3-2.png?resize=768%2C570&amp;ssl=1 768w, https:\/\/i0.wp.com\/1truenote.com\/wp-content\/uploads\/2025\/09\/Artigo-3-2.png?resize=16%2C12&amp;ssl=1 16w, https:\/\/i0.wp.com\/1truenote.com\/wp-content\/uploads\/2025\/09\/Artigo-3-2.png?resize=150%2C111&amp;ssl=1 150w, https:\/\/i0.wp.com\/1truenote.com\/wp-content\/uploads\/2025\/09\/Artigo-3-2.png?w=1536&amp;ssl=1 1536w\" sizes=\"(max-width: 1024px) 100vw, 1024px\" \/><\/figure>","protected":false},"excerpt":{"rendered":"<p>O que s\u00e3o cadeiras de acr\u00edlico? As cadeiras de acr\u00edlico s\u00e3o m\u00f3veis fabricados com pol\u00edmero transparente ou transl\u00facido, que imita&#8230;<\/p>","protected":false},"author":1,"featured_media":4217,"comment_status":"open","ping_status":"open","sticky":false,"template":"","format":"standard","meta":{"_kad_post_transparent":"","_kad_post_title":"","_kad_post_layout":"","_kad_post_sidebar_id":"","_kad_post_content_style":"","_kad_post_vertical_padding":"","_kad_post_feature":"","_kad_post_feature_position":"","_kad_post_header":false,"_kad_post_footer":false,"_kad_post_classname":"","footnotes":"","jetpack_publicize_message":"","jetpack_publicize_feature_enabled":false,"jetpack_social_post_already_shared":false,"jetpack_social_options":{"image_generator_settings":{"template":"highway","default_image_id":0,"font":"","enabled":false},"version":2}},"categories":[16,1],"tags":[13,14,23],"class_list":["post-4215","post","type-post","status-publish","format-standard","has-post-thumbnail","hentry","category-casa-e-jardim","category-novidades","tag-minimalista","tag-interiores-inovadores","tag-produtos"],"jetpack_publicize_connections":[],"jetpack_featured_media_url":"https:\/\/i0.wp.com\/1truenote.com\/wp-content\/uploads\/2025\/09\/Artigo-3-2.png?fit=1536%2C1140&ssl=1","jetpack_sharing_enabled":true,"_links":{"self":[{"href":"https:\/\/1truenote.com\/en\/wp-json\/wp\/v2\/posts\/4215","targetHints":{"allow":["GET"]}}],"collection":[{"href":"https:\/\/1truenote.com\/en\/wp-json\/wp\/v2\/posts"}],"about":[{"href":"https:\/\/1truenote.com\/en\/wp-json\/wp\/v2\/types\/post"}],"author":[{"embeddable":true,"href":"https:\/\/1truenote.com\/en\/wp-json\/wp\/v2\/users\/1"}],"replies":[{"embeddable":true,"href":"https:\/\/1truenote.com\/en\/wp-json\/wp\/v2\/comments?post=4215"}],"version-history":[{"count":2,"href":"https:\/\/1truenote.com\/en\/wp-json\/wp\/v2\/posts\/4215\/revisions"}],"predecessor-version":[{"id":4218,"href":"https:\/\/1truenote.com\/en\/wp-json\/wp\/v2\/posts\/4215\/revisions\/4218"}],"wp:featuredmedia":[{"embeddable":true,"href":"https:\/\/1truenote.com\/en\/wp-json\/wp\/v2\/media\/4217"}],"wp:attachment":[{"href":"https:\/\/1truenote.com\/en\/wp-json\/wp\/v2\/media?parent=4215"}],"wp:term":[{"taxonomy":"category","embeddable":true,"href":"https:\/\/1truenote.com\/en\/wp-json\/wp\/v2\/categories?post=4215"},{"taxonomy":"post_tag","embeddable":true,"href":"https:\/\/1truenote.com\/en\/wp-json\/wp\/v2\/tags?post=4215"}],"curies":[{"name":"wp","href":"https:\/\/api.w.org\/{rel}","templated":true}]}}