{"id":4212,"date":"2025-09-22T16:00:00","date_gmt":"2025-09-22T19:00:00","guid":{"rendered":"https:\/\/1truenote.com\/?p=4212"},"modified":"2025-09-21T19:14:56","modified_gmt":"2025-09-21T22:14:56","slug":"adesivos-de-vitrais-na-decoracao","status":"publish","type":"post","link":"https:\/\/1truenote.com\/en\/adesivos-de-vitrais-na-decoracao\/","title":{"rendered":"Adesivos de Vitrais: Beleza cl\u00e1ssica e praticidade para janelas e portas"},"content":{"rendered":"<h2 id='o-que-s\u00e3o-adesivos-de-vitrais'  class=\"wp-block-heading\">O que s\u00e3o adesivos de vitrais?<\/h2>\n\n\n\n<p>Os <strong>adesivos de vitrais<\/strong> simulam o visual art\u00edstico dos tradicionais vitrais de vidro colorido, com desenhos florais, geom\u00e9tricos ou abstratos. Produzidos em materiais vin\u00edlicos ou eletrost\u00e1ticos, s\u00e3o aplicados diretamente sobre vidros lisos \u2014 como janelas, portas de correr, boxes e at\u00e9 espelhos.<\/p>\n\n\n\n<p>S\u00e3o a solu\u00e7\u00e3o ideal para quem busca <strong>decora\u00e7\u00e3o sofisticada com custo acess\u00edvel<\/strong>, sem reformas ou instala\u00e7\u00f5es complicadas.<\/p>\n\n\n\n<hr class=\"wp-block-separator has-alpha-channel-opacity\"\/>\n\n\n\n<h2 id='benef\u00edcios-dos-adesivos-de-vitral'  class=\"wp-block-heading\">Benef\u00edcios dos adesivos de vitral<\/h2>\n\n\n\n<ul class=\"wp-block-list\">\n<li>\ud83c\udfa8 <strong>Efeito art\u00edstico imediato<\/strong><\/li>\n\n\n\n<li>\ud83d\udee0\ufe0f <strong>Instala\u00e7\u00e3o f\u00e1cil e sem obra<\/strong><\/li>\n\n\n\n<li>\ud83d\udcb0 <strong>Custo muito menor que vitrais tradicionais<\/strong><\/li>\n\n\n\n<li>\ud83c\udf1e <strong>Redu\u00e7\u00e3o de luz direta e aumento de privacidade<\/strong><\/li>\n\n\n\n<li>\u267b\ufe0f <strong>Op\u00e7\u00e3o remov\u00edvel e reaplic\u00e1vel em alguns modelos<\/strong><\/li>\n\n\n\n<li>\u2728 <strong>Combina com ambientes cl\u00e1ssicos, retr\u00f4 e modernos<\/strong><\/li>\n<\/ul>\n\n\n\n<hr class=\"wp-block-separator has-alpha-channel-opacity\"\/>\n\n\n\n<h2 id='onde-aplicar-adesivos-de-vitral'  class=\"wp-block-heading\">Onde aplicar adesivos de vitral?<\/h2>\n\n\n\n<figure class=\"wp-block-table\"><table class=\"has-fixed-layout\"><thead><tr><th>Local<\/th><th>Aplica\u00e7\u00e3o sugerida<\/th><th>Vantagem decorativa<\/th><\/tr><\/thead><tbody><tr><td><strong>Sala de estar<\/strong><\/td><td>Portas de vidro ou janelas amplas<\/td><td>Cria impacto visual sem bloquear luz<\/td><\/tr><tr><td><strong>Portas de entrada<\/strong><\/td><td>Vidro central ou laterais<\/td><td>Efeito de vitral real com eleg\u00e2ncia<\/td><\/tr><tr><td><strong>Cozinhas<\/strong><\/td><td>Janela acima da pia ou divis\u00f3rias<\/td><td>Decora\u00e7\u00e3o + privacidade<\/td><\/tr><tr><td><strong>Banheiros<\/strong><\/td><td>Box de vidro ou janelas<\/td><td>Privacidade com toque art\u00edstico<\/td><\/tr><tr><td><strong>Quartos<\/strong><\/td><td>Janelas ou portas de sacada<\/td><td>Luz suave e atmosfera rom\u00e2ntica<\/td><\/tr><tr><td><strong>Ambientes comerciais<\/strong><\/td><td>Vitrines, salas de espera, cl\u00ednicas<\/td><td>Estilo refinado e marcante<\/td><\/tr><\/tbody><\/table><\/figure>\n\n\n\n<hr class=\"wp-block-separator has-alpha-channel-opacity\"\/>\n\n\n\n<h2 id='estilos-de-adesivos-de-vitral-mais-usados'  class=\"wp-block-heading\">Estilos de adesivos de vitral mais usados<\/h2>\n\n\n\n<ul class=\"wp-block-list\">\n<li>\ud83c\udf38 <strong>Florais Art Nouveau<\/strong> \u2013 como na imagem, com arabescos e cores vibrantes.<\/li>\n\n\n\n<li>\ud83e\ude9e <strong>Geom\u00e9tricos modernos<\/strong> \u2013 linhas abstratas e tons neutros para ambientes contempor\u00e2neos.<\/li>\n\n\n\n<li>\ud83c\udfad <strong>Vitral g\u00f3tico ou medieval<\/strong> \u2013 ideal para halls, entradas e igrejas.<\/li>\n\n\n\n<li>\ud83e\udd9a <strong>Inspirados em Tiffany<\/strong> \u2013 tons intensos com contornos marcantes e figuras da natureza.<\/li>\n<\/ul>\n\n\n\n<hr class=\"wp-block-separator has-alpha-channel-opacity\"\/>\n\n\n\n<h2 id='como-aplicar-corretamente'  class=\"wp-block-heading\">Como aplicar corretamente?<\/h2>\n\n\n\n<ol class=\"wp-block-list\">\n<li><strong>Limpe bem o vidro<\/strong> com \u00e1lcool ou solu\u00e7\u00e3o neutra (sem res\u00edduos de gordura).<\/li>\n\n\n\n<li><strong>Umede\u00e7a a superf\u00edcie<\/strong> com \u00e1gua e algumas gotas de detergente.<\/li>\n\n\n\n<li><strong>Posicione o adesivo<\/strong> com cuidado e alinhe.<\/li>\n\n\n\n<li><strong>Use uma esp\u00e1tula ou pano<\/strong> para retirar bolhas de ar do centro para as bordas.<\/li>\n\n\n\n<li><strong>Se necess\u00e1rio<\/strong>, corte o excesso com estilete ou tesoura.<\/li>\n<\/ol>\n\n\n\n<p>\u26a0\ufe0f Dica: Se for um modelo eletrost\u00e1tico, n\u00e3o use cola \u2014 ele adere apenas com \u00e1gua.<\/p>\n\n\n\n<hr class=\"wp-block-separator has-alpha-channel-opacity\"\/>\n\n\n\n<h2 id='dicas-pr\u00e1ticas-para-usar-adesivos-de-vitrais'  class=\"wp-block-heading\">Dicas pr\u00e1ticas para usar adesivos de vitrais<\/h2>\n\n\n\n<p>\u2714\ufe0f Combine o estilo do adesivo com a decora\u00e7\u00e3o do ambiente.<br>\u2714\ufe0f Use luz natural a seu favor \u2014 os adesivos ficam mais bonitos com o sol.<br>\u2714\ufe0f Prefira modelos remov\u00edveis em ambientes alugados.<br>\u2714\ufe0f Em casas cl\u00e1ssicas, complemente com m\u00f3veis em madeira escura ou dourado.<br>\u2714\ufe0f Em decora\u00e7\u00f5es modernas, escolha modelos com padr\u00f5es mais discretos.<\/p>\n\n\n\n<hr class=\"wp-block-separator has-alpha-channel-opacity\"\/>\n\n\n\n<figure class=\"wp-block-image aligncenter size-large is-resized\"><a href=\"https:\/\/chat.whatsapp.com\/KJBkp5LFJVRIvmt5X3hSEh\" target=\"_blank\" rel=\"noopener\"><img data-recalc-dims=\"1\" fetchpriority=\"high\" decoding=\"async\" width=\"683\" height=\"1024\" src=\"https:\/\/i0.wp.com\/1truenote.com\/wp-content\/uploads\/2025\/06\/ChatGPT-Image-3-de-jun.-de-2025-19_04_53.png?resize=683%2C1024&#038;ssl=1\" alt=\"chamada banner advetorial whats\" class=\"wp-image-2683\" style=\"object-fit:cover;width:200px;height:300px\" srcset=\"https:\/\/i0.wp.com\/1truenote.com\/wp-content\/uploads\/2025\/06\/ChatGPT-Image-3-de-jun.-de-2025-19_04_53.png?resize=683%2C1024&amp;ssl=1 683w, https:\/\/i0.wp.com\/1truenote.com\/wp-content\/uploads\/2025\/06\/ChatGPT-Image-3-de-jun.-de-2025-19_04_53.png?resize=200%2C300&amp;ssl=1 200w, https:\/\/i0.wp.com\/1truenote.com\/wp-content\/uploads\/2025\/06\/ChatGPT-Image-3-de-jun.-de-2025-19_04_53.png?resize=768%2C1152&amp;ssl=1 768w, https:\/\/i0.wp.com\/1truenote.com\/wp-content\/uploads\/2025\/06\/ChatGPT-Image-3-de-jun.-de-2025-19_04_53.png?resize=150%2C225&amp;ssl=1 150w, https:\/\/i0.wp.com\/1truenote.com\/wp-content\/uploads\/2025\/06\/ChatGPT-Image-3-de-jun.-de-2025-19_04_53.png?w=1024&amp;ssl=1 1024w\" sizes=\"(max-width: 683px) 100vw, 683px\" \/><\/a><\/figure>\n\n\n\n<hr class=\"wp-block-separator has-alpha-channel-opacity\"\/>\n\n\n\n<h2 id='comparativo-vitral-real-vs-adesivo-de-vitral'  class=\"wp-block-heading\">Comparativo: Vitral real vs. Adesivo de vitral<\/h2>\n\n\n\n<figure class=\"wp-block-table\"><table class=\"has-fixed-layout\"><thead><tr><th>Caracter\u00edstica<\/th><th>Vitral Tradicional<\/th><th>Adesivo de Vitral<\/th><\/tr><\/thead><tbody><tr><td>Pre\u00e7o<\/td><td>Alto (vidro + artista)<\/td><td>Acess\u00edvel e variado<\/td><\/tr><tr><td>Instala\u00e7\u00e3o<\/td><td>Complexa e permanente<\/td><td>F\u00e1cil, r\u00e1pida e remov\u00edvel<\/td><\/tr><tr><td>Personaliza\u00e7\u00e3o<\/td><td>Sob encomenda<\/td><td>Diversos modelos prontos<\/td><\/tr><tr><td>Durabilidade<\/td><td>Alta<\/td><td>M\u00e9dia a alta (depende do material)<\/td><\/tr><tr><td>Reaproveitamento<\/td><td>N\u00e3o<\/td><td>Sim (em alguns modelos)<\/td><\/tr><\/tbody><\/table><\/figure>\n\n\n\n<hr class=\"wp-block-separator has-alpha-channel-opacity\"\/>\n\n\n<div class=\"hostinger-affiliate-block-wrap\">\n            <div class=\"hostinger-affiliate-block-list-simple\">\n            <div class=\"hostinger-affiliate-block-list-simple__image\">\n                                        <a href=\"https:\/\/www.amazon.com.br\/dp\/B0DNJZH8FH?tag=joaopedro047-20\" target=\"_blank\" rel=\"nofollow noopener noreferrer\">\n                            <img decoding=\"async\" src=\"https:\/\/m.media-amazon.com\/images\/I\/51TkMd6ImjL.jpg\" alt=\"Protetor solar de pel\u00edcula de janela arco-\u00edris - Decalques de vit...\">\n                        <\/a>\n                                <\/div>\n            <div class=\"hostinger-affiliate-block-list-simple__product-data\">\n                <div class=\"hostinger-affiliate-block-list-simple__product-info\">\n                                            <div class=\"hostinger-affiliate-block-list-simple__bestseller-label\">\n                                                        Bestseller #1                        <\/div>\n                                            <div class=\"hostinger-affiliate-block-list-simple__product-title\">\n                        <a href=\"https:\/\/www.amazon.com.br\/dp\/B0DNJZH8FH?tag=joaopedro047-20\" target=\"_blank\" rel=\"nofollow noopener noreferrer\">\n                            <h3 id='protetor-solar-de-pel\u00edcula-de-janela-arco-\u00edris-decalques-de-vit'>\n                                Protetor solar de pel\u00edcula de janela arco-\u00edris &#8211; Decalques de vit&#8230;                            <\/h3>\n                        <\/a>\n                    <\/div>\n                    <div class=\"hostinger-affiliate-block-list-simple__product-pricing\">\n                                                    <div class=\"hostinger-affiliate-block-list-simple__product-price\">\n                                R$142,87                            <\/div>\n                                                <\/div>\n                <\/div>\n                <div class=\"hostinger-affiliate-block-list-simple__product-actions\">\n                    <div>\n                        <a href=\"https:\/\/www.amazon.com.br\/dp\/B0DNJZH8FH?tag=joaopedro047-20\" class=\"hostinger-affiliate-block-list-simple__product-amazon-button\" target=\"_blank\" rel=\"nofollow noopener noreferrer\">\n    Buy on Amazon<\/a>\n                    <\/div>\n                <\/div>\n            <\/div>\n        <\/div>\n                <div class=\"hostinger-affiliate-block-list-simple\">\n            <div class=\"hostinger-affiliate-block-list-simple__image\">\n                                        <a href=\"https:\/\/www.amazon.com.br\/dp\/B00HKYHZ9S?tag=joaopedro047-20\" target=\"_blank\" rel=\"nofollow noopener noreferrer\">\n                            <img decoding=\"async\" src=\"https:\/\/m.media-amazon.com\/images\/I\/61Yz8QkTAnL.jpg\" alt=\"d-c-fix Pel\u00edcula de privacidade para janela, vitral de jardim ven...\">\n                        <\/a>\n                                <\/div>\n            <div class=\"hostinger-affiliate-block-list-simple__product-data\">\n                <div class=\"hostinger-affiliate-block-list-simple__product-info\">\n                                            <div class=\"hostinger-affiliate-block-list-simple__bestseller-label\">\n                                                        Bestseller #2                        <\/div>\n                                            <div class=\"hostinger-affiliate-block-list-simple__product-title\">\n                        <a href=\"https:\/\/www.amazon.com.br\/dp\/B00HKYHZ9S?tag=joaopedro047-20\" target=\"_blank\" rel=\"nofollow noopener noreferrer\">\n                            <h3 id='d-c-fix-pel\u00edcula-de-privacidade-para-janela-vitral-de-jardim-ven'>\n                                d-c-fix Pel\u00edcula de privacidade para janela, vitral de jardim ven&#8230;                            <\/h3>\n                        <\/a>\n                    <\/div>\n                    <div class=\"hostinger-affiliate-block-list-simple__product-pricing\">\n                                                    <div class=\"hostinger-affiliate-block-list-simple__product-price\">\n                                R$153,93                            <\/div>\n                                                <\/div>\n                <\/div>\n                <div class=\"hostinger-affiliate-block-list-simple__product-actions\">\n                    <div>\n                        <a href=\"https:\/\/www.amazon.com.br\/dp\/B00HKYHZ9S?tag=joaopedro047-20\" class=\"hostinger-affiliate-block-list-simple__product-amazon-button\" target=\"_blank\" rel=\"nofollow noopener noreferrer\">\n    Buy on Amazon<\/a>\n                    <\/div>\n                <\/div>\n            <\/div>\n        <\/div>\n                <div class=\"hostinger-affiliate-block-list-simple\">\n            <div class=\"hostinger-affiliate-block-list-simple__image\">\n                                        <a href=\"https:\/\/www.amazon.com.br\/dp\/B0DJXZ8R6P?tag=joaopedro047-20\" target=\"_blank\" rel=\"nofollow noopener noreferrer\">\n                            <img decoding=\"async\" src=\"https:\/\/m.media-amazon.com\/images\/I\/51n0GgF5fYL.jpg\" alt=\"Bectosy Pel\u00edcula de privacidade para janela, pel\u00edcula decorativa ...\">\n                        <\/a>\n                                <\/div>\n            <div class=\"hostinger-affiliate-block-list-simple__product-data\">\n                <div class=\"hostinger-affiliate-block-list-simple__product-info\">\n                                            <div class=\"hostinger-affiliate-block-list-simple__bestseller-label\">\n                                                        Bestseller #3                        <\/div>\n                                            <div class=\"hostinger-affiliate-block-list-simple__product-title\">\n                        <a href=\"https:\/\/www.amazon.com.br\/dp\/B0DJXZ8R6P?tag=joaopedro047-20\" target=\"_blank\" rel=\"nofollow noopener noreferrer\">\n                            <h3 id='bectosy-pel\u00edcula-de-privacidade-para-janela-pel\u00edcula-decorativa'>\n                                Bectosy Pel\u00edcula de privacidade para janela, pel\u00edcula decorativa &#8230;                            <\/h3>\n                        <\/a>\n                    <\/div>\n                    <div class=\"hostinger-affiliate-block-list-simple__product-pricing\">\n                                                    <div class=\"hostinger-affiliate-block-list-simple__product-price\">\n                                R$122,33                            <\/div>\n                                                <\/div>\n                <\/div>\n                <div class=\"hostinger-affiliate-block-list-simple__product-actions\">\n                    <div>\n                        <a href=\"https:\/\/www.amazon.com.br\/dp\/B0DJXZ8R6P?tag=joaopedro047-20\" class=\"hostinger-affiliate-block-list-simple__product-amazon-button\" target=\"_blank\" rel=\"nofollow noopener noreferrer\">\n    Buy on Amazon<\/a>\n                    <\/div>\n                <\/div>\n            <\/div>\n        <\/div>\n                <div class=\"hostinger-affiliate-block-list-simple\">\n            <div class=\"hostinger-affiliate-block-list-simple__image\">\n                                        <a href=\"https:\/\/www.amazon.com.br\/dp\/B0DFLGPSF4?tag=joaopedro047-20\" target=\"_blank\" rel=\"nofollow noopener noreferrer\">\n                            <img decoding=\"async\" src=\"https:\/\/m.media-amazon.com\/images\/I\/61SBb5VjFJL.jpg\" alt=\"Aomkmi Pel\u00edcula para janela de vitral, resistente a UV, pel\u00edcula ...\">\n                        <\/a>\n                                <\/div>\n            <div class=\"hostinger-affiliate-block-list-simple__product-data\">\n                <div class=\"hostinger-affiliate-block-list-simple__product-info\">\n                                            <div class=\"hostinger-affiliate-block-list-simple__bestseller-label\">\n                                                        Bestseller #4                        <\/div>\n                                            <div class=\"hostinger-affiliate-block-list-simple__product-title\">\n                        <a href=\"https:\/\/www.amazon.com.br\/dp\/B0DFLGPSF4?tag=joaopedro047-20\" target=\"_blank\" rel=\"nofollow noopener noreferrer\">\n                            <h3 id='aomkmi-pel\u00edcula-para-janela-de-vitral-resistente-a-uv-pel\u00edcula'>\n                                Aomkmi Pel\u00edcula para janela de vitral, resistente a UV, pel\u00edcula &#8230;                            <\/h3>\n                        <\/a>\n                    <\/div>\n                    <div class=\"hostinger-affiliate-block-list-simple__product-pricing\">\n                                                    <div class=\"hostinger-affiliate-block-list-simple__product-price\">\n                                R$138,87                            <\/div>\n                                                <\/div>\n                <\/div>\n                <div class=\"hostinger-affiliate-block-list-simple__product-actions\">\n                    <div>\n                        <a href=\"https:\/\/www.amazon.com.br\/dp\/B0DFLGPSF4?tag=joaopedro047-20\" class=\"hostinger-affiliate-block-list-simple__product-amazon-button\" target=\"_blank\" rel=\"nofollow noopener noreferrer\">\n    Buy on Amazon<\/a>\n                    <\/div>\n                <\/div>\n            <\/div>\n        <\/div>\n                <div class=\"hostinger-affiliate-block-list-simple\">\n            <div class=\"hostinger-affiliate-block-list-simple__image\">\n                                        <a href=\"https:\/\/www.amazon.com.br\/dp\/B0FF46TBVC?tag=joaopedro047-20\" target=\"_blank\" rel=\"nofollow noopener noreferrer\">\n                            <img decoding=\"async\" src=\"https:\/\/m.media-amazon.com\/images\/I\/51r85g2dLdL.jpg\" alt=\"Bloss Pel\u00edcula de janela de vitral, pel\u00edcula de privacidade de ja...\">\n                        <\/a>\n                                <\/div>\n            <div class=\"hostinger-affiliate-block-list-simple__product-data\">\n                <div class=\"hostinger-affiliate-block-list-simple__product-info\">\n                                            <div class=\"hostinger-affiliate-block-list-simple__bestseller-label\">\n                                                        Bestseller #5                        <\/div>\n                                            <div class=\"hostinger-affiliate-block-list-simple__product-title\">\n                        <a href=\"https:\/\/www.amazon.com.br\/dp\/B0FF46TBVC?tag=joaopedro047-20\" target=\"_blank\" rel=\"nofollow noopener noreferrer\">\n                            <h3 id='bloss-pel\u00edcula-de-janela-de-vitral-pel\u00edcula-de-privacidade-de-ja'>\n                                Bloss Pel\u00edcula de janela de vitral, pel\u00edcula de privacidade de ja&#8230;                            <\/h3>\n                        <\/a>\n                    <\/div>\n                    <div class=\"hostinger-affiliate-block-list-simple__product-pricing\">\n                                                    <div class=\"hostinger-affiliate-block-list-simple__product-price\">\n                                R$140,03                            <\/div>\n                                                <\/div>\n                <\/div>\n                <div class=\"hostinger-affiliate-block-list-simple__product-actions\">\n                    <div>\n                        <a href=\"https:\/\/www.amazon.com.br\/dp\/B0FF46TBVC?tag=joaopedro047-20\" class=\"hostinger-affiliate-block-list-simple__product-amazon-button\" target=\"_blank\" rel=\"nofollow noopener noreferrer\">\n    Buy on Amazon<\/a>\n                    <\/div>\n                <\/div>\n            <\/div>\n        <\/div>\n        <\/div>\n\n\n\n<hr class=\"wp-block-separator has-alpha-channel-opacity\"\/>\n\n\n\n<a href=\"https:\/\/1truenote.com\/en\/decoracao-praiana-ideias-estilo-coastal\/\" style=\"text-decoration: none;\">\n  <div style=\"display: flex; justify-content: space-between; align-items: center; background: #d44a00; padding: 12px 20px; color: white; font-family: Arial, sans-serif;\">\n    <strong style=\"color: black;\">READ ALSO:<\/strong>\n    <span style=\"margin-left: 8px; flex: 1;\">Decora\u00e7\u00e3o praiana: Como trazer a brisa do mar <\/span>\n    <div style=\"background: #f2802f; padding: 8px 12px; border-radius: 2px; margin-left: 10px;\">\n      <span style=\"color: white; font-weight: bold;\">\u27a4<\/span>\n    <\/div>\n  <\/div>\n<\/a>\n\n\n\n<hr class=\"wp-block-separator has-alpha-channel-opacity\"\/>\n\n\n\n<h2 id='adesivos-de-vitrais'  class=\"wp-block-heading\">Adesivos de vitrais<\/h2>\n\n\n\n<p>Os <strong>adesivos de vitrais<\/strong> s\u00e3o uma solu\u00e7\u00e3o criativa, elegante e acess\u00edvel para quem quer dar um toque art\u00edstico aos ambientes sem reforma. Seja em <strong>salas cl\u00e1ssicas, banheiros modernos ou portas de entrada<\/strong>, eles transformam o vidro comum em uma verdadeira janela para a arte.<\/p>\n\n\n\n<p>Adesivos de vitrais, curtiu? Com instala\u00e7\u00e3o simples e in\u00fameras op\u00e7\u00f5es de design, \u00e9 poss\u00edvel <strong>renovar completamente seu espa\u00e7o em poucos minutos<\/strong>, trazendo o charme dos vitrais para o dia a dia.<\/p>\n\n\n\n<hr class=\"wp-block-separator has-alpha-channel-opacity\"\/>\n\n\n\n<a href=\"https:\/\/1truenote.com\/en\/decoracao-praiana-ideias-estilo-coastal\/\" style=\"text-decoration: none;\">\n  <div style=\"display: flex; justify-content: space-between; align-items: center; background: #d44a00; padding: 12px 20px; color: white; font-family: Arial, sans-serif;\">\n    <strong style=\"color: black;\">READ ALSO:<\/strong>\n    <span style=\"margin-left: 8px; flex: 1;\">Decora\u00e7\u00e3o praiana: Como trazer a brisa do mar <\/span>\n    <div style=\"background: #f2802f; padding: 8px 12px; border-radius: 2px; margin-left: 10px;\">\n      <span style=\"color: white; font-weight: bold;\">\u27a4<\/span>\n    <\/div>\n  <\/div>\n<\/a>\n\n\n\n\n<hr class=\"wp-block-separator has-alpha-channel-opacity\"\/>\n\n\n\n<h2 id='faq-adesivos-de-vitrais'  class=\"wp-block-heading\">FAQ \u2013 Adesivos de vitrais<\/h2>\n\n\n<div id=\"rank-math-faq\" class=\"rank-math-block\">\n<div class=\"rank-math-list\">\n<div id=\"faq-question-1758492506798\" class=\"rank-math-list-item\">\n<h3 id='adesivo-de-vitral-bloqueia-a-luz-natural'  class=\"rank-math-question\">Adesivo de vitral bloqueia a luz natural?<\/h3>\n<div class=\"rank-math-answer\">\n\n<p>N\u00e3o. Ele <strong>filtra<\/strong> a luz, mas n\u00e3o a bloqueia completamente. Ideal para ambientes que precisam de <strong>privacidade e luminosidade<\/strong>.<\/p>\n\n<\/div>\n<\/div>\n<div id=\"faq-question-1758492507665\" class=\"rank-math-list-item\">\n<h3 id='pode-aplicar-em-box-de-banheiro'  class=\"rank-math-question\">Pode aplicar em box de banheiro?<\/h3>\n<div class=\"rank-math-answer\">\n\n<p>Sim, desde que o box seja de vidro liso e esteja bem seco no momento da aplica\u00e7\u00e3o. Escolha modelos resistentes \u00e0 umidade.<\/p>\n\n<\/div>\n<\/div>\n<div id=\"faq-question-1758492508409\" class=\"rank-math-list-item\">\n<h3 id='gruda-bem-em-qualquer-vidro'  class=\"rank-math-question\">Gruda bem em qualquer vidro?<\/h3>\n<div class=\"rank-math-answer\">\n\n<p>Funciona melhor em <strong>vidros lisos e planos<\/strong>. N\u00e3o adere bem em superf\u00edcies texturizadas ou curvadas.<\/p>\n\n<\/div>\n<\/div>\n<div id=\"faq-question-1758492508936\" class=\"rank-math-list-item\">\n<h3 id='pode-remover-depois-sem-danificar-o-vidro'  class=\"rank-math-question\">Pode remover depois sem danificar o vidro?<\/h3>\n<div class=\"rank-math-answer\">\n\n<p>Sim, principalmente os modelos <strong>eletrost\u00e1ticos ou de baixa ader\u00eancia<\/strong>. Basta aplicar \u00e1gua morna e puxar com cuidado.<\/p>\n\n<\/div>\n<\/div>\n<div id=\"faq-question-1758492509672\" class=\"rank-math-list-item\">\n<h3 id='onde-encontrar-modelos-bonitos'  class=\"rank-math-question\">Onde encontrar modelos bonitos?<\/h3>\n<div class=\"rank-math-answer\">\n\n<p>Lojas especializadas em adesivos decorativos, marketplaces como Etsy e Amazon, e at\u00e9 gr\u00e1ficas personalizadas.<\/p>\n\n<\/div>\n<\/div>\n<\/div>\n<\/div>\n\n\n<figure class=\"wp-block-image aligncenter size-large\"><img data-recalc-dims=\"1\" decoding=\"async\" width=\"1024\" height=\"760\" src=\"https:\/\/i0.wp.com\/1truenote.com\/wp-content\/uploads\/2025\/09\/Artigo-5.png?resize=1024%2C760&#038;ssl=1\" alt=\"adesivos de vitrais\" class=\"wp-image-4213\" srcset=\"https:\/\/i0.wp.com\/1truenote.com\/wp-content\/uploads\/2025\/09\/Artigo-5.png?resize=1024%2C760&amp;ssl=1 1024w, https:\/\/i0.wp.com\/1truenote.com\/wp-content\/uploads\/2025\/09\/Artigo-5.png?resize=300%2C223&amp;ssl=1 300w, https:\/\/i0.wp.com\/1truenote.com\/wp-content\/uploads\/2025\/09\/Artigo-5.png?resize=768%2C570&amp;ssl=1 768w, https:\/\/i0.wp.com\/1truenote.com\/wp-content\/uploads\/2025\/09\/Artigo-5.png?resize=16%2C12&amp;ssl=1 16w, https:\/\/i0.wp.com\/1truenote.com\/wp-content\/uploads\/2025\/09\/Artigo-5.png?resize=150%2C111&amp;ssl=1 150w, https:\/\/i0.wp.com\/1truenote.com\/wp-content\/uploads\/2025\/09\/Artigo-5.png?w=1536&amp;ssl=1 1536w\" sizes=\"(max-width: 1024px) 100vw, 1024px\" \/><\/figure>","protected":false},"excerpt":{"rendered":"<p>O que s\u00e3o adesivos de vitrais? Os adesivos de vitrais simulam o visual art\u00edstico dos tradicionais vitrais de vidro colorido,&#8230;<\/p>","protected":false},"author":1,"featured_media":4213,"comment_status":"open","ping_status":"open","sticky":false,"template":"","format":"standard","meta":{"_kad_post_transparent":"","_kad_post_title":"","_kad_post_layout":"","_kad_post_sidebar_id":"","_kad_post_content_style":"","_kad_post_vertical_padding":"","_kad_post_feature":"","_kad_post_feature_position":"","_kad_post_header":false,"_kad_post_footer":false,"_kad_post_classname":"","footnotes":"","jetpack_publicize_message":"","jetpack_publicize_feature_enabled":false,"jetpack_social_post_already_shared":true,"jetpack_social_options":{"image_generator_settings":{"template":"highway","default_image_id":0,"font":"","enabled":false},"version":2}},"categories":[16,1],"tags":[13,14,23],"class_list":["post-4212","post","type-post","status-publish","format-standard","has-post-thumbnail","hentry","category-casa-e-jardim","category-novidades","tag-minimalista","tag-interiores-inovadores","tag-produtos"],"jetpack_publicize_connections":[],"jetpack_featured_media_url":"https:\/\/i0.wp.com\/1truenote.com\/wp-content\/uploads\/2025\/09\/Artigo-5.png?fit=1536%2C1140&ssl=1","jetpack_sharing_enabled":true,"_links":{"self":[{"href":"https:\/\/1truenote.com\/en\/wp-json\/wp\/v2\/posts\/4212","targetHints":{"allow":["GET"]}}],"collection":[{"href":"https:\/\/1truenote.com\/en\/wp-json\/wp\/v2\/posts"}],"about":[{"href":"https:\/\/1truenote.com\/en\/wp-json\/wp\/v2\/types\/post"}],"author":[{"embeddable":true,"href":"https:\/\/1truenote.com\/en\/wp-json\/wp\/v2\/users\/1"}],"replies":[{"embeddable":true,"href":"https:\/\/1truenote.com\/en\/wp-json\/wp\/v2\/comments?post=4212"}],"version-history":[{"count":1,"href":"https:\/\/1truenote.com\/en\/wp-json\/wp\/v2\/posts\/4212\/revisions"}],"predecessor-version":[{"id":4214,"href":"https:\/\/1truenote.com\/en\/wp-json\/wp\/v2\/posts\/4212\/revisions\/4214"}],"wp:featuredmedia":[{"embeddable":true,"href":"https:\/\/1truenote.com\/en\/wp-json\/wp\/v2\/media\/4213"}],"wp:attachment":[{"href":"https:\/\/1truenote.com\/en\/wp-json\/wp\/v2\/media?parent=4212"}],"wp:term":[{"taxonomy":"category","embeddable":true,"href":"https:\/\/1truenote.com\/en\/wp-json\/wp\/v2\/categories?post=4212"},{"taxonomy":"post_tag","embeddable":true,"href":"https:\/\/1truenote.com\/en\/wp-json\/wp\/v2\/tags?post=4212"}],"curies":[{"name":"wp","href":"https:\/\/api.w.org\/{rel}","templated":true}]}}