{"id":4204,"date":"2025-09-19T16:00:00","date_gmt":"2025-09-19T19:00:00","guid":{"rendered":"https:\/\/1truenote.com\/?p=4204"},"modified":"2025-09-19T12:09:38","modified_gmt":"2025-09-19T15:09:38","slug":"closet-pequeno-ideias-decoracao-organizacao","status":"publish","type":"post","link":"https:\/\/1truenote.com\/en\/closet-pequeno-ideias-decoracao-organizacao\/","title":{"rendered":"Closet pequeno: Dicas, inspira\u00e7\u00f5es e solu\u00e7\u00f5es para organizar com estilo"},"content":{"rendered":"<p>Quem disse que para ter um closet bonito e funcional \u00e9 preciso muito espa\u00e7o? Um <strong>closet pequeno bem planejado<\/strong> pode ser t\u00e3o eficiente quanto um closet luxuoso \u2014 e at\u00e9 mais charmoso. Com as <strong>estrat\u00e9gias certas de organiza\u00e7\u00e3o<\/strong>, <strong>m\u00f3veis inteligentes<\/strong> e <strong>acabamentos bem escolhidos<\/strong>, d\u00e1 para transformar at\u00e9 o menor dos espa\u00e7os em um ambiente pr\u00e1tico, estiloso e cheio de personalidade.<\/p>\n\n\n\n<p>Nas imagens que acompanham este artigo, vemos diferentes estilos e solu\u00e7\u00f5es criativas que provam: <strong>Tamanho n\u00e3o \u00e9 limite para eleg\u00e2ncia e funcionalidade<\/strong>.<\/p>\n\n\n\n<hr class=\"wp-block-separator has-alpha-channel-opacity\"\/>\n\n\n\n<h2 id='por-que-apostar-em-um-closet-pequeno'  class=\"wp-block-heading\">Por que apostar em um closet pequeno?<\/h2>\n\n\n\n<ul class=\"wp-block-list\">\n<li>Versatilidade: se adapta a qualquer espa\u00e7o dispon\u00edvel \u2014 corredor, quarto, hall.<\/li>\n\n\n\n<li>Organiza\u00e7\u00e3o otimizada: com planejamento, tudo tem seu lugar.<\/li>\n\n\n\n<li>Visual limpo: sem excessos, apenas o essencial.<\/li>\n\n\n\n<li>Valoriza\u00e7\u00e3o do im\u00f3vel: mesmo um espa\u00e7o pequeno bem aproveitado agrega valor.<\/li>\n\n\n\n<li>Sensa\u00e7\u00e3o de luxo acess\u00edvel: um closet personalizado, mesmo compacto, entrega sofistica\u00e7\u00e3o.<\/li>\n<\/ul>\n\n\n\n<hr class=\"wp-block-separator has-alpha-channel-opacity\"\/>\n\n\n\n<h2 id='tipos-de-closet-pequeno-tabela-comparativa'  class=\"wp-block-heading\">Tipos de closet pequeno (Tabela Comparativa)<\/h2>\n\n\n\n<figure class=\"wp-block-table\"><table class=\"has-fixed-layout\"><thead><tr><th>Tipo de Closet<\/th><th>Ideal para<\/th><th>Caracter\u00edsticas<\/th><th>Pontos Fortes<\/th><\/tr><\/thead><tbody><tr><td>Linear (Corredor)<\/td><td>Espa\u00e7os estreitos e retos<\/td><td>Arm\u00e1rios paralelos com circula\u00e7\u00e3o<\/td><td>Aproveitamento de parede total<\/td><\/tr><tr><td>Em &#8220;L&#8221;<\/td><td>Cantos de parede dispon\u00edveis<\/td><td>Duas paredes formando quina<\/td><td>Boa separa\u00e7\u00e3o por categorias<\/td><\/tr><tr><td>Com Portas de Correr<\/td><td>Quartos integrados<\/td><td>Portas lisas ou espelhadas<\/td><td>Prote\u00e7\u00e3o contra poeira, visual clean<\/td><\/tr><tr><td>Closet Aberto<\/td><td>Estilo mais despojado<\/td><td>Sem portas, visual exposto<\/td><td>F\u00e1cil acesso e sensa\u00e7\u00e3o de amplitude<\/td><\/tr><tr><td>Com penteadeira<\/td><td>Closets femininos ou unissex<\/td><td>\u00c1rea com espelho e banco<\/td><td>Funcionalidade e est\u00e9tica<\/td><\/tr><\/tbody><\/table><\/figure>\n\n\n\n<hr class=\"wp-block-separator has-alpha-channel-opacity\"\/>\n\n\n\n<figure class=\"wp-block-image aligncenter size-large\"><img data-recalc-dims=\"1\" fetchpriority=\"high\" decoding=\"async\" width=\"1024\" height=\"683\" src=\"https:\/\/i0.wp.com\/1truenote.com\/wp-content\/uploads\/2025\/09\/20250919_1156_Closet-Planejado-Elegante_simple_compose_01k5h7h4mmfy2b3jbh218bfr10.png?resize=1024%2C683&#038;ssl=1\" alt=\"closet pequeno 3\" class=\"wp-image-4207\" srcset=\"https:\/\/i0.wp.com\/1truenote.com\/wp-content\/uploads\/2025\/09\/20250919_1156_Closet-Planejado-Elegante_simple_compose_01k5h7h4mmfy2b3jbh218bfr10.png?resize=1024%2C683&amp;ssl=1 1024w, https:\/\/i0.wp.com\/1truenote.com\/wp-content\/uploads\/2025\/09\/20250919_1156_Closet-Planejado-Elegante_simple_compose_01k5h7h4mmfy2b3jbh218bfr10.png?resize=300%2C200&amp;ssl=1 300w, https:\/\/i0.wp.com\/1truenote.com\/wp-content\/uploads\/2025\/09\/20250919_1156_Closet-Planejado-Elegante_simple_compose_01k5h7h4mmfy2b3jbh218bfr10.png?resize=768%2C512&amp;ssl=1 768w, https:\/\/i0.wp.com\/1truenote.com\/wp-content\/uploads\/2025\/09\/20250919_1156_Closet-Planejado-Elegante_simple_compose_01k5h7h4mmfy2b3jbh218bfr10.png?resize=18%2C12&amp;ssl=1 18w, https:\/\/i0.wp.com\/1truenote.com\/wp-content\/uploads\/2025\/09\/20250919_1156_Closet-Planejado-Elegante_simple_compose_01k5h7h4mmfy2b3jbh218bfr10.png?resize=150%2C100&amp;ssl=1 150w, https:\/\/i0.wp.com\/1truenote.com\/wp-content\/uploads\/2025\/09\/20250919_1156_Closet-Planejado-Elegante_simple_compose_01k5h7h4mmfy2b3jbh218bfr10.png?w=1536&amp;ssl=1 1536w\" sizes=\"(max-width: 1024px) 100vw, 1024px\" \/><\/figure>\n\n\n\n<hr class=\"wp-block-separator has-alpha-channel-opacity\"\/>\n\n\n\n<h2 id='inspira\u00e7\u00f5es-reais-o-que-aprendemos-com-as-imagens'  class=\"wp-block-heading\">Inspira\u00e7\u00f5es reais: O que aprendemos com as imagens<\/h2>\n\n\n\n<p>As imagens mostram closets pequenos reais, modernos e muito bem aproveitados. Aqui est\u00e3o <strong>as principais estrat\u00e9gias<\/strong> que aparecem nelas:<\/p>\n\n\n\n<h3 id='1-cores-claras-e-ilumina\u00e7\u00e3o-embutida'  class=\"wp-block-heading\">1. Cores claras e ilumina\u00e7\u00e3o embutida<\/h3>\n\n\n\n<p>Os projetos apostam em tons neutros como branco, fendi e madeira clara, aliados \u00e0 ilumina\u00e7\u00e3o em LED embutido \u2014 que amplia o ambiente e destaca as pe\u00e7as.<\/p>\n\n\n\n<h3 id='2-m\u00f3veis-planejados-sob-medida'  class=\"wp-block-heading\">2. M\u00f3veis planejados sob medida<\/h3>\n\n\n\n<p>Cada cent\u00edmetro \u00e9 aproveitado com gavetas, prateleiras ajustadas e m\u00f3dulos espec\u00edficos para roupas, sapatos e bolsas.<\/p>\n\n\n\n<h3 id='3-aproveitamento-vertical'  class=\"wp-block-heading\">3. Aproveitamento vertical<\/h3>\n\n\n\n<p>Os closets pequenos das imagens usam o espa\u00e7o at\u00e9 o teto com arm\u00e1rios superiores para guardar itens sazonais ou de menor uso.<\/p>\n\n\n\n<h3 id='4-espelhos-e-portas-de-vidro'  class=\"wp-block-heading\">4. Espelhos e portas de vidro<\/h3>\n\n\n\n<p>Refletem luz, ampliam visualmente o ambiente e d\u00e3o sofistica\u00e7\u00e3o, mesmo com pouco espa\u00e7o.<\/p>\n\n\n\n<h3 id='5-assentos-compactos'  class=\"wp-block-heading\">5. Assentos compactos<\/h3>\n\n\n\n<p>Puffs redondos ou banquetas acolchoadas surgem como apoio r\u00e1pido e decoram com funcionalidade.<\/p>\n\n\n\n<hr class=\"wp-block-separator has-alpha-channel-opacity\"\/>\n\n\n<div class=\"hostinger-affiliate-block-wrap\">\n            <div class=\"hostinger-affiliate-block-list-simple\">\n            <div class=\"hostinger-affiliate-block-list-simple__image\">\n                                        <a href=\"https:\/\/www.amazon.com.br\/dp\/B0DM5568JJ?tag=joaopedro047-20\" target=\"_blank\" rel=\"nofollow noopener noreferrer\">\n                            <img decoding=\"async\" src=\"https:\/\/m.media-amazon.com\/images\/I\/51T-uOBlo8L.jpg\" alt=\"Closet Solteiro 100% Mdf Bp 159,5cm 3 Gavetas Monreale Branco\">\n                        <\/a>\n                                <\/div>\n            <div class=\"hostinger-affiliate-block-list-simple__product-data\">\n                <div class=\"hostinger-affiliate-block-list-simple__product-info\">\n                                            <div class=\"hostinger-affiliate-block-list-simple__bestseller-label\">\n                                                        Bestseller #1                        <\/div>\n                                            <div class=\"hostinger-affiliate-block-list-simple__product-title\">\n                        <a href=\"https:\/\/www.amazon.com.br\/dp\/B0DM5568JJ?tag=joaopedro047-20\" target=\"_blank\" rel=\"nofollow noopener noreferrer\">\n                            <h3 id='closet-solteiro-100-mdf-bp-159-5cm-3-gavetas-monreale-branco'>\n                                Closet Solteiro 100% Mdf Bp 159,5cm 3 Gavetas Monreale Branco                            <\/h3>\n                        <\/a>\n                    <\/div>\n                    <div class=\"hostinger-affiliate-block-list-simple__product-pricing\">\n                                                    <div class=\"hostinger-affiliate-block-list-simple__product-price\">\n                                R$1.124,98                            <\/div>\n                                                <\/div>\n                <\/div>\n                <div class=\"hostinger-affiliate-block-list-simple__product-actions\">\n                    <div>\n                        <a href=\"https:\/\/www.amazon.com.br\/dp\/B0DM5568JJ?tag=joaopedro047-20\" class=\"hostinger-affiliate-block-list-simple__product-amazon-button\" target=\"_blank\" rel=\"nofollow noopener noreferrer\">\n    Buy on Amazon<\/a>\n                    <\/div>\n                <\/div>\n            <\/div>\n        <\/div>\n                <div class=\"hostinger-affiliate-block-list-simple\">\n            <div class=\"hostinger-affiliate-block-list-simple__image\">\n                                        <a href=\"https:\/\/www.amazon.com.br\/dp\/B0D2Y1GK6N?tag=joaopedro047-20\" target=\"_blank\" rel=\"nofollow noopener noreferrer\">\n                            <img decoding=\"async\" src=\"https:\/\/m.media-amazon.com\/images\/I\/514SHLC5SWL.jpg\" alt=\"Guarda-roupa Closet Modulado Valencia 4 Gavetas 199cm Rustic\/pret...\">\n                        <\/a>\n                                <\/div>\n            <div class=\"hostinger-affiliate-block-list-simple__product-data\">\n                <div class=\"hostinger-affiliate-block-list-simple__product-info\">\n                                            <div class=\"hostinger-affiliate-block-list-simple__bestseller-label\">\n                                                        Bestseller #2                        <\/div>\n                                            <div class=\"hostinger-affiliate-block-list-simple__product-title\">\n                        <a href=\"https:\/\/www.amazon.com.br\/dp\/B0D2Y1GK6N?tag=joaopedro047-20\" target=\"_blank\" rel=\"nofollow noopener noreferrer\">\n                            <h3 id='guarda-roupa-closet-modulado-valencia-4-gavetas-199cm-rustic-pret'>\n                                Guarda-roupa Closet Modulado Valencia 4 Gavetas 199cm Rustic\/pret&#8230;                            <\/h3>\n                        <\/a>\n                    <\/div>\n                    <div class=\"hostinger-affiliate-block-list-simple__product-pricing\">\n                                                    <div class=\"hostinger-affiliate-block-list-simple__product-price\">\n                                R$989,99                            <\/div>\n                                                <\/div>\n                <\/div>\n                <div class=\"hostinger-affiliate-block-list-simple__product-actions\">\n                    <div>\n                        <a href=\"https:\/\/www.amazon.com.br\/dp\/B0D2Y1GK6N?tag=joaopedro047-20\" class=\"hostinger-affiliate-block-list-simple__product-amazon-button\" target=\"_blank\" rel=\"nofollow noopener noreferrer\">\n    Buy on Amazon<\/a>\n                    <\/div>\n                <\/div>\n            <\/div>\n        <\/div>\n                <div class=\"hostinger-affiliate-block-list-simple\">\n            <div class=\"hostinger-affiliate-block-list-simple__image\">\n                                        <a href=\"https:\/\/www.amazon.com.br\/dp\/B0CTQVVS2T?tag=joaopedro047-20\" target=\"_blank\" rel=\"nofollow noopener noreferrer\">\n                            <img decoding=\"async\" src=\"https:\/\/m.media-amazon.com\/images\/I\/51LwQ3tDvyL.jpg\" alt=\"Guarda-roupa Closet Modulado Valencia 4 Gavetas 258cm Rustic\/pret...\">\n                        <\/a>\n                                <\/div>\n            <div class=\"hostinger-affiliate-block-list-simple__product-data\">\n                <div class=\"hostinger-affiliate-block-list-simple__product-info\">\n                                            <div class=\"hostinger-affiliate-block-list-simple__bestseller-label\">\n                                                        Bestseller #3                        <\/div>\n                                            <div class=\"hostinger-affiliate-block-list-simple__product-title\">\n                        <a href=\"https:\/\/www.amazon.com.br\/dp\/B0CTQVVS2T?tag=joaopedro047-20\" target=\"_blank\" rel=\"nofollow noopener noreferrer\">\n                            <h3 id='guarda-roupa-closet-modulado-valencia-4-gavetas-258cm-rustic-pret'>\n                                Guarda-roupa Closet Modulado Valencia 4 Gavetas 258cm Rustic\/pret&#8230;                            <\/h3>\n                        <\/a>\n                    <\/div>\n                    <div class=\"hostinger-affiliate-block-list-simple__product-pricing\">\n                                                    <div class=\"hostinger-affiliate-block-list-simple__product-price\">\n                                R$1.349,99                            <\/div>\n                                                <\/div>\n                <\/div>\n                <div class=\"hostinger-affiliate-block-list-simple__product-actions\">\n                    <div>\n                        <a href=\"https:\/\/www.amazon.com.br\/dp\/B0CTQVVS2T?tag=joaopedro047-20\" class=\"hostinger-affiliate-block-list-simple__product-amazon-button\" target=\"_blank\" rel=\"nofollow noopener noreferrer\">\n    Buy on Amazon<\/a>\n                    <\/div>\n                <\/div>\n            <\/div>\n        <\/div>\n                <div class=\"hostinger-affiliate-block-list-simple\">\n            <div class=\"hostinger-affiliate-block-list-simple__image\">\n                                        <a href=\"https:\/\/www.amazon.com.br\/dp\/B0BTK3368C?tag=joaopedro047-20\" target=\"_blank\" rel=\"nofollow noopener noreferrer\">\n                            <img decoding=\"async\" src=\"https:\/\/m.media-amazon.com\/images\/I\/51WFwDmnwyL.jpg\" alt=\"Conjunto Closet Modulado com 3 Cabideiros 1 Porta 2 Gavetas Titan...\">\n                        <\/a>\n                                <\/div>\n            <div class=\"hostinger-affiliate-block-list-simple__product-data\">\n                <div class=\"hostinger-affiliate-block-list-simple__product-info\">\n                                            <div class=\"hostinger-affiliate-block-list-simple__bestseller-label\">\n                                                        Bestseller #4                        <\/div>\n                                            <div class=\"hostinger-affiliate-block-list-simple__product-title\">\n                        <a href=\"https:\/\/www.amazon.com.br\/dp\/B0BTK3368C?tag=joaopedro047-20\" target=\"_blank\" rel=\"nofollow noopener noreferrer\">\n                            <h3 id='conjunto-closet-modulado-com-3-cabideiros-1-porta-2-gavetas-titan'>\n                                Conjunto Closet Modulado com 3 Cabideiros 1 Porta 2 Gavetas Titan&#8230;                            <\/h3>\n                        <\/a>\n                    <\/div>\n                    <div class=\"hostinger-affiliate-block-list-simple__product-pricing\">\n                                                    <div class=\"hostinger-affiliate-block-list-simple__product-price\">\n                                R$659,98                            <\/div>\n                                                <\/div>\n                <\/div>\n                <div class=\"hostinger-affiliate-block-list-simple__product-actions\">\n                    <div>\n                        <a href=\"https:\/\/www.amazon.com.br\/dp\/B0BTK3368C?tag=joaopedro047-20\" class=\"hostinger-affiliate-block-list-simple__product-amazon-button\" target=\"_blank\" rel=\"nofollow noopener noreferrer\">\n    Buy on Amazon<\/a>\n                    <\/div>\n                <\/div>\n            <\/div>\n        <\/div>\n                <div class=\"hostinger-affiliate-block-list-simple\">\n            <div class=\"hostinger-affiliate-block-list-simple__image\">\n                                        <a href=\"https:\/\/www.amazon.com.br\/dp\/B0CVXDKW6Y?tag=joaopedro047-20\" target=\"_blank\" rel=\"nofollow noopener noreferrer\">\n                            <img decoding=\"async\" src=\"https:\/\/m.media-amazon.com\/images\/I\/51LtAj12jRL.jpg\" alt=\"Guarda-roupa Closet Modulado Valencia 2 Gavetas 188cm Rustic\/pret...\">\n                        <\/a>\n                                <\/div>\n            <div class=\"hostinger-affiliate-block-list-simple__product-data\">\n                <div class=\"hostinger-affiliate-block-list-simple__product-info\">\n                                            <div class=\"hostinger-affiliate-block-list-simple__bestseller-label\">\n                                                        Bestseller #5                        <\/div>\n                                            <div class=\"hostinger-affiliate-block-list-simple__product-title\">\n                        <a href=\"https:\/\/www.amazon.com.br\/dp\/B0CVXDKW6Y?tag=joaopedro047-20\" target=\"_blank\" rel=\"nofollow noopener noreferrer\">\n                            <h3 id='guarda-roupa-closet-modulado-valencia-2-gavetas-188cm-rustic-pret'>\n                                Guarda-roupa Closet Modulado Valencia 2 Gavetas 188cm Rustic\/pret&#8230;                            <\/h3>\n                        <\/a>\n                    <\/div>\n                    <div class=\"hostinger-affiliate-block-list-simple__product-pricing\">\n                                                    <div class=\"hostinger-affiliate-block-list-simple__product-price\">\n                                R$953,99                            <\/div>\n                                                <\/div>\n                <\/div>\n                <div class=\"hostinger-affiliate-block-list-simple__product-actions\">\n                    <div>\n                        <a href=\"https:\/\/www.amazon.com.br\/dp\/B0CVXDKW6Y?tag=joaopedro047-20\" class=\"hostinger-affiliate-block-list-simple__product-amazon-button\" target=\"_blank\" rel=\"nofollow noopener noreferrer\">\n    Buy on Amazon<\/a>\n                    <\/div>\n                <\/div>\n            <\/div>\n        <\/div>\n                <div class=\"hostinger-affiliate-block-list-simple\">\n            <div class=\"hostinger-affiliate-block-list-simple__image\">\n                                        <a href=\"https:\/\/www.amazon.com.br\/dp\/B0DX7N8FM8?tag=joaopedro047-20\" target=\"_blank\" rel=\"nofollow noopener noreferrer\">\n                            <img decoding=\"async\" src=\"https:\/\/m.media-amazon.com\/images\/I\/51YfV-hAR-L.jpg\" alt=\"Guarda-roupa Closet Modulado 4 Gavetas 6 Prateleiras 140cm Rustic...\">\n                        <\/a>\n                                <\/div>\n            <div class=\"hostinger-affiliate-block-list-simple__product-data\">\n                <div class=\"hostinger-affiliate-block-list-simple__product-info\">\n                                            <div class=\"hostinger-affiliate-block-list-simple__bestseller-label\">\n                                                        Bestseller #6                        <\/div>\n                                            <div class=\"hostinger-affiliate-block-list-simple__product-title\">\n                        <a href=\"https:\/\/www.amazon.com.br\/dp\/B0DX7N8FM8?tag=joaopedro047-20\" target=\"_blank\" rel=\"nofollow noopener noreferrer\">\n                            <h3 id='guarda-roupa-closet-modulado-4-gavetas-6-prateleiras-140cm-rustic'>\n                                Guarda-roupa Closet Modulado 4 Gavetas 6 Prateleiras 140cm Rustic&#8230;                            <\/h3>\n                        <\/a>\n                    <\/div>\n                    <div class=\"hostinger-affiliate-block-list-simple__product-pricing\">\n                                                    <div class=\"hostinger-affiliate-block-list-simple__product-price\">\n                                R$764,99                            <\/div>\n                                                <\/div>\n                <\/div>\n                <div class=\"hostinger-affiliate-block-list-simple__product-actions\">\n                    <div>\n                        <a href=\"https:\/\/www.amazon.com.br\/dp\/B0DX7N8FM8?tag=joaopedro047-20\" class=\"hostinger-affiliate-block-list-simple__product-amazon-button\" target=\"_blank\" rel=\"nofollow noopener noreferrer\">\n    Buy on Amazon<\/a>\n                    <\/div>\n                <\/div>\n            <\/div>\n        <\/div>\n                <div class=\"hostinger-affiliate-block-list-simple\">\n            <div class=\"hostinger-affiliate-block-list-simple__image\">\n                                        <a href=\"https:\/\/www.amazon.com.br\/dp\/B0B8TPCZLP?tag=joaopedro047-20\" target=\"_blank\" rel=\"nofollow noopener noreferrer\">\n                            <img decoding=\"async\" src=\"https:\/\/m.media-amazon.com\/images\/I\/41yTTRFoq7L.jpg\" alt=\"Conjunto Closet Casal 2 M\u00f3dulos 6 Gavetas Fran\u00e7a Minastex Branco\">\n                        <\/a>\n                                <\/div>\n            <div class=\"hostinger-affiliate-block-list-simple__product-data\">\n                <div class=\"hostinger-affiliate-block-list-simple__product-info\">\n                                            <div class=\"hostinger-affiliate-block-list-simple__bestseller-label\">\n                                                        Bestseller #7                        <\/div>\n                                            <div class=\"hostinger-affiliate-block-list-simple__product-title\">\n                        <a href=\"https:\/\/www.amazon.com.br\/dp\/B0B8TPCZLP?tag=joaopedro047-20\" target=\"_blank\" rel=\"nofollow noopener noreferrer\">\n                            <h3 id='conjunto-closet-casal-2-m\u00f3dulos-6-gavetas-fran\u00e7a-minastex-branco'>\n                                Conjunto Closet Casal 2 M\u00f3dulos 6 Gavetas Fran\u00e7a Minastex Branco                            <\/h3>\n                        <\/a>\n                    <\/div>\n                    <div class=\"hostinger-affiliate-block-list-simple__product-pricing\">\n                                                    <div class=\"hostinger-affiliate-block-list-simple__product-price\">\n                                R$2.312,49                            <\/div>\n                                                <\/div>\n                <\/div>\n                <div class=\"hostinger-affiliate-block-list-simple__product-actions\">\n                    <div>\n                        <a href=\"https:\/\/www.amazon.com.br\/dp\/B0B8TPCZLP?tag=joaopedro047-20\" class=\"hostinger-affiliate-block-list-simple__product-amazon-button\" target=\"_blank\" rel=\"nofollow noopener noreferrer\">\n    Buy on Amazon<\/a>\n                    <\/div>\n                <\/div>\n            <\/div>\n        <\/div>\n                <div class=\"hostinger-affiliate-block-list-simple\">\n            <div class=\"hostinger-affiliate-block-list-simple__image\">\n                                        <a href=\"https:\/\/www.amazon.com.br\/dp\/B09XWD7KY1?tag=joaopedro047-20\" target=\"_blank\" rel=\"nofollow noopener noreferrer\">\n                            <img decoding=\"async\" src=\"https:\/\/m.media-amazon.com\/images\/I\/51IEK4W0DQL.jpg\" alt=\"Guarda-roupa Casal Madesa M\u00f4naco 3 Portas de Correr com Espelho -...\">\n                        <\/a>\n                                <\/div>\n            <div class=\"hostinger-affiliate-block-list-simple__product-data\">\n                <div class=\"hostinger-affiliate-block-list-simple__product-info\">\n                                            <div class=\"hostinger-affiliate-block-list-simple__bestseller-label\">\n                                                        Bestseller #8                        <\/div>\n                                            <div class=\"hostinger-affiliate-block-list-simple__product-title\">\n                        <a href=\"https:\/\/www.amazon.com.br\/dp\/B09XWD7KY1?tag=joaopedro047-20\" target=\"_blank\" rel=\"nofollow noopener noreferrer\">\n                            <h3 id='guarda-roupa-casal-madesa-m\u00f4naco-3-portas-de-correr-com-espelho'>\n                                Guarda-roupa Casal Madesa M\u00f4naco 3 Portas de Correr com Espelho -&#8230;                            <\/h3>\n                        <\/a>\n                    <\/div>\n                    <div class=\"hostinger-affiliate-block-list-simple__product-pricing\">\n                                                    <div class=\"hostinger-affiliate-block-list-simple__product-price\">\n                                R$899,99                            <\/div>\n                                                <\/div>\n                <\/div>\n                <div class=\"hostinger-affiliate-block-list-simple__product-actions\">\n                    <div>\n                        <a href=\"https:\/\/www.amazon.com.br\/dp\/B09XWD7KY1?tag=joaopedro047-20\" class=\"hostinger-affiliate-block-list-simple__product-amazon-button\" target=\"_blank\" rel=\"nofollow noopener noreferrer\">\n    Buy on Amazon<\/a>\n                    <\/div>\n                <\/div>\n            <\/div>\n        <\/div>\n                <div class=\"hostinger-affiliate-block-list-simple\">\n            <div class=\"hostinger-affiliate-block-list-simple__image\">\n                                        <a href=\"https:\/\/www.amazon.com.br\/dp\/B0CTQVRDWP?tag=joaopedro047-20\" target=\"_blank\" rel=\"nofollow noopener noreferrer\">\n                            <img decoding=\"async\" src=\"https:\/\/m.media-amazon.com\/images\/I\/515ceq86+UL.jpg\" alt=\"Guarda-roupa Closet Modulado Valencia 4 Gavetas 258cm Rustic\/pret...\">\n                        <\/a>\n                                <\/div>\n            <div class=\"hostinger-affiliate-block-list-simple__product-data\">\n                <div class=\"hostinger-affiliate-block-list-simple__product-info\">\n                                            <div class=\"hostinger-affiliate-block-list-simple__bestseller-label\">\n                                                        Bestseller #9                        <\/div>\n                                            <div class=\"hostinger-affiliate-block-list-simple__product-title\">\n                        <a href=\"https:\/\/www.amazon.com.br\/dp\/B0CTQVRDWP?tag=joaopedro047-20\" target=\"_blank\" rel=\"nofollow noopener noreferrer\">\n                            <h3 id='guarda-roupa-closet-modulado-valencia-4-gavetas-258cm-rustic-pret-1'>\n                                Guarda-roupa Closet Modulado Valencia 4 Gavetas 258cm Rustic\/pret&#8230;                            <\/h3>\n                        <\/a>\n                    <\/div>\n                    <div class=\"hostinger-affiliate-block-list-simple__product-pricing\">\n                                                    <div class=\"hostinger-affiliate-block-list-simple__product-price\">\n                                R$1.349,99                            <\/div>\n                                                <\/div>\n                <\/div>\n                <div class=\"hostinger-affiliate-block-list-simple__product-actions\">\n                    <div>\n                        <a href=\"https:\/\/www.amazon.com.br\/dp\/B0CTQVRDWP?tag=joaopedro047-20\" class=\"hostinger-affiliate-block-list-simple__product-amazon-button\" target=\"_blank\" rel=\"nofollow noopener noreferrer\">\n    Buy on Amazon<\/a>\n                    <\/div>\n                <\/div>\n            <\/div>\n        <\/div>\n                <div class=\"hostinger-affiliate-block-list-simple\">\n            <div class=\"hostinger-affiliate-block-list-simple__image\">\n                                        <a href=\"https:\/\/www.amazon.com.br\/dp\/B0C256XQT9?tag=joaopedro047-20\" target=\"_blank\" rel=\"nofollow noopener noreferrer\">\n                            <img decoding=\"async\" src=\"https:\/\/m.media-amazon.com\/images\/I\/51Y4HuAD+1L.jpg\" alt=\"Guarda-roupa Closet Modulado Valencia 2 Gavetas 129cm Rustic\/pret...\">\n                        <\/a>\n                                <\/div>\n            <div class=\"hostinger-affiliate-block-list-simple__product-data\">\n                <div class=\"hostinger-affiliate-block-list-simple__product-info\">\n                                            <div class=\"hostinger-affiliate-block-list-simple__bestseller-label\">\n                                                        Bestseller #10                        <\/div>\n                                            <div class=\"hostinger-affiliate-block-list-simple__product-title\">\n                        <a href=\"https:\/\/www.amazon.com.br\/dp\/B0C256XQT9?tag=joaopedro047-20\" target=\"_blank\" rel=\"nofollow noopener noreferrer\">\n                            <h3 id='guarda-roupa-closet-modulado-valencia-2-gavetas-129cm-rustic-pret'>\n                                Guarda-roupa Closet Modulado Valencia 2 Gavetas 129cm Rustic\/pret&#8230;                            <\/h3>\n                        <\/a>\n                    <\/div>\n                    <div class=\"hostinger-affiliate-block-list-simple__product-pricing\">\n                                                    <div class=\"hostinger-affiliate-block-list-simple__product-price\">\n                                R$629,99                            <\/div>\n                                                <\/div>\n                <\/div>\n                <div class=\"hostinger-affiliate-block-list-simple__product-actions\">\n                    <div>\n                        <a href=\"https:\/\/www.amazon.com.br\/dp\/B0C256XQT9?tag=joaopedro047-20\" class=\"hostinger-affiliate-block-list-simple__product-amazon-button\" target=\"_blank\" rel=\"nofollow noopener noreferrer\">\n    Buy on Amazon<\/a>\n                    <\/div>\n                <\/div>\n            <\/div>\n        <\/div>\n        <\/div>\n\n\n\n<hr class=\"wp-block-separator has-alpha-channel-opacity\"\/>\n\n\n\n<figure class=\"wp-block-image aligncenter size-large is-resized\"><a href=\"https:\/\/chat.whatsapp.com\/KJBkp5LFJVRIvmt5X3hSEh\" target=\"_blank\" rel=\"noopener\"><img data-recalc-dims=\"1\" decoding=\"async\" width=\"683\" height=\"1024\" src=\"https:\/\/i0.wp.com\/1truenote.com\/wp-content\/uploads\/2025\/06\/ChatGPT-Image-3-de-jun.-de-2025-19_04_53.png?resize=683%2C1024&#038;ssl=1\" alt=\"chamada banner advetorial whats\" class=\"wp-image-2683\" style=\"object-fit:cover;width:200px;height:300px\" srcset=\"https:\/\/i0.wp.com\/1truenote.com\/wp-content\/uploads\/2025\/06\/ChatGPT-Image-3-de-jun.-de-2025-19_04_53.png?resize=683%2C1024&amp;ssl=1 683w, https:\/\/i0.wp.com\/1truenote.com\/wp-content\/uploads\/2025\/06\/ChatGPT-Image-3-de-jun.-de-2025-19_04_53.png?resize=200%2C300&amp;ssl=1 200w, https:\/\/i0.wp.com\/1truenote.com\/wp-content\/uploads\/2025\/06\/ChatGPT-Image-3-de-jun.-de-2025-19_04_53.png?resize=768%2C1152&amp;ssl=1 768w, https:\/\/i0.wp.com\/1truenote.com\/wp-content\/uploads\/2025\/06\/ChatGPT-Image-3-de-jun.-de-2025-19_04_53.png?resize=150%2C225&amp;ssl=1 150w, https:\/\/i0.wp.com\/1truenote.com\/wp-content\/uploads\/2025\/06\/ChatGPT-Image-3-de-jun.-de-2025-19_04_53.png?w=1024&amp;ssl=1 1024w\" sizes=\"(max-width: 683px) 100vw, 683px\" \/><\/a><\/figure>\n\n\n\n<hr class=\"wp-block-separator has-alpha-channel-opacity\"\/>\n\n\n\n<h2 id='dicas-de-ouro-para-maximizar-o-closet-pequeno'  class=\"wp-block-heading\">Dicas de ouro para maximizar o closet pequeno<\/h2>\n\n\n\n<ul class=\"wp-block-list\">\n<li>Use m\u00f3dulos multifuncionais: gavetas com divis\u00f3rias, cabideiros duplos, prateleiras regul\u00e1veis.<\/li>\n\n\n\n<li>Prefira portas de correr ou sem porta: ganhe espa\u00e7o sem comprometer a organiza\u00e7\u00e3o.<\/li>\n\n\n\n<li>Coloque fita LED nas prateleiras: destaque suas pe\u00e7as e ganhe charme.<\/li>\n\n\n\n<li>Use espelho de corpo inteiro: al\u00e9m de \u00fatil, amplia o ambiente.<\/li>\n\n\n\n<li>Adicione caixas organizadoras ou cestos decorativos para separar miudezas.<\/li>\n\n\n\n<li>Invista em cabides slim: padronizados e finos, economizam muito espa\u00e7o.<\/li>\n\n\n\n<li>Adicione um tapete neutro: conforto + sensa\u00e7\u00e3o de aconchego.<\/li>\n\n\n\n<li>Use nichos para sapatos at\u00e9 o ch\u00e3o: libera prateleiras para outras fun\u00e7\u00f5es.<\/li>\n<\/ul>\n\n\n\n<hr class=\"wp-block-separator has-alpha-channel-opacity\"\/>\n\n\n\n<a href=\"https:\/\/1truenote.com\/en\/aparador-de-luxo-ideias\/\" style=\"text-decoration: none;\">\n  <div style=\"display: flex; justify-content: space-between; align-items: center; background: #d44a00; padding: 12px 20px; color: white; font-family: Arial, sans-serif;\">\n    <strong style=\"color: black;\">READ ALSO:<\/strong>\n    <span style=\"margin-left: 8px; flex: 1;\">Aparador de luxo: O m\u00f3vel curinga <\/span>\n    <div style=\"background: #f2802f; padding: 8px 12px; border-radius: 2px; margin-left: 10px;\">\n      <span style=\"color: white; font-weight: bold;\">\u27a4<\/span>\n    <\/div>\n  <\/div>\n<\/a>\n\n\n\n<hr class=\"wp-block-separator has-alpha-channel-opacity\"\/>\n\n\n\n<figure class=\"wp-block-image aligncenter size-large\"><img data-recalc-dims=\"1\" decoding=\"async\" width=\"1024\" height=\"683\" src=\"https:\/\/i0.wp.com\/1truenote.com\/wp-content\/uploads\/2025\/09\/20250919_1156_Closet-Planejado-Elegante_simple_compose_01k5h7h4mnfska74n3zytxk73r.png?resize=1024%2C683&#038;ssl=1\" alt=\"closet pequeno 2\" class=\"wp-image-4206\" srcset=\"https:\/\/i0.wp.com\/1truenote.com\/wp-content\/uploads\/2025\/09\/20250919_1156_Closet-Planejado-Elegante_simple_compose_01k5h7h4mnfska74n3zytxk73r.png?resize=1024%2C683&amp;ssl=1 1024w, https:\/\/i0.wp.com\/1truenote.com\/wp-content\/uploads\/2025\/09\/20250919_1156_Closet-Planejado-Elegante_simple_compose_01k5h7h4mnfska74n3zytxk73r.png?resize=300%2C200&amp;ssl=1 300w, https:\/\/i0.wp.com\/1truenote.com\/wp-content\/uploads\/2025\/09\/20250919_1156_Closet-Planejado-Elegante_simple_compose_01k5h7h4mnfska74n3zytxk73r.png?resize=768%2C512&amp;ssl=1 768w, https:\/\/i0.wp.com\/1truenote.com\/wp-content\/uploads\/2025\/09\/20250919_1156_Closet-Planejado-Elegante_simple_compose_01k5h7h4mnfska74n3zytxk73r.png?resize=18%2C12&amp;ssl=1 18w, https:\/\/i0.wp.com\/1truenote.com\/wp-content\/uploads\/2025\/09\/20250919_1156_Closet-Planejado-Elegante_simple_compose_01k5h7h4mnfska74n3zytxk73r.png?resize=150%2C100&amp;ssl=1 150w, https:\/\/i0.wp.com\/1truenote.com\/wp-content\/uploads\/2025\/09\/20250919_1156_Closet-Planejado-Elegante_simple_compose_01k5h7h4mnfska74n3zytxk73r.png?w=1536&amp;ssl=1 1536w\" sizes=\"(max-width: 1024px) 100vw, 1024px\" \/><\/figure>\n\n\n\n<hr class=\"wp-block-separator has-alpha-channel-opacity\"\/>\n\n\n\n<h2 id='closet-pequeno'  class=\"wp-block-heading\">Closet pequeno<\/h2>\n\n\n\n<p>Ter um <strong>closet pequeno bem projetado<\/strong> \u00e9 mais do que poss\u00edvel \u2014 \u00e9 desej\u00e1vel. Com boas escolhas de marcenaria, ilumina\u00e7\u00e3o e organiza\u00e7\u00e3o, at\u00e9 os menores espa\u00e7os ganham vida, praticidade e beleza. As inspira\u00e7\u00f5es que voc\u00ea viu aqui provam que <strong>estilo e funcionalidade cabem em qualquer metragem<\/strong>.<\/p>\n\n\n\n<p>Comece planejando de acordo com suas necessidades, escolha acabamentos claros e inteligentes e transforme aquele cantinho esquecido no <strong>seu espa\u00e7o mais querido da casa<\/strong>.<\/p>\n\n\n\n<hr class=\"wp-block-separator has-alpha-channel-opacity\"\/>\n\n\n\n<a href=\"https:\/\/1truenote.com\/en\/aparador-de-luxo-ideias\/\" style=\"text-decoration: none;\">\n  <div style=\"display: flex; justify-content: space-between; align-items: center; background: #d44a00; padding: 12px 20px; color: white; font-family: Arial, sans-serif;\">\n    <strong style=\"color: black;\">READ ALSO:<\/strong>\n    <span style=\"margin-left: 8px; flex: 1;\">Aparador de luxo: O m\u00f3vel curinga <\/span>\n    <div style=\"background: #f2802f; padding: 8px 12px; border-radius: 2px; margin-left: 10px;\">\n      <span style=\"color: white; font-weight: bold;\">\u27a4<\/span>\n    <\/div>\n  <\/div>\n<\/a>\n\n\n\n\n<hr class=\"wp-block-separator has-alpha-channel-opacity\"\/>\n\n\n\n<h2 id='faq-d\u00favidas-frequentes-sobre-closet-pequeno'  class=\"wp-block-heading\">FAQ \u2013 D\u00favidas frequentes sobre closet pequeno<\/h2>\n\n\n<div id=\"rank-math-faq\" class=\"rank-math-block\">\n<div class=\"rank-math-list\">\n<div id=\"faq-question-1758293338381\" class=\"rank-math-list-item\">\n<h3 id='qual-o-tamanho-ideal-m\u00ednimo-para-um-closet-pequeno'  class=\"rank-math-question\">Qual o tamanho ideal m\u00ednimo para um closet pequeno?<\/h3>\n<div class=\"rank-math-answer\">\n\n<p>A partir de 1,2m x 1,5m j\u00e1 \u00e9 poss\u00edvel montar um closet em L ou linear, com boa circula\u00e7\u00e3o.<\/p>\n\n<\/div>\n<\/div>\n<div id=\"faq-question-1758293339280\" class=\"rank-math-list-item\">\n<h3 id='closet-pequeno-precisa-ser-planejado-sob-medida'  class=\"rank-math-question\">Closet pequeno precisa ser planejado sob medida?<\/h3>\n<div class=\"rank-math-answer\">\n\n<p>N\u00e3o obrigatoriamente, mas o planejado otimiza cada cent\u00edmetro e vale o investimento.<\/p>\n\n<\/div>\n<\/div>\n<div id=\"faq-question-1758293339665\" class=\"rank-math-list-item\">\n<h3 id='closet-aberto-d\u00e1-certo-em-espa\u00e7o-pequeno'  class=\"rank-math-question\">Closet aberto d\u00e1 certo em espa\u00e7o pequeno?<\/h3>\n<div class=\"rank-math-answer\">\n\n<p>Sim! Desde que seja bem organizado e mantenha a est\u00e9tica clean, \u00e9 funcional e moderno.<\/p>\n\n<\/div>\n<\/div>\n<div id=\"faq-question-1758293340200\" class=\"rank-math-list-item\">\n<h3 id='como-organizar-sapatos-em-um-closet-pequeno'  class=\"rank-math-question\">Como organizar sapatos em um closet pequeno?<\/h3>\n<div class=\"rank-math-answer\">\n\n<p>Use prateleiras baixas, sapateiras verticais ou caixas transparentes empilh\u00e1veis.<\/p>\n\n<\/div>\n<\/div>\n<div id=\"faq-question-1758293377417\" class=\"rank-math-list-item\">\n<h3 id='posso-colocar-uma-penteadeira-no-closet-pequeno'  class=\"rank-math-question\">Posso colocar uma penteadeira no closet pequeno?<\/h3>\n<div class=\"rank-math-answer\">\n\n<p>Sim, desde que seja compacta e integrada \u00e0 marcenaria, como nas imagens que mostram espelhos e banquinhos pequenos.<\/p>\n\n<\/div>\n<\/div>\n<\/div>\n<\/div>\n\n\n<figure class=\"wp-block-image aligncenter size-large\"><img data-recalc-dims=\"1\" loading=\"lazy\" decoding=\"async\" width=\"1024\" height=\"683\" src=\"https:\/\/i0.wp.com\/1truenote.com\/wp-content\/uploads\/2025\/09\/20250919_1202_Closet-Colorido-e-Organizado_remix_01k5h7v9r7fa686fnm9f5mec4c.png?resize=1024%2C683&#038;ssl=1\" alt=\"closet pequeno\" class=\"wp-image-4205\" srcset=\"https:\/\/i0.wp.com\/1truenote.com\/wp-content\/uploads\/2025\/09\/20250919_1202_Closet-Colorido-e-Organizado_remix_01k5h7v9r7fa686fnm9f5mec4c.png?resize=1024%2C683&amp;ssl=1 1024w, https:\/\/i0.wp.com\/1truenote.com\/wp-content\/uploads\/2025\/09\/20250919_1202_Closet-Colorido-e-Organizado_remix_01k5h7v9r7fa686fnm9f5mec4c.png?resize=300%2C200&amp;ssl=1 300w, https:\/\/i0.wp.com\/1truenote.com\/wp-content\/uploads\/2025\/09\/20250919_1202_Closet-Colorido-e-Organizado_remix_01k5h7v9r7fa686fnm9f5mec4c.png?resize=768%2C512&amp;ssl=1 768w, https:\/\/i0.wp.com\/1truenote.com\/wp-content\/uploads\/2025\/09\/20250919_1202_Closet-Colorido-e-Organizado_remix_01k5h7v9r7fa686fnm9f5mec4c.png?resize=18%2C12&amp;ssl=1 18w, https:\/\/i0.wp.com\/1truenote.com\/wp-content\/uploads\/2025\/09\/20250919_1202_Closet-Colorido-e-Organizado_remix_01k5h7v9r7fa686fnm9f5mec4c.png?resize=150%2C100&amp;ssl=1 150w, https:\/\/i0.wp.com\/1truenote.com\/wp-content\/uploads\/2025\/09\/20250919_1202_Closet-Colorido-e-Organizado_remix_01k5h7v9r7fa686fnm9f5mec4c.png?w=1536&amp;ssl=1 1536w\" sizes=\"(max-width: 1024px) 100vw, 1024px\" \/><\/figure>","protected":false},"excerpt":{"rendered":"<p>Quem disse que para ter um closet bonito e funcional \u00e9 preciso muito espa\u00e7o? Um closet pequeno bem planejado pode&#8230;<\/p>","protected":false},"author":1,"featured_media":4205,"comment_status":"open","ping_status":"open","sticky":false,"template":"","format":"standard","meta":{"_kad_post_transparent":"","_kad_post_title":"","_kad_post_layout":"","_kad_post_sidebar_id":"","_kad_post_content_style":"","_kad_post_vertical_padding":"","_kad_post_feature":"","_kad_post_feature_position":"","_kad_post_header":false,"_kad_post_footer":false,"_kad_post_classname":"","footnotes":"","jetpack_publicize_message":"","jetpack_publicize_feature_enabled":false,"jetpack_social_post_already_shared":true,"jetpack_social_options":{"image_generator_settings":{"template":"highway","default_image_id":0,"font":"","enabled":false},"version":2}},"categories":[16,1],"tags":[186,14,12],"class_list":["post-4204","post","type-post","status-publish","format-standard","has-post-thumbnail","hentry","category-casa-e-jardim","category-novidades","tag-closet","tag-interiores-inovadores","tag-projetos-inovadores"],"jetpack_publicize_connections":[],"jetpack_featured_media_url":"https:\/\/i0.wp.com\/1truenote.com\/wp-content\/uploads\/2025\/09\/20250919_1202_Closet-Colorido-e-Organizado_remix_01k5h7v9r7fa686fnm9f5mec4c.png?fit=1536%2C1024&ssl=1","jetpack_sharing_enabled":true,"_links":{"self":[{"href":"https:\/\/1truenote.com\/en\/wp-json\/wp\/v2\/posts\/4204","targetHints":{"allow":["GET"]}}],"collection":[{"href":"https:\/\/1truenote.com\/en\/wp-json\/wp\/v2\/posts"}],"about":[{"href":"https:\/\/1truenote.com\/en\/wp-json\/wp\/v2\/types\/post"}],"author":[{"embeddable":true,"href":"https:\/\/1truenote.com\/en\/wp-json\/wp\/v2\/users\/1"}],"replies":[{"embeddable":true,"href":"https:\/\/1truenote.com\/en\/wp-json\/wp\/v2\/comments?post=4204"}],"version-history":[{"count":1,"href":"https:\/\/1truenote.com\/en\/wp-json\/wp\/v2\/posts\/4204\/revisions"}],"predecessor-version":[{"id":4208,"href":"https:\/\/1truenote.com\/en\/wp-json\/wp\/v2\/posts\/4204\/revisions\/4208"}],"wp:featuredmedia":[{"embeddable":true,"href":"https:\/\/1truenote.com\/en\/wp-json\/wp\/v2\/media\/4205"}],"wp:attachment":[{"href":"https:\/\/1truenote.com\/en\/wp-json\/wp\/v2\/media?parent=4204"}],"wp:term":[{"taxonomy":"category","embeddable":true,"href":"https:\/\/1truenote.com\/en\/wp-json\/wp\/v2\/categories?post=4204"},{"taxonomy":"post_tag","embeddable":true,"href":"https:\/\/1truenote.com\/en\/wp-json\/wp\/v2\/tags?post=4204"}],"curies":[{"name":"wp","href":"https:\/\/api.w.org\/{rel}","templated":true}]}}