{"id":4200,"date":"2025-09-19T14:00:00","date_gmt":"2025-09-19T17:00:00","guid":{"rendered":"https:\/\/1truenote.com\/?p=4200"},"modified":"2025-09-27T17:44:43","modified_gmt":"2025-09-27T20:44:43","slug":"decoracao-praiana-ideias-estilo-coastal","status":"publish","type":"post","link":"https:\/\/1truenote.com\/en\/decoracao-praiana-ideias-estilo-coastal\/","title":{"rendered":"Decora\u00e7\u00e3o praiana: Como trazer a brisa do mar para dentro de casa"},"content":{"rendered":"<p>A <strong>decora\u00e7\u00e3o praiana<\/strong> \u00e9 um estilo que remete ao frescor, leveza e tranquilidade das casas \u00e0 beira-mar. Combinando materiais naturais, tons suaves e elementos n\u00e1uticos, esse tipo de ambienta\u00e7\u00e3o transforma qualquer lar em um verdadeiro ref\u00fagio. Essa decora\u00e7\u00e3o \u00e9 super divertida, \u00e9 <strong>um verdadeira lazer<\/strong>.<\/p>\n\n\n\n<p>Se voc\u00ea deseja trazer esse clima de ver\u00e3o permanente para sua casa, continue lendo e descubra dicas pr\u00e1ticas para compor uma decora\u00e7\u00e3o praiana com charme e sofistica\u00e7\u00e3o. Bora l\u00e1 conferir cada detalhe?<\/p>\n\n\n\n<hr class=\"wp-block-separator has-alpha-channel-opacity\"\/>\n\n\n\n<h2 id='caracter\u00edsticas-principais-da-decora\u00e7\u00e3o-praiana'  class=\"wp-block-heading\">Caracter\u00edsticas principais da decora\u00e7\u00e3o praiana<\/h2>\n\n\n\n<p>A ess\u00eancia do estilo coastal est\u00e1 nos detalhes que evocam a natureza e a simplicidade. Veja os principais elementos que caracterizam essa decora\u00e7\u00e3o:<\/p>\n\n\n\n<ul class=\"wp-block-list\">\n<li><strong>Cores claras e suaves:<\/strong> branco, bege, areia, azul-claro e verde-\u00e1gua predominam.<\/li>\n\n\n\n<li><strong>Materiais naturais:<\/strong> madeira clara, palha, rattan e fibras naturais s\u00e3o essenciais.<\/li>\n\n\n\n<li><strong>Elementos n\u00e1uticos:<\/strong> conchas, estrelas-do-mar, \u00e2ncoras e cordas decorativas refor\u00e7am a tem\u00e1tica mar\u00edtima.<\/li>\n\n\n\n<li><strong>Ilumina\u00e7\u00e3o abundante:<\/strong> luz natural \u00e9 fundamental, al\u00e9m de lumin\u00e1rias leves e delicadas.<\/li>\n<\/ul>\n\n\n\n<hr class=\"wp-block-separator has-alpha-channel-opacity\"\/>\n\n\n\n<h2 id='paleta-de-cores-tons-que-refrescam'  class=\"wp-block-heading\">Paleta de cores: Tons que refrescam<\/h2>\n\n\n\n<p>A escolha das cores na decora\u00e7\u00e3o praiana \u00e9 uma das etapas mais importantes. Inspire-se nos tons do mar e da areia para criar uma atmosfera leve:<\/p>\n\n\n\n<figure class=\"wp-block-table\"><table class=\"has-fixed-layout\"><thead><tr><th>Cor<\/th><th>Sensa\u00e7\u00e3o transmitida<\/th><th>Sugest\u00e3o de uso<\/th><\/tr><\/thead><tbody><tr><td>Azul-claro<\/td><td>Tranquilidade<\/td><td>Almofadas, quadros, mantas<\/td><\/tr><tr><td>Verde-\u00e1gua<\/td><td>Refresc\u00e2ncia<\/td><td>Vasos, detalhes em m\u00f3veis<\/td><\/tr><tr><td>Branco<\/td><td>Leveza<\/td><td>Paredes, cortinas, tapetes<\/td><\/tr><tr><td>Bege e areia<\/td><td>Calor natural<\/td><td>M\u00f3veis, carpetes, objetos r\u00fasticos<\/td><\/tr><tr><td>Amadeirado claro<\/td><td>Aconchego natural<\/td><td>Aparadores, mesas, prateleiras<\/td><\/tr><\/tbody><\/table><\/figure>\n\n\n\n<hr class=\"wp-block-separator has-alpha-channel-opacity\"\/>\n\n\n\n<h2 id='m\u00f3veis-que-traduzem-o-estilo-coastal'  class=\"wp-block-heading\">M\u00f3veis que traduzem o estilo coastal<\/h2>\n\n\n\n<p>Os m\u00f3veis devem transmitir conforto e conex\u00e3o com a natureza. D\u00ea prefer\u00eancia para pe\u00e7as com acabamento mais natural, linhas simples e tecidos leves:<\/p>\n\n\n\n<ul class=\"wp-block-list\">\n<li><strong>Sof\u00e1s e poltronas em linho ou algod\u00e3o cru<\/strong><\/li>\n\n\n\n<li><strong>Mesas de centro em madeira r\u00fastica ou vime<\/strong><\/li>\n\n\n\n<li><strong>Aparadores de madeira clara com acabamento lavado<\/strong><\/li>\n\n\n\n<li><strong>Cadeiras de palhinha ou fibra natural<\/strong><\/li>\n<\/ul>\n\n\n\n<hr class=\"wp-block-separator has-alpha-channel-opacity\"\/>\n\n\n\n<figure class=\"wp-block-image aligncenter size-large is-resized\"><a href=\"https:\/\/chat.whatsapp.com\/KJBkp5LFJVRIvmt5X3hSEh\" target=\"_blank\" rel=\"noopener\"><img data-recalc-dims=\"1\" fetchpriority=\"high\" decoding=\"async\" width=\"683\" height=\"1024\" src=\"https:\/\/i0.wp.com\/1truenote.com\/wp-content\/uploads\/2025\/06\/ChatGPT-Image-3-de-jun.-de-2025-19_04_53.png?resize=683%2C1024&#038;ssl=1\" alt=\"chamada banner advetorial whats\" class=\"wp-image-2683\" style=\"object-fit:cover;width:200px;height:300px\" srcset=\"https:\/\/i0.wp.com\/1truenote.com\/wp-content\/uploads\/2025\/06\/ChatGPT-Image-3-de-jun.-de-2025-19_04_53.png?resize=683%2C1024&amp;ssl=1 683w, https:\/\/i0.wp.com\/1truenote.com\/wp-content\/uploads\/2025\/06\/ChatGPT-Image-3-de-jun.-de-2025-19_04_53.png?resize=200%2C300&amp;ssl=1 200w, https:\/\/i0.wp.com\/1truenote.com\/wp-content\/uploads\/2025\/06\/ChatGPT-Image-3-de-jun.-de-2025-19_04_53.png?resize=768%2C1152&amp;ssl=1 768w, https:\/\/i0.wp.com\/1truenote.com\/wp-content\/uploads\/2025\/06\/ChatGPT-Image-3-de-jun.-de-2025-19_04_53.png?resize=150%2C225&amp;ssl=1 150w, https:\/\/i0.wp.com\/1truenote.com\/wp-content\/uploads\/2025\/06\/ChatGPT-Image-3-de-jun.-de-2025-19_04_53.png?w=1024&amp;ssl=1 1024w\" sizes=\"(max-width: 683px) 100vw, 683px\" \/><\/a><\/figure>\n\n\n\n<hr class=\"wp-block-separator has-alpha-channel-opacity\"\/>\n\n\n\n<h2 id='acess\u00f3rios-e-objetos-decorativos-que-fazem-toda-a-diferen\u00e7a'  class=\"wp-block-heading\">Acess\u00f3rios e objetos decorativos que fazem toda a diferen\u00e7a<\/h2>\n\n\n\n<p>Os pequenos detalhes s\u00e3o os respons\u00e1veis por trazer o charme da decora\u00e7\u00e3o praiana. Aposte em:<\/p>\n\n\n\n<ul class=\"wp-block-list\">\n<li><strong>Espelhos com moldura de corda ou madeira<\/strong><\/li>\n\n\n\n<li><strong>Cestos de palha para organizar mantas ou revistas<\/strong><\/li>\n\n\n\n<li><strong>Vasos em cer\u00e2mica texturizada com flores secas ou folhagens tropicais<\/strong><\/li>\n\n\n\n<li><strong>Estatuetas de estrela-do-mar, peixes e conchas<\/strong><\/li>\n\n\n\n<li><strong>Quadros com paisagens marinhas ou fotografias da praia<\/strong><\/li>\n<\/ul>\n\n\n\n<hr class=\"wp-block-separator has-alpha-channel-opacity\"\/>\n\n\n\n<figure class=\"wp-block-image aligncenter size-large\"><img data-recalc-dims=\"1\" decoding=\"async\" width=\"1024\" height=\"683\" src=\"https:\/\/i0.wp.com\/1truenote.com\/wp-content\/uploads\/2025\/09\/20250919_1118_Hall-Praiano-Sofisticado_simple_compose_01k5h5cm0ze66vcgbyga6mjb41.png?resize=1024%2C683&#038;ssl=1\" alt=\"moda praia\" class=\"wp-image-4202\" srcset=\"https:\/\/i0.wp.com\/1truenote.com\/wp-content\/uploads\/2025\/09\/20250919_1118_Hall-Praiano-Sofisticado_simple_compose_01k5h5cm0ze66vcgbyga6mjb41.png?resize=1024%2C683&amp;ssl=1 1024w, https:\/\/i0.wp.com\/1truenote.com\/wp-content\/uploads\/2025\/09\/20250919_1118_Hall-Praiano-Sofisticado_simple_compose_01k5h5cm0ze66vcgbyga6mjb41.png?resize=300%2C200&amp;ssl=1 300w, https:\/\/i0.wp.com\/1truenote.com\/wp-content\/uploads\/2025\/09\/20250919_1118_Hall-Praiano-Sofisticado_simple_compose_01k5h5cm0ze66vcgbyga6mjb41.png?resize=768%2C512&amp;ssl=1 768w, https:\/\/i0.wp.com\/1truenote.com\/wp-content\/uploads\/2025\/09\/20250919_1118_Hall-Praiano-Sofisticado_simple_compose_01k5h5cm0ze66vcgbyga6mjb41.png?resize=18%2C12&amp;ssl=1 18w, https:\/\/i0.wp.com\/1truenote.com\/wp-content\/uploads\/2025\/09\/20250919_1118_Hall-Praiano-Sofisticado_simple_compose_01k5h5cm0ze66vcgbyga6mjb41.png?resize=150%2C100&amp;ssl=1 150w, https:\/\/i0.wp.com\/1truenote.com\/wp-content\/uploads\/2025\/09\/20250919_1118_Hall-Praiano-Sofisticado_simple_compose_01k5h5cm0ze66vcgbyga6mjb41.png?w=1536&amp;ssl=1 1536w\" sizes=\"(max-width: 1024px) 100vw, 1024px\" \/><\/figure>\n\n\n\n<hr class=\"wp-block-separator has-alpha-channel-opacity\"\/>\n\n\n\n<h2 id='como-decorar-diferentes-ambientes-no-estilo-praiano'  class=\"wp-block-heading\">Como decorar diferentes ambientes no estilo praiano<\/h2>\n\n\n\n<h3 id='sala-de-estar'  class=\"wp-block-heading\">Sala de estar<\/h3>\n\n\n\n<p>Aposte em sof\u00e1s confort\u00e1veis com almofadas em tons aquarelados. Combine com mesas de centro em madeira bruta ou vime. Tapetes de sisal ou fibras naturais s\u00e3o ideais para trazer textura ao ambiente.<\/p>\n\n\n\n<h3 id='hall-de-entrada'  class=\"wp-block-heading\">Hall de entrada<\/h3>\n\n\n\n<p>Um aparador de madeira clara com espelho redondo acima cria uma entrada acolhedora. Complete com vasos decorativos, uma lumin\u00e1ria delicada e cestos organizadores.<\/p>\n\n\n\n<h3 id='varanda-ou-espa\u00e7o-externo'  class=\"wp-block-heading\">Varanda ou espa\u00e7o externo<\/h3>\n\n\n\n<p>Invista em m\u00f3veis de fibras naturais, como poltronas de vime ou rattan. Plantas em vasos r\u00fasticos e lanternas de vidro ou metal completam o charme.<\/p>\n\n\n\n<h2 id='como-manter-a-leveza-sem-exagerar'  class=\"wp-block-heading\">Como manter a leveza sem exagerar<\/h2>\n\n\n\n<p>Para evitar sobrecarregar a decora\u00e7\u00e3o, o segredo est\u00e1 no equil\u00edbrio. Use a tem\u00e1tica mar\u00edtima com modera\u00e7\u00e3o e priorize a harmonia entre os elementos. A decora\u00e7\u00e3o praiana n\u00e3o \u00e9 caricata \u2014 \u00e9 elegante, relaxante e atemporal.<\/p>\n\n\n\n<hr class=\"wp-block-separator has-alpha-channel-opacity\"\/>\n\n\n\n<a href=\"https:\/\/1truenote.com\/en\/decoracao-esculturas-classicas-ideias\/\" style=\"text-decoration: none;\">\n  <div style=\"display: flex; justify-content: space-between; align-items: center; background: #d44a00; padding: 12px 20px; color: white; font-family: Arial, sans-serif;\">\n    <strong style=\"color: black;\">READ ALSO:<\/strong>\n    <span style=\"margin-left: 8px; flex: 1;\">Decora\u00e7\u00e3o com esculturas cl\u00e1ssicas<\/span>\n    <div style=\"background: #f2802f; padding: 8px 12px; border-radius: 2px; margin-left: 10px;\">\n      <span style=\"color: white; font-weight: bold;\">\u27a4<\/span>\n    <\/div>\n  <\/div>\n<\/a>\n\n\n\n<hr class=\"wp-block-separator has-alpha-channel-opacity\"\/>\n\n\n\n<h2 id='decora\u00e7\u00e3o-praiana'  class=\"wp-block-heading\">Decora\u00e7\u00e3o praiana<\/h2>\n\n\n\n<p>Decorar com estilo praiano \u00e9 mais do que adotar um tema \u2014 \u00e9 trazer para dentro de casa o bem-estar das f\u00e9rias eternas. \u00c9 um convite ao relaxamento, \u00e0 conex\u00e3o com a natureza e \u00e0 valoriza\u00e7\u00e3o da simplicidade elegante.<\/p>\n\n\n\n<p>Apostar em cores suaves, materiais naturais e objetos com alma transforma o lar em um ambiente acolhedor e inspirador. Com as inspira\u00e7\u00f5es e dicas certas, \u00e9 poss\u00edvel compor uma decora\u00e7\u00e3o praiana aut\u00eantica, que se adapta tanto a casas de praia quanto a apartamentos urbanos.<\/p>\n\n\n\n<hr class=\"wp-block-separator has-alpha-channel-opacity\"\/>\n\n\n\n<a href=\"https:\/\/1truenote.com\/en\/decoracao-esculturas-classicas-ideias\/\" style=\"text-decoration: none;\">\n  <div style=\"display: flex; justify-content: space-between; align-items: center; background: #d44a00; padding: 12px 20px; color: white; font-family: Arial, sans-serif;\">\n    <strong style=\"color: black;\">READ ALSO:<\/strong>\n    <span style=\"margin-left: 8px; flex: 1;\">Decora\u00e7\u00e3o com esculturas cl\u00e1ssicas<\/span>\n    <div style=\"background: #f2802f; padding: 8px 12px; border-radius: 2px; margin-left: 10px;\">\n      <span style=\"color: white; font-weight: bold;\">\u27a4<\/span>\n    <\/div>\n  <\/div>\n<\/a>\n\n\n\n\n<hr class=\"wp-block-separator has-alpha-channel-opacity\"\/>\n\n\n\n<h2 id='faq-sobre-decora\u00e7\u00e3o-praiana'  class=\"wp-block-heading\">FAQ sobre decora\u00e7\u00e3o praiana<\/h2>\n\n\n<div id=\"rank-math-faq\" class=\"rank-math-block\">\n<div class=\"rank-math-list\">\n<div id=\"faq-question-1758290961149\" class=\"rank-math-list-item\">\n<h3 id='qual-\u00e9-a-diferen\u00e7a-entre-decora\u00e7\u00e3o-praiana-e-estilo-n\u00e1utico'  class=\"rank-math-question\">Qual \u00e9 a diferen\u00e7a entre decora\u00e7\u00e3o praiana e estilo n\u00e1utico?<\/h3>\n<div class=\"rank-math-answer\">\n\n<p>Enquanto a decora\u00e7\u00e3o praiana foca na leveza e naturalidade das casas litor\u00e2neas, o estilo n\u00e1utico \u00e9 mais literal e tem\u00e1tico, com \u00e2ncoras, cordas, listras azuis e vermelhas.<\/p>\n\n<\/div>\n<\/div>\n<div id=\"faq-question-1758290961969\" class=\"rank-math-list-item\">\n<h3 id='posso-usar-o-estilo-praiano-em-apartamentos-urbanos'  class=\"rank-math-question\">Posso usar o estilo praiano em apartamentos urbanos?<\/h3>\n<div class=\"rank-math-answer\">\n\n<p>Sim! Basta adaptar os elementos: priorize cores claras, tecidos leves e alguns detalhes que remetam \u00e0 natureza litor\u00e2nea.<\/p>\n\n<\/div>\n<\/div>\n<div id=\"faq-question-1758290962921\" class=\"rank-math-list-item\">\n<h3 id='quais-plantas-combinam-com-esse-tipo-de-decora\u00e7\u00e3o'  class=\"rank-math-question\">Quais plantas combinam com esse tipo de decora\u00e7\u00e3o?<\/h3>\n<div class=\"rank-math-answer\">\n\n<p>Costela-de-ad\u00e3o, palmeiras, jiboias e at\u00e9 arranjos secos como capim-dos-pampas harmonizam perfeitamente com a proposta.<\/p>\n\n<\/div>\n<\/div>\n<div id=\"faq-question-1758290963399\" class=\"rank-math-list-item\">\n<h3 id='\u00e9-poss\u00edvel-unir-o-estilo-praiano-com-outros-estilos'  class=\"rank-math-question\">\u00c9 poss\u00edvel unir o estilo praiano com outros estilos?<\/h3>\n<div class=\"rank-math-answer\">\n\n<p>Com certeza. Ele combina bem com o boho, o escandinavo e at\u00e9 com toques r\u00fasticos.<\/p>\n\n<\/div>\n<\/div>\n<div id=\"faq-question-1758291013864\" class=\"rank-math-list-item\">\n<h3 id='preciso-usar-elementos-azuis'  class=\"rank-math-question\">Preciso usar elementos azuis?<\/h3>\n<div class=\"rank-math-answer\">\n\n<p>N\u00e3o necessariamente. Apesar do azul ser tradicional no estilo coastal, tons areia, branco, verde-claro e amadeirado tamb\u00e9m funcionam perfeitamente.<\/p>\n\n<\/div>\n<\/div>\n<\/div>\n<\/div>\n\n\n<figure class=\"wp-block-image aligncenter size-large\"><img data-recalc-dims=\"1\" decoding=\"async\" width=\"1024\" height=\"683\" src=\"https:\/\/i0.wp.com\/1truenote.com\/wp-content\/uploads\/2025\/09\/20250919_1118_Hall-Praiano-Sofisticado_simple_compose_01k5h5cm10e298weph9yzcm3dy.png?resize=1024%2C683&#038;ssl=1\" alt=\"decora\u00e7\u00e3o praiana\" class=\"wp-image-4201\" srcset=\"https:\/\/i0.wp.com\/1truenote.com\/wp-content\/uploads\/2025\/09\/20250919_1118_Hall-Praiano-Sofisticado_simple_compose_01k5h5cm10e298weph9yzcm3dy.png?resize=1024%2C683&amp;ssl=1 1024w, https:\/\/i0.wp.com\/1truenote.com\/wp-content\/uploads\/2025\/09\/20250919_1118_Hall-Praiano-Sofisticado_simple_compose_01k5h5cm10e298weph9yzcm3dy.png?resize=300%2C200&amp;ssl=1 300w, https:\/\/i0.wp.com\/1truenote.com\/wp-content\/uploads\/2025\/09\/20250919_1118_Hall-Praiano-Sofisticado_simple_compose_01k5h5cm10e298weph9yzcm3dy.png?resize=768%2C512&amp;ssl=1 768w, https:\/\/i0.wp.com\/1truenote.com\/wp-content\/uploads\/2025\/09\/20250919_1118_Hall-Praiano-Sofisticado_simple_compose_01k5h5cm10e298weph9yzcm3dy.png?resize=18%2C12&amp;ssl=1 18w, https:\/\/i0.wp.com\/1truenote.com\/wp-content\/uploads\/2025\/09\/20250919_1118_Hall-Praiano-Sofisticado_simple_compose_01k5h5cm10e298weph9yzcm3dy.png?resize=150%2C100&amp;ssl=1 150w, https:\/\/i0.wp.com\/1truenote.com\/wp-content\/uploads\/2025\/09\/20250919_1118_Hall-Praiano-Sofisticado_simple_compose_01k5h5cm10e298weph9yzcm3dy.png?w=1536&amp;ssl=1 1536w\" sizes=\"(max-width: 1024px) 100vw, 1024px\" \/><\/figure>","protected":false},"excerpt":{"rendered":"<p>A decora\u00e7\u00e3o praiana \u00e9 um estilo que remete ao frescor, leveza e tranquilidade das casas \u00e0 beira-mar. Combinando materiais naturais,&#8230;<\/p>","protected":false},"author":1,"featured_media":4201,"comment_status":"open","ping_status":"open","sticky":false,"template":"","format":"standard","meta":{"_kad_post_transparent":"","_kad_post_title":"","_kad_post_layout":"","_kad_post_sidebar_id":"","_kad_post_content_style":"","_kad_post_vertical_padding":"","_kad_post_feature":"","_kad_post_feature_position":"","_kad_post_header":false,"_kad_post_footer":false,"_kad_post_classname":"","footnotes":"","jetpack_publicize_message":"","jetpack_publicize_feature_enabled":false,"jetpack_social_post_already_shared":true,"jetpack_social_options":{"image_generator_settings":{"template":"highway","default_image_id":0,"font":"","enabled":false},"version":2}},"categories":[16],"tags":[14,185,12],"class_list":["post-4200","post","type-post","status-publish","format-standard","has-post-thumbnail","hentry","category-casa-e-jardim","tag-interiores-inovadores","tag-praia","tag-projetos-inovadores"],"jetpack_publicize_connections":[],"jetpack_featured_media_url":"https:\/\/i0.wp.com\/1truenote.com\/wp-content\/uploads\/2025\/09\/20250919_1118_Hall-Praiano-Sofisticado_simple_compose_01k5h5cm10e298weph9yzcm3dy.png?fit=1536%2C1024&ssl=1","jetpack_sharing_enabled":true,"_links":{"self":[{"href":"https:\/\/1truenote.com\/en\/wp-json\/wp\/v2\/posts\/4200","targetHints":{"allow":["GET"]}}],"collection":[{"href":"https:\/\/1truenote.com\/en\/wp-json\/wp\/v2\/posts"}],"about":[{"href":"https:\/\/1truenote.com\/en\/wp-json\/wp\/v2\/types\/post"}],"author":[{"embeddable":true,"href":"https:\/\/1truenote.com\/en\/wp-json\/wp\/v2\/users\/1"}],"replies":[{"embeddable":true,"href":"https:\/\/1truenote.com\/en\/wp-json\/wp\/v2\/comments?post=4200"}],"version-history":[{"count":1,"href":"https:\/\/1truenote.com\/en\/wp-json\/wp\/v2\/posts\/4200\/revisions"}],"predecessor-version":[{"id":4203,"href":"https:\/\/1truenote.com\/en\/wp-json\/wp\/v2\/posts\/4200\/revisions\/4203"}],"wp:featuredmedia":[{"embeddable":true,"href":"https:\/\/1truenote.com\/en\/wp-json\/wp\/v2\/media\/4201"}],"wp:attachment":[{"href":"https:\/\/1truenote.com\/en\/wp-json\/wp\/v2\/media?parent=4200"}],"wp:term":[{"taxonomy":"category","embeddable":true,"href":"https:\/\/1truenote.com\/en\/wp-json\/wp\/v2\/categories?post=4200"},{"taxonomy":"post_tag","embeddable":true,"href":"https:\/\/1truenote.com\/en\/wp-json\/wp\/v2\/tags?post=4200"}],"curies":[{"name":"wp","href":"https:\/\/api.w.org\/{rel}","templated":true}]}}