{"id":4189,"date":"2025-09-18T16:00:00","date_gmt":"2025-09-18T19:00:00","guid":{"rendered":"https:\/\/1truenote.com\/?p=4189"},"modified":"2025-09-26T12:49:07","modified_gmt":"2025-09-26T15:49:07","slug":"aparador-de-luxo-ideias","status":"publish","type":"post","link":"https:\/\/1truenote.com\/en\/aparador-de-luxo-ideias\/","title":{"rendered":"Aparador de luxo: O m\u00f3vel curinga que traz sofistica\u00e7\u00e3o sem esfor\u00e7o"},"content":{"rendered":"<p>Sabe aquele espa\u00e7o da casa que parece que t\u00e1 faltando alguma coisa? \u00c0s vezes n\u00e3o \u00e9 uma parede nova, nem uma reforma \u2014 \u00e9 s\u00f3 um aparador de luxo bem posicionado. Esse tipo de m\u00f3vel tem o poder de elevar o ambiente de forma elegante, sem exageros. Ele \u00e9 vers\u00e1til, \u00fatil e, quando bem escolhido, se transforma no destaque da decora\u00e7\u00e3o.<\/p>\n\n\n\n<p>E n\u00e3o pense que o luxo aqui significa apenas pre\u00e7o alto. Luxo \u00e9 propor\u00e7\u00e3o, acabamento, material bem escolhido e, claro, aquele detalhe que chama a aten\u00e7\u00e3o com classe. Bora l\u00e1!<\/p>\n\n\n\n<hr class=\"wp-block-separator has-alpha-channel-opacity\"\/>\n\n\n\n<h2 id='por-que-o-aparador-de-luxo-faz-tanta-diferen\u00e7a-na-decora\u00e7\u00e3o'  class=\"wp-block-heading\">Por que o aparador de luxo faz tanta diferen\u00e7a na decora\u00e7\u00e3o<\/h2>\n\n\n\n<p>O aparador \u00e9 uma pe\u00e7a democr\u00e1tica: funciona no hall, no corredor, atr\u00e1s do sof\u00e1 ou at\u00e9 como barzinho chique. Mas quando falamos em aparador de luxo, falamos de uma pe\u00e7a que vai al\u00e9m da fun\u00e7\u00e3o \u2014 ela impressiona.<\/p>\n\n\n\n<p>Esse tipo de m\u00f3vel traz:<\/p>\n\n\n\n<ul class=\"wp-block-list\">\n<li>Equil\u00edbrio visual, conectando elementos do ambiente<\/li>\n\n\n\n<li>Sofistica\u00e7\u00e3o sem pesar, j\u00e1 que \u00e9 discreto por natureza<\/li>\n\n\n\n<li>Praticidade: d\u00e1 apoio para objetos decorativos, lumin\u00e1rias e at\u00e9 organiza\u00e7\u00e3o<\/li>\n\n\n\n<li>Sensa\u00e7\u00e3o de espa\u00e7o bem resolvido<\/li>\n<\/ul>\n\n\n\n<p>Um bom aparador de luxo n\u00e3o se imp\u00f5e. Ele se insinua com eleg\u00e2ncia, fazendo com que tudo ao redor pare\u00e7a mais bonito.<\/p>\n\n\n\n<hr class=\"wp-block-separator has-alpha-channel-opacity\"\/>\n\n\n\n<h2 id='estilos-que-valorizam-ainda-mais-o-aparador-de-luxo'  class=\"wp-block-heading\">Estilos que valorizam ainda mais o aparador de luxo<\/h2>\n\n\n\n<p>N\u00e3o importa se seu estilo \u00e9 mais cl\u00e1ssico ou moderno \u2014 existe um aparador de luxo perfeito esperando para se encaixar. O segredo \u00e9 respeitar a linguagem visual da sua casa. Aqui v\u00e3o alguns estilos que fazem sucesso:<\/p>\n\n\n\n<ul class=\"wp-block-list\">\n<li><strong>Cl\u00e1ssico refinado<\/strong>: com entalhes discretos, madeira escura e acabamento polido<\/li>\n\n\n\n<li><strong>Contempor\u00e2neo minimalista<\/strong>: linhas retas, acabamento fosco, cores neutras<\/li>\n\n\n\n<li><strong>Art d\u00e9co glam<\/strong>: brilho, espelhos, base met\u00e1lica dourada ou cobre<\/li>\n\n\n\n<li><strong>Org\u00e2nico natural<\/strong>: madeira clara, curvas suaves, textura fosca e materiais crus<\/li>\n<\/ul>\n\n\n\n<hr class=\"wp-block-separator has-alpha-channel-opacity\"\/>\n\n\n\n<h2 id='onde-usar-o-aparador-de-luxo-sem-errar'  class=\"wp-block-heading\">Onde usar o aparador de luxo sem errar<\/h2>\n\n\n\n<p>O lugar ideal depende da proposta, mas alguns pontos s\u00e3o certeiros:<\/p>\n\n\n\n<ul class=\"wp-block-list\">\n<li><strong>Hall de entrada<\/strong>: o cl\u00e1ssico \u201cprimeira impress\u00e3o \u00e9 a que fica\u201d<\/li>\n\n\n\n<li><strong>Corredores largos<\/strong>: d\u00e3o fun\u00e7\u00e3o a um espa\u00e7o que costuma ser s\u00f3 passagem<\/li>\n\n\n\n<li><strong>Atr\u00e1s do sof\u00e1<\/strong>: cria divis\u00e3o leve entre ambientes integrados<\/li>\n\n\n\n<li><strong>Sala de jantar<\/strong>: funciona como apoio para servir ou expor pe\u00e7as elegantes<\/li>\n\n\n\n<li><strong>Quarto ou closet<\/strong>: vers\u00e3o mais baixa pode servir como penteadeira ou apoio<\/li>\n<\/ul>\n\n\n\n<hr class=\"wp-block-separator has-alpha-channel-opacity\"\/>\n\n\n\n<figure class=\"wp-block-image aligncenter size-large\"><img data-recalc-dims=\"1\" fetchpriority=\"high\" decoding=\"async\" width=\"1024\" height=\"683\" src=\"https:\/\/i0.wp.com\/1truenote.com\/wp-content\/uploads\/2025\/09\/20250918_1410_Aparador-de-Luxo-Elegante_simple_compose_01k5ewsw46exjsthcac9hfxgt3.png?resize=1024%2C683&#038;ssl=1\" alt=\"Aparador-de-Luxo\" class=\"wp-image-4191\" srcset=\"https:\/\/i0.wp.com\/1truenote.com\/wp-content\/uploads\/2025\/09\/20250918_1410_Aparador-de-Luxo-Elegante_simple_compose_01k5ewsw46exjsthcac9hfxgt3.png?resize=1024%2C683&amp;ssl=1 1024w, https:\/\/i0.wp.com\/1truenote.com\/wp-content\/uploads\/2025\/09\/20250918_1410_Aparador-de-Luxo-Elegante_simple_compose_01k5ewsw46exjsthcac9hfxgt3.png?resize=300%2C200&amp;ssl=1 300w, https:\/\/i0.wp.com\/1truenote.com\/wp-content\/uploads\/2025\/09\/20250918_1410_Aparador-de-Luxo-Elegante_simple_compose_01k5ewsw46exjsthcac9hfxgt3.png?resize=768%2C512&amp;ssl=1 768w, https:\/\/i0.wp.com\/1truenote.com\/wp-content\/uploads\/2025\/09\/20250918_1410_Aparador-de-Luxo-Elegante_simple_compose_01k5ewsw46exjsthcac9hfxgt3.png?resize=18%2C12&amp;ssl=1 18w, https:\/\/i0.wp.com\/1truenote.com\/wp-content\/uploads\/2025\/09\/20250918_1410_Aparador-de-Luxo-Elegante_simple_compose_01k5ewsw46exjsthcac9hfxgt3.png?resize=150%2C100&amp;ssl=1 150w, https:\/\/i0.wp.com\/1truenote.com\/wp-content\/uploads\/2025\/09\/20250918_1410_Aparador-de-Luxo-Elegante_simple_compose_01k5ewsw46exjsthcac9hfxgt3.png?w=1536&amp;ssl=1 1536w\" sizes=\"(max-width: 1024px) 100vw, 1024px\" \/><\/figure>\n\n\n\n<hr class=\"wp-block-separator has-alpha-channel-opacity\"\/>\n\n\n\n<h2 id='como-escolher-o-aparador-ideal-al\u00e9m-da-beleza-funcionalidade'  class=\"wp-block-heading\">Como escolher o aparador ideal: Al\u00e9m da beleza, funcionalidade<\/h2>\n\n\n\n<p>Antes de cair de amores por um modelo, vale refletir:<\/p>\n\n\n\n<ul class=\"wp-block-list\">\n<li>Qual a fun\u00e7\u00e3o dele no ambiente?<\/li>\n\n\n\n<li>Precisa de gavetas ou prateleiras internas?<\/li>\n\n\n\n<li>O espa\u00e7o comporta um aparador largo ou melhor um mais esguio?<\/li>\n\n\n\n<li>Vai ficar contra parede clara ou escura? Com ou sem espelho?<\/li>\n<\/ul>\n\n\n\n<hr class=\"wp-block-separator has-alpha-channel-opacity\"\/>\n\n\n\n<h3 id='e-claro-o-material-muda-tudo-a-tabela-abaixo-ajuda-a-comparar-os-mais-usados-nos-modelos-de-luxo'  class=\"wp-block-heading\">E claro, o material muda tudo. A tabela abaixo ajuda a comparar os mais usados nos modelos de luxo:<\/h3>\n\n\n\n<figure class=\"wp-block-table\"><table class=\"has-fixed-layout\"><tbody><tr><th>Material<\/th><th>Visual<\/th><th>Cuidados<\/th><th>Combina com<\/th><\/tr><tr><td>M\u00e1rmore ou travertino<\/td><td>Sofisticado, imponente<\/td><td>Evitar impactos e manchas<\/td><td>Estilo cl\u00e1ssico e glam<\/td><\/tr><tr><td>Madeira nobre (nogal, carvalho)<\/td><td>Quente, acolhedor<\/td><td>Proteger da umidade<\/td><td>Org\u00e2nico ou r\u00fastico chique<\/td><\/tr><tr><td>Laca brilhante ou fosca<\/td><td>Uniforme, contempor\u00e2neo<\/td><td>Evitar riscos<\/td><td>Minimalista e moderno<\/td><\/tr><tr><td>Espelho ou vidro<\/td><td>Leveza visual<\/td><td>Limpeza frequente<\/td><td>Glam e art d\u00e9co<\/td><\/tr><tr><td>Metal escovado\/dourado<\/td><td>Toque luxuoso e moderno<\/td><td>Oxida\u00e7\u00e3o e arranh\u00f5es<\/td><td>Industrial sofisticado<\/td><\/tr><\/tbody><\/table><\/figure>\n\n\n\n<hr class=\"wp-block-separator has-alpha-channel-opacity\"\/>\n\n\n\n<figure class=\"wp-block-image aligncenter size-medium\"><a href=\"https:\/\/chat.whatsapp.com\/KJBkp5LFJVRIvmt5X3hSEh\" target=\"_blank\" rel=\"noopener\"><img decoding=\"async\" width=\"1024\" height=\"1536\" src=\"https:\/\/i0.wp.com\/1truenote.com\/wp-content\/uploads\/2025\/06\/ChatGPT-Image-3-de-jun.-de-2025-19_04_53.png?fit=200%2C300&amp;ssl=1\" alt=\"chamada banner advetorial whats\" class=\"wp-image-2683\" srcset=\"https:\/\/i0.wp.com\/1truenote.com\/wp-content\/uploads\/2025\/06\/ChatGPT-Image-3-de-jun.-de-2025-19_04_53.png?w=1024&amp;ssl=1 1024w, https:\/\/i0.wp.com\/1truenote.com\/wp-content\/uploads\/2025\/06\/ChatGPT-Image-3-de-jun.-de-2025-19_04_53.png?resize=200%2C300&amp;ssl=1 200w, https:\/\/i0.wp.com\/1truenote.com\/wp-content\/uploads\/2025\/06\/ChatGPT-Image-3-de-jun.-de-2025-19_04_53.png?resize=683%2C1024&amp;ssl=1 683w, https:\/\/i0.wp.com\/1truenote.com\/wp-content\/uploads\/2025\/06\/ChatGPT-Image-3-de-jun.-de-2025-19_04_53.png?resize=768%2C1152&amp;ssl=1 768w, https:\/\/i0.wp.com\/1truenote.com\/wp-content\/uploads\/2025\/06\/ChatGPT-Image-3-de-jun.-de-2025-19_04_53.png?resize=150%2C225&amp;ssl=1 150w\" sizes=\"(max-width: 1024px) 100vw, 1024px\" \/><\/a><\/figure>\n\n\n\n<hr class=\"wp-block-separator has-alpha-channel-opacity\"\/>\n\n\n\n<h2 id='dicas-certeiras-para-decorar-seu-aparador-com-eleg\u00e2ncia'  class=\"wp-block-heading\">Dicas certeiras para decorar seu aparador com eleg\u00e2ncia<\/h2>\n\n\n\n<p>O segredo \u00e9 equil\u00edbrio: poucos objetos, bem escolhidos. Nada de encher o tampo com miudezas que poluem visualmente. Algumas sugest\u00f5es:<\/p>\n\n\n\n<ul class=\"wp-block-list\">\n<li>Um vaso grande com folhagens ou flores secas<\/li>\n\n\n\n<li>Lumin\u00e1ria de mesa com design marcante<\/li>\n\n\n\n<li>Livros de arte empilhados com um objeto sobre eles<\/li>\n\n\n\n<li>Bandeja decorativa com perfumes ou bebidas<\/li>\n\n\n\n<li>Espelho ou quadro impactante ao fundo para destacar<\/li>\n<\/ul>\n\n\n\n<p>Ah! Se quiser criar altura, aposte em um arranjo vertical de um lado e um conjunto horizontal do outro. Fica harmonioso e moderno.<\/p>\n\n\n\n<hr class=\"wp-block-separator has-alpha-channel-opacity\"\/>\n\n\n\n<h2 id='evite-esses-erros-ao-usar-um-aparador-de-luxo'  class=\"wp-block-heading\">Evite esses erros ao usar um aparador de luxo<\/h2>\n\n\n\n<ul class=\"wp-block-list\">\n<li>Escolher um modelo grande demais para o espa\u00e7o (ou pequeno demais e ele \u201csome\u201d)<\/li>\n\n\n\n<li>Misturar estilos conflitantes entre m\u00f3vel e decora\u00e7\u00e3o<\/li>\n\n\n\n<li>Usar material sens\u00edvel em ambientes com pets ou crian\u00e7as pequenas<\/li>\n\n\n\n<li>Deixar o tampo vazio ou, ao contr\u00e1rio, lotado de objetos<\/li>\n\n\n\n<li>N\u00e3o pensar na ilumina\u00e7\u00e3o \u2014 um ponto de luz valorizando o aparador muda tudo!<\/li>\n<\/ul>\n\n\n\n<hr class=\"wp-block-separator has-alpha-channel-opacity\"\/>\n\n\n\n<a href=\"https:\/\/1truenote.com\/en\/sacada-verde-folhagens\/\" style=\"text-decoration: none;\">\n  <div style=\"display: flex; justify-content: space-between; align-items: center; background: #d44a00; padding: 12px 20px; color: white; font-family: Arial, sans-serif;\">\n    <strong style=\"color: black;\">READ ALSO:<\/strong>\n    <span style=\"margin-left: 8px; flex: 1;\">Sacada verde: Como criar um ref\u00fagio natural <\/span>\n    <div style=\"background: #f2802f; padding: 8px 12px; border-radius: 2px; margin-left: 10px;\">\n      <span style=\"color: white; font-weight: bold;\">\u27a4<\/span>\n    <\/div>\n  <\/div>\n<\/a>\n\n\n\n<hr class=\"wp-block-separator has-alpha-channel-opacity\"\/>\n\n\n\n<h2 id='luxo-que-n\u00e3o-grita-apenas-encanta'  class=\"wp-block-heading\">Luxo que n\u00e3o grita, apenas encanta<\/h2>\n\n\n\n<p>O aparador de luxo \u00e9 o tipo de pe\u00e7a que se imp\u00f5e pelo bom gosto. Ele n\u00e3o precisa ser chamativo para chamar aten\u00e7\u00e3o \u2014 basta estar no lugar certo, com o acabamento certo e a composi\u00e7\u00e3o certa.<\/p>\n\n\n\n<p>Seja num hall de entrada elegante ou num corredor antes sem gra\u00e7a, ele d\u00e1 prop\u00f3sito ao espa\u00e7o. E o melhor: \u00e9 uma pe\u00e7a que pode te acompanhar por anos, adaptando-se a mudan\u00e7as de decora\u00e7\u00e3o com facilidade.<\/p>\n\n\n\n<p>Se voc\u00ea quer investir em um m\u00f3vel que realmente transforme sem reformar, essa \u00e9 a aposta certa. Um aparador de luxo pode ser o detalhe que faltava para sua casa parecer capa de revista.<\/p>\n\n\n\n<hr class=\"wp-block-separator has-alpha-channel-opacity\"\/>\n\n\n\n<a href=\"https:\/\/1truenote.com\/en\/sacada-verde-folhagens\/\" style=\"text-decoration: none;\">\n  <div style=\"display: flex; justify-content: space-between; align-items: center; background: #d44a00; padding: 12px 20px; color: white; font-family: Arial, sans-serif;\">\n    <strong style=\"color: black;\">READ ALSO:<\/strong>\n    <span style=\"margin-left: 8px; flex: 1;\">Sacada verde: Como criar um ref\u00fagio natural <\/span>\n    <div style=\"background: #f2802f; padding: 8px 12px; border-radius: 2px; margin-left: 10px;\">\n      <span style=\"color: white; font-weight: bold;\">\u27a4<\/span>\n    <\/div>\n  <\/div>\n<\/a>\n\n\n\n\n<hr class=\"wp-block-separator has-alpha-channel-opacity\"\/>\n\n\n\n<h2 id='faq-d\u00favidas-frequentes-sobre-aparador-de-luxo'  class=\"wp-block-heading\">FAQ \u2014 D\u00favidas frequentes sobre aparador de luxo<\/h2>\n\n\n<div id=\"rank-math-faq\" class=\"rank-math-block\">\n<div class=\"rank-math-list\">\n<div id=\"faq-question-1758214987069\" class=\"rank-math-list-item\">\n<h3 id='qual-a-altura-ideal-de-um-aparador'  class=\"rank-math-question\">Qual a altura ideal de um aparador?<\/h3>\n<div class=\"rank-math-answer\">\n\n<p>Entre 75 e 90 cm costuma ser confort\u00e1vel para visual e uso pr\u00e1tico.<\/p>\n\n<\/div>\n<\/div>\n<div id=\"faq-question-1758214987812\" class=\"rank-math-list-item\">\n<h3 id='pode-ser-usado-atr\u00e1s-do-sof\u00e1'  class=\"rank-math-question\">Pode ser usado atr\u00e1s do sof\u00e1?<\/h3>\n<div class=\"rank-math-answer\">\n\n<p>Sim! Desde que respeite a altura do encosto e n\u00e3o atrapalhe a circula\u00e7\u00e3o.<\/p>\n\n<\/div>\n<\/div>\n<div id=\"faq-question-1758214988692\" class=\"rank-math-list-item\">\n<h3 id='aparador-precisa-combinar-com-o-restante-dos-m\u00f3veis'  class=\"rank-math-question\">Aparador precisa combinar com o restante dos m\u00f3veis?<\/h3>\n<div class=\"rank-math-answer\">\n\n<p>Precisa conversar, mas n\u00e3o ser id\u00eantico. O contraste elegante tamb\u00e9m funciona muito bem.<\/p>\n\n<\/div>\n<\/div>\n<div id=\"faq-question-1758214989373\" class=\"rank-math-list-item\">\n<h3 id='funciona-em-espa\u00e7os-pequenos'  class=\"rank-math-question\">Funciona em espa\u00e7os pequenos?<\/h3>\n<div class=\"rank-math-answer\">\n\n<p>Sim, desde que tenha profundidade reduzida (em torno de 30 cm) e n\u00e3o atrapalhe a passagem.<\/p>\n\n<\/div>\n<\/div>\n<div id=\"faq-question-1758214990068\" class=\"rank-math-list-item\">\n<h3 id='precisa-usar-espelho-acima'  class=\"rank-math-question\">Precisa usar espelho acima?<\/h3>\n<div class=\"rank-math-answer\">\n\n<p>N\u00e3o \u00e9 regra, mas espelhos ampliam o ambiente e valorizam o m\u00f3vel \u2014 \u00f3tima escolha!<\/p>\n\n<\/div>\n<\/div>\n<\/div>\n<\/div>\n\n\n<figure class=\"wp-block-image aligncenter size-full\"><img data-recalc-dims=\"1\" decoding=\"async\" width=\"1024\" height=\"1024\" src=\"https:\/\/i0.wp.com\/1truenote.com\/wp-content\/uploads\/2025\/09\/Gemini_Generated_Image_90k07w90k07w90k0.png?resize=1024%2C1024&#038;ssl=1\" alt=\"aparador de luxo\" class=\"wp-image-4190\" srcset=\"https:\/\/i0.wp.com\/1truenote.com\/wp-content\/uploads\/2025\/09\/Gemini_Generated_Image_90k07w90k07w90k0.png?w=1024&amp;ssl=1 1024w, https:\/\/i0.wp.com\/1truenote.com\/wp-content\/uploads\/2025\/09\/Gemini_Generated_Image_90k07w90k07w90k0.png?resize=300%2C300&amp;ssl=1 300w, https:\/\/i0.wp.com\/1truenote.com\/wp-content\/uploads\/2025\/09\/Gemini_Generated_Image_90k07w90k07w90k0.png?resize=150%2C150&amp;ssl=1 150w, https:\/\/i0.wp.com\/1truenote.com\/wp-content\/uploads\/2025\/09\/Gemini_Generated_Image_90k07w90k07w90k0.png?resize=768%2C768&amp;ssl=1 768w, https:\/\/i0.wp.com\/1truenote.com\/wp-content\/uploads\/2025\/09\/Gemini_Generated_Image_90k07w90k07w90k0.png?resize=12%2C12&amp;ssl=1 12w, https:\/\/i0.wp.com\/1truenote.com\/wp-content\/uploads\/2025\/09\/Gemini_Generated_Image_90k07w90k07w90k0.png?resize=96%2C96&amp;ssl=1 96w\" sizes=\"(max-width: 1024px) 100vw, 1024px\" \/><\/figure>","protected":false},"excerpt":{"rendered":"<p>Sabe aquele espa\u00e7o da casa que parece que t\u00e1 faltando alguma coisa? \u00c0s vezes n\u00e3o \u00e9 uma parede nova, nem&#8230;<\/p>","protected":false},"author":1,"featured_media":4190,"comment_status":"open","ping_status":"open","sticky":false,"template":"","format":"standard","meta":{"_kad_post_transparent":"","_kad_post_title":"","_kad_post_layout":"","_kad_post_sidebar_id":"","_kad_post_content_style":"","_kad_post_vertical_padding":"","_kad_post_feature":"","_kad_post_feature_position":"","_kad_post_header":false,"_kad_post_footer":false,"_kad_post_classname":"","footnotes":"","jetpack_publicize_message":"","jetpack_publicize_feature_enabled":false,"jetpack_social_post_already_shared":true,"jetpack_social_options":{"image_generator_settings":{"template":"highway","default_image_id":0,"font":"","enabled":false},"version":2}},"categories":[16,1],"tags":[11,14,183],"class_list":["post-4189","post","type-post","status-publish","format-standard","has-post-thumbnail","hentry","category-casa-e-jardim","category-novidades","tag-conforto-noturno","tag-interiores-inovadores","tag-luxo"],"jetpack_publicize_connections":[],"jetpack_featured_media_url":"https:\/\/i0.wp.com\/1truenote.com\/wp-content\/uploads\/2025\/09\/Gemini_Generated_Image_90k07w90k07w90k0.png?fit=1024%2C1024&ssl=1","jetpack_sharing_enabled":true,"_links":{"self":[{"href":"https:\/\/1truenote.com\/en\/wp-json\/wp\/v2\/posts\/4189","targetHints":{"allow":["GET"]}}],"collection":[{"href":"https:\/\/1truenote.com\/en\/wp-json\/wp\/v2\/posts"}],"about":[{"href":"https:\/\/1truenote.com\/en\/wp-json\/wp\/v2\/types\/post"}],"author":[{"embeddable":true,"href":"https:\/\/1truenote.com\/en\/wp-json\/wp\/v2\/users\/1"}],"replies":[{"embeddable":true,"href":"https:\/\/1truenote.com\/en\/wp-json\/wp\/v2\/comments?post=4189"}],"version-history":[{"count":1,"href":"https:\/\/1truenote.com\/en\/wp-json\/wp\/v2\/posts\/4189\/revisions"}],"predecessor-version":[{"id":4192,"href":"https:\/\/1truenote.com\/en\/wp-json\/wp\/v2\/posts\/4189\/revisions\/4192"}],"wp:featuredmedia":[{"embeddable":true,"href":"https:\/\/1truenote.com\/en\/wp-json\/wp\/v2\/media\/4190"}],"wp:attachment":[{"href":"https:\/\/1truenote.com\/en\/wp-json\/wp\/v2\/media?parent=4189"}],"wp:term":[{"taxonomy":"category","embeddable":true,"href":"https:\/\/1truenote.com\/en\/wp-json\/wp\/v2\/categories?post=4189"},{"taxonomy":"post_tag","embeddable":true,"href":"https:\/\/1truenote.com\/en\/wp-json\/wp\/v2\/tags?post=4189"}],"curies":[{"name":"wp","href":"https:\/\/api.w.org\/{rel}","templated":true}]}}