{"id":4168,"date":"2025-09-17T14:00:00","date_gmt":"2025-09-17T17:00:00","guid":{"rendered":"https:\/\/1truenote.com\/?p=4168"},"modified":"2025-09-17T12:34:52","modified_gmt":"2025-09-17T15:34:52","slug":"decoracao-apartamento-garden","status":"publish","type":"post","link":"https:\/\/1truenote.com\/en\/decoracao-apartamento-garden\/","title":{"rendered":"Decora\u00e7\u00e3o de apartamento garden: Dicas, inspira\u00e7\u00f5es e tend\u00eancias"},"content":{"rendered":"<p>Decora\u00e7\u00e3o apartamento garden. O apartamento Garden \u00e9 um sonho para quem deseja a praticidade de um apartamento com o charme de um espa\u00e7o externo. Esse tipo de im\u00f3vel, geralmente no t\u00e9rreo, possui \u00e1reas abertas que podem ser transformadas em jardins, varandas gourmet ou espa\u00e7os de lazer.<\/p>\n\n\n\n<p>A <strong>decora\u00e7\u00e3o de apartamento Garden<\/strong> \u00e9 uma oportunidade \u00fanica de criar ambientes integrados \u00e0 natureza, trazendo bem-estar e estilo para o dia a dia. Aqui voc\u00ea vai encontrar ideias, dicas e tend\u00eancias para valorizar cada metro quadrado do seu Garden.<\/p>\n\n\n\n<hr class=\"wp-block-separator has-alpha-channel-opacity\"\/>\n\n\n\n<h2 id='o-que-\u00e9-decora\u00e7\u00e3o-apartamento-garden'  class=\"wp-block-heading\">O que \u00e9 decora\u00e7\u00e3o apartamento garden?<\/h2>\n\n\n\n<p>O apartamento Garden \u00e9 uma unidade residencial localizada no t\u00e9rreo de edif\u00edcios, que conta com um espa\u00e7o aberto extra, como quintal, varanda estendida ou terra\u00e7o. Esse diferencial permite criar ambientes externos funcionais e aconchegantes, seja para relaxar, receber amigos ou at\u00e9 cultivar plantas. Vamos ver mais sobre decora\u00e7\u00e3o apartamento garden.<\/p>\n\n\n\n<hr class=\"wp-block-separator has-alpha-channel-opacity\"\/>\n\n\n\n<h2 id='benef\u00edcios-de-decorar-o-seu-garden'  class=\"wp-block-heading\">Benef\u00edcios de decorar o seu garden<\/h2>\n\n\n\n<ol class=\"wp-block-list\">\n<li><strong>Conex\u00e3o com a natureza<\/strong> \u2013 mais verde no dia a dia.<\/li>\n\n\n\n<li><strong>Ambiente para socializar<\/strong> \u2013 perfeito para reuni\u00f5es e jantares ao ar livre.<\/li>\n\n\n\n<li><strong>Valoriza\u00e7\u00e3o do im\u00f3vel<\/strong> \u2013 um Garden bem decorado aumenta o valor de mercado.<\/li>\n\n\n\n<li><strong>Qualidade de vida<\/strong> \u2013 contato com plantas e luz natural melhora o bem-estar.<\/li>\n<\/ol>\n\n\n\n<hr class=\"wp-block-separator has-alpha-channel-opacity\"\/>\n\n\n\n<h2 id='dicas-de-decora\u00e7\u00e3o-apartamento-garden'  class=\"wp-block-heading\">Dicas de decora\u00e7\u00e3o apartamento garden<\/h2>\n\n\n\n<h3 id='1-escolha-dos-m\u00f3veis'  class=\"wp-block-heading\">1. Escolha dos m\u00f3veis<\/h3>\n\n\n\n<p>Opte por m\u00f3veis resistentes ao tempo, como fibras sint\u00e9ticas, madeira tratada ou alum\u00ednio. Mesas dobr\u00e1veis, bancos com ba\u00fa e sof\u00e1s modulares s\u00e3o \u00f3timas op\u00e7\u00f5es.<\/p>\n\n\n\n<h3 id='2-plantas-e-paisagismo'  class=\"wp-block-heading\">2. Plantas e paisagismo<\/h3>\n\n\n\n<p>Crie um mini-jardim com vasos, hortas verticais e jardins suspensos. Prefira esp\u00e9cies resistentes como samambaias, suculentas e palmeiras de pequeno porte.<\/p>\n\n\n\n<h3 id='3-ilumina\u00e7\u00e3o-aconchegante'  class=\"wp-block-heading\">3. Ilumina\u00e7\u00e3o aconchegante<\/h3>\n\n\n\n<p>Invista em lumin\u00e1rias de piso, cord\u00f5es de luz e lanternas solares para criar um clima acolhedor \u00e0 noite.<\/p>\n\n\n\n<h3 id='4-cores-e-estilo'  class=\"wp-block-heading\">4. Cores e estilo<\/h3>\n\n\n\n<p>Escolha uma paleta de cores que harmonize com o restante do apartamento. Tons neutros com toques de verde e madeira s\u00e3o ideais para transmitir leveza.<\/p>\n\n\n\n<h3 id='5-espa\u00e7o-multifuncional'  class=\"wp-block-heading\">5. Espa\u00e7o multifuncional<\/h3>\n\n\n\n<p>Integre \u00e1reas para refei\u00e7\u00f5es, descanso e at\u00e9 trabalho remoto ao ar livre, aproveitando cada cantinho.<\/p>\n\n\n\n<hr class=\"wp-block-separator has-alpha-channel-opacity\"\/>\n\n\n\n<h2 id='tend\u00eancias-de-decora\u00e7\u00e3o-apartamento-garden'  class=\"wp-block-heading\">Tend\u00eancias de decora\u00e7\u00e3o apartamento garden<\/h2>\n\n\n\n<figure class=\"wp-block-table\"><table class=\"has-fixed-layout\"><thead><tr><th><strong>Tend\u00eancia<\/strong><\/th><th><strong>Descri\u00e7\u00e3o<\/strong><\/th><\/tr><\/thead><tbody><tr><td>Estilo Boho Chic<\/td><td>Uso de tapetes coloridos, almofadas estampadas e m\u00f3veis r\u00fasticos.<\/td><\/tr><tr><td>Minimalismo Verde<\/td><td>Poucos m\u00f3veis, foco em plantas e elementos naturais.<\/td><\/tr><tr><td>Garden Gourmet<\/td><td>Espa\u00e7o com churrasqueira, mesa grande e ilumina\u00e7\u00e3o para jantares.<\/td><\/tr><tr><td>Sustentabilidade<\/td><td>Reaproveitamento de materiais e uso de hortas urbanas.<\/td><\/tr><tr><td>Urban Jungle<\/td><td>Muitas plantas, vasos suspensos e sensa\u00e7\u00e3o de floresta em casa.<\/td><\/tr><\/tbody><\/table><\/figure>\n\n\n\n<hr class=\"wp-block-separator has-alpha-channel-opacity\"\/>\n\n\n\n<h2 id='inspira\u00e7\u00f5es-para-cada-tipo-de-garden'  class=\"wp-block-heading\">Inspira\u00e7\u00f5es para cada tipo de garden<\/h2>\n\n\n\n<ul class=\"wp-block-list\">\n<li><strong>Pequeno Garden:<\/strong> aposte em m\u00f3veis dobr\u00e1veis, hortas verticais e cores claras para ampliar o espa\u00e7o.<\/li>\n\n\n\n<li><strong>Garden Gourmet:<\/strong> use mesas grandes, banquetas e ilumina\u00e7\u00e3o aconchegante para receber convidados.<\/li>\n\n\n\n<li><strong>Garden Relax:<\/strong> redes, balan\u00e7os de fibra e futons no ch\u00e3o criam um espa\u00e7o relaxante.<\/li>\n\n\n\n<li><strong>Garden Multifuncional:<\/strong> mescle jardim, \u00e1rea de lazer e espa\u00e7o de trabalho ao ar livre.<\/li>\n<\/ul>\n\n\n\n<hr class=\"wp-block-separator has-alpha-channel-opacity\"\/>\n\n\n<div class=\"hostinger-affiliate-block-wrap\">\n            <div class=\"hostinger-affiliate-block-list-simple\">\n            <div class=\"hostinger-affiliate-block-list-simple__image\">\n                                        <a href=\"https:\/\/www.amazon.com.br\/dp\/B0BQWMSW71?tag=joaopedro047-20\" target=\"_blank\" rel=\"nofollow noopener noreferrer\">\n                            <img decoding=\"async\" src=\"https:\/\/m.media-amazon.com\/images\/I\/51tZvrIzrDL._AC_.jpg\" alt=\"Jardim Vertical Madeira 60 x 40 2 Unid + 4 Cachepots\">\n                        <\/a>\n                                <\/div>\n            <div class=\"hostinger-affiliate-block-list-simple__product-data\">\n                <div class=\"hostinger-affiliate-block-list-simple__product-info\">\n                                            <div class=\"hostinger-affiliate-block-list-simple__bestseller-label\">\n                                                        Bestseller #1                        <\/div>\n                                            <div class=\"hostinger-affiliate-block-list-simple__product-title\">\n                        <a href=\"https:\/\/www.amazon.com.br\/dp\/B0BQWMSW71?tag=joaopedro047-20\" target=\"_blank\" rel=\"nofollow noopener noreferrer\">\n                            <h3 id='jardim-vertical-madeira-60-x-40-2-unid-+-4-cachepots'>\n                                Jardim Vertical Madeira 60 x 40 2 Unid + 4 Cachepots                            <\/h3>\n                        <\/a>\n                    <\/div>\n                    <div class=\"hostinger-affiliate-block-list-simple__product-pricing\">\n                                                    <div class=\"hostinger-affiliate-block-list-simple__product-price\">\n                                R$118,35                            <\/div>\n                                                <\/div>\n                <\/div>\n                <div class=\"hostinger-affiliate-block-list-simple__product-actions\">\n                    <div>\n                        <a href=\"https:\/\/www.amazon.com.br\/dp\/B0BQWMSW71?tag=joaopedro047-20\" class=\"hostinger-affiliate-block-list-simple__product-amazon-button\" target=\"_blank\" rel=\"nofollow noopener noreferrer\">\n    Buy on Amazon<\/a>\n                    <\/div>\n                <\/div>\n            <\/div>\n        <\/div>\n                <div class=\"hostinger-affiliate-block-list-simple\">\n            <div class=\"hostinger-affiliate-block-list-simple__image\">\n                                        <a href=\"https:\/\/www.amazon.com.br\/dp\/B0C8JSXQ59?tag=joaopedro047-20\" target=\"_blank\" rel=\"nofollow noopener noreferrer\">\n                            <img decoding=\"async\" src=\"https:\/\/m.media-amazon.com\/images\/I\/51k+91gehfL.jpg\" alt=\"Jogo de Ferramentas P\/ Jardim Tramontina C\/ Cinto 8 P\u00e7 Cinza\">\n                        <\/a>\n                                <\/div>\n            <div class=\"hostinger-affiliate-block-list-simple__product-data\">\n                <div class=\"hostinger-affiliate-block-list-simple__product-info\">\n                                            <div class=\"hostinger-affiliate-block-list-simple__bestseller-label\">\n                                                        Bestseller #2                        <\/div>\n                                            <div class=\"hostinger-affiliate-block-list-simple__product-title\">\n                        <a href=\"https:\/\/www.amazon.com.br\/dp\/B0C8JSXQ59?tag=joaopedro047-20\" target=\"_blank\" rel=\"nofollow noopener noreferrer\">\n                            <h3 id='jogo-de-ferramentas-p-jardim-tramontina-c-cinto-8-p\u00e7-cinza'>\n                                Jogo de Ferramentas P\/ Jardim Tramontina C\/ Cinto 8 P\u00e7 Cinza                            <\/h3>\n                        <\/a>\n                    <\/div>\n                    <div class=\"hostinger-affiliate-block-list-simple__product-pricing\">\n                                                    <div class=\"hostinger-affiliate-block-list-simple__product-price\">\n                                R$113,91                            <\/div>\n                                                <\/div>\n                <\/div>\n                <div class=\"hostinger-affiliate-block-list-simple__product-actions\">\n                    <div>\n                        <a href=\"https:\/\/www.amazon.com.br\/dp\/B0C8JSXQ59?tag=joaopedro047-20\" class=\"hostinger-affiliate-block-list-simple__product-amazon-button\" target=\"_blank\" rel=\"nofollow noopener noreferrer\">\n    Buy on Amazon<\/a>\n                    <\/div>\n                <\/div>\n            <\/div>\n        <\/div>\n                <div class=\"hostinger-affiliate-block-list-simple\">\n            <div class=\"hostinger-affiliate-block-list-simple__image\">\n                                        <a href=\"https:\/\/www.amazon.com.br\/dp\/B0DDN33V2L?tag=joaopedro047-20\" target=\"_blank\" rel=\"nofollow noopener noreferrer\">\n                            <img decoding=\"async\" src=\"https:\/\/m.media-amazon.com\/images\/I\/3134XwUEMbL.jpg\" alt=\"Puff Flutuante para Piscina \u2013 Eco Flame Garden (Verde musgo)\">\n                        <\/a>\n                                <\/div>\n            <div class=\"hostinger-affiliate-block-list-simple__product-data\">\n                <div class=\"hostinger-affiliate-block-list-simple__product-info\">\n                                            <div class=\"hostinger-affiliate-block-list-simple__bestseller-label\">\n                                                        Bestseller #3                        <\/div>\n                                            <div class=\"hostinger-affiliate-block-list-simple__product-title\">\n                        <a href=\"https:\/\/www.amazon.com.br\/dp\/B0DDN33V2L?tag=joaopedro047-20\" target=\"_blank\" rel=\"nofollow noopener noreferrer\">\n                            <h3 id='puff-flutuante-para-piscina-eco-flame-garden-verde-musgo'>\n                                Puff Flutuante para Piscina \u2013 Eco Flame Garden (Verde musgo)                            <\/h3>\n                        <\/a>\n                    <\/div>\n                    <div class=\"hostinger-affiliate-block-list-simple__product-pricing\">\n                                                    <div class=\"hostinger-affiliate-block-list-simple__product-price\">\n                                R$2.749,00                            <\/div>\n                                                <\/div>\n                <\/div>\n                <div class=\"hostinger-affiliate-block-list-simple__product-actions\">\n                    <div>\n                        <a href=\"https:\/\/www.amazon.com.br\/dp\/B0DDN33V2L?tag=joaopedro047-20\" class=\"hostinger-affiliate-block-list-simple__product-amazon-button\" target=\"_blank\" rel=\"nofollow noopener noreferrer\">\n    Buy on Amazon<\/a>\n                    <\/div>\n                <\/div>\n            <\/div>\n        <\/div>\n                <div class=\"hostinger-affiliate-block-list-simple\">\n            <div class=\"hostinger-affiliate-block-list-simple__image\">\n                                        <a href=\"https:\/\/www.amazon.com.br\/dp\/B0DDN633MB?tag=joaopedro047-20\" target=\"_blank\" rel=\"nofollow noopener noreferrer\">\n                            <img decoding=\"async\" src=\"https:\/\/m.media-amazon.com\/images\/I\/210ej94aegL.jpg\" alt=\"Espregui\u00e7adeira de Jardim Puff Uni \u2013 Sof\u00e1 na Caixa By EcoFlame Ga...\">\n                        <\/a>\n                                <\/div>\n            <div class=\"hostinger-affiliate-block-list-simple__product-data\">\n                <div class=\"hostinger-affiliate-block-list-simple__product-info\">\n                                            <div class=\"hostinger-affiliate-block-list-simple__bestseller-label\">\n                                                        Bestseller #4                        <\/div>\n                                            <div class=\"hostinger-affiliate-block-list-simple__product-title\">\n                        <a href=\"https:\/\/www.amazon.com.br\/dp\/B0DDN633MB?tag=joaopedro047-20\" target=\"_blank\" rel=\"nofollow noopener noreferrer\">\n                            <h3 id='espregui\u00e7adeira-de-jardim-puff-uni-sof\u00e1-na-caixa-by-ecoflame-ga'>\n                                Espregui\u00e7adeira de Jardim Puff Uni \u2013 Sof\u00e1 na Caixa By EcoFlame Ga&#8230;                            <\/h3>\n                        <\/a>\n                    <\/div>\n                    <div class=\"hostinger-affiliate-block-list-simple__product-pricing\">\n                                                    <div class=\"hostinger-affiliate-block-list-simple__product-price\">\n                                R$3.249,00                            <\/div>\n                                                <\/div>\n                <\/div>\n                <div class=\"hostinger-affiliate-block-list-simple__product-actions\">\n                    <div>\n                        <a href=\"https:\/\/www.amazon.com.br\/dp\/B0DDN633MB?tag=joaopedro047-20\" class=\"hostinger-affiliate-block-list-simple__product-amazon-button\" target=\"_blank\" rel=\"nofollow noopener noreferrer\">\n    Buy on Amazon<\/a>\n                    <\/div>\n                <\/div>\n            <\/div>\n        <\/div>\n                <div class=\"hostinger-affiliate-block-list-simple\">\n            <div class=\"hostinger-affiliate-block-list-simple__image\">\n                                        <a href=\"https:\/\/www.amazon.com.br\/dp\/B0F4959CMN?tag=joaopedro047-20\" target=\"_blank\" rel=\"nofollow noopener noreferrer\">\n                            <img decoding=\"async\" src=\"https:\/\/m.media-amazon.com\/images\/I\/412TUG2+2sL.jpg\" alt=\"Suporte com Rodas Prato para Vasos 30cm Suporta at\u00e9 80kg - Top Ga...\">\n                        <\/a>\n                                <\/div>\n            <div class=\"hostinger-affiliate-block-list-simple__product-data\">\n                <div class=\"hostinger-affiliate-block-list-simple__product-info\">\n                                            <div class=\"hostinger-affiliate-block-list-simple__bestseller-label\">\n                                                        Bestseller #5                        <\/div>\n                                            <div class=\"hostinger-affiliate-block-list-simple__product-title\">\n                        <a href=\"https:\/\/www.amazon.com.br\/dp\/B0F4959CMN?tag=joaopedro047-20\" target=\"_blank\" rel=\"nofollow noopener noreferrer\">\n                            <h3 id='suporte-com-rodas-prato-para-vasos-30cm-suporta-at\u00e9-80kg-top-ga'>\n                                Suporte com Rodas Prato para Vasos 30cm Suporta at\u00e9 80kg &#8211; Top Ga&#8230;                            <\/h3>\n                        <\/a>\n                    <\/div>\n                    <div class=\"hostinger-affiliate-block-list-simple__product-pricing\">\n                                                    <div class=\"hostinger-affiliate-block-list-simple__product-price\">\n                                R$62,98                            <\/div>\n                                                <\/div>\n                <\/div>\n                <div class=\"hostinger-affiliate-block-list-simple__product-actions\">\n                    <div>\n                        <a href=\"https:\/\/www.amazon.com.br\/dp\/B0F4959CMN?tag=joaopedro047-20\" class=\"hostinger-affiliate-block-list-simple__product-amazon-button\" target=\"_blank\" rel=\"nofollow noopener noreferrer\">\n    Buy on Amazon<\/a>\n                    <\/div>\n                <\/div>\n            <\/div>\n        <\/div>\n                <div class=\"hostinger-affiliate-block-list-simple\">\n            <div class=\"hostinger-affiliate-block-list-simple__image\">\n                                        <a href=\"https:\/\/www.amazon.com.br\/dp\/B0BFJTQ8S3?tag=joaopedro047-20\" target=\"_blank\" rel=\"nofollow noopener noreferrer\">\n                            <img decoding=\"async\" src=\"https:\/\/m.media-amazon.com\/images\/I\/41AUXaqr0xL.jpg\" alt=\"Pergolado com Banco para Jardim 200 x 220 x 100 Cm Madeira Maci\u00e7a...\">\n                        <\/a>\n                                <\/div>\n            <div class=\"hostinger-affiliate-block-list-simple__product-data\">\n                <div class=\"hostinger-affiliate-block-list-simple__product-info\">\n                                            <div class=\"hostinger-affiliate-block-list-simple__bestseller-label\">\n                                                        Bestseller #6                        <\/div>\n                                            <div class=\"hostinger-affiliate-block-list-simple__product-title\">\n                        <a href=\"https:\/\/www.amazon.com.br\/dp\/B0BFJTQ8S3?tag=joaopedro047-20\" target=\"_blank\" rel=\"nofollow noopener noreferrer\">\n                            <h3 id='pergolado-com-banco-para-jardim-200-x-220-x-100-cm-madeira-maci\u00e7a'>\n                                Pergolado com Banco para Jardim 200 x 220 x 100 Cm Madeira Maci\u00e7a&#8230;                            <\/h3>\n                        <\/a>\n                    <\/div>\n                    <div class=\"hostinger-affiliate-block-list-simple__product-pricing\">\n                                                    <div class=\"hostinger-affiliate-block-list-simple__product-price\">\n                                R$2.537,00                            <\/div>\n                                                <\/div>\n                <\/div>\n                <div class=\"hostinger-affiliate-block-list-simple__product-actions\">\n                    <div>\n                        <a href=\"https:\/\/www.amazon.com.br\/dp\/B0BFJTQ8S3?tag=joaopedro047-20\" class=\"hostinger-affiliate-block-list-simple__product-amazon-button\" target=\"_blank\" rel=\"nofollow noopener noreferrer\">\n    Buy on Amazon<\/a>\n                    <\/div>\n                <\/div>\n            <\/div>\n        <\/div>\n                <div class=\"hostinger-affiliate-block-list-simple\">\n            <div class=\"hostinger-affiliate-block-list-simple__image\">\n                                        <a href=\"https:\/\/www.amazon.com.br\/dp\/B07N1TSLX5?tag=joaopedro047-20\" target=\"_blank\" rel=\"nofollow noopener noreferrer\">\n                            <img decoding=\"async\" src=\"https:\/\/m.media-amazon.com\/images\/I\/41w60QBe1QL.jpg\" alt=\"Cedro Rosa Conjunto 4 Pe\u00e7as Madeira Maci\u00e7a Santorini\">\n                        <\/a>\n                                <\/div>\n            <div class=\"hostinger-affiliate-block-list-simple__product-data\">\n                <div class=\"hostinger-affiliate-block-list-simple__product-info\">\n                                            <div class=\"hostinger-affiliate-block-list-simple__bestseller-label\">\n                                                        Bestseller #7                        <\/div>\n                                            <div class=\"hostinger-affiliate-block-list-simple__product-title\">\n                        <a href=\"https:\/\/www.amazon.com.br\/dp\/B07N1TSLX5?tag=joaopedro047-20\" target=\"_blank\" rel=\"nofollow noopener noreferrer\">\n                            <h3 id='cedro-rosa-conjunto-4-pe\u00e7as-madeira-maci\u00e7a-santorini'>\n                                Cedro Rosa Conjunto 4 Pe\u00e7as Madeira Maci\u00e7a Santorini                            <\/h3>\n                        <\/a>\n                    <\/div>\n                    <div class=\"hostinger-affiliate-block-list-simple__product-pricing\">\n                                                    <div class=\"hostinger-affiliate-block-list-simple__product-price\">\n                                R$1.089,90                            <\/div>\n                                                <\/div>\n                <\/div>\n                <div class=\"hostinger-affiliate-block-list-simple__product-actions\">\n                    <div>\n                        <a href=\"https:\/\/www.amazon.com.br\/dp\/B07N1TSLX5?tag=joaopedro047-20\" class=\"hostinger-affiliate-block-list-simple__product-amazon-button\" target=\"_blank\" rel=\"nofollow noopener noreferrer\">\n    Buy on Amazon<\/a>\n                    <\/div>\n                <\/div>\n            <\/div>\n        <\/div>\n                <div class=\"hostinger-affiliate-block-list-simple\">\n            <div class=\"hostinger-affiliate-block-list-simple__image\">\n                                        <a href=\"https:\/\/www.amazon.com.br\/dp\/B0DSC4X5X7?tag=joaopedro047-20\" target=\"_blank\" rel=\"nofollow noopener noreferrer\">\n                            <img decoding=\"async\" src=\"https:\/\/m.media-amazon.com\/images\/I\/510Xb1AigFL.jpg\" alt=\"Rede de sombra, Toldo para Area Externa, Toldo Retratil para Area...\">\n                        <\/a>\n                                <\/div>\n            <div class=\"hostinger-affiliate-block-list-simple__product-data\">\n                <div class=\"hostinger-affiliate-block-list-simple__product-info\">\n                                            <div class=\"hostinger-affiliate-block-list-simple__bestseller-label\">\n                                                        Bestseller #8                        <\/div>\n                                            <div class=\"hostinger-affiliate-block-list-simple__product-title\">\n                        <a href=\"https:\/\/www.amazon.com.br\/dp\/B0DSC4X5X7?tag=joaopedro047-20\" target=\"_blank\" rel=\"nofollow noopener noreferrer\">\n                            <h3 id='rede-de-sombra-toldo-para-area-externa-toldo-retratil-para-area'>\n                                Rede de sombra, Toldo para Area Externa, Toldo Retratil para Area&#8230;                            <\/h3>\n                        <\/a>\n                    <\/div>\n                    <div class=\"hostinger-affiliate-block-list-simple__product-pricing\">\n                                                    <div class=\"hostinger-affiliate-block-list-simple__product-price\">\n                                R$219,99                            <\/div>\n                                                <\/div>\n                <\/div>\n                <div class=\"hostinger-affiliate-block-list-simple__product-actions\">\n                    <div>\n                        <a href=\"https:\/\/www.amazon.com.br\/dp\/B0DSC4X5X7?tag=joaopedro047-20\" class=\"hostinger-affiliate-block-list-simple__product-amazon-button\" target=\"_blank\" rel=\"nofollow noopener noreferrer\">\n    Buy on Amazon<\/a>\n                    <\/div>\n                <\/div>\n            <\/div>\n        <\/div>\n                <div class=\"hostinger-affiliate-block-list-simple\">\n            <div class=\"hostinger-affiliate-block-list-simple__image\">\n                                        <a href=\"https:\/\/www.amazon.com.br\/dp\/B085QM9869?tag=joaopedro047-20\" target=\"_blank\" rel=\"nofollow noopener noreferrer\">\n                            <img decoding=\"async\" src=\"https:\/\/m.media-amazon.com\/images\/I\/31R-5BDKVmL.jpg\" alt=\"Pendente Vintage Cobre Colonial Externo Pergolado Acl95\">\n                        <\/a>\n                                <\/div>\n            <div class=\"hostinger-affiliate-block-list-simple__product-data\">\n                <div class=\"hostinger-affiliate-block-list-simple__product-info\">\n                                            <div class=\"hostinger-affiliate-block-list-simple__bestseller-label\">\n                                                        Bestseller #9                        <\/div>\n                                            <div class=\"hostinger-affiliate-block-list-simple__product-title\">\n                        <a href=\"https:\/\/www.amazon.com.br\/dp\/B085QM9869?tag=joaopedro047-20\" target=\"_blank\" rel=\"nofollow noopener noreferrer\">\n                            <h3 id='pendente-vintage-cobre-colonial-externo-pergolado-acl95'>\n                                Pendente Vintage Cobre Colonial Externo Pergolado Acl95                            <\/h3>\n                        <\/a>\n                    <\/div>\n                    <div class=\"hostinger-affiliate-block-list-simple__product-pricing\">\n                                                    <div class=\"hostinger-affiliate-block-list-simple__product-price\">\n                                R$53,00                            <\/div>\n                                                <\/div>\n                <\/div>\n                <div class=\"hostinger-affiliate-block-list-simple__product-actions\">\n                    <div>\n                        <a href=\"https:\/\/www.amazon.com.br\/dp\/B085QM9869?tag=joaopedro047-20\" class=\"hostinger-affiliate-block-list-simple__product-amazon-button\" target=\"_blank\" rel=\"nofollow noopener noreferrer\">\n    Buy on Amazon<\/a>\n                    <\/div>\n                <\/div>\n            <\/div>\n        <\/div>\n                <div class=\"hostinger-affiliate-block-list-simple\">\n            <div class=\"hostinger-affiliate-block-list-simple__image\">\n                                        <a href=\"https:\/\/www.amazon.com.br\/dp\/B07SNF5KQN?tag=joaopedro047-20\" target=\"_blank\" rel=\"nofollow noopener noreferrer\">\n                            <img decoding=\"async\" src=\"https:\/\/m.media-amazon.com\/images\/I\/619PBE7tKIL.jpg\" alt=\"Cadeira balan\u00e7o Pendurada corda N\u00e1utica Cor rami\">\n                        <\/a>\n                                <\/div>\n            <div class=\"hostinger-affiliate-block-list-simple__product-data\">\n                <div class=\"hostinger-affiliate-block-list-simple__product-info\">\n                                            <div class=\"hostinger-affiliate-block-list-simple__bestseller-label\">\n                                                        Bestseller #10                        <\/div>\n                                            <div class=\"hostinger-affiliate-block-list-simple__product-title\">\n                        <a href=\"https:\/\/www.amazon.com.br\/dp\/B07SNF5KQN?tag=joaopedro047-20\" target=\"_blank\" rel=\"nofollow noopener noreferrer\">\n                            <h3 id='cadeira-balan\u00e7o-pendurada-corda-n\u00e1utica-cor-rami'>\n                                Cadeira balan\u00e7o Pendurada corda N\u00e1utica Cor rami                            <\/h3>\n                        <\/a>\n                    <\/div>\n                    <div class=\"hostinger-affiliate-block-list-simple__product-pricing\">\n                                                    <div class=\"hostinger-affiliate-block-list-simple__product-price\">\n                                R$1.599,00                            <\/div>\n                                                <\/div>\n                <\/div>\n                <div class=\"hostinger-affiliate-block-list-simple__product-actions\">\n                    <div>\n                        <a href=\"https:\/\/www.amazon.com.br\/dp\/B07SNF5KQN?tag=joaopedro047-20\" class=\"hostinger-affiliate-block-list-simple__product-amazon-button\" target=\"_blank\" rel=\"nofollow noopener noreferrer\">\n    Buy on Amazon<\/a>\n                    <\/div>\n                <\/div>\n            <\/div>\n        <\/div>\n                <div class=\"hostinger-affiliate-block-list-simple\">\n            <div class=\"hostinger-affiliate-block-list-simple__image\">\n                                        <a href=\"https:\/\/www.amazon.com.br\/dp\/B0D9J9L1QL?tag=joaopedro047-20\" target=\"_blank\" rel=\"nofollow noopener noreferrer\">\n                            <img decoding=\"async\" src=\"https:\/\/m.media-amazon.com\/images\/I\/51F88UsD5TL.jpg\" alt=\"Cadeira Balan\u00e7o Gota Ninho Fibra Sint\u00e9tica Alum\u00ednio Suspenso\">\n                        <\/a>\n                                <\/div>\n            <div class=\"hostinger-affiliate-block-list-simple__product-data\">\n                <div class=\"hostinger-affiliate-block-list-simple__product-info\">\n                                            <div class=\"hostinger-affiliate-block-list-simple__bestseller-label\">\n                                                        Bestseller #11                        <\/div>\n                                            <div class=\"hostinger-affiliate-block-list-simple__product-title\">\n                        <a href=\"https:\/\/www.amazon.com.br\/dp\/B0D9J9L1QL?tag=joaopedro047-20\" target=\"_blank\" rel=\"nofollow noopener noreferrer\">\n                            <h3 id='cadeira-balan\u00e7o-gota-ninho-fibra-sint\u00e9tica-alum\u00ednio-suspenso'>\n                                Cadeira Balan\u00e7o Gota Ninho Fibra Sint\u00e9tica Alum\u00ednio Suspenso                            <\/h3>\n                        <\/a>\n                    <\/div>\n                    <div class=\"hostinger-affiliate-block-list-simple__product-pricing\">\n                                                    <div class=\"hostinger-affiliate-block-list-simple__product-price\">\n                                R$950,00                            <\/div>\n                                                <\/div>\n                <\/div>\n                <div class=\"hostinger-affiliate-block-list-simple__product-actions\">\n                    <div>\n                        <a href=\"https:\/\/www.amazon.com.br\/dp\/B0D9J9L1QL?tag=joaopedro047-20\" class=\"hostinger-affiliate-block-list-simple__product-amazon-button\" target=\"_blank\" rel=\"nofollow noopener noreferrer\">\n    Buy on Amazon<\/a>\n                    <\/div>\n                <\/div>\n            <\/div>\n        <\/div>\n                <div class=\"hostinger-affiliate-block-list-simple\">\n            <div class=\"hostinger-affiliate-block-list-simple__image\">\n                                        <a href=\"https:\/\/www.amazon.com.br\/dp\/B0CGHP2166?tag=joaopedro047-20\" target=\"_blank\" rel=\"nofollow noopener noreferrer\">\n                            <img decoding=\"async\" src=\"https:\/\/m.media-amazon.com\/images\/I\/41Ah6i8rupL.jpg\" alt=\"HAPPYGRILL Cadeira de cesta de vime suspensa para varanda e p\u00e1tio...\">\n                        <\/a>\n                                <\/div>\n            <div class=\"hostinger-affiliate-block-list-simple__product-data\">\n                <div class=\"hostinger-affiliate-block-list-simple__product-info\">\n                                            <div class=\"hostinger-affiliate-block-list-simple__bestseller-label\">\n                                                        Bestseller #12                        <\/div>\n                                            <div class=\"hostinger-affiliate-block-list-simple__product-title\">\n                        <a href=\"https:\/\/www.amazon.com.br\/dp\/B0CGHP2166?tag=joaopedro047-20\" target=\"_blank\" rel=\"nofollow noopener noreferrer\">\n                            <h3 id='happygrill-cadeira-de-cesta-de-vime-suspensa-para-varanda-e-p\u00e1tio'>\n                                HAPPYGRILL Cadeira de cesta de vime suspensa para varanda e p\u00e1tio&#8230;                            <\/h3>\n                        <\/a>\n                    <\/div>\n                    <div class=\"hostinger-affiliate-block-list-simple__product-pricing\">\n                                                    <div class=\"hostinger-affiliate-block-list-simple__product-price\">\n                                R$1.412,16                            <\/div>\n                                                <\/div>\n                <\/div>\n                <div class=\"hostinger-affiliate-block-list-simple__product-actions\">\n                    <div>\n                        <a href=\"https:\/\/www.amazon.com.br\/dp\/B0CGHP2166?tag=joaopedro047-20\" class=\"hostinger-affiliate-block-list-simple__product-amazon-button\" target=\"_blank\" rel=\"nofollow noopener noreferrer\">\n    Buy on Amazon<\/a>\n                    <\/div>\n                <\/div>\n            <\/div>\n        <\/div>\n        <\/div>\n\n\n\n<hr class=\"wp-block-separator has-alpha-channel-opacity\"\/>\n\n\n\n<h2 id='como-decorar-um-garden-pequeno'  class=\"wp-block-heading\">Como decorar um garden pequeno<\/h2>\n\n\n\n<p>Decora\u00e7\u00e3o apartamento garden. Muitos apartamentos Garden possuem \u00e1reas compactas, mas isso n\u00e3o significa que n\u00e3o possam ser charmosos.<\/p>\n\n\n\n<h3 id='dicas-para-gardens-pequenos'  class=\"wp-block-heading\">Dicas para gardens pequenos:<\/h3>\n\n\n\n<ol class=\"wp-block-list\">\n<li>Use m\u00f3veis retr\u00e1teis ou empilh\u00e1veis.<\/li>\n\n\n\n<li>Instale prateleiras e suportes para plantas verticais.<\/li>\n\n\n\n<li>Utilize tapetes externos para delimitar ambientes.<\/li>\n\n\n\n<li>Cores claras ampliam a sensa\u00e7\u00e3o de espa\u00e7o.<\/li>\n<\/ol>\n\n\n\n<hr class=\"wp-block-separator has-alpha-channel-opacity\"\/>\n\n\n\n<figure class=\"wp-block-image aligncenter size-medium\"><a href=\"https:\/\/chat.whatsapp.com\/KJBkp5LFJVRIvmt5X3hSEh\" target=\"_blank\" rel=\"noopener\"><img fetchpriority=\"high\" decoding=\"async\" width=\"1024\" height=\"1536\" src=\"https:\/\/i0.wp.com\/1truenote.com\/wp-content\/uploads\/2025\/06\/ChatGPT-Image-3-de-jun.-de-2025-19_04_53.png?fit=200%2C300&amp;ssl=1\" alt=\"chamada banner advetorial whats\" class=\"wp-image-2683\" srcset=\"https:\/\/i0.wp.com\/1truenote.com\/wp-content\/uploads\/2025\/06\/ChatGPT-Image-3-de-jun.-de-2025-19_04_53.png?w=1024&amp;ssl=1 1024w, https:\/\/i0.wp.com\/1truenote.com\/wp-content\/uploads\/2025\/06\/ChatGPT-Image-3-de-jun.-de-2025-19_04_53.png?resize=200%2C300&amp;ssl=1 200w, https:\/\/i0.wp.com\/1truenote.com\/wp-content\/uploads\/2025\/06\/ChatGPT-Image-3-de-jun.-de-2025-19_04_53.png?resize=683%2C1024&amp;ssl=1 683w, https:\/\/i0.wp.com\/1truenote.com\/wp-content\/uploads\/2025\/06\/ChatGPT-Image-3-de-jun.-de-2025-19_04_53.png?resize=768%2C1152&amp;ssl=1 768w, https:\/\/i0.wp.com\/1truenote.com\/wp-content\/uploads\/2025\/06\/ChatGPT-Image-3-de-jun.-de-2025-19_04_53.png?resize=150%2C225&amp;ssl=1 150w\" sizes=\"(max-width: 1024px) 100vw, 1024px\" \/><\/a><\/figure>\n\n\n\n<hr class=\"wp-block-separator has-alpha-channel-opacity\"\/>\n\n\n\n<h2 id='tabela-o-que-n\u00e3o-pode-faltar-em-um-garden'  class=\"wp-block-heading\">Tabela: O que n\u00e3o pode faltar em um garden<\/h2>\n\n\n\n<figure class=\"wp-block-table\"><table class=\"has-fixed-layout\"><thead><tr><th><strong>Item<\/strong><\/th><th><strong>Fun\u00e7\u00e3o<\/strong><\/th><\/tr><\/thead><tbody><tr><td>M\u00f3veis resistentes<\/td><td>Garantem durabilidade mesmo em \u00e1reas externas<\/td><\/tr><tr><td>Plantas decorativas<\/td><td>Trazem frescor e beleza natural<\/td><\/tr><tr><td>Ilumina\u00e7\u00e3o aconchegante<\/td><td>Valoriza o espa\u00e7o durante a noite<\/td><\/tr><tr><td>Tapetes e almofadas<\/td><td>Conforto e estilo<\/td><\/tr><tr><td>Elementos de organiza\u00e7\u00e3o<\/td><td>Ba\u00fas, nichos e prateleiras otimizam espa\u00e7o<\/td><\/tr><\/tbody><\/table><\/figure>\n\n\n\n<hr class=\"wp-block-separator has-alpha-channel-opacity\"\/>\n\n\n\n<figure class=\"wp-block-image aligncenter size-large\"><img data-recalc-dims=\"1\" decoding=\"async\" width=\"1024\" height=\"683\" src=\"https:\/\/i0.wp.com\/1truenote.com\/wp-content\/uploads\/2025\/09\/ChatGPT-Image-17-de-set.-de-2025-12_34_15.png?resize=1024%2C683&#038;ssl=1\" alt=\"decora\u00e7\u00e3o apartamento garden\" class=\"wp-image-4169\" srcset=\"https:\/\/i0.wp.com\/1truenote.com\/wp-content\/uploads\/2025\/09\/ChatGPT-Image-17-de-set.-de-2025-12_34_15.png?resize=1024%2C683&amp;ssl=1 1024w, https:\/\/i0.wp.com\/1truenote.com\/wp-content\/uploads\/2025\/09\/ChatGPT-Image-17-de-set.-de-2025-12_34_15.png?resize=300%2C200&amp;ssl=1 300w, https:\/\/i0.wp.com\/1truenote.com\/wp-content\/uploads\/2025\/09\/ChatGPT-Image-17-de-set.-de-2025-12_34_15.png?resize=768%2C512&amp;ssl=1 768w, https:\/\/i0.wp.com\/1truenote.com\/wp-content\/uploads\/2025\/09\/ChatGPT-Image-17-de-set.-de-2025-12_34_15.png?resize=18%2C12&amp;ssl=1 18w, https:\/\/i0.wp.com\/1truenote.com\/wp-content\/uploads\/2025\/09\/ChatGPT-Image-17-de-set.-de-2025-12_34_15.png?resize=150%2C100&amp;ssl=1 150w, https:\/\/i0.wp.com\/1truenote.com\/wp-content\/uploads\/2025\/09\/ChatGPT-Image-17-de-set.-de-2025-12_34_15.png?w=1536&amp;ssl=1 1536w\" sizes=\"(max-width: 1024px) 100vw, 1024px\" \/><\/figure>\n\n\n\n<hr class=\"wp-block-separator has-alpha-channel-opacity\"\/>\n\n\n\n<h2 id='dicas-extras-para-transformar-seu-garden'  class=\"wp-block-heading\">Dicas extras para transformar seu garden<\/h2>\n\n\n\n<ul class=\"wp-block-list\">\n<li><strong>Horta caseira:<\/strong> plante temperos como manjeric\u00e3o, alecrim e hortel\u00e3.<\/li>\n\n\n\n<li><strong>Espelhos externos:<\/strong> ampliam a sensa\u00e7\u00e3o de espa\u00e7o.<\/li>\n\n\n\n<li><strong>Fontes de \u00e1gua pequenas:<\/strong> criam clima zen e relaxante.<\/li>\n\n\n\n<li><strong>Cortinas de corda ou bambu:<\/strong> d\u00e3o privacidade sem bloquear a ventila\u00e7\u00e3o.<\/li>\n<\/ul>\n\n\n\n<hr class=\"wp-block-separator has-alpha-channel-opacity\"\/>\n\n\n\n<a href=\"https:\/\/1truenote.com\/en\/espelhos-organicos-decoracao\/\" style=\"text-decoration: none;\">\n  <div style=\"display: flex; justify-content: space-between; align-items: center; background: #d44a00; padding: 12px 20px; color: white; font-family: Arial, sans-serif;\">\n    <strong style=\"color: black;\">READ ALSO:<\/strong>\n    <span style=\"margin-left: 8px; flex: 1;\">Espelhos org\u00e2nicos: Tend\u00eancia<\/span>\n    <div style=\"background: #f2802f; padding: 8px 12px; border-radius: 2px; margin-left: 10px;\">\n      <span style=\"color: white; font-weight: bold;\">\u27a4<\/span>\n    <\/div>\n  <\/div>\n<\/a>\n\n\n\n<hr class=\"wp-block-separator has-alpha-channel-opacity\"\/>\n\n\n\n<h2 id='decora\u00e7\u00e3o-apartamento-garden'  class=\"wp-block-heading\">Decora\u00e7\u00e3o apartamento garden<\/h2>\n\n\n\n<p>O apartamento Garden \u00e9 uma verdadeira extens\u00e3o do lar, permitindo que o conforto interno se misture \u00e0 beleza da \u00e1rea externa. Decorar esse espa\u00e7o \u00e9 mais do que uma quest\u00e3o est\u00e9tica: \u00e9 criar um ref\u00fagio para relaxar, socializar e se conectar com a natureza, mesmo em meio \u00e0 vida urbana.<\/p>\n\n\n\n<p>Seja um <strong>Garden compacto ou amplo<\/strong>, sempre existem solu\u00e7\u00f5es criativas para aproveit\u00e1-lo ao m\u00e1ximo. Desde m\u00f3veis funcionais at\u00e9 ilumina\u00e7\u00e3o acolhedora, passando pelo charme das plantas e das tend\u00eancias mais atuais, o Garden pode se transformar em um ambiente vers\u00e1til, aconchegante e cheio de estilo.<\/p>\n\n\n\n<p>Ao investir em uma decora\u00e7\u00e3o bem pensada, voc\u00ea n\u00e3o apenas valoriza seu im\u00f3vel, mas tamb\u00e9m conquista mais qualidade de vida e bem-estar no dia a dia. Afinal, cada detalhe desse espa\u00e7o conta uma hist\u00f3ria e refor\u00e7a a sensa\u00e7\u00e3o de que \u00e9 poss\u00edvel ter um pedacinho de natureza dentro de casa. Curtiu a decora\u00e7\u00e3o apartamento garden?<\/p>\n\n\n\n<hr class=\"wp-block-separator has-alpha-channel-opacity\"\/>\n\n\n\n<a href=\"https:\/\/1truenote.com\/en\/espelhos-organicos-decoracao\/\" style=\"text-decoration: none;\">\n  <div style=\"display: flex; justify-content: space-between; align-items: center; background: #d44a00; padding: 12px 20px; color: white; font-family: Arial, sans-serif;\">\n    <strong style=\"color: black;\">READ ALSO:<\/strong>\n    <span style=\"margin-left: 8px; flex: 1;\">Espelhos org\u00e2nicos: Tend\u00eancia<\/span>\n    <div style=\"background: #f2802f; padding: 8px 12px; border-radius: 2px; margin-left: 10px;\">\n      <span style=\"color: white; font-weight: bold;\">\u27a4<\/span>\n    <\/div>\n  <\/div>\n<\/a>\n\n\n\n\n<hr class=\"wp-block-separator has-alpha-channel-opacity\"\/>\n\n\n\n<h2 id='faq-perguntas-frequentes-sobre-decora\u00e7\u00e3o-apartamento-garden'  class=\"wp-block-heading\">FAQ \u2013 Perguntas frequentes sobre decora\u00e7\u00e3o apartamento garden<\/h2>\n\n\n<div id=\"rank-math-faq\" class=\"rank-math-block\">\n<div class=\"rank-math-list\">\n<div id=\"faq-question-1758122350755\" class=\"rank-math-list-item\">\n<h3 id='posso-usar-m\u00f3veis-de-madeira-no-meu-garden'  class=\"rank-math-question\">Posso usar m\u00f3veis de madeira no meu Garden?<\/h3>\n<div class=\"rank-math-answer\">\n\n<p>Sim, desde que sejam tratados para resistirem \u00e0 umidade e ao sol.<\/p>\n\n<\/div>\n<\/div>\n<div id=\"faq-question-1758122352810\" class=\"rank-math-list-item\">\n<h3 id='qual-tipo-de-planta-\u00e9-ideal-para-apartamentos-garden'  class=\"rank-math-question\">Qual tipo de planta \u00e9 ideal para apartamentos Garden?<\/h3>\n<div class=\"rank-math-answer\">\n\n<p>Suculentas, palmeiras de pequeno porte, samambaias e plantas pendentes s\u00e3o boas op\u00e7\u00f5es.<\/p>\n\n<\/div>\n<\/div>\n<div id=\"faq-question-1758122353696\" class=\"rank-math-list-item\">\n<h3 id='como-decorar-um-garden-pequeno-1'  class=\"rank-math-question\">Como decorar um Garden pequeno?<\/h3>\n<div class=\"rank-math-answer\">\n\n<p>Aposte em m\u00f3veis compactos, plantas suspensas e ilumina\u00e7\u00e3o leve para n\u00e3o sobrecarregar o espa\u00e7o.<\/p>\n\n<\/div>\n<\/div>\n<div id=\"faq-question-1758122354520\" class=\"rank-math-list-item\">\n<h3 id='\u00e9-poss\u00edvel-ter-uma-horta-em-apartamento-garden'  class=\"rank-math-question\">\u00c9 poss\u00edvel ter uma horta em apartamento Garden?<\/h3>\n<div class=\"rank-math-answer\">\n\n<p>Sim! Use vasos, jardineiras ou hortas verticais para cultivar temperos e ervas.<\/p>\n\n<\/div>\n<\/div>\n<div id=\"faq-question-1758122357932\" class=\"rank-math-list-item\">\n<h3 id='qual-estilo-combina-mais-com-garden'  class=\"rank-math-question\">Qual estilo combina mais com Garden?<\/h3>\n<div class=\"rank-math-answer\">\n\n<p>Depende do gosto pessoal. Os mais comuns s\u00e3o r\u00fastico, boho chic, minimalista e tropical.<\/p>\n\n<\/div>\n<\/div>\n<\/div>\n<\/div>\n\n\n<figure class=\"wp-block-image aligncenter size-large\"><img data-recalc-dims=\"1\" decoding=\"async\" width=\"1024\" height=\"683\" src=\"https:\/\/i0.wp.com\/1truenote.com\/wp-content\/uploads\/2025\/09\/ChatGPT-Image-17-de-set.-de-2025-12_34_15.png?resize=1024%2C683&#038;ssl=1\" alt=\"decora\u00e7\u00e3o apartamento garden\" class=\"wp-image-4169\" srcset=\"https:\/\/i0.wp.com\/1truenote.com\/wp-content\/uploads\/2025\/09\/ChatGPT-Image-17-de-set.-de-2025-12_34_15.png?resize=1024%2C683&amp;ssl=1 1024w, https:\/\/i0.wp.com\/1truenote.com\/wp-content\/uploads\/2025\/09\/ChatGPT-Image-17-de-set.-de-2025-12_34_15.png?resize=300%2C200&amp;ssl=1 300w, https:\/\/i0.wp.com\/1truenote.com\/wp-content\/uploads\/2025\/09\/ChatGPT-Image-17-de-set.-de-2025-12_34_15.png?resize=768%2C512&amp;ssl=1 768w, https:\/\/i0.wp.com\/1truenote.com\/wp-content\/uploads\/2025\/09\/ChatGPT-Image-17-de-set.-de-2025-12_34_15.png?resize=18%2C12&amp;ssl=1 18w, https:\/\/i0.wp.com\/1truenote.com\/wp-content\/uploads\/2025\/09\/ChatGPT-Image-17-de-set.-de-2025-12_34_15.png?resize=150%2C100&amp;ssl=1 150w, https:\/\/i0.wp.com\/1truenote.com\/wp-content\/uploads\/2025\/09\/ChatGPT-Image-17-de-set.-de-2025-12_34_15.png?w=1536&amp;ssl=1 1536w\" sizes=\"(max-width: 1024px) 100vw, 1024px\" \/><\/figure>","protected":false},"excerpt":{"rendered":"<p>Decora\u00e7\u00e3o apartamento garden. O apartamento Garden \u00e9 um sonho para quem deseja a praticidade de um apartamento com o charme&#8230;<\/p>","protected":false},"author":1,"featured_media":4169,"comment_status":"open","ping_status":"open","sticky":false,"template":"","format":"standard","meta":{"_kad_post_transparent":"","_kad_post_title":"","_kad_post_layout":"","_kad_post_sidebar_id":"","_kad_post_content_style":"","_kad_post_vertical_padding":"","_kad_post_feature":"","_kad_post_feature_position":"","_kad_post_header":false,"_kad_post_footer":false,"_kad_post_classname":"","footnotes":"","jetpack_publicize_message":"Decora\u00e7\u00e3o apartamento garden.\n\nO apartamento Garden \u00e9 um sonho para quem deseja a praticidade de um apartamento com o charme de um espa\u00e7o externo. Esse tipo de im\u00f3vel, geralmente no t\u00e9rreo, possui \u00e1reas abertas que podem ser transformadas em jardins, varandas gourmet ou espa\u00e7os de lazer.\n\n#carvalhoconsultoriabrasil #truenote #decor #decoracao #garden #jardim #gardenjardim #apegarden #apartamento #apartamentogarden","jetpack_publicize_feature_enabled":true,"jetpack_social_post_already_shared":true,"jetpack_social_options":{"image_generator_settings":{"template":"highway","default_image_id":0,"font":"","enabled":false},"version":2}},"categories":[16,1],"tags":[29,33,23,12],"class_list":["post-4168","post","type-post","status-publish","format-standard","has-post-thumbnail","hentry","category-casa-e-jardim","category-novidades","tag-jardim","tag-plantas","tag-produtos","tag-projetos-inovadores"],"jetpack_publicize_connections":[],"jetpack_featured_media_url":"https:\/\/i0.wp.com\/1truenote.com\/wp-content\/uploads\/2025\/09\/ChatGPT-Image-17-de-set.-de-2025-12_34_15.png?fit=1536%2C1024&ssl=1","jetpack_sharing_enabled":true,"_links":{"self":[{"href":"https:\/\/1truenote.com\/en\/wp-json\/wp\/v2\/posts\/4168","targetHints":{"allow":["GET"]}}],"collection":[{"href":"https:\/\/1truenote.com\/en\/wp-json\/wp\/v2\/posts"}],"about":[{"href":"https:\/\/1truenote.com\/en\/wp-json\/wp\/v2\/types\/post"}],"author":[{"embeddable":true,"href":"https:\/\/1truenote.com\/en\/wp-json\/wp\/v2\/users\/1"}],"replies":[{"embeddable":true,"href":"https:\/\/1truenote.com\/en\/wp-json\/wp\/v2\/comments?post=4168"}],"version-history":[{"count":1,"href":"https:\/\/1truenote.com\/en\/wp-json\/wp\/v2\/posts\/4168\/revisions"}],"predecessor-version":[{"id":4170,"href":"https:\/\/1truenote.com\/en\/wp-json\/wp\/v2\/posts\/4168\/revisions\/4170"}],"wp:featuredmedia":[{"embeddable":true,"href":"https:\/\/1truenote.com\/en\/wp-json\/wp\/v2\/media\/4169"}],"wp:attachment":[{"href":"https:\/\/1truenote.com\/en\/wp-json\/wp\/v2\/media?parent=4168"}],"wp:term":[{"taxonomy":"category","embeddable":true,"href":"https:\/\/1truenote.com\/en\/wp-json\/wp\/v2\/categories?post=4168"},{"taxonomy":"post_tag","embeddable":true,"href":"https:\/\/1truenote.com\/en\/wp-json\/wp\/v2\/tags?post=4168"}],"curies":[{"name":"wp","href":"https:\/\/api.w.org\/{rel}","templated":true}]}}