{"id":4162,"date":"2025-09-16T12:07:19","date_gmt":"2025-09-16T15:07:19","guid":{"rendered":"https:\/\/1truenote.com\/?p=4162"},"modified":"2025-09-16T16:20:01","modified_gmt":"2025-09-16T19:20:01","slug":"mesa-de-cabeceira-espelhada","status":"publish","type":"post","link":"https:\/\/1truenote.com\/en\/mesa-de-cabeceira-espelhada\/","title":{"rendered":"Mesa de cabeceira espelhada com eleg\u00e2ncia e sofistica\u00e7\u00e3o para o quarto"},"content":{"rendered":"<p>Mesa de cabeceira espelhada. As mesas de cabeceira espelhadas v\u00eam ganhando destaque no design de interiores por unirem praticidade e estilo. Elas s\u00e3o pe\u00e7as que, al\u00e9m de funcionais, adicionam sofistica\u00e7\u00e3o e amplitude visual ao quarto, refletindo a luz e criando uma atmosfera mais luxuosa.<\/p>\n\n\n\n<p>Se voc\u00ea busca transformar seu ambiente em um espa\u00e7o moderno e elegante, a mesa de cabeceira espelhada pode ser a escolha ideal. Vamos ver tudo sobre isso? Segue a leitura.<\/p>\n\n\n\n<hr class=\"wp-block-separator has-alpha-channel-opacity\"\/>\n\n\n\n<h2 id='por-que-escolher-uma-mesa-de-cabeceira-espelhada'  class=\"wp-block-heading\">Por que escolher uma mesa de cabeceira espelhada?<\/h2>\n\n\n\n<p>A mesa de cabeceira \u00e9 um m\u00f3vel indispens\u00e1vel no quarto, seja para apoiar lumin\u00e1rias, objetos decorativos, ou para guardar itens pessoais. A vers\u00e3o espelhada se diferencia por:<\/p>\n\n\n\n<ul class=\"wp-block-list\">\n<li><strong>Ampliar visualmente o ambiente<\/strong>: o reflexo dos espelhos cria a sensa\u00e7\u00e3o de um espa\u00e7o maior.<\/li>\n\n\n\n<li><strong>Refletir a ilumina\u00e7\u00e3o<\/strong>: ideal para quartos pequenos ou pouco iluminados.<\/li>\n\n\n\n<li><strong>Adicionar sofistica\u00e7\u00e3o<\/strong>: o acabamento espelhado remete a luxo e eleg\u00e2ncia.<\/li>\n\n\n\n<li><strong>Versatilidade<\/strong>: combina com diversos estilos, do cl\u00e1ssico ao moderno.<\/li>\n<\/ul>\n\n\n\n<hr class=\"wp-block-separator has-alpha-channel-opacity\"\/>\n\n\n\n<h2 id='tipos-de-mesas-de-cabeceira-espelhadas'  class=\"wp-block-heading\">Tipos de mesas de cabeceira espelhadas<\/h2>\n\n\n\n<p>Existem diferentes modelos que podem se adaptar ao seu estilo e necessidades:<\/p>\n\n\n\n<figure class=\"wp-block-table\"><table class=\"has-fixed-layout\"><thead><tr><th><strong>Modelo<\/strong><\/th><th><strong>Caracter\u00edsticas<\/strong><\/th><th><strong>Estilo Ideal<\/strong><\/th><\/tr><\/thead><tbody><tr><td><strong>Com gavetas<\/strong><\/td><td>Espa\u00e7o interno para guardar objetos pessoais, como livros e acess\u00f3rios.<\/td><td>Quarto organizado e funcional.<\/td><\/tr><tr><td><strong>Suspensa<\/strong><\/td><td>Fixa na parede, ocupa menos espa\u00e7o no ch\u00e3o.<\/td><td>Quartos pequenos e modernos.<\/td><\/tr><tr><td><strong>Com p\u00e9s de metal dourado<\/strong><\/td><td>Estrutura sofisticada que mistura espelho e metal.<\/td><td>Estilo glam ou contempor\u00e2neo.<\/td><\/tr><tr><td><strong>Vintage<\/strong><\/td><td>Detalhes trabalhados, puxadores cl\u00e1ssicos.<\/td><td>Ambientes rom\u00e2nticos e retr\u00f4.<\/td><\/tr><tr><td><strong>Minimalista<\/strong><\/td><td>Linhas retas e design limpo.<\/td><td>Quartos modernos e clean.<\/td><\/tr><\/tbody><\/table><\/figure>\n\n\n\n<hr class=\"wp-block-separator has-alpha-channel-opacity\"\/>\n\n\n\n<figure class=\"wp-block-image aligncenter size-medium\"><a href=\"https:\/\/chat.whatsapp.com\/KJBkp5LFJVRIvmt5X3hSEh\" target=\"_blank\" rel=\"noopener\"><img fetchpriority=\"high\" decoding=\"async\" width=\"1024\" height=\"1536\" src=\"https:\/\/i0.wp.com\/1truenote.com\/wp-content\/uploads\/2025\/06\/ChatGPT-Image-3-de-jun.-de-2025-19_04_53.png?fit=200%2C300&amp;ssl=1\" alt=\"chamada banner advetorial whats\" class=\"wp-image-2683\" srcset=\"https:\/\/i0.wp.com\/1truenote.com\/wp-content\/uploads\/2025\/06\/ChatGPT-Image-3-de-jun.-de-2025-19_04_53.png?w=1024&amp;ssl=1 1024w, https:\/\/i0.wp.com\/1truenote.com\/wp-content\/uploads\/2025\/06\/ChatGPT-Image-3-de-jun.-de-2025-19_04_53.png?resize=200%2C300&amp;ssl=1 200w, https:\/\/i0.wp.com\/1truenote.com\/wp-content\/uploads\/2025\/06\/ChatGPT-Image-3-de-jun.-de-2025-19_04_53.png?resize=683%2C1024&amp;ssl=1 683w, https:\/\/i0.wp.com\/1truenote.com\/wp-content\/uploads\/2025\/06\/ChatGPT-Image-3-de-jun.-de-2025-19_04_53.png?resize=768%2C1152&amp;ssl=1 768w, https:\/\/i0.wp.com\/1truenote.com\/wp-content\/uploads\/2025\/06\/ChatGPT-Image-3-de-jun.-de-2025-19_04_53.png?resize=150%2C225&amp;ssl=1 150w\" sizes=\"(max-width: 1024px) 100vw, 1024px\" \/><\/a><\/figure>\n\n\n\n<hr class=\"wp-block-separator has-alpha-channel-opacity\"\/>\n\n\n\n<h2 id='como-combinar-a-mesa-de-cabeceira-espelhada-na-decora\u00e7\u00e3o'  class=\"wp-block-heading\">Como combinar a mesa de cabeceira espelhada na decora\u00e7\u00e3o<\/h2>\n\n\n\n<ol class=\"wp-block-list\">\n<li><strong>Com cabeceiras estofadas<\/strong>: cria um conjunto aconchegante e luxuoso.<\/li>\n\n\n\n<li><strong>Com roupas de cama neutras<\/strong>: real\u00e7a o brilho do espelho sem sobrecarregar o ambiente.<\/li>\n\n\n\n<li><strong>Com lumin\u00e1rias sofisticadas<\/strong>: abajures de vidro ou com base met\u00e1lica s\u00e3o perfeitos.<\/li>\n\n\n\n<li><strong>Com tapetes felpudos<\/strong>: equilibram a frieza do espelho com textura aconchegante.<\/li>\n<\/ol>\n\n\n\n<hr class=\"wp-block-separator has-alpha-channel-opacity\"\/>\n\n\n\n<h2 id='vantagens-da-mesa-de-cabeceira-espelhada'  class=\"wp-block-heading\">Vantagens da mesa de cabeceira espelhada<\/h2>\n\n\n\n<ul class=\"wp-block-list\">\n<li><strong>Durabilidade<\/strong>: espelhos temperados oferecem resist\u00eancia.<\/li>\n\n\n\n<li><strong>F\u00e1cil combina\u00e7\u00e3o<\/strong>: harmoniza com madeira, estofados e metais.<\/li>\n\n\n\n<li><strong>Toque moderno<\/strong>: ideal para quem deseja renovar o quarto sem grandes reformas.<\/li>\n<\/ul>\n\n\n\n<hr class=\"wp-block-separator has-alpha-channel-opacity\"\/>\n\n\n\n<h2 id='dicas-de-decora\u00e7\u00e3o-com-mesas-de-cabeceira-espelhadas'  class=\"wp-block-heading\">Dicas de decora\u00e7\u00e3o com mesas de cabeceira espelhadas<\/h2>\n\n\n\n<ul class=\"wp-block-list\">\n<li><strong>Simetria<\/strong>: em quartos de casal, use duas mesas iguais para equil\u00edbrio visual.<\/li>\n\n\n\n<li><strong>Decora\u00e7\u00e3o sobreposta<\/strong>: flores, livros e lumin\u00e1rias ficam ainda mais valorizados no reflexo.<\/li>\n\n\n\n<li><strong>Cores complementares<\/strong>: tons claros, como bege e branco, destacam ainda mais o brilho do espelho.<\/li>\n\n\n\n<li><strong>Mistura de materiais<\/strong>: combine espelhos com dourado, prata ou at\u00e9 madeira para criar contraste.<\/li>\n<\/ul>\n\n\n\n<hr class=\"wp-block-separator has-alpha-channel-opacity\"\/>\n\n\n\n<h2 id='cuidados-com-mesas-de-cabeceira-espelhadas'  class=\"wp-block-heading\">Cuidados com mesas de cabeceira espelhadas<\/h2>\n\n\n\n<p>Para manter a beleza e brilho por mais tempo:<\/p>\n\n\n\n<ul class=\"wp-block-list\">\n<li>Limpe com pano macio e produtos espec\u00edficos para vidro.<\/li>\n\n\n\n<li>Evite objetos que possam riscar a superf\u00edcie.<\/li>\n\n\n\n<li>N\u00e3o use produtos abrasivos ou esponjas \u00e1speras.<\/li>\n\n\n\n<li>Verifique periodicamente os puxadores e estruturas met\u00e1licas.<\/li>\n<\/ul>\n\n\n\n<hr class=\"wp-block-separator has-alpha-channel-opacity\"\/>\n\n\n\n<a href=\"https:\/\/1truenote.com\/en\/carrinho-bar-na-decoracao\/\" style=\"text-decoration: none;\">\n  <div style=\"display: flex; justify-content: space-between; align-items: center; background: #d44a00; padding: 12px 20px; color: white; font-family: Arial, sans-serif;\">\n    <strong style=\"color: black;\">READ ALSO:<\/strong>\n    <span style=\"margin-left: 8px; flex: 1;\">Carrinho bar na decora\u00e7\u00e3o: Charme, praticidade e estilo<\/span>\n    <div style=\"background: #f2802f; padding: 8px 12px; border-radius: 2px; margin-left: 10px;\">\n      <span style=\"color: white; font-weight: bold;\">\u27a4<\/span>\n    <\/div>\n  <\/div>\n<\/a>\n\n\n\n<hr class=\"wp-block-separator has-alpha-channel-opacity\"\/>\n\n\n\n<h2 id='mesa-de-cabeceira-espelhada'  class=\"wp-block-heading\">Mesa de cabeceira espelhada<\/h2>\n\n\n\n<p>A <strong>mesa de cabeceira espelhada<\/strong> \u00e9 um m\u00f3vel capaz de transformar completamente a est\u00e9tica do quarto. Elegante, vers\u00e1til e funcional, ela se adapta a diferentes estilos de decora\u00e7\u00e3o, trazendo amplitude e sofistica\u00e7\u00e3o ao ambiente.<\/p>\n\n\n\n<p>Seja para quem busca um detalhe luxuoso ou para quem deseja otimizar espa\u00e7os pequenos, essa pe\u00e7a \u00e9 um investimento certeiro para a composi\u00e7\u00e3o do quarto dos sonhos. Gostou da mesa de cabeceira espelhada?<\/p>\n\n\n\n<hr class=\"wp-block-separator has-alpha-channel-opacity\"\/>\n\n\n\n<a href=\"https:\/\/1truenote.com\/en\/carrinho-bar-na-decoracao\/\" style=\"text-decoration: none;\">\n  <div style=\"display: flex; justify-content: space-between; align-items: center; background: #d44a00; padding: 12px 20px; color: white; font-family: Arial, sans-serif;\">\n    <strong style=\"color: black;\">READ ALSO:<\/strong>\n    <span style=\"margin-left: 8px; flex: 1;\">Carrinho bar na decora\u00e7\u00e3o: Charme, praticidade e estilo<\/span>\n    <div style=\"background: #f2802f; padding: 8px 12px; border-radius: 2px; margin-left: 10px;\">\n      <span style=\"color: white; font-weight: bold;\">\u27a4<\/span>\n    <\/div>\n  <\/div>\n<\/a>\n\n\n\n\n<hr class=\"wp-block-separator has-alpha-channel-opacity\"\/>\n\n\n\n<h2 id='perguntas-frequentes-sobre-mesa-de-cabeceira-espelhada-faq'  class=\"wp-block-heading\">Perguntas frequentes sobre mesa de cabeceira espelhada (FAQ)<\/h2>\n\n\n<div id=\"rank-math-faq\" class=\"rank-math-block\">\n<div class=\"rank-math-list\">\n<div id=\"faq-question-1758034061523\" class=\"rank-math-list-item\">\n<h3 id='a-mesa-de-cabeceira-espelhada-arranha-f\u00e1cil'  class=\"rank-math-question\">A mesa de cabeceira espelhada arranha f\u00e1cil?<\/h3>\n<div class=\"rank-math-answer\">\n\n<p>Se bem cuidada, n\u00e3o. Basta evitar objetos pontiagudos diretamente sobre ela.<\/p>\n\n<\/div>\n<\/div>\n<div id=\"faq-question-1758034062306\" class=\"rank-math-list-item\">\n<h3 id='combina-com-quartos-pequenos'  class=\"rank-math-question\">Combina com quartos pequenos?<\/h3>\n<div class=\"rank-math-answer\">\n\n<p>Sim, \u00e9 ideal, pois amplia o ambiente visualmente.<\/p>\n\n<\/div>\n<\/div>\n<div id=\"faq-question-1758034063042\" class=\"rank-math-list-item\">\n<h3 id='s\u00f3-combina-com-decora\u00e7\u00e3o-luxuosa'  class=\"rank-math-question\">S\u00f3 combina com decora\u00e7\u00e3o luxuosa?<\/h3>\n<div class=\"rank-math-answer\">\n\n<p>N\u00e3o, pode ser usada em estilos modernos, minimalistas e at\u00e9 r\u00fasticos, dependendo do design.<\/p>\n\n<\/div>\n<\/div>\n<div id=\"faq-question-1758034063605\" class=\"rank-math-list-item\">\n<h3 id='como-evitar-que-fique-marcada-por-digitais'  class=\"rank-math-question\">Como evitar que fique marcada por digitais?<\/h3>\n<div class=\"rank-math-answer\">\n\n<p>Use panos de microfibra para limpeza frequente e prefira puxadores que evitem o contato direto com o espelho.<\/p>\n\n<\/div>\n<\/div>\n<div id=\"faq-question-1758034064779\" class=\"rank-math-list-item\">\n<h3 id='\u00e9-resistente'  class=\"rank-math-question\">\u00c9 resistente?<\/h3>\n<div class=\"rank-math-answer\">\n\n<p>Sim, os modelos de qualidade utilizam espelhos refor\u00e7ados e estruturas em MDF, madeira ou metal.<\/p>\n\n<\/div>\n<\/div>\n<\/div>\n<\/div>\n\n\n<figure class=\"wp-block-image aligncenter size-large\"><img data-recalc-dims=\"1\" decoding=\"async\" width=\"1024\" height=\"683\" src=\"https:\/\/i0.wp.com\/1truenote.com\/wp-content\/uploads\/2025\/09\/20250916_1203_Quarto-Elegante-e-Aconchegante_simple_compose_01k59grp29fskbr38ppjvmhkxv.png?resize=1024%2C683&#038;ssl=1\" alt=\"mesa de cabeceira espelhada\" class=\"wp-image-4163\" srcset=\"https:\/\/i0.wp.com\/1truenote.com\/wp-content\/uploads\/2025\/09\/20250916_1203_Quarto-Elegante-e-Aconchegante_simple_compose_01k59grp29fskbr38ppjvmhkxv.png?resize=1024%2C683&amp;ssl=1 1024w, https:\/\/i0.wp.com\/1truenote.com\/wp-content\/uploads\/2025\/09\/20250916_1203_Quarto-Elegante-e-Aconchegante_simple_compose_01k59grp29fskbr38ppjvmhkxv.png?resize=300%2C200&amp;ssl=1 300w, https:\/\/i0.wp.com\/1truenote.com\/wp-content\/uploads\/2025\/09\/20250916_1203_Quarto-Elegante-e-Aconchegante_simple_compose_01k59grp29fskbr38ppjvmhkxv.png?resize=768%2C512&amp;ssl=1 768w, https:\/\/i0.wp.com\/1truenote.com\/wp-content\/uploads\/2025\/09\/20250916_1203_Quarto-Elegante-e-Aconchegante_simple_compose_01k59grp29fskbr38ppjvmhkxv.png?resize=18%2C12&amp;ssl=1 18w, https:\/\/i0.wp.com\/1truenote.com\/wp-content\/uploads\/2025\/09\/20250916_1203_Quarto-Elegante-e-Aconchegante_simple_compose_01k59grp29fskbr38ppjvmhkxv.png?resize=150%2C100&amp;ssl=1 150w, https:\/\/i0.wp.com\/1truenote.com\/wp-content\/uploads\/2025\/09\/20250916_1203_Quarto-Elegante-e-Aconchegante_simple_compose_01k59grp29fskbr38ppjvmhkxv.png?w=1536&amp;ssl=1 1536w\" sizes=\"(max-width: 1024px) 100vw, 1024px\" \/><\/figure>","protected":false},"excerpt":{"rendered":"<p>Mesa de cabeceira espelhada. As mesas de cabeceira espelhadas v\u00eam ganhando destaque no design de interiores por unirem praticidade e&#8230;<\/p>","protected":false},"author":1,"featured_media":4163,"comment_status":"open","ping_status":"open","sticky":false,"template":"","format":"standard","meta":{"_kad_post_transparent":"","_kad_post_title":"","_kad_post_layout":"","_kad_post_sidebar_id":"","_kad_post_content_style":"","_kad_post_vertical_padding":"","_kad_post_feature":"","_kad_post_feature_position":"","_kad_post_header":false,"_kad_post_footer":false,"_kad_post_classname":"","footnotes":"","jetpack_publicize_message":"Mesa de cabeceira espelhada. As mesas de cabeceira espelhadas v\u00eam ganhando destaque no design de interiores por unirem praticidade e estilo. Elas s\u00e3o pe\u00e7as que, al\u00e9m de funcionais, adicionam sofistica\u00e7\u00e3o e amplitude visual ao quarto, refletindo a luz e criando uma atmosfera mais luxuosa.\n\n#carvalhoconsultoriabrasil #truenote #decor #decoracao #quarto #cabeceira #mesadecabeceira #espelhada #espelho","jetpack_publicize_feature_enabled":true,"jetpack_social_post_already_shared":false,"jetpack_social_options":{"image_generator_settings":{"template":"highway","default_image_id":0,"font":"","enabled":false},"version":2}},"categories":[16,1],"tags":[13,14,12],"class_list":["post-4162","post","type-post","status-publish","format-standard","has-post-thumbnail","hentry","category-casa-e-jardim","category-novidades","tag-minimalista","tag-interiores-inovadores","tag-projetos-inovadores"],"jetpack_publicize_connections":[],"jetpack_featured_media_url":"https:\/\/i0.wp.com\/1truenote.com\/wp-content\/uploads\/2025\/09\/20250916_1203_Quarto-Elegante-e-Aconchegante_simple_compose_01k59grp29fskbr38ppjvmhkxv.png?fit=1536%2C1024&ssl=1","jetpack_sharing_enabled":true,"_links":{"self":[{"href":"https:\/\/1truenote.com\/en\/wp-json\/wp\/v2\/posts\/4162","targetHints":{"allow":["GET"]}}],"collection":[{"href":"https:\/\/1truenote.com\/en\/wp-json\/wp\/v2\/posts"}],"about":[{"href":"https:\/\/1truenote.com\/en\/wp-json\/wp\/v2\/types\/post"}],"author":[{"embeddable":true,"href":"https:\/\/1truenote.com\/en\/wp-json\/wp\/v2\/users\/1"}],"replies":[{"embeddable":true,"href":"https:\/\/1truenote.com\/en\/wp-json\/wp\/v2\/comments?post=4162"}],"version-history":[{"count":1,"href":"https:\/\/1truenote.com\/en\/wp-json\/wp\/v2\/posts\/4162\/revisions"}],"predecessor-version":[{"id":4164,"href":"https:\/\/1truenote.com\/en\/wp-json\/wp\/v2\/posts\/4162\/revisions\/4164"}],"wp:featuredmedia":[{"embeddable":true,"href":"https:\/\/1truenote.com\/en\/wp-json\/wp\/v2\/media\/4163"}],"wp:attachment":[{"href":"https:\/\/1truenote.com\/en\/wp-json\/wp\/v2\/media?parent=4162"}],"wp:term":[{"taxonomy":"category","embeddable":true,"href":"https:\/\/1truenote.com\/en\/wp-json\/wp\/v2\/categories?post=4162"},{"taxonomy":"post_tag","embeddable":true,"href":"https:\/\/1truenote.com\/en\/wp-json\/wp\/v2\/tags?post=4162"}],"curies":[{"name":"wp","href":"https:\/\/api.w.org\/{rel}","templated":true}]}}