{"id":4151,"date":"2025-09-15T12:00:00","date_gmt":"2025-09-15T15:00:00","guid":{"rendered":"https:\/\/1truenote.com\/?p=4151"},"modified":"2025-09-15T11:16:54","modified_gmt":"2025-09-15T14:16:54","slug":"tons-de-laranja-na-decoracao","status":"publish","type":"post","link":"https:\/\/1truenote.com\/en\/tons-de-laranja-na-decoracao\/","title":{"rendered":"Tons de laranja na decora\u00e7\u00e3o para ambientes modernos e aconchegantes"},"content":{"rendered":"<p>Tons de laranja na decora\u00e7\u00e3o. O laranja \u00e9 uma cor vibrante, cheia de energia e capaz de transformar qualquer ambiente, trazendo sensa\u00e7\u00e3o de acolhimento, vitalidade e personalidade.<\/p>\n\n\n\n<p>Usado de forma equilibrada, ele se adapta a diversos estilos de decora\u00e7\u00e3o \u2013 do moderno ao cl\u00e1ssico \u2013 sem perder seu charme. Aqui voc\u00ea vai descobrir como usar os tons de laranja na decora\u00e7\u00e3o para renovar sua casa com estilo e sofistica\u00e7\u00e3o.<\/p>\n\n\n\n<hr class=\"wp-block-separator has-alpha-channel-opacity\"\/>\n\n\n\n<h2 id='por-que-usar-o-laranja-na-decora\u00e7\u00e3o'  class=\"wp-block-heading\">Por que usar o laranja na decora\u00e7\u00e3o?<\/h2>\n\n\n\n<p>O laranja \u00e9 uma cor associada \u00e0 criatividade, entusiasmo e calor humano. Ele desperta a sensa\u00e7\u00e3o de bem-estar e proximidade, sendo perfeito para ambientes sociais como salas de estar, cozinhas e \u00e1reas de jantar. Al\u00e9m disso:<\/p>\n\n\n\n<ul class=\"wp-block-list\">\n<li><strong>Estimula a comunica\u00e7\u00e3o e a alegria<\/strong> \u2013 ideal para receber visitas.<\/li>\n\n\n\n<li><strong>Transmite acolhimento<\/strong> \u2013 \u00f3timo para criar espa\u00e7os aconchegantes.<\/li>\n\n\n\n<li><strong>Vers\u00e1til<\/strong> \u2013 pode aparecer em detalhes sutis ou ser protagonista.<\/li>\n<\/ul>\n\n\n\n<hr class=\"wp-block-separator has-alpha-channel-opacity\"\/>\n\n\n\n<h2 id='como-combinar-tons-de-laranja-na-decora\u00e7\u00e3o'  class=\"wp-block-heading\">Como combinar tons de laranja na decora\u00e7\u00e3o<\/h2>\n\n\n\n<p>Para evitar exageros, a dica \u00e9 harmonizar o laranja com cores neutras e s\u00f3brias. Veja algumas combina\u00e7\u00f5es certeiras:<\/p>\n\n\n\n<figure class=\"wp-block-table\"><table class=\"has-fixed-layout\"><thead><tr><th><strong>Combina\u00e7\u00e3o<\/strong><\/th><th><strong>Efeito Visual<\/strong><\/th><th><strong>Onde Usar<\/strong><\/th><\/tr><\/thead><tbody><tr><td>Laranja + Branco<\/td><td>Leveza e luminosidade<\/td><td>Quartos, cozinhas modernas<\/td><\/tr><tr><td>Laranja + Cinza<\/td><td>Sofistica\u00e7\u00e3o e equil\u00edbrio<\/td><td>Salas de estar e escrit\u00f3rios<\/td><\/tr><tr><td>Laranja + Azul Marinho<\/td><td>Contraste elegante e contempor\u00e2neo<\/td><td>Salas de jantar, hall de entrada<\/td><\/tr><tr><td>Laranja + Bege<\/td><td>Aconchego e suavidade<\/td><td>Quartos e \u00e1reas de descanso<\/td><\/tr><tr><td>Laranja + Preto<\/td><td>Impacto e ousadia<\/td><td>Espa\u00e7os modernos e industriais<\/td><\/tr><\/tbody><\/table><\/figure>\n\n\n\n<hr class=\"wp-block-separator has-alpha-channel-opacity\"\/>\n\n\n\n<figure class=\"wp-block-image aligncenter size-medium\"><a href=\"https:\/\/chat.whatsapp.com\/KJBkp5LFJVRIvmt5X3hSEh\" target=\"_blank\" rel=\"noopener\"><img fetchpriority=\"high\" decoding=\"async\" width=\"1024\" height=\"1536\" src=\"https:\/\/i0.wp.com\/1truenote.com\/wp-content\/uploads\/2025\/06\/ChatGPT-Image-3-de-jun.-de-2025-19_04_53.png?fit=200%2C300&amp;ssl=1\" alt=\"chamada banner advetorial whats\" class=\"wp-image-2683\" srcset=\"https:\/\/i0.wp.com\/1truenote.com\/wp-content\/uploads\/2025\/06\/ChatGPT-Image-3-de-jun.-de-2025-19_04_53.png?w=1024&amp;ssl=1 1024w, https:\/\/i0.wp.com\/1truenote.com\/wp-content\/uploads\/2025\/06\/ChatGPT-Image-3-de-jun.-de-2025-19_04_53.png?resize=200%2C300&amp;ssl=1 200w, https:\/\/i0.wp.com\/1truenote.com\/wp-content\/uploads\/2025\/06\/ChatGPT-Image-3-de-jun.-de-2025-19_04_53.png?resize=683%2C1024&amp;ssl=1 683w, https:\/\/i0.wp.com\/1truenote.com\/wp-content\/uploads\/2025\/06\/ChatGPT-Image-3-de-jun.-de-2025-19_04_53.png?resize=768%2C1152&amp;ssl=1 768w, https:\/\/i0.wp.com\/1truenote.com\/wp-content\/uploads\/2025\/06\/ChatGPT-Image-3-de-jun.-de-2025-19_04_53.png?resize=150%2C225&amp;ssl=1 150w\" sizes=\"(max-width: 1024px) 100vw, 1024px\" \/><\/a><\/figure>\n\n\n\n<hr class=\"wp-block-separator has-alpha-channel-opacity\"\/>\n\n\n\n<h2 id='ideias-de-aplica\u00e7\u00e3o-dos-tons-de-laranja'  class=\"wp-block-heading\">Ideias de aplica\u00e7\u00e3o dos tons de laranja<\/h2>\n\n\n\n<h3 id='1-paredes-de-destaque'  class=\"wp-block-heading\">1. <strong>Paredes de destaque<\/strong><\/h3>\n\n\n\n<p>Uma parede pintada em tom terroso de laranja pode transformar o ambiente sem precisar de grandes reformas. Essa t\u00e9cnica \u00e9 perfeita para destacar \u00e1reas como o sof\u00e1 na sala ou a cabeceira na su\u00edte.<\/p>\n\n\n\n<h3 id='2-m\u00f3veis-e-estofados'  class=\"wp-block-heading\">2. <strong>M\u00f3veis e estofados<\/strong><\/h3>\n\n\n\n<p>Poltronas, sof\u00e1s e cadeiras em laranja trazem personalidade e viram protagonistas do espa\u00e7o. Em salas de jantar, as cadeiras laranjas ficam modernas e sofisticadas, principalmente quando combinadas com mesas de tampo de m\u00e1rmore ou vidro.<\/p>\n\n\n\n<h3 id='3-objetos-decorativos'  class=\"wp-block-heading\">3. <strong>Objetos decorativos<\/strong><\/h3>\n\n\n\n<p>Almofadas, mantas, vasos e quadros em tons de laranja s\u00e3o op\u00e7\u00f5es econ\u00f4micas e pr\u00e1ticas para quem quer renovar sem mudan\u00e7as dr\u00e1sticas.<\/p>\n\n\n\n<h3 id='4-cozinhas-criativas'  class=\"wp-block-heading\">4. <strong>Cozinhas criativas<\/strong><\/h3>\n\n\n\n<p>Arm\u00e1rios ou detalhes em laranja deixam a cozinha mais alegre e descontra\u00edda. Quando combinados com preto ou cinza, criam um visual industrial moderno.<\/p>\n\n\n\n<h3 id='5-banheiros-modernos'  class=\"wp-block-heading\">5. <strong>Banheiros modernos<\/strong><\/h3>\n\n\n\n<p>Azulejos, nichos ou pastilhas em laranja d\u00e3o um toque contempor\u00e2neo ao banheiro, sem perder a sofistica\u00e7\u00e3o.<\/p>\n\n\n\n<hr class=\"wp-block-separator has-alpha-channel-opacity\"\/>\n\n\n\n<h2 id='tons-de-laranja-mais-usados-na-decora\u00e7\u00e3o'  class=\"wp-block-heading\">Tons de laranja mais usados na decora\u00e7\u00e3o<\/h2>\n\n\n\n<figure class=\"wp-block-table\"><table class=\"has-fixed-layout\"><thead><tr><th><strong>Tom de Laranja<\/strong><\/th><th><strong>Sensa\u00e7\u00e3o Transmitida<\/strong><\/th><th><strong>Melhor Ambiente<\/strong><\/th><\/tr><\/thead><tbody><tr><td>Laranja queimado<\/td><td>Eleg\u00e2ncia e calor<\/td><td>Salas de estar e jantar<\/td><\/tr><tr><td>Laranja terracota<\/td><td>Aconchego e rusticidade<\/td><td>Quartos, varandas e \u00e1reas externas<\/td><\/tr><tr><td>Laranja vibrante<\/td><td>Energia e criatividade<\/td><td>Home office, cozinhas e studios<\/td><\/tr><tr><td>Coral<\/td><td>Delicadeza e frescor<\/td><td>Quartos infantis, lavabos e varandas<\/td><\/tr><tr><td>Laranja pastel<\/td><td>Leveza e suavidade<\/td><td>Salas pequenas e ambientes integrados<\/td><\/tr><\/tbody><\/table><\/figure>\n\n\n\n<hr class=\"wp-block-separator has-alpha-channel-opacity\"\/>\n\n\n<div class=\"hostinger-affiliate-block-wrap\">\n            <div class=\"hostinger-affiliate-block-list-simple\">\n            <div class=\"hostinger-affiliate-block-list-simple__image\">\n                                        <a href=\"https:\/\/www.amazon.com.br\/dp\/B094KRZV54?tag=joaopedro047-20\" target=\"_blank\" rel=\"nofollow noopener noreferrer\">\n                            <img decoding=\"async\" src=\"https:\/\/m.media-amazon.com\/images\/I\/312zQc46rxS.jpg\" alt=\"Conjunto Com 4 Cadeira Jade Sala De Jantar Couro Sint\u00e9tico (Laran...\">\n                        <\/a>\n                                <\/div>\n            <div class=\"hostinger-affiliate-block-list-simple__product-data\">\n                <div class=\"hostinger-affiliate-block-list-simple__product-info\">\n                                            <div class=\"hostinger-affiliate-block-list-simple__bestseller-label\">\n                                                        Bestseller #1                        <\/div>\n                                            <div class=\"hostinger-affiliate-block-list-simple__product-title\">\n                        <a href=\"https:\/\/www.amazon.com.br\/dp\/B094KRZV54?tag=joaopedro047-20\" target=\"_blank\" rel=\"nofollow noopener noreferrer\">\n                            <h3 id='conjunto-com-4-cadeira-jade-sala-de-jantar-couro-sint\u00e9tico-laran'>\n                                Conjunto Com 4 Cadeira Jade Sala De Jantar Couro Sint\u00e9tico (Laran&#8230;                            <\/h3>\n                        <\/a>\n                    <\/div>\n                    <div class=\"hostinger-affiliate-block-list-simple__product-pricing\">\n                                                    <div class=\"hostinger-affiliate-block-list-simple__product-price\">\n                                R$1.199,00                            <\/div>\n                                                <\/div>\n                <\/div>\n                <div class=\"hostinger-affiliate-block-list-simple__product-actions\">\n                    <div>\n                        <a href=\"https:\/\/www.amazon.com.br\/dp\/B094KRZV54?tag=joaopedro047-20\" class=\"hostinger-affiliate-block-list-simple__product-amazon-button\" target=\"_blank\" rel=\"nofollow noopener noreferrer\">\n    Buy on Amazon<\/a>\n                    <\/div>\n                <\/div>\n            <\/div>\n        <\/div>\n                <div class=\"hostinger-affiliate-block-list-simple\">\n            <div class=\"hostinger-affiliate-block-list-simple__image\">\n                                        <a href=\"https:\/\/www.amazon.com.br\/dp\/B0DW1JTKV5?tag=joaopedro047-20\" target=\"_blank\" rel=\"nofollow noopener noreferrer\">\n                            <img decoding=\"async\" src=\"https:\/\/m.media-amazon.com\/images\/I\/415LIT-xC2L.jpg\" alt=\"Cadeira Escrit\u00f3rio Diretor Tela Mesh e Base Girat\u00f3ria Confort\u00e1vel...\">\n                        <\/a>\n                                <\/div>\n            <div class=\"hostinger-affiliate-block-list-simple__product-data\">\n                <div class=\"hostinger-affiliate-block-list-simple__product-info\">\n                                            <div class=\"hostinger-affiliate-block-list-simple__bestseller-label\">\n                                                        Bestseller #2                        <\/div>\n                                            <div class=\"hostinger-affiliate-block-list-simple__product-title\">\n                        <a href=\"https:\/\/www.amazon.com.br\/dp\/B0DW1JTKV5?tag=joaopedro047-20\" target=\"_blank\" rel=\"nofollow noopener noreferrer\">\n                            <h3 id='cadeira-escrit\u00f3rio-diretor-tela-mesh-e-base-girat\u00f3ria-confort\u00e1vel'>\n                                Cadeira Escrit\u00f3rio Diretor Tela Mesh e Base Girat\u00f3ria Confort\u00e1vel&#8230;                            <\/h3>\n                        <\/a>\n                    <\/div>\n                    <div class=\"hostinger-affiliate-block-list-simple__product-pricing\">\n                                                    <div class=\"hostinger-affiliate-block-list-simple__product-price\">\n                                R$359,00                            <\/div>\n                                                <\/div>\n                <\/div>\n                <div class=\"hostinger-affiliate-block-list-simple__product-actions\">\n                    <div>\n                        <a href=\"https:\/\/www.amazon.com.br\/dp\/B0DW1JTKV5?tag=joaopedro047-20\" class=\"hostinger-affiliate-block-list-simple__product-amazon-button\" target=\"_blank\" rel=\"nofollow noopener noreferrer\">\n    Buy on Amazon<\/a>\n                    <\/div>\n                <\/div>\n            <\/div>\n        <\/div>\n                <div class=\"hostinger-affiliate-block-list-simple\">\n            <div class=\"hostinger-affiliate-block-list-simple__image\">\n                                        <a href=\"https:\/\/www.amazon.com.br\/dp\/B0FM1XQMH8?tag=joaopedro047-20\" target=\"_blank\" rel=\"nofollow noopener noreferrer\">\n                            <img decoding=\"async\" src=\"https:\/\/m.media-amazon.com\/images\/I\/31LLxFGxUnL.jpg\" alt=\"Mesa de Centro Org\u00e2nica P\u00e9s Palito em Madeira 90x52cm Mel\">\n                        <\/a>\n                                <\/div>\n            <div class=\"hostinger-affiliate-block-list-simple__product-data\">\n                <div class=\"hostinger-affiliate-block-list-simple__product-info\">\n                                            <div class=\"hostinger-affiliate-block-list-simple__bestseller-label\">\n                                                        Bestseller #3                        <\/div>\n                                            <div class=\"hostinger-affiliate-block-list-simple__product-title\">\n                        <a href=\"https:\/\/www.amazon.com.br\/dp\/B0FM1XQMH8?tag=joaopedro047-20\" target=\"_blank\" rel=\"nofollow noopener noreferrer\">\n                            <h3 id='mesa-de-centro-org\u00e2nica-p\u00e9s-palito-em-madeira-90x52cm-mel'>\n                                Mesa de Centro Org\u00e2nica P\u00e9s Palito em Madeira 90x52cm Mel                            <\/h3>\n                        <\/a>\n                    <\/div>\n                    <div class=\"hostinger-affiliate-block-list-simple__product-pricing\">\n                                                    <div class=\"hostinger-affiliate-block-list-simple__product-price\">\n                                R$129,58                            <\/div>\n                                                <\/div>\n                <\/div>\n                <div class=\"hostinger-affiliate-block-list-simple__product-actions\">\n                    <div>\n                        <a href=\"https:\/\/www.amazon.com.br\/dp\/B0FM1XQMH8?tag=joaopedro047-20\" class=\"hostinger-affiliate-block-list-simple__product-amazon-button\" target=\"_blank\" rel=\"nofollow noopener noreferrer\">\n    Buy on Amazon<\/a>\n                    <\/div>\n                <\/div>\n            <\/div>\n        <\/div>\n                <div class=\"hostinger-affiliate-block-list-simple\">\n            <div class=\"hostinger-affiliate-block-list-simple__image\">\n                                        <a href=\"https:\/\/www.amazon.com.br\/dp\/B0BRFYKZ1M?tag=joaopedro047-20\" target=\"_blank\" rel=\"nofollow noopener noreferrer\">\n                            <img decoding=\"async\" src=\"https:\/\/m.media-amazon.com\/images\/I\/41i8tZa7TFL.jpg\" alt=\"solaround Mesa de canto de acr\u00edlico transparente mesa de cabeceir...\">\n                        <\/a>\n                                <\/div>\n            <div class=\"hostinger-affiliate-block-list-simple__product-data\">\n                <div class=\"hostinger-affiliate-block-list-simple__product-info\">\n                                            <div class=\"hostinger-affiliate-block-list-simple__bestseller-label\">\n                                                        Bestseller #4                        <\/div>\n                                            <div class=\"hostinger-affiliate-block-list-simple__product-title\">\n                        <a href=\"https:\/\/www.amazon.com.br\/dp\/B0BRFYKZ1M?tag=joaopedro047-20\" target=\"_blank\" rel=\"nofollow noopener noreferrer\">\n                            <h3 id='solaround-mesa-de-canto-de-acr\u00edlico-transparente-mesa-de-cabeceir'>\n                                solaround Mesa de canto de acr\u00edlico transparente mesa de cabeceir&#8230;                            <\/h3>\n                        <\/a>\n                    <\/div>\n                    <div class=\"hostinger-affiliate-block-list-simple__product-pricing\">\n                                                    <div class=\"hostinger-affiliate-block-list-simple__product-price\">\n                                R$1.337,19                            <\/div>\n                                                <\/div>\n                <\/div>\n                <div class=\"hostinger-affiliate-block-list-simple__product-actions\">\n                    <div>\n                        <a href=\"https:\/\/www.amazon.com.br\/dp\/B0BRFYKZ1M?tag=joaopedro047-20\" class=\"hostinger-affiliate-block-list-simple__product-amazon-button\" target=\"_blank\" rel=\"nofollow noopener noreferrer\">\n    Buy on Amazon<\/a>\n                    <\/div>\n                <\/div>\n            <\/div>\n        <\/div>\n                <div class=\"hostinger-affiliate-block-list-simple\">\n            <div class=\"hostinger-affiliate-block-list-simple__image\">\n                                        <a href=\"https:\/\/www.amazon.com.br\/dp\/B0CXHJJ3VQ?tag=joaopedro047-20\" target=\"_blank\" rel=\"nofollow noopener noreferrer\">\n                            <img decoding=\"async\" src=\"https:\/\/m.media-amazon.com\/images\/I\/51UAt2rJ2VL.jpg\" alt=\"Kotile Cortinas de renda laranja de 153 cm de comprimento, cortin...\">\n                        <\/a>\n                                <\/div>\n            <div class=\"hostinger-affiliate-block-list-simple__product-data\">\n                <div class=\"hostinger-affiliate-block-list-simple__product-info\">\n                                            <div class=\"hostinger-affiliate-block-list-simple__bestseller-label\">\n                                                        Bestseller #5                        <\/div>\n                                            <div class=\"hostinger-affiliate-block-list-simple__product-title\">\n                        <a href=\"https:\/\/www.amazon.com.br\/dp\/B0CXHJJ3VQ?tag=joaopedro047-20\" target=\"_blank\" rel=\"nofollow noopener noreferrer\">\n                            <h3 id='kotile-cortinas-de-renda-laranja-de-153-cm-de-comprimento-cortin'>\n                                Kotile Cortinas de renda laranja de 153 cm de comprimento, cortin&#8230;                            <\/h3>\n                        <\/a>\n                    <\/div>\n                    <div class=\"hostinger-affiliate-block-list-simple__product-pricing\">\n                                                    <div class=\"hostinger-affiliate-block-list-simple__product-price\">\n                                R$256,23                            <\/div>\n                                                <\/div>\n                <\/div>\n                <div class=\"hostinger-affiliate-block-list-simple__product-actions\">\n                    <div>\n                        <a href=\"https:\/\/www.amazon.com.br\/dp\/B0CXHJJ3VQ?tag=joaopedro047-20\" class=\"hostinger-affiliate-block-list-simple__product-amazon-button\" target=\"_blank\" rel=\"nofollow noopener noreferrer\">\n    Buy on Amazon<\/a>\n                    <\/div>\n                <\/div>\n            <\/div>\n        <\/div>\n                <div class=\"hostinger-affiliate-block-list-simple\">\n            <div class=\"hostinger-affiliate-block-list-simple__image\">\n                                        <a href=\"https:\/\/www.amazon.com.br\/dp\/B0D2P3Z61T?tag=joaopedro047-20\" target=\"_blank\" rel=\"nofollow noopener noreferrer\">\n                            <img decoding=\"async\" src=\"https:\/\/m.media-amazon.com\/images\/I\/512bZAU+aBL.jpg\" alt=\"ALIGOGO Cortinas Laranja 63&quot; de Comprimento, Vintage, Floral, Ren...\">\n                        <\/a>\n                                <\/div>\n            <div class=\"hostinger-affiliate-block-list-simple__product-data\">\n                <div class=\"hostinger-affiliate-block-list-simple__product-info\">\n                                            <div class=\"hostinger-affiliate-block-list-simple__bestseller-label\">\n                                                        Bestseller #6                        <\/div>\n                                            <div class=\"hostinger-affiliate-block-list-simple__product-title\">\n                        <a href=\"https:\/\/www.amazon.com.br\/dp\/B0D2P3Z61T?tag=joaopedro047-20\" target=\"_blank\" rel=\"nofollow noopener noreferrer\">\n                            <h3 id='aligogo-cortinas-laranja-63-de-comprimento-vintage-floral-ren'>\n                                ALIGOGO Cortinas Laranja 63&#8243; de Comprimento, Vintage, Floral, Ren&#8230;                            <\/h3>\n                        <\/a>\n                    <\/div>\n                    <div class=\"hostinger-affiliate-block-list-simple__product-pricing\">\n                                                    <div class=\"hostinger-affiliate-block-list-simple__product-price\">\n                                R$330,17                            <\/div>\n                                                <\/div>\n                <\/div>\n                <div class=\"hostinger-affiliate-block-list-simple__product-actions\">\n                    <div>\n                        <a href=\"https:\/\/www.amazon.com.br\/dp\/B0D2P3Z61T?tag=joaopedro047-20\" class=\"hostinger-affiliate-block-list-simple__product-amazon-button\" target=\"_blank\" rel=\"nofollow noopener noreferrer\">\n    Buy on Amazon<\/a>\n                    <\/div>\n                <\/div>\n            <\/div>\n        <\/div>\n        <\/div>\n\n\n\n<hr class=\"wp-block-separator has-alpha-channel-opacity\"\/>\n\n\n\n<a href=\"https:\/\/1truenote.com\/wp-admin\/admin.php?page=instant-indexing&#038;tab=console&#038;apiaction=update&#038;_wpnonce=6b7c24a17d&#038;apiurl=https%3A%2F%2F1truenote.com%2Fhome-office-decorado%2F\" style=\"text-decoration: none;\">\n  <div style=\"display: flex; justify-content: space-between; align-items: center; background: #d44a00; padding: 12px 20px; color: white; font-family: Arial, sans-serif;\">\n    <strong style=\"color: black;\">READ ALSO:<\/strong>\n    <span style=\"margin-left: 8px; flex: 1;\">Home office decorado como criar um espa\u00e7o Funcional<\/span>\n    <div style=\"background: #f2802f; padding: 8px 12px; border-radius: 2px; margin-left: 10px;\">\n      <span style=\"color: white; font-weight: bold;\">\u27a4<\/span>\n    <\/div>\n  <\/div>\n<\/a>\n\n\n\n<hr class=\"wp-block-separator has-alpha-channel-opacity\"\/>\n\n\n\n<h2 id='dicas-para-n\u00e3o-errar-ao-usar-laranja'  class=\"wp-block-heading\">Dicas para n\u00e3o errar ao usar laranja<\/h2>\n\n\n\n<ul class=\"wp-block-list\">\n<li>Use a regra do <strong>60-30-10<\/strong>:\n<ul class=\"wp-block-list\">\n<li>60% cores neutras (cinza, branco, bege)<\/li>\n\n\n\n<li>30% cores complementares (azul, marrom, preto)<\/li>\n\n\n\n<li>10% laranja como destaque.<\/li>\n<\/ul>\n<\/li>\n\n\n\n<li>Prefira tecidos aconchegantes (veludo, linho) para estofados em tons de laranja.<\/li>\n\n\n\n<li>Aposte em flores e plantas com tons alaranjados para trazer frescor natural.<\/li>\n\n\n\n<li>Equilibre a intensidade: em ambientes pequenos, escolha laranjas suaves.<\/li>\n<\/ul>\n\n\n\n<hr class=\"wp-block-separator has-alpha-channel-opacity\"\/>\n\n\n\n<h2 id='laranja-na-decora\u00e7\u00e3o'  class=\"wp-block-heading\">Laranja na decora\u00e7\u00e3o<\/h2>\n\n\n\n<p>Os tons de laranja na decora\u00e7\u00e3o s\u00e3o vers\u00e1teis e cheios de personalidade. Quando aplicados com equil\u00edbrio, podem transformar qualquer ambiente em um espa\u00e7o vibrante, acolhedor e elegante. Desde pequenas mudan\u00e7as com acess\u00f3rios at\u00e9 m\u00f3veis e paredes inteiras, essa cor traz vida e sofistica\u00e7\u00e3o para sua casa.<\/p>\n\n\n\n<hr class=\"wp-block-separator has-alpha-channel-opacity\"\/>\n\n\n\n<a href=\"https:\/\/1truenote.com\/wp-admin\/admin.php?page=instant-indexing&#038;tab=console&#038;apiaction=update&#038;_wpnonce=6b7c24a17d&#038;apiurl=https%3A%2F%2F1truenote.com%2Fhome-office-decorado%2F\" style=\"text-decoration: none;\">\n  <div style=\"display: flex; justify-content: space-between; align-items: center; background: #d44a00; padding: 12px 20px; color: white; font-family: Arial, sans-serif;\">\n    <strong style=\"color: black;\">READ ALSO:<\/strong>\n    <span style=\"margin-left: 8px; flex: 1;\">Home office decorado como criar um espa\u00e7o Funcional<\/span>\n    <div style=\"background: #f2802f; padding: 8px 12px; border-radius: 2px; margin-left: 10px;\">\n      <span style=\"color: white; font-weight: bold;\">\u27a4<\/span>\n    <\/div>\n  <\/div>\n<\/a>\n\n\n\n\n<hr class=\"wp-block-separator has-alpha-channel-opacity\"\/>\n\n\n\n<h2 id='faq-sobre-tons-de-laranja-na-decora\u00e7\u00e3o'  class=\"wp-block-heading\">FAQ sobre tons de laranja na decora\u00e7\u00e3o<\/h2>\n\n\n<div id=\"rank-math-faq\" class=\"rank-math-block\">\n<div class=\"rank-math-list\">\n<div id=\"faq-question-1757944716747\" class=\"rank-math-list-item\">\n<h3 id='o-laranja-deixa-os-ambientes-pesados'  class=\"rank-math-question\">O laranja deixa os ambientes pesados?<\/h3>\n<div class=\"rank-math-answer\">\n\n<p>N\u00e3o necessariamente. Quando combinado com cores claras, o laranja transmite leveza e aconchego.<\/p>\n\n<\/div>\n<\/div>\n<div id=\"faq-question-1757944720800\" class=\"rank-math-list-item\">\n<h3 id='posso-usar-laranja-em-quartos'  class=\"rank-math-question\">Posso usar laranja em quartos?<\/h3>\n<div class=\"rank-math-answer\">\n\n<p>Sim! Prefira tons queimados ou terrosos, que trazem conforto e ajudam no relaxamento.<\/p>\n\n<\/div>\n<\/div>\n<div id=\"faq-question-1757944721488\" class=\"rank-math-list-item\">\n<h3 id='quais-estilos-de-decora\u00e7\u00e3o-combinam-com-o-laranja'  class=\"rank-math-question\">Quais estilos de decora\u00e7\u00e3o combinam com o laranja?<\/h3>\n<div class=\"rank-math-answer\">\n\n<p>O laranja se adapta ao moderno, retr\u00f4, industrial, r\u00fastico e at\u00e9 ao cl\u00e1ssico.<\/p>\n\n<\/div>\n<\/div>\n<div id=\"faq-question-1757944722023\" class=\"rank-math-list-item\">\n<h3 id='o-laranja-combina-com-madeira'  class=\"rank-math-question\">O laranja combina com madeira?<\/h3>\n<div class=\"rank-math-answer\">\n\n<p>Perfeitamente. A madeira real\u00e7a a rusticidade e o calor da cor, criando um ambiente acolhedor.<\/p>\n\n<\/div>\n<\/div>\n<div id=\"faq-question-1757944723216\" class=\"rank-math-list-item\">\n<h3 id='\u00e9-poss\u00edvel-usar-laranja-em-escrit\u00f3rios'  class=\"rank-math-question\">\u00c9 poss\u00edvel usar laranja em escrit\u00f3rios?<\/h3>\n<div class=\"rank-math-answer\">\n\n<p>Sim, principalmente em detalhes. Ele estimula a criatividade e d\u00e1 energia ao ambiente de trabalho.<\/p>\n\n<\/div>\n<\/div>\n<\/div>\n<\/div>\n\n\n<figure class=\"wp-block-image aligncenter size-large\"><img data-recalc-dims=\"1\" decoding=\"async\" width=\"1024\" height=\"760\" src=\"https:\/\/i0.wp.com\/1truenote.com\/wp-content\/uploads\/2025\/09\/Artigo-4.png?resize=1024%2C760&#038;ssl=1\" alt=\"Laranja na decora\u00e7\u00e3o\" class=\"wp-image-4152\" srcset=\"https:\/\/i0.wp.com\/1truenote.com\/wp-content\/uploads\/2025\/09\/Artigo-4.png?resize=1024%2C760&amp;ssl=1 1024w, https:\/\/i0.wp.com\/1truenote.com\/wp-content\/uploads\/2025\/09\/Artigo-4.png?resize=300%2C223&amp;ssl=1 300w, https:\/\/i0.wp.com\/1truenote.com\/wp-content\/uploads\/2025\/09\/Artigo-4.png?resize=768%2C570&amp;ssl=1 768w, https:\/\/i0.wp.com\/1truenote.com\/wp-content\/uploads\/2025\/09\/Artigo-4.png?resize=16%2C12&amp;ssl=1 16w, https:\/\/i0.wp.com\/1truenote.com\/wp-content\/uploads\/2025\/09\/Artigo-4.png?resize=150%2C111&amp;ssl=1 150w, https:\/\/i0.wp.com\/1truenote.com\/wp-content\/uploads\/2025\/09\/Artigo-4.png?w=1536&amp;ssl=1 1536w\" sizes=\"(max-width: 1024px) 100vw, 1024px\" \/><\/figure>","protected":false},"excerpt":{"rendered":"<p>Tons de laranja na decora\u00e7\u00e3o. O laranja \u00e9 uma cor vibrante, cheia de energia e capaz de transformar qualquer ambiente,&#8230;<\/p>","protected":false},"author":1,"featured_media":4152,"comment_status":"open","ping_status":"open","sticky":false,"template":"","format":"standard","meta":{"_kad_post_transparent":"","_kad_post_title":"","_kad_post_layout":"","_kad_post_sidebar_id":"","_kad_post_content_style":"","_kad_post_vertical_padding":"","_kad_post_feature":"","_kad_post_feature_position":"","_kad_post_header":false,"_kad_post_footer":false,"_kad_post_classname":"","footnotes":"","jetpack_publicize_message":"","jetpack_publicize_feature_enabled":false,"jetpack_social_post_already_shared":true,"jetpack_social_options":{"image_generator_settings":{"template":"highway","default_image_id":0,"font":"","enabled":false},"version":2}},"categories":[16,1],"tags":[13,14,23,12],"class_list":["post-4151","post","type-post","status-publish","format-standard","has-post-thumbnail","hentry","category-casa-e-jardim","category-novidades","tag-minimalista","tag-interiores-inovadores","tag-produtos","tag-projetos-inovadores"],"jetpack_publicize_connections":[],"jetpack_featured_media_url":"https:\/\/i0.wp.com\/1truenote.com\/wp-content\/uploads\/2025\/09\/Artigo-4.png?fit=1536%2C1140&ssl=1","jetpack_sharing_enabled":true,"_links":{"self":[{"href":"https:\/\/1truenote.com\/en\/wp-json\/wp\/v2\/posts\/4151","targetHints":{"allow":["GET"]}}],"collection":[{"href":"https:\/\/1truenote.com\/en\/wp-json\/wp\/v2\/posts"}],"about":[{"href":"https:\/\/1truenote.com\/en\/wp-json\/wp\/v2\/types\/post"}],"author":[{"embeddable":true,"href":"https:\/\/1truenote.com\/en\/wp-json\/wp\/v2\/users\/1"}],"replies":[{"embeddable":true,"href":"https:\/\/1truenote.com\/en\/wp-json\/wp\/v2\/comments?post=4151"}],"version-history":[{"count":1,"href":"https:\/\/1truenote.com\/en\/wp-json\/wp\/v2\/posts\/4151\/revisions"}],"predecessor-version":[{"id":4153,"href":"https:\/\/1truenote.com\/en\/wp-json\/wp\/v2\/posts\/4151\/revisions\/4153"}],"wp:featuredmedia":[{"embeddable":true,"href":"https:\/\/1truenote.com\/en\/wp-json\/wp\/v2\/media\/4152"}],"wp:attachment":[{"href":"https:\/\/1truenote.com\/en\/wp-json\/wp\/v2\/media?parent=4151"}],"wp:term":[{"taxonomy":"category","embeddable":true,"href":"https:\/\/1truenote.com\/en\/wp-json\/wp\/v2\/categories?post=4151"},{"taxonomy":"post_tag","embeddable":true,"href":"https:\/\/1truenote.com\/en\/wp-json\/wp\/v2\/tags?post=4151"}],"curies":[{"name":"wp","href":"https:\/\/api.w.org\/{rel}","templated":true}]}}