{"id":4147,"date":"2025-09-12T16:00:00","date_gmt":"2025-09-12T19:00:00","guid":{"rendered":"https:\/\/1truenote.com\/?p=4147"},"modified":"2025-09-12T14:56:33","modified_gmt":"2025-09-12T17:56:33","slug":"home-office-decorado","status":"publish","type":"post","link":"https:\/\/1truenote.com\/en\/home-office-decorado\/","title":{"rendered":"Home office decorado como criar um espa\u00e7o Funcional e inspirador"},"content":{"rendered":"\n<p>O <strong>home office decorado<\/strong> deixou de ser apenas uma necessidade e se transformou em um verdadeiro ambiente de bem-estar e produtividade dentro de casa. Muito al\u00e9m de um simples espa\u00e7o para trabalhar, ele pode refletir sua personalidade, trazer conforto e estimular a criatividade.<\/p>\n\n\n\n<p>Seja em um estilo moderno, industrial, minimalista ou sofisticado, investir na decora\u00e7\u00e3o do home office \u00e9 fundamental para unir funcionalidade e est\u00e9tica. Afinal, passamos horas nesse ambiente, e um espa\u00e7o bem planejado faz toda a diferen\u00e7a no desempenho do dia a dia.<\/p>\n\n\n\n<hr class=\"wp-block-separator has-alpha-channel-opacity\"\/>\n\n\n\n<h2 id='benef\u00edcios-de-um-home-office-decorado'  id=\"boomdevs_1\" class=\"wp-block-heading\">Benef\u00edcios de um home office decorado<\/h2>\n\n\n\n<ol class=\"wp-block-list\">\n<li><strong>Produtividade aumentada<\/strong> \u2013 Ambientes bem iluminados e organizados ajudam a manter o foco.<\/li>\n\n\n\n<li><strong>Conforto<\/strong> \u2013 Cadeiras ergon\u00f4micas, mesas adequadas e decora\u00e7\u00e3o aconchegante tornam o trabalho mais leve.<\/li>\n\n\n\n<li><strong>Personaliza\u00e7\u00e3o<\/strong> \u2013 Reflete o estilo de vida e cria uma sensa\u00e7\u00e3o de pertencimento.<\/li>\n\n\n\n<li><strong>Bem-estar mental<\/strong> \u2013 Plantas, ilumina\u00e7\u00e3o natural e cores equilibradas reduzem o estresse.<\/li>\n\n\n\n<li><strong>Valoriza\u00e7\u00e3o do im\u00f3vel<\/strong> \u2013 Um home office bem projetado agrega valor est\u00e9tico e funcional \u00e0 casa.<\/li>\n<\/ol>\n\n\n\n<hr class=\"wp-block-separator has-alpha-channel-opacity\"\/>\n\n\n\n<h2 id='dicas-para-montar-um-home-office-decorado'  id=\"boomdevs_2\" class=\"wp-block-heading\">Dicas para montar um home office decorado<\/h2>\n\n\n\n<ul class=\"wp-block-list\">\n<li><strong>Escolha o espa\u00e7o ideal<\/strong>: pode ser um c\u00f4modo exclusivo, um cantinho adaptado na sala ou at\u00e9 mesmo no quarto.<\/li>\n\n\n\n<li><strong>Invista na ilumina\u00e7\u00e3o<\/strong>: combine luz natural com lumin\u00e1rias direcionadas para criar o ambiente perfeito.<\/li>\n\n\n\n<li><strong>Cores certas<\/strong>: tons claros ampliam, enquanto cores escuras trazem sofistica\u00e7\u00e3o. Use de acordo com seu estilo.<\/li>\n\n\n\n<li><strong>M\u00f3veis funcionais<\/strong>: prefira mesas amplas, cadeiras ergon\u00f4micas e prateleiras para manter tudo organizado.<\/li>\n\n\n\n<li><strong>Decora\u00e7\u00e3o personalizada<\/strong>: quadros, tapetes, livros e objetos decorativos d\u00e3o personalidade ao espa\u00e7o.<\/li>\n\n\n\n<li><strong>Tecnologia e praticidade<\/strong>: organize cabos, use suportes para notebook e aposte em monitores duplos se necess\u00e1rio.<\/li>\n<\/ul>\n\n\n\n<hr class=\"wp-block-separator has-alpha-channel-opacity\"\/>\n\n\n\n<figure class=\"wp-block-image aligncenter size-medium\"><a href=\"https:\/\/chat.whatsapp.com\/KJBkp5LFJVRIvmt5X3hSEh\" target=\"_blank\" rel=\"noopener\"><img fetchpriority=\"high\" decoding=\"async\" width=\"1024\" height=\"1536\" src=\"https:\/\/i0.wp.com\/1truenote.com\/wp-content\/uploads\/2025\/06\/ChatGPT-Image-3-de-jun.-de-2025-19_04_53.png?fit=200%2C300&amp;ssl=1\" alt=\"chamada banner advetorial whats\" class=\"wp-image-2683\" srcset=\"https:\/\/i0.wp.com\/1truenote.com\/wp-content\/uploads\/2025\/06\/ChatGPT-Image-3-de-jun.-de-2025-19_04_53.png?w=1024&amp;ssl=1 1024w, https:\/\/i0.wp.com\/1truenote.com\/wp-content\/uploads\/2025\/06\/ChatGPT-Image-3-de-jun.-de-2025-19_04_53.png?resize=200%2C300&amp;ssl=1 200w, https:\/\/i0.wp.com\/1truenote.com\/wp-content\/uploads\/2025\/06\/ChatGPT-Image-3-de-jun.-de-2025-19_04_53.png?resize=683%2C1024&amp;ssl=1 683w, https:\/\/i0.wp.com\/1truenote.com\/wp-content\/uploads\/2025\/06\/ChatGPT-Image-3-de-jun.-de-2025-19_04_53.png?resize=768%2C1152&amp;ssl=1 768w, https:\/\/i0.wp.com\/1truenote.com\/wp-content\/uploads\/2025\/06\/ChatGPT-Image-3-de-jun.-de-2025-19_04_53.png?resize=150%2C225&amp;ssl=1 150w\" sizes=\"(max-width: 1024px) 100vw, 1024px\" \/><\/a><\/figure>\n\n\n\n<hr class=\"wp-block-separator has-alpha-channel-opacity\"\/>\n\n\n\n<h2 id='estilos-de-home-office-decorado'  id=\"boomdevs_3\" class=\"wp-block-heading\">Estilos de home office decorado<\/h2>\n\n\n\n<figure class=\"wp-block-table\"><table class=\"has-fixed-layout\"><thead><tr><th><strong>Estilo<\/strong><\/th><th><strong>Caracter\u00edsticas<\/strong><\/th><th><strong>Indica\u00e7\u00e3o<\/strong><\/th><\/tr><\/thead><tbody><tr><td><strong>Moderno<\/strong><\/td><td>Linhas retas, m\u00f3veis funcionais, ilumina\u00e7\u00e3o em LED.<\/td><td>Quem busca praticidade e design clean.<\/td><\/tr><tr><td><strong>Industrial<\/strong><\/td><td>Tijolos aparentes, m\u00f3veis em ferro e madeira, ilumina\u00e7\u00e3o pendente.<\/td><td>Ideal para quem gosta de ambientes urbanos.<\/td><\/tr><tr><td><strong>Minimalista<\/strong><\/td><td>Poucos elementos, paleta neutra, foco na organiza\u00e7\u00e3o.<\/td><td>Perfeito para quem quer foco e simplicidade.<\/td><\/tr><tr><td><strong>Cl\u00e1ssico<\/strong><\/td><td>M\u00f3veis robustos, tons neutros, estantes cheias de livros.<\/td><td>\u00d3timo para advogados, escritores e estudiosos.<\/td><\/tr><tr><td><strong>Criativo<\/strong><\/td><td>Cores vibrantes, quadros, elementos decorativos que inspiram inova\u00e7\u00e3o.<\/td><td>Para artistas, designers e profiss\u00f5es criativas.<\/td><\/tr><\/tbody><\/table><\/figure>\n\n\n\n<hr class=\"wp-block-separator has-alpha-channel-opacity\"\/>\n\n\n\n<a href=\"https:\/\/1truenote.com\/banheiro-com-duas-cubas\/\" style=\"text-decoration: none;\">\n  <div style=\"display: flex; justify-content: space-between; align-items: center; background: #d44a00; padding: 12px 20px; color: white; font-family: Arial, sans-serif;\">\n    <strong style=\"color: black;\">LEIA TAMB\u00c9M:<\/strong>\n    <span style=\"margin-left: 8px; flex: 1;\">Banheiro com duas cubas eleg\u00e2ncia e praticidade<\/span>\n    <div style=\"background: #f2802f; padding: 8px 12px; border-radius: 2px; margin-left: 10px;\">\n      <span style=\"color: white; font-weight: bold;\">\u27a4<\/span>\n    <\/div>\n  <\/div>\n<\/a>\n\n\n\n<hr class=\"wp-block-separator has-alpha-channel-opacity\"\/>\n\n\n\n<h2 id='elementos-que-fazem-diferen\u00e7a'  id=\"boomdevs_4\" class=\"wp-block-heading\">Elementos que fazem diferen\u00e7a<\/h2>\n\n\n\n<ul class=\"wp-block-list\">\n<li><strong>Estantes de livros<\/strong> \u2013 Organizam e decoram.<\/li>\n\n\n\n<li><strong>Plantas<\/strong> \u2013 Trazem vida e purificam o ar.<\/li>\n\n\n\n<li><strong>Tapetes<\/strong> \u2013 Criam aconchego e delimitam o espa\u00e7o.<\/li>\n\n\n\n<li><strong>Quadros e murais<\/strong> \u2013 Inspiram e motivam.<\/li>\n\n\n\n<li><strong>Lumin\u00e1rias de mesa<\/strong> \u2013 Garantem ilumina\u00e7\u00e3o adequada e estilo.<\/li>\n<\/ul>\n\n\n\n<hr class=\"wp-block-separator has-alpha-channel-opacity\"\/>\n\n\n\n<h2 id='como-manter-o-home-office-sempre-organizado'  id=\"boomdevs_5\" class=\"wp-block-heading\">Como Manter o Home Office Sempre Organizado<\/h2>\n\n\n\n<p>Manter a organiza\u00e7\u00e3o do <strong>home office decorado<\/strong> \u00e9 essencial para preservar a funcionalidade e a est\u00e9tica do espa\u00e7o. Use caixas organizadoras, gavetas planejadas e prateleiras para guardar documentos, acess\u00f3rios e equipamentos. Al\u00e9m disso, adote o h\u00e1bito de reservar alguns minutos no final do dia para reorganizar a mesa e deixar tudo pronto para a pr\u00f3xima jornada de trabalho. Essa pr\u00e1tica simples aumenta a produtividade e evita a sensa\u00e7\u00e3o de desordem no ambiente.<\/p>\n\n\n\n<hr class=\"wp-block-separator has-alpha-channel-opacity\"\/>\n\n\n    <div class=\"hostinger-affiliate-block-list-with-desc\">\n                    <div class=\"hostinger-affiliate-block-list-with-desc__bestseller-label\">\n                                Bestseller #1            <\/div>\n                    <div class=\"hostinger-affiliate-block-list-with-desc__inner-wrap\">\n                            <div class=\"hostinger-affiliate-block-list-with-desc__image\">\n                    <a href=\"https:\/\/www.amazon.com.br\/dp\/B09X1TCBMW?tag=joaopedro047-20\" target=\"_blank\" rel=\"nofollow noopener noreferrer\">\n                        <img decoding=\"async\" src=\"https:\/\/m.media-amazon.com\/images\/I\/51mHnzu6buL.jpg\" alt=\"Escrivaninha em L Retr\u00f4 para Home Office ou Escrit\u00f3rio 2 Gavetas ...\">\n                    <\/a>\n                <\/div>\n                            <div class=\"hostinger-affiliate-block-list-with-desc__product-data\">\n                <div class=\"hostinger-affiliate-block-list-with-desc__product-title\">\n                    <a href=\"https:\/\/www.amazon.com.br\/dp\/B09X1TCBMW?tag=joaopedro047-20\" target=\"_blank\" rel=\"nofollow noopener noreferrer\">\n                        <h3 id='escrivaninha-em-l-retr\u00f4-para-home-office-ou-escrit\u00f3rio-2-gavetas'  id=\"boomdevs_6\">\n                            Escrivaninha em L Retr\u00f4 para Home Office ou Escrit\u00f3rio 2 Gavetas &#8230;                        <\/h3>\n                    <\/a>\n                <\/div>\n                                    <div class=\"hostinger-affiliate-block-list-with-desc__product-description\">\n                                <ul>\n                                <li>P\u00e9s com feltro adesivo para prote\u00e7\u00e3o do piso; Montagem para o lado esquero ou direito; 5 espa\u00e7osos nichos; 2 gavetas com&#8230;<\/li>\n                            <\/ul>\n                            <\/div>\n                                    <div class=\"hostinger-affiliate-block-list-with-desc__product-actions\">\n                                            <div class=\"hostinger-affiliate-block-list-with-desc__product-price\">\n                            R$738,99                        <\/div>\n                                            <div class=\"hostinger-affiliate-block-list-with-desc__product-button-wrap\">\n                        <a href=\"https:\/\/www.amazon.com.br\/dp\/B09X1TCBMW?tag=joaopedro047-20\" class=\"hostinger-affiliate-block-list-with-desc__product-amazon-button\" target=\"_blank\" rel=\"nofollow noopener noreferrer\">\n    Buy on Amazon<\/a>\n                    <\/div>\n                <\/div>\n            <\/div>\n        <\/div>\n    <\/div>\n        <div class=\"hostinger-affiliate-block-list-with-desc\">\n                    <div class=\"hostinger-affiliate-block-list-with-desc__bestseller-label\">\n                                Bestseller #2            <\/div>\n                    <div class=\"hostinger-affiliate-block-list-with-desc__inner-wrap\">\n                            <div class=\"hostinger-affiliate-block-list-with-desc__image\">\n                    <a href=\"https:\/\/www.amazon.com.br\/dp\/B0FPGGHJMZ?tag=joaopedro047-20\" target=\"_blank\" rel=\"nofollow noopener noreferrer\">\n                        <img decoding=\"async\" src=\"https:\/\/m.media-amazon.com\/images\/I\/41x7n-ycIrL.jpg\" alt=\"Mesa Dobr\u00e1vel Port\u00e1til Articulada para Notebook Laptop \u2013 Uso em H...\">\n                    <\/a>\n                <\/div>\n                            <div class=\"hostinger-affiliate-block-list-with-desc__product-data\">\n                <div class=\"hostinger-affiliate-block-list-with-desc__product-title\">\n                    <a href=\"https:\/\/www.amazon.com.br\/dp\/B0FPGGHJMZ?tag=joaopedro047-20\" target=\"_blank\" rel=\"nofollow noopener noreferrer\">\n                        <h3 id='mesa-dobr\u00e1vel-port\u00e1til-articulada-para-notebook-laptop-uso-em-h'  id=\"boomdevs_7\">\n                            Mesa Dobr\u00e1vel Port\u00e1til Articulada para Notebook Laptop \u2013 Uso em H&#8230;                        <\/h3>\n                    <\/a>\n                <\/div>\n                                    <div class=\"hostinger-affiliate-block-list-with-desc__product-description\">\n                                <ul>\n                                <li>\u2705 Design Vers\u00e1til e Moderno \u2013 Ideal para uso no sof\u00e1, cama, ch\u00e3o, escrit\u00f3rio ou em viagens. Perfeita para trabalhar, est&#8230;<\/li>\n                                        <li>\ud83d\udcd0 Espa\u00e7o de Sobra para o Dia a Dia \u2013 Superf\u00edcie ampla de 60 x 40 cm que acomoda notebooks at\u00e9 15,6&#8243;, mouse, caneca, cade&#8230;<\/li>\n                                        <li>\ud83d\udda5\ufe0f Ergonomia Inteligente \u2013 Altura de 25 cm ideal para manter boa postura e evitar desconfortos, mesmo fora da escrivanin&#8230;<\/li>\n                            <\/ul>\n                            <\/div>\n                                    <div class=\"hostinger-affiliate-block-list-with-desc__product-actions\">\n                                            <div class=\"hostinger-affiliate-block-list-with-desc__product-price\">\n                            R$46,90                        <\/div>\n                                            <div class=\"hostinger-affiliate-block-list-with-desc__product-button-wrap\">\n                        <a href=\"https:\/\/www.amazon.com.br\/dp\/B0FPGGHJMZ?tag=joaopedro047-20\" class=\"hostinger-affiliate-block-list-with-desc__product-amazon-button\" target=\"_blank\" rel=\"nofollow noopener noreferrer\">\n    Buy on Amazon<\/a>\n                    <\/div>\n                <\/div>\n            <\/div>\n        <\/div>\n    <\/div>\n        <div class=\"hostinger-affiliate-block-list-with-desc\">\n                    <div class=\"hostinger-affiliate-block-list-with-desc__bestseller-label\">\n                                Bestseller #3            <\/div>\n                    <div class=\"hostinger-affiliate-block-list-with-desc__inner-wrap\">\n                            <div class=\"hostinger-affiliate-block-list-with-desc__image\">\n                    <a href=\"https:\/\/www.amazon.com.br\/dp\/B0F6DDT511?tag=joaopedro047-20\" target=\"_blank\" rel=\"nofollow noopener noreferrer\">\n                        <img decoding=\"async\" src=\"https:\/\/m.media-amazon.com\/images\/I\/41NOMLdtQzL.jpg\" alt=\"Suporte Ergon\u00f4mico para Notebook e Tablet em Alum\u00ednio | Dobr\u00e1vel,...\">\n                    <\/a>\n                <\/div>\n                            <div class=\"hostinger-affiliate-block-list-with-desc__product-data\">\n                <div class=\"hostinger-affiliate-block-list-with-desc__product-title\">\n                    <a href=\"https:\/\/www.amazon.com.br\/dp\/B0F6DDT511?tag=joaopedro047-20\" target=\"_blank\" rel=\"nofollow noopener noreferrer\">\n                        <h3 id='suporte-ergon\u00f4mico-para-notebook-e-tablet-em-alum\u00ednio-|-dobr\u00e1vel'  id=\"boomdevs_8\">\n                            Suporte Ergon\u00f4mico para Notebook e Tablet em Alum\u00ednio | Dobr\u00e1vel,&#8230;                        <\/h3>\n                    <\/a>\n                <\/div>\n                                    <div class=\"hostinger-affiliate-block-list-with-desc__product-description\">\n                                <ul>\n                                <li>\ud83d\udcbb Ajuste Ergon\u00f4mico Personalizado \u2013 Seis n\u00edveis de inclina\u00e7\u00e3o para melhor postura e conforto visual<\/li>\n                                        <li>\ud83d\udee1\ufe0f Material Premium em Alum\u00ednio \u2013 Mais resist\u00eancia, durabilidade e leveza no uso di\u00e1rio<\/li>\n                                        <li>\ud83c\udf92 Dobr\u00e1vel e Port\u00e1til \u2013 Compacto, acompanha bolsa de transporte para viagens e home office<\/li>\n                            <\/ul>\n                            <\/div>\n                                    <div class=\"hostinger-affiliate-block-list-with-desc__product-actions\">\n                                            <div class=\"hostinger-affiliate-block-list-with-desc__product-price\">\n                            R$32,90                        <\/div>\n                                            <div class=\"hostinger-affiliate-block-list-with-desc__product-button-wrap\">\n                        <a href=\"https:\/\/www.amazon.com.br\/dp\/B0F6DDT511?tag=joaopedro047-20\" class=\"hostinger-affiliate-block-list-with-desc__product-amazon-button\" target=\"_blank\" rel=\"nofollow noopener noreferrer\">\n    Buy on Amazon<\/a>\n                    <\/div>\n                <\/div>\n            <\/div>\n        <\/div>\n    <\/div>\n        <div class=\"hostinger-affiliate-block-list-with-desc\">\n                    <div class=\"hostinger-affiliate-block-list-with-desc__bestseller-label\">\n                                Bestseller #4            <\/div>\n                    <div class=\"hostinger-affiliate-block-list-with-desc__inner-wrap\">\n                            <div class=\"hostinger-affiliate-block-list-with-desc__image\">\n                    <a href=\"https:\/\/www.amazon.com.br\/dp\/B0779M8GW6?tag=joaopedro047-20\" target=\"_blank\" rel=\"nofollow noopener noreferrer\">\n                        <img decoding=\"async\" src=\"https:\/\/m.media-amazon.com\/images\/I\/61Da8GD5dXL.jpg\" alt=\"Ordene - Lixeira de Metal Redonda de 8,5 Litros, Cor Preta, Linha...\">\n                    <\/a>\n                <\/div>\n                            <div class=\"hostinger-affiliate-block-list-with-desc__product-data\">\n                <div class=\"hostinger-affiliate-block-list-with-desc__product-title\">\n                    <a href=\"https:\/\/www.amazon.com.br\/dp\/B0779M8GW6?tag=joaopedro047-20\" target=\"_blank\" rel=\"nofollow noopener noreferrer\">\n                        <h3 id='ordene-lixeira-de-metal-redonda-de-8-5-litros-cor-preta-linha'  id=\"boomdevs_9\">\n                            Ordene &#8211; Lixeira de Metal Redonda de 8,5 Litros, Cor Preta, Linha&#8230;                        <\/h3>\n                    <\/a>\n                <\/div>\n                                    <div class=\"hostinger-affiliate-block-list-with-desc__product-description\">\n                                <ul>\n                                <li>Ideal para ser utilizada em escrit\u00f3rios ou home office.<\/li>\n                                        <li>Para descarte de lixo dom\u00e9stico\/escrit\u00f3rio.<\/li>\n                                        <li>Produzido em metal, tornando-se dur\u00e1vel, resistente e f\u00e1cil de limpar.<\/li>\n                            <\/ul>\n                            <\/div>\n                                    <div class=\"hostinger-affiliate-block-list-with-desc__product-actions\">\n                                            <div class=\"hostinger-affiliate-block-list-with-desc__product-price\">\n                            R$39,90                        <\/div>\n                                            <div class=\"hostinger-affiliate-block-list-with-desc__product-button-wrap\">\n                        <a href=\"https:\/\/www.amazon.com.br\/dp\/B0779M8GW6?tag=joaopedro047-20\" class=\"hostinger-affiliate-block-list-with-desc__product-amazon-button\" target=\"_blank\" rel=\"nofollow noopener noreferrer\">\n    Buy on Amazon<\/a>\n                    <\/div>\n                <\/div>\n            <\/div>\n        <\/div>\n    <\/div>\n        <div class=\"hostinger-affiliate-block-list-with-desc\">\n                    <div class=\"hostinger-affiliate-block-list-with-desc__bestseller-label\">\n                                Bestseller #5            <\/div>\n                    <div class=\"hostinger-affiliate-block-list-with-desc__inner-wrap\">\n                            <div class=\"hostinger-affiliate-block-list-with-desc__image\">\n                    <a href=\"https:\/\/www.amazon.com.br\/dp\/B0DG35QMM7?tag=joaopedro047-20\" target=\"_blank\" rel=\"nofollow noopener noreferrer\">\n                        <img decoding=\"async\" src=\"https:\/\/m.media-amazon.com\/images\/I\/31O3QMRuh9L.jpg\" alt=\"Mesa Estilo Industrial Guto 1,35 Metros Escrit\u00f3rio Escrivaninha C...\">\n                    <\/a>\n                <\/div>\n                            <div class=\"hostinger-affiliate-block-list-with-desc__product-data\">\n                <div class=\"hostinger-affiliate-block-list-with-desc__product-title\">\n                    <a href=\"https:\/\/www.amazon.com.br\/dp\/B0DG35QMM7?tag=joaopedro047-20\" target=\"_blank\" rel=\"nofollow noopener noreferrer\">\n                        <h3 id='mesa-estilo-industrial-guto-1-35-metros-escrit\u00f3rio-escrivaninha-c'  id=\"boomdevs_10\">\n                            Mesa Estilo Industrial Guto 1,35 Metros Escrit\u00f3rio Escrivaninha C&#8230;                        <\/h3>\n                    <\/a>\n                <\/div>\n                                    <div class=\"hostinger-affiliate-block-list-with-desc__product-description\">\n                                <ul>\n                                <li>Mesa de computador Resistente Estilo Industrial Escrivaninha Quarto Sala Escrit\u00f3rio Preto Branco Gamer Mesa De Estudos P&#8230;<\/li>\n                            <\/ul>\n                            <\/div>\n                                    <div class=\"hostinger-affiliate-block-list-with-desc__product-actions\">\n                                            <div class=\"hostinger-affiliate-block-list-with-desc__product-price\">\n                            R$182,99                        <\/div>\n                                            <div class=\"hostinger-affiliate-block-list-with-desc__product-button-wrap\">\n                        <a href=\"https:\/\/www.amazon.com.br\/dp\/B0DG35QMM7?tag=joaopedro047-20\" class=\"hostinger-affiliate-block-list-with-desc__product-amazon-button\" target=\"_blank\" rel=\"nofollow noopener noreferrer\">\n    Buy on Amazon<\/a>\n                    <\/div>\n                <\/div>\n            <\/div>\n        <\/div>\n    <\/div>\n        <div class=\"hostinger-affiliate-block-list-with-desc\">\n                    <div class=\"hostinger-affiliate-block-list-with-desc__bestseller-label\">\n                                Bestseller #6            <\/div>\n                    <div class=\"hostinger-affiliate-block-list-with-desc__inner-wrap\">\n                            <div class=\"hostinger-affiliate-block-list-with-desc__image\">\n                    <a href=\"https:\/\/www.amazon.com.br\/dp\/B0FQ5L8ZZ4?tag=joaopedro047-20\" target=\"_blank\" rel=\"nofollow noopener noreferrer\">\n                        <img decoding=\"async\" src=\"https:\/\/m.media-amazon.com\/images\/I\/41cLRwO+DoL.jpg\" alt=\"Mesa Escrivaninha Em L Industrial Para Home Office Escritorio Est...\">\n                    <\/a>\n                <\/div>\n                            <div class=\"hostinger-affiliate-block-list-with-desc__product-data\">\n                <div class=\"hostinger-affiliate-block-list-with-desc__product-title\">\n                    <a href=\"https:\/\/www.amazon.com.br\/dp\/B0FQ5L8ZZ4?tag=joaopedro047-20\" target=\"_blank\" rel=\"nofollow noopener noreferrer\">\n                        <h3 id='mesa-escrivaninha-em-l-industrial-para-home-office-escritorio-est'  id=\"boomdevs_11\">\n                            Mesa Escrivaninha Em L Industrial Para Home Office Escritorio Est&#8230;                        <\/h3>\n                    <\/a>\n                <\/div>\n                                    <div class=\"hostinger-affiliate-block-list-with-desc__product-description\">\n                                <ul>\n                                <li>Design Industrial Robustez E Estilo Nossa Mesa Em L Industrial Combina A Est\u00e9Tica R\u00faStica E Moderna Do Estilo Industrial&#8230;<\/li>\n                                        <li>Maximize Seu Espaco E Produtividade O Design Inteligente Em L Da Escrivaninha Oferece Ampla Superf\u00edCie De Trabalho Ideal&#8230;<\/li>\n                                        <li>Multifuncional Para Todos Os Ambientes Perfeita N\u00e3O Apenas Para O Home Office Mas Tamb\u00e9M Para O Quarto De Estudante Ou S&#8230;<\/li>\n                            <\/ul>\n                            <\/div>\n                                    <div class=\"hostinger-affiliate-block-list-with-desc__product-actions\">\n                                            <div class=\"hostinger-affiliate-block-list-with-desc__product-price\">\n                            R$365,80                        <\/div>\n                                            <div class=\"hostinger-affiliate-block-list-with-desc__product-button-wrap\">\n                        <a href=\"https:\/\/www.amazon.com.br\/dp\/B0FQ5L8ZZ4?tag=joaopedro047-20\" class=\"hostinger-affiliate-block-list-with-desc__product-amazon-button\" target=\"_blank\" rel=\"nofollow noopener noreferrer\">\n    Buy on Amazon<\/a>\n                    <\/div>\n                <\/div>\n            <\/div>\n        <\/div>\n    <\/div>\n        <div class=\"hostinger-affiliate-block-list-with-desc\">\n                    <div class=\"hostinger-affiliate-block-list-with-desc__bestseller-label\">\n                                Bestseller #7            <\/div>\n                    <div class=\"hostinger-affiliate-block-list-with-desc__inner-wrap\">\n                            <div class=\"hostinger-affiliate-block-list-with-desc__image\">\n                    <a href=\"https:\/\/www.amazon.com.br\/dp\/B0D2S12XYZ?tag=joaopedro047-20\" target=\"_blank\" rel=\"nofollow noopener noreferrer\">\n                        <img decoding=\"async\" src=\"https:\/\/m.media-amazon.com\/images\/I\/41X2PUxeD4L.jpg\" alt=\"Mesa Retangular para Escrit\u00f3rio Elegante e Moderna - Funcional e ...\">\n                    <\/a>\n                <\/div>\n                            <div class=\"hostinger-affiliate-block-list-with-desc__product-data\">\n                <div class=\"hostinger-affiliate-block-list-with-desc__product-title\">\n                    <a href=\"https:\/\/www.amazon.com.br\/dp\/B0D2S12XYZ?tag=joaopedro047-20\" target=\"_blank\" rel=\"nofollow noopener noreferrer\">\n                        <h3 id='mesa-retangular-para-escrit\u00f3rio-elegante-e-moderna-funcional-e'  id=\"boomdevs_12\">\n                            Mesa Retangular para Escrit\u00f3rio Elegante e Moderna &#8211; Funcional e &#8230;                        <\/h3>\n                    <\/a>\n                <\/div>\n                                    <div class=\"hostinger-affiliate-block-list-with-desc__product-description\">\n                                <ul>\n                                <li>A Mesa 1450 da linha Y37 \u00e9 a op\u00e7\u00e3o perfeita para quem est\u00e1 buscando uma linda mesa para seu escrit\u00f3rio ou home office.<\/li>\n                            <\/ul>\n                            <\/div>\n                                    <div class=\"hostinger-affiliate-block-list-with-desc__product-actions\">\n                                            <div class=\"hostinger-affiliate-block-list-with-desc__product-price\">\n                            R$649,00                        <\/div>\n                                            <div class=\"hostinger-affiliate-block-list-with-desc__product-button-wrap\">\n                        <a href=\"https:\/\/www.amazon.com.br\/dp\/B0D2S12XYZ?tag=joaopedro047-20\" class=\"hostinger-affiliate-block-list-with-desc__product-amazon-button\" target=\"_blank\" rel=\"nofollow noopener noreferrer\">\n    Buy on Amazon<\/a>\n                    <\/div>\n                <\/div>\n            <\/div>\n        <\/div>\n    <\/div>\n        <div class=\"hostinger-affiliate-block-list-with-desc\">\n                    <div class=\"hostinger-affiliate-block-list-with-desc__bestseller-label\">\n                                Bestseller #8            <\/div>\n                    <div class=\"hostinger-affiliate-block-list-with-desc__inner-wrap\">\n                            <div class=\"hostinger-affiliate-block-list-with-desc__image\">\n                    <a href=\"https:\/\/www.amazon.com.br\/dp\/B0F5CNV4L2?tag=joaopedro047-20\" target=\"_blank\" rel=\"nofollow noopener noreferrer\">\n                        <img decoding=\"async\" src=\"https:\/\/m.media-amazon.com\/images\/I\/518zd0nCKxL.jpg\" alt=\"Cadeira De Escrit\u00f3rio Executiva Presidente Ergon\u00f4mica Girat\u00f3ria A...\">\n                    <\/a>\n                <\/div>\n                            <div class=\"hostinger-affiliate-block-list-with-desc__product-data\">\n                <div class=\"hostinger-affiliate-block-list-with-desc__product-title\">\n                    <a href=\"https:\/\/www.amazon.com.br\/dp\/B0F5CNV4L2?tag=joaopedro047-20\" target=\"_blank\" rel=\"nofollow noopener noreferrer\">\n                        <h3 id='cadeira-de-escrit\u00f3rio-executiva-presidente-ergon\u00f4mica-girat\u00f3ria-a'  id=\"boomdevs_13\">\n                            Cadeira De Escrit\u00f3rio Executiva Presidente Ergon\u00f4mica Girat\u00f3ria A&#8230;                        <\/h3>\n                    <\/a>\n                <\/div>\n                                    <div class=\"hostinger-affiliate-block-list-with-desc__product-description\">\n                                <ul>\n                                <li>OBSERVA\u00c7\u00c2O: CARO CLIENTE, POR GENTILEZA DE PREFER\u00caNCIA REALIZAR COMPRA DE 1 UNIDADE POR NOTA, EM QUEST\u00c3O DE FACILITAR O &#8230;<\/li>\n                                        <li>Transforme seu ambiente de trabalho com a Cadeira Presidente Executiva Ergon\u00f4mica, projetada para oferecer conforto, pos&#8230;<\/li>\n                                        <li>Com design moderno e sofisticado, ela combina qualidade, resist\u00eancia e estilo, ideal para escrit\u00f3rios, home office e uso&#8230;<\/li>\n                            <\/ul>\n                            <\/div>\n                                    <div class=\"hostinger-affiliate-block-list-with-desc__product-actions\">\n                                            <div class=\"hostinger-affiliate-block-list-with-desc__product-price\">\n                            R$629,00                        <\/div>\n                                            <div class=\"hostinger-affiliate-block-list-with-desc__product-button-wrap\">\n                        <a href=\"https:\/\/www.amazon.com.br\/dp\/B0F5CNV4L2?tag=joaopedro047-20\" class=\"hostinger-affiliate-block-list-with-desc__product-amazon-button\" target=\"_blank\" rel=\"nofollow noopener noreferrer\">\n    Buy on Amazon<\/a>\n                    <\/div>\n                <\/div>\n            <\/div>\n        <\/div>\n    <\/div>\n        <div class=\"hostinger-affiliate-block-list-with-desc\">\n                    <div class=\"hostinger-affiliate-block-list-with-desc__bestseller-label\">\n                                Bestseller #9            <\/div>\n                    <div class=\"hostinger-affiliate-block-list-with-desc__inner-wrap\">\n                            <div class=\"hostinger-affiliate-block-list-with-desc__image\">\n                    <a href=\"https:\/\/www.amazon.com.br\/dp\/B0DGRV5KDM?tag=joaopedro047-20\" target=\"_blank\" rel=\"nofollow noopener noreferrer\">\n                        <img decoding=\"async\" src=\"https:\/\/m.media-amazon.com\/images\/I\/51wdyxZPBPL.jpg\" alt=\"Cadeira De Escrit\u00f3rio Presidente Reclinavel Com Apoio de Pes Cor ...\">\n                    <\/a>\n                <\/div>\n                            <div class=\"hostinger-affiliate-block-list-with-desc__product-data\">\n                <div class=\"hostinger-affiliate-block-list-with-desc__product-title\">\n                    <a href=\"https:\/\/www.amazon.com.br\/dp\/B0DGRV5KDM?tag=joaopedro047-20\" target=\"_blank\" rel=\"nofollow noopener noreferrer\">\n                        <h3 id='cadeira-de-escrit\u00f3rio-presidente-reclinavel-com-apoio-de-pes-cor'  id=\"boomdevs_14\">\n                            Cadeira De Escrit\u00f3rio Presidente Reclinavel Com Apoio de Pes Cor &#8230;                        <\/h3>\n                    <\/a>\n                <\/div>\n                                    <div class=\"hostinger-affiliate-block-list-with-desc__product-description\">\n                                <ul>\n                                <li>\u2728\u3010Experi\u00eancia confort\u00e1vel\u3011A cadeira de escrit\u00f3rio ergonomicamente projetada envolve suavemente seu corpo e apoia seu pes&#8230;<\/li>\n                                        <li>\u2728\u3010Apoio para os p\u00e9s retr\u00e1til\u3011Nossa cadeira est\u00e1 equipada com um apoio para os p\u00e9s, localizado sob a cadeira, que \u00e9 conve&#8230;<\/li>\n                                        <li>\u2728\u3010Design ergon\u00f4mico\u3011 O couro \u00e0 prova d&#8217;\u00e1gua desta cadeira de escrit\u00f3rio com espuma de alta densidade cria um design curv&#8230;<\/li>\n                            <\/ul>\n                            <\/div>\n                                    <div class=\"hostinger-affiliate-block-list-with-desc__product-actions\">\n                                            <div class=\"hostinger-affiliate-block-list-with-desc__product-price\">\n                            R$690,00                        <\/div>\n                                            <div class=\"hostinger-affiliate-block-list-with-desc__product-button-wrap\">\n                        <a href=\"https:\/\/www.amazon.com.br\/dp\/B0DGRV5KDM?tag=joaopedro047-20\" class=\"hostinger-affiliate-block-list-with-desc__product-amazon-button\" target=\"_blank\" rel=\"nofollow noopener noreferrer\">\n    Buy on Amazon<\/a>\n                    <\/div>\n                <\/div>\n            <\/div>\n        <\/div>\n    <\/div>\n        <div class=\"hostinger-affiliate-block-list-with-desc\">\n                    <div class=\"hostinger-affiliate-block-list-with-desc__bestseller-label\">\n                                Bestseller #10            <\/div>\n                    <div class=\"hostinger-affiliate-block-list-with-desc__inner-wrap\">\n                            <div class=\"hostinger-affiliate-block-list-with-desc__image\">\n                    <a href=\"https:\/\/www.amazon.com.br\/dp\/B09VNBCFDJ?tag=joaopedro047-20\" target=\"_blank\" rel=\"nofollow noopener noreferrer\">\n                        <img decoding=\"async\" src=\"https:\/\/m.media-amazon.com\/images\/I\/41bJpJfkbBL.jpg\" alt=\"Cadeira Escrit\u00f3rio Presidente Atlanta Duoffice Preta Comfort DU50...\">\n                    <\/a>\n                <\/div>\n                            <div class=\"hostinger-affiliate-block-list-with-desc__product-data\">\n                <div class=\"hostinger-affiliate-block-list-with-desc__product-title\">\n                    <a href=\"https:\/\/www.amazon.com.br\/dp\/B09VNBCFDJ?tag=joaopedro047-20\" target=\"_blank\" rel=\"nofollow noopener noreferrer\">\n                        <h3 id='cadeira-escrit\u00f3rio-presidente-atlanta-duoffice-preta-comfort-du50'  id=\"boomdevs_15\">\n                            Cadeira Escrit\u00f3rio Presidente Atlanta Duoffice Preta Comfort DU50&#8230;                        <\/h3>\n                    <\/a>\n                <\/div>\n                                    <div class=\"hostinger-affiliate-block-list-with-desc__product-description\">\n                                <ul>\n                                <li>\u2705 Design Ergon\u00f4mico e Conforto Premium: a Cadeira Presidente Duoffice DU500A combina estilo e funcionalidade, com assent&#8230;<\/li>\n                                        <li>\u2705 Base Girat\u00f3ria em Metal Cromado: Com base girat\u00f3ria em metal cromado, a DU500A oferece resist\u00eancia e durabilidade, al\u00e9&#8230;<\/li>\n                                        <li>\u2705 Mecanismo Pneum\u00e1tico: A Cadeira Presidente Duoffice DU500A conta com mecanismo pneum\u00e1tico, que permite ajustar a altur&#8230;<\/li>\n                            <\/ul>\n                            <\/div>\n                                    <div class=\"hostinger-affiliate-block-list-with-desc__product-actions\">\n                                            <div class=\"hostinger-affiliate-block-list-with-desc__product-price\">\n                            R$699,90                        <\/div>\n                                            <div class=\"hostinger-affiliate-block-list-with-desc__product-button-wrap\">\n                        <a href=\"https:\/\/www.amazon.com.br\/dp\/B09VNBCFDJ?tag=joaopedro047-20\" class=\"hostinger-affiliate-block-list-with-desc__product-amazon-button\" target=\"_blank\" rel=\"nofollow noopener noreferrer\">\n    Buy on Amazon<\/a>\n                    <\/div>\n                <\/div>\n            <\/div>\n        <\/div>\n    <\/div>\n        <div class=\"hostinger-affiliate-block-list-with-desc\">\n                    <div class=\"hostinger-affiliate-block-list-with-desc__bestseller-label\">\n                                Bestseller #11            <\/div>\n                    <div class=\"hostinger-affiliate-block-list-with-desc__inner-wrap\">\n                            <div class=\"hostinger-affiliate-block-list-with-desc__image\">\n                    <a href=\"https:\/\/www.amazon.com.br\/dp\/B09X64KHS6?tag=joaopedro047-20\" target=\"_blank\" rel=\"nofollow noopener noreferrer\">\n                        <img decoding=\"async\" src=\"https:\/\/m.media-amazon.com\/images\/I\/41Yp-iRKqfL.jpg\" alt=\"Cadeira Ergon\u00f4mica para Escrit\u00f3rio Escrivaninha Presidente Big Co...\">\n                    <\/a>\n                <\/div>\n                            <div class=\"hostinger-affiliate-block-list-with-desc__product-data\">\n                <div class=\"hostinger-affiliate-block-list-with-desc__product-title\">\n                    <a href=\"https:\/\/www.amazon.com.br\/dp\/B09X64KHS6?tag=joaopedro047-20\" target=\"_blank\" rel=\"nofollow noopener noreferrer\">\n                        <h3 id='cadeira-ergon\u00f4mica-para-escrit\u00f3rio-escrivaninha-presidente-big-co'  id=\"boomdevs_16\">\n                            Cadeira Ergon\u00f4mica para Escrit\u00f3rio Escrivaninha Presidente Big Co&#8230;                        <\/h3>\n                    <\/a>\n                <\/div>\n                                    <div class=\"hostinger-affiliate-block-list-with-desc__product-description\">\n                                <ul>\n                                <li>[CADEIRA COM MOLAS ENSACADAS] A Cadeira de Escrit\u00f3rio Big da Cadeiras Inc possui 42 molas ensacadas, al\u00e9m de ser revesti&#8230;<\/li>\n                                        <li>[PILLOW TOP NO ASSENTO E ENCOSTO] A nossa cadeira conta com uma camada extra de couro no assento e encosto, para garanti&#8230;<\/li>\n                                        <li>[SISTEMA RELAX COM TRAVA] Possui sistema relax que te permite reclinar o encosto podendo trav\u00e1-lo na posi\u00e7\u00e3o ideal, perm&#8230;<\/li>\n                            <\/ul>\n                            <\/div>\n                                    <div class=\"hostinger-affiliate-block-list-with-desc__product-actions\">\n                                            <div class=\"hostinger-affiliate-block-list-with-desc__product-price\">\n                            R$887,90                        <\/div>\n                                            <div class=\"hostinger-affiliate-block-list-with-desc__product-button-wrap\">\n                        <a href=\"https:\/\/www.amazon.com.br\/dp\/B09X64KHS6?tag=joaopedro047-20\" class=\"hostinger-affiliate-block-list-with-desc__product-amazon-button\" target=\"_blank\" rel=\"nofollow noopener noreferrer\">\n    Buy on Amazon<\/a>\n                    <\/div>\n                <\/div>\n            <\/div>\n        <\/div>\n    <\/div>\n        <div class=\"hostinger-affiliate-block-list-with-desc\">\n                    <div class=\"hostinger-affiliate-block-list-with-desc__bestseller-label\">\n                                Bestseller #12            <\/div>\n                    <div class=\"hostinger-affiliate-block-list-with-desc__inner-wrap\">\n                            <div class=\"hostinger-affiliate-block-list-with-desc__image\">\n                    <a href=\"https:\/\/www.amazon.com.br\/dp\/B0F45XDVZ4?tag=joaopedro047-20\" target=\"_blank\" rel=\"nofollow noopener noreferrer\">\n                        <img decoding=\"async\" src=\"https:\/\/m.media-amazon.com\/images\/I\/41Y8b-m-BAL.jpg\" alt=\"Kit 3x Pendente Corda Retr\u00f4 Vintage R\u00fastico 1 Metro E27\">\n                    <\/a>\n                <\/div>\n                            <div class=\"hostinger-affiliate-block-list-with-desc__product-data\">\n                <div class=\"hostinger-affiliate-block-list-with-desc__product-title\">\n                    <a href=\"https:\/\/www.amazon.com.br\/dp\/B0F45XDVZ4?tag=joaopedro047-20\" target=\"_blank\" rel=\"nofollow noopener noreferrer\">\n                        <h3 id='kit-3x-pendente-corda-retr\u00f4-vintage-r\u00fastico-1-metro-e27'  id=\"boomdevs_17\">\n                            Kit 3x Pendente Corda Retr\u00f4 Vintage R\u00fastico 1 Metro E27                        <\/h3>\n                    <\/a>\n                <\/div>\n                                    <div class=\"hostinger-affiliate-block-list-with-desc__product-description\">\n                                <ul>\n                                <li>DESIGN R\u00daSTICO: Lumin\u00e1ria pendente artesanal com corda tran\u00e7ada, perfeita para ambientes vintage e industriais<\/li>\n                                        <li>DIMENS\u00d5ES: Comprimento total de 100 cent\u00edmetros e di\u00e2metro de 4 cent\u00edmetros, ideal para p\u00e9s-direitos altos<\/li>\n                                        <li>MATERIAL: Confeccionada em corda natural robusta com acabamento em preto na base de fixa\u00e7\u00e3o ao teto<\/li>\n                            <\/ul>\n                            <\/div>\n                                    <div class=\"hostinger-affiliate-block-list-with-desc__product-actions\">\n                                            <div class=\"hostinger-affiliate-block-list-with-desc__product-price\">\n                            R$59,90                        <\/div>\n                                            <div class=\"hostinger-affiliate-block-list-with-desc__product-button-wrap\">\n                        <a href=\"https:\/\/www.amazon.com.br\/dp\/B0F45XDVZ4?tag=joaopedro047-20\" class=\"hostinger-affiliate-block-list-with-desc__product-amazon-button\" target=\"_blank\" rel=\"nofollow noopener noreferrer\">\n    Buy on Amazon<\/a>\n                    <\/div>\n                <\/div>\n            <\/div>\n        <\/div>\n    <\/div>\n        <div class=\"hostinger-affiliate-block-list-with-desc\">\n                    <div class=\"hostinger-affiliate-block-list-with-desc__bestseller-label\">\n                                Bestseller #13            <\/div>\n                    <div class=\"hostinger-affiliate-block-list-with-desc__inner-wrap\">\n                            <div class=\"hostinger-affiliate-block-list-with-desc__image\">\n                    <a href=\"https:\/\/www.amazon.com.br\/dp\/B0BVBWD62H?tag=joaopedro047-20\" target=\"_blank\" rel=\"nofollow noopener noreferrer\">\n                        <img decoding=\"async\" src=\"https:\/\/m.media-amazon.com\/images\/I\/313Ezw08V8L.jpg\" alt=\"Lustre Sputnik Aranha 4 Bra\u00e7os lumin\u00e1ria Industrial\">\n                    <\/a>\n                <\/div>\n                            <div class=\"hostinger-affiliate-block-list-with-desc__product-data\">\n                <div class=\"hostinger-affiliate-block-list-with-desc__product-title\">\n                    <a href=\"https:\/\/www.amazon.com.br\/dp\/B0BVBWD62H?tag=joaopedro047-20\" target=\"_blank\" rel=\"nofollow noopener noreferrer\">\n                        <h3 id='lustre-sputnik-aranha-4-bra\u00e7os-lumin\u00e1ria-industrial'  id=\"boomdevs_18\">\n                            Lustre Sputnik Aranha 4 Bra\u00e7os lumin\u00e1ria Industrial                        <\/h3>\n                    <\/a>\n                <\/div>\n                                    <div class=\"hostinger-affiliate-block-list-with-desc__product-description\">\n                                <ul>\n                                <li>Lumin\u00e1ria Sputnik 4 Bra\u00e7os, com estilo moderno e industrial, fabricado em alum\u00ednio com material resistente ao tempo.<\/li>\n                                        <li>Lumin\u00e1ria Sputnik Ideal para ser instalada em salas, cozinhas, \u00e1rea gourmet etc.<\/li>\n                                        <li>Lumin\u00e1ria Sputnik pode ser instalada em tetos de gesso ou PVC.<\/li>\n                            <\/ul>\n                            <\/div>\n                                    <div class=\"hostinger-affiliate-block-list-with-desc__product-actions\">\n                                            <div class=\"hostinger-affiliate-block-list-with-desc__product-price\">\n                            R$109,90                        <\/div>\n                                            <div class=\"hostinger-affiliate-block-list-with-desc__product-button-wrap\">\n                        <a href=\"https:\/\/www.amazon.com.br\/dp\/B0BVBWD62H?tag=joaopedro047-20\" class=\"hostinger-affiliate-block-list-with-desc__product-amazon-button\" target=\"_blank\" rel=\"nofollow noopener noreferrer\">\n    Buy on Amazon<\/a>\n                    <\/div>\n                <\/div>\n            <\/div>\n        <\/div>\n    <\/div>\n    \n\n\n<hr class=\"wp-block-separator has-alpha-channel-opacity\"\/>\n\n\n\n<h2 id='home-office-decorado'  id=\"boomdevs_19\" class=\"wp-block-heading\">Home office decorado<\/h2>\n\n\n\n<p>O <strong>home office decorado<\/strong> \u00e9 muito mais do que um espa\u00e7o para trabalhar \u2014 \u00e9 um reflexo do estilo de vida. Planejar cada detalhe faz com que o ambiente se torne pr\u00e1tico, confort\u00e1vel e inspirador.<\/p>\n\n\n\n<p>Seja minimalista, moderno, industrial ou cl\u00e1ssico, o importante \u00e9 criar um espa\u00e7o onde voc\u00ea se sinta motivado e acolhido todos os dias. Curtiu nosso artigo?<\/p>\n\n\n\n<hr class=\"wp-block-separator has-alpha-channel-opacity\"\/>\n\n\n\n<a href=\"https:\/\/1truenote.com\/banheiro-com-duas-cubas\/\" style=\"text-decoration: none;\">\n  <div style=\"display: flex; justify-content: space-between; align-items: center; background: #d44a00; padding: 12px 20px; color: white; font-family: Arial, sans-serif;\">\n    <strong style=\"color: black;\">LEIA TAMB\u00c9M:<\/strong>\n    <span style=\"margin-left: 8px; flex: 1;\">Banheiro com duas cubas eleg\u00e2ncia e praticidade<\/span>\n    <div style=\"background: #f2802f; padding: 8px 12px; border-radius: 2px; margin-left: 10px;\">\n      <span style=\"color: white; font-weight: bold;\">\u27a4<\/span>\n    <\/div>\n  <\/div>\n<\/a>\n\n\n\n<hr class=\"wp-block-separator has-alpha-channel-opacity\"\/>\n\n\n\n<h2 id='faq-perguntas-frequentes-sobre-home-office-decorado'  id=\"boomdevs_20\" class=\"wp-block-heading\">FAQ \u2013 Perguntas frequentes sobre home office decorado<\/h2>\n\n\n<div id=\"rank-math-faq\" class=\"rank-math-block\">\n<div class=\"rank-math-list \">\n<div id=\"faq-question-1757697850250\" class=\"rank-math-list-item\">\n<h3 id='preciso-de-um-c\u00f4modo-exclusivo-para-ter-um-home-office'  id=\"boomdevs_21\" class=\"rank-math-question \">Preciso de um c\u00f4modo exclusivo para ter um home office?<\/h3>\n<div class=\"rank-math-answer \">\n\n<p>N\u00e3o necessariamente. Um cantinho bem planejado pode ser suficiente para criar um espa\u00e7o funcional.<\/p>\n\n<\/div>\n<\/div>\n<div id=\"faq-question-1757697852640\" class=\"rank-math-list-item\">\n<h3 id='quais-cores-s\u00e3o-mais-indicadas-para-o-home-office'  id=\"boomdevs_22\" class=\"rank-math-question \">Quais cores s\u00e3o mais indicadas para o home office?<\/h3>\n<div class=\"rank-math-answer \">\n\n<p>Tons claros ajudam na concentra\u00e7\u00e3o, enquanto cores escuras trazem sofistica\u00e7\u00e3o. Aposte no equil\u00edbrio.<\/p>\n\n<\/div>\n<\/div>\n<div id=\"faq-question-1757697853272\" class=\"rank-math-list-item\">\n<h3 id='como-melhorar-a-ilumina\u00e7\u00e3o-do-home-office'  id=\"boomdevs_23\" class=\"rank-math-question \">Como melhorar a ilumina\u00e7\u00e3o do home office?<\/h3>\n<div class=\"rank-math-answer \">\n\n<p>Combine luz natural com lumin\u00e1rias de mesa e fitas de LED embutidas em prateleiras.<\/p>\n\n<\/div>\n<\/div>\n<div id=\"faq-question-1757697854063\" class=\"rank-math-list-item\">\n<h3 id='vale-a-pena-investir-em-m\u00f3veis-planejados'  id=\"boomdevs_24\" class=\"rank-math-question \">Vale a pena investir em m\u00f3veis planejados?<\/h3>\n<div class=\"rank-math-answer \">\n\n<p>Sim! Eles otimizam o espa\u00e7o e trazem mais funcionalidade, especialmente em ambientes pequenos.<\/p>\n\n<\/div>\n<\/div>\n<div id=\"faq-question-1757697923384\" class=\"rank-math-list-item\">\n<h3 id='quais-objetos-decorativos-s\u00e3o-indispens\u00e1veis'  id=\"boomdevs_25\" class=\"rank-math-question \">Quais objetos decorativos s\u00e3o indispens\u00e1veis?<\/h3>\n<div class=\"rank-math-answer \">\n\n<p>Plantas, lumin\u00e1rias, quadros inspiradores e estantes s\u00e3o grandes aliados da decora\u00e7\u00e3o.<\/p>\n\n<\/div>\n<\/div>\n<\/div>\n<\/div>\n\n\n<figure class=\"wp-block-image aligncenter size-large\"><img data-recalc-dims=\"1\" decoding=\"async\" width=\"1024\" height=\"535\" src=\"https:\/\/i0.wp.com\/1truenote.com\/wp-content\/uploads\/2025\/09\/Gemini_Generated_Image_vyk9qovyk9qovyk9.png?resize=1024%2C535&#038;ssl=1\" alt=\"home office decorado\" class=\"wp-image-4148\" srcset=\"https:\/\/i0.wp.com\/1truenote.com\/wp-content\/uploads\/2025\/09\/Gemini_Generated_Image_vyk9qovyk9qovyk9.png?resize=1024%2C535&amp;ssl=1 1024w, https:\/\/i0.wp.com\/1truenote.com\/wp-content\/uploads\/2025\/09\/Gemini_Generated_Image_vyk9qovyk9qovyk9.png?resize=300%2C157&amp;ssl=1 300w, https:\/\/i0.wp.com\/1truenote.com\/wp-content\/uploads\/2025\/09\/Gemini_Generated_Image_vyk9qovyk9qovyk9.png?resize=768%2C401&amp;ssl=1 768w, https:\/\/i0.wp.com\/1truenote.com\/wp-content\/uploads\/2025\/09\/Gemini_Generated_Image_vyk9qovyk9qovyk9.png?resize=18%2C9&amp;ssl=1 18w, https:\/\/i0.wp.com\/1truenote.com\/wp-content\/uploads\/2025\/09\/Gemini_Generated_Image_vyk9qovyk9qovyk9.png?resize=150%2C78&amp;ssl=1 150w, https:\/\/i0.wp.com\/1truenote.com\/wp-content\/uploads\/2025\/09\/Gemini_Generated_Image_vyk9qovyk9qovyk9.png?w=1408&amp;ssl=1 1408w\" sizes=\"(max-width: 1024px) 100vw, 1024px\" \/><\/figure>\n","protected":false},"excerpt":{"rendered":"<p>O home office decorado deixou de ser apenas uma necessidade e se transformou em um verdadeiro ambiente de bem-estar e&#8230;<\/p>","protected":false},"author":1,"featured_media":4148,"comment_status":"open","ping_status":"open","sticky":false,"template":"","format":"standard","meta":{"_kad_post_transparent":"","_kad_post_title":"","_kad_post_layout":"","_kad_post_sidebar_id":"","_kad_post_content_style":"","_kad_post_vertical_padding":"","_kad_post_feature":"","_kad_post_feature_position":"","_kad_post_header":false,"_kad_post_footer":false,"_kad_post_classname":"","footnotes":"","jetpack_publicize_message":"\u2728 Industrial com alma sofisticada \u2728 \n\nTijolos aparentes, madeira robusta e ferro ganham um novo significado quando combinados com detalhes refinados e ilumina\u00e7\u00e3o acolhedora.\n\nO estilo industrial elegante transforma ambientes em espa\u00e7os modernos, confort\u00e1veis e cheios de personalidade. \ud83d\udda4\n\n#carvalhoconsultoriabrasil\n#truenote\n#decor\n#decoraco\n#EstiloIndustrial #IndustrialElegante #Decoracaomoderna #InterioresComEstilo #Decoracaoindustrial #HomeDecor #ArquiteturaDeInteriores #DesignDeInteriores\"","jetpack_publicize_feature_enabled":true,"jetpack_social_post_already_shared":true,"jetpack_social_options":{"image_generator_settings":{"template":"highway","default_image_id":0,"font":"","enabled":false},"version":2}},"categories":[16,1],"tags":[13,14,12],"class_list":["post-4147","post","type-post","status-publish","format-standard","has-post-thumbnail","hentry","category-casa-e-jardim","category-novidades","tag-minimalista","tag-interiores-inovadores","tag-projetos-inovadores"],"jetpack_publicize_connections":[],"jetpack_featured_media_url":"https:\/\/i0.wp.com\/1truenote.com\/wp-content\/uploads\/2025\/09\/Gemini_Generated_Image_vyk9qovyk9qovyk9.png?fit=1408%2C736&ssl=1","jetpack_sharing_enabled":true,"_links":{"self":[{"href":"https:\/\/1truenote.com\/en\/wp-json\/wp\/v2\/posts\/4147","targetHints":{"allow":["GET"]}}],"collection":[{"href":"https:\/\/1truenote.com\/en\/wp-json\/wp\/v2\/posts"}],"about":[{"href":"https:\/\/1truenote.com\/en\/wp-json\/wp\/v2\/types\/post"}],"author":[{"embeddable":true,"href":"https:\/\/1truenote.com\/en\/wp-json\/wp\/v2\/users\/1"}],"replies":[{"embeddable":true,"href":"https:\/\/1truenote.com\/en\/wp-json\/wp\/v2\/comments?post=4147"}],"version-history":[{"count":2,"href":"https:\/\/1truenote.com\/en\/wp-json\/wp\/v2\/posts\/4147\/revisions"}],"predecessor-version":[{"id":4150,"href":"https:\/\/1truenote.com\/en\/wp-json\/wp\/v2\/posts\/4147\/revisions\/4150"}],"wp:featuredmedia":[{"embeddable":true,"href":"https:\/\/1truenote.com\/en\/wp-json\/wp\/v2\/media\/4148"}],"wp:attachment":[{"href":"https:\/\/1truenote.com\/en\/wp-json\/wp\/v2\/media?parent=4147"}],"wp:term":[{"taxonomy":"category","embeddable":true,"href":"https:\/\/1truenote.com\/en\/wp-json\/wp\/v2\/categories?post=4147"},{"taxonomy":"post_tag","embeddable":true,"href":"https:\/\/1truenote.com\/en\/wp-json\/wp\/v2\/tags?post=4147"}],"curies":[{"name":"wp","href":"https:\/\/api.w.org\/{rel}","templated":true}]}}