{"id":4144,"date":"2025-09-11T12:00:00","date_gmt":"2025-09-11T15:00:00","guid":{"rendered":"https:\/\/1truenote.com\/?p=4144"},"modified":"2025-09-11T11:53:07","modified_gmt":"2025-09-11T14:53:07","slug":"banheiro-com-duas-cubas","status":"publish","type":"post","link":"https:\/\/1truenote.com\/en\/banheiro-com-duas-cubas\/","title":{"rendered":"Banheiro com duas cubas eleg\u00e2ncia e praticidade em um s\u00f3 espa\u00e7o"},"content":{"rendered":"<p>O <strong>banheiro com duas cubas<\/strong> deixou de ser apenas um detalhe de luxo para se tornar uma solu\u00e7\u00e3o pr\u00e1tica e funcional em projetos modernos. Seja em apartamentos urbanos ou casas amplas, essa configura\u00e7\u00e3o atende tanto ao desejo por sofistica\u00e7\u00e3o quanto \u00e0 necessidade de praticidade no dia a dia. Al\u00e9m de facilitar a rotina, especialmente para casais e fam\u00edlias, esse estilo valoriza o im\u00f3vel e cria uma atmosfera de spa dentro de casa.<\/p>\n\n\n\n<hr class=\"wp-block-separator has-alpha-channel-opacity\"\/>\n\n\n\n<h2 id='por-que-investir-em-um-banheiro-com-duas-cubas'  class=\"wp-block-heading\">Por que investir em um banheiro com duas cubas<\/h2>\n\n\n\n<p>Existem diversas raz\u00f5es para apostar nesse modelo de banheiro. Algumas delas s\u00e3o \u00f3bvias, como a praticidade, mas outras v\u00e3o al\u00e9m e mostram como esse tipo de projeto impacta diretamente no conforto e no design da resid\u00eancia.<\/p>\n\n\n\n<ul class=\"wp-block-list\">\n<li><strong>Rotina facilitada:<\/strong> duas pessoas podem se arrumar ao mesmo tempo sem disputar espa\u00e7o.<\/li>\n\n\n\n<li><strong>Organiza\u00e7\u00e3o individualizada:<\/strong> cada um pode ter sua pr\u00f3pria \u00e1rea de higiene, com saboneteira, escova de dentes, cremes e objetos pessoais.<\/li>\n\n\n\n<li><strong>Design impactante:<\/strong> o ambiente ganha impon\u00eancia e sensa\u00e7\u00e3o de exclusividade.<\/li>\n\n\n\n<li><strong>Valoriza\u00e7\u00e3o do im\u00f3vel:<\/strong> im\u00f3veis com banheiros amplos e duplos costumam ter maior valoriza\u00e7\u00e3o de mercado.<\/li>\n\n\n\n<li><strong>Versatilidade de estilos:<\/strong> \u00e9 poss\u00edvel adaptar o conceito a diferentes propostas de decora\u00e7\u00e3o, do cl\u00e1ssico ao minimalista.<\/li>\n<\/ul>\n\n\n\n<hr class=\"wp-block-separator has-alpha-channel-opacity\"\/>\n\n\n\n<h2 id='estilos-de-banheiro-com-duas-cubas'  class=\"wp-block-heading\">Estilos de banheiro com duas cubas<\/h2>\n\n\n\n<p>Um dos pontos fortes desse tipo de banheiro \u00e9 a possibilidade de adaptar o projeto a diferentes estilos. Veja alguns exemplos:<\/p>\n\n\n\n<figure class=\"wp-block-table\"><table class=\"has-fixed-layout\"><thead><tr><th>Estilo<\/th><th>Caracter\u00edsticas<\/th><th>Materiais Indicados<\/th><\/tr><\/thead><tbody><tr><td><strong>Cl\u00e1ssico<\/strong><\/td><td>M\u00e1rmore branco, metais dourados, espelhos grandes e ilumina\u00e7\u00e3o elegante<\/td><td>M\u00e1rmore, cristais, lumin\u00e1rias imponentes<\/td><\/tr><tr><td><strong>Minimalista<\/strong><\/td><td>Linhas retas, cores neutras, poucos elementos decorativos<\/td><td>Quartzo branco, porcelanato acetinado<\/td><\/tr><tr><td><strong>R\u00fastico<\/strong><\/td><td>Madeira, pedra natural, plantas e ilumina\u00e7\u00e3o quente<\/td><td>Bancadas em madeira maci\u00e7a, cubas esculpidas<\/td><\/tr><tr><td><strong>Contempor\u00e2neo<\/strong><\/td><td>Mistura de materiais, design clean e ilumina\u00e7\u00e3o embutida<\/td><td>Granito, metais pretos ou cromados<\/td><\/tr><tr><td><strong>Luxuoso<\/strong><\/td><td>Bancadas amplas, revestimentos nobres, ilumina\u00e7\u00e3o c\u00eanica<\/td><td>M\u00e1rmore italiano, metais dourados e espelhos com LED<\/td><\/tr><\/tbody><\/table><\/figure>\n\n\n\n<hr class=\"wp-block-separator has-alpha-channel-opacity\"\/>\n\n\n\n<h2 id='como-planejar-um-banheiro-com-duas-cubas'  class=\"wp-block-heading\">Como planejar um banheiro com duas cubas<\/h2>\n\n\n\n<p>Para garantir que o resultado seja funcional e esteticamente agrad\u00e1vel, \u00e9 fundamental se atentar a alguns pontos de planejamento:<\/p>\n\n\n\n<h3 id='1-dimens\u00f5es-m\u00ednimas'  class=\"wp-block-heading\">1. Dimens\u00f5es m\u00ednimas<\/h3>\n\n\n\n<p>Um m\u00f3vel de <strong>1,20m de largura<\/strong> j\u00e1 comporta duas cubas pequenas. Por\u00e9m, o ideal \u00e9 ter entre <strong>1,50m e 1,80m<\/strong> para mais conforto.<\/p>\n\n\n\n<h3 id='2-espa\u00e7amento'  class=\"wp-block-heading\">2. Espa\u00e7amento<\/h3>\n\n\n\n<p>Deixe pelo menos <strong>60 cm entre as cubas<\/strong> para evitar desconforto. Esse espa\u00e7o permite que duas pessoas utilizem ao mesmo tempo sem se atrapalhar.<\/p>\n\n\n\n<h3 id='3-materiais-de-bancada'  class=\"wp-block-heading\">3. Materiais de bancada<\/h3>\n\n\n\n<ul class=\"wp-block-list\">\n<li><strong>M\u00e1rmore e quartzo:<\/strong> elegantes e resistentes.<\/li>\n\n\n\n<li><strong>Granito:<\/strong> mais acess\u00edvel, mas igualmente dur\u00e1vel.<\/li>\n\n\n\n<li><strong>Madeira impermeabilizada:<\/strong> ideal para banheiros r\u00fasticos.<\/li>\n<\/ul>\n\n\n\n<h3 id='4-tipos-de-cubas'  class=\"wp-block-heading\">4. Tipos de cubas<\/h3>\n\n\n\n<ul class=\"wp-block-list\">\n<li><strong>De apoio:<\/strong> ficam sobre a bancada e se destacam no design.<\/li>\n\n\n\n<li><strong>Esculpidas:<\/strong> integradas \u00e0 bancada, modernas e discretas.<\/li>\n\n\n\n<li><strong>De embutir:<\/strong> pr\u00e1ticas e funcionais.<\/li>\n<\/ul>\n\n\n\n<h3 id='5-ilumina\u00e7\u00e3o'  class=\"wp-block-heading\">5. Ilumina\u00e7\u00e3o<\/h3>\n\n\n\n<p>Aposte em <strong>ilumina\u00e7\u00e3o embutida nos espelhos<\/strong>, arandelas laterais ou fitas de LED para valorizar o espa\u00e7o.<\/p>\n\n\n\n<hr class=\"wp-block-separator has-alpha-channel-opacity\"\/>\n\n\n\n<figure class=\"wp-block-image aligncenter size-medium\"><a href=\"https:\/\/chat.whatsapp.com\/KJBkp5LFJVRIvmt5X3hSEh\" target=\"_blank\" rel=\"noopener\"><img fetchpriority=\"high\" decoding=\"async\" width=\"1024\" height=\"1536\" src=\"https:\/\/i0.wp.com\/1truenote.com\/wp-content\/uploads\/2025\/06\/ChatGPT-Image-3-de-jun.-de-2025-19_04_53.png?fit=200%2C300&amp;ssl=1\" alt=\"chamada banner advetorial whats\" class=\"wp-image-2683\" srcset=\"https:\/\/i0.wp.com\/1truenote.com\/wp-content\/uploads\/2025\/06\/ChatGPT-Image-3-de-jun.-de-2025-19_04_53.png?w=1024&amp;ssl=1 1024w, https:\/\/i0.wp.com\/1truenote.com\/wp-content\/uploads\/2025\/06\/ChatGPT-Image-3-de-jun.-de-2025-19_04_53.png?resize=200%2C300&amp;ssl=1 200w, https:\/\/i0.wp.com\/1truenote.com\/wp-content\/uploads\/2025\/06\/ChatGPT-Image-3-de-jun.-de-2025-19_04_53.png?resize=683%2C1024&amp;ssl=1 683w, https:\/\/i0.wp.com\/1truenote.com\/wp-content\/uploads\/2025\/06\/ChatGPT-Image-3-de-jun.-de-2025-19_04_53.png?resize=768%2C1152&amp;ssl=1 768w, https:\/\/i0.wp.com\/1truenote.com\/wp-content\/uploads\/2025\/06\/ChatGPT-Image-3-de-jun.-de-2025-19_04_53.png?resize=150%2C225&amp;ssl=1 150w\" sizes=\"(max-width: 1024px) 100vw, 1024px\" \/><\/a><\/figure>\n\n\n\n<hr class=\"wp-block-separator has-alpha-channel-opacity\"\/>\n\n\n\n<h2 id='dicas-de-decora\u00e7\u00e3o-para-banheiro-com-duas-cubas'  class=\"wp-block-heading\">Dicas de decora\u00e7\u00e3o para banheiro com duas cubas<\/h2>\n\n\n\n<ol class=\"wp-block-list\">\n<li><strong>Espelhos duplos<\/strong> \u2013 al\u00e9m de funcionais, criam a sensa\u00e7\u00e3o de simetria.<\/li>\n\n\n\n<li><strong>Arranjos florais ou plantas naturais<\/strong> \u2013 trazem frescor e vida ao ambiente.<\/li>\n\n\n\n<li><strong>Nichos embutidos<\/strong> \u2013 ajudam na organiza\u00e7\u00e3o e deixam o design mais limpo.<\/li>\n\n\n\n<li><strong>Metais coordenados<\/strong> \u2013 torneiras, ralos e acess\u00f3rios no mesmo acabamento elevam a sofistica\u00e7\u00e3o.<\/li>\n\n\n\n<li><strong>Cores neutras com detalhes marcantes<\/strong> \u2013 garantem versatilidade e eleg\u00e2ncia.<\/li>\n<\/ol>\n\n\n\n<hr class=\"wp-block-separator has-alpha-channel-opacity\"\/>\n\n\n\n<a href=\"https:\/\/1truenote.com\/en\/luminarias-de-teto\/\" style=\"text-decoration: none;\">\n  <div style=\"display: flex; justify-content: space-between; align-items: center; background: #d44a00; padding: 12px 20px; color: white; font-family: Arial, sans-serif;\">\n    <strong style=\"color: black;\">READ ALSO:<\/strong>\n    <span style=\"margin-left: 8px; flex: 1;\">Lumin\u00e1rias de teto para valorizar sua decora\u00e7\u00e3o<\/span>\n    <div style=\"background: #f2802f; padding: 8px 12px; border-radius: 2px; margin-left: 10px;\">\n      <span style=\"color: white; font-weight: bold;\">\u27a4<\/span>\n    <\/div>\n  <\/div>\n<\/a>\n\n\n\n<hr class=\"wp-block-separator has-alpha-channel-opacity\"\/>\n\n\n\n<h2 id='inspira\u00e7\u00f5es-de-combina\u00e7\u00f5es'  class=\"wp-block-heading\">Inspira\u00e7\u00f5es de combina\u00e7\u00f5es<\/h2>\n\n\n\n<figure class=\"wp-block-table\"><table class=\"has-fixed-layout\"><thead><tr><th>Combina\u00e7\u00e3o<\/th><th>Efeito Visual<\/th><th>Indica\u00e7\u00e3o<\/th><\/tr><\/thead><tbody><tr><td><strong>M\u00e1rmore branco + metais dourados<\/strong><\/td><td>Luxo e sofistica\u00e7\u00e3o<\/td><td>Banheiros amplos e de alto padr\u00e3o<\/td><\/tr><tr><td><strong>Madeira clara + cubas pretas<\/strong><\/td><td>Modernidade e contraste<\/td><td>Ambientes jovens e urbanos<\/td><\/tr><tr><td><strong>Cinza + ilumina\u00e7\u00e3o em LED<\/strong><\/td><td>Minimalismo<\/td><td>Espa\u00e7os compactos<\/td><\/tr><tr><td><strong>Azul-marinho + detalhes dourados<\/strong><\/td><td>Eleg\u00e2ncia cl\u00e1ssica<\/td><td>Projetos atemporais<\/td><\/tr><\/tbody><\/table><\/figure>\n\n\n\n<hr class=\"wp-block-separator has-alpha-channel-opacity\"\/>\n\n\n\n<h2 id='banheiro-com-duas-cubas'  class=\"wp-block-heading\">Banheiro com duas cubas<\/h2>\n\n\n\n<p>O <strong>banheiro com duas cubas<\/strong> \u00e9 a uni\u00e3o perfeita entre <strong>funcionalidade e sofistica\u00e7\u00e3o<\/strong>. Ele facilita a rotina, organiza melhor o espa\u00e7o, valoriza o im\u00f3vel e ainda proporciona uma experi\u00eancia digna de spa dentro de casa. Com um bom planejamento, \u00e9 poss\u00edvel adaptar o conceito a diferentes estilos e tamanhos de banheiros, transformando o ambiente em um verdadeiro ref\u00fagio de bem-estar.<\/p>\n\n\n\n<hr class=\"wp-block-separator has-alpha-channel-opacity\"\/>\n\n\n\n<a href=\"https:\/\/1truenote.com\/en\/luminarias-de-teto\/\" style=\"text-decoration: none;\">\n  <div style=\"display: flex; justify-content: space-between; align-items: center; background: #d44a00; padding: 12px 20px; color: white; font-family: Arial, sans-serif;\">\n    <strong style=\"color: black;\">READ ALSO:<\/strong>\n    <span style=\"margin-left: 8px; flex: 1;\">Lumin\u00e1rias de teto para valorizar sua decora\u00e7\u00e3o<\/span>\n    <div style=\"background: #f2802f; padding: 8px 12px; border-radius: 2px; margin-left: 10px;\">\n      <span style=\"color: white; font-weight: bold;\">\u27a4<\/span>\n    <\/div>\n  <\/div>\n<\/a>\n\n\n\n\n<hr class=\"wp-block-separator has-alpha-channel-opacity\"\/>\n\n\n\n<h2 id='perguntas-frequentes-faq'  class=\"wp-block-heading\">Perguntas frequentes (FAQ)<\/h2>\n\n\n<div id=\"rank-math-faq\" class=\"rank-math-block\">\n<div class=\"rank-math-list\">\n<div id=\"faq-question-1757600136528\" class=\"rank-math-list-item\">\n<h3 id='qual-o-tamanho-m\u00ednimo-de-banheiro-para-instalar-duas-cubas'  class=\"rank-math-question\">Qual o tamanho m\u00ednimo de banheiro para instalar duas cubas?<\/h3>\n<div class=\"rank-math-answer\">\n\n<p>O recomendado \u00e9 pelo menos <strong>4m\u00b2<\/strong>, mas \u00e9 poss\u00edvel em espa\u00e7os menores se o projeto for bem planejado.<\/p>\n\n<\/div>\n<\/div>\n<div id=\"faq-question-1757600137636\" class=\"rank-math-list-item\">\n<h3 id='posso-instalar-duas-cubas-em-banheiros-pequenos'  class=\"rank-math-question\">Posso instalar duas cubas em banheiros pequenos?<\/h3>\n<div class=\"rank-math-answer\">\n\n<p>Sim, desde que a bancada seja planejada e as cubas sejam proporcionais ao espa\u00e7o.<\/p>\n\n<\/div>\n<\/div>\n<div id=\"faq-question-1757600138115\" class=\"rank-math-list-item\">\n<h3 id='\u00e9-muito-caro-instalar-duas-cubas'  class=\"rank-math-question\">\u00c9 muito caro instalar duas cubas?<\/h3>\n<div class=\"rank-math-answer\">\n\n<p>O custo aumenta em compara\u00e7\u00e3o a uma cuba, j\u00e1 que exige maior bancada, encanamento duplo e torneiras extras. No entanto, agrega valor ao im\u00f3vel.<\/p>\n\n<\/div>\n<\/div>\n<div id=\"faq-question-1757600138715\" class=\"rank-math-list-item\">\n<h3 id='preciso-de-dois-pontos-de-\u00e1gua-para-instalar-duas-cubas'  class=\"rank-math-question\">Preciso de dois pontos de \u00e1gua para instalar duas cubas?<\/h3>\n<div class=\"rank-math-answer\">\n\n<p>Sim, \u00e9 necess\u00e1rio prever o encanamento correto durante a obra ou reforma.<\/p>\n\n<\/div>\n<\/div>\n<div id=\"faq-question-1757600145485\" class=\"rank-math-list-item\">\n<h3 id='quais-materiais-s\u00e3o-mais-indicados-para-a-bancada-de-duas-cubas'  class=\"rank-math-question\">Quais materiais s\u00e3o mais indicados para a bancada de duas cubas?<\/h3>\n<div class=\"rank-math-answer\">\n\n<p>M\u00e1rmore, quartzo e granito s\u00e3o os mais resistentes e elegantes. Madeira pode ser usada desde que bem impermeabilizada.<\/p>\n\n<\/div>\n<\/div>\n<div id=\"faq-question-1757600146515\" class=\"rank-math-list-item\">\n<h3 id='banheiro-com-duas-cubas-\u00e9-indicado-para-quem-mora-sozinho'  class=\"rank-math-question\">Banheiro com duas cubas \u00e9 indicado para quem mora sozinho?<\/h3>\n<div class=\"rank-math-answer\">\n\n<p>Mesmo para uso individual, pode ser interessante pela est\u00e9tica e pela valoriza\u00e7\u00e3o do im\u00f3vel.<\/p>\n\n<\/div>\n<\/div>\n<\/div>\n<\/div>\n\n\n<figure class=\"wp-block-image aligncenter size-large\"><img data-recalc-dims=\"1\" decoding=\"async\" width=\"1024\" height=\"683\" src=\"https:\/\/i0.wp.com\/1truenote.com\/wp-content\/uploads\/2025\/09\/20250911_1147_Banheiro-Colorido-Minimalista_remix_01k4wks78feq29jyk9gb2gh27p.png?resize=1024%2C683&#038;ssl=1\" alt=\"banheiro com duas cubas\" class=\"wp-image-4145\" srcset=\"https:\/\/i0.wp.com\/1truenote.com\/wp-content\/uploads\/2025\/09\/20250911_1147_Banheiro-Colorido-Minimalista_remix_01k4wks78feq29jyk9gb2gh27p.png?resize=1024%2C683&amp;ssl=1 1024w, https:\/\/i0.wp.com\/1truenote.com\/wp-content\/uploads\/2025\/09\/20250911_1147_Banheiro-Colorido-Minimalista_remix_01k4wks78feq29jyk9gb2gh27p.png?resize=300%2C200&amp;ssl=1 300w, https:\/\/i0.wp.com\/1truenote.com\/wp-content\/uploads\/2025\/09\/20250911_1147_Banheiro-Colorido-Minimalista_remix_01k4wks78feq29jyk9gb2gh27p.png?resize=768%2C512&amp;ssl=1 768w, https:\/\/i0.wp.com\/1truenote.com\/wp-content\/uploads\/2025\/09\/20250911_1147_Banheiro-Colorido-Minimalista_remix_01k4wks78feq29jyk9gb2gh27p.png?resize=18%2C12&amp;ssl=1 18w, https:\/\/i0.wp.com\/1truenote.com\/wp-content\/uploads\/2025\/09\/20250911_1147_Banheiro-Colorido-Minimalista_remix_01k4wks78feq29jyk9gb2gh27p.png?resize=150%2C100&amp;ssl=1 150w, https:\/\/i0.wp.com\/1truenote.com\/wp-content\/uploads\/2025\/09\/20250911_1147_Banheiro-Colorido-Minimalista_remix_01k4wks78feq29jyk9gb2gh27p.png?w=1536&amp;ssl=1 1536w\" sizes=\"(max-width: 1024px) 100vw, 1024px\" \/><\/figure>","protected":false},"excerpt":{"rendered":"<p>O banheiro com duas cubas deixou de ser apenas um detalhe de luxo para se tornar uma solu\u00e7\u00e3o pr\u00e1tica e&#8230;<\/p>","protected":false},"author":1,"featured_media":4145,"comment_status":"open","ping_status":"open","sticky":false,"template":"","format":"standard","meta":{"_kad_post_transparent":"","_kad_post_title":"","_kad_post_layout":"","_kad_post_sidebar_id":"","_kad_post_content_style":"","_kad_post_vertical_padding":"","_kad_post_feature":"","_kad_post_feature_position":"","_kad_post_header":false,"_kad_post_footer":false,"_kad_post_classname":"","footnotes":"","jetpack_publicize_message":"O banheiro com duas cubas deixou de ser apenas um detalhe de luxo para se tornar uma solu\u00e7\u00e3o pr\u00e1tica e funcional em projetos modernos. Seja em apartamentos urbanos ou casas amplas, essa configura\u00e7\u00e3o atende tanto ao desejo por sofistica\u00e7\u00e3o quanto \u00e0 necessidade de praticidade no dia a dia.\n\n#carvalhoconsultoriabrasil #truenote #decor #decoracao #banheiro #banheiroduascubas #duascubas","jetpack_publicize_feature_enabled":true,"jetpack_social_post_already_shared":true,"jetpack_social_options":{"image_generator_settings":{"template":"highway","default_image_id":0,"font":"","enabled":false},"version":2}},"categories":[16,1],"tags":[13,14,12],"class_list":["post-4144","post","type-post","status-publish","format-standard","has-post-thumbnail","hentry","category-casa-e-jardim","category-novidades","tag-minimalista","tag-interiores-inovadores","tag-projetos-inovadores"],"jetpack_publicize_connections":[],"jetpack_featured_media_url":"https:\/\/i0.wp.com\/1truenote.com\/wp-content\/uploads\/2025\/09\/20250911_1147_Banheiro-Colorido-Minimalista_remix_01k4wks78feq29jyk9gb2gh27p.png?fit=1536%2C1024&ssl=1","jetpack_sharing_enabled":true,"_links":{"self":[{"href":"https:\/\/1truenote.com\/en\/wp-json\/wp\/v2\/posts\/4144","targetHints":{"allow":["GET"]}}],"collection":[{"href":"https:\/\/1truenote.com\/en\/wp-json\/wp\/v2\/posts"}],"about":[{"href":"https:\/\/1truenote.com\/en\/wp-json\/wp\/v2\/types\/post"}],"author":[{"embeddable":true,"href":"https:\/\/1truenote.com\/en\/wp-json\/wp\/v2\/users\/1"}],"replies":[{"embeddable":true,"href":"https:\/\/1truenote.com\/en\/wp-json\/wp\/v2\/comments?post=4144"}],"version-history":[{"count":1,"href":"https:\/\/1truenote.com\/en\/wp-json\/wp\/v2\/posts\/4144\/revisions"}],"predecessor-version":[{"id":4146,"href":"https:\/\/1truenote.com\/en\/wp-json\/wp\/v2\/posts\/4144\/revisions\/4146"}],"wp:featuredmedia":[{"embeddable":true,"href":"https:\/\/1truenote.com\/en\/wp-json\/wp\/v2\/media\/4145"}],"wp:attachment":[{"href":"https:\/\/1truenote.com\/en\/wp-json\/wp\/v2\/media?parent=4144"}],"wp:term":[{"taxonomy":"category","embeddable":true,"href":"https:\/\/1truenote.com\/en\/wp-json\/wp\/v2\/categories?post=4144"},{"taxonomy":"post_tag","embeddable":true,"href":"https:\/\/1truenote.com\/en\/wp-json\/wp\/v2\/tags?post=4144"}],"curies":[{"name":"wp","href":"https:\/\/api.w.org\/{rel}","templated":true}]}}