{"id":4141,"date":"2025-09-10T18:00:00","date_gmt":"2025-09-10T21:00:00","guid":{"rendered":"https:\/\/1truenote.com\/?p=4141"},"modified":"2025-09-10T15:29:40","modified_gmt":"2025-09-10T18:29:40","slug":"luminarias-de-teto","status":"publish","type":"post","link":"https:\/\/1truenote.com\/en\/luminarias-de-teto\/","title":{"rendered":"Lumin\u00e1rias de teto para valorizar sua decora\u00e7\u00e3o"},"content":{"rendered":"<p>As lumin\u00e1rias de teto s\u00e3o elementos fundamentais quando o assunto \u00e9 ilumina\u00e7\u00e3o e decora\u00e7\u00e3o de interiores. Muito al\u00e9m de cumprir a fun\u00e7\u00e3o b\u00e1sica de iluminar, elas podem transformar o ambiente, criar atmosferas espec\u00edficas, destacar pontos estrat\u00e9gicos e at\u00e9 se tornarem protagonistas na composi\u00e7\u00e3o est\u00e9tica.<\/p>\n\n\n\n<p>Seja em corredores, salas, quartos ou cozinhas, escolher a lumin\u00e1ria certa faz toda a diferen\u00e7a no resultado final da decora\u00e7\u00e3o.<\/p>\n\n\n\n<hr class=\"wp-block-separator has-alpha-channel-opacity\"\/>\n\n\n\n<h2 id='benef\u00edcios-das-lumin\u00e1rias-de-teto'  class=\"wp-block-heading\">Benef\u00edcios das lumin\u00e1rias de teto<\/h2>\n\n\n\n<ul class=\"wp-block-list\">\n<li><strong>Est\u00e9tica e estilo:<\/strong> permitem integrar modernidade, sofistica\u00e7\u00e3o ou rusticidade, dependendo do modelo.<\/li>\n\n\n\n<li><strong>Aproveitamento do espa\u00e7o:<\/strong> ideais para ambientes compactos, j\u00e1 que n\u00e3o ocupam \u00e1reas \u00fateis.<\/li>\n\n\n\n<li><strong>Versatilidade:<\/strong> atendem diferentes propostas, desde ilumina\u00e7\u00e3o geral at\u00e9 efeitos decorativos.<\/li>\n\n\n\n<li><strong>Praticidade:<\/strong> modelos de embutir ou plafons s\u00e3o f\u00e1ceis de instalar e se adaptam a diversos projetos.<\/li>\n<\/ul>\n\n\n\n<hr class=\"wp-block-separator has-alpha-channel-opacity\"\/>\n\n\n\n<h2 id='tipos-de-lumin\u00e1rias-de-teto'  class=\"wp-block-heading\">Tipos de lumin\u00e1rias de teto<\/h2>\n\n\n\n<figure class=\"wp-block-table\"><table class=\"has-fixed-layout\"><thead><tr><th><strong>Tipo<\/strong><\/th><th><strong>Caracter\u00edsticas<\/strong><\/th><th><strong>Indica\u00e7\u00e3o de uso<\/strong><\/th><\/tr><\/thead><tbody><tr><td><strong>Plafon<\/strong><\/td><td>Instala\u00e7\u00e3o rente ao teto, dispon\u00edvel em vers\u00f5es simples ou sofisticadas.<\/td><td>Corredores, quartos e ambientes pequenos.<\/td><\/tr><tr><td><strong>Pendente<\/strong><\/td><td>Fica suspenso por fios ou cabos, criando impacto visual.<\/td><td>Mesas de jantar, bancadas e salas modernas.<\/td><\/tr><tr><td><strong>Emb embutir (spots)<\/strong><\/td><td>Instalados no gesso, oferecem luz direta e discreta.<\/td><td>Salas, cozinhas e \u00e1reas de trabalho.<\/td><\/tr><tr><td><strong>Semi-embutido<\/strong><\/td><td>Fica levemente afastado do teto, combinando praticidade com destaque est\u00e9tico.<\/td><td>Salas de estar e escrit\u00f3rios.<\/td><\/tr><tr><td><strong>Decorativos projetados<\/strong><\/td><td>Criam efeitos de luz e sombra, valorizando a ambienta\u00e7\u00e3o.<\/td><td>Corredores, halls de entrada e lavabos.<\/td><\/tr><\/tbody><\/table><\/figure>\n\n\n\n<hr class=\"wp-block-separator has-alpha-channel-opacity\"\/>\n\n\n\n<figure class=\"wp-block-image aligncenter size-medium\"><a href=\"https:\/\/chat.whatsapp.com\/KJBkp5LFJVRIvmt5X3hSEh\" target=\"_blank\" rel=\"noopener\"><img fetchpriority=\"high\" decoding=\"async\" width=\"1024\" height=\"1536\" src=\"https:\/\/i0.wp.com\/1truenote.com\/wp-content\/uploads\/2025\/06\/ChatGPT-Image-3-de-jun.-de-2025-19_04_53.png?fit=200%2C300&amp;ssl=1\" alt=\"chamada banner advetorial whats\" class=\"wp-image-2683\" srcset=\"https:\/\/i0.wp.com\/1truenote.com\/wp-content\/uploads\/2025\/06\/ChatGPT-Image-3-de-jun.-de-2025-19_04_53.png?w=1024&amp;ssl=1 1024w, https:\/\/i0.wp.com\/1truenote.com\/wp-content\/uploads\/2025\/06\/ChatGPT-Image-3-de-jun.-de-2025-19_04_53.png?resize=200%2C300&amp;ssl=1 200w, https:\/\/i0.wp.com\/1truenote.com\/wp-content\/uploads\/2025\/06\/ChatGPT-Image-3-de-jun.-de-2025-19_04_53.png?resize=683%2C1024&amp;ssl=1 683w, https:\/\/i0.wp.com\/1truenote.com\/wp-content\/uploads\/2025\/06\/ChatGPT-Image-3-de-jun.-de-2025-19_04_53.png?resize=768%2C1152&amp;ssl=1 768w, https:\/\/i0.wp.com\/1truenote.com\/wp-content\/uploads\/2025\/06\/ChatGPT-Image-3-de-jun.-de-2025-19_04_53.png?resize=150%2C225&amp;ssl=1 150w\" sizes=\"(max-width: 1024px) 100vw, 1024px\" \/><\/a><\/figure>\n\n\n\n<hr class=\"wp-block-separator has-alpha-channel-opacity\"\/>\n\n\n\n<h2 id='como-escolher-a-lumin\u00e1ria-de-teto-ideal'  class=\"wp-block-heading\">Como escolher a lumin\u00e1ria de teto ideal<\/h2>\n\n\n\n<ol class=\"wp-block-list\">\n<li><strong>Avalie o espa\u00e7o dispon\u00edvel<\/strong> \u2013 em tetos baixos, opte por plafons; em \u00e1reas amplas, pendentes podem ser usados com impacto.<\/li>\n\n\n\n<li><strong>Considere a fun\u00e7\u00e3o da ilumina\u00e7\u00e3o<\/strong> \u2013 luz difusa para ambientes relaxantes e luz direta para \u00e1reas de trabalho.<\/li>\n\n\n\n<li><strong>Harmonize com a decora\u00e7\u00e3o<\/strong> \u2013 lumin\u00e1rias geom\u00e9tricas ficam \u00f3timas em ambientes modernos, enquanto modelos em cristal s\u00e3o perfeitos para propostas cl\u00e1ssicas.<\/li>\n\n\n\n<li><strong>Pense na intensidade da luz<\/strong> \u2013 LEDs s\u00e3o a melhor op\u00e7\u00e3o por durarem mais, economizarem energia e oferecerem diferentes tonalidades (quente, neutra ou fria).<\/li>\n\n\n\n<li><strong>Aposte em efeitos luminosos<\/strong> \u2013 lumin\u00e1rias projetadas podem transformar um corredor simples em um espa\u00e7o sofisticado.<\/li>\n<\/ol>\n\n\n\n<hr class=\"wp-block-separator has-alpha-channel-opacity\"\/>\n\n\n\n<h2 id='inspira\u00e7\u00f5es-de-uso'  class=\"wp-block-heading\">Inspira\u00e7\u00f5es de uso<\/h2>\n\n\n\n<ul class=\"wp-block-list\">\n<li><strong>Corredores:<\/strong> lumin\u00e1rias decorativas que criam desenhos no teto trazem sofistica\u00e7\u00e3o imediata.<\/li>\n\n\n\n<li><strong>Sala de estar:<\/strong> combine pendentes com plafons discretos para unir aconchego e funcionalidade.<\/li>\n\n\n\n<li><strong>Quartos:<\/strong> aposte em modelos com luz difusa para criar um clima relaxante.<\/li>\n\n\n\n<li><strong>Cozinha:<\/strong> spots embutidos oferecem a ilumina\u00e7\u00e3o direta necess\u00e1ria para o preparo dos alimentos.<\/li>\n<\/ul>\n\n\n\n<hr class=\"wp-block-separator has-alpha-channel-opacity\"\/>\n\n\n\n<h2 id='dicas-de-manuten\u00e7\u00e3o'  class=\"wp-block-heading\">Dicas de manuten\u00e7\u00e3o<\/h2>\n\n\n\n<ul class=\"wp-block-list\">\n<li>Limpe regularmente com pano macio e seco para evitar ac\u00famulo de poeira.<\/li>\n\n\n\n<li>Evite produtos abrasivos, que podem danificar acabamentos met\u00e1licos ou de vidro.<\/li>\n\n\n\n<li>Se a lumin\u00e1ria for de cristal, higienize pe\u00e7a por pe\u00e7a para manter o brilho.<\/li>\n\n\n\n<li>Verifique periodicamente a instala\u00e7\u00e3o el\u00e9trica para maior seguran\u00e7a.<\/li>\n<\/ul>\n\n\n\n<hr class=\"wp-block-separator has-alpha-channel-opacity\"\/>\n\n\n\n<a href=\"https:\/\/1truenote.com\/en\/cozinha-roxa-inspiracoes-modernas\/\" style=\"text-decoration: none;\">\n  <div style=\"display: flex; justify-content: space-between; align-items: center; background: #d44a00; padding: 12px 20px; color: white; font-family: Arial, sans-serif;\">\n    <strong style=\"color: black;\">READ ALSO:<\/strong>\n    <span style=\"margin-left: 8px; flex: 1;\">Cozinha roxa inspira\u00e7\u00f5es modernas<\/span>\n    <div style=\"background: #f2802f; padding: 8px 12px; border-radius: 2px; margin-left: 10px;\">\n      <span style=\"color: white; font-weight: bold;\">\u27a4<\/span>\n    <\/div>\n  <\/div>\n<\/a>\n\n\n\n<hr class=\"wp-block-separator has-alpha-channel-opacity\"\/>\n\n\n\n<h2 id='lumin\u00e1rias-de-teto'  class=\"wp-block-heading\">Lumin\u00e1rias de teto<\/h2>\n\n\n\n<p>As lumin\u00e1rias de teto s\u00e3o muito mais do que simples fontes de luz. Elas t\u00eam o poder de <strong>transformar o ambiente<\/strong>, valorizando a decora\u00e7\u00e3o, criando efeitos visuais incr\u00edveis e garantindo funcionalidade. Seja para modernizar sua sala, dar charme ao corredor ou trazer eleg\u00e2ncia ao quarto, h\u00e1 um modelo perfeito para cada espa\u00e7o e estilo.<\/p>\n\n\n\n<p>Escolher bem a lumin\u00e1ria \u00e9 investir em beleza, conforto e praticidade para sua casa.<\/p>\n\n\n\n<hr class=\"wp-block-separator has-alpha-channel-opacity\"\/>\n\n\n\n<a href=\"https:\/\/1truenote.com\/en\/cozinha-roxa-inspiracoes-modernas\/\" style=\"text-decoration: none;\">\n  <div style=\"display: flex; justify-content: space-between; align-items: center; background: #d44a00; padding: 12px 20px; color: white; font-family: Arial, sans-serif;\">\n    <strong style=\"color: black;\">READ ALSO:<\/strong>\n    <span style=\"margin-left: 8px; flex: 1;\">Cozinha roxa inspira\u00e7\u00f5es modernas<\/span>\n    <div style=\"background: #f2802f; padding: 8px 12px; border-radius: 2px; margin-left: 10px;\">\n      <span style=\"color: white; font-weight: bold;\">\u27a4<\/span>\n    <\/div>\n  <\/div>\n<\/a>\n\n\n\n\n<hr class=\"wp-block-separator has-alpha-channel-opacity\"\/>\n\n\n\n<h2 id='faq-perguntas-frequentes-sobre-lumin\u00e1rias-de-teto'  class=\"wp-block-heading\">FAQ &#8211; Perguntas frequentes sobre lumin\u00e1rias de teto<\/h2>\n\n\n<div id=\"rank-math-faq\" class=\"rank-math-block\">\n<div class=\"rank-math-list\">\n<div id=\"faq-question-1757526455732\" class=\"rank-math-list-item\">\n<h3 id='qual-\u00e9-a-melhor-lumin\u00e1ria-para-corredores-estreitos'  class=\"rank-math-question\">Qual \u00e9 a melhor lumin\u00e1ria para corredores estreitos?<\/h3>\n<div class=\"rank-math-answer\">\n\n<p>Plafons ou lumin\u00e1rias projetadas que criam efeitos de luz, j\u00e1 que n\u00e3o ocupam espa\u00e7o e trazem charme.<\/p>\n\n<\/div>\n<\/div>\n<div id=\"faq-question-1757526457002\" class=\"rank-math-list-item\">\n<h3 id='posso-usar-pendentes-em-ambientes-pequenos'  class=\"rank-math-question\">Posso usar pendentes em ambientes pequenos?<\/h3>\n<div class=\"rank-math-answer\">\n\n<p>Sim, desde que tenham propor\u00e7\u00e3o adequada e n\u00e3o sobrecarreguem o espa\u00e7o.<\/p>\n\n<\/div>\n<\/div>\n<div id=\"faq-question-1757526457969\" class=\"rank-math-list-item\">\n<h3 id='lumin\u00e1rias-de-teto-led-s\u00e3o-melhores'  class=\"rank-math-question\">Lumin\u00e1rias de teto LED s\u00e3o melhores?<\/h3>\n<div class=\"rank-math-answer\">\n\n<p>Sim, al\u00e9m de econ\u00f4micas, possuem vida \u00fatil longa e permitem varia\u00e7\u00e3o de temperatura da cor.<\/p>\n\n<\/div>\n<\/div>\n<div id=\"faq-question-1757526458505\" class=\"rank-math-list-item\">\n<h3 id='como-escolher-a-temperatura-da-luz-ideal'  class=\"rank-math-question\">Como escolher a temperatura da luz ideal?<\/h3>\n<div class=\"rank-math-answer\">\n\n<p>Luz <strong>quente (2700K \u2013 3000K):<\/strong> cria clima acolhedor, \u00f3tima para salas e quartos.<br \/>Luz <strong>neutra (4000K):<\/strong> equilibrada, indicada para cozinhas e escrit\u00f3rios.<br \/>Luz <strong>fria (6000K):<\/strong> mais intensa, perfeita para \u00e1reas de servi\u00e7o.<\/p>\n\n<\/div>\n<\/div>\n<div id=\"faq-question-1757526514474\" class=\"rank-math-list-item\">\n<h3 id='lumin\u00e1rias-decorativas-iluminam-bem-ou-apenas-enfeitam'  class=\"rank-math-question\">Lumin\u00e1rias decorativas iluminam bem ou apenas enfeitam?<\/h3>\n<div class=\"rank-math-answer\">\n\n<p>Dependendo do modelo e da l\u00e2mpada utilizada, podem iluminar perfeitamente, al\u00e9m de decorar.<\/p>\n\n<\/div>\n<\/div>\n<\/div>\n<\/div>\n\n\n<figure class=\"wp-block-image aligncenter size-large\"><img data-recalc-dims=\"1\" decoding=\"async\" width=\"1024\" height=\"683\" src=\"https:\/\/i0.wp.com\/1truenote.com\/wp-content\/uploads\/2025\/09\/20250910_1521_Corredor-Elegante-e-Iluminado_simple_compose_01k4tdpv9qe9rr79kk0v21rs0n.png?resize=1024%2C683&#038;ssl=1\" alt=\"lumin\u00e1rias de teto\" class=\"wp-image-4142\" srcset=\"https:\/\/i0.wp.com\/1truenote.com\/wp-content\/uploads\/2025\/09\/20250910_1521_Corredor-Elegante-e-Iluminado_simple_compose_01k4tdpv9qe9rr79kk0v21rs0n.png?resize=1024%2C683&amp;ssl=1 1024w, https:\/\/i0.wp.com\/1truenote.com\/wp-content\/uploads\/2025\/09\/20250910_1521_Corredor-Elegante-e-Iluminado_simple_compose_01k4tdpv9qe9rr79kk0v21rs0n.png?resize=300%2C200&amp;ssl=1 300w, https:\/\/i0.wp.com\/1truenote.com\/wp-content\/uploads\/2025\/09\/20250910_1521_Corredor-Elegante-e-Iluminado_simple_compose_01k4tdpv9qe9rr79kk0v21rs0n.png?resize=768%2C512&amp;ssl=1 768w, https:\/\/i0.wp.com\/1truenote.com\/wp-content\/uploads\/2025\/09\/20250910_1521_Corredor-Elegante-e-Iluminado_simple_compose_01k4tdpv9qe9rr79kk0v21rs0n.png?resize=18%2C12&amp;ssl=1 18w, https:\/\/i0.wp.com\/1truenote.com\/wp-content\/uploads\/2025\/09\/20250910_1521_Corredor-Elegante-e-Iluminado_simple_compose_01k4tdpv9qe9rr79kk0v21rs0n.png?resize=150%2C100&amp;ssl=1 150w, https:\/\/i0.wp.com\/1truenote.com\/wp-content\/uploads\/2025\/09\/20250910_1521_Corredor-Elegante-e-Iluminado_simple_compose_01k4tdpv9qe9rr79kk0v21rs0n.png?w=1536&amp;ssl=1 1536w\" sizes=\"(max-width: 1024px) 100vw, 1024px\" \/><\/figure>","protected":false},"excerpt":{"rendered":"<p>As lumin\u00e1rias de teto s\u00e3o elementos fundamentais quando o assunto \u00e9 ilumina\u00e7\u00e3o e decora\u00e7\u00e3o de interiores. Muito al\u00e9m de cumprir&#8230;<\/p>","protected":false},"author":1,"featured_media":4142,"comment_status":"open","ping_status":"open","sticky":false,"template":"","format":"standard","meta":{"_kad_post_transparent":"","_kad_post_title":"","_kad_post_layout":"","_kad_post_sidebar_id":"","_kad_post_content_style":"","_kad_post_vertical_padding":"","_kad_post_feature":"","_kad_post_feature_position":"","_kad_post_header":false,"_kad_post_footer":false,"_kad_post_classname":"","footnotes":"","jetpack_publicize_message":"As lumin\u00e1rias de teto s\u00e3o elementos fundamentais quando o assunto \u00e9 ilumina\u00e7\u00e3o e decora\u00e7\u00e3o de interiores. Muito al\u00e9m de cumprir a fun\u00e7\u00e3o b\u00e1sica de iluminar, elas podem transformar o ambiente, criar atmosferas espec\u00edficas, destacar pontos estrat\u00e9gicos e at\u00e9 se tornarem protagonistas na composi\u00e7\u00e3o est\u00e9tica.\n\n#carvalhoconsultoriabrasil #truenote #decor #decoracao #luminaria #luminariadeteto","jetpack_publicize_feature_enabled":true,"jetpack_social_post_already_shared":true,"jetpack_social_options":{"image_generator_settings":{"template":"highway","default_image_id":0,"font":"","enabled":false},"version":2}},"categories":[16,1],"tags":[13,14,12],"class_list":["post-4141","post","type-post","status-publish","format-standard","has-post-thumbnail","hentry","category-casa-e-jardim","category-novidades","tag-minimalista","tag-interiores-inovadores","tag-projetos-inovadores"],"jetpack_publicize_connections":[],"jetpack_featured_media_url":"https:\/\/i0.wp.com\/1truenote.com\/wp-content\/uploads\/2025\/09\/20250910_1521_Corredor-Elegante-e-Iluminado_simple_compose_01k4tdpv9qe9rr79kk0v21rs0n.png?fit=1536%2C1024&ssl=1","jetpack_sharing_enabled":true,"_links":{"self":[{"href":"https:\/\/1truenote.com\/en\/wp-json\/wp\/v2\/posts\/4141","targetHints":{"allow":["GET"]}}],"collection":[{"href":"https:\/\/1truenote.com\/en\/wp-json\/wp\/v2\/posts"}],"about":[{"href":"https:\/\/1truenote.com\/en\/wp-json\/wp\/v2\/types\/post"}],"author":[{"embeddable":true,"href":"https:\/\/1truenote.com\/en\/wp-json\/wp\/v2\/users\/1"}],"replies":[{"embeddable":true,"href":"https:\/\/1truenote.com\/en\/wp-json\/wp\/v2\/comments?post=4141"}],"version-history":[{"count":1,"href":"https:\/\/1truenote.com\/en\/wp-json\/wp\/v2\/posts\/4141\/revisions"}],"predecessor-version":[{"id":4143,"href":"https:\/\/1truenote.com\/en\/wp-json\/wp\/v2\/posts\/4141\/revisions\/4143"}],"wp:featuredmedia":[{"embeddable":true,"href":"https:\/\/1truenote.com\/en\/wp-json\/wp\/v2\/media\/4142"}],"wp:attachment":[{"href":"https:\/\/1truenote.com\/en\/wp-json\/wp\/v2\/media?parent=4141"}],"wp:term":[{"taxonomy":"category","embeddable":true,"href":"https:\/\/1truenote.com\/en\/wp-json\/wp\/v2\/categories?post=4141"},{"taxonomy":"post_tag","embeddable":true,"href":"https:\/\/1truenote.com\/en\/wp-json\/wp\/v2\/tags?post=4141"}],"curies":[{"name":"wp","href":"https:\/\/api.w.org\/{rel}","templated":true}]}}