{"id":4134,"date":"2025-09-10T10:00:00","date_gmt":"2025-09-10T13:00:00","guid":{"rendered":"https:\/\/1truenote.com\/?p=4134"},"modified":"2025-09-26T12:49:31","modified_gmt":"2025-09-26T15:49:31","slug":"cantinho-do-cafe","status":"publish","type":"post","link":"https:\/\/1truenote.com\/en\/cantinho-do-cafe\/","title":{"rendered":"Cantinho do caf\u00e9: Inspira\u00e7\u00f5es e dicas para criar o seu espa\u00e7o perfeito"},"content":{"rendered":"<p>Cantinho do caf\u00e9. O caf\u00e9 \u00e9 muito mais do que uma bebida: \u00c9 um momento de pausa, de conex\u00e3o e de prazer di\u00e1rio. Por isso, o <strong>cantinho do caf\u00e9<\/strong> tem se tornado um espa\u00e7o especial em muitas casas e apartamentos. Seja em um ambiente pequeno ou em uma \u00e1rea maior, ele pode ser planejado para unir funcionalidade, estilo e acolhimento.<\/p>\n\n\n\n<p>Neste artigo, voc\u00ea vai encontrar ideias criativas, dicas de decora\u00e7\u00e3o e organiza\u00e7\u00e3o, al\u00e9m de inspira\u00e7\u00f5es para montar o seu cantinho do caf\u00e9 em casa.<\/p>\n\n\n\n<hr class=\"wp-block-separator has-alpha-channel-opacity\"\/>\n\n\n\n<h2 id='por-que-ter-um-cantinho-do-caf\u00e9'  class=\"wp-block-heading\">Por que ter um cantinho do caf\u00e9?<\/h2>\n\n\n\n<ul class=\"wp-block-list\">\n<li><strong>Praticidade:<\/strong> Facilita o preparo das bebidas em um local dedicado.<\/li>\n\n\n\n<li><strong>Est\u00e9tica:<\/strong> Agrega charme e estilo \u00e0 decora\u00e7\u00e3o.<\/li>\n\n\n\n<li><strong>Conv\u00edvio:<\/strong> Cria um ponto de encontro acolhedor para receber visitas.<\/li>\n\n\n\n<li><strong>Personaliza\u00e7\u00e3o:<\/strong> \u00c9 um espa\u00e7o onde voc\u00ea pode expressar seu estilo, seja moderno, r\u00fastico, minimalista ou colorido.<\/li>\n<\/ul>\n\n\n\n<hr class=\"wp-block-separator has-alpha-channel-opacity\"\/>\n\n\n\n<h2 id='elementos-essenciais-para-um-cantinho-do-caf\u00e9'  class=\"wp-block-heading\">Elementos essenciais para um cantinho do caf\u00e9<\/h2>\n\n\n\n<p>Para que o seu espa\u00e7o seja completo, alguns itens s\u00e3o indispens\u00e1veis:<\/p>\n\n\n\n<ol class=\"wp-block-list\">\n<li><strong>M\u00e1quina de caf\u00e9 ou cafeteira:<\/strong> Escolha conforme sua rotina.<\/li>\n\n\n\n<li><strong>X\u00edcaras e canecas:<\/strong> Pr\u00e1ticas e decorativas.<\/li>\n\n\n\n<li><strong>Prateleiras ou nichos:<\/strong> Ajudam a organizar e expor os itens.<\/li>\n\n\n\n<li><strong>Acess\u00f3rios extras:<\/strong> Porta-c\u00e1psulas, moedor de caf\u00e9, bandejas e potes herm\u00e9ticos.<\/li>\n\n\n\n<li><strong>Decora\u00e7\u00e3o:<\/strong> Quadros, plantas, ilumina\u00e7\u00e3o e itens personalizados que d\u00e3o identidade ao espa\u00e7o.<\/li>\n<\/ol>\n\n\n\n<hr class=\"wp-block-separator has-alpha-channel-opacity\"\/>\n\n\n\n<h2 id='onde-montar-o-cantinho-do-caf\u00e9'  class=\"wp-block-heading\">Onde montar o cantinho do caf\u00e9?<\/h2>\n\n\n\n<p>Mesmo em casas ou apartamentos pequenos, \u00e9 poss\u00edvel reservar um espa\u00e7o aconchegante para o caf\u00e9. Veja algumas op\u00e7\u00f5es:<\/p>\n\n\n\n<ul class=\"wp-block-list\">\n<li><strong>Na cozinha:<\/strong> Aproveitando bancadas ou arm\u00e1rios.<\/li>\n\n\n\n<li><strong>Na sala de estar:<\/strong> Integrando o cantinho com o ambiente social.<\/li>\n\n\n\n<li><strong>No corredor ou hall de entrada:<\/strong> Transformando \u00e1reas pouco usadas.<\/li>\n\n\n\n<li><strong>Em varandas gourmets:<\/strong> Ideal para quem gosta de receber amigos.<\/li>\n<\/ul>\n\n\n\n<hr class=\"wp-block-separator has-alpha-channel-opacity\"\/>\n\n\n\n<h2 id='estilos-de-cantinhos-do-caf\u00e9'  class=\"wp-block-heading\">Estilos de cantinhos do caf\u00e9<\/h2>\n\n\n\n<h3 id='1-minimalista'  class=\"wp-block-heading\">1. Minimalista<\/h3>\n\n\n\n<ul class=\"wp-block-list\">\n<li>Cores neutras (branco, preto, cinza).<\/li>\n\n\n\n<li>Poucos itens expostos.<\/li>\n\n\n\n<li>Uso de prateleiras finas e linhas retas.<\/li>\n<\/ul>\n\n\n\n<h3 id='2-r\u00fastico'  class=\"wp-block-heading\">2. R\u00fastico<\/h3>\n\n\n\n<ul class=\"wp-block-list\">\n<li>Madeira aparente.<\/li>\n\n\n\n<li>Objetos artesanais.<\/li>\n\n\n\n<li>Plantas e ilumina\u00e7\u00e3o amarela aconchegante.<\/li>\n<\/ul>\n\n\n\n<h3 id='3-moderno'  class=\"wp-block-heading\">3. Moderno<\/h3>\n\n\n\n<ul class=\"wp-block-list\">\n<li>Design clean.<\/li>\n\n\n\n<li>Nichos iluminados com LED.<\/li>\n\n\n\n<li>Acess\u00f3rios em inox ou vidro.<\/li>\n<\/ul>\n\n\n\n<h3 id='4-criativo'  class=\"wp-block-heading\">4. Criativo<\/h3>\n\n\n\n<ul class=\"wp-block-list\">\n<li>Paredes lousa para escrever frases.<\/li>\n\n\n\n<li>Cores vibrantes.<\/li>\n\n\n\n<li>Canecas personalizadas.<\/li>\n<\/ul>\n\n\n\n<hr class=\"wp-block-separator has-alpha-channel-opacity\"\/>\n\n\n\n<figure class=\"wp-block-image aligncenter size-medium\"><a href=\"https:\/\/chat.whatsapp.com\/KJBkp5LFJVRIvmt5X3hSEh\" target=\"_blank\" rel=\"noopener\"><img fetchpriority=\"high\" decoding=\"async\" width=\"1024\" height=\"1536\" src=\"https:\/\/i0.wp.com\/1truenote.com\/wp-content\/uploads\/2025\/06\/ChatGPT-Image-3-de-jun.-de-2025-19_04_53.png?fit=200%2C300&amp;ssl=1\" alt=\"chamada banner advetorial whats\" class=\"wp-image-2683\" srcset=\"https:\/\/i0.wp.com\/1truenote.com\/wp-content\/uploads\/2025\/06\/ChatGPT-Image-3-de-jun.-de-2025-19_04_53.png?w=1024&amp;ssl=1 1024w, https:\/\/i0.wp.com\/1truenote.com\/wp-content\/uploads\/2025\/06\/ChatGPT-Image-3-de-jun.-de-2025-19_04_53.png?resize=200%2C300&amp;ssl=1 200w, https:\/\/i0.wp.com\/1truenote.com\/wp-content\/uploads\/2025\/06\/ChatGPT-Image-3-de-jun.-de-2025-19_04_53.png?resize=683%2C1024&amp;ssl=1 683w, https:\/\/i0.wp.com\/1truenote.com\/wp-content\/uploads\/2025\/06\/ChatGPT-Image-3-de-jun.-de-2025-19_04_53.png?resize=768%2C1152&amp;ssl=1 768w, https:\/\/i0.wp.com\/1truenote.com\/wp-content\/uploads\/2025\/06\/ChatGPT-Image-3-de-jun.-de-2025-19_04_53.png?resize=150%2C225&amp;ssl=1 150w\" sizes=\"(max-width: 1024px) 100vw, 1024px\" \/><\/a><\/figure>\n\n\n\n<hr class=\"wp-block-separator has-alpha-channel-opacity\"\/>\n\n\n\n<h2 id='tabela-comparativa-m\u00e1quinas-de-caf\u00e9-para-seu-cantinho'  class=\"wp-block-heading\">Tabela comparativa: M\u00e1quinas de caf\u00e9 para seu cantinho<\/h2>\n\n\n\n<figure class=\"wp-block-table\"><table class=\"has-fixed-layout\"><thead><tr><th>Tipo de m\u00e1quina<\/th><th>Vantagens<\/th><th>Desvantagens<\/th><th>Ideal para<\/th><\/tr><\/thead><tbody><tr><td><strong>Cafeteira de c\u00e1psulas<\/strong><\/td><td>Pr\u00e1tica, r\u00e1pida, v\u00e1rias op\u00e7\u00f5es de sabores<\/td><td>C\u00e1psulas podem ter custo alto<\/td><td>Quem busca rapidez<\/td><\/tr><tr><td><strong>Cafeteira italiana (moka)<\/strong><\/td><td>Compacta, caf\u00e9 encorpado<\/td><td>Requer fog\u00e3o, n\u00e3o \u00e9 t\u00e3o pr\u00e1tica<\/td><td>Amantes de caf\u00e9 tradicional<\/td><\/tr><tr><td><strong>Cafeteira el\u00e9trica<\/strong><\/td><td>Prepara maior quantidade<\/td><td>Menos personaliza\u00e7\u00e3o de sabor<\/td><td>Fam\u00edlias ou escrit\u00f3rios<\/td><\/tr><tr><td><strong>M\u00e1quina de espresso<\/strong><\/td><td>Caf\u00e9 de alta qualidade, profissional<\/td><td>Investimento alto<\/td><td>Apaixonados por caf\u00e9 gourmet<\/td><\/tr><\/tbody><\/table><\/figure>\n\n\n\n<hr class=\"wp-block-separator has-alpha-channel-opacity\"\/>\n\n\n\n<h2 id='dicas-pr\u00e1ticas-para-organizar-o-cantinho-do-caf\u00e9'  class=\"wp-block-heading\">Dicas pr\u00e1ticas para organizar o cantinho do caf\u00e9<\/h2>\n\n\n\n<ul class=\"wp-block-list\">\n<li>Use <strong>bandejas decorativas<\/strong> para agrupar x\u00edcaras, c\u00e1psulas e a\u00e7ucareiros.<\/li>\n\n\n\n<li>Invista em <strong>prateleiras suspensas<\/strong> para otimizar espa\u00e7os pequenos.<\/li>\n\n\n\n<li>Aposte em <strong>ilumina\u00e7\u00e3o diferenciada<\/strong>: Fitas de LED ou lumin\u00e1rias pontuais.<\/li>\n\n\n\n<li>Decore com <strong>quadros tem\u00e1ticos<\/strong> ou frases relacionadas ao caf\u00e9.<\/li>\n\n\n\n<li>Adicione <strong>plantas pequenas<\/strong> para trazer vida ao ambiente.<\/li>\n<\/ul>\n\n\n\n<hr class=\"wp-block-separator has-alpha-channel-opacity\"\/>\n\n\n\n<h2 id='inspira\u00e7\u00f5es-de-decora\u00e7\u00e3o'  class=\"wp-block-heading\">Inspira\u00e7\u00f5es de decora\u00e7\u00e3o<\/h2>\n\n\n\n<ol class=\"wp-block-list\">\n<li><strong>Cantinho do caf\u00e9 com estilo escandinavo:<\/strong> Tons claros, madeira natural e simplicidade.<\/li>\n\n\n\n<li><strong>Cantinho retr\u00f4:<\/strong> Eletrodom\u00e9sticos vintage e cores fortes.<\/li>\n\n\n\n<li><strong>Cantinho gourmet:<\/strong> Equipado com m\u00e1quina de espresso, moedor e variedades de gr\u00e3os.<\/li>\n<\/ol>\n\n\n\n<hr class=\"wp-block-separator has-alpha-channel-opacity\"\/>\n\n\n\n<a href=\"https:\/\/1truenote.com\/en\/cantinho-do-churrasco-dicas-inspiracoes\/\" style=\"text-decoration: none;\">\n  <div style=\"display: flex; justify-content: space-between; align-items: center; background: #d44a00; padding: 12px 20px; color: white; font-family: Arial, sans-serif;\">\n    <strong style=\"color: black;\">READ ALSO:<\/strong>\n    <span style=\"margin-left: 8px; flex: 1;\">Cantinho do Churrasco: Guia completo <\/span>\n    <div style=\"background: #f2802f; padding: 8px 12px; border-radius: 2px; margin-left: 10px;\">\n      <span style=\"color: white; font-weight: bold;\">\u27a4<\/span>\n    <\/div>\n  <\/div>\n<\/a>\n\n\n\n<hr class=\"wp-block-separator has-alpha-channel-opacity\"\/>\n\n\n\n<h2 id='cantinho-do-caf\u00e9'  class=\"wp-block-heading\">Coffe time<\/h2>\n\n\n\n<p>Montar um <strong>cantinho do caf\u00e9<\/strong> \u00e9 criar um espa\u00e7o para apreciar um dos maiores prazeres do dia a dia. Seja pequeno ou sofisticado, o importante \u00e9 que ele reflita o seu estilo e proporcione momentos de aconchego e boas conversas.<\/p>\n\n\n\n<p>Com criatividade e alguns elementos-chave, voc\u00ea transforma um simples espa\u00e7o em um verdadeiro ref\u00fagio de aromas e sabores.<\/p>\n\n\n\n<hr class=\"wp-block-separator has-alpha-channel-opacity\"\/>\n\n\n\n<a href=\"https:\/\/1truenote.com\/en\/cantinho-do-churrasco-dicas-inspiracoes\/\" style=\"text-decoration: none;\">\n  <div style=\"display: flex; justify-content: space-between; align-items: center; background: #d44a00; padding: 12px 20px; color: white; font-family: Arial, sans-serif;\">\n    <strong style=\"color: black;\">READ ALSO:<\/strong>\n    <span style=\"margin-left: 8px; flex: 1;\">Cantinho do Churrasco: Guia completo <\/span>\n    <div style=\"background: #f2802f; padding: 8px 12px; border-radius: 2px; margin-left: 10px;\">\n      <span style=\"color: white; font-weight: bold;\">\u27a4<\/span>\n    <\/div>\n  <\/div>\n<\/a>\n\n\n\n\n<hr class=\"wp-block-separator has-alpha-channel-opacity\"\/>\n\n\n\n<h2 id='faq-perguntas-frequentes-sobre-cantinho-do-caf\u00e9'  class=\"wp-block-heading\">FAQ \u2013 Perguntas frequentes sobre cantinho do caf\u00e9<\/h2>\n\n\n<div id=\"rank-math-faq\" class=\"rank-math-block\">\n<div class=\"rank-math-list\">\n<div id=\"faq-question-1757453524170\" class=\"rank-math-list-item\">\n<h3 id='preciso-de-muito-espa\u00e7o-para-montar-um-cantinho-do-caf\u00e9'  class=\"rank-math-question\">Preciso de muito espa\u00e7o para montar um cantinho do caf\u00e9?<\/h3>\n<div class=\"rank-math-answer\">\n\n<p>N\u00e3o. Um pequeno aparador, prateleira ou at\u00e9 mesmo um nicho j\u00e1 s\u00e3o suficientes.<\/p>\n\n<\/div>\n<\/div>\n<div id=\"faq-question-1757453524995\" class=\"rank-math-list-item\">\n<h3 id='qual-\u00e9-a-ilumina\u00e7\u00e3o-ideal-para-esse-espa\u00e7o'  class=\"rank-math-question\">Qual \u00e9 a ilumina\u00e7\u00e3o ideal para esse espa\u00e7o?<\/h3>\n<div class=\"rank-math-answer\">\n\n<p>Prefira ilumina\u00e7\u00e3o quente e aconchegante, como luz amarela ou pontos de LED.<\/p>\n\n<\/div>\n<\/div>\n<div id=\"faq-question-1757453526191\" class=\"rank-math-list-item\">\n<h3 id='como-organizar-as-c\u00e1psulas-de-caf\u00e9'  class=\"rank-math-question\">Como organizar as c\u00e1psulas de caf\u00e9?<\/h3>\n<div class=\"rank-math-answer\">\n\n<p>Existem suportes pr\u00f3prios, mas voc\u00ea tamb\u00e9m pode usar potes transparentes ou caixas decorativas.<\/p>\n\n<\/div>\n<\/div>\n<div id=\"faq-question-1757453527027\" class=\"rank-math-list-item\">\n<h3 id='posso-montar-um-cantinho-do-caf\u00e9-na-sala'  class=\"rank-math-question\">Posso montar um cantinho do caf\u00e9 na sala?<\/h3>\n<div class=\"rank-math-answer\">\n\n<p>Sim! Ele pode se integrar perfeitamente \u00e0 decora\u00e7\u00e3o e at\u00e9 servir como ponto de destaque.<\/p>\n\n<\/div>\n<\/div>\n<div id=\"faq-question-1757453568916\" class=\"rank-math-list-item\">\n<h3 id='qual-estilo-de-decora\u00e7\u00e3o-combina-mais-com-o-cantinho-do-caf\u00e9'  class=\"rank-math-question\">Qual estilo de decora\u00e7\u00e3o combina mais com o cantinho do caf\u00e9?<\/h3>\n<div class=\"rank-math-answer\">\n\n<p>Depende do restante da sua casa. Voc\u00ea pode escolher entre minimalista, r\u00fastico, moderno ou at\u00e9 criativo.<\/p>\n\n<\/div>\n<\/div>\n<\/div>\n<\/div>\n\n\n<figure class=\"wp-block-image aligncenter size-large\"><img data-recalc-dims=\"1\" decoding=\"async\" width=\"1024\" height=\"683\" src=\"https:\/\/i0.wp.com\/1truenote.com\/wp-content\/uploads\/2025\/09\/20250909_1909_Canto-do-Cafe_remix_01k4r8amb2ezv9ktd498qd8anc.png?resize=1024%2C683&#038;ssl=1\" alt=\"cantinho do caf\u00e9\" class=\"wp-image-4135\" srcset=\"https:\/\/i0.wp.com\/1truenote.com\/wp-content\/uploads\/2025\/09\/20250909_1909_Canto-do-Cafe_remix_01k4r8amb2ezv9ktd498qd8anc.png?resize=1024%2C683&amp;ssl=1 1024w, https:\/\/i0.wp.com\/1truenote.com\/wp-content\/uploads\/2025\/09\/20250909_1909_Canto-do-Cafe_remix_01k4r8amb2ezv9ktd498qd8anc.png?resize=300%2C200&amp;ssl=1 300w, https:\/\/i0.wp.com\/1truenote.com\/wp-content\/uploads\/2025\/09\/20250909_1909_Canto-do-Cafe_remix_01k4r8amb2ezv9ktd498qd8anc.png?resize=768%2C512&amp;ssl=1 768w, https:\/\/i0.wp.com\/1truenote.com\/wp-content\/uploads\/2025\/09\/20250909_1909_Canto-do-Cafe_remix_01k4r8amb2ezv9ktd498qd8anc.png?resize=18%2C12&amp;ssl=1 18w, https:\/\/i0.wp.com\/1truenote.com\/wp-content\/uploads\/2025\/09\/20250909_1909_Canto-do-Cafe_remix_01k4r8amb2ezv9ktd498qd8anc.png?resize=150%2C100&amp;ssl=1 150w, https:\/\/i0.wp.com\/1truenote.com\/wp-content\/uploads\/2025\/09\/20250909_1909_Canto-do-Cafe_remix_01k4r8amb2ezv9ktd498qd8anc.png?w=1536&amp;ssl=1 1536w\" sizes=\"(max-width: 1024px) 100vw, 1024px\" \/><\/figure>","protected":false},"excerpt":{"rendered":"<p>Cantinho do caf\u00e9. O caf\u00e9 \u00e9 muito mais do que uma bebida: \u00c9 um momento de pausa, de conex\u00e3o e&#8230;<\/p>","protected":false},"author":1,"featured_media":4135,"comment_status":"open","ping_status":"open","sticky":false,"template":"","format":"standard","meta":{"_kad_post_transparent":"","_kad_post_title":"","_kad_post_layout":"","_kad_post_sidebar_id":"","_kad_post_content_style":"","_kad_post_vertical_padding":"","_kad_post_feature":"","_kad_post_feature_position":"","_kad_post_header":false,"_kad_post_footer":false,"_kad_post_classname":"","footnotes":"","jetpack_publicize_message":"","jetpack_publicize_feature_enabled":true,"jetpack_social_post_already_shared":true,"jetpack_social_options":{"image_generator_settings":{"template":"highway","default_image_id":0,"font":"","enabled":false},"version":2}},"categories":[16,1],"tags":[13,14,12],"class_list":["post-4134","post","type-post","status-publish","format-standard","has-post-thumbnail","hentry","category-casa-e-jardim","category-novidades","tag-minimalista","tag-interiores-inovadores","tag-projetos-inovadores"],"jetpack_publicize_connections":[],"jetpack_featured_media_url":"https:\/\/i0.wp.com\/1truenote.com\/wp-content\/uploads\/2025\/09\/20250909_1909_Canto-do-Cafe_remix_01k4r8amb2ezv9ktd498qd8anc.png?fit=1536%2C1024&ssl=1","jetpack_sharing_enabled":true,"_links":{"self":[{"href":"https:\/\/1truenote.com\/en\/wp-json\/wp\/v2\/posts\/4134","targetHints":{"allow":["GET"]}}],"collection":[{"href":"https:\/\/1truenote.com\/en\/wp-json\/wp\/v2\/posts"}],"about":[{"href":"https:\/\/1truenote.com\/en\/wp-json\/wp\/v2\/types\/post"}],"author":[{"embeddable":true,"href":"https:\/\/1truenote.com\/en\/wp-json\/wp\/v2\/users\/1"}],"replies":[{"embeddable":true,"href":"https:\/\/1truenote.com\/en\/wp-json\/wp\/v2\/comments?post=4134"}],"version-history":[{"count":1,"href":"https:\/\/1truenote.com\/en\/wp-json\/wp\/v2\/posts\/4134\/revisions"}],"predecessor-version":[{"id":4136,"href":"https:\/\/1truenote.com\/en\/wp-json\/wp\/v2\/posts\/4134\/revisions\/4136"}],"wp:featuredmedia":[{"embeddable":true,"href":"https:\/\/1truenote.com\/en\/wp-json\/wp\/v2\/media\/4135"}],"wp:attachment":[{"href":"https:\/\/1truenote.com\/en\/wp-json\/wp\/v2\/media?parent=4134"}],"wp:term":[{"taxonomy":"category","embeddable":true,"href":"https:\/\/1truenote.com\/en\/wp-json\/wp\/v2\/categories?post=4134"},{"taxonomy":"post_tag","embeddable":true,"href":"https:\/\/1truenote.com\/en\/wp-json\/wp\/v2\/tags?post=4134"}],"curies":[{"name":"wp","href":"https:\/\/api.w.org\/{rel}","templated":true}]}}