{"id":4128,"date":"2025-09-08T18:00:00","date_gmt":"2025-09-08T21:00:00","guid":{"rendered":"https:\/\/1truenote.com\/?p=4128"},"modified":"2025-09-26T12:49:41","modified_gmt":"2025-09-26T15:49:41","slug":"poltronas-na-decoracao","status":"publish","type":"post","link":"https:\/\/1truenote.com\/en\/poltronas-na-decoracao\/","title":{"rendered":"Poltronas na decora\u00e7\u00e3o: Eleg\u00e2ncia, conforto e versatilidade para todos os ambientes"},"content":{"rendered":"<p>Poltronas na decora\u00e7\u00e3o. As poltronas s\u00e3o verdadeiras protagonistas no mundo da decora\u00e7\u00e3o. Muito al\u00e9m de um simples assento, elas carregam estilo, personalidade e oferecem o conforto necess\u00e1rio para momentos de descanso. Vers\u00e1teis, podem ser usadas em praticamente qualquer ambiente da casa: Da sala de estar ao quarto, passando por varandas e at\u00e9 escrit\u00f3rios.<\/p>\n\n\n\n<p>Aqui voc\u00ea vai descobrir por que a poltrona \u00e9 uma pe\u00e7a-chave na decora\u00e7\u00e3o, os diferentes estilos que existem e como aproveit\u00e1-la para transformar seus espa\u00e7os.<\/p>\n\n\n\n<hr class=\"wp-block-separator has-alpha-channel-opacity\"\/>\n\n\n\n<h2 id='por-que-usar-poltronas-na-decora\u00e7\u00e3o'  class=\"wp-block-heading\">Por que usar poltronas na decora\u00e7\u00e3o?<\/h2>\n\n\n\n<p>As poltronas unem est\u00e9tica e funcionalidade em um s\u00f3 m\u00f3vel. Confira algumas raz\u00f5es para adot\u00e1-las no seu projeto:<\/p>\n\n\n\n<ul class=\"wp-block-list\">\n<li><strong>Conforto absoluto<\/strong>: Sua estrutura \u00e9 pensada para garantir bem-estar, seja para leitura, assistir TV ou apenas relaxar.<\/li>\n\n\n\n<li><strong>Ponto focal<\/strong>: Em muitos casos, a poltrona \u00e9 a pe\u00e7a que atrai olhares e d\u00e1 personalidade ao ambiente.<\/li>\n\n\n\n<li><strong>Versatilidade<\/strong>: Diferentes modelos e materiais permitem que ela se encaixe em qualquer estilo decorativo.<\/li>\n\n\n\n<li><strong>Funcionalidade<\/strong>: Al\u00e9m de acomodar pessoas, a poltrona ajuda a criar cantos aconchegantes e organizados.<\/li>\n<\/ul>\n\n\n\n<hr class=\"wp-block-separator has-alpha-channel-opacity\"\/>\n\n\n\n<h2 id='tipos-de-poltronas-para-diferentes-estilos'  class=\"wp-block-heading\">Tipos de poltronas para diferentes estilos<\/h2>\n\n\n\n<p>Cada estilo de decora\u00e7\u00e3o pode ser valorizado com um modelo espec\u00edfico de poltrona:<\/p>\n\n\n\n<ul class=\"wp-block-list\">\n<li><strong>Poltronas cl\u00e1ssicas<\/strong>: Sofistica\u00e7\u00e3o e curvas elegantes, perfeitas para ambientes tradicionais.<\/li>\n\n\n\n<li><strong>Poltronas modernas<\/strong>: Linhas retas e design minimalista, ideais para decora\u00e7\u00f5es contempor\u00e2neas.<\/li>\n\n\n\n<li><strong>Poltronas r\u00fasticas<\/strong>: Feitas em madeira natural e tecidos crus, trazem calor e autenticidade.<\/li>\n\n\n\n<li><strong>Poltronas escandinavas<\/strong>: Cores neutras e formas simples que refletem o conceito de menos \u00e9 mais.<\/li>\n\n\n\n<li><strong>Poltronas chaise<\/strong>: Compridas e confort\u00e1veis, s\u00e3o ideais para leitura e relaxamento profundo.<\/li>\n<\/ul>\n\n\n\n<hr class=\"wp-block-separator has-alpha-channel-opacity\"\/>\n\n\n\n<h2 id='onde-usar-poltronas-em-casa'  class=\"wp-block-heading\">Onde usar poltronas em casa<\/h2>\n\n\n\n<p>Poltronas na decora\u00e7\u00e3o. Uma das maiores vantagens desse m\u00f3vel \u00e9 a sua adaptabilidade. Veja como utiliz\u00e1-las em diferentes ambientes:<\/p>\n\n\n\n<ul class=\"wp-block-list\">\n<li><strong>Sala de estar<\/strong>: Para complementar sof\u00e1s ou criar um espa\u00e7o de leitura ao lado de uma lumin\u00e1ria de ch\u00e3o.<\/li>\n\n\n\n<li><strong>Quarto<\/strong>: Perfeitas para compor um cantinho de descanso ou servir como apoio para roupas e objetos.<\/li>\n\n\n\n<li><strong>Varandas e jardins de inverno<\/strong>: Adicionam conforto para aproveitar a luz natural e a brisa.<\/li>\n\n\n\n<li><strong>Escrit\u00f3rio<\/strong>: Garantem um ar sofisticado e confort\u00e1vel, ideal para receber visitas.<\/li>\n<\/ul>\n\n\n\n<hr class=\"wp-block-separator has-alpha-channel-opacity\"\/>\n\n\n\n<h2 id='como-combinar-poltronas-com-a-decora\u00e7\u00e3o'  class=\"wp-block-heading\">Como combinar poltronas com a decora\u00e7\u00e3o<\/h2>\n\n\n\n<p>Poltronas na decora\u00e7\u00e3o. A poltrona pode se destacar ou se integrar ao restante do ambiente. Tudo depende da combina\u00e7\u00e3o de cores, materiais e acess\u00f3rios:<\/p>\n\n\n\n<ul class=\"wp-block-list\">\n<li><strong>Cores<\/strong>: Escolha tons que harmonizem com o restante do mobili\u00e1rio ou opte por cores contrastantes para destacar a pe\u00e7a.<\/li>\n\n\n\n<li><strong>Tecidos<\/strong>: Linho, couro, veludo e algod\u00e3o s\u00e3o op\u00e7\u00f5es que influenciam diretamente na sensa\u00e7\u00e3o do espa\u00e7o.<\/li>\n\n\n\n<li><strong>Acess\u00f3rios<\/strong>: Almofadas e mantas s\u00e3o \u00f3timas para personalizar e dar mais aconchego.<\/li>\n\n\n\n<li><strong>Complementos<\/strong>: Mesas laterais, tapetes e lumin\u00e1rias ajudam a compor um cen\u00e1rio funcional e acolhedor.<\/li>\n<\/ul>\n\n\n\n<hr class=\"wp-block-separator has-alpha-channel-opacity\"\/>\n\n\n\n<figure class=\"wp-block-image aligncenter size-medium\"><a href=\"https:\/\/chat.whatsapp.com\/KJBkp5LFJVRIvmt5X3hSEh\" target=\"_blank\" rel=\"noopener\"><img fetchpriority=\"high\" decoding=\"async\" width=\"1024\" height=\"1536\" src=\"https:\/\/i0.wp.com\/1truenote.com\/wp-content\/uploads\/2025\/06\/ChatGPT-Image-3-de-jun.-de-2025-19_04_53.png?fit=200%2C300&amp;ssl=1\" alt=\"chamada banner advetorial whats\" class=\"wp-image-2683\" srcset=\"https:\/\/i0.wp.com\/1truenote.com\/wp-content\/uploads\/2025\/06\/ChatGPT-Image-3-de-jun.-de-2025-19_04_53.png?w=1024&amp;ssl=1 1024w, https:\/\/i0.wp.com\/1truenote.com\/wp-content\/uploads\/2025\/06\/ChatGPT-Image-3-de-jun.-de-2025-19_04_53.png?resize=200%2C300&amp;ssl=1 200w, https:\/\/i0.wp.com\/1truenote.com\/wp-content\/uploads\/2025\/06\/ChatGPT-Image-3-de-jun.-de-2025-19_04_53.png?resize=683%2C1024&amp;ssl=1 683w, https:\/\/i0.wp.com\/1truenote.com\/wp-content\/uploads\/2025\/06\/ChatGPT-Image-3-de-jun.-de-2025-19_04_53.png?resize=768%2C1152&amp;ssl=1 768w, https:\/\/i0.wp.com\/1truenote.com\/wp-content\/uploads\/2025\/06\/ChatGPT-Image-3-de-jun.-de-2025-19_04_53.png?resize=150%2C225&amp;ssl=1 150w\" sizes=\"(max-width: 1024px) 100vw, 1024px\" \/><\/a><\/figure>\n\n\n\n<hr class=\"wp-block-separator has-alpha-channel-opacity\"\/>\n\n\n\n<h2 id='inspira\u00e7\u00f5es-de-ambientes-com-poltronas-na-decora\u00e7\u00e3o'  class=\"wp-block-heading\">Inspira\u00e7\u00f5es de ambientes com poltronas na decora\u00e7\u00e3o<\/h2>\n\n\n\n<ol class=\"wp-block-list\">\n<li><strong>Sala com poltrona chaise<\/strong>: Ideal para relaxar diante de uma estante repleta de livros, criando um ref\u00fagio pessoal.<\/li>\n\n\n\n<li><strong>Quarto moderno<\/strong>: Uma poltrona de design minimalista ao lado da cama funciona como ponto de apoio e elemento decorativo.<\/li>\n\n\n\n<li><strong>Varanda aconchegante<\/strong>: Poltronas r\u00fasticas com tecidos claros tornam o espa\u00e7o convidativo para receber amigos.<\/li>\n\n\n\n<li><strong>Escrit\u00f3rio sofisticado<\/strong>: Poltronas em couro transmitem autoridade e conforto ao mesmo tempo.<\/li>\n<\/ol>\n\n\n\n<hr class=\"wp-block-separator has-alpha-channel-opacity\"\/>\n\n\n\n<a href=\"https:\/\/1truenote.com\/en\/prateleiras-de-nicho\/\" style=\"text-decoration: none;\">\n  <div style=\"display: flex; justify-content: space-between; align-items: center; background: #d44a00; padding: 12px 20px; color: white; font-family: Arial, sans-serif;\">\n    <strong style=\"color: black;\">READ ALSO:<\/strong>\n    <span style=\"margin-left: 8px; flex: 1;\">Prateleiras de nicho: Organiza\u00e7\u00e3o<\/span>\n    <div style=\"background: #f2802f; padding: 8px 12px; border-radius: 2px; margin-left: 10px;\">\n      <span style=\"color: white; font-weight: bold;\">\u27a4<\/span>\n    <\/div>\n  <\/div>\n<\/a>\n\n\n\n<hr class=\"wp-block-separator has-alpha-channel-opacity\"\/>\n\n\n\n<h2 id='dicas-para-escolher-a-poltrona-ideal'  class=\"wp-block-heading\">Dicas para escolher a poltrona ideal<\/h2>\n\n\n\n<ul class=\"wp-block-list\">\n<li><strong>Avalie o espa\u00e7o dispon\u00edvel<\/strong>: Poltronas grandes pedem ambientes mais amplos.<\/li>\n\n\n\n<li><strong>Defina o uso principal<\/strong>: Leitura, descanso, socializa\u00e7\u00e3o ou apenas um complemento visual.<\/li>\n\n\n\n<li><strong>Priorize a ergonomia<\/strong>: Conforto \u00e9 fundamental, especialmente em poltronas usadas diariamente.<\/li>\n\n\n\n<li><strong>Durabilidade e manuten\u00e7\u00e3o<\/strong>: Tecidos f\u00e1ceis de limpar e estruturas resistentes aumentam a vida \u00fatil da pe\u00e7a.<\/li>\n<\/ul>\n\n\n\n<hr class=\"wp-block-separator has-alpha-channel-opacity\"\/>\n\n\n<div class=\"hostinger-affiliate-block-wrap\">\n            <div class=\"hostinger-affiliate-block-list-simple\">\n            <div class=\"hostinger-affiliate-block-list-simple__image\">\n                                        <a href=\"https:\/\/www.amazon.com.br\/dp\/B0DLVBYXYH?tag=joaopedro047-20\" target=\"_blank\" rel=\"nofollow noopener noreferrer\">\n                            <img decoding=\"async\" src=\"https:\/\/m.media-amazon.com\/images\/I\/41aPuPBI9qL.jpg\" alt=\"Poltrona Decorativa Beny Fixa Living Linho Para Sala Cadeira Rece...\">\n                        <\/a>\n                                <\/div>\n            <div class=\"hostinger-affiliate-block-list-simple__product-data\">\n                <div class=\"hostinger-affiliate-block-list-simple__product-info\">\n                                            <div class=\"hostinger-affiliate-block-list-simple__bestseller-label\">\n                                                        Bestseller #1                        <\/div>\n                                            <div class=\"hostinger-affiliate-block-list-simple__product-title\">\n                        <a href=\"https:\/\/www.amazon.com.br\/dp\/B0DLVBYXYH?tag=joaopedro047-20\" target=\"_blank\" rel=\"nofollow noopener noreferrer\">\n                            <h3 id='poltrona-decorativa-beny-fixa-living-linho-para-sala-cadeira-rece'>\n                                Poltrona Decorativa Beny Fixa Living Linho Para Sala Cadeira Rece&#8230;                            <\/h3>\n                        <\/a>\n                    <\/div>\n                    <div class=\"hostinger-affiliate-block-list-simple__product-pricing\">\n                                                    <div class=\"hostinger-affiliate-block-list-simple__product-price\">\n                                R$565,25                            <\/div>\n                                                <\/div>\n                <\/div>\n                <div class=\"hostinger-affiliate-block-list-simple__product-actions\">\n                    <div>\n                        <a href=\"https:\/\/www.amazon.com.br\/dp\/B0DLVBYXYH?tag=joaopedro047-20\" class=\"hostinger-affiliate-block-list-simple__product-amazon-button\" target=\"_blank\" rel=\"nofollow noopener noreferrer\">\n    Buy on Amazon<\/a>\n                    <\/div>\n                <\/div>\n            <\/div>\n        <\/div>\n                <div class=\"hostinger-affiliate-block-list-simple\">\n            <div class=\"hostinger-affiliate-block-list-simple__image\">\n                                        <a href=\"https:\/\/www.amazon.com.br\/dp\/B09NCB6DL2?tag=joaopedro047-20\" target=\"_blank\" rel=\"nofollow noopener noreferrer\">\n                            <img decoding=\"async\" src=\"https:\/\/m.media-amazon.com\/images\/I\/31QZV1in3XL.jpg\" alt=\"Poltrona do Papai Reclin\u00e1vel Manual em Corino Cor Marrom Modelo F...\">\n                        <\/a>\n                                <\/div>\n            <div class=\"hostinger-affiliate-block-list-simple__product-data\">\n                <div class=\"hostinger-affiliate-block-list-simple__product-info\">\n                                            <div class=\"hostinger-affiliate-block-list-simple__bestseller-label\">\n                                                        Bestseller #2                        <\/div>\n                                            <div class=\"hostinger-affiliate-block-list-simple__product-title\">\n                        <a href=\"https:\/\/www.amazon.com.br\/dp\/B09NCB6DL2?tag=joaopedro047-20\" target=\"_blank\" rel=\"nofollow noopener noreferrer\">\n                            <h3 id='poltrona-do-papai-reclin\u00e1vel-manual-em-corino-cor-marrom-modelo-f'>\n                                Poltrona do Papai Reclin\u00e1vel Manual em Corino Cor Marrom Modelo F&#8230;                            <\/h3>\n                        <\/a>\n                    <\/div>\n                    <div class=\"hostinger-affiliate-block-list-simple__product-pricing\">\n                                                    <div class=\"hostinger-affiliate-block-list-simple__product-price\">\n                                R$2.940,00                            <\/div>\n                                                <\/div>\n                <\/div>\n                <div class=\"hostinger-affiliate-block-list-simple__product-actions\">\n                    <div>\n                        <a href=\"https:\/\/www.amazon.com.br\/dp\/B09NCB6DL2?tag=joaopedro047-20\" class=\"hostinger-affiliate-block-list-simple__product-amazon-button\" target=\"_blank\" rel=\"nofollow noopener noreferrer\">\n    Buy on Amazon<\/a>\n                    <\/div>\n                <\/div>\n            <\/div>\n        <\/div>\n                <div class=\"hostinger-affiliate-block-list-simple\">\n            <div class=\"hostinger-affiliate-block-list-simple__image\">\n                                        <a href=\"https:\/\/www.amazon.com.br\/dp\/B0DYPFZ6Q9?tag=joaopedro047-20\" target=\"_blank\" rel=\"nofollow noopener noreferrer\">\n                            <img decoding=\"async\" src=\"https:\/\/m.media-amazon.com\/images\/I\/41Ms2WwIWdL.jpg\" alt=\"Poltrona Para Amamenta\u00e7\u00e3o com Puff Para Descanso - Poltrona Para ...\">\n                        <\/a>\n                                <\/div>\n            <div class=\"hostinger-affiliate-block-list-simple__product-data\">\n                <div class=\"hostinger-affiliate-block-list-simple__product-info\">\n                                            <div class=\"hostinger-affiliate-block-list-simple__bestseller-label\">\n                                                        Bestseller #3                        <\/div>\n                                            <div class=\"hostinger-affiliate-block-list-simple__product-title\">\n                        <a href=\"https:\/\/www.amazon.com.br\/dp\/B0DYPFZ6Q9?tag=joaopedro047-20\" target=\"_blank\" rel=\"nofollow noopener noreferrer\">\n                            <h3 id='poltrona-para-amamenta\u00e7\u00e3o-com-puff-para-descanso-poltrona-para'>\n                                Poltrona Para Amamenta\u00e7\u00e3o com Puff Para Descanso &#8211; Poltrona Para &#8230;                            <\/h3>\n                        <\/a>\n                    <\/div>\n                    <div class=\"hostinger-affiliate-block-list-simple__product-pricing\">\n                                            <\/div>\n                <\/div>\n                <div class=\"hostinger-affiliate-block-list-simple__product-actions\">\n                    <div>\n                        <a href=\"https:\/\/www.amazon.com.br\/dp\/B0DYPFZ6Q9?tag=joaopedro047-20\" class=\"hostinger-affiliate-block-list-simple__product-amazon-button\" target=\"_blank\" rel=\"nofollow noopener noreferrer\">\n    Buy on Amazon<\/a>\n                    <\/div>\n                <\/div>\n            <\/div>\n        <\/div>\n                <div class=\"hostinger-affiliate-block-list-simple\">\n            <div class=\"hostinger-affiliate-block-list-simple__image\">\n                                        <a href=\"https:\/\/www.amazon.com.br\/dp\/B0DG3SKBXD?tag=joaopedro047-20\" target=\"_blank\" rel=\"nofollow noopener noreferrer\">\n                            <img decoding=\"async\" src=\"https:\/\/m.media-amazon.com\/images\/I\/41eW0ElPYrL.jpg\" alt=\"kit poltrona Anita +puff redondo p\u00e9s palito decorativo-ME Ecommer...\">\n                        <\/a>\n                                <\/div>\n            <div class=\"hostinger-affiliate-block-list-simple__product-data\">\n                <div class=\"hostinger-affiliate-block-list-simple__product-info\">\n                                            <div class=\"hostinger-affiliate-block-list-simple__bestseller-label\">\n                                                        Bestseller #4                        <\/div>\n                                            <div class=\"hostinger-affiliate-block-list-simple__product-title\">\n                        <a href=\"https:\/\/www.amazon.com.br\/dp\/B0DG3SKBXD?tag=joaopedro047-20\" target=\"_blank\" rel=\"nofollow noopener noreferrer\">\n                            <h3 id='kit-poltrona-anita-+puff-redondo-p\u00e9s-palito-decorativo-me-ecommer'>\n                                kit poltrona Anita +puff redondo p\u00e9s palito decorativo-ME Ecommer&#8230;                            <\/h3>\n                        <\/a>\n                    <\/div>\n                    <div class=\"hostinger-affiliate-block-list-simple__product-pricing\">\n                                                    <div class=\"hostinger-affiliate-block-list-simple__product-price\">\n                                R$350,00                            <\/div>\n                                                <\/div>\n                <\/div>\n                <div class=\"hostinger-affiliate-block-list-simple__product-actions\">\n                    <div>\n                        <a href=\"https:\/\/www.amazon.com.br\/dp\/B0DG3SKBXD?tag=joaopedro047-20\" class=\"hostinger-affiliate-block-list-simple__product-amazon-button\" target=\"_blank\" rel=\"nofollow noopener noreferrer\">\n    Buy on Amazon<\/a>\n                    <\/div>\n                <\/div>\n            <\/div>\n        <\/div>\n                <div class=\"hostinger-affiliate-block-list-simple\">\n            <div class=\"hostinger-affiliate-block-list-simple__image\">\n                                        <a href=\"https:\/\/www.amazon.com.br\/dp\/B0BFRSLXX1?tag=joaopedro047-20\" target=\"_blank\" rel=\"nofollow noopener noreferrer\">\n                            <img decoding=\"async\" src=\"https:\/\/m.media-amazon.com\/images\/I\/41g6LxM5IpL.jpg\" alt=\"Poltrona Jade Linho Agarb Decor Cor:Linho Azul\">\n                        <\/a>\n                                <\/div>\n            <div class=\"hostinger-affiliate-block-list-simple__product-data\">\n                <div class=\"hostinger-affiliate-block-list-simple__product-info\">\n                                            <div class=\"hostinger-affiliate-block-list-simple__bestseller-label\">\n                                                        Bestseller #5                        <\/div>\n                                            <div class=\"hostinger-affiliate-block-list-simple__product-title\">\n                        <a href=\"https:\/\/www.amazon.com.br\/dp\/B0BFRSLXX1?tag=joaopedro047-20\" target=\"_blank\" rel=\"nofollow noopener noreferrer\">\n                            <h3 id='poltrona-jade-linho-agarb-decor-cor-linho-azul'>\n                                Poltrona Jade Linho Agarb Decor Cor:Linho Azul                            <\/h3>\n                        <\/a>\n                    <\/div>\n                    <div class=\"hostinger-affiliate-block-list-simple__product-pricing\">\n                                                    <div class=\"hostinger-affiliate-block-list-simple__product-price\">\n                                R$888,75                            <\/div>\n                                                <\/div>\n                <\/div>\n                <div class=\"hostinger-affiliate-block-list-simple__product-actions\">\n                    <div>\n                        <a href=\"https:\/\/www.amazon.com.br\/dp\/B0BFRSLXX1?tag=joaopedro047-20\" class=\"hostinger-affiliate-block-list-simple__product-amazon-button\" target=\"_blank\" rel=\"nofollow noopener noreferrer\">\n    Buy on Amazon<\/a>\n                    <\/div>\n                <\/div>\n            <\/div>\n        <\/div>\n                <div class=\"hostinger-affiliate-block-list-simple\">\n            <div class=\"hostinger-affiliate-block-list-simple__image\">\n                                        <a href=\"https:\/\/www.amazon.com.br\/dp\/B0DLVKDZ4F?tag=joaopedro047-20\" target=\"_blank\" rel=\"nofollow noopener noreferrer\">\n                            <img decoding=\"async\" src=\"https:\/\/m.media-amazon.com\/images\/I\/51wD5zc7GsL.jpg\" alt=\"Poltrona Cadeira Reclin\u00e1vel Imperial Zero Wall Papai Est\u00e9tica C\u00edl...\">\n                        <\/a>\n                                <\/div>\n            <div class=\"hostinger-affiliate-block-list-simple__product-data\">\n                <div class=\"hostinger-affiliate-block-list-simple__product-info\">\n                                            <div class=\"hostinger-affiliate-block-list-simple__bestseller-label\">\n                                                        Bestseller #6                        <\/div>\n                                            <div class=\"hostinger-affiliate-block-list-simple__product-title\">\n                        <a href=\"https:\/\/www.amazon.com.br\/dp\/B0DLVKDZ4F?tag=joaopedro047-20\" target=\"_blank\" rel=\"nofollow noopener noreferrer\">\n                            <h3 id='poltrona-cadeira-reclin\u00e1vel-imperial-zero-wall-papai-est\u00e9tica-c\u00edl'>\n                                Poltrona Cadeira Reclin\u00e1vel Imperial Zero Wall Papai Est\u00e9tica C\u00edl&#8230;                            <\/h3>\n                        <\/a>\n                    <\/div>\n                    <div class=\"hostinger-affiliate-block-list-simple__product-pricing\">\n                                                    <div class=\"hostinger-affiliate-block-list-simple__product-price\">\n                                R$1.792,00                            <\/div>\n                                                <\/div>\n                <\/div>\n                <div class=\"hostinger-affiliate-block-list-simple__product-actions\">\n                    <div>\n                        <a href=\"https:\/\/www.amazon.com.br\/dp\/B0DLVKDZ4F?tag=joaopedro047-20\" class=\"hostinger-affiliate-block-list-simple__product-amazon-button\" target=\"_blank\" rel=\"nofollow noopener noreferrer\">\n    Buy on Amazon<\/a>\n                    <\/div>\n                <\/div>\n            <\/div>\n        <\/div>\n                <div class=\"hostinger-affiliate-block-list-simple\">\n            <div class=\"hostinger-affiliate-block-list-simple__image\">\n                                        <a href=\"https:\/\/www.amazon.com.br\/dp\/B0BFRWMBN7?tag=joaopedro047-20\" target=\"_blank\" rel=\"nofollow noopener noreferrer\">\n                            <img decoding=\"async\" src=\"https:\/\/m.media-amazon.com\/images\/I\/41n5csL67vL.jpg\" alt=\"Poltrona Lina Agarb Decor Cor:Linho Bege\">\n                        <\/a>\n                                <\/div>\n            <div class=\"hostinger-affiliate-block-list-simple__product-data\">\n                <div class=\"hostinger-affiliate-block-list-simple__product-info\">\n                                            <div class=\"hostinger-affiliate-block-list-simple__bestseller-label\">\n                                                        Bestseller #7                        <\/div>\n                                            <div class=\"hostinger-affiliate-block-list-simple__product-title\">\n                        <a href=\"https:\/\/www.amazon.com.br\/dp\/B0BFRWMBN7?tag=joaopedro047-20\" target=\"_blank\" rel=\"nofollow noopener noreferrer\">\n                            <h3 id='poltrona-lina-agarb-decor-cor-linho-bege'>\n                                Poltrona Lina Agarb Decor Cor:Linho Bege                            <\/h3>\n                        <\/a>\n                    <\/div>\n                    <div class=\"hostinger-affiliate-block-list-simple__product-pricing\">\n                                                    <div class=\"hostinger-affiliate-block-list-simple__product-price\">\n                                R$704,98                            <\/div>\n                                                <\/div>\n                <\/div>\n                <div class=\"hostinger-affiliate-block-list-simple__product-actions\">\n                    <div>\n                        <a href=\"https:\/\/www.amazon.com.br\/dp\/B0BFRWMBN7?tag=joaopedro047-20\" class=\"hostinger-affiliate-block-list-simple__product-amazon-button\" target=\"_blank\" rel=\"nofollow noopener noreferrer\">\n    Buy on Amazon<\/a>\n                    <\/div>\n                <\/div>\n            <\/div>\n        <\/div>\n                <div class=\"hostinger-affiliate-block-list-simple\">\n            <div class=\"hostinger-affiliate-block-list-simple__image\">\n                                        <a href=\"https:\/\/www.amazon.com.br\/dp\/B0BJ7XQ3L7?tag=joaopedro047-20\" target=\"_blank\" rel=\"nofollow noopener noreferrer\">\n                            <img decoding=\"async\" src=\"https:\/\/m.media-amazon.com\/images\/I\/31CLheMaovL.jpg\" alt=\"Poltrona em Linho Perla Agarb Decor Cor:Linho Bege Claro\">\n                        <\/a>\n                                <\/div>\n            <div class=\"hostinger-affiliate-block-list-simple__product-data\">\n                <div class=\"hostinger-affiliate-block-list-simple__product-info\">\n                                            <div class=\"hostinger-affiliate-block-list-simple__bestseller-label\">\n                                                        Bestseller #8                        <\/div>\n                                            <div class=\"hostinger-affiliate-block-list-simple__product-title\">\n                        <a href=\"https:\/\/www.amazon.com.br\/dp\/B0BJ7XQ3L7?tag=joaopedro047-20\" target=\"_blank\" rel=\"nofollow noopener noreferrer\">\n                            <h3 id='poltrona-em-linho-perla-agarb-decor-cor-linho-bege-claro'>\n                                Poltrona em Linho Perla Agarb Decor Cor:Linho Bege Claro                            <\/h3>\n                        <\/a>\n                    <\/div>\n                    <div class=\"hostinger-affiliate-block-list-simple__product-pricing\">\n                                                    <div class=\"hostinger-affiliate-block-list-simple__product-price\">\n                                R$443,13                            <\/div>\n                                                <\/div>\n                <\/div>\n                <div class=\"hostinger-affiliate-block-list-simple__product-actions\">\n                    <div>\n                        <a href=\"https:\/\/www.amazon.com.br\/dp\/B0BJ7XQ3L7?tag=joaopedro047-20\" class=\"hostinger-affiliate-block-list-simple__product-amazon-button\" target=\"_blank\" rel=\"nofollow noopener noreferrer\">\n    Buy on Amazon<\/a>\n                    <\/div>\n                <\/div>\n            <\/div>\n        <\/div>\n                <div class=\"hostinger-affiliate-block-list-simple\">\n            <div class=\"hostinger-affiliate-block-list-simple__image\">\n                                        <a href=\"https:\/\/www.amazon.com.br\/dp\/B0D4F3Y945?tag=joaopedro047-20\" target=\"_blank\" rel=\"nofollow noopener noreferrer\">\n                            <img decoding=\"async\" src=\"https:\/\/m.media-amazon.com\/images\/I\/31uRwoU4RBL.jpg\" alt=\"Poltrona Cadeira para Recep\u00e7\u00e3o sala de estar Sala de Leitura resi...\">\n                        <\/a>\n                                <\/div>\n            <div class=\"hostinger-affiliate-block-list-simple__product-data\">\n                <div class=\"hostinger-affiliate-block-list-simple__product-info\">\n                                            <div class=\"hostinger-affiliate-block-list-simple__bestseller-label\">\n                                                        Bestseller #9                        <\/div>\n                                            <div class=\"hostinger-affiliate-block-list-simple__product-title\">\n                        <a href=\"https:\/\/www.amazon.com.br\/dp\/B0D4F3Y945?tag=joaopedro047-20\" target=\"_blank\" rel=\"nofollow noopener noreferrer\">\n                            <h3 id='poltrona-cadeira-para-recep\u00e7\u00e3o-sala-de-estar-sala-de-leitura-resi'>\n                                Poltrona Cadeira para Recep\u00e7\u00e3o sala de estar Sala de Leitura resi&#8230;                            <\/h3>\n                        <\/a>\n                    <\/div>\n                    <div class=\"hostinger-affiliate-block-list-simple__product-pricing\">\n                                                    <div class=\"hostinger-affiliate-block-list-simple__product-price\">\n                                R$258,30                            <\/div>\n                                                <\/div>\n                <\/div>\n                <div class=\"hostinger-affiliate-block-list-simple__product-actions\">\n                    <div>\n                        <a href=\"https:\/\/www.amazon.com.br\/dp\/B0D4F3Y945?tag=joaopedro047-20\" class=\"hostinger-affiliate-block-list-simple__product-amazon-button\" target=\"_blank\" rel=\"nofollow noopener noreferrer\">\n    Buy on Amazon<\/a>\n                    <\/div>\n                <\/div>\n            <\/div>\n        <\/div>\n        <\/div>\n\n\n\n<hr class=\"wp-block-separator has-alpha-channel-opacity\"\/>\n\n\n\n<h2 id='poltronas-na-decora\u00e7\u00e3o'  class=\"wp-block-heading\">Poltronas na decora\u00e7\u00e3o<\/h2>\n\n\n\n<p>As poltronas s\u00e3o m\u00f3veis que unem <strong>design, praticidade e conforto<\/strong>. Elas se adaptam a diferentes estilos, ambientes e necessidades, transformando a decora\u00e7\u00e3o e oferecendo um toque \u00fanico de personalidade. Escolher a poltrona certa \u00e9 investir em bem-estar e estilo para sua casa. Gostou de poltronas na decora\u00e7\u00e3o?<\/p>\n\n\n\n<hr class=\"wp-block-separator has-alpha-channel-opacity\"\/>\n\n\n\n<a href=\"https:\/\/1truenote.com\/en\/prateleiras-de-nicho\/\" style=\"text-decoration: none;\">\n  <div style=\"display: flex; justify-content: space-between; align-items: center; background: #d44a00; padding: 12px 20px; color: white; font-family: Arial, sans-serif;\">\n    <strong style=\"color: black;\">READ ALSO:<\/strong>\n    <span style=\"margin-left: 8px; flex: 1;\">Prateleiras de nicho: Organiza\u00e7\u00e3o<\/span>\n    <div style=\"background: #f2802f; padding: 8px 12px; border-radius: 2px; margin-left: 10px;\">\n      <span style=\"color: white; font-weight: bold;\">\u27a4<\/span>\n    <\/div>\n  <\/div>\n<\/a>\n\n\n\n\n<hr class=\"wp-block-separator has-alpha-channel-opacity\"\/>\n\n\n\n<h2 id='faq-poltronas-na-decora\u00e7\u00e3o'  class=\"wp-block-heading\">FAQ \u2013 Poltronas na decora\u00e7\u00e3o<\/h2>\n\n\n<div id=\"rank-math-faq\" class=\"rank-math-block\">\n<div class=\"rank-math-list\">\n<div id=\"faq-question-1757347264007\" class=\"rank-math-list-item\">\n<h3 id='quais-s\u00e3o-os-principais-tipos-de-poltronas'  class=\"rank-math-question\">Quais s\u00e3o os principais tipos de poltronas?<\/h3>\n<div class=\"rank-math-answer\">\n\n<p>Os principais modelos s\u00e3o: poltrona cl\u00e1ssica, moderna, r\u00fastica, escandinava e chaise. Cada uma se adapta a diferentes estilos e necessidades, desde ambientes sofisticados at\u00e9 espa\u00e7os minimalistas.<\/p>\n\n<\/div>\n<\/div>\n<div id=\"faq-question-1757347264791\" class=\"rank-math-list-item\">\n<h3 id='onde-posso-usar-poltronas-na-decora\u00e7\u00e3o'  class=\"rank-math-question\">Onde posso usar poltronas na decora\u00e7\u00e3o?<\/h3>\n<div class=\"rank-math-answer\">\n\n<p>As poltronas podem ser usadas em salas de estar, quartos, varandas, jardins de inverno e at\u00e9 escrit\u00f3rios. Elas criam cantos aconchegantes, funcionam como assentos extras e complementam a decora\u00e7\u00e3o.<\/p>\n\n<\/div>\n<\/div>\n<div id=\"faq-question-1757347265759\" class=\"rank-math-list-item\">\n<h3 id='como-escolher-a-poltrona-ideal-para-minha-casa'  class=\"rank-math-question\">Como escolher a poltrona ideal para minha casa?<\/h3>\n<div class=\"rank-math-answer\">\n\n<p>Leve em considera\u00e7\u00e3o o espa\u00e7o dispon\u00edvel, a finalidade da poltrona (leitura, descanso, recep\u00e7\u00e3o), o estilo do ambiente e a durabilidade dos materiais. Sempre priorize o conforto e a ergonomia.<\/p>\n\n<\/div>\n<\/div>\n<div id=\"faq-question-1757347285671\" class=\"rank-math-list-item\">\n<h3 id='quais-tecidos-s\u00e3o-mais-indicados-para-poltronas'  class=\"rank-math-question\">Quais tecidos s\u00e3o mais indicados para poltronas?<\/h3>\n<div class=\"rank-math-answer\">\n\n<p>Tecidos como linho, algod\u00e3o e suede s\u00e3o confort\u00e1veis e elegantes. J\u00e1 o couro e o courino s\u00e3o mais resistentes e f\u00e1ceis de limpar, ideais para ambientes de maior uso. O veludo traz sofistica\u00e7\u00e3o e aconchego.<\/p>\n\n<\/div>\n<\/div>\n<div id=\"faq-question-1757347305327\" class=\"rank-math-list-item\">\n<h3 id='como-combinar-poltronas-com-o-restante-da-decora\u00e7\u00e3o'  class=\"rank-math-question\">Como combinar poltronas com o restante da decora\u00e7\u00e3o?<\/h3>\n<div class=\"rank-math-answer\">\n\n<p>Voc\u00ea pode harmonizar a cor e o tecido com sof\u00e1s e almofadas ou optar por uma poltrona de cor contrastante para ser o ponto de destaque do ambiente. Complementar com mantas, mesas laterais e lumin\u00e1rias tamb\u00e9m ajuda a integrar a pe\u00e7a.<\/p>\n\n<\/div>\n<\/div>\n<div id=\"faq-question-1757347315928\" class=\"rank-math-list-item\">\n<h3 id='qual-a-diferen\u00e7a-entre-poltrona-e-cadeira-comum'  class=\"rank-math-question\">Qual a diferen\u00e7a entre poltrona e cadeira comum?<\/h3>\n<div class=\"rank-math-answer\">\n\n<p>A poltrona \u00e9 mais larga, possui bra\u00e7os e \u00e9 projetada para oferecer maior conforto e apoio, enquanto a cadeira comum geralmente \u00e9 mais compacta e funcional.<\/p>\n\n<\/div>\n<\/div>\n<\/div>\n<\/div>\n\n\n<figure class=\"wp-block-image aligncenter size-full\"><img data-recalc-dims=\"1\" decoding=\"async\" width=\"904\" height=\"1024\" src=\"https:\/\/i0.wp.com\/1truenote.com\/wp-content\/uploads\/2025\/09\/unnamed.png?resize=904%2C1024&#038;ssl=1\" alt=\"Poltronas na Decora\u00e7\u00e3o\" class=\"wp-image-4129\" srcset=\"https:\/\/i0.wp.com\/1truenote.com\/wp-content\/uploads\/2025\/09\/unnamed.png?w=904&amp;ssl=1 904w, https:\/\/i0.wp.com\/1truenote.com\/wp-content\/uploads\/2025\/09\/unnamed.png?resize=265%2C300&amp;ssl=1 265w, https:\/\/i0.wp.com\/1truenote.com\/wp-content\/uploads\/2025\/09\/unnamed.png?resize=768%2C870&amp;ssl=1 768w, https:\/\/i0.wp.com\/1truenote.com\/wp-content\/uploads\/2025\/09\/unnamed.png?resize=11%2C12&amp;ssl=1 11w, https:\/\/i0.wp.com\/1truenote.com\/wp-content\/uploads\/2025\/09\/unnamed.png?resize=150%2C170&amp;ssl=1 150w\" sizes=\"(max-width: 904px) 100vw, 904px\" \/><\/figure>","protected":false},"excerpt":{"rendered":"<p>Poltronas na decora\u00e7\u00e3o. As poltronas s\u00e3o verdadeiras protagonistas no mundo da decora\u00e7\u00e3o. Muito al\u00e9m de um simples assento, elas carregam&#8230;<\/p>","protected":false},"author":1,"featured_media":4129,"comment_status":"open","ping_status":"open","sticky":false,"template":"","format":"standard","meta":{"_kad_post_transparent":"","_kad_post_title":"","_kad_post_layout":"","_kad_post_sidebar_id":"","_kad_post_content_style":"","_kad_post_vertical_padding":"","_kad_post_feature":"","_kad_post_feature_position":"","_kad_post_header":false,"_kad_post_footer":false,"_kad_post_classname":"","footnotes":"","jetpack_publicize_message":"","jetpack_publicize_feature_enabled":false,"jetpack_social_post_already_shared":true,"jetpack_social_options":{"image_generator_settings":{"template":"highway","default_image_id":0,"font":"","enabled":false},"version":2}},"categories":[16,1],"tags":[13,14,12],"class_list":["post-4128","post","type-post","status-publish","format-standard","has-post-thumbnail","hentry","category-casa-e-jardim","category-novidades","tag-minimalista","tag-interiores-inovadores","tag-projetos-inovadores"],"jetpack_publicize_connections":[],"jetpack_featured_media_url":"https:\/\/i0.wp.com\/1truenote.com\/wp-content\/uploads\/2025\/09\/unnamed.png?fit=904%2C1024&ssl=1","jetpack_sharing_enabled":true,"_links":{"self":[{"href":"https:\/\/1truenote.com\/en\/wp-json\/wp\/v2\/posts\/4128","targetHints":{"allow":["GET"]}}],"collection":[{"href":"https:\/\/1truenote.com\/en\/wp-json\/wp\/v2\/posts"}],"about":[{"href":"https:\/\/1truenote.com\/en\/wp-json\/wp\/v2\/types\/post"}],"author":[{"embeddable":true,"href":"https:\/\/1truenote.com\/en\/wp-json\/wp\/v2\/users\/1"}],"replies":[{"embeddable":true,"href":"https:\/\/1truenote.com\/en\/wp-json\/wp\/v2\/comments?post=4128"}],"version-history":[{"count":1,"href":"https:\/\/1truenote.com\/en\/wp-json\/wp\/v2\/posts\/4128\/revisions"}],"predecessor-version":[{"id":4130,"href":"https:\/\/1truenote.com\/en\/wp-json\/wp\/v2\/posts\/4128\/revisions\/4130"}],"wp:featuredmedia":[{"embeddable":true,"href":"https:\/\/1truenote.com\/en\/wp-json\/wp\/v2\/media\/4129"}],"wp:attachment":[{"href":"https:\/\/1truenote.com\/en\/wp-json\/wp\/v2\/media?parent=4128"}],"wp:term":[{"taxonomy":"category","embeddable":true,"href":"https:\/\/1truenote.com\/en\/wp-json\/wp\/v2\/categories?post=4128"},{"taxonomy":"post_tag","embeddable":true,"href":"https:\/\/1truenote.com\/en\/wp-json\/wp\/v2\/tags?post=4128"}],"curies":[{"name":"wp","href":"https:\/\/api.w.org\/{rel}","templated":true}]}}