{"id":4122,"date":"2025-09-08T14:00:00","date_gmt":"2025-09-08T17:00:00","guid":{"rendered":"https:\/\/1truenote.com\/?p=4122"},"modified":"2025-09-26T12:49:59","modified_gmt":"2025-09-26T15:49:59","slug":"decoracao-com-fotos","status":"publish","type":"post","link":"https:\/\/1truenote.com\/en\/decoracao-com-fotos\/","title":{"rendered":"Decora\u00e7\u00e3o com fotos: Como usar mem\u00f3rias para transformar ambientes"},"content":{"rendered":"<p>Decora\u00e7\u00e3o com fotos. A decora\u00e7\u00e3o de interiores vai muito al\u00e9m da escolha de m\u00f3veis, cores e acess\u00f3rios: Ela \u00e9, acima de tudo, uma forma de expressar personalidade. Nesse contexto, a <strong>decora\u00e7\u00e3o com fotos<\/strong> ocupa um lugar especial, j\u00e1 que une mem\u00f3ria afetiva e est\u00e9tica. Cada retrato carrega uma hist\u00f3ria, um momento vivido ou uma lembran\u00e7a importante que, quando exibida com cuidado, pode transformar a atmosfera de um espa\u00e7o.<\/p>\n\n\n\n<p>Mais do que simples registros, as fotos s\u00e3o capazes de criar identidade nos ambientes, tornando a casa mais acolhedora e \u00fanica. Se voc\u00ea deseja incorporar esse recurso de maneira elegante e equilibrada, confira as ideias e dicas a seguir.<\/p>\n\n\n\n<hr class=\"wp-block-separator has-alpha-channel-opacity\"\/>\n\n\n\n<h2 id='decora\u00e7\u00e3o-com-fotos-o-cl\u00e1ssico-que-nunca-sai-de-moda'  class=\"wp-block-heading\">Decora\u00e7\u00e3o com fotos: O cl\u00e1ssico que nunca sai de moda<\/h2>\n\n\n\n<p>Os porta-retratos s\u00e3o provavelmente a forma mais tradicional de decorar com fotos. Vers\u00e1teis, eles podem ser usados em diversos pontos da casa:<\/p>\n\n\n\n<ul class=\"wp-block-list\">\n<li><strong>Mesas laterais e criados-mudos:<\/strong> perfeitos para retratos de fam\u00edlia ou momentos especiais.<\/li>\n\n\n\n<li><strong>Aparadores e racks:<\/strong> funcionam bem em composi\u00e7\u00f5es com flores, velas e outros objetos decorativos.<\/li>\n\n\n\n<li><strong>Escrivaninhas:<\/strong> trazem personalidade ao home office sem comprometer a organiza\u00e7\u00e3o.<\/li>\n<\/ul>\n\n\n\n<p>Na hora de escolher, pense no estilo do ambiente. Molduras de madeira combinam com decora\u00e7\u00f5es r\u00fasticas, molduras douradas ou prateadas refor\u00e7am o estilo cl\u00e1ssico, enquanto vers\u00f5es minimalistas em preto ou branco s\u00e3o ideais para espa\u00e7os modernos e clean.<\/p>\n\n\n\n<hr class=\"wp-block-separator has-alpha-channel-opacity\"\/>\n\n\n\n<h2 id='galerias-de-parede-impacto-visual-e-estilo'  class=\"wp-block-heading\">Galerias de parede: Impacto visual e estilo<\/h2>\n\n\n\n<p>As <strong>galerias de fotos na parede<\/strong> s\u00e3o tend\u00eancias atemporais que criam impacto visual imediato. \u00c9 poss\u00edvel organiz\u00e1-las de diferentes formas:<\/p>\n\n\n\n<ul class=\"wp-block-list\">\n<li><strong>Sim\u00e9trica:<\/strong> molduras do mesmo tamanho alinhadas de forma ordenada.<\/li>\n\n\n\n<li><strong>Assim\u00e9trica:<\/strong> mistura de tamanhos e formatos para um efeito mais descontra\u00eddo.<\/li>\n\n\n\n<li><strong>Em escada:<\/strong> \u00f3tima op\u00e7\u00e3o para corredores ou paredes de escada.<\/li>\n\n\n\n<li><strong>Estilo mosaico:<\/strong> mistura fotos, ilustra\u00e7\u00f5es e at\u00e9 frases inspiradoras.<\/li>\n<\/ul>\n\n\n\n<p>Uma dica \u00e9 escolher um tema para unificar a galeria, como viagens, inf\u00e2ncia ou retratos em preto e branco. Assim, o resultado fica coeso, mesmo com molduras diferentes.<\/p>\n\n\n\n<hr class=\"wp-block-separator has-alpha-channel-opacity\"\/>\n\n\n\n<h2 id='pain\u00e9is-e-murais-criativos'  class=\"wp-block-heading\">Pain\u00e9is e murais criativos<\/h2>\n\n\n\n<p>Decora\u00e7\u00e3o com fotos. Se a ideia \u00e9 trazer um ar descontra\u00eddo e moderno, os <strong>pain\u00e9is de fotos<\/strong> s\u00e3o \u00f3timas escolhas. Eles podem ser feitos com corti\u00e7a, grade met\u00e1lica, cabos de a\u00e7o ou at\u00e9 varais com pregadores de madeira. Essa proposta \u00e9 muito usada em <strong>home offices, quartos de adolescentes e ambientes criativos<\/strong>.<\/p>\n\n\n\n<p>Al\u00e9m disso, murais permitem constante renova\u00e7\u00e3o: Basta trocar as fotos para dar um ar novo ao espa\u00e7o sem precisar mudar toda a decora\u00e7\u00e3o.<\/p>\n\n\n\n<hr class=\"wp-block-separator has-alpha-channel-opacity\"\/>\n\n\n\n<h2 id='fotos-em-grandes-formatos'  class=\"wp-block-heading\">Fotos em grandes formatos<\/h2>\n\n\n\n<p>Outra forma elegante de usar fotos \u00e9 apostar em <strong>quadros grandes e \u00fanicos<\/strong>, em vez de v\u00e1rias imagens pequenas. Esse recurso funciona muito bem em salas de estar, quartos e corredores. Algumas ideias incluem:<\/p>\n\n\n\n<ul class=\"wp-block-list\">\n<li>Retratos autorais em preto e branco.<\/li>\n\n\n\n<li>Paisagens de viagens marcantes.<\/li>\n\n\n\n<li>Imagens art\u00edsticas ou conceituais.<\/li>\n<\/ul>\n\n\n\n<p>Fotos em grandes formatos podem se tornar pontos focais do ambiente, substituindo at\u00e9 mesmo obras de arte tradicionais.<\/p>\n\n\n\n<hr class=\"wp-block-separator has-alpha-channel-opacity\"\/>\n\n\n\n<figure class=\"wp-block-image aligncenter size-medium\"><a href=\"https:\/\/chat.whatsapp.com\/KJBkp5LFJVRIvmt5X3hSEh\" target=\"_blank\" rel=\"noopener\"><img fetchpriority=\"high\" decoding=\"async\" width=\"1024\" height=\"1536\" src=\"https:\/\/i0.wp.com\/1truenote.com\/wp-content\/uploads\/2025\/06\/ChatGPT-Image-3-de-jun.-de-2025-19_04_53.png?fit=200%2C300&amp;ssl=1\" alt=\"chamada banner advetorial whats\" class=\"wp-image-2683\" srcset=\"https:\/\/i0.wp.com\/1truenote.com\/wp-content\/uploads\/2025\/06\/ChatGPT-Image-3-de-jun.-de-2025-19_04_53.png?w=1024&amp;ssl=1 1024w, https:\/\/i0.wp.com\/1truenote.com\/wp-content\/uploads\/2025\/06\/ChatGPT-Image-3-de-jun.-de-2025-19_04_53.png?resize=200%2C300&amp;ssl=1 200w, https:\/\/i0.wp.com\/1truenote.com\/wp-content\/uploads\/2025\/06\/ChatGPT-Image-3-de-jun.-de-2025-19_04_53.png?resize=683%2C1024&amp;ssl=1 683w, https:\/\/i0.wp.com\/1truenote.com\/wp-content\/uploads\/2025\/06\/ChatGPT-Image-3-de-jun.-de-2025-19_04_53.png?resize=768%2C1152&amp;ssl=1 768w, https:\/\/i0.wp.com\/1truenote.com\/wp-content\/uploads\/2025\/06\/ChatGPT-Image-3-de-jun.-de-2025-19_04_53.png?resize=150%2C225&amp;ssl=1 150w\" sizes=\"(max-width: 1024px) 100vw, 1024px\" \/><\/a><\/figure>\n\n\n\n<hr class=\"wp-block-separator has-alpha-channel-opacity\"\/>\n\n\n\n<h2 id='como-harmonizar-fotos-com-a-decora\u00e7\u00e3o-existente'  class=\"wp-block-heading\">Como harmonizar fotos com a decora\u00e7\u00e3o existente<\/h2>\n\n\n\n<p>Para que a decora\u00e7\u00e3o com fotos fique harm\u00f4nica, \u00e9 importante considerar alguns aspectos:<\/p>\n\n\n\n<ul class=\"wp-block-list\">\n<li><strong>Paleta de cores:<\/strong> Escolha molduras que conversem com as cores do espa\u00e7o. Por exemplo, molduras claras em ambientes neutros e molduras pretas em decora\u00e7\u00f5es modernas.<\/li>\n\n\n\n<li><strong>Quantidade:<\/strong> Menos \u00e9 mais. Excesso de fotos pode causar polui\u00e7\u00e3o visual. Prefira composi\u00e7\u00f5es bem pensadas.<\/li>\n\n\n\n<li><strong>Propor\u00e7\u00e3o:<\/strong> Respeite o tamanho da parede ou do m\u00f3vel onde as fotos ser\u00e3o expostas. Quadros pequenos em paredes grandes podem \u201csumir\u201d, enquanto quadros grandes em paredes pequenas podem sobrecarregar o espa\u00e7o.<\/li>\n<\/ul>\n\n\n\n<hr class=\"wp-block-separator has-alpha-channel-opacity\"\/>\n\n\n<div class=\"hostinger-affiliate-block-wrap\">\n            <div class=\"hostinger-affiliate-block-list-simple\">\n            <div class=\"hostinger-affiliate-block-list-simple__image\">\n                                        <a href=\"https:\/\/www.amazon.com.br\/dp\/B0CHTJFM81?tag=joaopedro047-20\" target=\"_blank\" rel=\"nofollow noopener noreferrer\">\n                            <img decoding=\"async\" src=\"https:\/\/m.media-amazon.com\/images\/I\/416FkM725PL.jpg\" alt=\"GEGUTON - Porta-Retrato de A\u00e7o e Madeira Duplo, 2 fotos 10x15cm, ...\">\n                        <\/a>\n                                <\/div>\n            <div class=\"hostinger-affiliate-block-list-simple__product-data\">\n                <div class=\"hostinger-affiliate-block-list-simple__product-info\">\n                                            <div class=\"hostinger-affiliate-block-list-simple__bestseller-label\">\n                                                        Bestseller #1                        <\/div>\n                                            <div class=\"hostinger-affiliate-block-list-simple__product-title\">\n                        <a href=\"https:\/\/www.amazon.com.br\/dp\/B0CHTJFM81?tag=joaopedro047-20\" target=\"_blank\" rel=\"nofollow noopener noreferrer\">\n                            <h3 id='geguton-porta-retrato-de-a\u00e7o-e-madeira-duplo-2-fotos-10x15cm'>\n                                GEGUTON &#8211; Porta-Retrato de A\u00e7o e Madeira Duplo, 2 fotos 10x15cm, &#8230;                            <\/h3>\n                        <\/a>\n                    <\/div>\n                    <div class=\"hostinger-affiliate-block-list-simple__product-pricing\">\n                                                    <div class=\"hostinger-affiliate-block-list-simple__product-price\">\n                                R$72,15                            <\/div>\n                                                <\/div>\n                <\/div>\n                <div class=\"hostinger-affiliate-block-list-simple__product-actions\">\n                    <div>\n                        <a href=\"https:\/\/www.amazon.com.br\/dp\/B0CHTJFM81?tag=joaopedro047-20\" class=\"hostinger-affiliate-block-list-simple__product-amazon-button\" target=\"_blank\" rel=\"nofollow noopener noreferrer\">\n    Buy on Amazon<\/a>\n                    <\/div>\n                <\/div>\n            <\/div>\n        <\/div>\n                <div class=\"hostinger-affiliate-block-list-simple\">\n            <div class=\"hostinger-affiliate-block-list-simple__image\">\n                                        <a href=\"https:\/\/www.amazon.com.br\/dp\/B0C8QXRMWD?tag=joaopedro047-20\" target=\"_blank\" rel=\"nofollow noopener noreferrer\">\n                            <img decoding=\"async\" src=\"https:\/\/m.media-amazon.com\/images\/I\/31cLjtbk3ML.jpg\" alt=\"WOLFF - Porta-Retrato de A\u00e7o Inox Basic Dourado 10cm x 15cm\">\n                        <\/a>\n                                <\/div>\n            <div class=\"hostinger-affiliate-block-list-simple__product-data\">\n                <div class=\"hostinger-affiliate-block-list-simple__product-info\">\n                                            <div class=\"hostinger-affiliate-block-list-simple__bestseller-label\">\n                                                        Bestseller #2                        <\/div>\n                                            <div class=\"hostinger-affiliate-block-list-simple__product-title\">\n                        <a href=\"https:\/\/www.amazon.com.br\/dp\/B0C8QXRMWD?tag=joaopedro047-20\" target=\"_blank\" rel=\"nofollow noopener noreferrer\">\n                            <h3 id='wolff-porta-retrato-de-a\u00e7o-inox-basic-dourado-10cm-x-15cm'>\n                                WOLFF &#8211; Porta-Retrato de A\u00e7o Inox Basic Dourado 10cm x 15cm                            <\/h3>\n                        <\/a>\n                    <\/div>\n                    <div class=\"hostinger-affiliate-block-list-simple__product-pricing\">\n                                                    <div class=\"hostinger-affiliate-block-list-simple__product-price\">\n                                R$47,56                            <\/div>\n                                                <\/div>\n                <\/div>\n                <div class=\"hostinger-affiliate-block-list-simple__product-actions\">\n                    <div>\n                        <a href=\"https:\/\/www.amazon.com.br\/dp\/B0C8QXRMWD?tag=joaopedro047-20\" class=\"hostinger-affiliate-block-list-simple__product-amazon-button\" target=\"_blank\" rel=\"nofollow noopener noreferrer\">\n    Buy on Amazon<\/a>\n                    <\/div>\n                <\/div>\n            <\/div>\n        <\/div>\n                <div class=\"hostinger-affiliate-block-list-simple\">\n            <div class=\"hostinger-affiliate-block-list-simple__image\">\n                                        <a href=\"https:\/\/www.amazon.com.br\/dp\/B0DDQX8CSG?tag=joaopedro047-20\" target=\"_blank\" rel=\"nofollow noopener noreferrer\">\n                            <img decoding=\"async\" src=\"https:\/\/m.media-amazon.com\/images\/I\/31rbV5ExRYL.jpg\" alt=\"LYOR - Porta Retrato de Mdf com Treli\u00e7a 10cm x 15cm\">\n                        <\/a>\n                                <\/div>\n            <div class=\"hostinger-affiliate-block-list-simple__product-data\">\n                <div class=\"hostinger-affiliate-block-list-simple__product-info\">\n                                            <div class=\"hostinger-affiliate-block-list-simple__bestseller-label\">\n                                                        Bestseller #3                        <\/div>\n                                            <div class=\"hostinger-affiliate-block-list-simple__product-title\">\n                        <a href=\"https:\/\/www.amazon.com.br\/dp\/B0DDQX8CSG?tag=joaopedro047-20\" target=\"_blank\" rel=\"nofollow noopener noreferrer\">\n                            <h3 id='lyor-porta-retrato-de-mdf-com-treli\u00e7a-10cm-x-15cm'>\n                                LYOR &#8211; Porta Retrato de Mdf com Treli\u00e7a 10cm x 15cm                            <\/h3>\n                        <\/a>\n                    <\/div>\n                    <div class=\"hostinger-affiliate-block-list-simple__product-pricing\">\n                                                    <div class=\"hostinger-affiliate-block-list-simple__product-price\">\n                                R$31,41                            <\/div>\n                                                <\/div>\n                <\/div>\n                <div class=\"hostinger-affiliate-block-list-simple__product-actions\">\n                    <div>\n                        <a href=\"https:\/\/www.amazon.com.br\/dp\/B0DDQX8CSG?tag=joaopedro047-20\" class=\"hostinger-affiliate-block-list-simple__product-amazon-button\" target=\"_blank\" rel=\"nofollow noopener noreferrer\">\n    Buy on Amazon<\/a>\n                    <\/div>\n                <\/div>\n            <\/div>\n        <\/div>\n                <div class=\"hostinger-affiliate-block-list-simple\">\n            <div class=\"hostinger-affiliate-block-list-simple__image\">\n                                        <a href=\"https:\/\/www.amazon.com.br\/dp\/B0CP2Y5898?tag=joaopedro047-20\" target=\"_blank\" rel=\"nofollow noopener noreferrer\">\n                            <img decoding=\"async\" src=\"https:\/\/m.media-amazon.com\/images\/I\/41NJYNfCa6L.jpg\" alt=\"LYOR - Porta Retrato de Metal Dourado 10cm x 15cm\">\n                        <\/a>\n                                <\/div>\n            <div class=\"hostinger-affiliate-block-list-simple__product-data\">\n                <div class=\"hostinger-affiliate-block-list-simple__product-info\">\n                                            <div class=\"hostinger-affiliate-block-list-simple__bestseller-label\">\n                                                        Bestseller #4                        <\/div>\n                                            <div class=\"hostinger-affiliate-block-list-simple__product-title\">\n                        <a href=\"https:\/\/www.amazon.com.br\/dp\/B0CP2Y5898?tag=joaopedro047-20\" target=\"_blank\" rel=\"nofollow noopener noreferrer\">\n                            <h3 id='lyor-porta-retrato-de-metal-dourado-10cm-x-15cm'>\n                                LYOR &#8211; Porta Retrato de Metal Dourado 10cm x 15cm                            <\/h3>\n                        <\/a>\n                    <\/div>\n                    <div class=\"hostinger-affiliate-block-list-simple__product-pricing\">\n                                                    <div class=\"hostinger-affiliate-block-list-simple__product-price\">\n                                R$46,55                            <\/div>\n                                                <\/div>\n                <\/div>\n                <div class=\"hostinger-affiliate-block-list-simple__product-actions\">\n                    <div>\n                        <a href=\"https:\/\/www.amazon.com.br\/dp\/B0CP2Y5898?tag=joaopedro047-20\" class=\"hostinger-affiliate-block-list-simple__product-amazon-button\" target=\"_blank\" rel=\"nofollow noopener noreferrer\">\n    Buy on Amazon<\/a>\n                    <\/div>\n                <\/div>\n            <\/div>\n        <\/div>\n                <div class=\"hostinger-affiliate-block-list-simple\">\n            <div class=\"hostinger-affiliate-block-list-simple__image\">\n                                        <a href=\"https:\/\/www.amazon.com.br\/dp\/B098BJN7HN?tag=joaopedro047-20\" target=\"_blank\" rel=\"nofollow noopener noreferrer\">\n                            <img decoding=\"async\" src=\"https:\/\/m.media-amazon.com\/images\/I\/41TicNGxPoS.jpg\" alt=\"Porta Retrato (10x15) Moldura Trabalhada Dourada\">\n                        <\/a>\n                                <\/div>\n            <div class=\"hostinger-affiliate-block-list-simple__product-data\">\n                <div class=\"hostinger-affiliate-block-list-simple__product-info\">\n                                            <div class=\"hostinger-affiliate-block-list-simple__bestseller-label\">\n                                                        Bestseller #5                        <\/div>\n                                            <div class=\"hostinger-affiliate-block-list-simple__product-title\">\n                        <a href=\"https:\/\/www.amazon.com.br\/dp\/B098BJN7HN?tag=joaopedro047-20\" target=\"_blank\" rel=\"nofollow noopener noreferrer\">\n                            <h3 id='porta-retrato-10\u00d715-moldura-trabalhada-dourada'>\n                                Porta Retrato (10&#215;15) Moldura Trabalhada Dourada                            <\/h3>\n                        <\/a>\n                    <\/div>\n                    <div class=\"hostinger-affiliate-block-list-simple__product-pricing\">\n                                                    <div class=\"hostinger-affiliate-block-list-simple__product-price\">\n                                R$33,90                            <\/div>\n                                                <\/div>\n                <\/div>\n                <div class=\"hostinger-affiliate-block-list-simple__product-actions\">\n                    <div>\n                        <a href=\"https:\/\/www.amazon.com.br\/dp\/B098BJN7HN?tag=joaopedro047-20\" class=\"hostinger-affiliate-block-list-simple__product-amazon-button\" target=\"_blank\" rel=\"nofollow noopener noreferrer\">\n    Buy on Amazon<\/a>\n                    <\/div>\n                <\/div>\n            <\/div>\n        <\/div>\n                <div class=\"hostinger-affiliate-block-list-simple\">\n            <div class=\"hostinger-affiliate-block-list-simple__image\">\n                                        <a href=\"https:\/\/www.amazon.com.br\/dp\/B0D5JDHSZS?tag=joaopedro047-20\" target=\"_blank\" rel=\"nofollow noopener noreferrer\">\n                            <img decoding=\"async\" src=\"https:\/\/m.media-amazon.com\/images\/I\/41ATX-ZPdiL.jpg\" alt=\"WOLFF - Porta-Retrato de Mdf Preto Jute 15cm x 20cm\">\n                        <\/a>\n                                <\/div>\n            <div class=\"hostinger-affiliate-block-list-simple__product-data\">\n                <div class=\"hostinger-affiliate-block-list-simple__product-info\">\n                                            <div class=\"hostinger-affiliate-block-list-simple__bestseller-label\">\n                                                        Bestseller #6                        <\/div>\n                                            <div class=\"hostinger-affiliate-block-list-simple__product-title\">\n                        <a href=\"https:\/\/www.amazon.com.br\/dp\/B0D5JDHSZS?tag=joaopedro047-20\" target=\"_blank\" rel=\"nofollow noopener noreferrer\">\n                            <h3 id='wolff-porta-retrato-de-mdf-preto-jute-15cm-x-20cm'>\n                                WOLFF &#8211; Porta-Retrato de Mdf Preto Jute 15cm x 20cm                            <\/h3>\n                        <\/a>\n                    <\/div>\n                    <div class=\"hostinger-affiliate-block-list-simple__product-pricing\">\n                                                    <div class=\"hostinger-affiliate-block-list-simple__product-price\">\n                                R$27,80                            <\/div>\n                                                <\/div>\n                <\/div>\n                <div class=\"hostinger-affiliate-block-list-simple__product-actions\">\n                    <div>\n                        <a href=\"https:\/\/www.amazon.com.br\/dp\/B0D5JDHSZS?tag=joaopedro047-20\" class=\"hostinger-affiliate-block-list-simple__product-amazon-button\" target=\"_blank\" rel=\"nofollow noopener noreferrer\">\n    Buy on Amazon<\/a>\n                    <\/div>\n                <\/div>\n            <\/div>\n        <\/div>\n                <div class=\"hostinger-affiliate-block-list-simple\">\n            <div class=\"hostinger-affiliate-block-list-simple__image\">\n                                        <a href=\"https:\/\/www.amazon.com.br\/dp\/B0D8NWDXFT?tag=joaopedro047-20\" target=\"_blank\" rel=\"nofollow noopener noreferrer\">\n                            <img decoding=\"async\" src=\"https:\/\/m.media-amazon.com\/images\/I\/41jiS9VMflL.jpg\" alt=\"Kit 4 Porta-Retratos 10x15 Moldura Preto Madeira Vidro Decora\u00e7\u00e3o\">\n                        <\/a>\n                                <\/div>\n            <div class=\"hostinger-affiliate-block-list-simple__product-data\">\n                <div class=\"hostinger-affiliate-block-list-simple__product-info\">\n                                            <div class=\"hostinger-affiliate-block-list-simple__bestseller-label\">\n                                                        Bestseller #7                        <\/div>\n                                            <div class=\"hostinger-affiliate-block-list-simple__product-title\">\n                        <a href=\"https:\/\/www.amazon.com.br\/dp\/B0D8NWDXFT?tag=joaopedro047-20\" target=\"_blank\" rel=\"nofollow noopener noreferrer\">\n                            <h3 id='kit-4-porta-retratos-10\u00d715-moldura-preto-madeira-vidro-decora\u00e7\u00e3o'>\n                                Kit 4 Porta-Retratos 10&#215;15 Moldura Preto Madeira Vidro Decora\u00e7\u00e3o                            <\/h3>\n                        <\/a>\n                    <\/div>\n                    <div class=\"hostinger-affiliate-block-list-simple__product-pricing\">\n                                                    <div class=\"hostinger-affiliate-block-list-simple__product-price\">\n                                R$49,99                            <\/div>\n                                                <\/div>\n                <\/div>\n                <div class=\"hostinger-affiliate-block-list-simple__product-actions\">\n                    <div>\n                        <a href=\"https:\/\/www.amazon.com.br\/dp\/B0D8NWDXFT?tag=joaopedro047-20\" class=\"hostinger-affiliate-block-list-simple__product-amazon-button\" target=\"_blank\" rel=\"nofollow noopener noreferrer\">\n    Buy on Amazon<\/a>\n                    <\/div>\n                <\/div>\n            <\/div>\n        <\/div>\n                <div class=\"hostinger-affiliate-block-list-simple\">\n            <div class=\"hostinger-affiliate-block-list-simple__image\">\n                                        <a href=\"https:\/\/www.amazon.com.br\/dp\/B0DDQV2Y6F?tag=joaopedro047-20\" target=\"_blank\" rel=\"nofollow noopener noreferrer\">\n                            <img decoding=\"async\" src=\"https:\/\/m.media-amazon.com\/images\/I\/31t4w2wvSAL.jpg\" alt=\"LYOR - Porta-Retrato de Mdf Branco 10cm x 15cm\">\n                        <\/a>\n                                <\/div>\n            <div class=\"hostinger-affiliate-block-list-simple__product-data\">\n                <div class=\"hostinger-affiliate-block-list-simple__product-info\">\n                                            <div class=\"hostinger-affiliate-block-list-simple__bestseller-label\">\n                                                        Bestseller #8                        <\/div>\n                                            <div class=\"hostinger-affiliate-block-list-simple__product-title\">\n                        <a href=\"https:\/\/www.amazon.com.br\/dp\/B0DDQV2Y6F?tag=joaopedro047-20\" target=\"_blank\" rel=\"nofollow noopener noreferrer\">\n                            <h3 id='lyor-porta-retrato-de-mdf-branco-10cm-x-15cm'>\n                                LYOR &#8211; Porta-Retrato de Mdf Branco 10cm x 15cm                            <\/h3>\n                        <\/a>\n                    <\/div>\n                    <div class=\"hostinger-affiliate-block-list-simple__product-pricing\">\n                                                    <div class=\"hostinger-affiliate-block-list-simple__product-price\">\n                                R$14,99                            <\/div>\n                                                <\/div>\n                <\/div>\n                <div class=\"hostinger-affiliate-block-list-simple__product-actions\">\n                    <div>\n                        <a href=\"https:\/\/www.amazon.com.br\/dp\/B0DDQV2Y6F?tag=joaopedro047-20\" class=\"hostinger-affiliate-block-list-simple__product-amazon-button\" target=\"_blank\" rel=\"nofollow noopener noreferrer\">\n    Buy on Amazon<\/a>\n                    <\/div>\n                <\/div>\n            <\/div>\n        <\/div>\n                <div class=\"hostinger-affiliate-block-list-simple\">\n            <div class=\"hostinger-affiliate-block-list-simple__image\">\n                                        <a href=\"https:\/\/www.amazon.com.br\/dp\/B00HY8FUX8?tag=joaopedro047-20\" target=\"_blank\" rel=\"nofollow noopener noreferrer\">\n                            <img decoding=\"async\" src=\"https:\/\/m.media-amazon.com\/images\/I\/31vXSPV5p7L.jpg\" alt=\"Porta Retrato Prisma em A\u00e7o, Umbra, Dourado\">\n                        <\/a>\n                                <\/div>\n            <div class=\"hostinger-affiliate-block-list-simple__product-data\">\n                <div class=\"hostinger-affiliate-block-list-simple__product-info\">\n                                            <div class=\"hostinger-affiliate-block-list-simple__bestseller-label\">\n                                                        Bestseller #9                        <\/div>\n                                            <div class=\"hostinger-affiliate-block-list-simple__product-title\">\n                        <a href=\"https:\/\/www.amazon.com.br\/dp\/B00HY8FUX8?tag=joaopedro047-20\" target=\"_blank\" rel=\"nofollow noopener noreferrer\">\n                            <h3 id='porta-retrato-prisma-em-a\u00e7o-umbra-dourado'>\n                                Porta Retrato Prisma em A\u00e7o, Umbra, Dourado                            <\/h3>\n                        <\/a>\n                    <\/div>\n                    <div class=\"hostinger-affiliate-block-list-simple__product-pricing\">\n                                                    <div class=\"hostinger-affiliate-block-list-simple__product-price\">\n                                R$94,84                            <\/div>\n                                                <\/div>\n                <\/div>\n                <div class=\"hostinger-affiliate-block-list-simple__product-actions\">\n                    <div>\n                        <a href=\"https:\/\/www.amazon.com.br\/dp\/B00HY8FUX8?tag=joaopedro047-20\" class=\"hostinger-affiliate-block-list-simple__product-amazon-button\" target=\"_blank\" rel=\"nofollow noopener noreferrer\">\n    Buy on Amazon<\/a>\n                    <\/div>\n                <\/div>\n            <\/div>\n        <\/div>\n                <div class=\"hostinger-affiliate-block-list-simple\">\n            <div class=\"hostinger-affiliate-block-list-simple__image\">\n                                        <a href=\"https:\/\/www.amazon.com.br\/dp\/B0F2P5RXGD?tag=joaopedro047-20\" target=\"_blank\" rel=\"nofollow noopener noreferrer\">\n                            <img decoding=\"async\" src=\"https:\/\/m.media-amazon.com\/images\/I\/31P5eEERN7L.jpg\" alt=\"Porta-Retrato Vazado Fundo 15x21 Design Moderno e Elegante para D...\">\n                        <\/a>\n                                <\/div>\n            <div class=\"hostinger-affiliate-block-list-simple__product-data\">\n                <div class=\"hostinger-affiliate-block-list-simple__product-info\">\n                                            <div class=\"hostinger-affiliate-block-list-simple__bestseller-label\">\n                                                        Bestseller #10                        <\/div>\n                                            <div class=\"hostinger-affiliate-block-list-simple__product-title\">\n                        <a href=\"https:\/\/www.amazon.com.br\/dp\/B0F2P5RXGD?tag=joaopedro047-20\" target=\"_blank\" rel=\"nofollow noopener noreferrer\">\n                            <h3 id='porta-retrato-vazado-fundo-15\u00d721-design-moderno-e-elegante-para-d'>\n                                Porta-Retrato Vazado Fundo 15&#215;21 Design Moderno e Elegante para D&#8230;                            <\/h3>\n                        <\/a>\n                    <\/div>\n                    <div class=\"hostinger-affiliate-block-list-simple__product-pricing\">\n                                                    <div class=\"hostinger-affiliate-block-list-simple__product-price\">\n                                R$19,99                            <\/div>\n                                                <\/div>\n                <\/div>\n                <div class=\"hostinger-affiliate-block-list-simple__product-actions\">\n                    <div>\n                        <a href=\"https:\/\/www.amazon.com.br\/dp\/B0F2P5RXGD?tag=joaopedro047-20\" class=\"hostinger-affiliate-block-list-simple__product-amazon-button\" target=\"_blank\" rel=\"nofollow noopener noreferrer\">\n    Buy on Amazon<\/a>\n                    <\/div>\n                <\/div>\n            <\/div>\n        <\/div>\n        <\/div>\n\n\n\n<hr class=\"wp-block-separator has-alpha-channel-opacity\"\/>\n\n\n<div class=\"hostinger-affiliate-block-wrap\">\n            <div class=\"hostinger-affiliate-block-list-simple\">\n            <div class=\"hostinger-affiliate-block-list-simple__image\">\n                                        <a href=\"https:\/\/www.amazon.com.br\/dp\/B0B77QCPPF?tag=joaopedro047-20\" target=\"_blank\" rel=\"nofollow noopener noreferrer\">\n                            <img decoding=\"async\" src=\"https:\/\/m.media-amazon.com\/images\/I\/51gNXWctBZL.jpg\" alt=\"WOLFF - Vaso de Vidro Flat Italy \u00c2mbar 22x27cm\">\n                        <\/a>\n                                <\/div>\n            <div class=\"hostinger-affiliate-block-list-simple__product-data\">\n                <div class=\"hostinger-affiliate-block-list-simple__product-info\">\n                                            <div class=\"hostinger-affiliate-block-list-simple__bestseller-label\">\n                                                        Bestseller #1                        <\/div>\n                                            <div class=\"hostinger-affiliate-block-list-simple__product-title\">\n                        <a href=\"https:\/\/www.amazon.com.br\/dp\/B0B77QCPPF?tag=joaopedro047-20\" target=\"_blank\" rel=\"nofollow noopener noreferrer\">\n                            <h3 id='wolff-vaso-de-vidro-flat-italy-\u00e2mbar-22x27cm'>\n                                WOLFF &#8211; Vaso de Vidro Flat Italy \u00c2mbar 22x27cm                            <\/h3>\n                        <\/a>\n                    <\/div>\n                    <div class=\"hostinger-affiliate-block-list-simple__product-pricing\">\n                                                    <div class=\"hostinger-affiliate-block-list-simple__product-price\">\n                                R$265,50                            <\/div>\n                                                <\/div>\n                <\/div>\n                <div class=\"hostinger-affiliate-block-list-simple__product-actions\">\n                    <div>\n                        <a href=\"https:\/\/www.amazon.com.br\/dp\/B0B77QCPPF?tag=joaopedro047-20\" class=\"hostinger-affiliate-block-list-simple__product-amazon-button\" target=\"_blank\" rel=\"nofollow noopener noreferrer\">\n    Buy on Amazon<\/a>\n                    <\/div>\n                <\/div>\n            <\/div>\n        <\/div>\n                <div class=\"hostinger-affiliate-block-list-simple\">\n            <div class=\"hostinger-affiliate-block-list-simple__image\">\n                                        <a href=\"https:\/\/www.amazon.com.br\/dp\/B0BPYXS793?tag=joaopedro047-20\" target=\"_blank\" rel=\"nofollow noopener noreferrer\">\n                            <img decoding=\"async\" src=\"https:\/\/m.media-amazon.com\/images\/I\/41LmBMQRLLL.jpg\" alt=\"LYOR Vaso de Vidro Italy Azul 15cm x 16cm - Decora\u00e7\u00e3o - Mesa Post...\">\n                        <\/a>\n                                <\/div>\n            <div class=\"hostinger-affiliate-block-list-simple__product-data\">\n                <div class=\"hostinger-affiliate-block-list-simple__product-info\">\n                                            <div class=\"hostinger-affiliate-block-list-simple__bestseller-label\">\n                                                        Bestseller #2                        <\/div>\n                                            <div class=\"hostinger-affiliate-block-list-simple__product-title\">\n                        <a href=\"https:\/\/www.amazon.com.br\/dp\/B0BPYXS793?tag=joaopedro047-20\" target=\"_blank\" rel=\"nofollow noopener noreferrer\">\n                            <h3 id='lyor-vaso-de-vidro-italy-azul-15cm-x-16cm-decora\u00e7\u00e3o-mesa-post'>\n                                LYOR Vaso de Vidro Italy Azul 15cm x 16cm &#8211; Decora\u00e7\u00e3o &#8211; Mesa Post&#8230;                            <\/h3>\n                        <\/a>\n                    <\/div>\n                    <div class=\"hostinger-affiliate-block-list-simple__product-pricing\">\n                                                    <div class=\"hostinger-affiliate-block-list-simple__product-price\">\n                                R$155,18                            <\/div>\n                                                <\/div>\n                <\/div>\n                <div class=\"hostinger-affiliate-block-list-simple__product-actions\">\n                    <div>\n                        <a href=\"https:\/\/www.amazon.com.br\/dp\/B0BPYXS793?tag=joaopedro047-20\" class=\"hostinger-affiliate-block-list-simple__product-amazon-button\" target=\"_blank\" rel=\"nofollow noopener noreferrer\">\n    Buy on Amazon<\/a>\n                    <\/div>\n                <\/div>\n            <\/div>\n        <\/div>\n                <div class=\"hostinger-affiliate-block-list-simple\">\n            <div class=\"hostinger-affiliate-block-list-simple__image\">\n                                        <a href=\"https:\/\/www.amazon.com.br\/dp\/B09N54GKB4?tag=joaopedro047-20\" target=\"_blank\" rel=\"nofollow noopener noreferrer\">\n                            <img decoding=\"async\" src=\"https:\/\/m.media-amazon.com\/images\/I\/21e6ZyNHEUL.jpg\" alt=\"Vaso Oliva P Leitoso Branco Murano Cristais Cadoro\">\n                        <\/a>\n                                <\/div>\n            <div class=\"hostinger-affiliate-block-list-simple__product-data\">\n                <div class=\"hostinger-affiliate-block-list-simple__product-info\">\n                                            <div class=\"hostinger-affiliate-block-list-simple__bestseller-label\">\n                                                        Bestseller #3                        <\/div>\n                                            <div class=\"hostinger-affiliate-block-list-simple__product-title\">\n                        <a href=\"https:\/\/www.amazon.com.br\/dp\/B09N54GKB4?tag=joaopedro047-20\" target=\"_blank\" rel=\"nofollow noopener noreferrer\">\n                            <h3 id='vaso-oliva-p-leitoso-branco-murano-cristais-cadoro'>\n                                Vaso Oliva P Leitoso Branco Murano Cristais Cadoro                            <\/h3>\n                        <\/a>\n                    <\/div>\n                    <div class=\"hostinger-affiliate-block-list-simple__product-pricing\">\n                                                    <div class=\"hostinger-affiliate-block-list-simple__product-price\">\n                                R$250,00                            <\/div>\n                                                <\/div>\n                <\/div>\n                <div class=\"hostinger-affiliate-block-list-simple__product-actions\">\n                    <div>\n                        <a href=\"https:\/\/www.amazon.com.br\/dp\/B09N54GKB4?tag=joaopedro047-20\" class=\"hostinger-affiliate-block-list-simple__product-amazon-button\" target=\"_blank\" rel=\"nofollow noopener noreferrer\">\n    Buy on Amazon<\/a>\n                    <\/div>\n                <\/div>\n            <\/div>\n        <\/div>\n                <div class=\"hostinger-affiliate-block-list-simple\">\n            <div class=\"hostinger-affiliate-block-list-simple__image\">\n                                        <a href=\"https:\/\/www.amazon.com.br\/dp\/B084KXMQNV?tag=joaopedro047-20\" target=\"_blank\" rel=\"nofollow noopener noreferrer\">\n                            <img decoding=\"async\" src=\"https:\/\/m.media-amazon.com\/images\/I\/21+xVkZq6FL.jpg\" alt=\"WOLFF - Vaso de Cristal Queen 16cm x 30cm\">\n                        <\/a>\n                                <\/div>\n            <div class=\"hostinger-affiliate-block-list-simple__product-data\">\n                <div class=\"hostinger-affiliate-block-list-simple__product-info\">\n                                            <div class=\"hostinger-affiliate-block-list-simple__bestseller-label\">\n                                                        Bestseller #4                        <\/div>\n                                            <div class=\"hostinger-affiliate-block-list-simple__product-title\">\n                        <a href=\"https:\/\/www.amazon.com.br\/dp\/B084KXMQNV?tag=joaopedro047-20\" target=\"_blank\" rel=\"nofollow noopener noreferrer\">\n                            <h3 id='wolff-vaso-de-cristal-queen-16cm-x-30cm'>\n                                WOLFF &#8211; Vaso de Cristal Queen 16cm x 30cm                            <\/h3>\n                        <\/a>\n                    <\/div>\n                    <div class=\"hostinger-affiliate-block-list-simple__product-pricing\">\n                                                    <div class=\"hostinger-affiliate-block-list-simple__product-price\">\n                                R$114,90                            <\/div>\n                                                <\/div>\n                <\/div>\n                <div class=\"hostinger-affiliate-block-list-simple__product-actions\">\n                    <div>\n                        <a href=\"https:\/\/www.amazon.com.br\/dp\/B084KXMQNV?tag=joaopedro047-20\" class=\"hostinger-affiliate-block-list-simple__product-amazon-button\" target=\"_blank\" rel=\"nofollow noopener noreferrer\">\n    Buy on Amazon<\/a>\n                    <\/div>\n                <\/div>\n            <\/div>\n        <\/div>\n                <div class=\"hostinger-affiliate-block-list-simple\">\n            <div class=\"hostinger-affiliate-block-list-simple__image\">\n                                        <a href=\"https:\/\/www.amazon.com.br\/dp\/B0CXNG5G3D?tag=joaopedro047-20\" target=\"_blank\" rel=\"nofollow noopener noreferrer\">\n                            <img decoding=\"async\" src=\"https:\/\/m.media-amazon.com\/images\/I\/31A1Mlcl34L.jpg\" alt=\"WOLFF - Vaso de Cristal Geneva 13,5cm x 13,5cm x 27,5cm\">\n                        <\/a>\n                                <\/div>\n            <div class=\"hostinger-affiliate-block-list-simple__product-data\">\n                <div class=\"hostinger-affiliate-block-list-simple__product-info\">\n                                            <div class=\"hostinger-affiliate-block-list-simple__bestseller-label\">\n                                                        Bestseller #5                        <\/div>\n                                            <div class=\"hostinger-affiliate-block-list-simple__product-title\">\n                        <a href=\"https:\/\/www.amazon.com.br\/dp\/B0CXNG5G3D?tag=joaopedro047-20\" target=\"_blank\" rel=\"nofollow noopener noreferrer\">\n                            <h3 id='wolff-vaso-de-cristal-geneva-13-5cm-x-13-5cm-x-27-5cm'>\n                                WOLFF &#8211; Vaso de Cristal Geneva 13,5cm x 13,5cm x 27,5cm                            <\/h3>\n                        <\/a>\n                    <\/div>\n                    <div class=\"hostinger-affiliate-block-list-simple__product-pricing\">\n                                                    <div class=\"hostinger-affiliate-block-list-simple__product-price\">\n                                R$128,44                            <\/div>\n                                                <\/div>\n                <\/div>\n                <div class=\"hostinger-affiliate-block-list-simple__product-actions\">\n                    <div>\n                        <a href=\"https:\/\/www.amazon.com.br\/dp\/B0CXNG5G3D?tag=joaopedro047-20\" class=\"hostinger-affiliate-block-list-simple__product-amazon-button\" target=\"_blank\" rel=\"nofollow noopener noreferrer\">\n    Buy on Amazon<\/a>\n                    <\/div>\n                <\/div>\n            <\/div>\n        <\/div>\n                <div class=\"hostinger-affiliate-block-list-simple\">\n            <div class=\"hostinger-affiliate-block-list-simple__image\">\n                                        <a href=\"https:\/\/www.amazon.com.br\/dp\/B019H2ZVVY?tag=joaopedro047-20\" target=\"_blank\" rel=\"nofollow noopener noreferrer\">\n                            <img decoding=\"async\" src=\"https:\/\/m.media-amazon.com\/images\/I\/41slXQQ5ZaL.jpg\" alt=\"Bohemia Vaso de cristal liso, vidro, transparente, 14 x 14 x A 34...\">\n                        <\/a>\n                                <\/div>\n            <div class=\"hostinger-affiliate-block-list-simple__product-data\">\n                <div class=\"hostinger-affiliate-block-list-simple__product-info\">\n                                            <div class=\"hostinger-affiliate-block-list-simple__bestseller-label\">\n                                                        Bestseller #6                        <\/div>\n                                            <div class=\"hostinger-affiliate-block-list-simple__product-title\">\n                        <a href=\"https:\/\/www.amazon.com.br\/dp\/B019H2ZVVY?tag=joaopedro047-20\" target=\"_blank\" rel=\"nofollow noopener noreferrer\">\n                            <h3 id='bohemia-vaso-de-cristal-liso-vidro-transparente-14-x-14-x-a-34'>\n                                Bohemia Vaso de cristal liso, vidro, transparente, 14 x 14 x A 34&#8230;                            <\/h3>\n                        <\/a>\n                    <\/div>\n                    <div class=\"hostinger-affiliate-block-list-simple__product-pricing\">\n                                                    <div class=\"hostinger-affiliate-block-list-simple__product-price\">\n                                R$259,90                            <\/div>\n                                                <\/div>\n                <\/div>\n                <div class=\"hostinger-affiliate-block-list-simple__product-actions\">\n                    <div>\n                        <a href=\"https:\/\/www.amazon.com.br\/dp\/B019H2ZVVY?tag=joaopedro047-20\" class=\"hostinger-affiliate-block-list-simple__product-amazon-button\" target=\"_blank\" rel=\"nofollow noopener noreferrer\">\n    Buy on Amazon<\/a>\n                    <\/div>\n                <\/div>\n            <\/div>\n        <\/div>\n        <\/div>\n\n\n\n<hr class=\"wp-block-separator has-alpha-channel-opacity\"\/>\n\n\n<div class=\"hostinger-affiliate-block-wrap\">\n            <div class=\"hostinger-affiliate-block-list-simple\">\n            <div class=\"hostinger-affiliate-block-list-simple__image\">\n                                        <a href=\"https:\/\/www.amazon.com.br\/dp\/B0D5JRTPPY?tag=joaopedro047-20\" target=\"_blank\" rel=\"nofollow noopener noreferrer\">\n                            <img decoding=\"async\" src=\"https:\/\/m.media-amazon.com\/images\/I\/31PW-MlMjlL.jpg\" alt=\"WOLFF - Casti\u00e7al para Vela de Vidro Athenas 7cm x 7cm x 10,5cm\">\n                        <\/a>\n                                <\/div>\n            <div class=\"hostinger-affiliate-block-list-simple__product-data\">\n                <div class=\"hostinger-affiliate-block-list-simple__product-info\">\n                                            <div class=\"hostinger-affiliate-block-list-simple__bestseller-label\">\n                                                        Bestseller #1                        <\/div>\n                                            <div class=\"hostinger-affiliate-block-list-simple__product-title\">\n                        <a href=\"https:\/\/www.amazon.com.br\/dp\/B0D5JRTPPY?tag=joaopedro047-20\" target=\"_blank\" rel=\"nofollow noopener noreferrer\">\n                            <h3 id='wolff-casti\u00e7al-para-vela-de-vidro-athenas-7cm-x-7cm-x-10-5cm'>\n                                WOLFF &#8211; Casti\u00e7al para Vela de Vidro Athenas 7cm x 7cm x 10,5cm                            <\/h3>\n                        <\/a>\n                    <\/div>\n                    <div class=\"hostinger-affiliate-block-list-simple__product-pricing\">\n                                                    <div class=\"hostinger-affiliate-block-list-simple__product-price\">\n                                R$14,90                            <\/div>\n                                                <\/div>\n                <\/div>\n                <div class=\"hostinger-affiliate-block-list-simple__product-actions\">\n                    <div>\n                        <a href=\"https:\/\/www.amazon.com.br\/dp\/B0D5JRTPPY?tag=joaopedro047-20\" class=\"hostinger-affiliate-block-list-simple__product-amazon-button\" target=\"_blank\" rel=\"nofollow noopener noreferrer\">\n    Buy on Amazon<\/a>\n                    <\/div>\n                <\/div>\n            <\/div>\n        <\/div>\n                <div class=\"hostinger-affiliate-block-list-simple\">\n            <div class=\"hostinger-affiliate-block-list-simple__image\">\n                                        <a href=\"https:\/\/www.amazon.com.br\/dp\/B08431C9NT?tag=joaopedro047-20\" target=\"_blank\" rel=\"nofollow noopener noreferrer\">\n                            <img decoding=\"async\" src=\"https:\/\/m.media-amazon.com\/images\/I\/41obqX2+q+L.jpg\" alt=\"LYOR - Porta Velas de Cristal Bolhas 11cm x 9cm\">\n                        <\/a>\n                                <\/div>\n            <div class=\"hostinger-affiliate-block-list-simple__product-data\">\n                <div class=\"hostinger-affiliate-block-list-simple__product-info\">\n                                            <div class=\"hostinger-affiliate-block-list-simple__bestseller-label\">\n                                                        Bestseller #2                        <\/div>\n                                            <div class=\"hostinger-affiliate-block-list-simple__product-title\">\n                        <a href=\"https:\/\/www.amazon.com.br\/dp\/B08431C9NT?tag=joaopedro047-20\" target=\"_blank\" rel=\"nofollow noopener noreferrer\">\n                            <h3 id='lyor-porta-velas-de-cristal-bolhas-11cm-x-9cm'>\n                                LYOR &#8211; Porta Velas de Cristal Bolhas 11cm x 9cm                            <\/h3>\n                        <\/a>\n                    <\/div>\n                    <div class=\"hostinger-affiliate-block-list-simple__product-pricing\">\n                                                    <div class=\"hostinger-affiliate-block-list-simple__product-price\">\n                                R$24,80                            <\/div>\n                                                <\/div>\n                <\/div>\n                <div class=\"hostinger-affiliate-block-list-simple__product-actions\">\n                    <div>\n                        <a href=\"https:\/\/www.amazon.com.br\/dp\/B08431C9NT?tag=joaopedro047-20\" class=\"hostinger-affiliate-block-list-simple__product-amazon-button\" target=\"_blank\" rel=\"nofollow noopener noreferrer\">\n    Buy on Amazon<\/a>\n                    <\/div>\n                <\/div>\n            <\/div>\n        <\/div>\n                <div class=\"hostinger-affiliate-block-list-simple\">\n            <div class=\"hostinger-affiliate-block-list-simple__image\">\n                                        <a href=\"https:\/\/www.amazon.com.br\/dp\/B0DHTBH76B?tag=joaopedro047-20\" target=\"_blank\" rel=\"nofollow noopener noreferrer\">\n                            <img decoding=\"async\" src=\"https:\/\/m.media-amazon.com\/images\/I\/31I7ZkFconL.jpg\" alt=\"Conjunto de 6 Casti\u00e7ais Redondos de Vidro para Velas\">\n                        <\/a>\n                                <\/div>\n            <div class=\"hostinger-affiliate-block-list-simple__product-data\">\n                <div class=\"hostinger-affiliate-block-list-simple__product-info\">\n                                            <div class=\"hostinger-affiliate-block-list-simple__bestseller-label\">\n                                                        Bestseller #3                        <\/div>\n                                            <div class=\"hostinger-affiliate-block-list-simple__product-title\">\n                        <a href=\"https:\/\/www.amazon.com.br\/dp\/B0DHTBH76B?tag=joaopedro047-20\" target=\"_blank\" rel=\"nofollow noopener noreferrer\">\n                            <h3 id='conjunto-de-6-casti\u00e7ais-redondos-de-vidro-para-velas'>\n                                Conjunto de 6 Casti\u00e7ais Redondos de Vidro para Velas                            <\/h3>\n                        <\/a>\n                    <\/div>\n                    <div class=\"hostinger-affiliate-block-list-simple__product-pricing\">\n                                                    <div class=\"hostinger-affiliate-block-list-simple__product-price\">\n                                R$32,90                            <\/div>\n                                                <\/div>\n                <\/div>\n                <div class=\"hostinger-affiliate-block-list-simple__product-actions\">\n                    <div>\n                        <a href=\"https:\/\/www.amazon.com.br\/dp\/B0DHTBH76B?tag=joaopedro047-20\" class=\"hostinger-affiliate-block-list-simple__product-amazon-button\" target=\"_blank\" rel=\"nofollow noopener noreferrer\">\n    Buy on Amazon<\/a>\n                    <\/div>\n                <\/div>\n            <\/div>\n        <\/div>\n                <div class=\"hostinger-affiliate-block-list-simple\">\n            <div class=\"hostinger-affiliate-block-list-simple__image\">\n                                        <a href=\"https:\/\/www.amazon.com.br\/dp\/B0DJG3K79V?tag=joaopedro047-20\" target=\"_blank\" rel=\"nofollow noopener noreferrer\">\n                            <img decoding=\"async\" src=\"https:\/\/m.media-amazon.com\/images\/I\/51QPE1J-QKL.jpg\" alt=\"CASTI\u00c7AL PORTA VELA DECORATIVO HOME&amp;CO VIDRO 8x7x7cm \u00c2MBAR\">\n                        <\/a>\n                                <\/div>\n            <div class=\"hostinger-affiliate-block-list-simple__product-data\">\n                <div class=\"hostinger-affiliate-block-list-simple__product-info\">\n                                            <div class=\"hostinger-affiliate-block-list-simple__bestseller-label\">\n                                                        Bestseller #4                        <\/div>\n                                            <div class=\"hostinger-affiliate-block-list-simple__product-title\">\n                        <a href=\"https:\/\/www.amazon.com.br\/dp\/B0DJG3K79V?tag=joaopedro047-20\" target=\"_blank\" rel=\"nofollow noopener noreferrer\">\n                            <h3 id='casti\u00e7al-porta-vela-decorativo-home-co-vidro-8x7x7cm-\u00e2mbar'>\n                                CASTI\u00c7AL PORTA VELA DECORATIVO HOME&#038;CO VIDRO 8x7x7cm \u00c2MBAR                            <\/h3>\n                        <\/a>\n                    <\/div>\n                    <div class=\"hostinger-affiliate-block-list-simple__product-pricing\">\n                                                    <div class=\"hostinger-affiliate-block-list-simple__product-price\">\n                                R$22,71                            <\/div>\n                                                <\/div>\n                <\/div>\n                <div class=\"hostinger-affiliate-block-list-simple__product-actions\">\n                    <div>\n                        <a href=\"https:\/\/www.amazon.com.br\/dp\/B0DJG3K79V?tag=joaopedro047-20\" class=\"hostinger-affiliate-block-list-simple__product-amazon-button\" target=\"_blank\" rel=\"nofollow noopener noreferrer\">\n    Buy on Amazon<\/a>\n                    <\/div>\n                <\/div>\n            <\/div>\n        <\/div>\n                <div class=\"hostinger-affiliate-block-list-simple\">\n            <div class=\"hostinger-affiliate-block-list-simple__image\">\n                                        <a href=\"https:\/\/www.amazon.com.br\/dp\/B0CGBRTYJY?tag=joaopedro047-20\" target=\"_blank\" rel=\"nofollow noopener noreferrer\">\n                            <img decoding=\"async\" src=\"https:\/\/m.media-amazon.com\/images\/I\/41lR1yINd4L.jpg\" alt=\"Casti\u00e7al Candelabro Porta Vela Vidro 11cm Mesa Jantar Centro\">\n                        <\/a>\n                                <\/div>\n            <div class=\"hostinger-affiliate-block-list-simple__product-data\">\n                <div class=\"hostinger-affiliate-block-list-simple__product-info\">\n                                            <div class=\"hostinger-affiliate-block-list-simple__bestseller-label\">\n                                                        Bestseller #5                        <\/div>\n                                            <div class=\"hostinger-affiliate-block-list-simple__product-title\">\n                        <a href=\"https:\/\/www.amazon.com.br\/dp\/B0CGBRTYJY?tag=joaopedro047-20\" target=\"_blank\" rel=\"nofollow noopener noreferrer\">\n                            <h3 id='casti\u00e7al-candelabro-porta-vela-vidro-11cm-mesa-jantar-centro'>\n                                Casti\u00e7al Candelabro Porta Vela Vidro 11cm Mesa Jantar Centro                            <\/h3>\n                        <\/a>\n                    <\/div>\n                    <div class=\"hostinger-affiliate-block-list-simple__product-pricing\">\n                                                    <div class=\"hostinger-affiliate-block-list-simple__product-price\">\n                                R$53,99                            <\/div>\n                                                <\/div>\n                <\/div>\n                <div class=\"hostinger-affiliate-block-list-simple__product-actions\">\n                    <div>\n                        <a href=\"https:\/\/www.amazon.com.br\/dp\/B0CGBRTYJY?tag=joaopedro047-20\" class=\"hostinger-affiliate-block-list-simple__product-amazon-button\" target=\"_blank\" rel=\"nofollow noopener noreferrer\">\n    Buy on Amazon<\/a>\n                    <\/div>\n                <\/div>\n            <\/div>\n        <\/div>\n        <\/div>\n\n\n\n<hr class=\"wp-block-separator has-alpha-channel-opacity\"\/>\n\n\n\n<h2 id='dicas-pr\u00e1ticas-para-valorizar-a-decora\u00e7\u00e3o-com-fotos'  class=\"wp-block-heading\">Dicas pr\u00e1ticas para valorizar a decora\u00e7\u00e3o com fotos<\/h2>\n\n\n\n<p>Alguns cuidados podem elevar ainda mais o efeito est\u00e9tico das fotos na decora\u00e7\u00e3o:<\/p>\n\n\n\n<ol class=\"wp-block-list\">\n<li><strong>Ilumina\u00e7\u00e3o direcionada:<\/strong> Spots ou lumin\u00e1rias ajudam a destacar galerias e quadros.<\/li>\n\n\n\n<li><strong>Vidro antirreflexo:<\/strong> Protege as fotos e melhora a visualiza\u00e7\u00e3o.<\/li>\n\n\n\n<li><strong>Impress\u00e3o de qualidade:<\/strong> Escolha pap\u00e9is fotogr\u00e1ficos dur\u00e1veis para evitar desbotamento.<\/li>\n\n\n\n<li><strong>Rotatividade:<\/strong> Troque algumas fotos periodicamente para renovar a atmosfera do espa\u00e7o.<\/li>\n<\/ol>\n\n\n\n<hr class=\"wp-block-separator has-alpha-channel-opacity\"\/>\n\n\n\n<a href=\"https:\/\/1truenote.com\/en\/moveis-espelhados-decoracao\/\" style=\"text-decoration: none;\">\n  <div style=\"display: flex; justify-content: space-between; align-items: center; background: #d44a00; padding: 12px 20px; color: white; font-family: Arial, sans-serif;\">\n    <strong style=\"color: black;\">READ ALSO:<\/strong>\n    <span style=\"margin-left: 8px; flex: 1;\">M\u00f3veis espelhados<\/span>\n    <div style=\"background: #f2802f; padding: 8px 12px; border-radius: 2px; margin-left: 10px;\">\n      <span style=\"color: white; font-weight: bold;\">\u27a4<\/span>\n    <\/div>\n  <\/div>\n<\/a>\n\n\n\n<hr class=\"wp-block-separator has-alpha-channel-opacity\"\/>\n\n\n\n<h2 id='decora\u00e7\u00e3o-com-fotos'  class=\"wp-block-heading\">Decora\u00e7\u00e3o com fotos<\/h2>\n\n\n\n<p>A decora\u00e7\u00e3o com fotos \u00e9 uma forma simples, acess\u00edvel e extremamente significativa de transformar qualquer ambiente. Seja por meio de porta-retratos, galerias de parede, murais criativos ou quadros em grandes formatos, as imagens carregam mem\u00f3rias que tornam os espa\u00e7os \u00fanicos e acolhedores.<\/p>\n\n\n\n<p>Ao combinar est\u00e9tica e afeto, as fotos n\u00e3o apenas embelezam, mas tamb\u00e9m contam hist\u00f3rias e refor\u00e7am a identidade de quem habita a casa. E o melhor: \u00e9 um recurso vers\u00e1til, capaz de se adaptar a todos os estilos decorativos, do cl\u00e1ssico ao contempor\u00e2neo.<\/p>\n\n\n\n<p>Gostou de decora\u00e7\u00e3o com fotos? Se voc\u00ea deseja dar um toque de personalidade ao seu lar, comece incluindo suas lembran\u00e7as na decora\u00e7\u00e3o. Afinal, fotos s\u00e3o mais do que imagens: S\u00e3o peda\u00e7os de vida eternizados no espa\u00e7o.<\/p>\n\n\n\n<hr class=\"wp-block-separator has-alpha-channel-opacity\"\/>\n\n\n\n<a href=\"https:\/\/1truenote.com\/en\/moveis-espelhados-decoracao\/\" style=\"text-decoration: none;\">\n  <div style=\"display: flex; justify-content: space-between; align-items: center; background: #d44a00; padding: 12px 20px; color: white; font-family: Arial, sans-serif;\">\n    <strong style=\"color: black;\">READ ALSO:<\/strong>\n    <span style=\"margin-left: 8px; flex: 1;\">M\u00f3veis espelhados<\/span>\n    <div style=\"background: #f2802f; padding: 8px 12px; border-radius: 2px; margin-left: 10px;\">\n      <span style=\"color: white; font-weight: bold;\">\u27a4<\/span>\n    <\/div>\n  <\/div>\n<\/a>\n\n\n\n\n<hr class=\"wp-block-separator has-alpha-channel-opacity\"\/>\n\n\n\n<h2 id='faq-decora\u00e7\u00e3o-com-fotos'  class=\"wp-block-heading\">FAQ \u2013 Decora\u00e7\u00e3o com fotos<\/h2>\n\n\n<div id=\"rank-math-faq\" class=\"rank-math-block\">\n<div class=\"rank-math-list\">\n<div id=\"faq-question-1757341188040\" class=\"rank-math-list-item\">\n<h3 id='qual-o-melhor-lugar-para-montar-uma-galeria-de-fotos'  class=\"rank-math-question\">Qual o melhor lugar para montar uma galeria de fotos?<\/h3>\n<div class=\"rank-math-answer\">\n\n<p>Corredores, salas de estar e paredes de escadas s\u00e3o locais ideais, pois valorizam a composi\u00e7\u00e3o e criam pontos de destaque.<\/p>\n\n<\/div>\n<\/div>\n<div id=\"faq-question-1757341189136\" class=\"rank-math-list-item\">\n<h3 id='posso-misturar-fotos-coloridas-e-em-preto-e-branco'  class=\"rank-math-question\">Posso misturar fotos coloridas e em preto e branco?<\/h3>\n<div class=\"rank-math-answer\">\n\n<p>Sim! Essa mistura traz contraste e profundidade, desde que seja feita com equil\u00edbrio e dentro de uma mesma proposta est\u00e9tica.<\/p>\n\n<\/div>\n<\/div>\n<div id=\"faq-question-1757341189787\" class=\"rank-math-list-item\">\n<h3 id='como-evitar-que-as-fotos-desbotem-com-o-tempo'  class=\"rank-math-question\">Como evitar que as fotos desbotem com o tempo?<\/h3>\n<div class=\"rank-math-answer\">\n\n<p>Invista em impress\u00f5es profissionais de alta qualidade e prefira molduras com vidro antirreflexo e prote\u00e7\u00e3o UV.<\/p>\n\n<\/div>\n<\/div>\n<div id=\"faq-question-1757341190714\" class=\"rank-math-list-item\">\n<h3 id='quantas-fotos-colocar-em-um-mesmo-ambiente-sem-poluir'  class=\"rank-math-question\">Quantas fotos colocar em um mesmo ambiente sem poluir?<\/h3>\n<div class=\"rank-math-answer\">\n\n<p>N\u00e3o existe uma regra fixa, mas \u00e9 importante considerar o tamanho do espa\u00e7o. Prefira composi\u00e7\u00f5es menores em ambientes compactos e galerias maiores em \u00e1reas amplas.<\/p>\n\n<\/div>\n<\/div>\n<div id=\"faq-question-1757341225625\" class=\"rank-math-list-item\">\n<h3 id='fotos-pessoais-combinam-em-todos-os-ambientes'  class=\"rank-math-question\">Fotos pessoais combinam em todos os ambientes?<\/h3>\n<div class=\"rank-math-answer\">\n\n<p>Sim, mas adapte o estilo de acordo com o espa\u00e7o. Fotos mais intimistas ficam bem em quartos, enquanto retratos de viagens ou paisagens s\u00e3o \u00f3timos para salas e \u00e1reas sociais.<\/p>\n\n<\/div>\n<\/div>\n<\/div>\n<\/div>\n\n\n<figure class=\"wp-block-image aligncenter size-large\"><img data-recalc-dims=\"1\" decoding=\"async\" width=\"1024\" height=\"760\" src=\"https:\/\/i0.wp.com\/1truenote.com\/wp-content\/uploads\/2025\/09\/Artigo-1-1.png?resize=1024%2C760&#038;ssl=1\" alt=\"Decora\u00e7\u00e3o com Fotos\" class=\"wp-image-4123\" srcset=\"https:\/\/i0.wp.com\/1truenote.com\/wp-content\/uploads\/2025\/09\/Artigo-1-1.png?resize=1024%2C760&amp;ssl=1 1024w, https:\/\/i0.wp.com\/1truenote.com\/wp-content\/uploads\/2025\/09\/Artigo-1-1.png?resize=300%2C223&amp;ssl=1 300w, https:\/\/i0.wp.com\/1truenote.com\/wp-content\/uploads\/2025\/09\/Artigo-1-1.png?resize=768%2C570&amp;ssl=1 768w, https:\/\/i0.wp.com\/1truenote.com\/wp-content\/uploads\/2025\/09\/Artigo-1-1.png?resize=16%2C12&amp;ssl=1 16w, https:\/\/i0.wp.com\/1truenote.com\/wp-content\/uploads\/2025\/09\/Artigo-1-1.png?resize=150%2C111&amp;ssl=1 150w, https:\/\/i0.wp.com\/1truenote.com\/wp-content\/uploads\/2025\/09\/Artigo-1-1.png?w=1536&amp;ssl=1 1536w\" sizes=\"(max-width: 1024px) 100vw, 1024px\" \/><\/figure>","protected":false},"excerpt":{"rendered":"<p>Decora\u00e7\u00e3o com fotos. A decora\u00e7\u00e3o de interiores vai muito al\u00e9m da escolha de m\u00f3veis, cores e acess\u00f3rios: Ela \u00e9, acima&#8230;<\/p>","protected":false},"author":1,"featured_media":4123,"comment_status":"open","ping_status":"open","sticky":false,"template":"","format":"standard","meta":{"_kad_post_transparent":"","_kad_post_title":"","_kad_post_layout":"","_kad_post_sidebar_id":"","_kad_post_content_style":"","_kad_post_vertical_padding":"","_kad_post_feature":"","_kad_post_feature_position":"","_kad_post_header":false,"_kad_post_footer":false,"_kad_post_classname":"","footnotes":"","jetpack_publicize_message":"","jetpack_publicize_feature_enabled":false,"jetpack_social_post_already_shared":true,"jetpack_social_options":{"image_generator_settings":{"template":"highway","default_image_id":0,"font":"","enabled":false},"version":2}},"categories":[16,9],"tags":[13,14,12],"class_list":["post-4122","post","type-post","status-publish","format-standard","has-post-thumbnail","hentry","category-casa-e-jardim","category-lazer","tag-minimalista","tag-interiores-inovadores","tag-projetos-inovadores"],"jetpack_publicize_connections":[],"jetpack_featured_media_url":"https:\/\/i0.wp.com\/1truenote.com\/wp-content\/uploads\/2025\/09\/Artigo-1-1.png?fit=1536%2C1140&ssl=1","jetpack_sharing_enabled":true,"_links":{"self":[{"href":"https:\/\/1truenote.com\/en\/wp-json\/wp\/v2\/posts\/4122","targetHints":{"allow":["GET"]}}],"collection":[{"href":"https:\/\/1truenote.com\/en\/wp-json\/wp\/v2\/posts"}],"about":[{"href":"https:\/\/1truenote.com\/en\/wp-json\/wp\/v2\/types\/post"}],"author":[{"embeddable":true,"href":"https:\/\/1truenote.com\/en\/wp-json\/wp\/v2\/users\/1"}],"replies":[{"embeddable":true,"href":"https:\/\/1truenote.com\/en\/wp-json\/wp\/v2\/comments?post=4122"}],"version-history":[{"count":1,"href":"https:\/\/1truenote.com\/en\/wp-json\/wp\/v2\/posts\/4122\/revisions"}],"predecessor-version":[{"id":4124,"href":"https:\/\/1truenote.com\/en\/wp-json\/wp\/v2\/posts\/4122\/revisions\/4124"}],"wp:featuredmedia":[{"embeddable":true,"href":"https:\/\/1truenote.com\/en\/wp-json\/wp\/v2\/media\/4123"}],"wp:attachment":[{"href":"https:\/\/1truenote.com\/en\/wp-json\/wp\/v2\/media?parent=4122"}],"wp:term":[{"taxonomy":"category","embeddable":true,"href":"https:\/\/1truenote.com\/en\/wp-json\/wp\/v2\/categories?post=4122"},{"taxonomy":"post_tag","embeddable":true,"href":"https:\/\/1truenote.com\/en\/wp-json\/wp\/v2\/tags?post=4122"}],"curies":[{"name":"wp","href":"https:\/\/api.w.org\/{rel}","templated":true}]}}