{"id":4119,"date":"2025-09-08T12:00:00","date_gmt":"2025-09-08T15:00:00","guid":{"rendered":"https:\/\/1truenote.com\/?p=4119"},"modified":"2025-09-08T10:43:22","modified_gmt":"2025-09-08T13:43:22","slug":"prateleiras-de-nicho","status":"publish","type":"post","link":"https:\/\/1truenote.com\/en\/prateleiras-de-nicho\/","title":{"rendered":"Prateleiras de nicho: Organiza\u00e7\u00e3o e estilo em qualquer ambiente"},"content":{"rendered":"<p>As <strong>prateleiras de nicho<\/strong> se tornaram uma das solu\u00e7\u00f5es decorativas mais inteligentes e modernas da atualidade. Al\u00e9m de funcionais, elas agregam estilo e personalidade aos ambientes, servindo tanto para organizar quanto para decorar.<\/p>\n\n\n\n<p>Vers\u00e1teis, podem ser utilizadas em salas de estar, quartos, banheiros, cozinhas e at\u00e9 \u00e1reas externas, sempre com a mesma proposta: Otimizar espa\u00e7os e valorizar o design.<\/p>\n\n\n\n<hr class=\"wp-block-separator has-alpha-channel-opacity\"\/>\n\n\n\n<h2 id='o-que-s\u00e3o-prateleiras-de-nicho'  class=\"wp-block-heading\">O que s\u00e3o prateleiras de nicho?<\/h2>\n\n\n\n<p>As prateleiras de nicho s\u00e3o estruturas embutidas ou instaladas sobre a parede, criadas para acomodar objetos decorativos ou de uso pr\u00e1tico. Diferem das prateleiras tradicionais por seu design mais estruturado e geom\u00e9trico, funcionando como \u201ccaixas\u201d ou compartimentos organizados na parede.<\/p>\n\n\n\n<p>Al\u00e9m de funcionais, elas s\u00e3o altamente est\u00e9ticas, podendo ser planejadas em diversos tamanhos, materiais e acabamentos.<\/p>\n\n\n\n<hr class=\"wp-block-separator has-alpha-channel-opacity\"\/>\n\n\n\n<h2 id='vantagens-das-prateleiras-de-nicho'  class=\"wp-block-heading\">Vantagens das prateleiras de nicho<\/h2>\n\n\n\n<ul class=\"wp-block-list\">\n<li><strong>Aproveitamento do espa\u00e7o:<\/strong> ideais para ambientes compactos, j\u00e1 que ocupam pouco espa\u00e7o f\u00edsico.<\/li>\n\n\n\n<li><strong>Organiza\u00e7\u00e3o inteligente:<\/strong> ajudam a manter objetos no lugar sem comprometer a est\u00e9tica.<\/li>\n\n\n\n<li><strong>Design personalizado:<\/strong> podem ser feitas sob medida em madeira, gesso, MDF, vidro ou metal.<\/li>\n\n\n\n<li><strong>Valoriza\u00e7\u00e3o decorativa:<\/strong> permitem expor pe\u00e7as, plantas, livros e lembran\u00e7as pessoais.<\/li>\n\n\n\n<li><strong>Integra\u00e7\u00e3o com ilumina\u00e7\u00e3o:<\/strong> quando combinadas a spots ou LEDs, ganham destaque e sofistica\u00e7\u00e3o.<\/li>\n<\/ul>\n\n\n\n<hr class=\"wp-block-separator has-alpha-channel-opacity\"\/>\n\n\n\n<h2 id='onde-usar-prateleiras-de-nicho'  class=\"wp-block-heading\">Onde usar prateleiras de nicho<\/h2>\n\n\n\n<h3 id='sala-de-estar'  class=\"wp-block-heading\">Sala de estar<\/h3>\n\n\n\n<p>As prateleiras de nicho s\u00e3o perfeitas para destacar paredes de TV, sof\u00e1s ou ambientes de recep\u00e7\u00e3o. Podem abrigar vasos, livros, esculturas e outros objetos de decora\u00e7\u00e3o, como no exemplo da imagem, onde o contraste entre <strong>pedra, dourado e preto<\/strong> cria uma composi\u00e7\u00e3o elegante.<\/p>\n\n\n\n<h3 id='quartos'  class=\"wp-block-heading\">Quartos<\/h3>\n\n\n\n<p>No quarto, elas podem substituir criados-mudos, funcionar como cabeceira embutida ou simplesmente servir para expor objetos pessoais, quadros e lumin\u00e1rias.<\/p>\n\n\n\n<h3 id='banheiros'  class=\"wp-block-heading\">Banheiros<\/h3>\n\n\n\n<p>Os nichos s\u00e3o uma solu\u00e7\u00e3o pr\u00e1tica para banheiros, j\u00e1 que organizam toalhas, produtos de higiene e cosm\u00e9ticos sem comprometer o espa\u00e7o. Quando feitos em porcelanato ou m\u00e1rmore, ainda trazem sofistica\u00e7\u00e3o.<\/p>\n\n\n\n<h3 id='cozinhas'  class=\"wp-block-heading\">Cozinhas<\/h3>\n\n\n\n<p>Nas cozinhas, s\u00e3o usados para organizar temperos, utens\u00edlios ou exibir lou\u00e7as decorativas. Al\u00e9m de \u00fateis, tornam o ambiente mais aconchegante e funcional.<\/p>\n\n\n\n<h3 id='varandas-e-\u00e1reas-externas'  class=\"wp-block-heading\">Varandas e \u00e1reas externas<\/h3>\n\n\n\n<p>Em varandas gourmet e \u00e1reas de lazer, as prateleiras de nicho ajudam a expor plantas, ta\u00e7as ou objetos decorativos, criando um espa\u00e7o charmoso para receber visitas.<\/p>\n\n\n\n<hr class=\"wp-block-separator has-alpha-channel-opacity\"\/>\n\n\n\n<h2 id='materiais-mais-usados-em-prateleiras-de-nicho'  class=\"wp-block-heading\">Materiais mais usados em prateleiras de nicho<\/h2>\n\n\n\n<ul class=\"wp-block-list\">\n<li><strong>MDF e madeira:<\/strong> ideais para ambientes internos e decorativos.<\/li>\n\n\n\n<li><strong>Alvenaria e gesso:<\/strong> usados em projetos planejados e com acabamento sofisticado.<\/li>\n\n\n\n<li><strong>Vidro:<\/strong> moderno, leve e discreto.<\/li>\n\n\n\n<li><strong>Metal:<\/strong> traz um toque industrial e combina bem com estilos contempor\u00e2neos.<\/li>\n\n\n\n<li><strong>Pedra ou porcelanato:<\/strong> resistentes \u00e0 umidade, perfeitos para cozinhas e banheiros.<\/li>\n<\/ul>\n\n\n\n<hr class=\"wp-block-separator has-alpha-channel-opacity\"\/>\n\n\n\n<figure class=\"wp-block-image aligncenter size-medium\"><a href=\"https:\/\/chat.whatsapp.com\/KJBkp5LFJVRIvmt5X3hSEh\" target=\"_blank\" rel=\"noopener\"><img fetchpriority=\"high\" decoding=\"async\" width=\"1024\" height=\"1536\" src=\"https:\/\/i0.wp.com\/1truenote.com\/wp-content\/uploads\/2025\/06\/ChatGPT-Image-3-de-jun.-de-2025-19_04_53.png?fit=200%2C300&amp;ssl=1\" alt=\"chamada banner advetorial whats\" class=\"wp-image-2683\" srcset=\"https:\/\/i0.wp.com\/1truenote.com\/wp-content\/uploads\/2025\/06\/ChatGPT-Image-3-de-jun.-de-2025-19_04_53.png?w=1024&amp;ssl=1 1024w, https:\/\/i0.wp.com\/1truenote.com\/wp-content\/uploads\/2025\/06\/ChatGPT-Image-3-de-jun.-de-2025-19_04_53.png?resize=200%2C300&amp;ssl=1 200w, https:\/\/i0.wp.com\/1truenote.com\/wp-content\/uploads\/2025\/06\/ChatGPT-Image-3-de-jun.-de-2025-19_04_53.png?resize=683%2C1024&amp;ssl=1 683w, https:\/\/i0.wp.com\/1truenote.com\/wp-content\/uploads\/2025\/06\/ChatGPT-Image-3-de-jun.-de-2025-19_04_53.png?resize=768%2C1152&amp;ssl=1 768w, https:\/\/i0.wp.com\/1truenote.com\/wp-content\/uploads\/2025\/06\/ChatGPT-Image-3-de-jun.-de-2025-19_04_53.png?resize=150%2C225&amp;ssl=1 150w\" sizes=\"(max-width: 1024px) 100vw, 1024px\" \/><\/a><\/figure>\n\n\n\n<hr class=\"wp-block-separator has-alpha-channel-opacity\"\/>\n\n\n\n<h2 id='ilumina\u00e7\u00e3o-para-valorizar-os-nichos'  class=\"wp-block-heading\">Ilumina\u00e7\u00e3o para valorizar os nichos<\/h2>\n\n\n\n<p>A ilumina\u00e7\u00e3o \u00e9 essencial para transformar as prateleiras de nicho em protagonistas do ambiente. Spots direcionados, fitas de LED embutidas ou at\u00e9 mesmo ilumina\u00e7\u00e3o indireta podem destacar a textura da parede, o acabamento do nicho e os objetos expostos.<\/p>\n\n\n\n<hr class=\"wp-block-separator has-alpha-channel-opacity\"\/>\n\n\n\n<h2 id='dicas-de-decora\u00e7\u00e3o-com-prateleiras-de-nicho'  class=\"wp-block-heading\">Dicas de decora\u00e7\u00e3o com prateleiras de nicho<\/h2>\n\n\n\n<ul class=\"wp-block-list\">\n<li>Aposte em <strong>objetos de diferentes alturas<\/strong> para criar movimento visual.<\/li>\n\n\n\n<li>Use <strong>plantas naturais ou artificiais<\/strong> para dar frescor ao ambiente.<\/li>\n\n\n\n<li>Escolha <strong>cores contrastantes<\/strong> entre nicho e parede para destacar a estrutura.<\/li>\n\n\n\n<li>Evite exageros: menos \u00e9 mais quando o assunto \u00e9 organiza\u00e7\u00e3o visual.<\/li>\n\n\n\n<li>Combine materiais como <strong>madeira e metal<\/strong> ou <strong>pedra e vidro<\/strong> para criar composi\u00e7\u00f5es elegantes.<\/li>\n<\/ul>\n\n\n\n<hr class=\"wp-block-separator has-alpha-channel-opacity\"\/>\n\n\n\n<a href=\"https:\/\/1truenote.com\/en\/moveis-espelhados-decoracao\/\" style=\"text-decoration: none;\">\n  <div style=\"display: flex; justify-content: space-between; align-items: center; background: #d44a00; padding: 12px 20px; color: white; font-family: Arial, sans-serif;\">\n    <strong style=\"color: black;\">READ ALSO:<\/strong>\n    <span style=\"margin-left: 8px; flex: 1;\">M\u00f3veis espelhados<\/span>\n    <div style=\"background: #f2802f; padding: 8px 12px; border-radius: 2px; margin-left: 10px;\">\n      <span style=\"color: white; font-weight: bold;\">\u27a4<\/span>\n    <\/div>\n  <\/div>\n<\/a>\n\n\n\n<hr class=\"wp-block-separator has-alpha-channel-opacity\"\/>\n\n\n\n<h2 id='exemplos-pr\u00e1ticos'  class=\"wp-block-heading\">Exemplos pr\u00e1ticos<\/h2>\n\n\n\n<ul class=\"wp-block-list\">\n<li><strong>Sala moderna:<\/strong> prateleiras de nicho em tom preto, com vasos dourados e orqu\u00eddeas brancas.<\/li>\n\n\n\n<li><strong>Banheiro clean:<\/strong> nicho de porcelanato branco iluminado com LED para guardar toalhas e sabonetes.<\/li>\n\n\n\n<li><strong>Quarto aconchegante:<\/strong> nichos em MDF amadeirado sobre a cabeceira da cama com livros e lumin\u00e1rias.<\/li>\n\n\n\n<li><strong>Cozinha funcional:<\/strong> prateleiras de nicho pr\u00f3ximas ao fog\u00e3o para temperos e utens\u00edlios.<\/li>\n<\/ul>\n\n\n\n<hr class=\"wp-block-separator has-alpha-channel-opacity\"\/>\n\n\n\n<h2 id='prateleiras-de-nicho'  class=\"wp-block-heading\">Prateleiras de nicho<\/h2>\n\n\n\n<p>As <strong>prateleiras de nicho<\/strong> s\u00e3o mais do que uma solu\u00e7\u00e3o de armazenamento: s\u00e3o uma forma de unir organiza\u00e7\u00e3o, funcionalidade e est\u00e9tica em qualquer ambiente da casa. Seja em um projeto sofisticado ou em uma decora\u00e7\u00e3o minimalista, elas se adaptam a diferentes estilos e necessidades, sempre trazendo praticidade e beleza.<\/p>\n\n\n\n<p>Investir nesse recurso \u00e9 garantir um lar moderno, bem planejado e cheio de personalidade.<\/p>\n\n\n\n<hr class=\"wp-block-separator has-alpha-channel-opacity\"\/>\n\n\n\n<a href=\"https:\/\/1truenote.com\/en\/moveis-espelhados-decoracao\/\" style=\"text-decoration: none;\">\n  <div style=\"display: flex; justify-content: space-between; align-items: center; background: #d44a00; padding: 12px 20px; color: white; font-family: Arial, sans-serif;\">\n    <strong style=\"color: black;\">READ ALSO:<\/strong>\n    <span style=\"margin-left: 8px; flex: 1;\">M\u00f3veis espelhados<\/span>\n    <div style=\"background: #f2802f; padding: 8px 12px; border-radius: 2px; margin-left: 10px;\">\n      <span style=\"color: white; font-weight: bold;\">\u27a4<\/span>\n    <\/div>\n  <\/div>\n<\/a>\n\n\n\n\n<hr class=\"wp-block-separator has-alpha-channel-opacity\"\/>\n\n\n\n<h2 id='faq-prateleiras-de-nicho'  class=\"wp-block-heading\">FAQ \u2013 Prateleiras de nicho<\/h2>\n\n\n<div id=\"rank-math-faq\" class=\"rank-math-block\">\n<div class=\"rank-math-list\">\n<div id=\"faq-question-1757338543315\" class=\"rank-math-list-item\">\n<h3 id='qual-a-diferen\u00e7a-entre-nicho-e-prateleira'  class=\"rank-math-question\">Qual a diferen\u00e7a entre nicho e prateleira?<\/h3>\n<div class=\"rank-math-answer\">\n\n<p>O nicho tem formato de \u201ccaixa\u201d embutida ou apoiada na parede, enquanto a prateleira \u00e9 apenas uma t\u00e1bua apoiada. O nicho traz mais sofistica\u00e7\u00e3o e organiza\u00e7\u00e3o.<\/p>\n\n<\/div>\n<\/div>\n<div id=\"faq-question-1757338544409\" class=\"rank-math-list-item\">\n<h3 id='\u00e9-poss\u00edvel-instalar-prateleiras-de-nicho-em-qualquer-parede'  class=\"rank-math-question\">\u00c9 poss\u00edvel instalar prateleiras de nicho em qualquer parede?<\/h3>\n<div class=\"rank-math-answer\">\n\n<p>Sim, mas \u00e9 importante verificar se a parede \u00e9 estrutural ou possui tubula\u00e7\u00f5es. Em alguns casos, recomenda-se contratar um profissional para instala\u00e7\u00e3o.<\/p>\n\n<\/div>\n<\/div>\n<div id=\"faq-question-1757338545009\" class=\"rank-math-list-item\">\n<h3 id='qual-o-material-mais-indicado-para-banheiros'  class=\"rank-math-question\">Qual o material mais indicado para banheiros?<\/h3>\n<div class=\"rank-math-answer\">\n\n<p>Materiais resistentes \u00e0 umidade, como porcelanato, m\u00e1rmore ou granito, s\u00e3o os mais recomendados.<\/p>\n\n<\/div>\n<\/div>\n<div id=\"faq-question-1757338545601\" class=\"rank-math-list-item\">\n<h3 id='as-prateleiras-de-nicho-suportam-peso'  class=\"rank-math-question\">As prateleiras de nicho suportam peso?<\/h3>\n<div class=\"rank-math-answer\">\n\n<p>Sim, mas a resist\u00eancia depende do material e da forma de instala\u00e7\u00e3o. Nichos de alvenaria suportam mais peso do que os de MDF ou vidro, por exemplo.<\/p>\n\n<\/div>\n<\/div>\n<div id=\"faq-question-1757338580987\" class=\"rank-math-list-item\">\n<h3 id='\u00e9-caro-investir-em-prateleiras-de-nicho'  class=\"rank-math-question\">\u00c9 caro investir em prateleiras de nicho?<\/h3>\n<div class=\"rank-math-answer\">\n\n<p>O custo varia conforme material e projeto. Nichos em MDF e gesso s\u00e3o mais acess\u00edveis, enquanto os de pedra ou sob medida costumam ser mais caro.<\/p>\n\n<\/div>\n<\/div>\n<\/div>\n<\/div>\n\n\n<figure class=\"wp-block-image aligncenter size-large\"><img data-recalc-dims=\"1\" decoding=\"async\" width=\"1024\" height=\"760\" src=\"https:\/\/i0.wp.com\/1truenote.com\/wp-content\/uploads\/2025\/09\/Artigo.png?resize=1024%2C760&#038;ssl=1\" alt=\"prateleiras de nicho\" class=\"wp-image-4120\" srcset=\"https:\/\/i0.wp.com\/1truenote.com\/wp-content\/uploads\/2025\/09\/Artigo.png?resize=1024%2C760&amp;ssl=1 1024w, https:\/\/i0.wp.com\/1truenote.com\/wp-content\/uploads\/2025\/09\/Artigo.png?resize=300%2C223&amp;ssl=1 300w, https:\/\/i0.wp.com\/1truenote.com\/wp-content\/uploads\/2025\/09\/Artigo.png?resize=768%2C570&amp;ssl=1 768w, https:\/\/i0.wp.com\/1truenote.com\/wp-content\/uploads\/2025\/09\/Artigo.png?resize=16%2C12&amp;ssl=1 16w, https:\/\/i0.wp.com\/1truenote.com\/wp-content\/uploads\/2025\/09\/Artigo.png?resize=150%2C111&amp;ssl=1 150w, https:\/\/i0.wp.com\/1truenote.com\/wp-content\/uploads\/2025\/09\/Artigo.png?w=1536&amp;ssl=1 1536w\" sizes=\"(max-width: 1024px) 100vw, 1024px\" \/><\/figure>","protected":false},"excerpt":{"rendered":"<p>As prateleiras de nicho se tornaram uma das solu\u00e7\u00f5es decorativas mais inteligentes e modernas da atualidade. Al\u00e9m de funcionais, elas&#8230;<\/p>","protected":false},"author":1,"featured_media":4120,"comment_status":"open","ping_status":"open","sticky":false,"template":"","format":"standard","meta":{"_kad_post_transparent":"","_kad_post_title":"","_kad_post_layout":"","_kad_post_sidebar_id":"","_kad_post_content_style":"","_kad_post_vertical_padding":"","_kad_post_feature":"","_kad_post_feature_position":"","_kad_post_header":false,"_kad_post_footer":false,"_kad_post_classname":"","footnotes":"","jetpack_publicize_message":"","jetpack_publicize_feature_enabled":false,"jetpack_social_post_already_shared":true,"jetpack_social_options":{"image_generator_settings":{"template":"highway","default_image_id":0,"font":"","enabled":false},"version":2}},"categories":[16,1],"tags":[13,14,12],"class_list":["post-4119","post","type-post","status-publish","format-standard","has-post-thumbnail","hentry","category-casa-e-jardim","category-novidades","tag-minimalista","tag-interiores-inovadores","tag-projetos-inovadores"],"jetpack_publicize_connections":[],"jetpack_featured_media_url":"https:\/\/i0.wp.com\/1truenote.com\/wp-content\/uploads\/2025\/09\/Artigo.png?fit=1536%2C1140&ssl=1","jetpack_sharing_enabled":true,"_links":{"self":[{"href":"https:\/\/1truenote.com\/en\/wp-json\/wp\/v2\/posts\/4119","targetHints":{"allow":["GET"]}}],"collection":[{"href":"https:\/\/1truenote.com\/en\/wp-json\/wp\/v2\/posts"}],"about":[{"href":"https:\/\/1truenote.com\/en\/wp-json\/wp\/v2\/types\/post"}],"author":[{"embeddable":true,"href":"https:\/\/1truenote.com\/en\/wp-json\/wp\/v2\/users\/1"}],"replies":[{"embeddable":true,"href":"https:\/\/1truenote.com\/en\/wp-json\/wp\/v2\/comments?post=4119"}],"version-history":[{"count":1,"href":"https:\/\/1truenote.com\/en\/wp-json\/wp\/v2\/posts\/4119\/revisions"}],"predecessor-version":[{"id":4121,"href":"https:\/\/1truenote.com\/en\/wp-json\/wp\/v2\/posts\/4119\/revisions\/4121"}],"wp:featuredmedia":[{"embeddable":true,"href":"https:\/\/1truenote.com\/en\/wp-json\/wp\/v2\/media\/4120"}],"wp:attachment":[{"href":"https:\/\/1truenote.com\/en\/wp-json\/wp\/v2\/media?parent=4119"}],"wp:term":[{"taxonomy":"category","embeddable":true,"href":"https:\/\/1truenote.com\/en\/wp-json\/wp\/v2\/categories?post=4119"},{"taxonomy":"post_tag","embeddable":true,"href":"https:\/\/1truenote.com\/en\/wp-json\/wp\/v2\/tags?post=4119"}],"curies":[{"name":"wp","href":"https:\/\/api.w.org\/{rel}","templated":true}]}}