{"id":4116,"date":"2025-09-05T18:00:00","date_gmt":"2025-09-05T21:00:00","guid":{"rendered":"https:\/\/1truenote.com\/?p=4116"},"modified":"2025-09-26T12:50:08","modified_gmt":"2025-09-26T15:50:08","slug":"moveis-espelhados-decoracao","status":"publish","type":"post","link":"https:\/\/1truenote.com\/en\/moveis-espelhados-decoracao\/","title":{"rendered":"M\u00f3veis espelhados: Sofistica\u00e7\u00e3o e amplitude em cada detalhe"},"content":{"rendered":"<p>Os m\u00f3veis espelhados v\u00eam ganhando cada vez mais espa\u00e7o na decora\u00e7\u00e3o de interiores, trazendo sofistica\u00e7\u00e3o, luminosidade e um toque de glamour aos ambientes. Muito mais do que simples objetos funcionais, eles atuam como verdadeiros coringas no design, ajudando a ampliar espa\u00e7os, refletir a luz natural e criar composi\u00e7\u00f5es elegantes.<\/p>\n\n\n\n<p>Seja em aparadores, mesas de centro, criados-mudos ou c\u00f4modas, os m\u00f3veis com acabamento em espelho combinam com diferentes estilos decorativos, desde os mais cl\u00e1ssicos at\u00e9 os modernos e minimalistas.<\/p>\n\n\n\n<hr class=\"wp-block-separator has-alpha-channel-opacity\"\/>\n\n\n\n<h2 id='vantagens-dos-m\u00f3veis-espelhados'  class=\"wp-block-heading\">Vantagens dos m\u00f3veis espelhados<\/h2>\n\n\n\n<ol class=\"wp-block-list\">\n<li><strong>Sensa\u00e7\u00e3o de amplitude<\/strong><br>Os reflexos d\u00e3o a impress\u00e3o de que o ambiente \u00e9 maior, sendo perfeitos para apartamentos compactos.<\/li>\n\n\n\n<li><strong>Mais luminosidade<\/strong><br>O espelho reflete a luz natural e artificial, deixando o espa\u00e7o mais claro e aconchegante.<\/li>\n\n\n\n<li><strong>Versatilidade<\/strong><br>Podem ser usados em qualquer ambiente da casa, do quarto \u00e0 sala de jantar, sempre agregando estilo.<\/li>\n\n\n\n<li><strong>Eleg\u00e2ncia atemporal<\/strong><br>Nunca saem de moda, mantendo-se como pe\u00e7as sofisticadas em qualquer composi\u00e7\u00e3o.<\/li>\n<\/ol>\n\n\n\n<hr class=\"wp-block-separator has-alpha-channel-opacity\"\/>\n\n\n\n<h2 id='onde-usar-m\u00f3veis-espelhados'  class=\"wp-block-heading\">Onde usar m\u00f3veis espelhados<\/h2>\n\n\n\n<h3 id='1-sala-de-estar'  class=\"wp-block-heading\">1. Sala de estar<\/h3>\n\n\n\n<p>Mesas de centro, laterais e aparadores espelhados trazem charme e ajudam a refletir a ilumina\u00e7\u00e3o decorativa.<\/p>\n\n\n\n<h3 id='2-quartos'  class=\"wp-block-heading\">2. Quartos<\/h3>\n\n\n\n<p>C\u00f4modas e criados-mudos com acabamento em espelho deixam o ambiente sofisticado, al\u00e9m de combinar muito bem com cabeceiras estofadas ou camas modernas.<\/p>\n\n\n\n<h3 id='3-hall-de-entrada'  class=\"wp-block-heading\">3. Hall de entrada<\/h3>\n\n\n\n<p>Um aparador espelhado \u00e9 a pe\u00e7a-chave para receber convidados com eleg\u00e2ncia e criar impacto logo na chegada.<\/p>\n\n\n\n<h3 id='4-banheiros'  class=\"wp-block-heading\">4. Banheiros<\/h3>\n\n\n\n<p>Gabinetes espelhados ampliam espa\u00e7os pequenos e tornam o ambiente mais funcional e elegante.<\/p>\n\n\n\n<hr class=\"wp-block-separator has-alpha-channel-opacity\"\/>\n\n\n\n<h2 id='cuidados-com-m\u00f3veis-espelhados'  class=\"wp-block-heading\">Cuidados com m\u00f3veis espelhados<\/h2>\n\n\n\n<ul class=\"wp-block-list\">\n<li><strong>Limpeza regular<\/strong>: use flanelas de microfibra e produtos neutros para evitar manchas.<\/li>\n\n\n\n<li><strong>Evite abrasivos<\/strong>: nunca utilize esponjas de a\u00e7o ou produtos fortes que arranhem o espelho.<\/li>\n\n\n\n<li><strong>Prote\u00e7\u00e3o<\/strong>: prefira apoiar objetos com feltro ou base de borracha para n\u00e3o riscar a superf\u00edcie.<\/li>\n\n\n\n<li><strong>Local adequado<\/strong>: n\u00e3o posicione em \u00e1reas de muita umidade sem prote\u00e7\u00e3o, para evitar desgaste precoce.<\/li>\n<\/ul>\n\n\n\n<hr class=\"wp-block-separator has-alpha-channel-opacity\"\/>\n\n\n\n<h2 id='estilos-que-combinam-com-m\u00f3veis-espelhados'  class=\"wp-block-heading\">Estilos que combinam com m\u00f3veis espelhados<\/h2>\n\n\n\n<ul class=\"wp-block-list\">\n<li><strong>Cl\u00e1ssico<\/strong>: combinado com lustres de cristal e tecidos nobres.<\/li>\n\n\n\n<li><strong>Contempor\u00e2neo<\/strong>: em linhas retas e minimalistas.<\/li>\n\n\n\n<li><strong>Glam<\/strong>: junto a pe\u00e7as douradas, prateadas ou veludos.<\/li>\n\n\n\n<li><strong>Escandinavo<\/strong>: como ponto de destaque em meio \u00e0 simplicidade da decora\u00e7\u00e3o.<\/li>\n<\/ul>\n\n\n\n<hr class=\"wp-block-separator has-alpha-channel-opacity\"\/>\n\n\n\n<figure class=\"wp-block-image aligncenter size-medium\"><a href=\"https:\/\/chat.whatsapp.com\/KJBkp5LFJVRIvmt5X3hSEh\" target=\"_blank\" rel=\"noopener\"><img fetchpriority=\"high\" decoding=\"async\" width=\"1024\" height=\"1536\" src=\"https:\/\/i0.wp.com\/1truenote.com\/wp-content\/uploads\/2025\/06\/ChatGPT-Image-3-de-jun.-de-2025-19_04_53.png?fit=200%2C300&amp;ssl=1\" alt=\"chamada banner advetorial whats\" class=\"wp-image-2683\" srcset=\"https:\/\/i0.wp.com\/1truenote.com\/wp-content\/uploads\/2025\/06\/ChatGPT-Image-3-de-jun.-de-2025-19_04_53.png?w=1024&amp;ssl=1 1024w, https:\/\/i0.wp.com\/1truenote.com\/wp-content\/uploads\/2025\/06\/ChatGPT-Image-3-de-jun.-de-2025-19_04_53.png?resize=200%2C300&amp;ssl=1 200w, https:\/\/i0.wp.com\/1truenote.com\/wp-content\/uploads\/2025\/06\/ChatGPT-Image-3-de-jun.-de-2025-19_04_53.png?resize=683%2C1024&amp;ssl=1 683w, https:\/\/i0.wp.com\/1truenote.com\/wp-content\/uploads\/2025\/06\/ChatGPT-Image-3-de-jun.-de-2025-19_04_53.png?resize=768%2C1152&amp;ssl=1 768w, https:\/\/i0.wp.com\/1truenote.com\/wp-content\/uploads\/2025\/06\/ChatGPT-Image-3-de-jun.-de-2025-19_04_53.png?resize=150%2C225&amp;ssl=1 150w\" sizes=\"(max-width: 1024px) 100vw, 1024px\" \/><\/a><\/figure>\n\n\n\n<hr class=\"wp-block-separator has-alpha-channel-opacity\"\/>\n\n\n\n<h2 id='tabela-comparativa-de-ambientes'  class=\"wp-block-heading\">Tabela comparativa de ambientes<\/h2>\n\n\n\n<figure class=\"wp-block-table\"><table class=\"has-fixed-layout\"><thead><tr><th>Ambiente<\/th><th>M\u00f3vel espelhado ideal<\/th><th>Benef\u00edcio principal<\/th><\/tr><\/thead><tbody><tr><td>Sala de estar<\/td><td>Mesa de centro<\/td><td>Sofistica\u00e7\u00e3o e luminosidade<\/td><\/tr><tr><td>Quarto<\/td><td>Criado-mudo<\/td><td>Amplitude e eleg\u00e2ncia<\/td><\/tr><tr><td>Hall de entrada<\/td><td>Aparador<\/td><td>Impacto e boas-vindas<\/td><\/tr><tr><td>Banheiro<\/td><td>Gabinete<\/td><td>Amplitude e praticidade<\/td><\/tr><\/tbody><\/table><\/figure>\n\n\n\n<hr class=\"wp-block-separator has-alpha-channel-opacity\"\/>\n\n\n\n<figure class=\"wp-block-image aligncenter size-large\"><img data-recalc-dims=\"1\" decoding=\"async\" width=\"1024\" height=\"535\" src=\"https:\/\/i0.wp.com\/1truenote.com\/wp-content\/uploads\/2025\/09\/Gemini_Generated_Image_pdhpivpdhpivpdhp.png?resize=1024%2C535&#038;ssl=1\" alt=\"m\u00f3veis espelhados\" class=\"wp-image-4117\" srcset=\"https:\/\/i0.wp.com\/1truenote.com\/wp-content\/uploads\/2025\/09\/Gemini_Generated_Image_pdhpivpdhpivpdhp.png?resize=1024%2C535&amp;ssl=1 1024w, https:\/\/i0.wp.com\/1truenote.com\/wp-content\/uploads\/2025\/09\/Gemini_Generated_Image_pdhpivpdhpivpdhp.png?resize=300%2C157&amp;ssl=1 300w, https:\/\/i0.wp.com\/1truenote.com\/wp-content\/uploads\/2025\/09\/Gemini_Generated_Image_pdhpivpdhpivpdhp.png?resize=768%2C401&amp;ssl=1 768w, https:\/\/i0.wp.com\/1truenote.com\/wp-content\/uploads\/2025\/09\/Gemini_Generated_Image_pdhpivpdhpivpdhp.png?resize=18%2C9&amp;ssl=1 18w, https:\/\/i0.wp.com\/1truenote.com\/wp-content\/uploads\/2025\/09\/Gemini_Generated_Image_pdhpivpdhpivpdhp.png?resize=150%2C78&amp;ssl=1 150w, https:\/\/i0.wp.com\/1truenote.com\/wp-content\/uploads\/2025\/09\/Gemini_Generated_Image_pdhpivpdhpivpdhp.png?w=1408&amp;ssl=1 1408w\" sizes=\"(max-width: 1024px) 100vw, 1024px\" \/><\/figure>\n\n\n\n<hr class=\"wp-block-separator has-alpha-channel-opacity\"\/>\n\n\n\n<h2 id='dicas-extras-para-acertar-na-decora\u00e7\u00e3o'  class=\"wp-block-heading\">Dicas extras para acertar na decora\u00e7\u00e3o<\/h2>\n\n\n\n<ul class=\"wp-block-list\">\n<li>Combine m\u00f3veis espelhados com <strong>plantas naturais<\/strong> para quebrar a frieza do vidro.<\/li>\n\n\n\n<li>Utilize junto a <strong>paredes texturizadas ou em cores s\u00f3brias<\/strong>, criando contraste sofisticado.<\/li>\n\n\n\n<li>Aposte em <strong>ilumina\u00e7\u00e3o indireta<\/strong> (pendentes, abajures, spots) para valorizar os reflexos.<\/li>\n<\/ul>\n\n\n\n<hr class=\"wp-block-separator has-alpha-channel-opacity\"\/>\n\n\n\n<a href=\"https:\/\/1truenote.com\/en\/jardim-de-inverno-com-vidro-e-iluminacao\/\" style=\"text-decoration: none;\">\n  <div style=\"display: flex; justify-content: space-between; align-items: center; background: #d44a00; padding: 12px 20px; color: white; font-family: Arial, sans-serif;\">\n    <strong style=\"color: black;\">READ ALSO:<\/strong>\n    <span style=\"margin-left: 8px; flex: 1;\">Jardim de inverno com vidro e ilumina\u00e7\u00e3o<\/span>\n    <div style=\"background: #f2802f; padding: 8px 12px; border-radius: 2px; margin-left: 10px;\">\n      <span style=\"color: white; font-weight: bold;\">\u27a4<\/span>\n    <\/div>\n  <\/div>\n<\/a>\n\n\n\n<hr class=\"wp-block-separator has-alpha-channel-opacity\"\/>\n\n\n\n<h2 id='m\u00f3veis-espelhados'  class=\"wp-block-heading\">M\u00f3veis espelhados<\/h2>\n\n\n\n<p>Os m\u00f3veis espelhados s\u00e3o muito mais que uma tend\u00eancia: eles s\u00e3o pe\u00e7as vers\u00e1teis, sofisticadas e funcionais que se adaptam a diferentes estilos e necessidades. Seja para ampliar um espa\u00e7o pequeno ou para trazer glamour a um ambiente maior, eles t\u00eam o poder de transformar a decora\u00e7\u00e3o com eleg\u00e2ncia atemporal.<\/p>\n\n\n\n<p>Investir em m\u00f3veis espelhados \u00e9 apostar em uma decora\u00e7\u00e3o que une beleza e praticidade, trazendo a sensa\u00e7\u00e3o de requinte que todo lar merece.<\/p>\n\n\n\n<hr class=\"wp-block-separator has-alpha-channel-opacity\"\/>\n\n\n\n<a href=\"https:\/\/1truenote.com\/en\/jardim-de-inverno-com-vidro-e-iluminacao\/\" style=\"text-decoration: none;\">\n  <div style=\"display: flex; justify-content: space-between; align-items: center; background: #d44a00; padding: 12px 20px; color: white; font-family: Arial, sans-serif;\">\n    <strong style=\"color: black;\">READ ALSO:<\/strong>\n    <span style=\"margin-left: 8px; flex: 1;\">Jardim de inverno com vidro e ilumina\u00e7\u00e3o<\/span>\n    <div style=\"background: #f2802f; padding: 8px 12px; border-radius: 2px; margin-left: 10px;\">\n      <span style=\"color: white; font-weight: bold;\">\u27a4<\/span>\n    <\/div>\n  <\/div>\n<\/a>\n\n\n\n\n<hr class=\"wp-block-separator has-alpha-channel-opacity\"\/>\n\n\n\n<h2 id='faq-perguntas-frequentes-sobre-m\u00f3veis-espelhados'  class=\"wp-block-heading\">FAQ \u2013 Perguntas frequentes sobre m\u00f3veis espelhados<\/h2>\n\n\n<div id=\"rank-math-faq\" class=\"rank-math-block\">\n<div class=\"rank-math-list\">\n<div id=\"faq-question-1757082550538\" class=\"rank-math-list-item\">\n<h3 id='m\u00f3veis-espelhados-arranham-facilmente'  class=\"rank-math-question\">M\u00f3veis espelhados arranham facilmente?<\/h3>\n<div class=\"rank-math-answer\">\n\n<p>Sim, como qualquer superf\u00edcie de vidro, eles podem arranhar se n\u00e3o houver cuidado. O ideal \u00e9 usar bases de prote\u00e7\u00e3o nos objetos decorativos e sempre limpar com panos macios.<\/p>\n\n<\/div>\n<\/div>\n<div id=\"faq-question-1757082551880\" class=\"rank-math-list-item\">\n<h3 id='posso-usar-m\u00f3veis-espelhados-em-ambientes-pequenos'  class=\"rank-math-question\">Posso usar m\u00f3veis espelhados em ambientes pequenos?<\/h3>\n<div class=\"rank-math-answer\">\n\n<p>Com certeza! Na verdade, eles s\u00e3o perfeitos para espa\u00e7os reduzidos, pois refletem a luz e criam a sensa\u00e7\u00e3o de amplitude.<\/p>\n\n<\/div>\n<\/div>\n<div id=\"faq-question-1757082552336\" class=\"rank-math-list-item\">\n<h3 id='os-m\u00f3veis-espelhados-combinam-com-qualquer-estilo-de-decora\u00e7\u00e3o'  class=\"rank-math-question\">Os m\u00f3veis espelhados combinam com qualquer estilo de decora\u00e7\u00e3o?<\/h3>\n<div class=\"rank-math-answer\">\n\n<p>Sim. Eles podem ser adaptados a diferentes estilos \u2014 do cl\u00e1ssico ao moderno. O segredo \u00e9 escolher pe\u00e7as com design que harmonize com o restante do ambiente.<\/p>\n\n<\/div>\n<\/div>\n<div id=\"faq-question-1757082552944\" class=\"rank-math-list-item\">\n<h3 id='como-limpar-m\u00f3veis-espelhados-sem-deixar-manchas'  class=\"rank-math-question\">Como limpar m\u00f3veis espelhados sem deixar manchas?<\/h3>\n<div class=\"rank-math-answer\">\n\n<p>Use um pano de microfibra levemente umedecido com \u00e1gua e um pouco de detergente neutro. Evite produtos abrasivos e finalize com um pano seco para dar brilho.<\/p>\n\n<\/div>\n<\/div>\n<div id=\"faq-question-1757082584824\" class=\"rank-math-list-item\">\n<h3 id='vale-a-pena-investir-em-m\u00f3veis-espelhados-no-banheiro'  class=\"rank-math-question\">Vale a pena investir em m\u00f3veis espelhados no banheiro?<\/h3>\n<div class=\"rank-math-answer\">\n\n<p>Sim, mas com cuidado. \u00c9 importante que tenham bom acabamento e estejam protegidos da umidade excessiva, para garantir maior durabilidade.<\/p>\n\n<\/div>\n<\/div>\n<div id=\"faq-question-1757082638840\" class=\"rank-math-list-item\">\n<h3 id='eles-deixam-o-ambiente-frio-demais'  class=\"rank-math-question\">Eles deixam o ambiente frio demais?<\/h3>\n<div class=\"rank-math-answer\">\n\n<p>N\u00e3o necessariamente. Basta combin\u00e1-los com tecidos, tapetes e elementos naturais, como madeira e plantas, para trazer equil\u00edbrio e aconchego.<\/p>\n\n<\/div>\n<\/div>\n<\/div>\n<\/div>\n\n\n<figure class=\"wp-block-image aligncenter size-large\"><img data-recalc-dims=\"1\" decoding=\"async\" width=\"1024\" height=\"535\" src=\"https:\/\/i0.wp.com\/1truenote.com\/wp-content\/uploads\/2025\/09\/Gemini_Generated_Image_pdhpivpdhpivpdhp.png?resize=1024%2C535&#038;ssl=1\" alt=\"m\u00f3veis espelhados\" class=\"wp-image-4117\" srcset=\"https:\/\/i0.wp.com\/1truenote.com\/wp-content\/uploads\/2025\/09\/Gemini_Generated_Image_pdhpivpdhpivpdhp.png?resize=1024%2C535&amp;ssl=1 1024w, https:\/\/i0.wp.com\/1truenote.com\/wp-content\/uploads\/2025\/09\/Gemini_Generated_Image_pdhpivpdhpivpdhp.png?resize=300%2C157&amp;ssl=1 300w, https:\/\/i0.wp.com\/1truenote.com\/wp-content\/uploads\/2025\/09\/Gemini_Generated_Image_pdhpivpdhpivpdhp.png?resize=768%2C401&amp;ssl=1 768w, https:\/\/i0.wp.com\/1truenote.com\/wp-content\/uploads\/2025\/09\/Gemini_Generated_Image_pdhpivpdhpivpdhp.png?resize=18%2C9&amp;ssl=1 18w, https:\/\/i0.wp.com\/1truenote.com\/wp-content\/uploads\/2025\/09\/Gemini_Generated_Image_pdhpivpdhpivpdhp.png?resize=150%2C78&amp;ssl=1 150w, https:\/\/i0.wp.com\/1truenote.com\/wp-content\/uploads\/2025\/09\/Gemini_Generated_Image_pdhpivpdhpivpdhp.png?w=1408&amp;ssl=1 1408w\" sizes=\"(max-width: 1024px) 100vw, 1024px\" \/><\/figure>","protected":false},"excerpt":{"rendered":"<p>Os m\u00f3veis espelhados v\u00eam ganhando cada vez mais espa\u00e7o na decora\u00e7\u00e3o de interiores, trazendo sofistica\u00e7\u00e3o, luminosidade e um toque de&#8230;<\/p>","protected":false},"author":1,"featured_media":4117,"comment_status":"open","ping_status":"open","sticky":false,"template":"","format":"standard","meta":{"_kad_post_transparent":"","_kad_post_title":"","_kad_post_layout":"","_kad_post_sidebar_id":"","_kad_post_content_style":"","_kad_post_vertical_padding":"","_kad_post_feature":"","_kad_post_feature_position":"","_kad_post_header":false,"_kad_post_footer":false,"_kad_post_classname":"","footnotes":"","jetpack_publicize_message":"","jetpack_publicize_feature_enabled":false,"jetpack_social_post_already_shared":true,"jetpack_social_options":{"image_generator_settings":{"template":"highway","default_image_id":0,"font":"","enabled":false},"version":2}},"categories":[16,1],"tags":[15,13,14,12],"class_list":["post-4116","post","type-post","status-publish","format-standard","has-post-thumbnail","hentry","category-casa-e-jardim","category-novidades","tag-conservacao-e-manutencao","tag-minimalista","tag-interiores-inovadores","tag-projetos-inovadores"],"jetpack_publicize_connections":[],"jetpack_featured_media_url":"https:\/\/i0.wp.com\/1truenote.com\/wp-content\/uploads\/2025\/09\/Gemini_Generated_Image_pdhpivpdhpivpdhp.png?fit=1408%2C736&ssl=1","jetpack_sharing_enabled":true,"_links":{"self":[{"href":"https:\/\/1truenote.com\/en\/wp-json\/wp\/v2\/posts\/4116","targetHints":{"allow":["GET"]}}],"collection":[{"href":"https:\/\/1truenote.com\/en\/wp-json\/wp\/v2\/posts"}],"about":[{"href":"https:\/\/1truenote.com\/en\/wp-json\/wp\/v2\/types\/post"}],"author":[{"embeddable":true,"href":"https:\/\/1truenote.com\/en\/wp-json\/wp\/v2\/users\/1"}],"replies":[{"embeddable":true,"href":"https:\/\/1truenote.com\/en\/wp-json\/wp\/v2\/comments?post=4116"}],"version-history":[{"count":1,"href":"https:\/\/1truenote.com\/en\/wp-json\/wp\/v2\/posts\/4116\/revisions"}],"predecessor-version":[{"id":4118,"href":"https:\/\/1truenote.com\/en\/wp-json\/wp\/v2\/posts\/4116\/revisions\/4118"}],"wp:featuredmedia":[{"embeddable":true,"href":"https:\/\/1truenote.com\/en\/wp-json\/wp\/v2\/media\/4117"}],"wp:attachment":[{"href":"https:\/\/1truenote.com\/en\/wp-json\/wp\/v2\/media?parent=4116"}],"wp:term":[{"taxonomy":"category","embeddable":true,"href":"https:\/\/1truenote.com\/en\/wp-json\/wp\/v2\/categories?post=4116"},{"taxonomy":"post_tag","embeddable":true,"href":"https:\/\/1truenote.com\/en\/wp-json\/wp\/v2\/tags?post=4116"}],"curies":[{"name":"wp","href":"https:\/\/api.w.org\/{rel}","templated":true}]}}